{"id":456639,"date":"2026-09-04T09:25:24","date_gmt":"2026-09-04T12:25:24","guid":{"rendered":"https:\/\/www.ovigilanteonline.com.br\/site\/?p=456639"},"modified":"2026-09-04T15:55:47","modified_gmt":"2026-09-04T18:55:47","slug":"cefet-mg-avanca-para-se-tornar-universidade-federal-apos-aprovacao-do-senado-leopoldina-sera-contemplada","status":"publish","type":"post","link":"https:\/\/www.ovigilanteonline.com.br\/site\/2026\/09\/04\/cefet-mg-avanca-para-se-tornar-universidade-federal-apos-aprovacao-do-senado-leopoldina-sera-contemplada\/","title":{"rendered":"CEFET-MG avan\u00e7a para se tornar universidade federal ap\u00f3s aprova\u00e7\u00e3o do Senado; Leopoldina ser\u00e1 contemplada"},"content":{"rendered":"<div id=\"ovigi-2099205280\" class=\"ovigi-inicio-post-interno ovigi-entity-placement\" style=\"margin-left: auto;margin-right: auto;text-align: center;\"><a href=\"https:\/\/onelink.to\/tfjfd3?utm_source=ig&#038;utm_medium=social&#038;utm_content=link_in_bio&#038;fbclid=PAcGRvZgJleHRuA2FlbQIxMQBzcnRjBmFwcF9pZA85MzY2MTk3NDMzOTI0NTkAAacgW20vIuhakYBCxZduUBbwssdSFoAQ7exuq7BFVvR-PR9sdpzVWlAvY7yZog_aem__Bn7V7eJEMspatV_tVfmIA\" target=\"_blank\" aria-label=\"ARTE GIF\"><img decoding=\"async\" src=\"https:\/\/www.ovigilanteonline.com.br\/site\/wp-content\/uploads\/2026\/05\/ARTE-GIF.gif\" alt=\"\"    \/><\/a><\/div>\n<h3 class=\"wp-block-heading\"><strong><em>Transforma\u00e7\u00e3o em Universidade Federal de Ci\u00eancia e Inova\u00e7\u00e3o depende agora da san\u00e7\u00e3o presidencial<\/em><\/strong><\/h3>\n\n\n\n<p class=\"wp-block-paragraph\">O Senado Federal aprovou, nesta quinta-feira (3), o projeto que transforma o CEFET-MG em Universidade Federal de Ci\u00eancia e Inova\u00e7\u00e3o de Minas Gerais (UFCI\/MG). A mudan\u00e7a alcan\u00e7a diretamente Leopoldina, um dos munic\u00edpios onde a institui\u00e7\u00e3o mant\u00e9m campus. O texto tamb\u00e9m transforma o CEFET\/RJ na Universidade Federal de Ci\u00eancia e Inova\u00e7\u00e3o do Rio de Janeiro.<\/p>\n\n\n\n<p class=\"wp-block-paragraph\">O Projeto de Lei 4.952\/2026 segue agora para san\u00e7\u00e3o presidencial, \u00faltima etapa para que a transforma\u00e7\u00e3o seja oficializada.<\/p><div id=\"ovigi-1806103470\" class=\"ovigi-conteudo_2-3 ovigi-entity-placement\"><script async src=\"\/\/pagead2.googlesyndication.com\/pagead\/js\/adsbygoogle.js?client=ca-pub-4068173061741521\" crossorigin=\"anonymous\"><\/script><ins class=\"adsbygoogle\" style=\"display:block; text-align:center;\" data-ad-client=\"ca-pub-4068173061741521\" \ndata-ad-slot=\"6460393376\" \ndata-ad-layout=\"in-article\"\ndata-ad-format=\"fluid\"><\/ins>\n<script> \n(adsbygoogle = window.adsbygoogle || []).push({}); \n<\/script>\n<\/div><div id=\"ovigi-1214027511\" class=\"ovigi-conteudo_2-2 ovigi-entity-placement\"><script async src=\"\/\/pagead2.googlesyndication.com\/pagead\/js\/adsbygoogle.js?client=ca-pub-4068173061741521\" crossorigin=\"anonymous\"><\/script><ins class=\"adsbygoogle\" style=\"display:block; text-align:center;\" data-ad-client=\"ca-pub-4068173061741521\" \ndata-ad-slot=\"6460393376\" \ndata-ad-layout=\"in-article\"\ndata-ad-format=\"fluid\"><\/ins>\n<script> \n(adsbygoogle = window.adsbygoogle || []).push({}); \n<\/script>\n<\/div><div id=\"ovigi-145675546\" class=\"ovigi-conteudo_2 ovigi-entity-placement\"><script async src=\"\/\/pagead2.googlesyndication.com\/pagead\/js\/adsbygoogle.js?client=ca-pub-4068173061741521\" crossorigin=\"anonymous\"><\/script><ins class=\"adsbygoogle\" style=\"display:block; text-align:center;\" data-ad-client=\"ca-pub-4068173061741521\" \ndata-ad-slot=\"6460393376\" \ndata-ad-layout=\"in-article\"\ndata-ad-format=\"fluid\"><\/ins>\n<script> \n(adsbygoogle = window.adsbygoogle || []).push({}); \n<\/script>\n<\/div><div id=\"ovigi-700057924\" class=\"ovigi-conteudo_2-4 ovigi-entity-placement\"><script async src=\"\/\/pagead2.googlesyndication.com\/pagead\/js\/adsbygoogle.js?client=ca-pub-4068173061741521\" crossorigin=\"anonymous\"><\/script><ins class=\"adsbygoogle\" style=\"display:block; text-align:center;\" data-ad-client=\"ca-pub-4068173061741521\" \ndata-ad-slot=\"6460393376\" \ndata-ad-layout=\"in-article\"\ndata-ad-format=\"fluid\"><\/ins>\n<script> \n(adsbygoogle = window.adsbygoogle || []).push({}); \n<\/script>\n<\/div>\n\n\n\n<p class=\"wp-block-paragraph\">A aprova\u00e7\u00e3o ocorre menos de um m\u00eas depois que o presidente Luiz In\u00e1cio Lula da Silva apresentou um novo projeto para transformar os CEFETs de Minas Gerais e do Rio de Janeiro em universidades. Na ocasi\u00e3o, a nova proposta foi encaminhada pelo Executivo ap\u00f3s o presidente vetar integralmente um projeto semelhante de iniciativa parlamentar, sob o argumento de que a cria\u00e7\u00e3o e reorganiza\u00e7\u00e3o de institui\u00e7\u00f5es federais dessa natureza \u00e9 prerrogativa do Poder Executivo.<\/p>\n\n\n\n<p class=\"wp-block-paragraph\"><a href=\"https:\/\/www.ovigilanteonline.com.br\/site\/2026\/08\/07\/lula-cria-novo-projeto-de-lei-para-transformar-cefet-em-universidade\/\" target=\"_blank\" rel=\"noreferrer noopener\">Relembre: Lula cria novo projeto de lei para transformar CEFET em universidade<\/a><\/p>\n\n\n\n<h3 class=\"wp-block-heading\">O que muda<\/h3>\n\n\n\n<p class=\"wp-block-paragraph\">Com a aprova\u00e7\u00e3o, o CEFET-MG passar\u00e1 a ter estrutura universit\u00e1ria, com administra\u00e7\u00e3o superior exercida por reitor e Conselho Universit\u00e1rio. Apesar da transforma\u00e7\u00e3o, o projeto mant\u00e9m entre os objetivos da institui\u00e7\u00e3o a oferta da educa\u00e7\u00e3o profissional t\u00e9cnica de n\u00edvel m\u00e9dio, al\u00e9m dos cursos de gradua\u00e7\u00e3o e p\u00f3s-gradua\u00e7\u00e3o, pesquisa, extens\u00e3o e inova\u00e7\u00e3o.<\/p>\n\n\n<div id=\"ovigi-2809608950\"><p><!-- wp:paragraph {\"align\":\"center\",\"fontSize\":\"small\"} --><\/p>\n<p class=\"has-text-align-center has-small-font-size\" style=\"text-align: center;\">PUBLICIDADE<\/p>\n<hr \/>\n<p><!-- \/wp:paragraph --><\/p>\n<div class=\"wp-block-columns\">\n<div class=\"wp-block-column\">\n<figure class=\"wp-block-image size-full is-resized\"><a href=\"https:\/\/www.instagram.com\/unimedleopoldina241\/\" target=\"_blank\" rel=\" noreferrer noopener\"><img loading=\"lazy\" decoding=\"async\" class=\"wp-image-455236\" src=\"https:\/\/www.ovigilanteonline.com.br\/site\/wp-content\/uploads\/2026\/08\/unimed-materias.jpg\" alt=\"\" width=\"371\" height=\"371\" \/> \u00a0 \u00a0<\/a><a href=\"https:\/\/anglocataguases.com.br\/bolsas2027\/\" target=\"_blank\"><img loading=\"lazy\" decoding=\"async\" class=\"alignnone wp-image-456614\" src=\"https:\/\/www.ovigilanteonline.com.br\/site\/wp-content\/uploads\/2023\/05\/suda.jpeg\" alt=\"\" width=\"370\" height=\"370\" srcset=\"https:\/\/www.ovigilanteonline.com.br\/site\/wp-content\/uploads\/2023\/05\/suda.jpeg 320w, https:\/\/www.ovigilanteonline.com.br\/site\/wp-content\/uploads\/2023\/05\/suda-300x300.jpeg 300w, https:\/\/www.ovigilanteonline.com.br\/site\/wp-content\/uploads\/2023\/05\/suda-150x150.jpeg 150w\" sizes=\"auto, (max-width: 370px) 100vw, 370px\" \/><\/a><\/p>\n<hr \/>\n<\/figure>\n<\/div>\n<\/div>\n<p><!-- \/wp:separator --><\/p>\n<\/div>\n\n\n<p class=\"wp-block-paragraph\">Cursos, estudantes, servidores, cargos, fun\u00e7\u00f5es e patrim\u00f4nio dos atuais CEFETs ser\u00e3o incorporados automaticamente \u00e0s novas universidades. Dessa forma, os alunos regularmente matriculados passar\u00e3o a integrar a nova institui\u00e7\u00e3o sem qualquer exig\u00eancia adicional.<\/p>\n\n\n\n<p class=\"wp-block-paragraph\">A transforma\u00e7\u00e3o tem import\u00e2ncia especial para Leopoldina. O CEFET-MG est\u00e1 presente em nove munic\u00edpios mineiros, entre eles Leopoldina. Em 2025, a institui\u00e7\u00e3o contabilizava 14.775 estudantes com matr\u00edculas ativas.<\/p>\n\n\n\n<p class=\"wp-block-paragraph\">A aprova\u00e7\u00e3o acontece ainda \u00e0s v\u00e9speras dos 116 anos de hist\u00f3ria do CEFET-MG, comemorados no pr\u00f3ximo dia 8 de setembro. Segundo a diretora-geral da institui\u00e7\u00e3o, Carla Simone Chamon, o avan\u00e7o representa a consolida\u00e7\u00e3o de um futuro ainda mais promissor para a comunidade acad\u00eamica.<\/p>\n\n\n\n<p class=\"wp-block-paragraph\">Agora, o projeto aguarda a san\u00e7\u00e3o do presidente da Rep\u00fablica.<\/p>\n\n\n\n<hr class=\"wp-block-separator has-alpha-channel-opacity is-style-wide\"\/>\n\n\n\n<figure class=\"wp-block-image size-full\"><a href=\"https:\/\/www.ovigilanteonline.com.br\/site\/2026\/09\/03\/leopoldina-tem-vagas-para-quatro-cursos-tecnicos-gratuitos-do-cefet-mg\/\" target=\"_blank\" rel=\" noopener\"><img loading=\"lazy\" decoding=\"async\" width=\"900\" height=\"370\" src=\"https:\/\/www.ovigilanteonline.com.br\/site\/wp-content\/uploads\/2023\/02\/cefet-final.jpg\" alt=\"\" class=\"wp-image-456453\" srcset=\"https:\/\/www.ovigilanteonline.com.br\/site\/wp-content\/uploads\/2023\/02\/cefet-final.jpg 900w, https:\/\/www.ovigilanteonline.com.br\/site\/wp-content\/uploads\/2023\/02\/cefet-final-300x123.jpg 300w, https:\/\/www.ovigilanteonline.com.br\/site\/wp-content\/uploads\/2023\/02\/cefet-final-768x316.jpg 768w\" sizes=\"auto, (max-width: 900px) 100vw, 900px\" \/><\/a><\/figure>\n\n\n\n<hr class=\"wp-block-separator has-alpha-channel-opacity is-style-wide\"\/>\n\n\n<div  class=\"wp-block-ultimate-post-heading ultp-block-fb8072\"><div class=\"ultp-block-wrapper\"><div class=\"ultp-heading-wrap ultp-heading-style18 ultp-heading-left\"><h2 class=\"ultp-heading-inner\"><span>RECENTES MAIS LIDAS<\/span><\/h2><\/div><\/div><\/div>\n\n<div  class=\"ultp-post-grid-block wp-block-ultimate-post-post-list-3 ultp-block-e52dd2 \"><div class=\"ultp-block-wrapper\" ><div class=\"ultp-loading\"><div class=\"ultp-loading-blocks\" style=\"width:100%;height:100%;\"><div style=\"left: 0;top: 0;animation-delay:0s;\"><\/div><div style=\"left: 21px;top: 0;animation-delay:0.125s;\"><\/div><div style=\"left: 42px;top: 0;animation-delay:0.25s;\"><\/div><div style=\"left: 0;top: 21px;animation-delay:0.875s;\"><\/div><div style=\"left: 42px;top: 21px;animation-delay:0.375s;\"><\/div><div style=\"left: 0;top: 42px;animation-delay:0.75s;\"><\/div><div style=\"left: 42px;top: 42px;animation-delay:0.625s;\"><\/div><div style=\"left: 21px;top: 42px;animation-delay:0.5s;\"><\/div><\/div><\/div><div class=\"ultp-block-items-wrap ultp-block-row ultp-block-column-1 ultp-block-content-middle ultp-layout1\"><div class=\"ultp-block-item ultp-block-media post-id-456462\"><div class=\"ultp-block-content-wrap\"><div class=\"ultp-block-image ultp-block-image-opacity\"><a href=\"https:\/\/www.ovigilanteonline.com.br\/site\/2026\/09\/01\/mercado-livre-vai-abrir-centro-de-distribuicao-e-gerar-mais-de-800-empregos-em-juiz-de-fora\/\" ><img decoding=\"async\"  alt=\"Mercado Livre vai abrir centro de distribui\u00e7\u00e3o e gerar mais de 800 empregos em Juiz de Fora\"  src=\"https:\/\/www.ovigilanteonline.com.br\/site\/wp-content\/uploads\/2026\/09\/mercado-600x600.jpg\" \/><\/a><\/div><div class=\"ultp-block-content\"><div class=\"ultp-category-grid ultp-category-classic ultp-category-aboveTitle\"><div class=\"ultp-category-in\"><a class=\"ultp-cat-geral\" href=\"https:\/\/www.ovigilanteonline.com.br\/site\/category\/geral\/\"  >Geral<\/a><a class=\"ultp-cat-giro-vigilante\" href=\"https:\/\/www.ovigilanteonline.com.br\/site\/category\/giro-vigilante\/\"  >Giro Vigilante<\/a><a class=\"ultp-cat-mais-lidas\" href=\"https:\/\/www.ovigilanteonline.com.br\/site\/category\/mais-lidas\/\"  >Mais Lidas<\/a><a class=\"ultp-cat-regiao\" href=\"https:\/\/www.ovigilanteonline.com.br\/site\/category\/regiao\/\"  >Regi\u00e3o<\/a><a class=\"ultp-cat-ultimas-noticias\" href=\"https:\/\/www.ovigilanteonline.com.br\/site\/category\/ultimas-noticias\/\"  >\u00daltimas Not\u00edcias<\/a><\/div><\/div><h3 class=\"ultp-block-title \"><a href=\"https:\/\/www.ovigilanteonline.com.br\/site\/2026\/09\/01\/mercado-livre-vai-abrir-centro-de-distribuicao-e-gerar-mais-de-800-empregos-em-juiz-de-fora\/\" >Mercado Livre vai abrir centro de distribui\u00e7\u00e3o e gerar mais de 800 empregos em Juiz de Fora<\/a><\/h3><div class=\"ultp-block-meta ultp-block-meta-dot ultp-block-meta-icon\"><span class=\"ultp-block-author ultp-block-meta-element\"><svg xmlns=\"http:\/\/www.w3.org\/2000\/svg\" fill=\"none\" viewBox=\"0 0 24 24\">\n  <circle cx=\"12\" cy=\"7\" r=\"4\" stroke=\"currentColor\" stroke-linejoin=\"round\" stroke-width=\"1.5\"\/>\n  <path stroke=\"currentColor\" stroke-linecap=\"round\" stroke-linejoin=\"round\" stroke-width=\"1.5\" d=\"M4 21v-3a4 4 0 0 1 4-4h8a4 4 0 0 1 4 4v3\"\/>\n<\/svg>\n<a class=\"\" href=\"https:\/\/www.ovigilanteonline.com.br\/site\/author\/julio\/\">Jornalismo<\/a><\/span><span class=\"ultp-block-date ultp-block-meta-element\"><svg xmlns=\"http:\/\/www.w3.org\/2000\/svg\" fill=\"none\" viewBox=\"0 0 24 24\">\n  <path stroke=\"currentColor\" stroke-linecap=\"round\" stroke-linejoin=\"round\" stroke-width=\"1.5\" d=\"M3 5.5a2 2 0 0 1 2-2h14a2 2 0 0 1 2 2v14a2 2 0 0 1-2 2H5a2 2 0 0 1-2-2v-14ZM8 2v3m8-3v3M3 9h18\"\/>\n<\/svg>\nset 1, 2026<\/span><span class=\"ultp-post-read ultp-block-meta-element\"><svg xmlns=\"http:\/\/www.w3.org\/2000\/svg\" fill=\"none\" viewBox=\"0 0 24 24\">\n  <path stroke=\"currentColor\" stroke-linecap=\"round\" stroke-linejoin=\"round\" stroke-width=\"1.5\" d=\"M4 5v14a3 3 0 0 0 3 3h13V8H7a3 3 0 0 1-3-3Zm0 0a3 3 0 0 1 3-3h13M7 5h10\"\/>\n  <path stroke=\"currentColor\" stroke-linecap=\"round\" stroke-linejoin=\"round\" stroke-width=\"1.5\" d=\"M9.5 18.5v-3.092a3 3 0 0 1 .504-1.664l1.219-1.828a.934.934 0 0 1 1.554 0l1.22 1.828a3 3 0 0 1 .503 1.664V18.5m-5-2.5h5\"\/>\n<\/svg>\n3 min read<\/span><\/div><div class=\"ultp-block-excerpt\"><p>Vagas s\u00e3o para auxiliar de log\u00edstica, inclusive para pessoas sem experi\u00eancia; mutir\u00e3o acontece de 16 a 18 de setembro Juiz de Fora ter\u00e1 um novo centro de distribui\u00e7\u00e3o do Mercado Livre. A previs\u00e3o \u00e9 que a estrutura gere mais de&hellip;<\/p>\n<\/div><\/div><\/div><\/div><div class=\"ultp-block-item ultp-block-media post-id-456411\"><div class=\"ultp-block-content-wrap\"><div class=\"ultp-block-image ultp-block-image-opacity\"><a href=\"https:\/\/www.ovigilanteonline.com.br\/site\/2026\/08\/30\/homem-fica-ferido-durante-salto-de-voo-livre-no-morro-do-cruzeiro-em-leopoldina\/\" ><img decoding=\"async\"  alt=\"Homem fica ferido durante salto de voo livre no Morro do Cruzeiro em Leopoldina\"  src=\"https:\/\/www.ovigilanteonline.com.br\/site\/wp-content\/uploads\/2026\/08\/capa-paraglider-600x600.jpeg\" \/><\/a><\/div><div class=\"ultp-block-content\"><div class=\"ultp-category-grid ultp-category-classic ultp-category-aboveTitle\"><div class=\"ultp-category-in\"><a class=\"ultp-cat-cidade\" href=\"https:\/\/www.ovigilanteonline.com.br\/site\/category\/cidade\/\"  >Cidade<\/a><a class=\"ultp-cat-geral\" href=\"https:\/\/www.ovigilanteonline.com.br\/site\/category\/geral\/\"  >Geral<\/a><a class=\"ultp-cat-leopoldina\" href=\"https:\/\/www.ovigilanteonline.com.br\/site\/category\/leopoldina\/\"  >Leopoldina<\/a><a class=\"ultp-cat-mais-lidas\" href=\"https:\/\/www.ovigilanteonline.com.br\/site\/category\/mais-lidas\/\"  >Mais Lidas<\/a><a class=\"ultp-cat-ultimas-noticias\" href=\"https:\/\/www.ovigilanteonline.com.br\/site\/category\/ultimas-noticias\/\"  >\u00daltimas Not\u00edcias<\/a><\/div><\/div><h3 class=\"ultp-block-title \"><a href=\"https:\/\/www.ovigilanteonline.com.br\/site\/2026\/08\/30\/homem-fica-ferido-durante-salto-de-voo-livre-no-morro-do-cruzeiro-em-leopoldina\/\" >Homem fica ferido durante salto de voo livre no Morro do Cruzeiro em Leopoldina<\/a><\/h3><div class=\"ultp-block-meta ultp-block-meta-dot ultp-block-meta-icon\"><span class=\"ultp-block-author ultp-block-meta-element\"><svg xmlns=\"http:\/\/www.w3.org\/2000\/svg\" fill=\"none\" viewBox=\"0 0 24 24\">\n  <circle cx=\"12\" cy=\"7\" r=\"4\" stroke=\"currentColor\" stroke-linejoin=\"round\" stroke-width=\"1.5\"\/>\n  <path stroke=\"currentColor\" stroke-linecap=\"round\" stroke-linejoin=\"round\" stroke-width=\"1.5\" d=\"M4 21v-3a4 4 0 0 1 4-4h8a4 4 0 0 1 4 4v3\"\/>\n<\/svg>\n<a class=\"\" href=\"https:\/\/www.ovigilanteonline.com.br\/site\/author\/julio\/\">Jornalismo<\/a><\/span><span class=\"ultp-block-date ultp-block-meta-element\"><svg xmlns=\"http:\/\/www.w3.org\/2000\/svg\" fill=\"none\" viewBox=\"0 0 24 24\">\n  <path stroke=\"currentColor\" stroke-linecap=\"round\" stroke-linejoin=\"round\" stroke-width=\"1.5\" d=\"M3 5.5a2 2 0 0 1 2-2h14a2 2 0 0 1 2 2v14a2 2 0 0 1-2 2H5a2 2 0 0 1-2-2v-14ZM8 2v3m8-3v3M3 9h18\"\/>\n<\/svg>\nago 30, 2026<\/span><span class=\"ultp-post-read ultp-block-meta-element\"><svg xmlns=\"http:\/\/www.w3.org\/2000\/svg\" fill=\"none\" viewBox=\"0 0 24 24\">\n  <path stroke=\"currentColor\" stroke-linecap=\"round\" stroke-linejoin=\"round\" stroke-width=\"1.5\" d=\"M4 5v14a3 3 0 0 0 3 3h13V8H7a3 3 0 0 1-3-3Zm0 0a3 3 0 0 1 3-3h13M7 5h10\"\/>\n  <path stroke=\"currentColor\" stroke-linecap=\"round\" stroke-linejoin=\"round\" stroke-width=\"1.5\" d=\"M9.5 18.5v-3.092a3 3 0 0 1 .504-1.664l1.219-1.828a.934.934 0 0 1 1.554 0l1.22 1.828a3 3 0 0 1 .503 1.664V18.5m-5-2.5h5\"\/>\n<\/svg>\n2 min read<\/span><\/div><div class=\"ultp-block-excerpt\"><p>V\u00edtima, natural de Petr\u00f3polis, foi resgatada pelo Corpo de Bombeiros na parte inferior do morro e encaminhada pelo Samu \u00e0 Casa de Caridade Leopoldinense Um homem de 59 anos ficou ferido ap\u00f3s perder o controle do equipamento que utilizava durante&hellip;<\/p>\n<\/div><\/div><\/div><\/div><\/div><\/div><div class=\"pagination-block-html\" aria-hidden=\"true\" style=\"display: none;\"><\/div><\/div>","protected":false},"excerpt":{"rendered":"<p>Transforma\u00e7\u00e3o em Universidade Federal de Ci\u00eancia e Inova\u00e7\u00e3o depende agora da san\u00e7\u00e3o presidencial O Senado Federal aprovou, nesta quinta-feira (3), o projeto que transforma o CEFET-MG em Universidade Federal de Ci\u00eancia e Inova\u00e7\u00e3o de Minas Gerais (UFCI\/MG). A mudan\u00e7a alcan\u00e7a diretamente Leopoldina, um dos munic\u00edpios onde a institui\u00e7\u00e3o mant\u00e9m campus. O texto tamb\u00e9m transforma o [&hellip;]<\/p>\n","protected":false},"author":2,"featured_media":456640,"comment_status":"open","ping_status":"closed","sticky":false,"template":"","format":"standard","meta":{"footnotes":""},"categories":[11,26],"tags":[],"class_list":["post-456639","post","type-post","status-publish","format-standard","has-post-thumbnail","hentry","category-leopoldina","category-ultimas-noticias"],"yoast_head":"<!-- This site is optimized with the Yoast SEO plugin v28.3 - https:\/\/yoast.com\/product\/yoast-seo-wordpress\/ -->\n<title>CEFET-MG avan\u00e7a para se tornar universidade federal ap\u00f3s aprova\u00e7\u00e3o do Senado; Leopoldina ser\u00e1 contemplada<\/title>\n<meta name=\"robots\" content=\"index, follow, max-snippet:-1, max-image-preview:large, max-video-preview:-1\" \/>\n<link rel=\"canonical\" href=\"https:\/\/www.ovigilanteonline.com.br\/site\/2026\/09\/04\/cefet-mg-avanca-para-se-tornar-universidade-federal-apos-aprovacao-do-senado-leopoldina-sera-contemplada\/\" \/>\n<meta property=\"og:locale\" content=\"pt_BR\" \/>\n<meta property=\"og:type\" content=\"article\" \/>\n<meta property=\"og:title\" content=\"CEFET-MG avan\u00e7a para se tornar universidade federal ap\u00f3s aprova\u00e7\u00e3o do Senado; Leopoldina ser\u00e1 contemplada\" \/>\n<meta property=\"og:description\" content=\"Transforma\u00e7\u00e3o em Universidade Federal de Ci\u00eancia e Inova\u00e7\u00e3o depende agora da san\u00e7\u00e3o presidencial O Senado Federal aprovou, nesta quinta-feira (3), o projeto que transforma o CEFET-MG em Universidade Federal de Ci\u00eancia e Inova\u00e7\u00e3o de Minas Gerais (UFCI\/MG). A mudan\u00e7a alcan\u00e7a diretamente Leopoldina, um dos munic\u00edpios onde a institui\u00e7\u00e3o mant\u00e9m campus. O texto tamb\u00e9m transforma o [&hellip;]\" \/>\n<meta property=\"og:url\" content=\"https:\/\/www.ovigilanteonline.com.br\/site\/2026\/09\/04\/cefet-mg-avanca-para-se-tornar-universidade-federal-apos-aprovacao-do-senado-leopoldina-sera-contemplada\/\" \/>\n<meta property=\"og:site_name\" content=\"O VIGILANTE ONLINE\" \/>\n<meta property=\"article:publisher\" content=\"https:\/\/www.facebook.com\/ovigilanteonline\" \/>\n<meta property=\"article:published_time\" content=\"2026-09-04T12:25:24+00:00\" \/>\n<meta property=\"article:modified_time\" content=\"2026-09-04T18:55:47+00:00\" \/>\n<meta property=\"og:image\" content=\"https:\/\/www.ovigilanteonline.com.br\/site\/wp-content\/uploads\/2026\/09\/cefet-leop.jpg\" \/>\n\t<meta property=\"og:image:width\" content=\"900\" \/>\n\t<meta property=\"og:image:height\" content=\"585\" \/>\n\t<meta property=\"og:image:type\" content=\"image\/jpeg\" \/>\n<meta name=\"author\" content=\"Jornalismo\" \/>\n<meta name=\"twitter:card\" content=\"summary_large_image\" \/>\n<meta name=\"twitter:label1\" content=\"Escrito por\" \/>\n\t<meta name=\"twitter:data1\" content=\"Jornalismo\" \/>\n\t<meta name=\"twitter:label2\" content=\"Est. tempo de leitura\" \/>\n\t<meta name=\"twitter:data2\" content=\"3 minutos\" \/>\n<script type=\"application\/ld+json\" class=\"yoast-schema-graph\">{\"@context\":\"https:\\\/\\\/schema.org\",\"@graph\":[{\"@type\":\"Article\",\"@id\":\"https:\\\/\\\/www.ovigilanteonline.com.br\\\/site\\\/2026\\\/09\\\/04\\\/cefet-mg-avanca-para-se-tornar-universidade-federal-apos-aprovacao-do-senado-leopoldina-sera-contemplada\\\/#article\",\"isPartOf\":{\"@id\":\"https:\\\/\\\/www.ovigilanteonline.com.br\\\/site\\\/2026\\\/09\\\/04\\\/cefet-mg-avanca-para-se-tornar-universidade-federal-apos-aprovacao-do-senado-leopoldina-sera-contemplada\\\/\"},\"author\":{\"name\":\"Jornalismo\",\"@id\":\"https:\\\/\\\/www.ovigilanteonline.com.br\\\/site\\\/#\\\/schema\\\/person\\\/538fdfb33c0c411cd14a732e7cf14aa6\"},\"headline\":\"CEFET-MG avan\u00e7a para se tornar universidade federal ap\u00f3s aprova\u00e7\u00e3o do Senado; Leopoldina ser\u00e1 contemplada\",\"datePublished\":\"2026-09-04T12:25:24+00:00\",\"dateModified\":\"2026-09-04T18:55:47+00:00\",\"mainEntityOfPage\":{\"@id\":\"https:\\\/\\\/www.ovigilanteonline.com.br\\\/site\\\/2026\\\/09\\\/04\\\/cefet-mg-avanca-para-se-tornar-universidade-federal-apos-aprovacao-do-senado-leopoldina-sera-contemplada\\\/\"},\"wordCount\":410,\"commentCount\":0,\"image\":{\"@id\":\"https:\\\/\\\/www.ovigilanteonline.com.br\\\/site\\\/2026\\\/09\\\/04\\\/cefet-mg-avanca-para-se-tornar-universidade-federal-apos-aprovacao-do-senado-leopoldina-sera-contemplada\\\/#primaryimage\"},\"thumbnailUrl\":\"https:\\\/\\\/www.ovigilanteonline.com.br\\\/site\\\/wp-content\\\/uploads\\\/2026\\\/09\\\/cefet-leop.jpg\",\"articleSection\":[\"Leopoldina\",\"\u00daltimas Not\u00edcias\"],\"inLanguage\":\"pt-BR\",\"potentialAction\":[{\"@type\":\"CommentAction\",\"name\":\"Comment\",\"target\":[\"https:\\\/\\\/www.ovigilanteonline.com.br\\\/site\\\/2026\\\/09\\\/04\\\/cefet-mg-avanca-para-se-tornar-universidade-federal-apos-aprovacao-do-senado-leopoldina-sera-contemplada\\\/#respond\"]}]},{\"@type\":\"WebPage\",\"@id\":\"https:\\\/\\\/www.ovigilanteonline.com.br\\\/site\\\/2026\\\/09\\\/04\\\/cefet-mg-avanca-para-se-tornar-universidade-federal-apos-aprovacao-do-senado-leopoldina-sera-contemplada\\\/\",\"url\":\"https:\\\/\\\/www.ovigilanteonline.com.br\\\/site\\\/2026\\\/09\\\/04\\\/cefet-mg-avanca-para-se-tornar-universidade-federal-apos-aprovacao-do-senado-leopoldina-sera-contemplada\\\/\",\"name\":\"CEFET-MG avan\u00e7a para se tornar universidade federal ap\u00f3s aprova\u00e7\u00e3o do Senado; Leopoldina ser\u00e1 contemplada\",\"isPartOf\":{\"@id\":\"https:\\\/\\\/www.ovigilanteonline.com.br\\\/site\\\/#website\"},\"primaryImageOfPage\":{\"@id\":\"https:\\\/\\\/www.ovigilanteonline.com.br\\\/site\\\/2026\\\/09\\\/04\\\/cefet-mg-avanca-para-se-tornar-universidade-federal-apos-aprovacao-do-senado-leopoldina-sera-contemplada\\\/#primaryimage\"},\"image\":{\"@id\":\"https:\\\/\\\/www.ovigilanteonline.com.br\\\/site\\\/2026\\\/09\\\/04\\\/cefet-mg-avanca-para-se-tornar-universidade-federal-apos-aprovacao-do-senado-leopoldina-sera-contemplada\\\/#primaryimage\"},\"thumbnailUrl\":\"https:\\\/\\\/www.ovigilanteonline.com.br\\\/site\\\/wp-content\\\/uploads\\\/2026\\\/09\\\/cefet-leop.jpg\",\"datePublished\":\"2026-09-04T12:25:24+00:00\",\"dateModified\":\"2026-09-04T18:55:47+00:00\",\"author\":{\"@id\":\"https:\\\/\\\/www.ovigilanteonline.com.br\\\/site\\\/#\\\/schema\\\/person\\\/538fdfb33c0c411cd14a732e7cf14aa6\"},\"breadcrumb\":{\"@id\":\"https:\\\/\\\/www.ovigilanteonline.com.br\\\/site\\\/2026\\\/09\\\/04\\\/cefet-mg-avanca-para-se-tornar-universidade-federal-apos-aprovacao-do-senado-leopoldina-sera-contemplada\\\/#breadcrumb\"},\"inLanguage\":\"pt-BR\",\"potentialAction\":[{\"@type\":\"ReadAction\",\"target\":[\"https:\\\/\\\/www.ovigilanteonline.com.br\\\/site\\\/2026\\\/09\\\/04\\\/cefet-mg-avanca-para-se-tornar-universidade-federal-apos-aprovacao-do-senado-leopoldina-sera-contemplada\\\/\"]}]},{\"@type\":\"ImageObject\",\"inLanguage\":\"pt-BR\",\"@id\":\"https:\\\/\\\/www.ovigilanteonline.com.br\\\/site\\\/2026\\\/09\\\/04\\\/cefet-mg-avanca-para-se-tornar-universidade-federal-apos-aprovacao-do-senado-leopoldina-sera-contemplada\\\/#primaryimage\",\"url\":\"https:\\\/\\\/www.ovigilanteonline.com.br\\\/site\\\/wp-content\\\/uploads\\\/2026\\\/09\\\/cefet-leop.jpg\",\"contentUrl\":\"https:\\\/\\\/www.ovigilanteonline.com.br\\\/site\\\/wp-content\\\/uploads\\\/2026\\\/09\\\/cefet-leop.jpg\",\"width\":900,\"height\":585},{\"@type\":\"BreadcrumbList\",\"@id\":\"https:\\\/\\\/www.ovigilanteonline.com.br\\\/site\\\/2026\\\/09\\\/04\\\/cefet-mg-avanca-para-se-tornar-universidade-federal-apos-aprovacao-do-senado-leopoldina-sera-contemplada\\\/#breadcrumb\",\"itemListElement\":[{\"@type\":\"ListItem\",\"position\":1,\"name\":\"In\u00edcio\",\"item\":\"https:\\\/\\\/www.ovigilanteonline.com.br\\\/site\\\/\"},{\"@type\":\"ListItem\",\"position\":2,\"name\":\"CEFET-MG avan\u00e7a para se tornar universidade federal ap\u00f3s aprova\u00e7\u00e3o do Senado; Leopoldina ser\u00e1 contemplada\"}]},{\"@type\":\"WebSite\",\"@id\":\"https:\\\/\\\/www.ovigilanteonline.com.br\\\/site\\\/#website\",\"url\":\"https:\\\/\\\/www.ovigilanteonline.com.br\\\/site\\\/\",\"name\":\"O VIGILANTE ONLINE - Not\u00edcias de Leopoldina e regi\u00e3o\",\"description\":\"\",\"potentialAction\":[{\"@type\":\"SearchAction\",\"target\":{\"@type\":\"EntryPoint\",\"urlTemplate\":\"https:\\\/\\\/www.ovigilanteonline.com.br\\\/site\\\/?s={search_term_string}\"},\"query-input\":{\"@type\":\"PropertyValueSpecification\",\"valueRequired\":true,\"valueName\":\"search_term_string\"}}],\"inLanguage\":\"pt-BR\"},{\"@type\":\"Person\",\"@id\":\"https:\\\/\\\/www.ovigilanteonline.com.br\\\/site\\\/#\\\/schema\\\/person\\\/538fdfb33c0c411cd14a732e7cf14aa6\",\"name\":\"Jornalismo\"}]}<\/script>\n<!-- \/ Yoast SEO plugin. -->","yoast_head_json":{"title":"CEFET-MG avan\u00e7a para se tornar universidade federal ap\u00f3s aprova\u00e7\u00e3o do Senado; Leopoldina ser\u00e1 contemplada","robots":{"index":"index","follow":"follow","max-snippet":"max-snippet:-1","max-image-preview":"max-image-preview:large","max-video-preview":"max-video-preview:-1"},"canonical":"https:\/\/www.ovigilanteonline.com.br\/site\/2026\/09\/04\/cefet-mg-avanca-para-se-tornar-universidade-federal-apos-aprovacao-do-senado-leopoldina-sera-contemplada\/","og_locale":"pt_BR","og_type":"article","og_title":"CEFET-MG avan\u00e7a para se tornar universidade federal ap\u00f3s aprova\u00e7\u00e3o do Senado; Leopoldina ser\u00e1 contemplada","og_description":"Transforma\u00e7\u00e3o em Universidade Federal de Ci\u00eancia e Inova\u00e7\u00e3o depende agora da san\u00e7\u00e3o presidencial O Senado Federal aprovou, nesta quinta-feira (3), o projeto que transforma o CEFET-MG em Universidade Federal de Ci\u00eancia e Inova\u00e7\u00e3o de Minas Gerais (UFCI\/MG). A mudan\u00e7a alcan\u00e7a diretamente Leopoldina, um dos munic\u00edpios onde a institui\u00e7\u00e3o mant\u00e9m campus. O texto tamb\u00e9m transforma o [&hellip;]","og_url":"https:\/\/www.ovigilanteonline.com.br\/site\/2026\/09\/04\/cefet-mg-avanca-para-se-tornar-universidade-federal-apos-aprovacao-do-senado-leopoldina-sera-contemplada\/","og_site_name":"O VIGILANTE ONLINE","article_publisher":"https:\/\/www.facebook.com\/ovigilanteonline","article_published_time":"2026-09-04T12:25:24+00:00","article_modified_time":"2026-09-04T18:55:47+00:00","og_image":[{"width":900,"height":585,"url":"https:\/\/www.ovigilanteonline.com.br\/site\/wp-content\/uploads\/2026\/09\/cefet-leop.jpg","type":"image\/jpeg"}],"author":"Jornalismo","twitter_card":"summary_large_image","twitter_misc":{"Escrito por":"Jornalismo","Est. tempo de leitura":"3 minutos"},"schema":{"@context":"https:\/\/schema.org","@graph":[{"@type":"Article","@id":"https:\/\/www.ovigilanteonline.com.br\/site\/2026\/09\/04\/cefet-mg-avanca-para-se-tornar-universidade-federal-apos-aprovacao-do-senado-leopoldina-sera-contemplada\/#article","isPartOf":{"@id":"https:\/\/www.ovigilanteonline.com.br\/site\/2026\/09\/04\/cefet-mg-avanca-para-se-tornar-universidade-federal-apos-aprovacao-do-senado-leopoldina-sera-contemplada\/"},"author":{"name":"Jornalismo","@id":"https:\/\/www.ovigilanteonline.com.br\/site\/#\/schema\/person\/538fdfb33c0c411cd14a732e7cf14aa6"},"headline":"CEFET-MG avan\u00e7a para se tornar universidade federal ap\u00f3s aprova\u00e7\u00e3o do Senado; Leopoldina ser\u00e1 contemplada","datePublished":"2026-09-04T12:25:24+00:00","dateModified":"2026-09-04T18:55:47+00:00","mainEntityOfPage":{"@id":"https:\/\/www.ovigilanteonline.com.br\/site\/2026\/09\/04\/cefet-mg-avanca-para-se-tornar-universidade-federal-apos-aprovacao-do-senado-leopoldina-sera-contemplada\/"},"wordCount":410,"commentCount":0,"image":{"@id":"https:\/\/www.ovigilanteonline.com.br\/site\/2026\/09\/04\/cefet-mg-avanca-para-se-tornar-universidade-federal-apos-aprovacao-do-senado-leopoldina-sera-contemplada\/#primaryimage"},"thumbnailUrl":"https:\/\/www.ovigilanteonline.com.br\/site\/wp-content\/uploads\/2026\/09\/cefet-leop.jpg","articleSection":["Leopoldina","\u00daltimas Not\u00edcias"],"inLanguage":"pt-BR","potentialAction":[{"@type":"CommentAction","name":"Comment","target":["https:\/\/www.ovigilanteonline.com.br\/site\/2026\/09\/04\/cefet-mg-avanca-para-se-tornar-universidade-federal-apos-aprovacao-do-senado-leopoldina-sera-contemplada\/#respond"]}]},{"@type":"WebPage","@id":"https:\/\/www.ovigilanteonline.com.br\/site\/2026\/09\/04\/cefet-mg-avanca-para-se-tornar-universidade-federal-apos-aprovacao-do-senado-leopoldina-sera-contemplada\/","url":"https:\/\/www.ovigilanteonline.com.br\/site\/2026\/09\/04\/cefet-mg-avanca-para-se-tornar-universidade-federal-apos-aprovacao-do-senado-leopoldina-sera-contemplada\/","name":"CEFET-MG avan\u00e7a para se tornar universidade federal ap\u00f3s aprova\u00e7\u00e3o do Senado; Leopoldina ser\u00e1 contemplada","isPartOf":{"@id":"https:\/\/www.ovigilanteonline.com.br\/site\/#website"},"primaryImageOfPage":{"@id":"https:\/\/www.ovigilanteonline.com.br\/site\/2026\/09\/04\/cefet-mg-avanca-para-se-tornar-universidade-federal-apos-aprovacao-do-senado-leopoldina-sera-contemplada\/#primaryimage"},"image":{"@id":"https:\/\/www.ovigilanteonline.com.br\/site\/2026\/09\/04\/cefet-mg-avanca-para-se-tornar-universidade-federal-apos-aprovacao-do-senado-leopoldina-sera-contemplada\/#primaryimage"},"thumbnailUrl":"https:\/\/www.ovigilanteonline.com.br\/site\/wp-content\/uploads\/2026\/09\/cefet-leop.jpg","datePublished":"2026-09-04T12:25:24+00:00","dateModified":"2026-09-04T18:55:47+00:00","author":{"@id":"https:\/\/www.ovigilanteonline.com.br\/site\/#\/schema\/person\/538fdfb33c0c411cd14a732e7cf14aa6"},"breadcrumb":{"@id":"https:\/\/www.ovigilanteonline.com.br\/site\/2026\/09\/04\/cefet-mg-avanca-para-se-tornar-universidade-federal-apos-aprovacao-do-senado-leopoldina-sera-contemplada\/#breadcrumb"},"inLanguage":"pt-BR","potentialAction":[{"@type":"ReadAction","target":["https:\/\/www.ovigilanteonline.com.br\/site\/2026\/09\/04\/cefet-mg-avanca-para-se-tornar-universidade-federal-apos-aprovacao-do-senado-leopoldina-sera-contemplada\/"]}]},{"@type":"ImageObject","inLanguage":"pt-BR","@id":"https:\/\/www.ovigilanteonline.com.br\/site\/2026\/09\/04\/cefet-mg-avanca-para-se-tornar-universidade-federal-apos-aprovacao-do-senado-leopoldina-sera-contemplada\/#primaryimage","url":"https:\/\/www.ovigilanteonline.com.br\/site\/wp-content\/uploads\/2026\/09\/cefet-leop.jpg","contentUrl":"https:\/\/www.ovigilanteonline.com.br\/site\/wp-content\/uploads\/2026\/09\/cefet-leop.jpg","width":900,"height":585},{"@type":"BreadcrumbList","@id":"https:\/\/www.ovigilanteonline.com.br\/site\/2026\/09\/04\/cefet-mg-avanca-para-se-tornar-universidade-federal-apos-aprovacao-do-senado-leopoldina-sera-contemplada\/#breadcrumb","itemListElement":[{"@type":"ListItem","position":1,"name":"In\u00edcio","item":"https:\/\/www.ovigilanteonline.com.br\/site\/"},{"@type":"ListItem","position":2,"name":"CEFET-MG avan\u00e7a para se tornar universidade federal ap\u00f3s aprova\u00e7\u00e3o do Senado; Leopoldina ser\u00e1 contemplada"}]},{"@type":"WebSite","@id":"https:\/\/www.ovigilanteonline.com.br\/site\/#website","url":"https:\/\/www.ovigilanteonline.com.br\/site\/","name":"O VIGILANTE ONLINE - Not\u00edcias de Leopoldina e regi\u00e3o","description":"","potentialAction":[{"@type":"SearchAction","target":{"@type":"EntryPoint","urlTemplate":"https:\/\/www.ovigilanteonline.com.br\/site\/?s={search_term_string}"},"query-input":{"@type":"PropertyValueSpecification","valueRequired":true,"valueName":"search_term_string"}}],"inLanguage":"pt-BR"},{"@type":"Person","@id":"https:\/\/www.ovigilanteonline.com.br\/site\/#\/schema\/person\/538fdfb33c0c411cd14a732e7cf14aa6","name":"Jornalismo"}]}},"cc_featured_image_caption":{"caption_text":"CEFET-MG, campus Leopoldina - Foto: @maicolima_s","source_text":"","source_url":""},"_links":{"self":[{"href":"https:\/\/www.ovigilanteonline.com.br\/site\/wp-json\/wp\/v2\/posts\/456639","targetHints":{"allow":["GET"]}}],"collection":[{"href":"https:\/\/www.ovigilanteonline.com.br\/site\/wp-json\/wp\/v2\/posts"}],"about":[{"href":"https:\/\/www.ovigilanteonline.com.br\/site\/wp-json\/wp\/v2\/types\/post"}],"author":[{"embeddable":true,"href":"https:\/\/www.ovigilanteonline.com.br\/site\/wp-json\/wp\/v2\/users\/2"}],"replies":[{"embeddable":true,"href":"https:\/\/www.ovigilanteonline.com.br\/site\/wp-json\/wp\/v2\/comments?post=456639"}],"version-history":[{"count":2,"href":"https:\/\/www.ovigilanteonline.com.br\/site\/wp-json\/wp\/v2\/posts\/456639\/revisions"}],"predecessor-version":[{"id":456644,"href":"https:\/\/www.ovigilanteonline.com.br\/site\/wp-json\/wp\/v2\/posts\/456639\/revisions\/456644"}],"wp:featuredmedia":[{"embeddable":true,"href":"https:\/\/www.ovigilanteonline.com.br\/site\/wp-json\/wp\/v2\/media\/456640"}],"wp:attachment":[{"href":"https:\/\/www.ovigilanteonline.com.br\/site\/wp-json\/wp\/v2\/media?parent=456639"}],"wp:term":[{"taxonomy":"category","embeddable":true,"href":"https:\/\/www.ovigilanteonline.com.br\/site\/wp-json\/wp\/v2\/categories?post=456639"},{"taxonomy":"post_tag","embeddable":true,"href":"https:\/\/www.ovigilanteonline.com.br\/site\/wp-json\/wp\/v2\/tags?post=456639"}],"curies":[{"name":"wp","href":"https:\/\/api.w.org\/{rel}","templated":true}]}}