{"id":456616,"date":"2026-09-03T18:06:28","date_gmt":"2026-09-03T21:06:28","guid":{"rendered":"https:\/\/www.ovigilanteonline.com.br\/site\/?p=456616"},"modified":"2026-09-03T18:06:34","modified_gmt":"2026-09-03T21:06:34","slug":"homem-e-preso-apos-furto-em-unidade-de-saude-do-sao-cristovao-em-leopoldina","status":"publish","type":"post","link":"https:\/\/www.ovigilanteonline.com.br\/site\/2026\/09\/03\/homem-e-preso-apos-furto-em-unidade-de-saude-do-sao-cristovao-em-leopoldina\/","title":{"rendered":"Homem \u00e9 preso ap\u00f3s furto em unidade de sa\u00fade do S\u00e3o Crist\u00f3v\u00e3o em Leopoldina"},"content":{"rendered":"<div id=\"ovigi-2108083821\" class=\"ovigi-inicio-post-interno ovigi-entity-placement\" style=\"margin-left: auto;margin-right: auto;text-align: center;\"><a href=\"https:\/\/onelink.to\/tfjfd3?utm_source=ig&#038;utm_medium=social&#038;utm_content=link_in_bio&#038;fbclid=PAcGRvZgJleHRuA2FlbQIxMQBzcnRjBmFwcF9pZA85MzY2MTk3NDMzOTI0NTkAAacgW20vIuhakYBCxZduUBbwssdSFoAQ7exuq7BFVvR-PR9sdpzVWlAvY7yZog_aem__Bn7V7eJEMspatV_tVfmIA\" target=\"_blank\" aria-label=\"ARTE GIF\"><img decoding=\"async\" src=\"https:\/\/www.ovigilanteonline.com.br\/site\/wp-content\/uploads\/2026\/05\/ARTE-GIF.gif\" alt=\"\"    \/><\/a><\/div>\n<h3 class=\"wp-block-heading\"><strong><em>Indiv\u00edduo de 40 anos foi reconhecido pela GCM por imagens de videomonitoramento; tablets, ventilador, balan\u00e7a e outros materiais foram levados<\/em><\/strong><\/h3>\n\n\n\n<p class=\"wp-block-paragraph\">Um homem de 40 anos foi preso nesta quinta-feira (3), suspeito de furtar diversos materiais de uma unidade do Programa Sa\u00fade da Fam\u00edlia (PSF), no Bairro S\u00e3o Crist\u00f3v\u00e3o, em Leopoldina. O crime teria ocorrido durante a madrugada.<\/p>\n\n\n\n<p class=\"wp-block-paragraph\">Segundo a Guarda Civil Municipal (GCM), uma equipe da ROMU foi acionada por volta das 13h05 e, no local, teve acesso \u00e0s imagens do sistema de videomonitoramento. As grava\u00e7\u00f5es mostravam um homem pulando o muro e circulando pelo interior da unidade durante a noite.<\/p><div id=\"ovigi-2921964527\" class=\"ovigi-conteudo_2-3 ovigi-entity-placement\"><script async src=\"\/\/pagead2.googlesyndication.com\/pagead\/js\/adsbygoogle.js?client=ca-pub-4068173061741521\" crossorigin=\"anonymous\"><\/script><ins class=\"adsbygoogle\" style=\"display:block; text-align:center;\" data-ad-client=\"ca-pub-4068173061741521\" \ndata-ad-slot=\"6460393376\" \ndata-ad-layout=\"in-article\"\ndata-ad-format=\"fluid\"><\/ins>\n<script> \n(adsbygoogle = window.adsbygoogle || []).push({}); \n<\/script>\n<\/div><div id=\"ovigi-1320455488\" class=\"ovigi-conteudo_2-2 ovigi-entity-placement\"><script async src=\"\/\/pagead2.googlesyndication.com\/pagead\/js\/adsbygoogle.js?client=ca-pub-4068173061741521\" crossorigin=\"anonymous\"><\/script><ins class=\"adsbygoogle\" style=\"display:block; text-align:center;\" data-ad-client=\"ca-pub-4068173061741521\" \ndata-ad-slot=\"6460393376\" \ndata-ad-layout=\"in-article\"\ndata-ad-format=\"fluid\"><\/ins>\n<script> \n(adsbygoogle = window.adsbygoogle || []).push({}); \n<\/script>\n<\/div><div id=\"ovigi-1471773186\" class=\"ovigi-conteudo_2 ovigi-entity-placement\"><script async src=\"\/\/pagead2.googlesyndication.com\/pagead\/js\/adsbygoogle.js?client=ca-pub-4068173061741521\" crossorigin=\"anonymous\"><\/script><ins class=\"adsbygoogle\" style=\"display:block; text-align:center;\" data-ad-client=\"ca-pub-4068173061741521\" \ndata-ad-slot=\"6460393376\" \ndata-ad-layout=\"in-article\"\ndata-ad-format=\"fluid\"><\/ins>\n<script> \n(adsbygoogle = window.adsbygoogle || []).push({}); \n<\/script>\n<\/div><div id=\"ovigi-3880903971\" class=\"ovigi-conteudo_2-4 ovigi-entity-placement\"><script async src=\"\/\/pagead2.googlesyndication.com\/pagead\/js\/adsbygoogle.js?client=ca-pub-4068173061741521\" crossorigin=\"anonymous\"><\/script><ins class=\"adsbygoogle\" style=\"display:block; text-align:center;\" data-ad-client=\"ca-pub-4068173061741521\" \ndata-ad-slot=\"6460393376\" \ndata-ad-layout=\"in-article\"\ndata-ad-format=\"fluid\"><\/ins>\n<script> \n(adsbygoogle = window.adsbygoogle || []).push({}); \n<\/script>\n<\/div>\n\n\n\n<p class=\"wp-block-paragraph\">Ap\u00f3s analisar as imagens, os agentes reconheceram o indiv\u00edduo e iniciaram buscas pela cidade. Ele foi localizado na Rua Tiradentes e abordado. Conforme a GCM, ele negou participa\u00e7\u00e3o no furto, mas n\u00e3o teria esclarecido sua presen\u00e7a nas depend\u00eancias da unidade.<\/p>\n\n\n\n<p class=\"wp-block-paragraph\">No im\u00f3vel, foram constatados danos na porta de acesso e o desaparecimento de diversos materiais, entre eles um ventilador, uma balan\u00e7a, um liquidificador, caf\u00e9, a\u00e7\u00facar, tablets e carregadores, incluindo equipamentos pertencentes ao setor de endemias.<\/p>\n\n\n<div id=\"ovigi-2476054985\"><p><!-- wp:paragraph {\"align\":\"center\",\"fontSize\":\"small\"} --><\/p>\n<p class=\"has-text-align-center has-small-font-size\" style=\"text-align: center;\">PUBLICIDADE<\/p>\n<hr \/>\n<p><!-- \/wp:paragraph --><\/p>\n<div class=\"wp-block-columns\">\n<div class=\"wp-block-column\">\n<figure class=\"wp-block-image size-full is-resized\"><a href=\"https:\/\/www.instagram.com\/unimedleopoldina241\/\" target=\"_blank\" rel=\" noreferrer noopener\"><img loading=\"lazy\" decoding=\"async\" class=\"wp-image-455236\" src=\"https:\/\/www.ovigilanteonline.com.br\/site\/wp-content\/uploads\/2026\/08\/unimed-materias.jpg\" alt=\"\" width=\"371\" height=\"371\" \/> \u00a0 \u00a0<\/a><a href=\"https:\/\/anglocataguases.com.br\/bolsas2027\/\" target=\"_blank\"><img loading=\"lazy\" decoding=\"async\" class=\"alignnone wp-image-456614\" src=\"https:\/\/www.ovigilanteonline.com.br\/site\/wp-content\/uploads\/2023\/05\/suda.jpeg\" alt=\"\" width=\"370\" height=\"370\" srcset=\"https:\/\/www.ovigilanteonline.com.br\/site\/wp-content\/uploads\/2023\/05\/suda.jpeg 320w, https:\/\/www.ovigilanteonline.com.br\/site\/wp-content\/uploads\/2023\/05\/suda-300x300.jpeg 300w, https:\/\/www.ovigilanteonline.com.br\/site\/wp-content\/uploads\/2023\/05\/suda-150x150.jpeg 150w\" sizes=\"auto, (max-width: 370px) 100vw, 370px\" \/><\/a><\/p>\n<hr \/>\n<\/figure>\n<\/div>\n<\/div>\n<p><!-- \/wp:separator --><\/p>\n<\/div>\n\n\n<p class=\"wp-block-paragraph\">O homem foi apresentado \u00e0 Pol\u00edcia Civil, juntamente com as imagens, fotografias dos danos e demais informa\u00e7\u00f5es levantadas.<\/p>\n\n\n\n<p class=\"wp-block-paragraph\">A ocorr\u00eancia foi finalizada como furto qualificado, com a lavratura do Auto de Pris\u00e3o em Flagrante.<\/p>\n\n\n<div  class=\"wp-block-ultimate-post-heading ultp-block-e04d0d\"><div class=\"ultp-block-wrapper\"><div class=\"ultp-heading-wrap ultp-heading-style18 ultp-heading-left\"><h2 class=\"ultp-heading-inner\"><span>RECENTES MAIS LIDAS<\/span><\/h2><\/div><\/div><\/div>\n\n<div  class=\"ultp-post-grid-block wp-block-ultimate-post-post-list-3 ultp-block-4731e5 \"><div class=\"ultp-block-wrapper\" ><div class=\"ultp-loading\"><div class=\"ultp-loading-blocks\" style=\"width:100%;height:100%;\"><div style=\"left: 0;top: 0;animation-delay:0s;\"><\/div><div style=\"left: 21px;top: 0;animation-delay:0.125s;\"><\/div><div style=\"left: 42px;top: 0;animation-delay:0.25s;\"><\/div><div style=\"left: 0;top: 21px;animation-delay:0.875s;\"><\/div><div style=\"left: 42px;top: 21px;animation-delay:0.375s;\"><\/div><div style=\"left: 0;top: 42px;animation-delay:0.75s;\"><\/div><div style=\"left: 42px;top: 42px;animation-delay:0.625s;\"><\/div><div style=\"left: 21px;top: 42px;animation-delay:0.5s;\"><\/div><\/div><\/div><div class=\"ultp-block-items-wrap ultp-block-row ultp-block-column-1 ultp-block-content-middle ultp-layout1\"><div class=\"ultp-block-item ultp-block-media post-id-456462\"><div class=\"ultp-block-content-wrap\"><div class=\"ultp-block-image ultp-block-image-opacity\"><a href=\"https:\/\/www.ovigilanteonline.com.br\/site\/2026\/09\/01\/mercado-livre-vai-abrir-centro-de-distribuicao-e-gerar-mais-de-800-empregos-em-juiz-de-fora\/\" ><img decoding=\"async\"  alt=\"Mercado Livre vai abrir centro de distribui\u00e7\u00e3o e gerar mais de 800 empregos em Juiz de Fora\"  src=\"https:\/\/www.ovigilanteonline.com.br\/site\/wp-content\/uploads\/2026\/09\/mercado-600x600.jpg\" \/><\/a><\/div><div class=\"ultp-block-content\"><div class=\"ultp-category-grid ultp-category-classic ultp-category-aboveTitle\"><div class=\"ultp-category-in\"><a class=\"ultp-cat-geral\" href=\"https:\/\/www.ovigilanteonline.com.br\/site\/category\/geral\/\"  >Geral<\/a><a class=\"ultp-cat-giro-vigilante\" href=\"https:\/\/www.ovigilanteonline.com.br\/site\/category\/giro-vigilante\/\"  >Giro Vigilante<\/a><a class=\"ultp-cat-mais-lidas\" href=\"https:\/\/www.ovigilanteonline.com.br\/site\/category\/mais-lidas\/\"  >Mais Lidas<\/a><a class=\"ultp-cat-regiao\" href=\"https:\/\/www.ovigilanteonline.com.br\/site\/category\/regiao\/\"  >Regi\u00e3o<\/a><a class=\"ultp-cat-ultimas-noticias\" href=\"https:\/\/www.ovigilanteonline.com.br\/site\/category\/ultimas-noticias\/\"  >\u00daltimas Not\u00edcias<\/a><\/div><\/div><h3 class=\"ultp-block-title \"><a href=\"https:\/\/www.ovigilanteonline.com.br\/site\/2026\/09\/01\/mercado-livre-vai-abrir-centro-de-distribuicao-e-gerar-mais-de-800-empregos-em-juiz-de-fora\/\" >Mercado Livre vai abrir centro de distribui\u00e7\u00e3o e gerar mais de 800 empregos em Juiz de Fora<\/a><\/h3><div class=\"ultp-block-meta ultp-block-meta-dot ultp-block-meta-icon\"><span class=\"ultp-block-author ultp-block-meta-element\"><svg xmlns=\"http:\/\/www.w3.org\/2000\/svg\" fill=\"none\" viewBox=\"0 0 24 24\">\n  <circle cx=\"12\" cy=\"7\" r=\"4\" stroke=\"currentColor\" stroke-linejoin=\"round\" stroke-width=\"1.5\"\/>\n  <path stroke=\"currentColor\" stroke-linecap=\"round\" stroke-linejoin=\"round\" stroke-width=\"1.5\" d=\"M4 21v-3a4 4 0 0 1 4-4h8a4 4 0 0 1 4 4v3\"\/>\n<\/svg>\n<a class=\"\" href=\"https:\/\/www.ovigilanteonline.com.br\/site\/author\/julio\/\">Jornalismo<\/a><\/span><span class=\"ultp-block-date ultp-block-meta-element\"><svg xmlns=\"http:\/\/www.w3.org\/2000\/svg\" fill=\"none\" viewBox=\"0 0 24 24\">\n  <path stroke=\"currentColor\" stroke-linecap=\"round\" stroke-linejoin=\"round\" stroke-width=\"1.5\" d=\"M3 5.5a2 2 0 0 1 2-2h14a2 2 0 0 1 2 2v14a2 2 0 0 1-2 2H5a2 2 0 0 1-2-2v-14ZM8 2v3m8-3v3M3 9h18\"\/>\n<\/svg>\nset 1, 2026<\/span><span class=\"ultp-post-read ultp-block-meta-element\"><svg xmlns=\"http:\/\/www.w3.org\/2000\/svg\" fill=\"none\" viewBox=\"0 0 24 24\">\n  <path stroke=\"currentColor\" stroke-linecap=\"round\" stroke-linejoin=\"round\" stroke-width=\"1.5\" d=\"M4 5v14a3 3 0 0 0 3 3h13V8H7a3 3 0 0 1-3-3Zm0 0a3 3 0 0 1 3-3h13M7 5h10\"\/>\n  <path stroke=\"currentColor\" stroke-linecap=\"round\" stroke-linejoin=\"round\" stroke-width=\"1.5\" d=\"M9.5 18.5v-3.092a3 3 0 0 1 .504-1.664l1.219-1.828a.934.934 0 0 1 1.554 0l1.22 1.828a3 3 0 0 1 .503 1.664V18.5m-5-2.5h5\"\/>\n<\/svg>\n3 min read<\/span><\/div><div class=\"ultp-block-excerpt\"><p>Vagas s\u00e3o para auxiliar de log\u00edstica, inclusive para pessoas sem experi\u00eancia; mutir\u00e3o acontece de 16 a 18 de setembro Juiz de Fora ter\u00e1 um novo centro de distribui\u00e7\u00e3o do Mercado Livre. A previs\u00e3o \u00e9 que a estrutura gere mais de&hellip;<\/p>\n<\/div><\/div><\/div><\/div><div class=\"ultp-block-item ultp-block-media post-id-456411\"><div class=\"ultp-block-content-wrap\"><div class=\"ultp-block-image ultp-block-image-opacity\"><a href=\"https:\/\/www.ovigilanteonline.com.br\/site\/2026\/08\/30\/homem-fica-ferido-durante-salto-de-voo-livre-no-morro-do-cruzeiro-em-leopoldina\/\" ><img decoding=\"async\"  alt=\"Homem fica ferido durante salto de voo livre no Morro do Cruzeiro em Leopoldina\"  src=\"https:\/\/www.ovigilanteonline.com.br\/site\/wp-content\/uploads\/2026\/08\/capa-paraglider-600x600.jpeg\" \/><\/a><\/div><div class=\"ultp-block-content\"><div class=\"ultp-category-grid ultp-category-classic ultp-category-aboveTitle\"><div class=\"ultp-category-in\"><a class=\"ultp-cat-cidade\" href=\"https:\/\/www.ovigilanteonline.com.br\/site\/category\/cidade\/\"  >Cidade<\/a><a class=\"ultp-cat-geral\" href=\"https:\/\/www.ovigilanteonline.com.br\/site\/category\/geral\/\"  >Geral<\/a><a class=\"ultp-cat-leopoldina\" href=\"https:\/\/www.ovigilanteonline.com.br\/site\/category\/leopoldina\/\"  >Leopoldina<\/a><a class=\"ultp-cat-mais-lidas\" href=\"https:\/\/www.ovigilanteonline.com.br\/site\/category\/mais-lidas\/\"  >Mais Lidas<\/a><a class=\"ultp-cat-ultimas-noticias\" href=\"https:\/\/www.ovigilanteonline.com.br\/site\/category\/ultimas-noticias\/\"  >\u00daltimas Not\u00edcias<\/a><\/div><\/div><h3 class=\"ultp-block-title \"><a href=\"https:\/\/www.ovigilanteonline.com.br\/site\/2026\/08\/30\/homem-fica-ferido-durante-salto-de-voo-livre-no-morro-do-cruzeiro-em-leopoldina\/\" >Homem fica ferido durante salto de voo livre no Morro do Cruzeiro em Leopoldina<\/a><\/h3><div class=\"ultp-block-meta ultp-block-meta-dot ultp-block-meta-icon\"><span class=\"ultp-block-author ultp-block-meta-element\"><svg xmlns=\"http:\/\/www.w3.org\/2000\/svg\" fill=\"none\" viewBox=\"0 0 24 24\">\n  <circle cx=\"12\" cy=\"7\" r=\"4\" stroke=\"currentColor\" stroke-linejoin=\"round\" stroke-width=\"1.5\"\/>\n  <path stroke=\"currentColor\" stroke-linecap=\"round\" stroke-linejoin=\"round\" stroke-width=\"1.5\" d=\"M4 21v-3a4 4 0 0 1 4-4h8a4 4 0 0 1 4 4v3\"\/>\n<\/svg>\n<a class=\"\" href=\"https:\/\/www.ovigilanteonline.com.br\/site\/author\/julio\/\">Jornalismo<\/a><\/span><span class=\"ultp-block-date ultp-block-meta-element\"><svg xmlns=\"http:\/\/www.w3.org\/2000\/svg\" fill=\"none\" viewBox=\"0 0 24 24\">\n  <path stroke=\"currentColor\" stroke-linecap=\"round\" stroke-linejoin=\"round\" stroke-width=\"1.5\" d=\"M3 5.5a2 2 0 0 1 2-2h14a2 2 0 0 1 2 2v14a2 2 0 0 1-2 2H5a2 2 0 0 1-2-2v-14ZM8 2v3m8-3v3M3 9h18\"\/>\n<\/svg>\nago 30, 2026<\/span><span class=\"ultp-post-read ultp-block-meta-element\"><svg xmlns=\"http:\/\/www.w3.org\/2000\/svg\" fill=\"none\" viewBox=\"0 0 24 24\">\n  <path stroke=\"currentColor\" stroke-linecap=\"round\" stroke-linejoin=\"round\" stroke-width=\"1.5\" d=\"M4 5v14a3 3 0 0 0 3 3h13V8H7a3 3 0 0 1-3-3Zm0 0a3 3 0 0 1 3-3h13M7 5h10\"\/>\n  <path stroke=\"currentColor\" stroke-linecap=\"round\" stroke-linejoin=\"round\" stroke-width=\"1.5\" d=\"M9.5 18.5v-3.092a3 3 0 0 1 .504-1.664l1.219-1.828a.934.934 0 0 1 1.554 0l1.22 1.828a3 3 0 0 1 .503 1.664V18.5m-5-2.5h5\"\/>\n<\/svg>\n2 min read<\/span><\/div><div class=\"ultp-block-excerpt\"><p>V\u00edtima, natural de Petr\u00f3polis, foi resgatada pelo Corpo de Bombeiros na parte inferior do morro e encaminhada pelo Samu \u00e0 Casa de Caridade Leopoldinense Um homem de 59 anos ficou ferido ap\u00f3s perder o controle do equipamento que utilizava durante&hellip;<\/p>\n<\/div><\/div><\/div><\/div><\/div><\/div><div class=\"pagination-block-html\" aria-hidden=\"true\" style=\"display: none;\"><\/div><\/div>","protected":false},"excerpt":{"rendered":"<p>Indiv\u00edduo de 40 anos foi reconhecido pela GCM por imagens de videomonitoramento; tablets, ventilador, balan\u00e7a e outros materiais foram levados Um homem de 40 anos foi preso nesta quinta-feira (3), suspeito de furtar diversos materiais de uma unidade do Programa Sa\u00fade da Fam\u00edlia (PSF), no Bairro S\u00e3o Crist\u00f3v\u00e3o, em Leopoldina. O crime teria ocorrido durante [&hellip;]<\/p>\n","protected":false},"author":2,"featured_media":456618,"comment_status":"open","ping_status":"closed","sticky":false,"template":"","format":"standard","meta":{"footnotes":""},"categories":[1,26],"tags":[],"class_list":["post-456616","post","type-post","status-publish","format-standard","has-post-thumbnail","hentry","category-destaque","category-ultimas-noticias"],"yoast_head":"<!-- This site is optimized with the Yoast SEO plugin v28.3 - https:\/\/yoast.com\/product\/yoast-seo-wordpress\/ -->\n<title>Homem \u00e9 preso ap\u00f3s furto em unidade de sa\u00fade do S\u00e3o Crist\u00f3v\u00e3o em Leopoldina<\/title>\n<meta name=\"robots\" content=\"index, follow, max-snippet:-1, max-image-preview:large, max-video-preview:-1\" \/>\n<link rel=\"canonical\" href=\"https:\/\/www.ovigilanteonline.com.br\/site\/2026\/09\/03\/homem-e-preso-apos-furto-em-unidade-de-saude-do-sao-cristovao-em-leopoldina\/\" \/>\n<meta property=\"og:locale\" content=\"pt_BR\" \/>\n<meta property=\"og:type\" content=\"article\" \/>\n<meta property=\"og:title\" content=\"Homem \u00e9 preso ap\u00f3s furto em unidade de sa\u00fade do S\u00e3o Crist\u00f3v\u00e3o em Leopoldina\" \/>\n<meta property=\"og:description\" content=\"Indiv\u00edduo de 40 anos foi reconhecido pela GCM por imagens de videomonitoramento; tablets, ventilador, balan\u00e7a e outros materiais foram levados Um homem de 40 anos foi preso nesta quinta-feira (3), suspeito de furtar diversos materiais de uma unidade do Programa Sa\u00fade da Fam\u00edlia (PSF), no Bairro S\u00e3o Crist\u00f3v\u00e3o, em Leopoldina. O crime teria ocorrido durante [&hellip;]\" \/>\n<meta property=\"og:url\" content=\"https:\/\/www.ovigilanteonline.com.br\/site\/2026\/09\/03\/homem-e-preso-apos-furto-em-unidade-de-saude-do-sao-cristovao-em-leopoldina\/\" \/>\n<meta property=\"og:site_name\" content=\"O VIGILANTE ONLINE\" \/>\n<meta property=\"article:publisher\" content=\"https:\/\/www.facebook.com\/ovigilanteonline\" \/>\n<meta property=\"article:published_time\" content=\"2026-09-03T21:06:28+00:00\" \/>\n<meta property=\"article:modified_time\" content=\"2026-09-03T21:06:34+00:00\" \/>\n<meta property=\"og:image\" content=\"https:\/\/www.ovigilanteonline.com.br\/site\/wp-content\/uploads\/2026\/09\/WhatsApp-Image-2026-09-03-at-16.17.51.jpeg\" \/>\n\t<meta property=\"og:image:width\" content=\"1124\" \/>\n\t<meta property=\"og:image:height\" content=\"745\" \/>\n\t<meta property=\"og:image:type\" content=\"image\/jpeg\" \/>\n<meta name=\"author\" content=\"Jornalismo\" \/>\n<meta name=\"twitter:card\" content=\"summary_large_image\" \/>\n<meta name=\"twitter:label1\" content=\"Escrito por\" \/>\n\t<meta name=\"twitter:data1\" content=\"Jornalismo\" \/>\n\t<meta name=\"twitter:label2\" content=\"Est. tempo de leitura\" \/>\n\t<meta name=\"twitter:data2\" content=\"2 minutos\" \/>\n<script type=\"application\/ld+json\" class=\"yoast-schema-graph\">{\"@context\":\"https:\\\/\\\/schema.org\",\"@graph\":[{\"@type\":\"Article\",\"@id\":\"https:\\\/\\\/www.ovigilanteonline.com.br\\\/site\\\/2026\\\/09\\\/03\\\/homem-e-preso-apos-furto-em-unidade-de-saude-do-sao-cristovao-em-leopoldina\\\/#article\",\"isPartOf\":{\"@id\":\"https:\\\/\\\/www.ovigilanteonline.com.br\\\/site\\\/2026\\\/09\\\/03\\\/homem-e-preso-apos-furto-em-unidade-de-saude-do-sao-cristovao-em-leopoldina\\\/\"},\"author\":{\"name\":\"Jornalismo\",\"@id\":\"https:\\\/\\\/www.ovigilanteonline.com.br\\\/site\\\/#\\\/schema\\\/person\\\/538fdfb33c0c411cd14a732e7cf14aa6\"},\"headline\":\"Homem \u00e9 preso ap\u00f3s furto em unidade de sa\u00fade do S\u00e3o Crist\u00f3v\u00e3o em Leopoldina\",\"datePublished\":\"2026-09-03T21:06:28+00:00\",\"dateModified\":\"2026-09-03T21:06:34+00:00\",\"mainEntityOfPage\":{\"@id\":\"https:\\\/\\\/www.ovigilanteonline.com.br\\\/site\\\/2026\\\/09\\\/03\\\/homem-e-preso-apos-furto-em-unidade-de-saude-do-sao-cristovao-em-leopoldina\\\/\"},\"wordCount\":245,\"commentCount\":0,\"image\":{\"@id\":\"https:\\\/\\\/www.ovigilanteonline.com.br\\\/site\\\/2026\\\/09\\\/03\\\/homem-e-preso-apos-furto-em-unidade-de-saude-do-sao-cristovao-em-leopoldina\\\/#primaryimage\"},\"thumbnailUrl\":\"https:\\\/\\\/www.ovigilanteonline.com.br\\\/site\\\/wp-content\\\/uploads\\\/2026\\\/09\\\/WhatsApp-Image-2026-09-03-at-16.17.51.jpeg\",\"articleSection\":[\"Destaque\",\"\u00daltimas Not\u00edcias\"],\"inLanguage\":\"pt-BR\",\"potentialAction\":[{\"@type\":\"CommentAction\",\"name\":\"Comment\",\"target\":[\"https:\\\/\\\/www.ovigilanteonline.com.br\\\/site\\\/2026\\\/09\\\/03\\\/homem-e-preso-apos-furto-em-unidade-de-saude-do-sao-cristovao-em-leopoldina\\\/#respond\"]}]},{\"@type\":\"WebPage\",\"@id\":\"https:\\\/\\\/www.ovigilanteonline.com.br\\\/site\\\/2026\\\/09\\\/03\\\/homem-e-preso-apos-furto-em-unidade-de-saude-do-sao-cristovao-em-leopoldina\\\/\",\"url\":\"https:\\\/\\\/www.ovigilanteonline.com.br\\\/site\\\/2026\\\/09\\\/03\\\/homem-e-preso-apos-furto-em-unidade-de-saude-do-sao-cristovao-em-leopoldina\\\/\",\"name\":\"Homem \u00e9 preso ap\u00f3s furto em unidade de sa\u00fade do S\u00e3o Crist\u00f3v\u00e3o em Leopoldina\",\"isPartOf\":{\"@id\":\"https:\\\/\\\/www.ovigilanteonline.com.br\\\/site\\\/#website\"},\"primaryImageOfPage\":{\"@id\":\"https:\\\/\\\/www.ovigilanteonline.com.br\\\/site\\\/2026\\\/09\\\/03\\\/homem-e-preso-apos-furto-em-unidade-de-saude-do-sao-cristovao-em-leopoldina\\\/#primaryimage\"},\"image\":{\"@id\":\"https:\\\/\\\/www.ovigilanteonline.com.br\\\/site\\\/2026\\\/09\\\/03\\\/homem-e-preso-apos-furto-em-unidade-de-saude-do-sao-cristovao-em-leopoldina\\\/#primaryimage\"},\"thumbnailUrl\":\"https:\\\/\\\/www.ovigilanteonline.com.br\\\/site\\\/wp-content\\\/uploads\\\/2026\\\/09\\\/WhatsApp-Image-2026-09-03-at-16.17.51.jpeg\",\"datePublished\":\"2026-09-03T21:06:28+00:00\",\"dateModified\":\"2026-09-03T21:06:34+00:00\",\"author\":{\"@id\":\"https:\\\/\\\/www.ovigilanteonline.com.br\\\/site\\\/#\\\/schema\\\/person\\\/538fdfb33c0c411cd14a732e7cf14aa6\"},\"breadcrumb\":{\"@id\":\"https:\\\/\\\/www.ovigilanteonline.com.br\\\/site\\\/2026\\\/09\\\/03\\\/homem-e-preso-apos-furto-em-unidade-de-saude-do-sao-cristovao-em-leopoldina\\\/#breadcrumb\"},\"inLanguage\":\"pt-BR\",\"potentialAction\":[{\"@type\":\"ReadAction\",\"target\":[\"https:\\\/\\\/www.ovigilanteonline.com.br\\\/site\\\/2026\\\/09\\\/03\\\/homem-e-preso-apos-furto-em-unidade-de-saude-do-sao-cristovao-em-leopoldina\\\/\"]}]},{\"@type\":\"ImageObject\",\"inLanguage\":\"pt-BR\",\"@id\":\"https:\\\/\\\/www.ovigilanteonline.com.br\\\/site\\\/2026\\\/09\\\/03\\\/homem-e-preso-apos-furto-em-unidade-de-saude-do-sao-cristovao-em-leopoldina\\\/#primaryimage\",\"url\":\"https:\\\/\\\/www.ovigilanteonline.com.br\\\/site\\\/wp-content\\\/uploads\\\/2026\\\/09\\\/WhatsApp-Image-2026-09-03-at-16.17.51.jpeg\",\"contentUrl\":\"https:\\\/\\\/www.ovigilanteonline.com.br\\\/site\\\/wp-content\\\/uploads\\\/2026\\\/09\\\/WhatsApp-Image-2026-09-03-at-16.17.51.jpeg\",\"width\":1124,\"height\":745},{\"@type\":\"BreadcrumbList\",\"@id\":\"https:\\\/\\\/www.ovigilanteonline.com.br\\\/site\\\/2026\\\/09\\\/03\\\/homem-e-preso-apos-furto-em-unidade-de-saude-do-sao-cristovao-em-leopoldina\\\/#breadcrumb\",\"itemListElement\":[{\"@type\":\"ListItem\",\"position\":1,\"name\":\"In\u00edcio\",\"item\":\"https:\\\/\\\/www.ovigilanteonline.com.br\\\/site\\\/\"},{\"@type\":\"ListItem\",\"position\":2,\"name\":\"Homem \u00e9 preso ap\u00f3s furto em unidade de sa\u00fade do S\u00e3o Crist\u00f3v\u00e3o em Leopoldina\"}]},{\"@type\":\"WebSite\",\"@id\":\"https:\\\/\\\/www.ovigilanteonline.com.br\\\/site\\\/#website\",\"url\":\"https:\\\/\\\/www.ovigilanteonline.com.br\\\/site\\\/\",\"name\":\"O VIGILANTE ONLINE - Not\u00edcias de Leopoldina e regi\u00e3o\",\"description\":\"\",\"potentialAction\":[{\"@type\":\"SearchAction\",\"target\":{\"@type\":\"EntryPoint\",\"urlTemplate\":\"https:\\\/\\\/www.ovigilanteonline.com.br\\\/site\\\/?s={search_term_string}\"},\"query-input\":{\"@type\":\"PropertyValueSpecification\",\"valueRequired\":true,\"valueName\":\"search_term_string\"}}],\"inLanguage\":\"pt-BR\"},{\"@type\":\"Person\",\"@id\":\"https:\\\/\\\/www.ovigilanteonline.com.br\\\/site\\\/#\\\/schema\\\/person\\\/538fdfb33c0c411cd14a732e7cf14aa6\",\"name\":\"Jornalismo\"}]}<\/script>\n<!-- \/ Yoast SEO plugin. -->","yoast_head_json":{"title":"Homem \u00e9 preso ap\u00f3s furto em unidade de sa\u00fade do S\u00e3o Crist\u00f3v\u00e3o em Leopoldina","robots":{"index":"index","follow":"follow","max-snippet":"max-snippet:-1","max-image-preview":"max-image-preview:large","max-video-preview":"max-video-preview:-1"},"canonical":"https:\/\/www.ovigilanteonline.com.br\/site\/2026\/09\/03\/homem-e-preso-apos-furto-em-unidade-de-saude-do-sao-cristovao-em-leopoldina\/","og_locale":"pt_BR","og_type":"article","og_title":"Homem \u00e9 preso ap\u00f3s furto em unidade de sa\u00fade do S\u00e3o Crist\u00f3v\u00e3o em Leopoldina","og_description":"Indiv\u00edduo de 40 anos foi reconhecido pela GCM por imagens de videomonitoramento; tablets, ventilador, balan\u00e7a e outros materiais foram levados Um homem de 40 anos foi preso nesta quinta-feira (3), suspeito de furtar diversos materiais de uma unidade do Programa Sa\u00fade da Fam\u00edlia (PSF), no Bairro S\u00e3o Crist\u00f3v\u00e3o, em Leopoldina. O crime teria ocorrido durante [&hellip;]","og_url":"https:\/\/www.ovigilanteonline.com.br\/site\/2026\/09\/03\/homem-e-preso-apos-furto-em-unidade-de-saude-do-sao-cristovao-em-leopoldina\/","og_site_name":"O VIGILANTE ONLINE","article_publisher":"https:\/\/www.facebook.com\/ovigilanteonline","article_published_time":"2026-09-03T21:06:28+00:00","article_modified_time":"2026-09-03T21:06:34+00:00","og_image":[{"width":1124,"height":745,"url":"https:\/\/www.ovigilanteonline.com.br\/site\/wp-content\/uploads\/2026\/09\/WhatsApp-Image-2026-09-03-at-16.17.51.jpeg","type":"image\/jpeg"}],"author":"Jornalismo","twitter_card":"summary_large_image","twitter_misc":{"Escrito por":"Jornalismo","Est. tempo de leitura":"2 minutos"},"schema":{"@context":"https:\/\/schema.org","@graph":[{"@type":"Article","@id":"https:\/\/www.ovigilanteonline.com.br\/site\/2026\/09\/03\/homem-e-preso-apos-furto-em-unidade-de-saude-do-sao-cristovao-em-leopoldina\/#article","isPartOf":{"@id":"https:\/\/www.ovigilanteonline.com.br\/site\/2026\/09\/03\/homem-e-preso-apos-furto-em-unidade-de-saude-do-sao-cristovao-em-leopoldina\/"},"author":{"name":"Jornalismo","@id":"https:\/\/www.ovigilanteonline.com.br\/site\/#\/schema\/person\/538fdfb33c0c411cd14a732e7cf14aa6"},"headline":"Homem \u00e9 preso ap\u00f3s furto em unidade de sa\u00fade do S\u00e3o Crist\u00f3v\u00e3o em Leopoldina","datePublished":"2026-09-03T21:06:28+00:00","dateModified":"2026-09-03T21:06:34+00:00","mainEntityOfPage":{"@id":"https:\/\/www.ovigilanteonline.com.br\/site\/2026\/09\/03\/homem-e-preso-apos-furto-em-unidade-de-saude-do-sao-cristovao-em-leopoldina\/"},"wordCount":245,"commentCount":0,"image":{"@id":"https:\/\/www.ovigilanteonline.com.br\/site\/2026\/09\/03\/homem-e-preso-apos-furto-em-unidade-de-saude-do-sao-cristovao-em-leopoldina\/#primaryimage"},"thumbnailUrl":"https:\/\/www.ovigilanteonline.com.br\/site\/wp-content\/uploads\/2026\/09\/WhatsApp-Image-2026-09-03-at-16.17.51.jpeg","articleSection":["Destaque","\u00daltimas Not\u00edcias"],"inLanguage":"pt-BR","potentialAction":[{"@type":"CommentAction","name":"Comment","target":["https:\/\/www.ovigilanteonline.com.br\/site\/2026\/09\/03\/homem-e-preso-apos-furto-em-unidade-de-saude-do-sao-cristovao-em-leopoldina\/#respond"]}]},{"@type":"WebPage","@id":"https:\/\/www.ovigilanteonline.com.br\/site\/2026\/09\/03\/homem-e-preso-apos-furto-em-unidade-de-saude-do-sao-cristovao-em-leopoldina\/","url":"https:\/\/www.ovigilanteonline.com.br\/site\/2026\/09\/03\/homem-e-preso-apos-furto-em-unidade-de-saude-do-sao-cristovao-em-leopoldina\/","name":"Homem \u00e9 preso ap\u00f3s furto em unidade de sa\u00fade do S\u00e3o Crist\u00f3v\u00e3o em Leopoldina","isPartOf":{"@id":"https:\/\/www.ovigilanteonline.com.br\/site\/#website"},"primaryImageOfPage":{"@id":"https:\/\/www.ovigilanteonline.com.br\/site\/2026\/09\/03\/homem-e-preso-apos-furto-em-unidade-de-saude-do-sao-cristovao-em-leopoldina\/#primaryimage"},"image":{"@id":"https:\/\/www.ovigilanteonline.com.br\/site\/2026\/09\/03\/homem-e-preso-apos-furto-em-unidade-de-saude-do-sao-cristovao-em-leopoldina\/#primaryimage"},"thumbnailUrl":"https:\/\/www.ovigilanteonline.com.br\/site\/wp-content\/uploads\/2026\/09\/WhatsApp-Image-2026-09-03-at-16.17.51.jpeg","datePublished":"2026-09-03T21:06:28+00:00","dateModified":"2026-09-03T21:06:34+00:00","author":{"@id":"https:\/\/www.ovigilanteonline.com.br\/site\/#\/schema\/person\/538fdfb33c0c411cd14a732e7cf14aa6"},"breadcrumb":{"@id":"https:\/\/www.ovigilanteonline.com.br\/site\/2026\/09\/03\/homem-e-preso-apos-furto-em-unidade-de-saude-do-sao-cristovao-em-leopoldina\/#breadcrumb"},"inLanguage":"pt-BR","potentialAction":[{"@type":"ReadAction","target":["https:\/\/www.ovigilanteonline.com.br\/site\/2026\/09\/03\/homem-e-preso-apos-furto-em-unidade-de-saude-do-sao-cristovao-em-leopoldina\/"]}]},{"@type":"ImageObject","inLanguage":"pt-BR","@id":"https:\/\/www.ovigilanteonline.com.br\/site\/2026\/09\/03\/homem-e-preso-apos-furto-em-unidade-de-saude-do-sao-cristovao-em-leopoldina\/#primaryimage","url":"https:\/\/www.ovigilanteonline.com.br\/site\/wp-content\/uploads\/2026\/09\/WhatsApp-Image-2026-09-03-at-16.17.51.jpeg","contentUrl":"https:\/\/www.ovigilanteonline.com.br\/site\/wp-content\/uploads\/2026\/09\/WhatsApp-Image-2026-09-03-at-16.17.51.jpeg","width":1124,"height":745},{"@type":"BreadcrumbList","@id":"https:\/\/www.ovigilanteonline.com.br\/site\/2026\/09\/03\/homem-e-preso-apos-furto-em-unidade-de-saude-do-sao-cristovao-em-leopoldina\/#breadcrumb","itemListElement":[{"@type":"ListItem","position":1,"name":"In\u00edcio","item":"https:\/\/www.ovigilanteonline.com.br\/site\/"},{"@type":"ListItem","position":2,"name":"Homem \u00e9 preso ap\u00f3s furto em unidade de sa\u00fade do S\u00e3o Crist\u00f3v\u00e3o em Leopoldina"}]},{"@type":"WebSite","@id":"https:\/\/www.ovigilanteonline.com.br\/site\/#website","url":"https:\/\/www.ovigilanteonline.com.br\/site\/","name":"O VIGILANTE ONLINE - Not\u00edcias de Leopoldina e regi\u00e3o","description":"","potentialAction":[{"@type":"SearchAction","target":{"@type":"EntryPoint","urlTemplate":"https:\/\/www.ovigilanteonline.com.br\/site\/?s={search_term_string}"},"query-input":{"@type":"PropertyValueSpecification","valueRequired":true,"valueName":"search_term_string"}}],"inLanguage":"pt-BR"},{"@type":"Person","@id":"https:\/\/www.ovigilanteonline.com.br\/site\/#\/schema\/person\/538fdfb33c0c411cd14a732e7cf14aa6","name":"Jornalismo"}]}},"cc_featured_image_caption":{"caption_text":"","source_text":"","source_url":""},"_links":{"self":[{"href":"https:\/\/www.ovigilanteonline.com.br\/site\/wp-json\/wp\/v2\/posts\/456616","targetHints":{"allow":["GET"]}}],"collection":[{"href":"https:\/\/www.ovigilanteonline.com.br\/site\/wp-json\/wp\/v2\/posts"}],"about":[{"href":"https:\/\/www.ovigilanteonline.com.br\/site\/wp-json\/wp\/v2\/types\/post"}],"author":[{"embeddable":true,"href":"https:\/\/www.ovigilanteonline.com.br\/site\/wp-json\/wp\/v2\/users\/2"}],"replies":[{"embeddable":true,"href":"https:\/\/www.ovigilanteonline.com.br\/site\/wp-json\/wp\/v2\/comments?post=456616"}],"version-history":[{"count":1,"href":"https:\/\/www.ovigilanteonline.com.br\/site\/wp-json\/wp\/v2\/posts\/456616\/revisions"}],"predecessor-version":[{"id":456619,"href":"https:\/\/www.ovigilanteonline.com.br\/site\/wp-json\/wp\/v2\/posts\/456616\/revisions\/456619"}],"wp:featuredmedia":[{"embeddable":true,"href":"https:\/\/www.ovigilanteonline.com.br\/site\/wp-json\/wp\/v2\/media\/456618"}],"wp:attachment":[{"href":"https:\/\/www.ovigilanteonline.com.br\/site\/wp-json\/wp\/v2\/media?parent=456616"}],"wp:term":[{"taxonomy":"category","embeddable":true,"href":"https:\/\/www.ovigilanteonline.com.br\/site\/wp-json\/wp\/v2\/categories?post=456616"},{"taxonomy":"post_tag","embeddable":true,"href":"https:\/\/www.ovigilanteonline.com.br\/site\/wp-json\/wp\/v2\/tags?post=456616"}],"curies":[{"name":"wp","href":"https:\/\/api.w.org\/{rel}","templated":true}]}}