{"id":456602,"date":"2026-09-03T11:06:59","date_gmt":"2026-09-03T14:06:59","guid":{"rendered":"https:\/\/www.ovigilanteonline.com.br\/site\/?p=456602"},"modified":"2026-09-03T11:07:13","modified_gmt":"2026-09-03T14:07:13","slug":"agenda-cultural-movimenta-cataguases-leopoldina-muriae-e-itamarati-de-minas-na-primeira-semana-de-setembro","status":"publish","type":"post","link":"https:\/\/www.ovigilanteonline.com.br\/site\/2026\/09\/03\/agenda-cultural-movimenta-cataguases-leopoldina-muriae-e-itamarati-de-minas-na-primeira-semana-de-setembro\/","title":{"rendered":"Agenda cultural movimenta Cataguases, Leopoldina, Muria\u00e9 e Itamarati de Minas na primeira semana de setembro\u00a0"},"content":{"rendered":"<div id=\"ovigi-1211631136\" class=\"ovigi-inicio-post-interno ovigi-entity-placement\" style=\"margin-left: auto;margin-right: auto;text-align: center;\"><a href=\"https:\/\/onelink.to\/tfjfd3?utm_source=ig&#038;utm_medium=social&#038;utm_content=link_in_bio&#038;fbclid=PAcGRvZgJleHRuA2FlbQIxMQBzcnRjBmFwcF9pZA85MzY2MTk3NDMzOTI0NTkAAacgW20vIuhakYBCxZduUBbwssdSFoAQ7exuq7BFVvR-PR9sdpzVWlAvY7yZog_aem__Bn7V7eJEMspatV_tVfmIA\" target=\"_blank\" aria-label=\"ARTE GIF\"><img decoding=\"async\" src=\"https:\/\/www.ovigilanteonline.com.br\/site\/wp-content\/uploads\/2026\/05\/ARTE-GIF.gif\" alt=\"\"    \/><\/a><\/div>\n<h3 class=\"wp-block-heading\"><em><strong>Programa\u00e7\u00e3o re\u00fane m\u00fasica, capoeira, exposi\u00e7\u00f5es, oficinas, teatro e cinema com atra\u00e7\u00f5es para todas as idades<\/strong><\/em><\/h3>\n\n\n\n<p class=\"wp-block-paragraph\">A primeira semana de setembro ser\u00e1 marcada por uma programa\u00e7\u00e3o cultural diversificada em Cataguases, Leopoldina, Muria\u00e9 e Itamarati de Minas, com atividades apoiadas e patrocinadas pela Energisa e pelo Instituto Energisa. A agenda re\u00fane atra\u00e7\u00f5es gratuitas e op\u00e7\u00f5es a pre\u00e7os populares, valorizando diferentes manifesta\u00e7\u00f5es art\u00edsticas e ampliando o acesso da popula\u00e7\u00e3o \u00e0 cultura.&nbsp;<\/p>\n\n\n\n<p class=\"wp-block-paragraph\">Em Cataguases, o destaque fica por conta das atividades do Centro Cultural Humberto Mauro (CCHM), que recebe a oficina Boi Alado, uma forma\u00e7\u00e3o gratuita voltada \u00e0 cria\u00e7\u00e3o de bois folcl\u00f3ricos e ao fortalecimento das tradi\u00e7\u00f5es da cultura popular brasileira. A programa\u00e7\u00e3o tamb\u00e9m conta com a abertura de duas exposi\u00e7\u00f5es: &#8220;Do descarte \u00e0 cena&#8221;, que apresenta figurinos produzidos a partir do reaproveitamento de tecidos, e &#8220;Cataguases Bordada&#8221;, mostra que retrata pontos tur\u00edsticos e obras de arte da cidade por meio da t\u00e9cnica do bordado. Para as fam\u00edlias, a agenda inclui ainda o espet\u00e1culo infantil &#8220;O Controle M\u00e1gico&#8221;, do Grupo Pera.&nbsp;<\/p><div id=\"ovigi-3264969789\" class=\"ovigi-conteudo_2-3 ovigi-entity-placement\"><script async src=\"\/\/pagead2.googlesyndication.com\/pagead\/js\/adsbygoogle.js?client=ca-pub-4068173061741521\" crossorigin=\"anonymous\"><\/script><ins class=\"adsbygoogle\" style=\"display:block; text-align:center;\" data-ad-client=\"ca-pub-4068173061741521\" \ndata-ad-slot=\"6460393376\" \ndata-ad-layout=\"in-article\"\ndata-ad-format=\"fluid\"><\/ins>\n<script> \n(adsbygoogle = window.adsbygoogle || []).push({}); \n<\/script>\n<\/div><div id=\"ovigi-3128118271\" class=\"ovigi-conteudo_2-2 ovigi-entity-placement\"><script async src=\"\/\/pagead2.googlesyndication.com\/pagead\/js\/adsbygoogle.js?client=ca-pub-4068173061741521\" crossorigin=\"anonymous\"><\/script><ins class=\"adsbygoogle\" style=\"display:block; text-align:center;\" data-ad-client=\"ca-pub-4068173061741521\" \ndata-ad-slot=\"6460393376\" \ndata-ad-layout=\"in-article\"\ndata-ad-format=\"fluid\"><\/ins>\n<script> \n(adsbygoogle = window.adsbygoogle || []).push({}); \n<\/script>\n<\/div><div id=\"ovigi-1329594176\" class=\"ovigi-conteudo_2 ovigi-entity-placement\"><script async src=\"\/\/pagead2.googlesyndication.com\/pagead\/js\/adsbygoogle.js?client=ca-pub-4068173061741521\" crossorigin=\"anonymous\"><\/script><ins class=\"adsbygoogle\" style=\"display:block; text-align:center;\" data-ad-client=\"ca-pub-4068173061741521\" \ndata-ad-slot=\"6460393376\" \ndata-ad-layout=\"in-article\"\ndata-ad-format=\"fluid\"><\/ins>\n<script> \n(adsbygoogle = window.adsbygoogle || []).push({}); \n<\/script>\n<\/div><div id=\"ovigi-4009679113\" class=\"ovigi-conteudo_2-4 ovigi-entity-placement\"><script async src=\"\/\/pagead2.googlesyndication.com\/pagead\/js\/adsbygoogle.js?client=ca-pub-4068173061741521\" crossorigin=\"anonymous\"><\/script><ins class=\"adsbygoogle\" style=\"display:block; text-align:center;\" data-ad-client=\"ca-pub-4068173061741521\" \ndata-ad-slot=\"6460393376\" \ndata-ad-layout=\"in-article\"\ndata-ad-format=\"fluid\"><\/ins>\n<script> \n(adsbygoogle = window.adsbygoogle || []).push({}); \n<\/script>\n<\/div>\n\n\n\n<p class=\"wp-block-paragraph\">J\u00e1 em Itamarati de Minas, o projeto \u00c9 Tudo Crian\u00e7a ganha destaque com duas noites de cinema gratuito ao ar livre, nos dias 4 e 5 de setembro, na Pra\u00e7a Padre Paulo&nbsp;Fadda. Voltada para crian\u00e7as e fam\u00edlias, a iniciativa transforma o espa\u00e7o p\u00fablico em uma grande sala de cinema, proporcionando acesso gratuito ao entretenimento e incentivando a conviv\u00eancia comunit\u00e1ria por meio da cultura.&nbsp;<\/p>\n\n\n\n<figure class=\"wp-block-image size-full\"><img loading=\"lazy\" decoding=\"async\" width=\"900\" height=\"636\" src=\"https:\/\/www.ovigilanteonline.com.br\/site\/wp-content\/uploads\/2026\/09\/467676.jpg\" alt=\"\" class=\"wp-image-456603\" srcset=\"https:\/\/www.ovigilanteonline.com.br\/site\/wp-content\/uploads\/2026\/09\/467676.jpg 900w, https:\/\/www.ovigilanteonline.com.br\/site\/wp-content\/uploads\/2026\/09\/467676-300x212.jpg 300w, https:\/\/www.ovigilanteonline.com.br\/site\/wp-content\/uploads\/2026\/09\/467676-768x543.jpg 768w\" sizes=\"auto, (max-width: 900px) 100vw, 900px\" \/><\/figure>\n\n\n\n<p class=\"wp-block-paragraph\">Em Leopoldina, o Museu-Parque promove atividades que unem m\u00fasica e cultura popular. No s\u00e1bado, o&nbsp;artista&nbsp;Marcos Alves apresenta um repert\u00f3rio que percorre diferentes influ\u00eancias da m\u00fasica brasileira, passando pelo samba, bossa nova, blues e jazz. J\u00e1 no domingo, o p\u00fablico poder\u00e1 participar do encontro &#8220;A Arte de Fazer Amigos&#8221;, uma grande roda de capoeira organizada pelo Centro Cultural Corda Preta, reunindo mestres e praticantes de Minas Gerais, Bahia e Rio de Janeiro em uma celebra\u00e7\u00e3o da tradi\u00e7\u00e3o e da integra\u00e7\u00e3o cultural.&nbsp;<\/p>\n\n\n<div id=\"ovigi-2023803988\"><p><!-- wp:paragraph {\"align\":\"center\",\"fontSize\":\"small\"} --><\/p>\n<p class=\"has-text-align-center has-small-font-size\" style=\"text-align: center;\">PUBLICIDADE<\/p>\n<hr \/>\n<p><!-- \/wp:paragraph --><\/p>\n<div class=\"wp-block-columns\">\n<div class=\"wp-block-column\">\n<figure class=\"wp-block-image size-full is-resized\"><a href=\"https:\/\/www.instagram.com\/unimedleopoldina241\/\" target=\"_blank\" rel=\" noreferrer noopener\"><img loading=\"lazy\" decoding=\"async\" class=\"wp-image-455236\" src=\"https:\/\/www.ovigilanteonline.com.br\/site\/wp-content\/uploads\/2026\/08\/unimed-materias.jpg\" alt=\"\" width=\"371\" height=\"371\" \/> \u00a0 \u00a0<\/a><a href=\"https:\/\/vest.sudamerica.edu.br\/vest-2026-2\" target=\"_blank\" rel=\" noreferrer noopener\"><img loading=\"lazy\" decoding=\"async\" class=\"wp-image-453120\" src=\"https:\/\/www.ovigilanteonline.com.br\/site\/wp-content\/uploads\/2026\/08\/sudamerica-materias.jpg\" alt=\"\" width=\"379\" height=\"370\" \/><\/a><\/p>\n<hr \/>\n<\/figure>\n<\/div>\n<\/div>\n<p><!-- \/wp:separator --><\/p>\n<\/div>\n\n\n<p class=\"wp-block-paragraph\">\u201cA cultura \u00e9 uma ferramenta poderosa de transforma\u00e7\u00e3o social, capaz de gerar oportunidades, fortalecer identidades e aproximar as pessoas. Por isso, apoiamos iniciativas que ampliam o acesso da popula\u00e7\u00e3o \u00e0 arte, ao conhecimento e \u00e0 forma\u00e7\u00e3o cultural, contribuindo para o desenvolvimento das comunidades onde atuamos\u201d, destaca Fernando Costalonga, diretor-presidente da Energisa Minas Rio.&nbsp;<\/p>\n\n\n\n<h2 class=\"wp-block-heading\"><strong>Confira a programa\u00e7\u00e3o cultural completa da semana:<\/strong>&nbsp;<\/h2>\n\n\n\n<p class=\"wp-block-paragraph\"><em><strong>Cataguases<\/strong>\u00a0<\/em><\/p>\n\n\n\n<p class=\"wp-block-paragraph\"><strong>Oficina Boi Alado<\/strong>&nbsp;<\/p>\n\n\n\n<ul class=\"wp-block-list\">\n<li>Data:\u00a0at\u00e9 03\/09\u00a0|\u00a0Hor\u00e1rio: 16h \u00e0s 21h\u00a0<\/li>\n\n\n\n<li>Local: Centro Cultural Humberto Mauro (<a href=\"https:\/\/www.google.com\/maps\/search\/Rua+Major+Vieira,+10?entry=gmail&amp;source=g\">Rua Major Vieira, 10<\/a>\u00a0\u2013 Centro)\u00a0<\/li>\n\n\n\n<li>Classifica\u00e7\u00e3o: a partir de 15 anos\u00a0|\u00a0Inscri\u00e7\u00f5es gratuitas:\u00a0<a href=\"https:\/\/forms.gle\/o9zxED79UMVR7TeH8\" target=\"_blank\" rel=\"noopener\">https:\/\/forms.gle\/o9zxED79UMVR7TeH8<\/a>\u00a0<\/li>\n<\/ul>\n\n\n\n<p class=\"wp-block-paragraph\"><strong>Exposi\u00e7\u00e3o &#8220;Do descarte \u00e0 cena&#8221;<\/strong>&nbsp;<\/p>\n\n\n\n<ul class=\"wp-block-list\">\n<li>At\u00e9 o dia 14\/10\u00a0|\u00a0Hor\u00e1rio: 19h\u00a0<\/li>\n\n\n\n<li>Local: Centro Cultural Humberto Mauro (<a href=\"https:\/\/www.google.com\/maps\/search\/Rua+Major+Vieira,+10?entry=gmail&amp;source=g\">Rua Major Vieira, 10<\/a>\u00a0\u2013 Centro)\u00a0<\/li>\n\n\n\n<li>Entrada gratuita\u00a0|\u00a0Classifica\u00e7\u00e3o livre\u00a0<\/li>\n<\/ul>\n\n\n\n<p class=\"wp-block-paragraph\"><strong>Exposi\u00e7\u00e3o &#8220;Cataguases Bordada&#8221;<\/strong>&nbsp;<\/p>\n\n\n\n<ul class=\"wp-block-list\">\n<li>Abertura: 04\/09\u00a0|\u00a0Hor\u00e1rio: 13h\u00a0<\/li>\n\n\n\n<li>Local: Centro Cultural Humberto Mauro (<a href=\"https:\/\/www.google.com\/maps\/search\/Rua+Major+Vieira,+10?entry=gmail&amp;source=g\">Rua Major Vieira, 10<\/a>\u00a0\u2013 Centro)\u00a0<\/li>\n\n\n\n<li>Entrada gratuita\u00a0|\u00a0Classifica\u00e7\u00e3o livre\u00a0<\/li>\n<\/ul>\n\n\n\n<p class=\"wp-block-paragraph\"><strong>Espet\u00e1culo &#8220;O Controle M\u00e1gico&#8221;<\/strong>&nbsp;<\/p>\n\n\n\n<ul class=\"wp-block-list\">\n<li>Data: 05\/09\u00a0|\u00a0Hor\u00e1rio: 16h \u00e0s 17h30\u00a0<\/li>\n\n\n\n<li>Local: Centro Cultural Humberto Mauro (<a href=\"https:\/\/www.google.com\/maps\/search\/Rua+Major+Vieira,+10?entry=gmail&amp;source=g\">Rua Major Vieira, 10<\/a>\u00a0\u2013 Centro)\u00a0<\/li>\n\n\n\n<li>Ingresso: R$ 20 Vendas no local, por ordem de chegada\u00a0|\u00a0Informa\u00e7\u00f5es: (32) 99841-2406\u00a0<\/li>\n<\/ul>\n\n\n\n<p class=\"wp-block-paragraph\"><em><strong>Itamarati de Minas<\/strong>\u00a0<\/em><\/p>\n\n\n\n<p class=\"wp-block-paragraph\"><strong>\u00c9 Tudo Crian\u00e7a&nbsp;<\/strong>&nbsp;<\/p>\n\n\n\n<ul class=\"wp-block-list\">\n<li>Datas: 04 e 05\/09 | Hor\u00e1rio: 18h30 \u00e0s 21h\u00a0<\/li>\n\n\n\n<li>Local:Pra\u00e7a Padre Paulo\u00a0Fadda, Centro\u00a0\u00a0<\/li>\n\n\n\n<li>Entrada gratuita\u00a0|\u00a0Classifica\u00e7\u00e3o livre.\u00a0<\/li>\n<\/ul>\n\n\n\n<p class=\"wp-block-paragraph\"><em><strong>Leopoldina<\/strong>\u00a0<\/em><\/p>\n\n\n\n<p class=\"wp-block-paragraph\"><strong>Show do&nbsp;Marcos Alves&nbsp;<\/strong>&nbsp;<\/p>\n\n\n\n<ul class=\"wp-block-list\">\n<li>Data: 05\/09 (s\u00e1bado)\u00a0|\u00a0Hor\u00e1rio: em defini\u00e7\u00e3o\u00a0<\/li>\n\n\n\n<li>Local: Museu-Parque Usina Maur\u00edcio (Estrada LPD, 319 &#8211; Km 0 \u2013 distrito de\u00a0Piacatuba)\u00a0<\/li>\n\n\n\n<li>Entrada gratuita\u00a0|\u00a0Classifica\u00e7\u00e3o livre\u00a0<\/li>\n<\/ul>\n\n\n\n<p class=\"wp-block-paragraph\"><strong>Encontro da Arte de Fazer Amigos \u2013 Roda de Capoeira do Centro Cultural Corda Preta<\/strong>&nbsp;<\/p>\n\n\n\n<ul class=\"wp-block-list\">\n<li>Data: 06\/09 (domingo)\u00a0|\u00a0Hor\u00e1rio: 10h30\u00a0<\/li>\n\n\n\n<li>Local: Museu-Parque Usina Maur\u00edcio (Estrada LPD, 319 &#8211; Km 0 \u2013 distrito de\u00a0Piacatuba)\u00a0<\/li>\n\n\n\n<li>Entrada gratuita\u00a0|\u00a0Classifica\u00e7\u00e3o livre\u00a0<\/li>\n<\/ul>\n\n\n\n<p class=\"wp-block-paragraph\"><em><strong>Muria\u00e9<\/strong>\u00a0<\/em><\/p>\n\n\n\n<p class=\"wp-block-paragraph\"><strong>Exposi\u00e7\u00e3o &#8220;Entre Duas Terras&#8221; \u2013 Andr\u00e9 Berlinck<\/strong>&nbsp;<\/p>\n\n\n\n<ul class=\"wp-block-list\">\n<li>Per\u00edodo: at\u00e9 30\/09 | Hor\u00e1rio: a partir das 19h\u00a0<\/li>\n\n\n\n<li>Local:\u00a0<a href=\"https:\/\/www.google.com\/maps\/search\/Pra%C3%A7a+Jo%C3%A3o+Pinheiro,+164?entry=gmail&amp;source=g\">Pra\u00e7a Jo\u00e3o Pinheiro, 164<\/a>\u00a0&#8211; Centro\u00a0<\/li>\n\n\n\n<li>Entrada gratuita\u00a0|\u00a0Classifica\u00e7\u00e3o livre\u00a0<\/li>\n<\/ul>\n","protected":false},"excerpt":{"rendered":"<p>Programa\u00e7\u00e3o re\u00fane m\u00fasica, capoeira, exposi\u00e7\u00f5es, oficinas, teatro e cinema com atra\u00e7\u00f5es para todas as idades A primeira semana de setembro ser\u00e1 marcada por uma programa\u00e7\u00e3o cultural diversificada em Cataguases, Leopoldina, Muria\u00e9 e Itamarati de Minas, com atividades apoiadas e patrocinadas pela Energisa e pelo Instituto Energisa. A agenda re\u00fane atra\u00e7\u00f5es gratuitas e op\u00e7\u00f5es a pre\u00e7os [&hellip;]<\/p>\n","protected":false},"author":2,"featured_media":456604,"comment_status":"open","ping_status":"closed","sticky":false,"template":"","format":"standard","meta":{"footnotes":""},"categories":[1,26],"tags":[],"class_list":["post-456602","post","type-post","status-publish","format-standard","has-post-thumbnail","hentry","category-destaque","category-ultimas-noticias"],"yoast_head":"<!-- This site is optimized with the Yoast SEO plugin v28.3 - https:\/\/yoast.com\/product\/yoast-seo-wordpress\/ -->\n<title>Agenda cultural movimenta Cataguases, Leopoldina, Muria\u00e9 e Itamarati de Minas na primeira semana de setembro\u00a0<\/title>\n<meta name=\"robots\" content=\"index, follow, max-snippet:-1, max-image-preview:large, max-video-preview:-1\" \/>\n<link rel=\"canonical\" href=\"https:\/\/www.ovigilanteonline.com.br\/site\/2026\/09\/03\/agenda-cultural-movimenta-cataguases-leopoldina-muriae-e-itamarati-de-minas-na-primeira-semana-de-setembro\/\" \/>\n<meta property=\"og:locale\" content=\"pt_BR\" \/>\n<meta property=\"og:type\" content=\"article\" \/>\n<meta property=\"og:title\" content=\"Agenda cultural movimenta Cataguases, Leopoldina, Muria\u00e9 e Itamarati de Minas na primeira semana de setembro\u00a0\" \/>\n<meta property=\"og:description\" content=\"Programa\u00e7\u00e3o re\u00fane m\u00fasica, capoeira, exposi\u00e7\u00f5es, oficinas, teatro e cinema com atra\u00e7\u00f5es para todas as idades A primeira semana de setembro ser\u00e1 marcada por uma programa\u00e7\u00e3o cultural diversificada em Cataguases, Leopoldina, Muria\u00e9 e Itamarati de Minas, com atividades apoiadas e patrocinadas pela Energisa e pelo Instituto Energisa. A agenda re\u00fane atra\u00e7\u00f5es gratuitas e op\u00e7\u00f5es a pre\u00e7os [&hellip;]\" \/>\n<meta property=\"og:url\" content=\"https:\/\/www.ovigilanteonline.com.br\/site\/2026\/09\/03\/agenda-cultural-movimenta-cataguases-leopoldina-muriae-e-itamarati-de-minas-na-primeira-semana-de-setembro\/\" \/>\n<meta property=\"og:site_name\" content=\"O VIGILANTE ONLINE\" \/>\n<meta property=\"article:publisher\" content=\"https:\/\/www.facebook.com\/ovigilanteonline\" \/>\n<meta property=\"article:published_time\" content=\"2026-09-03T14:06:59+00:00\" \/>\n<meta property=\"article:modified_time\" content=\"2026-09-03T14:07:13+00:00\" \/>\n<meta property=\"og:image\" content=\"https:\/\/www.ovigilanteonline.com.br\/site\/wp-content\/uploads\/2026\/09\/8768768.jpg\" \/>\n\t<meta property=\"og:image:width\" content=\"958\" \/>\n\t<meta property=\"og:image:height\" content=\"550\" \/>\n\t<meta property=\"og:image:type\" content=\"image\/jpeg\" \/>\n<meta name=\"author\" content=\"Jornalismo\" \/>\n<meta name=\"twitter:card\" content=\"summary_large_image\" \/>\n<meta name=\"twitter:label1\" content=\"Escrito por\" \/>\n\t<meta name=\"twitter:data1\" content=\"Jornalismo\" \/>\n\t<meta name=\"twitter:label2\" content=\"Est. tempo de leitura\" \/>\n\t<meta name=\"twitter:data2\" content=\"4 minutos\" \/>\n<script type=\"application\/ld+json\" class=\"yoast-schema-graph\">{\"@context\":\"https:\\\/\\\/schema.org\",\"@graph\":[{\"@type\":\"Article\",\"@id\":\"https:\\\/\\\/www.ovigilanteonline.com.br\\\/site\\\/2026\\\/09\\\/03\\\/agenda-cultural-movimenta-cataguases-leopoldina-muriae-e-itamarati-de-minas-na-primeira-semana-de-setembro\\\/#article\",\"isPartOf\":{\"@id\":\"https:\\\/\\\/www.ovigilanteonline.com.br\\\/site\\\/2026\\\/09\\\/03\\\/agenda-cultural-movimenta-cataguases-leopoldina-muriae-e-itamarati-de-minas-na-primeira-semana-de-setembro\\\/\"},\"author\":{\"name\":\"Jornalismo\",\"@id\":\"https:\\\/\\\/www.ovigilanteonline.com.br\\\/site\\\/#\\\/schema\\\/person\\\/538fdfb33c0c411cd14a732e7cf14aa6\"},\"headline\":\"Agenda cultural movimenta Cataguases, Leopoldina, Muria\u00e9 e Itamarati de Minas na primeira semana de setembro\u00a0\",\"datePublished\":\"2026-09-03T14:06:59+00:00\",\"dateModified\":\"2026-09-03T14:07:13+00:00\",\"mainEntityOfPage\":{\"@id\":\"https:\\\/\\\/www.ovigilanteonline.com.br\\\/site\\\/2026\\\/09\\\/03\\\/agenda-cultural-movimenta-cataguases-leopoldina-muriae-e-itamarati-de-minas-na-primeira-semana-de-setembro\\\/\"},\"wordCount\":682,\"commentCount\":0,\"image\":{\"@id\":\"https:\\\/\\\/www.ovigilanteonline.com.br\\\/site\\\/2026\\\/09\\\/03\\\/agenda-cultural-movimenta-cataguases-leopoldina-muriae-e-itamarati-de-minas-na-primeira-semana-de-setembro\\\/#primaryimage\"},\"thumbnailUrl\":\"https:\\\/\\\/www.ovigilanteonline.com.br\\\/site\\\/wp-content\\\/uploads\\\/2026\\\/09\\\/8768768.jpg\",\"articleSection\":[\"Destaque\",\"\u00daltimas Not\u00edcias\"],\"inLanguage\":\"pt-BR\",\"potentialAction\":[{\"@type\":\"CommentAction\",\"name\":\"Comment\",\"target\":[\"https:\\\/\\\/www.ovigilanteonline.com.br\\\/site\\\/2026\\\/09\\\/03\\\/agenda-cultural-movimenta-cataguases-leopoldina-muriae-e-itamarati-de-minas-na-primeira-semana-de-setembro\\\/#respond\"]}]},{\"@type\":\"WebPage\",\"@id\":\"https:\\\/\\\/www.ovigilanteonline.com.br\\\/site\\\/2026\\\/09\\\/03\\\/agenda-cultural-movimenta-cataguases-leopoldina-muriae-e-itamarati-de-minas-na-primeira-semana-de-setembro\\\/\",\"url\":\"https:\\\/\\\/www.ovigilanteonline.com.br\\\/site\\\/2026\\\/09\\\/03\\\/agenda-cultural-movimenta-cataguases-leopoldina-muriae-e-itamarati-de-minas-na-primeira-semana-de-setembro\\\/\",\"name\":\"Agenda cultural movimenta Cataguases, Leopoldina, Muria\u00e9 e Itamarati de Minas na primeira semana de setembro\u00a0\",\"isPartOf\":{\"@id\":\"https:\\\/\\\/www.ovigilanteonline.com.br\\\/site\\\/#website\"},\"primaryImageOfPage\":{\"@id\":\"https:\\\/\\\/www.ovigilanteonline.com.br\\\/site\\\/2026\\\/09\\\/03\\\/agenda-cultural-movimenta-cataguases-leopoldina-muriae-e-itamarati-de-minas-na-primeira-semana-de-setembro\\\/#primaryimage\"},\"image\":{\"@id\":\"https:\\\/\\\/www.ovigilanteonline.com.br\\\/site\\\/2026\\\/09\\\/03\\\/agenda-cultural-movimenta-cataguases-leopoldina-muriae-e-itamarati-de-minas-na-primeira-semana-de-setembro\\\/#primaryimage\"},\"thumbnailUrl\":\"https:\\\/\\\/www.ovigilanteonline.com.br\\\/site\\\/wp-content\\\/uploads\\\/2026\\\/09\\\/8768768.jpg\",\"datePublished\":\"2026-09-03T14:06:59+00:00\",\"dateModified\":\"2026-09-03T14:07:13+00:00\",\"author\":{\"@id\":\"https:\\\/\\\/www.ovigilanteonline.com.br\\\/site\\\/#\\\/schema\\\/person\\\/538fdfb33c0c411cd14a732e7cf14aa6\"},\"breadcrumb\":{\"@id\":\"https:\\\/\\\/www.ovigilanteonline.com.br\\\/site\\\/2026\\\/09\\\/03\\\/agenda-cultural-movimenta-cataguases-leopoldina-muriae-e-itamarati-de-minas-na-primeira-semana-de-setembro\\\/#breadcrumb\"},\"inLanguage\":\"pt-BR\",\"potentialAction\":[{\"@type\":\"ReadAction\",\"target\":[\"https:\\\/\\\/www.ovigilanteonline.com.br\\\/site\\\/2026\\\/09\\\/03\\\/agenda-cultural-movimenta-cataguases-leopoldina-muriae-e-itamarati-de-minas-na-primeira-semana-de-setembro\\\/\"]}]},{\"@type\":\"ImageObject\",\"inLanguage\":\"pt-BR\",\"@id\":\"https:\\\/\\\/www.ovigilanteonline.com.br\\\/site\\\/2026\\\/09\\\/03\\\/agenda-cultural-movimenta-cataguases-leopoldina-muriae-e-itamarati-de-minas-na-primeira-semana-de-setembro\\\/#primaryimage\",\"url\":\"https:\\\/\\\/www.ovigilanteonline.com.br\\\/site\\\/wp-content\\\/uploads\\\/2026\\\/09\\\/8768768.jpg\",\"contentUrl\":\"https:\\\/\\\/www.ovigilanteonline.com.br\\\/site\\\/wp-content\\\/uploads\\\/2026\\\/09\\\/8768768.jpg\",\"width\":958,\"height\":550},{\"@type\":\"BreadcrumbList\",\"@id\":\"https:\\\/\\\/www.ovigilanteonline.com.br\\\/site\\\/2026\\\/09\\\/03\\\/agenda-cultural-movimenta-cataguases-leopoldina-muriae-e-itamarati-de-minas-na-primeira-semana-de-setembro\\\/#breadcrumb\",\"itemListElement\":[{\"@type\":\"ListItem\",\"position\":1,\"name\":\"In\u00edcio\",\"item\":\"https:\\\/\\\/www.ovigilanteonline.com.br\\\/site\\\/\"},{\"@type\":\"ListItem\",\"position\":2,\"name\":\"Agenda cultural movimenta Cataguases, Leopoldina, Muria\u00e9 e Itamarati de Minas na primeira semana de setembro\u00a0\"}]},{\"@type\":\"WebSite\",\"@id\":\"https:\\\/\\\/www.ovigilanteonline.com.br\\\/site\\\/#website\",\"url\":\"https:\\\/\\\/www.ovigilanteonline.com.br\\\/site\\\/\",\"name\":\"O VIGILANTE ONLINE - Not\u00edcias de Leopoldina e regi\u00e3o\",\"description\":\"\",\"potentialAction\":[{\"@type\":\"SearchAction\",\"target\":{\"@type\":\"EntryPoint\",\"urlTemplate\":\"https:\\\/\\\/www.ovigilanteonline.com.br\\\/site\\\/?s={search_term_string}\"},\"query-input\":{\"@type\":\"PropertyValueSpecification\",\"valueRequired\":true,\"valueName\":\"search_term_string\"}}],\"inLanguage\":\"pt-BR\"},{\"@type\":\"Person\",\"@id\":\"https:\\\/\\\/www.ovigilanteonline.com.br\\\/site\\\/#\\\/schema\\\/person\\\/538fdfb33c0c411cd14a732e7cf14aa6\",\"name\":\"Jornalismo\"}]}<\/script>\n<!-- \/ Yoast SEO plugin. -->","yoast_head_json":{"title":"Agenda cultural movimenta Cataguases, Leopoldina, Muria\u00e9 e Itamarati de Minas na primeira semana de setembro\u00a0","robots":{"index":"index","follow":"follow","max-snippet":"max-snippet:-1","max-image-preview":"max-image-preview:large","max-video-preview":"max-video-preview:-1"},"canonical":"https:\/\/www.ovigilanteonline.com.br\/site\/2026\/09\/03\/agenda-cultural-movimenta-cataguases-leopoldina-muriae-e-itamarati-de-minas-na-primeira-semana-de-setembro\/","og_locale":"pt_BR","og_type":"article","og_title":"Agenda cultural movimenta Cataguases, Leopoldina, Muria\u00e9 e Itamarati de Minas na primeira semana de setembro\u00a0","og_description":"Programa\u00e7\u00e3o re\u00fane m\u00fasica, capoeira, exposi\u00e7\u00f5es, oficinas, teatro e cinema com atra\u00e7\u00f5es para todas as idades A primeira semana de setembro ser\u00e1 marcada por uma programa\u00e7\u00e3o cultural diversificada em Cataguases, Leopoldina, Muria\u00e9 e Itamarati de Minas, com atividades apoiadas e patrocinadas pela Energisa e pelo Instituto Energisa. A agenda re\u00fane atra\u00e7\u00f5es gratuitas e op\u00e7\u00f5es a pre\u00e7os [&hellip;]","og_url":"https:\/\/www.ovigilanteonline.com.br\/site\/2026\/09\/03\/agenda-cultural-movimenta-cataguases-leopoldina-muriae-e-itamarati-de-minas-na-primeira-semana-de-setembro\/","og_site_name":"O VIGILANTE ONLINE","article_publisher":"https:\/\/www.facebook.com\/ovigilanteonline","article_published_time":"2026-09-03T14:06:59+00:00","article_modified_time":"2026-09-03T14:07:13+00:00","og_image":[{"width":958,"height":550,"url":"https:\/\/www.ovigilanteonline.com.br\/site\/wp-content\/uploads\/2026\/09\/8768768.jpg","type":"image\/jpeg"}],"author":"Jornalismo","twitter_card":"summary_large_image","twitter_misc":{"Escrito por":"Jornalismo","Est. tempo de leitura":"4 minutos"},"schema":{"@context":"https:\/\/schema.org","@graph":[{"@type":"Article","@id":"https:\/\/www.ovigilanteonline.com.br\/site\/2026\/09\/03\/agenda-cultural-movimenta-cataguases-leopoldina-muriae-e-itamarati-de-minas-na-primeira-semana-de-setembro\/#article","isPartOf":{"@id":"https:\/\/www.ovigilanteonline.com.br\/site\/2026\/09\/03\/agenda-cultural-movimenta-cataguases-leopoldina-muriae-e-itamarati-de-minas-na-primeira-semana-de-setembro\/"},"author":{"name":"Jornalismo","@id":"https:\/\/www.ovigilanteonline.com.br\/site\/#\/schema\/person\/538fdfb33c0c411cd14a732e7cf14aa6"},"headline":"Agenda cultural movimenta Cataguases, Leopoldina, Muria\u00e9 e Itamarati de Minas na primeira semana de setembro\u00a0","datePublished":"2026-09-03T14:06:59+00:00","dateModified":"2026-09-03T14:07:13+00:00","mainEntityOfPage":{"@id":"https:\/\/www.ovigilanteonline.com.br\/site\/2026\/09\/03\/agenda-cultural-movimenta-cataguases-leopoldina-muriae-e-itamarati-de-minas-na-primeira-semana-de-setembro\/"},"wordCount":682,"commentCount":0,"image":{"@id":"https:\/\/www.ovigilanteonline.com.br\/site\/2026\/09\/03\/agenda-cultural-movimenta-cataguases-leopoldina-muriae-e-itamarati-de-minas-na-primeira-semana-de-setembro\/#primaryimage"},"thumbnailUrl":"https:\/\/www.ovigilanteonline.com.br\/site\/wp-content\/uploads\/2026\/09\/8768768.jpg","articleSection":["Destaque","\u00daltimas Not\u00edcias"],"inLanguage":"pt-BR","potentialAction":[{"@type":"CommentAction","name":"Comment","target":["https:\/\/www.ovigilanteonline.com.br\/site\/2026\/09\/03\/agenda-cultural-movimenta-cataguases-leopoldina-muriae-e-itamarati-de-minas-na-primeira-semana-de-setembro\/#respond"]}]},{"@type":"WebPage","@id":"https:\/\/www.ovigilanteonline.com.br\/site\/2026\/09\/03\/agenda-cultural-movimenta-cataguases-leopoldina-muriae-e-itamarati-de-minas-na-primeira-semana-de-setembro\/","url":"https:\/\/www.ovigilanteonline.com.br\/site\/2026\/09\/03\/agenda-cultural-movimenta-cataguases-leopoldina-muriae-e-itamarati-de-minas-na-primeira-semana-de-setembro\/","name":"Agenda cultural movimenta Cataguases, Leopoldina, Muria\u00e9 e Itamarati de Minas na primeira semana de setembro\u00a0","isPartOf":{"@id":"https:\/\/www.ovigilanteonline.com.br\/site\/#website"},"primaryImageOfPage":{"@id":"https:\/\/www.ovigilanteonline.com.br\/site\/2026\/09\/03\/agenda-cultural-movimenta-cataguases-leopoldina-muriae-e-itamarati-de-minas-na-primeira-semana-de-setembro\/#primaryimage"},"image":{"@id":"https:\/\/www.ovigilanteonline.com.br\/site\/2026\/09\/03\/agenda-cultural-movimenta-cataguases-leopoldina-muriae-e-itamarati-de-minas-na-primeira-semana-de-setembro\/#primaryimage"},"thumbnailUrl":"https:\/\/www.ovigilanteonline.com.br\/site\/wp-content\/uploads\/2026\/09\/8768768.jpg","datePublished":"2026-09-03T14:06:59+00:00","dateModified":"2026-09-03T14:07:13+00:00","author":{"@id":"https:\/\/www.ovigilanteonline.com.br\/site\/#\/schema\/person\/538fdfb33c0c411cd14a732e7cf14aa6"},"breadcrumb":{"@id":"https:\/\/www.ovigilanteonline.com.br\/site\/2026\/09\/03\/agenda-cultural-movimenta-cataguases-leopoldina-muriae-e-itamarati-de-minas-na-primeira-semana-de-setembro\/#breadcrumb"},"inLanguage":"pt-BR","potentialAction":[{"@type":"ReadAction","target":["https:\/\/www.ovigilanteonline.com.br\/site\/2026\/09\/03\/agenda-cultural-movimenta-cataguases-leopoldina-muriae-e-itamarati-de-minas-na-primeira-semana-de-setembro\/"]}]},{"@type":"ImageObject","inLanguage":"pt-BR","@id":"https:\/\/www.ovigilanteonline.com.br\/site\/2026\/09\/03\/agenda-cultural-movimenta-cataguases-leopoldina-muriae-e-itamarati-de-minas-na-primeira-semana-de-setembro\/#primaryimage","url":"https:\/\/www.ovigilanteonline.com.br\/site\/wp-content\/uploads\/2026\/09\/8768768.jpg","contentUrl":"https:\/\/www.ovigilanteonline.com.br\/site\/wp-content\/uploads\/2026\/09\/8768768.jpg","width":958,"height":550},{"@type":"BreadcrumbList","@id":"https:\/\/www.ovigilanteonline.com.br\/site\/2026\/09\/03\/agenda-cultural-movimenta-cataguases-leopoldina-muriae-e-itamarati-de-minas-na-primeira-semana-de-setembro\/#breadcrumb","itemListElement":[{"@type":"ListItem","position":1,"name":"In\u00edcio","item":"https:\/\/www.ovigilanteonline.com.br\/site\/"},{"@type":"ListItem","position":2,"name":"Agenda cultural movimenta Cataguases, Leopoldina, Muria\u00e9 e Itamarati de Minas na primeira semana de setembro\u00a0"}]},{"@type":"WebSite","@id":"https:\/\/www.ovigilanteonline.com.br\/site\/#website","url":"https:\/\/www.ovigilanteonline.com.br\/site\/","name":"O VIGILANTE ONLINE - Not\u00edcias de Leopoldina e regi\u00e3o","description":"","potentialAction":[{"@type":"SearchAction","target":{"@type":"EntryPoint","urlTemplate":"https:\/\/www.ovigilanteonline.com.br\/site\/?s={search_term_string}"},"query-input":{"@type":"PropertyValueSpecification","valueRequired":true,"valueName":"search_term_string"}}],"inLanguage":"pt-BR"},{"@type":"Person","@id":"https:\/\/www.ovigilanteonline.com.br\/site\/#\/schema\/person\/538fdfb33c0c411cd14a732e7cf14aa6","name":"Jornalismo"}]}},"cc_featured_image_caption":{"caption_text":"","source_text":"","source_url":""},"_links":{"self":[{"href":"https:\/\/www.ovigilanteonline.com.br\/site\/wp-json\/wp\/v2\/posts\/456602","targetHints":{"allow":["GET"]}}],"collection":[{"href":"https:\/\/www.ovigilanteonline.com.br\/site\/wp-json\/wp\/v2\/posts"}],"about":[{"href":"https:\/\/www.ovigilanteonline.com.br\/site\/wp-json\/wp\/v2\/types\/post"}],"author":[{"embeddable":true,"href":"https:\/\/www.ovigilanteonline.com.br\/site\/wp-json\/wp\/v2\/users\/2"}],"replies":[{"embeddable":true,"href":"https:\/\/www.ovigilanteonline.com.br\/site\/wp-json\/wp\/v2\/comments?post=456602"}],"version-history":[{"count":1,"href":"https:\/\/www.ovigilanteonline.com.br\/site\/wp-json\/wp\/v2\/posts\/456602\/revisions"}],"predecessor-version":[{"id":456605,"href":"https:\/\/www.ovigilanteonline.com.br\/site\/wp-json\/wp\/v2\/posts\/456602\/revisions\/456605"}],"wp:featuredmedia":[{"embeddable":true,"href":"https:\/\/www.ovigilanteonline.com.br\/site\/wp-json\/wp\/v2\/media\/456604"}],"wp:attachment":[{"href":"https:\/\/www.ovigilanteonline.com.br\/site\/wp-json\/wp\/v2\/media?parent=456602"}],"wp:term":[{"taxonomy":"category","embeddable":true,"href":"https:\/\/www.ovigilanteonline.com.br\/site\/wp-json\/wp\/v2\/categories?post=456602"},{"taxonomy":"post_tag","embeddable":true,"href":"https:\/\/www.ovigilanteonline.com.br\/site\/wp-json\/wp\/v2\/tags?post=456602"}],"curies":[{"name":"wp","href":"https:\/\/api.w.org\/{rel}","templated":true}]}}