{"id":456597,"date":"2026-09-03T09:28:42","date_gmt":"2026-09-03T12:28:42","guid":{"rendered":"https:\/\/www.ovigilanteonline.com.br\/site\/?p=456597"},"modified":"2026-09-03T09:39:09","modified_gmt":"2026-09-03T12:39:09","slug":"ministerio-publico-denuncia-nove-integrantes-de-grupo-ligado-ao-comando-vermelho-que-atua-em-leopoldina-e-regiao","status":"publish","type":"post","link":"https:\/\/www.ovigilanteonline.com.br\/site\/2026\/09\/03\/ministerio-publico-denuncia-nove-integrantes-de-grupo-ligado-ao-comando-vermelho-que-atua-em-leopoldina-e-regiao\/","title":{"rendered":"Minist\u00e9rio p\u00fablico denuncia nove integrantes de grupo ligado ao Comando Vermelho que atua em Leopoldina e regi\u00e3o"},"content":{"rendered":"<div id=\"ovigi-3216976241\" class=\"ovigi-inicio-post-interno ovigi-entity-placement\" style=\"margin-left: auto;margin-right: auto;text-align: center;\"><a href=\"https:\/\/onelink.to\/tfjfd3?utm_source=ig&#038;utm_medium=social&#038;utm_content=link_in_bio&#038;fbclid=PAcGRvZgJleHRuA2FlbQIxMQBzcnRjBmFwcF9pZA85MzY2MTk3NDMzOTI0NTkAAacgW20vIuhakYBCxZduUBbwssdSFoAQ7exuq7BFVvR-PR9sdpzVWlAvY7yZog_aem__Bn7V7eJEMspatV_tVfmIA\" target=\"_blank\" aria-label=\"ARTE GIF\"><img decoding=\"async\" src=\"https:\/\/www.ovigilanteonline.com.br\/site\/wp-content\/uploads\/2026\/05\/ARTE-GIF.gif\" alt=\"\"    \/><\/a><\/div>\n<h3 class=\"wp-block-heading\"><strong><em>Denunciados foram alvos da Opera\u00e7\u00e3o &#8216;Quione&#8217;, deflagrada em 9 de julho deste ano pelo MPMG e Pol\u00edcia Militar <\/em><\/strong><\/h3>\n\n\n\n<figure class=\"wp-block-image size-full\"><img loading=\"lazy\" decoding=\"async\" width=\"800\" height=\"566\" src=\"https:\/\/www.ovigilanteonline.com.br\/site\/wp-content\/uploads\/2026\/09\/656565.jpg\" alt=\"\" class=\"wp-image-456599\" srcset=\"https:\/\/www.ovigilanteonline.com.br\/site\/wp-content\/uploads\/2026\/09\/656565.jpg 800w, https:\/\/www.ovigilanteonline.com.br\/site\/wp-content\/uploads\/2026\/09\/656565-300x212.jpg 300w, https:\/\/www.ovigilanteonline.com.br\/site\/wp-content\/uploads\/2026\/09\/656565-767x543.jpg 767w\" sizes=\"auto, (max-width: 800px) 100vw, 800px\" \/><figcaption class=\"wp-element-caption\">Fuzis e drogas foram apreendidos em opera\u00e7\u00e3o<\/figcaption><\/figure>\n\n\n\n<p class=\"wp-block-paragraph\">O Minist\u00e9rio P\u00fablico de Minas Gerais (MPMG) denunciou nove pessoas apontadas como integrantes de uma organiza\u00e7\u00e3o criminosa ligada ao Comando Vermelho, com atua\u00e7\u00e3o na regi\u00e3o de Leopoldina e no estado do Rio de Janeiro.<\/p>\n\n\n\n<p class=\"wp-block-paragraph\">Os nove denunciados foram alvos da <a href=\"https:\/\/www.ovigilanteonline.com.br\/site\/2026\/07\/09\/operacao-mira-organizacao-criminosa-ligada-ao-comando-vermelho-em-leopoldina-e-regiao\/\" target=\"_blank\" rel=\"noreferrer noopener\">Opera\u00e7\u00e3o &#8216;Quione&#8217;, deflagrada em 9 de julho deste ano<\/a> pelo MPMG e pela Pol\u00edcia Militar de Minas Gerais (PMMG). A a\u00e7\u00e3o cumpriu 27 mandados de pris\u00e3o preventiva e 43 de busca e apreens\u00e3o em Leopoldina, Recreio, Juiz de Fora e no Rio de Janeiro.<\/p><div id=\"ovigi-2026792220\" class=\"ovigi-conteudo_2-3 ovigi-entity-placement\"><script async src=\"\/\/pagead2.googlesyndication.com\/pagead\/js\/adsbygoogle.js?client=ca-pub-4068173061741521\" crossorigin=\"anonymous\"><\/script><ins class=\"adsbygoogle\" style=\"display:block; text-align:center;\" data-ad-client=\"ca-pub-4068173061741521\" \ndata-ad-slot=\"6460393376\" \ndata-ad-layout=\"in-article\"\ndata-ad-format=\"fluid\"><\/ins>\n<script> \n(adsbygoogle = window.adsbygoogle || []).push({}); \n<\/script>\n<\/div><div id=\"ovigi-69327716\" class=\"ovigi-conteudo_2-2 ovigi-entity-placement\"><script async src=\"\/\/pagead2.googlesyndication.com\/pagead\/js\/adsbygoogle.js?client=ca-pub-4068173061741521\" crossorigin=\"anonymous\"><\/script><ins class=\"adsbygoogle\" style=\"display:block; text-align:center;\" data-ad-client=\"ca-pub-4068173061741521\" \ndata-ad-slot=\"6460393376\" \ndata-ad-layout=\"in-article\"\ndata-ad-format=\"fluid\"><\/ins>\n<script> \n(adsbygoogle = window.adsbygoogle || []).push({}); \n<\/script>\n<\/div><div id=\"ovigi-3336462414\" class=\"ovigi-conteudo_2 ovigi-entity-placement\"><script async src=\"\/\/pagead2.googlesyndication.com\/pagead\/js\/adsbygoogle.js?client=ca-pub-4068173061741521\" crossorigin=\"anonymous\"><\/script><ins class=\"adsbygoogle\" style=\"display:block; text-align:center;\" data-ad-client=\"ca-pub-4068173061741521\" \ndata-ad-slot=\"6460393376\" \ndata-ad-layout=\"in-article\"\ndata-ad-format=\"fluid\"><\/ins>\n<script> \n(adsbygoogle = window.adsbygoogle || []).push({}); \n<\/script>\n<\/div><div id=\"ovigi-433778641\" class=\"ovigi-conteudo_2-4 ovigi-entity-placement\"><script async src=\"\/\/pagead2.googlesyndication.com\/pagead\/js\/adsbygoogle.js?client=ca-pub-4068173061741521\" crossorigin=\"anonymous\"><\/script><ins class=\"adsbygoogle\" style=\"display:block; text-align:center;\" data-ad-client=\"ca-pub-4068173061741521\" \ndata-ad-slot=\"6460393376\" \ndata-ad-layout=\"in-article\"\ndata-ad-format=\"fluid\"><\/ins>\n<script> \n(adsbygoogle = window.adsbygoogle || []).push({}); \n<\/script>\n<\/div>\n\n\n\n<p class=\"wp-block-paragraph\">Na opera\u00e7\u00e3o tamb\u00e9m foram apreendidos mais de cinco mil por\u00e7\u00f5es de drogas, quatro fuzis e diversos carregadores de armas de fogo.<\/p>\n\n\n\n<p class=\"wp-block-paragraph\">\u27a5 <strong>Veja tamb\u00e9m:<\/strong> <strong><a href=\"https:\/\/www.ovigilanteonline.com.br\/site\/2026\/07\/09\/balanco-parcial-da-operacao-quione-em-leopoldina-aponta-26-presos-e-diversas-apreensoes\/\" target=\"_blank\" rel=\"noreferrer noopener\">Balan\u00e7o parcial da Opera\u00e7\u00e3o Quione em Leopoldina aponta 26 presos e diversas apreens\u00f5es<\/a><\/strong><\/p>\n\n\n\n<p class=\"wp-block-paragraph\"><strong>Den\u00fancia \u00e9 baseada na Lei Antifac\u00e7\u00e3o<br><\/strong>A den\u00fancia foi apresentada pelo Grupo de Atua\u00e7\u00e3o Especial de Combate ao Crime Organizado (Gaeco) Regional de Visconde do Rio Branco e pela 1\u00aa Promotoria de Justi\u00e7a de Leopoldina. De acordo com o MPMG, a den\u00fancia est\u00e1 entre as primeiras do pa\u00eds fundamentadas na Lei n\u00ba 15.358\/2026, conhecida como Lei Antifac\u00e7\u00e3o.<\/p>\n\n\n<div id=\"ovigi-406953544\"><p><!-- wp:paragraph {\"align\":\"center\",\"fontSize\":\"small\"} --><\/p>\n<p class=\"has-text-align-center has-small-font-size\" style=\"text-align: center;\">PUBLICIDADE<\/p>\n<hr \/>\n<p><!-- \/wp:paragraph --><\/p>\n<div class=\"wp-block-columns\">\n<div class=\"wp-block-column\">\n<figure class=\"wp-block-image size-full is-resized\"><a href=\"https:\/\/www.instagram.com\/unimedleopoldina241\/\" target=\"_blank\" rel=\" noreferrer noopener\"><img loading=\"lazy\" decoding=\"async\" class=\"wp-image-455236\" src=\"https:\/\/www.ovigilanteonline.com.br\/site\/wp-content\/uploads\/2026\/08\/unimed-materias.jpg\" alt=\"\" width=\"371\" height=\"371\" \/> \u00a0 \u00a0<\/a><a href=\"https:\/\/vest.sudamerica.edu.br\/vest-2026-2\" target=\"_blank\" rel=\" noreferrer noopener\"><img loading=\"lazy\" decoding=\"async\" class=\"wp-image-453120\" src=\"https:\/\/www.ovigilanteonline.com.br\/site\/wp-content\/uploads\/2026\/08\/sudamerica-materias.jpg\" alt=\"\" width=\"379\" height=\"370\" \/><\/a><\/p>\n<hr \/>\n<\/figure>\n<\/div>\n<\/div>\n<p><!-- \/wp:separator --><\/p>\n<\/div>\n\n\n<p class=\"wp-block-paragraph\">A legisla\u00e7\u00e3o criou o Marco Legal do Combate ao Crime Organizado e estabeleceu novos tipos penais para combater organiza\u00e7\u00f5es criminosas que, por meio de viol\u00eancia ou grave amea\u00e7a, buscam exercer dom\u00ednio territorial e controle social sobre comunidades.<\/p>\n\n\n\n<p class=\"wp-block-paragraph\">De acordo com o Minist\u00e9rio P\u00fablico de Minas Gerais (MPMG), a organiza\u00e7\u00e3o criminosa exercia o dom\u00ednio sobre comunidades por meio de viol\u00eancia, amea\u00e7as, imposi\u00e7\u00e3o de regras de conviv\u00eancia e aplica\u00e7\u00e3o de puni\u00e7\u00f5es contra moradores que descumprissem as determina\u00e7\u00f5es dos integrantes.<\/p>\n\n\n\n<p class=\"wp-block-paragraph\">As apura\u00e7\u00f5es tamb\u00e9m apontaram epis\u00f3dios de viol\u00eancia grave, como torturas, espancamentos, amea\u00e7as, ataques contra desafetos e monitoramento de policiais, al\u00e9m do poss\u00edvel planejamento de uma a\u00e7\u00e3o contra a vida de um agente de seguran\u00e7a p\u00fablica.<\/p>\n\n\n\n<p class=\"wp-block-paragraph\"><em>*Com MPMG e G1 Zona da Mata<\/em><\/p>\n","protected":false},"excerpt":{"rendered":"<p>Denunciados foram alvos da Opera\u00e7\u00e3o &#8216;Quione&#8217;, deflagrada em 9 de julho deste ano pelo MPMG e Pol\u00edcia Militar O Minist\u00e9rio P\u00fablico de Minas Gerais (MPMG) denunciou nove pessoas apontadas como integrantes de uma organiza\u00e7\u00e3o criminosa ligada ao Comando Vermelho, com atua\u00e7\u00e3o na regi\u00e3o de Leopoldina e no estado do Rio de Janeiro. Os nove denunciados [&hellip;]<\/p>\n","protected":false},"author":2,"featured_media":456598,"comment_status":"open","ping_status":"closed","sticky":false,"template":"","format":"standard","meta":{"footnotes":""},"categories":[1,26],"tags":[],"class_list":["post-456597","post","type-post","status-publish","format-standard","has-post-thumbnail","hentry","category-destaque","category-ultimas-noticias"],"yoast_head":"<!-- This site is optimized with the Yoast SEO plugin v28.3 - https:\/\/yoast.com\/product\/yoast-seo-wordpress\/ -->\n<title>Minist\u00e9rio p\u00fablico denuncia nove integrantes de grupo ligado ao Comando Vermelho que atua em Leopoldina e regi\u00e3o<\/title>\n<meta name=\"robots\" content=\"index, follow, max-snippet:-1, max-image-preview:large, max-video-preview:-1\" \/>\n<link rel=\"canonical\" href=\"https:\/\/www.ovigilanteonline.com.br\/site\/2026\/09\/03\/ministerio-publico-denuncia-nove-integrantes-de-grupo-ligado-ao-comando-vermelho-que-atua-em-leopoldina-e-regiao\/\" \/>\n<meta property=\"og:locale\" content=\"pt_BR\" \/>\n<meta property=\"og:type\" content=\"article\" \/>\n<meta property=\"og:title\" content=\"Minist\u00e9rio p\u00fablico denuncia nove integrantes de grupo ligado ao Comando Vermelho que atua em Leopoldina e regi\u00e3o\" \/>\n<meta property=\"og:description\" content=\"Denunciados foram alvos da Opera\u00e7\u00e3o &#8216;Quione&#8217;, deflagrada em 9 de julho deste ano pelo MPMG e Pol\u00edcia Militar O Minist\u00e9rio P\u00fablico de Minas Gerais (MPMG) denunciou nove pessoas apontadas como integrantes de uma organiza\u00e7\u00e3o criminosa ligada ao Comando Vermelho, com atua\u00e7\u00e3o na regi\u00e3o de Leopoldina e no estado do Rio de Janeiro. Os nove denunciados [&hellip;]\" \/>\n<meta property=\"og:url\" content=\"https:\/\/www.ovigilanteonline.com.br\/site\/2026\/09\/03\/ministerio-publico-denuncia-nove-integrantes-de-grupo-ligado-ao-comando-vermelho-que-atua-em-leopoldina-e-regiao\/\" \/>\n<meta property=\"og:site_name\" content=\"O VIGILANTE ONLINE\" \/>\n<meta property=\"article:publisher\" content=\"https:\/\/www.facebook.com\/ovigilanteonline\" \/>\n<meta property=\"article:published_time\" content=\"2026-09-03T12:28:42+00:00\" \/>\n<meta property=\"article:modified_time\" content=\"2026-09-03T12:39:09+00:00\" \/>\n<meta property=\"og:image\" content=\"https:\/\/www.ovigilanteonline.com.br\/site\/wp-content\/uploads\/2026\/09\/WhatsApp-Image-2026-07-09-at-08.59.29-768x434-1.jpeg\" \/>\n\t<meta property=\"og:image:width\" content=\"900\" \/>\n\t<meta property=\"og:image:height\" content=\"509\" \/>\n\t<meta property=\"og:image:type\" content=\"image\/jpeg\" \/>\n<meta name=\"author\" content=\"Jornalismo\" \/>\n<meta name=\"twitter:card\" content=\"summary_large_image\" \/>\n<meta name=\"twitter:label1\" content=\"Escrito por\" \/>\n\t<meta name=\"twitter:data1\" content=\"Jornalismo\" \/>\n\t<meta name=\"twitter:label2\" content=\"Est. tempo de leitura\" \/>\n\t<meta name=\"twitter:data2\" content=\"3 minutos\" \/>\n<script type=\"application\/ld+json\" class=\"yoast-schema-graph\">{\"@context\":\"https:\\\/\\\/schema.org\",\"@graph\":[{\"@type\":\"Article\",\"@id\":\"https:\\\/\\\/www.ovigilanteonline.com.br\\\/site\\\/2026\\\/09\\\/03\\\/ministerio-publico-denuncia-nove-integrantes-de-grupo-ligado-ao-comando-vermelho-que-atua-em-leopoldina-e-regiao\\\/#article\",\"isPartOf\":{\"@id\":\"https:\\\/\\\/www.ovigilanteonline.com.br\\\/site\\\/2026\\\/09\\\/03\\\/ministerio-publico-denuncia-nove-integrantes-de-grupo-ligado-ao-comando-vermelho-que-atua-em-leopoldina-e-regiao\\\/\"},\"author\":{\"name\":\"Jornalismo\",\"@id\":\"https:\\\/\\\/www.ovigilanteonline.com.br\\\/site\\\/#\\\/schema\\\/person\\\/538fdfb33c0c411cd14a732e7cf14aa6\"},\"headline\":\"Minist\u00e9rio p\u00fablico denuncia nove integrantes de grupo ligado ao Comando Vermelho que atua em Leopoldina e regi\u00e3o\",\"datePublished\":\"2026-09-03T12:28:42+00:00\",\"dateModified\":\"2026-09-03T12:39:09+00:00\",\"mainEntityOfPage\":{\"@id\":\"https:\\\/\\\/www.ovigilanteonline.com.br\\\/site\\\/2026\\\/09\\\/03\\\/ministerio-publico-denuncia-nove-integrantes-de-grupo-ligado-ao-comando-vermelho-que-atua-em-leopoldina-e-regiao\\\/\"},\"wordCount\":387,\"commentCount\":0,\"image\":{\"@id\":\"https:\\\/\\\/www.ovigilanteonline.com.br\\\/site\\\/2026\\\/09\\\/03\\\/ministerio-publico-denuncia-nove-integrantes-de-grupo-ligado-ao-comando-vermelho-que-atua-em-leopoldina-e-regiao\\\/#primaryimage\"},\"thumbnailUrl\":\"https:\\\/\\\/www.ovigilanteonline.com.br\\\/site\\\/wp-content\\\/uploads\\\/2026\\\/09\\\/WhatsApp-Image-2026-07-09-at-08.59.29-768x434-1.jpeg\",\"articleSection\":[\"Destaque\",\"\u00daltimas Not\u00edcias\"],\"inLanguage\":\"pt-BR\",\"potentialAction\":[{\"@type\":\"CommentAction\",\"name\":\"Comment\",\"target\":[\"https:\\\/\\\/www.ovigilanteonline.com.br\\\/site\\\/2026\\\/09\\\/03\\\/ministerio-publico-denuncia-nove-integrantes-de-grupo-ligado-ao-comando-vermelho-que-atua-em-leopoldina-e-regiao\\\/#respond\"]}]},{\"@type\":\"WebPage\",\"@id\":\"https:\\\/\\\/www.ovigilanteonline.com.br\\\/site\\\/2026\\\/09\\\/03\\\/ministerio-publico-denuncia-nove-integrantes-de-grupo-ligado-ao-comando-vermelho-que-atua-em-leopoldina-e-regiao\\\/\",\"url\":\"https:\\\/\\\/www.ovigilanteonline.com.br\\\/site\\\/2026\\\/09\\\/03\\\/ministerio-publico-denuncia-nove-integrantes-de-grupo-ligado-ao-comando-vermelho-que-atua-em-leopoldina-e-regiao\\\/\",\"name\":\"Minist\u00e9rio p\u00fablico denuncia nove integrantes de grupo ligado ao Comando Vermelho que atua em Leopoldina e regi\u00e3o\",\"isPartOf\":{\"@id\":\"https:\\\/\\\/www.ovigilanteonline.com.br\\\/site\\\/#website\"},\"primaryImageOfPage\":{\"@id\":\"https:\\\/\\\/www.ovigilanteonline.com.br\\\/site\\\/2026\\\/09\\\/03\\\/ministerio-publico-denuncia-nove-integrantes-de-grupo-ligado-ao-comando-vermelho-que-atua-em-leopoldina-e-regiao\\\/#primaryimage\"},\"image\":{\"@id\":\"https:\\\/\\\/www.ovigilanteonline.com.br\\\/site\\\/2026\\\/09\\\/03\\\/ministerio-publico-denuncia-nove-integrantes-de-grupo-ligado-ao-comando-vermelho-que-atua-em-leopoldina-e-regiao\\\/#primaryimage\"},\"thumbnailUrl\":\"https:\\\/\\\/www.ovigilanteonline.com.br\\\/site\\\/wp-content\\\/uploads\\\/2026\\\/09\\\/WhatsApp-Image-2026-07-09-at-08.59.29-768x434-1.jpeg\",\"datePublished\":\"2026-09-03T12:28:42+00:00\",\"dateModified\":\"2026-09-03T12:39:09+00:00\",\"author\":{\"@id\":\"https:\\\/\\\/www.ovigilanteonline.com.br\\\/site\\\/#\\\/schema\\\/person\\\/538fdfb33c0c411cd14a732e7cf14aa6\"},\"breadcrumb\":{\"@id\":\"https:\\\/\\\/www.ovigilanteonline.com.br\\\/site\\\/2026\\\/09\\\/03\\\/ministerio-publico-denuncia-nove-integrantes-de-grupo-ligado-ao-comando-vermelho-que-atua-em-leopoldina-e-regiao\\\/#breadcrumb\"},\"inLanguage\":\"pt-BR\",\"potentialAction\":[{\"@type\":\"ReadAction\",\"target\":[\"https:\\\/\\\/www.ovigilanteonline.com.br\\\/site\\\/2026\\\/09\\\/03\\\/ministerio-publico-denuncia-nove-integrantes-de-grupo-ligado-ao-comando-vermelho-que-atua-em-leopoldina-e-regiao\\\/\"]}]},{\"@type\":\"ImageObject\",\"inLanguage\":\"pt-BR\",\"@id\":\"https:\\\/\\\/www.ovigilanteonline.com.br\\\/site\\\/2026\\\/09\\\/03\\\/ministerio-publico-denuncia-nove-integrantes-de-grupo-ligado-ao-comando-vermelho-que-atua-em-leopoldina-e-regiao\\\/#primaryimage\",\"url\":\"https:\\\/\\\/www.ovigilanteonline.com.br\\\/site\\\/wp-content\\\/uploads\\\/2026\\\/09\\\/WhatsApp-Image-2026-07-09-at-08.59.29-768x434-1.jpeg\",\"contentUrl\":\"https:\\\/\\\/www.ovigilanteonline.com.br\\\/site\\\/wp-content\\\/uploads\\\/2026\\\/09\\\/WhatsApp-Image-2026-07-09-at-08.59.29-768x434-1.jpeg\",\"width\":900,\"height\":509},{\"@type\":\"BreadcrumbList\",\"@id\":\"https:\\\/\\\/www.ovigilanteonline.com.br\\\/site\\\/2026\\\/09\\\/03\\\/ministerio-publico-denuncia-nove-integrantes-de-grupo-ligado-ao-comando-vermelho-que-atua-em-leopoldina-e-regiao\\\/#breadcrumb\",\"itemListElement\":[{\"@type\":\"ListItem\",\"position\":1,\"name\":\"In\u00edcio\",\"item\":\"https:\\\/\\\/www.ovigilanteonline.com.br\\\/site\\\/\"},{\"@type\":\"ListItem\",\"position\":2,\"name\":\"Minist\u00e9rio p\u00fablico denuncia nove integrantes de grupo ligado ao Comando Vermelho que atua em Leopoldina e regi\u00e3o\"}]},{\"@type\":\"WebSite\",\"@id\":\"https:\\\/\\\/www.ovigilanteonline.com.br\\\/site\\\/#website\",\"url\":\"https:\\\/\\\/www.ovigilanteonline.com.br\\\/site\\\/\",\"name\":\"O VIGILANTE ONLINE - Not\u00edcias de Leopoldina e regi\u00e3o\",\"description\":\"\",\"potentialAction\":[{\"@type\":\"SearchAction\",\"target\":{\"@type\":\"EntryPoint\",\"urlTemplate\":\"https:\\\/\\\/www.ovigilanteonline.com.br\\\/site\\\/?s={search_term_string}\"},\"query-input\":{\"@type\":\"PropertyValueSpecification\",\"valueRequired\":true,\"valueName\":\"search_term_string\"}}],\"inLanguage\":\"pt-BR\"},{\"@type\":\"Person\",\"@id\":\"https:\\\/\\\/www.ovigilanteonline.com.br\\\/site\\\/#\\\/schema\\\/person\\\/538fdfb33c0c411cd14a732e7cf14aa6\",\"name\":\"Jornalismo\"}]}<\/script>\n<!-- \/ Yoast SEO plugin. -->","yoast_head_json":{"title":"Minist\u00e9rio p\u00fablico denuncia nove integrantes de grupo ligado ao Comando Vermelho que atua em Leopoldina e regi\u00e3o","robots":{"index":"index","follow":"follow","max-snippet":"max-snippet:-1","max-image-preview":"max-image-preview:large","max-video-preview":"max-video-preview:-1"},"canonical":"https:\/\/www.ovigilanteonline.com.br\/site\/2026\/09\/03\/ministerio-publico-denuncia-nove-integrantes-de-grupo-ligado-ao-comando-vermelho-que-atua-em-leopoldina-e-regiao\/","og_locale":"pt_BR","og_type":"article","og_title":"Minist\u00e9rio p\u00fablico denuncia nove integrantes de grupo ligado ao Comando Vermelho que atua em Leopoldina e regi\u00e3o","og_description":"Denunciados foram alvos da Opera\u00e7\u00e3o &#8216;Quione&#8217;, deflagrada em 9 de julho deste ano pelo MPMG e Pol\u00edcia Militar O Minist\u00e9rio P\u00fablico de Minas Gerais (MPMG) denunciou nove pessoas apontadas como integrantes de uma organiza\u00e7\u00e3o criminosa ligada ao Comando Vermelho, com atua\u00e7\u00e3o na regi\u00e3o de Leopoldina e no estado do Rio de Janeiro. Os nove denunciados [&hellip;]","og_url":"https:\/\/www.ovigilanteonline.com.br\/site\/2026\/09\/03\/ministerio-publico-denuncia-nove-integrantes-de-grupo-ligado-ao-comando-vermelho-que-atua-em-leopoldina-e-regiao\/","og_site_name":"O VIGILANTE ONLINE","article_publisher":"https:\/\/www.facebook.com\/ovigilanteonline","article_published_time":"2026-09-03T12:28:42+00:00","article_modified_time":"2026-09-03T12:39:09+00:00","og_image":[{"width":900,"height":509,"url":"https:\/\/www.ovigilanteonline.com.br\/site\/wp-content\/uploads\/2026\/09\/WhatsApp-Image-2026-07-09-at-08.59.29-768x434-1.jpeg","type":"image\/jpeg"}],"author":"Jornalismo","twitter_card":"summary_large_image","twitter_misc":{"Escrito por":"Jornalismo","Est. tempo de leitura":"3 minutos"},"schema":{"@context":"https:\/\/schema.org","@graph":[{"@type":"Article","@id":"https:\/\/www.ovigilanteonline.com.br\/site\/2026\/09\/03\/ministerio-publico-denuncia-nove-integrantes-de-grupo-ligado-ao-comando-vermelho-que-atua-em-leopoldina-e-regiao\/#article","isPartOf":{"@id":"https:\/\/www.ovigilanteonline.com.br\/site\/2026\/09\/03\/ministerio-publico-denuncia-nove-integrantes-de-grupo-ligado-ao-comando-vermelho-que-atua-em-leopoldina-e-regiao\/"},"author":{"name":"Jornalismo","@id":"https:\/\/www.ovigilanteonline.com.br\/site\/#\/schema\/person\/538fdfb33c0c411cd14a732e7cf14aa6"},"headline":"Minist\u00e9rio p\u00fablico denuncia nove integrantes de grupo ligado ao Comando Vermelho que atua em Leopoldina e regi\u00e3o","datePublished":"2026-09-03T12:28:42+00:00","dateModified":"2026-09-03T12:39:09+00:00","mainEntityOfPage":{"@id":"https:\/\/www.ovigilanteonline.com.br\/site\/2026\/09\/03\/ministerio-publico-denuncia-nove-integrantes-de-grupo-ligado-ao-comando-vermelho-que-atua-em-leopoldina-e-regiao\/"},"wordCount":387,"commentCount":0,"image":{"@id":"https:\/\/www.ovigilanteonline.com.br\/site\/2026\/09\/03\/ministerio-publico-denuncia-nove-integrantes-de-grupo-ligado-ao-comando-vermelho-que-atua-em-leopoldina-e-regiao\/#primaryimage"},"thumbnailUrl":"https:\/\/www.ovigilanteonline.com.br\/site\/wp-content\/uploads\/2026\/09\/WhatsApp-Image-2026-07-09-at-08.59.29-768x434-1.jpeg","articleSection":["Destaque","\u00daltimas Not\u00edcias"],"inLanguage":"pt-BR","potentialAction":[{"@type":"CommentAction","name":"Comment","target":["https:\/\/www.ovigilanteonline.com.br\/site\/2026\/09\/03\/ministerio-publico-denuncia-nove-integrantes-de-grupo-ligado-ao-comando-vermelho-que-atua-em-leopoldina-e-regiao\/#respond"]}]},{"@type":"WebPage","@id":"https:\/\/www.ovigilanteonline.com.br\/site\/2026\/09\/03\/ministerio-publico-denuncia-nove-integrantes-de-grupo-ligado-ao-comando-vermelho-que-atua-em-leopoldina-e-regiao\/","url":"https:\/\/www.ovigilanteonline.com.br\/site\/2026\/09\/03\/ministerio-publico-denuncia-nove-integrantes-de-grupo-ligado-ao-comando-vermelho-que-atua-em-leopoldina-e-regiao\/","name":"Minist\u00e9rio p\u00fablico denuncia nove integrantes de grupo ligado ao Comando Vermelho que atua em Leopoldina e regi\u00e3o","isPartOf":{"@id":"https:\/\/www.ovigilanteonline.com.br\/site\/#website"},"primaryImageOfPage":{"@id":"https:\/\/www.ovigilanteonline.com.br\/site\/2026\/09\/03\/ministerio-publico-denuncia-nove-integrantes-de-grupo-ligado-ao-comando-vermelho-que-atua-em-leopoldina-e-regiao\/#primaryimage"},"image":{"@id":"https:\/\/www.ovigilanteonline.com.br\/site\/2026\/09\/03\/ministerio-publico-denuncia-nove-integrantes-de-grupo-ligado-ao-comando-vermelho-que-atua-em-leopoldina-e-regiao\/#primaryimage"},"thumbnailUrl":"https:\/\/www.ovigilanteonline.com.br\/site\/wp-content\/uploads\/2026\/09\/WhatsApp-Image-2026-07-09-at-08.59.29-768x434-1.jpeg","datePublished":"2026-09-03T12:28:42+00:00","dateModified":"2026-09-03T12:39:09+00:00","author":{"@id":"https:\/\/www.ovigilanteonline.com.br\/site\/#\/schema\/person\/538fdfb33c0c411cd14a732e7cf14aa6"},"breadcrumb":{"@id":"https:\/\/www.ovigilanteonline.com.br\/site\/2026\/09\/03\/ministerio-publico-denuncia-nove-integrantes-de-grupo-ligado-ao-comando-vermelho-que-atua-em-leopoldina-e-regiao\/#breadcrumb"},"inLanguage":"pt-BR","potentialAction":[{"@type":"ReadAction","target":["https:\/\/www.ovigilanteonline.com.br\/site\/2026\/09\/03\/ministerio-publico-denuncia-nove-integrantes-de-grupo-ligado-ao-comando-vermelho-que-atua-em-leopoldina-e-regiao\/"]}]},{"@type":"ImageObject","inLanguage":"pt-BR","@id":"https:\/\/www.ovigilanteonline.com.br\/site\/2026\/09\/03\/ministerio-publico-denuncia-nove-integrantes-de-grupo-ligado-ao-comando-vermelho-que-atua-em-leopoldina-e-regiao\/#primaryimage","url":"https:\/\/www.ovigilanteonline.com.br\/site\/wp-content\/uploads\/2026\/09\/WhatsApp-Image-2026-07-09-at-08.59.29-768x434-1.jpeg","contentUrl":"https:\/\/www.ovigilanteonline.com.br\/site\/wp-content\/uploads\/2026\/09\/WhatsApp-Image-2026-07-09-at-08.59.29-768x434-1.jpeg","width":900,"height":509},{"@type":"BreadcrumbList","@id":"https:\/\/www.ovigilanteonline.com.br\/site\/2026\/09\/03\/ministerio-publico-denuncia-nove-integrantes-de-grupo-ligado-ao-comando-vermelho-que-atua-em-leopoldina-e-regiao\/#breadcrumb","itemListElement":[{"@type":"ListItem","position":1,"name":"In\u00edcio","item":"https:\/\/www.ovigilanteonline.com.br\/site\/"},{"@type":"ListItem","position":2,"name":"Minist\u00e9rio p\u00fablico denuncia nove integrantes de grupo ligado ao Comando Vermelho que atua em Leopoldina e regi\u00e3o"}]},{"@type":"WebSite","@id":"https:\/\/www.ovigilanteonline.com.br\/site\/#website","url":"https:\/\/www.ovigilanteonline.com.br\/site\/","name":"O VIGILANTE ONLINE - Not\u00edcias de Leopoldina e regi\u00e3o","description":"","potentialAction":[{"@type":"SearchAction","target":{"@type":"EntryPoint","urlTemplate":"https:\/\/www.ovigilanteonline.com.br\/site\/?s={search_term_string}"},"query-input":{"@type":"PropertyValueSpecification","valueRequired":true,"valueName":"search_term_string"}}],"inLanguage":"pt-BR"},{"@type":"Person","@id":"https:\/\/www.ovigilanteonline.com.br\/site\/#\/schema\/person\/538fdfb33c0c411cd14a732e7cf14aa6","name":"Jornalismo"}]}},"cc_featured_image_caption":{"caption_text":"","source_text":"","source_url":""},"_links":{"self":[{"href":"https:\/\/www.ovigilanteonline.com.br\/site\/wp-json\/wp\/v2\/posts\/456597","targetHints":{"allow":["GET"]}}],"collection":[{"href":"https:\/\/www.ovigilanteonline.com.br\/site\/wp-json\/wp\/v2\/posts"}],"about":[{"href":"https:\/\/www.ovigilanteonline.com.br\/site\/wp-json\/wp\/v2\/types\/post"}],"author":[{"embeddable":true,"href":"https:\/\/www.ovigilanteonline.com.br\/site\/wp-json\/wp\/v2\/users\/2"}],"replies":[{"embeddable":true,"href":"https:\/\/www.ovigilanteonline.com.br\/site\/wp-json\/wp\/v2\/comments?post=456597"}],"version-history":[{"count":2,"href":"https:\/\/www.ovigilanteonline.com.br\/site\/wp-json\/wp\/v2\/posts\/456597\/revisions"}],"predecessor-version":[{"id":456601,"href":"https:\/\/www.ovigilanteonline.com.br\/site\/wp-json\/wp\/v2\/posts\/456597\/revisions\/456601"}],"wp:featuredmedia":[{"embeddable":true,"href":"https:\/\/www.ovigilanteonline.com.br\/site\/wp-json\/wp\/v2\/media\/456598"}],"wp:attachment":[{"href":"https:\/\/www.ovigilanteonline.com.br\/site\/wp-json\/wp\/v2\/media?parent=456597"}],"wp:term":[{"taxonomy":"category","embeddable":true,"href":"https:\/\/www.ovigilanteonline.com.br\/site\/wp-json\/wp\/v2\/categories?post=456597"},{"taxonomy":"post_tag","embeddable":true,"href":"https:\/\/www.ovigilanteonline.com.br\/site\/wp-json\/wp\/v2\/tags?post=456597"}],"curies":[{"name":"wp","href":"https:\/\/api.w.org\/{rel}","templated":true}]}}