{"id":456587,"date":"2026-09-02T18:11:46","date_gmt":"2026-09-02T21:11:46","guid":{"rendered":"https:\/\/www.ovigilanteonline.com.br\/site\/?p=456587"},"modified":"2026-09-02T18:17:34","modified_gmt":"2026-09-02T21:17:34","slug":"leopoldina-recebe-ferrugem-nesta-sexta-feira-para-show-gratuito-na-feira-da-paz","status":"publish","type":"post","link":"https:\/\/www.ovigilanteonline.com.br\/site\/2026\/09\/02\/leopoldina-recebe-ferrugem-nesta-sexta-feira-para-show-gratuito-na-feira-da-paz\/","title":{"rendered":"Leopoldina recebe Ferrugem nesta sexta-feira para show gratuito na Feira da Paz"},"content":{"rendered":"<div id=\"ovigi-1178933920\" class=\"ovigi-inicio-post-interno ovigi-entity-placement\" style=\"margin-left: auto;margin-right: auto;text-align: center;\"><a href=\"https:\/\/onelink.to\/tfjfd3?utm_source=ig&#038;utm_medium=social&#038;utm_content=link_in_bio&#038;fbclid=PAcGRvZgJleHRuA2FlbQIxMQBzcnRjBmFwcF9pZA85MzY2MTk3NDMzOTI0NTkAAacgW20vIuhakYBCxZduUBbwssdSFoAQ7exuq7BFVvR-PR9sdpzVWlAvY7yZog_aem__Bn7V7eJEMspatV_tVfmIA\" target=\"_blank\" aria-label=\"ARTE GIF\"><img decoding=\"async\" src=\"https:\/\/www.ovigilanteonline.com.br\/site\/wp-content\/uploads\/2026\/05\/ARTE-GIF.gif\" alt=\"\"    \/><\/a><\/div>\n<h3 class=\"wp-block-heading\"><em><strong>Tradicional evento re\u00fane m\u00fasica, cultura, gastronomia e artesanato; confira a programa\u00e7\u00e3o completa<\/strong><\/em><\/h3>\n\n\n\n<p class=\"wp-block-paragraph\">A 36\u00aa Feira da Paz de Leopoldina ter\u00e1 uma de suas principais atra\u00e7\u00f5es musicais nesta sexta-feira, 4 de setembro, quando o cantor Ferrugem sobe ao palco principal do Parque de Exposi\u00e7\u00f5es Jos\u00e9 Ribeiro dos Reis para um show com entrada gratuita.<\/p>\n\n\n\n<p class=\"wp-block-paragraph\">Considerado um dos grandes nomes do pagode brasileiro na atualidade, Ferrugem promete reunir um grande p\u00fablico com um repert\u00f3rio marcado por sucessos que ganharam proje\u00e7\u00e3o nacional, como \u201cPirata e Tesouro\u201d, \u201cAtrasadinha\u201d, \u201cPra Voc\u00ea Acreditar\u201d, \u201c\u00c9 Natural\u201d e \u201cSinto Sua Falta\u201d.<\/p><div id=\"ovigi-2652333856\" class=\"ovigi-conteudo_2-3 ovigi-entity-placement\"><script async src=\"\/\/pagead2.googlesyndication.com\/pagead\/js\/adsbygoogle.js?client=ca-pub-4068173061741521\" crossorigin=\"anonymous\"><\/script><ins class=\"adsbygoogle\" style=\"display:block; text-align:center;\" data-ad-client=\"ca-pub-4068173061741521\" \ndata-ad-slot=\"6460393376\" \ndata-ad-layout=\"in-article\"\ndata-ad-format=\"fluid\"><\/ins>\n<script> \n(adsbygoogle = window.adsbygoogle || []).push({}); \n<\/script>\n<\/div><div id=\"ovigi-1101141224\" class=\"ovigi-conteudo_2-2 ovigi-entity-placement\"><script async src=\"\/\/pagead2.googlesyndication.com\/pagead\/js\/adsbygoogle.js?client=ca-pub-4068173061741521\" crossorigin=\"anonymous\"><\/script><ins class=\"adsbygoogle\" style=\"display:block; text-align:center;\" data-ad-client=\"ca-pub-4068173061741521\" \ndata-ad-slot=\"6460393376\" \ndata-ad-layout=\"in-article\"\ndata-ad-format=\"fluid\"><\/ins>\n<script> \n(adsbygoogle = window.adsbygoogle || []).push({}); \n<\/script>\n<\/div><div id=\"ovigi-2719025263\" class=\"ovigi-conteudo_2 ovigi-entity-placement\"><script async src=\"\/\/pagead2.googlesyndication.com\/pagead\/js\/adsbygoogle.js?client=ca-pub-4068173061741521\" crossorigin=\"anonymous\"><\/script><ins class=\"adsbygoogle\" style=\"display:block; text-align:center;\" data-ad-client=\"ca-pub-4068173061741521\" \ndata-ad-slot=\"6460393376\" \ndata-ad-layout=\"in-article\"\ndata-ad-format=\"fluid\"><\/ins>\n<script> \n(adsbygoogle = window.adsbygoogle || []).push({}); \n<\/script>\n<\/div><div id=\"ovigi-3490139461\" class=\"ovigi-conteudo_2-4 ovigi-entity-placement\"><script async src=\"\/\/pagead2.googlesyndication.com\/pagead\/js\/adsbygoogle.js?client=ca-pub-4068173061741521\" crossorigin=\"anonymous\"><\/script><ins class=\"adsbygoogle\" style=\"display:block; text-align:center;\" data-ad-client=\"ca-pub-4068173061741521\" \ndata-ad-slot=\"6460393376\" \ndata-ad-layout=\"in-article\"\ndata-ad-format=\"fluid\"><\/ins>\n<script> \n(adsbygoogle = window.adsbygoogle || []).push({}); \n<\/script>\n<\/div>\n\n\n\n<p class=\"wp-block-paragraph\">A apresenta\u00e7\u00e3o integra a programa\u00e7\u00e3o da tradicional Feira da Paz, que re\u00fane durante v\u00e1rios dias atra\u00e7\u00f5es musicais e atividades voltadas ao p\u00fablico de Leopoldina e de munic\u00edpios da regi\u00e3o.<\/p>\n\n\n\n<p class=\"wp-block-paragraph\">Com uma carreira consolidada e m\u00fasicas que acumulam milh\u00f5es de reprodu\u00e7\u00f5es nas plataformas digitais, Ferrugem \u00e9 a atra\u00e7\u00e3o respons\u00e1vel pelo \u201csextou\u201d da festa, levando ao palco uma mistura de pagode, samba e can\u00e7\u00f5es rom\u00e2nticas.<\/p>\n\n\n\n<p class=\"wp-block-paragraph\">O show acontece no Parque de Exposi\u00e7\u00f5es Jos\u00e9 Ribeiro dos Reis, em Leopoldina, e, assim como a programa\u00e7\u00e3o da Feira da Paz, ter\u00e1 entrada franca.<\/p>\n\n\n\n<p class=\"wp-block-paragraph\">A abertura da Feira acontece na quinta-feira, dia 3 de setembro, com o tradicional desfile saindo da Pra\u00e7a do Gin\u00e1sio em dire\u00e7\u00e3o ao Parque de Exposi\u00e7\u00f5es. Ap\u00f3s a abertura oficial, Leonardo de Freitas &amp; Fabiano comandam a primeira noite com grandes sucessos do sertanejo.<\/p>\n\n\n<div id=\"ovigi-1209188709\"><p><!-- wp:paragraph {\"align\":\"center\",\"fontSize\":\"small\"} --><\/p>\n<p class=\"has-text-align-center has-small-font-size\" style=\"text-align: center;\">PUBLICIDADE<\/p>\n<hr \/>\n<p><!-- \/wp:paragraph --><\/p>\n<div class=\"wp-block-columns\">\n<div class=\"wp-block-column\">\n<figure class=\"wp-block-image size-full is-resized\"><a href=\"https:\/\/www.instagram.com\/unimedleopoldina241\/\" target=\"_blank\" rel=\" noreferrer noopener\"><img loading=\"lazy\" decoding=\"async\" class=\"wp-image-455236\" src=\"https:\/\/www.ovigilanteonline.com.br\/site\/wp-content\/uploads\/2026\/08\/unimed-materias.jpg\" alt=\"\" width=\"371\" height=\"371\" \/> \u00a0 \u00a0<\/a><a href=\"https:\/\/vest.sudamerica.edu.br\/vest-2026-2\" target=\"_blank\" rel=\" noreferrer noopener\"><img loading=\"lazy\" decoding=\"async\" class=\"wp-image-453120\" src=\"https:\/\/www.ovigilanteonline.com.br\/site\/wp-content\/uploads\/2026\/08\/sudamerica-materias.jpg\" alt=\"\" width=\"379\" height=\"370\" \/><\/a><\/p>\n<hr \/>\n<\/figure>\n<\/div>\n<\/div>\n<p><!-- \/wp:separator --><\/p>\n<\/div>\n\n\n<p class=\"wp-block-paragraph\">No s\u00e1bado, 5 de setembro, a programa\u00e7\u00e3o continua com Glauco Zulo e Swing &amp; Simpatia, levando sertanejo e pagode ao p\u00fablico.<\/p>\n\n\n\n<p class=\"wp-block-paragraph\">J\u00e1 no domingo, 6 de setembro, v\u00e9spera do feriado da Independ\u00eancia do Brasil, ser\u00e1 realizada a 2\u00aa Tardezinha Stone, com 12 horas de m\u00fasica e cinco atra\u00e7\u00f5es: Felipe Deluka, Matheus Queiroz, Curta\u00ea, Ousasamba e La\u00eds Bianchessi.<\/p>\n\n\n\n<p class=\"wp-block-paragraph\">O encerramento acontece na segunda-feira, 7 de setembro, com uma programa\u00e7\u00e3o voltada para diferentes p\u00fablicos. A crian\u00e7ada poder\u00e1 acompanhar Fuxico e sua Turma, enquanto Wender Santos leva o sertanejo ao palco e Joana D\u2019Arck encerra a noite com muito rock.<\/p>\n\n\n\n<p class=\"wp-block-paragraph\">A programa\u00e7\u00e3o completa da 36\u00aa Feira da Paz pode ser conferida na <a href=\"https:\/\/www.ovigilanteonline.com.br\/site\/2026\/08\/12\/36a-feira-da-paz-de-leopoldina-reune-grandes-shows-parque-filadelfia-e-atracoes-para-toda-familia\/\" target=\"_blank\" rel=\"noreferrer noopener\">mat\u00e9ria especial<\/a> do O Vigilante Online.<\/p>\n\n\n<div  class=\"wp-block-ultimate-post-heading ultp-block-86c388\"><div class=\"ultp-block-wrapper\"><div class=\"ultp-heading-wrap ultp-heading-style18 ultp-heading-left\"><h2 class=\"ultp-heading-inner\"><span>RECENTES MAIS LIDAS<\/span><\/h2><\/div><\/div><\/div>\n\n<div  class=\"ultp-post-grid-block wp-block-ultimate-post-post-list-3 ultp-block-ec0bd1 \"><div class=\"ultp-block-wrapper\" ><div class=\"ultp-loading\"><div class=\"ultp-loading-blocks\" style=\"width:100%;height:100%;\"><div style=\"left: 0;top: 0;animation-delay:0s;\"><\/div><div style=\"left: 21px;top: 0;animation-delay:0.125s;\"><\/div><div style=\"left: 42px;top: 0;animation-delay:0.25s;\"><\/div><div style=\"left: 0;top: 21px;animation-delay:0.875s;\"><\/div><div style=\"left: 42px;top: 21px;animation-delay:0.375s;\"><\/div><div style=\"left: 0;top: 42px;animation-delay:0.75s;\"><\/div><div style=\"left: 42px;top: 42px;animation-delay:0.625s;\"><\/div><div style=\"left: 21px;top: 42px;animation-delay:0.5s;\"><\/div><\/div><\/div><div class=\"ultp-block-items-wrap ultp-block-row ultp-block-column-1 ultp-block-content-middle ultp-layout1\"><div class=\"ultp-block-item ultp-block-media post-id-456411\"><div class=\"ultp-block-content-wrap\"><div class=\"ultp-block-image ultp-block-image-opacity\"><a href=\"https:\/\/www.ovigilanteonline.com.br\/site\/2026\/08\/30\/homem-fica-ferido-durante-salto-de-voo-livre-no-morro-do-cruzeiro-em-leopoldina\/\" ><img decoding=\"async\"  alt=\"Homem fica ferido durante salto de voo livre no Morro do Cruzeiro em Leopoldina\"  src=\"https:\/\/www.ovigilanteonline.com.br\/site\/wp-content\/uploads\/2026\/08\/capa-paraglider-600x600.jpeg\" \/><\/a><\/div><div class=\"ultp-block-content\"><div class=\"ultp-category-grid ultp-category-classic ultp-category-aboveTitle\"><div class=\"ultp-category-in\"><a class=\"ultp-cat-cidade\" href=\"https:\/\/www.ovigilanteonline.com.br\/site\/category\/cidade\/\"  >Cidade<\/a><a class=\"ultp-cat-geral\" href=\"https:\/\/www.ovigilanteonline.com.br\/site\/category\/geral\/\"  >Geral<\/a><a class=\"ultp-cat-leopoldina\" href=\"https:\/\/www.ovigilanteonline.com.br\/site\/category\/leopoldina\/\"  >Leopoldina<\/a><a class=\"ultp-cat-mais-lidas\" href=\"https:\/\/www.ovigilanteonline.com.br\/site\/category\/mais-lidas\/\"  >Mais Lidas<\/a><a class=\"ultp-cat-ultimas-noticias\" href=\"https:\/\/www.ovigilanteonline.com.br\/site\/category\/ultimas-noticias\/\"  >\u00daltimas Not\u00edcias<\/a><\/div><\/div><h3 class=\"ultp-block-title \"><a href=\"https:\/\/www.ovigilanteonline.com.br\/site\/2026\/08\/30\/homem-fica-ferido-durante-salto-de-voo-livre-no-morro-do-cruzeiro-em-leopoldina\/\" >Homem fica ferido durante salto de voo livre no Morro do Cruzeiro em Leopoldina<\/a><\/h3><div class=\"ultp-block-meta ultp-block-meta-dot ultp-block-meta-icon\"><span class=\"ultp-block-author ultp-block-meta-element\"><svg xmlns=\"http:\/\/www.w3.org\/2000\/svg\" fill=\"none\" viewBox=\"0 0 24 24\">\n  <circle cx=\"12\" cy=\"7\" r=\"4\" stroke=\"currentColor\" stroke-linejoin=\"round\" stroke-width=\"1.5\"\/>\n  <path stroke=\"currentColor\" stroke-linecap=\"round\" stroke-linejoin=\"round\" stroke-width=\"1.5\" d=\"M4 21v-3a4 4 0 0 1 4-4h8a4 4 0 0 1 4 4v3\"\/>\n<\/svg>\n<a class=\"\" href=\"https:\/\/www.ovigilanteonline.com.br\/site\/author\/julio\/\">Jornalismo<\/a><\/span><span class=\"ultp-block-date ultp-block-meta-element\"><svg xmlns=\"http:\/\/www.w3.org\/2000\/svg\" fill=\"none\" viewBox=\"0 0 24 24\">\n  <path stroke=\"currentColor\" stroke-linecap=\"round\" stroke-linejoin=\"round\" stroke-width=\"1.5\" d=\"M3 5.5a2 2 0 0 1 2-2h14a2 2 0 0 1 2 2v14a2 2 0 0 1-2 2H5a2 2 0 0 1-2-2v-14ZM8 2v3m8-3v3M3 9h18\"\/>\n<\/svg>\nago 30, 2026<\/span><span class=\"ultp-post-read ultp-block-meta-element\"><svg xmlns=\"http:\/\/www.w3.org\/2000\/svg\" fill=\"none\" viewBox=\"0 0 24 24\">\n  <path stroke=\"currentColor\" stroke-linecap=\"round\" stroke-linejoin=\"round\" stroke-width=\"1.5\" d=\"M4 5v14a3 3 0 0 0 3 3h13V8H7a3 3 0 0 1-3-3Zm0 0a3 3 0 0 1 3-3h13M7 5h10\"\/>\n  <path stroke=\"currentColor\" stroke-linecap=\"round\" stroke-linejoin=\"round\" stroke-width=\"1.5\" d=\"M9.5 18.5v-3.092a3 3 0 0 1 .504-1.664l1.219-1.828a.934.934 0 0 1 1.554 0l1.22 1.828a3 3 0 0 1 .503 1.664V18.5m-5-2.5h5\"\/>\n<\/svg>\n2 min read<\/span><\/div><div class=\"ultp-block-excerpt\"><p>V\u00edtima, natural de Petr\u00f3polis, foi resgatada pelo Corpo de Bombeiros na parte inferior do morro e encaminhada pelo Samu \u00e0 Casa de Caridade Leopoldinense Um homem de 59 anos ficou ferido ap\u00f3s perder o controle do equipamento que utilizava durante&hellip;<\/p>\n<\/div><\/div><\/div><\/div><div class=\"ultp-block-item ultp-block-media post-id-456253\"><div class=\"ultp-block-content-wrap\"><div class=\"ultp-block-image ultp-block-image-opacity\"><a href=\"https:\/\/www.ovigilanteonline.com.br\/site\/2026\/08\/25\/stone-house-coloca-leopoldina-na-rota-da-nova-turne-nacional-da-pitty\/\" ><img decoding=\"async\"  alt=\"Stone House coloca Leopoldina na rota da nova turn\u00ea nacional da Pitty\"  src=\"https:\/\/www.ovigilanteonline.com.br\/site\/wp-content\/uploads\/2026\/08\/pitty-600x600.jpg\" \/><\/a><\/div><div class=\"ultp-block-content\"><div class=\"ultp-category-grid ultp-category-classic ultp-category-aboveTitle\"><div class=\"ultp-category-in\"><a class=\"ultp-cat-cidade\" href=\"https:\/\/www.ovigilanteonline.com.br\/site\/category\/cidade\/\"  >Cidade<\/a><a class=\"ultp-cat-leopoldina\" href=\"https:\/\/www.ovigilanteonline.com.br\/site\/category\/leopoldina\/\"  >Leopoldina<\/a><a class=\"ultp-cat-mais-lidas\" href=\"https:\/\/www.ovigilanteonline.com.br\/site\/category\/mais-lidas\/\"  >Mais Lidas<\/a><a class=\"ultp-cat-ronda\" href=\"https:\/\/www.ovigilanteonline.com.br\/site\/category\/ronda\/\"  >Ronda Vigilante<\/a><a class=\"ultp-cat-ultimas-noticias\" href=\"https:\/\/www.ovigilanteonline.com.br\/site\/category\/ultimas-noticias\/\"  >\u00daltimas Not\u00edcias<\/a><\/div><\/div><h3 class=\"ultp-block-title \"><a href=\"https:\/\/www.ovigilanteonline.com.br\/site\/2026\/08\/25\/stone-house-coloca-leopoldina-na-rota-da-nova-turne-nacional-da-pitty\/\" >Stone House coloca Leopoldina na rota da nova turn\u00ea nacional da Pitty<\/a><\/h3><div class=\"ultp-block-meta ultp-block-meta-dot ultp-block-meta-icon\"><span class=\"ultp-block-author ultp-block-meta-element\"><svg xmlns=\"http:\/\/www.w3.org\/2000\/svg\" fill=\"none\" viewBox=\"0 0 24 24\">\n  <circle cx=\"12\" cy=\"7\" r=\"4\" stroke=\"currentColor\" stroke-linejoin=\"round\" stroke-width=\"1.5\"\/>\n  <path stroke=\"currentColor\" stroke-linecap=\"round\" stroke-linejoin=\"round\" stroke-width=\"1.5\" d=\"M4 21v-3a4 4 0 0 1 4-4h8a4 4 0 0 1 4 4v3\"\/>\n<\/svg>\n<a class=\"\" href=\"https:\/\/www.ovigilanteonline.com.br\/site\/author\/julio\/\">Jornalismo<\/a><\/span><span class=\"ultp-block-date ultp-block-meta-element\"><svg xmlns=\"http:\/\/www.w3.org\/2000\/svg\" fill=\"none\" viewBox=\"0 0 24 24\">\n  <path stroke=\"currentColor\" stroke-linecap=\"round\" stroke-linejoin=\"round\" stroke-width=\"1.5\" d=\"M3 5.5a2 2 0 0 1 2-2h14a2 2 0 0 1 2 2v14a2 2 0 0 1-2 2H5a2 2 0 0 1-2-2v-14ZM8 2v3m8-3v3M3 9h18\"\/>\n<\/svg>\nago 25, 2026<\/span><span class=\"ultp-post-read ultp-block-meta-element\"><svg xmlns=\"http:\/\/www.w3.org\/2000\/svg\" fill=\"none\" viewBox=\"0 0 24 24\">\n  <path stroke=\"currentColor\" stroke-linecap=\"round\" stroke-linejoin=\"round\" stroke-width=\"1.5\" d=\"M4 5v14a3 3 0 0 0 3 3h13V8H7a3 3 0 0 1-3-3Zm0 0a3 3 0 0 1 3-3h13M7 5h10\"\/>\n  <path stroke=\"currentColor\" stroke-linecap=\"round\" stroke-linejoin=\"round\" stroke-width=\"1.5\" d=\"M9.5 18.5v-3.092a3 3 0 0 1 .504-1.664l1.219-1.828a.934.934 0 0 1 1.554 0l1.22 1.828a3 3 0 0 1 .503 1.664V18.5m-5-2.5h5\"\/>\n<\/svg>\n2 min read<\/span><\/div><div class=\"ultp-block-excerpt\"><p>Roteiro inicial conta com apenas dez apresenta\u00e7\u00f5es da cantora que se apresenta na Stone House no dia 7 de novembro durante o 2\u00ba Rock Stone Festival Leopoldina est\u00e1 entre as cidades escolhidas por Pitty para receber as primeiras apresenta\u00e7\u00f5es de&hellip;<\/p>\n<\/div><\/div><\/div><\/div><\/div><\/div><div class=\"pagination-block-html\" aria-hidden=\"true\" style=\"display: none;\"><\/div><\/div>","protected":false},"excerpt":{"rendered":"<p>Tradicional evento re\u00fane m\u00fasica, cultura, gastronomia e artesanato; confira a programa\u00e7\u00e3o completa A 36\u00aa Feira da Paz de Leopoldina ter\u00e1 uma de suas principais atra\u00e7\u00f5es musicais nesta sexta-feira, 4 de setembro, quando o cantor Ferrugem sobe ao palco principal do Parque de Exposi\u00e7\u00f5es Jos\u00e9 Ribeiro dos Reis para um show com entrada gratuita. Considerado um [&hellip;]<\/p>\n","protected":false},"author":2,"featured_media":456588,"comment_status":"open","ping_status":"closed","sticky":false,"template":"","format":"standard","meta":{"footnotes":""},"categories":[1,26],"tags":[],"class_list":["post-456587","post","type-post","status-publish","format-standard","has-post-thumbnail","hentry","category-destaque","category-ultimas-noticias"],"yoast_head":"<!-- This site is optimized with the Yoast SEO plugin v28.3 - https:\/\/yoast.com\/product\/yoast-seo-wordpress\/ -->\n<title>Leopoldina recebe Ferrugem nesta sexta-feira para show gratuito na Feira da Paz<\/title>\n<meta name=\"robots\" content=\"index, follow, max-snippet:-1, max-image-preview:large, max-video-preview:-1\" \/>\n<link rel=\"canonical\" href=\"https:\/\/www.ovigilanteonline.com.br\/site\/2026\/09\/02\/leopoldina-recebe-ferrugem-nesta-sexta-feira-para-show-gratuito-na-feira-da-paz\/\" \/>\n<meta property=\"og:locale\" content=\"pt_BR\" \/>\n<meta property=\"og:type\" content=\"article\" \/>\n<meta property=\"og:title\" content=\"Leopoldina recebe Ferrugem nesta sexta-feira para show gratuito na Feira da Paz\" \/>\n<meta property=\"og:description\" content=\"Tradicional evento re\u00fane m\u00fasica, cultura, gastronomia e artesanato; confira a programa\u00e7\u00e3o completa A 36\u00aa Feira da Paz de Leopoldina ter\u00e1 uma de suas principais atra\u00e7\u00f5es musicais nesta sexta-feira, 4 de setembro, quando o cantor Ferrugem sobe ao palco principal do Parque de Exposi\u00e7\u00f5es Jos\u00e9 Ribeiro dos Reis para um show com entrada gratuita. Considerado um [&hellip;]\" \/>\n<meta property=\"og:url\" content=\"https:\/\/www.ovigilanteonline.com.br\/site\/2026\/09\/02\/leopoldina-recebe-ferrugem-nesta-sexta-feira-para-show-gratuito-na-feira-da-paz\/\" \/>\n<meta property=\"og:site_name\" content=\"O VIGILANTE ONLINE\" \/>\n<meta property=\"article:publisher\" content=\"https:\/\/www.facebook.com\/ovigilanteonline\" \/>\n<meta property=\"article:published_time\" content=\"2026-09-02T21:11:46+00:00\" \/>\n<meta property=\"article:modified_time\" content=\"2026-09-02T21:17:34+00:00\" \/>\n<meta property=\"og:image\" content=\"https:\/\/www.ovigilanteonline.com.br\/site\/wp-content\/uploads\/2026\/09\/ferrugem.jpg\" \/>\n\t<meta property=\"og:image:width\" content=\"924\" \/>\n\t<meta property=\"og:image:height\" content=\"616\" \/>\n\t<meta property=\"og:image:type\" content=\"image\/jpeg\" \/>\n<meta name=\"author\" content=\"Jornalismo\" \/>\n<meta name=\"twitter:card\" content=\"summary_large_image\" \/>\n<meta name=\"twitter:label1\" content=\"Escrito por\" \/>\n\t<meta name=\"twitter:data1\" content=\"Jornalismo\" \/>\n\t<meta name=\"twitter:label2\" content=\"Est. tempo de leitura\" \/>\n\t<meta name=\"twitter:data2\" content=\"3 minutos\" \/>\n<script type=\"application\/ld+json\" class=\"yoast-schema-graph\">{\"@context\":\"https:\\\/\\\/schema.org\",\"@graph\":[{\"@type\":\"Article\",\"@id\":\"https:\\\/\\\/www.ovigilanteonline.com.br\\\/site\\\/2026\\\/09\\\/02\\\/leopoldina-recebe-ferrugem-nesta-sexta-feira-para-show-gratuito-na-feira-da-paz\\\/#article\",\"isPartOf\":{\"@id\":\"https:\\\/\\\/www.ovigilanteonline.com.br\\\/site\\\/2026\\\/09\\\/02\\\/leopoldina-recebe-ferrugem-nesta-sexta-feira-para-show-gratuito-na-feira-da-paz\\\/\"},\"author\":{\"name\":\"Jornalismo\",\"@id\":\"https:\\\/\\\/www.ovigilanteonline.com.br\\\/site\\\/#\\\/schema\\\/person\\\/538fdfb33c0c411cd14a732e7cf14aa6\"},\"headline\":\"Leopoldina recebe Ferrugem nesta sexta-feira para show gratuito na Feira da Paz\",\"datePublished\":\"2026-09-02T21:11:46+00:00\",\"dateModified\":\"2026-09-02T21:17:34+00:00\",\"mainEntityOfPage\":{\"@id\":\"https:\\\/\\\/www.ovigilanteonline.com.br\\\/site\\\/2026\\\/09\\\/02\\\/leopoldina-recebe-ferrugem-nesta-sexta-feira-para-show-gratuito-na-feira-da-paz\\\/\"},\"wordCount\":385,\"commentCount\":0,\"image\":{\"@id\":\"https:\\\/\\\/www.ovigilanteonline.com.br\\\/site\\\/2026\\\/09\\\/02\\\/leopoldina-recebe-ferrugem-nesta-sexta-feira-para-show-gratuito-na-feira-da-paz\\\/#primaryimage\"},\"thumbnailUrl\":\"https:\\\/\\\/www.ovigilanteonline.com.br\\\/site\\\/wp-content\\\/uploads\\\/2026\\\/09\\\/ferrugem.jpg\",\"articleSection\":[\"Destaque\",\"\u00daltimas Not\u00edcias\"],\"inLanguage\":\"pt-BR\",\"potentialAction\":[{\"@type\":\"CommentAction\",\"name\":\"Comment\",\"target\":[\"https:\\\/\\\/www.ovigilanteonline.com.br\\\/site\\\/2026\\\/09\\\/02\\\/leopoldina-recebe-ferrugem-nesta-sexta-feira-para-show-gratuito-na-feira-da-paz\\\/#respond\"]}]},{\"@type\":\"WebPage\",\"@id\":\"https:\\\/\\\/www.ovigilanteonline.com.br\\\/site\\\/2026\\\/09\\\/02\\\/leopoldina-recebe-ferrugem-nesta-sexta-feira-para-show-gratuito-na-feira-da-paz\\\/\",\"url\":\"https:\\\/\\\/www.ovigilanteonline.com.br\\\/site\\\/2026\\\/09\\\/02\\\/leopoldina-recebe-ferrugem-nesta-sexta-feira-para-show-gratuito-na-feira-da-paz\\\/\",\"name\":\"Leopoldina recebe Ferrugem nesta sexta-feira para show gratuito na Feira da Paz\",\"isPartOf\":{\"@id\":\"https:\\\/\\\/www.ovigilanteonline.com.br\\\/site\\\/#website\"},\"primaryImageOfPage\":{\"@id\":\"https:\\\/\\\/www.ovigilanteonline.com.br\\\/site\\\/2026\\\/09\\\/02\\\/leopoldina-recebe-ferrugem-nesta-sexta-feira-para-show-gratuito-na-feira-da-paz\\\/#primaryimage\"},\"image\":{\"@id\":\"https:\\\/\\\/www.ovigilanteonline.com.br\\\/site\\\/2026\\\/09\\\/02\\\/leopoldina-recebe-ferrugem-nesta-sexta-feira-para-show-gratuito-na-feira-da-paz\\\/#primaryimage\"},\"thumbnailUrl\":\"https:\\\/\\\/www.ovigilanteonline.com.br\\\/site\\\/wp-content\\\/uploads\\\/2026\\\/09\\\/ferrugem.jpg\",\"datePublished\":\"2026-09-02T21:11:46+00:00\",\"dateModified\":\"2026-09-02T21:17:34+00:00\",\"author\":{\"@id\":\"https:\\\/\\\/www.ovigilanteonline.com.br\\\/site\\\/#\\\/schema\\\/person\\\/538fdfb33c0c411cd14a732e7cf14aa6\"},\"breadcrumb\":{\"@id\":\"https:\\\/\\\/www.ovigilanteonline.com.br\\\/site\\\/2026\\\/09\\\/02\\\/leopoldina-recebe-ferrugem-nesta-sexta-feira-para-show-gratuito-na-feira-da-paz\\\/#breadcrumb\"},\"inLanguage\":\"pt-BR\",\"potentialAction\":[{\"@type\":\"ReadAction\",\"target\":[\"https:\\\/\\\/www.ovigilanteonline.com.br\\\/site\\\/2026\\\/09\\\/02\\\/leopoldina-recebe-ferrugem-nesta-sexta-feira-para-show-gratuito-na-feira-da-paz\\\/\"]}]},{\"@type\":\"ImageObject\",\"inLanguage\":\"pt-BR\",\"@id\":\"https:\\\/\\\/www.ovigilanteonline.com.br\\\/site\\\/2026\\\/09\\\/02\\\/leopoldina-recebe-ferrugem-nesta-sexta-feira-para-show-gratuito-na-feira-da-paz\\\/#primaryimage\",\"url\":\"https:\\\/\\\/www.ovigilanteonline.com.br\\\/site\\\/wp-content\\\/uploads\\\/2026\\\/09\\\/ferrugem.jpg\",\"contentUrl\":\"https:\\\/\\\/www.ovigilanteonline.com.br\\\/site\\\/wp-content\\\/uploads\\\/2026\\\/09\\\/ferrugem.jpg\",\"width\":924,\"height\":616},{\"@type\":\"BreadcrumbList\",\"@id\":\"https:\\\/\\\/www.ovigilanteonline.com.br\\\/site\\\/2026\\\/09\\\/02\\\/leopoldina-recebe-ferrugem-nesta-sexta-feira-para-show-gratuito-na-feira-da-paz\\\/#breadcrumb\",\"itemListElement\":[{\"@type\":\"ListItem\",\"position\":1,\"name\":\"In\u00edcio\",\"item\":\"https:\\\/\\\/www.ovigilanteonline.com.br\\\/site\\\/\"},{\"@type\":\"ListItem\",\"position\":2,\"name\":\"Leopoldina recebe Ferrugem nesta sexta-feira para show gratuito na Feira da Paz\"}]},{\"@type\":\"WebSite\",\"@id\":\"https:\\\/\\\/www.ovigilanteonline.com.br\\\/site\\\/#website\",\"url\":\"https:\\\/\\\/www.ovigilanteonline.com.br\\\/site\\\/\",\"name\":\"O VIGILANTE ONLINE - Not\u00edcias de Leopoldina e regi\u00e3o\",\"description\":\"\",\"potentialAction\":[{\"@type\":\"SearchAction\",\"target\":{\"@type\":\"EntryPoint\",\"urlTemplate\":\"https:\\\/\\\/www.ovigilanteonline.com.br\\\/site\\\/?s={search_term_string}\"},\"query-input\":{\"@type\":\"PropertyValueSpecification\",\"valueRequired\":true,\"valueName\":\"search_term_string\"}}],\"inLanguage\":\"pt-BR\"},{\"@type\":\"Person\",\"@id\":\"https:\\\/\\\/www.ovigilanteonline.com.br\\\/site\\\/#\\\/schema\\\/person\\\/538fdfb33c0c411cd14a732e7cf14aa6\",\"name\":\"Jornalismo\"}]}<\/script>\n<!-- \/ Yoast SEO plugin. -->","yoast_head_json":{"title":"Leopoldina recebe Ferrugem nesta sexta-feira para show gratuito na Feira da Paz","robots":{"index":"index","follow":"follow","max-snippet":"max-snippet:-1","max-image-preview":"max-image-preview:large","max-video-preview":"max-video-preview:-1"},"canonical":"https:\/\/www.ovigilanteonline.com.br\/site\/2026\/09\/02\/leopoldina-recebe-ferrugem-nesta-sexta-feira-para-show-gratuito-na-feira-da-paz\/","og_locale":"pt_BR","og_type":"article","og_title":"Leopoldina recebe Ferrugem nesta sexta-feira para show gratuito na Feira da Paz","og_description":"Tradicional evento re\u00fane m\u00fasica, cultura, gastronomia e artesanato; confira a programa\u00e7\u00e3o completa A 36\u00aa Feira da Paz de Leopoldina ter\u00e1 uma de suas principais atra\u00e7\u00f5es musicais nesta sexta-feira, 4 de setembro, quando o cantor Ferrugem sobe ao palco principal do Parque de Exposi\u00e7\u00f5es Jos\u00e9 Ribeiro dos Reis para um show com entrada gratuita. Considerado um [&hellip;]","og_url":"https:\/\/www.ovigilanteonline.com.br\/site\/2026\/09\/02\/leopoldina-recebe-ferrugem-nesta-sexta-feira-para-show-gratuito-na-feira-da-paz\/","og_site_name":"O VIGILANTE ONLINE","article_publisher":"https:\/\/www.facebook.com\/ovigilanteonline","article_published_time":"2026-09-02T21:11:46+00:00","article_modified_time":"2026-09-02T21:17:34+00:00","og_image":[{"width":924,"height":616,"url":"https:\/\/www.ovigilanteonline.com.br\/site\/wp-content\/uploads\/2026\/09\/ferrugem.jpg","type":"image\/jpeg"}],"author":"Jornalismo","twitter_card":"summary_large_image","twitter_misc":{"Escrito por":"Jornalismo","Est. tempo de leitura":"3 minutos"},"schema":{"@context":"https:\/\/schema.org","@graph":[{"@type":"Article","@id":"https:\/\/www.ovigilanteonline.com.br\/site\/2026\/09\/02\/leopoldina-recebe-ferrugem-nesta-sexta-feira-para-show-gratuito-na-feira-da-paz\/#article","isPartOf":{"@id":"https:\/\/www.ovigilanteonline.com.br\/site\/2026\/09\/02\/leopoldina-recebe-ferrugem-nesta-sexta-feira-para-show-gratuito-na-feira-da-paz\/"},"author":{"name":"Jornalismo","@id":"https:\/\/www.ovigilanteonline.com.br\/site\/#\/schema\/person\/538fdfb33c0c411cd14a732e7cf14aa6"},"headline":"Leopoldina recebe Ferrugem nesta sexta-feira para show gratuito na Feira da Paz","datePublished":"2026-09-02T21:11:46+00:00","dateModified":"2026-09-02T21:17:34+00:00","mainEntityOfPage":{"@id":"https:\/\/www.ovigilanteonline.com.br\/site\/2026\/09\/02\/leopoldina-recebe-ferrugem-nesta-sexta-feira-para-show-gratuito-na-feira-da-paz\/"},"wordCount":385,"commentCount":0,"image":{"@id":"https:\/\/www.ovigilanteonline.com.br\/site\/2026\/09\/02\/leopoldina-recebe-ferrugem-nesta-sexta-feira-para-show-gratuito-na-feira-da-paz\/#primaryimage"},"thumbnailUrl":"https:\/\/www.ovigilanteonline.com.br\/site\/wp-content\/uploads\/2026\/09\/ferrugem.jpg","articleSection":["Destaque","\u00daltimas Not\u00edcias"],"inLanguage":"pt-BR","potentialAction":[{"@type":"CommentAction","name":"Comment","target":["https:\/\/www.ovigilanteonline.com.br\/site\/2026\/09\/02\/leopoldina-recebe-ferrugem-nesta-sexta-feira-para-show-gratuito-na-feira-da-paz\/#respond"]}]},{"@type":"WebPage","@id":"https:\/\/www.ovigilanteonline.com.br\/site\/2026\/09\/02\/leopoldina-recebe-ferrugem-nesta-sexta-feira-para-show-gratuito-na-feira-da-paz\/","url":"https:\/\/www.ovigilanteonline.com.br\/site\/2026\/09\/02\/leopoldina-recebe-ferrugem-nesta-sexta-feira-para-show-gratuito-na-feira-da-paz\/","name":"Leopoldina recebe Ferrugem nesta sexta-feira para show gratuito na Feira da Paz","isPartOf":{"@id":"https:\/\/www.ovigilanteonline.com.br\/site\/#website"},"primaryImageOfPage":{"@id":"https:\/\/www.ovigilanteonline.com.br\/site\/2026\/09\/02\/leopoldina-recebe-ferrugem-nesta-sexta-feira-para-show-gratuito-na-feira-da-paz\/#primaryimage"},"image":{"@id":"https:\/\/www.ovigilanteonline.com.br\/site\/2026\/09\/02\/leopoldina-recebe-ferrugem-nesta-sexta-feira-para-show-gratuito-na-feira-da-paz\/#primaryimage"},"thumbnailUrl":"https:\/\/www.ovigilanteonline.com.br\/site\/wp-content\/uploads\/2026\/09\/ferrugem.jpg","datePublished":"2026-09-02T21:11:46+00:00","dateModified":"2026-09-02T21:17:34+00:00","author":{"@id":"https:\/\/www.ovigilanteonline.com.br\/site\/#\/schema\/person\/538fdfb33c0c411cd14a732e7cf14aa6"},"breadcrumb":{"@id":"https:\/\/www.ovigilanteonline.com.br\/site\/2026\/09\/02\/leopoldina-recebe-ferrugem-nesta-sexta-feira-para-show-gratuito-na-feira-da-paz\/#breadcrumb"},"inLanguage":"pt-BR","potentialAction":[{"@type":"ReadAction","target":["https:\/\/www.ovigilanteonline.com.br\/site\/2026\/09\/02\/leopoldina-recebe-ferrugem-nesta-sexta-feira-para-show-gratuito-na-feira-da-paz\/"]}]},{"@type":"ImageObject","inLanguage":"pt-BR","@id":"https:\/\/www.ovigilanteonline.com.br\/site\/2026\/09\/02\/leopoldina-recebe-ferrugem-nesta-sexta-feira-para-show-gratuito-na-feira-da-paz\/#primaryimage","url":"https:\/\/www.ovigilanteonline.com.br\/site\/wp-content\/uploads\/2026\/09\/ferrugem.jpg","contentUrl":"https:\/\/www.ovigilanteonline.com.br\/site\/wp-content\/uploads\/2026\/09\/ferrugem.jpg","width":924,"height":616},{"@type":"BreadcrumbList","@id":"https:\/\/www.ovigilanteonline.com.br\/site\/2026\/09\/02\/leopoldina-recebe-ferrugem-nesta-sexta-feira-para-show-gratuito-na-feira-da-paz\/#breadcrumb","itemListElement":[{"@type":"ListItem","position":1,"name":"In\u00edcio","item":"https:\/\/www.ovigilanteonline.com.br\/site\/"},{"@type":"ListItem","position":2,"name":"Leopoldina recebe Ferrugem nesta sexta-feira para show gratuito na Feira da Paz"}]},{"@type":"WebSite","@id":"https:\/\/www.ovigilanteonline.com.br\/site\/#website","url":"https:\/\/www.ovigilanteonline.com.br\/site\/","name":"O VIGILANTE ONLINE - Not\u00edcias de Leopoldina e regi\u00e3o","description":"","potentialAction":[{"@type":"SearchAction","target":{"@type":"EntryPoint","urlTemplate":"https:\/\/www.ovigilanteonline.com.br\/site\/?s={search_term_string}"},"query-input":{"@type":"PropertyValueSpecification","valueRequired":true,"valueName":"search_term_string"}}],"inLanguage":"pt-BR"},{"@type":"Person","@id":"https:\/\/www.ovigilanteonline.com.br\/site\/#\/schema\/person\/538fdfb33c0c411cd14a732e7cf14aa6","name":"Jornalismo"}]}},"cc_featured_image_caption":{"caption_text":"","source_text":"","source_url":""},"_links":{"self":[{"href":"https:\/\/www.ovigilanteonline.com.br\/site\/wp-json\/wp\/v2\/posts\/456587","targetHints":{"allow":["GET"]}}],"collection":[{"href":"https:\/\/www.ovigilanteonline.com.br\/site\/wp-json\/wp\/v2\/posts"}],"about":[{"href":"https:\/\/www.ovigilanteonline.com.br\/site\/wp-json\/wp\/v2\/types\/post"}],"author":[{"embeddable":true,"href":"https:\/\/www.ovigilanteonline.com.br\/site\/wp-json\/wp\/v2\/users\/2"}],"replies":[{"embeddable":true,"href":"https:\/\/www.ovigilanteonline.com.br\/site\/wp-json\/wp\/v2\/comments?post=456587"}],"version-history":[{"count":3,"href":"https:\/\/www.ovigilanteonline.com.br\/site\/wp-json\/wp\/v2\/posts\/456587\/revisions"}],"predecessor-version":[{"id":456591,"href":"https:\/\/www.ovigilanteonline.com.br\/site\/wp-json\/wp\/v2\/posts\/456587\/revisions\/456591"}],"wp:featuredmedia":[{"embeddable":true,"href":"https:\/\/www.ovigilanteonline.com.br\/site\/wp-json\/wp\/v2\/media\/456588"}],"wp:attachment":[{"href":"https:\/\/www.ovigilanteonline.com.br\/site\/wp-json\/wp\/v2\/media?parent=456587"}],"wp:term":[{"taxonomy":"category","embeddable":true,"href":"https:\/\/www.ovigilanteonline.com.br\/site\/wp-json\/wp\/v2\/categories?post=456587"},{"taxonomy":"post_tag","embeddable":true,"href":"https:\/\/www.ovigilanteonline.com.br\/site\/wp-json\/wp\/v2\/tags?post=456587"}],"curies":[{"name":"wp","href":"https:\/\/api.w.org\/{rel}","templated":true}]}}