{"id":456572,"date":"2026-09-03T08:24:24","date_gmt":"2026-09-03T11:24:24","guid":{"rendered":"https:\/\/www.ovigilanteonline.com.br\/site\/?p=456572"},"modified":"2026-09-03T11:07:31","modified_gmt":"2026-09-03T14:07:31","slug":"populacao-de-leopoldina-cresce-e-chega-a-527-mil-habitantes-aponta-estimativa-do-ibge","status":"publish","type":"post","link":"https:\/\/www.ovigilanteonline.com.br\/site\/2026\/09\/03\/populacao-de-leopoldina-cresce-e-chega-a-527-mil-habitantes-aponta-estimativa-do-ibge\/","title":{"rendered":"Popula\u00e7\u00e3o de Leopoldina cresce e chega a 52,7 mil habitantes, aponta estimativa do IBGE"},"content":{"rendered":"<div id=\"ovigi-1539398215\" class=\"ovigi-inicio-post-interno ovigi-entity-placement\" style=\"margin-left: auto;margin-right: auto;text-align: center;\"><a href=\"https:\/\/onelink.to\/tfjfd3?utm_source=ig&#038;utm_medium=social&#038;utm_content=link_in_bio&#038;fbclid=PAcGRvZgJleHRuA2FlbQIxMQBzcnRjBmFwcF9pZA85MzY2MTk3NDMzOTI0NTkAAacgW20vIuhakYBCxZduUBbwssdSFoAQ7exuq7BFVvR-PR9sdpzVWlAvY7yZog_aem__Bn7V7eJEMspatV_tVfmIA\" target=\"_blank\" aria-label=\"ARTE GIF\"><img decoding=\"async\" src=\"https:\/\/www.ovigilanteonline.com.br\/site\/wp-content\/uploads\/2026\/05\/ARTE-GIF.gif\" alt=\"\"    \/><\/a><\/div>\n<h3 class=\"wp-block-heading\"><strong><em>Levantamento aponta crescimento de aproximadamente 3,2% em rela\u00e7\u00e3o \u00e0 popula\u00e7\u00e3o registrada no \u00faltimo Censo<\/em><\/strong><\/h3>\n\n\n\n<p class=\"wp-block-paragraph\">Leopoldina apresentou crescimento populacional nos \u00faltimos anos e chegou a uma popula\u00e7\u00e3o estimada de 52.779 habitantes em 2026, segundo os dados mais recentes do Instituto Brasileiro de Geografia e Estat\u00edstica (IBGE), divulgados no fim de agosto.<\/p>\n\n\n\n<p class=\"wp-block-paragraph\">O n\u00famero representa um aumento de 1.634 moradores em compara\u00e7\u00e3o com o \u00faltimo Censo, realizado em 2022, quando Leopoldina contabilizava 51.145 habitantes. Considerando os dois levantamentos, o crescimento foi de aproximadamente 3,2%. <\/p><div id=\"ovigi-3024334139\" class=\"ovigi-conteudo_2-3 ovigi-entity-placement\"><script async src=\"\/\/pagead2.googlesyndication.com\/pagead\/js\/adsbygoogle.js?client=ca-pub-4068173061741521\" crossorigin=\"anonymous\"><\/script><ins class=\"adsbygoogle\" style=\"display:block; text-align:center;\" data-ad-client=\"ca-pub-4068173061741521\" \ndata-ad-slot=\"6460393376\" \ndata-ad-layout=\"in-article\"\ndata-ad-format=\"fluid\"><\/ins>\n<script> \n(adsbygoogle = window.adsbygoogle || []).push({}); \n<\/script>\n<\/div><div id=\"ovigi-3883492088\" class=\"ovigi-conteudo_2-2 ovigi-entity-placement\"><script async src=\"\/\/pagead2.googlesyndication.com\/pagead\/js\/adsbygoogle.js?client=ca-pub-4068173061741521\" crossorigin=\"anonymous\"><\/script><ins class=\"adsbygoogle\" style=\"display:block; text-align:center;\" data-ad-client=\"ca-pub-4068173061741521\" \ndata-ad-slot=\"6460393376\" \ndata-ad-layout=\"in-article\"\ndata-ad-format=\"fluid\"><\/ins>\n<script> \n(adsbygoogle = window.adsbygoogle || []).push({}); \n<\/script>\n<\/div><div id=\"ovigi-1620115271\" class=\"ovigi-conteudo_2 ovigi-entity-placement\"><script async src=\"\/\/pagead2.googlesyndication.com\/pagead\/js\/adsbygoogle.js?client=ca-pub-4068173061741521\" crossorigin=\"anonymous\"><\/script><ins class=\"adsbygoogle\" style=\"display:block; text-align:center;\" data-ad-client=\"ca-pub-4068173061741521\" \ndata-ad-slot=\"6460393376\" \ndata-ad-layout=\"in-article\"\ndata-ad-format=\"fluid\"><\/ins>\n<script> \n(adsbygoogle = window.adsbygoogle || []).push({}); \n<\/script>\n<\/div><div id=\"ovigi-4066227404\" class=\"ovigi-conteudo_2-4 ovigi-entity-placement\"><script async src=\"\/\/pagead2.googlesyndication.com\/pagead\/js\/adsbygoogle.js?client=ca-pub-4068173061741521\" crossorigin=\"anonymous\"><\/script><ins class=\"adsbygoogle\" style=\"display:block; text-align:center;\" data-ad-client=\"ca-pub-4068173061741521\" \ndata-ad-slot=\"6460393376\" \ndata-ad-layout=\"in-article\"\ndata-ad-format=\"fluid\"><\/ins>\n<script> \n(adsbygoogle = window.adsbygoogle || []).push({}); \n<\/script>\n<\/div>\n\n\n\n<p class=\"wp-block-paragraph\">A estimativa populacional do IBGE tem como refer\u00eancia o dia 1\u00ba de julho de 2026 e apresenta os n\u00fameros atualizados dos munic\u00edpios brasileiros.<\/p>\n\n\n\n<p class=\"wp-block-paragraph\">Na regi\u00e3o, os dados mostram realidades diferentes. Enquanto Leopoldina registrou crescimento em rela\u00e7\u00e3o ao Censo de 2022, Cataguases aparece com 67.600 habitantes em 2026, n\u00famero 132 menor que a estimativa de 2025, quando possu\u00eda 67.732 moradores.<\/p>\n\n\n<div id=\"ovigi-2405794849\"><p><!-- wp:paragraph {\"align\":\"center\",\"fontSize\":\"small\"} --><\/p>\n<p class=\"has-text-align-center has-small-font-size\" style=\"text-align: center;\">PUBLICIDADE<\/p>\n<hr \/>\n<p><!-- \/wp:paragraph --><\/p>\n<div class=\"wp-block-columns\">\n<div class=\"wp-block-column\">\n<figure class=\"wp-block-image size-full is-resized\"><a href=\"https:\/\/www.instagram.com\/unimedleopoldina241\/\" target=\"_blank\" rel=\" noreferrer noopener\"><img loading=\"lazy\" decoding=\"async\" class=\"wp-image-455236\" src=\"https:\/\/www.ovigilanteonline.com.br\/site\/wp-content\/uploads\/2026\/08\/unimed-materias.jpg\" alt=\"\" width=\"371\" height=\"371\" \/> \u00a0 \u00a0<\/a><a href=\"https:\/\/vest.sudamerica.edu.br\/vest-2026-2\" target=\"_blank\" rel=\" noreferrer noopener\"><img loading=\"lazy\" decoding=\"async\" class=\"wp-image-453120\" src=\"https:\/\/www.ovigilanteonline.com.br\/site\/wp-content\/uploads\/2026\/08\/sudamerica-materias.jpg\" alt=\"\" width=\"379\" height=\"370\" \/><\/a><\/p>\n<hr \/>\n<\/figure>\n<\/div>\n<\/div>\n<p><!-- \/wp:separator --><\/p>\n<\/div>\n\n\n<p class=\"wp-block-paragraph\">Entre as maiores cidades da Zona da Mata, Juiz de Fora permanece na lideran\u00e7a, com popula\u00e7\u00e3o estimada em 569.588 habitantes. Muria\u00e9 aparece com 108.716 moradores, ultrapassando Ub\u00e1, que possui 107.613 habitantes.<\/p>\n\n\n\n<p class=\"wp-block-paragraph\">No cen\u00e1rio nacional, o IBGE estima que o Brasil tenha 214,2 milh\u00f5es de habitantes em 2026, crescimento de 0,37% em rela\u00e7\u00e3o \u00e0 estimativa do ano anterior.<\/p>\n\n\n\n<p class=\"wp-block-paragraph\"><strong>Leopoldina (Clique na imagem para saber mais)<\/strong><\/p>\n\n\n\n<figure class=\"wp-block-image size-full\"><a href=\"https:\/\/www.ibge.gov.br\/cidades-e-estados\/mg\/leopoldina.html\" target=\"_blank\" rel=\" noopener\"><img loading=\"lazy\" decoding=\"async\" width=\"957\" height=\"392\" src=\"https:\/\/www.ovigilanteonline.com.br\/site\/wp-content\/uploads\/2026\/09\/image-4.png\" alt=\"\" class=\"wp-image-456593\" srcset=\"https:\/\/www.ovigilanteonline.com.br\/site\/wp-content\/uploads\/2026\/09\/image-4.png 957w, https:\/\/www.ovigilanteonline.com.br\/site\/wp-content\/uploads\/2026\/09\/image-4-300x123.png 300w, https:\/\/www.ovigilanteonline.com.br\/site\/wp-content\/uploads\/2026\/09\/image-4-767x314.png 767w\" sizes=\"auto, (max-width: 957px) 100vw, 957px\" \/><\/a><\/figure>\n\n\n<div  class=\"wp-block-ultimate-post-heading ultp-block-989565\"><div class=\"ultp-block-wrapper\"><div class=\"ultp-heading-wrap ultp-heading-style18 ultp-heading-left\"><h2 class=\"ultp-heading-inner\"><span>RECENTES MAIS LIDAS<\/span><\/h2><\/div><\/div><\/div>\n\n<div  class=\"ultp-post-grid-block wp-block-ultimate-post-post-list-3 ultp-block-7cd8ab \"><div class=\"ultp-block-wrapper\" ><div class=\"ultp-loading\"><div class=\"ultp-loading-blocks\" style=\"width:100%;height:100%;\"><div style=\"left: 0;top: 0;animation-delay:0s;\"><\/div><div style=\"left: 21px;top: 0;animation-delay:0.125s;\"><\/div><div style=\"left: 42px;top: 0;animation-delay:0.25s;\"><\/div><div style=\"left: 0;top: 21px;animation-delay:0.875s;\"><\/div><div style=\"left: 42px;top: 21px;animation-delay:0.375s;\"><\/div><div style=\"left: 0;top: 42px;animation-delay:0.75s;\"><\/div><div style=\"left: 42px;top: 42px;animation-delay:0.625s;\"><\/div><div style=\"left: 21px;top: 42px;animation-delay:0.5s;\"><\/div><\/div><\/div><div class=\"ultp-block-items-wrap ultp-block-row ultp-block-column-1 ultp-block-content-middle ultp-layout1\"><div class=\"ultp-block-item ultp-block-media post-id-456462\"><div class=\"ultp-block-content-wrap\"><div class=\"ultp-block-image ultp-block-image-opacity\"><a href=\"https:\/\/www.ovigilanteonline.com.br\/site\/2026\/09\/01\/mercado-livre-vai-abrir-centro-de-distribuicao-e-gerar-mais-de-800-empregos-em-juiz-de-fora\/\" ><img decoding=\"async\"  alt=\"Mercado Livre vai abrir centro de distribui\u00e7\u00e3o e gerar mais de 800 empregos em Juiz de Fora\"  src=\"https:\/\/www.ovigilanteonline.com.br\/site\/wp-content\/uploads\/2026\/09\/mercado-600x600.jpg\" \/><\/a><\/div><div class=\"ultp-block-content\"><div class=\"ultp-category-grid ultp-category-classic ultp-category-aboveTitle\"><div class=\"ultp-category-in\"><a class=\"ultp-cat-giro-vigilante\" href=\"https:\/\/www.ovigilanteonline.com.br\/site\/category\/giro-vigilante\/\"  >Giro Vigilante<\/a><a class=\"ultp-cat-mais-lidas\" href=\"https:\/\/www.ovigilanteonline.com.br\/site\/category\/mais-lidas\/\"  >Mais Lidas<\/a><a class=\"ultp-cat-regiao\" href=\"https:\/\/www.ovigilanteonline.com.br\/site\/category\/regiao\/\"  >Regi\u00e3o<\/a><a class=\"ultp-cat-ronda\" href=\"https:\/\/www.ovigilanteonline.com.br\/site\/category\/ronda\/\"  >Ronda Vigilante<\/a><a class=\"ultp-cat-ultimas-noticias\" href=\"https:\/\/www.ovigilanteonline.com.br\/site\/category\/ultimas-noticias\/\"  >\u00daltimas Not\u00edcias<\/a><\/div><\/div><h3 class=\"ultp-block-title \"><a href=\"https:\/\/www.ovigilanteonline.com.br\/site\/2026\/09\/01\/mercado-livre-vai-abrir-centro-de-distribuicao-e-gerar-mais-de-800-empregos-em-juiz-de-fora\/\" >Mercado Livre vai abrir centro de distribui\u00e7\u00e3o e gerar mais de 800 empregos em Juiz de Fora<\/a><\/h3><div class=\"ultp-block-meta ultp-block-meta-dot ultp-block-meta-icon\"><span class=\"ultp-block-author ultp-block-meta-element\"><svg xmlns=\"http:\/\/www.w3.org\/2000\/svg\" fill=\"none\" viewBox=\"0 0 24 24\">\n  <circle cx=\"12\" cy=\"7\" r=\"4\" stroke=\"currentColor\" stroke-linejoin=\"round\" stroke-width=\"1.5\"\/>\n  <path stroke=\"currentColor\" stroke-linecap=\"round\" stroke-linejoin=\"round\" stroke-width=\"1.5\" d=\"M4 21v-3a4 4 0 0 1 4-4h8a4 4 0 0 1 4 4v3\"\/>\n<\/svg>\n<a class=\"\" href=\"https:\/\/www.ovigilanteonline.com.br\/site\/author\/julio\/\">Jornalismo<\/a><\/span><span class=\"ultp-block-date ultp-block-meta-element\"><svg xmlns=\"http:\/\/www.w3.org\/2000\/svg\" fill=\"none\" viewBox=\"0 0 24 24\">\n  <path stroke=\"currentColor\" stroke-linecap=\"round\" stroke-linejoin=\"round\" stroke-width=\"1.5\" d=\"M3 5.5a2 2 0 0 1 2-2h14a2 2 0 0 1 2 2v14a2 2 0 0 1-2 2H5a2 2 0 0 1-2-2v-14ZM8 2v3m8-3v3M3 9h18\"\/>\n<\/svg>\nset 1, 2026<\/span><span class=\"ultp-post-read ultp-block-meta-element\"><svg xmlns=\"http:\/\/www.w3.org\/2000\/svg\" fill=\"none\" viewBox=\"0 0 24 24\">\n  <path stroke=\"currentColor\" stroke-linecap=\"round\" stroke-linejoin=\"round\" stroke-width=\"1.5\" d=\"M4 5v14a3 3 0 0 0 3 3h13V8H7a3 3 0 0 1-3-3Zm0 0a3 3 0 0 1 3-3h13M7 5h10\"\/>\n  <path stroke=\"currentColor\" stroke-linecap=\"round\" stroke-linejoin=\"round\" stroke-width=\"1.5\" d=\"M9.5 18.5v-3.092a3 3 0 0 1 .504-1.664l1.219-1.828a.934.934 0 0 1 1.554 0l1.22 1.828a3 3 0 0 1 .503 1.664V18.5m-5-2.5h5\"\/>\n<\/svg>\n3 min read<\/span><\/div><div class=\"ultp-block-excerpt\"><p>Vagas s\u00e3o para auxiliar de log\u00edstica, inclusive para pessoas sem experi\u00eancia; mutir\u00e3o acontece de 16 a 18 de setembro Juiz de Fora ter\u00e1 um novo centro de distribui\u00e7\u00e3o do Mercado Livre. A previs\u00e3o \u00e9 que a estrutura gere mais de&hellip;<\/p>\n<\/div><\/div><\/div><\/div><div class=\"ultp-block-item ultp-block-media post-id-456411\"><div class=\"ultp-block-content-wrap\"><div class=\"ultp-block-image ultp-block-image-opacity\"><a href=\"https:\/\/www.ovigilanteonline.com.br\/site\/2026\/08\/30\/homem-fica-ferido-durante-salto-de-voo-livre-no-morro-do-cruzeiro-em-leopoldina\/\" ><img decoding=\"async\"  alt=\"Homem fica ferido durante salto de voo livre no Morro do Cruzeiro em Leopoldina\"  src=\"https:\/\/www.ovigilanteonline.com.br\/site\/wp-content\/uploads\/2026\/08\/capa-paraglider-600x600.jpeg\" \/><\/a><\/div><div class=\"ultp-block-content\"><div class=\"ultp-category-grid ultp-category-classic ultp-category-aboveTitle\"><div class=\"ultp-category-in\"><a class=\"ultp-cat-cidade\" href=\"https:\/\/www.ovigilanteonline.com.br\/site\/category\/cidade\/\"  >Cidade<\/a><a class=\"ultp-cat-geral\" href=\"https:\/\/www.ovigilanteonline.com.br\/site\/category\/geral\/\"  >Geral<\/a><a class=\"ultp-cat-leopoldina\" href=\"https:\/\/www.ovigilanteonline.com.br\/site\/category\/leopoldina\/\"  >Leopoldina<\/a><a class=\"ultp-cat-mais-lidas\" href=\"https:\/\/www.ovigilanteonline.com.br\/site\/category\/mais-lidas\/\"  >Mais Lidas<\/a><a class=\"ultp-cat-ultimas-noticias\" href=\"https:\/\/www.ovigilanteonline.com.br\/site\/category\/ultimas-noticias\/\"  >\u00daltimas Not\u00edcias<\/a><\/div><\/div><h3 class=\"ultp-block-title \"><a href=\"https:\/\/www.ovigilanteonline.com.br\/site\/2026\/08\/30\/homem-fica-ferido-durante-salto-de-voo-livre-no-morro-do-cruzeiro-em-leopoldina\/\" >Homem fica ferido durante salto de voo livre no Morro do Cruzeiro em Leopoldina<\/a><\/h3><div class=\"ultp-block-meta ultp-block-meta-dot ultp-block-meta-icon\"><span class=\"ultp-block-author ultp-block-meta-element\"><svg xmlns=\"http:\/\/www.w3.org\/2000\/svg\" fill=\"none\" viewBox=\"0 0 24 24\">\n  <circle cx=\"12\" cy=\"7\" r=\"4\" stroke=\"currentColor\" stroke-linejoin=\"round\" stroke-width=\"1.5\"\/>\n  <path stroke=\"currentColor\" stroke-linecap=\"round\" stroke-linejoin=\"round\" stroke-width=\"1.5\" d=\"M4 21v-3a4 4 0 0 1 4-4h8a4 4 0 0 1 4 4v3\"\/>\n<\/svg>\n<a class=\"\" href=\"https:\/\/www.ovigilanteonline.com.br\/site\/author\/julio\/\">Jornalismo<\/a><\/span><span class=\"ultp-block-date ultp-block-meta-element\"><svg xmlns=\"http:\/\/www.w3.org\/2000\/svg\" fill=\"none\" viewBox=\"0 0 24 24\">\n  <path stroke=\"currentColor\" stroke-linecap=\"round\" stroke-linejoin=\"round\" stroke-width=\"1.5\" d=\"M3 5.5a2 2 0 0 1 2-2h14a2 2 0 0 1 2 2v14a2 2 0 0 1-2 2H5a2 2 0 0 1-2-2v-14ZM8 2v3m8-3v3M3 9h18\"\/>\n<\/svg>\nago 30, 2026<\/span><span class=\"ultp-post-read ultp-block-meta-element\"><svg xmlns=\"http:\/\/www.w3.org\/2000\/svg\" fill=\"none\" viewBox=\"0 0 24 24\">\n  <path stroke=\"currentColor\" stroke-linecap=\"round\" stroke-linejoin=\"round\" stroke-width=\"1.5\" d=\"M4 5v14a3 3 0 0 0 3 3h13V8H7a3 3 0 0 1-3-3Zm0 0a3 3 0 0 1 3-3h13M7 5h10\"\/>\n  <path stroke=\"currentColor\" stroke-linecap=\"round\" stroke-linejoin=\"round\" stroke-width=\"1.5\" d=\"M9.5 18.5v-3.092a3 3 0 0 1 .504-1.664l1.219-1.828a.934.934 0 0 1 1.554 0l1.22 1.828a3 3 0 0 1 .503 1.664V18.5m-5-2.5h5\"\/>\n<\/svg>\n2 min read<\/span><\/div><div class=\"ultp-block-excerpt\"><p>V\u00edtima, natural de Petr\u00f3polis, foi resgatada pelo Corpo de Bombeiros na parte inferior do morro e encaminhada pelo Samu \u00e0 Casa de Caridade Leopoldinense Um homem de 59 anos ficou ferido ap\u00f3s perder o controle do equipamento que utilizava durante&hellip;<\/p>\n<\/div><\/div><\/div><\/div><\/div><\/div><div class=\"pagination-block-html\" aria-hidden=\"true\" style=\"display: none;\"><\/div><\/div>","protected":false},"excerpt":{"rendered":"<p>Levantamento aponta crescimento de aproximadamente 3,2% em rela\u00e7\u00e3o \u00e0 popula\u00e7\u00e3o registrada no \u00faltimo Censo Leopoldina apresentou crescimento populacional nos \u00faltimos anos e chegou a uma popula\u00e7\u00e3o estimada de 52.779 habitantes em 2026, segundo os dados mais recentes do Instituto Brasileiro de Geografia e Estat\u00edstica (IBGE), divulgados no fim de agosto. O n\u00famero representa um aumento [&hellip;]<\/p>\n","protected":false},"author":2,"featured_media":451489,"comment_status":"open","ping_status":"closed","sticky":false,"template":"","format":"standard","meta":{"footnotes":""},"categories":[11,26],"tags":[],"class_list":["post-456572","post","type-post","status-publish","format-standard","has-post-thumbnail","hentry","category-leopoldina","category-ultimas-noticias"],"yoast_head":"<!-- This site is optimized with the Yoast SEO plugin v28.3 - https:\/\/yoast.com\/product\/yoast-seo-wordpress\/ -->\n<title>Popula\u00e7\u00e3o de Leopoldina cresce e chega a 52,7 mil habitantes, aponta estimativa do IBGE<\/title>\n<meta name=\"robots\" content=\"index, follow, max-snippet:-1, max-image-preview:large, max-video-preview:-1\" \/>\n<link rel=\"canonical\" href=\"https:\/\/www.ovigilanteonline.com.br\/site\/2026\/09\/03\/populacao-de-leopoldina-cresce-e-chega-a-527-mil-habitantes-aponta-estimativa-do-ibge\/\" \/>\n<meta property=\"og:locale\" content=\"pt_BR\" \/>\n<meta property=\"og:type\" content=\"article\" \/>\n<meta property=\"og:title\" content=\"Popula\u00e7\u00e3o de Leopoldina cresce e chega a 52,7 mil habitantes, aponta estimativa do IBGE\" \/>\n<meta property=\"og:description\" content=\"Levantamento aponta crescimento de aproximadamente 3,2% em rela\u00e7\u00e3o \u00e0 popula\u00e7\u00e3o registrada no \u00faltimo Censo Leopoldina apresentou crescimento populacional nos \u00faltimos anos e chegou a uma popula\u00e7\u00e3o estimada de 52.779 habitantes em 2026, segundo os dados mais recentes do Instituto Brasileiro de Geografia e Estat\u00edstica (IBGE), divulgados no fim de agosto. O n\u00famero representa um aumento [&hellip;]\" \/>\n<meta property=\"og:url\" content=\"https:\/\/www.ovigilanteonline.com.br\/site\/2026\/09\/03\/populacao-de-leopoldina-cresce-e-chega-a-527-mil-habitantes-aponta-estimativa-do-ibge\/\" \/>\n<meta property=\"og:site_name\" content=\"O VIGILANTE ONLINE\" \/>\n<meta property=\"article:publisher\" content=\"https:\/\/www.facebook.com\/ovigilanteonline\" \/>\n<meta property=\"article:published_time\" content=\"2026-09-03T11:24:24+00:00\" \/>\n<meta property=\"article:modified_time\" content=\"2026-09-03T14:07:31+00:00\" \/>\n<meta property=\"og:image\" content=\"https:\/\/www.ovigilanteonline.com.br\/site\/wp-content\/uploads\/2026\/03\/cidade-tempo-clima-scaled.jpg\" \/>\n\t<meta property=\"og:image:width\" content=\"2560\" \/>\n\t<meta property=\"og:image:height\" content=\"1920\" \/>\n\t<meta property=\"og:image:type\" content=\"image\/jpeg\" \/>\n<meta name=\"author\" content=\"Jornalismo\" \/>\n<meta name=\"twitter:card\" content=\"summary_large_image\" \/>\n<meta name=\"twitter:label1\" content=\"Escrito por\" \/>\n\t<meta name=\"twitter:data1\" content=\"Jornalismo\" \/>\n\t<meta name=\"twitter:label2\" content=\"Est. tempo de leitura\" \/>\n\t<meta name=\"twitter:data2\" content=\"2 minutos\" \/>\n<script type=\"application\/ld+json\" class=\"yoast-schema-graph\">{\"@context\":\"https:\\\/\\\/schema.org\",\"@graph\":[{\"@type\":\"Article\",\"@id\":\"https:\\\/\\\/www.ovigilanteonline.com.br\\\/site\\\/2026\\\/09\\\/03\\\/populacao-de-leopoldina-cresce-e-chega-a-527-mil-habitantes-aponta-estimativa-do-ibge\\\/#article\",\"isPartOf\":{\"@id\":\"https:\\\/\\\/www.ovigilanteonline.com.br\\\/site\\\/2026\\\/09\\\/03\\\/populacao-de-leopoldina-cresce-e-chega-a-527-mil-habitantes-aponta-estimativa-do-ibge\\\/\"},\"author\":{\"name\":\"Jornalismo\",\"@id\":\"https:\\\/\\\/www.ovigilanteonline.com.br\\\/site\\\/#\\\/schema\\\/person\\\/538fdfb33c0c411cd14a732e7cf14aa6\"},\"headline\":\"Popula\u00e7\u00e3o de Leopoldina cresce e chega a 52,7 mil habitantes, aponta estimativa do IBGE\",\"datePublished\":\"2026-09-03T11:24:24+00:00\",\"dateModified\":\"2026-09-03T14:07:31+00:00\",\"mainEntityOfPage\":{\"@id\":\"https:\\\/\\\/www.ovigilanteonline.com.br\\\/site\\\/2026\\\/09\\\/03\\\/populacao-de-leopoldina-cresce-e-chega-a-527-mil-habitantes-aponta-estimativa-do-ibge\\\/\"},\"wordCount\":214,\"commentCount\":0,\"image\":{\"@id\":\"https:\\\/\\\/www.ovigilanteonline.com.br\\\/site\\\/2026\\\/09\\\/03\\\/populacao-de-leopoldina-cresce-e-chega-a-527-mil-habitantes-aponta-estimativa-do-ibge\\\/#primaryimage\"},\"thumbnailUrl\":\"https:\\\/\\\/www.ovigilanteonline.com.br\\\/site\\\/wp-content\\\/uploads\\\/2026\\\/03\\\/cidade-tempo-clima-scaled.jpg\",\"articleSection\":[\"Leopoldina\",\"\u00daltimas Not\u00edcias\"],\"inLanguage\":\"pt-BR\",\"potentialAction\":[{\"@type\":\"CommentAction\",\"name\":\"Comment\",\"target\":[\"https:\\\/\\\/www.ovigilanteonline.com.br\\\/site\\\/2026\\\/09\\\/03\\\/populacao-de-leopoldina-cresce-e-chega-a-527-mil-habitantes-aponta-estimativa-do-ibge\\\/#respond\"]}]},{\"@type\":\"WebPage\",\"@id\":\"https:\\\/\\\/www.ovigilanteonline.com.br\\\/site\\\/2026\\\/09\\\/03\\\/populacao-de-leopoldina-cresce-e-chega-a-527-mil-habitantes-aponta-estimativa-do-ibge\\\/\",\"url\":\"https:\\\/\\\/www.ovigilanteonline.com.br\\\/site\\\/2026\\\/09\\\/03\\\/populacao-de-leopoldina-cresce-e-chega-a-527-mil-habitantes-aponta-estimativa-do-ibge\\\/\",\"name\":\"Popula\u00e7\u00e3o de Leopoldina cresce e chega a 52,7 mil habitantes, aponta estimativa do IBGE\",\"isPartOf\":{\"@id\":\"https:\\\/\\\/www.ovigilanteonline.com.br\\\/site\\\/#website\"},\"primaryImageOfPage\":{\"@id\":\"https:\\\/\\\/www.ovigilanteonline.com.br\\\/site\\\/2026\\\/09\\\/03\\\/populacao-de-leopoldina-cresce-e-chega-a-527-mil-habitantes-aponta-estimativa-do-ibge\\\/#primaryimage\"},\"image\":{\"@id\":\"https:\\\/\\\/www.ovigilanteonline.com.br\\\/site\\\/2026\\\/09\\\/03\\\/populacao-de-leopoldina-cresce-e-chega-a-527-mil-habitantes-aponta-estimativa-do-ibge\\\/#primaryimage\"},\"thumbnailUrl\":\"https:\\\/\\\/www.ovigilanteonline.com.br\\\/site\\\/wp-content\\\/uploads\\\/2026\\\/03\\\/cidade-tempo-clima-scaled.jpg\",\"datePublished\":\"2026-09-03T11:24:24+00:00\",\"dateModified\":\"2026-09-03T14:07:31+00:00\",\"author\":{\"@id\":\"https:\\\/\\\/www.ovigilanteonline.com.br\\\/site\\\/#\\\/schema\\\/person\\\/538fdfb33c0c411cd14a732e7cf14aa6\"},\"breadcrumb\":{\"@id\":\"https:\\\/\\\/www.ovigilanteonline.com.br\\\/site\\\/2026\\\/09\\\/03\\\/populacao-de-leopoldina-cresce-e-chega-a-527-mil-habitantes-aponta-estimativa-do-ibge\\\/#breadcrumb\"},\"inLanguage\":\"pt-BR\",\"potentialAction\":[{\"@type\":\"ReadAction\",\"target\":[\"https:\\\/\\\/www.ovigilanteonline.com.br\\\/site\\\/2026\\\/09\\\/03\\\/populacao-de-leopoldina-cresce-e-chega-a-527-mil-habitantes-aponta-estimativa-do-ibge\\\/\"]}]},{\"@type\":\"ImageObject\",\"inLanguage\":\"pt-BR\",\"@id\":\"https:\\\/\\\/www.ovigilanteonline.com.br\\\/site\\\/2026\\\/09\\\/03\\\/populacao-de-leopoldina-cresce-e-chega-a-527-mil-habitantes-aponta-estimativa-do-ibge\\\/#primaryimage\",\"url\":\"https:\\\/\\\/www.ovigilanteonline.com.br\\\/site\\\/wp-content\\\/uploads\\\/2026\\\/03\\\/cidade-tempo-clima-scaled.jpg\",\"contentUrl\":\"https:\\\/\\\/www.ovigilanteonline.com.br\\\/site\\\/wp-content\\\/uploads\\\/2026\\\/03\\\/cidade-tempo-clima-scaled.jpg\",\"width\":2560,\"height\":1920},{\"@type\":\"BreadcrumbList\",\"@id\":\"https:\\\/\\\/www.ovigilanteonline.com.br\\\/site\\\/2026\\\/09\\\/03\\\/populacao-de-leopoldina-cresce-e-chega-a-527-mil-habitantes-aponta-estimativa-do-ibge\\\/#breadcrumb\",\"itemListElement\":[{\"@type\":\"ListItem\",\"position\":1,\"name\":\"In\u00edcio\",\"item\":\"https:\\\/\\\/www.ovigilanteonline.com.br\\\/site\\\/\"},{\"@type\":\"ListItem\",\"position\":2,\"name\":\"Popula\u00e7\u00e3o de Leopoldina cresce e chega a 52,7 mil habitantes, aponta estimativa do IBGE\"}]},{\"@type\":\"WebSite\",\"@id\":\"https:\\\/\\\/www.ovigilanteonline.com.br\\\/site\\\/#website\",\"url\":\"https:\\\/\\\/www.ovigilanteonline.com.br\\\/site\\\/\",\"name\":\"O VIGILANTE ONLINE - Not\u00edcias de Leopoldina e regi\u00e3o\",\"description\":\"\",\"potentialAction\":[{\"@type\":\"SearchAction\",\"target\":{\"@type\":\"EntryPoint\",\"urlTemplate\":\"https:\\\/\\\/www.ovigilanteonline.com.br\\\/site\\\/?s={search_term_string}\"},\"query-input\":{\"@type\":\"PropertyValueSpecification\",\"valueRequired\":true,\"valueName\":\"search_term_string\"}}],\"inLanguage\":\"pt-BR\"},{\"@type\":\"Person\",\"@id\":\"https:\\\/\\\/www.ovigilanteonline.com.br\\\/site\\\/#\\\/schema\\\/person\\\/538fdfb33c0c411cd14a732e7cf14aa6\",\"name\":\"Jornalismo\"}]}<\/script>\n<!-- \/ Yoast SEO plugin. -->","yoast_head_json":{"title":"Popula\u00e7\u00e3o de Leopoldina cresce e chega a 52,7 mil habitantes, aponta estimativa do IBGE","robots":{"index":"index","follow":"follow","max-snippet":"max-snippet:-1","max-image-preview":"max-image-preview:large","max-video-preview":"max-video-preview:-1"},"canonical":"https:\/\/www.ovigilanteonline.com.br\/site\/2026\/09\/03\/populacao-de-leopoldina-cresce-e-chega-a-527-mil-habitantes-aponta-estimativa-do-ibge\/","og_locale":"pt_BR","og_type":"article","og_title":"Popula\u00e7\u00e3o de Leopoldina cresce e chega a 52,7 mil habitantes, aponta estimativa do IBGE","og_description":"Levantamento aponta crescimento de aproximadamente 3,2% em rela\u00e7\u00e3o \u00e0 popula\u00e7\u00e3o registrada no \u00faltimo Censo Leopoldina apresentou crescimento populacional nos \u00faltimos anos e chegou a uma popula\u00e7\u00e3o estimada de 52.779 habitantes em 2026, segundo os dados mais recentes do Instituto Brasileiro de Geografia e Estat\u00edstica (IBGE), divulgados no fim de agosto. O n\u00famero representa um aumento [&hellip;]","og_url":"https:\/\/www.ovigilanteonline.com.br\/site\/2026\/09\/03\/populacao-de-leopoldina-cresce-e-chega-a-527-mil-habitantes-aponta-estimativa-do-ibge\/","og_site_name":"O VIGILANTE ONLINE","article_publisher":"https:\/\/www.facebook.com\/ovigilanteonline","article_published_time":"2026-09-03T11:24:24+00:00","article_modified_time":"2026-09-03T14:07:31+00:00","og_image":[{"width":2560,"height":1920,"url":"https:\/\/www.ovigilanteonline.com.br\/site\/wp-content\/uploads\/2026\/03\/cidade-tempo-clima-scaled.jpg","type":"image\/jpeg"}],"author":"Jornalismo","twitter_card":"summary_large_image","twitter_misc":{"Escrito por":"Jornalismo","Est. tempo de leitura":"2 minutos"},"schema":{"@context":"https:\/\/schema.org","@graph":[{"@type":"Article","@id":"https:\/\/www.ovigilanteonline.com.br\/site\/2026\/09\/03\/populacao-de-leopoldina-cresce-e-chega-a-527-mil-habitantes-aponta-estimativa-do-ibge\/#article","isPartOf":{"@id":"https:\/\/www.ovigilanteonline.com.br\/site\/2026\/09\/03\/populacao-de-leopoldina-cresce-e-chega-a-527-mil-habitantes-aponta-estimativa-do-ibge\/"},"author":{"name":"Jornalismo","@id":"https:\/\/www.ovigilanteonline.com.br\/site\/#\/schema\/person\/538fdfb33c0c411cd14a732e7cf14aa6"},"headline":"Popula\u00e7\u00e3o de Leopoldina cresce e chega a 52,7 mil habitantes, aponta estimativa do IBGE","datePublished":"2026-09-03T11:24:24+00:00","dateModified":"2026-09-03T14:07:31+00:00","mainEntityOfPage":{"@id":"https:\/\/www.ovigilanteonline.com.br\/site\/2026\/09\/03\/populacao-de-leopoldina-cresce-e-chega-a-527-mil-habitantes-aponta-estimativa-do-ibge\/"},"wordCount":214,"commentCount":0,"image":{"@id":"https:\/\/www.ovigilanteonline.com.br\/site\/2026\/09\/03\/populacao-de-leopoldina-cresce-e-chega-a-527-mil-habitantes-aponta-estimativa-do-ibge\/#primaryimage"},"thumbnailUrl":"https:\/\/www.ovigilanteonline.com.br\/site\/wp-content\/uploads\/2026\/03\/cidade-tempo-clima-scaled.jpg","articleSection":["Leopoldina","\u00daltimas Not\u00edcias"],"inLanguage":"pt-BR","potentialAction":[{"@type":"CommentAction","name":"Comment","target":["https:\/\/www.ovigilanteonline.com.br\/site\/2026\/09\/03\/populacao-de-leopoldina-cresce-e-chega-a-527-mil-habitantes-aponta-estimativa-do-ibge\/#respond"]}]},{"@type":"WebPage","@id":"https:\/\/www.ovigilanteonline.com.br\/site\/2026\/09\/03\/populacao-de-leopoldina-cresce-e-chega-a-527-mil-habitantes-aponta-estimativa-do-ibge\/","url":"https:\/\/www.ovigilanteonline.com.br\/site\/2026\/09\/03\/populacao-de-leopoldina-cresce-e-chega-a-527-mil-habitantes-aponta-estimativa-do-ibge\/","name":"Popula\u00e7\u00e3o de Leopoldina cresce e chega a 52,7 mil habitantes, aponta estimativa do IBGE","isPartOf":{"@id":"https:\/\/www.ovigilanteonline.com.br\/site\/#website"},"primaryImageOfPage":{"@id":"https:\/\/www.ovigilanteonline.com.br\/site\/2026\/09\/03\/populacao-de-leopoldina-cresce-e-chega-a-527-mil-habitantes-aponta-estimativa-do-ibge\/#primaryimage"},"image":{"@id":"https:\/\/www.ovigilanteonline.com.br\/site\/2026\/09\/03\/populacao-de-leopoldina-cresce-e-chega-a-527-mil-habitantes-aponta-estimativa-do-ibge\/#primaryimage"},"thumbnailUrl":"https:\/\/www.ovigilanteonline.com.br\/site\/wp-content\/uploads\/2026\/03\/cidade-tempo-clima-scaled.jpg","datePublished":"2026-09-03T11:24:24+00:00","dateModified":"2026-09-03T14:07:31+00:00","author":{"@id":"https:\/\/www.ovigilanteonline.com.br\/site\/#\/schema\/person\/538fdfb33c0c411cd14a732e7cf14aa6"},"breadcrumb":{"@id":"https:\/\/www.ovigilanteonline.com.br\/site\/2026\/09\/03\/populacao-de-leopoldina-cresce-e-chega-a-527-mil-habitantes-aponta-estimativa-do-ibge\/#breadcrumb"},"inLanguage":"pt-BR","potentialAction":[{"@type":"ReadAction","target":["https:\/\/www.ovigilanteonline.com.br\/site\/2026\/09\/03\/populacao-de-leopoldina-cresce-e-chega-a-527-mil-habitantes-aponta-estimativa-do-ibge\/"]}]},{"@type":"ImageObject","inLanguage":"pt-BR","@id":"https:\/\/www.ovigilanteonline.com.br\/site\/2026\/09\/03\/populacao-de-leopoldina-cresce-e-chega-a-527-mil-habitantes-aponta-estimativa-do-ibge\/#primaryimage","url":"https:\/\/www.ovigilanteonline.com.br\/site\/wp-content\/uploads\/2026\/03\/cidade-tempo-clima-scaled.jpg","contentUrl":"https:\/\/www.ovigilanteonline.com.br\/site\/wp-content\/uploads\/2026\/03\/cidade-tempo-clima-scaled.jpg","width":2560,"height":1920},{"@type":"BreadcrumbList","@id":"https:\/\/www.ovigilanteonline.com.br\/site\/2026\/09\/03\/populacao-de-leopoldina-cresce-e-chega-a-527-mil-habitantes-aponta-estimativa-do-ibge\/#breadcrumb","itemListElement":[{"@type":"ListItem","position":1,"name":"In\u00edcio","item":"https:\/\/www.ovigilanteonline.com.br\/site\/"},{"@type":"ListItem","position":2,"name":"Popula\u00e7\u00e3o de Leopoldina cresce e chega a 52,7 mil habitantes, aponta estimativa do IBGE"}]},{"@type":"WebSite","@id":"https:\/\/www.ovigilanteonline.com.br\/site\/#website","url":"https:\/\/www.ovigilanteonline.com.br\/site\/","name":"O VIGILANTE ONLINE - Not\u00edcias de Leopoldina e regi\u00e3o","description":"","potentialAction":[{"@type":"SearchAction","target":{"@type":"EntryPoint","urlTemplate":"https:\/\/www.ovigilanteonline.com.br\/site\/?s={search_term_string}"},"query-input":{"@type":"PropertyValueSpecification","valueRequired":true,"valueName":"search_term_string"}}],"inLanguage":"pt-BR"},{"@type":"Person","@id":"https:\/\/www.ovigilanteonline.com.br\/site\/#\/schema\/person\/538fdfb33c0c411cd14a732e7cf14aa6","name":"Jornalismo"}]}},"cc_featured_image_caption":{"caption_text":"","source_text":"","source_url":""},"_links":{"self":[{"href":"https:\/\/www.ovigilanteonline.com.br\/site\/wp-json\/wp\/v2\/posts\/456572","targetHints":{"allow":["GET"]}}],"collection":[{"href":"https:\/\/www.ovigilanteonline.com.br\/site\/wp-json\/wp\/v2\/posts"}],"about":[{"href":"https:\/\/www.ovigilanteonline.com.br\/site\/wp-json\/wp\/v2\/types\/post"}],"author":[{"embeddable":true,"href":"https:\/\/www.ovigilanteonline.com.br\/site\/wp-json\/wp\/v2\/users\/2"}],"replies":[{"embeddable":true,"href":"https:\/\/www.ovigilanteonline.com.br\/site\/wp-json\/wp\/v2\/comments?post=456572"}],"version-history":[{"count":3,"href":"https:\/\/www.ovigilanteonline.com.br\/site\/wp-json\/wp\/v2\/posts\/456572\/revisions"}],"predecessor-version":[{"id":456596,"href":"https:\/\/www.ovigilanteonline.com.br\/site\/wp-json\/wp\/v2\/posts\/456572\/revisions\/456596"}],"wp:featuredmedia":[{"embeddable":true,"href":"https:\/\/www.ovigilanteonline.com.br\/site\/wp-json\/wp\/v2\/media\/451489"}],"wp:attachment":[{"href":"https:\/\/www.ovigilanteonline.com.br\/site\/wp-json\/wp\/v2\/media?parent=456572"}],"wp:term":[{"taxonomy":"category","embeddable":true,"href":"https:\/\/www.ovigilanteonline.com.br\/site\/wp-json\/wp\/v2\/categories?post=456572"},{"taxonomy":"post_tag","embeddable":true,"href":"https:\/\/www.ovigilanteonline.com.br\/site\/wp-json\/wp\/v2\/tags?post=456572"}],"curies":[{"name":"wp","href":"https:\/\/api.w.org\/{rel}","templated":true}]}}