{"id":456479,"date":"2026-09-02T09:30:23","date_gmt":"2026-09-02T12:30:23","guid":{"rendered":"https:\/\/www.ovigilanteonline.com.br\/site\/?p=456479"},"modified":"2026-09-02T14:47:52","modified_gmt":"2026-09-02T17:47:52","slug":"coluna-click-destaque-com-serginho-franca-2-de-setembro-de-2026","status":"publish","type":"post","link":"https:\/\/www.ovigilanteonline.com.br\/site\/2026\/09\/02\/coluna-click-destaque-com-serginho-franca-2-de-setembro-de-2026\/","title":{"rendered":"Coluna \u2018Click &amp; Destaque\u2019 com Serginho Fran\u00e7a | 2 de Setembro de 2026"},"content":{"rendered":"<div id=\"ovigi-1172261703\" class=\"ovigi-inicio-post-interno ovigi-entity-placement\" style=\"margin-left: auto;margin-right: auto;text-align: center;\"><a href=\"https:\/\/onelink.to\/tfjfd3?utm_source=ig&#038;utm_medium=social&#038;utm_content=link_in_bio&#038;fbclid=PAcGRvZgJleHRuA2FlbQIxMQBzcnRjBmFwcF9pZA85MzY2MTk3NDMzOTI0NTkAAacgW20vIuhakYBCxZduUBbwssdSFoAQ7exuq7BFVvR-PR9sdpzVWlAvY7yZog_aem__Bn7V7eJEMspatV_tVfmIA\" target=\"_blank\" aria-label=\"ARTE GIF\"><img decoding=\"async\" src=\"https:\/\/www.ovigilanteonline.com.br\/site\/wp-content\/uploads\/2026\/05\/ARTE-GIF.gif\" alt=\"\"    \/><\/a><\/div><div class=\"wp-block-image\">\n<figure class=\"alignright size-full is-resized\"><img loading=\"lazy\" decoding=\"async\" width=\"651\" height=\"624\" src=\"https:\/\/www.ovigilanteonline.com.br\/site\/wp-content\/uploads\/2026\/09\/98989.jpeg\" alt=\"\" class=\"wp-image-456539\" style=\"aspect-ratio:1.0432441907051282;width:162px;height:auto\" srcset=\"https:\/\/www.ovigilanteonline.com.br\/site\/wp-content\/uploads\/2026\/09\/98989.jpeg 651w, https:\/\/www.ovigilanteonline.com.br\/site\/wp-content\/uploads\/2026\/09\/98989-300x288.jpeg 300w\" sizes=\"auto, (max-width: 651px) 100vw, 651px\" \/><\/figure>\n<\/div>\n\n\n<p class=\"wp-block-paragraph\">Bom dia, boa tarde e boa noite maninhas e maninhos. Um agosto recheado de acontecimentos marca mais uma Coluna, feita com todo nosso carinho. <\/p>\n\n\n\n<p class=\"wp-block-paragraph\">Que seja bem-vindo setembro, trazendo boas energias e muitas not\u00edcias sociais.<\/p><div id=\"ovigi-2479971657\" class=\"ovigi-conteudo_2-3 ovigi-entity-placement\"><script async src=\"\/\/pagead2.googlesyndication.com\/pagead\/js\/adsbygoogle.js?client=ca-pub-4068173061741521\" crossorigin=\"anonymous\"><\/script><ins class=\"adsbygoogle\" style=\"display:block; text-align:center;\" data-ad-client=\"ca-pub-4068173061741521\" \ndata-ad-slot=\"6460393376\" \ndata-ad-layout=\"in-article\"\ndata-ad-format=\"fluid\"><\/ins>\n<script> \n(adsbygoogle = window.adsbygoogle || []).push({}); \n<\/script>\n<\/div><div id=\"ovigi-2643588059\" class=\"ovigi-conteudo_2-2 ovigi-entity-placement\"><script async src=\"\/\/pagead2.googlesyndication.com\/pagead\/js\/adsbygoogle.js?client=ca-pub-4068173061741521\" crossorigin=\"anonymous\"><\/script><ins class=\"adsbygoogle\" style=\"display:block; text-align:center;\" data-ad-client=\"ca-pub-4068173061741521\" \ndata-ad-slot=\"6460393376\" \ndata-ad-layout=\"in-article\"\ndata-ad-format=\"fluid\"><\/ins>\n<script> \n(adsbygoogle = window.adsbygoogle || []).push({}); \n<\/script>\n<\/div><div id=\"ovigi-1997914129\" class=\"ovigi-conteudo_2 ovigi-entity-placement\"><script async src=\"\/\/pagead2.googlesyndication.com\/pagead\/js\/adsbygoogle.js?client=ca-pub-4068173061741521\" crossorigin=\"anonymous\"><\/script><ins class=\"adsbygoogle\" style=\"display:block; text-align:center;\" data-ad-client=\"ca-pub-4068173061741521\" \ndata-ad-slot=\"6460393376\" \ndata-ad-layout=\"in-article\"\ndata-ad-format=\"fluid\"><\/ins>\n<script> \n(adsbygoogle = window.adsbygoogle || []).push({}); \n<\/script>\n<\/div><div id=\"ovigi-1638007700\" class=\"ovigi-conteudo_2-4 ovigi-entity-placement\"><script async src=\"\/\/pagead2.googlesyndication.com\/pagead\/js\/adsbygoogle.js?client=ca-pub-4068173061741521\" crossorigin=\"anonymous\"><\/script><ins class=\"adsbygoogle\" style=\"display:block; text-align:center;\" data-ad-client=\"ca-pub-4068173061741521\" \ndata-ad-slot=\"6460393376\" \ndata-ad-layout=\"in-article\"\ndata-ad-format=\"fluid\"><\/ins>\n<script> \n(adsbygoogle = window.adsbygoogle || []).push({}); \n<\/script>\n<\/div>\n\n\n\n<figure class=\"wp-block-image size-full is-resized\"><img loading=\"lazy\" decoding=\"async\" width=\"800\" height=\"25\" src=\"https:\/\/www.ovigilanteonline.com.br\/site\/wp-content\/uploads\/2026\/09\/SERGINHO-FEED-INSTAGRAM.jpg\" alt=\"\" class=\"wp-image-456537\" style=\"aspect-ratio:32.019387116948096;width:836px;height:auto\" srcset=\"https:\/\/www.ovigilanteonline.com.br\/site\/wp-content\/uploads\/2026\/09\/SERGINHO-FEED-INSTAGRAM.jpg 800w, https:\/\/www.ovigilanteonline.com.br\/site\/wp-content\/uploads\/2026\/09\/SERGINHO-FEED-INSTAGRAM-300x9.jpg 300w, https:\/\/www.ovigilanteonline.com.br\/site\/wp-content\/uploads\/2026\/09\/SERGINHO-FEED-INSTAGRAM-768x24.jpg 768w\" sizes=\"auto, (max-width: 800px) 100vw, 800px\" \/><\/figure>\n\n\n\n<h2 class=\"wp-block-heading\">Tributo ao Rei do Pop<\/h2>\n\n\n\n<p class=\"wp-block-paragraph\">Dia 22 de agosto a Stone House trouxe para Lel\u00ea o espet\u00e1culo \u201cTributo ao Rei do Pop\u201d, apresentado pelo internacional Rodrigo Teaser. A homenagem a Michael Jackson lotou a maior Casa de Eventos da regi\u00e3o.<\/p>\n\n\n\n<figure class=\"wp-block-image size-large\"><img loading=\"lazy\" decoding=\"async\" width=\"1024\" height=\"768\" src=\"https:\/\/www.ovigilanteonline.com.br\/site\/wp-content\/uploads\/2026\/09\/WhatsApp-Image-2026-09-01-at-21.23.15-1024x768.jpeg\" alt=\"\" class=\"wp-image-456480\" srcset=\"https:\/\/www.ovigilanteonline.com.br\/site\/wp-content\/uploads\/2026\/09\/WhatsApp-Image-2026-09-01-at-21.23.15-1024x768.jpeg 1024w, https:\/\/www.ovigilanteonline.com.br\/site\/wp-content\/uploads\/2026\/09\/WhatsApp-Image-2026-09-01-at-21.23.15-300x225.jpeg 300w, https:\/\/www.ovigilanteonline.com.br\/site\/wp-content\/uploads\/2026\/09\/WhatsApp-Image-2026-09-01-at-21.23.15-768x576.jpeg 768w, https:\/\/www.ovigilanteonline.com.br\/site\/wp-content\/uploads\/2026\/09\/WhatsApp-Image-2026-09-01-at-21.23.15-1536x1152.jpeg 1536w, https:\/\/www.ovigilanteonline.com.br\/site\/wp-content\/uploads\/2026\/09\/WhatsApp-Image-2026-09-01-at-21.23.15.jpeg 1600w\" sizes=\"auto, (max-width: 1024px) 100vw, 1024px\" \/><\/figure>\n\n\n\n<figure class=\"wp-block-image size-large\"><img loading=\"lazy\" decoding=\"async\" width=\"1024\" height=\"768\" src=\"https:\/\/www.ovigilanteonline.com.br\/site\/wp-content\/uploads\/2026\/09\/WhatsApp-Image-2026-09-01-at-21.24.11-1024x768.jpeg\" alt=\"\" class=\"wp-image-456481\" srcset=\"https:\/\/www.ovigilanteonline.com.br\/site\/wp-content\/uploads\/2026\/09\/WhatsApp-Image-2026-09-01-at-21.24.11-1024x768.jpeg 1024w, https:\/\/www.ovigilanteonline.com.br\/site\/wp-content\/uploads\/2026\/09\/WhatsApp-Image-2026-09-01-at-21.24.11-300x225.jpeg 300w, https:\/\/www.ovigilanteonline.com.br\/site\/wp-content\/uploads\/2026\/09\/WhatsApp-Image-2026-09-01-at-21.24.11-768x576.jpeg 768w, https:\/\/www.ovigilanteonline.com.br\/site\/wp-content\/uploads\/2026\/09\/WhatsApp-Image-2026-09-01-at-21.24.11-1536x1152.jpeg 1536w, https:\/\/www.ovigilanteonline.com.br\/site\/wp-content\/uploads\/2026\/09\/WhatsApp-Image-2026-09-01-at-21.24.11.jpeg 1600w\" sizes=\"auto, (max-width: 1024px) 100vw, 1024px\" \/><\/figure>\n\n\n\n<figure class=\"wp-block-image size-full is-resized\"><img loading=\"lazy\" decoding=\"async\" width=\"800\" height=\"25\" src=\"https:\/\/www.ovigilanteonline.com.br\/site\/wp-content\/uploads\/2026\/09\/SERGINHO-FEED-INSTAGRAM.jpg\" alt=\"\" class=\"wp-image-456537\" style=\"aspect-ratio:32.019387116948096;width:836px;height:auto\" srcset=\"https:\/\/www.ovigilanteonline.com.br\/site\/wp-content\/uploads\/2026\/09\/SERGINHO-FEED-INSTAGRAM.jpg 800w, https:\/\/www.ovigilanteonline.com.br\/site\/wp-content\/uploads\/2026\/09\/SERGINHO-FEED-INSTAGRAM-300x9.jpg 300w, https:\/\/www.ovigilanteonline.com.br\/site\/wp-content\/uploads\/2026\/09\/SERGINHO-FEED-INSTAGRAM-768x24.jpg 768w\" sizes=\"auto, (max-width: 800px) 100vw, 800px\" \/><\/figure>\n\n\n<div id=\"ovigi-3625297806\"><hr \/>\n<p style=\"text-align: center;\"><strong>A Coluna Click e Destaque tem o apoio de:<\/strong><\/p>\n<p><a href=\"https:\/\/www.instagram.com\/curtastone\/\"><img loading=\"lazy\" decoding=\"async\" class=\"alignnone wp-image-456547\" src=\"https:\/\/www.ovigilanteonline.com.br\/site\/wp-content\/uploads\/2026\/09\/0101-768x529-1.jpeg\" alt=\"\" width=\"366\" height=\"251\" \/><\/a>\u00a0 \u00a0 \u00a0 <a href=\"https:\/\/www.instagram.com\/lautexpressleopoldina\/\"><img loading=\"lazy\" decoding=\"async\" class=\"alignnone wp-image-456548\" src=\"https:\/\/www.ovigilanteonline.com.br\/site\/wp-content\/uploads\/2026\/09\/WhatsApp-Image-2025-12-31-at-14.56.27-768x529-1.jpeg\" alt=\"\" width=\"365\" height=\"251\" \/><\/a><\/p>\n<hr \/>\n<p>&nbsp;<\/p>\n<\/div>\n\n\n<figure class=\"wp-block-image size-full is-resized\"><img loading=\"lazy\" decoding=\"async\" width=\"800\" height=\"25\" src=\"https:\/\/www.ovigilanteonline.com.br\/site\/wp-content\/uploads\/2026\/09\/SERGINHO-FEED-INSTAGRAM.jpg\" alt=\"\" class=\"wp-image-456537\" style=\"aspect-ratio:32.019387116948096;width:836px;height:auto\" srcset=\"https:\/\/www.ovigilanteonline.com.br\/site\/wp-content\/uploads\/2026\/09\/SERGINHO-FEED-INSTAGRAM.jpg 800w, https:\/\/www.ovigilanteonline.com.br\/site\/wp-content\/uploads\/2026\/09\/SERGINHO-FEED-INSTAGRAM-300x9.jpg 300w, https:\/\/www.ovigilanteonline.com.br\/site\/wp-content\/uploads\/2026\/09\/SERGINHO-FEED-INSTAGRAM-768x24.jpg 768w\" sizes=\"auto, (max-width: 800px) 100vw, 800px\" \/><\/figure>\n\n\n\n<figure class=\"wp-block-image size-large\"><img loading=\"lazy\" decoding=\"async\" width=\"1024\" height=\"576\" src=\"https:\/\/www.ovigilanteonline.com.br\/site\/wp-content\/uploads\/2026\/09\/WhatsApp-Image-2026-09-01-at-21.24.19-1024x576.jpeg\" alt=\"\" class=\"wp-image-456482\" srcset=\"https:\/\/www.ovigilanteonline.com.br\/site\/wp-content\/uploads\/2026\/09\/WhatsApp-Image-2026-09-01-at-21.24.19-1024x576.jpeg 1024w, https:\/\/www.ovigilanteonline.com.br\/site\/wp-content\/uploads\/2026\/09\/WhatsApp-Image-2026-09-01-at-21.24.19-300x169.jpeg 300w, https:\/\/www.ovigilanteonline.com.br\/site\/wp-content\/uploads\/2026\/09\/WhatsApp-Image-2026-09-01-at-21.24.19-768x432.jpeg 768w, https:\/\/www.ovigilanteonline.com.br\/site\/wp-content\/uploads\/2026\/09\/WhatsApp-Image-2026-09-01-at-21.24.19-1536x864.jpeg 1536w, https:\/\/www.ovigilanteonline.com.br\/site\/wp-content\/uploads\/2026\/09\/WhatsApp-Image-2026-09-01-at-21.24.19.jpeg 1600w\" sizes=\"auto, (max-width: 1024px) 100vw, 1024px\" \/><\/figure>\n\n\n\n<p class=\"wp-block-paragraph\">A Coluna cobriu o show e se encantou com a bel\u00edssima apresenta\u00e7\u00e3o de Rodrigo Teaser, que re\u00fane dan\u00e7a, m\u00fasica, performances, figurinos inspirados no artista e efeitos.<\/p>\n\n\n\n<figure class=\"wp-block-gallery has-nested-images columns-default is-cropped wp-block-gallery-1 is-layout-flex wp-block-gallery-is-layout-flex\">\n<figure class=\"wp-block-image size-large\"><img loading=\"lazy\" decoding=\"async\" width=\"747\" height=\"830\" data-id=\"456483\" src=\"https:\/\/www.ovigilanteonline.com.br\/site\/wp-content\/uploads\/2026\/09\/WhatsApp-Image-2026-09-01-at-21.25.07.jpeg\" alt=\"\" class=\"wp-image-456483\" srcset=\"https:\/\/www.ovigilanteonline.com.br\/site\/wp-content\/uploads\/2026\/09\/WhatsApp-Image-2026-09-01-at-21.25.07.jpeg 747w, https:\/\/www.ovigilanteonline.com.br\/site\/wp-content\/uploads\/2026\/09\/WhatsApp-Image-2026-09-01-at-21.25.07-270x300.jpeg 270w\" sizes=\"auto, (max-width: 747px) 100vw, 747px\" \/><\/figure>\n\n\n\n<figure class=\"wp-block-image size-large\"><img loading=\"lazy\" decoding=\"async\" width=\"1024\" height=\"947\" data-id=\"456484\" src=\"https:\/\/www.ovigilanteonline.com.br\/site\/wp-content\/uploads\/2026\/09\/WhatsApp-Image-2026-09-01-at-21.25.31-1024x947.jpeg\" alt=\"\" class=\"wp-image-456484\" srcset=\"https:\/\/www.ovigilanteonline.com.br\/site\/wp-content\/uploads\/2026\/09\/WhatsApp-Image-2026-09-01-at-21.25.31-1024x947.jpeg 1024w, https:\/\/www.ovigilanteonline.com.br\/site\/wp-content\/uploads\/2026\/09\/WhatsApp-Image-2026-09-01-at-21.25.31-300x277.jpeg 300w, https:\/\/www.ovigilanteonline.com.br\/site\/wp-content\/uploads\/2026\/09\/WhatsApp-Image-2026-09-01-at-21.25.31-768x710.jpeg 768w, https:\/\/www.ovigilanteonline.com.br\/site\/wp-content\/uploads\/2026\/09\/WhatsApp-Image-2026-09-01-at-21.25.31.jpeg 1196w\" sizes=\"auto, (max-width: 1024px) 100vw, 1024px\" \/><\/figure>\n\n\n\n<figure class=\"wp-block-image size-large\"><img loading=\"lazy\" decoding=\"async\" width=\"1024\" height=\"983\" data-id=\"456485\" src=\"https:\/\/www.ovigilanteonline.com.br\/site\/wp-content\/uploads\/2026\/09\/WhatsApp-Image-2026-09-01-at-21.26.02-1024x983.jpeg\" alt=\"\" class=\"wp-image-456485\" srcset=\"https:\/\/www.ovigilanteonline.com.br\/site\/wp-content\/uploads\/2026\/09\/WhatsApp-Image-2026-09-01-at-21.26.02-1024x983.jpeg 1024w, https:\/\/www.ovigilanteonline.com.br\/site\/wp-content\/uploads\/2026\/09\/WhatsApp-Image-2026-09-01-at-21.26.02-300x288.jpeg 300w, https:\/\/www.ovigilanteonline.com.br\/site\/wp-content\/uploads\/2026\/09\/WhatsApp-Image-2026-09-01-at-21.26.02-768x737.jpeg 768w, https:\/\/www.ovigilanteonline.com.br\/site\/wp-content\/uploads\/2026\/09\/WhatsApp-Image-2026-09-01-at-21.26.02.jpeg 1200w\" sizes=\"auto, (max-width: 1024px) 100vw, 1024px\" \/><\/figure>\n<\/figure>\n\n\n\n<p class=\"wp-block-paragraph\">Segundo a organiza\u00e7\u00e3o, o show j\u00e1 passou por mais de 200 cidades, oito pa\u00edses e quatro continentes, alcan\u00e7ando mais de um milh\u00e3o de espectadores.<\/p>\n\n\n\n<p class=\"wp-block-paragraph\">Simpatic\u00edssimo, Rodrigo Teaser recebeu a Coluna em seu camarim para um clique destaque exclusivo.<\/p>\n\n\n\n<figure class=\"wp-block-image size-full\"><img loading=\"lazy\" decoding=\"async\" width=\"900\" height=\"1121\" src=\"https:\/\/www.ovigilanteonline.com.br\/site\/wp-content\/uploads\/2026\/09\/WhatsApp-Image-2026-09-01-at-21.26.50-1.jpeg\" alt=\"\" class=\"wp-image-456561\" srcset=\"https:\/\/www.ovigilanteonline.com.br\/site\/wp-content\/uploads\/2026\/09\/WhatsApp-Image-2026-09-01-at-21.26.50-1.jpeg 900w, https:\/\/www.ovigilanteonline.com.br\/site\/wp-content\/uploads\/2026\/09\/WhatsApp-Image-2026-09-01-at-21.26.50-1-241x300.jpeg 241w, https:\/\/www.ovigilanteonline.com.br\/site\/wp-content\/uploads\/2026\/09\/WhatsApp-Image-2026-09-01-at-21.26.50-1-768x956.jpeg 768w, https:\/\/www.ovigilanteonline.com.br\/site\/wp-content\/uploads\/2026\/09\/WhatsApp-Image-2026-09-01-at-21.26.50-1-822x1024.jpeg 822w\" sizes=\"auto, (max-width: 900px) 100vw, 900px\" \/><\/figure>\n\n\n\n<figure class=\"wp-block-image size-full is-resized\"><img loading=\"lazy\" decoding=\"async\" width=\"800\" height=\"25\" src=\"https:\/\/www.ovigilanteonline.com.br\/site\/wp-content\/uploads\/2026\/09\/SERGINHO-FEED-INSTAGRAM.jpg\" alt=\"\" class=\"wp-image-456537\" style=\"aspect-ratio:32.019387116948096;width:836px;height:auto\" srcset=\"https:\/\/www.ovigilanteonline.com.br\/site\/wp-content\/uploads\/2026\/09\/SERGINHO-FEED-INSTAGRAM.jpg 800w, https:\/\/www.ovigilanteonline.com.br\/site\/wp-content\/uploads\/2026\/09\/SERGINHO-FEED-INSTAGRAM-300x9.jpg 300w, https:\/\/www.ovigilanteonline.com.br\/site\/wp-content\/uploads\/2026\/09\/SERGINHO-FEED-INSTAGRAM-768x24.jpg 768w\" sizes=\"auto, (max-width: 800px) 100vw, 800px\" \/><\/figure>\n\n\n\n<h2 class=\"wp-block-heading\">Colunando<\/h2>\n\n\n\n<p class=\"wp-block-paragraph\">As amigas Juliana Freire e V\u00e2nia Fernandes.<\/p>\n\n\n\n<figure class=\"wp-block-image size-large\"><img loading=\"lazy\" decoding=\"async\" width=\"1024\" height=\"560\" src=\"https:\/\/www.ovigilanteonline.com.br\/site\/wp-content\/uploads\/2026\/09\/WhatsApp-Image-2026-09-01-at-21.27.47-1024x560.jpeg\" alt=\"\" class=\"wp-image-456488\" srcset=\"https:\/\/www.ovigilanteonline.com.br\/site\/wp-content\/uploads\/2026\/09\/WhatsApp-Image-2026-09-01-at-21.27.47-1024x560.jpeg 1024w, https:\/\/www.ovigilanteonline.com.br\/site\/wp-content\/uploads\/2026\/09\/WhatsApp-Image-2026-09-01-at-21.27.47-300x164.jpeg 300w, https:\/\/www.ovigilanteonline.com.br\/site\/wp-content\/uploads\/2026\/09\/WhatsApp-Image-2026-09-01-at-21.27.47-768x420.jpeg 768w, https:\/\/www.ovigilanteonline.com.br\/site\/wp-content\/uploads\/2026\/09\/WhatsApp-Image-2026-09-01-at-21.27.47.jpeg 1430w\" sizes=\"auto, (max-width: 1024px) 100vw, 1024px\" \/><\/figure>\n\n\n\n<hr class=\"wp-block-separator has-text-color has-orange-color has-alpha-channel-opacity has-orange-background-color has-background is-style-wide\"\/>\n\n\n\n<p class=\"wp-block-paragraph\">Nelsinho Pires, Celimar e Aline.<\/p>\n\n\n\n<figure class=\"wp-block-image size-large\"><img loading=\"lazy\" decoding=\"async\" width=\"1024\" height=\"543\" src=\"https:\/\/www.ovigilanteonline.com.br\/site\/wp-content\/uploads\/2026\/09\/WhatsApp-Image-2026-09-01-at-21.28.35-1-1024x543.jpeg\" alt=\"\" class=\"wp-image-456489\" srcset=\"https:\/\/www.ovigilanteonline.com.br\/site\/wp-content\/uploads\/2026\/09\/WhatsApp-Image-2026-09-01-at-21.28.35-1-1024x543.jpeg 1024w, https:\/\/www.ovigilanteonline.com.br\/site\/wp-content\/uploads\/2026\/09\/WhatsApp-Image-2026-09-01-at-21.28.35-1-300x159.jpeg 300w, https:\/\/www.ovigilanteonline.com.br\/site\/wp-content\/uploads\/2026\/09\/WhatsApp-Image-2026-09-01-at-21.28.35-1-768x407.jpeg 768w, https:\/\/www.ovigilanteonline.com.br\/site\/wp-content\/uploads\/2026\/09\/WhatsApp-Image-2026-09-01-at-21.28.35-1.jpeg 1473w\" sizes=\"auto, (max-width: 1024px) 100vw, 1024px\" \/><\/figure>\n\n\n\n<hr class=\"wp-block-separator has-text-color has-orange-color has-alpha-channel-opacity has-orange-background-color has-background is-style-wide\"\/>\n\n\n\n<p class=\"wp-block-paragraph\">Orlando e a filha, Clara, cover mirim de Michael Jackson.<\/p>\n\n\n\n<figure class=\"wp-block-image size-full\"><img loading=\"lazy\" decoding=\"async\" width=\"900\" height=\"1359\" src=\"https:\/\/www.ovigilanteonline.com.br\/site\/wp-content\/uploads\/2026\/09\/WhatsApp-Image-2026-09-01-at-21.29.24-1.jpeg\" alt=\"\" class=\"wp-image-456562\" srcset=\"https:\/\/www.ovigilanteonline.com.br\/site\/wp-content\/uploads\/2026\/09\/WhatsApp-Image-2026-09-01-at-21.29.24-1.jpeg 900w, https:\/\/www.ovigilanteonline.com.br\/site\/wp-content\/uploads\/2026\/09\/WhatsApp-Image-2026-09-01-at-21.29.24-1-199x300.jpeg 199w, https:\/\/www.ovigilanteonline.com.br\/site\/wp-content\/uploads\/2026\/09\/WhatsApp-Image-2026-09-01-at-21.29.24-1-768x1159.jpeg 768w, https:\/\/www.ovigilanteonline.com.br\/site\/wp-content\/uploads\/2026\/09\/WhatsApp-Image-2026-09-01-at-21.29.24-1-678x1024.jpeg 678w\" sizes=\"auto, (max-width: 900px) 100vw, 900px\" \/><\/figure>\n\n\n\n<hr class=\"wp-block-separator has-text-color has-orange-color has-alpha-channel-opacity has-orange-background-color has-background is-style-wide\"\/>\n\n\n\n<p class=\"wp-block-paragraph\">Ele vive: Eunice, fanzoca de Michael Jackson, ao lado da imagem do Rei do Rock.<\/p>\n\n\n\n<figure class=\"wp-block-image size-large\"><img loading=\"lazy\" decoding=\"async\" width=\"1024\" height=\"940\" src=\"https:\/\/www.ovigilanteonline.com.br\/site\/wp-content\/uploads\/2026\/09\/WhatsApp-Image-2026-09-01-at-21.29.48-1024x940.jpeg\" alt=\"\" class=\"wp-image-456491\" srcset=\"https:\/\/www.ovigilanteonline.com.br\/site\/wp-content\/uploads\/2026\/09\/WhatsApp-Image-2026-09-01-at-21.29.48-1024x940.jpeg 1024w, https:\/\/www.ovigilanteonline.com.br\/site\/wp-content\/uploads\/2026\/09\/WhatsApp-Image-2026-09-01-at-21.29.48-300x275.jpeg 300w, https:\/\/www.ovigilanteonline.com.br\/site\/wp-content\/uploads\/2026\/09\/WhatsApp-Image-2026-09-01-at-21.29.48-768x705.jpeg 768w, https:\/\/www.ovigilanteonline.com.br\/site\/wp-content\/uploads\/2026\/09\/WhatsApp-Image-2026-09-01-at-21.29.48.jpeg 1204w\" sizes=\"auto, (max-width: 1024px) 100vw, 1024px\" \/><\/figure>\n\n\n\n<hr class=\"wp-block-separator has-text-color has-orange-color has-alpha-channel-opacity has-orange-background-color has-background is-style-wide\"\/>\n\n\n\n<p class=\"wp-block-paragraph\">O casal Dr. Jos\u00e9 Luiz e Dra. Helen, e Dr. Jos\u00e9 Carlos, de Cataguases, da equipe do Dr. Luiz Cabral, em Leopoldina.<\/p>\n\n\n\n<figure class=\"wp-block-image size-large\"><img loading=\"lazy\" decoding=\"async\" width=\"1024\" height=\"539\" src=\"https:\/\/www.ovigilanteonline.com.br\/site\/wp-content\/uploads\/2026\/09\/WhatsApp-Image-2026-09-01-at-21.30.57-1024x539.jpeg\" alt=\"\" class=\"wp-image-456492\" srcset=\"https:\/\/www.ovigilanteonline.com.br\/site\/wp-content\/uploads\/2026\/09\/WhatsApp-Image-2026-09-01-at-21.30.57-1024x539.jpeg 1024w, https:\/\/www.ovigilanteonline.com.br\/site\/wp-content\/uploads\/2026\/09\/WhatsApp-Image-2026-09-01-at-21.30.57-300x158.jpeg 300w, https:\/\/www.ovigilanteonline.com.br\/site\/wp-content\/uploads\/2026\/09\/WhatsApp-Image-2026-09-01-at-21.30.57-768x404.jpeg 768w, https:\/\/www.ovigilanteonline.com.br\/site\/wp-content\/uploads\/2026\/09\/WhatsApp-Image-2026-09-01-at-21.30.57-1140x600.jpeg 1140w, https:\/\/www.ovigilanteonline.com.br\/site\/wp-content\/uploads\/2026\/09\/WhatsApp-Image-2026-09-01-at-21.30.57.jpeg 1385w\" sizes=\"auto, (max-width: 1024px) 100vw, 1024px\" \/><\/figure>\n\n\n\n<hr class=\"wp-block-separator has-text-color has-orange-color has-alpha-channel-opacity has-orange-background-color has-background is-style-wide\"\/>\n\n\n\n<p class=\"wp-block-paragraph\">O casal Tha\u00eds e Dr. Luiz Cabral ao lado de R\u00f4mulo.<\/p>\n\n\n\n<figure class=\"wp-block-image size-large\"><img loading=\"lazy\" decoding=\"async\" width=\"1024\" height=\"524\" src=\"https:\/\/www.ovigilanteonline.com.br\/site\/wp-content\/uploads\/2026\/09\/WhatsApp-Image-2026-09-01-at-21.31.31-1024x524.jpeg\" alt=\"\" class=\"wp-image-456493\" srcset=\"https:\/\/www.ovigilanteonline.com.br\/site\/wp-content\/uploads\/2026\/09\/WhatsApp-Image-2026-09-01-at-21.31.31-1024x524.jpeg 1024w, https:\/\/www.ovigilanteonline.com.br\/site\/wp-content\/uploads\/2026\/09\/WhatsApp-Image-2026-09-01-at-21.31.31-300x154.jpeg 300w, https:\/\/www.ovigilanteonline.com.br\/site\/wp-content\/uploads\/2026\/09\/WhatsApp-Image-2026-09-01-at-21.31.31-768x393.jpeg 768w, https:\/\/www.ovigilanteonline.com.br\/site\/wp-content\/uploads\/2026\/09\/WhatsApp-Image-2026-09-01-at-21.31.31.jpeg 1461w\" sizes=\"auto, (max-width: 1024px) 100vw, 1024px\" \/><\/figure>\n\n\n\n<hr class=\"wp-block-separator has-text-color has-orange-color has-alpha-channel-opacity has-orange-background-color has-background is-style-wide\"\/>\n\n\n\n<p class=\"wp-block-paragraph\">Dayana e o casal Dra. H\u00e9rica e Igor (Cacau Show).<\/p>\n\n\n\n<figure class=\"wp-block-image size-large\"><img loading=\"lazy\" decoding=\"async\" width=\"1024\" height=\"533\" src=\"https:\/\/www.ovigilanteonline.com.br\/site\/wp-content\/uploads\/2026\/09\/WhatsApp-Image-2026-09-01-at-21.32.31-1024x533.jpeg\" alt=\"\" class=\"wp-image-456494\" srcset=\"https:\/\/www.ovigilanteonline.com.br\/site\/wp-content\/uploads\/2026\/09\/WhatsApp-Image-2026-09-01-at-21.32.31-1024x533.jpeg 1024w, https:\/\/www.ovigilanteonline.com.br\/site\/wp-content\/uploads\/2026\/09\/WhatsApp-Image-2026-09-01-at-21.32.31-300x156.jpeg 300w, https:\/\/www.ovigilanteonline.com.br\/site\/wp-content\/uploads\/2026\/09\/WhatsApp-Image-2026-09-01-at-21.32.31-768x400.jpeg 768w, https:\/\/www.ovigilanteonline.com.br\/site\/wp-content\/uploads\/2026\/09\/WhatsApp-Image-2026-09-01-at-21.32.31.jpeg 1398w\" sizes=\"auto, (max-width: 1024px) 100vw, 1024px\" \/><\/figure>\n\n\n\n<figure class=\"wp-block-image size-full is-resized\"><img loading=\"lazy\" decoding=\"async\" width=\"800\" height=\"25\" src=\"https:\/\/www.ovigilanteonline.com.br\/site\/wp-content\/uploads\/2026\/09\/SERGINHO-FEED-INSTAGRAM.jpg\" alt=\"\" class=\"wp-image-456537\" style=\"aspect-ratio:32.019387116948096;width:836px;height:auto\" srcset=\"https:\/\/www.ovigilanteonline.com.br\/site\/wp-content\/uploads\/2026\/09\/SERGINHO-FEED-INSTAGRAM.jpg 800w, https:\/\/www.ovigilanteonline.com.br\/site\/wp-content\/uploads\/2026\/09\/SERGINHO-FEED-INSTAGRAM-300x9.jpg 300w, https:\/\/www.ovigilanteonline.com.br\/site\/wp-content\/uploads\/2026\/09\/SERGINHO-FEED-INSTAGRAM-768x24.jpg 768w\" sizes=\"auto, (max-width: 800px) 100vw, 800px\" \/><\/figure>\n\n\n<div id=\"ovigi-3625297806\"><hr \/>\n<p style=\"text-align: center;\"><strong>A Coluna Click e Destaque tem o apoio de:<\/strong><\/p>\n<p><a href=\"https:\/\/www.instagram.com\/curtastone\/\"><img loading=\"lazy\" decoding=\"async\" class=\"alignnone wp-image-456547\" src=\"https:\/\/www.ovigilanteonline.com.br\/site\/wp-content\/uploads\/2026\/09\/0101-768x529-1.jpeg\" alt=\"\" width=\"366\" height=\"251\" \/><\/a>\u00a0 \u00a0 \u00a0 <a href=\"https:\/\/www.instagram.com\/lautexpressleopoldina\/\"><img loading=\"lazy\" decoding=\"async\" class=\"alignnone wp-image-456548\" src=\"https:\/\/www.ovigilanteonline.com.br\/site\/wp-content\/uploads\/2026\/09\/WhatsApp-Image-2025-12-31-at-14.56.27-768x529-1.jpeg\" alt=\"\" width=\"365\" height=\"251\" \/><\/a><\/p>\n<hr \/>\n<p>&nbsp;<\/p>\n<\/div>\n\n\n<figure class=\"wp-block-image size-full is-resized\"><img loading=\"lazy\" decoding=\"async\" width=\"800\" height=\"25\" src=\"https:\/\/www.ovigilanteonline.com.br\/site\/wp-content\/uploads\/2026\/09\/SERGINHO-FEED-INSTAGRAM.jpg\" alt=\"\" class=\"wp-image-456537\" style=\"aspect-ratio:32.019387116948096;width:836px;height:auto\" srcset=\"https:\/\/www.ovigilanteonline.com.br\/site\/wp-content\/uploads\/2026\/09\/SERGINHO-FEED-INSTAGRAM.jpg 800w, https:\/\/www.ovigilanteonline.com.br\/site\/wp-content\/uploads\/2026\/09\/SERGINHO-FEED-INSTAGRAM-300x9.jpg 300w, https:\/\/www.ovigilanteonline.com.br\/site\/wp-content\/uploads\/2026\/09\/SERGINHO-FEED-INSTAGRAM-768x24.jpg 768w\" sizes=\"auto, (max-width: 800px) 100vw, 800px\" \/><\/figure>\n\n\n\n<h2 class=\"wp-block-heading\">After<\/h2>\n\n\n\n<p class=\"wp-block-paragraph\">Ap\u00f3s o show de Rodrigo Teaser a atra\u00e7\u00e3o da Stone House foi o grupo Ousa Samba.<\/p>\n\n\n\n<figure class=\"wp-block-image size-large\"><img loading=\"lazy\" decoding=\"async\" width=\"1024\" height=\"522\" src=\"https:\/\/www.ovigilanteonline.com.br\/site\/wp-content\/uploads\/2026\/09\/WhatsApp-Image-2026-09-01-at-21.33.29-1024x522.jpeg\" alt=\"\" class=\"wp-image-456495\" srcset=\"https:\/\/www.ovigilanteonline.com.br\/site\/wp-content\/uploads\/2026\/09\/WhatsApp-Image-2026-09-01-at-21.33.29-1024x522.jpeg 1024w, https:\/\/www.ovigilanteonline.com.br\/site\/wp-content\/uploads\/2026\/09\/WhatsApp-Image-2026-09-01-at-21.33.29-300x153.jpeg 300w, https:\/\/www.ovigilanteonline.com.br\/site\/wp-content\/uploads\/2026\/09\/WhatsApp-Image-2026-09-01-at-21.33.29-768x391.jpeg 768w, https:\/\/www.ovigilanteonline.com.br\/site\/wp-content\/uploads\/2026\/09\/WhatsApp-Image-2026-09-01-at-21.33.29.jpeg 1376w\" sizes=\"auto, (max-width: 1024px) 100vw, 1024px\" \/><\/figure>\n\n\n\n<figure class=\"wp-block-image size-full is-resized\"><img loading=\"lazy\" decoding=\"async\" width=\"800\" height=\"25\" src=\"https:\/\/www.ovigilanteonline.com.br\/site\/wp-content\/uploads\/2026\/09\/SERGINHO-FEED-INSTAGRAM.jpg\" alt=\"\" class=\"wp-image-456537\" style=\"aspect-ratio:32.019387116948096;width:836px;height:auto\" srcset=\"https:\/\/www.ovigilanteonline.com.br\/site\/wp-content\/uploads\/2026\/09\/SERGINHO-FEED-INSTAGRAM.jpg 800w, https:\/\/www.ovigilanteonline.com.br\/site\/wp-content\/uploads\/2026\/09\/SERGINHO-FEED-INSTAGRAM-300x9.jpg 300w, https:\/\/www.ovigilanteonline.com.br\/site\/wp-content\/uploads\/2026\/09\/SERGINHO-FEED-INSTAGRAM-768x24.jpg 768w\" sizes=\"auto, (max-width: 800px) 100vw, 800px\" \/><\/figure>\n\n\n\n<p class=\"wp-block-paragraph\">Dr. Ad\u00edlson Ribeiro J\u00fanior (Bolinha) e Filipe, paparazzi da Stone House.<\/p>\n\n\n\n<figure class=\"wp-block-image size-large\"><img loading=\"lazy\" decoding=\"async\" width=\"1024\" height=\"576\" src=\"https:\/\/www.ovigilanteonline.com.br\/site\/wp-content\/uploads\/2026\/09\/image-3-1024x576.png\" alt=\"\" class=\"wp-image-456564\" srcset=\"https:\/\/www.ovigilanteonline.com.br\/site\/wp-content\/uploads\/2026\/09\/image-3-1024x576.png 1024w, https:\/\/www.ovigilanteonline.com.br\/site\/wp-content\/uploads\/2026\/09\/image-3-300x169.png 300w, https:\/\/www.ovigilanteonline.com.br\/site\/wp-content\/uploads\/2026\/09\/image-3-768x432.png 768w, https:\/\/www.ovigilanteonline.com.br\/site\/wp-content\/uploads\/2026\/09\/image-3-1536x864.png 1536w, https:\/\/www.ovigilanteonline.com.br\/site\/wp-content\/uploads\/2026\/09\/image-3.png 1600w\" sizes=\"auto, (max-width: 1024px) 100vw, 1024px\" \/><\/figure>\n\n\n\n<hr class=\"wp-block-separator has-text-color has-orange-color has-alpha-channel-opacity has-orange-background-color has-background is-style-wide\"\/>\n\n\n\n<p class=\"wp-block-paragraph\">Este colunista com o vocalista do Ousa Samba, Rodrigo, V\u00edvian e o pequeno Jo\u00e3o Pedro.<\/p>\n\n\n\n<figure class=\"wp-block-image size-large\"><img loading=\"lazy\" decoding=\"async\" width=\"1024\" height=\"942\" src=\"https:\/\/www.ovigilanteonline.com.br\/site\/wp-content\/uploads\/2026\/09\/WhatsApp-Image-2026-09-01-at-21.34.29-1024x942.jpeg\" alt=\"\" class=\"wp-image-456497\" srcset=\"https:\/\/www.ovigilanteonline.com.br\/site\/wp-content\/uploads\/2026\/09\/WhatsApp-Image-2026-09-01-at-21.34.29-1024x942.jpeg 1024w, https:\/\/www.ovigilanteonline.com.br\/site\/wp-content\/uploads\/2026\/09\/WhatsApp-Image-2026-09-01-at-21.34.29-300x276.jpeg 300w, https:\/\/www.ovigilanteonline.com.br\/site\/wp-content\/uploads\/2026\/09\/WhatsApp-Image-2026-09-01-at-21.34.29-768x707.jpeg 768w, https:\/\/www.ovigilanteonline.com.br\/site\/wp-content\/uploads\/2026\/09\/WhatsApp-Image-2026-09-01-at-21.34.29.jpeg 1200w\" sizes=\"auto, (max-width: 1024px) 100vw, 1024px\" \/><\/figure>\n\n\n\n<figure class=\"wp-block-image size-full is-resized\"><img loading=\"lazy\" decoding=\"async\" width=\"800\" height=\"25\" src=\"https:\/\/www.ovigilanteonline.com.br\/site\/wp-content\/uploads\/2026\/09\/SERGINHO-FEED-INSTAGRAM.jpg\" alt=\"\" class=\"wp-image-456537\" style=\"aspect-ratio:32.019387116948096;width:836px;height:auto\" srcset=\"https:\/\/www.ovigilanteonline.com.br\/site\/wp-content\/uploads\/2026\/09\/SERGINHO-FEED-INSTAGRAM.jpg 800w, https:\/\/www.ovigilanteonline.com.br\/site\/wp-content\/uploads\/2026\/09\/SERGINHO-FEED-INSTAGRAM-300x9.jpg 300w, https:\/\/www.ovigilanteonline.com.br\/site\/wp-content\/uploads\/2026\/09\/SERGINHO-FEED-INSTAGRAM-768x24.jpg 768w\" sizes=\"auto, (max-width: 800px) 100vw, 800px\" \/><\/figure>\n\n\n\n<h2 class=\"wp-block-heading\">Bem representado<\/h2>\n\n\n\n<p class=\"wp-block-paragraph\">O empres\u00e1rio Ricardo Barros Mendes (Stone House), que no s\u00e1bado dia 22, estava em Barretos \u2013 SP, foi muito bem representado pelo gerente geral da Casa, nosso anfitri\u00e3o, Lucas Souza.<\/p>\n\n\n\n<figure class=\"wp-block-image size-large\"><img loading=\"lazy\" decoding=\"async\" width=\"1024\" height=\"614\" src=\"https:\/\/www.ovigilanteonline.com.br\/site\/wp-content\/uploads\/2026\/09\/WhatsApp-Image-2026-09-01-at-21.35.07-1024x614.jpeg\" alt=\"\" class=\"wp-image-456498\" srcset=\"https:\/\/www.ovigilanteonline.com.br\/site\/wp-content\/uploads\/2026\/09\/WhatsApp-Image-2026-09-01-at-21.35.07-1024x614.jpeg 1024w, https:\/\/www.ovigilanteonline.com.br\/site\/wp-content\/uploads\/2026\/09\/WhatsApp-Image-2026-09-01-at-21.35.07-300x180.jpeg 300w, https:\/\/www.ovigilanteonline.com.br\/site\/wp-content\/uploads\/2026\/09\/WhatsApp-Image-2026-09-01-at-21.35.07-768x460.jpeg 768w, https:\/\/www.ovigilanteonline.com.br\/site\/wp-content\/uploads\/2026\/09\/WhatsApp-Image-2026-09-01-at-21.35.07.jpeg 1081w\" sizes=\"auto, (max-width: 1024px) 100vw, 1024px\" \/><\/figure>\n\n\n\n<figure class=\"wp-block-image size-full is-resized\"><img loading=\"lazy\" decoding=\"async\" width=\"800\" height=\"25\" src=\"https:\/\/www.ovigilanteonline.com.br\/site\/wp-content\/uploads\/2026\/09\/SERGINHO-FEED-INSTAGRAM.jpg\" alt=\"\" class=\"wp-image-456537\" style=\"aspect-ratio:32.019387116948096;width:836px;height:auto\" srcset=\"https:\/\/www.ovigilanteonline.com.br\/site\/wp-content\/uploads\/2026\/09\/SERGINHO-FEED-INSTAGRAM.jpg 800w, https:\/\/www.ovigilanteonline.com.br\/site\/wp-content\/uploads\/2026\/09\/SERGINHO-FEED-INSTAGRAM-300x9.jpg 300w, https:\/\/www.ovigilanteonline.com.br\/site\/wp-content\/uploads\/2026\/09\/SERGINHO-FEED-INSTAGRAM-768x24.jpg 768w\" sizes=\"auto, (max-width: 800px) 100vw, 800px\" \/><\/figure>\n\n\n\n<h2 class=\"wp-block-heading\">Pitty anuncia show na Stone House em Leopoldina<\/h2>\n\n\n\n<figure class=\"wp-block-image size-full\"><img loading=\"lazy\" decoding=\"async\" width=\"1024\" height=\"576\" src=\"https:\/\/www.ovigilanteonline.com.br\/site\/wp-content\/uploads\/2026\/09\/WhatsApp-Image-2026-09-01-at-21.38.41.jpeg\" alt=\"\" class=\"wp-image-456500\" srcset=\"https:\/\/www.ovigilanteonline.com.br\/site\/wp-content\/uploads\/2026\/09\/WhatsApp-Image-2026-09-01-at-21.38.41.jpeg 1024w, https:\/\/www.ovigilanteonline.com.br\/site\/wp-content\/uploads\/2026\/09\/WhatsApp-Image-2026-09-01-at-21.38.41-300x169.jpeg 300w, https:\/\/www.ovigilanteonline.com.br\/site\/wp-content\/uploads\/2026\/09\/WhatsApp-Image-2026-09-01-at-21.38.41-768x432.jpeg 768w\" sizes=\"auto, (max-width: 1024px) 100vw, 1024px\" \/><\/figure>\n\n\n\n<p class=\"wp-block-paragraph\">A Coluna pega carona na <a href=\"https:\/\/www.ovigilanteonline.com.br\/site\/2026\/08\/25\/stone-house-coloca-leopoldina-na-rota-da-nova-turne-nacional-da-pitty\/\" target=\"_blank\" rel=\"noreferrer noopener\">mat\u00e9ria do Vigilante Online<\/a> confirmando que Leopoldina est\u00e1 entre as cidades escolhidas por Pitty para receber as primeiras apresenta\u00e7\u00f5es de sua nova turn\u00ea. A cantora anunciou o roteiro inicial de shows que acompanhar\u00e1 o lan\u00e7amento de seu sexto \u00e1lbum de m\u00fasicas in\u00e9ditas e confirmou apresenta\u00e7\u00e3o na Stone House, no dia 7 de novembro, no 2\u00ba Rock Stone Festival.<\/p>\n\n\n\n<p class=\"wp-block-paragraph\">A confirma\u00e7\u00e3o coloca Leopoldina na rota de uma das principais artistas do rock brasileiro, recebendo o novo espet\u00e1culo poucas semanas depois de sua estreia nacional.<\/p>\n\n\n\n<figure class=\"wp-block-image size-full is-resized\"><img loading=\"lazy\" decoding=\"async\" width=\"800\" height=\"25\" src=\"https:\/\/www.ovigilanteonline.com.br\/site\/wp-content\/uploads\/2026\/09\/SERGINHO-FEED-INSTAGRAM.jpg\" alt=\"\" class=\"wp-image-456537\" style=\"aspect-ratio:32.019387116948096;width:836px;height:auto\" srcset=\"https:\/\/www.ovigilanteonline.com.br\/site\/wp-content\/uploads\/2026\/09\/SERGINHO-FEED-INSTAGRAM.jpg 800w, https:\/\/www.ovigilanteonline.com.br\/site\/wp-content\/uploads\/2026\/09\/SERGINHO-FEED-INSTAGRAM-300x9.jpg 300w, https:\/\/www.ovigilanteonline.com.br\/site\/wp-content\/uploads\/2026\/09\/SERGINHO-FEED-INSTAGRAM-768x24.jpg 768w\" sizes=\"auto, (max-width: 800px) 100vw, 800px\" \/><\/figure>\n\n\n\n<h2 class=\"wp-block-heading\">Dentro do Quadro<\/h2>\n\n\n\n<p class=\"wp-block-paragraph\">E por falar em 2\u00ba Rock Stone Festival, come\u00e7aram nesta ter\u00e7a-feira, 1\u00ba de setembro, as vendas dos ingressos para o evento, atra\u00e7\u00e3o da Stone House no dia 7 de novembro. No palco: Pitty, Charlie Brown Jr. e Thiago Castanho e Marc\u00e3o Brito.<\/p>\n\n\n\n<figure class=\"wp-block-image size-large\"><img loading=\"lazy\" decoding=\"async\" width=\"1024\" height=\"682\" src=\"https:\/\/www.ovigilanteonline.com.br\/site\/wp-content\/uploads\/2026\/09\/cats-1024x682.jpg\" alt=\"\" class=\"wp-image-456540\" srcset=\"https:\/\/www.ovigilanteonline.com.br\/site\/wp-content\/uploads\/2026\/09\/cats-1024x682.jpg 1024w, https:\/\/www.ovigilanteonline.com.br\/site\/wp-content\/uploads\/2026\/09\/cats-300x200.jpg 300w, https:\/\/www.ovigilanteonline.com.br\/site\/wp-content\/uploads\/2026\/09\/cats-1200x800.jpg 1200w, https:\/\/www.ovigilanteonline.com.br\/site\/wp-content\/uploads\/2026\/09\/cats-768x511.jpg 768w, https:\/\/www.ovigilanteonline.com.br\/site\/wp-content\/uploads\/2026\/09\/cats.jpg 1537w\" sizes=\"auto, (max-width: 1024px) 100vw, 1024px\" \/><\/figure>\n\n\n\n<p class=\"wp-block-paragraph\"><strong>CANAIS OFICIAIS DE VENDA ON-LINE: <\/strong>compre SOMENTE pelo site oficial da Ticket360: ticket360.com.br<br><strong>PONTOS DE VENDA F\u00cdSICOS: <\/strong>ingressos tamb\u00e9m estar\u00e3o dispon\u00edveis exclusivamente nos pontos oficialmente divulgados pela Stone House.<\/p>\n\n\n\n<figure class=\"wp-block-image size-full is-resized\"><img loading=\"lazy\" decoding=\"async\" width=\"800\" height=\"25\" src=\"https:\/\/www.ovigilanteonline.com.br\/site\/wp-content\/uploads\/2026\/09\/SERGINHO-FEED-INSTAGRAM.jpg\" alt=\"\" class=\"wp-image-456537\" style=\"aspect-ratio:32.019387116948096;width:836px;height:auto\" srcset=\"https:\/\/www.ovigilanteonline.com.br\/site\/wp-content\/uploads\/2026\/09\/SERGINHO-FEED-INSTAGRAM.jpg 800w, https:\/\/www.ovigilanteonline.com.br\/site\/wp-content\/uploads\/2026\/09\/SERGINHO-FEED-INSTAGRAM-300x9.jpg 300w, https:\/\/www.ovigilanteonline.com.br\/site\/wp-content\/uploads\/2026\/09\/SERGINHO-FEED-INSTAGRAM-768x24.jpg 768w\" sizes=\"auto, (max-width: 800px) 100vw, 800px\" \/><\/figure>\n\n\n<div id=\"ovigi-3625297806\"><hr \/>\n<p style=\"text-align: center;\"><strong>A Coluna Click e Destaque tem o apoio de:<\/strong><\/p>\n<p><a href=\"https:\/\/www.instagram.com\/curtastone\/\"><img loading=\"lazy\" decoding=\"async\" class=\"alignnone wp-image-456547\" src=\"https:\/\/www.ovigilanteonline.com.br\/site\/wp-content\/uploads\/2026\/09\/0101-768x529-1.jpeg\" alt=\"\" width=\"366\" height=\"251\" \/><\/a>\u00a0 \u00a0 \u00a0 <a href=\"https:\/\/www.instagram.com\/lautexpressleopoldina\/\"><img loading=\"lazy\" decoding=\"async\" class=\"alignnone wp-image-456548\" src=\"https:\/\/www.ovigilanteonline.com.br\/site\/wp-content\/uploads\/2026\/09\/WhatsApp-Image-2025-12-31-at-14.56.27-768x529-1.jpeg\" alt=\"\" width=\"365\" height=\"251\" \/><\/a><\/p>\n<hr \/>\n<p>&nbsp;<\/p>\n<\/div>\n\n\n<figure class=\"wp-block-image size-full is-resized\"><img loading=\"lazy\" decoding=\"async\" width=\"800\" height=\"25\" src=\"https:\/\/www.ovigilanteonline.com.br\/site\/wp-content\/uploads\/2026\/09\/SERGINHO-FEED-INSTAGRAM.jpg\" alt=\"\" class=\"wp-image-456537\" style=\"aspect-ratio:32.019387116948096;width:836px;height:auto\" srcset=\"https:\/\/www.ovigilanteonline.com.br\/site\/wp-content\/uploads\/2026\/09\/SERGINHO-FEED-INSTAGRAM.jpg 800w, https:\/\/www.ovigilanteonline.com.br\/site\/wp-content\/uploads\/2026\/09\/SERGINHO-FEED-INSTAGRAM-300x9.jpg 300w, https:\/\/www.ovigilanteonline.com.br\/site\/wp-content\/uploads\/2026\/09\/SERGINHO-FEED-INSTAGRAM-768x24.jpg 768w\" sizes=\"auto, (max-width: 800px) 100vw, 800px\" \/><\/figure>\n\n\n\n<h2 class=\"wp-block-heading\">Click &amp; Destaque<\/h2>\n\n\n\n<p class=\"wp-block-paragraph\">Em um tour pela Argentina, o casal Juneba Calil (Damata) e Regina Barbosa Vargas com a filha J\u00falia Vargas Vital Calil.<\/p>\n\n\n\n<p class=\"wp-block-paragraph\">A fam\u00edlia visitou Bariloche, na Patag\u00f4nia argentina. Em Buenos Aires eles estiveram na \u201cPuente de la Mujer\u201d, um cl\u00e1ssico de Puerto Madero.<\/p>\n\n\n\n<figure class=\"wp-block-gallery has-nested-images columns-default is-cropped wp-block-gallery-2 is-layout-flex wp-block-gallery-is-layout-flex\">\n<figure class=\"wp-block-image size-large\"><img loading=\"lazy\" decoding=\"async\" width=\"939\" height=\"853\" data-id=\"456501\" src=\"https:\/\/www.ovigilanteonline.com.br\/site\/wp-content\/uploads\/2026\/09\/WhatsApp-Image-2026-09-01-at-21.40.59.jpeg\" alt=\"\" class=\"wp-image-456501\" srcset=\"https:\/\/www.ovigilanteonline.com.br\/site\/wp-content\/uploads\/2026\/09\/WhatsApp-Image-2026-09-01-at-21.40.59.jpeg 939w, https:\/\/www.ovigilanteonline.com.br\/site\/wp-content\/uploads\/2026\/09\/WhatsApp-Image-2026-09-01-at-21.40.59-300x273.jpeg 300w, https:\/\/www.ovigilanteonline.com.br\/site\/wp-content\/uploads\/2026\/09\/WhatsApp-Image-2026-09-01-at-21.40.59-768x698.jpeg 768w\" sizes=\"auto, (max-width: 939px) 100vw, 939px\" \/><\/figure>\n\n\n\n<figure class=\"wp-block-image size-large\"><img loading=\"lazy\" decoding=\"async\" width=\"1024\" height=\"1020\" data-id=\"456502\" src=\"https:\/\/www.ovigilanteonline.com.br\/site\/wp-content\/uploads\/2026\/09\/WhatsApp-Image-2026-09-01-at-21.41.31-1024x1020.jpeg\" alt=\"\" class=\"wp-image-456502\" srcset=\"https:\/\/www.ovigilanteonline.com.br\/site\/wp-content\/uploads\/2026\/09\/WhatsApp-Image-2026-09-01-at-21.41.31-1024x1020.jpeg 1024w, https:\/\/www.ovigilanteonline.com.br\/site\/wp-content\/uploads\/2026\/09\/WhatsApp-Image-2026-09-01-at-21.41.31-300x300.jpeg 300w, https:\/\/www.ovigilanteonline.com.br\/site\/wp-content\/uploads\/2026\/09\/WhatsApp-Image-2026-09-01-at-21.41.31-150x150.jpeg 150w, https:\/\/www.ovigilanteonline.com.br\/site\/wp-content\/uploads\/2026\/09\/WhatsApp-Image-2026-09-01-at-21.41.31-768x765.jpeg 768w, https:\/\/www.ovigilanteonline.com.br\/site\/wp-content\/uploads\/2026\/09\/WhatsApp-Image-2026-09-01-at-21.41.31.jpeg 1128w\" sizes=\"auto, (max-width: 1024px) 100vw, 1024px\" \/><\/figure>\n<\/figure>\n\n\n\n<figure class=\"wp-block-image size-full is-resized\"><img loading=\"lazy\" decoding=\"async\" width=\"800\" height=\"25\" src=\"https:\/\/www.ovigilanteonline.com.br\/site\/wp-content\/uploads\/2026\/09\/SERGINHO-FEED-INSTAGRAM.jpg\" alt=\"\" class=\"wp-image-456537\" style=\"aspect-ratio:32.019387116948096;width:836px;height:auto\" srcset=\"https:\/\/www.ovigilanteonline.com.br\/site\/wp-content\/uploads\/2026\/09\/SERGINHO-FEED-INSTAGRAM.jpg 800w, https:\/\/www.ovigilanteonline.com.br\/site\/wp-content\/uploads\/2026\/09\/SERGINHO-FEED-INSTAGRAM-300x9.jpg 300w, https:\/\/www.ovigilanteonline.com.br\/site\/wp-content\/uploads\/2026\/09\/SERGINHO-FEED-INSTAGRAM-768x24.jpg 768w\" sizes=\"auto, (max-width: 800px) 100vw, 800px\" \/><\/figure>\n\n\n\n<h2 class=\"wp-block-heading\">Cas\u00f3rio<\/h2>\n\n\n\n<p class=\"wp-block-paragraph\">A Coluna registra o casamento de L\u00edvia e Matheus, na cidade de Catal\u00e3o, em Goi\u00e1s, desejando felicidades ao casal. L\u00edvia \u00e9 filha do leopoldinense Lila Portela e S\u00f4nia, da cidade de Lajinha \u2013 MG. A cerim\u00f4nia foi realizada neste 29 de agosto.<\/p>\n\n\n\n<figure class=\"wp-block-image size-full\"><img loading=\"lazy\" decoding=\"async\" width=\"960\" height=\"571\" src=\"https:\/\/www.ovigilanteonline.com.br\/site\/wp-content\/uploads\/2026\/09\/WhatsApp-Image-2026-09-01-at-21.42.26.jpeg\" alt=\"\" class=\"wp-image-456503\" srcset=\"https:\/\/www.ovigilanteonline.com.br\/site\/wp-content\/uploads\/2026\/09\/WhatsApp-Image-2026-09-01-at-21.42.26.jpeg 960w, https:\/\/www.ovigilanteonline.com.br\/site\/wp-content\/uploads\/2026\/09\/WhatsApp-Image-2026-09-01-at-21.42.26-300x178.jpeg 300w, https:\/\/www.ovigilanteonline.com.br\/site\/wp-content\/uploads\/2026\/09\/WhatsApp-Image-2026-09-01-at-21.42.26-768x457.jpeg 768w\" sizes=\"auto, (max-width: 960px) 100vw, 960px\" \/><\/figure>\n\n\n\n<figure class=\"wp-block-image size-full is-resized\"><img loading=\"lazy\" decoding=\"async\" width=\"800\" height=\"25\" src=\"https:\/\/www.ovigilanteonline.com.br\/site\/wp-content\/uploads\/2026\/09\/SERGINHO-FEED-INSTAGRAM.jpg\" alt=\"\" class=\"wp-image-456537\" style=\"aspect-ratio:32.019387116948096;width:836px;height:auto\" srcset=\"https:\/\/www.ovigilanteonline.com.br\/site\/wp-content\/uploads\/2026\/09\/SERGINHO-FEED-INSTAGRAM.jpg 800w, https:\/\/www.ovigilanteonline.com.br\/site\/wp-content\/uploads\/2026\/09\/SERGINHO-FEED-INSTAGRAM-300x9.jpg 300w, https:\/\/www.ovigilanteonline.com.br\/site\/wp-content\/uploads\/2026\/09\/SERGINHO-FEED-INSTAGRAM-768x24.jpg 768w\" sizes=\"auto, (max-width: 800px) 100vw, 800px\" \/><\/figure>\n\n\n\n<h2 class=\"wp-block-heading\">REVISTA<\/h2>\n\n\n\n<p class=\"wp-block-paragraph\">Sucesso absoluto o lan\u00e7amento da Revista colecion\u00e1vel \u201cTimes da Mata\u201d, na quinta-feira, 27 de agosto, na Stone House.<\/p>\n\n\n\n<figure class=\"wp-block-image size-full\"><img loading=\"lazy\" decoding=\"async\" width=\"768\" height=\"512\" src=\"https:\/\/www.ovigilanteonline.com.br\/site\/wp-content\/uploads\/2026\/09\/WhatsApp-Image-2026-09-01-at-21.43.13.jpeg\" alt=\"\" class=\"wp-image-456504\" srcset=\"https:\/\/www.ovigilanteonline.com.br\/site\/wp-content\/uploads\/2026\/09\/WhatsApp-Image-2026-09-01-at-21.43.13.jpeg 768w, https:\/\/www.ovigilanteonline.com.br\/site\/wp-content\/uploads\/2026\/09\/WhatsApp-Image-2026-09-01-at-21.43.13-300x200.jpeg 300w\" sizes=\"auto, (max-width: 768px) 100vw, 768px\" \/><\/figure>\n\n\n\n<p class=\"wp-block-paragraph\">Produzida pelos editores Henrique Frade e este colunista, a Revista traz em sua edi\u00e7\u00e3o de estreia a hist\u00f3ria do Esporte Clube Ribeiro Junqueira, de Leopoldina, que completou 115 anos na data escolhida para o lan\u00e7amento.<\/p>\n\n\n\n<hr class=\"wp-block-separator has-text-color has-orange-color has-alpha-channel-opacity has-orange-background-color has-background is-style-wide\"\/>\n\n\n\n<p class=\"wp-block-paragraph\">Frade e Fran\u00e7a, Henrique e Serginho.<\/p>\n\n\n\n<figure class=\"wp-block-image size-large\"><img loading=\"lazy\" decoding=\"async\" width=\"1024\" height=\"669\" src=\"https:\/\/www.ovigilanteonline.com.br\/site\/wp-content\/uploads\/2026\/09\/WhatsApp-Image-2026-09-01-at-21.43.41-1024x669.jpeg\" alt=\"\" class=\"wp-image-456505\" srcset=\"https:\/\/www.ovigilanteonline.com.br\/site\/wp-content\/uploads\/2026\/09\/WhatsApp-Image-2026-09-01-at-21.43.41-1024x669.jpeg 1024w, https:\/\/www.ovigilanteonline.com.br\/site\/wp-content\/uploads\/2026\/09\/WhatsApp-Image-2026-09-01-at-21.43.41-300x196.jpeg 300w, https:\/\/www.ovigilanteonline.com.br\/site\/wp-content\/uploads\/2026\/09\/WhatsApp-Image-2026-09-01-at-21.43.41-768x502.jpeg 768w, https:\/\/www.ovigilanteonline.com.br\/site\/wp-content\/uploads\/2026\/09\/WhatsApp-Image-2026-09-01-at-21.43.41-1536x1003.jpeg 1536w, https:\/\/www.ovigilanteonline.com.br\/site\/wp-content\/uploads\/2026\/09\/WhatsApp-Image-2026-09-01-at-21.43.41.jpeg 1600w\" sizes=\"auto, (max-width: 1024px) 100vw, 1024px\" \/><\/figure>\n\n\n\n<p class=\"wp-block-paragraph\">A <a href=\"https:\/\/www.ovigilanteonline.com.br\/site\/2026\/08\/30\/esporte-clube-ribeiro-junqueira-celebra-115-anos-com-noite-de-homenagens-e-lancamento-da-revista-times-da-mata\/\" target=\"_blank\" rel=\"noreferrer noopener\">celebra\u00e7\u00e3o do anivers\u00e1rio do clube e lan\u00e7amento da Revista<\/a> foi prestigiada por autoridades e personalidades municipais e regionais, ex-atletas, benem\u00e9ritos, integrantes da diretoria, representantes da imprensa e torcedores que ajudaram a construir e preservar a hist\u00f3ria do Ribeiro Junqueira ao longo de mais de um s\u00e9culo.<\/p>\n\n\n\n<p class=\"wp-block-paragraph\">Professoras do Conservat\u00f3rio Estadual de M\u00fasica Lia Salgado interpretaram o Hino de Leopoldina abrindo a programa\u00e7\u00e3o.<\/p>\n\n\n\n<figure class=\"wp-block-gallery has-nested-images columns-default is-cropped wp-block-gallery-3 is-layout-flex wp-block-gallery-is-layout-flex\">\n<figure class=\"wp-block-image size-large\"><img loading=\"lazy\" decoding=\"async\" width=\"768\" height=\"576\" data-id=\"456506\" src=\"https:\/\/www.ovigilanteonline.com.br\/site\/wp-content\/uploads\/2026\/09\/WhatsApp-Image-2026-09-01-at-21.45.51.jpeg\" alt=\"\" class=\"wp-image-456506\" srcset=\"https:\/\/www.ovigilanteonline.com.br\/site\/wp-content\/uploads\/2026\/09\/WhatsApp-Image-2026-09-01-at-21.45.51.jpeg 768w, https:\/\/www.ovigilanteonline.com.br\/site\/wp-content\/uploads\/2026\/09\/WhatsApp-Image-2026-09-01-at-21.45.51-300x225.jpeg 300w\" sizes=\"auto, (max-width: 768px) 100vw, 768px\" \/><\/figure>\n<\/figure>\n\n\n\n<figure class=\"wp-block-image size-full is-resized\"><img loading=\"lazy\" decoding=\"async\" width=\"800\" height=\"25\" src=\"https:\/\/www.ovigilanteonline.com.br\/site\/wp-content\/uploads\/2026\/09\/SERGINHO-FEED-INSTAGRAM.jpg\" alt=\"\" class=\"wp-image-456537\" style=\"aspect-ratio:32.019387116948096;width:836px;height:auto\" srcset=\"https:\/\/www.ovigilanteonline.com.br\/site\/wp-content\/uploads\/2026\/09\/SERGINHO-FEED-INSTAGRAM.jpg 800w, https:\/\/www.ovigilanteonline.com.br\/site\/wp-content\/uploads\/2026\/09\/SERGINHO-FEED-INSTAGRAM-300x9.jpg 300w, https:\/\/www.ovigilanteonline.com.br\/site\/wp-content\/uploads\/2026\/09\/SERGINHO-FEED-INSTAGRAM-768x24.jpg 768w\" sizes=\"auto, (max-width: 800px) 100vw, 800px\" \/><\/figure>\n\n\n\n<h2 class=\"wp-block-heading\">COLUNANDO<\/h2>\n\n\n\n<p class=\"wp-block-paragraph\">A empres\u00e1ria Marister Teixeira Fernandes, presidente da ACILe M\u00f4nica Botelho.<\/p>\n\n\n\n<figure class=\"wp-block-image size-full\"><img loading=\"lazy\" decoding=\"async\" width=\"768\" height=\"635\" src=\"https:\/\/www.ovigilanteonline.com.br\/site\/wp-content\/uploads\/2026\/09\/WhatsApp-Image-2026-09-01-at-21.46.17.jpeg\" alt=\"\" class=\"wp-image-456507\" srcset=\"https:\/\/www.ovigilanteonline.com.br\/site\/wp-content\/uploads\/2026\/09\/WhatsApp-Image-2026-09-01-at-21.46.17.jpeg 768w, https:\/\/www.ovigilanteonline.com.br\/site\/wp-content\/uploads\/2026\/09\/WhatsApp-Image-2026-09-01-at-21.46.17-300x248.jpeg 300w\" sizes=\"auto, (max-width: 768px) 100vw, 768px\" \/><\/figure>\n\n\n\n<hr class=\"wp-block-separator has-text-color has-orange-color has-alpha-channel-opacity has-orange-background-color has-background is-style-wide\"\/>\n\n\n\n<p class=\"wp-block-paragraph\">Este colunista entre o engenheiro Carlos Schettino (Caz\u00e9 &#8211; CRE Engenharia), sua esposa M\u00e1rcia e a arquiteta Cl\u00e1udia Bonin.<\/p>\n\n\n\n<figure class=\"wp-block-image size-large\"><img loading=\"lazy\" decoding=\"async\" width=\"1024\" height=\"552\" src=\"https:\/\/www.ovigilanteonline.com.br\/site\/wp-content\/uploads\/2026\/09\/WhatsApp-Image-2026-09-01-at-21.48.43-1024x552.jpeg\" alt=\"\" class=\"wp-image-456508\" srcset=\"https:\/\/www.ovigilanteonline.com.br\/site\/wp-content\/uploads\/2026\/09\/WhatsApp-Image-2026-09-01-at-21.48.43-1024x552.jpeg 1024w, https:\/\/www.ovigilanteonline.com.br\/site\/wp-content\/uploads\/2026\/09\/WhatsApp-Image-2026-09-01-at-21.48.43-300x162.jpeg 300w, https:\/\/www.ovigilanteonline.com.br\/site\/wp-content\/uploads\/2026\/09\/WhatsApp-Image-2026-09-01-at-21.48.43-768x414.jpeg 768w, https:\/\/www.ovigilanteonline.com.br\/site\/wp-content\/uploads\/2026\/09\/WhatsApp-Image-2026-09-01-at-21.48.43-1536x828.jpeg 1536w, https:\/\/www.ovigilanteonline.com.br\/site\/wp-content\/uploads\/2026\/09\/WhatsApp-Image-2026-09-01-at-21.48.43.jpeg 1600w\" sizes=\"auto, (max-width: 1024px) 100vw, 1024px\" \/><\/figure>\n\n\n\n<hr class=\"wp-block-separator has-text-color has-orange-color has-alpha-channel-opacity has-orange-background-color has-background is-style-wide\"\/>\n\n\n\n<p class=\"wp-block-paragraph\">Paulo Santana, presidente da Liga Esportiva de Cataguases (LEC), presenteou o E. C. Ribeiro Junqueira com uma placa comemorativa pelos 115 anos do rubro-negro leopoldinense. <strong>Na foto: <\/strong>Cristiano F\u00f3fano (vice-presidente do RJ), Rodrigo Baptista (presidente do RJ), Altair Luiz de Oliveira (diretor da LEC), Paulo Santana (presidente da LEC) e Daniel Maciel &#8211; Caf\u00e9 (Secret\u00e1rio de Esportes de Cataguases).<\/p>\n\n\n\n<figure class=\"wp-block-image size-full\"><img loading=\"lazy\" decoding=\"async\" width=\"768\" height=\"477\" src=\"https:\/\/www.ovigilanteonline.com.br\/site\/wp-content\/uploads\/2026\/09\/WhatsApp-Image-2026-09-01-at-21.49.31.jpeg\" alt=\"\" class=\"wp-image-456509\" srcset=\"https:\/\/www.ovigilanteonline.com.br\/site\/wp-content\/uploads\/2026\/09\/WhatsApp-Image-2026-09-01-at-21.49.31.jpeg 768w, https:\/\/www.ovigilanteonline.com.br\/site\/wp-content\/uploads\/2026\/09\/WhatsApp-Image-2026-09-01-at-21.49.31-300x186.jpeg 300w\" sizes=\"auto, (max-width: 768px) 100vw, 768px\" \/><\/figure>\n\n\n\n<hr class=\"wp-block-separator has-text-color has-orange-color has-alpha-channel-opacity has-orange-background-color has-background is-style-wide\"\/>\n\n\n\n<p class=\"wp-block-paragraph\">Henrique Frade, M\u00f4nica Botelho, Prefeito Pedro Augusto e este colunista.<\/p>\n\n\n\n<figure class=\"wp-block-image size-large\"><img loading=\"lazy\" decoding=\"async\" width=\"1024\" height=\"581\" src=\"https:\/\/www.ovigilanteonline.com.br\/site\/wp-content\/uploads\/2026\/09\/WhatsApp-Image-2026-09-01-at-21.50.04-1024x581.jpeg\" alt=\"\" class=\"wp-image-456510\" srcset=\"https:\/\/www.ovigilanteonline.com.br\/site\/wp-content\/uploads\/2026\/09\/WhatsApp-Image-2026-09-01-at-21.50.04-1024x581.jpeg 1024w, https:\/\/www.ovigilanteonline.com.br\/site\/wp-content\/uploads\/2026\/09\/WhatsApp-Image-2026-09-01-at-21.50.04-300x170.jpeg 300w, https:\/\/www.ovigilanteonline.com.br\/site\/wp-content\/uploads\/2026\/09\/WhatsApp-Image-2026-09-01-at-21.50.04.jpeg 1525w\" sizes=\"auto, (max-width: 1024px) 100vw, 1024px\" \/><\/figure>\n\n\n\n<hr class=\"wp-block-separator has-text-color has-orange-color has-alpha-channel-opacity has-orange-background-color has-background is-style-wide\"\/>\n\n\n\n<p class=\"wp-block-paragraph\">J\u00e9ssica Santos, colaboradora do Projeto Times da Mata e os editores Henrique Frade e Serginho Fran\u00e7a.<\/p>\n\n\n\n<figure class=\"wp-block-image size-large\"><img loading=\"lazy\" decoding=\"async\" width=\"1024\" height=\"576\" src=\"https:\/\/www.ovigilanteonline.com.br\/site\/wp-content\/uploads\/2026\/09\/WhatsApp-Image-2026-09-01-at-21.50.41-1024x576.jpeg\" alt=\"\" class=\"wp-image-456519\" srcset=\"https:\/\/www.ovigilanteonline.com.br\/site\/wp-content\/uploads\/2026\/09\/WhatsApp-Image-2026-09-01-at-21.50.41-1024x576.jpeg 1024w, https:\/\/www.ovigilanteonline.com.br\/site\/wp-content\/uploads\/2026\/09\/WhatsApp-Image-2026-09-01-at-21.50.41-300x169.jpeg 300w, https:\/\/www.ovigilanteonline.com.br\/site\/wp-content\/uploads\/2026\/09\/WhatsApp-Image-2026-09-01-at-21.50.41-768x432.jpeg 768w, https:\/\/www.ovigilanteonline.com.br\/site\/wp-content\/uploads\/2026\/09\/WhatsApp-Image-2026-09-01-at-21.50.41-1536x864.jpeg 1536w, https:\/\/www.ovigilanteonline.com.br\/site\/wp-content\/uploads\/2026\/09\/WhatsApp-Image-2026-09-01-at-21.50.41.jpeg 1600w\" sizes=\"auto, (max-width: 1024px) 100vw, 1024px\" \/><\/figure>\n\n\n\n<hr class=\"wp-block-separator has-text-color has-orange-color has-alpha-channel-opacity has-orange-background-color has-background is-style-wide\"\/>\n\n\n\n<p class=\"wp-block-paragraph\">Prefeito Pedro Augusto e a hist\u00f3rica edi\u00e7\u00e3o da Revista Times da Mata.<\/p>\n\n\n\n<figure class=\"wp-block-image size-large\"><img loading=\"lazy\" decoding=\"async\" width=\"1024\" height=\"577\" src=\"https:\/\/www.ovigilanteonline.com.br\/site\/wp-content\/uploads\/2026\/09\/WhatsApp-Image-2026-09-01-at-21.50.54-1024x577.jpeg\" alt=\"\" class=\"wp-image-456511\" srcset=\"https:\/\/www.ovigilanteonline.com.br\/site\/wp-content\/uploads\/2026\/09\/WhatsApp-Image-2026-09-01-at-21.50.54-1024x577.jpeg 1024w, https:\/\/www.ovigilanteonline.com.br\/site\/wp-content\/uploads\/2026\/09\/WhatsApp-Image-2026-09-01-at-21.50.54-300x169.jpeg 300w, https:\/\/www.ovigilanteonline.com.br\/site\/wp-content\/uploads\/2026\/09\/WhatsApp-Image-2026-09-01-at-21.50.54-768x433.jpeg 768w, https:\/\/www.ovigilanteonline.com.br\/site\/wp-content\/uploads\/2026\/09\/WhatsApp-Image-2026-09-01-at-21.50.54.jpeg 1379w\" sizes=\"auto, (max-width: 1024px) 100vw, 1024px\" \/><\/figure>\n\n\n\n<hr class=\"wp-block-separator has-text-color has-orange-color has-alpha-channel-opacity has-orange-background-color has-background is-style-wide\"\/>\n\n\n\n<p class=\"wp-block-paragraph\">Este colunista entre Marister (presidente da ACIL) e Andreia Franzoni. Foto com a assinatura do decano da imprensa leopoldinense, Sebasti\u00e3o Heitor.<\/p>\n\n\n\n<figure class=\"wp-block-image size-large\"><img loading=\"lazy\" decoding=\"async\" width=\"1024\" height=\"636\" src=\"https:\/\/www.ovigilanteonline.com.br\/site\/wp-content\/uploads\/2026\/09\/WhatsApp-Image-2026-09-01-at-21.51.11-1024x636.jpeg\" alt=\"\" class=\"wp-image-456512\" srcset=\"https:\/\/www.ovigilanteonline.com.br\/site\/wp-content\/uploads\/2026\/09\/WhatsApp-Image-2026-09-01-at-21.51.11-1024x636.jpeg 1024w, https:\/\/www.ovigilanteonline.com.br\/site\/wp-content\/uploads\/2026\/09\/WhatsApp-Image-2026-09-01-at-21.51.11-300x186.jpeg 300w, https:\/\/www.ovigilanteonline.com.br\/site\/wp-content\/uploads\/2026\/09\/WhatsApp-Image-2026-09-01-at-21.51.11-768x477.jpeg 768w, https:\/\/www.ovigilanteonline.com.br\/site\/wp-content\/uploads\/2026\/09\/WhatsApp-Image-2026-09-01-at-21.51.11-1536x954.jpeg 1536w, https:\/\/www.ovigilanteonline.com.br\/site\/wp-content\/uploads\/2026\/09\/WhatsApp-Image-2026-09-01-at-21.51.11.jpeg 1600w\" sizes=\"auto, (max-width: 1024px) 100vw, 1024px\" \/><\/figure>\n\n\n\n<hr class=\"wp-block-separator has-text-color has-orange-color has-alpha-channel-opacity has-orange-background-color has-background is-style-wide\"\/>\n\n\n\n<p class=\"wp-block-paragraph\">Mesa de Honra da cerim\u00f4nia: Paulo Furtado \u2013 presidente do Conselho Deliberativo do Ribeiro Junqueira; Cristiano F\u00f3fano \u2013 vice-presidente do E.C. Ribeiro Junqueira e seu presidente, Rodrigo Baptista Ramos; Pedro Augusto \u2013 prefeito de Leopoldina; Bernardo Guedes \u2013 presidente da C\u00e2mara Municipal e Ben\u00e9 Guedes \u2013 presidente de Honra do Ribeiro Junqueira.<\/p>\n\n\n\n<figure class=\"wp-block-image size-large\"><img loading=\"lazy\" decoding=\"async\" width=\"1024\" height=\"614\" src=\"https:\/\/www.ovigilanteonline.com.br\/site\/wp-content\/uploads\/2026\/08\/capa-rrr-1024x614.jpg\" alt=\"\" class=\"wp-image-456406\" srcset=\"https:\/\/www.ovigilanteonline.com.br\/site\/wp-content\/uploads\/2026\/08\/capa-rrr-1024x614.jpg 1024w, https:\/\/www.ovigilanteonline.com.br\/site\/wp-content\/uploads\/2026\/08\/capa-rrr-300x180.jpg 300w, https:\/\/www.ovigilanteonline.com.br\/site\/wp-content\/uploads\/2026\/08\/capa-rrr-768x460.jpg 768w, https:\/\/www.ovigilanteonline.com.br\/site\/wp-content\/uploads\/2026\/08\/capa-rrr-1536x921.jpg 1536w, https:\/\/www.ovigilanteonline.com.br\/site\/wp-content\/uploads\/2026\/08\/capa-rrr.jpg 1620w\" sizes=\"auto, (max-width: 1024px) 100vw, 1024px\" \/><\/figure>\n\n\n\n<hr class=\"wp-block-separator has-text-color has-orange-color has-alpha-channel-opacity has-orange-background-color has-background is-style-wide\"\/>\n\n\n\n<p class=\"wp-block-paragraph\">O casal Chiquinho Gama e S\u00f4nia.<\/p>\n\n\n\n<figure class=\"wp-block-image size-large\"><img loading=\"lazy\" decoding=\"async\" width=\"1024\" height=\"768\" src=\"https:\/\/www.ovigilanteonline.com.br\/site\/wp-content\/uploads\/2026\/09\/WhatsApp-Image-2026-09-02-at-07.46.07-1024x768.jpeg\" alt=\"\" class=\"wp-image-456532\" srcset=\"https:\/\/www.ovigilanteonline.com.br\/site\/wp-content\/uploads\/2026\/09\/WhatsApp-Image-2026-09-02-at-07.46.07-1024x768.jpeg 1024w, https:\/\/www.ovigilanteonline.com.br\/site\/wp-content\/uploads\/2026\/09\/WhatsApp-Image-2026-09-02-at-07.46.07-300x225.jpeg 300w, https:\/\/www.ovigilanteonline.com.br\/site\/wp-content\/uploads\/2026\/09\/WhatsApp-Image-2026-09-02-at-07.46.07-768x576.jpeg 768w, https:\/\/www.ovigilanteonline.com.br\/site\/wp-content\/uploads\/2026\/09\/WhatsApp-Image-2026-09-02-at-07.46.07-1536x1152.jpeg 1536w, https:\/\/www.ovigilanteonline.com.br\/site\/wp-content\/uploads\/2026\/09\/WhatsApp-Image-2026-09-02-at-07.46.07.jpeg 1600w\" sizes=\"auto, (max-width: 1024px) 100vw, 1024px\" \/><\/figure>\n\n\n\n<hr class=\"wp-block-separator has-text-color has-orange-color has-alpha-channel-opacity has-orange-background-color has-background is-style-wide\"\/>\n\n\n\n<p class=\"wp-block-paragraph\">Marcelo Junqueira Ferraz, \u00c9rica Bedin &#8211; entre os secret\u00e1rios Hudson Rodrigues de Jesus e Luizinho Gesualdi e Kalon Moraes, chefe de gabinete do prefeito Pedro Augusto.<\/p>\n\n\n\n<figure class=\"wp-block-image size-large\"><img loading=\"lazy\" decoding=\"async\" width=\"1024\" height=\"768\" src=\"https:\/\/www.ovigilanteonline.com.br\/site\/wp-content\/uploads\/2026\/09\/WhatsApp-Image-2026-09-02-at-07.54.02-1024x768.jpeg\" alt=\"\" class=\"wp-image-456533\" srcset=\"https:\/\/www.ovigilanteonline.com.br\/site\/wp-content\/uploads\/2026\/09\/WhatsApp-Image-2026-09-02-at-07.54.02-1024x768.jpeg 1024w, https:\/\/www.ovigilanteonline.com.br\/site\/wp-content\/uploads\/2026\/09\/WhatsApp-Image-2026-09-02-at-07.54.02-300x225.jpeg 300w, https:\/\/www.ovigilanteonline.com.br\/site\/wp-content\/uploads\/2026\/09\/WhatsApp-Image-2026-09-02-at-07.54.02-768x576.jpeg 768w, https:\/\/www.ovigilanteonline.com.br\/site\/wp-content\/uploads\/2026\/09\/WhatsApp-Image-2026-09-02-at-07.54.02-1536x1152.jpeg 1536w, https:\/\/www.ovigilanteonline.com.br\/site\/wp-content\/uploads\/2026\/09\/WhatsApp-Image-2026-09-02-at-07.54.02.jpeg 1600w\" sizes=\"auto, (max-width: 1024px) 100vw, 1024px\" \/><\/figure>\n\n\n\n<hr class=\"wp-block-separator has-text-color has-orange-color has-alpha-channel-opacity has-orange-background-color has-background is-style-wide\"\/>\n\n\n\n<p class=\"wp-block-paragraph\">Luizinho Gesualdi, Serginho Fran\u00e7a, Ben\u00e9 Guedes e Francisco Mendon\u00e7a Gama.<\/p>\n\n\n\n<figure class=\"wp-block-image size-full is-resized\"><img loading=\"lazy\" decoding=\"async\" width=\"768\" height=\"433\" src=\"https:\/\/www.ovigilanteonline.com.br\/site\/wp-content\/uploads\/2026\/09\/WhatsApp-Image-2026-09-01-at-21.52.05.jpeg\" alt=\"\" class=\"wp-image-456514\" style=\"aspect-ratio:1.7736999747392732;width:840px;height:auto\" srcset=\"https:\/\/www.ovigilanteonline.com.br\/site\/wp-content\/uploads\/2026\/09\/WhatsApp-Image-2026-09-01-at-21.52.05.jpeg 768w, https:\/\/www.ovigilanteonline.com.br\/site\/wp-content\/uploads\/2026\/09\/WhatsApp-Image-2026-09-01-at-21.52.05-300x169.jpeg 300w\" sizes=\"auto, (max-width: 768px) 100vw, 768px\" \/><\/figure>\n\n\n\n<figure class=\"wp-block-image size-full is-resized\"><img loading=\"lazy\" decoding=\"async\" width=\"800\" height=\"25\" src=\"https:\/\/www.ovigilanteonline.com.br\/site\/wp-content\/uploads\/2026\/09\/SERGINHO-FEED-INSTAGRAM.jpg\" alt=\"\" class=\"wp-image-456537\" style=\"aspect-ratio:32.019387116948096;width:836px;height:auto\" srcset=\"https:\/\/www.ovigilanteonline.com.br\/site\/wp-content\/uploads\/2026\/09\/SERGINHO-FEED-INSTAGRAM.jpg 800w, https:\/\/www.ovigilanteonline.com.br\/site\/wp-content\/uploads\/2026\/09\/SERGINHO-FEED-INSTAGRAM-300x9.jpg 300w, https:\/\/www.ovigilanteonline.com.br\/site\/wp-content\/uploads\/2026\/09\/SERGINHO-FEED-INSTAGRAM-768x24.jpg 768w\" sizes=\"auto, (max-width: 800px) 100vw, 800px\" \/><\/figure>\n\n\n<div id=\"ovigi-3625297806\"><hr \/>\n<p style=\"text-align: center;\"><strong>A Coluna Click e Destaque tem o apoio de:<\/strong><\/p>\n<p><a href=\"https:\/\/www.instagram.com\/curtastone\/\"><img loading=\"lazy\" decoding=\"async\" class=\"alignnone wp-image-456547\" src=\"https:\/\/www.ovigilanteonline.com.br\/site\/wp-content\/uploads\/2026\/09\/0101-768x529-1.jpeg\" alt=\"\" width=\"366\" height=\"251\" \/><\/a>\u00a0 \u00a0 \u00a0 <a href=\"https:\/\/www.instagram.com\/lautexpressleopoldina\/\"><img loading=\"lazy\" decoding=\"async\" class=\"alignnone wp-image-456548\" src=\"https:\/\/www.ovigilanteonline.com.br\/site\/wp-content\/uploads\/2026\/09\/WhatsApp-Image-2025-12-31-at-14.56.27-768x529-1.jpeg\" alt=\"\" width=\"365\" height=\"251\" \/><\/a><\/p>\n<hr \/>\n<p>&nbsp;<\/p>\n<\/div>\n\n\n<figure class=\"wp-block-image size-full is-resized\"><img loading=\"lazy\" decoding=\"async\" width=\"800\" height=\"25\" src=\"https:\/\/www.ovigilanteonline.com.br\/site\/wp-content\/uploads\/2026\/09\/SERGINHO-FEED-INSTAGRAM.jpg\" alt=\"\" class=\"wp-image-456537\" style=\"aspect-ratio:32.019387116948096;width:836px;height:auto\" srcset=\"https:\/\/www.ovigilanteonline.com.br\/site\/wp-content\/uploads\/2026\/09\/SERGINHO-FEED-INSTAGRAM.jpg 800w, https:\/\/www.ovigilanteonline.com.br\/site\/wp-content\/uploads\/2026\/09\/SERGINHO-FEED-INSTAGRAM-300x9.jpg 300w, https:\/\/www.ovigilanteonline.com.br\/site\/wp-content\/uploads\/2026\/09\/SERGINHO-FEED-INSTAGRAM-768x24.jpg 768w\" sizes=\"auto, (max-width: 800px) 100vw, 800px\" \/><\/figure>\n\n\n\n<h2 class=\"wp-block-heading\">Ribeiro Junqueira agora \u00e9 Patrim\u00f4nio Cultural e Imaterial de Leopoldina<\/h2>\n\n\n\n<p class=\"wp-block-paragraph\">Gol de placa para o vereador Jos\u00e9 Augusto Cabral (foto), autor do Projeto de Lei que torna o Esporte Clube Ribeiro Junqueira patrim\u00f4nio cultural e imaterial de Leopoldina. A iniciativa foi aprovada pelo Legislativo municipal na reuni\u00e3o ordin\u00e1ria da \u00faltima ter\u00e7a-feira, dia 25, e j\u00e1 foi sancionado pelo prefeito Pedro Augusto. A medida ter\u00e1 grande alcance em apoio ao clube e ao munic\u00edpio.<\/p>\n\n\n\n<figure class=\"wp-block-gallery has-nested-images columns-default is-cropped wp-block-gallery-4 is-layout-flex wp-block-gallery-is-layout-flex\">\n<figure class=\"wp-block-image size-full\"><img loading=\"lazy\" decoding=\"async\" width=\"900\" height=\"529\" data-id=\"456570\" src=\"https:\/\/www.ovigilanteonline.com.br\/site\/wp-content\/uploads\/2026\/09\/df89dsf.jpeg\" alt=\"\" class=\"wp-image-456570\" srcset=\"https:\/\/www.ovigilanteonline.com.br\/site\/wp-content\/uploads\/2026\/09\/df89dsf.jpeg 900w, https:\/\/www.ovigilanteonline.com.br\/site\/wp-content\/uploads\/2026\/09\/df89dsf-300x176.jpeg 300w, https:\/\/www.ovigilanteonline.com.br\/site\/wp-content\/uploads\/2026\/09\/df89dsf-767x451.jpeg 767w\" sizes=\"auto, (max-width: 900px) 100vw, 900px\" \/><\/figure>\n<\/figure>\n\n\n\n<figure class=\"wp-block-image size-full is-resized\"><img loading=\"lazy\" decoding=\"async\" width=\"800\" height=\"25\" src=\"https:\/\/www.ovigilanteonline.com.br\/site\/wp-content\/uploads\/2026\/09\/SERGINHO-FEED-INSTAGRAM.jpg\" alt=\"\" class=\"wp-image-456537\" style=\"aspect-ratio:32.019387116948096;width:836px;height:auto\" srcset=\"https:\/\/www.ovigilanteonline.com.br\/site\/wp-content\/uploads\/2026\/09\/SERGINHO-FEED-INSTAGRAM.jpg 800w, https:\/\/www.ovigilanteonline.com.br\/site\/wp-content\/uploads\/2026\/09\/SERGINHO-FEED-INSTAGRAM-300x9.jpg 300w, https:\/\/www.ovigilanteonline.com.br\/site\/wp-content\/uploads\/2026\/09\/SERGINHO-FEED-INSTAGRAM-768x24.jpg 768w\" sizes=\"auto, (max-width: 800px) 100vw, 800px\" \/><\/figure>\n\n\n\n<h2 class=\"wp-block-heading\">POD V Um<\/h2>\n\n\n\n<p class=\"wp-block-paragraph\">O diretor-presidente da Energisa Minas Rio, Fernando Costalonga, e o diretor t\u00e9cnico e comercial da empresa, Rodolfo Pinheiro, <a href=\"https:\/\/www.facebook.com\/reel\/1818073246219140\" target=\"_blank\" rel=\"noreferrer noopener\">foram os entrevistados do POD V<\/a>, podcast do Jornal O Vigilante Online, na segunda-feira, 24 de agosto.<\/p>\n\n\n\n<figure class=\"wp-block-image size-large\"><img loading=\"lazy\" decoding=\"async\" width=\"1024\" height=\"458\" src=\"https:\/\/www.ovigilanteonline.com.br\/site\/wp-content\/uploads\/2026\/09\/WhatsApp-Image-2026-09-01-at-21.59.10-1024x458.jpeg\" alt=\"\" class=\"wp-image-456515\" srcset=\"https:\/\/www.ovigilanteonline.com.br\/site\/wp-content\/uploads\/2026\/09\/WhatsApp-Image-2026-09-01-at-21.59.10-1024x458.jpeg 1024w, https:\/\/www.ovigilanteonline.com.br\/site\/wp-content\/uploads\/2026\/09\/WhatsApp-Image-2026-09-01-at-21.59.10-300x134.jpeg 300w, https:\/\/www.ovigilanteonline.com.br\/site\/wp-content\/uploads\/2026\/09\/WhatsApp-Image-2026-09-01-at-21.59.10-768x343.jpeg 768w, https:\/\/www.ovigilanteonline.com.br\/site\/wp-content\/uploads\/2026\/09\/WhatsApp-Image-2026-09-01-at-21.59.10-1536x686.jpeg 1536w, https:\/\/www.ovigilanteonline.com.br\/site\/wp-content\/uploads\/2026\/09\/WhatsApp-Image-2026-09-01-at-21.59.10.jpeg 1573w\" sizes=\"auto, (max-width: 1024px) 100vw, 1024px\" \/><\/figure>\n\n\n\n<p class=\"wp-block-paragraph\">A entrevista relembrou curiosidades sobre os prim\u00f3rdios da eletrifica\u00e7\u00e3o no pa\u00eds. H\u00e1 cerca de 120 anos, a regi\u00e3o de Leopoldina e Cataguases esteve entre as pioneiras no acesso \u00e0 energia el\u00e9trica, antes mesmo de sua chegada de forma mais ampla \u00e0 ent\u00e3o capital do Brasil, o Rio de Janeiro.<\/p>\n\n\n\n<hr class=\"wp-block-separator has-text-color has-orange-color has-alpha-channel-opacity has-orange-background-color has-background is-style-wide\"\/>\n\n\n\n<h2 class=\"wp-block-heading\">POD V Dois<\/h2>\n\n\n\n<p class=\"wp-block-paragraph\">O POD V desta segunda-feira, 31 de agosto, recebeu Henrique Frade e este colunista, editores da Revista Times da Mata, para falar sobre o lan\u00e7amento da publica\u00e7\u00e3o, que ocorreu no \u00faltimo dia 27.<\/p>\n\n\n\n<figure class=\"wp-block-image size-large\"><img loading=\"lazy\" decoding=\"async\" width=\"1024\" height=\"460\" src=\"https:\/\/www.ovigilanteonline.com.br\/site\/wp-content\/uploads\/2026\/09\/WhatsApp-Image-2026-09-01-at-22.06.29-1024x460.jpeg\" alt=\"\" class=\"wp-image-456516\" srcset=\"https:\/\/www.ovigilanteonline.com.br\/site\/wp-content\/uploads\/2026\/09\/WhatsApp-Image-2026-09-01-at-22.06.29-1024x460.jpeg 1024w, https:\/\/www.ovigilanteonline.com.br\/site\/wp-content\/uploads\/2026\/09\/WhatsApp-Image-2026-09-01-at-22.06.29-300x135.jpeg 300w, https:\/\/www.ovigilanteonline.com.br\/site\/wp-content\/uploads\/2026\/09\/WhatsApp-Image-2026-09-01-at-22.06.29-768x345.jpeg 768w, https:\/\/www.ovigilanteonline.com.br\/site\/wp-content\/uploads\/2026\/09\/WhatsApp-Image-2026-09-01-at-22.06.29-1536x689.jpeg 1536w, https:\/\/www.ovigilanteonline.com.br\/site\/wp-content\/uploads\/2026\/09\/WhatsApp-Image-2026-09-01-at-22.06.29.jpeg 1600w\" sizes=\"auto, (max-width: 1024px) 100vw, 1024px\" \/><\/figure>\n\n\n\n<p class=\"wp-block-paragraph\">Durante o bate-papo, Henrique e Serginho contaram como nasceu a ideia da revista, falaram sobre os bastidores da produ\u00e7\u00e3o, o trabalho de pesquisa e a import\u00e2ncia de transformar essas hist\u00f3rias em um registro permanente para as futuras gera\u00e7\u00f5es. Confira a entrevista clicando <a href=\"https:\/\/www.facebook.com\/ovigilanteonline\/videos\/1610359230503693\" target=\"_blank\" rel=\"noreferrer noopener\">aqui<\/a>.<\/p>\n\n\n\n<figure class=\"wp-block-image size-full is-resized\"><img loading=\"lazy\" decoding=\"async\" width=\"800\" height=\"25\" src=\"https:\/\/www.ovigilanteonline.com.br\/site\/wp-content\/uploads\/2026\/09\/SERGINHO-FEED-INSTAGRAM.jpg\" alt=\"\" class=\"wp-image-456537\" style=\"aspect-ratio:32.019387116948096;width:836px;height:auto\" srcset=\"https:\/\/www.ovigilanteonline.com.br\/site\/wp-content\/uploads\/2026\/09\/SERGINHO-FEED-INSTAGRAM.jpg 800w, https:\/\/www.ovigilanteonline.com.br\/site\/wp-content\/uploads\/2026\/09\/SERGINHO-FEED-INSTAGRAM-300x9.jpg 300w, https:\/\/www.ovigilanteonline.com.br\/site\/wp-content\/uploads\/2026\/09\/SERGINHO-FEED-INSTAGRAM-768x24.jpg 768w\" sizes=\"auto, (max-width: 800px) 100vw, 800px\" \/><\/figure>\n\n\n\n<h2 class=\"wp-block-heading\">ENTRADA FRAN\u00c7A<\/h2>\n\n\n\n<p class=\"wp-block-paragraph\">A banda Pato Fu se apresentou em Juiz de Fora no s\u00e1bado, dia 29 de agosto, dentro do Festival La\u00e7os, que teve como palco a Pra\u00e7a Tarc\u00edsio Delgado, antiga Pra\u00e7a Ant\u00f4nio Carlos, no centro da Manchester mineira. A Coluna compareceu e apreciou a atra\u00e7\u00e3o.<\/p>\n\n\n\n<figure class=\"wp-block-image size-large\"><img loading=\"lazy\" decoding=\"async\" width=\"1024\" height=\"441\" src=\"https:\/\/www.ovigilanteonline.com.br\/site\/wp-content\/uploads\/2026\/09\/WhatsApp-Image-2026-09-01-at-22.07.20-1024x441.jpeg\" alt=\"\" class=\"wp-image-456517\" srcset=\"https:\/\/www.ovigilanteonline.com.br\/site\/wp-content\/uploads\/2026\/09\/WhatsApp-Image-2026-09-01-at-22.07.20-1024x441.jpeg 1024w, https:\/\/www.ovigilanteonline.com.br\/site\/wp-content\/uploads\/2026\/09\/WhatsApp-Image-2026-09-01-at-22.07.20-300x129.jpeg 300w, https:\/\/www.ovigilanteonline.com.br\/site\/wp-content\/uploads\/2026\/09\/WhatsApp-Image-2026-09-01-at-22.07.20-768x330.jpeg 768w, https:\/\/www.ovigilanteonline.com.br\/site\/wp-content\/uploads\/2026\/09\/WhatsApp-Image-2026-09-01-at-22.07.20.jpeg 1492w\" sizes=\"auto, (max-width: 1024px) 100vw, 1024px\" \/><\/figure>\n\n\n\n<figure class=\"wp-block-image size-full is-resized\"><img loading=\"lazy\" decoding=\"async\" width=\"800\" height=\"25\" src=\"https:\/\/www.ovigilanteonline.com.br\/site\/wp-content\/uploads\/2026\/09\/SERGINHO-FEED-INSTAGRAM.jpg\" alt=\"\" class=\"wp-image-456537\" style=\"aspect-ratio:32.019387116948096;width:836px;height:auto\" srcset=\"https:\/\/www.ovigilanteonline.com.br\/site\/wp-content\/uploads\/2026\/09\/SERGINHO-FEED-INSTAGRAM.jpg 800w, https:\/\/www.ovigilanteonline.com.br\/site\/wp-content\/uploads\/2026\/09\/SERGINHO-FEED-INSTAGRAM-300x9.jpg 300w, https:\/\/www.ovigilanteonline.com.br\/site\/wp-content\/uploads\/2026\/09\/SERGINHO-FEED-INSTAGRAM-768x24.jpg 768w\" sizes=\"auto, (max-width: 800px) 100vw, 800px\" \/><\/figure>\n\n\n\n<h2 class=\"wp-block-heading\">S\u00e3o Thom\u00e9 das Letras<\/h2>\n\n\n\n<p class=\"wp-block-paragraph\">As leopoldinenses Patr\u00edcia, Juliane, Carol, Marcela, Aline e Camilla Pereira estiveram em S\u00e3o Thom\u00e9 das Letras, no sul de Minas, por ocasi\u00e3o da Festa da Colheita.<\/p>\n\n\n\n<figure class=\"wp-block-gallery has-nested-images columns-default is-cropped wp-block-gallery-5 is-layout-flex wp-block-gallery-is-layout-flex\">\n<figure class=\"wp-block-image size-large\"><img loading=\"lazy\" decoding=\"async\" width=\"768\" height=\"1024\" data-id=\"456536\" src=\"https:\/\/www.ovigilanteonline.com.br\/site\/wp-content\/uploads\/2026\/09\/WhatsApp-Image-2026-09-01-at-22.07.48-1-768x1024.jpeg\" alt=\"\" class=\"wp-image-456536\" srcset=\"https:\/\/www.ovigilanteonline.com.br\/site\/wp-content\/uploads\/2026\/09\/WhatsApp-Image-2026-09-01-at-22.07.48-1-768x1024-1.jpeg 768w, https:\/\/www.ovigilanteonline.com.br\/site\/wp-content\/uploads\/2026\/09\/WhatsApp-Image-2026-09-01-at-22.07.48-1-225x300.jpeg 225w, https:\/\/www.ovigilanteonline.com.br\/site\/wp-content\/uploads\/2026\/09\/WhatsApp-Image-2026-09-01-at-22.07.48-1-1152x1536.jpeg 1152w, https:\/\/www.ovigilanteonline.com.br\/site\/wp-content\/uploads\/2026\/09\/WhatsApp-Image-2026-09-01-at-22.07.48-1.jpeg 1200w\" sizes=\"auto, (max-width: 768px) 100vw, 768px\" \/><\/figure>\n\n\n\n<figure class=\"wp-block-image size-large\"><img loading=\"lazy\" decoding=\"async\" width=\"576\" height=\"1024\" data-id=\"456535\" src=\"https:\/\/www.ovigilanteonline.com.br\/site\/wp-content\/uploads\/2026\/09\/WhatsApp-Image-2026-09-01-at-22.08.01-1-576x1024.jpeg\" alt=\"\" class=\"wp-image-456535\" srcset=\"https:\/\/www.ovigilanteonline.com.br\/site\/wp-content\/uploads\/2026\/09\/WhatsApp-Image-2026-09-01-at-22.08.01-1-576x1024.jpeg 576w, https:\/\/www.ovigilanteonline.com.br\/site\/wp-content\/uploads\/2026\/09\/WhatsApp-Image-2026-09-01-at-22.08.01-1-768x1365.jpeg 768w, https:\/\/www.ovigilanteonline.com.br\/site\/wp-content\/uploads\/2026\/09\/WhatsApp-Image-2026-09-01-at-22.08.01-1-169x300.jpeg 169w, https:\/\/www.ovigilanteonline.com.br\/site\/wp-content\/uploads\/2026\/09\/WhatsApp-Image-2026-09-01-at-22.08.01-1-864x1536.jpeg 864w, https:\/\/www.ovigilanteonline.com.br\/site\/wp-content\/uploads\/2026\/09\/WhatsApp-Image-2026-09-01-at-22.08.01-1.jpeg 900w\" sizes=\"auto, (max-width: 576px) 100vw, 576px\" \/><figcaption class=\"wp-element-caption\">Carolina Almeida e Camila Pereira.<\/figcaption><\/figure>\n<\/figure>\n\n\n\n<figure class=\"wp-block-image size-full is-resized\"><img loading=\"lazy\" decoding=\"async\" width=\"800\" height=\"25\" src=\"https:\/\/www.ovigilanteonline.com.br\/site\/wp-content\/uploads\/2026\/09\/SERGINHO-FEED-INSTAGRAM.jpg\" alt=\"\" class=\"wp-image-456537\" style=\"aspect-ratio:32.019387116948096;width:836px;height:auto\" srcset=\"https:\/\/www.ovigilanteonline.com.br\/site\/wp-content\/uploads\/2026\/09\/SERGINHO-FEED-INSTAGRAM.jpg 800w, https:\/\/www.ovigilanteonline.com.br\/site\/wp-content\/uploads\/2026\/09\/SERGINHO-FEED-INSTAGRAM-300x9.jpg 300w, https:\/\/www.ovigilanteonline.com.br\/site\/wp-content\/uploads\/2026\/09\/SERGINHO-FEED-INSTAGRAM-768x24.jpg 768w\" sizes=\"auto, (max-width: 800px) 100vw, 800px\" \/><\/figure>\n\n\n\n<h2 class=\"wp-block-heading\">Abra\u00e7o online<\/h2>\n\n\n\n<p class=\"wp-block-paragraph\"> O abra\u00e7o da Coluna aos amigos Jos\u00e9 Eduardo Alvim e Emerson Guimar\u00e3es.<\/p>\n\n\n\n<figure class=\"wp-block-image size-large\"><img loading=\"lazy\" decoding=\"async\" width=\"1024\" height=\"624\" src=\"https:\/\/www.ovigilanteonline.com.br\/site\/wp-content\/uploads\/2026\/09\/WhatsApp-Image-2026-09-01-at-22.09.21-1024x624.jpeg\" alt=\"\" class=\"wp-image-456522\" srcset=\"https:\/\/www.ovigilanteonline.com.br\/site\/wp-content\/uploads\/2026\/09\/WhatsApp-Image-2026-09-01-at-22.09.21-1024x624.jpeg 1024w, https:\/\/www.ovigilanteonline.com.br\/site\/wp-content\/uploads\/2026\/09\/WhatsApp-Image-2026-09-01-at-22.09.21-300x183.jpeg 300w, https:\/\/www.ovigilanteonline.com.br\/site\/wp-content\/uploads\/2026\/09\/WhatsApp-Image-2026-09-01-at-22.09.21-768x468.jpeg 768w, https:\/\/www.ovigilanteonline.com.br\/site\/wp-content\/uploads\/2026\/09\/WhatsApp-Image-2026-09-01-at-22.09.21.jpeg 1165w\" sizes=\"auto, (max-width: 1024px) 100vw, 1024px\" \/><\/figure>\n\n\n\n<figure class=\"wp-block-image size-full is-resized\"><img loading=\"lazy\" decoding=\"async\" width=\"800\" height=\"25\" src=\"https:\/\/www.ovigilanteonline.com.br\/site\/wp-content\/uploads\/2026\/09\/SERGINHO-FEED-INSTAGRAM.jpg\" alt=\"\" class=\"wp-image-456537\" style=\"aspect-ratio:32.019387116948096;width:836px;height:auto\" srcset=\"https:\/\/www.ovigilanteonline.com.br\/site\/wp-content\/uploads\/2026\/09\/SERGINHO-FEED-INSTAGRAM.jpg 800w, https:\/\/www.ovigilanteonline.com.br\/site\/wp-content\/uploads\/2026\/09\/SERGINHO-FEED-INSTAGRAM-300x9.jpg 300w, https:\/\/www.ovigilanteonline.com.br\/site\/wp-content\/uploads\/2026\/09\/SERGINHO-FEED-INSTAGRAM-768x24.jpg 768w\" sizes=\"auto, (max-width: 800px) 100vw, 800px\" \/><\/figure>\n\n\n\n<h2 class=\"wp-block-heading\">Em setembro<\/h2>\n\n\n\n<p class=\"wp-block-paragraph\">Vem a\u00ed a 2\u00aa edi\u00e7\u00e3o da Revista Times da Mata. Dentro do quadro, a hist\u00f3ria do Ideal de Recreio. A cole\u00e7\u00e3o completa ter\u00e1 10 edi\u00e7\u00f5es. Confiram a entrevista deste colunista e Henrique Frade realizada nesta segunda-feira, 31 de agosto, no POD V, o podcast do jornal O Vigilante Online.<\/p>\n\n\n\n<figure class=\"wp-block-image size-full is-resized\"><img loading=\"lazy\" decoding=\"async\" width=\"800\" height=\"25\" src=\"https:\/\/www.ovigilanteonline.com.br\/site\/wp-content\/uploads\/2026\/09\/SERGINHO-FEED-INSTAGRAM.jpg\" alt=\"\" class=\"wp-image-456537\" style=\"aspect-ratio:32.019387116948096;width:836px;height:auto\" srcset=\"https:\/\/www.ovigilanteonline.com.br\/site\/wp-content\/uploads\/2026\/09\/SERGINHO-FEED-INSTAGRAM.jpg 800w, https:\/\/www.ovigilanteonline.com.br\/site\/wp-content\/uploads\/2026\/09\/SERGINHO-FEED-INSTAGRAM-300x9.jpg 300w, https:\/\/www.ovigilanteonline.com.br\/site\/wp-content\/uploads\/2026\/09\/SERGINHO-FEED-INSTAGRAM-768x24.jpg 768w\" sizes=\"auto, (max-width: 800px) 100vw, 800px\" \/><\/figure>\n\n\n\n<h2 class=\"wp-block-heading\">Happy Hour<\/h2>\n\n\n\n<p class=\"wp-block-paragraph\">O m\u00e9dico recreense Dr. Oninho e sua esposa Mari\u00e2ngela, durante bate-papo com este colunista, em Leopoldina.<\/p>\n\n\n\n<figure class=\"wp-block-image size-large\"><img loading=\"lazy\" decoding=\"async\" width=\"1024\" height=\"599\" src=\"https:\/\/www.ovigilanteonline.com.br\/site\/wp-content\/uploads\/2026\/09\/WhatsApp-Image-2026-09-01-at-22.10.09-1024x599.jpeg\" alt=\"\" class=\"wp-image-456523\" srcset=\"https:\/\/www.ovigilanteonline.com.br\/site\/wp-content\/uploads\/2026\/09\/WhatsApp-Image-2026-09-01-at-22.10.09-1024x599.jpeg 1024w, https:\/\/www.ovigilanteonline.com.br\/site\/wp-content\/uploads\/2026\/09\/WhatsApp-Image-2026-09-01-at-22.10.09-300x175.jpeg 300w, https:\/\/www.ovigilanteonline.com.br\/site\/wp-content\/uploads\/2026\/09\/WhatsApp-Image-2026-09-01-at-22.10.09-768x449.jpeg 768w, https:\/\/www.ovigilanteonline.com.br\/site\/wp-content\/uploads\/2026\/09\/WhatsApp-Image-2026-09-01-at-22.10.09.jpeg 1319w\" sizes=\"auto, (max-width: 1024px) 100vw, 1024px\" \/><\/figure>\n\n\n\n<figure class=\"wp-block-image size-large\"><img loading=\"lazy\" decoding=\"async\" width=\"1024\" height=\"560\" src=\"https:\/\/www.ovigilanteonline.com.br\/site\/wp-content\/uploads\/2026\/09\/WhatsApp-Image-2026-09-01-at-22.10.11-1024x560.jpeg\" alt=\"\" class=\"wp-image-456524\" srcset=\"https:\/\/www.ovigilanteonline.com.br\/site\/wp-content\/uploads\/2026\/09\/WhatsApp-Image-2026-09-01-at-22.10.11-1024x560.jpeg 1024w, https:\/\/www.ovigilanteonline.com.br\/site\/wp-content\/uploads\/2026\/09\/WhatsApp-Image-2026-09-01-at-22.10.11-300x164.jpeg 300w, https:\/\/www.ovigilanteonline.com.br\/site\/wp-content\/uploads\/2026\/09\/WhatsApp-Image-2026-09-01-at-22.10.11-768x420.jpeg 768w, https:\/\/www.ovigilanteonline.com.br\/site\/wp-content\/uploads\/2026\/09\/WhatsApp-Image-2026-09-01-at-22.10.11.jpeg 1200w\" sizes=\"auto, (max-width: 1024px) 100vw, 1024px\" \/><\/figure>\n\n\n\n<figure class=\"wp-block-image size-full is-resized\"><img loading=\"lazy\" decoding=\"async\" width=\"800\" height=\"25\" src=\"https:\/\/www.ovigilanteonline.com.br\/site\/wp-content\/uploads\/2026\/09\/SERGINHO-FEED-INSTAGRAM.jpg\" alt=\"\" class=\"wp-image-456537\" style=\"aspect-ratio:32.019387116948096;width:836px;height:auto\" srcset=\"https:\/\/www.ovigilanteonline.com.br\/site\/wp-content\/uploads\/2026\/09\/SERGINHO-FEED-INSTAGRAM.jpg 800w, https:\/\/www.ovigilanteonline.com.br\/site\/wp-content\/uploads\/2026\/09\/SERGINHO-FEED-INSTAGRAM-300x9.jpg 300w, https:\/\/www.ovigilanteonline.com.br\/site\/wp-content\/uploads\/2026\/09\/SERGINHO-FEED-INSTAGRAM-768x24.jpg 768w\" sizes=\"auto, (max-width: 800px) 100vw, 800px\" \/><\/figure>\n\n\n\n<h2 class=\"wp-block-heading\">Direto da Irlanda<\/h2>\n\n\n\n<p class=\"wp-block-paragraph\">O leopoldinense Rubinho Ramos est\u00e1 em Dublin, na Irlanda, onde passa temporada em visita ao filho Hugo e a nora Pamila, pais de Jos\u00e9 Manoel, neto que Rubinho ainda n\u00e3o conhecia.<\/p>\n\n\n\n<figure class=\"wp-block-gallery has-nested-images columns-default is-cropped wp-block-gallery-6 is-layout-flex wp-block-gallery-is-layout-flex\">\n<figure class=\"wp-block-image size-large\"><img loading=\"lazy\" decoding=\"async\" width=\"775\" height=\"791\" data-id=\"456525\" src=\"https:\/\/www.ovigilanteonline.com.br\/site\/wp-content\/uploads\/2026\/09\/WhatsApp-Image-2026-09-01-at-22.10.44.jpeg\" alt=\"\" class=\"wp-image-456525\" srcset=\"https:\/\/www.ovigilanteonline.com.br\/site\/wp-content\/uploads\/2026\/09\/WhatsApp-Image-2026-09-01-at-22.10.44.jpeg 775w, https:\/\/www.ovigilanteonline.com.br\/site\/wp-content\/uploads\/2026\/09\/WhatsApp-Image-2026-09-01-at-22.10.44-294x300.jpeg 294w, https:\/\/www.ovigilanteonline.com.br\/site\/wp-content\/uploads\/2026\/09\/WhatsApp-Image-2026-09-01-at-22.10.44-768x784.jpeg 768w\" sizes=\"auto, (max-width: 775px) 100vw, 775px\" \/><\/figure>\n\n\n\n<figure class=\"wp-block-image size-large\"><img loading=\"lazy\" decoding=\"async\" width=\"768\" height=\"1024\" data-id=\"456526\" src=\"https:\/\/www.ovigilanteonline.com.br\/site\/wp-content\/uploads\/2026\/09\/WhatsApp-Image-2026-09-01-at-22.10.57-768x1024.jpeg\" alt=\"\" class=\"wp-image-456526\" srcset=\"https:\/\/www.ovigilanteonline.com.br\/site\/wp-content\/uploads\/2026\/09\/WhatsApp-Image-2026-09-01-at-22.10.57-768x1024.jpeg 768w, https:\/\/www.ovigilanteonline.com.br\/site\/wp-content\/uploads\/2026\/09\/WhatsApp-Image-2026-09-01-at-22.10.57-225x300.jpeg 225w, https:\/\/www.ovigilanteonline.com.br\/site\/wp-content\/uploads\/2026\/09\/WhatsApp-Image-2026-09-01-at-22.10.57-1152x1536.jpeg 1152w, https:\/\/www.ovigilanteonline.com.br\/site\/wp-content\/uploads\/2026\/09\/WhatsApp-Image-2026-09-01-at-22.10.57.jpeg 1200w\" sizes=\"auto, (max-width: 768px) 100vw, 768px\" \/><\/figure>\n<\/figure>\n\n\n\n<p class=\"wp-block-paragraph\">Solicitado pela nossa Reda\u00e7\u00e3o para publicarmos algumas fotos de sua presen\u00e7a na Irlanda, Rubinho nos enviou algumas imagens, que apresentamos ao nosso p\u00fablico.<\/p>\n\n\n\n<figure class=\"wp-block-gallery has-nested-images columns-default is-cropped wp-block-gallery-7 is-layout-flex wp-block-gallery-is-layout-flex\">\n<figure class=\"wp-block-image size-large\"><img loading=\"lazy\" decoding=\"async\" width=\"890\" height=\"912\" data-id=\"456528\" src=\"https:\/\/www.ovigilanteonline.com.br\/site\/wp-content\/uploads\/2026\/09\/WhatsApp-Image-2026-09-01-at-22.11.34.jpeg\" alt=\"\" class=\"wp-image-456528\" srcset=\"https:\/\/www.ovigilanteonline.com.br\/site\/wp-content\/uploads\/2026\/09\/WhatsApp-Image-2026-09-01-at-22.11.34.jpeg 890w, https:\/\/www.ovigilanteonline.com.br\/site\/wp-content\/uploads\/2026\/09\/WhatsApp-Image-2026-09-01-at-22.11.34-293x300.jpeg 293w, https:\/\/www.ovigilanteonline.com.br\/site\/wp-content\/uploads\/2026\/09\/WhatsApp-Image-2026-09-01-at-22.11.34-768x787.jpeg 768w\" sizes=\"auto, (max-width: 890px) 100vw, 890px\" \/><\/figure>\n\n\n\n<figure class=\"wp-block-image size-large\"><img loading=\"lazy\" decoding=\"async\" width=\"827\" height=\"714\" data-id=\"456529\" src=\"https:\/\/www.ovigilanteonline.com.br\/site\/wp-content\/uploads\/2026\/09\/WhatsApp-Image-2026-09-01-at-22.11.49.jpeg\" alt=\"\" class=\"wp-image-456529\" srcset=\"https:\/\/www.ovigilanteonline.com.br\/site\/wp-content\/uploads\/2026\/09\/WhatsApp-Image-2026-09-01-at-22.11.49.jpeg 827w, https:\/\/www.ovigilanteonline.com.br\/site\/wp-content\/uploads\/2026\/09\/WhatsApp-Image-2026-09-01-at-22.11.49-300x259.jpeg 300w, https:\/\/www.ovigilanteonline.com.br\/site\/wp-content\/uploads\/2026\/09\/WhatsApp-Image-2026-09-01-at-22.11.49-768x663.jpeg 768w\" sizes=\"auto, (max-width: 827px) 100vw, 827px\" \/><\/figure>\n\n\n\n<figure class=\"wp-block-image size-large\"><img loading=\"lazy\" decoding=\"async\" width=\"960\" height=\"930\" data-id=\"456530\" src=\"https:\/\/www.ovigilanteonline.com.br\/site\/wp-content\/uploads\/2026\/09\/WhatsApp-Image-2026-09-01-at-22.12.04.jpeg\" alt=\"\" class=\"wp-image-456530\" srcset=\"https:\/\/www.ovigilanteonline.com.br\/site\/wp-content\/uploads\/2026\/09\/WhatsApp-Image-2026-09-01-at-22.12.04.jpeg 960w, https:\/\/www.ovigilanteonline.com.br\/site\/wp-content\/uploads\/2026\/09\/WhatsApp-Image-2026-09-01-at-22.12.04-300x291.jpeg 300w, https:\/\/www.ovigilanteonline.com.br\/site\/wp-content\/uploads\/2026\/09\/WhatsApp-Image-2026-09-01-at-22.12.04-768x744.jpeg 768w\" sizes=\"auto, (max-width: 960px) 100vw, 960px\" \/><\/figure>\n<\/figure>\n\n\n\n<p class=\"wp-block-paragraph\">Em alguns postes nas ruas de Dublin as flores, muito bonitas, fazem parte da paisagem local.<\/p>\n\n\n\n<p class=\"wp-block-paragraph\">Parab\u00e9ns ao vov\u00f4 Rubinho e aos papais Jos\u00e9 Manoel e Pamila. Tudo de bom para o pequeno Jos\u00e9 Manoel, s\u00e3o os votos da Coluna. Em tempo: Tamb\u00e9m residem na Irlanda o filho Lauro, a nora Karina e Murilo, neto e maior amigo do Rubinho. Nosso conterr\u00e2neo retorna ao Brasil em 22 de setembro.<\/p>\n\n\n\n<figure class=\"wp-block-image size-full is-resized\"><img loading=\"lazy\" decoding=\"async\" width=\"800\" height=\"25\" src=\"https:\/\/www.ovigilanteonline.com.br\/site\/wp-content\/uploads\/2026\/09\/SERGINHO-FEED-INSTAGRAM.jpg\" alt=\"\" class=\"wp-image-456537\" style=\"aspect-ratio:32.019387116948096;width:836px;height:auto\" srcset=\"https:\/\/www.ovigilanteonline.com.br\/site\/wp-content\/uploads\/2026\/09\/SERGINHO-FEED-INSTAGRAM.jpg 800w, https:\/\/www.ovigilanteonline.com.br\/site\/wp-content\/uploads\/2026\/09\/SERGINHO-FEED-INSTAGRAM-300x9.jpg 300w, https:\/\/www.ovigilanteonline.com.br\/site\/wp-content\/uploads\/2026\/09\/SERGINHO-FEED-INSTAGRAM-768x24.jpg 768w\" sizes=\"auto, (max-width: 800px) 100vw, 800px\" \/><\/figure>\n\n\n\n<figure class=\"wp-block-image size-full is-resized\"><a href=\"https:\/\/www.instagram.com\/curtastone\/\" target=\"_blank\" rel=\" noopener\"><img loading=\"lazy\" decoding=\"async\" width=\"648\" height=\"116\" src=\"https:\/\/www.ovigilanteonline.com.br\/site\/wp-content\/uploads\/2026\/09\/image-2.png\" alt=\"\" class=\"wp-image-456545\" style=\"aspect-ratio:5.5868247339350665;width:840px;height:auto\" srcset=\"https:\/\/www.ovigilanteonline.com.br\/site\/wp-content\/uploads\/2026\/09\/image-2.png 648w, https:\/\/www.ovigilanteonline.com.br\/site\/wp-content\/uploads\/2026\/09\/image-2-300x54.png 300w\" sizes=\"auto, (max-width: 648px) 100vw, 648px\" \/><\/a><\/figure>\n\n\n\n<figure class=\"wp-block-gallery has-nested-images columns-default is-cropped wp-block-gallery-8 is-layout-flex wp-block-gallery-is-layout-flex\">\n<figure class=\"wp-block-image size-full\"><img loading=\"lazy\" decoding=\"async\" width=\"500\" height=\"500\" data-id=\"456542\" src=\"https:\/\/www.ovigilanteonline.com.br\/site\/wp-content\/uploads\/2026\/09\/titas-stone.jpg\" alt=\"\" class=\"wp-image-456542\" srcset=\"https:\/\/www.ovigilanteonline.com.br\/site\/wp-content\/uploads\/2026\/09\/titas-stone.jpg 500w, https:\/\/www.ovigilanteonline.com.br\/site\/wp-content\/uploads\/2026\/09\/titas-stone-150x150.jpg 150w, https:\/\/www.ovigilanteonline.com.br\/site\/wp-content\/uploads\/2026\/09\/titas-stone-300x300.jpg 300w\" sizes=\"auto, (max-width: 500px) 100vw, 500px\" \/><\/figure>\n\n\n\n<figure class=\"wp-block-image size-large\"><img loading=\"lazy\" decoding=\"async\" width=\"819\" height=\"1024\" data-id=\"456544\" src=\"https:\/\/www.ovigilanteonline.com.br\/site\/wp-content\/uploads\/2026\/09\/SaveClip.App_758590981_18363552229242544_7997131448465670080_n-819x1024.jpg\" alt=\"\" class=\"wp-image-456544\" srcset=\"https:\/\/www.ovigilanteonline.com.br\/site\/wp-content\/uploads\/2026\/09\/SaveClip.App_758590981_18363552229242544_7997131448465670080_n-819x1024.jpg 819w, https:\/\/www.ovigilanteonline.com.br\/site\/wp-content\/uploads\/2026\/09\/SaveClip.App_758590981_18363552229242544_7997131448465670080_n-240x300.jpg 240w, https:\/\/www.ovigilanteonline.com.br\/site\/wp-content\/uploads\/2026\/09\/SaveClip.App_758590981_18363552229242544_7997131448465670080_n-1228x1536.jpg 1228w, https:\/\/www.ovigilanteonline.com.br\/site\/wp-content\/uploads\/2026\/09\/SaveClip.App_758590981_18363552229242544_7997131448465670080_n-768x960.jpg 768w, https:\/\/www.ovigilanteonline.com.br\/site\/wp-content\/uploads\/2026\/09\/SaveClip.App_758590981_18363552229242544_7997131448465670080_n.jpg 1350w\" sizes=\"auto, (max-width: 819px) 100vw, 819px\" \/><\/figure>\n\n\n\n<figure class=\"wp-block-image size-large\"><img loading=\"lazy\" decoding=\"async\" width=\"819\" height=\"1024\" data-id=\"456543\" src=\"https:\/\/www.ovigilanteonline.com.br\/site\/wp-content\/uploads\/2026\/09\/SaveClip.App_764358184_18364537372242544_116000378354987940_n-819x1024.jpg\" alt=\"\" class=\"wp-image-456543\" srcset=\"https:\/\/www.ovigilanteonline.com.br\/site\/wp-content\/uploads\/2026\/09\/SaveClip.App_764358184_18364537372242544_116000378354987940_n-819x1024.jpg 819w, https:\/\/www.ovigilanteonline.com.br\/site\/wp-content\/uploads\/2026\/09\/SaveClip.App_764358184_18364537372242544_116000378354987940_n-240x300.jpg 240w, https:\/\/www.ovigilanteonline.com.br\/site\/wp-content\/uploads\/2026\/09\/SaveClip.App_764358184_18364537372242544_116000378354987940_n-768x960.jpg 768w, https:\/\/www.ovigilanteonline.com.br\/site\/wp-content\/uploads\/2026\/09\/SaveClip.App_764358184_18364537372242544_116000378354987940_n-1229x1536.jpg 1229w, https:\/\/www.ovigilanteonline.com.br\/site\/wp-content\/uploads\/2026\/09\/SaveClip.App_764358184_18364537372242544_116000378354987940_n.jpg 1280w\" sizes=\"auto, (max-width: 819px) 100vw, 819px\" \/><\/figure>\n<\/figure>\n\n\n\n<figure class=\"wp-block-image size-full is-resized\"><img loading=\"lazy\" decoding=\"async\" width=\"800\" height=\"25\" src=\"https:\/\/www.ovigilanteonline.com.br\/site\/wp-content\/uploads\/2026\/09\/SERGINHO-FEED-INSTAGRAM.jpg\" alt=\"\" class=\"wp-image-456537\" style=\"aspect-ratio:32.019387116948096;width:836px;height:auto\" srcset=\"https:\/\/www.ovigilanteonline.com.br\/site\/wp-content\/uploads\/2026\/09\/SERGINHO-FEED-INSTAGRAM.jpg 800w, https:\/\/www.ovigilanteonline.com.br\/site\/wp-content\/uploads\/2026\/09\/SERGINHO-FEED-INSTAGRAM-300x9.jpg 300w, https:\/\/www.ovigilanteonline.com.br\/site\/wp-content\/uploads\/2026\/09\/SERGINHO-FEED-INSTAGRAM-768x24.jpg 768w\" sizes=\"auto, (max-width: 800px) 100vw, 800px\" \/><\/figure>\n\n\n\n<h2 class=\"wp-block-heading\">Nota de Pesar<\/h2>\n\n\n\n<p class=\"wp-block-paragraph\">Faleceu na semana anterior, em Argirita, a Sra. Maria das Dores do Carmo Furtado (Dona Dorinha), 88 anos. \u00c0s filhas Rosa Luiza, Silvana e Rovana, aos seis netos, uma bisneta e demais familiares, as condol\u00eancias da Coluna.<\/p>\n\n\n\n<figure class=\"wp-block-image size-full\"><img loading=\"lazy\" decoding=\"async\" width=\"762\" height=\"780\" src=\"https:\/\/www.ovigilanteonline.com.br\/site\/wp-content\/uploads\/2026\/09\/WhatsApp-Image-2026-09-01-at-22.15.01.jpeg\" alt=\"\" class=\"wp-image-456531\" srcset=\"https:\/\/www.ovigilanteonline.com.br\/site\/wp-content\/uploads\/2026\/09\/WhatsApp-Image-2026-09-01-at-22.15.01.jpeg 762w, https:\/\/www.ovigilanteonline.com.br\/site\/wp-content\/uploads\/2026\/09\/WhatsApp-Image-2026-09-01-at-22.15.01-293x300.jpeg 293w\" sizes=\"auto, (max-width: 762px) 100vw, 762px\" \/><\/figure>\n\n\n\n<figure class=\"wp-block-image size-full is-resized\"><img loading=\"lazy\" decoding=\"async\" width=\"800\" height=\"25\" src=\"https:\/\/www.ovigilanteonline.com.br\/site\/wp-content\/uploads\/2026\/09\/SERGINHO-FEED-INSTAGRAM.jpg\" alt=\"\" class=\"wp-image-456537\" style=\"aspect-ratio:32.019387116948096;width:836px;height:auto\" srcset=\"https:\/\/www.ovigilanteonline.com.br\/site\/wp-content\/uploads\/2026\/09\/SERGINHO-FEED-INSTAGRAM.jpg 800w, https:\/\/www.ovigilanteonline.com.br\/site\/wp-content\/uploads\/2026\/09\/SERGINHO-FEED-INSTAGRAM-300x9.jpg 300w, https:\/\/www.ovigilanteonline.com.br\/site\/wp-content\/uploads\/2026\/09\/SERGINHO-FEED-INSTAGRAM-768x24.jpg 768w\" sizes=\"auto, (max-width: 800px) 100vw, 800px\" \/><\/figure>\n\n\n\n<p class=\"wp-block-paragraph\">Ser livre n\u00e3o \u00e9 apenas se livrar das pr\u00f3prias correntes, mas viver de uma forma que respeite e aprimore a liberdade dos outros.&#8221; (Nelson Mandela). <\/p>\n\n\n\n<p class=\"wp-block-paragraph\">Com este pensamento, conclu\u00edmos esta edi\u00e7\u00e3o da Coluna Click &amp; Destaque. Muito obrigado pela aten\u00e7\u00e3o que sempre nos dispensam. Um m\u00eas de setembro aben\u00e7oado para todas as maninhas e maninhos, de Leopoldina, da regi\u00e3o, do Brasil e do mundo. Valeu.<\/p>\n\n\n\n<figure class=\"wp-block-image size-full is-resized\"><img loading=\"lazy\" decoding=\"async\" width=\"800\" height=\"25\" src=\"https:\/\/www.ovigilanteonline.com.br\/site\/wp-content\/uploads\/2026\/09\/SERGINHO-FEED-INSTAGRAM.jpg\" alt=\"\" class=\"wp-image-456537\" style=\"aspect-ratio:32.019387116948096;width:836px;height:auto\" srcset=\"https:\/\/www.ovigilanteonline.com.br\/site\/wp-content\/uploads\/2026\/09\/SERGINHO-FEED-INSTAGRAM.jpg 800w, https:\/\/www.ovigilanteonline.com.br\/site\/wp-content\/uploads\/2026\/09\/SERGINHO-FEED-INSTAGRAM-300x9.jpg 300w, https:\/\/www.ovigilanteonline.com.br\/site\/wp-content\/uploads\/2026\/09\/SERGINHO-FEED-INSTAGRAM-768x24.jpg 768w\" sizes=\"auto, (max-width: 800px) 100vw, 800px\" \/><\/figure>\n\n\n<div id=\"ovigi-1403558527\"><p><!-- wp:paragraph {\"align\":\"center\",\"fontSize\":\"small\"} --><\/p>\n<p class=\"has-text-align-center has-small-font-size\" style=\"text-align: center;\">PUBLICIDADE<\/p>\n<hr \/>\n<p><!-- \/wp:paragraph --><\/p>\n<div class=\"wp-block-columns\">\n<div class=\"wp-block-column\">\n<figure class=\"wp-block-image size-full is-resized\"><a href=\"https:\/\/www.instagram.com\/unimedleopoldina241\/\" target=\"_blank\" rel=\" noreferrer noopener\"><img loading=\"lazy\" decoding=\"async\" class=\"wp-image-455236\" src=\"https:\/\/www.ovigilanteonline.com.br\/site\/wp-content\/uploads\/2026\/08\/unimed-materias.jpg\" alt=\"\" width=\"371\" height=\"371\" \/> \u00a0 \u00a0<\/a><a href=\"https:\/\/vest.sudamerica.edu.br\/vest-2026-2\" target=\"_blank\" rel=\" noreferrer noopener\"><img loading=\"lazy\" decoding=\"async\" class=\"wp-image-453120\" src=\"https:\/\/www.ovigilanteonline.com.br\/site\/wp-content\/uploads\/2026\/08\/sudamerica-materias.jpg\" alt=\"\" width=\"379\" height=\"370\" \/><\/a><\/p>\n<hr \/>\n<\/figure>\n<\/div>\n<\/div>\n<p><!-- \/wp:separator --><\/p>\n<\/div>\n\n\n<p class=\"wp-block-paragraph\"><\/p>\n","protected":false},"excerpt":{"rendered":"<p>Bom dia, boa tarde e boa noite maninhas e maninhos. Um agosto recheado de acontecimentos marca mais uma Coluna, feita com todo nosso carinho. Que seja bem-vindo setembro, trazendo boas energias e muitas not\u00edcias sociais. Tributo ao Rei do Pop Dia 22 de agosto a Stone House trouxe para Lel\u00ea o espet\u00e1culo \u201cTributo ao Rei [&hellip;]<\/p>\n","protected":false},"author":2,"featured_media":456555,"comment_status":"open","ping_status":"closed","sticky":false,"template":"","format":"standard","meta":{"footnotes":""},"categories":[11,26],"tags":[],"class_list":["post-456479","post","type-post","status-publish","format-standard","has-post-thumbnail","hentry","category-leopoldina","category-ultimas-noticias"],"yoast_head":"<!-- This site is optimized with the Yoast SEO plugin v28.3 - https:\/\/yoast.com\/product\/yoast-seo-wordpress\/ -->\n<title>Coluna \u2018Click &amp; Destaque\u2019 com Serginho Fran\u00e7a | 2 de Setembro de 2026<\/title>\n<meta name=\"robots\" content=\"index, follow, max-snippet:-1, max-image-preview:large, max-video-preview:-1\" \/>\n<link rel=\"canonical\" href=\"https:\/\/www.ovigilanteonline.com.br\/site\/2026\/09\/02\/coluna-click-destaque-com-serginho-franca-2-de-setembro-de-2026\/\" \/>\n<meta property=\"og:locale\" content=\"pt_BR\" \/>\n<meta property=\"og:type\" content=\"article\" \/>\n<meta property=\"og:title\" content=\"Coluna \u2018Click &amp; Destaque\u2019 com Serginho Fran\u00e7a | 2 de Setembro de 2026\" \/>\n<meta property=\"og:description\" content=\"Bom dia, boa tarde e boa noite maninhas e maninhos. Um agosto recheado de acontecimentos marca mais uma Coluna, feita com todo nosso carinho. Que seja bem-vindo setembro, trazendo boas energias e muitas not\u00edcias sociais. Tributo ao Rei do Pop Dia 22 de agosto a Stone House trouxe para Lel\u00ea o espet\u00e1culo \u201cTributo ao Rei [&hellip;]\" \/>\n<meta property=\"og:url\" content=\"https:\/\/www.ovigilanteonline.com.br\/site\/2026\/09\/02\/coluna-click-destaque-com-serginho-franca-2-de-setembro-de-2026\/\" \/>\n<meta property=\"og:site_name\" content=\"O VIGILANTE ONLINE\" \/>\n<meta property=\"article:publisher\" content=\"https:\/\/www.facebook.com\/ovigilanteonline\" \/>\n<meta property=\"article:published_time\" content=\"2026-09-02T12:30:23+00:00\" \/>\n<meta property=\"article:modified_time\" content=\"2026-09-02T17:47:52+00:00\" \/>\n<meta property=\"og:image\" content=\"https:\/\/www.ovigilanteonline.com.br\/site\/wp-content\/uploads\/2026\/09\/CAPA-SITE-SERGINHO.png\" \/>\n\t<meta property=\"og:image:width\" content=\"900\" \/>\n\t<meta property=\"og:image:height\" content=\"600\" \/>\n\t<meta property=\"og:image:type\" content=\"image\/png\" \/>\n<meta name=\"author\" content=\"Jornalismo\" \/>\n<meta name=\"twitter:card\" content=\"summary_large_image\" \/>\n<meta name=\"twitter:label1\" content=\"Escrito por\" \/>\n\t<meta name=\"twitter:data1\" content=\"Jornalismo\" \/>\n\t<meta name=\"twitter:label2\" content=\"Est. tempo de leitura\" \/>\n\t<meta name=\"twitter:data2\" content=\"26 minutos\" \/>\n<script type=\"application\/ld+json\" class=\"yoast-schema-graph\">{\"@context\":\"https:\\\/\\\/schema.org\",\"@graph\":[{\"@type\":\"Article\",\"@id\":\"https:\\\/\\\/www.ovigilanteonline.com.br\\\/site\\\/2026\\\/09\\\/02\\\/coluna-click-destaque-com-serginho-franca-2-de-setembro-de-2026\\\/#article\",\"isPartOf\":{\"@id\":\"https:\\\/\\\/www.ovigilanteonline.com.br\\\/site\\\/2026\\\/09\\\/02\\\/coluna-click-destaque-com-serginho-franca-2-de-setembro-de-2026\\\/\"},\"author\":{\"name\":\"Jornalismo\",\"@id\":\"https:\\\/\\\/www.ovigilanteonline.com.br\\\/site\\\/#\\\/schema\\\/person\\\/538fdfb33c0c411cd14a732e7cf14aa6\"},\"headline\":\"Coluna \u2018Click &amp; Destaque\u2019 com Serginho Fran\u00e7a | 2 de Setembro de 2026\",\"datePublished\":\"2026-09-02T12:30:23+00:00\",\"dateModified\":\"2026-09-02T17:47:52+00:00\",\"mainEntityOfPage\":{\"@id\":\"https:\\\/\\\/www.ovigilanteonline.com.br\\\/site\\\/2026\\\/09\\\/02\\\/coluna-click-destaque-com-serginho-franca-2-de-setembro-de-2026\\\/\"},\"wordCount\":1676,\"commentCount\":0,\"image\":{\"@id\":\"https:\\\/\\\/www.ovigilanteonline.com.br\\\/site\\\/2026\\\/09\\\/02\\\/coluna-click-destaque-com-serginho-franca-2-de-setembro-de-2026\\\/#primaryimage\"},\"thumbnailUrl\":\"https:\\\/\\\/www.ovigilanteonline.com.br\\\/site\\\/wp-content\\\/uploads\\\/2026\\\/09\\\/CAPA-SITE-SERGINHO.png\",\"articleSection\":[\"Leopoldina\",\"\u00daltimas Not\u00edcias\"],\"inLanguage\":\"pt-BR\",\"potentialAction\":[{\"@type\":\"CommentAction\",\"name\":\"Comment\",\"target\":[\"https:\\\/\\\/www.ovigilanteonline.com.br\\\/site\\\/2026\\\/09\\\/02\\\/coluna-click-destaque-com-serginho-franca-2-de-setembro-de-2026\\\/#respond\"]}]},{\"@type\":\"WebPage\",\"@id\":\"https:\\\/\\\/www.ovigilanteonline.com.br\\\/site\\\/2026\\\/09\\\/02\\\/coluna-click-destaque-com-serginho-franca-2-de-setembro-de-2026\\\/\",\"url\":\"https:\\\/\\\/www.ovigilanteonline.com.br\\\/site\\\/2026\\\/09\\\/02\\\/coluna-click-destaque-com-serginho-franca-2-de-setembro-de-2026\\\/\",\"name\":\"Coluna \u2018Click &amp; Destaque\u2019 com Serginho Fran\u00e7a | 2 de Setembro de 2026\",\"isPartOf\":{\"@id\":\"https:\\\/\\\/www.ovigilanteonline.com.br\\\/site\\\/#website\"},\"primaryImageOfPage\":{\"@id\":\"https:\\\/\\\/www.ovigilanteonline.com.br\\\/site\\\/2026\\\/09\\\/02\\\/coluna-click-destaque-com-serginho-franca-2-de-setembro-de-2026\\\/#primaryimage\"},\"image\":{\"@id\":\"https:\\\/\\\/www.ovigilanteonline.com.br\\\/site\\\/2026\\\/09\\\/02\\\/coluna-click-destaque-com-serginho-franca-2-de-setembro-de-2026\\\/#primaryimage\"},\"thumbnailUrl\":\"https:\\\/\\\/www.ovigilanteonline.com.br\\\/site\\\/wp-content\\\/uploads\\\/2026\\\/09\\\/CAPA-SITE-SERGINHO.png\",\"datePublished\":\"2026-09-02T12:30:23+00:00\",\"dateModified\":\"2026-09-02T17:47:52+00:00\",\"author\":{\"@id\":\"https:\\\/\\\/www.ovigilanteonline.com.br\\\/site\\\/#\\\/schema\\\/person\\\/538fdfb33c0c411cd14a732e7cf14aa6\"},\"breadcrumb\":{\"@id\":\"https:\\\/\\\/www.ovigilanteonline.com.br\\\/site\\\/2026\\\/09\\\/02\\\/coluna-click-destaque-com-serginho-franca-2-de-setembro-de-2026\\\/#breadcrumb\"},\"inLanguage\":\"pt-BR\",\"potentialAction\":[{\"@type\":\"ReadAction\",\"target\":[\"https:\\\/\\\/www.ovigilanteonline.com.br\\\/site\\\/2026\\\/09\\\/02\\\/coluna-click-destaque-com-serginho-franca-2-de-setembro-de-2026\\\/\"]}]},{\"@type\":\"ImageObject\",\"inLanguage\":\"pt-BR\",\"@id\":\"https:\\\/\\\/www.ovigilanteonline.com.br\\\/site\\\/2026\\\/09\\\/02\\\/coluna-click-destaque-com-serginho-franca-2-de-setembro-de-2026\\\/#primaryimage\",\"url\":\"https:\\\/\\\/www.ovigilanteonline.com.br\\\/site\\\/wp-content\\\/uploads\\\/2026\\\/09\\\/CAPA-SITE-SERGINHO.png\",\"contentUrl\":\"https:\\\/\\\/www.ovigilanteonline.com.br\\\/site\\\/wp-content\\\/uploads\\\/2026\\\/09\\\/CAPA-SITE-SERGINHO.png\",\"width\":900,\"height\":600},{\"@type\":\"BreadcrumbList\",\"@id\":\"https:\\\/\\\/www.ovigilanteonline.com.br\\\/site\\\/2026\\\/09\\\/02\\\/coluna-click-destaque-com-serginho-franca-2-de-setembro-de-2026\\\/#breadcrumb\",\"itemListElement\":[{\"@type\":\"ListItem\",\"position\":1,\"name\":\"In\u00edcio\",\"item\":\"https:\\\/\\\/www.ovigilanteonline.com.br\\\/site\\\/\"},{\"@type\":\"ListItem\",\"position\":2,\"name\":\"Coluna \u2018Click &amp; Destaque\u2019 com Serginho Fran\u00e7a | 2 de Setembro de 2026\"}]},{\"@type\":\"WebSite\",\"@id\":\"https:\\\/\\\/www.ovigilanteonline.com.br\\\/site\\\/#website\",\"url\":\"https:\\\/\\\/www.ovigilanteonline.com.br\\\/site\\\/\",\"name\":\"O VIGILANTE ONLINE - Not\u00edcias de Leopoldina e regi\u00e3o\",\"description\":\"\",\"potentialAction\":[{\"@type\":\"SearchAction\",\"target\":{\"@type\":\"EntryPoint\",\"urlTemplate\":\"https:\\\/\\\/www.ovigilanteonline.com.br\\\/site\\\/?s={search_term_string}\"},\"query-input\":{\"@type\":\"PropertyValueSpecification\",\"valueRequired\":true,\"valueName\":\"search_term_string\"}}],\"inLanguage\":\"pt-BR\"},{\"@type\":\"Person\",\"@id\":\"https:\\\/\\\/www.ovigilanteonline.com.br\\\/site\\\/#\\\/schema\\\/person\\\/538fdfb33c0c411cd14a732e7cf14aa6\",\"name\":\"Jornalismo\"}]}<\/script>\n<!-- \/ Yoast SEO plugin. -->","yoast_head_json":{"title":"Coluna \u2018Click &amp; Destaque\u2019 com Serginho Fran\u00e7a | 2 de Setembro de 2026","robots":{"index":"index","follow":"follow","max-snippet":"max-snippet:-1","max-image-preview":"max-image-preview:large","max-video-preview":"max-video-preview:-1"},"canonical":"https:\/\/www.ovigilanteonline.com.br\/site\/2026\/09\/02\/coluna-click-destaque-com-serginho-franca-2-de-setembro-de-2026\/","og_locale":"pt_BR","og_type":"article","og_title":"Coluna \u2018Click &amp; Destaque\u2019 com Serginho Fran\u00e7a | 2 de Setembro de 2026","og_description":"Bom dia, boa tarde e boa noite maninhas e maninhos. Um agosto recheado de acontecimentos marca mais uma Coluna, feita com todo nosso carinho. Que seja bem-vindo setembro, trazendo boas energias e muitas not\u00edcias sociais. Tributo ao Rei do Pop Dia 22 de agosto a Stone House trouxe para Lel\u00ea o espet\u00e1culo \u201cTributo ao Rei [&hellip;]","og_url":"https:\/\/www.ovigilanteonline.com.br\/site\/2026\/09\/02\/coluna-click-destaque-com-serginho-franca-2-de-setembro-de-2026\/","og_site_name":"O VIGILANTE ONLINE","article_publisher":"https:\/\/www.facebook.com\/ovigilanteonline","article_published_time":"2026-09-02T12:30:23+00:00","article_modified_time":"2026-09-02T17:47:52+00:00","og_image":[{"width":900,"height":600,"url":"https:\/\/www.ovigilanteonline.com.br\/site\/wp-content\/uploads\/2026\/09\/CAPA-SITE-SERGINHO.png","type":"image\/png"}],"author":"Jornalismo","twitter_card":"summary_large_image","twitter_misc":{"Escrito por":"Jornalismo","Est. tempo de leitura":"26 minutos"},"schema":{"@context":"https:\/\/schema.org","@graph":[{"@type":"Article","@id":"https:\/\/www.ovigilanteonline.com.br\/site\/2026\/09\/02\/coluna-click-destaque-com-serginho-franca-2-de-setembro-de-2026\/#article","isPartOf":{"@id":"https:\/\/www.ovigilanteonline.com.br\/site\/2026\/09\/02\/coluna-click-destaque-com-serginho-franca-2-de-setembro-de-2026\/"},"author":{"name":"Jornalismo","@id":"https:\/\/www.ovigilanteonline.com.br\/site\/#\/schema\/person\/538fdfb33c0c411cd14a732e7cf14aa6"},"headline":"Coluna \u2018Click &amp; Destaque\u2019 com Serginho Fran\u00e7a | 2 de Setembro de 2026","datePublished":"2026-09-02T12:30:23+00:00","dateModified":"2026-09-02T17:47:52+00:00","mainEntityOfPage":{"@id":"https:\/\/www.ovigilanteonline.com.br\/site\/2026\/09\/02\/coluna-click-destaque-com-serginho-franca-2-de-setembro-de-2026\/"},"wordCount":1676,"commentCount":0,"image":{"@id":"https:\/\/www.ovigilanteonline.com.br\/site\/2026\/09\/02\/coluna-click-destaque-com-serginho-franca-2-de-setembro-de-2026\/#primaryimage"},"thumbnailUrl":"https:\/\/www.ovigilanteonline.com.br\/site\/wp-content\/uploads\/2026\/09\/CAPA-SITE-SERGINHO.png","articleSection":["Leopoldina","\u00daltimas Not\u00edcias"],"inLanguage":"pt-BR","potentialAction":[{"@type":"CommentAction","name":"Comment","target":["https:\/\/www.ovigilanteonline.com.br\/site\/2026\/09\/02\/coluna-click-destaque-com-serginho-franca-2-de-setembro-de-2026\/#respond"]}]},{"@type":"WebPage","@id":"https:\/\/www.ovigilanteonline.com.br\/site\/2026\/09\/02\/coluna-click-destaque-com-serginho-franca-2-de-setembro-de-2026\/","url":"https:\/\/www.ovigilanteonline.com.br\/site\/2026\/09\/02\/coluna-click-destaque-com-serginho-franca-2-de-setembro-de-2026\/","name":"Coluna \u2018Click &amp; Destaque\u2019 com Serginho Fran\u00e7a | 2 de Setembro de 2026","isPartOf":{"@id":"https:\/\/www.ovigilanteonline.com.br\/site\/#website"},"primaryImageOfPage":{"@id":"https:\/\/www.ovigilanteonline.com.br\/site\/2026\/09\/02\/coluna-click-destaque-com-serginho-franca-2-de-setembro-de-2026\/#primaryimage"},"image":{"@id":"https:\/\/www.ovigilanteonline.com.br\/site\/2026\/09\/02\/coluna-click-destaque-com-serginho-franca-2-de-setembro-de-2026\/#primaryimage"},"thumbnailUrl":"https:\/\/www.ovigilanteonline.com.br\/site\/wp-content\/uploads\/2026\/09\/CAPA-SITE-SERGINHO.png","datePublished":"2026-09-02T12:30:23+00:00","dateModified":"2026-09-02T17:47:52+00:00","author":{"@id":"https:\/\/www.ovigilanteonline.com.br\/site\/#\/schema\/person\/538fdfb33c0c411cd14a732e7cf14aa6"},"breadcrumb":{"@id":"https:\/\/www.ovigilanteonline.com.br\/site\/2026\/09\/02\/coluna-click-destaque-com-serginho-franca-2-de-setembro-de-2026\/#breadcrumb"},"inLanguage":"pt-BR","potentialAction":[{"@type":"ReadAction","target":["https:\/\/www.ovigilanteonline.com.br\/site\/2026\/09\/02\/coluna-click-destaque-com-serginho-franca-2-de-setembro-de-2026\/"]}]},{"@type":"ImageObject","inLanguage":"pt-BR","@id":"https:\/\/www.ovigilanteonline.com.br\/site\/2026\/09\/02\/coluna-click-destaque-com-serginho-franca-2-de-setembro-de-2026\/#primaryimage","url":"https:\/\/www.ovigilanteonline.com.br\/site\/wp-content\/uploads\/2026\/09\/CAPA-SITE-SERGINHO.png","contentUrl":"https:\/\/www.ovigilanteonline.com.br\/site\/wp-content\/uploads\/2026\/09\/CAPA-SITE-SERGINHO.png","width":900,"height":600},{"@type":"BreadcrumbList","@id":"https:\/\/www.ovigilanteonline.com.br\/site\/2026\/09\/02\/coluna-click-destaque-com-serginho-franca-2-de-setembro-de-2026\/#breadcrumb","itemListElement":[{"@type":"ListItem","position":1,"name":"In\u00edcio","item":"https:\/\/www.ovigilanteonline.com.br\/site\/"},{"@type":"ListItem","position":2,"name":"Coluna \u2018Click &amp; Destaque\u2019 com Serginho Fran\u00e7a | 2 de Setembro de 2026"}]},{"@type":"WebSite","@id":"https:\/\/www.ovigilanteonline.com.br\/site\/#website","url":"https:\/\/www.ovigilanteonline.com.br\/site\/","name":"O VIGILANTE ONLINE - Not\u00edcias de Leopoldina e regi\u00e3o","description":"","potentialAction":[{"@type":"SearchAction","target":{"@type":"EntryPoint","urlTemplate":"https:\/\/www.ovigilanteonline.com.br\/site\/?s={search_term_string}"},"query-input":{"@type":"PropertyValueSpecification","valueRequired":true,"valueName":"search_term_string"}}],"inLanguage":"pt-BR"},{"@type":"Person","@id":"https:\/\/www.ovigilanteonline.com.br\/site\/#\/schema\/person\/538fdfb33c0c411cd14a732e7cf14aa6","name":"Jornalismo"}]}},"cc_featured_image_caption":{"caption_text":"","source_text":"","source_url":""},"_links":{"self":[{"href":"https:\/\/www.ovigilanteonline.com.br\/site\/wp-json\/wp\/v2\/posts\/456479","targetHints":{"allow":["GET"]}}],"collection":[{"href":"https:\/\/www.ovigilanteonline.com.br\/site\/wp-json\/wp\/v2\/posts"}],"about":[{"href":"https:\/\/www.ovigilanteonline.com.br\/site\/wp-json\/wp\/v2\/types\/post"}],"author":[{"embeddable":true,"href":"https:\/\/www.ovigilanteonline.com.br\/site\/wp-json\/wp\/v2\/users\/2"}],"replies":[{"embeddable":true,"href":"https:\/\/www.ovigilanteonline.com.br\/site\/wp-json\/wp\/v2\/comments?post=456479"}],"version-history":[{"count":2,"href":"https:\/\/www.ovigilanteonline.com.br\/site\/wp-json\/wp\/v2\/posts\/456479\/revisions"}],"predecessor-version":[{"id":456571,"href":"https:\/\/www.ovigilanteonline.com.br\/site\/wp-json\/wp\/v2\/posts\/456479\/revisions\/456571"}],"wp:featuredmedia":[{"embeddable":true,"href":"https:\/\/www.ovigilanteonline.com.br\/site\/wp-json\/wp\/v2\/media\/456555"}],"wp:attachment":[{"href":"https:\/\/www.ovigilanteonline.com.br\/site\/wp-json\/wp\/v2\/media?parent=456479"}],"wp:term":[{"taxonomy":"category","embeddable":true,"href":"https:\/\/www.ovigilanteonline.com.br\/site\/wp-json\/wp\/v2\/categories?post=456479"},{"taxonomy":"post_tag","embeddable":true,"href":"https:\/\/www.ovigilanteonline.com.br\/site\/wp-json\/wp\/v2\/tags?post=456479"}],"curies":[{"name":"wp","href":"https:\/\/api.w.org\/{rel}","templated":true}]}}