{"id":456465,"date":"2026-09-01T17:39:47","date_gmt":"2026-09-01T20:39:47","guid":{"rendered":"https:\/\/www.ovigilanteonline.com.br\/site\/?p=456465"},"modified":"2026-09-01T17:39:55","modified_gmt":"2026-09-01T20:39:55","slug":"energia-solar-em-2026-o-que-muda-com-a-lei-14-300-e-o-fio-b-e-como-calcular-se-ainda-vale-a-pena-instalar","status":"publish","type":"post","link":"https:\/\/www.ovigilanteonline.com.br\/site\/2026\/09\/01\/energia-solar-em-2026-o-que-muda-com-a-lei-14-300-e-o-fio-b-e-como-calcular-se-ainda-vale-a-pena-instalar\/","title":{"rendered":"Energia Solar em 2026: o Que Muda com a Lei 14.300 e o Fio B \u2014 e Como Calcular se Ainda Vale a Pena Instalar"},"content":{"rendered":"<div id=\"ovigi-826867843\" class=\"ovigi-inicio-post-interno ovigi-entity-placement\" style=\"margin-left: auto;margin-right: auto;text-align: center;\"><a href=\"https:\/\/onelink.to\/tfjfd3?utm_source=ig&#038;utm_medium=social&#038;utm_content=link_in_bio&#038;fbclid=PAcGRvZgJleHRuA2FlbQIxMQBzcnRjBmFwcF9pZA85MzY2MTk3NDMzOTI0NTkAAacgW20vIuhakYBCxZduUBbwssdSFoAQ7exuq7BFVvR-PR9sdpzVWlAvY7yZog_aem__Bn7V7eJEMspatV_tVfmIA\" target=\"_blank\" aria-label=\"ARTE GIF\"><img decoding=\"async\" src=\"https:\/\/www.ovigilanteonline.com.br\/site\/wp-content\/uploads\/2026\/05\/ARTE-GIF.gif\" alt=\"\"    \/><\/a><\/div>\n<p class=\"wp-block-paragraph\">Em 2026, o chamado <strong>Fio B<\/strong> \u2014 a parte da tarifa de energia que remunera a rede de distribui\u00e7\u00e3o, cuja cobran\u00e7a progressiva sobre a energia solar foi criada pela <strong>Lei 14.300\/2022<\/strong> \u2014 passa a incidir sobre <strong>60% da energia solar injetada na rede<\/strong> por quem tem gera\u00e7\u00e3o distribu\u00edda, o maior percentual j\u00e1 aplicado desde que a cobran\u00e7a come\u00e7ou a ser escalonada. \u00c9 natural que isso levante a pergunta: instalar energia solar agora ainda vale a pena? A resposta curta, com todas as ressalvas de praxe, \u00e9 <strong>sim, na maioria dos casos<\/strong> \u2014 o Fio B reduz parte da economia mensal, mas n\u00e3o costuma inviabilizar o investimento, cujo retorno estimado continua girando entre <strong>3 e 7 anos<\/strong>, dependendo do consumo, do dimensionamento do sistema e da forma de pagamento escolhida.<\/p>\n\n\n\n<p class=\"wp-block-paragraph\">Este texto explica, de forma direta, o que mudou na regra em 2026, por que o momento \u00e9 diferente dos anos anteriores, como fazer a conta do payback (tempo de retorno do investimento) considerando o novo custo, e o que checar antes de fechar qualquer proposta \u2014 sem prometer economia fixa, porque cada telhado, cada consumo e cada or\u00e7amento s\u00e3o diferentes.<\/p><div id=\"ovigi-2474420487\" class=\"ovigi-conteudo_2-3 ovigi-entity-placement\"><script async src=\"\/\/pagead2.googlesyndication.com\/pagead\/js\/adsbygoogle.js?client=ca-pub-4068173061741521\" crossorigin=\"anonymous\"><\/script><ins class=\"adsbygoogle\" style=\"display:block; text-align:center;\" data-ad-client=\"ca-pub-4068173061741521\" \ndata-ad-slot=\"6460393376\" \ndata-ad-layout=\"in-article\"\ndata-ad-format=\"fluid\"><\/ins>\n<script> \n(adsbygoogle = window.adsbygoogle || []).push({}); \n<\/script>\n<\/div><div id=\"ovigi-3004582600\" class=\"ovigi-conteudo_2-2 ovigi-entity-placement\"><script async src=\"\/\/pagead2.googlesyndication.com\/pagead\/js\/adsbygoogle.js?client=ca-pub-4068173061741521\" crossorigin=\"anonymous\"><\/script><ins class=\"adsbygoogle\" style=\"display:block; text-align:center;\" data-ad-client=\"ca-pub-4068173061741521\" \ndata-ad-slot=\"6460393376\" \ndata-ad-layout=\"in-article\"\ndata-ad-format=\"fluid\"><\/ins>\n<script> \n(adsbygoogle = window.adsbygoogle || []).push({}); \n<\/script>\n<\/div><div id=\"ovigi-2172222831\" class=\"ovigi-conteudo_2 ovigi-entity-placement\"><script async src=\"\/\/pagead2.googlesyndication.com\/pagead\/js\/adsbygoogle.js?client=ca-pub-4068173061741521\" crossorigin=\"anonymous\"><\/script><ins class=\"adsbygoogle\" style=\"display:block; text-align:center;\" data-ad-client=\"ca-pub-4068173061741521\" \ndata-ad-slot=\"6460393376\" \ndata-ad-layout=\"in-article\"\ndata-ad-format=\"fluid\"><\/ins>\n<script> \n(adsbygoogle = window.adsbygoogle || []).push({}); \n<\/script>\n<\/div><div id=\"ovigi-1953494676\" class=\"ovigi-conteudo_2-4 ovigi-entity-placement\"><script async src=\"\/\/pagead2.googlesyndication.com\/pagead\/js\/adsbygoogle.js?client=ca-pub-4068173061741521\" crossorigin=\"anonymous\"><\/script><ins class=\"adsbygoogle\" style=\"display:block; text-align:center;\" data-ad-client=\"ca-pub-4068173061741521\" \ndata-ad-slot=\"6460393376\" \ndata-ad-layout=\"in-article\"\ndata-ad-format=\"fluid\"><\/ins>\n<script> \n(adsbygoogle = window.adsbygoogle || []).push({}); \n<\/script>\n<\/div>\n\n\n\n<h2 class=\"wp-block-heading\"><strong>O que \u00e9 a Lei 14.300\/2022 e o marco regulat\u00f3rio da energia solar<\/strong><\/h2>\n\n\n\n<p class=\"wp-block-paragraph\">A <a href=\"https:\/\/www.planalto.gov.br\/ccivil_03\/_ato2019-2022\/2022\/lei\/l14300.htm\">Lei 14.300, sancionada em janeiro de 2022<\/a>, criou o marco legal da micro e minigera\u00e7\u00e3o distribu\u00edda no Brasil \u2014 o nome t\u00e9cnico para os sistemas de energia solar (ou e\u00f3lica, ou outras fontes renov\u00e1veis) instalados em resid\u00eancias, com\u00e9rcios e ind\u00fastrias, que geram energia no pr\u00f3prio local de consumo. A lei consolidou em texto \u00fanico regras que antes viviam apenas em resolu\u00e7\u00f5es da ANEEL, e criou um mecanismo central para quem tem energia solar: o <strong>sistema de compensa\u00e7\u00e3o de cr\u00e9ditos<\/strong>, tamb\u00e9m chamado de <em>net metering<\/em>.<\/p>\n\n\n\n<p class=\"wp-block-paragraph\">Funciona assim: quando o sistema solar gera mais energia do que a casa consome naquele momento (normalmente durante o dia), o excedente \u00e9 injetado na rede da distribuidora \u2014 no caso de Santa Catarina, a Celesc \u2014 e vira cr\u00e9dito de energia, usado para abater o consumo em outros hor\u00e1rios ou meses, dentro da mesma \u00e1rea de concess\u00e3o. \u00c9 esse mecanismo que permite, na pr\u00e1tica, &#8220;usar a rede el\u00e9trica como uma bateria&#8221; sem precisar de baterias f\u00edsicas caras.<\/p>\n\n\n\n<p class=\"wp-block-paragraph\">O ponto central da Lei 14.300 \u2014 e o motivo de este artigo existir \u2014 \u00e9 que ela tamb\u00e9m criou uma <strong>regra de transi\u00e7\u00e3o<\/strong> para cobrar progressivamente o Fio B sobre a energia injetada, algo que antes era compensado de forma integral.<\/p>\n\n\n\n<h2 class=\"wp-block-heading\"><strong>Fio B em 2026: por que este ano \u00e9 um divisor de \u00e1guas<\/strong><\/h2>\n\n\n\n<p class=\"wp-block-paragraph\">Antes da Lei 14.300, quem tinha energia solar compensava 100% da energia injetada na rede, sem pagar a parcela do Fio B sobre ela. A lei mudou isso com um cronograma de cobran\u00e7a progressiva, que chega ao seu ponto mais alto em 2026:<\/p>\n\n\n\n<figure class=\"wp-block-table\"><table class=\"has-fixed-layout\"><thead><tr><th>Ano<\/th><th>Fio B cobrado&nbsp;<\/th><\/tr><\/thead><tbody><tr><td>2023<\/td><td>15%<\/td><\/tr><tr><td>2024<\/td><td>30%<\/td><\/tr><tr><td>2025<\/td><td>45%<\/td><\/tr><tr><td>2026<\/td><td>60%<\/td><\/tr><\/tbody><\/table><\/figure>\n\n\n\n<p class=\"wp-block-paragraph\">A trajet\u00f3ria segue subindo nos anos seguintes, em dire\u00e7\u00e3o ao fim da transi\u00e7\u00e3o prevista para <strong>2029<\/strong>, quando o Fio B deve ser cobrado sobre praticamente toda a energia injetada. Ou seja: 2026 n\u00e3o \u00e9 o teto da cobran\u00e7a, \u00e9 apenas o ponto em que ela passa a representar a maior fatia j\u00e1 aplicada at\u00e9 aqui \u2014 e a diferen\u00e7a para os pr\u00f3ximos anos tende a ser menor, em termos percentuais, do que os saltos j\u00e1 vividos entre 2023 e 2026.<\/p>\n\n\n\n<p class=\"wp-block-paragraph\">H\u00e1 um detalhe que costuma passar despercebido e que \u00e9 um fato regulat\u00f3rio real, n\u00e3o uma promo\u00e7\u00e3o: quem <strong>instalou o sistema at\u00e9 6 de janeiro de 2022<\/strong>, ou <strong>protocolou o pedido de acesso \u00e0 distribuidora at\u00e9 6 de janeiro de 2023<\/strong>, tem <strong>direito adquirido \u00e0 compensa\u00e7\u00e3o integral<\/strong> (sem Fio B) at\u00e9 <strong>2045<\/strong>. Isso significa que, para quem j\u00e1 decidiu instalar dentro desse prazo, o novo percentual de 2026 simplesmente n\u00e3o se aplica. Para quem ainda est\u00e1 decidindo, o racioc\u00ednio \u00e9 o oposto: quanto mais se adia a instala\u00e7\u00e3o, maior a fatia do Fio B que incide sobre a energia gerada dali para frente \u2014 o que \u00e9 um dado real do cronograma, n\u00e3o um argumento de venda.<\/p>\n\n\n\n<h2 class=\"wp-block-heading\"><strong>Como o Fio B entra na conta do payback<\/strong><\/h2>\n\n\n\n<p class=\"wp-block-paragraph\">O Fio B n\u00e3o \u00e9 cobrado sobre a conta de luz inteira \u2014 apenas sobre a energia que o sistema solar injeta na rede e que depois \u00e9 usada como cr\u00e9dito. Energia consumida diretamente da gera\u00e7\u00e3o pr\u00f3pria, no momento em que \u00e9 gerada (o chamado autoconsumo instant\u00e2neo), n\u00e3o passa por essa cobran\u00e7a. Por isso, sistemas bem dimensionados para o perfil de consumo da casa (por exemplo, quem usa mais energia durante o dia) sentem menos o efeito do Fio B do que sistemas que dependem muito da compensa\u00e7\u00e3o noturna.<\/p>\n\n\n\n<p class=\"wp-block-paragraph\">Para ilustrar o racioc\u00ednio \u2014 <strong>n\u00fameros meramente exemplificativos, sem valor de proposta real<\/strong> \u2014 imagine uma resid\u00eancia que gastava, antes da instala\u00e7\u00e3o, cerca de R$ 450 por m\u00eas em energia. Um sistema solar bem dimensionado para esse consumo tende a reduzir essa conta para pr\u00f3ximo da tarifa m\u00ednima cobrada pela distribuidora, mesmo com o Fio B incidindo sobre parte da energia injetada. A diferen\u00e7a entre pagar 15% de Fio B (como em 2023) e 60% (como em 2026) reduz a economia mensal, mas normalmente ainda mant\u00e9m a conta muito abaixo do valor pago sem o sistema \u2014 o que preserva o investimento dentro da faixa de retorno estimada em 3 a 7 anos, sem garantir um n\u00famero fixo, porque isso depende do valor investido, da forma de pagamento e do perfil real de consumo de cada resid\u00eancia ou empresa.<\/p>\n\n\n\n<p class=\"wp-block-paragraph\">Em resumo: o Fio B em 60% torna o payback um pouco mais longo do que seria em 2023, mas a queda de rendimento tende a ser gradual, n\u00e3o abrupta \u2014 e segue muito distante de tornar a energia solar um mau neg\u00f3cio.<\/p>\n\n\n\n<h2 class=\"wp-block-heading\"><strong>O panorama do setor solar brasileiro em 2026<\/strong><\/h2>\n\n\n\n<p class=\"wp-block-paragraph\">O contexto de mercado ajuda a entender por que a energia solar continua crescendo mesmo com o Fio B subindo. Segundo o <a href=\"https:\/\/www.portalsolar.com.br\/noticias\/mercado\/brasil-deve-adicionar-10-6-gw-de-energia-solar-em-2026\">Portal Solar<\/a>, com dados da Associa\u00e7\u00e3o Brasileira de Energia Solar Fotovoltaica (ABSOLAR), o Brasil deve adicionar <strong>10,6 GW de nova capacidade solar em 2026<\/strong> \u2014 uma retra\u00e7\u00e3o de cerca de 7% frente ao volume instalado em 2025, atribu\u00edda em parte ao pr\u00f3prio avan\u00e7o do Fio B e ao fen\u00f4meno do curtailment (limita\u00e7\u00e3o da gera\u00e7\u00e3o em pontos da rede j\u00e1 saturados). Mesmo com essa desacelera\u00e7\u00e3o no ritmo de crescimento, o volume segue expressivo: o setor n\u00e3o parou, apenas passou a crescer um pouco mais devagar.<\/p>\n\n\n\n<p class=\"wp-block-paragraph\">Do lado da gera\u00e7\u00e3o distribu\u00edda especificamente \u2014 os sistemas instalados em telhados \u2014, a pr\u00f3pria <a href=\"https:\/\/www.gov.br\/aneel\/pt-br\/assuntos\/noticias\/2025\/crescimento-da-micro-e-minigeracao-distribuida-supera-os-5-gw-em-2025\">ANEEL<\/a> registrou a adi\u00e7\u00e3o de mais de <strong>5 GW s\u00f3 em 2025<\/strong>, mantendo o ritmo de expans\u00e3o observado desde o in\u00edcio da cobran\u00e7a do Fio B em 2023 \u2014 quem acompanha os n\u00fameros abertos da ag\u00eancia (dispon\u00edveis na <a href=\"https:\/\/dadosabertos.aneel.gov.br\/dataset\/relacao-de-empreendimentos-de-geracao-distribuida\">base de dados abertos de gera\u00e7\u00e3o distribu\u00edda da ANEEL<\/a>) pode conferir a evolu\u00e7\u00e3o m\u00eas a m\u00eas.<\/p>\n\n\n\n<p class=\"wp-block-paragraph\">Outro dado ajuda a explicar por que gerar a pr\u00f3pria energia segue atraente: segundo o <a href=\"https:\/\/www.portalsolar.com.br\/noticias\/mercado\/consumidor\/tarifa-residencial-de-energia-deve-subir-5-4-em-media-no-brasil-em-2026\">Portal Solar<\/a>, a tarifa residencial de energia el\u00e9trica deve subir, em m\u00e9dia, cerca de <strong>5,4% em 2026<\/strong> no Brasil. Isso significa que, mesmo com o Fio B mais alto, quem depende 100% da rede tamb\u00e9m est\u00e1 pagando mais \u2014 o que reduz a diferen\u00e7a de custo entre &#8220;ficar como est\u00e1&#8221; e &#8220;gerar a pr\u00f3pria energia&#8221;.<\/p>\n\n\n\n<h2 class=\"wp-block-heading\"><strong>Santa Catarina: isen\u00e7\u00e3o de ICMS sem prazo para gera\u00e7\u00e3o distribu\u00edda<\/strong><\/h2>\n\n\n\n<p class=\"wp-block-paragraph\">Um benef\u00edcio regional que costuma pesar na decis\u00e3o, e que muitas vezes passa despercebido fora do estado: desde o <a href=\"https:\/\/www.confaz.fazenda.gov.br\/legislacao\/convenios\/2023\/CV114_23\"><strong>Conv\u00eanio ICMS 114\/2023, do CONFAZ<\/strong><\/a>, Santa Catarina isenta de ICMS a energia el\u00e9trica compensada por sistemas de micro e minigera\u00e7\u00e3o distribu\u00edda \u2014 <strong>sem limite de prazo<\/strong>, segundo a Secretaria de Estado da Fazenda de Santa Catarina (SEF\/SC).<\/p>\n\n\n\n<p class=\"wp-block-paragraph\">Isso diferencia Santa Catarina de estados vizinhos: o Paran\u00e1, por exemplo, mant\u00e9m a isen\u00e7\u00e3o limitada a <strong>48 meses<\/strong> a partir da conex\u00e3o do sistema \u2014 depois desse per\u00edodo, o ICMS volta a incidir sobre a energia compensada. \u00c9 importante frisar que a regra do ICMS \u00e9 <strong>estadual, n\u00e3o nacional<\/strong>: cada estado define sua pr\u00f3pria pol\u00edtica, e o que vale para Santa Catarina ou Paran\u00e1 n\u00e3o se aplica automaticamente a outros estados, que precisam ser consultados individualmente.<\/p>\n\n\n\n<p class=\"wp-block-paragraph\">Na pr\u00e1tica, para um consumidor catarinense, isso significa que a parcela de ICMS sobre a energia compensada simplesmente n\u00e3o existe \u2014 um al\u00edvio que se soma \u00e0 economia gerada pelo pr\u00f3prio sistema solar, de forma permanente, e que ajuda a compensar parte do efeito do Fio B na conta final.<\/p>\n\n\n\n<h2 class=\"wp-block-heading\"><strong>O que checar antes de contratar um sistema de energia solar<\/strong><\/h2>\n\n\n\n<p class=\"wp-block-paragraph\">Independentemente da regra do Fio B, alguns pontos pr\u00e1ticos deveriam constar em qualquer or\u00e7amento de energia solar antes da assinatura do contrato:<\/p>\n\n\n\n<ul class=\"wp-block-list\">\n<li><strong>Tipo de telhado.<\/strong> Cer\u00e2mico, fibrocimento, met\u00e1lico, laje ou instala\u00e7\u00e3o em solo exigem estruturas de fixa\u00e7\u00e3o diferentes, que mudam o custo e o prazo da obra.<\/li>\n\n\n\n<li><strong>Forma de pagamento.<\/strong> \u00c0 vista, parcelado no cart\u00e3o (em geral at\u00e9 18x sem juros, dependendo da bandeira e do limite dispon\u00edvel) ou financiamento banc\u00e1rio \u2014 este \u00faltimo sempre sujeito \u00e0 an\u00e1lise de cr\u00e9dito da institui\u00e7\u00e3o financeira.<\/li>\n\n\n\n<li><strong>Prazo real de instala\u00e7\u00e3o e homologa\u00e7\u00e3o.<\/strong> O prazo costuma ficar entre <strong>45 e 90 dias<\/strong> \u2014 mas contado a partir do <strong>pagamento integral<\/strong> do sistema, n\u00e3o da assinatura do contrato. Essa diferen\u00e7a \u00e9 frequentemente mal explicada em propostas comerciais.<\/li>\n\n\n\n<li><strong>Garantias dos equipamentos.<\/strong> O padr\u00e3o do mercado \u00e9 <strong>25 anos de garantia de performance para os pain\u00e9is<\/strong> e <strong>12 anos para os microinversores<\/strong> \u2014 vale conferir se a proposta cobre exatamente isso, e n\u00e3o um prazo menor disfar\u00e7ado de &#8220;garantia&#8221;.<\/li>\n\n\n\n<li><strong>Dimensionamento do sistema.<\/strong> Um sistema maior do que o necess\u00e1rio custa mais e demora mais para se pagar; um sistema menor do que o necess\u00e1rio deixa a conta de luz mais alta do que poderia. O dimensionamento correto depende do hist\u00f3rico real de consumo, n\u00e3o de uma estimativa gen\u00e9rica.<\/li>\n<\/ul>\n\n\n\n<p class=\"wp-block-paragraph\">Vale lembrar tamb\u00e9m que a energia solar fotovoltaica <strong>n\u00e3o gera energia \u00e0 noite<\/strong> nem em plena escurid\u00e3o \u2014 em dias nublados a gera\u00e7\u00e3o cai, mas n\u00e3o zera, porque os pain\u00e9is continuam captando luz difusa. \u00c9 exatamente por isso que o sistema de compensa\u00e7\u00e3o de cr\u00e9ditos existe: ele permite usar a energia gerada durante o dia para abater o consumo em outros hor\u00e1rios, dentro do ciclo de faturamento.<\/p>\n\n\n\n<h2 class=\"wp-block-heading\"><strong>Vale a pena instalar energia solar em 2026?<\/strong><\/h2>\n\n\n\n<p class=\"wp-block-paragraph\">Juntando os pontos deste texto: o Fio B a 60% reduz parte da economia mensal em rela\u00e7\u00e3o a quem instalou antes, mas o cen\u00e1rio geral \u2014 tarifas em alta, isen\u00e7\u00e3o de ICMS em Santa Catarina, garantias longas dos equipamentos e um payback que, na maioria dos casos, ainda fica entre 3 e 7 anos \u2014 continua favor\u00e1vel a quem tem telhado pr\u00f3prio e consumo compat\u00edvel com o investimento. A decis\u00e3o certa depende sempre de uma conta espec\u00edfica: consumo real, tipo de telhado, forma de pagamento e prazo de retorno desejado \u2014 nunca de uma regra gen\u00e9rica aplicada a qualquer resid\u00eancia ou empresa.<\/p>\n\n\n\n<p class=\"wp-block-paragraph\">Diante desse cen\u00e1rio, a decis\u00e3o de instalar (ou de esperar) passa menos pelo medo do Fio B e mais pela conta espec\u00edfica de cada telhado e cada conta de luz. Antes de fechar qualquer contrato, vale buscar <a href=\"https:\/\/www.cotafacilsaojose.com.br\/servicos\/energia-solar\">uma avalia\u00e7\u00e3o t\u00e9cnica gratuita do telhado e do padr\u00e3o de consumo, feita antes de qualquer proposta comercial fechada<\/a> \u2014 esse tipo de checagem costuma revelar se o sistema ideal \u00e9 menor (e mais barato) do que o primeiro or\u00e7amento sugere. Empresas como a CotaSollar, ligada a uma <a href=\"https:\/\/www.cotafacilsaojose.com.br\">rede de franquias especializada em solu\u00e7\u00f5es financeiras e energia solar, com atua\u00e7\u00e3o em Santa Catarina e atendimento remoto para outras regi\u00f5es do pa\u00eds<\/a>, costumam oferecer esse tipo de an\u00e1lise sem custo, justamente porque o dimensionamento errado costuma ser o erro mais caro \u2014 e mais comum \u2014 da compra.<\/p>\n\n\n\n<h2 class=\"wp-block-heading\"><strong>Perguntas frequentes<\/strong><\/h2>\n\n\n\n<h3 class=\"wp-block-heading\"><strong>O que \u00e9 o Fio B e por que ele importa em 2026?<\/strong><\/h3>\n\n\n\n<p class=\"wp-block-paragraph\">O Fio B \u00e9 a parte da tarifa de energia que remunera a rede de distribui\u00e7\u00e3o el\u00e9trica. Desde a Lei 14.300\/2022, ele passou a incidir progressivamente sobre a energia solar injetada na rede por quem tem gera\u00e7\u00e3o distribu\u00edda. Em 2026, essa cobran\u00e7a chega a 60%, o maior percentual at\u00e9 agora, num cronograma que segue subindo at\u00e9 o fim da transi\u00e7\u00e3o prevista para 2029.<\/p>\n\n\n\n<h3 class=\"wp-block-heading\"><strong>Energia solar ainda vale a pena com o Fio B a 60%?<\/strong><\/h3>\n\n\n\n<p class=\"wp-block-paragraph\">Na maioria dos casos, sim. O Fio B reduz parte da economia mensal, mas n\u00e3o costuma inviabilizar o investimento: o payback estimado continua, em geral, entre 3 e 7 anos, dependendo do consumo, do dimensionamento do sistema e da forma de pagamento. Cada caso exige um c\u00e1lculo espec\u00edfico, sem n\u00famero fixo garantido.<\/p>\n\n\n\n<h3 class=\"wp-block-heading\"><strong>O que acontece com quem j\u00e1 tinha sistema instalado antes de 2023?<\/strong><\/h3>\n\n\n\n<p class=\"wp-block-paragraph\">Quem instalou o sistema at\u00e9 6 de janeiro de 2022, ou protocolou o pedido de acesso \u00e0 distribuidora at\u00e9 6 de janeiro de 2023, tem direito adquirido \u00e0 compensa\u00e7\u00e3o integral (sem cobran\u00e7a de Fio B) at\u00e9 2045. Para esses casos, o cronograma de 2026 simplesmente n\u00e3o se aplica.<\/p>\n\n\n\n<h3 class=\"wp-block-heading\"><strong>Como funciona a isen\u00e7\u00e3o de ICMS para energia solar em Santa Catarina?<\/strong><\/h3>\n\n\n\n<p class=\"wp-block-paragraph\">Desde o Conv\u00eanio ICMS 114\/2023, do CONFAZ, Santa Catarina isenta de ICMS a energia compensada por sistemas de micro e minigera\u00e7\u00e3o distribu\u00edda, sem limite de prazo. \u00c9 uma regra estadual \u2014 outros estados, como o Paran\u00e1, aplicam limites diferentes (no caso do Paran\u00e1, 48 meses), e cada estado precisa ser consultado individualmente.<\/p>\n\n\n\n<h3 class=\"wp-block-heading\"><strong>Quanto tempo demora para o sistema se pagar?<\/strong><\/h3>\n\n\n\n<p class=\"wp-block-paragraph\">O tempo de retorno (payback) costuma variar entre 3 e 7 anos, conforme o consumo da resid\u00eancia ou empresa, o dimensionamento do sistema e a forma de pagamento escolhida. N\u00e3o existe prazo fixo garantido: cada or\u00e7amento precisa ser calculado a partir do consumo real e do investimento efetivamente feito.<\/p>\n\n\n\n<h3 class=\"wp-block-heading\"><strong>Energia solar funciona em dias nublados ou \u00e0 noite?<\/strong><\/h3>\n\n\n\n<p class=\"wp-block-paragraph\">Em dias nublados a gera\u00e7\u00e3o cai, mas n\u00e3o zera, porque os pain\u00e9is continuam captando luz difusa. \u00c0 noite n\u00e3o h\u00e1 gera\u00e7\u00e3o. \u00c9 por isso que o sistema de compensa\u00e7\u00e3o de cr\u00e9ditos (net metering) existe: a energia excedente gerada durante o dia vira cr\u00e9dito para abater o consumo em outros hor\u00e1rios e meses, dentro da mesma \u00e1rea de concess\u00e3o da distribuidora.<\/p>\n\n\n\n<h2 class=\"wp-block-heading\"><strong>Fontes<\/strong><\/h2>\n\n\n\n<ul class=\"wp-block-list\">\n<li>Planalto \u2014 Lei n\u00ba 14.300, de 6 de janeiro de 2022: <a href=\"https:\/\/www.planalto.gov.br\/ccivil_03\/_ato2019-2022\/2022\/lei\/l14300.htm\">planalto.gov.br<\/a>.<\/li>\n\n\n\n<li>ANEEL \u2014 Crescimento da micro e minigera\u00e7\u00e3o distribu\u00edda em 2025: <a href=\"https:\/\/www.gov.br\/aneel\/pt-br\/assuntos\/noticias\/2025\/crescimento-da-micro-e-minigeracao-distribuida-supera-os-5-gw-em-2025\">gov.br\/aneel<\/a>; base de dados abertos: <a href=\"https:\/\/dadosabertos.aneel.gov.br\/dataset\/relacao-de-empreendimentos-de-geracao-distribuida\">dadosabertos.aneel.gov.br<\/a>.<\/li>\n\n\n\n<li>Portal Solar (com dados da ABSOLAR) \u2014 Proje\u00e7\u00e3o de adi\u00e7\u00e3o de capacidade solar em 2026: <a href=\"https:\/\/www.portalsolar.com.br\/noticias\/mercado\/brasil-deve-adicionar-10-6-gw-de-energia-solar-em-2026\">portalsolar.com.br<\/a>; tarifa residencial em 2026: <a href=\"https:\/\/www.portalsolar.com.br\/noticias\/mercado\/consumidor\/tarifa-residencial-de-energia-deve-subir-5-4-em-media-no-brasil-em-2026\">portalsolar.com.br<\/a>.<\/li>\n\n\n\n<li>CONFAZ \u2014 Conv\u00eanio ICMS 114\/2023 (isen\u00e7\u00e3o de ICMS para gera\u00e7\u00e3o distribu\u00edda em SC): <a href=\"https:\/\/www.confaz.fazenda.gov.br\/legislacao\/convenios\/2023\/CV114_23\">confaz.fazenda.gov.br<\/a>.<\/li>\n<\/ul>\n\n\n\n<h2 class=\"wp-block-heading\"><strong>Aviso importante<\/strong><\/h2>\n\n\n\n<p class=\"wp-block-paragraph\"><strong>Aviso importante:<\/strong> este conte\u00fado tem car\u00e1ter meramente <strong>informativo e educativo<\/strong> e <strong>n\u00e3o constitui oferta, promessa de contrata\u00e7\u00e3o, de cr\u00e9dito ou de qualquer resultado ou economia garantida<\/strong>. As <strong>condi\u00e7\u00f5es, taxas, prazos e a aprova\u00e7\u00e3o de financiamento dependem de an\u00e1lise<\/strong> das institui\u00e7\u00f5es financeiras parceiras. Antes de contratar, fale com um especialista da CotaF\u00e1cil.<\/p>\n\n\n\n<p class=\"wp-block-paragraph\">A CotaF\u00e1cil S\u00e3o Jos\u00e9 \u00e9 a marca de atua\u00e7\u00e3o da <strong>Apex Intermedia\u00e7\u00e3o de Neg\u00f3cios e Servi\u00e7os Administrativos Ltda.<\/strong> (CNPJ 53.534.760\/0001-45), <strong>Franquia Individual e Independente<\/strong> da rede CotaF\u00e1cil. Nosso papel \u00e9 a <strong>intermedia\u00e7\u00e3o<\/strong>: entendemos o seu caso, organizamos a documenta\u00e7\u00e3o e encaminhamos a sua proposta \u00e0s institui\u00e7\u00f5es financeiras parceiras. N\u00e3o somos a institui\u00e7\u00e3o que concede o cr\u00e9dito \u2014 <strong>a an\u00e1lise, a aprova\u00e7\u00e3o, a taxa e o prazo s\u00e3o sempre dela<\/strong>.<\/p>\n\n\n\n<p class=\"wp-block-paragraph\"><em>Conte\u00fado produzido com apoio de intelig\u00eancia artificial, a partir de pesquisa em sites e fontes confi\u00e1veis. Mesmo ap\u00f3s revis\u00f5es, pode conter imprecis\u00f5es \u2014 consulte sempre um especialista da CotaF\u00e1cil para confirmar as informa\u00e7\u00f5es.<\/em><\/p>\n\n\n\n<h2 class=\"wp-block-heading\"><strong>Perguntas frequentes (publicar junto)<\/strong><\/h2>\n\n\n\n<p class=\"wp-block-paragraph\"><strong>O que \u00e9 o Fio B e por que ele importa em 2026?<\/strong><\/p>\n\n\n\n<p class=\"wp-block-paragraph\">O Fio B \u00e9 a parte da tarifa de energia que remunera a rede de distribui\u00e7\u00e3o el\u00e9trica. Desde a Lei 14.300\/2022, ele passou a incidir progressivamente sobre a energia solar injetada na rede por quem tem gera\u00e7\u00e3o distribu\u00edda. Em 2026, essa cobran\u00e7a chega a 60%, o maior percentual at\u00e9 agora, num cronograma que segue subindo at\u00e9 o fim da transi\u00e7\u00e3o prevista para 2029.<\/p>\n\n\n\n<p class=\"wp-block-paragraph\"><strong>Energia solar ainda vale a pena com o Fio B a 60%?<\/strong><\/p>\n\n\n\n<p class=\"wp-block-paragraph\">Na maioria dos casos, sim. O Fio B reduz parte da economia mensal, mas n\u00e3o costuma inviabilizar o investimento: o payback estimado continua, em geral, entre 3 e 7 anos, dependendo do consumo, do dimensionamento do sistema e da forma de pagamento. Cada caso exige um c\u00e1lculo espec\u00edfico, sem n\u00famero fixo garantido.<\/p>\n\n\n\n<p class=\"wp-block-paragraph\"><strong>O que acontece com quem j\u00e1 tinha sistema instalado antes de 2023?<\/strong><\/p>\n\n\n\n<p class=\"wp-block-paragraph\">Quem instalou o sistema at\u00e9 6 de janeiro de 2022, ou protocolou o pedido de acesso \u00e0 distribuidora at\u00e9 6 de janeiro de 2023, tem direito adquirido \u00e0 compensa\u00e7\u00e3o integral (sem cobran\u00e7a de Fio B) at\u00e9 2045. Para esses casos, o cronograma de 2026 simplesmente n\u00e3o se aplica.<\/p>\n\n\n\n<p class=\"wp-block-paragraph\"><strong>Como funciona a isen\u00e7\u00e3o de ICMS para energia solar em Santa Catarina?<\/strong><\/p>\n\n\n\n<p class=\"wp-block-paragraph\">Desde o Conv\u00eanio ICMS 114\/2023, do CONFAZ, Santa Catarina isenta de ICMS a energia compensada por sistemas de micro e minigera\u00e7\u00e3o distribu\u00edda, sem limite de prazo. \u00c9 uma regra estadual \u2014 outros estados, como o Paran\u00e1, aplicam limites diferentes (no caso do Paran\u00e1, 48 meses), e cada estado precisa ser consultado individualmente.<\/p>\n\n\n\n<p class=\"wp-block-paragraph\"><strong>Quanto tempo demora para o sistema se pagar?<\/strong><\/p>\n\n\n\n<p class=\"wp-block-paragraph\">O tempo de retorno (payback) costuma variar entre 3 e 7 anos, conforme o consumo da resid\u00eancia ou empresa, o dimensionamento do sistema e a forma de pagamento escolhida. N\u00e3o existe prazo fixo garantido: cada or\u00e7amento precisa ser calculado a partir do consumo real e do investimento efetivamente feito.<\/p>\n\n\n\n<p class=\"wp-block-paragraph\"><strong>Energia solar funciona em dias nublados ou \u00e0 noite?<\/strong><\/p>\n\n\n\n<p class=\"wp-block-paragraph\">Em dias nublados a gera\u00e7\u00e3o cai, mas n\u00e3o zera, porque os pain\u00e9is continuam captando luz difusa. \u00c0 noite n\u00e3o h\u00e1 gera\u00e7\u00e3o. \u00c9 por isso que o sistema de compensa\u00e7\u00e3o de cr\u00e9ditos (net metering) existe: a energia excedente gerada durante o dia vira cr\u00e9dito para abater o consumo em outros hor\u00e1rios e meses, dentro da mesma \u00e1rea de concess\u00e3o da distribuidora.<\/p>\n","protected":false},"excerpt":{"rendered":"<p>Em 2026, o chamado Fio B \u2014 a parte da tarifa de energia que remunera a rede de distribui\u00e7\u00e3o, cuja cobran\u00e7a progressiva sobre a energia solar foi criada pela Lei 14.300\/2022 \u2014 passa a incidir sobre 60% da energia solar injetada na rede por quem tem gera\u00e7\u00e3o distribu\u00edda, o maior percentual j\u00e1 aplicado desde que [&hellip;]<\/p>\n","protected":false},"author":2,"featured_media":456467,"comment_status":"open","ping_status":"closed","sticky":false,"template":"","format":"standard","meta":{"footnotes":""},"categories":[17],"tags":[],"class_list":["post-456465","post","type-post","status-publish","format-standard","has-post-thumbnail","hentry","category-geral"],"yoast_head":"<!-- This site is optimized with the Yoast SEO plugin v28.3 - https:\/\/yoast.com\/product\/yoast-seo-wordpress\/ -->\n<title>Energia Solar em 2026: o Que Muda com a Lei 14.300 e o Fio B \u2014 e Como Calcular se Ainda Vale a Pena Instalar<\/title>\n<meta name=\"robots\" content=\"index, follow, max-snippet:-1, max-image-preview:large, max-video-preview:-1\" \/>\n<link rel=\"canonical\" href=\"https:\/\/www.ovigilanteonline.com.br\/site\/2026\/09\/01\/energia-solar-em-2026-o-que-muda-com-a-lei-14-300-e-o-fio-b-e-como-calcular-se-ainda-vale-a-pena-instalar\/\" \/>\n<meta property=\"og:locale\" content=\"pt_BR\" \/>\n<meta property=\"og:type\" content=\"article\" \/>\n<meta property=\"og:title\" content=\"Energia Solar em 2026: o Que Muda com a Lei 14.300 e o Fio B \u2014 e Como Calcular se Ainda Vale a Pena Instalar\" \/>\n<meta property=\"og:description\" content=\"Em 2026, o chamado Fio B \u2014 a parte da tarifa de energia que remunera a rede de distribui\u00e7\u00e3o, cuja cobran\u00e7a progressiva sobre a energia solar foi criada pela Lei 14.300\/2022 \u2014 passa a incidir sobre 60% da energia solar injetada na rede por quem tem gera\u00e7\u00e3o distribu\u00edda, o maior percentual j\u00e1 aplicado desde que [&hellip;]\" \/>\n<meta property=\"og:url\" content=\"https:\/\/www.ovigilanteonline.com.br\/site\/2026\/09\/01\/energia-solar-em-2026-o-que-muda-com-a-lei-14-300-e-o-fio-b-e-como-calcular-se-ainda-vale-a-pena-instalar\/\" \/>\n<meta property=\"og:site_name\" content=\"O VIGILANTE ONLINE\" \/>\n<meta property=\"article:publisher\" content=\"https:\/\/www.facebook.com\/ovigilanteonline\" \/>\n<meta property=\"article:published_time\" content=\"2026-09-01T20:39:47+00:00\" \/>\n<meta property=\"article:modified_time\" content=\"2026-09-01T20:39:55+00:00\" \/>\n<meta property=\"og:image\" content=\"https:\/\/www.ovigilanteonline.com.br\/site\/wp-content\/uploads\/2021\/03\/OV-LOGO-BRANCO.png\" \/>\n\t<meta property=\"og:image:width\" content=\"710\" \/>\n\t<meta property=\"og:image:height\" content=\"376\" \/>\n\t<meta property=\"og:image:type\" content=\"image\/png\" \/>\n<meta name=\"author\" content=\"Jornalismo\" \/>\n<meta name=\"twitter:card\" content=\"summary_large_image\" \/>\n<meta name=\"twitter:label1\" content=\"Escrito por\" \/>\n\t<meta name=\"twitter:data1\" content=\"Jornalismo\" \/>\n\t<meta name=\"twitter:label2\" content=\"Est. tempo de leitura\" \/>\n\t<meta name=\"twitter:data2\" content=\"17 minutos\" \/>\n<script type=\"application\/ld+json\" class=\"yoast-schema-graph\">{\"@context\":\"https:\\\/\\\/schema.org\",\"@graph\":[{\"@type\":\"Article\",\"@id\":\"https:\\\/\\\/www.ovigilanteonline.com.br\\\/site\\\/2026\\\/09\\\/01\\\/energia-solar-em-2026-o-que-muda-com-a-lei-14-300-e-o-fio-b-e-como-calcular-se-ainda-vale-a-pena-instalar\\\/#article\",\"isPartOf\":{\"@id\":\"https:\\\/\\\/www.ovigilanteonline.com.br\\\/site\\\/2026\\\/09\\\/01\\\/energia-solar-em-2026-o-que-muda-com-a-lei-14-300-e-o-fio-b-e-como-calcular-se-ainda-vale-a-pena-instalar\\\/\"},\"author\":{\"name\":\"Jornalismo\",\"@id\":\"https:\\\/\\\/www.ovigilanteonline.com.br\\\/site\\\/#\\\/schema\\\/person\\\/538fdfb33c0c411cd14a732e7cf14aa6\"},\"headline\":\"Energia Solar em 2026: o Que Muda com a Lei 14.300 e o Fio B \u2014 e Como Calcular se Ainda Vale a Pena Instalar\",\"datePublished\":\"2026-09-01T20:39:47+00:00\",\"dateModified\":\"2026-09-01T20:39:55+00:00\",\"mainEntityOfPage\":{\"@id\":\"https:\\\/\\\/www.ovigilanteonline.com.br\\\/site\\\/2026\\\/09\\\/01\\\/energia-solar-em-2026-o-que-muda-com-a-lei-14-300-e-o-fio-b-e-como-calcular-se-ainda-vale-a-pena-instalar\\\/\"},\"wordCount\":3056,\"commentCount\":0,\"image\":{\"@id\":\"https:\\\/\\\/www.ovigilanteonline.com.br\\\/site\\\/2026\\\/09\\\/01\\\/energia-solar-em-2026-o-que-muda-com-a-lei-14-300-e-o-fio-b-e-como-calcular-se-ainda-vale-a-pena-instalar\\\/#primaryimage\"},\"thumbnailUrl\":\"https:\\\/\\\/www.ovigilanteonline.com.br\\\/site\\\/wp-content\\\/uploads\\\/2026\\\/09\\\/photo-1661930941624-f4b43e3079f1.avif\",\"articleSection\":[\"Geral\"],\"inLanguage\":\"pt-BR\",\"potentialAction\":[{\"@type\":\"CommentAction\",\"name\":\"Comment\",\"target\":[\"https:\\\/\\\/www.ovigilanteonline.com.br\\\/site\\\/2026\\\/09\\\/01\\\/energia-solar-em-2026-o-que-muda-com-a-lei-14-300-e-o-fio-b-e-como-calcular-se-ainda-vale-a-pena-instalar\\\/#respond\"]}]},{\"@type\":\"WebPage\",\"@id\":\"https:\\\/\\\/www.ovigilanteonline.com.br\\\/site\\\/2026\\\/09\\\/01\\\/energia-solar-em-2026-o-que-muda-com-a-lei-14-300-e-o-fio-b-e-como-calcular-se-ainda-vale-a-pena-instalar\\\/\",\"url\":\"https:\\\/\\\/www.ovigilanteonline.com.br\\\/site\\\/2026\\\/09\\\/01\\\/energia-solar-em-2026-o-que-muda-com-a-lei-14-300-e-o-fio-b-e-como-calcular-se-ainda-vale-a-pena-instalar\\\/\",\"name\":\"Energia Solar em 2026: o Que Muda com a Lei 14.300 e o Fio B \u2014 e Como Calcular se Ainda Vale a Pena Instalar\",\"isPartOf\":{\"@id\":\"https:\\\/\\\/www.ovigilanteonline.com.br\\\/site\\\/#website\"},\"primaryImageOfPage\":{\"@id\":\"https:\\\/\\\/www.ovigilanteonline.com.br\\\/site\\\/2026\\\/09\\\/01\\\/energia-solar-em-2026-o-que-muda-com-a-lei-14-300-e-o-fio-b-e-como-calcular-se-ainda-vale-a-pena-instalar\\\/#primaryimage\"},\"image\":{\"@id\":\"https:\\\/\\\/www.ovigilanteonline.com.br\\\/site\\\/2026\\\/09\\\/01\\\/energia-solar-em-2026-o-que-muda-com-a-lei-14-300-e-o-fio-b-e-como-calcular-se-ainda-vale-a-pena-instalar\\\/#primaryimage\"},\"thumbnailUrl\":\"https:\\\/\\\/www.ovigilanteonline.com.br\\\/site\\\/wp-content\\\/uploads\\\/2026\\\/09\\\/photo-1661930941624-f4b43e3079f1.avif\",\"datePublished\":\"2026-09-01T20:39:47+00:00\",\"dateModified\":\"2026-09-01T20:39:55+00:00\",\"author\":{\"@id\":\"https:\\\/\\\/www.ovigilanteonline.com.br\\\/site\\\/#\\\/schema\\\/person\\\/538fdfb33c0c411cd14a732e7cf14aa6\"},\"breadcrumb\":{\"@id\":\"https:\\\/\\\/www.ovigilanteonline.com.br\\\/site\\\/2026\\\/09\\\/01\\\/energia-solar-em-2026-o-que-muda-com-a-lei-14-300-e-o-fio-b-e-como-calcular-se-ainda-vale-a-pena-instalar\\\/#breadcrumb\"},\"inLanguage\":\"pt-BR\",\"potentialAction\":[{\"@type\":\"ReadAction\",\"target\":[\"https:\\\/\\\/www.ovigilanteonline.com.br\\\/site\\\/2026\\\/09\\\/01\\\/energia-solar-em-2026-o-que-muda-com-a-lei-14-300-e-o-fio-b-e-como-calcular-se-ainda-vale-a-pena-instalar\\\/\"]}]},{\"@type\":\"ImageObject\",\"inLanguage\":\"pt-BR\",\"@id\":\"https:\\\/\\\/www.ovigilanteonline.com.br\\\/site\\\/2026\\\/09\\\/01\\\/energia-solar-em-2026-o-que-muda-com-a-lei-14-300-e-o-fio-b-e-como-calcular-se-ainda-vale-a-pena-instalar\\\/#primaryimage\",\"url\":\"https:\\\/\\\/www.ovigilanteonline.com.br\\\/site\\\/wp-content\\\/uploads\\\/2026\\\/09\\\/photo-1661930941624-f4b43e3079f1.avif\",\"contentUrl\":\"https:\\\/\\\/www.ovigilanteonline.com.br\\\/site\\\/wp-content\\\/uploads\\\/2026\\\/09\\\/photo-1661930941624-f4b43e3079f1.avif\",\"width\":1171,\"height\":781},{\"@type\":\"BreadcrumbList\",\"@id\":\"https:\\\/\\\/www.ovigilanteonline.com.br\\\/site\\\/2026\\\/09\\\/01\\\/energia-solar-em-2026-o-que-muda-com-a-lei-14-300-e-o-fio-b-e-como-calcular-se-ainda-vale-a-pena-instalar\\\/#breadcrumb\",\"itemListElement\":[{\"@type\":\"ListItem\",\"position\":1,\"name\":\"In\u00edcio\",\"item\":\"https:\\\/\\\/www.ovigilanteonline.com.br\\\/site\\\/\"},{\"@type\":\"ListItem\",\"position\":2,\"name\":\"Energia Solar em 2026: o Que Muda com a Lei 14.300 e o Fio B \u2014 e Como Calcular se Ainda Vale a Pena Instalar\"}]},{\"@type\":\"WebSite\",\"@id\":\"https:\\\/\\\/www.ovigilanteonline.com.br\\\/site\\\/#website\",\"url\":\"https:\\\/\\\/www.ovigilanteonline.com.br\\\/site\\\/\",\"name\":\"O VIGILANTE ONLINE - Not\u00edcias de Leopoldina e regi\u00e3o\",\"description\":\"\",\"potentialAction\":[{\"@type\":\"SearchAction\",\"target\":{\"@type\":\"EntryPoint\",\"urlTemplate\":\"https:\\\/\\\/www.ovigilanteonline.com.br\\\/site\\\/?s={search_term_string}\"},\"query-input\":{\"@type\":\"PropertyValueSpecification\",\"valueRequired\":true,\"valueName\":\"search_term_string\"}}],\"inLanguage\":\"pt-BR\"},{\"@type\":\"Person\",\"@id\":\"https:\\\/\\\/www.ovigilanteonline.com.br\\\/site\\\/#\\\/schema\\\/person\\\/538fdfb33c0c411cd14a732e7cf14aa6\",\"name\":\"Jornalismo\"}]}<\/script>\n<!-- \/ Yoast SEO plugin. -->","yoast_head_json":{"title":"Energia Solar em 2026: o Que Muda com a Lei 14.300 e o Fio B \u2014 e Como Calcular se Ainda Vale a Pena Instalar","robots":{"index":"index","follow":"follow","max-snippet":"max-snippet:-1","max-image-preview":"max-image-preview:large","max-video-preview":"max-video-preview:-1"},"canonical":"https:\/\/www.ovigilanteonline.com.br\/site\/2026\/09\/01\/energia-solar-em-2026-o-que-muda-com-a-lei-14-300-e-o-fio-b-e-como-calcular-se-ainda-vale-a-pena-instalar\/","og_locale":"pt_BR","og_type":"article","og_title":"Energia Solar em 2026: o Que Muda com a Lei 14.300 e o Fio B \u2014 e Como Calcular se Ainda Vale a Pena Instalar","og_description":"Em 2026, o chamado Fio B \u2014 a parte da tarifa de energia que remunera a rede de distribui\u00e7\u00e3o, cuja cobran\u00e7a progressiva sobre a energia solar foi criada pela Lei 14.300\/2022 \u2014 passa a incidir sobre 60% da energia solar injetada na rede por quem tem gera\u00e7\u00e3o distribu\u00edda, o maior percentual j\u00e1 aplicado desde que [&hellip;]","og_url":"https:\/\/www.ovigilanteonline.com.br\/site\/2026\/09\/01\/energia-solar-em-2026-o-que-muda-com-a-lei-14-300-e-o-fio-b-e-como-calcular-se-ainda-vale-a-pena-instalar\/","og_site_name":"O VIGILANTE ONLINE","article_publisher":"https:\/\/www.facebook.com\/ovigilanteonline","article_published_time":"2026-09-01T20:39:47+00:00","article_modified_time":"2026-09-01T20:39:55+00:00","og_image":[{"width":710,"height":376,"url":"https:\/\/www.ovigilanteonline.com.br\/site\/wp-content\/uploads\/2021\/03\/OV-LOGO-BRANCO.png","type":"image\/png"}],"author":"Jornalismo","twitter_card":"summary_large_image","twitter_misc":{"Escrito por":"Jornalismo","Est. tempo de leitura":"17 minutos"},"schema":{"@context":"https:\/\/schema.org","@graph":[{"@type":"Article","@id":"https:\/\/www.ovigilanteonline.com.br\/site\/2026\/09\/01\/energia-solar-em-2026-o-que-muda-com-a-lei-14-300-e-o-fio-b-e-como-calcular-se-ainda-vale-a-pena-instalar\/#article","isPartOf":{"@id":"https:\/\/www.ovigilanteonline.com.br\/site\/2026\/09\/01\/energia-solar-em-2026-o-que-muda-com-a-lei-14-300-e-o-fio-b-e-como-calcular-se-ainda-vale-a-pena-instalar\/"},"author":{"name":"Jornalismo","@id":"https:\/\/www.ovigilanteonline.com.br\/site\/#\/schema\/person\/538fdfb33c0c411cd14a732e7cf14aa6"},"headline":"Energia Solar em 2026: o Que Muda com a Lei 14.300 e o Fio B \u2014 e Como Calcular se Ainda Vale a Pena Instalar","datePublished":"2026-09-01T20:39:47+00:00","dateModified":"2026-09-01T20:39:55+00:00","mainEntityOfPage":{"@id":"https:\/\/www.ovigilanteonline.com.br\/site\/2026\/09\/01\/energia-solar-em-2026-o-que-muda-com-a-lei-14-300-e-o-fio-b-e-como-calcular-se-ainda-vale-a-pena-instalar\/"},"wordCount":3056,"commentCount":0,"image":{"@id":"https:\/\/www.ovigilanteonline.com.br\/site\/2026\/09\/01\/energia-solar-em-2026-o-que-muda-com-a-lei-14-300-e-o-fio-b-e-como-calcular-se-ainda-vale-a-pena-instalar\/#primaryimage"},"thumbnailUrl":"https:\/\/www.ovigilanteonline.com.br\/site\/wp-content\/uploads\/2026\/09\/photo-1661930941624-f4b43e3079f1.avif","articleSection":["Geral"],"inLanguage":"pt-BR","potentialAction":[{"@type":"CommentAction","name":"Comment","target":["https:\/\/www.ovigilanteonline.com.br\/site\/2026\/09\/01\/energia-solar-em-2026-o-que-muda-com-a-lei-14-300-e-o-fio-b-e-como-calcular-se-ainda-vale-a-pena-instalar\/#respond"]}]},{"@type":"WebPage","@id":"https:\/\/www.ovigilanteonline.com.br\/site\/2026\/09\/01\/energia-solar-em-2026-o-que-muda-com-a-lei-14-300-e-o-fio-b-e-como-calcular-se-ainda-vale-a-pena-instalar\/","url":"https:\/\/www.ovigilanteonline.com.br\/site\/2026\/09\/01\/energia-solar-em-2026-o-que-muda-com-a-lei-14-300-e-o-fio-b-e-como-calcular-se-ainda-vale-a-pena-instalar\/","name":"Energia Solar em 2026: o Que Muda com a Lei 14.300 e o Fio B \u2014 e Como Calcular se Ainda Vale a Pena Instalar","isPartOf":{"@id":"https:\/\/www.ovigilanteonline.com.br\/site\/#website"},"primaryImageOfPage":{"@id":"https:\/\/www.ovigilanteonline.com.br\/site\/2026\/09\/01\/energia-solar-em-2026-o-que-muda-com-a-lei-14-300-e-o-fio-b-e-como-calcular-se-ainda-vale-a-pena-instalar\/#primaryimage"},"image":{"@id":"https:\/\/www.ovigilanteonline.com.br\/site\/2026\/09\/01\/energia-solar-em-2026-o-que-muda-com-a-lei-14-300-e-o-fio-b-e-como-calcular-se-ainda-vale-a-pena-instalar\/#primaryimage"},"thumbnailUrl":"https:\/\/www.ovigilanteonline.com.br\/site\/wp-content\/uploads\/2026\/09\/photo-1661930941624-f4b43e3079f1.avif","datePublished":"2026-09-01T20:39:47+00:00","dateModified":"2026-09-01T20:39:55+00:00","author":{"@id":"https:\/\/www.ovigilanteonline.com.br\/site\/#\/schema\/person\/538fdfb33c0c411cd14a732e7cf14aa6"},"breadcrumb":{"@id":"https:\/\/www.ovigilanteonline.com.br\/site\/2026\/09\/01\/energia-solar-em-2026-o-que-muda-com-a-lei-14-300-e-o-fio-b-e-como-calcular-se-ainda-vale-a-pena-instalar\/#breadcrumb"},"inLanguage":"pt-BR","potentialAction":[{"@type":"ReadAction","target":["https:\/\/www.ovigilanteonline.com.br\/site\/2026\/09\/01\/energia-solar-em-2026-o-que-muda-com-a-lei-14-300-e-o-fio-b-e-como-calcular-se-ainda-vale-a-pena-instalar\/"]}]},{"@type":"ImageObject","inLanguage":"pt-BR","@id":"https:\/\/www.ovigilanteonline.com.br\/site\/2026\/09\/01\/energia-solar-em-2026-o-que-muda-com-a-lei-14-300-e-o-fio-b-e-como-calcular-se-ainda-vale-a-pena-instalar\/#primaryimage","url":"https:\/\/www.ovigilanteonline.com.br\/site\/wp-content\/uploads\/2026\/09\/photo-1661930941624-f4b43e3079f1.avif","contentUrl":"https:\/\/www.ovigilanteonline.com.br\/site\/wp-content\/uploads\/2026\/09\/photo-1661930941624-f4b43e3079f1.avif","width":1171,"height":781},{"@type":"BreadcrumbList","@id":"https:\/\/www.ovigilanteonline.com.br\/site\/2026\/09\/01\/energia-solar-em-2026-o-que-muda-com-a-lei-14-300-e-o-fio-b-e-como-calcular-se-ainda-vale-a-pena-instalar\/#breadcrumb","itemListElement":[{"@type":"ListItem","position":1,"name":"In\u00edcio","item":"https:\/\/www.ovigilanteonline.com.br\/site\/"},{"@type":"ListItem","position":2,"name":"Energia Solar em 2026: o Que Muda com a Lei 14.300 e o Fio B \u2014 e Como Calcular se Ainda Vale a Pena Instalar"}]},{"@type":"WebSite","@id":"https:\/\/www.ovigilanteonline.com.br\/site\/#website","url":"https:\/\/www.ovigilanteonline.com.br\/site\/","name":"O VIGILANTE ONLINE - Not\u00edcias de Leopoldina e regi\u00e3o","description":"","potentialAction":[{"@type":"SearchAction","target":{"@type":"EntryPoint","urlTemplate":"https:\/\/www.ovigilanteonline.com.br\/site\/?s={search_term_string}"},"query-input":{"@type":"PropertyValueSpecification","valueRequired":true,"valueName":"search_term_string"}}],"inLanguage":"pt-BR"},{"@type":"Person","@id":"https:\/\/www.ovigilanteonline.com.br\/site\/#\/schema\/person\/538fdfb33c0c411cd14a732e7cf14aa6","name":"Jornalismo"}]}},"cc_featured_image_caption":{"caption_text":"Jimmy Nilsson Masth (@jimmynilssonmasth)","source_text":"","source_url":""},"_links":{"self":[{"href":"https:\/\/www.ovigilanteonline.com.br\/site\/wp-json\/wp\/v2\/posts\/456465","targetHints":{"allow":["GET"]}}],"collection":[{"href":"https:\/\/www.ovigilanteonline.com.br\/site\/wp-json\/wp\/v2\/posts"}],"about":[{"href":"https:\/\/www.ovigilanteonline.com.br\/site\/wp-json\/wp\/v2\/types\/post"}],"author":[{"embeddable":true,"href":"https:\/\/www.ovigilanteonline.com.br\/site\/wp-json\/wp\/v2\/users\/2"}],"replies":[{"embeddable":true,"href":"https:\/\/www.ovigilanteonline.com.br\/site\/wp-json\/wp\/v2\/comments?post=456465"}],"version-history":[{"count":1,"href":"https:\/\/www.ovigilanteonline.com.br\/site\/wp-json\/wp\/v2\/posts\/456465\/revisions"}],"predecessor-version":[{"id":456468,"href":"https:\/\/www.ovigilanteonline.com.br\/site\/wp-json\/wp\/v2\/posts\/456465\/revisions\/456468"}],"wp:featuredmedia":[{"embeddable":true,"href":"https:\/\/www.ovigilanteonline.com.br\/site\/wp-json\/wp\/v2\/media\/456467"}],"wp:attachment":[{"href":"https:\/\/www.ovigilanteonline.com.br\/site\/wp-json\/wp\/v2\/media?parent=456465"}],"wp:term":[{"taxonomy":"category","embeddable":true,"href":"https:\/\/www.ovigilanteonline.com.br\/site\/wp-json\/wp\/v2\/categories?post=456465"},{"taxonomy":"post_tag","embeddable":true,"href":"https:\/\/www.ovigilanteonline.com.br\/site\/wp-json\/wp\/v2\/tags?post=456465"}],"curies":[{"name":"wp","href":"https:\/\/api.w.org\/{rel}","templated":true}]}}