{"id":456462,"date":"2026-09-01T13:44:23","date_gmt":"2026-09-01T16:44:23","guid":{"rendered":"https:\/\/www.ovigilanteonline.com.br\/site\/?p=456462"},"modified":"2026-09-01T13:44:30","modified_gmt":"2026-09-01T16:44:30","slug":"mercado-livre-vai-abrir-centro-de-distribuicao-e-gerar-mais-de-800-empregos-em-juiz-de-fora","status":"publish","type":"post","link":"https:\/\/www.ovigilanteonline.com.br\/site\/2026\/09\/01\/mercado-livre-vai-abrir-centro-de-distribuicao-e-gerar-mais-de-800-empregos-em-juiz-de-fora\/","title":{"rendered":"Mercado Livre vai abrir centro de distribui\u00e7\u00e3o e gerar mais de 800 empregos em Juiz de Fora"},"content":{"rendered":"<div id=\"ovigi-193127915\" class=\"ovigi-inicio-post-interno ovigi-entity-placement\" style=\"margin-left: auto;margin-right: auto;text-align: center;\"><a href=\"https:\/\/onelink.to\/tfjfd3?utm_source=ig&#038;utm_medium=social&#038;utm_content=link_in_bio&#038;fbclid=PAcGRvZgJleHRuA2FlbQIxMQBzcnRjBmFwcF9pZA85MzY2MTk3NDMzOTI0NTkAAacgW20vIuhakYBCxZduUBbwssdSFoAQ7exuq7BFVvR-PR9sdpzVWlAvY7yZog_aem__Bn7V7eJEMspatV_tVfmIA\" target=\"_blank\" aria-label=\"ARTE GIF\"><img decoding=\"async\" src=\"https:\/\/www.ovigilanteonline.com.br\/site\/wp-content\/uploads\/2026\/05\/ARTE-GIF.gif\" alt=\"\"    \/><\/a><\/div>\n<h3 class=\"wp-block-heading\"><strong><em>Vagas s\u00e3o para auxiliar de log\u00edstica, inclusive para pessoas sem experi\u00eancia; mutir\u00e3o acontece de 16 a 18 de setembro<\/em><\/strong><\/h3>\n\n\n\n<p class=\"wp-block-paragraph\">Juiz de Fora ter\u00e1 um novo centro de distribui\u00e7\u00e3o do Mercado Livre. A previs\u00e3o \u00e9 que a estrutura gere mais de 800 empregos no munic\u00edpio, com in\u00edcio imediato das contrata\u00e7\u00f5es atrav\u00e9s de um mutir\u00e3o realizado pela Prefeitura. Confira abaixo como participar do processo seletivo.<\/p>\n\n\n\n<p class=\"wp-block-paragraph\">Para contribuir com o preenchimento das vagas abertas, a Secretaria de Desenvolvimento Sustent\u00e1vel e Inclusivo, da Inova\u00e7\u00e3o e Competitividade (Sedic), realizar\u00e1 uma nova edi\u00e7\u00e3o do Mutir\u00e3o de Empregos.<\/p><div id=\"ovigi-661853205\" class=\"ovigi-conteudo_2-3 ovigi-entity-placement\"><script async src=\"\/\/pagead2.googlesyndication.com\/pagead\/js\/adsbygoogle.js?client=ca-pub-4068173061741521\" crossorigin=\"anonymous\"><\/script><ins class=\"adsbygoogle\" style=\"display:block; text-align:center;\" data-ad-client=\"ca-pub-4068173061741521\" \ndata-ad-slot=\"6460393376\" \ndata-ad-layout=\"in-article\"\ndata-ad-format=\"fluid\"><\/ins>\n<script> \n(adsbygoogle = window.adsbygoogle || []).push({}); \n<\/script>\n<\/div><div id=\"ovigi-1471949690\" class=\"ovigi-conteudo_2-2 ovigi-entity-placement\"><script async src=\"\/\/pagead2.googlesyndication.com\/pagead\/js\/adsbygoogle.js?client=ca-pub-4068173061741521\" crossorigin=\"anonymous\"><\/script><ins class=\"adsbygoogle\" style=\"display:block; text-align:center;\" data-ad-client=\"ca-pub-4068173061741521\" \ndata-ad-slot=\"6460393376\" \ndata-ad-layout=\"in-article\"\ndata-ad-format=\"fluid\"><\/ins>\n<script> \n(adsbygoogle = window.adsbygoogle || []).push({}); \n<\/script>\n<\/div><div id=\"ovigi-2595363049\" class=\"ovigi-conteudo_2 ovigi-entity-placement\"><script async src=\"\/\/pagead2.googlesyndication.com\/pagead\/js\/adsbygoogle.js?client=ca-pub-4068173061741521\" crossorigin=\"anonymous\"><\/script><ins class=\"adsbygoogle\" style=\"display:block; text-align:center;\" data-ad-client=\"ca-pub-4068173061741521\" \ndata-ad-slot=\"6460393376\" \ndata-ad-layout=\"in-article\"\ndata-ad-format=\"fluid\"><\/ins>\n<script> \n(adsbygoogle = window.adsbygoogle || []).push({}); \n<\/script>\n<\/div><div id=\"ovigi-1316720685\" class=\"ovigi-conteudo_2-4 ovigi-entity-placement\"><script async src=\"\/\/pagead2.googlesyndication.com\/pagead\/js\/adsbygoogle.js?client=ca-pub-4068173061741521\" crossorigin=\"anonymous\"><\/script><ins class=\"adsbygoogle\" style=\"display:block; text-align:center;\" data-ad-client=\"ca-pub-4068173061741521\" \ndata-ad-slot=\"6460393376\" \ndata-ad-layout=\"in-article\"\ndata-ad-format=\"fluid\"><\/ins>\n<script> \n(adsbygoogle = window.adsbygoogle || []).push({}); \n<\/script>\n<\/div>\n\n\n\n<p class=\"wp-block-paragraph\">A a\u00e7\u00e3o acontecer\u00e1 de 16 a 18 de setembro, no Esporte Clube Benfica, localizado na rua dos Guararapes, n\u00b0 591, no bairro Benfica.<\/p>\n\n\n\n<p class=\"wp-block-paragraph\">As vagas s\u00e3o para o cargo de auxiliar de log\u00edstica, com atua\u00e7\u00e3o em diferentes etapas da opera\u00e7\u00e3o, como recebimento, separa\u00e7\u00e3o, armazenagem e distribui\u00e7\u00e3o de mercadorias. H\u00e1 oportunidades tamb\u00e9m para pessoas com defici\u00eancia (PCDs) e para trabalhadores que buscam ingressar no mercado de trabalho.<\/p>\n\n\n\n<p class=\"wp-block-paragraph\"><strong>Requisitos das vagas:<\/strong><\/p>\n\n\n\n<ul class=\"wp-block-list\">\n<li>Ensino fundamental completo;<\/li>\n\n\n\n<li>Disponibilidade para atua\u00e7\u00e3o presencial;<\/li>\n\n\n\n<li>N\u00e3o \u00e9 exigida experi\u00eancia anterior.<\/li>\n<\/ul>\n\n\n\n<p class=\"wp-block-paragraph\"><strong>Jornada:<\/strong><\/p>\n\n\n\n<ul class=\"wp-block-list\">\n<li>Escalas 5&#215;2 ou 6&#215;2, com turnos rotativos diurnos ou noturnos, das 8h \u00e0s 17h48 ou da 0h \u00e0s 9h18.<\/li>\n<\/ul>\n\n\n\n<p class=\"wp-block-paragraph\"><strong>Benef\u00edcios:<\/strong><\/p>\n\n\n\n<ul class=\"wp-block-list\">\n<li>Assist\u00eancia m\u00e9dica e odontol\u00f3gica;<\/li>\n\n\n\n<li>Vale-alimenta\u00e7\u00e3o, seguro de vida e acompanhamento psicol\u00f3gico online;<\/li>\n\n\n\n<li>Refeit\u00f3rio no local e transporte fretado, ambos sem custo para os trabalhadores.<\/li>\n<\/ul>\n\n\n<div id=\"ovigi-1142337210\">\r\n<p class=\"has-text-align-center has-small-font-size wp-block-paragraph\">continua depois da publicidade<\/p>\r\n\r\n\r\n\r\n<hr class=\"wp-block-separator has-alpha-channel-opacity is-style-wide\"\/>\r\n\r\n\r\n\r\n<div class=\"wp-block-columns is-layout-flex wp-container-core-columns-is-layout-8f761849 wp-block-columns-is-layout-flex\">\r\n<div class=\"wp-block-column is-layout-flow wp-block-column-is-layout-flow\">\r\n<figure class=\"wp-block-image size-full is-resized\"><a href=\"https:\/\/www.instagram.com\/unimedleopoldina241\/\" target=\"_blank\" rel=\" noreferrer noopener\"><img decoding=\"async\" src=\"https:\/\/www.ovigilanteonline.com.br\/site\/wp-content\/uploads\/2026\/08\/unimed-materias.jpg\" alt=\"\" class=\"wp-image-455236\"\/><\/a><\/figure>\r\n<\/div>\r\n\r\n\r\n\r\n<div class=\"wp-block-column is-layout-flow wp-block-column-is-layout-flow\">\r\n<figure class=\"wp-block-image size-full\"><a href=\"https:\/\/vest.sudamerica.edu.br\/vest-2026-2\" target=\"_blank\" rel=\" noreferrer noopener\"><img decoding=\"async\" src=\"https:\/\/www.ovigilanteonline.com.br\/site\/wp-content\/uploads\/2026\/08\/sudamerica-materias.jpg\" alt=\"\" class=\"wp-image-453120\"\/><\/a><\/figure>\r\n<\/div>\r\n<\/div>\r\n\r\n\r\n\r\n<hr class=\"wp-block-separator has-alpha-channel-opacity is-style-wide\"\/>\r\n<\/div>\n\n\n<p class=\"wp-block-paragraph\">Nesta edi\u00e7\u00e3o, o mutir\u00e3o conta com o apoio da Associa\u00e7\u00e3o de Empresas do Distrito Industrial de Juiz de Fora (Assedi-JF).<\/p>\n\n\n\n<h2 class=\"wp-block-heading\"><strong>Como participar<\/strong><\/h2>\n\n\n\n<p class=\"wp-block-paragraph\">Os interessados devem realizar a inscri\u00e7\u00e3o antecipadamente por meio do&nbsp;<a class=\"\" href=\"https:\/\/survey.mercadolibre.com\/jfe\/form\/SV_0InWKM2HZPCfKLQ\" target=\"_blank\" rel=\"noopener\"><strong>formul\u00e1rio disponibilizado pelo Mercado Livre<\/strong><\/a>. A empresa entrar\u00e1 em contato com os candidatos para informar o hor\u00e1rio de atendimento e os documentos necess\u00e1rios para participa\u00e7\u00e3o no mutir\u00e3o, onde ser\u00e3o realizadas entrevistas e exames admissionais. Outros tr\u00eas equipamentos seguem nas etapas de aferi\u00e7\u00e3o e homologa\u00e7\u00e3o, e passar\u00e3o a autuar de forma gradual ap\u00f3s a conclus\u00e3o do processo. S\u00e3o eles:<\/p>\n\n\n\n<h2 class=\"wp-block-heading\"><strong>Instala\u00e7\u00e3o do centro de distribui\u00e7\u00e3o<\/strong><\/h2>\n\n\n\n<p class=\"wp-block-paragraph\">O an\u00fancio ocorre ap\u00f3s tratativas para viabilizar a opera\u00e7\u00e3o do Mercado Livre em um galp\u00e3o no Distrito Industrial. A aprova\u00e7\u00e3o do uso da edifica\u00e7\u00e3o foi concedida pelo Conselho Municipal de Pol\u00edtica Urbana.<\/p>\n\n\n\n<p class=\"wp-block-paragraph\">Al\u00e9m de ampliar a presen\u00e7a de grandes empresas no munic\u00edpio, o empreendimento refor\u00e7a a diversidade das atividades desenvolvidas no Distrito Industrial, respons\u00e1vel atualmente pela manuten\u00e7\u00e3o de mais de 21 mil empregos diretos e indiretos e por uma parcela relevante da atividade econ\u00f4mica da cidade.<\/p>\n\n\n\n<p class=\"wp-block-paragraph\">\u201cA chegada do Mercado Livre refor\u00e7a a posi\u00e7\u00e3o de Juiz de Fora como um hub log\u00edstico para a regi\u00e3o e para o estado. A instala\u00e7\u00e3o da empresa no Distrito Industrial amplia o potencial do distrito e pode contribuir para o aproveitamento do Porto Seco, fortalecendo tamb\u00e9m o setor de com\u00e9rcio exterior da cidade\u201d, afirma o secret\u00e1rio de Desenvolvimento Sustent\u00e1vel e Inclusivo, da Inova\u00e7\u00e3o e Competitividade (Sedic), Ignacio Delgado.<\/p>\n\n\n\n<p class=\"wp-block-paragraph\"><em>*Com G1 Zona da Mata<\/em><\/p>\n","protected":false},"excerpt":{"rendered":"<p>Vagas s\u00e3o para auxiliar de log\u00edstica, inclusive para pessoas sem experi\u00eancia; mutir\u00e3o acontece de 16 a 18 de setembro Juiz de Fora ter\u00e1 um novo centro de distribui\u00e7\u00e3o do Mercado Livre. A previs\u00e3o \u00e9 que a estrutura gere mais de 800 empregos no munic\u00edpio, com in\u00edcio imediato das contrata\u00e7\u00f5es atrav\u00e9s de um mutir\u00e3o realizado pela [&hellip;]<\/p>\n","protected":false},"author":2,"featured_media":456463,"comment_status":"open","ping_status":"closed","sticky":false,"template":"","format":"standard","meta":{"footnotes":""},"categories":[1,26],"tags":[],"class_list":["post-456462","post","type-post","status-publish","format-standard","has-post-thumbnail","hentry","category-destaque","category-ultimas-noticias"],"yoast_head":"<!-- This site is optimized with the Yoast SEO plugin v28.3 - https:\/\/yoast.com\/product\/yoast-seo-wordpress\/ -->\n<title>Mercado Livre vai abrir centro de distribui\u00e7\u00e3o e gerar mais de 800 empregos em Juiz de Fora<\/title>\n<meta name=\"robots\" content=\"index, follow, max-snippet:-1, max-image-preview:large, max-video-preview:-1\" \/>\n<link rel=\"canonical\" href=\"https:\/\/www.ovigilanteonline.com.br\/site\/2026\/09\/01\/mercado-livre-vai-abrir-centro-de-distribuicao-e-gerar-mais-de-800-empregos-em-juiz-de-fora\/\" \/>\n<meta property=\"og:locale\" content=\"pt_BR\" \/>\n<meta property=\"og:type\" content=\"article\" \/>\n<meta property=\"og:title\" content=\"Mercado Livre vai abrir centro de distribui\u00e7\u00e3o e gerar mais de 800 empregos em Juiz de Fora\" \/>\n<meta property=\"og:description\" content=\"Vagas s\u00e3o para auxiliar de log\u00edstica, inclusive para pessoas sem experi\u00eancia; mutir\u00e3o acontece de 16 a 18 de setembro Juiz de Fora ter\u00e1 um novo centro de distribui\u00e7\u00e3o do Mercado Livre. A previs\u00e3o \u00e9 que a estrutura gere mais de 800 empregos no munic\u00edpio, com in\u00edcio imediato das contrata\u00e7\u00f5es atrav\u00e9s de um mutir\u00e3o realizado pela [&hellip;]\" \/>\n<meta property=\"og:url\" content=\"https:\/\/www.ovigilanteonline.com.br\/site\/2026\/09\/01\/mercado-livre-vai-abrir-centro-de-distribuicao-e-gerar-mais-de-800-empregos-em-juiz-de-fora\/\" \/>\n<meta property=\"og:site_name\" content=\"O VIGILANTE ONLINE\" \/>\n<meta property=\"article:publisher\" content=\"https:\/\/www.facebook.com\/ovigilanteonline\" \/>\n<meta property=\"article:published_time\" content=\"2026-09-01T16:44:23+00:00\" \/>\n<meta property=\"article:modified_time\" content=\"2026-09-01T16:44:30+00:00\" \/>\n<meta property=\"og:image\" content=\"https:\/\/www.ovigilanteonline.com.br\/site\/wp-content\/uploads\/2026\/09\/mercado.jpg\" \/>\n\t<meta property=\"og:image:width\" content=\"900\" \/>\n\t<meta property=\"og:image:height\" content=\"600\" \/>\n\t<meta property=\"og:image:type\" content=\"image\/jpeg\" \/>\n<meta name=\"author\" content=\"Jornalismo\" \/>\n<meta name=\"twitter:card\" content=\"summary_large_image\" \/>\n<meta name=\"twitter:label1\" content=\"Escrito por\" \/>\n\t<meta name=\"twitter:data1\" content=\"Jornalismo\" \/>\n\t<meta name=\"twitter:label2\" content=\"Est. tempo de leitura\" \/>\n\t<meta name=\"twitter:data2\" content=\"3 minutos\" \/>\n<script type=\"application\/ld+json\" class=\"yoast-schema-graph\">{\"@context\":\"https:\\\/\\\/schema.org\",\"@graph\":[{\"@type\":\"Article\",\"@id\":\"https:\\\/\\\/www.ovigilanteonline.com.br\\\/site\\\/2026\\\/09\\\/01\\\/mercado-livre-vai-abrir-centro-de-distribuicao-e-gerar-mais-de-800-empregos-em-juiz-de-fora\\\/#article\",\"isPartOf\":{\"@id\":\"https:\\\/\\\/www.ovigilanteonline.com.br\\\/site\\\/2026\\\/09\\\/01\\\/mercado-livre-vai-abrir-centro-de-distribuicao-e-gerar-mais-de-800-empregos-em-juiz-de-fora\\\/\"},\"author\":{\"name\":\"Jornalismo\",\"@id\":\"https:\\\/\\\/www.ovigilanteonline.com.br\\\/site\\\/#\\\/schema\\\/person\\\/538fdfb33c0c411cd14a732e7cf14aa6\"},\"headline\":\"Mercado Livre vai abrir centro de distribui\u00e7\u00e3o e gerar mais de 800 empregos em Juiz de Fora\",\"datePublished\":\"2026-09-01T16:44:23+00:00\",\"dateModified\":\"2026-09-01T16:44:30+00:00\",\"mainEntityOfPage\":{\"@id\":\"https:\\\/\\\/www.ovigilanteonline.com.br\\\/site\\\/2026\\\/09\\\/01\\\/mercado-livre-vai-abrir-centro-de-distribuicao-e-gerar-mais-de-800-empregos-em-juiz-de-fora\\\/\"},\"wordCount\":547,\"commentCount\":0,\"image\":{\"@id\":\"https:\\\/\\\/www.ovigilanteonline.com.br\\\/site\\\/2026\\\/09\\\/01\\\/mercado-livre-vai-abrir-centro-de-distribuicao-e-gerar-mais-de-800-empregos-em-juiz-de-fora\\\/#primaryimage\"},\"thumbnailUrl\":\"https:\\\/\\\/www.ovigilanteonline.com.br\\\/site\\\/wp-content\\\/uploads\\\/2026\\\/09\\\/mercado.jpg\",\"articleSection\":[\"Destaque\",\"\u00daltimas Not\u00edcias\"],\"inLanguage\":\"pt-BR\",\"potentialAction\":[{\"@type\":\"CommentAction\",\"name\":\"Comment\",\"target\":[\"https:\\\/\\\/www.ovigilanteonline.com.br\\\/site\\\/2026\\\/09\\\/01\\\/mercado-livre-vai-abrir-centro-de-distribuicao-e-gerar-mais-de-800-empregos-em-juiz-de-fora\\\/#respond\"]}]},{\"@type\":\"WebPage\",\"@id\":\"https:\\\/\\\/www.ovigilanteonline.com.br\\\/site\\\/2026\\\/09\\\/01\\\/mercado-livre-vai-abrir-centro-de-distribuicao-e-gerar-mais-de-800-empregos-em-juiz-de-fora\\\/\",\"url\":\"https:\\\/\\\/www.ovigilanteonline.com.br\\\/site\\\/2026\\\/09\\\/01\\\/mercado-livre-vai-abrir-centro-de-distribuicao-e-gerar-mais-de-800-empregos-em-juiz-de-fora\\\/\",\"name\":\"Mercado Livre vai abrir centro de distribui\u00e7\u00e3o e gerar mais de 800 empregos em Juiz de Fora\",\"isPartOf\":{\"@id\":\"https:\\\/\\\/www.ovigilanteonline.com.br\\\/site\\\/#website\"},\"primaryImageOfPage\":{\"@id\":\"https:\\\/\\\/www.ovigilanteonline.com.br\\\/site\\\/2026\\\/09\\\/01\\\/mercado-livre-vai-abrir-centro-de-distribuicao-e-gerar-mais-de-800-empregos-em-juiz-de-fora\\\/#primaryimage\"},\"image\":{\"@id\":\"https:\\\/\\\/www.ovigilanteonline.com.br\\\/site\\\/2026\\\/09\\\/01\\\/mercado-livre-vai-abrir-centro-de-distribuicao-e-gerar-mais-de-800-empregos-em-juiz-de-fora\\\/#primaryimage\"},\"thumbnailUrl\":\"https:\\\/\\\/www.ovigilanteonline.com.br\\\/site\\\/wp-content\\\/uploads\\\/2026\\\/09\\\/mercado.jpg\",\"datePublished\":\"2026-09-01T16:44:23+00:00\",\"dateModified\":\"2026-09-01T16:44:30+00:00\",\"author\":{\"@id\":\"https:\\\/\\\/www.ovigilanteonline.com.br\\\/site\\\/#\\\/schema\\\/person\\\/538fdfb33c0c411cd14a732e7cf14aa6\"},\"breadcrumb\":{\"@id\":\"https:\\\/\\\/www.ovigilanteonline.com.br\\\/site\\\/2026\\\/09\\\/01\\\/mercado-livre-vai-abrir-centro-de-distribuicao-e-gerar-mais-de-800-empregos-em-juiz-de-fora\\\/#breadcrumb\"},\"inLanguage\":\"pt-BR\",\"potentialAction\":[{\"@type\":\"ReadAction\",\"target\":[\"https:\\\/\\\/www.ovigilanteonline.com.br\\\/site\\\/2026\\\/09\\\/01\\\/mercado-livre-vai-abrir-centro-de-distribuicao-e-gerar-mais-de-800-empregos-em-juiz-de-fora\\\/\"]}]},{\"@type\":\"ImageObject\",\"inLanguage\":\"pt-BR\",\"@id\":\"https:\\\/\\\/www.ovigilanteonline.com.br\\\/site\\\/2026\\\/09\\\/01\\\/mercado-livre-vai-abrir-centro-de-distribuicao-e-gerar-mais-de-800-empregos-em-juiz-de-fora\\\/#primaryimage\",\"url\":\"https:\\\/\\\/www.ovigilanteonline.com.br\\\/site\\\/wp-content\\\/uploads\\\/2026\\\/09\\\/mercado.jpg\",\"contentUrl\":\"https:\\\/\\\/www.ovigilanteonline.com.br\\\/site\\\/wp-content\\\/uploads\\\/2026\\\/09\\\/mercado.jpg\",\"width\":900,\"height\":600},{\"@type\":\"BreadcrumbList\",\"@id\":\"https:\\\/\\\/www.ovigilanteonline.com.br\\\/site\\\/2026\\\/09\\\/01\\\/mercado-livre-vai-abrir-centro-de-distribuicao-e-gerar-mais-de-800-empregos-em-juiz-de-fora\\\/#breadcrumb\",\"itemListElement\":[{\"@type\":\"ListItem\",\"position\":1,\"name\":\"In\u00edcio\",\"item\":\"https:\\\/\\\/www.ovigilanteonline.com.br\\\/site\\\/\"},{\"@type\":\"ListItem\",\"position\":2,\"name\":\"Mercado Livre vai abrir centro de distribui\u00e7\u00e3o e gerar mais de 800 empregos em Juiz de Fora\"}]},{\"@type\":\"WebSite\",\"@id\":\"https:\\\/\\\/www.ovigilanteonline.com.br\\\/site\\\/#website\",\"url\":\"https:\\\/\\\/www.ovigilanteonline.com.br\\\/site\\\/\",\"name\":\"O VIGILANTE ONLINE - Not\u00edcias de Leopoldina e regi\u00e3o\",\"description\":\"\",\"potentialAction\":[{\"@type\":\"SearchAction\",\"target\":{\"@type\":\"EntryPoint\",\"urlTemplate\":\"https:\\\/\\\/www.ovigilanteonline.com.br\\\/site\\\/?s={search_term_string}\"},\"query-input\":{\"@type\":\"PropertyValueSpecification\",\"valueRequired\":true,\"valueName\":\"search_term_string\"}}],\"inLanguage\":\"pt-BR\"},{\"@type\":\"Person\",\"@id\":\"https:\\\/\\\/www.ovigilanteonline.com.br\\\/site\\\/#\\\/schema\\\/person\\\/538fdfb33c0c411cd14a732e7cf14aa6\",\"name\":\"Jornalismo\"}]}<\/script>\n<!-- \/ Yoast SEO plugin. -->","yoast_head_json":{"title":"Mercado Livre vai abrir centro de distribui\u00e7\u00e3o e gerar mais de 800 empregos em Juiz de Fora","robots":{"index":"index","follow":"follow","max-snippet":"max-snippet:-1","max-image-preview":"max-image-preview:large","max-video-preview":"max-video-preview:-1"},"canonical":"https:\/\/www.ovigilanteonline.com.br\/site\/2026\/09\/01\/mercado-livre-vai-abrir-centro-de-distribuicao-e-gerar-mais-de-800-empregos-em-juiz-de-fora\/","og_locale":"pt_BR","og_type":"article","og_title":"Mercado Livre vai abrir centro de distribui\u00e7\u00e3o e gerar mais de 800 empregos em Juiz de Fora","og_description":"Vagas s\u00e3o para auxiliar de log\u00edstica, inclusive para pessoas sem experi\u00eancia; mutir\u00e3o acontece de 16 a 18 de setembro Juiz de Fora ter\u00e1 um novo centro de distribui\u00e7\u00e3o do Mercado Livre. A previs\u00e3o \u00e9 que a estrutura gere mais de 800 empregos no munic\u00edpio, com in\u00edcio imediato das contrata\u00e7\u00f5es atrav\u00e9s de um mutir\u00e3o realizado pela [&hellip;]","og_url":"https:\/\/www.ovigilanteonline.com.br\/site\/2026\/09\/01\/mercado-livre-vai-abrir-centro-de-distribuicao-e-gerar-mais-de-800-empregos-em-juiz-de-fora\/","og_site_name":"O VIGILANTE ONLINE","article_publisher":"https:\/\/www.facebook.com\/ovigilanteonline","article_published_time":"2026-09-01T16:44:23+00:00","article_modified_time":"2026-09-01T16:44:30+00:00","og_image":[{"width":900,"height":600,"url":"https:\/\/www.ovigilanteonline.com.br\/site\/wp-content\/uploads\/2026\/09\/mercado.jpg","type":"image\/jpeg"}],"author":"Jornalismo","twitter_card":"summary_large_image","twitter_misc":{"Escrito por":"Jornalismo","Est. tempo de leitura":"3 minutos"},"schema":{"@context":"https:\/\/schema.org","@graph":[{"@type":"Article","@id":"https:\/\/www.ovigilanteonline.com.br\/site\/2026\/09\/01\/mercado-livre-vai-abrir-centro-de-distribuicao-e-gerar-mais-de-800-empregos-em-juiz-de-fora\/#article","isPartOf":{"@id":"https:\/\/www.ovigilanteonline.com.br\/site\/2026\/09\/01\/mercado-livre-vai-abrir-centro-de-distribuicao-e-gerar-mais-de-800-empregos-em-juiz-de-fora\/"},"author":{"name":"Jornalismo","@id":"https:\/\/www.ovigilanteonline.com.br\/site\/#\/schema\/person\/538fdfb33c0c411cd14a732e7cf14aa6"},"headline":"Mercado Livre vai abrir centro de distribui\u00e7\u00e3o e gerar mais de 800 empregos em Juiz de Fora","datePublished":"2026-09-01T16:44:23+00:00","dateModified":"2026-09-01T16:44:30+00:00","mainEntityOfPage":{"@id":"https:\/\/www.ovigilanteonline.com.br\/site\/2026\/09\/01\/mercado-livre-vai-abrir-centro-de-distribuicao-e-gerar-mais-de-800-empregos-em-juiz-de-fora\/"},"wordCount":547,"commentCount":0,"image":{"@id":"https:\/\/www.ovigilanteonline.com.br\/site\/2026\/09\/01\/mercado-livre-vai-abrir-centro-de-distribuicao-e-gerar-mais-de-800-empregos-em-juiz-de-fora\/#primaryimage"},"thumbnailUrl":"https:\/\/www.ovigilanteonline.com.br\/site\/wp-content\/uploads\/2026\/09\/mercado.jpg","articleSection":["Destaque","\u00daltimas Not\u00edcias"],"inLanguage":"pt-BR","potentialAction":[{"@type":"CommentAction","name":"Comment","target":["https:\/\/www.ovigilanteonline.com.br\/site\/2026\/09\/01\/mercado-livre-vai-abrir-centro-de-distribuicao-e-gerar-mais-de-800-empregos-em-juiz-de-fora\/#respond"]}]},{"@type":"WebPage","@id":"https:\/\/www.ovigilanteonline.com.br\/site\/2026\/09\/01\/mercado-livre-vai-abrir-centro-de-distribuicao-e-gerar-mais-de-800-empregos-em-juiz-de-fora\/","url":"https:\/\/www.ovigilanteonline.com.br\/site\/2026\/09\/01\/mercado-livre-vai-abrir-centro-de-distribuicao-e-gerar-mais-de-800-empregos-em-juiz-de-fora\/","name":"Mercado Livre vai abrir centro de distribui\u00e7\u00e3o e gerar mais de 800 empregos em Juiz de Fora","isPartOf":{"@id":"https:\/\/www.ovigilanteonline.com.br\/site\/#website"},"primaryImageOfPage":{"@id":"https:\/\/www.ovigilanteonline.com.br\/site\/2026\/09\/01\/mercado-livre-vai-abrir-centro-de-distribuicao-e-gerar-mais-de-800-empregos-em-juiz-de-fora\/#primaryimage"},"image":{"@id":"https:\/\/www.ovigilanteonline.com.br\/site\/2026\/09\/01\/mercado-livre-vai-abrir-centro-de-distribuicao-e-gerar-mais-de-800-empregos-em-juiz-de-fora\/#primaryimage"},"thumbnailUrl":"https:\/\/www.ovigilanteonline.com.br\/site\/wp-content\/uploads\/2026\/09\/mercado.jpg","datePublished":"2026-09-01T16:44:23+00:00","dateModified":"2026-09-01T16:44:30+00:00","author":{"@id":"https:\/\/www.ovigilanteonline.com.br\/site\/#\/schema\/person\/538fdfb33c0c411cd14a732e7cf14aa6"},"breadcrumb":{"@id":"https:\/\/www.ovigilanteonline.com.br\/site\/2026\/09\/01\/mercado-livre-vai-abrir-centro-de-distribuicao-e-gerar-mais-de-800-empregos-em-juiz-de-fora\/#breadcrumb"},"inLanguage":"pt-BR","potentialAction":[{"@type":"ReadAction","target":["https:\/\/www.ovigilanteonline.com.br\/site\/2026\/09\/01\/mercado-livre-vai-abrir-centro-de-distribuicao-e-gerar-mais-de-800-empregos-em-juiz-de-fora\/"]}]},{"@type":"ImageObject","inLanguage":"pt-BR","@id":"https:\/\/www.ovigilanteonline.com.br\/site\/2026\/09\/01\/mercado-livre-vai-abrir-centro-de-distribuicao-e-gerar-mais-de-800-empregos-em-juiz-de-fora\/#primaryimage","url":"https:\/\/www.ovigilanteonline.com.br\/site\/wp-content\/uploads\/2026\/09\/mercado.jpg","contentUrl":"https:\/\/www.ovigilanteonline.com.br\/site\/wp-content\/uploads\/2026\/09\/mercado.jpg","width":900,"height":600},{"@type":"BreadcrumbList","@id":"https:\/\/www.ovigilanteonline.com.br\/site\/2026\/09\/01\/mercado-livre-vai-abrir-centro-de-distribuicao-e-gerar-mais-de-800-empregos-em-juiz-de-fora\/#breadcrumb","itemListElement":[{"@type":"ListItem","position":1,"name":"In\u00edcio","item":"https:\/\/www.ovigilanteonline.com.br\/site\/"},{"@type":"ListItem","position":2,"name":"Mercado Livre vai abrir centro de distribui\u00e7\u00e3o e gerar mais de 800 empregos em Juiz de Fora"}]},{"@type":"WebSite","@id":"https:\/\/www.ovigilanteonline.com.br\/site\/#website","url":"https:\/\/www.ovigilanteonline.com.br\/site\/","name":"O VIGILANTE ONLINE - Not\u00edcias de Leopoldina e regi\u00e3o","description":"","potentialAction":[{"@type":"SearchAction","target":{"@type":"EntryPoint","urlTemplate":"https:\/\/www.ovigilanteonline.com.br\/site\/?s={search_term_string}"},"query-input":{"@type":"PropertyValueSpecification","valueRequired":true,"valueName":"search_term_string"}}],"inLanguage":"pt-BR"},{"@type":"Person","@id":"https:\/\/www.ovigilanteonline.com.br\/site\/#\/schema\/person\/538fdfb33c0c411cd14a732e7cf14aa6","name":"Jornalismo"}]}},"cc_featured_image_caption":{"caption_text":"","source_text":"","source_url":""},"_links":{"self":[{"href":"https:\/\/www.ovigilanteonline.com.br\/site\/wp-json\/wp\/v2\/posts\/456462","targetHints":{"allow":["GET"]}}],"collection":[{"href":"https:\/\/www.ovigilanteonline.com.br\/site\/wp-json\/wp\/v2\/posts"}],"about":[{"href":"https:\/\/www.ovigilanteonline.com.br\/site\/wp-json\/wp\/v2\/types\/post"}],"author":[{"embeddable":true,"href":"https:\/\/www.ovigilanteonline.com.br\/site\/wp-json\/wp\/v2\/users\/2"}],"replies":[{"embeddable":true,"href":"https:\/\/www.ovigilanteonline.com.br\/site\/wp-json\/wp\/v2\/comments?post=456462"}],"version-history":[{"count":1,"href":"https:\/\/www.ovigilanteonline.com.br\/site\/wp-json\/wp\/v2\/posts\/456462\/revisions"}],"predecessor-version":[{"id":456464,"href":"https:\/\/www.ovigilanteonline.com.br\/site\/wp-json\/wp\/v2\/posts\/456462\/revisions\/456464"}],"wp:featuredmedia":[{"embeddable":true,"href":"https:\/\/www.ovigilanteonline.com.br\/site\/wp-json\/wp\/v2\/media\/456463"}],"wp:attachment":[{"href":"https:\/\/www.ovigilanteonline.com.br\/site\/wp-json\/wp\/v2\/media?parent=456462"}],"wp:term":[{"taxonomy":"category","embeddable":true,"href":"https:\/\/www.ovigilanteonline.com.br\/site\/wp-json\/wp\/v2\/categories?post=456462"},{"taxonomy":"post_tag","embeddable":true,"href":"https:\/\/www.ovigilanteonline.com.br\/site\/wp-json\/wp\/v2\/tags?post=456462"}],"curies":[{"name":"wp","href":"https:\/\/api.w.org\/{rel}","templated":true}]}}