{"id":456439,"date":"2026-09-01T10:33:40","date_gmt":"2026-09-01T13:33:40","guid":{"rendered":"https:\/\/www.ovigilanteonline.com.br\/site\/?p=456439"},"modified":"2026-09-01T10:33:49","modified_gmt":"2026-09-01T13:33:49","slug":"leopoldinense-joao-marcos-se-destaca-entre-os-grandes-nomes-do-jiu-jitsu-kids-em-2026","status":"publish","type":"post","link":"https:\/\/www.ovigilanteonline.com.br\/site\/2026\/09\/01\/leopoldinense-joao-marcos-se-destaca-entre-os-grandes-nomes-do-jiu-jitsu-kids-em-2026\/","title":{"rendered":"Leopoldinense Jo\u00e3o Marcos se destaca entre os grandes nomes do Jiu-Jitsu Kids em 2026"},"content":{"rendered":"<div id=\"ovigi-251469804\" class=\"ovigi-inicio-post-interno ovigi-entity-placement\" style=\"margin-left: auto;margin-right: auto;text-align: center;\"><a href=\"https:\/\/onelink.to\/tfjfd3?utm_source=ig&#038;utm_medium=social&#038;utm_content=link_in_bio&#038;fbclid=PAcGRvZgJleHRuA2FlbQIxMQBzcnRjBmFwcF9pZA85MzY2MTk3NDMzOTI0NTkAAacgW20vIuhakYBCxZduUBbwssdSFoAQ7exuq7BFVvR-PR9sdpzVWlAvY7yZog_aem__Bn7V7eJEMspatV_tVfmIA\" target=\"_blank\" aria-label=\"ARTE GIF\"><img decoding=\"async\" src=\"https:\/\/www.ovigilanteonline.com.br\/site\/wp-content\/uploads\/2026\/05\/ARTE-GIF.gif\" alt=\"\"    \/><\/a><\/div>\n<h3 class=\"wp-block-heading\"><strong><em>Aos 10 anos, jovem atleta da Ch\u00e3o Explosivo conquista tr\u00eas vice-campeonatos em algumas das competi\u00e7\u00f5es mais importantes do calend\u00e1rio internacional<\/em><\/strong><\/h3>\n\n\n\n<figure class=\"wp-block-gallery has-nested-images columns-default is-cropped wp-block-gallery-1 is-layout-flex wp-block-gallery-is-layout-flex\">\n<figure class=\"wp-block-image size-large\"><img loading=\"lazy\" decoding=\"async\" width=\"713\" height=\"761\" data-id=\"456441\" src=\"https:\/\/www.ovigilanteonline.com.br\/site\/wp-content\/uploads\/2026\/09\/WhatsApp-Image-2026-09-01-at-07.57.18-1.jpeg\" alt=\"\" class=\"wp-image-456441\" srcset=\"https:\/\/www.ovigilanteonline.com.br\/site\/wp-content\/uploads\/2026\/09\/WhatsApp-Image-2026-09-01-at-07.57.18-1.jpeg 713w, https:\/\/www.ovigilanteonline.com.br\/site\/wp-content\/uploads\/2026\/09\/WhatsApp-Image-2026-09-01-at-07.57.18-1-281x300.jpeg 281w\" sizes=\"auto, (max-width: 713px) 100vw, 713px\" \/><\/figure>\n\n\n\n<figure class=\"wp-block-image size-large\"><img loading=\"lazy\" decoding=\"async\" width=\"1006\" height=\"1022\" data-id=\"456443\" src=\"https:\/\/www.ovigilanteonline.com.br\/site\/wp-content\/uploads\/2026\/09\/WhatsApp-Image-2026-09-01-at-07.57.19-1.jpeg\" alt=\"\" class=\"wp-image-456443\" srcset=\"https:\/\/www.ovigilanteonline.com.br\/site\/wp-content\/uploads\/2026\/09\/WhatsApp-Image-2026-09-01-at-07.57.19-1.jpeg 1006w, https:\/\/www.ovigilanteonline.com.br\/site\/wp-content\/uploads\/2026\/09\/WhatsApp-Image-2026-09-01-at-07.57.19-1-295x300.jpeg 295w, https:\/\/www.ovigilanteonline.com.br\/site\/wp-content\/uploads\/2026\/09\/WhatsApp-Image-2026-09-01-at-07.57.19-1-768x780.jpeg 768w\" sizes=\"auto, (max-width: 1006px) 100vw, 1006px\" \/><\/figure>\n<\/figure>\n\n\n\n<figure class=\"wp-block-image size-full\"><img loading=\"lazy\" decoding=\"async\" width=\"844\" height=\"1008\" src=\"https:\/\/www.ovigilanteonline.com.br\/site\/wp-content\/uploads\/2026\/09\/WhatsApp-Image-2026-09-01-at-07.57.19-2.jpeg\" alt=\"\" class=\"wp-image-456444\" srcset=\"https:\/\/www.ovigilanteonline.com.br\/site\/wp-content\/uploads\/2026\/09\/WhatsApp-Image-2026-09-01-at-07.57.19-2.jpeg 844w, https:\/\/www.ovigilanteonline.com.br\/site\/wp-content\/uploads\/2026\/09\/WhatsApp-Image-2026-09-01-at-07.57.19-2-251x300.jpeg 251w, https:\/\/www.ovigilanteonline.com.br\/site\/wp-content\/uploads\/2026\/09\/WhatsApp-Image-2026-09-01-at-07.57.19-2-768x917.jpeg 768w\" sizes=\"auto, (max-width: 844px) 100vw, 844px\" \/><\/figure>\n\n\n\n<p class=\"wp-block-paragraph\">Aos apenas 10 anos de idade, o jovem atleta Jo\u00e3o Marcos Tavares Gomes vem construindo uma trajet\u00f3ria de destaque no cen\u00e1rio do Jiu-Jitsu Kids. <\/p>\n\n\n\n<p class=\"wp-block-paragraph\">Representando a equipe Ch\u00e3o Explosivo, sob a orienta\u00e7\u00e3o do professor J\u00fanior Cruz, Jo\u00e3o Marcos tem se destacado n\u00e3o apenas pelos resultados expressivos, mas tamb\u00e9m pela dedica\u00e7\u00e3o, disciplina e seriedade com que encara sua prepara\u00e7\u00e3o esportiva.<\/p><div id=\"ovigi-371113927\" class=\"ovigi-conteudo_2-3 ovigi-entity-placement\"><script async src=\"\/\/pagead2.googlesyndication.com\/pagead\/js\/adsbygoogle.js?client=ca-pub-4068173061741521\" crossorigin=\"anonymous\"><\/script><ins class=\"adsbygoogle\" style=\"display:block; text-align:center;\" data-ad-client=\"ca-pub-4068173061741521\" \ndata-ad-slot=\"6460393376\" \ndata-ad-layout=\"in-article\"\ndata-ad-format=\"fluid\"><\/ins>\n<script> \n(adsbygoogle = window.adsbygoogle || []).push({}); \n<\/script>\n<\/div><div id=\"ovigi-1899780046\" class=\"ovigi-conteudo_2-2 ovigi-entity-placement\"><script async src=\"\/\/pagead2.googlesyndication.com\/pagead\/js\/adsbygoogle.js?client=ca-pub-4068173061741521\" crossorigin=\"anonymous\"><\/script><ins class=\"adsbygoogle\" style=\"display:block; text-align:center;\" data-ad-client=\"ca-pub-4068173061741521\" \ndata-ad-slot=\"6460393376\" \ndata-ad-layout=\"in-article\"\ndata-ad-format=\"fluid\"><\/ins>\n<script> \n(adsbygoogle = window.adsbygoogle || []).push({}); \n<\/script>\n<\/div><div id=\"ovigi-3520004876\" class=\"ovigi-conteudo_2 ovigi-entity-placement\"><script async src=\"\/\/pagead2.googlesyndication.com\/pagead\/js\/adsbygoogle.js?client=ca-pub-4068173061741521\" crossorigin=\"anonymous\"><\/script><ins class=\"adsbygoogle\" style=\"display:block; text-align:center;\" data-ad-client=\"ca-pub-4068173061741521\" \ndata-ad-slot=\"6460393376\" \ndata-ad-layout=\"in-article\"\ndata-ad-format=\"fluid\"><\/ins>\n<script> \n(adsbygoogle = window.adsbygoogle || []).push({}); \n<\/script>\n<\/div><div id=\"ovigi-2056487726\" class=\"ovigi-conteudo_2-4 ovigi-entity-placement\"><script async src=\"\/\/pagead2.googlesyndication.com\/pagead\/js\/adsbygoogle.js?client=ca-pub-4068173061741521\" crossorigin=\"anonymous\"><\/script><ins class=\"adsbygoogle\" style=\"display:block; text-align:center;\" data-ad-client=\"ca-pub-4068173061741521\" \ndata-ad-slot=\"6460393376\" \ndata-ad-layout=\"in-article\"\ndata-ad-format=\"fluid\"><\/ins>\n<script> \n(adsbygoogle = window.adsbygoogle || []).push({}); \n<\/script>\n<\/div>\n\n\n\n<p class=\"wp-block-paragraph\">Em 2026, o atleta participou de tr\u00eas das principais competi\u00e7\u00f5es do calend\u00e1rio internacional da modalidade \u2014 o Campeonato Europeu Kids, o Campeonato Brasileiro e o Campeonato Pan Kids \u2014 e voltou para casa com tr\u00eas importantes vice-campeonatos.<\/p>\n\n\n\n<figure class=\"wp-block-image size-full\"><img loading=\"lazy\" decoding=\"async\" width=\"1024\" height=\"948\" src=\"https:\/\/www.ovigilanteonline.com.br\/site\/wp-content\/uploads\/2026\/09\/WhatsApp-Image-2026-09-01-at-07.57.19.jpeg\" alt=\"\" class=\"wp-image-456446\" srcset=\"https:\/\/www.ovigilanteonline.com.br\/site\/wp-content\/uploads\/2026\/09\/WhatsApp-Image-2026-09-01-at-07.57.19.jpeg 1024w, https:\/\/www.ovigilanteonline.com.br\/site\/wp-content\/uploads\/2026\/09\/WhatsApp-Image-2026-09-01-at-07.57.19-300x278.jpeg 300w, https:\/\/www.ovigilanteonline.com.br\/site\/wp-content\/uploads\/2026\/09\/WhatsApp-Image-2026-09-01-at-07.57.19-768x711.jpeg 768w\" sizes=\"auto, (max-width: 1024px) 100vw, 1024px\" \/><\/figure>\n\n\n\n<h2 class=\"wp-block-heading\">Tr\u00eas grandes competi\u00e7\u00f5es, tr\u00eas finais<\/h2>\n\n\n\n<p class=\"wp-block-paragraph\">Em abril, Jo\u00e3o Marcos embarcou para Dublin, na Irlanda, para disputar o Campeonato Europeu Kids, uma das principais competi\u00e7\u00f5es internacionais da categoria. Em meio a atletas de diferentes pa\u00edses, o brasileiro avan\u00e7ou at\u00e9 a grande final e conquistou o t\u00edtulo de vice-campe\u00e3o Europeu Kids.<\/p>\n\n\n\n<p class=\"wp-block-paragraph\">No Brasil, o desafio foi o Campeonato Brasileiro da CBJJ, realizado em junho em S\u00e3o Paulo, uma das competi\u00e7\u00f5es mais concorridas e importantes do calend\u00e1rio nacional. Reunindo milhares de atletas de todo o pa\u00eds e tamb\u00e9m do mundo, o campeonato exige alto n\u00edvel t\u00e9cnico. Jo\u00e3o Marcos novamente mostrou seu potencial e chegou \u00e0 final, conquistando mais uma medalha de prata.<\/p>\n\n\n<div id=\"ovigi-1577603999\">\r\n<p class=\"has-text-align-center has-small-font-size wp-block-paragraph\">continua depois da publicidade<\/p>\r\n\r\n\r\n\r\n<hr class=\"wp-block-separator has-alpha-channel-opacity is-style-wide\"\/>\r\n\r\n\r\n\r\n<div class=\"wp-block-columns is-layout-flex wp-container-core-columns-is-layout-8f761849 wp-block-columns-is-layout-flex\">\r\n<div class=\"wp-block-column is-layout-flow wp-block-column-is-layout-flow\">\r\n<figure class=\"wp-block-image size-full is-resized\"><a href=\"https:\/\/www.instagram.com\/unimedleopoldina241\/\" target=\"_blank\" rel=\" noreferrer noopener\"><img decoding=\"async\" src=\"https:\/\/www.ovigilanteonline.com.br\/site\/wp-content\/uploads\/2026\/08\/unimed-materias.jpg\" alt=\"\" class=\"wp-image-455236\"\/><\/a><\/figure>\r\n<\/div>\r\n\r\n\r\n\r\n<div class=\"wp-block-column is-layout-flow wp-block-column-is-layout-flow\">\r\n<figure class=\"wp-block-image size-full\"><a href=\"https:\/\/vest.sudamerica.edu.br\/vest-2026-2\" target=\"_blank\" rel=\" noreferrer noopener\"><img decoding=\"async\" src=\"https:\/\/www.ovigilanteonline.com.br\/site\/wp-content\/uploads\/2026\/08\/sudamerica-materias.jpg\" alt=\"\" class=\"wp-image-453120\"\/><\/a><\/figure>\r\n<\/div>\r\n<\/div>\r\n\r\n\r\n\r\n<hr class=\"wp-block-separator has-alpha-channel-opacity is-style-wide\"\/>\r\n<\/div>\n\n\n<p class=\"wp-block-paragraph\">A trajet\u00f3ria internacional continuou em julho, no Pan Kids, tradicional competi\u00e7\u00e3o realizada nos Estados Unidos e considerada uma das principais disputas do Jiu-Jitsu infantil mundial. Mais uma vez, Jo\u00e3o Marcos chegou \u00e0 decis\u00e3o e terminou a competi\u00e7\u00e3o como vice-campe\u00e3o Pan Kids.<\/p>\n\n\n\n<h2 class=\"wp-block-heading\">O que \u00e9 o Grand Slam do Jiu-Jitsu?<\/h2>\n\n\n\n<p class=\"wp-block-paragraph\">Esse conjunto de grandes competi\u00e7\u00f5es \u00e9 frequentemente chamado no meio esportivo de Grand Slam do Jiu-Jitsu, justamente por reunir os campeonatos mais importantes e cobi\u00e7ados do calend\u00e1rio competitivo.<\/p>\n\n\n\n<p class=\"wp-block-paragraph\">E Jo\u00e3o Marcos, com apenas 10 anos, j\u00e1 teve a oportunidade de disputar nesses grandes palcos em 2026, chegando \u00e0 final em todos eles.<\/p>\n\n\n\n<h2 class=\"wp-block-heading\">Muito al\u00e9m das medalhas<\/h2>\n\n\n\n<p class=\"wp-block-paragraph\">Os resultados conquistados por Jo\u00e3o Marcos s\u00e3o fruto de um trabalho que vai muito al\u00e9m dos dias de competi\u00e7\u00e3o.<\/p>\n\n\n\n<p class=\"wp-block-paragraph\">O jovem atleta mant\u00e9m uma rotina de prepara\u00e7\u00e3o que envolve treinamento t\u00e9cnico de Jiu-Jitsu, prepara\u00e7\u00e3o f\u00edsica, acompanhamento nutricional e prepara\u00e7\u00e3o mental, buscando desenvolver n\u00e3o apenas seu desempenho dentro do tatame, mas tamb\u00e9m aspectos fundamentais para a forma\u00e7\u00e3o de um atleta.<\/p>\n\n\n\n<p class=\"wp-block-paragraph\">Sob o comando do professor J\u00fanior Cruz, da Ch\u00e3o Explosivo, Jo\u00e3o Marcos vem aprendendo desde cedo que o esporte exige disciplina, const\u00e2ncia, respeito, dedica\u00e7\u00e3o e capacidade de superar desafios.<\/p>\n\n\n\n<p class=\"wp-block-paragraph\">Chegar a tr\u00eas finais de grandes competi\u00e7\u00f5es internacionais e nacionais em uma mesma temporada, aos 10 anos, \u00e9 um resultado que chama a aten\u00e7\u00e3o e demonstra o potencial de um atleta que ainda tem muitos cap\u00edtulos para escrever em sua hist\u00f3ria.<\/p>\n\n\n\n<h2 class=\"wp-block-heading\">Um futuro promissor<\/h2>\n\n\n\n<p class=\"wp-block-paragraph\">Com tr\u00eas vice-campeonatos em competi\u00e7\u00f5es de alt\u00edssimo n\u00edvel \u2014 Europeu Kids, Brasileiro e Pan Kids \u2014 Jo\u00e3o Marcos encerra mais uma etapa de sua trajet\u00f3ria mostrando que est\u00e1 entre os jovens atletas que v\u00eam se destacando no cen\u00e1rio do Jiu-Jitsu.<\/p>\n\n\n\n<p class=\"wp-block-paragraph\">Mais do que medalhas, cada campeonato representa experi\u00eancia, aprendizado e evolu\u00e7\u00e3o.<\/p>\n\n\n\n<p class=\"wp-block-paragraph\">Aos 10 anos, com talento, dedica\u00e7\u00e3o e uma equipe trabalhando ao seu lado, Jo\u00e3o Marcos segue construindo, passo a passo, uma trajet\u00f3ria que promete muitos outros grandes momentos dentro e fora dos tatames.<\/p>\n\n\n\n<p class=\"wp-block-paragraph\">Jo\u00e3o Marcos: 10 anos, tr\u00eas grandes finais e um sonho que continua apenas come\u00e7ando.<\/p>\n\n\n\n<figure class=\"wp-block-gallery has-nested-images columns-default is-cropped wp-block-gallery-2 is-layout-flex wp-block-gallery-is-layout-flex\">\n<figure class=\"wp-block-image size-large\"><img loading=\"lazy\" decoding=\"async\" width=\"720\" height=\"824\" data-id=\"456445\" src=\"https:\/\/www.ovigilanteonline.com.br\/site\/wp-content\/uploads\/2026\/09\/WhatsApp-Image-2026-09-01-at-07.57.19-3.jpeg\" alt=\"\" class=\"wp-image-456445\" srcset=\"https:\/\/www.ovigilanteonline.com.br\/site\/wp-content\/uploads\/2026\/09\/WhatsApp-Image-2026-09-01-at-07.57.19-3.jpeg 720w, https:\/\/www.ovigilanteonline.com.br\/site\/wp-content\/uploads\/2026\/09\/WhatsApp-Image-2026-09-01-at-07.57.19-3-262x300.jpeg 262w\" sizes=\"auto, (max-width: 720px) 100vw, 720px\" \/><\/figure>\n\n\n\n<figure class=\"wp-block-image size-large\"><img loading=\"lazy\" decoding=\"async\" width=\"576\" height=\"1024\" data-id=\"456442\" src=\"https:\/\/www.ovigilanteonline.com.br\/site\/wp-content\/uploads\/2026\/09\/WhatsApp-Image-2026-09-01-at-07.57.18-576x1024.jpeg\" alt=\"\" class=\"wp-image-456442\" srcset=\"https:\/\/www.ovigilanteonline.com.br\/site\/wp-content\/uploads\/2026\/09\/WhatsApp-Image-2026-09-01-at-07.57.18-576x1024.jpeg 576w, https:\/\/www.ovigilanteonline.com.br\/site\/wp-content\/uploads\/2026\/09\/WhatsApp-Image-2026-09-01-at-07.57.18-169x300.jpeg 169w, https:\/\/www.ovigilanteonline.com.br\/site\/wp-content\/uploads\/2026\/09\/WhatsApp-Image-2026-09-01-at-07.57.18.jpeg 720w\" sizes=\"auto, (max-width: 576px) 100vw, 576px\" \/><\/figure>\n<\/figure>\n","protected":false},"excerpt":{"rendered":"<p>Aos 10 anos, jovem atleta da Ch\u00e3o Explosivo conquista tr\u00eas vice-campeonatos em algumas das competi\u00e7\u00f5es mais importantes do calend\u00e1rio internacional Aos apenas 10 anos de idade, o jovem atleta Jo\u00e3o Marcos Tavares Gomes vem construindo uma trajet\u00f3ria de destaque no cen\u00e1rio do Jiu-Jitsu Kids. Representando a equipe Ch\u00e3o Explosivo, sob a orienta\u00e7\u00e3o do professor J\u00fanior [&hellip;]<\/p>\n","protected":false},"author":2,"featured_media":456440,"comment_status":"open","ping_status":"closed","sticky":false,"template":"","format":"standard","meta":{"footnotes":""},"categories":[1,26],"tags":[],"class_list":["post-456439","post","type-post","status-publish","format-standard","has-post-thumbnail","hentry","category-destaque","category-ultimas-noticias"],"yoast_head":"<!-- This site is optimized with the Yoast SEO plugin v28.3 - https:\/\/yoast.com\/product\/yoast-seo-wordpress\/ -->\n<title>Leopoldinense Jo\u00e3o Marcos se destaca entre os grandes nomes do Jiu-Jitsu Kids em 2026<\/title>\n<meta name=\"robots\" content=\"index, follow, max-snippet:-1, max-image-preview:large, max-video-preview:-1\" \/>\n<link rel=\"canonical\" href=\"https:\/\/www.ovigilanteonline.com.br\/site\/2026\/09\/01\/leopoldinense-joao-marcos-se-destaca-entre-os-grandes-nomes-do-jiu-jitsu-kids-em-2026\/\" \/>\n<meta property=\"og:locale\" content=\"pt_BR\" \/>\n<meta property=\"og:type\" content=\"article\" \/>\n<meta property=\"og:title\" content=\"Leopoldinense Jo\u00e3o Marcos se destaca entre os grandes nomes do Jiu-Jitsu Kids em 2026\" \/>\n<meta property=\"og:description\" content=\"Aos 10 anos, jovem atleta da Ch\u00e3o Explosivo conquista tr\u00eas vice-campeonatos em algumas das competi\u00e7\u00f5es mais importantes do calend\u00e1rio internacional Aos apenas 10 anos de idade, o jovem atleta Jo\u00e3o Marcos Tavares Gomes vem construindo uma trajet\u00f3ria de destaque no cen\u00e1rio do Jiu-Jitsu Kids. Representando a equipe Ch\u00e3o Explosivo, sob a orienta\u00e7\u00e3o do professor J\u00fanior [&hellip;]\" \/>\n<meta property=\"og:url\" content=\"https:\/\/www.ovigilanteonline.com.br\/site\/2026\/09\/01\/leopoldinense-joao-marcos-se-destaca-entre-os-grandes-nomes-do-jiu-jitsu-kids-em-2026\/\" \/>\n<meta property=\"og:site_name\" content=\"O VIGILANTE ONLINE\" \/>\n<meta property=\"article:publisher\" content=\"https:\/\/www.facebook.com\/ovigilanteonline\" \/>\n<meta property=\"article:published_time\" content=\"2026-09-01T13:33:40+00:00\" \/>\n<meta property=\"article:modified_time\" content=\"2026-09-01T13:33:49+00:00\" \/>\n<meta property=\"og:image\" content=\"https:\/\/www.ovigilanteonline.com.br\/site\/wp-content\/uploads\/2026\/09\/65656.jpeg\" \/>\n\t<meta property=\"og:image:width\" content=\"1020\" \/>\n\t<meta property=\"og:image:height\" content=\"644\" \/>\n\t<meta property=\"og:image:type\" content=\"image\/jpeg\" \/>\n<meta name=\"author\" content=\"Jornalismo\" \/>\n<meta name=\"twitter:card\" content=\"summary_large_image\" \/>\n<meta name=\"twitter:label1\" content=\"Escrito por\" \/>\n\t<meta name=\"twitter:data1\" content=\"Jornalismo\" \/>\n\t<meta name=\"twitter:label2\" content=\"Est. tempo de leitura\" \/>\n\t<meta name=\"twitter:data2\" content=\"5 minutos\" \/>\n<script type=\"application\/ld+json\" class=\"yoast-schema-graph\">{\"@context\":\"https:\\\/\\\/schema.org\",\"@graph\":[{\"@type\":\"Article\",\"@id\":\"https:\\\/\\\/www.ovigilanteonline.com.br\\\/site\\\/2026\\\/09\\\/01\\\/leopoldinense-joao-marcos-se-destaca-entre-os-grandes-nomes-do-jiu-jitsu-kids-em-2026\\\/#article\",\"isPartOf\":{\"@id\":\"https:\\\/\\\/www.ovigilanteonline.com.br\\\/site\\\/2026\\\/09\\\/01\\\/leopoldinense-joao-marcos-se-destaca-entre-os-grandes-nomes-do-jiu-jitsu-kids-em-2026\\\/\"},\"author\":{\"name\":\"Jornalismo\",\"@id\":\"https:\\\/\\\/www.ovigilanteonline.com.br\\\/site\\\/#\\\/schema\\\/person\\\/538fdfb33c0c411cd14a732e7cf14aa6\"},\"headline\":\"Leopoldinense Jo\u00e3o Marcos se destaca entre os grandes nomes do Jiu-Jitsu Kids em 2026\",\"datePublished\":\"2026-09-01T13:33:40+00:00\",\"dateModified\":\"2026-09-01T13:33:49+00:00\",\"mainEntityOfPage\":{\"@id\":\"https:\\\/\\\/www.ovigilanteonline.com.br\\\/site\\\/2026\\\/09\\\/01\\\/leopoldinense-joao-marcos-se-destaca-entre-os-grandes-nomes-do-jiu-jitsu-kids-em-2026\\\/\"},\"wordCount\":642,\"commentCount\":0,\"image\":{\"@id\":\"https:\\\/\\\/www.ovigilanteonline.com.br\\\/site\\\/2026\\\/09\\\/01\\\/leopoldinense-joao-marcos-se-destaca-entre-os-grandes-nomes-do-jiu-jitsu-kids-em-2026\\\/#primaryimage\"},\"thumbnailUrl\":\"https:\\\/\\\/www.ovigilanteonline.com.br\\\/site\\\/wp-content\\\/uploads\\\/2026\\\/09\\\/65656.jpeg\",\"articleSection\":[\"Destaque\",\"\u00daltimas Not\u00edcias\"],\"inLanguage\":\"pt-BR\",\"potentialAction\":[{\"@type\":\"CommentAction\",\"name\":\"Comment\",\"target\":[\"https:\\\/\\\/www.ovigilanteonline.com.br\\\/site\\\/2026\\\/09\\\/01\\\/leopoldinense-joao-marcos-se-destaca-entre-os-grandes-nomes-do-jiu-jitsu-kids-em-2026\\\/#respond\"]}]},{\"@type\":\"WebPage\",\"@id\":\"https:\\\/\\\/www.ovigilanteonline.com.br\\\/site\\\/2026\\\/09\\\/01\\\/leopoldinense-joao-marcos-se-destaca-entre-os-grandes-nomes-do-jiu-jitsu-kids-em-2026\\\/\",\"url\":\"https:\\\/\\\/www.ovigilanteonline.com.br\\\/site\\\/2026\\\/09\\\/01\\\/leopoldinense-joao-marcos-se-destaca-entre-os-grandes-nomes-do-jiu-jitsu-kids-em-2026\\\/\",\"name\":\"Leopoldinense Jo\u00e3o Marcos se destaca entre os grandes nomes do Jiu-Jitsu Kids em 2026\",\"isPartOf\":{\"@id\":\"https:\\\/\\\/www.ovigilanteonline.com.br\\\/site\\\/#website\"},\"primaryImageOfPage\":{\"@id\":\"https:\\\/\\\/www.ovigilanteonline.com.br\\\/site\\\/2026\\\/09\\\/01\\\/leopoldinense-joao-marcos-se-destaca-entre-os-grandes-nomes-do-jiu-jitsu-kids-em-2026\\\/#primaryimage\"},\"image\":{\"@id\":\"https:\\\/\\\/www.ovigilanteonline.com.br\\\/site\\\/2026\\\/09\\\/01\\\/leopoldinense-joao-marcos-se-destaca-entre-os-grandes-nomes-do-jiu-jitsu-kids-em-2026\\\/#primaryimage\"},\"thumbnailUrl\":\"https:\\\/\\\/www.ovigilanteonline.com.br\\\/site\\\/wp-content\\\/uploads\\\/2026\\\/09\\\/65656.jpeg\",\"datePublished\":\"2026-09-01T13:33:40+00:00\",\"dateModified\":\"2026-09-01T13:33:49+00:00\",\"author\":{\"@id\":\"https:\\\/\\\/www.ovigilanteonline.com.br\\\/site\\\/#\\\/schema\\\/person\\\/538fdfb33c0c411cd14a732e7cf14aa6\"},\"breadcrumb\":{\"@id\":\"https:\\\/\\\/www.ovigilanteonline.com.br\\\/site\\\/2026\\\/09\\\/01\\\/leopoldinense-joao-marcos-se-destaca-entre-os-grandes-nomes-do-jiu-jitsu-kids-em-2026\\\/#breadcrumb\"},\"inLanguage\":\"pt-BR\",\"potentialAction\":[{\"@type\":\"ReadAction\",\"target\":[\"https:\\\/\\\/www.ovigilanteonline.com.br\\\/site\\\/2026\\\/09\\\/01\\\/leopoldinense-joao-marcos-se-destaca-entre-os-grandes-nomes-do-jiu-jitsu-kids-em-2026\\\/\"]}]},{\"@type\":\"ImageObject\",\"inLanguage\":\"pt-BR\",\"@id\":\"https:\\\/\\\/www.ovigilanteonline.com.br\\\/site\\\/2026\\\/09\\\/01\\\/leopoldinense-joao-marcos-se-destaca-entre-os-grandes-nomes-do-jiu-jitsu-kids-em-2026\\\/#primaryimage\",\"url\":\"https:\\\/\\\/www.ovigilanteonline.com.br\\\/site\\\/wp-content\\\/uploads\\\/2026\\\/09\\\/65656.jpeg\",\"contentUrl\":\"https:\\\/\\\/www.ovigilanteonline.com.br\\\/site\\\/wp-content\\\/uploads\\\/2026\\\/09\\\/65656.jpeg\",\"width\":1020,\"height\":644},{\"@type\":\"BreadcrumbList\",\"@id\":\"https:\\\/\\\/www.ovigilanteonline.com.br\\\/site\\\/2026\\\/09\\\/01\\\/leopoldinense-joao-marcos-se-destaca-entre-os-grandes-nomes-do-jiu-jitsu-kids-em-2026\\\/#breadcrumb\",\"itemListElement\":[{\"@type\":\"ListItem\",\"position\":1,\"name\":\"In\u00edcio\",\"item\":\"https:\\\/\\\/www.ovigilanteonline.com.br\\\/site\\\/\"},{\"@type\":\"ListItem\",\"position\":2,\"name\":\"Leopoldinense Jo\u00e3o Marcos se destaca entre os grandes nomes do Jiu-Jitsu Kids em 2026\"}]},{\"@type\":\"WebSite\",\"@id\":\"https:\\\/\\\/www.ovigilanteonline.com.br\\\/site\\\/#website\",\"url\":\"https:\\\/\\\/www.ovigilanteonline.com.br\\\/site\\\/\",\"name\":\"O VIGILANTE ONLINE - Not\u00edcias de Leopoldina e regi\u00e3o\",\"description\":\"\",\"potentialAction\":[{\"@type\":\"SearchAction\",\"target\":{\"@type\":\"EntryPoint\",\"urlTemplate\":\"https:\\\/\\\/www.ovigilanteonline.com.br\\\/site\\\/?s={search_term_string}\"},\"query-input\":{\"@type\":\"PropertyValueSpecification\",\"valueRequired\":true,\"valueName\":\"search_term_string\"}}],\"inLanguage\":\"pt-BR\"},{\"@type\":\"Person\",\"@id\":\"https:\\\/\\\/www.ovigilanteonline.com.br\\\/site\\\/#\\\/schema\\\/person\\\/538fdfb33c0c411cd14a732e7cf14aa6\",\"name\":\"Jornalismo\"}]}<\/script>\n<!-- \/ Yoast SEO plugin. -->","yoast_head_json":{"title":"Leopoldinense Jo\u00e3o Marcos se destaca entre os grandes nomes do Jiu-Jitsu Kids em 2026","robots":{"index":"index","follow":"follow","max-snippet":"max-snippet:-1","max-image-preview":"max-image-preview:large","max-video-preview":"max-video-preview:-1"},"canonical":"https:\/\/www.ovigilanteonline.com.br\/site\/2026\/09\/01\/leopoldinense-joao-marcos-se-destaca-entre-os-grandes-nomes-do-jiu-jitsu-kids-em-2026\/","og_locale":"pt_BR","og_type":"article","og_title":"Leopoldinense Jo\u00e3o Marcos se destaca entre os grandes nomes do Jiu-Jitsu Kids em 2026","og_description":"Aos 10 anos, jovem atleta da Ch\u00e3o Explosivo conquista tr\u00eas vice-campeonatos em algumas das competi\u00e7\u00f5es mais importantes do calend\u00e1rio internacional Aos apenas 10 anos de idade, o jovem atleta Jo\u00e3o Marcos Tavares Gomes vem construindo uma trajet\u00f3ria de destaque no cen\u00e1rio do Jiu-Jitsu Kids. Representando a equipe Ch\u00e3o Explosivo, sob a orienta\u00e7\u00e3o do professor J\u00fanior [&hellip;]","og_url":"https:\/\/www.ovigilanteonline.com.br\/site\/2026\/09\/01\/leopoldinense-joao-marcos-se-destaca-entre-os-grandes-nomes-do-jiu-jitsu-kids-em-2026\/","og_site_name":"O VIGILANTE ONLINE","article_publisher":"https:\/\/www.facebook.com\/ovigilanteonline","article_published_time":"2026-09-01T13:33:40+00:00","article_modified_time":"2026-09-01T13:33:49+00:00","og_image":[{"width":1020,"height":644,"url":"https:\/\/www.ovigilanteonline.com.br\/site\/wp-content\/uploads\/2026\/09\/65656.jpeg","type":"image\/jpeg"}],"author":"Jornalismo","twitter_card":"summary_large_image","twitter_misc":{"Escrito por":"Jornalismo","Est. tempo de leitura":"5 minutos"},"schema":{"@context":"https:\/\/schema.org","@graph":[{"@type":"Article","@id":"https:\/\/www.ovigilanteonline.com.br\/site\/2026\/09\/01\/leopoldinense-joao-marcos-se-destaca-entre-os-grandes-nomes-do-jiu-jitsu-kids-em-2026\/#article","isPartOf":{"@id":"https:\/\/www.ovigilanteonline.com.br\/site\/2026\/09\/01\/leopoldinense-joao-marcos-se-destaca-entre-os-grandes-nomes-do-jiu-jitsu-kids-em-2026\/"},"author":{"name":"Jornalismo","@id":"https:\/\/www.ovigilanteonline.com.br\/site\/#\/schema\/person\/538fdfb33c0c411cd14a732e7cf14aa6"},"headline":"Leopoldinense Jo\u00e3o Marcos se destaca entre os grandes nomes do Jiu-Jitsu Kids em 2026","datePublished":"2026-09-01T13:33:40+00:00","dateModified":"2026-09-01T13:33:49+00:00","mainEntityOfPage":{"@id":"https:\/\/www.ovigilanteonline.com.br\/site\/2026\/09\/01\/leopoldinense-joao-marcos-se-destaca-entre-os-grandes-nomes-do-jiu-jitsu-kids-em-2026\/"},"wordCount":642,"commentCount":0,"image":{"@id":"https:\/\/www.ovigilanteonline.com.br\/site\/2026\/09\/01\/leopoldinense-joao-marcos-se-destaca-entre-os-grandes-nomes-do-jiu-jitsu-kids-em-2026\/#primaryimage"},"thumbnailUrl":"https:\/\/www.ovigilanteonline.com.br\/site\/wp-content\/uploads\/2026\/09\/65656.jpeg","articleSection":["Destaque","\u00daltimas Not\u00edcias"],"inLanguage":"pt-BR","potentialAction":[{"@type":"CommentAction","name":"Comment","target":["https:\/\/www.ovigilanteonline.com.br\/site\/2026\/09\/01\/leopoldinense-joao-marcos-se-destaca-entre-os-grandes-nomes-do-jiu-jitsu-kids-em-2026\/#respond"]}]},{"@type":"WebPage","@id":"https:\/\/www.ovigilanteonline.com.br\/site\/2026\/09\/01\/leopoldinense-joao-marcos-se-destaca-entre-os-grandes-nomes-do-jiu-jitsu-kids-em-2026\/","url":"https:\/\/www.ovigilanteonline.com.br\/site\/2026\/09\/01\/leopoldinense-joao-marcos-se-destaca-entre-os-grandes-nomes-do-jiu-jitsu-kids-em-2026\/","name":"Leopoldinense Jo\u00e3o Marcos se destaca entre os grandes nomes do Jiu-Jitsu Kids em 2026","isPartOf":{"@id":"https:\/\/www.ovigilanteonline.com.br\/site\/#website"},"primaryImageOfPage":{"@id":"https:\/\/www.ovigilanteonline.com.br\/site\/2026\/09\/01\/leopoldinense-joao-marcos-se-destaca-entre-os-grandes-nomes-do-jiu-jitsu-kids-em-2026\/#primaryimage"},"image":{"@id":"https:\/\/www.ovigilanteonline.com.br\/site\/2026\/09\/01\/leopoldinense-joao-marcos-se-destaca-entre-os-grandes-nomes-do-jiu-jitsu-kids-em-2026\/#primaryimage"},"thumbnailUrl":"https:\/\/www.ovigilanteonline.com.br\/site\/wp-content\/uploads\/2026\/09\/65656.jpeg","datePublished":"2026-09-01T13:33:40+00:00","dateModified":"2026-09-01T13:33:49+00:00","author":{"@id":"https:\/\/www.ovigilanteonline.com.br\/site\/#\/schema\/person\/538fdfb33c0c411cd14a732e7cf14aa6"},"breadcrumb":{"@id":"https:\/\/www.ovigilanteonline.com.br\/site\/2026\/09\/01\/leopoldinense-joao-marcos-se-destaca-entre-os-grandes-nomes-do-jiu-jitsu-kids-em-2026\/#breadcrumb"},"inLanguage":"pt-BR","potentialAction":[{"@type":"ReadAction","target":["https:\/\/www.ovigilanteonline.com.br\/site\/2026\/09\/01\/leopoldinense-joao-marcos-se-destaca-entre-os-grandes-nomes-do-jiu-jitsu-kids-em-2026\/"]}]},{"@type":"ImageObject","inLanguage":"pt-BR","@id":"https:\/\/www.ovigilanteonline.com.br\/site\/2026\/09\/01\/leopoldinense-joao-marcos-se-destaca-entre-os-grandes-nomes-do-jiu-jitsu-kids-em-2026\/#primaryimage","url":"https:\/\/www.ovigilanteonline.com.br\/site\/wp-content\/uploads\/2026\/09\/65656.jpeg","contentUrl":"https:\/\/www.ovigilanteonline.com.br\/site\/wp-content\/uploads\/2026\/09\/65656.jpeg","width":1020,"height":644},{"@type":"BreadcrumbList","@id":"https:\/\/www.ovigilanteonline.com.br\/site\/2026\/09\/01\/leopoldinense-joao-marcos-se-destaca-entre-os-grandes-nomes-do-jiu-jitsu-kids-em-2026\/#breadcrumb","itemListElement":[{"@type":"ListItem","position":1,"name":"In\u00edcio","item":"https:\/\/www.ovigilanteonline.com.br\/site\/"},{"@type":"ListItem","position":2,"name":"Leopoldinense Jo\u00e3o Marcos se destaca entre os grandes nomes do Jiu-Jitsu Kids em 2026"}]},{"@type":"WebSite","@id":"https:\/\/www.ovigilanteonline.com.br\/site\/#website","url":"https:\/\/www.ovigilanteonline.com.br\/site\/","name":"O VIGILANTE ONLINE - Not\u00edcias de Leopoldina e regi\u00e3o","description":"","potentialAction":[{"@type":"SearchAction","target":{"@type":"EntryPoint","urlTemplate":"https:\/\/www.ovigilanteonline.com.br\/site\/?s={search_term_string}"},"query-input":{"@type":"PropertyValueSpecification","valueRequired":true,"valueName":"search_term_string"}}],"inLanguage":"pt-BR"},{"@type":"Person","@id":"https:\/\/www.ovigilanteonline.com.br\/site\/#\/schema\/person\/538fdfb33c0c411cd14a732e7cf14aa6","name":"Jornalismo"}]}},"cc_featured_image_caption":{"caption_text":"","source_text":"","source_url":""},"_links":{"self":[{"href":"https:\/\/www.ovigilanteonline.com.br\/site\/wp-json\/wp\/v2\/posts\/456439","targetHints":{"allow":["GET"]}}],"collection":[{"href":"https:\/\/www.ovigilanteonline.com.br\/site\/wp-json\/wp\/v2\/posts"}],"about":[{"href":"https:\/\/www.ovigilanteonline.com.br\/site\/wp-json\/wp\/v2\/types\/post"}],"author":[{"embeddable":true,"href":"https:\/\/www.ovigilanteonline.com.br\/site\/wp-json\/wp\/v2\/users\/2"}],"replies":[{"embeddable":true,"href":"https:\/\/www.ovigilanteonline.com.br\/site\/wp-json\/wp\/v2\/comments?post=456439"}],"version-history":[{"count":2,"href":"https:\/\/www.ovigilanteonline.com.br\/site\/wp-json\/wp\/v2\/posts\/456439\/revisions"}],"predecessor-version":[{"id":456452,"href":"https:\/\/www.ovigilanteonline.com.br\/site\/wp-json\/wp\/v2\/posts\/456439\/revisions\/456452"}],"wp:featuredmedia":[{"embeddable":true,"href":"https:\/\/www.ovigilanteonline.com.br\/site\/wp-json\/wp\/v2\/media\/456440"}],"wp:attachment":[{"href":"https:\/\/www.ovigilanteonline.com.br\/site\/wp-json\/wp\/v2\/media?parent=456439"}],"wp:term":[{"taxonomy":"category","embeddable":true,"href":"https:\/\/www.ovigilanteonline.com.br\/site\/wp-json\/wp\/v2\/categories?post=456439"},{"taxonomy":"post_tag","embeddable":true,"href":"https:\/\/www.ovigilanteonline.com.br\/site\/wp-json\/wp\/v2\/tags?post=456439"}],"curies":[{"name":"wp","href":"https:\/\/api.w.org\/{rel}","templated":true}]}}