{"id":456429,"date":"2026-08-31T13:50:21","date_gmt":"2026-08-31T16:50:21","guid":{"rendered":"https:\/\/www.ovigilanteonline.com.br\/site\/?p=456429"},"modified":"2026-08-31T13:50:32","modified_gmt":"2026-08-31T16:50:32","slug":"licenciamento-de-veiculos-comeca-a-ser-cobrado-a-partir-desta-terca-feira-em-minas","status":"publish","type":"post","link":"https:\/\/www.ovigilanteonline.com.br\/site\/2026\/08\/31\/licenciamento-de-veiculos-comeca-a-ser-cobrado-a-partir-desta-terca-feira-em-minas\/","title":{"rendered":"Licenciamento de ve\u00edculos come\u00e7a a ser cobrado a partir desta ter\u00e7a-feira em Minas"},"content":{"rendered":"<div id=\"ovigi-3223864596\" class=\"ovigi-inicio-post-interno ovigi-entity-placement\" style=\"margin-left: auto;margin-right: auto;text-align: center;\"><a href=\"https:\/\/onelink.to\/tfjfd3?utm_source=ig&#038;utm_medium=social&#038;utm_content=link_in_bio&#038;fbclid=PAcGRvZgJleHRuA2FlbQIxMQBzcnRjBmFwcF9pZA85MzY2MTk3NDMzOTI0NTkAAacgW20vIuhakYBCxZduUBbwssdSFoAQ7exuq7BFVvR-PR9sdpzVWlAvY7yZog_aem__Bn7V7eJEMspatV_tVfmIA\" target=\"_blank\" aria-label=\"ARTE GIF\"><img decoding=\"async\" src=\"https:\/\/www.ovigilanteonline.com.br\/site\/wp-content\/uploads\/2026\/05\/ARTE-GIF.gif\" alt=\"\"    \/><\/a><\/div>\n<h3 class=\"wp-block-heading\"><strong><em>Autom\u00f3veis com finais de placa 1, 2 e 3 devem ser licenciados at\u00e9 este dia 31<\/em><\/strong><\/h3>\n\n\n\n<p class=\"wp-block-paragraph\">Come\u00e7a nesta ter\u00e7a-feira, 1\u00ba de setembro, a cobran\u00e7a do Certificado de Registro e Licenciamento de Ve\u00edculo (CRLV) 2025 em Minas. O documento comprova que o autom\u00f3vel est\u00e1 em condi\u00e7\u00f5es legais de circular. Quem for flagrado sem o CRLV ser\u00e1 multado.<\/p>\n\n\n\n<p class=\"wp-block-paragraph\">Os prazos variam conforme as placas dos carros. Autom\u00f3veis com finais de placa 1, 2 e 3 devem ser licenciados at\u00e9 31\/8. J\u00e1 em 4, 5 e 6 t\u00eam at\u00e9 30\/9 para realizar o licenciamento. Aqueles com finais de placa 7, 8, 9 e 0 t\u00eam prazo at\u00e9 31\/10.<\/p><div id=\"ovigi-2104123109\" class=\"ovigi-conteudo_2-3 ovigi-entity-placement\"><script async src=\"\/\/pagead2.googlesyndication.com\/pagead\/js\/adsbygoogle.js?client=ca-pub-4068173061741521\" crossorigin=\"anonymous\"><\/script><ins class=\"adsbygoogle\" style=\"display:block; text-align:center;\" data-ad-client=\"ca-pub-4068173061741521\" \ndata-ad-slot=\"6460393376\" \ndata-ad-layout=\"in-article\"\ndata-ad-format=\"fluid\"><\/ins>\n<script> \n(adsbygoogle = window.adsbygoogle || []).push({}); \n<\/script>\n<\/div><div id=\"ovigi-169402138\" class=\"ovigi-conteudo_2-2 ovigi-entity-placement\"><script async src=\"\/\/pagead2.googlesyndication.com\/pagead\/js\/adsbygoogle.js?client=ca-pub-4068173061741521\" crossorigin=\"anonymous\"><\/script><ins class=\"adsbygoogle\" style=\"display:block; text-align:center;\" data-ad-client=\"ca-pub-4068173061741521\" \ndata-ad-slot=\"6460393376\" \ndata-ad-layout=\"in-article\"\ndata-ad-format=\"fluid\"><\/ins>\n<script> \n(adsbygoogle = window.adsbygoogle || []).push({}); \n<\/script>\n<\/div><div id=\"ovigi-3050313924\" class=\"ovigi-conteudo_2 ovigi-entity-placement\"><script async src=\"\/\/pagead2.googlesyndication.com\/pagead\/js\/adsbygoogle.js?client=ca-pub-4068173061741521\" crossorigin=\"anonymous\"><\/script><ins class=\"adsbygoogle\" style=\"display:block; text-align:center;\" data-ad-client=\"ca-pub-4068173061741521\" \ndata-ad-slot=\"6460393376\" \ndata-ad-layout=\"in-article\"\ndata-ad-format=\"fluid\"><\/ins>\n<script> \n(adsbygoogle = window.adsbygoogle || []).push({}); \n<\/script>\n<\/div><div id=\"ovigi-1788722001\" class=\"ovigi-conteudo_2-4 ovigi-entity-placement\"><script async src=\"\/\/pagead2.googlesyndication.com\/pagead\/js\/adsbygoogle.js?client=ca-pub-4068173061741521\" crossorigin=\"anonymous\"><\/script><ins class=\"adsbygoogle\" style=\"display:block; text-align:center;\" data-ad-client=\"ca-pub-4068173061741521\" \ndata-ad-slot=\"6460393376\" \ndata-ad-layout=\"in-article\"\ndata-ad-format=\"fluid\"><\/ins>\n<script> \n(adsbygoogle = window.adsbygoogle || []).push({}); \n<\/script>\n<\/div>\n\n\n\n<p class=\"wp-block-paragraph\">O CRLV deve ser portado em formato impresso ou digital, junto \u00e0 Carteira Nacional de Habilita\u00e7\u00e3o (CNH).<\/p>\n\n\n\n<p class=\"wp-block-paragraph\">Ve\u00edculos que circulam sem o licenciamento podem receber infra\u00e7\u00e3o grav\u00edssima, sujeita \u00e0 multa no valor de R$ 293,47, sete pontos na CNH e remo\u00e7\u00e3o do ve\u00edculo para um p\u00e1tio credenciado at\u00e9 a regulariza\u00e7\u00e3o da situa\u00e7\u00e3o.<\/p>\n\n\n\n<p class=\"wp-block-paragraph\"><strong>Como acessar o CRLV<br><\/strong>O documento pode ser acessado pelo aplicativo Carteira Digital de Tr\u00e2nsito (CDT), pelo MG App, pelo portal da Secretaria Nacional de Tr\u00e2nsito (Senatran) ou no site da Coordenadoria Estadual de Gest\u00e3o de Tr\u00e2nsito (CET-MG), que \u00e9 o <a href=\"http:\/\/www.transito.mg.gov.br\" target=\"_blank\" rel=\"noreferrer noopener\">https:\/\/detran.mg.gov.br\/veiculos<\/a>.<\/p>\n\n\n<div id=\"ovigi-3599997814\">\r\n<p class=\"has-text-align-center has-small-font-size wp-block-paragraph\">continua depois da publicidade<\/p>\r\n\r\n\r\n\r\n<hr class=\"wp-block-separator has-alpha-channel-opacity is-style-wide\"\/>\r\n\r\n\r\n\r\n<div class=\"wp-block-columns is-layout-flex wp-container-core-columns-is-layout-8f761849 wp-block-columns-is-layout-flex\">\r\n<div class=\"wp-block-column is-layout-flow wp-block-column-is-layout-flow\">\r\n<figure class=\"wp-block-image size-full is-resized\"><a href=\"https:\/\/www.instagram.com\/unimedleopoldina241\/\" target=\"_blank\" rel=\" noreferrer noopener\"><img decoding=\"async\" src=\"https:\/\/www.ovigilanteonline.com.br\/site\/wp-content\/uploads\/2026\/08\/unimed-materias.jpg\" alt=\"\" class=\"wp-image-455236\"\/><\/a><\/figure>\r\n<\/div>\r\n\r\n\r\n\r\n<div class=\"wp-block-column is-layout-flow wp-block-column-is-layout-flow\">\r\n<figure class=\"wp-block-image size-full\"><a href=\"https:\/\/vest.sudamerica.edu.br\/vest-2026-2\" target=\"_blank\" rel=\" noreferrer noopener\"><img decoding=\"async\" src=\"https:\/\/www.ovigilanteonline.com.br\/site\/wp-content\/uploads\/2026\/08\/sudamerica-materias.jpg\" alt=\"\" class=\"wp-image-453120\"\/><\/a><\/figure>\r\n<\/div>\r\n<\/div>\r\n\r\n\r\n\r\n<hr class=\"wp-block-separator has-alpha-channel-opacity is-style-wide\"\/>\r\n<\/div>\n\n\n<p class=\"wp-block-paragraph\">L\u00e1, basta acessar a aba \u201cve\u00edculos\u201d, clicar em \u201cemitir o CRLV\u201d e preencher o formul\u00e1rio eletr\u00f4nico. O documento poder\u00e1 ser impresso quantas vezes forem necess\u00e1rias.<\/p>\n\n\n\n<p class=\"wp-block-paragraph\">O aplicativo CDT e o MG App est\u00e3o dispon\u00edveis para aparelhos com sistemas operacionais Android e iOS. O propriet\u00e1rio deve cadastrar-se usando a conta gov.br e adicionar o CRLV na se\u00e7\u00e3o de ve\u00edculos do app.<\/p>\n\n\n\n<p class=\"wp-block-paragraph\">Para a emiss\u00e3o do CRLV 2025, \u00e9 necess\u00e1rio que o propriet\u00e1rio do ve\u00edculo tenha quitado o Imposto sobre a Propriedade de Ve\u00edculos Automotores (IPVA), a Taxa de Renova\u00e7\u00e3o do Licenciamento Anual (TRLAV) e todas as multas vencidas, al\u00e9m de n\u00e3o haver restri\u00e7\u00f5es judiciais ou administrativas que impe\u00e7am a emiss\u00e3o do documento.<\/p>\n\n\n\n<p class=\"wp-block-paragraph\"><strong>E quem tem pend\u00eancias?<br><\/strong>A CET-MG recomenda aos propriet\u00e1rios de ve\u00edculos conferir a documenta\u00e7\u00e3o e regularizar eventuais pend\u00eancias antes de sair de casa.<\/p>\n\n\n\n<p class=\"wp-block-paragraph\">Para saber se h\u00e1 pend\u00eancias, \u00e9 preciso acessar o site da CET-MG e, na p\u00e1gina inicial, clicar em \u201cconsultar a situa\u00e7\u00e3o do ve\u00edculo\u201d. Se houver pend\u00eancias, ele poder\u00e1 emitir as guias para pagamento no pr\u00f3prio site.<\/p>\n\n\n\n<p class=\"wp-block-paragraph\">Segundo o Governo de Minas, durante abordagens de tr\u00e2nsito ser\u00e1 garantido ao condutor ou propriet\u00e1rio quitar eventuais d\u00e9bitos e regularizar a situa\u00e7\u00e3o do ve\u00edculo para evitar a remo\u00e7\u00e3o, conforme prev\u00ea a Lei Estadual 25.070\/2024.<\/p>\n\n\n\n<p class=\"wp-block-paragraph\">D\u00e9bitos de outros estados ou entes federais, ou mesmo inscri\u00e7\u00f5es em d\u00edvida ativa, podem exigir procedimentos adicionais para regulariza\u00e7\u00e3o.<\/p>\n\n\n\n<p class=\"wp-block-paragraph\"><em>*Com Jornal Hoje em Dia<\/em><\/p>\n","protected":false},"excerpt":{"rendered":"<p>Autom\u00f3veis com finais de placa 1, 2 e 3 devem ser licenciados at\u00e9 este dia 31 Come\u00e7a nesta ter\u00e7a-feira, 1\u00ba de setembro, a cobran\u00e7a do Certificado de Registro e Licenciamento de Ve\u00edculo (CRLV) 2025 em Minas. O documento comprova que o autom\u00f3vel est\u00e1 em condi\u00e7\u00f5es legais de circular. Quem for flagrado sem o CRLV ser\u00e1 [&hellip;]<\/p>\n","protected":false},"author":2,"featured_media":404696,"comment_status":"open","ping_status":"closed","sticky":false,"template":"","format":"standard","meta":{"footnotes":""},"categories":[1,26],"tags":[],"class_list":["post-456429","post","type-post","status-publish","format-standard","has-post-thumbnail","hentry","category-destaque","category-ultimas-noticias"],"yoast_head":"<!-- This site is optimized with the Yoast SEO plugin v28.3 - https:\/\/yoast.com\/product\/yoast-seo-wordpress\/ -->\n<title>Licenciamento de ve\u00edculos come\u00e7a a ser cobrado a partir desta ter\u00e7a-feira em Minas<\/title>\n<meta name=\"robots\" content=\"index, follow, max-snippet:-1, max-image-preview:large, max-video-preview:-1\" \/>\n<link rel=\"canonical\" href=\"https:\/\/www.ovigilanteonline.com.br\/site\/2026\/08\/31\/licenciamento-de-veiculos-comeca-a-ser-cobrado-a-partir-desta-terca-feira-em-minas\/\" \/>\n<meta property=\"og:locale\" content=\"pt_BR\" \/>\n<meta property=\"og:type\" content=\"article\" \/>\n<meta property=\"og:title\" content=\"Licenciamento de ve\u00edculos come\u00e7a a ser cobrado a partir desta ter\u00e7a-feira em Minas\" \/>\n<meta property=\"og:description\" content=\"Autom\u00f3veis com finais de placa 1, 2 e 3 devem ser licenciados at\u00e9 este dia 31 Come\u00e7a nesta ter\u00e7a-feira, 1\u00ba de setembro, a cobran\u00e7a do Certificado de Registro e Licenciamento de Ve\u00edculo (CRLV) 2025 em Minas. O documento comprova que o autom\u00f3vel est\u00e1 em condi\u00e7\u00f5es legais de circular. Quem for flagrado sem o CRLV ser\u00e1 [&hellip;]\" \/>\n<meta property=\"og:url\" content=\"https:\/\/www.ovigilanteonline.com.br\/site\/2026\/08\/31\/licenciamento-de-veiculos-comeca-a-ser-cobrado-a-partir-desta-terca-feira-em-minas\/\" \/>\n<meta property=\"og:site_name\" content=\"O VIGILANTE ONLINE\" \/>\n<meta property=\"article:publisher\" content=\"https:\/\/www.facebook.com\/ovigilanteonline\" \/>\n<meta property=\"article:published_time\" content=\"2026-08-31T16:50:21+00:00\" \/>\n<meta property=\"article:modified_time\" content=\"2026-08-31T16:50:32+00:00\" \/>\n<meta property=\"og:image\" content=\"https:\/\/www.ovigilanteonline.com.br\/site\/wp-content\/uploads\/2022\/04\/transito-leopoldina-o-vigilante-online-4.jpg\" \/>\n\t<meta property=\"og:image:width\" content=\"900\" \/>\n\t<meta property=\"og:image:height\" content=\"505\" \/>\n\t<meta property=\"og:image:type\" content=\"image\/jpeg\" \/>\n<meta name=\"author\" content=\"Jornalismo\" \/>\n<meta name=\"twitter:card\" content=\"summary_large_image\" \/>\n<meta name=\"twitter:label1\" content=\"Escrito por\" \/>\n\t<meta name=\"twitter:data1\" content=\"Jornalismo\" \/>\n\t<meta name=\"twitter:label2\" content=\"Est. tempo de leitura\" \/>\n\t<meta name=\"twitter:data2\" content=\"3 minutos\" \/>\n<script type=\"application\/ld+json\" class=\"yoast-schema-graph\">{\"@context\":\"https:\\\/\\\/schema.org\",\"@graph\":[{\"@type\":\"Article\",\"@id\":\"https:\\\/\\\/www.ovigilanteonline.com.br\\\/site\\\/2026\\\/08\\\/31\\\/licenciamento-de-veiculos-comeca-a-ser-cobrado-a-partir-desta-terca-feira-em-minas\\\/#article\",\"isPartOf\":{\"@id\":\"https:\\\/\\\/www.ovigilanteonline.com.br\\\/site\\\/2026\\\/08\\\/31\\\/licenciamento-de-veiculos-comeca-a-ser-cobrado-a-partir-desta-terca-feira-em-minas\\\/\"},\"author\":{\"name\":\"Jornalismo\",\"@id\":\"https:\\\/\\\/www.ovigilanteonline.com.br\\\/site\\\/#\\\/schema\\\/person\\\/538fdfb33c0c411cd14a732e7cf14aa6\"},\"headline\":\"Licenciamento de ve\u00edculos come\u00e7a a ser cobrado a partir desta ter\u00e7a-feira em Minas\",\"datePublished\":\"2026-08-31T16:50:21+00:00\",\"dateModified\":\"2026-08-31T16:50:32+00:00\",\"mainEntityOfPage\":{\"@id\":\"https:\\\/\\\/www.ovigilanteonline.com.br\\\/site\\\/2026\\\/08\\\/31\\\/licenciamento-de-veiculos-comeca-a-ser-cobrado-a-partir-desta-terca-feira-em-minas\\\/\"},\"wordCount\":486,\"commentCount\":0,\"image\":{\"@id\":\"https:\\\/\\\/www.ovigilanteonline.com.br\\\/site\\\/2026\\\/08\\\/31\\\/licenciamento-de-veiculos-comeca-a-ser-cobrado-a-partir-desta-terca-feira-em-minas\\\/#primaryimage\"},\"thumbnailUrl\":\"https:\\\/\\\/www.ovigilanteonline.com.br\\\/site\\\/wp-content\\\/uploads\\\/2022\\\/04\\\/transito-leopoldina-o-vigilante-online-4.jpg\",\"articleSection\":[\"Destaque\",\"\u00daltimas Not\u00edcias\"],\"inLanguage\":\"pt-BR\",\"potentialAction\":[{\"@type\":\"CommentAction\",\"name\":\"Comment\",\"target\":[\"https:\\\/\\\/www.ovigilanteonline.com.br\\\/site\\\/2026\\\/08\\\/31\\\/licenciamento-de-veiculos-comeca-a-ser-cobrado-a-partir-desta-terca-feira-em-minas\\\/#respond\"]}]},{\"@type\":\"WebPage\",\"@id\":\"https:\\\/\\\/www.ovigilanteonline.com.br\\\/site\\\/2026\\\/08\\\/31\\\/licenciamento-de-veiculos-comeca-a-ser-cobrado-a-partir-desta-terca-feira-em-minas\\\/\",\"url\":\"https:\\\/\\\/www.ovigilanteonline.com.br\\\/site\\\/2026\\\/08\\\/31\\\/licenciamento-de-veiculos-comeca-a-ser-cobrado-a-partir-desta-terca-feira-em-minas\\\/\",\"name\":\"Licenciamento de ve\u00edculos come\u00e7a a ser cobrado a partir desta ter\u00e7a-feira em Minas\",\"isPartOf\":{\"@id\":\"https:\\\/\\\/www.ovigilanteonline.com.br\\\/site\\\/#website\"},\"primaryImageOfPage\":{\"@id\":\"https:\\\/\\\/www.ovigilanteonline.com.br\\\/site\\\/2026\\\/08\\\/31\\\/licenciamento-de-veiculos-comeca-a-ser-cobrado-a-partir-desta-terca-feira-em-minas\\\/#primaryimage\"},\"image\":{\"@id\":\"https:\\\/\\\/www.ovigilanteonline.com.br\\\/site\\\/2026\\\/08\\\/31\\\/licenciamento-de-veiculos-comeca-a-ser-cobrado-a-partir-desta-terca-feira-em-minas\\\/#primaryimage\"},\"thumbnailUrl\":\"https:\\\/\\\/www.ovigilanteonline.com.br\\\/site\\\/wp-content\\\/uploads\\\/2022\\\/04\\\/transito-leopoldina-o-vigilante-online-4.jpg\",\"datePublished\":\"2026-08-31T16:50:21+00:00\",\"dateModified\":\"2026-08-31T16:50:32+00:00\",\"author\":{\"@id\":\"https:\\\/\\\/www.ovigilanteonline.com.br\\\/site\\\/#\\\/schema\\\/person\\\/538fdfb33c0c411cd14a732e7cf14aa6\"},\"breadcrumb\":{\"@id\":\"https:\\\/\\\/www.ovigilanteonline.com.br\\\/site\\\/2026\\\/08\\\/31\\\/licenciamento-de-veiculos-comeca-a-ser-cobrado-a-partir-desta-terca-feira-em-minas\\\/#breadcrumb\"},\"inLanguage\":\"pt-BR\",\"potentialAction\":[{\"@type\":\"ReadAction\",\"target\":[\"https:\\\/\\\/www.ovigilanteonline.com.br\\\/site\\\/2026\\\/08\\\/31\\\/licenciamento-de-veiculos-comeca-a-ser-cobrado-a-partir-desta-terca-feira-em-minas\\\/\"]}]},{\"@type\":\"ImageObject\",\"inLanguage\":\"pt-BR\",\"@id\":\"https:\\\/\\\/www.ovigilanteonline.com.br\\\/site\\\/2026\\\/08\\\/31\\\/licenciamento-de-veiculos-comeca-a-ser-cobrado-a-partir-desta-terca-feira-em-minas\\\/#primaryimage\",\"url\":\"https:\\\/\\\/www.ovigilanteonline.com.br\\\/site\\\/wp-content\\\/uploads\\\/2022\\\/04\\\/transito-leopoldina-o-vigilante-online-4.jpg\",\"contentUrl\":\"https:\\\/\\\/www.ovigilanteonline.com.br\\\/site\\\/wp-content\\\/uploads\\\/2022\\\/04\\\/transito-leopoldina-o-vigilante-online-4.jpg\",\"width\":900,\"height\":505},{\"@type\":\"BreadcrumbList\",\"@id\":\"https:\\\/\\\/www.ovigilanteonline.com.br\\\/site\\\/2026\\\/08\\\/31\\\/licenciamento-de-veiculos-comeca-a-ser-cobrado-a-partir-desta-terca-feira-em-minas\\\/#breadcrumb\",\"itemListElement\":[{\"@type\":\"ListItem\",\"position\":1,\"name\":\"In\u00edcio\",\"item\":\"https:\\\/\\\/www.ovigilanteonline.com.br\\\/site\\\/\"},{\"@type\":\"ListItem\",\"position\":2,\"name\":\"Licenciamento de ve\u00edculos come\u00e7a a ser cobrado a partir desta ter\u00e7a-feira em Minas\"}]},{\"@type\":\"WebSite\",\"@id\":\"https:\\\/\\\/www.ovigilanteonline.com.br\\\/site\\\/#website\",\"url\":\"https:\\\/\\\/www.ovigilanteonline.com.br\\\/site\\\/\",\"name\":\"O VIGILANTE ONLINE - Not\u00edcias de Leopoldina e regi\u00e3o\",\"description\":\"\",\"potentialAction\":[{\"@type\":\"SearchAction\",\"target\":{\"@type\":\"EntryPoint\",\"urlTemplate\":\"https:\\\/\\\/www.ovigilanteonline.com.br\\\/site\\\/?s={search_term_string}\"},\"query-input\":{\"@type\":\"PropertyValueSpecification\",\"valueRequired\":true,\"valueName\":\"search_term_string\"}}],\"inLanguage\":\"pt-BR\"},{\"@type\":\"Person\",\"@id\":\"https:\\\/\\\/www.ovigilanteonline.com.br\\\/site\\\/#\\\/schema\\\/person\\\/538fdfb33c0c411cd14a732e7cf14aa6\",\"name\":\"Jornalismo\"}]}<\/script>\n<!-- \/ Yoast SEO plugin. -->","yoast_head_json":{"title":"Licenciamento de ve\u00edculos come\u00e7a a ser cobrado a partir desta ter\u00e7a-feira em Minas","robots":{"index":"index","follow":"follow","max-snippet":"max-snippet:-1","max-image-preview":"max-image-preview:large","max-video-preview":"max-video-preview:-1"},"canonical":"https:\/\/www.ovigilanteonline.com.br\/site\/2026\/08\/31\/licenciamento-de-veiculos-comeca-a-ser-cobrado-a-partir-desta-terca-feira-em-minas\/","og_locale":"pt_BR","og_type":"article","og_title":"Licenciamento de ve\u00edculos come\u00e7a a ser cobrado a partir desta ter\u00e7a-feira em Minas","og_description":"Autom\u00f3veis com finais de placa 1, 2 e 3 devem ser licenciados at\u00e9 este dia 31 Come\u00e7a nesta ter\u00e7a-feira, 1\u00ba de setembro, a cobran\u00e7a do Certificado de Registro e Licenciamento de Ve\u00edculo (CRLV) 2025 em Minas. O documento comprova que o autom\u00f3vel est\u00e1 em condi\u00e7\u00f5es legais de circular. Quem for flagrado sem o CRLV ser\u00e1 [&hellip;]","og_url":"https:\/\/www.ovigilanteonline.com.br\/site\/2026\/08\/31\/licenciamento-de-veiculos-comeca-a-ser-cobrado-a-partir-desta-terca-feira-em-minas\/","og_site_name":"O VIGILANTE ONLINE","article_publisher":"https:\/\/www.facebook.com\/ovigilanteonline","article_published_time":"2026-08-31T16:50:21+00:00","article_modified_time":"2026-08-31T16:50:32+00:00","og_image":[{"width":900,"height":505,"url":"https:\/\/www.ovigilanteonline.com.br\/site\/wp-content\/uploads\/2022\/04\/transito-leopoldina-o-vigilante-online-4.jpg","type":"image\/jpeg"}],"author":"Jornalismo","twitter_card":"summary_large_image","twitter_misc":{"Escrito por":"Jornalismo","Est. tempo de leitura":"3 minutos"},"schema":{"@context":"https:\/\/schema.org","@graph":[{"@type":"Article","@id":"https:\/\/www.ovigilanteonline.com.br\/site\/2026\/08\/31\/licenciamento-de-veiculos-comeca-a-ser-cobrado-a-partir-desta-terca-feira-em-minas\/#article","isPartOf":{"@id":"https:\/\/www.ovigilanteonline.com.br\/site\/2026\/08\/31\/licenciamento-de-veiculos-comeca-a-ser-cobrado-a-partir-desta-terca-feira-em-minas\/"},"author":{"name":"Jornalismo","@id":"https:\/\/www.ovigilanteonline.com.br\/site\/#\/schema\/person\/538fdfb33c0c411cd14a732e7cf14aa6"},"headline":"Licenciamento de ve\u00edculos come\u00e7a a ser cobrado a partir desta ter\u00e7a-feira em Minas","datePublished":"2026-08-31T16:50:21+00:00","dateModified":"2026-08-31T16:50:32+00:00","mainEntityOfPage":{"@id":"https:\/\/www.ovigilanteonline.com.br\/site\/2026\/08\/31\/licenciamento-de-veiculos-comeca-a-ser-cobrado-a-partir-desta-terca-feira-em-minas\/"},"wordCount":486,"commentCount":0,"image":{"@id":"https:\/\/www.ovigilanteonline.com.br\/site\/2026\/08\/31\/licenciamento-de-veiculos-comeca-a-ser-cobrado-a-partir-desta-terca-feira-em-minas\/#primaryimage"},"thumbnailUrl":"https:\/\/www.ovigilanteonline.com.br\/site\/wp-content\/uploads\/2022\/04\/transito-leopoldina-o-vigilante-online-4.jpg","articleSection":["Destaque","\u00daltimas Not\u00edcias"],"inLanguage":"pt-BR","potentialAction":[{"@type":"CommentAction","name":"Comment","target":["https:\/\/www.ovigilanteonline.com.br\/site\/2026\/08\/31\/licenciamento-de-veiculos-comeca-a-ser-cobrado-a-partir-desta-terca-feira-em-minas\/#respond"]}]},{"@type":"WebPage","@id":"https:\/\/www.ovigilanteonline.com.br\/site\/2026\/08\/31\/licenciamento-de-veiculos-comeca-a-ser-cobrado-a-partir-desta-terca-feira-em-minas\/","url":"https:\/\/www.ovigilanteonline.com.br\/site\/2026\/08\/31\/licenciamento-de-veiculos-comeca-a-ser-cobrado-a-partir-desta-terca-feira-em-minas\/","name":"Licenciamento de ve\u00edculos come\u00e7a a ser cobrado a partir desta ter\u00e7a-feira em Minas","isPartOf":{"@id":"https:\/\/www.ovigilanteonline.com.br\/site\/#website"},"primaryImageOfPage":{"@id":"https:\/\/www.ovigilanteonline.com.br\/site\/2026\/08\/31\/licenciamento-de-veiculos-comeca-a-ser-cobrado-a-partir-desta-terca-feira-em-minas\/#primaryimage"},"image":{"@id":"https:\/\/www.ovigilanteonline.com.br\/site\/2026\/08\/31\/licenciamento-de-veiculos-comeca-a-ser-cobrado-a-partir-desta-terca-feira-em-minas\/#primaryimage"},"thumbnailUrl":"https:\/\/www.ovigilanteonline.com.br\/site\/wp-content\/uploads\/2022\/04\/transito-leopoldina-o-vigilante-online-4.jpg","datePublished":"2026-08-31T16:50:21+00:00","dateModified":"2026-08-31T16:50:32+00:00","author":{"@id":"https:\/\/www.ovigilanteonline.com.br\/site\/#\/schema\/person\/538fdfb33c0c411cd14a732e7cf14aa6"},"breadcrumb":{"@id":"https:\/\/www.ovigilanteonline.com.br\/site\/2026\/08\/31\/licenciamento-de-veiculos-comeca-a-ser-cobrado-a-partir-desta-terca-feira-em-minas\/#breadcrumb"},"inLanguage":"pt-BR","potentialAction":[{"@type":"ReadAction","target":["https:\/\/www.ovigilanteonline.com.br\/site\/2026\/08\/31\/licenciamento-de-veiculos-comeca-a-ser-cobrado-a-partir-desta-terca-feira-em-minas\/"]}]},{"@type":"ImageObject","inLanguage":"pt-BR","@id":"https:\/\/www.ovigilanteonline.com.br\/site\/2026\/08\/31\/licenciamento-de-veiculos-comeca-a-ser-cobrado-a-partir-desta-terca-feira-em-minas\/#primaryimage","url":"https:\/\/www.ovigilanteonline.com.br\/site\/wp-content\/uploads\/2022\/04\/transito-leopoldina-o-vigilante-online-4.jpg","contentUrl":"https:\/\/www.ovigilanteonline.com.br\/site\/wp-content\/uploads\/2022\/04\/transito-leopoldina-o-vigilante-online-4.jpg","width":900,"height":505},{"@type":"BreadcrumbList","@id":"https:\/\/www.ovigilanteonline.com.br\/site\/2026\/08\/31\/licenciamento-de-veiculos-comeca-a-ser-cobrado-a-partir-desta-terca-feira-em-minas\/#breadcrumb","itemListElement":[{"@type":"ListItem","position":1,"name":"In\u00edcio","item":"https:\/\/www.ovigilanteonline.com.br\/site\/"},{"@type":"ListItem","position":2,"name":"Licenciamento de ve\u00edculos come\u00e7a a ser cobrado a partir desta ter\u00e7a-feira em Minas"}]},{"@type":"WebSite","@id":"https:\/\/www.ovigilanteonline.com.br\/site\/#website","url":"https:\/\/www.ovigilanteonline.com.br\/site\/","name":"O VIGILANTE ONLINE - Not\u00edcias de Leopoldina e regi\u00e3o","description":"","potentialAction":[{"@type":"SearchAction","target":{"@type":"EntryPoint","urlTemplate":"https:\/\/www.ovigilanteonline.com.br\/site\/?s={search_term_string}"},"query-input":{"@type":"PropertyValueSpecification","valueRequired":true,"valueName":"search_term_string"}}],"inLanguage":"pt-BR"},{"@type":"Person","@id":"https:\/\/www.ovigilanteonline.com.br\/site\/#\/schema\/person\/538fdfb33c0c411cd14a732e7cf14aa6","name":"Jornalismo"}]}},"cc_featured_image_caption":{"caption_text":"","source_text":"","source_url":""},"_links":{"self":[{"href":"https:\/\/www.ovigilanteonline.com.br\/site\/wp-json\/wp\/v2\/posts\/456429","targetHints":{"allow":["GET"]}}],"collection":[{"href":"https:\/\/www.ovigilanteonline.com.br\/site\/wp-json\/wp\/v2\/posts"}],"about":[{"href":"https:\/\/www.ovigilanteonline.com.br\/site\/wp-json\/wp\/v2\/types\/post"}],"author":[{"embeddable":true,"href":"https:\/\/www.ovigilanteonline.com.br\/site\/wp-json\/wp\/v2\/users\/2"}],"replies":[{"embeddable":true,"href":"https:\/\/www.ovigilanteonline.com.br\/site\/wp-json\/wp\/v2\/comments?post=456429"}],"version-history":[{"count":1,"href":"https:\/\/www.ovigilanteonline.com.br\/site\/wp-json\/wp\/v2\/posts\/456429\/revisions"}],"predecessor-version":[{"id":456430,"href":"https:\/\/www.ovigilanteonline.com.br\/site\/wp-json\/wp\/v2\/posts\/456429\/revisions\/456430"}],"wp:featuredmedia":[{"embeddable":true,"href":"https:\/\/www.ovigilanteonline.com.br\/site\/wp-json\/wp\/v2\/media\/404696"}],"wp:attachment":[{"href":"https:\/\/www.ovigilanteonline.com.br\/site\/wp-json\/wp\/v2\/media?parent=456429"}],"wp:term":[{"taxonomy":"category","embeddable":true,"href":"https:\/\/www.ovigilanteonline.com.br\/site\/wp-json\/wp\/v2\/categories?post=456429"},{"taxonomy":"post_tag","embeddable":true,"href":"https:\/\/www.ovigilanteonline.com.br\/site\/wp-json\/wp\/v2\/tags?post=456429"}],"curies":[{"name":"wp","href":"https:\/\/api.w.org\/{rel}","templated":true}]}}