{"id":456390,"date":"2026-08-30T16:36:12","date_gmt":"2026-08-30T19:36:12","guid":{"rendered":"https:\/\/www.ovigilanteonline.com.br\/site\/?p=456390"},"modified":"2026-08-31T18:02:32","modified_gmt":"2026-08-31T21:02:32","slug":"esporte-clube-ribeiro-junqueira-celebra-115-anos-com-noite-de-homenagens-e-lancamento-da-revista-times-da-mata","status":"publish","type":"post","link":"https:\/\/www.ovigilanteonline.com.br\/site\/2026\/08\/30\/esporte-clube-ribeiro-junqueira-celebra-115-anos-com-noite-de-homenagens-e-lancamento-da-revista-times-da-mata\/","title":{"rendered":"Esporte Clube Ribeiro Junqueira celebra 115 anos com noite de homenagens e lan\u00e7amento da Revista Times da Mata"},"content":{"rendered":"<div id=\"ovigi-2340047474\" class=\"ovigi-inicio-post-interno ovigi-entity-placement\" style=\"margin-left: auto;margin-right: auto;text-align: center;\"><a href=\"https:\/\/onelink.to\/tfjfd3?utm_source=ig&#038;utm_medium=social&#038;utm_content=link_in_bio&#038;fbclid=PAcGRvZgJleHRuA2FlbQIxMQBzcnRjBmFwcF9pZA85MzY2MTk3NDMzOTI0NTkAAacgW20vIuhakYBCxZduUBbwssdSFoAQ7exuq7BFVvR-PR9sdpzVWlAvY7yZog_aem__Bn7V7eJEMspatV_tVfmIA\" target=\"_blank\" aria-label=\"ARTE GIF\"><img decoding=\"async\" src=\"https:\/\/www.ovigilanteonline.com.br\/site\/wp-content\/uploads\/2026\/05\/ARTE-GIF.gif\" alt=\"\"    \/><\/a><\/div>\n<figure class=\"wp-block-image size-large\"><img loading=\"lazy\" decoding=\"async\" width=\"1024\" height=\"768\" src=\"https:\/\/www.ovigilanteonline.com.br\/site\/wp-content\/uploads\/2026\/08\/image-27-1024x768.png\" alt=\"\" class=\"wp-image-456391\" srcset=\"https:\/\/www.ovigilanteonline.com.br\/site\/wp-content\/uploads\/2026\/08\/image-27-1024x768.png 1024w, https:\/\/www.ovigilanteonline.com.br\/site\/wp-content\/uploads\/2026\/08\/image-27-300x225.png 300w, https:\/\/www.ovigilanteonline.com.br\/site\/wp-content\/uploads\/2026\/08\/image-27-768x576.png 768w, https:\/\/www.ovigilanteonline.com.br\/site\/wp-content\/uploads\/2026\/08\/image-27-1536x1152.png 1536w, https:\/\/www.ovigilanteonline.com.br\/site\/wp-content\/uploads\/2026\/08\/image-27.png 1600w\" sizes=\"auto, (max-width: 1024px) 100vw, 1024px\" \/><\/figure>\n\n\n\n<h3 class=\"wp-block-heading\"><strong><em>Evento realizado na quinta-feira (27), na Stone House, em Leopoldina, reuniu autoridades, ex-atletas, dirigentes, benem\u00e9ritos, representantes da imprensa e apaixonados torcedores do tradicional clube leopoldinense<\/em><\/strong><\/h3>\n\n\n\n<p class=\"wp-block-paragraph\">O Esporte Clube Ribeiro Junqueira celebrou, na noite da \u00faltima quinta-feira, 27 de agosto, seus 115 anos de hist\u00f3ria com uma programa\u00e7\u00e3o especial realizada na Stone House, em Leopoldina. A solenidade tamb\u00e9m marcou o lan\u00e7amento oficial da primeira edi\u00e7\u00e3o da <a href=\"https:\/\/www.ovigilanteonline.com.br\/site\/2026\/08\/27\/revista-times-da-mata-sera-lancada-hoje-em-leopoldina-com-homenagem-aos-115-anos-do-ribeiro-junqueira\/\" target=\"_blank\" rel=\"noreferrer noopener\">revista hist\u00f3rica da cole\u00e7\u00e3o \u201cTimes da Mata\u201d<\/a>, publica\u00e7\u00e3o dedicada a eternizar a trajet\u00f3ria, os \u00eddolos, os t\u00edtulos e o legado centen\u00e1rio do tradicional clube leopoldinense.<\/p>\n\n\n\n<figure class=\"wp-block-image size-large\"><img loading=\"lazy\" decoding=\"async\" width=\"1024\" height=\"694\" src=\"https:\/\/www.ovigilanteonline.com.br\/site\/wp-content\/uploads\/2026\/08\/image-28-1024x694.png\" alt=\"\" class=\"wp-image-456392\" srcset=\"https:\/\/www.ovigilanteonline.com.br\/site\/wp-content\/uploads\/2026\/08\/image-28-1024x694.png 1024w, https:\/\/www.ovigilanteonline.com.br\/site\/wp-content\/uploads\/2026\/08\/image-28-767x520.png 767w, https:\/\/www.ovigilanteonline.com.br\/site\/wp-content\/uploads\/2026\/08\/image-28-300x203.png 300w, https:\/\/www.ovigilanteonline.com.br\/site\/wp-content\/uploads\/2026\/08\/image-28-1536x1042.png 1536w, https:\/\/www.ovigilanteonline.com.br\/site\/wp-content\/uploads\/2026\/08\/image-28.png 1600w\" sizes=\"auto, (max-width: 1024px) 100vw, 1024px\" \/><figcaption class=\"wp-element-caption\"><em>Foto Seheluval<\/em><\/figcaption><\/figure>\n\n\n\n<p class=\"wp-block-paragraph\">A noite reuniu autoridades e personalidades municipais e regionais, ex-atletas, benem\u00e9ritos, integrantes da diretoria, representantes da imprensa e torcedores que ajudaram a construir e preservar a hist\u00f3ria do Ribeiro Junqueira ao longo de mais de um s\u00e9culo.<\/p><div id=\"ovigi-1966415147\" class=\"ovigi-conteudo_2-3 ovigi-entity-placement\"><script async src=\"\/\/pagead2.googlesyndication.com\/pagead\/js\/adsbygoogle.js?client=ca-pub-4068173061741521\" crossorigin=\"anonymous\"><\/script><ins class=\"adsbygoogle\" style=\"display:block; text-align:center;\" data-ad-client=\"ca-pub-4068173061741521\" \ndata-ad-slot=\"6460393376\" \ndata-ad-layout=\"in-article\"\ndata-ad-format=\"fluid\"><\/ins>\n<script> \n(adsbygoogle = window.adsbygoogle || []).push({}); \n<\/script>\n<\/div><div id=\"ovigi-1583776048\" class=\"ovigi-conteudo_2-2 ovigi-entity-placement\"><script async src=\"\/\/pagead2.googlesyndication.com\/pagead\/js\/adsbygoogle.js?client=ca-pub-4068173061741521\" crossorigin=\"anonymous\"><\/script><ins class=\"adsbygoogle\" style=\"display:block; text-align:center;\" data-ad-client=\"ca-pub-4068173061741521\" \ndata-ad-slot=\"6460393376\" \ndata-ad-layout=\"in-article\"\ndata-ad-format=\"fluid\"><\/ins>\n<script> \n(adsbygoogle = window.adsbygoogle || []).push({}); \n<\/script>\n<\/div><div id=\"ovigi-2477476082\" class=\"ovigi-conteudo_2 ovigi-entity-placement\"><script async src=\"\/\/pagead2.googlesyndication.com\/pagead\/js\/adsbygoogle.js?client=ca-pub-4068173061741521\" crossorigin=\"anonymous\"><\/script><ins class=\"adsbygoogle\" style=\"display:block; text-align:center;\" data-ad-client=\"ca-pub-4068173061741521\" \ndata-ad-slot=\"6460393376\" \ndata-ad-layout=\"in-article\"\ndata-ad-format=\"fluid\"><\/ins>\n<script> \n(adsbygoogle = window.adsbygoogle || []).push({}); \n<\/script>\n<\/div><div id=\"ovigi-2638201063\" class=\"ovigi-conteudo_2-4 ovigi-entity-placement\"><script async src=\"\/\/pagead2.googlesyndication.com\/pagead\/js\/adsbygoogle.js?client=ca-pub-4068173061741521\" crossorigin=\"anonymous\"><\/script><ins class=\"adsbygoogle\" style=\"display:block; text-align:center;\" data-ad-client=\"ca-pub-4068173061741521\" \ndata-ad-slot=\"6460393376\" \ndata-ad-layout=\"in-article\"\ndata-ad-format=\"fluid\"><\/ins>\n<script> \n(adsbygoogle = window.adsbygoogle || []).push({}); \n<\/script>\n<\/div>\n\n\n\n<h2 class=\"wp-block-heading\">Solenidade pelos 115 anos do ECRJ<\/h2>\n\n\n\n<p class=\"wp-block-paragraph\">A programa\u00e7\u00e3o teve in\u00edcio com a forma\u00e7\u00e3o da Mesa de Honra e a sauda\u00e7\u00e3o \u00e0s autoridades e convidados. Entre os presentes estavam representantes do poder p\u00fablico, dirigentes esportivos, ex-jogadores e personalidades ligadas \u00e0 hist\u00f3ria do clube.<\/p>\n\n\n\n<p class=\"wp-block-paragraph\">Ap\u00f3s a composi\u00e7\u00e3o da Mesa de Honra, o Hino de Leopoldina foi interpretado por professoras do Conservat\u00f3rio Estadual de M\u00fasica Lia Salgado, em um momento de respeito e emo\u00e7\u00e3o que abriu oficialmente a solenidade comemorativa.<\/p>\n\n\n\n<figure class=\"wp-block-gallery has-nested-images columns-default is-cropped wp-block-gallery-1 is-layout-flex wp-block-gallery-is-layout-flex\">\n<figure class=\"wp-block-image size-large\"><img loading=\"lazy\" decoding=\"async\" width=\"1024\" height=\"768\" data-id=\"456394\" src=\"https:\/\/www.ovigilanteonline.com.br\/site\/wp-content\/uploads\/2026\/08\/WhatsApp-Image-2026-08-30-at-15.59.43-1024x768.jpeg\" alt=\"\" class=\"wp-image-456394\" srcset=\"https:\/\/www.ovigilanteonline.com.br\/site\/wp-content\/uploads\/2026\/08\/WhatsApp-Image-2026-08-30-at-15.59.43-1024x768.jpeg 1024w, https:\/\/www.ovigilanteonline.com.br\/site\/wp-content\/uploads\/2026\/08\/WhatsApp-Image-2026-08-30-at-15.59.43-300x225.jpeg 300w, https:\/\/www.ovigilanteonline.com.br\/site\/wp-content\/uploads\/2026\/08\/WhatsApp-Image-2026-08-30-at-15.59.43-768x576.jpeg 768w, https:\/\/www.ovigilanteonline.com.br\/site\/wp-content\/uploads\/2026\/08\/WhatsApp-Image-2026-08-30-at-15.59.43.jpeg 1280w\" sizes=\"auto, (max-width: 1024px) 100vw, 1024px\" \/><\/figure>\n\n\n\n<figure class=\"wp-block-image size-large\"><img loading=\"lazy\" decoding=\"async\" width=\"1024\" height=\"687\" data-id=\"456393\" src=\"https:\/\/www.ovigilanteonline.com.br\/site\/wp-content\/uploads\/2026\/08\/WhatsApp-Image-2026-08-30-at-15.59.43-1-1024x687.jpeg\" alt=\"\" class=\"wp-image-456393\" srcset=\"https:\/\/www.ovigilanteonline.com.br\/site\/wp-content\/uploads\/2026\/08\/WhatsApp-Image-2026-08-30-at-15.59.43-1-1024x687.jpeg 1024w, https:\/\/www.ovigilanteonline.com.br\/site\/wp-content\/uploads\/2026\/08\/WhatsApp-Image-2026-08-30-at-15.59.43-1-300x201.jpeg 300w, https:\/\/www.ovigilanteonline.com.br\/site\/wp-content\/uploads\/2026\/08\/WhatsApp-Image-2026-08-30-at-15.59.43-1-768x515.jpeg 768w, https:\/\/www.ovigilanteonline.com.br\/site\/wp-content\/uploads\/2026\/08\/WhatsApp-Image-2026-08-30-at-15.59.43-1.jpeg 1439w\" sizes=\"auto, (max-width: 1024px) 100vw, 1024px\" \/><\/figure>\n<\/figure>\n\n\n\n<p class=\"wp-block-paragraph\">Integraram a Mesa de Honra o presidente do Conselho Deliberativo do Ribeiro Junqueira, Paulo Furtado; o presidente de Honra, Benedito Rubens Ren\u00f3 (Ben\u00e9 Guedes); o presidente da C\u00e2mara Municipal, Bernardo Guedes; o prefeito de Leopoldina, Pedro Augusto Junqueira Ferraz; o vice-presidente do E.C. Ribeiro Junqueira, Cristiano F\u00f3fano Silva; e o presidente do clube, Rodrigo Baptista Ramos.<\/p>\n\n\n\n<figure class=\"wp-block-gallery has-nested-images columns-default is-cropped wp-block-gallery-2 is-layout-flex wp-block-gallery-is-layout-flex\">\n<figure class=\"wp-block-image size-large\"><img loading=\"lazy\" decoding=\"async\" width=\"1024\" height=\"639\" data-id=\"456395\" src=\"https:\/\/www.ovigilanteonline.com.br\/site\/wp-content\/uploads\/2026\/08\/WhatsApp-Image-2026-08-30-at-16.00.07-1024x639.jpeg\" alt=\"\" class=\"wp-image-456395\" srcset=\"https:\/\/www.ovigilanteonline.com.br\/site\/wp-content\/uploads\/2026\/08\/WhatsApp-Image-2026-08-30-at-16.00.07-1024x639.jpeg 1024w, https:\/\/www.ovigilanteonline.com.br\/site\/wp-content\/uploads\/2026\/08\/WhatsApp-Image-2026-08-30-at-16.00.07-300x187.jpeg 300w, https:\/\/www.ovigilanteonline.com.br\/site\/wp-content\/uploads\/2026\/08\/WhatsApp-Image-2026-08-30-at-16.00.07-768x479.jpeg 768w, https:\/\/www.ovigilanteonline.com.br\/site\/wp-content\/uploads\/2026\/08\/WhatsApp-Image-2026-08-30-at-16.00.07.jpeg 1222w\" sizes=\"auto, (max-width: 1024px) 100vw, 1024px\" \/><\/figure>\n\n\n\n<figure class=\"wp-block-image size-large\"><img loading=\"lazy\" decoding=\"async\" width=\"1024\" height=\"551\" data-id=\"456396\" src=\"https:\/\/www.ovigilanteonline.com.br\/site\/wp-content\/uploads\/2026\/08\/WhatsApp-Image-2026-08-30-at-16.01.59-1024x551.jpeg\" alt=\"\" class=\"wp-image-456396\" srcset=\"https:\/\/www.ovigilanteonline.com.br\/site\/wp-content\/uploads\/2026\/08\/WhatsApp-Image-2026-08-30-at-16.01.59-1024x551.jpeg 1024w, https:\/\/www.ovigilanteonline.com.br\/site\/wp-content\/uploads\/2026\/08\/WhatsApp-Image-2026-08-30-at-16.01.59-300x161.jpeg 300w, https:\/\/www.ovigilanteonline.com.br\/site\/wp-content\/uploads\/2026\/08\/WhatsApp-Image-2026-08-30-at-16.01.59-768x413.jpeg 768w, https:\/\/www.ovigilanteonline.com.br\/site\/wp-content\/uploads\/2026\/08\/WhatsApp-Image-2026-08-30-at-16.01.59.jpeg 1071w\" sizes=\"auto, (max-width: 1024px) 100vw, 1024px\" \/><\/figure>\n<\/figure>\n\n\n\n<p class=\"wp-block-paragraph\">Durante a cerim\u00f4nia, os integrantes da Mesa de Honra fizeram seus pronunciamentos, destacando a import\u00e2ncia dos 115 anos do Ribeiro Junqueira e a representatividade do clube para Leopoldina e para o futebol regional.<\/p>\n\n\n\n<figure class=\"wp-block-gallery has-nested-images columns-default is-cropped wp-block-gallery-3 is-layout-flex wp-block-gallery-is-layout-flex\">\n<figure class=\"wp-block-image size-large\"><img loading=\"lazy\" decoding=\"async\" width=\"1024\" height=\"574\" data-id=\"456397\" src=\"https:\/\/www.ovigilanteonline.com.br\/site\/wp-content\/uploads\/2026\/08\/WhatsApp-Image-2026-08-30-at-16.02.22-1024x574.jpeg\" alt=\"\" class=\"wp-image-456397\" srcset=\"https:\/\/www.ovigilanteonline.com.br\/site\/wp-content\/uploads\/2026\/08\/WhatsApp-Image-2026-08-30-at-16.02.22-1024x574.jpeg 1024w, https:\/\/www.ovigilanteonline.com.br\/site\/wp-content\/uploads\/2026\/08\/WhatsApp-Image-2026-08-30-at-16.02.22-300x168.jpeg 300w, https:\/\/www.ovigilanteonline.com.br\/site\/wp-content\/uploads\/2026\/08\/WhatsApp-Image-2026-08-30-at-16.02.22-768x430.jpeg 768w, https:\/\/www.ovigilanteonline.com.br\/site\/wp-content\/uploads\/2026\/08\/WhatsApp-Image-2026-08-30-at-16.02.22.jpeg 1207w\" sizes=\"auto, (max-width: 1024px) 100vw, 1024px\" \/><\/figure>\n\n\n\n<figure class=\"wp-block-image size-large\"><img loading=\"lazy\" decoding=\"async\" width=\"1024\" height=\"586\" data-id=\"456398\" src=\"https:\/\/www.ovigilanteonline.com.br\/site\/wp-content\/uploads\/2026\/08\/WhatsApp-Image-2026-08-30-at-16.02.34-1024x586.jpeg\" alt=\"\" class=\"wp-image-456398\" srcset=\"https:\/\/www.ovigilanteonline.com.br\/site\/wp-content\/uploads\/2026\/08\/WhatsApp-Image-2026-08-30-at-16.02.34-1024x586.jpeg 1024w, https:\/\/www.ovigilanteonline.com.br\/site\/wp-content\/uploads\/2026\/08\/WhatsApp-Image-2026-08-30-at-16.02.34-300x172.jpeg 300w, https:\/\/www.ovigilanteonline.com.br\/site\/wp-content\/uploads\/2026\/08\/WhatsApp-Image-2026-08-30-at-16.02.34-768x440.jpeg 768w, https:\/\/www.ovigilanteonline.com.br\/site\/wp-content\/uploads\/2026\/08\/WhatsApp-Image-2026-08-30-at-16.02.34-1536x879.jpeg 1536w, https:\/\/www.ovigilanteonline.com.br\/site\/wp-content\/uploads\/2026\/08\/WhatsApp-Image-2026-08-30-at-16.02.34.jpeg 1600w\" sizes=\"auto, (max-width: 1024px) 100vw, 1024px\" \/><\/figure>\n<\/figure>\n\n\n\n<p class=\"wp-block-paragraph\">Encerrando a sequ\u00eancia de discursos, o presidente do Esporte Clube Ribeiro Junqueira, Rodrigo Baptista Ramos, ressaltou a import\u00e2ncia de preservar a mem\u00f3ria e a hist\u00f3ria da institui\u00e7\u00e3o, constru\u00edda por gera\u00e7\u00f5es de atletas, dirigentes, colaboradores e torcedores.<\/p>\n\n\n\n<figure class=\"wp-block-image size-large\"><img loading=\"lazy\" decoding=\"async\" width=\"1024\" height=\"713\" src=\"https:\/\/www.ovigilanteonline.com.br\/site\/wp-content\/uploads\/2026\/08\/WhatsApp-Image-2026-08-30-at-16.02.59-1024x713.jpeg\" alt=\"\" class=\"wp-image-456399\" srcset=\"https:\/\/www.ovigilanteonline.com.br\/site\/wp-content\/uploads\/2026\/08\/WhatsApp-Image-2026-08-30-at-16.02.59-1024x713.jpeg 1024w, https:\/\/www.ovigilanteonline.com.br\/site\/wp-content\/uploads\/2026\/08\/WhatsApp-Image-2026-08-30-at-16.02.59-300x209.jpeg 300w, https:\/\/www.ovigilanteonline.com.br\/site\/wp-content\/uploads\/2026\/08\/WhatsApp-Image-2026-08-30-at-16.02.59-768x535.jpeg 768w, https:\/\/www.ovigilanteonline.com.br\/site\/wp-content\/uploads\/2026\/08\/WhatsApp-Image-2026-08-30-at-16.02.59.jpeg 1200w\" sizes=\"auto, (max-width: 1024px) 100vw, 1024px\" \/><\/figure>\n\n\n\n<p class=\"wp-block-paragraph\">A primeira parte da programa\u00e7\u00e3o foi encerrada com uma homenagem aos 115 anos do clube, ao som do tradicional \u201cParab\u00e9ns pra Voc\u00ea\u201d, em um momento de confraterniza\u00e7\u00e3o entre os convidados.<\/p>\n\n\n<div id=\"ovigi-1311105880\">\r\n<p class=\"has-text-align-center has-small-font-size wp-block-paragraph\">continua depois da publicidade<\/p>\r\n\r\n\r\n\r\n<hr class=\"wp-block-separator has-alpha-channel-opacity is-style-wide\"\/>\r\n\r\n\r\n\r\n<div class=\"wp-block-columns is-layout-flex wp-container-core-columns-is-layout-8f761849 wp-block-columns-is-layout-flex\">\r\n<div class=\"wp-block-column is-layout-flow wp-block-column-is-layout-flow\">\r\n<figure class=\"wp-block-image size-full is-resized\"><a href=\"https:\/\/www.instagram.com\/unimedleopoldina241\/\" target=\"_blank\" rel=\" noreferrer noopener\"><img decoding=\"async\" src=\"https:\/\/www.ovigilanteonline.com.br\/site\/wp-content\/uploads\/2026\/08\/unimed-materias.jpg\" alt=\"\" class=\"wp-image-455236\"\/><\/a><\/figure>\r\n<\/div>\r\n\r\n\r\n\r\n<div class=\"wp-block-column is-layout-flow wp-block-column-is-layout-flow\">\r\n<figure class=\"wp-block-image size-full\"><a href=\"https:\/\/vest.sudamerica.edu.br\/vest-2026-2\" target=\"_blank\" rel=\" noreferrer noopener\"><img decoding=\"async\" src=\"https:\/\/www.ovigilanteonline.com.br\/site\/wp-content\/uploads\/2026\/08\/sudamerica-materias.jpg\" alt=\"\" class=\"wp-image-453120\"\/><\/a><\/figure>\r\n<\/div>\r\n<\/div>\r\n\r\n\r\n\r\n<hr class=\"wp-block-separator has-alpha-channel-opacity is-style-wide\"\/>\r\n<\/div>\n\n\n<h2 class=\"wp-block-heading\">Revista \u201cTimes da Mata\u201d resgata a hist\u00f3ria do Ribeiro Junqueira<\/h2>\n\n\n\n<figure class=\"wp-block-image size-large\"><img loading=\"lazy\" decoding=\"async\" width=\"1024\" height=\"683\" src=\"https:\/\/www.ovigilanteonline.com.br\/site\/wp-content\/uploads\/2026\/08\/times-da-mata-ribeiro-1024x683.jpeg\" alt=\"\" class=\"wp-image-456334\" srcset=\"https:\/\/www.ovigilanteonline.com.br\/site\/wp-content\/uploads\/2026\/08\/times-da-mata-ribeiro-1024x683.jpeg 1024w, https:\/\/www.ovigilanteonline.com.br\/site\/wp-content\/uploads\/2026\/08\/times-da-mata-ribeiro-300x200.jpeg 300w, https:\/\/www.ovigilanteonline.com.br\/site\/wp-content\/uploads\/2026\/08\/times-da-mata-ribeiro-768x512.jpeg 768w, https:\/\/www.ovigilanteonline.com.br\/site\/wp-content\/uploads\/2026\/08\/times-da-mata-ribeiro-1200x800.jpeg 1200w, https:\/\/www.ovigilanteonline.com.br\/site\/wp-content\/uploads\/2026\/08\/times-da-mata-ribeiro.jpeg 1536w\" sizes=\"auto, (max-width: 1024px) 100vw, 1024px\" \/><\/figure>\n\n\n\n<p class=\"wp-block-paragraph\">Ap\u00f3s a conclus\u00e3o da solenidade comemorativa, a Mesa de Honra foi desfeita e teve in\u00edcio o segundo momento da noite: o lan\u00e7amento oficial da revista \u201cTimes da Mata\u201d, publica\u00e7\u00e3o que dedica sua primeira edi\u00e7\u00e3o \u00e0 trajet\u00f3ria do Esporte Clube Ribeiro Junqueira.<\/p>\n\n\n\n<p class=\"wp-block-paragraph\">Para o lan\u00e7amento, foram convidados a compor a Mesa de Honra o editor-chefe da revista, Henrique Frade; o editor publicit\u00e1rio, Serginho Fran\u00e7a; o presidente do E.C. Ribeiro Junqueira, Rodrigo Baptista Ramos; al\u00e9m de J\u00e9ssica Santos e Tuninho, integrantes da equipe da publica\u00e7\u00e3o.<\/p>\n\n\n\n<figure class=\"wp-block-image size-large\"><img loading=\"lazy\" decoding=\"async\" width=\"1024\" height=\"542\" src=\"https:\/\/www.ovigilanteonline.com.br\/site\/wp-content\/uploads\/2026\/08\/WhatsApp-Image-2026-08-30-at-16.05.17-1024x542.jpeg\" alt=\"\" class=\"wp-image-456401\" srcset=\"https:\/\/www.ovigilanteonline.com.br\/site\/wp-content\/uploads\/2026\/08\/WhatsApp-Image-2026-08-30-at-16.05.17-1024x542.jpeg 1024w, https:\/\/www.ovigilanteonline.com.br\/site\/wp-content\/uploads\/2026\/08\/WhatsApp-Image-2026-08-30-at-16.05.17-300x159.jpeg 300w, https:\/\/www.ovigilanteonline.com.br\/site\/wp-content\/uploads\/2026\/08\/WhatsApp-Image-2026-08-30-at-16.05.17-768x407.jpeg 768w, https:\/\/www.ovigilanteonline.com.br\/site\/wp-content\/uploads\/2026\/08\/WhatsApp-Image-2026-08-30-at-16.05.17.jpeg 1244w\" sizes=\"auto, (max-width: 1024px) 100vw, 1024px\" \/><\/figure>\n\n\n\n<p class=\"wp-block-paragraph\">Os pronunciamentos de Henrique Frade, Serginho Fran\u00e7a e Rodrigo Baptista Ramos se alternaram ao longo da apresenta\u00e7\u00e3o, destacando a import\u00e2ncia do projeto editorial e da preserva\u00e7\u00e3o da mem\u00f3ria esportiva da regi\u00e3o.<\/p>\n\n\n<div class=\"wp-block-image\">\n<figure class=\"alignleft size-full is-resized\"><img loading=\"lazy\" decoding=\"async\" width=\"300\" height=\"258\" src=\"https:\/\/www.ovigilanteonline.com.br\/site\/wp-content\/uploads\/2026\/08\/WhatsApp-Image-2026-08-27-at-10.10.30.jpeg\" alt=\"\" class=\"wp-image-456333\" style=\"width:225px;height:auto\"\/><\/figure>\n<\/div>\n\n\n<p class=\"wp-block-paragraph\">Ao discursar, Serginho Fran\u00e7a informou que o Projeto de Lei de autoria do vereador Jos\u00e9 Augusto Cabral (foto), tornando o Esporte Clube Ribeiro Junqueira patrim\u00f4nio cultural e imaterial de Leopoldina, foi aprovado pela C\u00e2mara de vereadores na reuni\u00e3o ordin\u00e1ria da \u00faltima ter\u00e7a-feira, dia 25, e sancionado pelo prefeito Pedro Augusto. A medida ter\u00e1 grande alcance em apoio ao clube e ao munic\u00edpio.<\/p>\n\n\n\n<p class=\"wp-block-paragraph\">A publica\u00e7\u00e3o re\u00fane registros e hist\u00f3rias que ajudam a contar a trajet\u00f3ria do Ribeiro Junqueira, transformando em mem\u00f3ria permanente momentos marcantes, personagens, \u00eddolos e conquistas de um dos clubes mais tradicionais da regi\u00e3o.<\/p>\n\n\n\n<h2 class=\"wp-block-heading\">Liga Esportiva de Cataguases presta homenagem<\/h2>\n\n\n\n<p class=\"wp-block-paragraph\">Um dos momentos especiais da noite ocorreu durante a participa\u00e7\u00e3o do presidente da Liga Esportiva de Cataguases, Paulo Santana, que presenteou o Ribeiro Junqueira com uma placa alusiva aos seus 115 anos de exist\u00eancia.<\/p>\n\n\n\n<figure class=\"wp-block-image size-large\"><img loading=\"lazy\" decoding=\"async\" width=\"1024\" height=\"637\" src=\"https:\/\/www.ovigilanteonline.com.br\/site\/wp-content\/uploads\/2026\/08\/WhatsApp-Image-2026-08-30-at-16.07.35-1024x637.jpeg\" alt=\"\" class=\"wp-image-456402\" srcset=\"https:\/\/www.ovigilanteonline.com.br\/site\/wp-content\/uploads\/2026\/08\/WhatsApp-Image-2026-08-30-at-16.07.35-1024x637.jpeg 1024w, https:\/\/www.ovigilanteonline.com.br\/site\/wp-content\/uploads\/2026\/08\/WhatsApp-Image-2026-08-30-at-16.07.35-300x187.jpeg 300w, https:\/\/www.ovigilanteonline.com.br\/site\/wp-content\/uploads\/2026\/08\/WhatsApp-Image-2026-08-30-at-16.07.35-768x477.jpeg 768w, https:\/\/www.ovigilanteonline.com.br\/site\/wp-content\/uploads\/2026\/08\/WhatsApp-Image-2026-08-30-at-16.07.35.jpeg 1142w\" sizes=\"auto, (max-width: 1024px) 100vw, 1024px\" \/><\/figure>\n\n\n\n<p class=\"wp-block-paragraph\">A homenagem foi entregue ao presidente do clube, Rodrigo Baptista Ramos, simbolizando o reconhecimento do futebol regional \u00e0 trajet\u00f3ria hist\u00f3rica do Ribeiro Junqueira.<\/p>\n\n\n\n<h2 class=\"wp-block-heading\">Emo\u00e7\u00e3o e lembran\u00e7as de gera\u00e7\u00f5es<\/h2>\n\n\n\n<p class=\"wp-block-paragraph\">Outro momento de grande emo\u00e7\u00e3o foi protagonizado pelo professor Francisco Mendon\u00e7a Gama, filho do ex-atleta do Ribeiro Junqueira Chico Gama (Gama).<\/p>\n\n\n\n<figure class=\"wp-block-image size-large\"><img loading=\"lazy\" decoding=\"async\" width=\"1024\" height=\"632\" src=\"https:\/\/www.ovigilanteonline.com.br\/site\/wp-content\/uploads\/2026\/08\/WhatsApp-Image-2026-08-30-at-16.09.30-1024x632.jpeg\" alt=\"\" class=\"wp-image-456403\" srcset=\"https:\/\/www.ovigilanteonline.com.br\/site\/wp-content\/uploads\/2026\/08\/WhatsApp-Image-2026-08-30-at-16.09.30-1024x632.jpeg 1024w, https:\/\/www.ovigilanteonline.com.br\/site\/wp-content\/uploads\/2026\/08\/WhatsApp-Image-2026-08-30-at-16.09.30-300x185.jpeg 300w, https:\/\/www.ovigilanteonline.com.br\/site\/wp-content\/uploads\/2026\/08\/WhatsApp-Image-2026-08-30-at-16.09.30-768x474.jpeg 768w, https:\/\/www.ovigilanteonline.com.br\/site\/wp-content\/uploads\/2026\/08\/WhatsApp-Image-2026-08-30-at-16.09.30.jpeg 1502w\" sizes=\"auto, (max-width: 1024px) 100vw, 1024px\" \/><figcaption class=\"wp-element-caption\"><em>Foto Seheluval<\/em><\/figcaption><\/figure>\n\n\n\n<figure class=\"wp-block-image size-large\"><img loading=\"lazy\" decoding=\"async\" width=\"1024\" height=\"701\" src=\"https:\/\/www.ovigilanteonline.com.br\/site\/wp-content\/uploads\/2026\/08\/WhatsApp-Image-2026-08-30-at-16.09.46-1024x701.jpeg\" alt=\"\" class=\"wp-image-456404\" srcset=\"https:\/\/www.ovigilanteonline.com.br\/site\/wp-content\/uploads\/2026\/08\/WhatsApp-Image-2026-08-30-at-16.09.46-1024x701.jpeg 1024w, https:\/\/www.ovigilanteonline.com.br\/site\/wp-content\/uploads\/2026\/08\/WhatsApp-Image-2026-08-30-at-16.09.46-300x206.jpeg 300w, https:\/\/www.ovigilanteonline.com.br\/site\/wp-content\/uploads\/2026\/08\/WhatsApp-Image-2026-08-30-at-16.09.46-768x526.jpeg 768w, https:\/\/www.ovigilanteonline.com.br\/site\/wp-content\/uploads\/2026\/08\/WhatsApp-Image-2026-08-30-at-16.09.46-1536x1052.jpeg 1536w, https:\/\/www.ovigilanteonline.com.br\/site\/wp-content\/uploads\/2026\/08\/WhatsApp-Image-2026-08-30-at-16.09.46.jpeg 1600w\" sizes=\"auto, (max-width: 1024px) 100vw, 1024px\" \/><figcaption class=\"wp-element-caption\"><em>Luizinho Gesualdi, Serginho Fran\u00e7a, Ben\u00e9 Guedes e Francisco Mendon\u00e7a Gama.<\/em><\/figcaption><\/figure>\n\n\n\n<p class=\"wp-block-paragraph\">A presen\u00e7a de familiares e de ex-jogadores refor\u00e7ou o car\u00e1ter memorial\u00edstico da celebra\u00e7\u00e3o, aproximando diferentes gera\u00e7\u00f5es que fizeram parte da hist\u00f3ria do clube dentro e fora dos gramados.<br>Entre os ex-atletas que prestigiaram a noite estavam Jos\u00e9 Carlos Cabral do Nascimento (Caial), Nando, Matias e Marcio Antunes Faria, que tamb\u00e9m representam cap\u00edtulos importantes da trajet\u00f3ria esportiva do Ribeiro Junqueira.<\/p>\n\n\n\n<h2 class=\"wp-block-heading\">Autoridades e representantes do esporte prestigiaram o evento<\/h2>\n\n\n\n<p class=\"wp-block-paragraph\">Entre os convidados estavam M\u00e1rcia Ananias, esposa do prefeito Pedro Augusto; M\u00f4nica Botelho; a empres\u00e1ria Marister Teixeira Fernandes, presidente da ACIL para a gest\u00e3o 2026\/2029; al\u00e9m dos presidentes de ligas esportivas da regi\u00e3o: Glauquer Lacerda, da Liga Esportiva Leopoldinense; Jos\u00e9 Maria, da Liga Esportiva de Al\u00e9m Para\u00edba; Paulo Santana, da Liga Esportiva de Cataguases e o secret\u00e1rio municipal de Esportes de Cataguases, Caf\u00e9.<\/p>\n\n\n\n<figure class=\"wp-block-image size-large\"><img loading=\"lazy\" decoding=\"async\" width=\"1024\" height=\"847\" src=\"https:\/\/www.ovigilanteonline.com.br\/site\/wp-content\/uploads\/2026\/08\/WhatsApp-Image-2026-08-30-at-16.11.15-1024x847.jpeg\" alt=\"\" class=\"wp-image-456405\" srcset=\"https:\/\/www.ovigilanteonline.com.br\/site\/wp-content\/uploads\/2026\/08\/WhatsApp-Image-2026-08-30-at-16.11.15-1024x847.jpeg 1024w, https:\/\/www.ovigilanteonline.com.br\/site\/wp-content\/uploads\/2026\/08\/WhatsApp-Image-2026-08-30-at-16.11.15-300x248.jpeg 300w, https:\/\/www.ovigilanteonline.com.br\/site\/wp-content\/uploads\/2026\/08\/WhatsApp-Image-2026-08-30-at-16.11.15-768x635.jpeg 768w, https:\/\/www.ovigilanteonline.com.br\/site\/wp-content\/uploads\/2026\/08\/WhatsApp-Image-2026-08-30-at-16.11.15.jpeg 1332w\" sizes=\"auto, (max-width: 1024px) 100vw, 1024px\" \/><figcaption class=\"wp-element-caption\">Marister Teixeira Fernandes, presidente da ACIL Leopoldina e M\u00f4nica Botelho.<\/figcaption><\/figure>\n\n\n\n<p class=\"wp-block-paragraph\">A presen\u00e7a de representantes de diferentes segmentos da sociedade refor\u00e7ou a dimens\u00e3o regional alcan\u00e7ada pelo anivers\u00e1rio de 115 anos do Ribeiro Junqueira e pelo lan\u00e7amento da revista.<\/p>\n\n\n\n<h2 class=\"wp-block-heading\">Uma noite para preservar a mem\u00f3ria<\/h2>\n\n\n\n<p class=\"wp-block-paragraph\">Durante o evento, um stand foi montado na Stone House com exemplares da primeira edi\u00e7\u00e3o da Revista Times da Mata, permitindo aos convidados conhecerem e adquirirem a publica\u00e7\u00e3o.<\/p>\n\n\n\n<p class=\"wp-block-paragraph\">A revista chega como uma obra editorial voltada \u00e0 preserva\u00e7\u00e3o da mem\u00f3ria esportiva, eternizando momentos inesquec\u00edveis, \u00eddolos, t\u00edtulos e o legado constru\u00eddo pelo Esporte Clube Ribeiro Junqueira ao longo de seus 115 anos.<\/p>\n\n\n\n<p class=\"wp-block-paragraph\">A noite foi encerrada em clima de confraterniza\u00e7\u00e3o, com coquetel comemorativo e a celebra\u00e7\u00e3o de uma hist\u00f3ria que ultrapassa as quatro linhas do campo e se confunde com a pr\u00f3pria mem\u00f3ria esportiva de Leopoldina e da Zona da Mata.<\/p>\n\n\n\n<p class=\"wp-block-paragraph\">O Vigilante Online tamb\u00e9m prepara uma cobertura especial dos momentos marcantes da noite. Na pr\u00f3xima edi\u00e7\u00e3o da coluna Click &amp; Destaque, com Serginho Fran\u00e7a, os leitores poder\u00e3o conferir a cobertura social do evento de lan\u00e7amento da Revista Times da Mata e da homenagem aos 115 anos do Esporte Clube Ribeiro Junqueira.<\/p>\n\n\n<div  class=\"wp-block-ultimate-post-heading ultp-block-cdcc61\"><div class=\"ultp-block-wrapper\"><div class=\"ultp-heading-wrap ultp-heading-style18 ultp-heading-left\"><h2 class=\"ultp-heading-inner\"><span>RECENTES MAIS LIDAS<\/span><\/h2><\/div><\/div><\/div>\n\n<div  class=\"ultp-post-grid-block wp-block-ultimate-post-post-list-3 ultp-block-993d17 \"><div class=\"ultp-block-wrapper\" ><div class=\"ultp-loading\"><div class=\"ultp-loading-blocks\" style=\"width:100%;height:100%;\"><div style=\"left: 0;top: 0;animation-delay:0s;\"><\/div><div style=\"left: 21px;top: 0;animation-delay:0.125s;\"><\/div><div style=\"left: 42px;top: 0;animation-delay:0.25s;\"><\/div><div style=\"left: 0;top: 21px;animation-delay:0.875s;\"><\/div><div style=\"left: 42px;top: 21px;animation-delay:0.375s;\"><\/div><div style=\"left: 0;top: 42px;animation-delay:0.75s;\"><\/div><div style=\"left: 42px;top: 42px;animation-delay:0.625s;\"><\/div><div style=\"left: 21px;top: 42px;animation-delay:0.5s;\"><\/div><\/div><\/div><div class=\"ultp-block-items-wrap ultp-block-row ultp-block-column-1 ultp-block-content-middle ultp-layout1\"><div class=\"ultp-block-item ultp-block-media post-id-456411\"><div class=\"ultp-block-content-wrap\"><div class=\"ultp-block-image ultp-block-image-opacity\"><a href=\"https:\/\/www.ovigilanteonline.com.br\/site\/2026\/08\/30\/homem-fica-ferido-durante-salto-de-voo-livre-no-morro-do-cruzeiro-em-leopoldina\/\" ><img decoding=\"async\"  alt=\"Homem fica ferido durante salto de voo livre no Morro do Cruzeiro em Leopoldina\"  src=\"https:\/\/www.ovigilanteonline.com.br\/site\/wp-content\/uploads\/2026\/08\/capa-paraglider-600x600.jpeg\" \/><\/a><\/div><div class=\"ultp-block-content\"><div class=\"ultp-category-grid ultp-category-classic ultp-category-aboveTitle\"><div class=\"ultp-category-in\"><a class=\"ultp-cat-destaque\" href=\"https:\/\/www.ovigilanteonline.com.br\/site\/category\/destaque\/\"  >Destaque<\/a><a class=\"ultp-cat-mais-lidas\" href=\"https:\/\/www.ovigilanteonline.com.br\/site\/category\/mais-lidas\/\"  >Mais Lidas<\/a><a class=\"ultp-cat-ultimas-noticias\" href=\"https:\/\/www.ovigilanteonline.com.br\/site\/category\/ultimas-noticias\/\"  >\u00daltimas Not\u00edcias<\/a><\/div><\/div><h3 class=\"ultp-block-title \"><a href=\"https:\/\/www.ovigilanteonline.com.br\/site\/2026\/08\/30\/homem-fica-ferido-durante-salto-de-voo-livre-no-morro-do-cruzeiro-em-leopoldina\/\" >Homem fica ferido durante salto de voo livre no Morro do Cruzeiro em Leopoldina<\/a><\/h3><div class=\"ultp-block-meta ultp-block-meta-dot ultp-block-meta-icon\"><span class=\"ultp-block-author ultp-block-meta-element\"><svg xmlns=\"http:\/\/www.w3.org\/2000\/svg\" fill=\"none\" viewBox=\"0 0 24 24\">\n  <circle cx=\"12\" cy=\"7\" r=\"4\" stroke=\"currentColor\" stroke-linejoin=\"round\" stroke-width=\"1.5\"\/>\n  <path stroke=\"currentColor\" stroke-linecap=\"round\" stroke-linejoin=\"round\" stroke-width=\"1.5\" d=\"M4 21v-3a4 4 0 0 1 4-4h8a4 4 0 0 1 4 4v3\"\/>\n<\/svg>\n<a class=\"\" href=\"https:\/\/www.ovigilanteonline.com.br\/site\/author\/julio\/\">Jornalismo<\/a><\/span><span class=\"ultp-block-date ultp-block-meta-element\"><svg xmlns=\"http:\/\/www.w3.org\/2000\/svg\" fill=\"none\" viewBox=\"0 0 24 24\">\n  <path stroke=\"currentColor\" stroke-linecap=\"round\" stroke-linejoin=\"round\" stroke-width=\"1.5\" d=\"M3 5.5a2 2 0 0 1 2-2h14a2 2 0 0 1 2 2v14a2 2 0 0 1-2 2H5a2 2 0 0 1-2-2v-14ZM8 2v3m8-3v3M3 9h18\"\/>\n<\/svg>\nago 30, 2026<\/span><span class=\"ultp-post-read ultp-block-meta-element\"><svg xmlns=\"http:\/\/www.w3.org\/2000\/svg\" fill=\"none\" viewBox=\"0 0 24 24\">\n  <path stroke=\"currentColor\" stroke-linecap=\"round\" stroke-linejoin=\"round\" stroke-width=\"1.5\" d=\"M4 5v14a3 3 0 0 0 3 3h13V8H7a3 3 0 0 1-3-3Zm0 0a3 3 0 0 1 3-3h13M7 5h10\"\/>\n  <path stroke=\"currentColor\" stroke-linecap=\"round\" stroke-linejoin=\"round\" stroke-width=\"1.5\" d=\"M9.5 18.5v-3.092a3 3 0 0 1 .504-1.664l1.219-1.828a.934.934 0 0 1 1.554 0l1.22 1.828a3 3 0 0 1 .503 1.664V18.5m-5-2.5h5\"\/>\n<\/svg>\n2 min read<\/span><\/div><div class=\"ultp-block-excerpt\"><p>V\u00edtima, natural de Petr\u00f3polis, foi resgatada pelo Corpo de Bombeiros na parte inferior do morro e encaminhada pelo Samu \u00e0 Casa de Caridade Leopoldinense Um homem de 59 anos ficou ferido ap\u00f3s perder o controle do equipamento que utilizava durante&hellip;<\/p>\n<\/div><\/div><\/div><\/div><div class=\"ultp-block-item ultp-block-media post-id-456253\"><div class=\"ultp-block-content-wrap\"><div class=\"ultp-block-image ultp-block-image-opacity\"><a href=\"https:\/\/www.ovigilanteonline.com.br\/site\/2026\/08\/25\/stone-house-coloca-leopoldina-na-rota-da-nova-turne-nacional-da-pitty\/\" ><img decoding=\"async\"  alt=\"Stone House coloca Leopoldina na rota da nova turn\u00ea nacional da Pitty\"  src=\"https:\/\/www.ovigilanteonline.com.br\/site\/wp-content\/uploads\/2026\/08\/pitty-600x600.jpg\" \/><\/a><\/div><div class=\"ultp-block-content\"><div class=\"ultp-category-grid ultp-category-classic ultp-category-aboveTitle\"><div class=\"ultp-category-in\"><a class=\"ultp-cat-cidade\" href=\"https:\/\/www.ovigilanteonline.com.br\/site\/category\/cidade\/\"  >Cidade<\/a><a class=\"ultp-cat-leopoldina\" href=\"https:\/\/www.ovigilanteonline.com.br\/site\/category\/leopoldina\/\"  >Leopoldina<\/a><a class=\"ultp-cat-mais-lidas\" href=\"https:\/\/www.ovigilanteonline.com.br\/site\/category\/mais-lidas\/\"  >Mais Lidas<\/a><a class=\"ultp-cat-ronda\" href=\"https:\/\/www.ovigilanteonline.com.br\/site\/category\/ronda\/\"  >Ronda Vigilante<\/a><a class=\"ultp-cat-ultimas-noticias\" href=\"https:\/\/www.ovigilanteonline.com.br\/site\/category\/ultimas-noticias\/\"  >\u00daltimas Not\u00edcias<\/a><\/div><\/div><h3 class=\"ultp-block-title \"><a href=\"https:\/\/www.ovigilanteonline.com.br\/site\/2026\/08\/25\/stone-house-coloca-leopoldina-na-rota-da-nova-turne-nacional-da-pitty\/\" >Stone House coloca Leopoldina na rota da nova turn\u00ea nacional da Pitty<\/a><\/h3><div class=\"ultp-block-meta ultp-block-meta-dot ultp-block-meta-icon\"><span class=\"ultp-block-author ultp-block-meta-element\"><svg xmlns=\"http:\/\/www.w3.org\/2000\/svg\" fill=\"none\" viewBox=\"0 0 24 24\">\n  <circle cx=\"12\" cy=\"7\" r=\"4\" stroke=\"currentColor\" stroke-linejoin=\"round\" stroke-width=\"1.5\"\/>\n  <path stroke=\"currentColor\" stroke-linecap=\"round\" stroke-linejoin=\"round\" stroke-width=\"1.5\" d=\"M4 21v-3a4 4 0 0 1 4-4h8a4 4 0 0 1 4 4v3\"\/>\n<\/svg>\n<a class=\"\" href=\"https:\/\/www.ovigilanteonline.com.br\/site\/author\/julio\/\">Jornalismo<\/a><\/span><span class=\"ultp-block-date ultp-block-meta-element\"><svg xmlns=\"http:\/\/www.w3.org\/2000\/svg\" fill=\"none\" viewBox=\"0 0 24 24\">\n  <path stroke=\"currentColor\" stroke-linecap=\"round\" stroke-linejoin=\"round\" stroke-width=\"1.5\" d=\"M3 5.5a2 2 0 0 1 2-2h14a2 2 0 0 1 2 2v14a2 2 0 0 1-2 2H5a2 2 0 0 1-2-2v-14ZM8 2v3m8-3v3M3 9h18\"\/>\n<\/svg>\nago 25, 2026<\/span><span class=\"ultp-post-read ultp-block-meta-element\"><svg xmlns=\"http:\/\/www.w3.org\/2000\/svg\" fill=\"none\" viewBox=\"0 0 24 24\">\n  <path stroke=\"currentColor\" stroke-linecap=\"round\" stroke-linejoin=\"round\" stroke-width=\"1.5\" d=\"M4 5v14a3 3 0 0 0 3 3h13V8H7a3 3 0 0 1-3-3Zm0 0a3 3 0 0 1 3-3h13M7 5h10\"\/>\n  <path stroke=\"currentColor\" stroke-linecap=\"round\" stroke-linejoin=\"round\" stroke-width=\"1.5\" d=\"M9.5 18.5v-3.092a3 3 0 0 1 .504-1.664l1.219-1.828a.934.934 0 0 1 1.554 0l1.22 1.828a3 3 0 0 1 .503 1.664V18.5m-5-2.5h5\"\/>\n<\/svg>\n2 min read<\/span><\/div><div class=\"ultp-block-excerpt\"><p>Roteiro inicial conta com apenas dez apresenta\u00e7\u00f5es da cantora que se apresenta na Stone House no dia 7 de novembro durante o 2\u00ba Rock Stone Festival Leopoldina est\u00e1 entre as cidades escolhidas por Pitty para receber as primeiras apresenta\u00e7\u00f5es de&hellip;<\/p>\n<\/div><\/div><\/div><\/div><\/div><\/div><div class=\"pagination-block-html\" aria-hidden=\"true\" style=\"display: none;\"><\/div><\/div>","protected":false},"excerpt":{"rendered":"<p>Evento realizado na quinta-feira (27), na Stone House, em Leopoldina, reuniu autoridades, ex-atletas, dirigentes, benem\u00e9ritos, representantes da imprensa e apaixonados torcedores do tradicional clube leopoldinense O Esporte Clube Ribeiro Junqueira celebrou, na noite da \u00faltima quinta-feira, 27 de agosto, seus 115 anos de hist\u00f3ria com uma programa\u00e7\u00e3o especial realizada na Stone House, em Leopoldina. A [&hellip;]<\/p>\n","protected":false},"author":2,"featured_media":456406,"comment_status":"open","ping_status":"closed","sticky":false,"template":"","format":"standard","meta":{"footnotes":""},"categories":[11,26],"tags":[],"class_list":["post-456390","post","type-post","status-publish","format-standard","has-post-thumbnail","hentry","category-leopoldina","category-ultimas-noticias"],"yoast_head":"<!-- This site is optimized with the Yoast SEO plugin v28.3 - https:\/\/yoast.com\/product\/yoast-seo-wordpress\/ -->\n<title>Esporte Clube Ribeiro Junqueira celebra 115 anos com noite de homenagens e lan\u00e7amento da Revista Times da Mata<\/title>\n<meta name=\"robots\" content=\"index, follow, max-snippet:-1, max-image-preview:large, max-video-preview:-1\" \/>\n<link rel=\"canonical\" href=\"https:\/\/www.ovigilanteonline.com.br\/site\/2026\/08\/30\/esporte-clube-ribeiro-junqueira-celebra-115-anos-com-noite-de-homenagens-e-lancamento-da-revista-times-da-mata\/\" \/>\n<meta property=\"og:locale\" content=\"pt_BR\" \/>\n<meta property=\"og:type\" content=\"article\" \/>\n<meta property=\"og:title\" content=\"Esporte Clube Ribeiro Junqueira celebra 115 anos com noite de homenagens e lan\u00e7amento da Revista Times da Mata\" \/>\n<meta property=\"og:description\" content=\"Evento realizado na quinta-feira (27), na Stone House, em Leopoldina, reuniu autoridades, ex-atletas, dirigentes, benem\u00e9ritos, representantes da imprensa e apaixonados torcedores do tradicional clube leopoldinense O Esporte Clube Ribeiro Junqueira celebrou, na noite da \u00faltima quinta-feira, 27 de agosto, seus 115 anos de hist\u00f3ria com uma programa\u00e7\u00e3o especial realizada na Stone House, em Leopoldina. A [&hellip;]\" \/>\n<meta property=\"og:url\" content=\"https:\/\/www.ovigilanteonline.com.br\/site\/2026\/08\/30\/esporte-clube-ribeiro-junqueira-celebra-115-anos-com-noite-de-homenagens-e-lancamento-da-revista-times-da-mata\/\" \/>\n<meta property=\"og:site_name\" content=\"O VIGILANTE ONLINE\" \/>\n<meta property=\"article:publisher\" content=\"https:\/\/www.facebook.com\/ovigilanteonline\" \/>\n<meta property=\"article:published_time\" content=\"2026-08-30T19:36:12+00:00\" \/>\n<meta property=\"article:modified_time\" content=\"2026-08-31T21:02:32+00:00\" \/>\n<meta property=\"og:image\" content=\"https:\/\/www.ovigilanteonline.com.br\/site\/wp-content\/uploads\/2026\/08\/capa-rrr.jpg\" \/>\n\t<meta property=\"og:image:width\" content=\"1620\" \/>\n\t<meta property=\"og:image:height\" content=\"971\" \/>\n\t<meta property=\"og:image:type\" content=\"image\/jpeg\" \/>\n<meta name=\"author\" content=\"Jornalismo\" \/>\n<meta name=\"twitter:card\" content=\"summary_large_image\" \/>\n<meta name=\"twitter:label1\" content=\"Escrito por\" \/>\n\t<meta name=\"twitter:data1\" content=\"Jornalismo\" \/>\n\t<meta name=\"twitter:label2\" content=\"Est. tempo de leitura\" \/>\n\t<meta name=\"twitter:data2\" content=\"9 minutos\" \/>\n<script type=\"application\/ld+json\" class=\"yoast-schema-graph\">{\"@context\":\"https:\\\/\\\/schema.org\",\"@graph\":[{\"@type\":\"Article\",\"@id\":\"https:\\\/\\\/www.ovigilanteonline.com.br\\\/site\\\/2026\\\/08\\\/30\\\/esporte-clube-ribeiro-junqueira-celebra-115-anos-com-noite-de-homenagens-e-lancamento-da-revista-times-da-mata\\\/#article\",\"isPartOf\":{\"@id\":\"https:\\\/\\\/www.ovigilanteonline.com.br\\\/site\\\/2026\\\/08\\\/30\\\/esporte-clube-ribeiro-junqueira-celebra-115-anos-com-noite-de-homenagens-e-lancamento-da-revista-times-da-mata\\\/\"},\"author\":{\"name\":\"Jornalismo\",\"@id\":\"https:\\\/\\\/www.ovigilanteonline.com.br\\\/site\\\/#\\\/schema\\\/person\\\/538fdfb33c0c411cd14a732e7cf14aa6\"},\"headline\":\"Esporte Clube Ribeiro Junqueira celebra 115 anos com noite de homenagens e lan\u00e7amento da Revista Times da Mata\",\"datePublished\":\"2026-08-30T19:36:12+00:00\",\"dateModified\":\"2026-08-31T21:02:32+00:00\",\"mainEntityOfPage\":{\"@id\":\"https:\\\/\\\/www.ovigilanteonline.com.br\\\/site\\\/2026\\\/08\\\/30\\\/esporte-clube-ribeiro-junqueira-celebra-115-anos-com-noite-de-homenagens-e-lancamento-da-revista-times-da-mata\\\/\"},\"wordCount\":1138,\"commentCount\":0,\"image\":{\"@id\":\"https:\\\/\\\/www.ovigilanteonline.com.br\\\/site\\\/2026\\\/08\\\/30\\\/esporte-clube-ribeiro-junqueira-celebra-115-anos-com-noite-de-homenagens-e-lancamento-da-revista-times-da-mata\\\/#primaryimage\"},\"thumbnailUrl\":\"https:\\\/\\\/www.ovigilanteonline.com.br\\\/site\\\/wp-content\\\/uploads\\\/2026\\\/08\\\/capa-rrr.jpg\",\"articleSection\":[\"Leopoldina\",\"\u00daltimas Not\u00edcias\"],\"inLanguage\":\"pt-BR\",\"potentialAction\":[{\"@type\":\"CommentAction\",\"name\":\"Comment\",\"target\":[\"https:\\\/\\\/www.ovigilanteonline.com.br\\\/site\\\/2026\\\/08\\\/30\\\/esporte-clube-ribeiro-junqueira-celebra-115-anos-com-noite-de-homenagens-e-lancamento-da-revista-times-da-mata\\\/#respond\"]}]},{\"@type\":\"WebPage\",\"@id\":\"https:\\\/\\\/www.ovigilanteonline.com.br\\\/site\\\/2026\\\/08\\\/30\\\/esporte-clube-ribeiro-junqueira-celebra-115-anos-com-noite-de-homenagens-e-lancamento-da-revista-times-da-mata\\\/\",\"url\":\"https:\\\/\\\/www.ovigilanteonline.com.br\\\/site\\\/2026\\\/08\\\/30\\\/esporte-clube-ribeiro-junqueira-celebra-115-anos-com-noite-de-homenagens-e-lancamento-da-revista-times-da-mata\\\/\",\"name\":\"Esporte Clube Ribeiro Junqueira celebra 115 anos com noite de homenagens e lan\u00e7amento da Revista Times da Mata\",\"isPartOf\":{\"@id\":\"https:\\\/\\\/www.ovigilanteonline.com.br\\\/site\\\/#website\"},\"primaryImageOfPage\":{\"@id\":\"https:\\\/\\\/www.ovigilanteonline.com.br\\\/site\\\/2026\\\/08\\\/30\\\/esporte-clube-ribeiro-junqueira-celebra-115-anos-com-noite-de-homenagens-e-lancamento-da-revista-times-da-mata\\\/#primaryimage\"},\"image\":{\"@id\":\"https:\\\/\\\/www.ovigilanteonline.com.br\\\/site\\\/2026\\\/08\\\/30\\\/esporte-clube-ribeiro-junqueira-celebra-115-anos-com-noite-de-homenagens-e-lancamento-da-revista-times-da-mata\\\/#primaryimage\"},\"thumbnailUrl\":\"https:\\\/\\\/www.ovigilanteonline.com.br\\\/site\\\/wp-content\\\/uploads\\\/2026\\\/08\\\/capa-rrr.jpg\",\"datePublished\":\"2026-08-30T19:36:12+00:00\",\"dateModified\":\"2026-08-31T21:02:32+00:00\",\"author\":{\"@id\":\"https:\\\/\\\/www.ovigilanteonline.com.br\\\/site\\\/#\\\/schema\\\/person\\\/538fdfb33c0c411cd14a732e7cf14aa6\"},\"breadcrumb\":{\"@id\":\"https:\\\/\\\/www.ovigilanteonline.com.br\\\/site\\\/2026\\\/08\\\/30\\\/esporte-clube-ribeiro-junqueira-celebra-115-anos-com-noite-de-homenagens-e-lancamento-da-revista-times-da-mata\\\/#breadcrumb\"},\"inLanguage\":\"pt-BR\",\"potentialAction\":[{\"@type\":\"ReadAction\",\"target\":[\"https:\\\/\\\/www.ovigilanteonline.com.br\\\/site\\\/2026\\\/08\\\/30\\\/esporte-clube-ribeiro-junqueira-celebra-115-anos-com-noite-de-homenagens-e-lancamento-da-revista-times-da-mata\\\/\"]}]},{\"@type\":\"ImageObject\",\"inLanguage\":\"pt-BR\",\"@id\":\"https:\\\/\\\/www.ovigilanteonline.com.br\\\/site\\\/2026\\\/08\\\/30\\\/esporte-clube-ribeiro-junqueira-celebra-115-anos-com-noite-de-homenagens-e-lancamento-da-revista-times-da-mata\\\/#primaryimage\",\"url\":\"https:\\\/\\\/www.ovigilanteonline.com.br\\\/site\\\/wp-content\\\/uploads\\\/2026\\\/08\\\/capa-rrr.jpg\",\"contentUrl\":\"https:\\\/\\\/www.ovigilanteonline.com.br\\\/site\\\/wp-content\\\/uploads\\\/2026\\\/08\\\/capa-rrr.jpg\",\"width\":1620,\"height\":971},{\"@type\":\"BreadcrumbList\",\"@id\":\"https:\\\/\\\/www.ovigilanteonline.com.br\\\/site\\\/2026\\\/08\\\/30\\\/esporte-clube-ribeiro-junqueira-celebra-115-anos-com-noite-de-homenagens-e-lancamento-da-revista-times-da-mata\\\/#breadcrumb\",\"itemListElement\":[{\"@type\":\"ListItem\",\"position\":1,\"name\":\"In\u00edcio\",\"item\":\"https:\\\/\\\/www.ovigilanteonline.com.br\\\/site\\\/\"},{\"@type\":\"ListItem\",\"position\":2,\"name\":\"Esporte Clube Ribeiro Junqueira celebra 115 anos com noite de homenagens e lan\u00e7amento da Revista Times da Mata\"}]},{\"@type\":\"WebSite\",\"@id\":\"https:\\\/\\\/www.ovigilanteonline.com.br\\\/site\\\/#website\",\"url\":\"https:\\\/\\\/www.ovigilanteonline.com.br\\\/site\\\/\",\"name\":\"O VIGILANTE ONLINE - Not\u00edcias de Leopoldina e regi\u00e3o\",\"description\":\"\",\"potentialAction\":[{\"@type\":\"SearchAction\",\"target\":{\"@type\":\"EntryPoint\",\"urlTemplate\":\"https:\\\/\\\/www.ovigilanteonline.com.br\\\/site\\\/?s={search_term_string}\"},\"query-input\":{\"@type\":\"PropertyValueSpecification\",\"valueRequired\":true,\"valueName\":\"search_term_string\"}}],\"inLanguage\":\"pt-BR\"},{\"@type\":\"Person\",\"@id\":\"https:\\\/\\\/www.ovigilanteonline.com.br\\\/site\\\/#\\\/schema\\\/person\\\/538fdfb33c0c411cd14a732e7cf14aa6\",\"name\":\"Jornalismo\"}]}<\/script>\n<!-- \/ Yoast SEO plugin. -->","yoast_head_json":{"title":"Esporte Clube Ribeiro Junqueira celebra 115 anos com noite de homenagens e lan\u00e7amento da Revista Times da Mata","robots":{"index":"index","follow":"follow","max-snippet":"max-snippet:-1","max-image-preview":"max-image-preview:large","max-video-preview":"max-video-preview:-1"},"canonical":"https:\/\/www.ovigilanteonline.com.br\/site\/2026\/08\/30\/esporte-clube-ribeiro-junqueira-celebra-115-anos-com-noite-de-homenagens-e-lancamento-da-revista-times-da-mata\/","og_locale":"pt_BR","og_type":"article","og_title":"Esporte Clube Ribeiro Junqueira celebra 115 anos com noite de homenagens e lan\u00e7amento da Revista Times da Mata","og_description":"Evento realizado na quinta-feira (27), na Stone House, em Leopoldina, reuniu autoridades, ex-atletas, dirigentes, benem\u00e9ritos, representantes da imprensa e apaixonados torcedores do tradicional clube leopoldinense O Esporte Clube Ribeiro Junqueira celebrou, na noite da \u00faltima quinta-feira, 27 de agosto, seus 115 anos de hist\u00f3ria com uma programa\u00e7\u00e3o especial realizada na Stone House, em Leopoldina. A [&hellip;]","og_url":"https:\/\/www.ovigilanteonline.com.br\/site\/2026\/08\/30\/esporte-clube-ribeiro-junqueira-celebra-115-anos-com-noite-de-homenagens-e-lancamento-da-revista-times-da-mata\/","og_site_name":"O VIGILANTE ONLINE","article_publisher":"https:\/\/www.facebook.com\/ovigilanteonline","article_published_time":"2026-08-30T19:36:12+00:00","article_modified_time":"2026-08-31T21:02:32+00:00","og_image":[{"width":1620,"height":971,"url":"https:\/\/www.ovigilanteonline.com.br\/site\/wp-content\/uploads\/2026\/08\/capa-rrr.jpg","type":"image\/jpeg"}],"author":"Jornalismo","twitter_card":"summary_large_image","twitter_misc":{"Escrito por":"Jornalismo","Est. tempo de leitura":"9 minutos"},"schema":{"@context":"https:\/\/schema.org","@graph":[{"@type":"Article","@id":"https:\/\/www.ovigilanteonline.com.br\/site\/2026\/08\/30\/esporte-clube-ribeiro-junqueira-celebra-115-anos-com-noite-de-homenagens-e-lancamento-da-revista-times-da-mata\/#article","isPartOf":{"@id":"https:\/\/www.ovigilanteonline.com.br\/site\/2026\/08\/30\/esporte-clube-ribeiro-junqueira-celebra-115-anos-com-noite-de-homenagens-e-lancamento-da-revista-times-da-mata\/"},"author":{"name":"Jornalismo","@id":"https:\/\/www.ovigilanteonline.com.br\/site\/#\/schema\/person\/538fdfb33c0c411cd14a732e7cf14aa6"},"headline":"Esporte Clube Ribeiro Junqueira celebra 115 anos com noite de homenagens e lan\u00e7amento da Revista Times da Mata","datePublished":"2026-08-30T19:36:12+00:00","dateModified":"2026-08-31T21:02:32+00:00","mainEntityOfPage":{"@id":"https:\/\/www.ovigilanteonline.com.br\/site\/2026\/08\/30\/esporte-clube-ribeiro-junqueira-celebra-115-anos-com-noite-de-homenagens-e-lancamento-da-revista-times-da-mata\/"},"wordCount":1138,"commentCount":0,"image":{"@id":"https:\/\/www.ovigilanteonline.com.br\/site\/2026\/08\/30\/esporte-clube-ribeiro-junqueira-celebra-115-anos-com-noite-de-homenagens-e-lancamento-da-revista-times-da-mata\/#primaryimage"},"thumbnailUrl":"https:\/\/www.ovigilanteonline.com.br\/site\/wp-content\/uploads\/2026\/08\/capa-rrr.jpg","articleSection":["Leopoldina","\u00daltimas Not\u00edcias"],"inLanguage":"pt-BR","potentialAction":[{"@type":"CommentAction","name":"Comment","target":["https:\/\/www.ovigilanteonline.com.br\/site\/2026\/08\/30\/esporte-clube-ribeiro-junqueira-celebra-115-anos-com-noite-de-homenagens-e-lancamento-da-revista-times-da-mata\/#respond"]}]},{"@type":"WebPage","@id":"https:\/\/www.ovigilanteonline.com.br\/site\/2026\/08\/30\/esporte-clube-ribeiro-junqueira-celebra-115-anos-com-noite-de-homenagens-e-lancamento-da-revista-times-da-mata\/","url":"https:\/\/www.ovigilanteonline.com.br\/site\/2026\/08\/30\/esporte-clube-ribeiro-junqueira-celebra-115-anos-com-noite-de-homenagens-e-lancamento-da-revista-times-da-mata\/","name":"Esporte Clube Ribeiro Junqueira celebra 115 anos com noite de homenagens e lan\u00e7amento da Revista Times da Mata","isPartOf":{"@id":"https:\/\/www.ovigilanteonline.com.br\/site\/#website"},"primaryImageOfPage":{"@id":"https:\/\/www.ovigilanteonline.com.br\/site\/2026\/08\/30\/esporte-clube-ribeiro-junqueira-celebra-115-anos-com-noite-de-homenagens-e-lancamento-da-revista-times-da-mata\/#primaryimage"},"image":{"@id":"https:\/\/www.ovigilanteonline.com.br\/site\/2026\/08\/30\/esporte-clube-ribeiro-junqueira-celebra-115-anos-com-noite-de-homenagens-e-lancamento-da-revista-times-da-mata\/#primaryimage"},"thumbnailUrl":"https:\/\/www.ovigilanteonline.com.br\/site\/wp-content\/uploads\/2026\/08\/capa-rrr.jpg","datePublished":"2026-08-30T19:36:12+00:00","dateModified":"2026-08-31T21:02:32+00:00","author":{"@id":"https:\/\/www.ovigilanteonline.com.br\/site\/#\/schema\/person\/538fdfb33c0c411cd14a732e7cf14aa6"},"breadcrumb":{"@id":"https:\/\/www.ovigilanteonline.com.br\/site\/2026\/08\/30\/esporte-clube-ribeiro-junqueira-celebra-115-anos-com-noite-de-homenagens-e-lancamento-da-revista-times-da-mata\/#breadcrumb"},"inLanguage":"pt-BR","potentialAction":[{"@type":"ReadAction","target":["https:\/\/www.ovigilanteonline.com.br\/site\/2026\/08\/30\/esporte-clube-ribeiro-junqueira-celebra-115-anos-com-noite-de-homenagens-e-lancamento-da-revista-times-da-mata\/"]}]},{"@type":"ImageObject","inLanguage":"pt-BR","@id":"https:\/\/www.ovigilanteonline.com.br\/site\/2026\/08\/30\/esporte-clube-ribeiro-junqueira-celebra-115-anos-com-noite-de-homenagens-e-lancamento-da-revista-times-da-mata\/#primaryimage","url":"https:\/\/www.ovigilanteonline.com.br\/site\/wp-content\/uploads\/2026\/08\/capa-rrr.jpg","contentUrl":"https:\/\/www.ovigilanteonline.com.br\/site\/wp-content\/uploads\/2026\/08\/capa-rrr.jpg","width":1620,"height":971},{"@type":"BreadcrumbList","@id":"https:\/\/www.ovigilanteonline.com.br\/site\/2026\/08\/30\/esporte-clube-ribeiro-junqueira-celebra-115-anos-com-noite-de-homenagens-e-lancamento-da-revista-times-da-mata\/#breadcrumb","itemListElement":[{"@type":"ListItem","position":1,"name":"In\u00edcio","item":"https:\/\/www.ovigilanteonline.com.br\/site\/"},{"@type":"ListItem","position":2,"name":"Esporte Clube Ribeiro Junqueira celebra 115 anos com noite de homenagens e lan\u00e7amento da Revista Times da Mata"}]},{"@type":"WebSite","@id":"https:\/\/www.ovigilanteonline.com.br\/site\/#website","url":"https:\/\/www.ovigilanteonline.com.br\/site\/","name":"O VIGILANTE ONLINE - Not\u00edcias de Leopoldina e regi\u00e3o","description":"","potentialAction":[{"@type":"SearchAction","target":{"@type":"EntryPoint","urlTemplate":"https:\/\/www.ovigilanteonline.com.br\/site\/?s={search_term_string}"},"query-input":{"@type":"PropertyValueSpecification","valueRequired":true,"valueName":"search_term_string"}}],"inLanguage":"pt-BR"},{"@type":"Person","@id":"https:\/\/www.ovigilanteonline.com.br\/site\/#\/schema\/person\/538fdfb33c0c411cd14a732e7cf14aa6","name":"Jornalismo"}]}},"cc_featured_image_caption":{"caption_text":"","source_text":"","source_url":""},"_links":{"self":[{"href":"https:\/\/www.ovigilanteonline.com.br\/site\/wp-json\/wp\/v2\/posts\/456390","targetHints":{"allow":["GET"]}}],"collection":[{"href":"https:\/\/www.ovigilanteonline.com.br\/site\/wp-json\/wp\/v2\/posts"}],"about":[{"href":"https:\/\/www.ovigilanteonline.com.br\/site\/wp-json\/wp\/v2\/types\/post"}],"author":[{"embeddable":true,"href":"https:\/\/www.ovigilanteonline.com.br\/site\/wp-json\/wp\/v2\/users\/2"}],"replies":[{"embeddable":true,"href":"https:\/\/www.ovigilanteonline.com.br\/site\/wp-json\/wp\/v2\/comments?post=456390"}],"version-history":[{"count":3,"href":"https:\/\/www.ovigilanteonline.com.br\/site\/wp-json\/wp\/v2\/posts\/456390\/revisions"}],"predecessor-version":[{"id":456414,"href":"https:\/\/www.ovigilanteonline.com.br\/site\/wp-json\/wp\/v2\/posts\/456390\/revisions\/456414"}],"wp:featuredmedia":[{"embeddable":true,"href":"https:\/\/www.ovigilanteonline.com.br\/site\/wp-json\/wp\/v2\/media\/456406"}],"wp:attachment":[{"href":"https:\/\/www.ovigilanteonline.com.br\/site\/wp-json\/wp\/v2\/media?parent=456390"}],"wp:term":[{"taxonomy":"category","embeddable":true,"href":"https:\/\/www.ovigilanteonline.com.br\/site\/wp-json\/wp\/v2\/categories?post=456390"},{"taxonomy":"post_tag","embeddable":true,"href":"https:\/\/www.ovigilanteonline.com.br\/site\/wp-json\/wp\/v2\/tags?post=456390"}],"curies":[{"name":"wp","href":"https:\/\/api.w.org\/{rel}","templated":true}]}}