{"id":456381,"date":"2026-08-30T08:27:27","date_gmt":"2026-08-30T11:27:27","guid":{"rendered":"https:\/\/www.ovigilanteonline.com.br\/site\/?p=456381"},"modified":"2026-08-30T08:27:33","modified_gmt":"2026-08-30T11:27:33","slug":"compra-de-veiculos-por-pessoas-com-deficiencia-regras-isencoes-e-cuidados-para-evitar-erros-no-processo","status":"publish","type":"post","link":"https:\/\/www.ovigilanteonline.com.br\/site\/2026\/08\/30\/compra-de-veiculos-por-pessoas-com-deficiencia-regras-isencoes-e-cuidados-para-evitar-erros-no-processo\/","title":{"rendered":"Compra de ve\u00edculos por pessoas com defici\u00eancia: regras, isen\u00e7\u00f5es e cuidados para evitar erros no processo"},"content":{"rendered":"<div id=\"ovigi-3938541485\" class=\"ovigi-inicio-post-interno ovigi-entity-placement\" style=\"margin-left: auto;margin-right: auto;text-align: center;\"><a href=\"https:\/\/onelink.to\/tfjfd3?utm_source=ig&#038;utm_medium=social&#038;utm_content=link_in_bio&#038;fbclid=PAcGRvZgJleHRuA2FlbQIxMQBzcnRjBmFwcF9pZA85MzY2MTk3NDMzOTI0NTkAAacgW20vIuhakYBCxZduUBbwssdSFoAQ7exuq7BFVvR-PR9sdpzVWlAvY7yZog_aem__Bn7V7eJEMspatV_tVfmIA\" target=\"_blank\" aria-label=\"ARTE GIF\"><img decoding=\"async\" src=\"https:\/\/www.ovigilanteonline.com.br\/site\/wp-content\/uploads\/2026\/05\/ARTE-GIF.gif\" alt=\"\"    \/><\/a><\/div>\n<h3 class=\"wp-block-heading\"><strong><em>Benef\u00edcios tribut\u00e1rios podem reduzir o custo de aquisi\u00e7\u00e3o, mas n\u00e3o representam um percentual fixo de desconto e dependem do enquadramento do comprador, das caracter\u00edsticas do ve\u00edculo e da legisla\u00e7\u00e3o vigente<\/em><\/strong><\/h3>\n\n\n\n<p class=\"wp-block-paragraph\"><strong>Por Ant\u00f4nio Marcos Costa<\/strong><\/p>\n\n\n\n<p class=\"wp-block-paragraph\">A aquisi\u00e7\u00e3o de um autom\u00f3vel por uma pessoa com defici\u00eancia pode representar uma importante ferramenta de autonomia, mobilidade e inclus\u00e3o social. No Brasil, a legisla\u00e7\u00e3o prev\u00ea benef\u00edcios tribut\u00e1rios destinados, em determinadas circunst\u00e2ncias, a pessoas com defici\u00eancia e a pessoas com transtorno do espectro autista na compra de ve\u00edculos novos.<\/p><div id=\"ovigi-1851290270\" class=\"ovigi-conteudo_2-3 ovigi-entity-placement\"><script async src=\"\/\/pagead2.googlesyndication.com\/pagead\/js\/adsbygoogle.js?client=ca-pub-4068173061741521\" crossorigin=\"anonymous\"><\/script><ins class=\"adsbygoogle\" style=\"display:block; text-align:center;\" data-ad-client=\"ca-pub-4068173061741521\" \ndata-ad-slot=\"6460393376\" \ndata-ad-layout=\"in-article\"\ndata-ad-format=\"fluid\"><\/ins>\n<script> \n(adsbygoogle = window.adsbygoogle || []).push({}); \n<\/script>\n<\/div><div id=\"ovigi-3090290898\" class=\"ovigi-conteudo_2-2 ovigi-entity-placement\"><script async src=\"\/\/pagead2.googlesyndication.com\/pagead\/js\/adsbygoogle.js?client=ca-pub-4068173061741521\" crossorigin=\"anonymous\"><\/script><ins class=\"adsbygoogle\" style=\"display:block; text-align:center;\" data-ad-client=\"ca-pub-4068173061741521\" \ndata-ad-slot=\"6460393376\" \ndata-ad-layout=\"in-article\"\ndata-ad-format=\"fluid\"><\/ins>\n<script> \n(adsbygoogle = window.adsbygoogle || []).push({}); \n<\/script>\n<\/div><div id=\"ovigi-3080283257\" class=\"ovigi-conteudo_2 ovigi-entity-placement\"><script async src=\"\/\/pagead2.googlesyndication.com\/pagead\/js\/adsbygoogle.js?client=ca-pub-4068173061741521\" crossorigin=\"anonymous\"><\/script><ins class=\"adsbygoogle\" style=\"display:block; text-align:center;\" data-ad-client=\"ca-pub-4068173061741521\" \ndata-ad-slot=\"6460393376\" \ndata-ad-layout=\"in-article\"\ndata-ad-format=\"fluid\"><\/ins>\n<script> \n(adsbygoogle = window.adsbygoogle || []).push({}); \n<\/script>\n<\/div><div id=\"ovigi-3504274275\" class=\"ovigi-conteudo_2-4 ovigi-entity-placement\"><script async src=\"\/\/pagead2.googlesyndication.com\/pagead\/js\/adsbygoogle.js?client=ca-pub-4068173061741521\" crossorigin=\"anonymous\"><\/script><ins class=\"adsbygoogle\" style=\"display:block; text-align:center;\" data-ad-client=\"ca-pub-4068173061741521\" \ndata-ad-slot=\"6460393376\" \ndata-ad-layout=\"in-article\"\ndata-ad-format=\"fluid\"><\/ins>\n<script> \n(adsbygoogle = window.adsbygoogle || []).push({}); \n<\/script>\n<\/div>\n\n\n\n<p class=\"wp-block-paragraph\">O acesso a esses benef\u00edcios, entretanto, n\u00e3o ocorre de forma autom\u00e1tica. Existem requisitos relacionados \u00e0 condi\u00e7\u00e3o do benefici\u00e1rio, \u00e0s caracter\u00edsticas do ve\u00edculo, \u00e0 documenta\u00e7\u00e3o e ao tributo cuja isen\u00e7\u00e3o est\u00e1 sendo solicitada, tamb\u00e9m n\u00e3o existe um percentual \u00fanico de desconto para todos os compradores. A economia obtida depende da combina\u00e7\u00e3o dos benef\u00edcios fiscais efetivamente concedidos em cada opera\u00e7\u00e3o.<\/p>\n\n\n\n<p class=\"wp-block-paragraph\">Entre os principais tributos envolvidos est\u00e3o o Imposto sobre Produtos Industrializados (IPI), o Imposto sobre Opera\u00e7\u00f5es Financeiras (IOF), o Imposto sobre Circula\u00e7\u00e3o de Mercadorias e Servi\u00e7os (ICMS) e, conforme a legisla\u00e7\u00e3o de cada estado, o Imposto sobre a Propriedade de Ve\u00edculos Automotores (IPVA).<\/p>\n\n\n\n<p class=\"wp-block-paragraph\"><strong>IPI \u00e9 um dos principais benef\u00edcios federais<\/strong><\/p>\n\n\n\n<p class=\"wp-block-paragraph\">A Lei n\u00ba 8.989\/1995 estabelece a isen\u00e7\u00e3o do IPI na aquisi\u00e7\u00e3o de determinados ve\u00edculos por pessoas com defici\u00eancia. A legisla\u00e7\u00e3o foi modificada ao longo dos anos e atualmente contempla pessoas com defici\u00eancia f\u00edsica, visual, auditiva, mental severa ou profunda e pessoas com transtorno do espectro autista, desde que atendidos os requisitos legais.<\/p>\n\n\n\n<p class=\"wp-block-paragraph\">Para a aquisi\u00e7\u00e3o com isen\u00e7\u00e3o de IPI, a legisla\u00e7\u00e3o estabelece requisitos relacionados ao ve\u00edculo. Entre eles est\u00e3o motor de at\u00e9 2.000 cilindradas, no m\u00ednimo quatro portas e determinadas condi\u00e7\u00f5es quanto ao sistema de propuls\u00e3o. Para as hip\u00f3teses abrangidas pelo limite legal, o pre\u00e7o de venda ao consumidor, inclu\u00eddos os tributos incidentes, n\u00e3o pode ultrapassar R$ 200 mil.<\/p>\n\n\n\n<p class=\"wp-block-paragraph\">A Receita Federal informa que pessoas com defici\u00eancia ou transtorno do espectro autista podem utilizar a isen\u00e7\u00e3o de IPI para a aquisi\u00e7\u00e3o de um ve\u00edculo a cada tr\u00eas anos. A contagem \u00e9 feita a partir da data da aquisi\u00e7\u00e3o anterior, registrada na nota fiscal. O requerimento \u00e9 realizado por meio do sistema oficial da Receita Federal, o SISEN, antes da conclus\u00e3o da opera\u00e7\u00e3o de compra.<\/p>\n\n\n\n<p class=\"wp-block-paragraph\"><strong>N\u00e3o existe percentual nacional de desconto<\/strong><\/p>\n\n\n\n<p class=\"wp-block-paragraph\">Uma das d\u00favidas mais frequentes \u00e9 quanto uma pessoa com defici\u00eancia pode economizar na compra de um autom\u00f3vel. A legisla\u00e7\u00e3o n\u00e3o estabelece um percentual \u00fanico de desconto. Assim, express\u00f5es utilizadas em an\u00fancios comerciais, como \u201c30% de desconto\u201d ou \u201c40% de desconto\u201d, n\u00e3o devem ser interpretadas como um direito assegurado indistintamente a todas as pessoas com defici\u00eancia.<\/p>\n\n\n\n<p class=\"wp-block-paragraph\">A economia depende dos tributos para os quais o comprador efetivamente tenha direito, do pre\u00e7o e das caracter\u00edsticas do ve\u00edculo, da modalidade de aquisi\u00e7\u00e3o e da legisla\u00e7\u00e3o estadual aplic\u00e1vel. Um comprador pode ter direito \u00e0 isen\u00e7\u00e3o de IPI, por exemplo, mas n\u00e3o preencher os requisitos para a isen\u00e7\u00e3o de IOF. Em outra situa\u00e7\u00e3o, poder\u00e1 tamb\u00e9m haver benef\u00edcio relacionado ao ICMS e ao IPVA. Por essa raz\u00e3o, n\u00e3o \u00e9 poss\u00edvel estabelecer previamente um percentual \u00fanico de economia para todos os ve\u00edculos destinados ao p\u00fablico PCD. O valor deve ser calculado individualmente, a partir dos benef\u00edcios efetivamente autorizados.<\/p>\n\n\n\n<p class=\"wp-block-paragraph\"><strong>IPI e IOF possuem regras diferentes<\/strong><\/p>\n\n\n\n<p class=\"wp-block-paragraph\">Apesar de serem tributos federais, IPI e IOF possuem regras distintas. A isen\u00e7\u00e3o de IPI alcan\u00e7a um grupo mais amplo de situa\u00e7\u00f5es previstas na legisla\u00e7\u00e3o. J\u00e1 a isen\u00e7\u00e3o de IOF possui crit\u00e9rios mais restritivos. Segundo a Receita Federal, o benef\u00edcio de IOF para pessoa com defici\u00eancia est\u00e1 relacionado \u00e0 defici\u00eancia f\u00edsica e \u00e0 condi\u00e7\u00e3o de condutor, com exig\u00eancia de CNH com restri\u00e7\u00f5es. A isen\u00e7\u00e3o de IOF pode ser utilizada uma \u00fanica vez. Portanto, a aprova\u00e7\u00e3o de uma solicita\u00e7\u00e3o de isen\u00e7\u00e3o de IPI n\u00e3o significa, automaticamente, que o comprador ter\u00e1 direito \u00e0 isen\u00e7\u00e3o de IOF. Essa diferen\u00e7a \u00e9 especialmente relevante nos casos de aquisi\u00e7\u00e3o mediante financiamento.<\/p>\n\n\n\n<p class=\"wp-block-paragraph\"><strong>\u00c9 necess\u00e1rio ter CNH?<\/strong><\/p>\n\n\n\n<p class=\"wp-block-paragraph\">N\u00e3o em todas as situa\u00e7\u00f5es. A Receita Federal informa que uma pessoa com defici\u00eancia sem CNH pode solicitar a isen\u00e7\u00e3o de IPI, desde que indique pelo menos um condutor regularmente habilitado. Isso significa que a condi\u00e7\u00e3o de n\u00e3o condutor n\u00e3o impede, por si s\u00f3, a utiliza\u00e7\u00e3o do benef\u00edcio de IPI. A situa\u00e7\u00e3o \u00e9 diferente em rela\u00e7\u00e3o ao IOF. Nesse caso, a Receita Federal estabelece requisitos espec\u00edficos, entre eles a exist\u00eancia de CNH com as restri\u00e7\u00f5es correspondentes. A necessidade ou n\u00e3o de habilita\u00e7\u00e3o, portanto, deve ser analisada de acordo com o benef\u00edcio solicitado e com a condi\u00e7\u00e3o do comprador.<\/p>\n\n\n\n<p class=\"wp-block-paragraph\"><strong>ICMS depende da legisla\u00e7\u00e3o estadual<\/strong><\/p>\n\n\n\n<p class=\"wp-block-paragraph\">O ICMS \u00e9 um imposto de compet\u00eancia dos estados e do Distrito Federal. Embora existam regras estabelecidas no \u00e2mbito do Conselho Nacional de Pol\u00edtica Fazend\u00e1ria (Confaz), a operacionaliza\u00e7\u00e3o do benef\u00edcio depende da legisla\u00e7\u00e3o de cada unidade da Federa\u00e7\u00e3o. O Conv\u00eanio ICMS n\u00ba 38\/2012, atualmente prorrogado at\u00e9 31 de dezembro de 2026 pelo Conv\u00eanio ICMS n\u00ba 21\/2026, estabelece regras para a isen\u00e7\u00e3o nas opera\u00e7\u00f5es com ve\u00edculos destinados a determinadas pessoas com defici\u00eancia e pessoas com transtorno do espectro autista.<\/p>\n\n\n\n<p class=\"wp-block-paragraph\">Em Minas Gerais, a Secretaria de Estado de Fazenda informa que o ve\u00edculo deve ter pre\u00e7o de venda sugerido ao consumidor de, no m\u00e1ximo, R$ 120 mil, inclu\u00eddos os tributos incidentes e outros valores previstos na regulamenta\u00e7\u00e3o. O Estado tamb\u00e9m estabelece perman\u00eancia m\u00ednima de quatro anos da posse do ve\u00edculo pelo benefici\u00e1rio, ressalvadas as hip\u00f3teses previstas nas normas. \u00c9 importante observar que o limite de R$ 120 mil aplicado em Minas Gerais ao ICMS n\u00e3o deve ser confundido com o limite federal de R$ 200 mil relacionado ao IPI. S\u00e3o benef\u00edcios distintos, com regras pr\u00f3prias.<\/p>\n\n\n\n<p class=\"wp-block-paragraph\"><strong>IPVA possui legisla\u00e7\u00e3o pr\u00f3pria<\/strong><\/p>\n\n\n\n<p class=\"wp-block-paragraph\">O IPVA tamb\u00e9m \u00e9 um imposto estadual. Por isso, as condi\u00e7\u00f5es para concess\u00e3o da isen\u00e7\u00e3o variam conforme a unidade da Federa\u00e7\u00e3o. Em Minas Gerais, a Secretaria de Estado de Fazenda mant\u00e9m procedimento espec\u00edfico para a solicita\u00e7\u00e3o de isen\u00e7\u00e3o do imposto em situa\u00e7\u00f5es previstas na legisla\u00e7\u00e3o estadual. A concess\u00e3o do benef\u00edcio n\u00e3o ocorre automaticamente pelo simples fato de o comprador ter obtido isen\u00e7\u00e3o de IPI ou ICMS. Trata-se de procedimento pr\u00f3prio, que deve observar os requisitos estaduais.<\/p>\n\n\n\n<p class=\"wp-block-paragraph\"><strong>BPC n\u00e3o impede automaticamente a compra de um ve\u00edculo<\/strong><\/p>\n\n\n\n<p class=\"wp-block-paragraph\">A possibilidade de aquisi\u00e7\u00e3o de um autom\u00f3vel por pessoa que recebe o Benef\u00edcio de Presta\u00e7\u00e3o Continuada (BPC\/LOAS) \u00e9 uma das quest\u00f5es que mais geram d\u00favidas. O recebimento do BPC n\u00e3o constitui, por si s\u00f3, uma proibi\u00e7\u00e3o autom\u00e1tica \u00e0 aquisi\u00e7\u00e3o de um ve\u00edculo. Entretanto, \u00e9 fundamental compreender a natureza do benef\u00edcio. O BPC \u00e9 assistencial e destinado \u00e0 pessoa com defici\u00eancia ou ao idoso que atenda aos crit\u00e9rios previstos na legisla\u00e7\u00e3o, incluindo requisitos relacionados \u00e0 situa\u00e7\u00e3o socioecon\u00f4mica. O benef\u00edcio \u00e9 condicionado \u00e0 manuten\u00e7\u00e3o dessas condi\u00e7\u00f5es.<\/p>\n\n\n\n<p class=\"wp-block-paragraph\">Dessa forma, n\u00e3o \u00e9 correto afirmar que uma pessoa perder\u00e1 automaticamente o BPC simplesmente porque adquiriu um autom\u00f3vel, tamb\u00e9m n\u00e3o seria respons\u00e1vel afirmar que a aquisi\u00e7\u00e3o de um ve\u00edculo jamais ter\u00e1 relev\u00e2ncia em uma avalia\u00e7\u00e3o da situa\u00e7\u00e3o socioecon\u00f4mica do benefici\u00e1rio. O ponto central \u00e9 que a compra do autom\u00f3vel e a manuten\u00e7\u00e3o do BPC s\u00e3o quest\u00f5es juridicamente distintas, embora a situa\u00e7\u00e3o patrimonial e socioecon\u00f4mica do benefici\u00e1rio possa ser analisada dentro das regras de manuten\u00e7\u00e3o do benef\u00edcio. Por isso, benefici\u00e1rios do BPC que pretendam realizar uma aquisi\u00e7\u00e3o de valor elevado devem manter seus dados atualizados e, diante de situa\u00e7\u00f5es espec\u00edficas, buscar orienta\u00e7\u00e3o junto aos canais oficiais do INSS e da assist\u00eancia social.<\/p>\n\n\n\n<p class=\"wp-block-paragraph\"><strong>O processo come\u00e7a antes da concession\u00e1ria<\/strong><\/p>\n\n\n\n<p class=\"wp-block-paragraph\">A concession\u00e1ria participa da negocia\u00e7\u00e3o comercial e do faturamento do ve\u00edculo, mas n\u00e3o \u00e9 respons\u00e1vel pela concess\u00e3o das isen\u00e7\u00f5es tribut\u00e1rias. Para os tributos federais, o interessado deve solicitar previamente as autoriza\u00e7\u00f5es \u00e0 Receita Federal. O SISEN \u00e9 o sistema oficial utilizado para requerimentos de isen\u00e7\u00e3o de IPI e IOF. J\u00e1 os benef\u00edcios estaduais seguem procedimentos pr\u00f3prios. Em Minas Gerais, por exemplo, existem sistemas e procedimentos espec\u00edficos para ICMS e IPVA. A sequ\u00eancia correta \u00e9 importante: primeiro deve ser verificado o enquadramento do interessado e obtidas as autoriza\u00e7\u00f5es necess\u00e1rias; depois, o processo de faturamento do ve\u00edculo deve ser realizado de acordo com os benef\u00edcios concedidos.<\/p>\n\n\n\n<p class=\"wp-block-paragraph\"><strong>Quais documentos podem ser exigidos?<\/strong><\/p>\n\n\n\n<p class=\"wp-block-paragraph\">A documenta\u00e7\u00e3o varia de acordo com a condi\u00e7\u00e3o do benefici\u00e1rio, o benef\u00edcio solicitado e a legisla\u00e7\u00e3o aplic\u00e1vel. Entre os documentos que podem integrar o processo est\u00e3o: <\/p>\n\n\n\n<p class=\"wp-block-paragraph\">No caso do IPI, por exemplo, a Receita Federal informa que o laudo m\u00e9dico pode ser emitido pelo Detran ou por entidades conveniadas ao SUS, conforme a situa\u00e7\u00e3o. Para o IOF relacionado \u00e0 defici\u00eancia f\u00edsica, h\u00e1 exig\u00eancia espec\u00edfica de laudo emitido pelo Detran do estado de resid\u00eancia. A documenta\u00e7\u00e3o, portanto, n\u00e3o deve ser tratada como uma lista \u00fanica v\u00e1lida para todas as situa\u00e7\u00f5es.<\/p>\n\n\n\n<p class=\"wp-block-paragraph\"><strong>Antes de assinar: o que precisa ser conferido<\/strong><\/p>\n\n\n\n<p class=\"wp-block-paragraph\"><em>Antes de formalizar a compra, alguns pontos merecem aten\u00e7\u00e3o especial:<\/em><\/p>\n\n\n\n<p class=\"wp-block-paragraph\">\u00c9 necess\u00e1rio verificar se o modelo atende \u00e0s caracter\u00edsticas exigidas pela legisla\u00e7\u00e3o e se est\u00e1 dentro dos limites de pre\u00e7o aplic\u00e1veis ao benef\u00edcio pretendido. A concession\u00e1ria deve apresentar de maneira clara o pre\u00e7o do ve\u00edculo e os tributos que efetivamente foram retirados ou reduzidos. As autoriza\u00e7\u00f5es dos \u00f3rg\u00e3os competentes devem ser obtidas antes das etapas correspondentes da aquisi\u00e7\u00e3o.<\/p>\n\n\n\n<p class=\"wp-block-paragraph\">O consumidor deve saber exatamente quais impostos foram beneficiados. IPI, IOF, ICMS e IPVA possuem regras independentes. Nem todas as despesas relacionadas \u00e0 aquisi\u00e7\u00e3o necessariamente est\u00e3o abrangidas pelos benef\u00edcios fiscais. A venda ou transfer\u00eancia posterior do ve\u00edculo pode estar sujeita a prazos e condi\u00e7\u00f5es espec\u00edficos. Esses cuidados s\u00e3o importantes para evitar que uma expectativa de desconto seja confundida com um benef\u00edcio tribut\u00e1rio efetivamente autorizado.<\/p>\n\n\n\n<p class=\"wp-block-paragraph\"><strong>Desconto comercial n\u00e3o \u00e9 benef\u00edcio fiscal<\/strong><\/p>\n\n\n\n<p class=\"wp-block-paragraph\">Outro aspecto que merece aten\u00e7\u00e3o \u00e9 a diferen\u00e7a entre isen\u00e7\u00e3o tribut\u00e1ria e desconto comercial. Uma montadora ou concession\u00e1ria pode oferecer condi\u00e7\u00f5es comerciais espec\u00edficas ao p\u00fablico PCD. Essas condi\u00e7\u00f5es n\u00e3o devem ser confundidas com os benef\u00edcios fiscais previstos em lei. Da mesma maneira, um percentual anunciado por uma empresa n\u00e3o significa que todas as pessoas com defici\u00eancia ter\u00e3o direito ao mesmo abatimento. O benef\u00edcio fiscal decorre da legisla\u00e7\u00e3o e da autoriza\u00e7\u00e3o do \u00f3rg\u00e3o competente. J\u00e1 o desconto comercial \u00e9 uma condi\u00e7\u00e3o de venda estabelecida pela empresa. A distin\u00e7\u00e3o \u00e9 importante para que o consumidor consiga identificar exatamente quanto est\u00e1 economizando em raz\u00e3o dos impostos e quanto corresponde a uma pol\u00edtica comercial da montadora ou concession\u00e1ria.<\/p>\n\n\n\n<p class=\"wp-block-paragraph\"><strong>Venda posterior exige aten\u00e7\u00e3o<\/strong><\/p>\n\n\n\n<p class=\"wp-block-paragraph\">A transfer\u00eancia do ve\u00edculo adquirido com isen\u00e7\u00e3o tamb\u00e9m possui regras espec\u00edficas. No \u00e2mbito federal, por exemplo, a Receita Federal informa que o prazo para transferir um ve\u00edculo adquirido com isen\u00e7\u00e3o de IPI para pessoa que n\u00e3o possui direito ao benef\u00edcio \u00e9 de dois anos. No caso de ve\u00edculo adquirido com isen\u00e7\u00e3o de IOF, o prazo \u00e9 de tr\u00eas anos. Esses prazos s\u00e3o diferentes do per\u00edodo necess\u00e1rio para uma nova aquisi\u00e7\u00e3o com isen\u00e7\u00e3o.<\/p>\n\n\n\n<p class=\"wp-block-paragraph\">Para pessoas com defici\u00eancia ou transtorno do espectro autista, a Receita Federal informa que uma nova aquisi\u00e7\u00e3o com isen\u00e7\u00e3o de IPI pode ocorrer ap\u00f3s tr\u00eas anos. Em Minas Gerais, a legisla\u00e7\u00e3o do ICMS tamb\u00e9m estabelece regras pr\u00f3prias, incluindo a perman\u00eancia m\u00ednima de quatro anos com o ve\u00edculo, ressalvadas as hip\u00f3teses previstas na legisla\u00e7\u00e3o estadual. Por isso, a venda ou transfer\u00eancia do autom\u00f3vel deve ser precedida de consulta aos \u00f3rg\u00e3os respons\u00e1veis pelos benef\u00edcios utilizados.<\/p>\n\n\n\n<p class=\"wp-block-paragraph\"><strong>Reforma Tribut\u00e1ria acrescenta novas discuss\u00f5es<\/strong><\/p>\n\n\n\n<p class=\"wp-block-paragraph\">A compra de ve\u00edculos por pessoas com defici\u00eancia tamb\u00e9m passou a integrar as discuss\u00f5es relacionadas \u00e0 Reforma Tribut\u00e1ria. Em 3 de agosto de 2026, o Supremo Tribunal Federal julgou a\u00e7\u00f5es que questionavam restri\u00e7\u00f5es previstas na legisla\u00e7\u00e3o da Reforma Tribut\u00e1ria para a aplica\u00e7\u00e3o de al\u00edquota zero na aquisi\u00e7\u00e3o de ve\u00edculos por pessoas com defici\u00eancia intelectual e pessoas com transtorno do espectro autista. Por unanimidade, o STF afastou dispositivos que faziam distin\u00e7\u00f5es entre benefici\u00e1rios com base na intensidade ou na classifica\u00e7\u00e3o da defici\u00eancia. A decis\u00e3o representa uma mudan\u00e7a relevante na interpreta\u00e7\u00e3o das novas regras tribut\u00e1rias, mas n\u00e3o deve ser confundida com a atual sistem\u00e1tica de isen\u00e7\u00e3o de IPI, IOF, ICMS e IPVA. O novo modelo tribut\u00e1rio est\u00e1 sendo implementado de forma gradual e possui regras pr\u00f3prias de transi\u00e7\u00e3o.<\/p>\n\n\n\n<p class=\"wp-block-paragraph\"><strong>O que \u00e9 preciso saber antes da compra<\/strong><\/p>\n\n\n\n<p class=\"wp-block-paragraph\">\u2022 N\u00e3o existe um percentual fixo de desconto;<br>\u2022 A economia depende dos benef\u00edcios efetivamente concedidos;<br>\u2022 IPI e IOF t\u00eam regras diferentes;<br>\u2022 O direito a uma isen\u00e7\u00e3o n\u00e3o garante automaticamente a outra;<br>\u2022 Nem todo ve\u00edculo se enquadra nos benef\u00edcios;<br>\u2022 H\u00e1 limites de pre\u00e7o e caracter\u00edsticas t\u00e9cnicas que precisam ser observados;<br>\u2022 ICMS e IPVA dependem das regras estaduais;<br>\u2022 Os crit\u00e9rios e procedimentos podem variar de um estado para outro;<br>\u2022 N\u00e3o \u00e9 obrigat\u00f3rio ter CNH em todas as situa\u00e7\u00f5es<br>\u2022 A Receita Federal admite, por exemplo, pedido de isen\u00e7\u00e3o de IPI por pessoa com defici\u00eancia n\u00e3o condutora, desde que seja indicado pelo menos um condutor habilitado;<br>\u2022 O BPC n\u00e3o impede automaticamente a aquisi\u00e7\u00e3o de um ve\u00edculo. Entretanto, seus benefici\u00e1rios precisam continuar atendendo aos requisitos legais de manuten\u00e7\u00e3o do benef\u00edcio;<br>\u2022 A concession\u00e1ria n\u00e3o concede a isen\u00e7\u00e3o;<br>\u2022 Os benef\u00edcios fiscais s\u00e3o autorizados pelos \u00f3rg\u00e3os p\u00fablicos competentes;<br>\u2022 A venda posterior pode ter restri\u00e7\u00f5es;<br>\u2022 Antes de transferir o ve\u00edculo, \u00e9 necess\u00e1rio verificar as regras correspondentes a cada benef\u00edcio utilizado.<\/p>\n\n\n\n<p class=\"wp-block-paragraph\"><strong>Informa\u00e7\u00e3o \u00e9 parte do exerc\u00edcio do direito<\/strong><\/p>\n\n\n\n<p class=\"wp-block-paragraph\">Os benef\u00edcios tribut\u00e1rios destinados \u00e0s pessoas com defici\u00eancia desempenham papel relevante na promo\u00e7\u00e3o da mobilidade, da autonomia e da inclus\u00e3o social. Entretanto, o acesso a essas medidas exige o cumprimento de requisitos legais e administrativos. Em um cen\u00e1rio no qual diferentes tributos possuem regras pr\u00f3prias e o sistema tribut\u00e1rio brasileiro passa por mudan\u00e7as, a informa\u00e7\u00e3o correta \u00e9 fundamental para evitar decis\u00f5es baseadas em an\u00fancios comerciais, informa\u00e7\u00f5es incompletas ou interpreta\u00e7\u00f5es equivocadas da legisla\u00e7\u00e3o. Para quem pretende adquirir um ve\u00edculo, o caminho mais seguro \u00e9 verificar previamente o enquadramento individual, escolher um modelo compat\u00edvel com as regras, obter as autoriza\u00e7\u00f5es necess\u00e1rias e conferir detalhadamente a composi\u00e7\u00e3o do pre\u00e7o antes de concluir a opera\u00e7\u00e3o.<\/p>\n\n\n\n<p class=\"wp-block-paragraph\">Para benefici\u00e1rios do BPC, a an\u00e1lise deve ser ainda mais cuidadosa em raz\u00e3o dos crit\u00e9rios socioecon\u00f4micos associados ao benef\u00edcio. Os benef\u00edcios fiscais representam uma importante pol\u00edtica de promo\u00e7\u00e3o da autonomia e da mobilidade das pessoas com defici\u00eancia. Seu exerc\u00edcio, por\u00e9m, exige informa\u00e7\u00e3o, documenta\u00e7\u00e3o adequada e observ\u00e2ncia das normas vigentes. As regras tribut\u00e1rias podem ser alteradas por lei, conv\u00eanio, decreto ou regulamenta\u00e7\u00e3o. Antes da aquisi\u00e7\u00e3o, devem ser consultados os \u00f3rg\u00e3os oficiais respons\u00e1veis pelo benef\u00edcio pretendido e pela legisla\u00e7\u00e3o aplic\u00e1vel \u00e0 opera\u00e7\u00e3o.<\/p>\n","protected":false},"excerpt":{"rendered":"<p>Benef\u00edcios tribut\u00e1rios podem reduzir o custo de aquisi\u00e7\u00e3o, mas n\u00e3o representam um percentual fixo de desconto e dependem do enquadramento do comprador, das caracter\u00edsticas do ve\u00edculo e da legisla\u00e7\u00e3o vigente Por Ant\u00f4nio Marcos Costa A aquisi\u00e7\u00e3o de um autom\u00f3vel por uma pessoa com defici\u00eancia pode representar uma importante ferramenta de autonomia, mobilidade e inclus\u00e3o social. [&hellip;]<\/p>\n","protected":false},"author":1,"featured_media":456382,"comment_status":"open","ping_status":"closed","sticky":false,"template":"","format":"standard","meta":{"footnotes":""},"categories":[18],"tags":[],"class_list":["post-456381","post","type-post","status-publish","format-standard","has-post-thumbnail","hentry","category-artigos"],"yoast_head":"<!-- This site is optimized with the Yoast SEO plugin v28.3 - https:\/\/yoast.com\/product\/yoast-seo-wordpress\/ -->\n<title>Compra de ve\u00edculos por pessoas com defici\u00eancia: regras, isen\u00e7\u00f5es e cuidados para evitar erros no processo<\/title>\n<meta name=\"robots\" content=\"index, follow, max-snippet:-1, max-image-preview:large, max-video-preview:-1\" \/>\n<link rel=\"canonical\" href=\"https:\/\/www.ovigilanteonline.com.br\/site\/2026\/08\/30\/compra-de-veiculos-por-pessoas-com-deficiencia-regras-isencoes-e-cuidados-para-evitar-erros-no-processo\/\" \/>\n<meta property=\"og:locale\" content=\"pt_BR\" \/>\n<meta property=\"og:type\" content=\"article\" \/>\n<meta property=\"og:title\" content=\"Compra de ve\u00edculos por pessoas com defici\u00eancia: regras, isen\u00e7\u00f5es e cuidados para evitar erros no processo\" \/>\n<meta property=\"og:description\" content=\"Benef\u00edcios tribut\u00e1rios podem reduzir o custo de aquisi\u00e7\u00e3o, mas n\u00e3o representam um percentual fixo de desconto e dependem do enquadramento do comprador, das caracter\u00edsticas do ve\u00edculo e da legisla\u00e7\u00e3o vigente Por Ant\u00f4nio Marcos Costa A aquisi\u00e7\u00e3o de um autom\u00f3vel por uma pessoa com defici\u00eancia pode representar uma importante ferramenta de autonomia, mobilidade e inclus\u00e3o social. [&hellip;]\" \/>\n<meta property=\"og:url\" content=\"https:\/\/www.ovigilanteonline.com.br\/site\/2026\/08\/30\/compra-de-veiculos-por-pessoas-com-deficiencia-regras-isencoes-e-cuidados-para-evitar-erros-no-processo\/\" \/>\n<meta property=\"og:site_name\" content=\"O VIGILANTE ONLINE\" \/>\n<meta property=\"article:publisher\" content=\"https:\/\/www.facebook.com\/ovigilanteonline\" \/>\n<meta property=\"article:published_time\" content=\"2026-08-30T11:27:27+00:00\" \/>\n<meta property=\"article:modified_time\" content=\"2026-08-30T11:27:33+00:00\" \/>\n<meta property=\"og:image\" content=\"https:\/\/www.ovigilanteonline.com.br\/site\/wp-content\/uploads\/2026\/08\/antonio-marcos.png\" \/>\n\t<meta property=\"og:image:width\" content=\"1774\" \/>\n\t<meta property=\"og:image:height\" content=\"887\" \/>\n\t<meta property=\"og:image:type\" content=\"image\/png\" \/>\n<meta name=\"author\" content=\"Colunista\" \/>\n<meta name=\"twitter:card\" content=\"summary_large_image\" \/>\n<meta name=\"twitter:label1\" content=\"Escrito por\" \/>\n\t<meta name=\"twitter:data1\" content=\"Colunista\" \/>\n\t<meta name=\"twitter:label2\" content=\"Est. tempo de leitura\" \/>\n\t<meta name=\"twitter:data2\" content=\"14 minutos\" \/>\n<script type=\"application\/ld+json\" class=\"yoast-schema-graph\">{\"@context\":\"https:\\\/\\\/schema.org\",\"@graph\":[{\"@type\":\"Article\",\"@id\":\"https:\\\/\\\/www.ovigilanteonline.com.br\\\/site\\\/2026\\\/08\\\/30\\\/compra-de-veiculos-por-pessoas-com-deficiencia-regras-isencoes-e-cuidados-para-evitar-erros-no-processo\\\/#article\",\"isPartOf\":{\"@id\":\"https:\\\/\\\/www.ovigilanteonline.com.br\\\/site\\\/2026\\\/08\\\/30\\\/compra-de-veiculos-por-pessoas-com-deficiencia-regras-isencoes-e-cuidados-para-evitar-erros-no-processo\\\/\"},\"author\":{\"name\":\"Colunista\",\"@id\":\"https:\\\/\\\/www.ovigilanteonline.com.br\\\/site\\\/#\\\/schema\\\/person\\\/8ad9b7aecc912961c07795d5389c9d7d\"},\"headline\":\"Compra de ve\u00edculos por pessoas com defici\u00eancia: regras, isen\u00e7\u00f5es e cuidados para evitar erros no processo\",\"datePublished\":\"2026-08-30T11:27:27+00:00\",\"dateModified\":\"2026-08-30T11:27:33+00:00\",\"mainEntityOfPage\":{\"@id\":\"https:\\\/\\\/www.ovigilanteonline.com.br\\\/site\\\/2026\\\/08\\\/30\\\/compra-de-veiculos-por-pessoas-com-deficiencia-regras-isencoes-e-cuidados-para-evitar-erros-no-processo\\\/\"},\"wordCount\":2731,\"commentCount\":0,\"image\":{\"@id\":\"https:\\\/\\\/www.ovigilanteonline.com.br\\\/site\\\/2026\\\/08\\\/30\\\/compra-de-veiculos-por-pessoas-com-deficiencia-regras-isencoes-e-cuidados-para-evitar-erros-no-processo\\\/#primaryimage\"},\"thumbnailUrl\":\"https:\\\/\\\/www.ovigilanteonline.com.br\\\/site\\\/wp-content\\\/uploads\\\/2026\\\/08\\\/antonio-marcos.png\",\"articleSection\":[\"Artigos\"],\"inLanguage\":\"pt-BR\",\"potentialAction\":[{\"@type\":\"CommentAction\",\"name\":\"Comment\",\"target\":[\"https:\\\/\\\/www.ovigilanteonline.com.br\\\/site\\\/2026\\\/08\\\/30\\\/compra-de-veiculos-por-pessoas-com-deficiencia-regras-isencoes-e-cuidados-para-evitar-erros-no-processo\\\/#respond\"]}]},{\"@type\":\"WebPage\",\"@id\":\"https:\\\/\\\/www.ovigilanteonline.com.br\\\/site\\\/2026\\\/08\\\/30\\\/compra-de-veiculos-por-pessoas-com-deficiencia-regras-isencoes-e-cuidados-para-evitar-erros-no-processo\\\/\",\"url\":\"https:\\\/\\\/www.ovigilanteonline.com.br\\\/site\\\/2026\\\/08\\\/30\\\/compra-de-veiculos-por-pessoas-com-deficiencia-regras-isencoes-e-cuidados-para-evitar-erros-no-processo\\\/\",\"name\":\"Compra de ve\u00edculos por pessoas com defici\u00eancia: regras, isen\u00e7\u00f5es e cuidados para evitar erros no processo\",\"isPartOf\":{\"@id\":\"https:\\\/\\\/www.ovigilanteonline.com.br\\\/site\\\/#website\"},\"primaryImageOfPage\":{\"@id\":\"https:\\\/\\\/www.ovigilanteonline.com.br\\\/site\\\/2026\\\/08\\\/30\\\/compra-de-veiculos-por-pessoas-com-deficiencia-regras-isencoes-e-cuidados-para-evitar-erros-no-processo\\\/#primaryimage\"},\"image\":{\"@id\":\"https:\\\/\\\/www.ovigilanteonline.com.br\\\/site\\\/2026\\\/08\\\/30\\\/compra-de-veiculos-por-pessoas-com-deficiencia-regras-isencoes-e-cuidados-para-evitar-erros-no-processo\\\/#primaryimage\"},\"thumbnailUrl\":\"https:\\\/\\\/www.ovigilanteonline.com.br\\\/site\\\/wp-content\\\/uploads\\\/2026\\\/08\\\/antonio-marcos.png\",\"datePublished\":\"2026-08-30T11:27:27+00:00\",\"dateModified\":\"2026-08-30T11:27:33+00:00\",\"author\":{\"@id\":\"https:\\\/\\\/www.ovigilanteonline.com.br\\\/site\\\/#\\\/schema\\\/person\\\/8ad9b7aecc912961c07795d5389c9d7d\"},\"breadcrumb\":{\"@id\":\"https:\\\/\\\/www.ovigilanteonline.com.br\\\/site\\\/2026\\\/08\\\/30\\\/compra-de-veiculos-por-pessoas-com-deficiencia-regras-isencoes-e-cuidados-para-evitar-erros-no-processo\\\/#breadcrumb\"},\"inLanguage\":\"pt-BR\",\"potentialAction\":[{\"@type\":\"ReadAction\",\"target\":[\"https:\\\/\\\/www.ovigilanteonline.com.br\\\/site\\\/2026\\\/08\\\/30\\\/compra-de-veiculos-por-pessoas-com-deficiencia-regras-isencoes-e-cuidados-para-evitar-erros-no-processo\\\/\"]}]},{\"@type\":\"ImageObject\",\"inLanguage\":\"pt-BR\",\"@id\":\"https:\\\/\\\/www.ovigilanteonline.com.br\\\/site\\\/2026\\\/08\\\/30\\\/compra-de-veiculos-por-pessoas-com-deficiencia-regras-isencoes-e-cuidados-para-evitar-erros-no-processo\\\/#primaryimage\",\"url\":\"https:\\\/\\\/www.ovigilanteonline.com.br\\\/site\\\/wp-content\\\/uploads\\\/2026\\\/08\\\/antonio-marcos.png\",\"contentUrl\":\"https:\\\/\\\/www.ovigilanteonline.com.br\\\/site\\\/wp-content\\\/uploads\\\/2026\\\/08\\\/antonio-marcos.png\",\"width\":1774,\"height\":887},{\"@type\":\"BreadcrumbList\",\"@id\":\"https:\\\/\\\/www.ovigilanteonline.com.br\\\/site\\\/2026\\\/08\\\/30\\\/compra-de-veiculos-por-pessoas-com-deficiencia-regras-isencoes-e-cuidados-para-evitar-erros-no-processo\\\/#breadcrumb\",\"itemListElement\":[{\"@type\":\"ListItem\",\"position\":1,\"name\":\"In\u00edcio\",\"item\":\"https:\\\/\\\/www.ovigilanteonline.com.br\\\/site\\\/\"},{\"@type\":\"ListItem\",\"position\":2,\"name\":\"Compra de ve\u00edculos por pessoas com defici\u00eancia: regras, isen\u00e7\u00f5es e cuidados para evitar erros no processo\"}]},{\"@type\":\"WebSite\",\"@id\":\"https:\\\/\\\/www.ovigilanteonline.com.br\\\/site\\\/#website\",\"url\":\"https:\\\/\\\/www.ovigilanteonline.com.br\\\/site\\\/\",\"name\":\"O VIGILANTE ONLINE - Not\u00edcias de Leopoldina e regi\u00e3o\",\"description\":\"\",\"potentialAction\":[{\"@type\":\"SearchAction\",\"target\":{\"@type\":\"EntryPoint\",\"urlTemplate\":\"https:\\\/\\\/www.ovigilanteonline.com.br\\\/site\\\/?s={search_term_string}\"},\"query-input\":{\"@type\":\"PropertyValueSpecification\",\"valueRequired\":true,\"valueName\":\"search_term_string\"}}],\"inLanguage\":\"pt-BR\"},{\"@type\":\"Person\",\"@id\":\"https:\\\/\\\/www.ovigilanteonline.com.br\\\/site\\\/#\\\/schema\\\/person\\\/8ad9b7aecc912961c07795d5389c9d7d\",\"name\":\"Colunista\",\"sameAs\":[\"https:\\\/\\\/ovigilanteonline.com.br\\\/site\\\/\"]}]}<\/script>\n<!-- \/ Yoast SEO plugin. -->","yoast_head_json":{"title":"Compra de ve\u00edculos por pessoas com defici\u00eancia: regras, isen\u00e7\u00f5es e cuidados para evitar erros no processo","robots":{"index":"index","follow":"follow","max-snippet":"max-snippet:-1","max-image-preview":"max-image-preview:large","max-video-preview":"max-video-preview:-1"},"canonical":"https:\/\/www.ovigilanteonline.com.br\/site\/2026\/08\/30\/compra-de-veiculos-por-pessoas-com-deficiencia-regras-isencoes-e-cuidados-para-evitar-erros-no-processo\/","og_locale":"pt_BR","og_type":"article","og_title":"Compra de ve\u00edculos por pessoas com defici\u00eancia: regras, isen\u00e7\u00f5es e cuidados para evitar erros no processo","og_description":"Benef\u00edcios tribut\u00e1rios podem reduzir o custo de aquisi\u00e7\u00e3o, mas n\u00e3o representam um percentual fixo de desconto e dependem do enquadramento do comprador, das caracter\u00edsticas do ve\u00edculo e da legisla\u00e7\u00e3o vigente Por Ant\u00f4nio Marcos Costa A aquisi\u00e7\u00e3o de um autom\u00f3vel por uma pessoa com defici\u00eancia pode representar uma importante ferramenta de autonomia, mobilidade e inclus\u00e3o social. [&hellip;]","og_url":"https:\/\/www.ovigilanteonline.com.br\/site\/2026\/08\/30\/compra-de-veiculos-por-pessoas-com-deficiencia-regras-isencoes-e-cuidados-para-evitar-erros-no-processo\/","og_site_name":"O VIGILANTE ONLINE","article_publisher":"https:\/\/www.facebook.com\/ovigilanteonline","article_published_time":"2026-08-30T11:27:27+00:00","article_modified_time":"2026-08-30T11:27:33+00:00","og_image":[{"width":1774,"height":887,"url":"https:\/\/www.ovigilanteonline.com.br\/site\/wp-content\/uploads\/2026\/08\/antonio-marcos.png","type":"image\/png"}],"author":"Colunista","twitter_card":"summary_large_image","twitter_misc":{"Escrito por":"Colunista","Est. tempo de leitura":"14 minutos"},"schema":{"@context":"https:\/\/schema.org","@graph":[{"@type":"Article","@id":"https:\/\/www.ovigilanteonline.com.br\/site\/2026\/08\/30\/compra-de-veiculos-por-pessoas-com-deficiencia-regras-isencoes-e-cuidados-para-evitar-erros-no-processo\/#article","isPartOf":{"@id":"https:\/\/www.ovigilanteonline.com.br\/site\/2026\/08\/30\/compra-de-veiculos-por-pessoas-com-deficiencia-regras-isencoes-e-cuidados-para-evitar-erros-no-processo\/"},"author":{"name":"Colunista","@id":"https:\/\/www.ovigilanteonline.com.br\/site\/#\/schema\/person\/8ad9b7aecc912961c07795d5389c9d7d"},"headline":"Compra de ve\u00edculos por pessoas com defici\u00eancia: regras, isen\u00e7\u00f5es e cuidados para evitar erros no processo","datePublished":"2026-08-30T11:27:27+00:00","dateModified":"2026-08-30T11:27:33+00:00","mainEntityOfPage":{"@id":"https:\/\/www.ovigilanteonline.com.br\/site\/2026\/08\/30\/compra-de-veiculos-por-pessoas-com-deficiencia-regras-isencoes-e-cuidados-para-evitar-erros-no-processo\/"},"wordCount":2731,"commentCount":0,"image":{"@id":"https:\/\/www.ovigilanteonline.com.br\/site\/2026\/08\/30\/compra-de-veiculos-por-pessoas-com-deficiencia-regras-isencoes-e-cuidados-para-evitar-erros-no-processo\/#primaryimage"},"thumbnailUrl":"https:\/\/www.ovigilanteonline.com.br\/site\/wp-content\/uploads\/2026\/08\/antonio-marcos.png","articleSection":["Artigos"],"inLanguage":"pt-BR","potentialAction":[{"@type":"CommentAction","name":"Comment","target":["https:\/\/www.ovigilanteonline.com.br\/site\/2026\/08\/30\/compra-de-veiculos-por-pessoas-com-deficiencia-regras-isencoes-e-cuidados-para-evitar-erros-no-processo\/#respond"]}]},{"@type":"WebPage","@id":"https:\/\/www.ovigilanteonline.com.br\/site\/2026\/08\/30\/compra-de-veiculos-por-pessoas-com-deficiencia-regras-isencoes-e-cuidados-para-evitar-erros-no-processo\/","url":"https:\/\/www.ovigilanteonline.com.br\/site\/2026\/08\/30\/compra-de-veiculos-por-pessoas-com-deficiencia-regras-isencoes-e-cuidados-para-evitar-erros-no-processo\/","name":"Compra de ve\u00edculos por pessoas com defici\u00eancia: regras, isen\u00e7\u00f5es e cuidados para evitar erros no processo","isPartOf":{"@id":"https:\/\/www.ovigilanteonline.com.br\/site\/#website"},"primaryImageOfPage":{"@id":"https:\/\/www.ovigilanteonline.com.br\/site\/2026\/08\/30\/compra-de-veiculos-por-pessoas-com-deficiencia-regras-isencoes-e-cuidados-para-evitar-erros-no-processo\/#primaryimage"},"image":{"@id":"https:\/\/www.ovigilanteonline.com.br\/site\/2026\/08\/30\/compra-de-veiculos-por-pessoas-com-deficiencia-regras-isencoes-e-cuidados-para-evitar-erros-no-processo\/#primaryimage"},"thumbnailUrl":"https:\/\/www.ovigilanteonline.com.br\/site\/wp-content\/uploads\/2026\/08\/antonio-marcos.png","datePublished":"2026-08-30T11:27:27+00:00","dateModified":"2026-08-30T11:27:33+00:00","author":{"@id":"https:\/\/www.ovigilanteonline.com.br\/site\/#\/schema\/person\/8ad9b7aecc912961c07795d5389c9d7d"},"breadcrumb":{"@id":"https:\/\/www.ovigilanteonline.com.br\/site\/2026\/08\/30\/compra-de-veiculos-por-pessoas-com-deficiencia-regras-isencoes-e-cuidados-para-evitar-erros-no-processo\/#breadcrumb"},"inLanguage":"pt-BR","potentialAction":[{"@type":"ReadAction","target":["https:\/\/www.ovigilanteonline.com.br\/site\/2026\/08\/30\/compra-de-veiculos-por-pessoas-com-deficiencia-regras-isencoes-e-cuidados-para-evitar-erros-no-processo\/"]}]},{"@type":"ImageObject","inLanguage":"pt-BR","@id":"https:\/\/www.ovigilanteonline.com.br\/site\/2026\/08\/30\/compra-de-veiculos-por-pessoas-com-deficiencia-regras-isencoes-e-cuidados-para-evitar-erros-no-processo\/#primaryimage","url":"https:\/\/www.ovigilanteonline.com.br\/site\/wp-content\/uploads\/2026\/08\/antonio-marcos.png","contentUrl":"https:\/\/www.ovigilanteonline.com.br\/site\/wp-content\/uploads\/2026\/08\/antonio-marcos.png","width":1774,"height":887},{"@type":"BreadcrumbList","@id":"https:\/\/www.ovigilanteonline.com.br\/site\/2026\/08\/30\/compra-de-veiculos-por-pessoas-com-deficiencia-regras-isencoes-e-cuidados-para-evitar-erros-no-processo\/#breadcrumb","itemListElement":[{"@type":"ListItem","position":1,"name":"In\u00edcio","item":"https:\/\/www.ovigilanteonline.com.br\/site\/"},{"@type":"ListItem","position":2,"name":"Compra de ve\u00edculos por pessoas com defici\u00eancia: regras, isen\u00e7\u00f5es e cuidados para evitar erros no processo"}]},{"@type":"WebSite","@id":"https:\/\/www.ovigilanteonline.com.br\/site\/#website","url":"https:\/\/www.ovigilanteonline.com.br\/site\/","name":"O VIGILANTE ONLINE - Not\u00edcias de Leopoldina e regi\u00e3o","description":"","potentialAction":[{"@type":"SearchAction","target":{"@type":"EntryPoint","urlTemplate":"https:\/\/www.ovigilanteonline.com.br\/site\/?s={search_term_string}"},"query-input":{"@type":"PropertyValueSpecification","valueRequired":true,"valueName":"search_term_string"}}],"inLanguage":"pt-BR"},{"@type":"Person","@id":"https:\/\/www.ovigilanteonline.com.br\/site\/#\/schema\/person\/8ad9b7aecc912961c07795d5389c9d7d","name":"Colunista","sameAs":["https:\/\/ovigilanteonline.com.br\/site\/"]}]}},"cc_featured_image_caption":{"caption_text":"","source_text":"","source_url":""},"_links":{"self":[{"href":"https:\/\/www.ovigilanteonline.com.br\/site\/wp-json\/wp\/v2\/posts\/456381","targetHints":{"allow":["GET"]}}],"collection":[{"href":"https:\/\/www.ovigilanteonline.com.br\/site\/wp-json\/wp\/v2\/posts"}],"about":[{"href":"https:\/\/www.ovigilanteonline.com.br\/site\/wp-json\/wp\/v2\/types\/post"}],"author":[{"embeddable":true,"href":"https:\/\/www.ovigilanteonline.com.br\/site\/wp-json\/wp\/v2\/users\/1"}],"replies":[{"embeddable":true,"href":"https:\/\/www.ovigilanteonline.com.br\/site\/wp-json\/wp\/v2\/comments?post=456381"}],"version-history":[{"count":1,"href":"https:\/\/www.ovigilanteonline.com.br\/site\/wp-json\/wp\/v2\/posts\/456381\/revisions"}],"predecessor-version":[{"id":456383,"href":"https:\/\/www.ovigilanteonline.com.br\/site\/wp-json\/wp\/v2\/posts\/456381\/revisions\/456383"}],"wp:featuredmedia":[{"embeddable":true,"href":"https:\/\/www.ovigilanteonline.com.br\/site\/wp-json\/wp\/v2\/media\/456382"}],"wp:attachment":[{"href":"https:\/\/www.ovigilanteonline.com.br\/site\/wp-json\/wp\/v2\/media?parent=456381"}],"wp:term":[{"taxonomy":"category","embeddable":true,"href":"https:\/\/www.ovigilanteonline.com.br\/site\/wp-json\/wp\/v2\/categories?post=456381"},{"taxonomy":"post_tag","embeddable":true,"href":"https:\/\/www.ovigilanteonline.com.br\/site\/wp-json\/wp\/v2\/tags?post=456381"}],"curies":[{"name":"wp","href":"https:\/\/api.w.org\/{rel}","templated":true}]}}