{"id":456349,"date":"2026-08-28T15:02:12","date_gmt":"2026-08-28T18:02:12","guid":{"rendered":"https:\/\/www.ovigilanteonline.com.br\/site\/?p=456349"},"modified":"2026-08-31T13:50:43","modified_gmt":"2026-08-31T16:50:43","slug":"justica-destina-r-171-mil-a-projetos-sociais-e-de-seguranca-publica-em-leopoldina","status":"publish","type":"post","link":"https:\/\/www.ovigilanteonline.com.br\/site\/2026\/08\/28\/justica-destina-r-171-mil-a-projetos-sociais-e-de-seguranca-publica-em-leopoldina\/","title":{"rendered":"Justi\u00e7a destina R$ 171 mil a projetos sociais e de seguran\u00e7a p\u00fablica em Leopoldina"},"content":{"rendered":"<div id=\"ovigi-3309171524\" class=\"ovigi-inicio-post-interno ovigi-entity-placement\" style=\"margin-left: auto;margin-right: auto;text-align: center;\"><a href=\"https:\/\/onelink.to\/tfjfd3?utm_source=ig&#038;utm_medium=social&#038;utm_content=link_in_bio&#038;fbclid=PAcGRvZgJleHRuA2FlbQIxMQBzcnRjBmFwcF9pZA85MzY2MTk3NDMzOTI0NTkAAacgW20vIuhakYBCxZduUBbwssdSFoAQ7exuq7BFVvR-PR9sdpzVWlAvY7yZog_aem__Bn7V7eJEMspatV_tVfmIA\" target=\"_blank\" aria-label=\"ARTE GIF\"><img decoding=\"async\" src=\"https:\/\/www.ovigilanteonline.com.br\/site\/wp-content\/uploads\/2026\/05\/ARTE-GIF.gif\" alt=\"\"    \/><\/a><\/div>\n<h3 class=\"wp-block-heading\"><strong><em>Recursos beneficiam sete entidades e iniciativas do munic\u00edpio; valores ser\u00e3o aplicados em a\u00e7\u00f5es voltadas \u00e0 assist\u00eancia social, prote\u00e7\u00e3o de idosos, recupera\u00e7\u00e3o de dependentes qu\u00edmicos e fortalecimento da seguran\u00e7a p\u00fablica<\/em><\/strong><\/h3>\n\n\n\n<figure class=\"wp-block-image size-large\"><img loading=\"lazy\" decoding=\"async\" width=\"1024\" height=\"574\" src=\"https:\/\/www.ovigilanteonline.com.br\/site\/wp-content\/uploads\/2026\/08\/WhatsApp-Image-2026-08-28-at-14.45.57-1024x574.jpeg\" alt=\"\" class=\"wp-image-456356\" srcset=\"https:\/\/www.ovigilanteonline.com.br\/site\/wp-content\/uploads\/2026\/08\/WhatsApp-Image-2026-08-28-at-14.45.57-1024x574.jpeg 1024w, https:\/\/www.ovigilanteonline.com.br\/site\/wp-content\/uploads\/2026\/08\/WhatsApp-Image-2026-08-28-at-14.45.57-300x168.jpeg 300w, https:\/\/www.ovigilanteonline.com.br\/site\/wp-content\/uploads\/2026\/08\/WhatsApp-Image-2026-08-28-at-14.45.57-766x430.jpeg 766w, https:\/\/www.ovigilanteonline.com.br\/site\/wp-content\/uploads\/2026\/08\/WhatsApp-Image-2026-08-28-at-14.45.57.jpeg 1262w\" sizes=\"auto, (max-width: 1024px) 100vw, 1024px\" \/><\/figure>\n\n\n\n<p class=\"wp-block-paragraph\"><strong>LEOPOLDINA \u2014<\/strong> Mais de R$ 171 mil ser\u00e3o transformados em investimentos para projetos de interesse social e seguran\u00e7a p\u00fablica em Leopoldina. <\/p>\n\n\n\n<p class=\"wp-block-paragraph\">A destina\u00e7\u00e3o dos recursos, provenientes de presta\u00e7\u00f5es pecuni\u00e1rias e outras medidas judiciais, beneficiar\u00e1 sete entidades e iniciativas selecionadas por meio de edital em 2026.<\/p><div id=\"ovigi-4157064359\" class=\"ovigi-conteudo_2-3 ovigi-entity-placement\"><script async src=\"\/\/pagead2.googlesyndication.com\/pagead\/js\/adsbygoogle.js?client=ca-pub-4068173061741521\" crossorigin=\"anonymous\"><\/script><ins class=\"adsbygoogle\" style=\"display:block; text-align:center;\" data-ad-client=\"ca-pub-4068173061741521\" \ndata-ad-slot=\"6460393376\" \ndata-ad-layout=\"in-article\"\ndata-ad-format=\"fluid\"><\/ins>\n<script> \n(adsbygoogle = window.adsbygoogle || []).push({}); \n<\/script>\n<\/div><div id=\"ovigi-3575363984\" class=\"ovigi-conteudo_2-2 ovigi-entity-placement\"><script async src=\"\/\/pagead2.googlesyndication.com\/pagead\/js\/adsbygoogle.js?client=ca-pub-4068173061741521\" crossorigin=\"anonymous\"><\/script><ins class=\"adsbygoogle\" style=\"display:block; text-align:center;\" data-ad-client=\"ca-pub-4068173061741521\" \ndata-ad-slot=\"6460393376\" \ndata-ad-layout=\"in-article\"\ndata-ad-format=\"fluid\"><\/ins>\n<script> \n(adsbygoogle = window.adsbygoogle || []).push({}); \n<\/script>\n<\/div><div id=\"ovigi-3537529167\" class=\"ovigi-conteudo_2 ovigi-entity-placement\"><script async src=\"\/\/pagead2.googlesyndication.com\/pagead\/js\/adsbygoogle.js?client=ca-pub-4068173061741521\" crossorigin=\"anonymous\"><\/script><ins class=\"adsbygoogle\" style=\"display:block; text-align:center;\" data-ad-client=\"ca-pub-4068173061741521\" \ndata-ad-slot=\"6460393376\" \ndata-ad-layout=\"in-article\"\ndata-ad-format=\"fluid\"><\/ins>\n<script> \n(adsbygoogle = window.adsbygoogle || []).push({}); \n<\/script>\n<\/div><div id=\"ovigi-2226701919\" class=\"ovigi-conteudo_2-4 ovigi-entity-placement\"><script async src=\"\/\/pagead2.googlesyndication.com\/pagead\/js\/adsbygoogle.js?client=ca-pub-4068173061741521\" crossorigin=\"anonymous\"><\/script><ins class=\"adsbygoogle\" style=\"display:block; text-align:center;\" data-ad-client=\"ca-pub-4068173061741521\" \ndata-ad-slot=\"6460393376\" \ndata-ad-layout=\"in-article\"\ndata-ad-format=\"fluid\"><\/ins>\n<script> \n(adsbygoogle = window.adsbygoogle || []).push({}); \n<\/script>\n<\/div>\n\n\n\n<p class=\"wp-block-paragraph\">A solenidade de entrega dos valores foi realizada na tarde desta quarta-feira, 26 de agosto, \u00e0s 17h30, no Audit\u00f3rio do Tribunal do J\u00fari do F\u00f3rum Doutor Jos\u00e9 Domingues, localizado na Rua Geraldo Campana, n\u00ba 200, no Centro de Leopoldina.<\/p>\n\n\n\n<figure class=\"wp-block-image size-large\"><img loading=\"lazy\" decoding=\"async\" width=\"1024\" height=\"768\" src=\"https:\/\/www.ovigilanteonline.com.br\/site\/wp-content\/uploads\/2026\/08\/image-17-1024x768.png\" alt=\"\" class=\"wp-image-456350\" srcset=\"https:\/\/www.ovigilanteonline.com.br\/site\/wp-content\/uploads\/2026\/08\/image-17-1024x768.png 1024w, https:\/\/www.ovigilanteonline.com.br\/site\/wp-content\/uploads\/2026\/08\/image-17-300x225.png 300w, https:\/\/www.ovigilanteonline.com.br\/site\/wp-content\/uploads\/2026\/08\/image-17-768x576.png 768w, https:\/\/www.ovigilanteonline.com.br\/site\/wp-content\/uploads\/2026\/08\/image-17.png 1280w\" sizes=\"auto, (max-width: 1024px) 100vw, 1024px\" \/><\/figure>\n\n\n\n<p class=\"wp-block-paragraph\">O evento foi conduzido pela MM.\u00aa Ju\u00edza de Direito, Dra. M\u00f4nica Barbosa dos Santos (foto), e reuniu autoridades civis e militares, representantes das entidades contempladas, colaboradores do Tribunal de Justi\u00e7a em Leopoldina e demais convidados.<\/p>\n\n\n\n<figure class=\"wp-block-image size-full is-resized\"><img loading=\"lazy\" decoding=\"async\" width=\"567\" height=\"376\" src=\"https:\/\/www.ovigilanteonline.com.br\/site\/wp-content\/uploads\/2026\/08\/image-18.png\" alt=\"\" class=\"wp-image-456351\" style=\"aspect-ratio:1.5080413913477122;width:840px;height:auto\" srcset=\"https:\/\/www.ovigilanteonline.com.br\/site\/wp-content\/uploads\/2026\/08\/image-18.png 567w, https:\/\/www.ovigilanteonline.com.br\/site\/wp-content\/uploads\/2026\/08\/image-18-300x199.png 300w\" sizes=\"auto, (max-width: 567px) 100vw, 567px\" \/><\/figure>\n\n\n\n<p class=\"wp-block-paragraph\">Ao todo, foram destinados R$ 171.173,85, que ser\u00e3o aplicados em projetos com diferentes finalidades, incluindo assist\u00eancia a idosos, atendimento a pessoas em situa\u00e7\u00e3o de vulnerabilidade social, recupera\u00e7\u00e3o de dependentes qu\u00edmicos e investimentos em equipamentos, tecnologia e capacita\u00e7\u00e3o dos \u00f3rg\u00e3os de seguran\u00e7a p\u00fablica.<\/p>\n\n\n<div id=\"ovigi-1505551657\">\r\n<p class=\"has-text-align-center has-small-font-size wp-block-paragraph\">continua depois da publicidade<\/p>\r\n\r\n\r\n\r\n<hr class=\"wp-block-separator has-alpha-channel-opacity is-style-wide\"\/>\r\n\r\n\r\n\r\n<div class=\"wp-block-columns is-layout-flex wp-container-core-columns-is-layout-8f761849 wp-block-columns-is-layout-flex\">\r\n<div class=\"wp-block-column is-layout-flow wp-block-column-is-layout-flow\">\r\n<figure class=\"wp-block-image size-full is-resized\"><a href=\"https:\/\/www.instagram.com\/unimedleopoldina241\/\" target=\"_blank\" rel=\" noreferrer noopener\"><img decoding=\"async\" src=\"https:\/\/www.ovigilanteonline.com.br\/site\/wp-content\/uploads\/2026\/08\/unimed-materias.jpg\" alt=\"\" class=\"wp-image-455236\"\/><\/a><\/figure>\r\n<\/div>\r\n\r\n\r\n\r\n<div class=\"wp-block-column is-layout-flow wp-block-column-is-layout-flow\">\r\n<figure class=\"wp-block-image size-full\"><a href=\"https:\/\/vest.sudamerica.edu.br\/vest-2026-2\" target=\"_blank\" rel=\" noreferrer noopener\"><img decoding=\"async\" src=\"https:\/\/www.ovigilanteonline.com.br\/site\/wp-content\/uploads\/2026\/08\/sudamerica-materias.jpg\" alt=\"\" class=\"wp-image-453120\"\/><\/a><\/figure>\r\n<\/div>\r\n<\/div>\r\n\r\n\r\n\r\n<hr class=\"wp-block-separator has-alpha-channel-opacity is-style-wide\"\/>\r\n<\/div>\n\n\n<h3 class=\"wp-block-heading\">Como funciona a destina\u00e7\u00e3o dos recursos<\/h3>\n\n\n\n<p class=\"wp-block-paragraph\">O recolhimento e a destina\u00e7\u00e3o dos valores decorrentes da aplica\u00e7\u00e3o da pena de presta\u00e7\u00e3o pecuni\u00e1ria, de transa\u00e7\u00f5es penais e de suspens\u00f5es condicionais do processo, assim como das verbas provenientes da homologa\u00e7\u00e3o de acordos de n\u00e3o persecu\u00e7\u00e3o penal, seguem as normas estabelecidas pela Resolu\u00e7\u00e3o n\u00ba 154\/2012 do Conselho Nacional de Justi\u00e7a (CNJ).<\/p>\n\n\n\n<p class=\"wp-block-paragraph\">Os valores arrecadados s\u00e3o depositados em conta judicial vinculada \u00e0 unidade gestora, que corresponde ao Ju\u00edzo da Execu\u00e7\u00e3o Penal da comarca.<\/p>\n\n\n\n<p class=\"wp-block-paragraph\">Posteriormente, os recursos s\u00e3o destinados, por meio de processo administrativo pr\u00f3prio, ao financiamento de atividades consideradas essenciais e de relevante interesse social, especialmente nas \u00e1reas de seguran\u00e7a p\u00fablica, educa\u00e7\u00e3o e sa\u00fade.<\/p>\n\n\n\n<p class=\"wp-block-paragraph\">Anualmente, \u00e9 publicado edital para que entidades e institui\u00e7\u00f5es apresentem projetos para concorrer \u00e0 destina\u00e7\u00e3o das verbas.<\/p>\n\n\n\n<h3 class=\"wp-block-heading\">Sete projetos foram contemplados<\/h3>\n\n\n\n<p class=\"wp-block-paragraph\">Em 2026, as iniciativas inscritas foram analisadas pelo Servi\u00e7o Social Forense, Minist\u00e9rio P\u00fablico e Ju\u00edzo Criminal e de Execu\u00e7\u00f5es Penais. Na sele\u00e7\u00e3o, foram priorizados projetos de maior alcance social para a comarca, com potencial de apresentar resultados concretos e duradouros para a comunidade.<\/p>\n\n\n\n<p class=\"wp-block-paragraph\">Entre os contemplados est\u00e1 o Asilo Santo Ant\u00f4nio, que utilizar\u00e1 os recursos para adquirir itens essenciais de cama e banho, incluindo jogos de len\u00e7\u00f3is, fronhas e toalhas para utiliza\u00e7\u00e3o di\u00e1ria. A medida busca proporcionar mais conforto e qualidade de vida aos idosos assistidos pela institui\u00e7\u00e3o.<\/p>\n\n\n\n<figure class=\"wp-block-image size-large\"><img loading=\"lazy\" decoding=\"async\" width=\"1024\" height=\"768\" src=\"https:\/\/www.ovigilanteonline.com.br\/site\/wp-content\/uploads\/2026\/08\/image-19-1024x768.png\" alt=\"\" class=\"wp-image-456352\" srcset=\"https:\/\/www.ovigilanteonline.com.br\/site\/wp-content\/uploads\/2026\/08\/image-19-1024x768.png 1024w, https:\/\/www.ovigilanteonline.com.br\/site\/wp-content\/uploads\/2026\/08\/image-19-300x225.png 300w, https:\/\/www.ovigilanteonline.com.br\/site\/wp-content\/uploads\/2026\/08\/image-19-768x576.png 768w, https:\/\/www.ovigilanteonline.com.br\/site\/wp-content\/uploads\/2026\/08\/image-19.png 1280w\" sizes=\"auto, (max-width: 1024px) 100vw, 1024px\" \/><\/figure>\n\n\n\n<hr class=\"wp-block-separator has-alpha-channel-opacity\"\/>\n\n\n\n<p class=\"wp-block-paragraph\">O Movimento de Assist\u00eancia Social (MAS) recebeu recursos para a reforma de um c\u00f4modo, com o objetivo de promover adequa\u00e7\u00f5es estruturais e administrativas no local, atendendo \u00e0s exig\u00eancias das Resolu\u00e7\u00f5es n\u00ba 472\/2019 e n\u00ba 496\/2023 do Conselho Estadual de Educa\u00e7\u00e3o de Minas Gerais (CEE-MG).<\/p>\n\n\n\n<figure class=\"wp-block-image size-large\"><img loading=\"lazy\" decoding=\"async\" width=\"1024\" height=\"768\" src=\"https:\/\/www.ovigilanteonline.com.br\/site\/wp-content\/uploads\/2026\/08\/image-20-1024x768.png\" alt=\"\" class=\"wp-image-456353\" srcset=\"https:\/\/www.ovigilanteonline.com.br\/site\/wp-content\/uploads\/2026\/08\/image-20-1024x768.png 1024w, https:\/\/www.ovigilanteonline.com.br\/site\/wp-content\/uploads\/2026\/08\/image-20-768x576.png 768w, https:\/\/www.ovigilanteonline.com.br\/site\/wp-content\/uploads\/2026\/08\/image-20-300x225.png 300w, https:\/\/www.ovigilanteonline.com.br\/site\/wp-content\/uploads\/2026\/08\/image-20.png 1280w\" sizes=\"auto, (max-width: 1024px) 100vw, 1024px\" \/><\/figure>\n\n\n\n<hr class=\"wp-block-separator has-alpha-channel-opacity\"\/>\n\n\n\n<p class=\"wp-block-paragraph\">O Grupo de Aux\u00edlios aos Dependentes Qu\u00edmicos \u201cLevanta de Novo\u201d aplicar\u00e1 os recursos na constru\u00e7\u00e3o do muro de divisa e na revitaliza\u00e7\u00e3o da comunidade terap\u00eautica.<\/p>\n\n\n\n<figure class=\"wp-block-image size-large\"><img loading=\"lazy\" decoding=\"async\" width=\"1024\" height=\"768\" src=\"https:\/\/www.ovigilanteonline.com.br\/site\/wp-content\/uploads\/2026\/08\/image-21-1024x768.png\" alt=\"\" class=\"wp-image-456354\" srcset=\"https:\/\/www.ovigilanteonline.com.br\/site\/wp-content\/uploads\/2026\/08\/image-21-1024x768.png 1024w, https:\/\/www.ovigilanteonline.com.br\/site\/wp-content\/uploads\/2026\/08\/image-21-300x225.png 300w, https:\/\/www.ovigilanteonline.com.br\/site\/wp-content\/uploads\/2026\/08\/image-21-768x576.png 768w, https:\/\/www.ovigilanteonline.com.br\/site\/wp-content\/uploads\/2026\/08\/image-21.png 1280w\" sizes=\"auto, (max-width: 1024px) 100vw, 1024px\" \/><\/figure>\n\n\n\n<hr class=\"wp-block-separator has-alpha-channel-opacity\"\/>\n\n\n\n<p class=\"wp-block-paragraph\">O Instituto Lar Esp\u00edrita Andr\u00e9 Luiz Leal utilizar\u00e1 a verba no projeto \u201cAlimentando Esperan\u00e7a\u201d, que prev\u00ea a distribui\u00e7\u00e3o de 50 cestas b\u00e1sicas para pessoas em situa\u00e7\u00e3o de vulnerabilidade social.<\/p>\n\n\n\n<figure class=\"wp-block-image size-large\"><img loading=\"lazy\" decoding=\"async\" width=\"1024\" height=\"785\" src=\"https:\/\/www.ovigilanteonline.com.br\/site\/wp-content\/uploads\/2026\/08\/image-22-1024x785.png\" alt=\"\" class=\"wp-image-456355\" srcset=\"https:\/\/www.ovigilanteonline.com.br\/site\/wp-content\/uploads\/2026\/08\/image-22-1024x785.png 1024w, https:\/\/www.ovigilanteonline.com.br\/site\/wp-content\/uploads\/2026\/08\/image-22-300x230.png 300w, https:\/\/www.ovigilanteonline.com.br\/site\/wp-content\/uploads\/2026\/08\/image-22-767x588.png 767w, https:\/\/www.ovigilanteonline.com.br\/site\/wp-content\/uploads\/2026\/08\/image-22.png 1104w\" sizes=\"auto, (max-width: 1024px) 100vw, 1024px\" \/><\/figure>\n\n\n\n<h2 class=\"wp-block-heading\">Investimentos tamb\u00e9m chegam \u00e0 seguran\u00e7a p\u00fablica<\/h2>\n\n\n\n<p class=\"wp-block-paragraph\">O Conselho Comunit\u00e1rio de Seguran\u00e7a P\u00fablica de Leopoldina (CONSEP) foi contemplado com recursos destinados a projetos que beneficiar\u00e3o diretamente \u00f3rg\u00e3os de seguran\u00e7a do munic\u00edpio.<\/p>\n\n\n\n<p class=\"wp-block-paragraph\">A Guarda Civil Municipal utilizar\u00e1 a verba para a aquisi\u00e7\u00e3o de materiais e equipamentos destinados \u00e0 Patrulha de Prote\u00e7\u00e3o da Mulher.<\/p>\n\n\n\n<figure class=\"wp-block-image size-large\"><img loading=\"lazy\" decoding=\"async\" width=\"1024\" height=\"768\" src=\"https:\/\/www.ovigilanteonline.com.br\/site\/wp-content\/uploads\/2026\/08\/image-23-1024x768.png\" alt=\"\" class=\"wp-image-456357\" srcset=\"https:\/\/www.ovigilanteonline.com.br\/site\/wp-content\/uploads\/2026\/08\/image-23-1024x768.png 1024w, https:\/\/www.ovigilanteonline.com.br\/site\/wp-content\/uploads\/2026\/08\/image-23-300x225.png 300w, https:\/\/www.ovigilanteonline.com.br\/site\/wp-content\/uploads\/2026\/08\/image-23-768x576.png 768w, https:\/\/www.ovigilanteonline.com.br\/site\/wp-content\/uploads\/2026\/08\/image-23.png 1280w\" sizes=\"auto, (max-width: 1024px) 100vw, 1024px\" \/><\/figure>\n\n\n\n<hr class=\"wp-block-separator has-alpha-channel-opacity\"\/>\n\n\n\n<p class=\"wp-block-paragraph\">Para a Pol\u00edcia Militar, os recursos ser\u00e3o empregados na implanta\u00e7\u00e3o de videomonitoramento na Base Comunit\u00e1ria M\u00f3vel do 68\u00ba BPM, ampliando a estrutura tecnol\u00f3gica dispon\u00edvel para as a\u00e7\u00f5es de seguran\u00e7a.<\/p>\n\n\n\n<figure class=\"wp-block-image size-large\"><img loading=\"lazy\" decoding=\"async\" width=\"1024\" height=\"768\" src=\"https:\/\/www.ovigilanteonline.com.br\/site\/wp-content\/uploads\/2026\/08\/image-24-1024x768.png\" alt=\"\" class=\"wp-image-456358\" srcset=\"https:\/\/www.ovigilanteonline.com.br\/site\/wp-content\/uploads\/2026\/08\/image-24-1024x768.png 1024w, https:\/\/www.ovigilanteonline.com.br\/site\/wp-content\/uploads\/2026\/08\/image-24-300x225.png 300w, https:\/\/www.ovigilanteonline.com.br\/site\/wp-content\/uploads\/2026\/08\/image-24-768x576.png 768w, https:\/\/www.ovigilanteonline.com.br\/site\/wp-content\/uploads\/2026\/08\/image-24.png 1280w\" sizes=\"auto, (max-width: 1024px) 100vw, 1024px\" \/><\/figure>\n\n\n\n<hr class=\"wp-block-separator has-alpha-channel-opacity\"\/>\n\n\n\n<p class=\"wp-block-paragraph\">J\u00e1 a Pol\u00edcia Civil utilizar\u00e1 os recursos para o treinamento t\u00e9cnico especializado de policiais na extra\u00e7\u00e3o de dados de aparelhos celulares, al\u00e9m da aquisi\u00e7\u00e3o de mobili\u00e1rio para o setor de per\u00edcia t\u00e9cnico-criminal da 3\u00aa Delegacia Regional de Pol\u00edcia Civil de Leopoldina.<\/p>\n\n\n\n<figure class=\"wp-block-image size-large\"><img loading=\"lazy\" decoding=\"async\" width=\"1024\" height=\"755\" src=\"https:\/\/www.ovigilanteonline.com.br\/site\/wp-content\/uploads\/2026\/08\/image-25-1024x755.png\" alt=\"\" class=\"wp-image-456359\" srcset=\"https:\/\/www.ovigilanteonline.com.br\/site\/wp-content\/uploads\/2026\/08\/image-25-1024x755.png 1024w, https:\/\/www.ovigilanteonline.com.br\/site\/wp-content\/uploads\/2026\/08\/image-25-300x221.png 300w, https:\/\/www.ovigilanteonline.com.br\/site\/wp-content\/uploads\/2026\/08\/image-25-768x566.png 768w, https:\/\/www.ovigilanteonline.com.br\/site\/wp-content\/uploads\/2026\/08\/image-25.png 1191w\" sizes=\"auto, (max-width: 1024px) 100vw, 1024px\" \/><\/figure>\n\n\n\n<h2 class=\"wp-block-heading\">Recursos destinados a a\u00e7\u00f5es de impacto social<\/h2>\n\n\n\n<p class=\"wp-block-paragraph\">A destina\u00e7\u00e3o dos recursos permite que valores decorrentes de medidas judiciais sejam revertidos em benef\u00edcios concretos para a pr\u00f3pria comunidade.<\/p>\n\n\n\n<p class=\"wp-block-paragraph\">Em Leopoldina, os R$ 171.173,85 destinados neste ano contribuir\u00e3o para a melhoria da estrutura de entidades assistenciais, o atendimento de pessoas em situa\u00e7\u00e3o de vulnerabilidade e o fortalecimento de a\u00e7\u00f5es de preven\u00e7\u00e3o e seguran\u00e7a p\u00fablica.<\/p>\n\n\n\n<p class=\"wp-block-paragraph\">A iniciativa tamb\u00e9m evidencia a import\u00e2ncia da parceria entre o Poder Judici\u00e1rio, Minist\u00e9rio P\u00fablico, \u00f3rg\u00e3os de seguran\u00e7a e entidades sociais para que os recursos sejam aplicados em projetos capazes de gerar resultados efetivos e duradouros para a popula\u00e7\u00e3o.<\/p>\n\n\n<div  class=\"wp-block-ultimate-post-heading ultp-block-fc75e5\"><div class=\"ultp-block-wrapper\"><div class=\"ultp-heading-wrap ultp-heading-style18 ultp-heading-left\"><h2 class=\"ultp-heading-inner\"><span>RECENTES MAIS LIDAS<\/span><\/h2><\/div><\/div><\/div>\n\n<div  class=\"ultp-post-grid-block wp-block-ultimate-post-post-list-3 ultp-block-8a2ba4 \"><div class=\"ultp-block-wrapper\" ><div class=\"ultp-loading\"><div class=\"ultp-loading-blocks\" style=\"width:100%;height:100%;\"><div style=\"left: 0;top: 0;animation-delay:0s;\"><\/div><div style=\"left: 21px;top: 0;animation-delay:0.125s;\"><\/div><div style=\"left: 42px;top: 0;animation-delay:0.25s;\"><\/div><div style=\"left: 0;top: 21px;animation-delay:0.875s;\"><\/div><div style=\"left: 42px;top: 21px;animation-delay:0.375s;\"><\/div><div style=\"left: 0;top: 42px;animation-delay:0.75s;\"><\/div><div style=\"left: 42px;top: 42px;animation-delay:0.625s;\"><\/div><div style=\"left: 21px;top: 42px;animation-delay:0.5s;\"><\/div><\/div><\/div><div class=\"ultp-block-items-wrap ultp-block-row ultp-block-column-1 ultp-block-content-middle ultp-layout1\"><div class=\"ultp-block-item ultp-block-media post-id-456411\"><div class=\"ultp-block-content-wrap\"><div class=\"ultp-block-image ultp-block-image-opacity\"><a href=\"https:\/\/www.ovigilanteonline.com.br\/site\/2026\/08\/30\/homem-fica-ferido-durante-salto-de-voo-livre-no-morro-do-cruzeiro-em-leopoldina\/\" ><img decoding=\"async\"  alt=\"Homem fica ferido durante salto de voo livre no Morro do Cruzeiro em Leopoldina\"  src=\"https:\/\/www.ovigilanteonline.com.br\/site\/wp-content\/uploads\/2026\/08\/capa-paraglider-600x600.jpeg\" \/><\/a><\/div><div class=\"ultp-block-content\"><div class=\"ultp-category-grid ultp-category-classic ultp-category-aboveTitle\"><div class=\"ultp-category-in\"><a class=\"ultp-cat-destaque\" href=\"https:\/\/www.ovigilanteonline.com.br\/site\/category\/destaque\/\"  >Destaque<\/a><a class=\"ultp-cat-mais-lidas\" href=\"https:\/\/www.ovigilanteonline.com.br\/site\/category\/mais-lidas\/\"  >Mais Lidas<\/a><a class=\"ultp-cat-ultimas-noticias\" href=\"https:\/\/www.ovigilanteonline.com.br\/site\/category\/ultimas-noticias\/\"  >\u00daltimas Not\u00edcias<\/a><\/div><\/div><h3 class=\"ultp-block-title \"><a href=\"https:\/\/www.ovigilanteonline.com.br\/site\/2026\/08\/30\/homem-fica-ferido-durante-salto-de-voo-livre-no-morro-do-cruzeiro-em-leopoldina\/\" >Homem fica ferido durante salto de voo livre no Morro do Cruzeiro em Leopoldina<\/a><\/h3><div class=\"ultp-block-meta ultp-block-meta-dot ultp-block-meta-icon\"><span class=\"ultp-block-author ultp-block-meta-element\"><svg xmlns=\"http:\/\/www.w3.org\/2000\/svg\" fill=\"none\" viewBox=\"0 0 24 24\">\n  <circle cx=\"12\" cy=\"7\" r=\"4\" stroke=\"currentColor\" stroke-linejoin=\"round\" stroke-width=\"1.5\"\/>\n  <path stroke=\"currentColor\" stroke-linecap=\"round\" stroke-linejoin=\"round\" stroke-width=\"1.5\" d=\"M4 21v-3a4 4 0 0 1 4-4h8a4 4 0 0 1 4 4v3\"\/>\n<\/svg>\n<a class=\"\" href=\"https:\/\/www.ovigilanteonline.com.br\/site\/author\/julio\/\">Jornalismo<\/a><\/span><span class=\"ultp-block-date ultp-block-meta-element\"><svg xmlns=\"http:\/\/www.w3.org\/2000\/svg\" fill=\"none\" viewBox=\"0 0 24 24\">\n  <path stroke=\"currentColor\" stroke-linecap=\"round\" stroke-linejoin=\"round\" stroke-width=\"1.5\" d=\"M3 5.5a2 2 0 0 1 2-2h14a2 2 0 0 1 2 2v14a2 2 0 0 1-2 2H5a2 2 0 0 1-2-2v-14ZM8 2v3m8-3v3M3 9h18\"\/>\n<\/svg>\nago 30, 2026<\/span><span class=\"ultp-post-read ultp-block-meta-element\"><svg xmlns=\"http:\/\/www.w3.org\/2000\/svg\" fill=\"none\" viewBox=\"0 0 24 24\">\n  <path stroke=\"currentColor\" stroke-linecap=\"round\" stroke-linejoin=\"round\" stroke-width=\"1.5\" d=\"M4 5v14a3 3 0 0 0 3 3h13V8H7a3 3 0 0 1-3-3Zm0 0a3 3 0 0 1 3-3h13M7 5h10\"\/>\n  <path stroke=\"currentColor\" stroke-linecap=\"round\" stroke-linejoin=\"round\" stroke-width=\"1.5\" d=\"M9.5 18.5v-3.092a3 3 0 0 1 .504-1.664l1.219-1.828a.934.934 0 0 1 1.554 0l1.22 1.828a3 3 0 0 1 .503 1.664V18.5m-5-2.5h5\"\/>\n<\/svg>\n2 min read<\/span><\/div><div class=\"ultp-block-excerpt\"><p>V\u00edtima, natural de Petr\u00f3polis, foi resgatada pelo Corpo de Bombeiros na parte inferior do morro e encaminhada pelo Samu \u00e0 Casa de Caridade Leopoldinense Um homem de 59 anos ficou ferido ap\u00f3s perder o controle do equipamento que utilizava durante&hellip;<\/p>\n<\/div><\/div><\/div><\/div><div class=\"ultp-block-item ultp-block-media post-id-456253\"><div class=\"ultp-block-content-wrap\"><div class=\"ultp-block-image ultp-block-image-opacity\"><a href=\"https:\/\/www.ovigilanteonline.com.br\/site\/2026\/08\/25\/stone-house-coloca-leopoldina-na-rota-da-nova-turne-nacional-da-pitty\/\" ><img decoding=\"async\"  alt=\"Stone House coloca Leopoldina na rota da nova turn\u00ea nacional da Pitty\"  src=\"https:\/\/www.ovigilanteonline.com.br\/site\/wp-content\/uploads\/2026\/08\/pitty-600x600.jpg\" \/><\/a><\/div><div class=\"ultp-block-content\"><div class=\"ultp-category-grid ultp-category-classic ultp-category-aboveTitle\"><div class=\"ultp-category-in\"><a class=\"ultp-cat-cidade\" href=\"https:\/\/www.ovigilanteonline.com.br\/site\/category\/cidade\/\"  >Cidade<\/a><a class=\"ultp-cat-leopoldina\" href=\"https:\/\/www.ovigilanteonline.com.br\/site\/category\/leopoldina\/\"  >Leopoldina<\/a><a class=\"ultp-cat-mais-lidas\" href=\"https:\/\/www.ovigilanteonline.com.br\/site\/category\/mais-lidas\/\"  >Mais Lidas<\/a><a class=\"ultp-cat-ronda\" href=\"https:\/\/www.ovigilanteonline.com.br\/site\/category\/ronda\/\"  >Ronda Vigilante<\/a><a class=\"ultp-cat-ultimas-noticias\" href=\"https:\/\/www.ovigilanteonline.com.br\/site\/category\/ultimas-noticias\/\"  >\u00daltimas Not\u00edcias<\/a><\/div><\/div><h3 class=\"ultp-block-title \"><a href=\"https:\/\/www.ovigilanteonline.com.br\/site\/2026\/08\/25\/stone-house-coloca-leopoldina-na-rota-da-nova-turne-nacional-da-pitty\/\" >Stone House coloca Leopoldina na rota da nova turn\u00ea nacional da Pitty<\/a><\/h3><div class=\"ultp-block-meta ultp-block-meta-dot ultp-block-meta-icon\"><span class=\"ultp-block-author ultp-block-meta-element\"><svg xmlns=\"http:\/\/www.w3.org\/2000\/svg\" fill=\"none\" viewBox=\"0 0 24 24\">\n  <circle cx=\"12\" cy=\"7\" r=\"4\" stroke=\"currentColor\" stroke-linejoin=\"round\" stroke-width=\"1.5\"\/>\n  <path stroke=\"currentColor\" stroke-linecap=\"round\" stroke-linejoin=\"round\" stroke-width=\"1.5\" d=\"M4 21v-3a4 4 0 0 1 4-4h8a4 4 0 0 1 4 4v3\"\/>\n<\/svg>\n<a class=\"\" href=\"https:\/\/www.ovigilanteonline.com.br\/site\/author\/julio\/\">Jornalismo<\/a><\/span><span class=\"ultp-block-date ultp-block-meta-element\"><svg xmlns=\"http:\/\/www.w3.org\/2000\/svg\" fill=\"none\" viewBox=\"0 0 24 24\">\n  <path stroke=\"currentColor\" stroke-linecap=\"round\" stroke-linejoin=\"round\" stroke-width=\"1.5\" d=\"M3 5.5a2 2 0 0 1 2-2h14a2 2 0 0 1 2 2v14a2 2 0 0 1-2 2H5a2 2 0 0 1-2-2v-14ZM8 2v3m8-3v3M3 9h18\"\/>\n<\/svg>\nago 25, 2026<\/span><span class=\"ultp-post-read ultp-block-meta-element\"><svg xmlns=\"http:\/\/www.w3.org\/2000\/svg\" fill=\"none\" viewBox=\"0 0 24 24\">\n  <path stroke=\"currentColor\" stroke-linecap=\"round\" stroke-linejoin=\"round\" stroke-width=\"1.5\" d=\"M4 5v14a3 3 0 0 0 3 3h13V8H7a3 3 0 0 1-3-3Zm0 0a3 3 0 0 1 3-3h13M7 5h10\"\/>\n  <path stroke=\"currentColor\" stroke-linecap=\"round\" stroke-linejoin=\"round\" stroke-width=\"1.5\" d=\"M9.5 18.5v-3.092a3 3 0 0 1 .504-1.664l1.219-1.828a.934.934 0 0 1 1.554 0l1.22 1.828a3 3 0 0 1 .503 1.664V18.5m-5-2.5h5\"\/>\n<\/svg>\n2 min read<\/span><\/div><div class=\"ultp-block-excerpt\"><p>Roteiro inicial conta com apenas dez apresenta\u00e7\u00f5es da cantora que se apresenta na Stone House no dia 7 de novembro durante o 2\u00ba Rock Stone Festival Leopoldina est\u00e1 entre as cidades escolhidas por Pitty para receber as primeiras apresenta\u00e7\u00f5es de&hellip;<\/p>\n<\/div><\/div><\/div><\/div><\/div><\/div><div class=\"pagination-block-html\" aria-hidden=\"true\" style=\"display: none;\"><\/div><\/div>","protected":false},"excerpt":{"rendered":"<p>Recursos beneficiam sete entidades e iniciativas do munic\u00edpio; valores ser\u00e3o aplicados em a\u00e7\u00f5es voltadas \u00e0 assist\u00eancia social, prote\u00e7\u00e3o de idosos, recupera\u00e7\u00e3o de dependentes qu\u00edmicos e fortalecimento da seguran\u00e7a p\u00fablica LEOPOLDINA \u2014 Mais de R$ 171 mil ser\u00e3o transformados em investimentos para projetos de interesse social e seguran\u00e7a p\u00fablica em Leopoldina. A destina\u00e7\u00e3o dos recursos, provenientes [&hellip;]<\/p>\n","protected":false},"author":4,"featured_media":456362,"comment_status":"open","ping_status":"closed","sticky":false,"template":"","format":"standard","meta":{"footnotes":""},"categories":[13,11,26],"tags":[],"class_list":["post-456349","post","type-post","status-publish","format-standard","has-post-thumbnail","hentry","category-cidade","category-leopoldina","category-ultimas-noticias"],"yoast_head":"<!-- This site is optimized with the Yoast SEO plugin v28.3 - https:\/\/yoast.com\/product\/yoast-seo-wordpress\/ -->\n<title>Justi\u00e7a destina R$ 171 mil a projetos sociais e de seguran\u00e7a p\u00fablica em Leopoldina<\/title>\n<meta name=\"robots\" content=\"index, follow, max-snippet:-1, max-image-preview:large, max-video-preview:-1\" \/>\n<link rel=\"canonical\" href=\"https:\/\/www.ovigilanteonline.com.br\/site\/2026\/08\/28\/justica-destina-r-171-mil-a-projetos-sociais-e-de-seguranca-publica-em-leopoldina\/\" \/>\n<meta property=\"og:locale\" content=\"pt_BR\" \/>\n<meta property=\"og:type\" content=\"article\" \/>\n<meta property=\"og:title\" content=\"Justi\u00e7a destina R$ 171 mil a projetos sociais e de seguran\u00e7a p\u00fablica em Leopoldina\" \/>\n<meta property=\"og:description\" content=\"Recursos beneficiam sete entidades e iniciativas do munic\u00edpio; valores ser\u00e3o aplicados em a\u00e7\u00f5es voltadas \u00e0 assist\u00eancia social, prote\u00e7\u00e3o de idosos, recupera\u00e7\u00e3o de dependentes qu\u00edmicos e fortalecimento da seguran\u00e7a p\u00fablica LEOPOLDINA \u2014 Mais de R$ 171 mil ser\u00e3o transformados em investimentos para projetos de interesse social e seguran\u00e7a p\u00fablica em Leopoldina. A destina\u00e7\u00e3o dos recursos, provenientes [&hellip;]\" \/>\n<meta property=\"og:url\" content=\"https:\/\/www.ovigilanteonline.com.br\/site\/2026\/08\/28\/justica-destina-r-171-mil-a-projetos-sociais-e-de-seguranca-publica-em-leopoldina\/\" \/>\n<meta property=\"og:site_name\" content=\"O VIGILANTE ONLINE\" \/>\n<meta property=\"article:publisher\" content=\"https:\/\/www.facebook.com\/ovigilanteonline\" \/>\n<meta property=\"article:published_time\" content=\"2026-08-28T18:02:12+00:00\" \/>\n<meta property=\"article:modified_time\" content=\"2026-08-31T16:50:43+00:00\" \/>\n<meta property=\"og:image\" content=\"https:\/\/www.ovigilanteonline.com.br\/site\/wp-content\/uploads\/2026\/08\/WhatsApp-Image-2026-08-28-at-14.45-tile-1.jpg\" \/>\n\t<meta property=\"og:image:width\" content=\"969\" \/>\n\t<meta property=\"og:image:height\" content=\"642\" \/>\n\t<meta property=\"og:image:type\" content=\"image\/jpeg\" \/>\n<meta name=\"author\" content=\"J\u00falio Cesar Martins\" \/>\n<meta name=\"twitter:card\" content=\"summary_large_image\" \/>\n<meta name=\"twitter:label1\" content=\"Escrito por\" \/>\n\t<meta name=\"twitter:data1\" content=\"J\u00falio Cesar Martins\" \/>\n\t<meta name=\"twitter:label2\" content=\"Est. tempo de leitura\" \/>\n\t<meta name=\"twitter:data2\" content=\"7 minutos\" \/>\n<script type=\"application\/ld+json\" class=\"yoast-schema-graph\">{\"@context\":\"https:\\\/\\\/schema.org\",\"@graph\":[{\"@type\":\"Article\",\"@id\":\"https:\\\/\\\/www.ovigilanteonline.com.br\\\/site\\\/2026\\\/08\\\/28\\\/justica-destina-r-171-mil-a-projetos-sociais-e-de-seguranca-publica-em-leopoldina\\\/#article\",\"isPartOf\":{\"@id\":\"https:\\\/\\\/www.ovigilanteonline.com.br\\\/site\\\/2026\\\/08\\\/28\\\/justica-destina-r-171-mil-a-projetos-sociais-e-de-seguranca-publica-em-leopoldina\\\/\"},\"author\":{\"name\":\"J\u00falio Cesar Martins\",\"@id\":\"https:\\\/\\\/www.ovigilanteonline.com.br\\\/site\\\/#\\\/schema\\\/person\\\/635fd770a08bb57e35ae15c933c0579b\"},\"headline\":\"Justi\u00e7a destina R$ 171 mil a projetos sociais e de seguran\u00e7a p\u00fablica em Leopoldina\",\"datePublished\":\"2026-08-28T18:02:12+00:00\",\"dateModified\":\"2026-08-31T16:50:43+00:00\",\"mainEntityOfPage\":{\"@id\":\"https:\\\/\\\/www.ovigilanteonline.com.br\\\/site\\\/2026\\\/08\\\/28\\\/justica-destina-r-171-mil-a-projetos-sociais-e-de-seguranca-publica-em-leopoldina\\\/\"},\"wordCount\":851,\"commentCount\":0,\"image\":{\"@id\":\"https:\\\/\\\/www.ovigilanteonline.com.br\\\/site\\\/2026\\\/08\\\/28\\\/justica-destina-r-171-mil-a-projetos-sociais-e-de-seguranca-publica-em-leopoldina\\\/#primaryimage\"},\"thumbnailUrl\":\"https:\\\/\\\/www.ovigilanteonline.com.br\\\/site\\\/wp-content\\\/uploads\\\/2026\\\/08\\\/WhatsApp-Image-2026-08-28-at-14.45-tile-1.jpg\",\"articleSection\":[\"Cidade\",\"Leopoldina\",\"\u00daltimas Not\u00edcias\"],\"inLanguage\":\"pt-BR\",\"potentialAction\":[{\"@type\":\"CommentAction\",\"name\":\"Comment\",\"target\":[\"https:\\\/\\\/www.ovigilanteonline.com.br\\\/site\\\/2026\\\/08\\\/28\\\/justica-destina-r-171-mil-a-projetos-sociais-e-de-seguranca-publica-em-leopoldina\\\/#respond\"]}]},{\"@type\":\"WebPage\",\"@id\":\"https:\\\/\\\/www.ovigilanteonline.com.br\\\/site\\\/2026\\\/08\\\/28\\\/justica-destina-r-171-mil-a-projetos-sociais-e-de-seguranca-publica-em-leopoldina\\\/\",\"url\":\"https:\\\/\\\/www.ovigilanteonline.com.br\\\/site\\\/2026\\\/08\\\/28\\\/justica-destina-r-171-mil-a-projetos-sociais-e-de-seguranca-publica-em-leopoldina\\\/\",\"name\":\"Justi\u00e7a destina R$ 171 mil a projetos sociais e de seguran\u00e7a p\u00fablica em Leopoldina\",\"isPartOf\":{\"@id\":\"https:\\\/\\\/www.ovigilanteonline.com.br\\\/site\\\/#website\"},\"primaryImageOfPage\":{\"@id\":\"https:\\\/\\\/www.ovigilanteonline.com.br\\\/site\\\/2026\\\/08\\\/28\\\/justica-destina-r-171-mil-a-projetos-sociais-e-de-seguranca-publica-em-leopoldina\\\/#primaryimage\"},\"image\":{\"@id\":\"https:\\\/\\\/www.ovigilanteonline.com.br\\\/site\\\/2026\\\/08\\\/28\\\/justica-destina-r-171-mil-a-projetos-sociais-e-de-seguranca-publica-em-leopoldina\\\/#primaryimage\"},\"thumbnailUrl\":\"https:\\\/\\\/www.ovigilanteonline.com.br\\\/site\\\/wp-content\\\/uploads\\\/2026\\\/08\\\/WhatsApp-Image-2026-08-28-at-14.45-tile-1.jpg\",\"datePublished\":\"2026-08-28T18:02:12+00:00\",\"dateModified\":\"2026-08-31T16:50:43+00:00\",\"author\":{\"@id\":\"https:\\\/\\\/www.ovigilanteonline.com.br\\\/site\\\/#\\\/schema\\\/person\\\/635fd770a08bb57e35ae15c933c0579b\"},\"breadcrumb\":{\"@id\":\"https:\\\/\\\/www.ovigilanteonline.com.br\\\/site\\\/2026\\\/08\\\/28\\\/justica-destina-r-171-mil-a-projetos-sociais-e-de-seguranca-publica-em-leopoldina\\\/#breadcrumb\"},\"inLanguage\":\"pt-BR\",\"potentialAction\":[{\"@type\":\"ReadAction\",\"target\":[\"https:\\\/\\\/www.ovigilanteonline.com.br\\\/site\\\/2026\\\/08\\\/28\\\/justica-destina-r-171-mil-a-projetos-sociais-e-de-seguranca-publica-em-leopoldina\\\/\"]}]},{\"@type\":\"ImageObject\",\"inLanguage\":\"pt-BR\",\"@id\":\"https:\\\/\\\/www.ovigilanteonline.com.br\\\/site\\\/2026\\\/08\\\/28\\\/justica-destina-r-171-mil-a-projetos-sociais-e-de-seguranca-publica-em-leopoldina\\\/#primaryimage\",\"url\":\"https:\\\/\\\/www.ovigilanteonline.com.br\\\/site\\\/wp-content\\\/uploads\\\/2026\\\/08\\\/WhatsApp-Image-2026-08-28-at-14.45-tile-1.jpg\",\"contentUrl\":\"https:\\\/\\\/www.ovigilanteonline.com.br\\\/site\\\/wp-content\\\/uploads\\\/2026\\\/08\\\/WhatsApp-Image-2026-08-28-at-14.45-tile-1.jpg\",\"width\":969,\"height\":642},{\"@type\":\"BreadcrumbList\",\"@id\":\"https:\\\/\\\/www.ovigilanteonline.com.br\\\/site\\\/2026\\\/08\\\/28\\\/justica-destina-r-171-mil-a-projetos-sociais-e-de-seguranca-publica-em-leopoldina\\\/#breadcrumb\",\"itemListElement\":[{\"@type\":\"ListItem\",\"position\":1,\"name\":\"In\u00edcio\",\"item\":\"https:\\\/\\\/www.ovigilanteonline.com.br\\\/site\\\/\"},{\"@type\":\"ListItem\",\"position\":2,\"name\":\"Justi\u00e7a destina R$ 171 mil a projetos sociais e de seguran\u00e7a p\u00fablica em Leopoldina\"}]},{\"@type\":\"WebSite\",\"@id\":\"https:\\\/\\\/www.ovigilanteonline.com.br\\\/site\\\/#website\",\"url\":\"https:\\\/\\\/www.ovigilanteonline.com.br\\\/site\\\/\",\"name\":\"O VIGILANTE ONLINE - Not\u00edcias de Leopoldina e regi\u00e3o\",\"description\":\"\",\"potentialAction\":[{\"@type\":\"SearchAction\",\"target\":{\"@type\":\"EntryPoint\",\"urlTemplate\":\"https:\\\/\\\/www.ovigilanteonline.com.br\\\/site\\\/?s={search_term_string}\"},\"query-input\":{\"@type\":\"PropertyValueSpecification\",\"valueRequired\":true,\"valueName\":\"search_term_string\"}}],\"inLanguage\":\"pt-BR\"},{\"@type\":\"Person\",\"@id\":\"https:\\\/\\\/www.ovigilanteonline.com.br\\\/site\\\/#\\\/schema\\\/person\\\/635fd770a08bb57e35ae15c933c0579b\",\"name\":\"J\u00falio Cesar Martins\"}]}<\/script>\n<!-- \/ Yoast SEO plugin. -->","yoast_head_json":{"title":"Justi\u00e7a destina R$ 171 mil a projetos sociais e de seguran\u00e7a p\u00fablica em Leopoldina","robots":{"index":"index","follow":"follow","max-snippet":"max-snippet:-1","max-image-preview":"max-image-preview:large","max-video-preview":"max-video-preview:-1"},"canonical":"https:\/\/www.ovigilanteonline.com.br\/site\/2026\/08\/28\/justica-destina-r-171-mil-a-projetos-sociais-e-de-seguranca-publica-em-leopoldina\/","og_locale":"pt_BR","og_type":"article","og_title":"Justi\u00e7a destina R$ 171 mil a projetos sociais e de seguran\u00e7a p\u00fablica em Leopoldina","og_description":"Recursos beneficiam sete entidades e iniciativas do munic\u00edpio; valores ser\u00e3o aplicados em a\u00e7\u00f5es voltadas \u00e0 assist\u00eancia social, prote\u00e7\u00e3o de idosos, recupera\u00e7\u00e3o de dependentes qu\u00edmicos e fortalecimento da seguran\u00e7a p\u00fablica LEOPOLDINA \u2014 Mais de R$ 171 mil ser\u00e3o transformados em investimentos para projetos de interesse social e seguran\u00e7a p\u00fablica em Leopoldina. A destina\u00e7\u00e3o dos recursos, provenientes [&hellip;]","og_url":"https:\/\/www.ovigilanteonline.com.br\/site\/2026\/08\/28\/justica-destina-r-171-mil-a-projetos-sociais-e-de-seguranca-publica-em-leopoldina\/","og_site_name":"O VIGILANTE ONLINE","article_publisher":"https:\/\/www.facebook.com\/ovigilanteonline","article_published_time":"2026-08-28T18:02:12+00:00","article_modified_time":"2026-08-31T16:50:43+00:00","og_image":[{"width":969,"height":642,"url":"https:\/\/www.ovigilanteonline.com.br\/site\/wp-content\/uploads\/2026\/08\/WhatsApp-Image-2026-08-28-at-14.45-tile-1.jpg","type":"image\/jpeg"}],"author":"J\u00falio Cesar Martins","twitter_card":"summary_large_image","twitter_misc":{"Escrito por":"J\u00falio Cesar Martins","Est. tempo de leitura":"7 minutos"},"schema":{"@context":"https:\/\/schema.org","@graph":[{"@type":"Article","@id":"https:\/\/www.ovigilanteonline.com.br\/site\/2026\/08\/28\/justica-destina-r-171-mil-a-projetos-sociais-e-de-seguranca-publica-em-leopoldina\/#article","isPartOf":{"@id":"https:\/\/www.ovigilanteonline.com.br\/site\/2026\/08\/28\/justica-destina-r-171-mil-a-projetos-sociais-e-de-seguranca-publica-em-leopoldina\/"},"author":{"name":"J\u00falio Cesar Martins","@id":"https:\/\/www.ovigilanteonline.com.br\/site\/#\/schema\/person\/635fd770a08bb57e35ae15c933c0579b"},"headline":"Justi\u00e7a destina R$ 171 mil a projetos sociais e de seguran\u00e7a p\u00fablica em Leopoldina","datePublished":"2026-08-28T18:02:12+00:00","dateModified":"2026-08-31T16:50:43+00:00","mainEntityOfPage":{"@id":"https:\/\/www.ovigilanteonline.com.br\/site\/2026\/08\/28\/justica-destina-r-171-mil-a-projetos-sociais-e-de-seguranca-publica-em-leopoldina\/"},"wordCount":851,"commentCount":0,"image":{"@id":"https:\/\/www.ovigilanteonline.com.br\/site\/2026\/08\/28\/justica-destina-r-171-mil-a-projetos-sociais-e-de-seguranca-publica-em-leopoldina\/#primaryimage"},"thumbnailUrl":"https:\/\/www.ovigilanteonline.com.br\/site\/wp-content\/uploads\/2026\/08\/WhatsApp-Image-2026-08-28-at-14.45-tile-1.jpg","articleSection":["Cidade","Leopoldina","\u00daltimas Not\u00edcias"],"inLanguage":"pt-BR","potentialAction":[{"@type":"CommentAction","name":"Comment","target":["https:\/\/www.ovigilanteonline.com.br\/site\/2026\/08\/28\/justica-destina-r-171-mil-a-projetos-sociais-e-de-seguranca-publica-em-leopoldina\/#respond"]}]},{"@type":"WebPage","@id":"https:\/\/www.ovigilanteonline.com.br\/site\/2026\/08\/28\/justica-destina-r-171-mil-a-projetos-sociais-e-de-seguranca-publica-em-leopoldina\/","url":"https:\/\/www.ovigilanteonline.com.br\/site\/2026\/08\/28\/justica-destina-r-171-mil-a-projetos-sociais-e-de-seguranca-publica-em-leopoldina\/","name":"Justi\u00e7a destina R$ 171 mil a projetos sociais e de seguran\u00e7a p\u00fablica em Leopoldina","isPartOf":{"@id":"https:\/\/www.ovigilanteonline.com.br\/site\/#website"},"primaryImageOfPage":{"@id":"https:\/\/www.ovigilanteonline.com.br\/site\/2026\/08\/28\/justica-destina-r-171-mil-a-projetos-sociais-e-de-seguranca-publica-em-leopoldina\/#primaryimage"},"image":{"@id":"https:\/\/www.ovigilanteonline.com.br\/site\/2026\/08\/28\/justica-destina-r-171-mil-a-projetos-sociais-e-de-seguranca-publica-em-leopoldina\/#primaryimage"},"thumbnailUrl":"https:\/\/www.ovigilanteonline.com.br\/site\/wp-content\/uploads\/2026\/08\/WhatsApp-Image-2026-08-28-at-14.45-tile-1.jpg","datePublished":"2026-08-28T18:02:12+00:00","dateModified":"2026-08-31T16:50:43+00:00","author":{"@id":"https:\/\/www.ovigilanteonline.com.br\/site\/#\/schema\/person\/635fd770a08bb57e35ae15c933c0579b"},"breadcrumb":{"@id":"https:\/\/www.ovigilanteonline.com.br\/site\/2026\/08\/28\/justica-destina-r-171-mil-a-projetos-sociais-e-de-seguranca-publica-em-leopoldina\/#breadcrumb"},"inLanguage":"pt-BR","potentialAction":[{"@type":"ReadAction","target":["https:\/\/www.ovigilanteonline.com.br\/site\/2026\/08\/28\/justica-destina-r-171-mil-a-projetos-sociais-e-de-seguranca-publica-em-leopoldina\/"]}]},{"@type":"ImageObject","inLanguage":"pt-BR","@id":"https:\/\/www.ovigilanteonline.com.br\/site\/2026\/08\/28\/justica-destina-r-171-mil-a-projetos-sociais-e-de-seguranca-publica-em-leopoldina\/#primaryimage","url":"https:\/\/www.ovigilanteonline.com.br\/site\/wp-content\/uploads\/2026\/08\/WhatsApp-Image-2026-08-28-at-14.45-tile-1.jpg","contentUrl":"https:\/\/www.ovigilanteonline.com.br\/site\/wp-content\/uploads\/2026\/08\/WhatsApp-Image-2026-08-28-at-14.45-tile-1.jpg","width":969,"height":642},{"@type":"BreadcrumbList","@id":"https:\/\/www.ovigilanteonline.com.br\/site\/2026\/08\/28\/justica-destina-r-171-mil-a-projetos-sociais-e-de-seguranca-publica-em-leopoldina\/#breadcrumb","itemListElement":[{"@type":"ListItem","position":1,"name":"In\u00edcio","item":"https:\/\/www.ovigilanteonline.com.br\/site\/"},{"@type":"ListItem","position":2,"name":"Justi\u00e7a destina R$ 171 mil a projetos sociais e de seguran\u00e7a p\u00fablica em Leopoldina"}]},{"@type":"WebSite","@id":"https:\/\/www.ovigilanteonline.com.br\/site\/#website","url":"https:\/\/www.ovigilanteonline.com.br\/site\/","name":"O VIGILANTE ONLINE - Not\u00edcias de Leopoldina e regi\u00e3o","description":"","potentialAction":[{"@type":"SearchAction","target":{"@type":"EntryPoint","urlTemplate":"https:\/\/www.ovigilanteonline.com.br\/site\/?s={search_term_string}"},"query-input":{"@type":"PropertyValueSpecification","valueRequired":true,"valueName":"search_term_string"}}],"inLanguage":"pt-BR"},{"@type":"Person","@id":"https:\/\/www.ovigilanteonline.com.br\/site\/#\/schema\/person\/635fd770a08bb57e35ae15c933c0579b","name":"J\u00falio Cesar Martins"}]}},"cc_featured_image_caption":{"caption_text":"","source_text":"","source_url":""},"_links":{"self":[{"href":"https:\/\/www.ovigilanteonline.com.br\/site\/wp-json\/wp\/v2\/posts\/456349","targetHints":{"allow":["GET"]}}],"collection":[{"href":"https:\/\/www.ovigilanteonline.com.br\/site\/wp-json\/wp\/v2\/posts"}],"about":[{"href":"https:\/\/www.ovigilanteonline.com.br\/site\/wp-json\/wp\/v2\/types\/post"}],"author":[{"embeddable":true,"href":"https:\/\/www.ovigilanteonline.com.br\/site\/wp-json\/wp\/v2\/users\/4"}],"replies":[{"embeddable":true,"href":"https:\/\/www.ovigilanteonline.com.br\/site\/wp-json\/wp\/v2\/comments?post=456349"}],"version-history":[{"count":1,"href":"https:\/\/www.ovigilanteonline.com.br\/site\/wp-json\/wp\/v2\/posts\/456349\/revisions"}],"predecessor-version":[{"id":456361,"href":"https:\/\/www.ovigilanteonline.com.br\/site\/wp-json\/wp\/v2\/posts\/456349\/revisions\/456361"}],"wp:featuredmedia":[{"embeddable":true,"href":"https:\/\/www.ovigilanteonline.com.br\/site\/wp-json\/wp\/v2\/media\/456362"}],"wp:attachment":[{"href":"https:\/\/www.ovigilanteonline.com.br\/site\/wp-json\/wp\/v2\/media?parent=456349"}],"wp:term":[{"taxonomy":"category","embeddable":true,"href":"https:\/\/www.ovigilanteonline.com.br\/site\/wp-json\/wp\/v2\/categories?post=456349"},{"taxonomy":"post_tag","embeddable":true,"href":"https:\/\/www.ovigilanteonline.com.br\/site\/wp-json\/wp\/v2\/tags?post=456349"}],"curies":[{"name":"wp","href":"https:\/\/api.w.org\/{rel}","templated":true}]}}