{"id":454994,"date":"2026-07-15T07:14:36","date_gmt":"2026-07-15T10:14:36","guid":{"rendered":"https:\/\/www.ovigilanteonline.com.br\/site\/?p=454994"},"modified":"2026-07-17T09:37:11","modified_gmt":"2026-07-17T12:37:11","slug":"farofa-carioca-faz-show-gratuito-em-cataguases-no-festival-forca-luz-e-arte","status":"publish","type":"post","link":"https:\/\/www.ovigilanteonline.com.br\/site\/2026\/07\/15\/farofa-carioca-faz-show-gratuito-em-cataguases-no-festival-forca-luz-e-arte\/","title":{"rendered":"Farofa Carioca faz show gratuito em Cataguases no Festival For\u00e7a, Luz e Arte"},"content":{"rendered":"<div id=\"ovigi-3036054083\" class=\"ovigi-inicio-post-interno ovigi-entity-placement\" style=\"margin-left: auto;margin-right: auto;text-align: center;\"><a href=\"https:\/\/onelink.to\/tfjfd3?utm_source=ig&#038;utm_medium=social&#038;utm_content=link_in_bio&#038;fbclid=PAcGRvZgJleHRuA2FlbQIxMQBzcnRjBmFwcF9pZA85MzY2MTk3NDMzOTI0NTkAAacgW20vIuhakYBCxZduUBbwssdSFoAQ7exuq7BFVvR-PR9sdpzVWlAvY7yZog_aem__Bn7V7eJEMspatV_tVfmIA\" target=\"_blank\" aria-label=\"ARTE GIF\"><img decoding=\"async\" src=\"https:\/\/www.ovigilanteonline.com.br\/site\/wp-content\/uploads\/2026\/05\/ARTE-GIF.gif\" alt=\"\"    \/><\/a><\/div>\n<h3 class=\"wp-block-heading\"><strong><em>Banda \u00edcone dos anos 1990 relan\u00e7a o antol\u00f3gico \u00e1lbum \u201cMoro no Brasil\u201d e volta aos palcos com sua forma\u00e7\u00e3o original no dia 18 de julho, na Pra\u00e7a Rui Barbosa<\/em><\/strong><\/h3>\n\n\n\n<p class=\"wp-block-paragraph\">Velha conhecida do p\u00fablico mineiro, a banda Farofa Carioca se apresenta em Cataguases no dia 18 de julho, a partir das 16h, para um show imperd\u00edvel na segunda edi\u00e7\u00e3o do <a href=\"https:\/\/www.ovigilanteonline.com.br\/site\/2026\/07\/10\/festival-forca-luz-e-arte-mobiliza-cataguases-para-transformar-solidariedade-em-duas-toneladas-de-alimentos\/\">Festival For\u00e7a, Luz e Arte<\/a>, patrocinado pela Energisa. Na Pra\u00e7a Rui Barbosa, o show celebra a nova fase do grupo, marcada pelo relan\u00e7amento do ic\u00f4nico \u00e1lbum\u00a0<em>Moro no Brasil<\/em>\u00a0pela Universal Music Brasil e pelo retorno aos palcos da banda que marcou a m\u00fasica brasileira no fim dos anos 1990 com um suingue pioneiro que conquistou f\u00e3s em todo o pa\u00eds.\u00a0<\/p>\n\n\n\n<p class=\"wp-block-paragraph\">Com base no samba, o Farofa incorpora soul, funk, reggae, forr\u00f3, jongo, hip-hop e pop, tudo com a pegada das big bands de gafieira e a energia do Movimento Black Rio. Como j\u00e1 anunciava Seu Jorge na abertura do disco, o Farofa \u00e9 \u201cum prato cheio de alegria, poesia e divers\u00e3o, enchendo a barriga do pov\u00e3o de ritmo e brasilidade\u201d.&nbsp;<\/p><div id=\"ovigi-2369408189\" class=\"ovigi-conteudo_2-3 ovigi-entity-placement\"><script async src=\"\/\/pagead2.googlesyndication.com\/pagead\/js\/adsbygoogle.js?client=ca-pub-4068173061741521\" crossorigin=\"anonymous\"><\/script><ins class=\"adsbygoogle\" style=\"display:block; text-align:center;\" data-ad-client=\"ca-pub-4068173061741521\" \ndata-ad-slot=\"6460393376\" \ndata-ad-layout=\"in-article\"\ndata-ad-format=\"fluid\"><\/ins>\n<script> \n(adsbygoogle = window.adsbygoogle || []).push({}); \n<\/script>\n<\/div><div id=\"ovigi-3227049548\" class=\"ovigi-conteudo_2-2 ovigi-entity-placement\"><script async src=\"\/\/pagead2.googlesyndication.com\/pagead\/js\/adsbygoogle.js?client=ca-pub-4068173061741521\" crossorigin=\"anonymous\"><\/script><ins class=\"adsbygoogle\" style=\"display:block; text-align:center;\" data-ad-client=\"ca-pub-4068173061741521\" \ndata-ad-slot=\"6460393376\" \ndata-ad-layout=\"in-article\"\ndata-ad-format=\"fluid\"><\/ins>\n<script> \n(adsbygoogle = window.adsbygoogle || []).push({}); \n<\/script>\n<\/div><div id=\"ovigi-3805907059\" class=\"ovigi-conteudo_2 ovigi-entity-placement\"><script async src=\"\/\/pagead2.googlesyndication.com\/pagead\/js\/adsbygoogle.js?client=ca-pub-4068173061741521\" crossorigin=\"anonymous\"><\/script><ins class=\"adsbygoogle\" style=\"display:block; text-align:center;\" data-ad-client=\"ca-pub-4068173061741521\" \ndata-ad-slot=\"6460393376\" \ndata-ad-layout=\"in-article\"\ndata-ad-format=\"fluid\"><\/ins>\n<script> \n(adsbygoogle = window.adsbygoogle || []).push({}); \n<\/script>\n<\/div><div id=\"ovigi-3217268586\" class=\"ovigi-conteudo_2-4 ovigi-entity-placement\"><script async src=\"\/\/pagead2.googlesyndication.com\/pagead\/js\/adsbygoogle.js?client=ca-pub-4068173061741521\" crossorigin=\"anonymous\"><\/script><ins class=\"adsbygoogle\" style=\"display:block; text-align:center;\" data-ad-client=\"ca-pub-4068173061741521\" \ndata-ad-slot=\"6460393376\" \ndata-ad-layout=\"in-article\"\ndata-ad-format=\"fluid\"><\/ins>\n<script> \n(adsbygoogle = window.adsbygoogle || []).push({}); \n<\/script>\n<\/div>\n\n\n\n<p class=\"wp-block-paragraph\">O grupo estreou a nova turn\u00ea com sua forma\u00e7\u00e3o original no Festival Jo\u00e3o Rock, em S\u00e3o Paulo, levantando o p\u00fablico com sua inconfund\u00edvel mistura sonora e muita energia no palco. \u201cEstamos de volta com a pot\u00eancia e musicalidade de sempre, fazendo um baile com muito suingue, alegria e dedo na ferida, sem perder o bom-humor\u201d, conta Gabriel Moura, que atualmente divide a linha de frente do grupo com o novo vocalista Mario Broder.&nbsp;<\/p>\n\n\n\n<p class=\"wp-block-paragraph\">O repert\u00f3rio traz sucessos como \u201cMoro no Brasil\u201d, \u201cBebel\u201d, \u201cDoidinha\u201d, \u201cS\u00e3o Gon\u00e7a\u201d, \u201cJacar\u00e9\u201d e \u201cA Lei da Bala\u201d em arranjos originais, releituras de cl\u00e1ssicos da soul music brasileira, como \u201cCasinha de Sap\u00ea \/ Na Rua, na Chuva, na Fazenda\u201d (Hyldon) e \u201cQuero Ver Voc\u00ea no Baile\u201d (Paula Lima, composi\u00e7\u00e3o de Gabriel Moura e Seu Jorge), al\u00e9m de muitas surpresas. Al\u00e9m da big band de 12 m\u00fasicos, o show ainda conta com o DJ Mohamed Malok e samples ao vivo.&nbsp;<\/p>\n\n\n<div id=\"ovigi-2017781974\">\r\n<p class=\"has-text-align-center has-small-font-size wp-block-paragraph\">continua depois da publicidade<\/p>\r\n\r\n\r\n\r\n<hr class=\"wp-block-separator has-alpha-channel-opacity is-style-wide\"\/>\r\n\r\n\r\n\r\n<div class=\"wp-block-columns is-layout-flex wp-container-core-columns-is-layout-8f761849 wp-block-columns-is-layout-flex\">\r\n<div class=\"wp-block-column is-layout-flow wp-block-column-is-layout-flow\">\r\n<figure class=\"wp-block-image size-full is-resized\"><a href=\"https:\/\/www.instagram.com\/unimedleopoldina241\/\" target=\"_blank\" rel=\" noreferrer noopener\"><img decoding=\"async\" src=\"https:\/\/www.ovigilanteonline.com.br\/site\/wp-content\/uploads\/2026\/08\/unimed-materias.jpg\" alt=\"\" class=\"wp-image-455236\"\/><\/a><\/figure>\r\n<\/div>\r\n\r\n\r\n\r\n<div class=\"wp-block-column is-layout-flow wp-block-column-is-layout-flow\">\r\n<figure class=\"wp-block-image size-full\"><a href=\"https:\/\/vest.sudamerica.edu.br\/vest-2026-2\" target=\"_blank\" rel=\" noreferrer noopener\"><img decoding=\"async\" src=\"https:\/\/www.ovigilanteonline.com.br\/site\/wp-content\/uploads\/2026\/08\/sudamerica-materias.jpg\" alt=\"\" class=\"wp-image-453120\"\/><\/a><\/figure>\r\n<\/div>\r\n<\/div>\r\n\r\n\r\n\r\n<hr class=\"wp-block-separator has-alpha-channel-opacity is-style-wide\"\/>\r\n<\/div>\n\n\n<p class=\"wp-block-paragraph\">O Farofa Carioca \u00e9 formado por Bertrand Doussain (Flauta), Carlos Moura (Trombone), Gabriel Moura (Voz e Viol\u00e3o), Mario Broder (Vocal), Sandrinho Carioca (Percuss\u00e3o), S\u00e9rgio Granha (Baixo), Valmir Ribeiro (Cavaquinho), Wellington Coelho (Percuss\u00e3o), Fred Castilho (Bateria), Peterson Leal (Guitarra), Z\u00e9 Maria (Sax Tenor), Henrique Band (Sax Bar\u00edtono) e Davi Salvatierra (Trumpete).<\/p>\n\n\n\n<p class=\"wp-block-paragraph\">\u201cA Energisa acredita que investir em cultura \u00e9 investir nas pessoas. Por isso, patrocinamos iniciativas como o For\u00e7a, Luz e Arte, que ampliam oportunidades para artistas, fortalecem a economia criativa e incentivam a gera\u00e7\u00e3o de trabalho e renda. Ao promover shows e outras manifesta\u00e7\u00f5es culturais, tamb\u00e9m contribu\u00edmos para democratizar o acesso \u00e0 cultura, valorizar talentos locais e fortalecer a identidade das comunidades. Mais do que levar energia, queremos impulsionar o desenvolvimento das regi\u00f5es onde atuamos, promovendo a cultura como uma ferramenta de inclus\u00e3o, transforma\u00e7\u00e3o social e gera\u00e7\u00e3o de oportunidades\u201d, afirma Fernando Costalonga, diretor-presidente da Energisa Minas Rio.&nbsp;<\/p>\n\n\n\n<p class=\"wp-block-paragraph\">Confira a programa\u00e7\u00e3o cultural gratuita completa desta semana, com projetos apoiados e patrocinados pela Energisa:&nbsp;<\/p>\n\n\n\n<p class=\"wp-block-paragraph\"><strong>Leopoldina<\/strong>\u00a0<br><strong>Festival de Viola de Piacatuba<\/strong>\u00a0<br>De 22 a 26 de julho\u00a0<br>Local: Pra\u00e7a Santa Cruz, distrito de Piacatuba\u00a0<br>Confira a programa\u00e7\u00e3o completa no Instagram do festival:\u00a0<br><a href=\"https:\/\/www.instagram.com\/festivaldeviolapiacatuba\/\" target=\"_blank\" rel=\"noreferrer noopener\">https:\/\/www.instagram.com\/festivaldeviolapiacatuba\/<\/a>\u00a0<\/p>\n\n\n\n<p class=\"wp-block-paragraph\"><strong>Manhua\u00e7u<\/strong>\u00a0<br><strong>2\u00ba Festival de Boteco<\/strong>\u00a0<br>De 24 de julho a 21 de agosto\u00a0<br>Confira a programa\u00e7\u00e3o completa no Instagram do festival:\u00a0<br><a href=\"https:\/\/www.instagram.com\/fbmanhuacu\" target=\"_blank\" rel=\"noreferrer noopener\">https:\/\/www.instagram.com\/fbmanhuacu<\/a>\u00a0<\/p>\n\n\n\n<p class=\"wp-block-paragraph\"><strong>S\u00e3o Jo\u00e3o Nepomuceno<\/strong>\u00a0<br><strong>Festival Cidade da M\u00fasica<\/strong>\u00a0<br><strong>13, 14 e 15\/07 \u2013 Mostra de filmes\u00a0<\/strong><br>Hor\u00e1rio: \u00e0s 19h\u00a0<br>Local: Museu Municipal\u00a0<br><strong>15\/07 \u2013 Concerto com Trio Entre Cordas\u00a0<\/strong><br>Hor\u00e1rio: \u00e0s 9h\u00a0<br>Local: Escola P\u00e9ricles\u00a0<br><strong>16\/07 \u2013 F\u00f3rum Cidade da M\u00fasica\u00a0<\/strong><br>Hor\u00e1rio: \u00e0s 18h\u00a0<br>Local: P\u00e1tio da F\u00e1brica\u00a0<br><strong>17\/07 \u2013 Shows musicais\u00a0<\/strong><br>Hor\u00e1rio: a partir das 18h\u00a0<br>Local: Pra\u00e7a da Bandeira\u00a0<br><strong>18\/07 \u2013 Encerramento do festival com shows musicais, com destaque para a apresenta\u00e7\u00e3o de Fl\u00e1vio <\/strong>Venturini\u00a0<br>Hor\u00e1rio: a partir das 9h\u00a0<br>Local: Pra\u00e7a da Bandeira\u00a0<\/p>\n\n\n\n<p class=\"wp-block-paragraph\"><em>*Com informa\u00e7\u00f5es da Fogo no Paiol Music Hub Comunica\u00e7\u00e3o &amp; Marketing.\u00a0<\/em><\/p>\n\n\n\n<p class=\"wp-block-paragraph\"><\/p>\n","protected":false},"excerpt":{"rendered":"<p>Banda \u00edcone dos anos 1990 relan\u00e7a o antol\u00f3gico \u00e1lbum \u201cMoro no Brasil\u201d e volta aos palcos com sua forma\u00e7\u00e3o original no dia 18 de julho, na Pra\u00e7a Rui Barbosa Velha conhecida do p\u00fablico mineiro, a banda Farofa Carioca se apresenta em Cataguases no dia 18 de julho, a partir das 16h, para um show imperd\u00edvel [&hellip;]<\/p>\n","protected":false},"author":2,"featured_media":454995,"comment_status":"open","ping_status":"closed","sticky":false,"template":"","format":"standard","meta":{"footnotes":""},"categories":[17,12,26],"tags":[],"class_list":["post-454994","post","type-post","status-publish","format-standard","has-post-thumbnail","hentry","category-geral","category-regiao","category-ultimas-noticias"],"yoast_head":"<!-- This site is optimized with the Yoast SEO plugin v28.3 - https:\/\/yoast.com\/product\/yoast-seo-wordpress\/ -->\n<title>Farofa Carioca faz show gratuito em Cataguases no Festival For\u00e7a, Luz e Arte<\/title>\n<meta name=\"robots\" content=\"index, follow, max-snippet:-1, max-image-preview:large, max-video-preview:-1\" \/>\n<link rel=\"canonical\" href=\"https:\/\/www.ovigilanteonline.com.br\/site\/2026\/07\/15\/farofa-carioca-faz-show-gratuito-em-cataguases-no-festival-forca-luz-e-arte\/\" \/>\n<meta property=\"og:locale\" content=\"pt_BR\" \/>\n<meta property=\"og:type\" content=\"article\" \/>\n<meta property=\"og:title\" content=\"Farofa Carioca faz show gratuito em Cataguases no Festival For\u00e7a, Luz e Arte\" \/>\n<meta property=\"og:description\" content=\"Banda \u00edcone dos anos 1990 relan\u00e7a o antol\u00f3gico \u00e1lbum \u201cMoro no Brasil\u201d e volta aos palcos com sua forma\u00e7\u00e3o original no dia 18 de julho, na Pra\u00e7a Rui Barbosa Velha conhecida do p\u00fablico mineiro, a banda Farofa Carioca se apresenta em Cataguases no dia 18 de julho, a partir das 16h, para um show imperd\u00edvel [&hellip;]\" \/>\n<meta property=\"og:url\" content=\"https:\/\/www.ovigilanteonline.com.br\/site\/2026\/07\/15\/farofa-carioca-faz-show-gratuito-em-cataguases-no-festival-forca-luz-e-arte\/\" \/>\n<meta property=\"og:site_name\" content=\"O VIGILANTE ONLINE\" \/>\n<meta property=\"article:publisher\" content=\"https:\/\/www.facebook.com\/ovigilanteonline\" \/>\n<meta property=\"article:published_time\" content=\"2026-07-15T10:14:36+00:00\" \/>\n<meta property=\"article:modified_time\" content=\"2026-07-17T12:37:11+00:00\" \/>\n<meta property=\"og:image\" content=\"https:\/\/www.ovigilanteonline.com.br\/site\/wp-content\/uploads\/2026\/07\/farofa.jpg\" \/>\n\t<meta property=\"og:image:width\" content=\"1100\" \/>\n\t<meta property=\"og:image:height\" content=\"733\" \/>\n\t<meta property=\"og:image:type\" content=\"image\/jpeg\" \/>\n<meta name=\"author\" content=\"Jornalismo\" \/>\n<meta name=\"twitter:card\" content=\"summary_large_image\" \/>\n<meta name=\"twitter:label1\" content=\"Escrito por\" \/>\n\t<meta name=\"twitter:data1\" content=\"Jornalismo\" \/>\n\t<meta name=\"twitter:label2\" content=\"Est. tempo de leitura\" \/>\n\t<meta name=\"twitter:data2\" content=\"4 minutos\" \/>\n<script type=\"application\/ld+json\" class=\"yoast-schema-graph\">{\"@context\":\"https:\\\/\\\/schema.org\",\"@graph\":[{\"@type\":\"Article\",\"@id\":\"https:\\\/\\\/www.ovigilanteonline.com.br\\\/site\\\/2026\\\/07\\\/15\\\/farofa-carioca-faz-show-gratuito-em-cataguases-no-festival-forca-luz-e-arte\\\/#article\",\"isPartOf\":{\"@id\":\"https:\\\/\\\/www.ovigilanteonline.com.br\\\/site\\\/2026\\\/07\\\/15\\\/farofa-carioca-faz-show-gratuito-em-cataguases-no-festival-forca-luz-e-arte\\\/\"},\"author\":{\"name\":\"Jornalismo\",\"@id\":\"https:\\\/\\\/www.ovigilanteonline.com.br\\\/site\\\/#\\\/schema\\\/person\\\/538fdfb33c0c411cd14a732e7cf14aa6\"},\"headline\":\"Farofa Carioca faz show gratuito em Cataguases no Festival For\u00e7a, Luz e Arte\",\"datePublished\":\"2026-07-15T10:14:36+00:00\",\"dateModified\":\"2026-07-17T12:37:11+00:00\",\"mainEntityOfPage\":{\"@id\":\"https:\\\/\\\/www.ovigilanteonline.com.br\\\/site\\\/2026\\\/07\\\/15\\\/farofa-carioca-faz-show-gratuito-em-cataguases-no-festival-forca-luz-e-arte\\\/\"},\"wordCount\":708,\"commentCount\":0,\"image\":{\"@id\":\"https:\\\/\\\/www.ovigilanteonline.com.br\\\/site\\\/2026\\\/07\\\/15\\\/farofa-carioca-faz-show-gratuito-em-cataguases-no-festival-forca-luz-e-arte\\\/#primaryimage\"},\"thumbnailUrl\":\"https:\\\/\\\/www.ovigilanteonline.com.br\\\/site\\\/wp-content\\\/uploads\\\/2026\\\/07\\\/farofa.jpg\",\"articleSection\":[\"Geral\",\"Regi\u00e3o\",\"\u00daltimas Not\u00edcias\"],\"inLanguage\":\"pt-BR\",\"potentialAction\":[{\"@type\":\"CommentAction\",\"name\":\"Comment\",\"target\":[\"https:\\\/\\\/www.ovigilanteonline.com.br\\\/site\\\/2026\\\/07\\\/15\\\/farofa-carioca-faz-show-gratuito-em-cataguases-no-festival-forca-luz-e-arte\\\/#respond\"]}]},{\"@type\":\"WebPage\",\"@id\":\"https:\\\/\\\/www.ovigilanteonline.com.br\\\/site\\\/2026\\\/07\\\/15\\\/farofa-carioca-faz-show-gratuito-em-cataguases-no-festival-forca-luz-e-arte\\\/\",\"url\":\"https:\\\/\\\/www.ovigilanteonline.com.br\\\/site\\\/2026\\\/07\\\/15\\\/farofa-carioca-faz-show-gratuito-em-cataguases-no-festival-forca-luz-e-arte\\\/\",\"name\":\"Farofa Carioca faz show gratuito em Cataguases no Festival For\u00e7a, Luz e Arte\",\"isPartOf\":{\"@id\":\"https:\\\/\\\/www.ovigilanteonline.com.br\\\/site\\\/#website\"},\"primaryImageOfPage\":{\"@id\":\"https:\\\/\\\/www.ovigilanteonline.com.br\\\/site\\\/2026\\\/07\\\/15\\\/farofa-carioca-faz-show-gratuito-em-cataguases-no-festival-forca-luz-e-arte\\\/#primaryimage\"},\"image\":{\"@id\":\"https:\\\/\\\/www.ovigilanteonline.com.br\\\/site\\\/2026\\\/07\\\/15\\\/farofa-carioca-faz-show-gratuito-em-cataguases-no-festival-forca-luz-e-arte\\\/#primaryimage\"},\"thumbnailUrl\":\"https:\\\/\\\/www.ovigilanteonline.com.br\\\/site\\\/wp-content\\\/uploads\\\/2026\\\/07\\\/farofa.jpg\",\"datePublished\":\"2026-07-15T10:14:36+00:00\",\"dateModified\":\"2026-07-17T12:37:11+00:00\",\"author\":{\"@id\":\"https:\\\/\\\/www.ovigilanteonline.com.br\\\/site\\\/#\\\/schema\\\/person\\\/538fdfb33c0c411cd14a732e7cf14aa6\"},\"breadcrumb\":{\"@id\":\"https:\\\/\\\/www.ovigilanteonline.com.br\\\/site\\\/2026\\\/07\\\/15\\\/farofa-carioca-faz-show-gratuito-em-cataguases-no-festival-forca-luz-e-arte\\\/#breadcrumb\"},\"inLanguage\":\"pt-BR\",\"potentialAction\":[{\"@type\":\"ReadAction\",\"target\":[\"https:\\\/\\\/www.ovigilanteonline.com.br\\\/site\\\/2026\\\/07\\\/15\\\/farofa-carioca-faz-show-gratuito-em-cataguases-no-festival-forca-luz-e-arte\\\/\"]}]},{\"@type\":\"ImageObject\",\"inLanguage\":\"pt-BR\",\"@id\":\"https:\\\/\\\/www.ovigilanteonline.com.br\\\/site\\\/2026\\\/07\\\/15\\\/farofa-carioca-faz-show-gratuito-em-cataguases-no-festival-forca-luz-e-arte\\\/#primaryimage\",\"url\":\"https:\\\/\\\/www.ovigilanteonline.com.br\\\/site\\\/wp-content\\\/uploads\\\/2026\\\/07\\\/farofa.jpg\",\"contentUrl\":\"https:\\\/\\\/www.ovigilanteonline.com.br\\\/site\\\/wp-content\\\/uploads\\\/2026\\\/07\\\/farofa.jpg\",\"width\":1100,\"height\":733},{\"@type\":\"BreadcrumbList\",\"@id\":\"https:\\\/\\\/www.ovigilanteonline.com.br\\\/site\\\/2026\\\/07\\\/15\\\/farofa-carioca-faz-show-gratuito-em-cataguases-no-festival-forca-luz-e-arte\\\/#breadcrumb\",\"itemListElement\":[{\"@type\":\"ListItem\",\"position\":1,\"name\":\"In\u00edcio\",\"item\":\"https:\\\/\\\/www.ovigilanteonline.com.br\\\/site\\\/\"},{\"@type\":\"ListItem\",\"position\":2,\"name\":\"Farofa Carioca faz show gratuito em Cataguases no Festival For\u00e7a, Luz e Arte\"}]},{\"@type\":\"WebSite\",\"@id\":\"https:\\\/\\\/www.ovigilanteonline.com.br\\\/site\\\/#website\",\"url\":\"https:\\\/\\\/www.ovigilanteonline.com.br\\\/site\\\/\",\"name\":\"O VIGILANTE ONLINE - Not\u00edcias de Leopoldina e regi\u00e3o\",\"description\":\"\",\"potentialAction\":[{\"@type\":\"SearchAction\",\"target\":{\"@type\":\"EntryPoint\",\"urlTemplate\":\"https:\\\/\\\/www.ovigilanteonline.com.br\\\/site\\\/?s={search_term_string}\"},\"query-input\":{\"@type\":\"PropertyValueSpecification\",\"valueRequired\":true,\"valueName\":\"search_term_string\"}}],\"inLanguage\":\"pt-BR\"},{\"@type\":\"Person\",\"@id\":\"https:\\\/\\\/www.ovigilanteonline.com.br\\\/site\\\/#\\\/schema\\\/person\\\/538fdfb33c0c411cd14a732e7cf14aa6\",\"name\":\"Jornalismo\"}]}<\/script>\n<!-- \/ Yoast SEO plugin. -->","yoast_head_json":{"title":"Farofa Carioca faz show gratuito em Cataguases no Festival For\u00e7a, Luz e Arte","robots":{"index":"index","follow":"follow","max-snippet":"max-snippet:-1","max-image-preview":"max-image-preview:large","max-video-preview":"max-video-preview:-1"},"canonical":"https:\/\/www.ovigilanteonline.com.br\/site\/2026\/07\/15\/farofa-carioca-faz-show-gratuito-em-cataguases-no-festival-forca-luz-e-arte\/","og_locale":"pt_BR","og_type":"article","og_title":"Farofa Carioca faz show gratuito em Cataguases no Festival For\u00e7a, Luz e Arte","og_description":"Banda \u00edcone dos anos 1990 relan\u00e7a o antol\u00f3gico \u00e1lbum \u201cMoro no Brasil\u201d e volta aos palcos com sua forma\u00e7\u00e3o original no dia 18 de julho, na Pra\u00e7a Rui Barbosa Velha conhecida do p\u00fablico mineiro, a banda Farofa Carioca se apresenta em Cataguases no dia 18 de julho, a partir das 16h, para um show imperd\u00edvel [&hellip;]","og_url":"https:\/\/www.ovigilanteonline.com.br\/site\/2026\/07\/15\/farofa-carioca-faz-show-gratuito-em-cataguases-no-festival-forca-luz-e-arte\/","og_site_name":"O VIGILANTE ONLINE","article_publisher":"https:\/\/www.facebook.com\/ovigilanteonline","article_published_time":"2026-07-15T10:14:36+00:00","article_modified_time":"2026-07-17T12:37:11+00:00","og_image":[{"width":1100,"height":733,"url":"https:\/\/www.ovigilanteonline.com.br\/site\/wp-content\/uploads\/2026\/07\/farofa.jpg","type":"image\/jpeg"}],"author":"Jornalismo","twitter_card":"summary_large_image","twitter_misc":{"Escrito por":"Jornalismo","Est. tempo de leitura":"4 minutos"},"schema":{"@context":"https:\/\/schema.org","@graph":[{"@type":"Article","@id":"https:\/\/www.ovigilanteonline.com.br\/site\/2026\/07\/15\/farofa-carioca-faz-show-gratuito-em-cataguases-no-festival-forca-luz-e-arte\/#article","isPartOf":{"@id":"https:\/\/www.ovigilanteonline.com.br\/site\/2026\/07\/15\/farofa-carioca-faz-show-gratuito-em-cataguases-no-festival-forca-luz-e-arte\/"},"author":{"name":"Jornalismo","@id":"https:\/\/www.ovigilanteonline.com.br\/site\/#\/schema\/person\/538fdfb33c0c411cd14a732e7cf14aa6"},"headline":"Farofa Carioca faz show gratuito em Cataguases no Festival For\u00e7a, Luz e Arte","datePublished":"2026-07-15T10:14:36+00:00","dateModified":"2026-07-17T12:37:11+00:00","mainEntityOfPage":{"@id":"https:\/\/www.ovigilanteonline.com.br\/site\/2026\/07\/15\/farofa-carioca-faz-show-gratuito-em-cataguases-no-festival-forca-luz-e-arte\/"},"wordCount":708,"commentCount":0,"image":{"@id":"https:\/\/www.ovigilanteonline.com.br\/site\/2026\/07\/15\/farofa-carioca-faz-show-gratuito-em-cataguases-no-festival-forca-luz-e-arte\/#primaryimage"},"thumbnailUrl":"https:\/\/www.ovigilanteonline.com.br\/site\/wp-content\/uploads\/2026\/07\/farofa.jpg","articleSection":["Geral","Regi\u00e3o","\u00daltimas Not\u00edcias"],"inLanguage":"pt-BR","potentialAction":[{"@type":"CommentAction","name":"Comment","target":["https:\/\/www.ovigilanteonline.com.br\/site\/2026\/07\/15\/farofa-carioca-faz-show-gratuito-em-cataguases-no-festival-forca-luz-e-arte\/#respond"]}]},{"@type":"WebPage","@id":"https:\/\/www.ovigilanteonline.com.br\/site\/2026\/07\/15\/farofa-carioca-faz-show-gratuito-em-cataguases-no-festival-forca-luz-e-arte\/","url":"https:\/\/www.ovigilanteonline.com.br\/site\/2026\/07\/15\/farofa-carioca-faz-show-gratuito-em-cataguases-no-festival-forca-luz-e-arte\/","name":"Farofa Carioca faz show gratuito em Cataguases no Festival For\u00e7a, Luz e Arte","isPartOf":{"@id":"https:\/\/www.ovigilanteonline.com.br\/site\/#website"},"primaryImageOfPage":{"@id":"https:\/\/www.ovigilanteonline.com.br\/site\/2026\/07\/15\/farofa-carioca-faz-show-gratuito-em-cataguases-no-festival-forca-luz-e-arte\/#primaryimage"},"image":{"@id":"https:\/\/www.ovigilanteonline.com.br\/site\/2026\/07\/15\/farofa-carioca-faz-show-gratuito-em-cataguases-no-festival-forca-luz-e-arte\/#primaryimage"},"thumbnailUrl":"https:\/\/www.ovigilanteonline.com.br\/site\/wp-content\/uploads\/2026\/07\/farofa.jpg","datePublished":"2026-07-15T10:14:36+00:00","dateModified":"2026-07-17T12:37:11+00:00","author":{"@id":"https:\/\/www.ovigilanteonline.com.br\/site\/#\/schema\/person\/538fdfb33c0c411cd14a732e7cf14aa6"},"breadcrumb":{"@id":"https:\/\/www.ovigilanteonline.com.br\/site\/2026\/07\/15\/farofa-carioca-faz-show-gratuito-em-cataguases-no-festival-forca-luz-e-arte\/#breadcrumb"},"inLanguage":"pt-BR","potentialAction":[{"@type":"ReadAction","target":["https:\/\/www.ovigilanteonline.com.br\/site\/2026\/07\/15\/farofa-carioca-faz-show-gratuito-em-cataguases-no-festival-forca-luz-e-arte\/"]}]},{"@type":"ImageObject","inLanguage":"pt-BR","@id":"https:\/\/www.ovigilanteonline.com.br\/site\/2026\/07\/15\/farofa-carioca-faz-show-gratuito-em-cataguases-no-festival-forca-luz-e-arte\/#primaryimage","url":"https:\/\/www.ovigilanteonline.com.br\/site\/wp-content\/uploads\/2026\/07\/farofa.jpg","contentUrl":"https:\/\/www.ovigilanteonline.com.br\/site\/wp-content\/uploads\/2026\/07\/farofa.jpg","width":1100,"height":733},{"@type":"BreadcrumbList","@id":"https:\/\/www.ovigilanteonline.com.br\/site\/2026\/07\/15\/farofa-carioca-faz-show-gratuito-em-cataguases-no-festival-forca-luz-e-arte\/#breadcrumb","itemListElement":[{"@type":"ListItem","position":1,"name":"In\u00edcio","item":"https:\/\/www.ovigilanteonline.com.br\/site\/"},{"@type":"ListItem","position":2,"name":"Farofa Carioca faz show gratuito em Cataguases no Festival For\u00e7a, Luz e Arte"}]},{"@type":"WebSite","@id":"https:\/\/www.ovigilanteonline.com.br\/site\/#website","url":"https:\/\/www.ovigilanteonline.com.br\/site\/","name":"O VIGILANTE ONLINE - Not\u00edcias de Leopoldina e regi\u00e3o","description":"","potentialAction":[{"@type":"SearchAction","target":{"@type":"EntryPoint","urlTemplate":"https:\/\/www.ovigilanteonline.com.br\/site\/?s={search_term_string}"},"query-input":{"@type":"PropertyValueSpecification","valueRequired":true,"valueName":"search_term_string"}}],"inLanguage":"pt-BR"},{"@type":"Person","@id":"https:\/\/www.ovigilanteonline.com.br\/site\/#\/schema\/person\/538fdfb33c0c411cd14a732e7cf14aa6","name":"Jornalismo"}]}},"cc_featured_image_caption":{"caption_text":"","source_text":"","source_url":""},"_links":{"self":[{"href":"https:\/\/www.ovigilanteonline.com.br\/site\/wp-json\/wp\/v2\/posts\/454994","targetHints":{"allow":["GET"]}}],"collection":[{"href":"https:\/\/www.ovigilanteonline.com.br\/site\/wp-json\/wp\/v2\/posts"}],"about":[{"href":"https:\/\/www.ovigilanteonline.com.br\/site\/wp-json\/wp\/v2\/types\/post"}],"author":[{"embeddable":true,"href":"https:\/\/www.ovigilanteonline.com.br\/site\/wp-json\/wp\/v2\/users\/2"}],"replies":[{"embeddable":true,"href":"https:\/\/www.ovigilanteonline.com.br\/site\/wp-json\/wp\/v2\/comments?post=454994"}],"version-history":[{"count":0,"href":"https:\/\/www.ovigilanteonline.com.br\/site\/wp-json\/wp\/v2\/posts\/454994\/revisions"}],"wp:featuredmedia":[{"embeddable":true,"href":"https:\/\/www.ovigilanteonline.com.br\/site\/wp-json\/wp\/v2\/media\/454995"}],"wp:attachment":[{"href":"https:\/\/www.ovigilanteonline.com.br\/site\/wp-json\/wp\/v2\/media?parent=454994"}],"wp:term":[{"taxonomy":"category","embeddable":true,"href":"https:\/\/www.ovigilanteonline.com.br\/site\/wp-json\/wp\/v2\/categories?post=454994"},{"taxonomy":"post_tag","embeddable":true,"href":"https:\/\/www.ovigilanteonline.com.br\/site\/wp-json\/wp\/v2\/tags?post=454994"}],"curies":[{"name":"wp","href":"https:\/\/api.w.org\/{rel}","templated":true}]}}