{"id":454632,"date":"2026-07-06T18:37:20","date_gmt":"2026-07-06T21:37:20","guid":{"rendered":"https:\/\/www.ovigilanteonline.com.br\/site\/?p=454632"},"modified":"2026-07-08T16:42:34","modified_gmt":"2026-07-08T19:42:34","slug":"cataguases-recebe-festival-forca-luz-e-arte-com-rodrigo-suricato-farofa-carioca-e-programacao-gratuita-no-dia-18-de-julho","status":"publish","type":"post","link":"https:\/\/www.ovigilanteonline.com.br\/site\/2026\/07\/06\/cataguases-recebe-festival-forca-luz-e-arte-com-rodrigo-suricato-farofa-carioca-e-programacao-gratuita-no-dia-18-de-julho\/","title":{"rendered":"Cataguases recebe Festival For\u00e7a, Luz e Arte com Rodrigo Suricato, Farofa Carioca e programa\u00e7\u00e3o gratuita no dia 18 de julho"},"content":{"rendered":"<div id=\"ovigi-2098783891\" class=\"ovigi-inicio-post-interno ovigi-entity-placement\" style=\"margin-left: auto;margin-right: auto;text-align: center;\"><a href=\"https:\/\/onelink.to\/tfjfd3?utm_source=ig&#038;utm_medium=social&#038;utm_content=link_in_bio&#038;fbclid=PAcGRvZgJleHRuA2FlbQIxMQBzcnRjBmFwcF9pZA85MzY2MTk3NDMzOTI0NTkAAacgW20vIuhakYBCxZduUBbwssdSFoAQ7exuq7BFVvR-PR9sdpzVWlAvY7yZog_aem__Bn7V7eJEMspatV_tVfmIA\" target=\"_blank\" aria-label=\"ARTE GIF\"><img decoding=\"async\" src=\"https:\/\/www.ovigilanteonline.com.br\/site\/wp-content\/uploads\/2026\/05\/ARTE-GIF.gif\" alt=\"\"    \/><\/a><\/div>\n<h3 class=\"wp-block-heading\"><strong><em>Evento transforma a Pra\u00e7a Rui Barbosa em um grande palco cultural, com m\u00fasica, gastronomia, a\u00e7\u00f5es solid\u00e1rias e artistas locais durante todo o s\u00e1bado.<\/em><\/strong><\/h3>\n\n\n\n<figure class=\"wp-block-image size-full\"><img loading=\"lazy\" decoding=\"async\" width=\"897\" height=\"495\" src=\"https:\/\/www.ovigilanteonline.com.br\/site\/wp-content\/uploads\/2026\/07\/vvvg-1.jpg\" alt=\"\" class=\"wp-image-454637\" srcset=\"https:\/\/www.ovigilanteonline.com.br\/site\/wp-content\/uploads\/2026\/07\/vvvg-1.jpg 897w, https:\/\/www.ovigilanteonline.com.br\/site\/wp-content\/uploads\/2026\/07\/vvvg-1-300x166.jpg 300w, https:\/\/www.ovigilanteonline.com.br\/site\/wp-content\/uploads\/2026\/07\/vvvg-1-768x424.jpg 768w\" sizes=\"auto, (max-width: 897px) 100vw, 897px\" \/><figcaption class=\"wp-element-caption\"><br>Viabilizado pela Lei Estadual de Incentivo \u00e0 Cultura de Minas Gerais, o Festival For\u00e7a, Luz e Arte \u00e9 realizado pela Potira Produ\u00e7\u00f5es, com patroc\u00ednio da Energisa e apoio do Instituto Energisa<\/figcaption><\/figure>\n\n\n\n<p class=\"wp-block-paragraph\">No s\u00e1bado, dia 18 de julho, a Pra\u00e7a Rui Barbosa, em Cataguases, ser\u00e1 novamente o palco de um dos maiores eventos culturais gratuitos da regi\u00e3o. <\/p>\n\n\n\n<p class=\"wp-block-paragraph\">Em sua 2\u00aa edi\u00e7\u00e3o, o Festival For\u00e7a, Luz e Arte convida moradores e visitantes a viverem uma experi\u00eancia \u00fanica, onde arte, m\u00fasica, patrim\u00f4nio hist\u00f3rico, tecnologia, gastronomia e solidariedade se encontram para transformar o cora\u00e7\u00e3o da cidade em um grande palco a c\u00e9u aberto.<\/p><div id=\"ovigi-1933097742\" class=\"ovigi-conteudo_2-3 ovigi-entity-placement\"><script async src=\"\/\/pagead2.googlesyndication.com\/pagead\/js\/adsbygoogle.js?client=ca-pub-4068173061741521\" crossorigin=\"anonymous\"><\/script><ins class=\"adsbygoogle\" style=\"display:block; text-align:center;\" data-ad-client=\"ca-pub-4068173061741521\" \ndata-ad-slot=\"6460393376\" \ndata-ad-layout=\"in-article\"\ndata-ad-format=\"fluid\"><\/ins>\n<script> \n(adsbygoogle = window.adsbygoogle || []).push({}); \n<\/script>\n<\/div><div id=\"ovigi-3177511018\" class=\"ovigi-conteudo_2-2 ovigi-entity-placement\"><script async src=\"\/\/pagead2.googlesyndication.com\/pagead\/js\/adsbygoogle.js?client=ca-pub-4068173061741521\" crossorigin=\"anonymous\"><\/script><ins class=\"adsbygoogle\" style=\"display:block; text-align:center;\" data-ad-client=\"ca-pub-4068173061741521\" \ndata-ad-slot=\"6460393376\" \ndata-ad-layout=\"in-article\"\ndata-ad-format=\"fluid\"><\/ins>\n<script> \n(adsbygoogle = window.adsbygoogle || []).push({}); \n<\/script>\n<\/div><div id=\"ovigi-502332084\" class=\"ovigi-conteudo_2 ovigi-entity-placement\"><script async src=\"\/\/pagead2.googlesyndication.com\/pagead\/js\/adsbygoogle.js?client=ca-pub-4068173061741521\" crossorigin=\"anonymous\"><\/script><ins class=\"adsbygoogle\" style=\"display:block; text-align:center;\" data-ad-client=\"ca-pub-4068173061741521\" \ndata-ad-slot=\"6460393376\" \ndata-ad-layout=\"in-article\"\ndata-ad-format=\"fluid\"><\/ins>\n<script> \n(adsbygoogle = window.adsbygoogle || []).push({}); \n<\/script>\n<\/div><div id=\"ovigi-889471133\" class=\"ovigi-conteudo_2-4 ovigi-entity-placement\"><script async src=\"\/\/pagead2.googlesyndication.com\/pagead\/js\/adsbygoogle.js?client=ca-pub-4068173061741521\" crossorigin=\"anonymous\"><\/script><ins class=\"adsbygoogle\" style=\"display:block; text-align:center;\" data-ad-client=\"ca-pub-4068173061741521\" \ndata-ad-slot=\"6460393376\" \ndata-ad-layout=\"in-article\"\ndata-ad-format=\"fluid\"><\/ins>\n<script> \n(adsbygoogle = window.adsbygoogle || []).push({}); \n<\/script>\n<\/div>\n\n\n\n<p class=\"wp-block-paragraph\">Inspirado na hist\u00f3ria de Cataguases e na chegada da energia el\u00e9trica ao munic\u00edpio, o Festival nasceu com a proposta de valorizar a identidade cultural da cidade, seus artistas, sua arquitetura e seus espa\u00e7os p\u00fablicos. <\/p>\n\n\n\n<p class=\"wp-block-paragraph\">Neste ano, o evento amplia sua programa\u00e7\u00e3o com instala\u00e7\u00f5es luminosas, interven\u00e7\u00f5es urbanas, apresenta\u00e7\u00f5es musicais, a\u00e7\u00f5es de economia criativa e iniciativas sociais que fortalecem a participa\u00e7\u00e3o da comunidade e movimentam a economia local.<\/p>\n\n\n<div id=\"ovigi-515130355\"><p><!-- wp:paragraph {\"align\":\"center\",\"fontSize\":\"small\"} --><\/p>\n<p class=\"has-text-align-center has-small-font-size\" style=\"text-align: center;\"><strong>continua depois da publicidade<\/strong><\/p>\n<p><!-- \/wp:paragraph --><\/p>\n<p><!-- wp:separator {\"className\":\"is-style-wide\"} --><\/p>\n<hr class=\"wp-block-separator has-alpha-channel-opacity is-style-wide\" \/><!-- \/wp:separator --><\/p>\n<div class=\"wp-block-columns\">\n<div class=\"wp-block-column\">\n<figure class=\"wp-block-image size-full is-resized\"><a href=\"https:\/\/www.instagram.com\/unimedleopoldina241\/\" target=\"_blank\" rel=\" noreferrer noopener\"><img loading=\"lazy\" decoding=\"async\" class=\"wp-image-455236\" src=\"https:\/\/www.ovigilanteonline.com.br\/site\/wp-content\/uploads\/2026\/08\/unimed-materias.jpg\" alt=\"\" width=\"371\" height=\"371\" \/> \u00a0 \u00a0<\/a><a href=\"https:\/\/vest.sudamerica.edu.br\/vest-2026-2\" target=\"_blank\" rel=\" noreferrer noopener\"><img loading=\"lazy\" decoding=\"async\" class=\"wp-image-453120\" src=\"https:\/\/www.ovigilanteonline.com.br\/site\/wp-content\/uploads\/2026\/08\/sudamerica-materias.jpg\" alt=\"\" width=\"379\" height=\"370\" \/><\/a><\/p>\n<hr \/>\n<\/figure>\n<\/div>\n<p><!-- \/wp:column --><\/div>\n<p><!-- \/wp:columns --><\/p>\n<p>&nbsp;<\/p>\n<p><!-- \/wp:separator --><\/p>\n<\/div>\n\n\n<p class=\"wp-block-paragraph\">Entre os destaques desta edi\u00e7\u00e3o est\u00e1 a cenografia in\u00e9dita da Pra\u00e7a Rui Barbosa, que ganhar\u00e1 ilumina\u00e7\u00e3o c\u00eanica e interven\u00e7\u00f5es art\u00edsticas, transformando o espa\u00e7o em uma grande experi\u00eancia visual. O Festival tamb\u00e9m amplia seu compromisso social com a tradicional Barraca de Escambo, cuja meta \u00e9 arrecadar duas toneladas de alimentos para institui\u00e7\u00f5es de Cataguases, al\u00e9m de lan\u00e7ar a a\u00e7\u00e3o FLA \u2013 A Moeda do Festival, incentivando estudantes a praticarem a economia circular por meio da troca de roupas. A programa\u00e7\u00e3o ainda re\u00fane artistas locais, atra\u00e7\u00f5es nacionais e uma pra\u00e7a de alimenta\u00e7\u00e3o formada exclusivamente por empreendedores cataguasenses.<\/p>\n\n\n\n<h2 class=\"wp-block-heading\">Servi\u00e7o<\/h2>\n\n\n\n<p class=\"wp-block-paragraph\"><strong>Festival For\u00e7a, Luz e Arte \u2013 2\u00aa edi\u00e7\u00e3o<\/strong><\/p>\n\n\n\n<ul class=\"wp-block-list\">\n<li>Data: 18 de julho de 2026 (s\u00e1bado)<\/li>\n\n\n\n<li>Hor\u00e1rio: A partir das 10h<\/li>\n\n\n\n<li>Local: Pra\u00e7a Rui Barbosa \u2013 Cataguases (MG)<\/li>\n\n\n\n<li>Entrada: Gratuita<\/li>\n<\/ul>\n\n\n\n<p class=\"wp-block-paragraph\"><strong>Programa\u00e7\u00e3o<\/strong><\/p>\n\n\n\n<ul class=\"wp-block-list\">\n<li>10h \u2013 Barraca Escambo<\/li>\n\n\n\n<li>15h \u2013 Pra\u00e7a de Alimenta\u00e7\u00e3o<\/li>\n\n\n\n<li>16h \u2013 Grupo Curta\u00ea<\/li>\n\n\n\n<li>18h \u2013 Baile Charme, com Mari Martins<\/li>\n\n\n\n<li>18h30 \u2013 Farofa Carioca<\/li>\n\n\n\n<li>20h \u2013 Big Band Cataguases convida Rodrigo Suricato.<\/li>\n<\/ul>\n\n\n\n<p class=\"wp-block-paragraph\">Mais do que um festival, o For\u00e7a, Luz e Arte celebra a criatividade, a mem\u00f3ria, a solidariedade e o orgulho de ser cataguasense, consolidando-se como um dos principais eventos culturais de Minas Gerais e proporcionando ao p\u00fablico uma noite inesquec\u00edvel de cultura e emo\u00e7\u00e3o.<\/p>\n\n\n\n<p class=\"wp-block-paragraph\">Viabilizado pela Lei Estadual de Incentivo \u00e0 Cultura de Minas Gerais, o Festival For\u00e7a, Luz e Arte \u00e9 realizado pela Potira Produ\u00e7\u00f5es, com patroc\u00ednio da Energisa e apoio da Prefeitura Municipal de Cataguases e do Instituto Energisa.<\/p>\n\n\n<div id=\"ovigi-3292780158\"><script async src=\"https:\/\/pagead2.googlesyndication.com\/pagead\/js\/adsbygoogle.js?client=ca-pub-4068173061741521\"\r\n     crossorigin=\"anonymous\"><\/script>\r\n<!-- GOOGLE HOME -->\r\n<ins class=\"adsbygoogle\"\r\n     style=\"display:block\"\r\n     data-ad-client=\"ca-pub-4068173061741521\"\r\n     data-ad-slot=\"8212609771\"\r\n     data-ad-format=\"auto\"\r\n     data-full-width-responsive=\"true\"><\/ins>\r\n<script>\r\n     (adsbygoogle = window.adsbygoogle || []).push({});\r\n<\/script>\r\n<\/div>","protected":false},"excerpt":{"rendered":"<p>Evento transforma a Pra\u00e7a Rui Barbosa em um grande palco cultural, com m\u00fasica, gastronomia, a\u00e7\u00f5es solid\u00e1rias e artistas locais durante todo o s\u00e1bado. No s\u00e1bado, dia 18 de julho, a Pra\u00e7a Rui Barbosa, em Cataguases, ser\u00e1 novamente o palco de um dos maiores eventos culturais gratuitos da regi\u00e3o. Em sua 2\u00aa edi\u00e7\u00e3o, o Festival For\u00e7a, [&hellip;]<\/p>\n","protected":false},"author":2,"featured_media":454636,"comment_status":"open","ping_status":"closed","sticky":false,"template":"","format":"standard","meta":{"footnotes":""},"categories":[17,19,12,26],"tags":[],"class_list":["post-454632","post","type-post","status-publish","format-standard","has-post-thumbnail","hentry","category-geral","category-giro-vigilante","category-regiao","category-ultimas-noticias"],"yoast_head":"<!-- This site is optimized with the Yoast SEO plugin v28.3 - https:\/\/yoast.com\/product\/yoast-seo-wordpress\/ -->\n<title>Cataguases recebe Festival For\u00e7a, Luz e Arte com Rodrigo Suricato, Farofa Carioca e programa\u00e7\u00e3o gratuita no dia 18 de julho<\/title>\n<meta name=\"robots\" content=\"index, follow, max-snippet:-1, max-image-preview:large, max-video-preview:-1\" \/>\n<link rel=\"canonical\" href=\"https:\/\/www.ovigilanteonline.com.br\/site\/2026\/07\/06\/cataguases-recebe-festival-forca-luz-e-arte-com-rodrigo-suricato-farofa-carioca-e-programacao-gratuita-no-dia-18-de-julho\/\" \/>\n<meta property=\"og:locale\" content=\"pt_BR\" \/>\n<meta property=\"og:type\" content=\"article\" \/>\n<meta property=\"og:title\" content=\"Cataguases recebe Festival For\u00e7a, Luz e Arte com Rodrigo Suricato, Farofa Carioca e programa\u00e7\u00e3o gratuita no dia 18 de julho\" \/>\n<meta property=\"og:description\" content=\"Evento transforma a Pra\u00e7a Rui Barbosa em um grande palco cultural, com m\u00fasica, gastronomia, a\u00e7\u00f5es solid\u00e1rias e artistas locais durante todo o s\u00e1bado. No s\u00e1bado, dia 18 de julho, a Pra\u00e7a Rui Barbosa, em Cataguases, ser\u00e1 novamente o palco de um dos maiores eventos culturais gratuitos da regi\u00e3o. Em sua 2\u00aa edi\u00e7\u00e3o, o Festival For\u00e7a, [&hellip;]\" \/>\n<meta property=\"og:url\" content=\"https:\/\/www.ovigilanteonline.com.br\/site\/2026\/07\/06\/cataguases-recebe-festival-forca-luz-e-arte-com-rodrigo-suricato-farofa-carioca-e-programacao-gratuita-no-dia-18-de-julho\/\" \/>\n<meta property=\"og:site_name\" content=\"O VIGILANTE ONLINE\" \/>\n<meta property=\"article:publisher\" content=\"https:\/\/www.facebook.com\/ovigilanteonline\" \/>\n<meta property=\"article:published_time\" content=\"2026-07-06T21:37:20+00:00\" \/>\n<meta property=\"article:modified_time\" content=\"2026-07-08T19:42:34+00:00\" \/>\n<meta property=\"og:image\" content=\"https:\/\/www.ovigilanteonline.com.br\/site\/wp-content\/uploads\/2026\/07\/vvx.jpg\" \/>\n\t<meta property=\"og:image:width\" content=\"900\" \/>\n\t<meta property=\"og:image:height\" content=\"503\" \/>\n\t<meta property=\"og:image:type\" content=\"image\/jpeg\" \/>\n<meta name=\"author\" content=\"Jornalismo\" \/>\n<meta name=\"twitter:card\" content=\"summary_large_image\" \/>\n<meta name=\"twitter:label1\" content=\"Escrito por\" \/>\n\t<meta name=\"twitter:data1\" content=\"Jornalismo\" \/>\n\t<meta name=\"twitter:label2\" content=\"Est. tempo de leitura\" \/>\n\t<meta name=\"twitter:data2\" content=\"3 minutos\" \/>\n<script type=\"application\/ld+json\" class=\"yoast-schema-graph\">{\"@context\":\"https:\\\/\\\/schema.org\",\"@graph\":[{\"@type\":\"Article\",\"@id\":\"https:\\\/\\\/www.ovigilanteonline.com.br\\\/site\\\/2026\\\/07\\\/06\\\/cataguases-recebe-festival-forca-luz-e-arte-com-rodrigo-suricato-farofa-carioca-e-programacao-gratuita-no-dia-18-de-julho\\\/#article\",\"isPartOf\":{\"@id\":\"https:\\\/\\\/www.ovigilanteonline.com.br\\\/site\\\/2026\\\/07\\\/06\\\/cataguases-recebe-festival-forca-luz-e-arte-com-rodrigo-suricato-farofa-carioca-e-programacao-gratuita-no-dia-18-de-julho\\\/\"},\"author\":{\"name\":\"Jornalismo\",\"@id\":\"https:\\\/\\\/www.ovigilanteonline.com.br\\\/site\\\/#\\\/schema\\\/person\\\/538fdfb33c0c411cd14a732e7cf14aa6\"},\"headline\":\"Cataguases recebe Festival For\u00e7a, Luz e Arte com Rodrigo Suricato, Farofa Carioca e programa\u00e7\u00e3o gratuita no dia 18 de julho\",\"datePublished\":\"2026-07-06T21:37:20+00:00\",\"dateModified\":\"2026-07-08T19:42:34+00:00\",\"mainEntityOfPage\":{\"@id\":\"https:\\\/\\\/www.ovigilanteonline.com.br\\\/site\\\/2026\\\/07\\\/06\\\/cataguases-recebe-festival-forca-luz-e-arte-com-rodrigo-suricato-farofa-carioca-e-programacao-gratuita-no-dia-18-de-julho\\\/\"},\"wordCount\":495,\"commentCount\":0,\"image\":{\"@id\":\"https:\\\/\\\/www.ovigilanteonline.com.br\\\/site\\\/2026\\\/07\\\/06\\\/cataguases-recebe-festival-forca-luz-e-arte-com-rodrigo-suricato-farofa-carioca-e-programacao-gratuita-no-dia-18-de-julho\\\/#primaryimage\"},\"thumbnailUrl\":\"https:\\\/\\\/www.ovigilanteonline.com.br\\\/site\\\/wp-content\\\/uploads\\\/2026\\\/07\\\/vvx.jpg\",\"articleSection\":[\"Geral\",\"Giro Vigilante\",\"Regi\u00e3o\",\"\u00daltimas Not\u00edcias\"],\"inLanguage\":\"pt-BR\",\"potentialAction\":[{\"@type\":\"CommentAction\",\"name\":\"Comment\",\"target\":[\"https:\\\/\\\/www.ovigilanteonline.com.br\\\/site\\\/2026\\\/07\\\/06\\\/cataguases-recebe-festival-forca-luz-e-arte-com-rodrigo-suricato-farofa-carioca-e-programacao-gratuita-no-dia-18-de-julho\\\/#respond\"]}]},{\"@type\":\"WebPage\",\"@id\":\"https:\\\/\\\/www.ovigilanteonline.com.br\\\/site\\\/2026\\\/07\\\/06\\\/cataguases-recebe-festival-forca-luz-e-arte-com-rodrigo-suricato-farofa-carioca-e-programacao-gratuita-no-dia-18-de-julho\\\/\",\"url\":\"https:\\\/\\\/www.ovigilanteonline.com.br\\\/site\\\/2026\\\/07\\\/06\\\/cataguases-recebe-festival-forca-luz-e-arte-com-rodrigo-suricato-farofa-carioca-e-programacao-gratuita-no-dia-18-de-julho\\\/\",\"name\":\"Cataguases recebe Festival For\u00e7a, Luz e Arte com Rodrigo Suricato, Farofa Carioca e programa\u00e7\u00e3o gratuita no dia 18 de julho\",\"isPartOf\":{\"@id\":\"https:\\\/\\\/www.ovigilanteonline.com.br\\\/site\\\/#website\"},\"primaryImageOfPage\":{\"@id\":\"https:\\\/\\\/www.ovigilanteonline.com.br\\\/site\\\/2026\\\/07\\\/06\\\/cataguases-recebe-festival-forca-luz-e-arte-com-rodrigo-suricato-farofa-carioca-e-programacao-gratuita-no-dia-18-de-julho\\\/#primaryimage\"},\"image\":{\"@id\":\"https:\\\/\\\/www.ovigilanteonline.com.br\\\/site\\\/2026\\\/07\\\/06\\\/cataguases-recebe-festival-forca-luz-e-arte-com-rodrigo-suricato-farofa-carioca-e-programacao-gratuita-no-dia-18-de-julho\\\/#primaryimage\"},\"thumbnailUrl\":\"https:\\\/\\\/www.ovigilanteonline.com.br\\\/site\\\/wp-content\\\/uploads\\\/2026\\\/07\\\/vvx.jpg\",\"datePublished\":\"2026-07-06T21:37:20+00:00\",\"dateModified\":\"2026-07-08T19:42:34+00:00\",\"author\":{\"@id\":\"https:\\\/\\\/www.ovigilanteonline.com.br\\\/site\\\/#\\\/schema\\\/person\\\/538fdfb33c0c411cd14a732e7cf14aa6\"},\"breadcrumb\":{\"@id\":\"https:\\\/\\\/www.ovigilanteonline.com.br\\\/site\\\/2026\\\/07\\\/06\\\/cataguases-recebe-festival-forca-luz-e-arte-com-rodrigo-suricato-farofa-carioca-e-programacao-gratuita-no-dia-18-de-julho\\\/#breadcrumb\"},\"inLanguage\":\"pt-BR\",\"potentialAction\":[{\"@type\":\"ReadAction\",\"target\":[\"https:\\\/\\\/www.ovigilanteonline.com.br\\\/site\\\/2026\\\/07\\\/06\\\/cataguases-recebe-festival-forca-luz-e-arte-com-rodrigo-suricato-farofa-carioca-e-programacao-gratuita-no-dia-18-de-julho\\\/\"]}]},{\"@type\":\"ImageObject\",\"inLanguage\":\"pt-BR\",\"@id\":\"https:\\\/\\\/www.ovigilanteonline.com.br\\\/site\\\/2026\\\/07\\\/06\\\/cataguases-recebe-festival-forca-luz-e-arte-com-rodrigo-suricato-farofa-carioca-e-programacao-gratuita-no-dia-18-de-julho\\\/#primaryimage\",\"url\":\"https:\\\/\\\/www.ovigilanteonline.com.br\\\/site\\\/wp-content\\\/uploads\\\/2026\\\/07\\\/vvx.jpg\",\"contentUrl\":\"https:\\\/\\\/www.ovigilanteonline.com.br\\\/site\\\/wp-content\\\/uploads\\\/2026\\\/07\\\/vvx.jpg\",\"width\":900,\"height\":503},{\"@type\":\"BreadcrumbList\",\"@id\":\"https:\\\/\\\/www.ovigilanteonline.com.br\\\/site\\\/2026\\\/07\\\/06\\\/cataguases-recebe-festival-forca-luz-e-arte-com-rodrigo-suricato-farofa-carioca-e-programacao-gratuita-no-dia-18-de-julho\\\/#breadcrumb\",\"itemListElement\":[{\"@type\":\"ListItem\",\"position\":1,\"name\":\"In\u00edcio\",\"item\":\"https:\\\/\\\/www.ovigilanteonline.com.br\\\/site\\\/\"},{\"@type\":\"ListItem\",\"position\":2,\"name\":\"Cataguases recebe Festival For\u00e7a, Luz e Arte com Rodrigo Suricato, Farofa Carioca e programa\u00e7\u00e3o gratuita no dia 18 de julho\"}]},{\"@type\":\"WebSite\",\"@id\":\"https:\\\/\\\/www.ovigilanteonline.com.br\\\/site\\\/#website\",\"url\":\"https:\\\/\\\/www.ovigilanteonline.com.br\\\/site\\\/\",\"name\":\"O VIGILANTE ONLINE - Not\u00edcias de Leopoldina e regi\u00e3o\",\"description\":\"\",\"potentialAction\":[{\"@type\":\"SearchAction\",\"target\":{\"@type\":\"EntryPoint\",\"urlTemplate\":\"https:\\\/\\\/www.ovigilanteonline.com.br\\\/site\\\/?s={search_term_string}\"},\"query-input\":{\"@type\":\"PropertyValueSpecification\",\"valueRequired\":true,\"valueName\":\"search_term_string\"}}],\"inLanguage\":\"pt-BR\"},{\"@type\":\"Person\",\"@id\":\"https:\\\/\\\/www.ovigilanteonline.com.br\\\/site\\\/#\\\/schema\\\/person\\\/538fdfb33c0c411cd14a732e7cf14aa6\",\"name\":\"Jornalismo\"}]}<\/script>\n<!-- \/ Yoast SEO plugin. -->","yoast_head_json":{"title":"Cataguases recebe Festival For\u00e7a, Luz e Arte com Rodrigo Suricato, Farofa Carioca e programa\u00e7\u00e3o gratuita no dia 18 de julho","robots":{"index":"index","follow":"follow","max-snippet":"max-snippet:-1","max-image-preview":"max-image-preview:large","max-video-preview":"max-video-preview:-1"},"canonical":"https:\/\/www.ovigilanteonline.com.br\/site\/2026\/07\/06\/cataguases-recebe-festival-forca-luz-e-arte-com-rodrigo-suricato-farofa-carioca-e-programacao-gratuita-no-dia-18-de-julho\/","og_locale":"pt_BR","og_type":"article","og_title":"Cataguases recebe Festival For\u00e7a, Luz e Arte com Rodrigo Suricato, Farofa Carioca e programa\u00e7\u00e3o gratuita no dia 18 de julho","og_description":"Evento transforma a Pra\u00e7a Rui Barbosa em um grande palco cultural, com m\u00fasica, gastronomia, a\u00e7\u00f5es solid\u00e1rias e artistas locais durante todo o s\u00e1bado. No s\u00e1bado, dia 18 de julho, a Pra\u00e7a Rui Barbosa, em Cataguases, ser\u00e1 novamente o palco de um dos maiores eventos culturais gratuitos da regi\u00e3o. Em sua 2\u00aa edi\u00e7\u00e3o, o Festival For\u00e7a, [&hellip;]","og_url":"https:\/\/www.ovigilanteonline.com.br\/site\/2026\/07\/06\/cataguases-recebe-festival-forca-luz-e-arte-com-rodrigo-suricato-farofa-carioca-e-programacao-gratuita-no-dia-18-de-julho\/","og_site_name":"O VIGILANTE ONLINE","article_publisher":"https:\/\/www.facebook.com\/ovigilanteonline","article_published_time":"2026-07-06T21:37:20+00:00","article_modified_time":"2026-07-08T19:42:34+00:00","og_image":[{"width":900,"height":503,"url":"https:\/\/www.ovigilanteonline.com.br\/site\/wp-content\/uploads\/2026\/07\/vvx.jpg","type":"image\/jpeg"}],"author":"Jornalismo","twitter_card":"summary_large_image","twitter_misc":{"Escrito por":"Jornalismo","Est. tempo de leitura":"3 minutos"},"schema":{"@context":"https:\/\/schema.org","@graph":[{"@type":"Article","@id":"https:\/\/www.ovigilanteonline.com.br\/site\/2026\/07\/06\/cataguases-recebe-festival-forca-luz-e-arte-com-rodrigo-suricato-farofa-carioca-e-programacao-gratuita-no-dia-18-de-julho\/#article","isPartOf":{"@id":"https:\/\/www.ovigilanteonline.com.br\/site\/2026\/07\/06\/cataguases-recebe-festival-forca-luz-e-arte-com-rodrigo-suricato-farofa-carioca-e-programacao-gratuita-no-dia-18-de-julho\/"},"author":{"name":"Jornalismo","@id":"https:\/\/www.ovigilanteonline.com.br\/site\/#\/schema\/person\/538fdfb33c0c411cd14a732e7cf14aa6"},"headline":"Cataguases recebe Festival For\u00e7a, Luz e Arte com Rodrigo Suricato, Farofa Carioca e programa\u00e7\u00e3o gratuita no dia 18 de julho","datePublished":"2026-07-06T21:37:20+00:00","dateModified":"2026-07-08T19:42:34+00:00","mainEntityOfPage":{"@id":"https:\/\/www.ovigilanteonline.com.br\/site\/2026\/07\/06\/cataguases-recebe-festival-forca-luz-e-arte-com-rodrigo-suricato-farofa-carioca-e-programacao-gratuita-no-dia-18-de-julho\/"},"wordCount":495,"commentCount":0,"image":{"@id":"https:\/\/www.ovigilanteonline.com.br\/site\/2026\/07\/06\/cataguases-recebe-festival-forca-luz-e-arte-com-rodrigo-suricato-farofa-carioca-e-programacao-gratuita-no-dia-18-de-julho\/#primaryimage"},"thumbnailUrl":"https:\/\/www.ovigilanteonline.com.br\/site\/wp-content\/uploads\/2026\/07\/vvx.jpg","articleSection":["Geral","Giro Vigilante","Regi\u00e3o","\u00daltimas Not\u00edcias"],"inLanguage":"pt-BR","potentialAction":[{"@type":"CommentAction","name":"Comment","target":["https:\/\/www.ovigilanteonline.com.br\/site\/2026\/07\/06\/cataguases-recebe-festival-forca-luz-e-arte-com-rodrigo-suricato-farofa-carioca-e-programacao-gratuita-no-dia-18-de-julho\/#respond"]}]},{"@type":"WebPage","@id":"https:\/\/www.ovigilanteonline.com.br\/site\/2026\/07\/06\/cataguases-recebe-festival-forca-luz-e-arte-com-rodrigo-suricato-farofa-carioca-e-programacao-gratuita-no-dia-18-de-julho\/","url":"https:\/\/www.ovigilanteonline.com.br\/site\/2026\/07\/06\/cataguases-recebe-festival-forca-luz-e-arte-com-rodrigo-suricato-farofa-carioca-e-programacao-gratuita-no-dia-18-de-julho\/","name":"Cataguases recebe Festival For\u00e7a, Luz e Arte com Rodrigo Suricato, Farofa Carioca e programa\u00e7\u00e3o gratuita no dia 18 de julho","isPartOf":{"@id":"https:\/\/www.ovigilanteonline.com.br\/site\/#website"},"primaryImageOfPage":{"@id":"https:\/\/www.ovigilanteonline.com.br\/site\/2026\/07\/06\/cataguases-recebe-festival-forca-luz-e-arte-com-rodrigo-suricato-farofa-carioca-e-programacao-gratuita-no-dia-18-de-julho\/#primaryimage"},"image":{"@id":"https:\/\/www.ovigilanteonline.com.br\/site\/2026\/07\/06\/cataguases-recebe-festival-forca-luz-e-arte-com-rodrigo-suricato-farofa-carioca-e-programacao-gratuita-no-dia-18-de-julho\/#primaryimage"},"thumbnailUrl":"https:\/\/www.ovigilanteonline.com.br\/site\/wp-content\/uploads\/2026\/07\/vvx.jpg","datePublished":"2026-07-06T21:37:20+00:00","dateModified":"2026-07-08T19:42:34+00:00","author":{"@id":"https:\/\/www.ovigilanteonline.com.br\/site\/#\/schema\/person\/538fdfb33c0c411cd14a732e7cf14aa6"},"breadcrumb":{"@id":"https:\/\/www.ovigilanteonline.com.br\/site\/2026\/07\/06\/cataguases-recebe-festival-forca-luz-e-arte-com-rodrigo-suricato-farofa-carioca-e-programacao-gratuita-no-dia-18-de-julho\/#breadcrumb"},"inLanguage":"pt-BR","potentialAction":[{"@type":"ReadAction","target":["https:\/\/www.ovigilanteonline.com.br\/site\/2026\/07\/06\/cataguases-recebe-festival-forca-luz-e-arte-com-rodrigo-suricato-farofa-carioca-e-programacao-gratuita-no-dia-18-de-julho\/"]}]},{"@type":"ImageObject","inLanguage":"pt-BR","@id":"https:\/\/www.ovigilanteonline.com.br\/site\/2026\/07\/06\/cataguases-recebe-festival-forca-luz-e-arte-com-rodrigo-suricato-farofa-carioca-e-programacao-gratuita-no-dia-18-de-julho\/#primaryimage","url":"https:\/\/www.ovigilanteonline.com.br\/site\/wp-content\/uploads\/2026\/07\/vvx.jpg","contentUrl":"https:\/\/www.ovigilanteonline.com.br\/site\/wp-content\/uploads\/2026\/07\/vvx.jpg","width":900,"height":503},{"@type":"BreadcrumbList","@id":"https:\/\/www.ovigilanteonline.com.br\/site\/2026\/07\/06\/cataguases-recebe-festival-forca-luz-e-arte-com-rodrigo-suricato-farofa-carioca-e-programacao-gratuita-no-dia-18-de-julho\/#breadcrumb","itemListElement":[{"@type":"ListItem","position":1,"name":"In\u00edcio","item":"https:\/\/www.ovigilanteonline.com.br\/site\/"},{"@type":"ListItem","position":2,"name":"Cataguases recebe Festival For\u00e7a, Luz e Arte com Rodrigo Suricato, Farofa Carioca e programa\u00e7\u00e3o gratuita no dia 18 de julho"}]},{"@type":"WebSite","@id":"https:\/\/www.ovigilanteonline.com.br\/site\/#website","url":"https:\/\/www.ovigilanteonline.com.br\/site\/","name":"O VIGILANTE ONLINE - Not\u00edcias de Leopoldina e regi\u00e3o","description":"","potentialAction":[{"@type":"SearchAction","target":{"@type":"EntryPoint","urlTemplate":"https:\/\/www.ovigilanteonline.com.br\/site\/?s={search_term_string}"},"query-input":{"@type":"PropertyValueSpecification","valueRequired":true,"valueName":"search_term_string"}}],"inLanguage":"pt-BR"},{"@type":"Person","@id":"https:\/\/www.ovigilanteonline.com.br\/site\/#\/schema\/person\/538fdfb33c0c411cd14a732e7cf14aa6","name":"Jornalismo"}]}},"cc_featured_image_caption":{"caption_text":"","source_text":"","source_url":""},"_links":{"self":[{"href":"https:\/\/www.ovigilanteonline.com.br\/site\/wp-json\/wp\/v2\/posts\/454632","targetHints":{"allow":["GET"]}}],"collection":[{"href":"https:\/\/www.ovigilanteonline.com.br\/site\/wp-json\/wp\/v2\/posts"}],"about":[{"href":"https:\/\/www.ovigilanteonline.com.br\/site\/wp-json\/wp\/v2\/types\/post"}],"author":[{"embeddable":true,"href":"https:\/\/www.ovigilanteonline.com.br\/site\/wp-json\/wp\/v2\/users\/2"}],"replies":[{"embeddable":true,"href":"https:\/\/www.ovigilanteonline.com.br\/site\/wp-json\/wp\/v2\/comments?post=454632"}],"version-history":[{"count":0,"href":"https:\/\/www.ovigilanteonline.com.br\/site\/wp-json\/wp\/v2\/posts\/454632\/revisions"}],"wp:featuredmedia":[{"embeddable":true,"href":"https:\/\/www.ovigilanteonline.com.br\/site\/wp-json\/wp\/v2\/media\/454636"}],"wp:attachment":[{"href":"https:\/\/www.ovigilanteonline.com.br\/site\/wp-json\/wp\/v2\/media?parent=454632"}],"wp:term":[{"taxonomy":"category","embeddable":true,"href":"https:\/\/www.ovigilanteonline.com.br\/site\/wp-json\/wp\/v2\/categories?post=454632"},{"taxonomy":"post_tag","embeddable":true,"href":"https:\/\/www.ovigilanteonline.com.br\/site\/wp-json\/wp\/v2\/tags?post=454632"}],"curies":[{"name":"wp","href":"https:\/\/api.w.org\/{rel}","templated":true}]}}