{"id":453031,"date":"2026-05-19T07:48:16","date_gmt":"2026-05-19T10:48:16","guid":{"rendered":"https:\/\/www.ovigilanteonline.com.br\/site\/?p=453031"},"modified":"2026-05-22T06:28:01","modified_gmt":"2026-05-22T09:28:01","slug":"caminhada-do-maio-laranja-em-leopoldina-destaca-uniao-no-combate-a-violencia-contra-criancas-e-adolescentes","status":"publish","type":"post","link":"https:\/\/www.ovigilanteonline.com.br\/site\/2026\/05\/19\/caminhada-do-maio-laranja-em-leopoldina-destaca-uniao-no-combate-a-violencia-contra-criancas-e-adolescentes\/","title":{"rendered":"Caminhada do Maio Laranja em Leopoldina destaca uni\u00e3o no combate \u00e0 viol\u00eancia contra crian\u00e7as e adolescentes"},"content":{"rendered":"<div id=\"ovigi-1453865934\" class=\"ovigi-inicio-post-interno ovigi-entity-placement\" style=\"margin-left: auto;margin-right: auto;text-align: center;\"><a href=\"https:\/\/onelink.to\/tfjfd3?utm_source=ig&#038;utm_medium=social&#038;utm_content=link_in_bio&#038;fbclid=PAcGRvZgJleHRuA2FlbQIxMQBzcnRjBmFwcF9pZA85MzY2MTk3NDMzOTI0NTkAAacgW20vIuhakYBCxZduUBbwssdSFoAQ7exuq7BFVvR-PR9sdpzVWlAvY7yZog_aem__Bn7V7eJEMspatV_tVfmIA\" target=\"_blank\" aria-label=\"ARTE GIF\"><img decoding=\"async\" src=\"https:\/\/www.ovigilanteonline.com.br\/site\/wp-content\/uploads\/2026\/05\/ARTE-GIF.gif\" alt=\"\"    \/><\/a><\/div>\n<h3 class=\"wp-block-heading\"><strong><em>Evento marcou o Dia Nacional de Enfrentamento ao Abuso e \u00e0 Explora\u00e7\u00e3o Sexual de Crian\u00e7as e Adolescentes<\/em><\/strong><\/h3>\n\n\n\n<figure class=\"wp-block-image size-full\"><img loading=\"lazy\" decoding=\"async\" width=\"964\" height=\"611\" src=\"https:\/\/www.ovigilanteonline.com.br\/site\/wp-content\/uploads\/2026\/05\/WhatsApp-Image-2026-05-18-at-16.36.53-1.jpeg\" alt=\"\" class=\"wp-image-453035\" srcset=\"https:\/\/www.ovigilanteonline.com.br\/site\/wp-content\/uploads\/2026\/05\/WhatsApp-Image-2026-05-18-at-16.36.53-1.jpeg 964w, https:\/\/www.ovigilanteonline.com.br\/site\/wp-content\/uploads\/2026\/05\/WhatsApp-Image-2026-05-18-at-16.36.53-1-300x190.jpeg 300w, https:\/\/www.ovigilanteonline.com.br\/site\/wp-content\/uploads\/2026\/05\/WhatsApp-Image-2026-05-18-at-16.36.53-1-768x487.jpeg 768w\" sizes=\"auto, (max-width: 964px) 100vw, 964px\" \/><\/figure>\n\n\n\n<figure class=\"wp-block-image size-large\"><img loading=\"lazy\" decoding=\"async\" width=\"1024\" height=\"443\" src=\"https:\/\/www.ovigilanteonline.com.br\/site\/wp-content\/uploads\/2026\/05\/WhatsApp-Image-2026-05-18-at-16.36.52-1-1024x443.jpeg\" alt=\"\" class=\"wp-image-453034\" srcset=\"https:\/\/www.ovigilanteonline.com.br\/site\/wp-content\/uploads\/2026\/05\/WhatsApp-Image-2026-05-18-at-16.36.52-1-1024x443.jpeg 1024w, https:\/\/www.ovigilanteonline.com.br\/site\/wp-content\/uploads\/2026\/05\/WhatsApp-Image-2026-05-18-at-16.36.52-1-300x130.jpeg 300w, https:\/\/www.ovigilanteonline.com.br\/site\/wp-content\/uploads\/2026\/05\/WhatsApp-Image-2026-05-18-at-16.36.52-1-768x332.jpeg 768w, https:\/\/www.ovigilanteonline.com.br\/site\/wp-content\/uploads\/2026\/05\/WhatsApp-Image-2026-05-18-at-16.36.52-1.jpeg 1262w\" sizes=\"auto, (max-width: 1024px) 100vw, 1024px\" \/><\/figure>\n\n\n\n<figure class=\"wp-block-image size-full\"><img loading=\"lazy\" decoding=\"async\" width=\"1410\" height=\"1055\" src=\"https:\/\/www.ovigilanteonline.com.br\/site\/wp-content\/uploads\/2026\/05\/WhatsApp-Image-2026-05-18-at-16.36.53-2.jpeg\" alt=\"\" class=\"wp-image-453036\" srcset=\"https:\/\/www.ovigilanteonline.com.br\/site\/wp-content\/uploads\/2026\/05\/WhatsApp-Image-2026-05-18-at-16.36.53-2.jpeg 1410w, https:\/\/www.ovigilanteonline.com.br\/site\/wp-content\/uploads\/2026\/05\/WhatsApp-Image-2026-05-18-at-16.36.53-2-300x224.jpeg 300w, https:\/\/www.ovigilanteonline.com.br\/site\/wp-content\/uploads\/2026\/05\/WhatsApp-Image-2026-05-18-at-16.36.53-2-1024x766.jpeg 1024w, https:\/\/www.ovigilanteonline.com.br\/site\/wp-content\/uploads\/2026\/05\/WhatsApp-Image-2026-05-18-at-16.36.53-2-768x575.jpeg 768w\" sizes=\"auto, (max-width: 1410px) 100vw, 1410px\" \/><\/figure>\n\n\n\n<p class=\"wp-block-paragraph\">As ruas de Leopoldina ganharam mais cor, conscientiza\u00e7\u00e3o e uni\u00e3o na tarde desta segunda-feira, 18 de maio.  Em alus\u00e3o ao Dia Nacional de Enfrentamento ao Abuso e \u00e0 Explora\u00e7\u00e3o Sexual de Crian\u00e7as e Adolescentes, a Prefeitura de Leopoldina, por meio da Secretaria de Assist\u00eancia Social de Leopoldina, promoveu uma caminhada de conscientiza\u00e7\u00e3o reunindo alunos de escolas p\u00fablicas e privadas, servidores e For\u00e7as de Seguran\u00e7a P\u00fablica.<\/p>\n\n\n\n<p class=\"wp-block-paragraph\">Com cartazes, mensagens de apoio e participa\u00e7\u00e3o ativa da comunidade, a mobiliza\u00e7\u00e3o percorreu a Rua Cotegipe levando um importante alerta: proteger crian\u00e7as e adolescentes \u00e9 uma responsabilidade de todos. <\/p><div id=\"ovigi-1086551521\" class=\"ovigi-conteudo_2-3 ovigi-entity-placement\"><script async src=\"\/\/pagead2.googlesyndication.com\/pagead\/js\/adsbygoogle.js?client=ca-pub-4068173061741521\" crossorigin=\"anonymous\"><\/script><ins class=\"adsbygoogle\" style=\"display:block; text-align:center;\" data-ad-client=\"ca-pub-4068173061741521\" \ndata-ad-slot=\"6460393376\" \ndata-ad-layout=\"in-article\"\ndata-ad-format=\"fluid\"><\/ins>\n<script> \n(adsbygoogle = window.adsbygoogle || []).push({}); \n<\/script>\n<\/div><div id=\"ovigi-1082254532\" class=\"ovigi-conteudo_2-2 ovigi-entity-placement\"><script async src=\"\/\/pagead2.googlesyndication.com\/pagead\/js\/adsbygoogle.js?client=ca-pub-4068173061741521\" crossorigin=\"anonymous\"><\/script><ins class=\"adsbygoogle\" style=\"display:block; text-align:center;\" data-ad-client=\"ca-pub-4068173061741521\" \ndata-ad-slot=\"6460393376\" \ndata-ad-layout=\"in-article\"\ndata-ad-format=\"fluid\"><\/ins>\n<script> \n(adsbygoogle = window.adsbygoogle || []).push({}); \n<\/script>\n<\/div><div id=\"ovigi-3096996294\" class=\"ovigi-conteudo_2 ovigi-entity-placement\"><script async src=\"\/\/pagead2.googlesyndication.com\/pagead\/js\/adsbygoogle.js?client=ca-pub-4068173061741521\" crossorigin=\"anonymous\"><\/script><ins class=\"adsbygoogle\" style=\"display:block; text-align:center;\" data-ad-client=\"ca-pub-4068173061741521\" \ndata-ad-slot=\"6460393376\" \ndata-ad-layout=\"in-article\"\ndata-ad-format=\"fluid\"><\/ins>\n<script> \n(adsbygoogle = window.adsbygoogle || []).push({}); \n<\/script>\n<\/div><div id=\"ovigi-474679428\" class=\"ovigi-conteudo_2-4 ovigi-entity-placement\"><script async src=\"\/\/pagead2.googlesyndication.com\/pagead\/js\/adsbygoogle.js?client=ca-pub-4068173061741521\" crossorigin=\"anonymous\"><\/script><ins class=\"adsbygoogle\" style=\"display:block; text-align:center;\" data-ad-client=\"ca-pub-4068173061741521\" \ndata-ad-slot=\"6460393376\" \ndata-ad-layout=\"in-article\"\ndata-ad-format=\"fluid\"><\/ins>\n<script> \n(adsbygoogle = window.adsbygoogle || []).push({}); \n<\/script>\n<\/div>\n\n\n\n<p class=\"wp-block-paragraph\">A caminhada chamou a aten\u00e7\u00e3o para a import\u00e2ncia da preven\u00e7\u00e3o, do di\u00e1logo, da den\u00fancia e do fortalecimento da rede de prote\u00e7\u00e3o.<\/p>\n\n\n\n<p class=\"wp-block-paragraph\">O momento representou o compromisso coletivo com uma inf\u00e2ncia segura, acolhida e livre de qualquer forma de viol\u00eancia. E o 18 de Maio refor\u00e7a a necessidade de manter essa pauta sempre em evid\u00eancia, incentivando o cuidado, a escuta e a conscientiza\u00e7\u00e3o em toda a sociedade.<\/p>\n\n\n<div id=\"ovigi-4130090164\"><p><!-- wp:paragraph {\"align\":\"center\",\"fontSize\":\"small\"} --><\/p>\n<p class=\"has-text-align-center has-small-font-size\" style=\"text-align: center;\">PUBLICIDADE<\/p>\n<hr \/>\n<p><!-- \/wp:paragraph --><\/p>\n<div class=\"wp-block-columns\">\n<div class=\"wp-block-column\">\n<figure class=\"wp-block-image size-full is-resized\"><a href=\"https:\/\/www.instagram.com\/unimedleopoldina241\/\" target=\"_blank\" rel=\" noreferrer noopener\"><img loading=\"lazy\" decoding=\"async\" class=\"wp-image-455236\" src=\"https:\/\/www.ovigilanteonline.com.br\/site\/wp-content\/uploads\/2026\/08\/unimed-materias.jpg\" alt=\"\" width=\"371\" height=\"371\" \/> \u00a0 \u00a0<\/a><a href=\"https:\/\/vest.sudamerica.edu.br\/vest-2026-2\" target=\"_blank\" rel=\" noreferrer noopener\"><img loading=\"lazy\" decoding=\"async\" class=\"wp-image-453120\" src=\"https:\/\/www.ovigilanteonline.com.br\/site\/wp-content\/uploads\/2026\/08\/sudamerica-materias.jpg\" alt=\"\" width=\"379\" height=\"370\" \/><\/a><\/p>\n<hr \/>\n<\/figure>\n<\/div>\n<\/div>\n<p><!-- \/wp:separator --><\/p>\n<\/div>\n\n\n<p class=\"wp-block-paragraph\">A Prefeitura de Leopoldina informou que segue desenvolvendo a\u00e7\u00f5es de preven\u00e7\u00e3o e conscientiza\u00e7\u00e3o voltadas \u00e0 prote\u00e7\u00e3o da inf\u00e2ncia e adolesc\u00eancia, fortalecendo pol\u00edticas p\u00fablicas e ampliando o debate sobre um tema t\u00e3o importante.<\/p>\n\n\n\n<p class=\"wp-block-paragraph\"><em>*Com Prefeitura de Leopoldina &#8211; Fernanda Esp\u00edndola<\/em><\/p>\n\n\n<div  class=\"wp-block-ultimate-post-heading ultp-block-4747c0\"><div class=\"ultp-block-wrapper\"><div class=\"ultp-heading-wrap ultp-heading-style18 ultp-heading-left\"><h2 class=\"ultp-heading-inner\"><span>Leia tamb\u00e9m<\/span><\/h2><\/div><\/div><\/div>\n\n<div  class=\"ultp-post-grid-block wp-block-ultimate-post-post-list-4 ultp-block-95a172 \"><div class=\"ultp-block-wrapper\" ><div class=\"ultp-loading\"><div class=\"ultp-loading-blocks\" style=\"width:100%;height:100%;\"><div style=\"left: 0;top: 0;animation-delay:0s;\"><\/div><div style=\"left: 21px;top: 0;animation-delay:0.125s;\"><\/div><div style=\"left: 42px;top: 0;animation-delay:0.25s;\"><\/div><div style=\"left: 0;top: 21px;animation-delay:0.875s;\"><\/div><div style=\"left: 42px;top: 21px;animation-delay:0.375s;\"><\/div><div style=\"left: 0;top: 42px;animation-delay:0.75s;\"><\/div><div style=\"left: 42px;top: 42px;animation-delay:0.625s;\"><\/div><div style=\"left: 21px;top: 42px;animation-delay:0.5s;\"><\/div><\/div><\/div><div class=\"ultp-block-items-wrap ultp-block-content-middle ultp-layout1\"><div class=\"ultp-block-item ultp-block-media post-id-456606\"><div class=\"ultp-block-content-wrap ultp-first-postlist-2\"><div class=\"ultp-block-image ultp-block-image-none\"><a href=\"https:\/\/www.ovigilanteonline.com.br\/site\/2026\/09\/03\/vice-prefeito-e-esposa-sao-rendidos-durante-assalto-em-maripa-de-minas\/\" ><img decoding=\"async\"  alt=\"Vice-prefeito e esposa s\u00e3o rendidos durante assalto em Marip\u00e1 de Minas\"  src=\"https:\/\/www.ovigilanteonline.com.br\/site\/wp-content\/uploads\/2025\/05\/maripa-de-minas-1.jpg\" \/><\/a><\/div><div class=\"ultp-block-content\"><h3 class=\"ultp-block-title \"><a href=\"https:\/\/www.ovigilanteonline.com.br\/site\/2026\/09\/03\/vice-prefeito-e-esposa-sao-rendidos-durante-assalto-em-maripa-de-minas\/\" >Vice-prefeito e esposa s\u00e3o rendidos durante assalto em Marip\u00e1 de Minas<\/a><\/h3><div class=\"ultp-block-meta ultp-block-meta-dot ultp-block-meta-icon\"><span class=\"ultp-block-author ultp-block-meta-element\"><svg xmlns=\"http:\/\/www.w3.org\/2000\/svg\" fill=\"none\" viewBox=\"0 0 24 24\">\n  <circle cx=\"12\" cy=\"7\" r=\"4\" stroke=\"currentColor\" stroke-linejoin=\"round\" stroke-width=\"1.5\"\/>\n  <path stroke=\"currentColor\" stroke-linecap=\"round\" stroke-linejoin=\"round\" stroke-width=\"1.5\" d=\"M4 21v-3a4 4 0 0 1 4-4h8a4 4 0 0 1 4 4v3\"\/>\n<\/svg>\n<a class=\"\" href=\"https:\/\/www.ovigilanteonline.com.br\/site\/author\/julio\/\">Jornalismo<\/a><\/span><span class=\"ultp-block-date ultp-block-meta-element\"><svg xmlns=\"http:\/\/www.w3.org\/2000\/svg\" fill=\"none\" viewBox=\"0 0 24 24\">\n  <path stroke=\"currentColor\" stroke-linecap=\"round\" stroke-linejoin=\"round\" stroke-width=\"1.5\" d=\"M3 5.5a2 2 0 0 1 2-2h14a2 2 0 0 1 2 2v14a2 2 0 0 1-2 2H5a2 2 0 0 1-2-2v-14ZM8 2v3m8-3v3M3 9h18\"\/>\n<\/svg>\nset 3, 2026<\/span><span class=\"ultp-post-read ultp-block-meta-element\"><svg xmlns=\"http:\/\/www.w3.org\/2000\/svg\" fill=\"none\" viewBox=\"0 0 24 24\">\n  <path stroke=\"currentColor\" stroke-linecap=\"round\" stroke-linejoin=\"round\" stroke-width=\"1.5\" d=\"M4 5v14a3 3 0 0 0 3 3h13V8H7a3 3 0 0 1-3-3Zm0 0a3 3 0 0 1 3-3h13M7 5h10\"\/>\n  <path stroke=\"currentColor\" stroke-linecap=\"round\" stroke-linejoin=\"round\" stroke-width=\"1.5\" d=\"M9.5 18.5v-3.092a3 3 0 0 1 .504-1.664l1.219-1.828a.934.934 0 0 1 1.554 0l1.22 1.828a3 3 0 0 1 .503 1.664V18.5m-5-2.5h5\"\/>\n<\/svg>\n1 min read<\/span><\/div><div class=\"ultp-block-excerpt\"><p>Crime aconteceu na madrugada desta quinta-feira (3). Conforme informa\u00e7\u00f5es da PM, trio que invadiu o im\u00f3vel levou bens pessoais da fam\u00edlia e determinada quantia em dinheiro. O vice-prefeito de Marip\u00e1 de Minas, Jos\u00e9 Geraldo Costa da Silva, conhecido como Geraldinho,&hellip;<\/p>\n<\/div><\/div><\/div><\/div><\/div><\/div><div class=\"pagination-block-html\" aria-hidden=\"true\" style=\"display: none;\"><\/div><\/div>\n\n<div id=\"ovigi-192331587\"><script async src=\"https:\/\/pagead2.googlesyndication.com\/pagead\/js\/adsbygoogle.js?client=ca-pub-4068173061741521\"\r\n     crossorigin=\"anonymous\"><\/script>\r\n<!-- GOOGLE HOME -->\r\n<ins class=\"adsbygoogle\"\r\n     style=\"display:block\"\r\n     data-ad-client=\"ca-pub-4068173061741521\"\r\n     data-ad-slot=\"8212609771\"\r\n     data-ad-format=\"auto\"\r\n     data-full-width-responsive=\"true\"><\/ins>\r\n<script>\r\n     (adsbygoogle = window.adsbygoogle || []).push({});\r\n<\/script>\r\n<\/div>","protected":false},"excerpt":{"rendered":"<p>Evento marcou o Dia Nacional de Enfrentamento ao Abuso e \u00e0 Explora\u00e7\u00e3o Sexual de Crian\u00e7as e Adolescentes As ruas de Leopoldina ganharam mais cor, conscientiza\u00e7\u00e3o e uni\u00e3o na tarde desta segunda-feira, 18 de maio. Em alus\u00e3o ao Dia Nacional de Enfrentamento ao Abuso e \u00e0 Explora\u00e7\u00e3o Sexual de Crian\u00e7as e Adolescentes, a Prefeitura de Leopoldina, [&hellip;]<\/p>\n","protected":false},"author":2,"featured_media":453032,"comment_status":"open","ping_status":"closed","sticky":false,"template":"","format":"standard","meta":{"footnotes":""},"categories":[13,17,11,26],"tags":[],"class_list":["post-453031","post","type-post","status-publish","format-standard","has-post-thumbnail","hentry","category-cidade","category-geral","category-leopoldina","category-ultimas-noticias"],"yoast_head":"<!-- This site is optimized with the Yoast SEO plugin v28.3 - https:\/\/yoast.com\/product\/yoast-seo-wordpress\/ -->\n<title>Caminhada do Maio Laranja em Leopoldina destaca uni\u00e3o no combate \u00e0 viol\u00eancia contra crian\u00e7as e adolescentes<\/title>\n<meta name=\"robots\" content=\"index, follow, max-snippet:-1, max-image-preview:large, max-video-preview:-1\" \/>\n<link rel=\"canonical\" href=\"https:\/\/www.ovigilanteonline.com.br\/site\/2026\/05\/19\/caminhada-do-maio-laranja-em-leopoldina-destaca-uniao-no-combate-a-violencia-contra-criancas-e-adolescentes\/\" \/>\n<meta property=\"og:locale\" content=\"pt_BR\" \/>\n<meta property=\"og:type\" content=\"article\" \/>\n<meta property=\"og:title\" content=\"Caminhada do Maio Laranja em Leopoldina destaca uni\u00e3o no combate \u00e0 viol\u00eancia contra crian\u00e7as e adolescentes\" \/>\n<meta property=\"og:description\" content=\"Evento marcou o Dia Nacional de Enfrentamento ao Abuso e \u00e0 Explora\u00e7\u00e3o Sexual de Crian\u00e7as e Adolescentes As ruas de Leopoldina ganharam mais cor, conscientiza\u00e7\u00e3o e uni\u00e3o na tarde desta segunda-feira, 18 de maio. Em alus\u00e3o ao Dia Nacional de Enfrentamento ao Abuso e \u00e0 Explora\u00e7\u00e3o Sexual de Crian\u00e7as e Adolescentes, a Prefeitura de Leopoldina, [&hellip;]\" \/>\n<meta property=\"og:url\" content=\"https:\/\/www.ovigilanteonline.com.br\/site\/2026\/05\/19\/caminhada-do-maio-laranja-em-leopoldina-destaca-uniao-no-combate-a-violencia-contra-criancas-e-adolescentes\/\" \/>\n<meta property=\"og:site_name\" content=\"O VIGILANTE ONLINE\" \/>\n<meta property=\"article:publisher\" content=\"https:\/\/www.facebook.com\/ovigilanteonline\" \/>\n<meta property=\"article:published_time\" content=\"2026-05-19T10:48:16+00:00\" \/>\n<meta property=\"article:modified_time\" content=\"2026-05-22T09:28:01+00:00\" \/>\n<meta property=\"og:image\" content=\"https:\/\/www.ovigilanteonline.com.br\/site\/wp-content\/uploads\/2026\/05\/59655.jpeg\" \/>\n\t<meta property=\"og:image:width\" content=\"1\" \/>\n\t<meta property=\"og:image:height\" content=\"1\" \/>\n\t<meta property=\"og:image:type\" content=\"image\/jpeg\" \/>\n<meta name=\"author\" content=\"Jornalismo\" \/>\n<meta name=\"twitter:card\" content=\"summary_large_image\" \/>\n<meta name=\"twitter:label1\" content=\"Escrito por\" \/>\n\t<meta name=\"twitter:data1\" content=\"Jornalismo\" \/>\n\t<meta name=\"twitter:label2\" content=\"Est. tempo de leitura\" \/>\n\t<meta name=\"twitter:data2\" content=\"2 minutos\" \/>\n<script type=\"application\/ld+json\" class=\"yoast-schema-graph\">{\"@context\":\"https:\\\/\\\/schema.org\",\"@graph\":[{\"@type\":\"Article\",\"@id\":\"https:\\\/\\\/www.ovigilanteonline.com.br\\\/site\\\/2026\\\/05\\\/19\\\/caminhada-do-maio-laranja-em-leopoldina-destaca-uniao-no-combate-a-violencia-contra-criancas-e-adolescentes\\\/#article\",\"isPartOf\":{\"@id\":\"https:\\\/\\\/www.ovigilanteonline.com.br\\\/site\\\/2026\\\/05\\\/19\\\/caminhada-do-maio-laranja-em-leopoldina-destaca-uniao-no-combate-a-violencia-contra-criancas-e-adolescentes\\\/\"},\"author\":{\"name\":\"Jornalismo\",\"@id\":\"https:\\\/\\\/www.ovigilanteonline.com.br\\\/site\\\/#\\\/schema\\\/person\\\/538fdfb33c0c411cd14a732e7cf14aa6\"},\"headline\":\"Caminhada do Maio Laranja em Leopoldina destaca uni\u00e3o no combate \u00e0 viol\u00eancia contra crian\u00e7as e adolescentes\",\"datePublished\":\"2026-05-19T10:48:16+00:00\",\"dateModified\":\"2026-05-22T09:28:01+00:00\",\"mainEntityOfPage\":{\"@id\":\"https:\\\/\\\/www.ovigilanteonline.com.br\\\/site\\\/2026\\\/05\\\/19\\\/caminhada-do-maio-laranja-em-leopoldina-destaca-uniao-no-combate-a-violencia-contra-criancas-e-adolescentes\\\/\"},\"wordCount\":265,\"commentCount\":0,\"image\":{\"@id\":\"https:\\\/\\\/www.ovigilanteonline.com.br\\\/site\\\/2026\\\/05\\\/19\\\/caminhada-do-maio-laranja-em-leopoldina-destaca-uniao-no-combate-a-violencia-contra-criancas-e-adolescentes\\\/#primaryimage\"},\"thumbnailUrl\":\"https:\\\/\\\/www.ovigilanteonline.com.br\\\/site\\\/wp-content\\\/uploads\\\/2026\\\/05\\\/59655.jpeg\",\"articleSection\":[\"Cidade\",\"Geral\",\"Leopoldina\",\"\u00daltimas Not\u00edcias\"],\"inLanguage\":\"pt-BR\",\"potentialAction\":[{\"@type\":\"CommentAction\",\"name\":\"Comment\",\"target\":[\"https:\\\/\\\/www.ovigilanteonline.com.br\\\/site\\\/2026\\\/05\\\/19\\\/caminhada-do-maio-laranja-em-leopoldina-destaca-uniao-no-combate-a-violencia-contra-criancas-e-adolescentes\\\/#respond\"]}]},{\"@type\":\"WebPage\",\"@id\":\"https:\\\/\\\/www.ovigilanteonline.com.br\\\/site\\\/2026\\\/05\\\/19\\\/caminhada-do-maio-laranja-em-leopoldina-destaca-uniao-no-combate-a-violencia-contra-criancas-e-adolescentes\\\/\",\"url\":\"https:\\\/\\\/www.ovigilanteonline.com.br\\\/site\\\/2026\\\/05\\\/19\\\/caminhada-do-maio-laranja-em-leopoldina-destaca-uniao-no-combate-a-violencia-contra-criancas-e-adolescentes\\\/\",\"name\":\"Caminhada do Maio Laranja em Leopoldina destaca uni\u00e3o no combate \u00e0 viol\u00eancia contra crian\u00e7as e adolescentes\",\"isPartOf\":{\"@id\":\"https:\\\/\\\/www.ovigilanteonline.com.br\\\/site\\\/#website\"},\"primaryImageOfPage\":{\"@id\":\"https:\\\/\\\/www.ovigilanteonline.com.br\\\/site\\\/2026\\\/05\\\/19\\\/caminhada-do-maio-laranja-em-leopoldina-destaca-uniao-no-combate-a-violencia-contra-criancas-e-adolescentes\\\/#primaryimage\"},\"image\":{\"@id\":\"https:\\\/\\\/www.ovigilanteonline.com.br\\\/site\\\/2026\\\/05\\\/19\\\/caminhada-do-maio-laranja-em-leopoldina-destaca-uniao-no-combate-a-violencia-contra-criancas-e-adolescentes\\\/#primaryimage\"},\"thumbnailUrl\":\"https:\\\/\\\/www.ovigilanteonline.com.br\\\/site\\\/wp-content\\\/uploads\\\/2026\\\/05\\\/59655.jpeg\",\"datePublished\":\"2026-05-19T10:48:16+00:00\",\"dateModified\":\"2026-05-22T09:28:01+00:00\",\"author\":{\"@id\":\"https:\\\/\\\/www.ovigilanteonline.com.br\\\/site\\\/#\\\/schema\\\/person\\\/538fdfb33c0c411cd14a732e7cf14aa6\"},\"breadcrumb\":{\"@id\":\"https:\\\/\\\/www.ovigilanteonline.com.br\\\/site\\\/2026\\\/05\\\/19\\\/caminhada-do-maio-laranja-em-leopoldina-destaca-uniao-no-combate-a-violencia-contra-criancas-e-adolescentes\\\/#breadcrumb\"},\"inLanguage\":\"pt-BR\",\"potentialAction\":[{\"@type\":\"ReadAction\",\"target\":[\"https:\\\/\\\/www.ovigilanteonline.com.br\\\/site\\\/2026\\\/05\\\/19\\\/caminhada-do-maio-laranja-em-leopoldina-destaca-uniao-no-combate-a-violencia-contra-criancas-e-adolescentes\\\/\"]}]},{\"@type\":\"ImageObject\",\"inLanguage\":\"pt-BR\",\"@id\":\"https:\\\/\\\/www.ovigilanteonline.com.br\\\/site\\\/2026\\\/05\\\/19\\\/caminhada-do-maio-laranja-em-leopoldina-destaca-uniao-no-combate-a-violencia-contra-criancas-e-adolescentes\\\/#primaryimage\",\"url\":\"https:\\\/\\\/www.ovigilanteonline.com.br\\\/site\\\/wp-content\\\/uploads\\\/2026\\\/05\\\/59655.jpeg\",\"contentUrl\":\"https:\\\/\\\/www.ovigilanteonline.com.br\\\/site\\\/wp-content\\\/uploads\\\/2026\\\/05\\\/59655.jpeg\"},{\"@type\":\"BreadcrumbList\",\"@id\":\"https:\\\/\\\/www.ovigilanteonline.com.br\\\/site\\\/2026\\\/05\\\/19\\\/caminhada-do-maio-laranja-em-leopoldina-destaca-uniao-no-combate-a-violencia-contra-criancas-e-adolescentes\\\/#breadcrumb\",\"itemListElement\":[{\"@type\":\"ListItem\",\"position\":1,\"name\":\"In\u00edcio\",\"item\":\"https:\\\/\\\/www.ovigilanteonline.com.br\\\/site\\\/\"},{\"@type\":\"ListItem\",\"position\":2,\"name\":\"Caminhada do Maio Laranja em Leopoldina destaca uni\u00e3o no combate \u00e0 viol\u00eancia contra crian\u00e7as e adolescentes\"}]},{\"@type\":\"WebSite\",\"@id\":\"https:\\\/\\\/www.ovigilanteonline.com.br\\\/site\\\/#website\",\"url\":\"https:\\\/\\\/www.ovigilanteonline.com.br\\\/site\\\/\",\"name\":\"O VIGILANTE ONLINE - Not\u00edcias de Leopoldina e regi\u00e3o\",\"description\":\"\",\"potentialAction\":[{\"@type\":\"SearchAction\",\"target\":{\"@type\":\"EntryPoint\",\"urlTemplate\":\"https:\\\/\\\/www.ovigilanteonline.com.br\\\/site\\\/?s={search_term_string}\"},\"query-input\":{\"@type\":\"PropertyValueSpecification\",\"valueRequired\":true,\"valueName\":\"search_term_string\"}}],\"inLanguage\":\"pt-BR\"},{\"@type\":\"Person\",\"@id\":\"https:\\\/\\\/www.ovigilanteonline.com.br\\\/site\\\/#\\\/schema\\\/person\\\/538fdfb33c0c411cd14a732e7cf14aa6\",\"name\":\"Jornalismo\"}]}<\/script>\n<!-- \/ Yoast SEO plugin. -->","yoast_head_json":{"title":"Caminhada do Maio Laranja em Leopoldina destaca uni\u00e3o no combate \u00e0 viol\u00eancia contra crian\u00e7as e adolescentes","robots":{"index":"index","follow":"follow","max-snippet":"max-snippet:-1","max-image-preview":"max-image-preview:large","max-video-preview":"max-video-preview:-1"},"canonical":"https:\/\/www.ovigilanteonline.com.br\/site\/2026\/05\/19\/caminhada-do-maio-laranja-em-leopoldina-destaca-uniao-no-combate-a-violencia-contra-criancas-e-adolescentes\/","og_locale":"pt_BR","og_type":"article","og_title":"Caminhada do Maio Laranja em Leopoldina destaca uni\u00e3o no combate \u00e0 viol\u00eancia contra crian\u00e7as e adolescentes","og_description":"Evento marcou o Dia Nacional de Enfrentamento ao Abuso e \u00e0 Explora\u00e7\u00e3o Sexual de Crian\u00e7as e Adolescentes As ruas de Leopoldina ganharam mais cor, conscientiza\u00e7\u00e3o e uni\u00e3o na tarde desta segunda-feira, 18 de maio. Em alus\u00e3o ao Dia Nacional de Enfrentamento ao Abuso e \u00e0 Explora\u00e7\u00e3o Sexual de Crian\u00e7as e Adolescentes, a Prefeitura de Leopoldina, [&hellip;]","og_url":"https:\/\/www.ovigilanteonline.com.br\/site\/2026\/05\/19\/caminhada-do-maio-laranja-em-leopoldina-destaca-uniao-no-combate-a-violencia-contra-criancas-e-adolescentes\/","og_site_name":"O VIGILANTE ONLINE","article_publisher":"https:\/\/www.facebook.com\/ovigilanteonline","article_published_time":"2026-05-19T10:48:16+00:00","article_modified_time":"2026-05-22T09:28:01+00:00","og_image":[{"url":"https:\/\/www.ovigilanteonline.com.br\/site\/wp-content\/uploads\/2026\/05\/59655.jpeg","width":1,"height":1,"type":"image\/jpeg"}],"author":"Jornalismo","twitter_card":"summary_large_image","twitter_misc":{"Escrito por":"Jornalismo","Est. tempo de leitura":"2 minutos"},"schema":{"@context":"https:\/\/schema.org","@graph":[{"@type":"Article","@id":"https:\/\/www.ovigilanteonline.com.br\/site\/2026\/05\/19\/caminhada-do-maio-laranja-em-leopoldina-destaca-uniao-no-combate-a-violencia-contra-criancas-e-adolescentes\/#article","isPartOf":{"@id":"https:\/\/www.ovigilanteonline.com.br\/site\/2026\/05\/19\/caminhada-do-maio-laranja-em-leopoldina-destaca-uniao-no-combate-a-violencia-contra-criancas-e-adolescentes\/"},"author":{"name":"Jornalismo","@id":"https:\/\/www.ovigilanteonline.com.br\/site\/#\/schema\/person\/538fdfb33c0c411cd14a732e7cf14aa6"},"headline":"Caminhada do Maio Laranja em Leopoldina destaca uni\u00e3o no combate \u00e0 viol\u00eancia contra crian\u00e7as e adolescentes","datePublished":"2026-05-19T10:48:16+00:00","dateModified":"2026-05-22T09:28:01+00:00","mainEntityOfPage":{"@id":"https:\/\/www.ovigilanteonline.com.br\/site\/2026\/05\/19\/caminhada-do-maio-laranja-em-leopoldina-destaca-uniao-no-combate-a-violencia-contra-criancas-e-adolescentes\/"},"wordCount":265,"commentCount":0,"image":{"@id":"https:\/\/www.ovigilanteonline.com.br\/site\/2026\/05\/19\/caminhada-do-maio-laranja-em-leopoldina-destaca-uniao-no-combate-a-violencia-contra-criancas-e-adolescentes\/#primaryimage"},"thumbnailUrl":"https:\/\/www.ovigilanteonline.com.br\/site\/wp-content\/uploads\/2026\/05\/59655.jpeg","articleSection":["Cidade","Geral","Leopoldina","\u00daltimas Not\u00edcias"],"inLanguage":"pt-BR","potentialAction":[{"@type":"CommentAction","name":"Comment","target":["https:\/\/www.ovigilanteonline.com.br\/site\/2026\/05\/19\/caminhada-do-maio-laranja-em-leopoldina-destaca-uniao-no-combate-a-violencia-contra-criancas-e-adolescentes\/#respond"]}]},{"@type":"WebPage","@id":"https:\/\/www.ovigilanteonline.com.br\/site\/2026\/05\/19\/caminhada-do-maio-laranja-em-leopoldina-destaca-uniao-no-combate-a-violencia-contra-criancas-e-adolescentes\/","url":"https:\/\/www.ovigilanteonline.com.br\/site\/2026\/05\/19\/caminhada-do-maio-laranja-em-leopoldina-destaca-uniao-no-combate-a-violencia-contra-criancas-e-adolescentes\/","name":"Caminhada do Maio Laranja em Leopoldina destaca uni\u00e3o no combate \u00e0 viol\u00eancia contra crian\u00e7as e adolescentes","isPartOf":{"@id":"https:\/\/www.ovigilanteonline.com.br\/site\/#website"},"primaryImageOfPage":{"@id":"https:\/\/www.ovigilanteonline.com.br\/site\/2026\/05\/19\/caminhada-do-maio-laranja-em-leopoldina-destaca-uniao-no-combate-a-violencia-contra-criancas-e-adolescentes\/#primaryimage"},"image":{"@id":"https:\/\/www.ovigilanteonline.com.br\/site\/2026\/05\/19\/caminhada-do-maio-laranja-em-leopoldina-destaca-uniao-no-combate-a-violencia-contra-criancas-e-adolescentes\/#primaryimage"},"thumbnailUrl":"https:\/\/www.ovigilanteonline.com.br\/site\/wp-content\/uploads\/2026\/05\/59655.jpeg","datePublished":"2026-05-19T10:48:16+00:00","dateModified":"2026-05-22T09:28:01+00:00","author":{"@id":"https:\/\/www.ovigilanteonline.com.br\/site\/#\/schema\/person\/538fdfb33c0c411cd14a732e7cf14aa6"},"breadcrumb":{"@id":"https:\/\/www.ovigilanteonline.com.br\/site\/2026\/05\/19\/caminhada-do-maio-laranja-em-leopoldina-destaca-uniao-no-combate-a-violencia-contra-criancas-e-adolescentes\/#breadcrumb"},"inLanguage":"pt-BR","potentialAction":[{"@type":"ReadAction","target":["https:\/\/www.ovigilanteonline.com.br\/site\/2026\/05\/19\/caminhada-do-maio-laranja-em-leopoldina-destaca-uniao-no-combate-a-violencia-contra-criancas-e-adolescentes\/"]}]},{"@type":"ImageObject","inLanguage":"pt-BR","@id":"https:\/\/www.ovigilanteonline.com.br\/site\/2026\/05\/19\/caminhada-do-maio-laranja-em-leopoldina-destaca-uniao-no-combate-a-violencia-contra-criancas-e-adolescentes\/#primaryimage","url":"https:\/\/www.ovigilanteonline.com.br\/site\/wp-content\/uploads\/2026\/05\/59655.jpeg","contentUrl":"https:\/\/www.ovigilanteonline.com.br\/site\/wp-content\/uploads\/2026\/05\/59655.jpeg"},{"@type":"BreadcrumbList","@id":"https:\/\/www.ovigilanteonline.com.br\/site\/2026\/05\/19\/caminhada-do-maio-laranja-em-leopoldina-destaca-uniao-no-combate-a-violencia-contra-criancas-e-adolescentes\/#breadcrumb","itemListElement":[{"@type":"ListItem","position":1,"name":"In\u00edcio","item":"https:\/\/www.ovigilanteonline.com.br\/site\/"},{"@type":"ListItem","position":2,"name":"Caminhada do Maio Laranja em Leopoldina destaca uni\u00e3o no combate \u00e0 viol\u00eancia contra crian\u00e7as e adolescentes"}]},{"@type":"WebSite","@id":"https:\/\/www.ovigilanteonline.com.br\/site\/#website","url":"https:\/\/www.ovigilanteonline.com.br\/site\/","name":"O VIGILANTE ONLINE - Not\u00edcias de Leopoldina e regi\u00e3o","description":"","potentialAction":[{"@type":"SearchAction","target":{"@type":"EntryPoint","urlTemplate":"https:\/\/www.ovigilanteonline.com.br\/site\/?s={search_term_string}"},"query-input":{"@type":"PropertyValueSpecification","valueRequired":true,"valueName":"search_term_string"}}],"inLanguage":"pt-BR"},{"@type":"Person","@id":"https:\/\/www.ovigilanteonline.com.br\/site\/#\/schema\/person\/538fdfb33c0c411cd14a732e7cf14aa6","name":"Jornalismo"}]}},"cc_featured_image_caption":{"caption_text":"","source_text":"","source_url":""},"_links":{"self":[{"href":"https:\/\/www.ovigilanteonline.com.br\/site\/wp-json\/wp\/v2\/posts\/453031","targetHints":{"allow":["GET"]}}],"collection":[{"href":"https:\/\/www.ovigilanteonline.com.br\/site\/wp-json\/wp\/v2\/posts"}],"about":[{"href":"https:\/\/www.ovigilanteonline.com.br\/site\/wp-json\/wp\/v2\/types\/post"}],"author":[{"embeddable":true,"href":"https:\/\/www.ovigilanteonline.com.br\/site\/wp-json\/wp\/v2\/users\/2"}],"replies":[{"embeddable":true,"href":"https:\/\/www.ovigilanteonline.com.br\/site\/wp-json\/wp\/v2\/comments?post=453031"}],"version-history":[{"count":0,"href":"https:\/\/www.ovigilanteonline.com.br\/site\/wp-json\/wp\/v2\/posts\/453031\/revisions"}],"wp:featuredmedia":[{"embeddable":true,"href":"https:\/\/www.ovigilanteonline.com.br\/site\/wp-json\/wp\/v2\/media\/453032"}],"wp:attachment":[{"href":"https:\/\/www.ovigilanteonline.com.br\/site\/wp-json\/wp\/v2\/media?parent=453031"}],"wp:term":[{"taxonomy":"category","embeddable":true,"href":"https:\/\/www.ovigilanteonline.com.br\/site\/wp-json\/wp\/v2\/categories?post=453031"},{"taxonomy":"post_tag","embeddable":true,"href":"https:\/\/www.ovigilanteonline.com.br\/site\/wp-json\/wp\/v2\/tags?post=453031"}],"curies":[{"name":"wp","href":"https:\/\/api.w.org\/{rel}","templated":true}]}}