{"id":452351,"date":"2026-05-01T08:42:06","date_gmt":"2026-05-01T11:42:06","guid":{"rendered":"https:\/\/www.ovigilanteonline.com.br\/site\/?p=452351"},"modified":"2026-05-01T08:42:08","modified_gmt":"2026-05-01T11:42:08","slug":"foragido-ha-mais-de-5-anos-e-preso-durante-operacao-da-pm-em-muriae","status":"publish","type":"post","link":"https:\/\/www.ovigilanteonline.com.br\/site\/2026\/05\/01\/foragido-ha-mais-de-5-anos-e-preso-durante-operacao-da-pm-em-muriae\/","title":{"rendered":"Foragido h\u00e1 mais de 5 anos \u00e9 preso durante opera\u00e7\u00e3o da PM em Muria\u00e9"},"content":{"rendered":"\n<h3 class=\"wp-block-heading\"><strong><em>O indiv\u00edduo possu\u00eda mandado de pris\u00e3o em aberto e j\u00e1 havia sido condenado a mais de 15 anos de reclus\u00e3o por homic\u00eddio qualificado e tr\u00e1fico de drogas<\/em><\/strong><\/h3>\n\n\n\n<p>Uma a\u00e7\u00e3o conjunta da Pol\u00edcia Militar de Minas Gerais resultou na pris\u00e3o de um homem de 35 anos, foragido da Justi\u00e7a h\u00e1 mais de cinco anos nesta quinta-feira, 30 de abril. Natural de Erv\u00e1lia\/MG, ele foi localizado no bairro S\u00e3o Joaquim, em Muria\u00e9, onde estava escondido.<\/p>\n\n\n\n<p>O indiv\u00edduo possu\u00eda mandado de pris\u00e3o em aberto e havia sido condenado a mais de 15 anos de reclus\u00e3o por crimes de homic\u00eddio qualificado e tr\u00e1fico de drogas. A captura ocorreu no \u00e2mbito da Opera\u00e7\u00e3o \u201cLuminis\u201d, com atua\u00e7\u00e3o integrada de militares do 47\u00ba Batalh\u00e3o da PM e da 10\u00aa Companhia de Erv\u00e1lia.<\/p>\n\n\n\n<p>De acordo com o Capit\u00e3o Reinaldo, as primeiras informa\u00e7\u00f5es sobre o paradeiro do suspeito surgiram h\u00e1 cerca de 20 dias, repassadas pelo Tenente Maxwell, respons\u00e1vel pelo Pelot\u00e3o de Araponga. A partir disso, o servi\u00e7o de intelig\u00eancia intensificou o levantamento de dados e dilig\u00eancias, confirmando que o foragido estava escondido em Muria\u00e9.<\/p>\n\n\n\n<p>Durante o monitoramento, os policiais visualizaram o homem acessando um im\u00f3vel localizado nos fundos de uma resid\u00eancia previamente identificada. Ao perceber a presen\u00e7a das equipes, ele ainda tentou fugir, mas foi rapidamente alcan\u00e7ado, contido e algemado.<\/p>\n\n\n<div id=\"ovigi-1284338836\">\r\n<p class=\"has-text-align-center has-small-font-size\">continua depois da publicidade<\/p>\r\n\r\n\r\n\r\n<hr class=\"wp-block-separator has-alpha-channel-opacity is-style-wide\"\/>\r\n\r\n\r\n<center> \r\n<figure class=\"wp-block-image size-large\"><a href=\"https:\/\/www.instagram.com\/unimedleopoldina241\/\" target=\"_blank\" rel=\"noreferrer noopener\"><img decoding=\"async\" src=\"https:\/\/www.ovigilanteonline.com.br\/site\/wp-content\/uploads\/2026\/04\/UNIMED-NOVO.jpg\" alt=\"\" class=\"wp-image-395070\"\/><\/a><\/figure>\r\n<\/figure>\r\n<!-- \/wp:gallery --> <\/center>\r\n\r\n<!-- wp:separator {\"className\":\"is-style-wide\"} -->\r\n<hr class=\"wp-block-separator has-alpha-channel-opacity is-style-wide\"\/>\r\n<!-- \/wp:separator -->\r\n<\/div>\n\n\n<p>Segundo o Tenente Maxwell, o preso \u00e9 considerado um dos principais criminosos da regi\u00e3o. \u201c\u00c9 um indiv\u00edduo de extrema periculosidade, apontado como \u2018top 1\u2019. J\u00e1 est\u00e1vamos \u00e0 procura dele h\u00e1 bastante tempo, e gra\u00e7as \u00e0 troca de informa\u00e7\u00f5es entre as unidades, conseguimos localiz\u00e1-lo\u201d, destacou.<\/p>\n\n\n\n<p>Durante a ocorr\u00eancia, uma mulher que estava no local desobedeceu \u00e0s ordens legais dos militares, sendo registrado um fato \u00e0 parte.<\/p>\n\n\n\n<p>A PM tamb\u00e9m apreendeu dois aparelhos celulares \u2014 um iPhone 13 e um iPhone 15 \u2014 que podem ter rela\u00e7\u00e3o com pr\u00e1ticas criminosas e ser\u00e3o analisados no decorrer das investiga\u00e7\u00f5es.<\/p>\n\n\n\n<p>Ap\u00f3s a pris\u00e3o, o autor foi encaminhado ao sistema prisional, onde permanece \u00e0 disposi\u00e7\u00e3o da Justi\u00e7a.<\/p>\n\n\n\n<p><em>*Com R\u00e1dio Muria\u00e9<\/em><\/p>\n\n\n<div  class=\"wp-block-ultimate-post-heading ultp-block-14ac3c\"><div class=\"ultp-block-wrapper\"><div class=\"ultp-heading-wrap ultp-heading-style18 ultp-heading-left\"><h2 class=\"ultp-heading-inner\"><span>Leia tamb\u00e9m<\/span><\/h2><\/div><\/div><\/div>\n\n<div  class=\"ultp-post-grid-block wp-block-ultimate-post-post-grid-2 ultp-block-7250ab\"><div class=\"ultp-block-wrapper\"><div class=\"ultp-loading\"><div class=\"ultp-loading-blocks\" style=\"width:100%;height:100%;\"><div style=\"left: 0;top: 0;animation-delay:0s;\"><\/div><div style=\"left: 21px;top: 0;animation-delay:0.125s;\"><\/div><div style=\"left: 42px;top: 0;animation-delay:0.25s;\"><\/div><div style=\"left: 0;top: 21px;animation-delay:0.875s;\"><\/div><div style=\"left: 42px;top: 21px;animation-delay:0.375s;\"><\/div><div style=\"left: 0;top: 42px;animation-delay:0.75s;\"><\/div><div style=\"left: 42px;top: 42px;animation-delay:0.625s;\"><\/div><div style=\"left: 21px;top: 42px;animation-delay:0.5s;\"><\/div><\/div><\/div><div class=\"ultp-block-items-wrap ultp-block-row\"><div class=\"ultp-block-item post-id-452351\"><div class=\"ultp-block-content-wrap ultp-block-content-overlay\"><div class=\"ultp-block-image ultp-block-image-none ultp-block-image-overlay ultp-block-image-simgleGradient\"><a href=\"https:\/\/www.ovigilanteonline.com.br\/site\/2026\/05\/01\/foragido-ha-mais-de-5-anos-e-preso-durante-operacao-da-pm-em-muriae\/\" ><img decoding=\"async\"  alt=\"Foragido h\u00e1 mais de 5 anos \u00e9 preso durante opera\u00e7\u00e3o da PM em Muria\u00e9\"  src=\"https:\/\/www.ovigilanteonline.com.br\/site\/wp-content\/uploads\/2026\/05\/daf45d5f.jpg\" \/><\/a><\/div><div class=\"ultp-block-content ultp-block-content-bottomPosition\"><div class=\"ultp-block-content-inner\"><h3 class=\"ultp-block-title \"><a href=\"https:\/\/www.ovigilanteonline.com.br\/site\/2026\/05\/01\/foragido-ha-mais-de-5-anos-e-preso-durante-operacao-da-pm-em-muriae\/\" >Foragido h\u00e1 mais de 5 anos \u00e9 preso durante opera\u00e7\u00e3o da PM em Muria\u00e9<\/a><\/h3><\/div><\/div><\/div><\/div><div class=\"ultp-block-item post-id-452335\"><div class=\"ultp-block-content-wrap ultp-block-content-overlay\"><div class=\"ultp-block-image ultp-block-image-none ultp-block-image-overlay ultp-block-image-simgleGradient\"><a href=\"https:\/\/www.ovigilanteonline.com.br\/site\/2026\/05\/01\/encontro-em-argirita-define-estrategias-para-crescimento-do-turismo-na-regiao\/\" ><img decoding=\"async\"  alt=\"Encontro em Argirita define estrat\u00e9gias para crescimento do turismo na regi\u00e3o\"  src=\"https:\/\/www.ovigilanteonline.com.br\/site\/wp-content\/uploads\/2026\/05\/DSC6525.jpg-870x570.jpeg\" \/><\/a><\/div><div class=\"ultp-block-content ultp-block-content-bottomPosition\"><div class=\"ultp-block-content-inner\"><h3 class=\"ultp-block-title \"><a href=\"https:\/\/www.ovigilanteonline.com.br\/site\/2026\/05\/01\/encontro-em-argirita-define-estrategias-para-crescimento-do-turismo-na-regiao\/\" >Encontro em Argirita define estrat\u00e9gias para crescimento do turismo na regi\u00e3o<\/a><\/h3><\/div><\/div><\/div><\/div><div class=\"ultp-block-item post-id-452329\"><div class=\"ultp-block-content-wrap ultp-block-content-overlay\"><div class=\"ultp-block-image ultp-block-image-none ultp-block-image-overlay ultp-block-image-simgleGradient\"><a href=\"https:\/\/www.ovigilanteonline.com.br\/site\/2026\/04\/30\/damata-bebidas-abre-vaga-para-auxiliar-de-informatica-em-leopoldina\/\" ><img decoding=\"async\"  alt=\"Damata Bebidas abre vaga para auxiliar de inform\u00e1tica em Leopoldina\"  src=\"https:\/\/www.ovigilanteonline.com.br\/site\/wp-content\/uploads\/2024\/05\/DAMATA-FOTO-DIVULGACAO-MATRIZ-870x478.jpg\" \/><\/a><\/div><div class=\"ultp-block-content ultp-block-content-bottomPosition\"><div class=\"ultp-block-content-inner\"><h3 class=\"ultp-block-title \"><a href=\"https:\/\/www.ovigilanteonline.com.br\/site\/2026\/04\/30\/damata-bebidas-abre-vaga-para-auxiliar-de-informatica-em-leopoldina\/\" >Damata Bebidas abre vaga para auxiliar de inform\u00e1tica em Leopoldina<\/a><\/h3><\/div><\/div><\/div><\/div><div class=\"ultp-block-item post-id-452320\"><div class=\"ultp-block-content-wrap ultp-block-content-overlay\"><div class=\"ultp-block-image ultp-block-image-none ultp-block-image-overlay ultp-block-image-simgleGradient\"><a href=\"https:\/\/www.ovigilanteonline.com.br\/site\/2026\/04\/30\/theo-garcia-conquista-medalha-no-europeu-de-jiu-jitsu-na-irlanda\/\" ><img decoding=\"async\"  alt=\"Theo Garcia conquista medalha no Europeu de Jiu-Jitsu na Irlanda\"  src=\"https:\/\/www.ovigilanteonline.com.br\/site\/wp-content\/uploads\/2026\/04\/WhatsApp-Image-2026-04-29-at-19.59.53.jpeg\" \/><\/a><\/div><div class=\"ultp-block-content ultp-block-content-bottomPosition\"><div class=\"ultp-block-content-inner\"><h3 class=\"ultp-block-title \"><a href=\"https:\/\/www.ovigilanteonline.com.br\/site\/2026\/04\/30\/theo-garcia-conquista-medalha-no-europeu-de-jiu-jitsu-na-irlanda\/\" >Theo Garcia conquista medalha no Europeu de Jiu-Jitsu na Irlanda<\/a><\/h3><\/div><\/div><\/div><\/div><div class=\"ultp-block-item post-id-452312\"><div class=\"ultp-block-content-wrap ultp-block-content-overlay\"><div class=\"ultp-block-image ultp-block-image-none ultp-block-image-overlay ultp-block-image-simgleGradient\"><a href=\"https:\/\/www.ovigilanteonline.com.br\/site\/2026\/04\/30\/iv-super-copa-leopoldina-de-futebol-amador-jaime-silva-e-destaque-no-esporte-local\/\" ><img decoding=\"async\"  alt=\"IV Super Copa Leopoldina de Futebol Amador &#8216;Jaime Silva&#8217; \u00e9 destaque no esporte local\"  src=\"https:\/\/www.ovigilanteonline.com.br\/site\/wp-content\/uploads\/2026\/04\/WhatsApp-Image-2026-04-30-at-07.31.50.jpeg\" \/><\/a><\/div><div class=\"ultp-block-content ultp-block-content-bottomPosition\"><div class=\"ultp-block-content-inner\"><h3 class=\"ultp-block-title \"><a href=\"https:\/\/www.ovigilanteonline.com.br\/site\/2026\/04\/30\/iv-super-copa-leopoldina-de-futebol-amador-jaime-silva-e-destaque-no-esporte-local\/\" >IV Super Copa Leopoldina de Futebol Amador &#8216;Jaime Silva&#8217; \u00e9 destaque no esporte local<\/a><\/h3><\/div><\/div><\/div><\/div><div class=\"ultp-block-item post-id-452304\"><div class=\"ultp-block-content-wrap ultp-block-content-overlay\"><div class=\"ultp-block-image ultp-block-image-none ultp-block-image-overlay ultp-block-image-simgleGradient\"><a href=\"https:\/\/www.ovigilanteonline.com.br\/site\/2026\/04\/30\/prf-inicia-operacao-dia-do-trabalho-2026-nas-rodovias-federais-da-regiao\/\" ><img decoding=\"async\"  alt=\"PRF inicia Opera\u00e7\u00e3o Dia do Trabalho 2026 nas rodovias federais da regi\u00e3o\"  src=\"https:\/\/www.ovigilanteonline.com.br\/site\/wp-content\/uploads\/2023\/05\/rodovias-prf-870x506.jpg\" \/><\/a><\/div><div class=\"ultp-block-content ultp-block-content-bottomPosition\"><div class=\"ultp-block-content-inner\"><h3 class=\"ultp-block-title \"><a href=\"https:\/\/www.ovigilanteonline.com.br\/site\/2026\/04\/30\/prf-inicia-operacao-dia-do-trabalho-2026-nas-rodovias-federais-da-regiao\/\" >PRF inicia Opera\u00e7\u00e3o Dia do Trabalho 2026 nas rodovias federais da regi\u00e3o<\/a><\/h3><\/div><\/div><\/div><\/div><\/div><\/div><div class=\"pagination-block-html\" aria-hidden=\"true\" style=\"display: none;\"><\/div><\/div>\n\n<div id=\"ovigi-2076923067\">\r\n<p class=\"has-text-align-center has-small-font-size\">continua depois da publicidade<\/p>\r\n\r\n\r\n\r\n<hr class=\"wp-block-separator has-alpha-channel-opacity is-style-wide\"\/>\r\n\r\n\r\n\r\n<figure class=\"wp-block-gallery has-nested-images columns-default is-cropped wp-block-gallery-1 is-layout-flex wp-block-gallery-is-layout-flex\">\r\n<figure class=\"wp-block-image size-full\"><a href=\"https:\/\/www.sudamerica.edu.br\/\" target=\"_blank\" rel=\"noreferrer noopener\"><img decoding=\"async\" src=\"https:\/\/www.ovigilanteonline.com.br\/site\/wp-content\/uploads\/2026\/02\/SnapInsta.to_628000938_1521401246660064_2104497882800752476_n.jpg\" alt=\"\" class=\"wp-image-428831\"\/><\/a><\/figure>\r\n\r\n\r\n\r\n<figure class=\"wp-block-image size-large\"><a href=\"https:\/\/www.instagram.com\/curtastone\/\" target=\"_blank\" rel=\"noreferrer noopener\"><img decoding=\"async\" data-id=\"395070\" src=\"https:\/\/www.ovigilanteonline.com.br\/site\/wp-content\/uploads\/2026\/04\/SaveClip.App_651062745_18342989695242544_3625357231814875842_n.jpg\" alt=\"\" class=\"wp-image-395070\"\/><\/a><\/figure>\r\n<\/figure>\r\n\r\n\r\n\r\n<hr class=\"wp-block-separator has-alpha-channel-opacity is-style-wide\"\/>\r\n\r\n<\/div>","protected":false},"excerpt":{"rendered":"<p>O indiv\u00edduo possu\u00eda mandado de pris\u00e3o em aberto e j\u00e1 havia sido condenado a mais de 15 anos de reclus\u00e3o por homic\u00eddio qualificado e tr\u00e1fico de drogas Uma a\u00e7\u00e3o conjunta da Pol\u00edcia Militar de Minas Gerais resultou na pris\u00e3o de um homem de 35 anos, foragido da Justi\u00e7a h\u00e1 mais de cinco anos nesta quinta-feira, [&hellip;]<\/p>\n","protected":false},"author":2,"featured_media":452357,"comment_status":"open","ping_status":"closed","sticky":false,"template":"","format":"standard","meta":{"footnotes":""},"categories":[1,26],"tags":[],"class_list":["post-452351","post","type-post","status-publish","format-standard","has-post-thumbnail","hentry","category-destaque","category-ultimas-noticias"],"yoast_head":"<!-- This site is optimized with the Yoast SEO plugin v27.4 - https:\/\/yoast.com\/product\/yoast-seo-wordpress\/ -->\n<title>Foragido h\u00e1 mais de 5 anos \u00e9 preso durante opera\u00e7\u00e3o da PM em Muria\u00e9<\/title>\n<meta name=\"robots\" content=\"index, follow, max-snippet:-1, max-image-preview:large, max-video-preview:-1\" \/>\n<link rel=\"canonical\" href=\"https:\/\/www.ovigilanteonline.com.br\/site\/2026\/05\/01\/foragido-ha-mais-de-5-anos-e-preso-durante-operacao-da-pm-em-muriae\/\" \/>\n<meta property=\"og:locale\" content=\"pt_BR\" \/>\n<meta property=\"og:type\" content=\"article\" \/>\n<meta property=\"og:title\" content=\"Foragido h\u00e1 mais de 5 anos \u00e9 preso durante opera\u00e7\u00e3o da PM em Muria\u00e9\" \/>\n<meta property=\"og:description\" content=\"O indiv\u00edduo possu\u00eda mandado de pris\u00e3o em aberto e j\u00e1 havia sido condenado a mais de 15 anos de reclus\u00e3o por homic\u00eddio qualificado e tr\u00e1fico de drogas Uma a\u00e7\u00e3o conjunta da Pol\u00edcia Militar de Minas Gerais resultou na pris\u00e3o de um homem de 35 anos, foragido da Justi\u00e7a h\u00e1 mais de cinco anos nesta quinta-feira, [&hellip;]\" \/>\n<meta property=\"og:url\" content=\"https:\/\/www.ovigilanteonline.com.br\/site\/2026\/05\/01\/foragido-ha-mais-de-5-anos-e-preso-durante-operacao-da-pm-em-muriae\/\" \/>\n<meta property=\"og:site_name\" content=\"O VIGILANTE ONLINE\" \/>\n<meta property=\"article:publisher\" content=\"https:\/\/www.facebook.com\/ovigilanteonline\" \/>\n<meta property=\"article:published_time\" content=\"2026-05-01T11:42:06+00:00\" \/>\n<meta property=\"article:modified_time\" content=\"2026-05-01T11:42:08+00:00\" \/>\n<meta property=\"og:image\" content=\"https:\/\/www.ovigilanteonline.com.br\/site\/wp-content\/uploads\/2026\/05\/daf45d5f.jpg\" \/>\n\t<meta property=\"og:image:width\" content=\"800\" \/>\n\t<meta property=\"og:image:height\" content=\"533\" \/>\n\t<meta property=\"og:image:type\" content=\"image\/jpeg\" \/>\n<meta name=\"author\" content=\"Jornalismo\" \/>\n<meta name=\"twitter:card\" content=\"summary_large_image\" \/>\n<meta name=\"twitter:label1\" content=\"Escrito por\" \/>\n\t<meta name=\"twitter:data1\" content=\"Jornalismo\" \/>\n\t<meta name=\"twitter:label2\" content=\"Est. tempo de leitura\" \/>\n\t<meta name=\"twitter:data2\" content=\"2 minutos\" \/>\n<script type=\"application\/ld+json\" class=\"yoast-schema-graph\">{\"@context\":\"https:\\\/\\\/schema.org\",\"@graph\":[{\"@type\":\"Article\",\"@id\":\"https:\\\/\\\/www.ovigilanteonline.com.br\\\/site\\\/2026\\\/05\\\/01\\\/foragido-ha-mais-de-5-anos-e-preso-durante-operacao-da-pm-em-muriae\\\/#article\",\"isPartOf\":{\"@id\":\"https:\\\/\\\/www.ovigilanteonline.com.br\\\/site\\\/2026\\\/05\\\/01\\\/foragido-ha-mais-de-5-anos-e-preso-durante-operacao-da-pm-em-muriae\\\/\"},\"author\":{\"name\":\"Jornalismo\",\"@id\":\"https:\\\/\\\/www.ovigilanteonline.com.br\\\/site\\\/#\\\/schema\\\/person\\\/538fdfb33c0c411cd14a732e7cf14aa6\"},\"headline\":\"Foragido h\u00e1 mais de 5 anos \u00e9 preso durante opera\u00e7\u00e3o da PM em Muria\u00e9\",\"datePublished\":\"2026-05-01T11:42:06+00:00\",\"dateModified\":\"2026-05-01T11:42:08+00:00\",\"mainEntityOfPage\":{\"@id\":\"https:\\\/\\\/www.ovigilanteonline.com.br\\\/site\\\/2026\\\/05\\\/01\\\/foragido-ha-mais-de-5-anos-e-preso-durante-operacao-da-pm-em-muriae\\\/\"},\"wordCount\":372,\"commentCount\":0,\"image\":{\"@id\":\"https:\\\/\\\/www.ovigilanteonline.com.br\\\/site\\\/2026\\\/05\\\/01\\\/foragido-ha-mais-de-5-anos-e-preso-durante-operacao-da-pm-em-muriae\\\/#primaryimage\"},\"thumbnailUrl\":\"https:\\\/\\\/www.ovigilanteonline.com.br\\\/site\\\/wp-content\\\/uploads\\\/2026\\\/05\\\/daf45d5f.jpg\",\"articleSection\":[\"Destaque\",\"\u00daltimas Not\u00edcias\"],\"inLanguage\":\"pt-BR\",\"potentialAction\":[{\"@type\":\"CommentAction\",\"name\":\"Comment\",\"target\":[\"https:\\\/\\\/www.ovigilanteonline.com.br\\\/site\\\/2026\\\/05\\\/01\\\/foragido-ha-mais-de-5-anos-e-preso-durante-operacao-da-pm-em-muriae\\\/#respond\"]}]},{\"@type\":\"WebPage\",\"@id\":\"https:\\\/\\\/www.ovigilanteonline.com.br\\\/site\\\/2026\\\/05\\\/01\\\/foragido-ha-mais-de-5-anos-e-preso-durante-operacao-da-pm-em-muriae\\\/\",\"url\":\"https:\\\/\\\/www.ovigilanteonline.com.br\\\/site\\\/2026\\\/05\\\/01\\\/foragido-ha-mais-de-5-anos-e-preso-durante-operacao-da-pm-em-muriae\\\/\",\"name\":\"Foragido h\u00e1 mais de 5 anos \u00e9 preso durante opera\u00e7\u00e3o da PM em Muria\u00e9\",\"isPartOf\":{\"@id\":\"https:\\\/\\\/www.ovigilanteonline.com.br\\\/site\\\/#website\"},\"primaryImageOfPage\":{\"@id\":\"https:\\\/\\\/www.ovigilanteonline.com.br\\\/site\\\/2026\\\/05\\\/01\\\/foragido-ha-mais-de-5-anos-e-preso-durante-operacao-da-pm-em-muriae\\\/#primaryimage\"},\"image\":{\"@id\":\"https:\\\/\\\/www.ovigilanteonline.com.br\\\/site\\\/2026\\\/05\\\/01\\\/foragido-ha-mais-de-5-anos-e-preso-durante-operacao-da-pm-em-muriae\\\/#primaryimage\"},\"thumbnailUrl\":\"https:\\\/\\\/www.ovigilanteonline.com.br\\\/site\\\/wp-content\\\/uploads\\\/2026\\\/05\\\/daf45d5f.jpg\",\"datePublished\":\"2026-05-01T11:42:06+00:00\",\"dateModified\":\"2026-05-01T11:42:08+00:00\",\"author\":{\"@id\":\"https:\\\/\\\/www.ovigilanteonline.com.br\\\/site\\\/#\\\/schema\\\/person\\\/538fdfb33c0c411cd14a732e7cf14aa6\"},\"breadcrumb\":{\"@id\":\"https:\\\/\\\/www.ovigilanteonline.com.br\\\/site\\\/2026\\\/05\\\/01\\\/foragido-ha-mais-de-5-anos-e-preso-durante-operacao-da-pm-em-muriae\\\/#breadcrumb\"},\"inLanguage\":\"pt-BR\",\"potentialAction\":[{\"@type\":\"ReadAction\",\"target\":[\"https:\\\/\\\/www.ovigilanteonline.com.br\\\/site\\\/2026\\\/05\\\/01\\\/foragido-ha-mais-de-5-anos-e-preso-durante-operacao-da-pm-em-muriae\\\/\"]}]},{\"@type\":\"ImageObject\",\"inLanguage\":\"pt-BR\",\"@id\":\"https:\\\/\\\/www.ovigilanteonline.com.br\\\/site\\\/2026\\\/05\\\/01\\\/foragido-ha-mais-de-5-anos-e-preso-durante-operacao-da-pm-em-muriae\\\/#primaryimage\",\"url\":\"https:\\\/\\\/www.ovigilanteonline.com.br\\\/site\\\/wp-content\\\/uploads\\\/2026\\\/05\\\/daf45d5f.jpg\",\"contentUrl\":\"https:\\\/\\\/www.ovigilanteonline.com.br\\\/site\\\/wp-content\\\/uploads\\\/2026\\\/05\\\/daf45d5f.jpg\",\"width\":800,\"height\":533},{\"@type\":\"BreadcrumbList\",\"@id\":\"https:\\\/\\\/www.ovigilanteonline.com.br\\\/site\\\/2026\\\/05\\\/01\\\/foragido-ha-mais-de-5-anos-e-preso-durante-operacao-da-pm-em-muriae\\\/#breadcrumb\",\"itemListElement\":[{\"@type\":\"ListItem\",\"position\":1,\"name\":\"In\u00edcio\",\"item\":\"https:\\\/\\\/www.ovigilanteonline.com.br\\\/site\\\/\"},{\"@type\":\"ListItem\",\"position\":2,\"name\":\"Foragido h\u00e1 mais de 5 anos \u00e9 preso durante opera\u00e7\u00e3o da PM em Muria\u00e9\"}]},{\"@type\":\"WebSite\",\"@id\":\"https:\\\/\\\/www.ovigilanteonline.com.br\\\/site\\\/#website\",\"url\":\"https:\\\/\\\/www.ovigilanteonline.com.br\\\/site\\\/\",\"name\":\"O VIGILANTE ONLINE - Not\u00edcias de Leopoldina e regi\u00e3o\",\"description\":\"\",\"potentialAction\":[{\"@type\":\"SearchAction\",\"target\":{\"@type\":\"EntryPoint\",\"urlTemplate\":\"https:\\\/\\\/www.ovigilanteonline.com.br\\\/site\\\/?s={search_term_string}\"},\"query-input\":{\"@type\":\"PropertyValueSpecification\",\"valueRequired\":true,\"valueName\":\"search_term_string\"}}],\"inLanguage\":\"pt-BR\"},{\"@type\":\"Person\",\"@id\":\"https:\\\/\\\/www.ovigilanteonline.com.br\\\/site\\\/#\\\/schema\\\/person\\\/538fdfb33c0c411cd14a732e7cf14aa6\",\"name\":\"Jornalismo\"}]}<\/script>\n<!-- \/ Yoast SEO plugin. -->","yoast_head_json":{"title":"Foragido h\u00e1 mais de 5 anos \u00e9 preso durante opera\u00e7\u00e3o da PM em Muria\u00e9","robots":{"index":"index","follow":"follow","max-snippet":"max-snippet:-1","max-image-preview":"max-image-preview:large","max-video-preview":"max-video-preview:-1"},"canonical":"https:\/\/www.ovigilanteonline.com.br\/site\/2026\/05\/01\/foragido-ha-mais-de-5-anos-e-preso-durante-operacao-da-pm-em-muriae\/","og_locale":"pt_BR","og_type":"article","og_title":"Foragido h\u00e1 mais de 5 anos \u00e9 preso durante opera\u00e7\u00e3o da PM em Muria\u00e9","og_description":"O indiv\u00edduo possu\u00eda mandado de pris\u00e3o em aberto e j\u00e1 havia sido condenado a mais de 15 anos de reclus\u00e3o por homic\u00eddio qualificado e tr\u00e1fico de drogas Uma a\u00e7\u00e3o conjunta da Pol\u00edcia Militar de Minas Gerais resultou na pris\u00e3o de um homem de 35 anos, foragido da Justi\u00e7a h\u00e1 mais de cinco anos nesta quinta-feira, [&hellip;]","og_url":"https:\/\/www.ovigilanteonline.com.br\/site\/2026\/05\/01\/foragido-ha-mais-de-5-anos-e-preso-durante-operacao-da-pm-em-muriae\/","og_site_name":"O VIGILANTE ONLINE","article_publisher":"https:\/\/www.facebook.com\/ovigilanteonline","article_published_time":"2026-05-01T11:42:06+00:00","article_modified_time":"2026-05-01T11:42:08+00:00","og_image":[{"width":800,"height":533,"url":"https:\/\/www.ovigilanteonline.com.br\/site\/wp-content\/uploads\/2026\/05\/daf45d5f.jpg","type":"image\/jpeg"}],"author":"Jornalismo","twitter_card":"summary_large_image","twitter_misc":{"Escrito por":"Jornalismo","Est. tempo de leitura":"2 minutos"},"schema":{"@context":"https:\/\/schema.org","@graph":[{"@type":"Article","@id":"https:\/\/www.ovigilanteonline.com.br\/site\/2026\/05\/01\/foragido-ha-mais-de-5-anos-e-preso-durante-operacao-da-pm-em-muriae\/#article","isPartOf":{"@id":"https:\/\/www.ovigilanteonline.com.br\/site\/2026\/05\/01\/foragido-ha-mais-de-5-anos-e-preso-durante-operacao-da-pm-em-muriae\/"},"author":{"name":"Jornalismo","@id":"https:\/\/www.ovigilanteonline.com.br\/site\/#\/schema\/person\/538fdfb33c0c411cd14a732e7cf14aa6"},"headline":"Foragido h\u00e1 mais de 5 anos \u00e9 preso durante opera\u00e7\u00e3o da PM em Muria\u00e9","datePublished":"2026-05-01T11:42:06+00:00","dateModified":"2026-05-01T11:42:08+00:00","mainEntityOfPage":{"@id":"https:\/\/www.ovigilanteonline.com.br\/site\/2026\/05\/01\/foragido-ha-mais-de-5-anos-e-preso-durante-operacao-da-pm-em-muriae\/"},"wordCount":372,"commentCount":0,"image":{"@id":"https:\/\/www.ovigilanteonline.com.br\/site\/2026\/05\/01\/foragido-ha-mais-de-5-anos-e-preso-durante-operacao-da-pm-em-muriae\/#primaryimage"},"thumbnailUrl":"https:\/\/www.ovigilanteonline.com.br\/site\/wp-content\/uploads\/2026\/05\/daf45d5f.jpg","articleSection":["Destaque","\u00daltimas Not\u00edcias"],"inLanguage":"pt-BR","potentialAction":[{"@type":"CommentAction","name":"Comment","target":["https:\/\/www.ovigilanteonline.com.br\/site\/2026\/05\/01\/foragido-ha-mais-de-5-anos-e-preso-durante-operacao-da-pm-em-muriae\/#respond"]}]},{"@type":"WebPage","@id":"https:\/\/www.ovigilanteonline.com.br\/site\/2026\/05\/01\/foragido-ha-mais-de-5-anos-e-preso-durante-operacao-da-pm-em-muriae\/","url":"https:\/\/www.ovigilanteonline.com.br\/site\/2026\/05\/01\/foragido-ha-mais-de-5-anos-e-preso-durante-operacao-da-pm-em-muriae\/","name":"Foragido h\u00e1 mais de 5 anos \u00e9 preso durante opera\u00e7\u00e3o da PM em Muria\u00e9","isPartOf":{"@id":"https:\/\/www.ovigilanteonline.com.br\/site\/#website"},"primaryImageOfPage":{"@id":"https:\/\/www.ovigilanteonline.com.br\/site\/2026\/05\/01\/foragido-ha-mais-de-5-anos-e-preso-durante-operacao-da-pm-em-muriae\/#primaryimage"},"image":{"@id":"https:\/\/www.ovigilanteonline.com.br\/site\/2026\/05\/01\/foragido-ha-mais-de-5-anos-e-preso-durante-operacao-da-pm-em-muriae\/#primaryimage"},"thumbnailUrl":"https:\/\/www.ovigilanteonline.com.br\/site\/wp-content\/uploads\/2026\/05\/daf45d5f.jpg","datePublished":"2026-05-01T11:42:06+00:00","dateModified":"2026-05-01T11:42:08+00:00","author":{"@id":"https:\/\/www.ovigilanteonline.com.br\/site\/#\/schema\/person\/538fdfb33c0c411cd14a732e7cf14aa6"},"breadcrumb":{"@id":"https:\/\/www.ovigilanteonline.com.br\/site\/2026\/05\/01\/foragido-ha-mais-de-5-anos-e-preso-durante-operacao-da-pm-em-muriae\/#breadcrumb"},"inLanguage":"pt-BR","potentialAction":[{"@type":"ReadAction","target":["https:\/\/www.ovigilanteonline.com.br\/site\/2026\/05\/01\/foragido-ha-mais-de-5-anos-e-preso-durante-operacao-da-pm-em-muriae\/"]}]},{"@type":"ImageObject","inLanguage":"pt-BR","@id":"https:\/\/www.ovigilanteonline.com.br\/site\/2026\/05\/01\/foragido-ha-mais-de-5-anos-e-preso-durante-operacao-da-pm-em-muriae\/#primaryimage","url":"https:\/\/www.ovigilanteonline.com.br\/site\/wp-content\/uploads\/2026\/05\/daf45d5f.jpg","contentUrl":"https:\/\/www.ovigilanteonline.com.br\/site\/wp-content\/uploads\/2026\/05\/daf45d5f.jpg","width":800,"height":533},{"@type":"BreadcrumbList","@id":"https:\/\/www.ovigilanteonline.com.br\/site\/2026\/05\/01\/foragido-ha-mais-de-5-anos-e-preso-durante-operacao-da-pm-em-muriae\/#breadcrumb","itemListElement":[{"@type":"ListItem","position":1,"name":"In\u00edcio","item":"https:\/\/www.ovigilanteonline.com.br\/site\/"},{"@type":"ListItem","position":2,"name":"Foragido h\u00e1 mais de 5 anos \u00e9 preso durante opera\u00e7\u00e3o da PM em Muria\u00e9"}]},{"@type":"WebSite","@id":"https:\/\/www.ovigilanteonline.com.br\/site\/#website","url":"https:\/\/www.ovigilanteonline.com.br\/site\/","name":"O VIGILANTE ONLINE - Not\u00edcias de Leopoldina e regi\u00e3o","description":"","potentialAction":[{"@type":"SearchAction","target":{"@type":"EntryPoint","urlTemplate":"https:\/\/www.ovigilanteonline.com.br\/site\/?s={search_term_string}"},"query-input":{"@type":"PropertyValueSpecification","valueRequired":true,"valueName":"search_term_string"}}],"inLanguage":"pt-BR"},{"@type":"Person","@id":"https:\/\/www.ovigilanteonline.com.br\/site\/#\/schema\/person\/538fdfb33c0c411cd14a732e7cf14aa6","name":"Jornalismo"}]}},"cc_featured_image_caption":{"caption_text":"","source_text":"","source_url":""},"_links":{"self":[{"href":"https:\/\/www.ovigilanteonline.com.br\/site\/wp-json\/wp\/v2\/posts\/452351","targetHints":{"allow":["GET"]}}],"collection":[{"href":"https:\/\/www.ovigilanteonline.com.br\/site\/wp-json\/wp\/v2\/posts"}],"about":[{"href":"https:\/\/www.ovigilanteonline.com.br\/site\/wp-json\/wp\/v2\/types\/post"}],"author":[{"embeddable":true,"href":"https:\/\/www.ovigilanteonline.com.br\/site\/wp-json\/wp\/v2\/users\/2"}],"replies":[{"embeddable":true,"href":"https:\/\/www.ovigilanteonline.com.br\/site\/wp-json\/wp\/v2\/comments?post=452351"}],"version-history":[{"count":1,"href":"https:\/\/www.ovigilanteonline.com.br\/site\/wp-json\/wp\/v2\/posts\/452351\/revisions"}],"predecessor-version":[{"id":452367,"href":"https:\/\/www.ovigilanteonline.com.br\/site\/wp-json\/wp\/v2\/posts\/452351\/revisions\/452367"}],"wp:featuredmedia":[{"embeddable":true,"href":"https:\/\/www.ovigilanteonline.com.br\/site\/wp-json\/wp\/v2\/media\/452357"}],"wp:attachment":[{"href":"https:\/\/www.ovigilanteonline.com.br\/site\/wp-json\/wp\/v2\/media?parent=452351"}],"wp:term":[{"taxonomy":"category","embeddable":true,"href":"https:\/\/www.ovigilanteonline.com.br\/site\/wp-json\/wp\/v2\/categories?post=452351"},{"taxonomy":"post_tag","embeddable":true,"href":"https:\/\/www.ovigilanteonline.com.br\/site\/wp-json\/wp\/v2\/tags?post=452351"}],"curies":[{"name":"wp","href":"https:\/\/api.w.org\/{rel}","templated":true}]}}