{"id":452304,"date":"2026-04-30T07:01:00","date_gmt":"2026-04-30T10:01:00","guid":{"rendered":"https:\/\/www.ovigilanteonline.com.br\/site\/?p=452304"},"modified":"2026-04-30T07:01:05","modified_gmt":"2026-04-30T10:01:05","slug":"prf-inicia-operacao-dia-do-trabalho-2026-nas-rodovias-federais-da-regiao","status":"publish","type":"post","link":"https:\/\/www.ovigilanteonline.com.br\/site\/2026\/04\/30\/prf-inicia-operacao-dia-do-trabalho-2026-nas-rodovias-federais-da-regiao\/","title":{"rendered":"PRF inicia Opera\u00e7\u00e3o Dia do Trabalho 2026 nas rodovias federais da regi\u00e3o"},"content":{"rendered":"\n<h3 class=\"wp-block-heading\"><strong><em>A\u00e7\u00e3o ocorre entre os dias 30 de abril e 3 de maio com foco na preven\u00e7\u00e3o de acidentes e combate a infra\u00e7\u00f5es<\/em><\/strong><\/h3>\n\n\n\n<p>A Pol\u00edcia Rodovi\u00e1ria Federal deu in\u00edcio \u00e0 Opera\u00e7\u00e3o Dia do Trabalho 2026 nas rodovias federais que cortam Minas Gerais. A a\u00e7\u00e3o ser\u00e1 realizada entre os dias 30 de abril e 3 de maio, per\u00edodo em que \u00e9 esperado aumento significativo no fluxo de ve\u00edculos devido ao feriado prolongado.<\/p>\n\n\n\n<p>De acordo com a PRF, o objetivo principal \u00e9 reduzir o n\u00famero de acidentes e garantir mais seguran\u00e7a aos motoristas e passageiros. Para isso, haver\u00e1 refor\u00e7o no policiamento, especialmente nos trechos com maior \u00edndice de ocorr\u00eancias.<\/p>\n\n\n\n<p>Durante a opera\u00e7\u00e3o, os agentes ir\u00e3o intensificar a fiscaliza\u00e7\u00e3o de condutas consideradas de alto risco, como excesso de velocidade, ultrapassagens em locais proibidos, uso de celular ao volante e dire\u00e7\u00e3o sob efeito de \u00e1lcool. O uso de cinto de seguran\u00e7a e dispositivos de reten\u00e7\u00e3o para crian\u00e7as tamb\u00e9m ser\u00e1 alvo de aten\u00e7\u00e3o.<\/p>\n\n\n\n<p>Al\u00e9m da fiscaliza\u00e7\u00e3o, a PRF tamb\u00e9m realizar\u00e1 a\u00e7\u00f5es educativas com o objetivo de conscientizar os usu\u00e1rios das rodovias sobre a import\u00e2ncia de uma condu\u00e7\u00e3o segura. As equipes estar\u00e3o mobilizadas para garantir maior fluidez no tr\u00e2nsito e resposta r\u00e1pida a eventuais ocorr\u00eancias.<\/p>\n\n\n<div id=\"ovigi-162334123\">\r\n<p class=\"has-text-align-center has-small-font-size\">continua depois da publicidade<\/p>\r\n\r\n\r\n\r\n<hr class=\"wp-block-separator has-alpha-channel-opacity is-style-wide\"\/>\r\n\r\n\r\n<center> \r\n<figure class=\"wp-block-image size-large\"><a href=\"https:\/\/www.instagram.com\/unimedleopoldina241\/\" target=\"_blank\" rel=\"noreferrer noopener\"><img decoding=\"async\" src=\"https:\/\/www.ovigilanteonline.com.br\/site\/wp-content\/uploads\/2026\/04\/UNIMED-NOVO.jpg\" alt=\"\" class=\"wp-image-395070\"\/><\/a><\/figure>\r\n<\/figure>\r\n<!-- \/wp:gallery --> <\/center>\r\n\r\n<!-- wp:separator {\"className\":\"is-style-wide\"} -->\r\n<hr class=\"wp-block-separator has-alpha-channel-opacity is-style-wide\"\/>\r\n<!-- \/wp:separator -->\r\n<\/div>\n\n\n<p>Outro ponto importante da opera\u00e7\u00e3o \u00e9 o combate \u00e0 criminalidade, com foco na apreens\u00e3o de drogas, armas ilegais e recupera\u00e7\u00e3o de ve\u00edculos com registro de furto ou roubo.<\/p>\n\n\n\n<p>Durante o per\u00edodo, tamb\u00e9m haver\u00e1 restri\u00e7\u00f5es de tr\u00e1fego para ve\u00edculos de carga com dimens\u00f5es excedentes em rodovias de pista simples. As limita\u00e7\u00f5es ocorrer\u00e3o nos seguintes dias e hor\u00e1rios: quinta-feira (30), das 16h \u00e0s 22h; sexta-feira (1\u00ba), das 6h \u00e0s 12h; e domingo (3), das 16h \u00e0s 22h.<\/p>\n\n\n\n<p>A PRF orienta os motoristas a planejarem a viagem, revisarem os ve\u00edculos e respeitarem as normas de tr\u00e2nsito, refor\u00e7ando que atitudes respons\u00e1veis s\u00e3o fundamentais para a redu\u00e7\u00e3o de acidentes nas estradas.<\/p>\n\n\n\n<p>Em caso de emerg\u00eancia, o telefone 191 est\u00e1 dispon\u00edvel para atendimento aos usu\u00e1rios das rodovias federais.<\/p>\n\n\n<div  class=\"wp-block-ultimate-post-heading ultp-block-bffa92\"><div class=\"ultp-block-wrapper\"><div class=\"ultp-heading-wrap ultp-heading-style18 ultp-heading-left\"><h2 class=\"ultp-heading-inner\"><span>Leia tamb\u00e9m<\/span><\/h2><\/div><\/div><\/div>\n\n<div  class=\"ultp-post-grid-block wp-block-ultimate-post-post-grid-2 ultp-block-056dea\"><div class=\"ultp-block-wrapper\"><div class=\"ultp-loading\"><div class=\"ultp-loading-blocks\" style=\"width:100%;height:100%;\"><div style=\"left: 0;top: 0;animation-delay:0s;\"><\/div><div style=\"left: 21px;top: 0;animation-delay:0.125s;\"><\/div><div style=\"left: 42px;top: 0;animation-delay:0.25s;\"><\/div><div style=\"left: 0;top: 21px;animation-delay:0.875s;\"><\/div><div style=\"left: 42px;top: 21px;animation-delay:0.375s;\"><\/div><div style=\"left: 0;top: 42px;animation-delay:0.75s;\"><\/div><div style=\"left: 42px;top: 42px;animation-delay:0.625s;\"><\/div><div style=\"left: 21px;top: 42px;animation-delay:0.5s;\"><\/div><\/div><\/div><div class=\"ultp-block-items-wrap ultp-block-row\"><div class=\"ultp-block-item post-id-452304\"><div class=\"ultp-block-content-wrap ultp-block-content-overlay\"><div class=\"ultp-block-image ultp-block-image-none ultp-block-image-overlay ultp-block-image-simgleGradient\"><a href=\"https:\/\/www.ovigilanteonline.com.br\/site\/2026\/04\/30\/prf-inicia-operacao-dia-do-trabalho-2026-nas-rodovias-federais-da-regiao\/\" ><img decoding=\"async\"  alt=\"PRF inicia Opera\u00e7\u00e3o Dia do Trabalho 2026 nas rodovias federais da regi\u00e3o\"  src=\"https:\/\/www.ovigilanteonline.com.br\/site\/wp-content\/uploads\/2023\/05\/rodovias-prf-870x506.jpg\" \/><\/a><\/div><div class=\"ultp-block-content ultp-block-content-bottomPosition\"><div class=\"ultp-block-content-inner\"><h3 class=\"ultp-block-title \"><a href=\"https:\/\/www.ovigilanteonline.com.br\/site\/2026\/04\/30\/prf-inicia-operacao-dia-do-trabalho-2026-nas-rodovias-federais-da-regiao\/\" >PRF inicia Opera\u00e7\u00e3o Dia do Trabalho 2026 nas rodovias federais da regi\u00e3o<\/a><\/h3><\/div><\/div><\/div><\/div><div class=\"ultp-block-item post-id-452295\"><div class=\"ultp-block-content-wrap ultp-block-content-overlay\"><div class=\"ultp-block-image ultp-block-image-none ultp-block-image-overlay ultp-block-image-simgleGradient\"><a href=\"https:\/\/www.ovigilanteonline.com.br\/site\/2026\/04\/29\/atleta-leopoldinense-de-9-anos-conquista-vice-campeonato-europeu-de-jiu-jitsu-na-irlanda\/\" ><img decoding=\"async\"  alt=\"Atleta leopoldinense de 9 anos conquista vice-campeonato europeu de Jiu-Jitsu na Irlanda\"  src=\"https:\/\/www.ovigilanteonline.com.br\/site\/wp-content\/uploads\/2026\/04\/WhatsApp-Image-2026-04-29-at-15.03.33.jpeg\" \/><\/a><\/div><div class=\"ultp-block-content ultp-block-content-bottomPosition\"><div class=\"ultp-block-content-inner\"><h3 class=\"ultp-block-title \"><a href=\"https:\/\/www.ovigilanteonline.com.br\/site\/2026\/04\/29\/atleta-leopoldinense-de-9-anos-conquista-vice-campeonato-europeu-de-jiu-jitsu-na-irlanda\/\" >Atleta leopoldinense de 9 anos conquista vice-campeonato europeu de Jiu-Jitsu na Irlanda<\/a><\/h3><\/div><\/div><\/div><\/div><div class=\"ultp-block-item post-id-452290\"><div class=\"ultp-block-content-wrap ultp-block-content-overlay\"><div class=\"ultp-block-image ultp-block-image-none ultp-block-image-overlay ultp-block-image-simgleGradient\"><a href=\"https:\/\/www.ovigilanteonline.com.br\/site\/2026\/04\/29\/operacao-da-policia-federal-contra-abuso-infantil-cumpre-mandados-em-cidades-da-regiao\/\" ><img decoding=\"async\"  alt=\"Opera\u00e7\u00e3o da Pol\u00edcia Federal contra abuso infantil cumpre mandados em cidades da regi\u00e3o\"  src=\"https:\/\/www.ovigilanteonline.com.br\/site\/wp-content\/uploads\/2026\/04\/s6d65s6d.jpg\" \/><\/a><\/div><div class=\"ultp-block-content ultp-block-content-bottomPosition\"><div class=\"ultp-block-content-inner\"><h3 class=\"ultp-block-title \"><a href=\"https:\/\/www.ovigilanteonline.com.br\/site\/2026\/04\/29\/operacao-da-policia-federal-contra-abuso-infantil-cumpre-mandados-em-cidades-da-regiao\/\" >Opera\u00e7\u00e3o da Pol\u00edcia Federal contra abuso infantil cumpre mandados em cidades da regi\u00e3o<\/a><\/h3><\/div><\/div><\/div><\/div><div class=\"ultp-block-item post-id-452286\"><div class=\"ultp-block-content-wrap ultp-block-content-overlay\"><div class=\"ultp-block-image ultp-block-image-none ultp-block-image-overlay ultp-block-image-simgleGradient\"><a href=\"https:\/\/www.ovigilanteonline.com.br\/site\/2026\/04\/29\/homem-e-preso-apos-matar-ex-cunhado-e-atear-fogo-no-corpo-em-uba\/\" ><img decoding=\"async\"  alt=\"Homem \u00e9 preso ap\u00f3s matar ex-cunhado e atear fogo no corpo em Ub\u00e1\"  src=\"https:\/\/www.ovigilanteonline.com.br\/site\/wp-content\/uploads\/2026\/04\/delegacia-uba-800x570.jpg\" \/><\/a><\/div><div class=\"ultp-block-content ultp-block-content-bottomPosition\"><div class=\"ultp-block-content-inner\"><h3 class=\"ultp-block-title \"><a href=\"https:\/\/www.ovigilanteonline.com.br\/site\/2026\/04\/29\/homem-e-preso-apos-matar-ex-cunhado-e-atear-fogo-no-corpo-em-uba\/\" >Homem \u00e9 preso ap\u00f3s matar ex-cunhado e atear fogo no corpo em Ub\u00e1<\/a><\/h3><\/div><\/div><\/div><\/div><div class=\"ultp-block-item post-id-452280\"><div class=\"ultp-block-content-wrap ultp-block-content-overlay\"><div class=\"ultp-block-image ultp-block-image-none ultp-block-image-overlay ultp-block-image-simgleGradient\"><a href=\"https:\/\/www.ovigilanteonline.com.br\/site\/2026\/04\/29\/processo-seletivo-do-cisdeste-oferece-vagas-para-o-samu-em-leopoldina-e-regiao\/\" ><img decoding=\"async\"  alt=\"Processo seletivo do CISDESTE oferece vagas para o SAMU em Leopoldina e regi\u00e3o\"  src=\"https:\/\/www.ovigilanteonline.com.br\/site\/wp-content\/uploads\/2026\/04\/ccl-pronto-socorro-hospital-samu-4-870x570.jpeg\" \/><\/a><\/div><div class=\"ultp-block-content ultp-block-content-bottomPosition\"><div class=\"ultp-block-content-inner\"><h3 class=\"ultp-block-title \"><a href=\"https:\/\/www.ovigilanteonline.com.br\/site\/2026\/04\/29\/processo-seletivo-do-cisdeste-oferece-vagas-para-o-samu-em-leopoldina-e-regiao\/\" >Processo seletivo do CISDESTE oferece vagas para o SAMU em Leopoldina e regi\u00e3o<\/a><\/h3><\/div><\/div><\/div><\/div><div class=\"ultp-block-item post-id-452274\"><div class=\"ultp-block-content-wrap ultp-block-content-overlay\"><div class=\"ultp-block-image ultp-block-image-none ultp-block-image-overlay ultp-block-image-simgleGradient\"><a href=\"https:\/\/www.ovigilanteonline.com.br\/site\/2026\/04\/28\/pm-apreende-242-pinos-de-cocaina-durante-acao-no-eldorado\/\" ><img decoding=\"async\"  alt=\"PM apreende 242 pinos de coca\u00edna durante a\u00e7\u00e3o no Eldorado\"  src=\"https:\/\/www.ovigilanteonline.com.br\/site\/wp-content\/uploads\/2026\/04\/WhatsApp-Image-2026-04-28-at-16.43.41-870x570.jpeg\" \/><\/a><\/div><div class=\"ultp-block-content ultp-block-content-bottomPosition\"><div class=\"ultp-block-content-inner\"><h3 class=\"ultp-block-title \"><a href=\"https:\/\/www.ovigilanteonline.com.br\/site\/2026\/04\/28\/pm-apreende-242-pinos-de-cocaina-durante-acao-no-eldorado\/\" >PM apreende 242 pinos de coca\u00edna durante a\u00e7\u00e3o no Eldorado<\/a><\/h3><\/div><\/div><\/div><\/div><\/div><\/div><div class=\"pagination-block-html\" aria-hidden=\"true\" style=\"display: none;\"><\/div><\/div>\n\n<div id=\"ovigi-2119705245\">\r\n<p class=\"has-text-align-center has-small-font-size\">continua depois da publicidade<\/p>\r\n\r\n\r\n\r\n<hr class=\"wp-block-separator has-alpha-channel-opacity is-style-wide\"\/>\r\n\r\n\r\n\r\n<figure class=\"wp-block-gallery has-nested-images columns-default is-cropped wp-block-gallery-1 is-layout-flex wp-block-gallery-is-layout-flex\">\r\n<figure class=\"wp-block-image size-full\"><a href=\"https:\/\/www.sudamerica.edu.br\/\" target=\"_blank\" rel=\"noreferrer noopener\"><img decoding=\"async\" src=\"https:\/\/www.ovigilanteonline.com.br\/site\/wp-content\/uploads\/2026\/02\/SnapInsta.to_628000938_1521401246660064_2104497882800752476_n.jpg\" alt=\"\" class=\"wp-image-428831\"\/><\/a><\/figure>\r\n\r\n\r\n\r\n<figure class=\"wp-block-image size-large\"><a href=\"https:\/\/www.instagram.com\/curtastone\/\" target=\"_blank\" rel=\"noreferrer noopener\"><img decoding=\"async\" data-id=\"395070\" src=\"https:\/\/www.ovigilanteonline.com.br\/site\/wp-content\/uploads\/2026\/04\/SaveClip.App_651062745_18342989695242544_3625357231814875842_n.jpg\" alt=\"\" class=\"wp-image-395070\"\/><\/a><\/figure>\r\n<\/figure>\r\n\r\n\r\n\r\n<hr class=\"wp-block-separator has-alpha-channel-opacity is-style-wide\"\/>\r\n\r\n<\/div>","protected":false},"excerpt":{"rendered":"<p>A\u00e7\u00e3o ocorre entre os dias 30 de abril e 3 de maio com foco na preven\u00e7\u00e3o de acidentes e combate a infra\u00e7\u00f5es A Pol\u00edcia Rodovi\u00e1ria Federal deu in\u00edcio \u00e0 Opera\u00e7\u00e3o Dia do Trabalho 2026 nas rodovias federais que cortam Minas Gerais. A a\u00e7\u00e3o ser\u00e1 realizada entre os dias 30 de abril e 3 de maio, [&hellip;]<\/p>\n","protected":false},"author":2,"featured_media":421392,"comment_status":"open","ping_status":"closed","sticky":false,"template":"","format":"standard","meta":{"footnotes":""},"categories":[1,26],"tags":[],"class_list":["post-452304","post","type-post","status-publish","format-standard","has-post-thumbnail","hentry","category-destaque","category-ultimas-noticias"],"yoast_head":"<!-- This site is optimized with the Yoast SEO plugin v27.4 - https:\/\/yoast.com\/product\/yoast-seo-wordpress\/ -->\n<title>PRF inicia Opera\u00e7\u00e3o Dia do Trabalho 2026 nas rodovias federais da regi\u00e3o<\/title>\n<meta name=\"robots\" content=\"index, follow, max-snippet:-1, max-image-preview:large, max-video-preview:-1\" \/>\n<link rel=\"canonical\" href=\"https:\/\/www.ovigilanteonline.com.br\/site\/2026\/04\/30\/prf-inicia-operacao-dia-do-trabalho-2026-nas-rodovias-federais-da-regiao\/\" \/>\n<meta property=\"og:locale\" content=\"pt_BR\" \/>\n<meta property=\"og:type\" content=\"article\" \/>\n<meta property=\"og:title\" content=\"PRF inicia Opera\u00e7\u00e3o Dia do Trabalho 2026 nas rodovias federais da regi\u00e3o\" \/>\n<meta property=\"og:description\" content=\"A\u00e7\u00e3o ocorre entre os dias 30 de abril e 3 de maio com foco na preven\u00e7\u00e3o de acidentes e combate a infra\u00e7\u00f5es A Pol\u00edcia Rodovi\u00e1ria Federal deu in\u00edcio \u00e0 Opera\u00e7\u00e3o Dia do Trabalho 2026 nas rodovias federais que cortam Minas Gerais. A a\u00e7\u00e3o ser\u00e1 realizada entre os dias 30 de abril e 3 de maio, [&hellip;]\" \/>\n<meta property=\"og:url\" content=\"https:\/\/www.ovigilanteonline.com.br\/site\/2026\/04\/30\/prf-inicia-operacao-dia-do-trabalho-2026-nas-rodovias-federais-da-regiao\/\" \/>\n<meta property=\"og:site_name\" content=\"O VIGILANTE ONLINE\" \/>\n<meta property=\"article:publisher\" content=\"https:\/\/www.facebook.com\/ovigilanteonline\" \/>\n<meta property=\"article:published_time\" content=\"2026-04-30T10:01:00+00:00\" \/>\n<meta property=\"article:modified_time\" content=\"2026-04-30T10:01:05+00:00\" \/>\n<meta property=\"og:image\" content=\"https:\/\/www.ovigilanteonline.com.br\/site\/wp-content\/uploads\/2023\/05\/rodovias-prf.jpg\" \/>\n\t<meta property=\"og:image:width\" content=\"900\" \/>\n\t<meta property=\"og:image:height\" content=\"506\" \/>\n\t<meta property=\"og:image:type\" content=\"image\/jpeg\" \/>\n<meta name=\"author\" content=\"Jornalismo\" \/>\n<meta name=\"twitter:card\" content=\"summary_large_image\" \/>\n<meta name=\"twitter:label1\" content=\"Escrito por\" \/>\n\t<meta name=\"twitter:data1\" content=\"Jornalismo\" \/>\n\t<meta name=\"twitter:label2\" content=\"Est. tempo de leitura\" \/>\n\t<meta name=\"twitter:data2\" content=\"2 minutos\" \/>\n<script type=\"application\/ld+json\" class=\"yoast-schema-graph\">{\"@context\":\"https:\\\/\\\/schema.org\",\"@graph\":[{\"@type\":\"Article\",\"@id\":\"https:\\\/\\\/www.ovigilanteonline.com.br\\\/site\\\/2026\\\/04\\\/30\\\/prf-inicia-operacao-dia-do-trabalho-2026-nas-rodovias-federais-da-regiao\\\/#article\",\"isPartOf\":{\"@id\":\"https:\\\/\\\/www.ovigilanteonline.com.br\\\/site\\\/2026\\\/04\\\/30\\\/prf-inicia-operacao-dia-do-trabalho-2026-nas-rodovias-federais-da-regiao\\\/\"},\"author\":{\"name\":\"Jornalismo\",\"@id\":\"https:\\\/\\\/www.ovigilanteonline.com.br\\\/site\\\/#\\\/schema\\\/person\\\/538fdfb33c0c411cd14a732e7cf14aa6\"},\"headline\":\"PRF inicia Opera\u00e7\u00e3o Dia do Trabalho 2026 nas rodovias federais da regi\u00e3o\",\"datePublished\":\"2026-04-30T10:01:00+00:00\",\"dateModified\":\"2026-04-30T10:01:05+00:00\",\"mainEntityOfPage\":{\"@id\":\"https:\\\/\\\/www.ovigilanteonline.com.br\\\/site\\\/2026\\\/04\\\/30\\\/prf-inicia-operacao-dia-do-trabalho-2026-nas-rodovias-federais-da-regiao\\\/\"},\"wordCount\":375,\"commentCount\":0,\"image\":{\"@id\":\"https:\\\/\\\/www.ovigilanteonline.com.br\\\/site\\\/2026\\\/04\\\/30\\\/prf-inicia-operacao-dia-do-trabalho-2026-nas-rodovias-federais-da-regiao\\\/#primaryimage\"},\"thumbnailUrl\":\"https:\\\/\\\/www.ovigilanteonline.com.br\\\/site\\\/wp-content\\\/uploads\\\/2023\\\/05\\\/rodovias-prf.jpg\",\"articleSection\":[\"Destaque\",\"\u00daltimas Not\u00edcias\"],\"inLanguage\":\"pt-BR\",\"potentialAction\":[{\"@type\":\"CommentAction\",\"name\":\"Comment\",\"target\":[\"https:\\\/\\\/www.ovigilanteonline.com.br\\\/site\\\/2026\\\/04\\\/30\\\/prf-inicia-operacao-dia-do-trabalho-2026-nas-rodovias-federais-da-regiao\\\/#respond\"]}]},{\"@type\":\"WebPage\",\"@id\":\"https:\\\/\\\/www.ovigilanteonline.com.br\\\/site\\\/2026\\\/04\\\/30\\\/prf-inicia-operacao-dia-do-trabalho-2026-nas-rodovias-federais-da-regiao\\\/\",\"url\":\"https:\\\/\\\/www.ovigilanteonline.com.br\\\/site\\\/2026\\\/04\\\/30\\\/prf-inicia-operacao-dia-do-trabalho-2026-nas-rodovias-federais-da-regiao\\\/\",\"name\":\"PRF inicia Opera\u00e7\u00e3o Dia do Trabalho 2026 nas rodovias federais da regi\u00e3o\",\"isPartOf\":{\"@id\":\"https:\\\/\\\/www.ovigilanteonline.com.br\\\/site\\\/#website\"},\"primaryImageOfPage\":{\"@id\":\"https:\\\/\\\/www.ovigilanteonline.com.br\\\/site\\\/2026\\\/04\\\/30\\\/prf-inicia-operacao-dia-do-trabalho-2026-nas-rodovias-federais-da-regiao\\\/#primaryimage\"},\"image\":{\"@id\":\"https:\\\/\\\/www.ovigilanteonline.com.br\\\/site\\\/2026\\\/04\\\/30\\\/prf-inicia-operacao-dia-do-trabalho-2026-nas-rodovias-federais-da-regiao\\\/#primaryimage\"},\"thumbnailUrl\":\"https:\\\/\\\/www.ovigilanteonline.com.br\\\/site\\\/wp-content\\\/uploads\\\/2023\\\/05\\\/rodovias-prf.jpg\",\"datePublished\":\"2026-04-30T10:01:00+00:00\",\"dateModified\":\"2026-04-30T10:01:05+00:00\",\"author\":{\"@id\":\"https:\\\/\\\/www.ovigilanteonline.com.br\\\/site\\\/#\\\/schema\\\/person\\\/538fdfb33c0c411cd14a732e7cf14aa6\"},\"breadcrumb\":{\"@id\":\"https:\\\/\\\/www.ovigilanteonline.com.br\\\/site\\\/2026\\\/04\\\/30\\\/prf-inicia-operacao-dia-do-trabalho-2026-nas-rodovias-federais-da-regiao\\\/#breadcrumb\"},\"inLanguage\":\"pt-BR\",\"potentialAction\":[{\"@type\":\"ReadAction\",\"target\":[\"https:\\\/\\\/www.ovigilanteonline.com.br\\\/site\\\/2026\\\/04\\\/30\\\/prf-inicia-operacao-dia-do-trabalho-2026-nas-rodovias-federais-da-regiao\\\/\"]}]},{\"@type\":\"ImageObject\",\"inLanguage\":\"pt-BR\",\"@id\":\"https:\\\/\\\/www.ovigilanteonline.com.br\\\/site\\\/2026\\\/04\\\/30\\\/prf-inicia-operacao-dia-do-trabalho-2026-nas-rodovias-federais-da-regiao\\\/#primaryimage\",\"url\":\"https:\\\/\\\/www.ovigilanteonline.com.br\\\/site\\\/wp-content\\\/uploads\\\/2023\\\/05\\\/rodovias-prf.jpg\",\"contentUrl\":\"https:\\\/\\\/www.ovigilanteonline.com.br\\\/site\\\/wp-content\\\/uploads\\\/2023\\\/05\\\/rodovias-prf.jpg\",\"width\":900,\"height\":506},{\"@type\":\"BreadcrumbList\",\"@id\":\"https:\\\/\\\/www.ovigilanteonline.com.br\\\/site\\\/2026\\\/04\\\/30\\\/prf-inicia-operacao-dia-do-trabalho-2026-nas-rodovias-federais-da-regiao\\\/#breadcrumb\",\"itemListElement\":[{\"@type\":\"ListItem\",\"position\":1,\"name\":\"In\u00edcio\",\"item\":\"https:\\\/\\\/www.ovigilanteonline.com.br\\\/site\\\/\"},{\"@type\":\"ListItem\",\"position\":2,\"name\":\"PRF inicia Opera\u00e7\u00e3o Dia do Trabalho 2026 nas rodovias federais da regi\u00e3o\"}]},{\"@type\":\"WebSite\",\"@id\":\"https:\\\/\\\/www.ovigilanteonline.com.br\\\/site\\\/#website\",\"url\":\"https:\\\/\\\/www.ovigilanteonline.com.br\\\/site\\\/\",\"name\":\"O VIGILANTE ONLINE - Not\u00edcias de Leopoldina e regi\u00e3o\",\"description\":\"\",\"potentialAction\":[{\"@type\":\"SearchAction\",\"target\":{\"@type\":\"EntryPoint\",\"urlTemplate\":\"https:\\\/\\\/www.ovigilanteonline.com.br\\\/site\\\/?s={search_term_string}\"},\"query-input\":{\"@type\":\"PropertyValueSpecification\",\"valueRequired\":true,\"valueName\":\"search_term_string\"}}],\"inLanguage\":\"pt-BR\"},{\"@type\":\"Person\",\"@id\":\"https:\\\/\\\/www.ovigilanteonline.com.br\\\/site\\\/#\\\/schema\\\/person\\\/538fdfb33c0c411cd14a732e7cf14aa6\",\"name\":\"Jornalismo\"}]}<\/script>\n<!-- \/ Yoast SEO plugin. -->","yoast_head_json":{"title":"PRF inicia Opera\u00e7\u00e3o Dia do Trabalho 2026 nas rodovias federais da regi\u00e3o","robots":{"index":"index","follow":"follow","max-snippet":"max-snippet:-1","max-image-preview":"max-image-preview:large","max-video-preview":"max-video-preview:-1"},"canonical":"https:\/\/www.ovigilanteonline.com.br\/site\/2026\/04\/30\/prf-inicia-operacao-dia-do-trabalho-2026-nas-rodovias-federais-da-regiao\/","og_locale":"pt_BR","og_type":"article","og_title":"PRF inicia Opera\u00e7\u00e3o Dia do Trabalho 2026 nas rodovias federais da regi\u00e3o","og_description":"A\u00e7\u00e3o ocorre entre os dias 30 de abril e 3 de maio com foco na preven\u00e7\u00e3o de acidentes e combate a infra\u00e7\u00f5es A Pol\u00edcia Rodovi\u00e1ria Federal deu in\u00edcio \u00e0 Opera\u00e7\u00e3o Dia do Trabalho 2026 nas rodovias federais que cortam Minas Gerais. A a\u00e7\u00e3o ser\u00e1 realizada entre os dias 30 de abril e 3 de maio, [&hellip;]","og_url":"https:\/\/www.ovigilanteonline.com.br\/site\/2026\/04\/30\/prf-inicia-operacao-dia-do-trabalho-2026-nas-rodovias-federais-da-regiao\/","og_site_name":"O VIGILANTE ONLINE","article_publisher":"https:\/\/www.facebook.com\/ovigilanteonline","article_published_time":"2026-04-30T10:01:00+00:00","article_modified_time":"2026-04-30T10:01:05+00:00","og_image":[{"width":900,"height":506,"url":"https:\/\/www.ovigilanteonline.com.br\/site\/wp-content\/uploads\/2023\/05\/rodovias-prf.jpg","type":"image\/jpeg"}],"author":"Jornalismo","twitter_card":"summary_large_image","twitter_misc":{"Escrito por":"Jornalismo","Est. tempo de leitura":"2 minutos"},"schema":{"@context":"https:\/\/schema.org","@graph":[{"@type":"Article","@id":"https:\/\/www.ovigilanteonline.com.br\/site\/2026\/04\/30\/prf-inicia-operacao-dia-do-trabalho-2026-nas-rodovias-federais-da-regiao\/#article","isPartOf":{"@id":"https:\/\/www.ovigilanteonline.com.br\/site\/2026\/04\/30\/prf-inicia-operacao-dia-do-trabalho-2026-nas-rodovias-federais-da-regiao\/"},"author":{"name":"Jornalismo","@id":"https:\/\/www.ovigilanteonline.com.br\/site\/#\/schema\/person\/538fdfb33c0c411cd14a732e7cf14aa6"},"headline":"PRF inicia Opera\u00e7\u00e3o Dia do Trabalho 2026 nas rodovias federais da regi\u00e3o","datePublished":"2026-04-30T10:01:00+00:00","dateModified":"2026-04-30T10:01:05+00:00","mainEntityOfPage":{"@id":"https:\/\/www.ovigilanteonline.com.br\/site\/2026\/04\/30\/prf-inicia-operacao-dia-do-trabalho-2026-nas-rodovias-federais-da-regiao\/"},"wordCount":375,"commentCount":0,"image":{"@id":"https:\/\/www.ovigilanteonline.com.br\/site\/2026\/04\/30\/prf-inicia-operacao-dia-do-trabalho-2026-nas-rodovias-federais-da-regiao\/#primaryimage"},"thumbnailUrl":"https:\/\/www.ovigilanteonline.com.br\/site\/wp-content\/uploads\/2023\/05\/rodovias-prf.jpg","articleSection":["Destaque","\u00daltimas Not\u00edcias"],"inLanguage":"pt-BR","potentialAction":[{"@type":"CommentAction","name":"Comment","target":["https:\/\/www.ovigilanteonline.com.br\/site\/2026\/04\/30\/prf-inicia-operacao-dia-do-trabalho-2026-nas-rodovias-federais-da-regiao\/#respond"]}]},{"@type":"WebPage","@id":"https:\/\/www.ovigilanteonline.com.br\/site\/2026\/04\/30\/prf-inicia-operacao-dia-do-trabalho-2026-nas-rodovias-federais-da-regiao\/","url":"https:\/\/www.ovigilanteonline.com.br\/site\/2026\/04\/30\/prf-inicia-operacao-dia-do-trabalho-2026-nas-rodovias-federais-da-regiao\/","name":"PRF inicia Opera\u00e7\u00e3o Dia do Trabalho 2026 nas rodovias federais da regi\u00e3o","isPartOf":{"@id":"https:\/\/www.ovigilanteonline.com.br\/site\/#website"},"primaryImageOfPage":{"@id":"https:\/\/www.ovigilanteonline.com.br\/site\/2026\/04\/30\/prf-inicia-operacao-dia-do-trabalho-2026-nas-rodovias-federais-da-regiao\/#primaryimage"},"image":{"@id":"https:\/\/www.ovigilanteonline.com.br\/site\/2026\/04\/30\/prf-inicia-operacao-dia-do-trabalho-2026-nas-rodovias-federais-da-regiao\/#primaryimage"},"thumbnailUrl":"https:\/\/www.ovigilanteonline.com.br\/site\/wp-content\/uploads\/2023\/05\/rodovias-prf.jpg","datePublished":"2026-04-30T10:01:00+00:00","dateModified":"2026-04-30T10:01:05+00:00","author":{"@id":"https:\/\/www.ovigilanteonline.com.br\/site\/#\/schema\/person\/538fdfb33c0c411cd14a732e7cf14aa6"},"breadcrumb":{"@id":"https:\/\/www.ovigilanteonline.com.br\/site\/2026\/04\/30\/prf-inicia-operacao-dia-do-trabalho-2026-nas-rodovias-federais-da-regiao\/#breadcrumb"},"inLanguage":"pt-BR","potentialAction":[{"@type":"ReadAction","target":["https:\/\/www.ovigilanteonline.com.br\/site\/2026\/04\/30\/prf-inicia-operacao-dia-do-trabalho-2026-nas-rodovias-federais-da-regiao\/"]}]},{"@type":"ImageObject","inLanguage":"pt-BR","@id":"https:\/\/www.ovigilanteonline.com.br\/site\/2026\/04\/30\/prf-inicia-operacao-dia-do-trabalho-2026-nas-rodovias-federais-da-regiao\/#primaryimage","url":"https:\/\/www.ovigilanteonline.com.br\/site\/wp-content\/uploads\/2023\/05\/rodovias-prf.jpg","contentUrl":"https:\/\/www.ovigilanteonline.com.br\/site\/wp-content\/uploads\/2023\/05\/rodovias-prf.jpg","width":900,"height":506},{"@type":"BreadcrumbList","@id":"https:\/\/www.ovigilanteonline.com.br\/site\/2026\/04\/30\/prf-inicia-operacao-dia-do-trabalho-2026-nas-rodovias-federais-da-regiao\/#breadcrumb","itemListElement":[{"@type":"ListItem","position":1,"name":"In\u00edcio","item":"https:\/\/www.ovigilanteonline.com.br\/site\/"},{"@type":"ListItem","position":2,"name":"PRF inicia Opera\u00e7\u00e3o Dia do Trabalho 2026 nas rodovias federais da regi\u00e3o"}]},{"@type":"WebSite","@id":"https:\/\/www.ovigilanteonline.com.br\/site\/#website","url":"https:\/\/www.ovigilanteonline.com.br\/site\/","name":"O VIGILANTE ONLINE - Not\u00edcias de Leopoldina e regi\u00e3o","description":"","potentialAction":[{"@type":"SearchAction","target":{"@type":"EntryPoint","urlTemplate":"https:\/\/www.ovigilanteonline.com.br\/site\/?s={search_term_string}"},"query-input":{"@type":"PropertyValueSpecification","valueRequired":true,"valueName":"search_term_string"}}],"inLanguage":"pt-BR"},{"@type":"Person","@id":"https:\/\/www.ovigilanteonline.com.br\/site\/#\/schema\/person\/538fdfb33c0c411cd14a732e7cf14aa6","name":"Jornalismo"}]}},"cc_featured_image_caption":{"caption_text":"","source_text":"","source_url":""},"_links":{"self":[{"href":"https:\/\/www.ovigilanteonline.com.br\/site\/wp-json\/wp\/v2\/posts\/452304","targetHints":{"allow":["GET"]}}],"collection":[{"href":"https:\/\/www.ovigilanteonline.com.br\/site\/wp-json\/wp\/v2\/posts"}],"about":[{"href":"https:\/\/www.ovigilanteonline.com.br\/site\/wp-json\/wp\/v2\/types\/post"}],"author":[{"embeddable":true,"href":"https:\/\/www.ovigilanteonline.com.br\/site\/wp-json\/wp\/v2\/users\/2"}],"replies":[{"embeddable":true,"href":"https:\/\/www.ovigilanteonline.com.br\/site\/wp-json\/wp\/v2\/comments?post=452304"}],"version-history":[{"count":1,"href":"https:\/\/www.ovigilanteonline.com.br\/site\/wp-json\/wp\/v2\/posts\/452304\/revisions"}],"predecessor-version":[{"id":452305,"href":"https:\/\/www.ovigilanteonline.com.br\/site\/wp-json\/wp\/v2\/posts\/452304\/revisions\/452305"}],"wp:featuredmedia":[{"embeddable":true,"href":"https:\/\/www.ovigilanteonline.com.br\/site\/wp-json\/wp\/v2\/media\/421392"}],"wp:attachment":[{"href":"https:\/\/www.ovigilanteonline.com.br\/site\/wp-json\/wp\/v2\/media?parent=452304"}],"wp:term":[{"taxonomy":"category","embeddable":true,"href":"https:\/\/www.ovigilanteonline.com.br\/site\/wp-json\/wp\/v2\/categories?post=452304"},{"taxonomy":"post_tag","embeddable":true,"href":"https:\/\/www.ovigilanteonline.com.br\/site\/wp-json\/wp\/v2\/tags?post=452304"}],"curies":[{"name":"wp","href":"https:\/\/api.w.org\/{rel}","templated":true}]}}