{"id":452286,"date":"2026-04-29T09:26:19","date_gmt":"2026-04-29T12:26:19","guid":{"rendered":"https:\/\/www.ovigilanteonline.com.br\/site\/?p=452286"},"modified":"2026-04-30T07:00:57","modified_gmt":"2026-04-30T10:00:57","slug":"homem-e-preso-apos-matar-ex-cunhado-e-atear-fogo-no-corpo-em-uba","status":"publish","type":"post","link":"https:\/\/www.ovigilanteonline.com.br\/site\/2026\/04\/29\/homem-e-preso-apos-matar-ex-cunhado-e-atear-fogo-no-corpo-em-uba\/","title":{"rendered":"Homem \u00e9 preso ap\u00f3s matar ex-cunhado e atear fogo no corpo em Ub\u00e1"},"content":{"rendered":"\n<h3 class=\"wp-block-heading\"><strong><em>Autor confessou o crime e disse que a motiva\u00e7\u00e3o foram desentendimentos por conta de uma d\u00edvida<\/em><\/strong><\/h3>\n\n\n\n<p>Um homem de 24 anos foi preso, na segunda-feira, 27 de abril, por matar o ex-cunhado por causa de uma d\u00edvida, em Ub\u00e1. Ele confessou o homic\u00eddio.<\/p>\n\n\n\n<p>O crime acabou descoberto ap\u00f3s uma den\u00fancia an\u00f4nima indicar que o suspeito estava com o corpo do homem, de 35 anos, enrolado em um colch\u00e3o, no meio da rua, segundo a PM.<\/p>\n\n\n\n<p>De acordo com a PM, o corpo da v\u00edtima foi encontrado carbonizado, pr\u00f3ximo a uma obra inacabada, na rua Cristalina, no bairro Cristal.<\/p>\n\n\n\n<p>Em depoimento, o homem apresentou inicialmente vers\u00f5es contradit\u00f3rias, mas depois confessou e disse que, no dia anterior, no domingo (26), matou o cunhado com golpes de arma branca na regi\u00e3o do pesco\u00e7o. Em seguida, transportou o corpo at\u00e9 o local e ateou fogo na tentativa de ocultar o caso.<\/p>\n\n\n<div id=\"ovigi-1595906815\">\r\n<p class=\"has-text-align-center has-small-font-size\">continua depois da publicidade<\/p>\r\n\r\n\r\n\r\n<hr class=\"wp-block-separator has-alpha-channel-opacity is-style-wide\"\/>\r\n\r\n\r\n<center> \r\n<figure class=\"wp-block-image size-large\"><a href=\"https:\/\/www.instagram.com\/unimedleopoldina241\/\" target=\"_blank\" rel=\"noreferrer noopener\"><img decoding=\"async\" src=\"https:\/\/www.ovigilanteonline.com.br\/site\/wp-content\/uploads\/2026\/04\/UNIMED-NOVO.jpg\" alt=\"\" class=\"wp-image-395070\"\/><\/a><\/figure>\r\n<\/figure>\r\n<!-- \/wp:gallery --> <\/center>\r\n\r\n<!-- wp:separator {\"className\":\"is-style-wide\"} -->\r\n<hr class=\"wp-block-separator has-alpha-channel-opacity is-style-wide\"\/>\r\n<!-- \/wp:separator -->\r\n<\/div>\n\n\n<p>A motiva\u00e7\u00e3o, segundo ele, foram desentendimentos e amea\u00e7as decorrentes de uma d\u00edvida de pequeno valor, n\u00e3o foi informado. <\/p>\n\n\n\n<p>N\u00e3o foi divulgado quem devia quem e o caso ser\u00e1 investigado pela Pol\u00edcia Civil.<\/p>\n\n\n\n<p><em>*Com Site do Marcelo Lopes<\/em><\/p>\n\n\n<div  class=\"wp-block-ultimate-post-heading ultp-block-a28eea\"><div class=\"ultp-block-wrapper\"><div class=\"ultp-heading-wrap ultp-heading-style18 ultp-heading-left\"><h2 class=\"ultp-heading-inner\"><span>Leia tamb\u00e9m<\/span><\/h2><\/div><\/div><\/div>\n\n<div  class=\"ultp-post-grid-block wp-block-ultimate-post-post-grid-2 ultp-block-54e88b\"><div class=\"ultp-block-wrapper\"><div class=\"ultp-loading\"><div class=\"ultp-loading-blocks\" style=\"width:100%;height:100%;\"><div style=\"left: 0;top: 0;animation-delay:0s;\"><\/div><div style=\"left: 21px;top: 0;animation-delay:0.125s;\"><\/div><div style=\"left: 42px;top: 0;animation-delay:0.25s;\"><\/div><div style=\"left: 0;top: 21px;animation-delay:0.875s;\"><\/div><div style=\"left: 42px;top: 21px;animation-delay:0.375s;\"><\/div><div style=\"left: 0;top: 42px;animation-delay:0.75s;\"><\/div><div style=\"left: 42px;top: 42px;animation-delay:0.625s;\"><\/div><div style=\"left: 21px;top: 42px;animation-delay:0.5s;\"><\/div><\/div><\/div><div class=\"ultp-block-items-wrap ultp-block-row\"><div class=\"ultp-block-item post-id-452304\"><div class=\"ultp-block-content-wrap ultp-block-content-overlay\"><div class=\"ultp-block-image ultp-block-image-none ultp-block-image-overlay ultp-block-image-simgleGradient\"><a href=\"https:\/\/www.ovigilanteonline.com.br\/site\/2026\/04\/30\/prf-inicia-operacao-dia-do-trabalho-2026-nas-rodovias-federais-da-regiao\/\" ><img decoding=\"async\"  alt=\"PRF inicia Opera\u00e7\u00e3o Dia do Trabalho 2026 nas rodovias federais da regi\u00e3o\"  src=\"https:\/\/www.ovigilanteonline.com.br\/site\/wp-content\/uploads\/2023\/05\/rodovias-prf-870x506.jpg\" \/><\/a><\/div><div class=\"ultp-block-content ultp-block-content-bottomPosition\"><div class=\"ultp-block-content-inner\"><h3 class=\"ultp-block-title \"><a href=\"https:\/\/www.ovigilanteonline.com.br\/site\/2026\/04\/30\/prf-inicia-operacao-dia-do-trabalho-2026-nas-rodovias-federais-da-regiao\/\" >PRF inicia Opera\u00e7\u00e3o Dia do Trabalho 2026 nas rodovias federais da regi\u00e3o<\/a><\/h3><\/div><\/div><\/div><\/div><div class=\"ultp-block-item post-id-452295\"><div class=\"ultp-block-content-wrap ultp-block-content-overlay\"><div class=\"ultp-block-image ultp-block-image-none ultp-block-image-overlay ultp-block-image-simgleGradient\"><a href=\"https:\/\/www.ovigilanteonline.com.br\/site\/2026\/04\/29\/atleta-leopoldinense-de-9-anos-conquista-vice-campeonato-europeu-de-jiu-jitsu-na-irlanda\/\" ><img decoding=\"async\"  alt=\"Atleta leopoldinense de 9 anos conquista vice-campeonato europeu de Jiu-Jitsu na Irlanda\"  src=\"https:\/\/www.ovigilanteonline.com.br\/site\/wp-content\/uploads\/2026\/04\/WhatsApp-Image-2026-04-29-at-15.03.33.jpeg\" \/><\/a><\/div><div class=\"ultp-block-content ultp-block-content-bottomPosition\"><div class=\"ultp-block-content-inner\"><h3 class=\"ultp-block-title \"><a href=\"https:\/\/www.ovigilanteonline.com.br\/site\/2026\/04\/29\/atleta-leopoldinense-de-9-anos-conquista-vice-campeonato-europeu-de-jiu-jitsu-na-irlanda\/\" >Atleta leopoldinense de 9 anos conquista vice-campeonato europeu de Jiu-Jitsu na Irlanda<\/a><\/h3><\/div><\/div><\/div><\/div><div class=\"ultp-block-item post-id-452290\"><div class=\"ultp-block-content-wrap ultp-block-content-overlay\"><div class=\"ultp-block-image ultp-block-image-none ultp-block-image-overlay ultp-block-image-simgleGradient\"><a href=\"https:\/\/www.ovigilanteonline.com.br\/site\/2026\/04\/29\/operacao-da-policia-federal-contra-abuso-infantil-cumpre-mandados-em-cidades-da-regiao\/\" ><img decoding=\"async\"  alt=\"Opera\u00e7\u00e3o da Pol\u00edcia Federal contra abuso infantil cumpre mandados em cidades da regi\u00e3o\"  src=\"https:\/\/www.ovigilanteonline.com.br\/site\/wp-content\/uploads\/2026\/04\/s6d65s6d.jpg\" \/><\/a><\/div><div class=\"ultp-block-content ultp-block-content-bottomPosition\"><div class=\"ultp-block-content-inner\"><h3 class=\"ultp-block-title \"><a href=\"https:\/\/www.ovigilanteonline.com.br\/site\/2026\/04\/29\/operacao-da-policia-federal-contra-abuso-infantil-cumpre-mandados-em-cidades-da-regiao\/\" >Opera\u00e7\u00e3o da Pol\u00edcia Federal contra abuso infantil cumpre mandados em cidades da regi\u00e3o<\/a><\/h3><\/div><\/div><\/div><\/div><div class=\"ultp-block-item post-id-452286\"><div class=\"ultp-block-content-wrap ultp-block-content-overlay\"><div class=\"ultp-block-image ultp-block-image-none ultp-block-image-overlay ultp-block-image-simgleGradient\"><a href=\"https:\/\/www.ovigilanteonline.com.br\/site\/2026\/04\/29\/homem-e-preso-apos-matar-ex-cunhado-e-atear-fogo-no-corpo-em-uba\/\" ><img decoding=\"async\"  alt=\"Homem \u00e9 preso ap\u00f3s matar ex-cunhado e atear fogo no corpo em Ub\u00e1\"  src=\"https:\/\/www.ovigilanteonline.com.br\/site\/wp-content\/uploads\/2026\/04\/delegacia-uba-800x570.jpg\" \/><\/a><\/div><div class=\"ultp-block-content ultp-block-content-bottomPosition\"><div class=\"ultp-block-content-inner\"><h3 class=\"ultp-block-title \"><a href=\"https:\/\/www.ovigilanteonline.com.br\/site\/2026\/04\/29\/homem-e-preso-apos-matar-ex-cunhado-e-atear-fogo-no-corpo-em-uba\/\" >Homem \u00e9 preso ap\u00f3s matar ex-cunhado e atear fogo no corpo em Ub\u00e1<\/a><\/h3><\/div><\/div><\/div><\/div><div class=\"ultp-block-item post-id-452280\"><div class=\"ultp-block-content-wrap ultp-block-content-overlay\"><div class=\"ultp-block-image ultp-block-image-none ultp-block-image-overlay ultp-block-image-simgleGradient\"><a href=\"https:\/\/www.ovigilanteonline.com.br\/site\/2026\/04\/29\/processo-seletivo-do-cisdeste-oferece-vagas-para-o-samu-em-leopoldina-e-regiao\/\" ><img decoding=\"async\"  alt=\"Processo seletivo do CISDESTE oferece vagas para o SAMU em Leopoldina e regi\u00e3o\"  src=\"https:\/\/www.ovigilanteonline.com.br\/site\/wp-content\/uploads\/2026\/04\/ccl-pronto-socorro-hospital-samu-4-870x570.jpeg\" \/><\/a><\/div><div class=\"ultp-block-content ultp-block-content-bottomPosition\"><div class=\"ultp-block-content-inner\"><h3 class=\"ultp-block-title \"><a href=\"https:\/\/www.ovigilanteonline.com.br\/site\/2026\/04\/29\/processo-seletivo-do-cisdeste-oferece-vagas-para-o-samu-em-leopoldina-e-regiao\/\" >Processo seletivo do CISDESTE oferece vagas para o SAMU em Leopoldina e regi\u00e3o<\/a><\/h3><\/div><\/div><\/div><\/div><div class=\"ultp-block-item post-id-452274\"><div class=\"ultp-block-content-wrap ultp-block-content-overlay\"><div class=\"ultp-block-image ultp-block-image-none ultp-block-image-overlay ultp-block-image-simgleGradient\"><a href=\"https:\/\/www.ovigilanteonline.com.br\/site\/2026\/04\/28\/pm-apreende-242-pinos-de-cocaina-durante-acao-no-eldorado\/\" ><img decoding=\"async\"  alt=\"PM apreende 242 pinos de coca\u00edna durante a\u00e7\u00e3o no Eldorado\"  src=\"https:\/\/www.ovigilanteonline.com.br\/site\/wp-content\/uploads\/2026\/04\/WhatsApp-Image-2026-04-28-at-16.43.41-870x570.jpeg\" \/><\/a><\/div><div class=\"ultp-block-content ultp-block-content-bottomPosition\"><div class=\"ultp-block-content-inner\"><h3 class=\"ultp-block-title \"><a href=\"https:\/\/www.ovigilanteonline.com.br\/site\/2026\/04\/28\/pm-apreende-242-pinos-de-cocaina-durante-acao-no-eldorado\/\" >PM apreende 242 pinos de coca\u00edna durante a\u00e7\u00e3o no Eldorado<\/a><\/h3><\/div><\/div><\/div><\/div><\/div><\/div><div class=\"pagination-block-html\" aria-hidden=\"true\" style=\"display: none;\"><\/div><\/div>\n\n<div id=\"ovigi-839127564\">\r\n<p class=\"has-text-align-center has-small-font-size\">continua depois da publicidade<\/p>\r\n\r\n\r\n\r\n<hr class=\"wp-block-separator has-alpha-channel-opacity is-style-wide\"\/>\r\n\r\n\r\n\r\n<figure class=\"wp-block-gallery has-nested-images columns-default is-cropped wp-block-gallery-1 is-layout-flex wp-block-gallery-is-layout-flex\">\r\n<figure class=\"wp-block-image size-full\"><a href=\"https:\/\/www.sudamerica.edu.br\/\" target=\"_blank\" rel=\"noreferrer noopener\"><img decoding=\"async\" src=\"https:\/\/www.ovigilanteonline.com.br\/site\/wp-content\/uploads\/2026\/02\/SnapInsta.to_628000938_1521401246660064_2104497882800752476_n.jpg\" alt=\"\" class=\"wp-image-428831\"\/><\/a><\/figure>\r\n\r\n\r\n\r\n<figure class=\"wp-block-image size-large\"><a href=\"https:\/\/www.instagram.com\/curtastone\/\" target=\"_blank\" rel=\"noreferrer noopener\"><img decoding=\"async\" data-id=\"395070\" src=\"https:\/\/www.ovigilanteonline.com.br\/site\/wp-content\/uploads\/2026\/04\/SaveClip.App_651062745_18342989695242544_3625357231814875842_n.jpg\" alt=\"\" class=\"wp-image-395070\"\/><\/a><\/figure>\r\n<\/figure>\r\n\r\n\r\n\r\n<hr class=\"wp-block-separator has-alpha-channel-opacity is-style-wide\"\/>\r\n\r\n<\/div>","protected":false},"excerpt":{"rendered":"<p>Autor confessou o crime e disse que a motiva\u00e7\u00e3o foram desentendimentos por conta de uma d\u00edvida Um homem de 24 anos foi preso, na segunda-feira, 27 de abril, por matar o ex-cunhado por causa de uma d\u00edvida, em Ub\u00e1. Ele confessou o homic\u00eddio. O crime acabou descoberto ap\u00f3s uma den\u00fancia an\u00f4nima indicar que o suspeito [&hellip;]<\/p>\n","protected":false},"author":2,"featured_media":452288,"comment_status":"open","ping_status":"closed","sticky":false,"template":"","format":"standard","meta":{"footnotes":""},"categories":[19,26],"tags":[],"class_list":["post-452286","post","type-post","status-publish","format-standard","has-post-thumbnail","hentry","category-giro-vigilante","category-ultimas-noticias"],"yoast_head":"<!-- This site is optimized with the Yoast SEO plugin v27.4 - https:\/\/yoast.com\/product\/yoast-seo-wordpress\/ -->\n<title>Homem \u00e9 preso ap\u00f3s matar ex-cunhado e atear fogo no corpo em Ub\u00e1<\/title>\n<meta name=\"robots\" content=\"index, follow, max-snippet:-1, max-image-preview:large, max-video-preview:-1\" \/>\n<link rel=\"canonical\" href=\"https:\/\/www.ovigilanteonline.com.br\/site\/2026\/04\/29\/homem-e-preso-apos-matar-ex-cunhado-e-atear-fogo-no-corpo-em-uba\/\" \/>\n<meta property=\"og:locale\" content=\"pt_BR\" \/>\n<meta property=\"og:type\" content=\"article\" \/>\n<meta property=\"og:title\" content=\"Homem \u00e9 preso ap\u00f3s matar ex-cunhado e atear fogo no corpo em Ub\u00e1\" \/>\n<meta property=\"og:description\" content=\"Autor confessou o crime e disse que a motiva\u00e7\u00e3o foram desentendimentos por conta de uma d\u00edvida Um homem de 24 anos foi preso, na segunda-feira, 27 de abril, por matar o ex-cunhado por causa de uma d\u00edvida, em Ub\u00e1. Ele confessou o homic\u00eddio. O crime acabou descoberto ap\u00f3s uma den\u00fancia an\u00f4nima indicar que o suspeito [&hellip;]\" \/>\n<meta property=\"og:url\" content=\"https:\/\/www.ovigilanteonline.com.br\/site\/2026\/04\/29\/homem-e-preso-apos-matar-ex-cunhado-e-atear-fogo-no-corpo-em-uba\/\" \/>\n<meta property=\"og:site_name\" content=\"O VIGILANTE ONLINE\" \/>\n<meta property=\"article:publisher\" content=\"https:\/\/www.facebook.com\/ovigilanteonline\" \/>\n<meta property=\"article:published_time\" content=\"2026-04-29T12:26:19+00:00\" \/>\n<meta property=\"article:modified_time\" content=\"2026-04-30T10:00:57+00:00\" \/>\n<meta property=\"og:image\" content=\"https:\/\/www.ovigilanteonline.com.br\/site\/wp-content\/uploads\/2026\/04\/delegacia-uba.jpg\" \/>\n\t<meta property=\"og:image:width\" content=\"800\" \/>\n\t<meta property=\"og:image:height\" content=\"630\" \/>\n\t<meta property=\"og:image:type\" content=\"image\/jpeg\" \/>\n<meta name=\"author\" content=\"Jornalismo\" \/>\n<meta name=\"twitter:card\" content=\"summary_large_image\" \/>\n<meta name=\"twitter:label1\" content=\"Escrito por\" \/>\n\t<meta name=\"twitter:data1\" content=\"Jornalismo\" \/>\n\t<meta name=\"twitter:label2\" content=\"Est. tempo de leitura\" \/>\n\t<meta name=\"twitter:data2\" content=\"2 minutos\" \/>\n<script type=\"application\/ld+json\" class=\"yoast-schema-graph\">{\"@context\":\"https:\\\/\\\/schema.org\",\"@graph\":[{\"@type\":\"Article\",\"@id\":\"https:\\\/\\\/www.ovigilanteonline.com.br\\\/site\\\/2026\\\/04\\\/29\\\/homem-e-preso-apos-matar-ex-cunhado-e-atear-fogo-no-corpo-em-uba\\\/#article\",\"isPartOf\":{\"@id\":\"https:\\\/\\\/www.ovigilanteonline.com.br\\\/site\\\/2026\\\/04\\\/29\\\/homem-e-preso-apos-matar-ex-cunhado-e-atear-fogo-no-corpo-em-uba\\\/\"},\"author\":{\"name\":\"Jornalismo\",\"@id\":\"https:\\\/\\\/www.ovigilanteonline.com.br\\\/site\\\/#\\\/schema\\\/person\\\/538fdfb33c0c411cd14a732e7cf14aa6\"},\"headline\":\"Homem \u00e9 preso ap\u00f3s matar ex-cunhado e atear fogo no corpo em Ub\u00e1\",\"datePublished\":\"2026-04-29T12:26:19+00:00\",\"dateModified\":\"2026-04-30T10:00:57+00:00\",\"mainEntityOfPage\":{\"@id\":\"https:\\\/\\\/www.ovigilanteonline.com.br\\\/site\\\/2026\\\/04\\\/29\\\/homem-e-preso-apos-matar-ex-cunhado-e-atear-fogo-no-corpo-em-uba\\\/\"},\"wordCount\":213,\"commentCount\":0,\"image\":{\"@id\":\"https:\\\/\\\/www.ovigilanteonline.com.br\\\/site\\\/2026\\\/04\\\/29\\\/homem-e-preso-apos-matar-ex-cunhado-e-atear-fogo-no-corpo-em-uba\\\/#primaryimage\"},\"thumbnailUrl\":\"https:\\\/\\\/www.ovigilanteonline.com.br\\\/site\\\/wp-content\\\/uploads\\\/2026\\\/04\\\/delegacia-uba.jpg\",\"articleSection\":[\"Giro Vigilante\",\"\u00daltimas Not\u00edcias\"],\"inLanguage\":\"pt-BR\",\"potentialAction\":[{\"@type\":\"CommentAction\",\"name\":\"Comment\",\"target\":[\"https:\\\/\\\/www.ovigilanteonline.com.br\\\/site\\\/2026\\\/04\\\/29\\\/homem-e-preso-apos-matar-ex-cunhado-e-atear-fogo-no-corpo-em-uba\\\/#respond\"]}]},{\"@type\":\"WebPage\",\"@id\":\"https:\\\/\\\/www.ovigilanteonline.com.br\\\/site\\\/2026\\\/04\\\/29\\\/homem-e-preso-apos-matar-ex-cunhado-e-atear-fogo-no-corpo-em-uba\\\/\",\"url\":\"https:\\\/\\\/www.ovigilanteonline.com.br\\\/site\\\/2026\\\/04\\\/29\\\/homem-e-preso-apos-matar-ex-cunhado-e-atear-fogo-no-corpo-em-uba\\\/\",\"name\":\"Homem \u00e9 preso ap\u00f3s matar ex-cunhado e atear fogo no corpo em Ub\u00e1\",\"isPartOf\":{\"@id\":\"https:\\\/\\\/www.ovigilanteonline.com.br\\\/site\\\/#website\"},\"primaryImageOfPage\":{\"@id\":\"https:\\\/\\\/www.ovigilanteonline.com.br\\\/site\\\/2026\\\/04\\\/29\\\/homem-e-preso-apos-matar-ex-cunhado-e-atear-fogo-no-corpo-em-uba\\\/#primaryimage\"},\"image\":{\"@id\":\"https:\\\/\\\/www.ovigilanteonline.com.br\\\/site\\\/2026\\\/04\\\/29\\\/homem-e-preso-apos-matar-ex-cunhado-e-atear-fogo-no-corpo-em-uba\\\/#primaryimage\"},\"thumbnailUrl\":\"https:\\\/\\\/www.ovigilanteonline.com.br\\\/site\\\/wp-content\\\/uploads\\\/2026\\\/04\\\/delegacia-uba.jpg\",\"datePublished\":\"2026-04-29T12:26:19+00:00\",\"dateModified\":\"2026-04-30T10:00:57+00:00\",\"author\":{\"@id\":\"https:\\\/\\\/www.ovigilanteonline.com.br\\\/site\\\/#\\\/schema\\\/person\\\/538fdfb33c0c411cd14a732e7cf14aa6\"},\"breadcrumb\":{\"@id\":\"https:\\\/\\\/www.ovigilanteonline.com.br\\\/site\\\/2026\\\/04\\\/29\\\/homem-e-preso-apos-matar-ex-cunhado-e-atear-fogo-no-corpo-em-uba\\\/#breadcrumb\"},\"inLanguage\":\"pt-BR\",\"potentialAction\":[{\"@type\":\"ReadAction\",\"target\":[\"https:\\\/\\\/www.ovigilanteonline.com.br\\\/site\\\/2026\\\/04\\\/29\\\/homem-e-preso-apos-matar-ex-cunhado-e-atear-fogo-no-corpo-em-uba\\\/\"]}]},{\"@type\":\"ImageObject\",\"inLanguage\":\"pt-BR\",\"@id\":\"https:\\\/\\\/www.ovigilanteonline.com.br\\\/site\\\/2026\\\/04\\\/29\\\/homem-e-preso-apos-matar-ex-cunhado-e-atear-fogo-no-corpo-em-uba\\\/#primaryimage\",\"url\":\"https:\\\/\\\/www.ovigilanteonline.com.br\\\/site\\\/wp-content\\\/uploads\\\/2026\\\/04\\\/delegacia-uba.jpg\",\"contentUrl\":\"https:\\\/\\\/www.ovigilanteonline.com.br\\\/site\\\/wp-content\\\/uploads\\\/2026\\\/04\\\/delegacia-uba.jpg\",\"width\":800,\"height\":630},{\"@type\":\"BreadcrumbList\",\"@id\":\"https:\\\/\\\/www.ovigilanteonline.com.br\\\/site\\\/2026\\\/04\\\/29\\\/homem-e-preso-apos-matar-ex-cunhado-e-atear-fogo-no-corpo-em-uba\\\/#breadcrumb\",\"itemListElement\":[{\"@type\":\"ListItem\",\"position\":1,\"name\":\"In\u00edcio\",\"item\":\"https:\\\/\\\/www.ovigilanteonline.com.br\\\/site\\\/\"},{\"@type\":\"ListItem\",\"position\":2,\"name\":\"Homem \u00e9 preso ap\u00f3s matar ex-cunhado e atear fogo no corpo em Ub\u00e1\"}]},{\"@type\":\"WebSite\",\"@id\":\"https:\\\/\\\/www.ovigilanteonline.com.br\\\/site\\\/#website\",\"url\":\"https:\\\/\\\/www.ovigilanteonline.com.br\\\/site\\\/\",\"name\":\"O VIGILANTE ONLINE - Not\u00edcias de Leopoldina e regi\u00e3o\",\"description\":\"\",\"potentialAction\":[{\"@type\":\"SearchAction\",\"target\":{\"@type\":\"EntryPoint\",\"urlTemplate\":\"https:\\\/\\\/www.ovigilanteonline.com.br\\\/site\\\/?s={search_term_string}\"},\"query-input\":{\"@type\":\"PropertyValueSpecification\",\"valueRequired\":true,\"valueName\":\"search_term_string\"}}],\"inLanguage\":\"pt-BR\"},{\"@type\":\"Person\",\"@id\":\"https:\\\/\\\/www.ovigilanteonline.com.br\\\/site\\\/#\\\/schema\\\/person\\\/538fdfb33c0c411cd14a732e7cf14aa6\",\"name\":\"Jornalismo\"}]}<\/script>\n<!-- \/ Yoast SEO plugin. -->","yoast_head_json":{"title":"Homem \u00e9 preso ap\u00f3s matar ex-cunhado e atear fogo no corpo em Ub\u00e1","robots":{"index":"index","follow":"follow","max-snippet":"max-snippet:-1","max-image-preview":"max-image-preview:large","max-video-preview":"max-video-preview:-1"},"canonical":"https:\/\/www.ovigilanteonline.com.br\/site\/2026\/04\/29\/homem-e-preso-apos-matar-ex-cunhado-e-atear-fogo-no-corpo-em-uba\/","og_locale":"pt_BR","og_type":"article","og_title":"Homem \u00e9 preso ap\u00f3s matar ex-cunhado e atear fogo no corpo em Ub\u00e1","og_description":"Autor confessou o crime e disse que a motiva\u00e7\u00e3o foram desentendimentos por conta de uma d\u00edvida Um homem de 24 anos foi preso, na segunda-feira, 27 de abril, por matar o ex-cunhado por causa de uma d\u00edvida, em Ub\u00e1. Ele confessou o homic\u00eddio. O crime acabou descoberto ap\u00f3s uma den\u00fancia an\u00f4nima indicar que o suspeito [&hellip;]","og_url":"https:\/\/www.ovigilanteonline.com.br\/site\/2026\/04\/29\/homem-e-preso-apos-matar-ex-cunhado-e-atear-fogo-no-corpo-em-uba\/","og_site_name":"O VIGILANTE ONLINE","article_publisher":"https:\/\/www.facebook.com\/ovigilanteonline","article_published_time":"2026-04-29T12:26:19+00:00","article_modified_time":"2026-04-30T10:00:57+00:00","og_image":[{"width":800,"height":630,"url":"https:\/\/www.ovigilanteonline.com.br\/site\/wp-content\/uploads\/2026\/04\/delegacia-uba.jpg","type":"image\/jpeg"}],"author":"Jornalismo","twitter_card":"summary_large_image","twitter_misc":{"Escrito por":"Jornalismo","Est. tempo de leitura":"2 minutos"},"schema":{"@context":"https:\/\/schema.org","@graph":[{"@type":"Article","@id":"https:\/\/www.ovigilanteonline.com.br\/site\/2026\/04\/29\/homem-e-preso-apos-matar-ex-cunhado-e-atear-fogo-no-corpo-em-uba\/#article","isPartOf":{"@id":"https:\/\/www.ovigilanteonline.com.br\/site\/2026\/04\/29\/homem-e-preso-apos-matar-ex-cunhado-e-atear-fogo-no-corpo-em-uba\/"},"author":{"name":"Jornalismo","@id":"https:\/\/www.ovigilanteonline.com.br\/site\/#\/schema\/person\/538fdfb33c0c411cd14a732e7cf14aa6"},"headline":"Homem \u00e9 preso ap\u00f3s matar ex-cunhado e atear fogo no corpo em Ub\u00e1","datePublished":"2026-04-29T12:26:19+00:00","dateModified":"2026-04-30T10:00:57+00:00","mainEntityOfPage":{"@id":"https:\/\/www.ovigilanteonline.com.br\/site\/2026\/04\/29\/homem-e-preso-apos-matar-ex-cunhado-e-atear-fogo-no-corpo-em-uba\/"},"wordCount":213,"commentCount":0,"image":{"@id":"https:\/\/www.ovigilanteonline.com.br\/site\/2026\/04\/29\/homem-e-preso-apos-matar-ex-cunhado-e-atear-fogo-no-corpo-em-uba\/#primaryimage"},"thumbnailUrl":"https:\/\/www.ovigilanteonline.com.br\/site\/wp-content\/uploads\/2026\/04\/delegacia-uba.jpg","articleSection":["Giro Vigilante","\u00daltimas Not\u00edcias"],"inLanguage":"pt-BR","potentialAction":[{"@type":"CommentAction","name":"Comment","target":["https:\/\/www.ovigilanteonline.com.br\/site\/2026\/04\/29\/homem-e-preso-apos-matar-ex-cunhado-e-atear-fogo-no-corpo-em-uba\/#respond"]}]},{"@type":"WebPage","@id":"https:\/\/www.ovigilanteonline.com.br\/site\/2026\/04\/29\/homem-e-preso-apos-matar-ex-cunhado-e-atear-fogo-no-corpo-em-uba\/","url":"https:\/\/www.ovigilanteonline.com.br\/site\/2026\/04\/29\/homem-e-preso-apos-matar-ex-cunhado-e-atear-fogo-no-corpo-em-uba\/","name":"Homem \u00e9 preso ap\u00f3s matar ex-cunhado e atear fogo no corpo em Ub\u00e1","isPartOf":{"@id":"https:\/\/www.ovigilanteonline.com.br\/site\/#website"},"primaryImageOfPage":{"@id":"https:\/\/www.ovigilanteonline.com.br\/site\/2026\/04\/29\/homem-e-preso-apos-matar-ex-cunhado-e-atear-fogo-no-corpo-em-uba\/#primaryimage"},"image":{"@id":"https:\/\/www.ovigilanteonline.com.br\/site\/2026\/04\/29\/homem-e-preso-apos-matar-ex-cunhado-e-atear-fogo-no-corpo-em-uba\/#primaryimage"},"thumbnailUrl":"https:\/\/www.ovigilanteonline.com.br\/site\/wp-content\/uploads\/2026\/04\/delegacia-uba.jpg","datePublished":"2026-04-29T12:26:19+00:00","dateModified":"2026-04-30T10:00:57+00:00","author":{"@id":"https:\/\/www.ovigilanteonline.com.br\/site\/#\/schema\/person\/538fdfb33c0c411cd14a732e7cf14aa6"},"breadcrumb":{"@id":"https:\/\/www.ovigilanteonline.com.br\/site\/2026\/04\/29\/homem-e-preso-apos-matar-ex-cunhado-e-atear-fogo-no-corpo-em-uba\/#breadcrumb"},"inLanguage":"pt-BR","potentialAction":[{"@type":"ReadAction","target":["https:\/\/www.ovigilanteonline.com.br\/site\/2026\/04\/29\/homem-e-preso-apos-matar-ex-cunhado-e-atear-fogo-no-corpo-em-uba\/"]}]},{"@type":"ImageObject","inLanguage":"pt-BR","@id":"https:\/\/www.ovigilanteonline.com.br\/site\/2026\/04\/29\/homem-e-preso-apos-matar-ex-cunhado-e-atear-fogo-no-corpo-em-uba\/#primaryimage","url":"https:\/\/www.ovigilanteonline.com.br\/site\/wp-content\/uploads\/2026\/04\/delegacia-uba.jpg","contentUrl":"https:\/\/www.ovigilanteonline.com.br\/site\/wp-content\/uploads\/2026\/04\/delegacia-uba.jpg","width":800,"height":630},{"@type":"BreadcrumbList","@id":"https:\/\/www.ovigilanteonline.com.br\/site\/2026\/04\/29\/homem-e-preso-apos-matar-ex-cunhado-e-atear-fogo-no-corpo-em-uba\/#breadcrumb","itemListElement":[{"@type":"ListItem","position":1,"name":"In\u00edcio","item":"https:\/\/www.ovigilanteonline.com.br\/site\/"},{"@type":"ListItem","position":2,"name":"Homem \u00e9 preso ap\u00f3s matar ex-cunhado e atear fogo no corpo em Ub\u00e1"}]},{"@type":"WebSite","@id":"https:\/\/www.ovigilanteonline.com.br\/site\/#website","url":"https:\/\/www.ovigilanteonline.com.br\/site\/","name":"O VIGILANTE ONLINE - Not\u00edcias de Leopoldina e regi\u00e3o","description":"","potentialAction":[{"@type":"SearchAction","target":{"@type":"EntryPoint","urlTemplate":"https:\/\/www.ovigilanteonline.com.br\/site\/?s={search_term_string}"},"query-input":{"@type":"PropertyValueSpecification","valueRequired":true,"valueName":"search_term_string"}}],"inLanguage":"pt-BR"},{"@type":"Person","@id":"https:\/\/www.ovigilanteonline.com.br\/site\/#\/schema\/person\/538fdfb33c0c411cd14a732e7cf14aa6","name":"Jornalismo"}]}},"cc_featured_image_caption":{"caption_text":"","source_text":"","source_url":""},"_links":{"self":[{"href":"https:\/\/www.ovigilanteonline.com.br\/site\/wp-json\/wp\/v2\/posts\/452286","targetHints":{"allow":["GET"]}}],"collection":[{"href":"https:\/\/www.ovigilanteonline.com.br\/site\/wp-json\/wp\/v2\/posts"}],"about":[{"href":"https:\/\/www.ovigilanteonline.com.br\/site\/wp-json\/wp\/v2\/types\/post"}],"author":[{"embeddable":true,"href":"https:\/\/www.ovigilanteonline.com.br\/site\/wp-json\/wp\/v2\/users\/2"}],"replies":[{"embeddable":true,"href":"https:\/\/www.ovigilanteonline.com.br\/site\/wp-json\/wp\/v2\/comments?post=452286"}],"version-history":[{"count":1,"href":"https:\/\/www.ovigilanteonline.com.br\/site\/wp-json\/wp\/v2\/posts\/452286\/revisions"}],"predecessor-version":[{"id":452289,"href":"https:\/\/www.ovigilanteonline.com.br\/site\/wp-json\/wp\/v2\/posts\/452286\/revisions\/452289"}],"wp:featuredmedia":[{"embeddable":true,"href":"https:\/\/www.ovigilanteonline.com.br\/site\/wp-json\/wp\/v2\/media\/452288"}],"wp:attachment":[{"href":"https:\/\/www.ovigilanteonline.com.br\/site\/wp-json\/wp\/v2\/media?parent=452286"}],"wp:term":[{"taxonomy":"category","embeddable":true,"href":"https:\/\/www.ovigilanteonline.com.br\/site\/wp-json\/wp\/v2\/categories?post=452286"},{"taxonomy":"post_tag","embeddable":true,"href":"https:\/\/www.ovigilanteonline.com.br\/site\/wp-json\/wp\/v2\/tags?post=452286"}],"curies":[{"name":"wp","href":"https:\/\/api.w.org\/{rel}","templated":true}]}}