{"id":452266,"date":"2026-04-28T15:44:46","date_gmt":"2026-04-28T18:44:46","guid":{"rendered":"https:\/\/www.ovigilanteonline.com.br\/site\/?p=452266"},"modified":"2026-04-28T15:44:51","modified_gmt":"2026-04-28T18:44:51","slug":"de-piacatuba-para-a-bienal-pai-transforma-historias-com-o-filho-em-livros-premiados","status":"publish","type":"post","link":"https:\/\/www.ovigilanteonline.com.br\/site\/2026\/04\/28\/de-piacatuba-para-a-bienal-pai-transforma-historias-com-o-filho-em-livros-premiados\/","title":{"rendered":"De Piacatuba para a Bienal: pai transforma hist\u00f3rias com o filho em livros premiados"},"content":{"rendered":"\n<h3 class=\"wp-block-heading\"><strong><em>Natural de Piacatuba, autor conquista dois pr\u00eamios na Bienal do Livro da Bahia ao lado do filho de 5 anos<\/em><\/strong><\/h3>\n\n\n\n<p>Uma hist\u00f3ria que come\u00e7ou na hora de dormir, entre imagina\u00e7\u00e3o e afeto, ganhou o mundo e rendeu reconhecimento nacional. Natural de Piacatuba, distrito de Leopoldina, o escritor Jos\u00e9 S\u00e9rgio Fajardo, de 34 anos, transformou momentos com o filho Rael, de apenas 5 anos, em livros infantis premiados.<\/p>\n\n\n\n<p>A ideia surgiu de forma simples: tornar o aprendizado do pequeno mais leve e divertido. A partir da\u00ed, pai e filho passaram a criar hist\u00f3rias juntos, sempre com muita criatividade, humor e li\u00e7\u00f5es importantes. O que era apenas uma brincadeira virou projeto liter\u00e1rio \u2014 e hoje, motivo de orgulho.<\/p>\n\n\n\n<p>O resultado desse trabalho foi celebrado na Bienal do Livro da Bahia 2026. No Espa\u00e7o Leia Mais, com premia\u00e7\u00e3o divulgada no dia 19 de abril, a dupla conquistou o primeiro lugar como melhor livro infantil com a obra \u201cPosso Ter Medo?!\u201d e tamb\u00e9m levou o pr\u00eamio de melhor capa com \u201cCapit\u00e3o Rael e a Ilha do Mal\u201d.<\/p>\n\n\n\n<figure class=\"wp-block-image size-full is-resized\"><img loading=\"lazy\" decoding=\"async\" width=\"780\" height=\"590\" src=\"https:\/\/www.ovigilanteonline.com.br\/site\/wp-content\/uploads\/2026\/04\/WhatsApp-Image-2026-04-25-at-09.27.48-3.jpeg\" alt=\"\" class=\"wp-image-452267\" style=\"aspect-ratio:1.3220424269710533;width:831px;height:auto\" srcset=\"https:\/\/www.ovigilanteonline.com.br\/site\/wp-content\/uploads\/2026\/04\/WhatsApp-Image-2026-04-25-at-09.27.48-3.jpeg 780w, https:\/\/www.ovigilanteonline.com.br\/site\/wp-content\/uploads\/2026\/04\/WhatsApp-Image-2026-04-25-at-09.27.48-3-300x227.jpeg 300w, https:\/\/www.ovigilanteonline.com.br\/site\/wp-content\/uploads\/2026\/04\/WhatsApp-Image-2026-04-25-at-09.27.48-3-768x581.jpeg 768w\" sizes=\"auto, (max-width: 780px) 100vw, 780px\" \/><\/figure>\n\n\n\n<p>Atualmente morando em Itaipava, distrito de Petr\u00f3polis (RJ), Jos\u00e9 S\u00e9rgio mant\u00e9m fortes la\u00e7os com Piacatuba, onde vive sua fam\u00edlia e onde iniciou sua trajet\u00f3ria escolar antes de seguir para o CEFET-MG. Mesmo \u00e0 dist\u00e2ncia, ele continua valorizando suas origens e retorna com frequ\u00eancia \u00e0 terra natal.<\/p>\n\n\n\n<p>Segundo o autor informou ao jornal O Vigilante Online, dividir esse momento com o filho foi algo marcante. \u201cA sensa\u00e7\u00e3o de dividir uma premia\u00e7\u00e3o em uma bienal ao lado do meu filho \u00e9 indescrit\u00edvel. \u00c9 algo que nunca imaginei e que sei que ficar\u00e1 para sempre na mem\u00f3ria dele\u201d, destacou.<\/p>\n\n\n<div id=\"ovigi-1346932017\">\r\n<p class=\"has-text-align-center has-small-font-size\">continua depois da publicidade<\/p>\r\n\r\n\r\n\r\n<hr class=\"wp-block-separator has-alpha-channel-opacity is-style-wide\"\/>\r\n\r\n\r\n<center> \r\n<figure class=\"wp-block-image size-large\"><a href=\"https:\/\/www.instagram.com\/unimedleopoldina241\/\" target=\"_blank\" rel=\"noreferrer noopener\"><img decoding=\"async\" src=\"https:\/\/www.ovigilanteonline.com.br\/site\/wp-content\/uploads\/2026\/04\/UNIMED-NOVO.jpg\" alt=\"\" class=\"wp-image-395070\"\/><\/a><\/figure>\r\n<\/figure>\r\n<!-- \/wp:gallery --> <\/center>\r\n\r\n<!-- wp:separator {\"className\":\"is-style-wide\"} -->\r\n<hr class=\"wp-block-separator has-alpha-channel-opacity is-style-wide\"\/>\r\n<!-- \/wp:separator -->\r\n<\/div>\n\n\n<p>Os livros t\u00eam como proposta incentivar a leitura infantil de forma envolvente, colocando as crian\u00e7as dentro das hist\u00f3rias e transmitindo ensinamentos de maneira leve e divertida. \u201cS\u00e3o hist\u00f3rias com muito humor e sempre com li\u00e7\u00f5es importantes. Uma crian\u00e7a que l\u00ea se torna um adulto mais feliz\u201d, afirma.<\/p>\n\n\n\n<p>O reconhecimento n\u00e3o para por a\u00ed. A obra \u201cPosso Ter Medo?!\u201d recebeu um selo internacional por participa\u00e7\u00e3o em uma exposi\u00e7\u00e3o na Universidade de Harvard e tamb\u00e9m integrar\u00e1 o acervo da biblioteca de Boston, ampliando ainda mais o alcance do trabalho.<\/p>\n\n\n\n<p>E a jornada continua: pai e filho j\u00e1 t\u00eam presen\u00e7a confirmada na Bienal do Livro de S\u00e3o Paulo, onde participar\u00e3o de uma sess\u00e3o de aut\u00f3grafos no dia 4 de setembro, novamente no Espa\u00e7o Leia Mais.<\/p>\n\n\n\n<p>Para quem quiser conhecer mais sobre o trabalho, acompanhar as novidades e conferir os livros criados pela dupla, basta acessar o perfil oficial pelo <a href=\"https:\/\/www.instagram.com\/josesergiofajardo?igsh=YThzZ3FkdjkxMTU2\" target=\"_blank\" rel=\"noreferrer noopener\">link<\/a> ou utilizar o QR Code dispon\u00edvel na mat\u00e9ria:<\/p>\n\n\n\n<figure class=\"wp-block-image size-full is-resized\"><img loading=\"lazy\" decoding=\"async\" width=\"500\" height=\"512\" src=\"https:\/\/www.ovigilanteonline.com.br\/site\/wp-content\/uploads\/2026\/04\/WhatsApp-Image-2026-04-28-at-15.21.16.jpeg\" alt=\"\" class=\"wp-image-452271\" style=\"aspect-ratio:0.9766213947810163;width:316px;height:auto\" srcset=\"https:\/\/www.ovigilanteonline.com.br\/site\/wp-content\/uploads\/2026\/04\/WhatsApp-Image-2026-04-28-at-15.21.16.jpeg 500w, https:\/\/www.ovigilanteonline.com.br\/site\/wp-content\/uploads\/2026\/04\/WhatsApp-Image-2026-04-28-at-15.21.16-293x300.jpeg 293w\" sizes=\"auto, (max-width: 500px) 100vw, 500px\" \/><\/figure>\n\n\n\n<p><br><br><\/p>\n\n\n<div  class=\"wp-block-ultimate-post-heading ultp-block-9fc309\"><div class=\"ultp-block-wrapper\"><div class=\"ultp-heading-wrap ultp-heading-style18 ultp-heading-left\"><h2 class=\"ultp-heading-inner\"><span>Leia tamb\u00e9m<\/span><\/h2><\/div><\/div><\/div>\n\n<div  class=\"ultp-post-grid-block wp-block-ultimate-post-post-grid-2 ultp-block-5ed94d\"><div class=\"ultp-block-wrapper\"><div class=\"ultp-loading\"><div class=\"ultp-loading-blocks\" style=\"width:100%;height:100%;\"><div style=\"left: 0;top: 0;animation-delay:0s;\"><\/div><div style=\"left: 21px;top: 0;animation-delay:0.125s;\"><\/div><div style=\"left: 42px;top: 0;animation-delay:0.25s;\"><\/div><div style=\"left: 0;top: 21px;animation-delay:0.875s;\"><\/div><div style=\"left: 42px;top: 21px;animation-delay:0.375s;\"><\/div><div style=\"left: 0;top: 42px;animation-delay:0.75s;\"><\/div><div style=\"left: 42px;top: 42px;animation-delay:0.625s;\"><\/div><div style=\"left: 21px;top: 42px;animation-delay:0.5s;\"><\/div><\/div><\/div><div class=\"ultp-block-items-wrap ultp-block-row\"><div class=\"ultp-block-item post-id-452280\"><div class=\"ultp-block-content-wrap ultp-block-content-overlay\"><div class=\"ultp-block-image ultp-block-image-none ultp-block-image-overlay ultp-block-image-simgleGradient\"><a href=\"https:\/\/www.ovigilanteonline.com.br\/site\/2026\/04\/29\/processo-seletivo-do-cisdeste-oferece-vagas-para-o-samu-em-leopoldina-e-regiao\/\" ><img decoding=\"async\"  alt=\"Processo seletivo do CISDESTE oferece vagas para o SAMU em Leopoldina e regi\u00e3o\"  src=\"https:\/\/www.ovigilanteonline.com.br\/site\/wp-content\/uploads\/2026\/04\/ccl-pronto-socorro-hospital-samu-4-870x570.jpeg\" \/><\/a><\/div><div class=\"ultp-block-content ultp-block-content-bottomPosition\"><div class=\"ultp-block-content-inner\"><h3 class=\"ultp-block-title \"><a href=\"https:\/\/www.ovigilanteonline.com.br\/site\/2026\/04\/29\/processo-seletivo-do-cisdeste-oferece-vagas-para-o-samu-em-leopoldina-e-regiao\/\" >Processo seletivo do CISDESTE oferece vagas para o SAMU em Leopoldina e regi\u00e3o<\/a><\/h3><\/div><\/div><\/div><\/div><div class=\"ultp-block-item post-id-452274\"><div class=\"ultp-block-content-wrap ultp-block-content-overlay\"><div class=\"ultp-block-image ultp-block-image-none ultp-block-image-overlay ultp-block-image-simgleGradient\"><a href=\"https:\/\/www.ovigilanteonline.com.br\/site\/2026\/04\/28\/pm-apreende-242-pinos-de-cocaina-durante-acao-no-eldorado\/\" ><img decoding=\"async\"  alt=\"PM apreende 242 pinos de coca\u00edna durante a\u00e7\u00e3o no Eldorado\"  src=\"https:\/\/www.ovigilanteonline.com.br\/site\/wp-content\/uploads\/2026\/04\/WhatsApp-Image-2026-04-28-at-16.43.41-870x570.jpeg\" \/><\/a><\/div><div class=\"ultp-block-content ultp-block-content-bottomPosition\"><div class=\"ultp-block-content-inner\"><h3 class=\"ultp-block-title \"><a href=\"https:\/\/www.ovigilanteonline.com.br\/site\/2026\/04\/28\/pm-apreende-242-pinos-de-cocaina-durante-acao-no-eldorado\/\" >PM apreende 242 pinos de coca\u00edna durante a\u00e7\u00e3o no Eldorado<\/a><\/h3><\/div><\/div><\/div><\/div><div class=\"ultp-block-item post-id-452266\"><div class=\"ultp-block-content-wrap ultp-block-content-overlay\"><div class=\"ultp-block-image ultp-block-image-none ultp-block-image-overlay ultp-block-image-simgleGradient\"><a href=\"https:\/\/www.ovigilanteonline.com.br\/site\/2026\/04\/28\/de-piacatuba-para-a-bienal-pai-transforma-historias-com-o-filho-em-livros-premiados\/\" ><img decoding=\"async\"  alt=\"De Piacatuba para a Bienal: pai transforma hist\u00f3rias com o filho em livros premiados\"  src=\"https:\/\/www.ovigilanteonline.com.br\/site\/wp-content\/uploads\/2026\/04\/WhatsApp-Image-2026-04-25-at-09.27.48-870x570.jpeg\" \/><\/a><\/div><div class=\"ultp-block-content ultp-block-content-bottomPosition\"><div class=\"ultp-block-content-inner\"><h3 class=\"ultp-block-title \"><a href=\"https:\/\/www.ovigilanteonline.com.br\/site\/2026\/04\/28\/de-piacatuba-para-a-bienal-pai-transforma-historias-com-o-filho-em-livros-premiados\/\" >De Piacatuba para a Bienal: pai transforma hist\u00f3rias com o filho em livros premiados<\/a><\/h3><\/div><\/div><\/div><\/div><div class=\"ultp-block-item post-id-452260\"><div class=\"ultp-block-content-wrap ultp-block-content-overlay\"><div class=\"ultp-block-image ultp-block-image-none ultp-block-image-overlay ultp-block-image-simgleGradient\"><a href=\"https:\/\/www.ovigilanteonline.com.br\/site\/2026\/04\/28\/carro-na-contramao-provoca-acidente-com-motociclista-proximo-ao-hospital-de-leopoldina\/\" ><img decoding=\"async\"  alt=\"Carro na contram\u00e3o provoca acidente com motociclista pr\u00f3ximo ao Hospital de Leopoldina\"  src=\"https:\/\/www.ovigilanteonline.com.br\/site\/wp-content\/uploads\/2026\/04\/WhatsApp-Image-2026-04-28-at-08.57.07-870x570.jpeg\" \/><\/a><\/div><div class=\"ultp-block-content ultp-block-content-bottomPosition\"><div class=\"ultp-block-content-inner\"><h3 class=\"ultp-block-title \"><a href=\"https:\/\/www.ovigilanteonline.com.br\/site\/2026\/04\/28\/carro-na-contramao-provoca-acidente-com-motociclista-proximo-ao-hospital-de-leopoldina\/\" >Carro na contram\u00e3o provoca acidente com motociclista pr\u00f3ximo ao Hospital de Leopoldina<\/a><\/h3><\/div><\/div><\/div><\/div><div class=\"ultp-block-item post-id-452251\"><div class=\"ultp-block-content-wrap ultp-block-content-overlay\"><div class=\"ultp-block-image ultp-block-image-none ultp-block-image-overlay ultp-block-image-simgleGradient\"><a href=\"https:\/\/www.ovigilanteonline.com.br\/site\/2026\/04\/28\/livro-caminhos-poeticos-em-tracos-e-lancado-em-leopoldina-com-exposicao-de-arte-e-sessao-de-autografos\/\" ><img decoding=\"async\"  alt=\"Livro &#8216;Caminhos Po\u00e9ticos em Tra\u00e7os&#8217; \u00e9 lan\u00e7ado em Leopoldina com exposi\u00e7\u00e3o de arte e sess\u00e3o de aut\u00f3grafos\"  src=\"https:\/\/www.ovigilanteonline.com.br\/site\/wp-content\/uploads\/2026\/04\/WhatsApp-Image-2026-04-27-at-13.12.51-870x570.jpeg\" \/><\/a><\/div><div class=\"ultp-block-content ultp-block-content-bottomPosition\"><div class=\"ultp-block-content-inner\"><h3 class=\"ultp-block-title \"><a href=\"https:\/\/www.ovigilanteonline.com.br\/site\/2026\/04\/28\/livro-caminhos-poeticos-em-tracos-e-lancado-em-leopoldina-com-exposicao-de-arte-e-sessao-de-autografos\/\" >Livro &#8216;Caminhos Po\u00e9ticos em Tra\u00e7os&#8217; \u00e9 lan\u00e7ado em Leopoldina com exposi\u00e7\u00e3o de arte e sess\u00e3o de aut\u00f3grafos<\/a><\/h3><\/div><\/div><\/div><\/div><div class=\"ultp-block-item post-id-452235\"><div class=\"ultp-block-content-wrap ultp-block-content-overlay\"><div class=\"ultp-block-image ultp-block-image-none ultp-block-image-overlay ultp-block-image-simgleGradient\"><a href=\"https:\/\/www.ovigilanteonline.com.br\/site\/2026\/04\/27\/energisa-anuncia-novo-diretor-presidente\/\" ><img decoding=\"async\"  alt=\"\u00a0Energisa Minas Rio anuncia novo diretor-presidente\"  src=\"https:\/\/www.ovigilanteonline.com.br\/site\/wp-content\/uploads\/2026\/04\/g6f2g6.jpg\" \/><\/a><\/div><div class=\"ultp-block-content ultp-block-content-bottomPosition\"><div class=\"ultp-block-content-inner\"><h3 class=\"ultp-block-title \"><a href=\"https:\/\/www.ovigilanteonline.com.br\/site\/2026\/04\/27\/energisa-anuncia-novo-diretor-presidente\/\" >\u00a0Energisa Minas Rio anuncia novo diretor-presidente<\/a><\/h3><\/div><\/div><\/div><\/div><\/div><\/div><div class=\"pagination-block-html\" aria-hidden=\"true\" style=\"display: none;\"><\/div><\/div>\n\n<div id=\"ovigi-302101562\">\r\n<p class=\"has-text-align-center has-small-font-size\">continua depois da publicidade<\/p>\r\n\r\n\r\n\r\n<hr class=\"wp-block-separator has-alpha-channel-opacity is-style-wide\"\/>\r\n\r\n\r\n\r\n<figure class=\"wp-block-gallery has-nested-images columns-default is-cropped wp-block-gallery-1 is-layout-flex wp-block-gallery-is-layout-flex\">\r\n<figure class=\"wp-block-image size-full\"><a href=\"https:\/\/www.sudamerica.edu.br\/\" target=\"_blank\" rel=\"noreferrer noopener\"><img decoding=\"async\" src=\"https:\/\/www.ovigilanteonline.com.br\/site\/wp-content\/uploads\/2026\/02\/SnapInsta.to_628000938_1521401246660064_2104497882800752476_n.jpg\" alt=\"\" class=\"wp-image-428831\"\/><\/a><\/figure>\r\n\r\n\r\n\r\n<figure class=\"wp-block-image size-large\"><a href=\"https:\/\/www.instagram.com\/curtastone\/\" target=\"_blank\" rel=\"noreferrer noopener\"><img decoding=\"async\" data-id=\"395070\" src=\"https:\/\/www.ovigilanteonline.com.br\/site\/wp-content\/uploads\/2026\/04\/SaveClip.App_651062745_18342989695242544_3625357231814875842_n.jpg\" alt=\"\" class=\"wp-image-395070\"\/><\/a><\/figure>\r\n<\/figure>\r\n\r\n\r\n\r\n<hr class=\"wp-block-separator has-alpha-channel-opacity is-style-wide\"\/>\r\n\r\n<\/div>","protected":false},"excerpt":{"rendered":"<p>Natural de Piacatuba, autor conquista dois pr\u00eamios na Bienal do Livro da Bahia ao lado do filho de 5 anos Uma hist\u00f3ria que come\u00e7ou na hora de dormir, entre imagina\u00e7\u00e3o e afeto, ganhou o mundo e rendeu reconhecimento nacional. Natural de Piacatuba, distrito de Leopoldina, o escritor Jos\u00e9 S\u00e9rgio Fajardo, de 34 anos, transformou momentos [&hellip;]<\/p>\n","protected":false},"author":2,"featured_media":452268,"comment_status":"open","ping_status":"closed","sticky":false,"template":"","format":"standard","meta":{"footnotes":""},"categories":[1,26],"tags":[],"class_list":["post-452266","post","type-post","status-publish","format-standard","has-post-thumbnail","hentry","category-destaque","category-ultimas-noticias"],"yoast_head":"<!-- This site is optimized with the Yoast SEO plugin v27.4 - https:\/\/yoast.com\/product\/yoast-seo-wordpress\/ -->\n<title>De Piacatuba para a Bienal: pai transforma hist\u00f3rias com o filho em livros premiados<\/title>\n<meta name=\"robots\" content=\"index, follow, max-snippet:-1, max-image-preview:large, max-video-preview:-1\" \/>\n<link rel=\"canonical\" href=\"https:\/\/www.ovigilanteonline.com.br\/site\/2026\/04\/28\/de-piacatuba-para-a-bienal-pai-transforma-historias-com-o-filho-em-livros-premiados\/\" \/>\n<meta property=\"og:locale\" content=\"pt_BR\" \/>\n<meta property=\"og:type\" content=\"article\" \/>\n<meta property=\"og:title\" content=\"De Piacatuba para a Bienal: pai transforma hist\u00f3rias com o filho em livros premiados\" \/>\n<meta property=\"og:description\" content=\"Natural de Piacatuba, autor conquista dois pr\u00eamios na Bienal do Livro da Bahia ao lado do filho de 5 anos Uma hist\u00f3ria que come\u00e7ou na hora de dormir, entre imagina\u00e7\u00e3o e afeto, ganhou o mundo e rendeu reconhecimento nacional. Natural de Piacatuba, distrito de Leopoldina, o escritor Jos\u00e9 S\u00e9rgio Fajardo, de 34 anos, transformou momentos [&hellip;]\" \/>\n<meta property=\"og:url\" content=\"https:\/\/www.ovigilanteonline.com.br\/site\/2026\/04\/28\/de-piacatuba-para-a-bienal-pai-transforma-historias-com-o-filho-em-livros-premiados\/\" \/>\n<meta property=\"og:site_name\" content=\"O VIGILANTE ONLINE\" \/>\n<meta property=\"article:publisher\" content=\"https:\/\/www.facebook.com\/ovigilanteonline\" \/>\n<meta property=\"article:published_time\" content=\"2026-04-28T18:44:46+00:00\" \/>\n<meta property=\"article:modified_time\" content=\"2026-04-28T18:44:51+00:00\" \/>\n<meta property=\"og:image\" content=\"https:\/\/www.ovigilanteonline.com.br\/site\/wp-content\/uploads\/2026\/04\/WhatsApp-Image-2026-04-25-at-09.27.48.jpeg\" \/>\n\t<meta property=\"og:image:width\" content=\"1534\" \/>\n\t<meta property=\"og:image:height\" content=\"936\" \/>\n\t<meta property=\"og:image:type\" content=\"image\/jpeg\" \/>\n<meta name=\"author\" content=\"Jornalismo\" \/>\n<meta name=\"twitter:card\" content=\"summary_large_image\" \/>\n<meta name=\"twitter:label1\" content=\"Escrito por\" \/>\n\t<meta name=\"twitter:data1\" content=\"Jornalismo\" \/>\n\t<meta name=\"twitter:label2\" content=\"Est. tempo de leitura\" \/>\n\t<meta name=\"twitter:data2\" content=\"3 minutos\" \/>\n<script type=\"application\/ld+json\" class=\"yoast-schema-graph\">{\"@context\":\"https:\\\/\\\/schema.org\",\"@graph\":[{\"@type\":\"Article\",\"@id\":\"https:\\\/\\\/www.ovigilanteonline.com.br\\\/site\\\/2026\\\/04\\\/28\\\/de-piacatuba-para-a-bienal-pai-transforma-historias-com-o-filho-em-livros-premiados\\\/#article\",\"isPartOf\":{\"@id\":\"https:\\\/\\\/www.ovigilanteonline.com.br\\\/site\\\/2026\\\/04\\\/28\\\/de-piacatuba-para-a-bienal-pai-transforma-historias-com-o-filho-em-livros-premiados\\\/\"},\"author\":{\"name\":\"Jornalismo\",\"@id\":\"https:\\\/\\\/www.ovigilanteonline.com.br\\\/site\\\/#\\\/schema\\\/person\\\/538fdfb33c0c411cd14a732e7cf14aa6\"},\"headline\":\"De Piacatuba para a Bienal: pai transforma hist\u00f3rias com o filho em livros premiados\",\"datePublished\":\"2026-04-28T18:44:46+00:00\",\"dateModified\":\"2026-04-28T18:44:51+00:00\",\"mainEntityOfPage\":{\"@id\":\"https:\\\/\\\/www.ovigilanteonline.com.br\\\/site\\\/2026\\\/04\\\/28\\\/de-piacatuba-para-a-bienal-pai-transforma-historias-com-o-filho-em-livros-premiados\\\/\"},\"wordCount\":473,\"commentCount\":0,\"image\":{\"@id\":\"https:\\\/\\\/www.ovigilanteonline.com.br\\\/site\\\/2026\\\/04\\\/28\\\/de-piacatuba-para-a-bienal-pai-transforma-historias-com-o-filho-em-livros-premiados\\\/#primaryimage\"},\"thumbnailUrl\":\"https:\\\/\\\/www.ovigilanteonline.com.br\\\/site\\\/wp-content\\\/uploads\\\/2026\\\/04\\\/WhatsApp-Image-2026-04-25-at-09.27.48.jpeg\",\"articleSection\":[\"Destaque\",\"\u00daltimas Not\u00edcias\"],\"inLanguage\":\"pt-BR\",\"potentialAction\":[{\"@type\":\"CommentAction\",\"name\":\"Comment\",\"target\":[\"https:\\\/\\\/www.ovigilanteonline.com.br\\\/site\\\/2026\\\/04\\\/28\\\/de-piacatuba-para-a-bienal-pai-transforma-historias-com-o-filho-em-livros-premiados\\\/#respond\"]}]},{\"@type\":\"WebPage\",\"@id\":\"https:\\\/\\\/www.ovigilanteonline.com.br\\\/site\\\/2026\\\/04\\\/28\\\/de-piacatuba-para-a-bienal-pai-transforma-historias-com-o-filho-em-livros-premiados\\\/\",\"url\":\"https:\\\/\\\/www.ovigilanteonline.com.br\\\/site\\\/2026\\\/04\\\/28\\\/de-piacatuba-para-a-bienal-pai-transforma-historias-com-o-filho-em-livros-premiados\\\/\",\"name\":\"De Piacatuba para a Bienal: pai transforma hist\u00f3rias com o filho em livros premiados\",\"isPartOf\":{\"@id\":\"https:\\\/\\\/www.ovigilanteonline.com.br\\\/site\\\/#website\"},\"primaryImageOfPage\":{\"@id\":\"https:\\\/\\\/www.ovigilanteonline.com.br\\\/site\\\/2026\\\/04\\\/28\\\/de-piacatuba-para-a-bienal-pai-transforma-historias-com-o-filho-em-livros-premiados\\\/#primaryimage\"},\"image\":{\"@id\":\"https:\\\/\\\/www.ovigilanteonline.com.br\\\/site\\\/2026\\\/04\\\/28\\\/de-piacatuba-para-a-bienal-pai-transforma-historias-com-o-filho-em-livros-premiados\\\/#primaryimage\"},\"thumbnailUrl\":\"https:\\\/\\\/www.ovigilanteonline.com.br\\\/site\\\/wp-content\\\/uploads\\\/2026\\\/04\\\/WhatsApp-Image-2026-04-25-at-09.27.48.jpeg\",\"datePublished\":\"2026-04-28T18:44:46+00:00\",\"dateModified\":\"2026-04-28T18:44:51+00:00\",\"author\":{\"@id\":\"https:\\\/\\\/www.ovigilanteonline.com.br\\\/site\\\/#\\\/schema\\\/person\\\/538fdfb33c0c411cd14a732e7cf14aa6\"},\"breadcrumb\":{\"@id\":\"https:\\\/\\\/www.ovigilanteonline.com.br\\\/site\\\/2026\\\/04\\\/28\\\/de-piacatuba-para-a-bienal-pai-transforma-historias-com-o-filho-em-livros-premiados\\\/#breadcrumb\"},\"inLanguage\":\"pt-BR\",\"potentialAction\":[{\"@type\":\"ReadAction\",\"target\":[\"https:\\\/\\\/www.ovigilanteonline.com.br\\\/site\\\/2026\\\/04\\\/28\\\/de-piacatuba-para-a-bienal-pai-transforma-historias-com-o-filho-em-livros-premiados\\\/\"]}]},{\"@type\":\"ImageObject\",\"inLanguage\":\"pt-BR\",\"@id\":\"https:\\\/\\\/www.ovigilanteonline.com.br\\\/site\\\/2026\\\/04\\\/28\\\/de-piacatuba-para-a-bienal-pai-transforma-historias-com-o-filho-em-livros-premiados\\\/#primaryimage\",\"url\":\"https:\\\/\\\/www.ovigilanteonline.com.br\\\/site\\\/wp-content\\\/uploads\\\/2026\\\/04\\\/WhatsApp-Image-2026-04-25-at-09.27.48.jpeg\",\"contentUrl\":\"https:\\\/\\\/www.ovigilanteonline.com.br\\\/site\\\/wp-content\\\/uploads\\\/2026\\\/04\\\/WhatsApp-Image-2026-04-25-at-09.27.48.jpeg\",\"width\":1534,\"height\":936},{\"@type\":\"BreadcrumbList\",\"@id\":\"https:\\\/\\\/www.ovigilanteonline.com.br\\\/site\\\/2026\\\/04\\\/28\\\/de-piacatuba-para-a-bienal-pai-transforma-historias-com-o-filho-em-livros-premiados\\\/#breadcrumb\",\"itemListElement\":[{\"@type\":\"ListItem\",\"position\":1,\"name\":\"In\u00edcio\",\"item\":\"https:\\\/\\\/www.ovigilanteonline.com.br\\\/site\\\/\"},{\"@type\":\"ListItem\",\"position\":2,\"name\":\"De Piacatuba para a Bienal: pai transforma hist\u00f3rias com o filho em livros premiados\"}]},{\"@type\":\"WebSite\",\"@id\":\"https:\\\/\\\/www.ovigilanteonline.com.br\\\/site\\\/#website\",\"url\":\"https:\\\/\\\/www.ovigilanteonline.com.br\\\/site\\\/\",\"name\":\"O VIGILANTE ONLINE - Not\u00edcias de Leopoldina e regi\u00e3o\",\"description\":\"\",\"potentialAction\":[{\"@type\":\"SearchAction\",\"target\":{\"@type\":\"EntryPoint\",\"urlTemplate\":\"https:\\\/\\\/www.ovigilanteonline.com.br\\\/site\\\/?s={search_term_string}\"},\"query-input\":{\"@type\":\"PropertyValueSpecification\",\"valueRequired\":true,\"valueName\":\"search_term_string\"}}],\"inLanguage\":\"pt-BR\"},{\"@type\":\"Person\",\"@id\":\"https:\\\/\\\/www.ovigilanteonline.com.br\\\/site\\\/#\\\/schema\\\/person\\\/538fdfb33c0c411cd14a732e7cf14aa6\",\"name\":\"Jornalismo\"}]}<\/script>\n<!-- \/ Yoast SEO plugin. -->","yoast_head_json":{"title":"De Piacatuba para a Bienal: pai transforma hist\u00f3rias com o filho em livros premiados","robots":{"index":"index","follow":"follow","max-snippet":"max-snippet:-1","max-image-preview":"max-image-preview:large","max-video-preview":"max-video-preview:-1"},"canonical":"https:\/\/www.ovigilanteonline.com.br\/site\/2026\/04\/28\/de-piacatuba-para-a-bienal-pai-transforma-historias-com-o-filho-em-livros-premiados\/","og_locale":"pt_BR","og_type":"article","og_title":"De Piacatuba para a Bienal: pai transforma hist\u00f3rias com o filho em livros premiados","og_description":"Natural de Piacatuba, autor conquista dois pr\u00eamios na Bienal do Livro da Bahia ao lado do filho de 5 anos Uma hist\u00f3ria que come\u00e7ou na hora de dormir, entre imagina\u00e7\u00e3o e afeto, ganhou o mundo e rendeu reconhecimento nacional. Natural de Piacatuba, distrito de Leopoldina, o escritor Jos\u00e9 S\u00e9rgio Fajardo, de 34 anos, transformou momentos [&hellip;]","og_url":"https:\/\/www.ovigilanteonline.com.br\/site\/2026\/04\/28\/de-piacatuba-para-a-bienal-pai-transforma-historias-com-o-filho-em-livros-premiados\/","og_site_name":"O VIGILANTE ONLINE","article_publisher":"https:\/\/www.facebook.com\/ovigilanteonline","article_published_time":"2026-04-28T18:44:46+00:00","article_modified_time":"2026-04-28T18:44:51+00:00","og_image":[{"width":1534,"height":936,"url":"https:\/\/www.ovigilanteonline.com.br\/site\/wp-content\/uploads\/2026\/04\/WhatsApp-Image-2026-04-25-at-09.27.48.jpeg","type":"image\/jpeg"}],"author":"Jornalismo","twitter_card":"summary_large_image","twitter_misc":{"Escrito por":"Jornalismo","Est. tempo de leitura":"3 minutos"},"schema":{"@context":"https:\/\/schema.org","@graph":[{"@type":"Article","@id":"https:\/\/www.ovigilanteonline.com.br\/site\/2026\/04\/28\/de-piacatuba-para-a-bienal-pai-transforma-historias-com-o-filho-em-livros-premiados\/#article","isPartOf":{"@id":"https:\/\/www.ovigilanteonline.com.br\/site\/2026\/04\/28\/de-piacatuba-para-a-bienal-pai-transforma-historias-com-o-filho-em-livros-premiados\/"},"author":{"name":"Jornalismo","@id":"https:\/\/www.ovigilanteonline.com.br\/site\/#\/schema\/person\/538fdfb33c0c411cd14a732e7cf14aa6"},"headline":"De Piacatuba para a Bienal: pai transforma hist\u00f3rias com o filho em livros premiados","datePublished":"2026-04-28T18:44:46+00:00","dateModified":"2026-04-28T18:44:51+00:00","mainEntityOfPage":{"@id":"https:\/\/www.ovigilanteonline.com.br\/site\/2026\/04\/28\/de-piacatuba-para-a-bienal-pai-transforma-historias-com-o-filho-em-livros-premiados\/"},"wordCount":473,"commentCount":0,"image":{"@id":"https:\/\/www.ovigilanteonline.com.br\/site\/2026\/04\/28\/de-piacatuba-para-a-bienal-pai-transforma-historias-com-o-filho-em-livros-premiados\/#primaryimage"},"thumbnailUrl":"https:\/\/www.ovigilanteonline.com.br\/site\/wp-content\/uploads\/2026\/04\/WhatsApp-Image-2026-04-25-at-09.27.48.jpeg","articleSection":["Destaque","\u00daltimas Not\u00edcias"],"inLanguage":"pt-BR","potentialAction":[{"@type":"CommentAction","name":"Comment","target":["https:\/\/www.ovigilanteonline.com.br\/site\/2026\/04\/28\/de-piacatuba-para-a-bienal-pai-transforma-historias-com-o-filho-em-livros-premiados\/#respond"]}]},{"@type":"WebPage","@id":"https:\/\/www.ovigilanteonline.com.br\/site\/2026\/04\/28\/de-piacatuba-para-a-bienal-pai-transforma-historias-com-o-filho-em-livros-premiados\/","url":"https:\/\/www.ovigilanteonline.com.br\/site\/2026\/04\/28\/de-piacatuba-para-a-bienal-pai-transforma-historias-com-o-filho-em-livros-premiados\/","name":"De Piacatuba para a Bienal: pai transforma hist\u00f3rias com o filho em livros premiados","isPartOf":{"@id":"https:\/\/www.ovigilanteonline.com.br\/site\/#website"},"primaryImageOfPage":{"@id":"https:\/\/www.ovigilanteonline.com.br\/site\/2026\/04\/28\/de-piacatuba-para-a-bienal-pai-transforma-historias-com-o-filho-em-livros-premiados\/#primaryimage"},"image":{"@id":"https:\/\/www.ovigilanteonline.com.br\/site\/2026\/04\/28\/de-piacatuba-para-a-bienal-pai-transforma-historias-com-o-filho-em-livros-premiados\/#primaryimage"},"thumbnailUrl":"https:\/\/www.ovigilanteonline.com.br\/site\/wp-content\/uploads\/2026\/04\/WhatsApp-Image-2026-04-25-at-09.27.48.jpeg","datePublished":"2026-04-28T18:44:46+00:00","dateModified":"2026-04-28T18:44:51+00:00","author":{"@id":"https:\/\/www.ovigilanteonline.com.br\/site\/#\/schema\/person\/538fdfb33c0c411cd14a732e7cf14aa6"},"breadcrumb":{"@id":"https:\/\/www.ovigilanteonline.com.br\/site\/2026\/04\/28\/de-piacatuba-para-a-bienal-pai-transforma-historias-com-o-filho-em-livros-premiados\/#breadcrumb"},"inLanguage":"pt-BR","potentialAction":[{"@type":"ReadAction","target":["https:\/\/www.ovigilanteonline.com.br\/site\/2026\/04\/28\/de-piacatuba-para-a-bienal-pai-transforma-historias-com-o-filho-em-livros-premiados\/"]}]},{"@type":"ImageObject","inLanguage":"pt-BR","@id":"https:\/\/www.ovigilanteonline.com.br\/site\/2026\/04\/28\/de-piacatuba-para-a-bienal-pai-transforma-historias-com-o-filho-em-livros-premiados\/#primaryimage","url":"https:\/\/www.ovigilanteonline.com.br\/site\/wp-content\/uploads\/2026\/04\/WhatsApp-Image-2026-04-25-at-09.27.48.jpeg","contentUrl":"https:\/\/www.ovigilanteonline.com.br\/site\/wp-content\/uploads\/2026\/04\/WhatsApp-Image-2026-04-25-at-09.27.48.jpeg","width":1534,"height":936},{"@type":"BreadcrumbList","@id":"https:\/\/www.ovigilanteonline.com.br\/site\/2026\/04\/28\/de-piacatuba-para-a-bienal-pai-transforma-historias-com-o-filho-em-livros-premiados\/#breadcrumb","itemListElement":[{"@type":"ListItem","position":1,"name":"In\u00edcio","item":"https:\/\/www.ovigilanteonline.com.br\/site\/"},{"@type":"ListItem","position":2,"name":"De Piacatuba para a Bienal: pai transforma hist\u00f3rias com o filho em livros premiados"}]},{"@type":"WebSite","@id":"https:\/\/www.ovigilanteonline.com.br\/site\/#website","url":"https:\/\/www.ovigilanteonline.com.br\/site\/","name":"O VIGILANTE ONLINE - Not\u00edcias de Leopoldina e regi\u00e3o","description":"","potentialAction":[{"@type":"SearchAction","target":{"@type":"EntryPoint","urlTemplate":"https:\/\/www.ovigilanteonline.com.br\/site\/?s={search_term_string}"},"query-input":{"@type":"PropertyValueSpecification","valueRequired":true,"valueName":"search_term_string"}}],"inLanguage":"pt-BR"},{"@type":"Person","@id":"https:\/\/www.ovigilanteonline.com.br\/site\/#\/schema\/person\/538fdfb33c0c411cd14a732e7cf14aa6","name":"Jornalismo"}]}},"cc_featured_image_caption":{"caption_text":"Jos\u00e9 S\u00e9rgio\/Arquivo Pessoal","source_text":"","source_url":""},"_links":{"self":[{"href":"https:\/\/www.ovigilanteonline.com.br\/site\/wp-json\/wp\/v2\/posts\/452266","targetHints":{"allow":["GET"]}}],"collection":[{"href":"https:\/\/www.ovigilanteonline.com.br\/site\/wp-json\/wp\/v2\/posts"}],"about":[{"href":"https:\/\/www.ovigilanteonline.com.br\/site\/wp-json\/wp\/v2\/types\/post"}],"author":[{"embeddable":true,"href":"https:\/\/www.ovigilanteonline.com.br\/site\/wp-json\/wp\/v2\/users\/2"}],"replies":[{"embeddable":true,"href":"https:\/\/www.ovigilanteonline.com.br\/site\/wp-json\/wp\/v2\/comments?post=452266"}],"version-history":[{"count":1,"href":"https:\/\/www.ovigilanteonline.com.br\/site\/wp-json\/wp\/v2\/posts\/452266\/revisions"}],"predecessor-version":[{"id":452272,"href":"https:\/\/www.ovigilanteonline.com.br\/site\/wp-json\/wp\/v2\/posts\/452266\/revisions\/452272"}],"wp:featuredmedia":[{"embeddable":true,"href":"https:\/\/www.ovigilanteonline.com.br\/site\/wp-json\/wp\/v2\/media\/452268"}],"wp:attachment":[{"href":"https:\/\/www.ovigilanteonline.com.br\/site\/wp-json\/wp\/v2\/media?parent=452266"}],"wp:term":[{"taxonomy":"category","embeddable":true,"href":"https:\/\/www.ovigilanteonline.com.br\/site\/wp-json\/wp\/v2\/categories?post=452266"},{"taxonomy":"post_tag","embeddable":true,"href":"https:\/\/www.ovigilanteonline.com.br\/site\/wp-json\/wp\/v2\/tags?post=452266"}],"curies":[{"name":"wp","href":"https:\/\/api.w.org\/{rel}","templated":true}]}}