{"id":452260,"date":"2026-04-28T11:03:57","date_gmt":"2026-04-28T14:03:57","guid":{"rendered":"https:\/\/www.ovigilanteonline.com.br\/site\/?p=452260"},"modified":"2026-04-29T07:46:19","modified_gmt":"2026-04-29T10:46:19","slug":"carro-na-contramao-provoca-acidente-com-motociclista-proximo-ao-hospital-de-leopoldina","status":"publish","type":"post","link":"https:\/\/www.ovigilanteonline.com.br\/site\/2026\/04\/28\/carro-na-contramao-provoca-acidente-com-motociclista-proximo-ao-hospital-de-leopoldina\/","title":{"rendered":"Carro na contram\u00e3o provoca acidente com motociclista pr\u00f3ximo ao Hospital de Leopoldina"},"content":{"rendered":"\n<h3 class=\"wp-block-heading\"><strong><em>Condutor do Palio n\u00e3o possui CNH e alegou desconhecer que a Rua Padre J\u00falio \u00e9 m\u00e3o \u00fanica<\/em><\/strong>. <strong><em>Motociclista sofreu ferimentos no p\u00e9, bra\u00e7o e cabe\u00e7a. <\/em><\/strong><\/h3>\n\n\n\n<p>Um acidente de tr\u00e2nsito com v\u00edtima foi registrado pela Pol\u00edcia Militar na Rua Padre J\u00falio, no Centro de Leopoldina, envolvendo um carro e uma motocicleta. A ocorr\u00eancia foi registrada nesta ter\u00e7a-feira, 28 de abril, pr\u00f3ximo \u00e0 Casa de Caridade Leopoldinense.<\/p>\n\n\n\n<p>No local, os militares encontraram o condutor da motocicleta, um jovem de 19 anos, sentado no passeio ap\u00f3s a colis\u00e3o. Ele conduzia uma Honda CG 160, de cor branca, quando se envolveu no acidente. Segundo relato, o motociclista seguia normalmente pela via quando se deparou com um ve\u00edculo Fiat Palio trafegando na contram\u00e3o de dire\u00e7\u00e3o.<\/p>\n\n\n\n<p>De acordo com o pr\u00f3prio motociclista, n\u00e3o foi poss\u00edvel evitar a colis\u00e3o devido \u00e0 largura estreita da rua e \u00e0 presen\u00e7a de ve\u00edculos estacionados ao longo da via. Com o impacto, ele caiu e bateu a cabe\u00e7a. Apesar de utilizar capacete, sofreu um corte na parte esquerda da cabe\u00e7a.<\/p>\n\n\n\n<p>O condutor do autom\u00f3vel, um homem de 40 anos, relatou aos agentes que n\u00e3o \u00e9 morador de Leopoldina e que desconhecia que a Rua Padre J\u00falio \u00e9 de m\u00e3o \u00fanica, o que teria ocasionado o acidente.<\/p>\n\n\n<div id=\"ovigi-1998490955\">\r\n<p class=\"has-text-align-center has-small-font-size\">continua depois da publicidade<\/p>\r\n\r\n\r\n\r\n<hr class=\"wp-block-separator has-alpha-channel-opacity is-style-wide\"\/>\r\n\r\n\r\n<center> \r\n<figure class=\"wp-block-image size-large\"><a href=\"https:\/\/www.instagram.com\/unimedleopoldina241\/\" target=\"_blank\" rel=\"noreferrer noopener\"><img decoding=\"async\" src=\"https:\/\/www.ovigilanteonline.com.br\/site\/wp-content\/uploads\/2026\/04\/UNIMED-NOVO.jpg\" alt=\"\" class=\"wp-image-395070\"\/><\/a><\/figure>\r\n<\/figure>\r\n<!-- \/wp:gallery --> <\/center>\r\n\r\n<!-- wp:separator {\"className\":\"is-style-wide\"} -->\r\n<hr class=\"wp-block-separator has-alpha-channel-opacity is-style-wide\"\/>\r\n<!-- \/wp:separator -->\r\n<\/div>\n\n\n<p>Conforme apurado pela Reportagem, foi constatado que o ve\u00edculo Fiat Palio estava com o licenciamento em situa\u00e7\u00e3o irregular, referente ao exerc\u00edcio de 2021. Ainda durante a verifica\u00e7\u00e3o, os policiais identificaram que o condutor n\u00e3o possu\u00eda habilita\u00e7\u00e3o. <\/p>\n\n\n\n<p>Diante das irregularidades, foram lavrados os autos de infra\u00e7\u00e3o de tr\u00e2nsito e adotadas as medidas administrativas cab\u00edveis e a ocorr\u00eancia encaminhada \u00e0 Delegacia de Pol\u00edcia Civil de Leopoldina.<\/p>\n\n\n\n<p>O motociclista precisou passar por exames de radiografia devido \u00e0 suspeita de les\u00e3o no p\u00e9 esquerdo, al\u00e9m de apresentar escoria\u00e7\u00f5es no bra\u00e7o direito e corte na cabe\u00e7a. Ap\u00f3s os procedimentos, foi acionado o Auto Socorro S\u00e3o Pedro para a remo\u00e7\u00e3o do ve\u00edculo ao p\u00e1tio credenciado.<\/p>\n\n\n<div  class=\"wp-block-ultimate-post-heading ultp-block-3745ea\"><div class=\"ultp-block-wrapper\"><div class=\"ultp-heading-wrap ultp-heading-style18 ultp-heading-left\"><h2 class=\"ultp-heading-inner\"><span>Leia tamb\u00e9m<\/span><\/h2><\/div><\/div><\/div>\n\n<div  class=\"ultp-post-grid-block wp-block-ultimate-post-post-grid-2 ultp-block-956340\"><div class=\"ultp-block-wrapper\"><div class=\"ultp-loading\"><div class=\"ultp-loading-blocks\" style=\"width:100%;height:100%;\"><div style=\"left: 0;top: 0;animation-delay:0s;\"><\/div><div style=\"left: 21px;top: 0;animation-delay:0.125s;\"><\/div><div style=\"left: 42px;top: 0;animation-delay:0.25s;\"><\/div><div style=\"left: 0;top: 21px;animation-delay:0.875s;\"><\/div><div style=\"left: 42px;top: 21px;animation-delay:0.375s;\"><\/div><div style=\"left: 0;top: 42px;animation-delay:0.75s;\"><\/div><div style=\"left: 42px;top: 42px;animation-delay:0.625s;\"><\/div><div style=\"left: 21px;top: 42px;animation-delay:0.5s;\"><\/div><\/div><\/div><div class=\"ultp-block-items-wrap ultp-block-row\"><div class=\"ultp-block-item post-id-452280\"><div class=\"ultp-block-content-wrap ultp-block-content-overlay\"><div class=\"ultp-block-image ultp-block-image-none ultp-block-image-overlay ultp-block-image-simgleGradient\"><a href=\"https:\/\/www.ovigilanteonline.com.br\/site\/2026\/04\/29\/processo-seletivo-do-cisdeste-oferece-vagas-para-o-samu-em-leopoldina-e-regiao\/\" ><img decoding=\"async\"  alt=\"Processo seletivo do CISDESTE oferece vagas para o SAMU em Leopoldina e regi\u00e3o\"  src=\"https:\/\/www.ovigilanteonline.com.br\/site\/wp-content\/uploads\/2026\/04\/ccl-pronto-socorro-hospital-samu-4-870x570.jpeg\" \/><\/a><\/div><div class=\"ultp-block-content ultp-block-content-bottomPosition\"><div class=\"ultp-block-content-inner\"><h3 class=\"ultp-block-title \"><a href=\"https:\/\/www.ovigilanteonline.com.br\/site\/2026\/04\/29\/processo-seletivo-do-cisdeste-oferece-vagas-para-o-samu-em-leopoldina-e-regiao\/\" >Processo seletivo do CISDESTE oferece vagas para o SAMU em Leopoldina e regi\u00e3o<\/a><\/h3><\/div><\/div><\/div><\/div><div class=\"ultp-block-item post-id-452274\"><div class=\"ultp-block-content-wrap ultp-block-content-overlay\"><div class=\"ultp-block-image ultp-block-image-none ultp-block-image-overlay ultp-block-image-simgleGradient\"><a href=\"https:\/\/www.ovigilanteonline.com.br\/site\/2026\/04\/28\/pm-apreende-242-pinos-de-cocaina-durante-acao-no-eldorado\/\" ><img decoding=\"async\"  alt=\"PM apreende 242 pinos de coca\u00edna durante a\u00e7\u00e3o no Eldorado\"  src=\"https:\/\/www.ovigilanteonline.com.br\/site\/wp-content\/uploads\/2026\/04\/WhatsApp-Image-2026-04-28-at-16.43.41-870x570.jpeg\" \/><\/a><\/div><div class=\"ultp-block-content ultp-block-content-bottomPosition\"><div class=\"ultp-block-content-inner\"><h3 class=\"ultp-block-title \"><a href=\"https:\/\/www.ovigilanteonline.com.br\/site\/2026\/04\/28\/pm-apreende-242-pinos-de-cocaina-durante-acao-no-eldorado\/\" >PM apreende 242 pinos de coca\u00edna durante a\u00e7\u00e3o no Eldorado<\/a><\/h3><\/div><\/div><\/div><\/div><div class=\"ultp-block-item post-id-452266\"><div class=\"ultp-block-content-wrap ultp-block-content-overlay\"><div class=\"ultp-block-image ultp-block-image-none ultp-block-image-overlay ultp-block-image-simgleGradient\"><a href=\"https:\/\/www.ovigilanteonline.com.br\/site\/2026\/04\/28\/de-piacatuba-para-a-bienal-pai-transforma-historias-com-o-filho-em-livros-premiados\/\" ><img decoding=\"async\"  alt=\"De Piacatuba para a Bienal: pai transforma hist\u00f3rias com o filho em livros premiados\"  src=\"https:\/\/www.ovigilanteonline.com.br\/site\/wp-content\/uploads\/2026\/04\/WhatsApp-Image-2026-04-25-at-09.27.48-870x570.jpeg\" \/><\/a><\/div><div class=\"ultp-block-content ultp-block-content-bottomPosition\"><div class=\"ultp-block-content-inner\"><h3 class=\"ultp-block-title \"><a href=\"https:\/\/www.ovigilanteonline.com.br\/site\/2026\/04\/28\/de-piacatuba-para-a-bienal-pai-transforma-historias-com-o-filho-em-livros-premiados\/\" >De Piacatuba para a Bienal: pai transforma hist\u00f3rias com o filho em livros premiados<\/a><\/h3><\/div><\/div><\/div><\/div><div class=\"ultp-block-item post-id-452260\"><div class=\"ultp-block-content-wrap ultp-block-content-overlay\"><div class=\"ultp-block-image ultp-block-image-none ultp-block-image-overlay ultp-block-image-simgleGradient\"><a href=\"https:\/\/www.ovigilanteonline.com.br\/site\/2026\/04\/28\/carro-na-contramao-provoca-acidente-com-motociclista-proximo-ao-hospital-de-leopoldina\/\" ><img decoding=\"async\"  alt=\"Carro na contram\u00e3o provoca acidente com motociclista pr\u00f3ximo ao Hospital de Leopoldina\"  src=\"https:\/\/www.ovigilanteonline.com.br\/site\/wp-content\/uploads\/2026\/04\/WhatsApp-Image-2026-04-28-at-08.57.07-870x570.jpeg\" \/><\/a><\/div><div class=\"ultp-block-content ultp-block-content-bottomPosition\"><div class=\"ultp-block-content-inner\"><h3 class=\"ultp-block-title \"><a href=\"https:\/\/www.ovigilanteonline.com.br\/site\/2026\/04\/28\/carro-na-contramao-provoca-acidente-com-motociclista-proximo-ao-hospital-de-leopoldina\/\" >Carro na contram\u00e3o provoca acidente com motociclista pr\u00f3ximo ao Hospital de Leopoldina<\/a><\/h3><\/div><\/div><\/div><\/div><div class=\"ultp-block-item post-id-452251\"><div class=\"ultp-block-content-wrap ultp-block-content-overlay\"><div class=\"ultp-block-image ultp-block-image-none ultp-block-image-overlay ultp-block-image-simgleGradient\"><a href=\"https:\/\/www.ovigilanteonline.com.br\/site\/2026\/04\/28\/livro-caminhos-poeticos-em-tracos-e-lancado-em-leopoldina-com-exposicao-de-arte-e-sessao-de-autografos\/\" ><img decoding=\"async\"  alt=\"Livro &#8216;Caminhos Po\u00e9ticos em Tra\u00e7os&#8217; \u00e9 lan\u00e7ado em Leopoldina com exposi\u00e7\u00e3o de arte e sess\u00e3o de aut\u00f3grafos\"  src=\"https:\/\/www.ovigilanteonline.com.br\/site\/wp-content\/uploads\/2026\/04\/WhatsApp-Image-2026-04-27-at-13.12.51-870x570.jpeg\" \/><\/a><\/div><div class=\"ultp-block-content ultp-block-content-bottomPosition\"><div class=\"ultp-block-content-inner\"><h3 class=\"ultp-block-title \"><a href=\"https:\/\/www.ovigilanteonline.com.br\/site\/2026\/04\/28\/livro-caminhos-poeticos-em-tracos-e-lancado-em-leopoldina-com-exposicao-de-arte-e-sessao-de-autografos\/\" >Livro &#8216;Caminhos Po\u00e9ticos em Tra\u00e7os&#8217; \u00e9 lan\u00e7ado em Leopoldina com exposi\u00e7\u00e3o de arte e sess\u00e3o de aut\u00f3grafos<\/a><\/h3><\/div><\/div><\/div><\/div><div class=\"ultp-block-item post-id-452235\"><div class=\"ultp-block-content-wrap ultp-block-content-overlay\"><div class=\"ultp-block-image ultp-block-image-none ultp-block-image-overlay ultp-block-image-simgleGradient\"><a href=\"https:\/\/www.ovigilanteonline.com.br\/site\/2026\/04\/27\/energisa-anuncia-novo-diretor-presidente\/\" ><img decoding=\"async\"  alt=\"\u00a0Energisa Minas Rio anuncia novo diretor-presidente\"  src=\"https:\/\/www.ovigilanteonline.com.br\/site\/wp-content\/uploads\/2026\/04\/g6f2g6.jpg\" \/><\/a><\/div><div class=\"ultp-block-content ultp-block-content-bottomPosition\"><div class=\"ultp-block-content-inner\"><h3 class=\"ultp-block-title \"><a href=\"https:\/\/www.ovigilanteonline.com.br\/site\/2026\/04\/27\/energisa-anuncia-novo-diretor-presidente\/\" >\u00a0Energisa Minas Rio anuncia novo diretor-presidente<\/a><\/h3><\/div><\/div><\/div><\/div><\/div><\/div><div class=\"pagination-block-html\" aria-hidden=\"true\" style=\"display: none;\"><\/div><\/div>\n\n<div id=\"ovigi-151664505\">\r\n<p class=\"has-text-align-center has-small-font-size\">continua depois da publicidade<\/p>\r\n\r\n\r\n\r\n<hr class=\"wp-block-separator has-alpha-channel-opacity is-style-wide\"\/>\r\n\r\n\r\n\r\n<figure class=\"wp-block-gallery has-nested-images columns-default is-cropped wp-block-gallery-1 is-layout-flex wp-block-gallery-is-layout-flex\">\r\n<figure class=\"wp-block-image size-full\"><a href=\"https:\/\/www.sudamerica.edu.br\/\" target=\"_blank\" rel=\"noreferrer noopener\"><img decoding=\"async\" src=\"https:\/\/www.ovigilanteonline.com.br\/site\/wp-content\/uploads\/2026\/02\/SnapInsta.to_628000938_1521401246660064_2104497882800752476_n.jpg\" alt=\"\" class=\"wp-image-428831\"\/><\/a><\/figure>\r\n\r\n\r\n\r\n<figure class=\"wp-block-image size-large\"><a href=\"https:\/\/www.instagram.com\/curtastone\/\" target=\"_blank\" rel=\"noreferrer noopener\"><img decoding=\"async\" data-id=\"395070\" src=\"https:\/\/www.ovigilanteonline.com.br\/site\/wp-content\/uploads\/2026\/04\/SaveClip.App_651062745_18342989695242544_3625357231814875842_n.jpg\" alt=\"\" class=\"wp-image-395070\"\/><\/a><\/figure>\r\n<\/figure>\r\n\r\n\r\n\r\n<hr class=\"wp-block-separator has-alpha-channel-opacity is-style-wide\"\/>\r\n\r\n<\/div>","protected":false},"excerpt":{"rendered":"<p>Condutor do Palio n\u00e3o possui CNH e alegou desconhecer que a Rua Padre J\u00falio \u00e9 m\u00e3o \u00fanica. Motociclista sofreu ferimentos no p\u00e9, bra\u00e7o e cabe\u00e7a. Um acidente de tr\u00e2nsito com v\u00edtima foi registrado pela Pol\u00edcia Militar na Rua Padre J\u00falio, no Centro de Leopoldina, envolvendo um carro e uma motocicleta. A ocorr\u00eancia foi registrada nesta [&hellip;]<\/p>\n","protected":false},"author":2,"featured_media":452262,"comment_status":"open","ping_status":"closed","sticky":false,"template":"","format":"standard","meta":{"footnotes":""},"categories":[11,24,26],"tags":[],"class_list":["post-452260","post","type-post","status-publish","format-standard","has-post-thumbnail","hentry","category-leopoldina","category-cultura","category-ultimas-noticias"],"yoast_head":"<!-- This site is optimized with the Yoast SEO plugin v27.4 - https:\/\/yoast.com\/product\/yoast-seo-wordpress\/ -->\n<title>Carro na contram\u00e3o provoca acidente com motociclista pr\u00f3ximo ao Hospital de Leopoldina<\/title>\n<meta name=\"robots\" content=\"index, follow, max-snippet:-1, max-image-preview:large, max-video-preview:-1\" \/>\n<link rel=\"canonical\" href=\"https:\/\/www.ovigilanteonline.com.br\/site\/2026\/04\/28\/carro-na-contramao-provoca-acidente-com-motociclista-proximo-ao-hospital-de-leopoldina\/\" \/>\n<meta property=\"og:locale\" content=\"pt_BR\" \/>\n<meta property=\"og:type\" content=\"article\" \/>\n<meta property=\"og:title\" content=\"Carro na contram\u00e3o provoca acidente com motociclista pr\u00f3ximo ao Hospital de Leopoldina\" \/>\n<meta property=\"og:description\" content=\"Condutor do Palio n\u00e3o possui CNH e alegou desconhecer que a Rua Padre J\u00falio \u00e9 m\u00e3o \u00fanica. Motociclista sofreu ferimentos no p\u00e9, bra\u00e7o e cabe\u00e7a. Um acidente de tr\u00e2nsito com v\u00edtima foi registrado pela Pol\u00edcia Militar na Rua Padre J\u00falio, no Centro de Leopoldina, envolvendo um carro e uma motocicleta. A ocorr\u00eancia foi registrada nesta [&hellip;]\" \/>\n<meta property=\"og:url\" content=\"https:\/\/www.ovigilanteonline.com.br\/site\/2026\/04\/28\/carro-na-contramao-provoca-acidente-com-motociclista-proximo-ao-hospital-de-leopoldina\/\" \/>\n<meta property=\"og:site_name\" content=\"O VIGILANTE ONLINE\" \/>\n<meta property=\"article:publisher\" content=\"https:\/\/www.facebook.com\/ovigilanteonline\" \/>\n<meta property=\"article:published_time\" content=\"2026-04-28T14:03:57+00:00\" \/>\n<meta property=\"article:modified_time\" content=\"2026-04-29T10:46:19+00:00\" \/>\n<meta property=\"og:image\" content=\"https:\/\/www.ovigilanteonline.com.br\/site\/wp-content\/uploads\/2026\/04\/WhatsApp-Image-2026-04-28-at-08.57.07.jpeg\" \/>\n\t<meta property=\"og:image:width\" content=\"898\" \/>\n\t<meta property=\"og:image:height\" content=\"645\" \/>\n\t<meta property=\"og:image:type\" content=\"image\/jpeg\" \/>\n<meta name=\"author\" content=\"Jornalismo\" \/>\n<meta name=\"twitter:card\" content=\"summary_large_image\" \/>\n<meta name=\"twitter:label1\" content=\"Escrito por\" \/>\n\t<meta name=\"twitter:data1\" content=\"Jornalismo\" \/>\n\t<meta name=\"twitter:label2\" content=\"Est. tempo de leitura\" \/>\n\t<meta name=\"twitter:data2\" content=\"2 minutos\" \/>\n<script type=\"application\/ld+json\" class=\"yoast-schema-graph\">{\"@context\":\"https:\\\/\\\/schema.org\",\"@graph\":[{\"@type\":\"Article\",\"@id\":\"https:\\\/\\\/www.ovigilanteonline.com.br\\\/site\\\/2026\\\/04\\\/28\\\/carro-na-contramao-provoca-acidente-com-motociclista-proximo-ao-hospital-de-leopoldina\\\/#article\",\"isPartOf\":{\"@id\":\"https:\\\/\\\/www.ovigilanteonline.com.br\\\/site\\\/2026\\\/04\\\/28\\\/carro-na-contramao-provoca-acidente-com-motociclista-proximo-ao-hospital-de-leopoldina\\\/\"},\"author\":{\"name\":\"Jornalismo\",\"@id\":\"https:\\\/\\\/www.ovigilanteonline.com.br\\\/site\\\/#\\\/schema\\\/person\\\/538fdfb33c0c411cd14a732e7cf14aa6\"},\"headline\":\"Carro na contram\u00e3o provoca acidente com motociclista pr\u00f3ximo ao Hospital de Leopoldina\",\"datePublished\":\"2026-04-28T14:03:57+00:00\",\"dateModified\":\"2026-04-29T10:46:19+00:00\",\"mainEntityOfPage\":{\"@id\":\"https:\\\/\\\/www.ovigilanteonline.com.br\\\/site\\\/2026\\\/04\\\/28\\\/carro-na-contramao-provoca-acidente-com-motociclista-proximo-ao-hospital-de-leopoldina\\\/\"},\"wordCount\":366,\"commentCount\":0,\"image\":{\"@id\":\"https:\\\/\\\/www.ovigilanteonline.com.br\\\/site\\\/2026\\\/04\\\/28\\\/carro-na-contramao-provoca-acidente-com-motociclista-proximo-ao-hospital-de-leopoldina\\\/#primaryimage\"},\"thumbnailUrl\":\"https:\\\/\\\/www.ovigilanteonline.com.br\\\/site\\\/wp-content\\\/uploads\\\/2026\\\/04\\\/WhatsApp-Image-2026-04-28-at-08.57.07.jpeg\",\"articleSection\":[\"Leopoldina\",\"Mais Lidas\",\"\u00daltimas Not\u00edcias\"],\"inLanguage\":\"pt-BR\",\"potentialAction\":[{\"@type\":\"CommentAction\",\"name\":\"Comment\",\"target\":[\"https:\\\/\\\/www.ovigilanteonline.com.br\\\/site\\\/2026\\\/04\\\/28\\\/carro-na-contramao-provoca-acidente-com-motociclista-proximo-ao-hospital-de-leopoldina\\\/#respond\"]}]},{\"@type\":\"WebPage\",\"@id\":\"https:\\\/\\\/www.ovigilanteonline.com.br\\\/site\\\/2026\\\/04\\\/28\\\/carro-na-contramao-provoca-acidente-com-motociclista-proximo-ao-hospital-de-leopoldina\\\/\",\"url\":\"https:\\\/\\\/www.ovigilanteonline.com.br\\\/site\\\/2026\\\/04\\\/28\\\/carro-na-contramao-provoca-acidente-com-motociclista-proximo-ao-hospital-de-leopoldina\\\/\",\"name\":\"Carro na contram\u00e3o provoca acidente com motociclista pr\u00f3ximo ao Hospital de Leopoldina\",\"isPartOf\":{\"@id\":\"https:\\\/\\\/www.ovigilanteonline.com.br\\\/site\\\/#website\"},\"primaryImageOfPage\":{\"@id\":\"https:\\\/\\\/www.ovigilanteonline.com.br\\\/site\\\/2026\\\/04\\\/28\\\/carro-na-contramao-provoca-acidente-com-motociclista-proximo-ao-hospital-de-leopoldina\\\/#primaryimage\"},\"image\":{\"@id\":\"https:\\\/\\\/www.ovigilanteonline.com.br\\\/site\\\/2026\\\/04\\\/28\\\/carro-na-contramao-provoca-acidente-com-motociclista-proximo-ao-hospital-de-leopoldina\\\/#primaryimage\"},\"thumbnailUrl\":\"https:\\\/\\\/www.ovigilanteonline.com.br\\\/site\\\/wp-content\\\/uploads\\\/2026\\\/04\\\/WhatsApp-Image-2026-04-28-at-08.57.07.jpeg\",\"datePublished\":\"2026-04-28T14:03:57+00:00\",\"dateModified\":\"2026-04-29T10:46:19+00:00\",\"author\":{\"@id\":\"https:\\\/\\\/www.ovigilanteonline.com.br\\\/site\\\/#\\\/schema\\\/person\\\/538fdfb33c0c411cd14a732e7cf14aa6\"},\"breadcrumb\":{\"@id\":\"https:\\\/\\\/www.ovigilanteonline.com.br\\\/site\\\/2026\\\/04\\\/28\\\/carro-na-contramao-provoca-acidente-com-motociclista-proximo-ao-hospital-de-leopoldina\\\/#breadcrumb\"},\"inLanguage\":\"pt-BR\",\"potentialAction\":[{\"@type\":\"ReadAction\",\"target\":[\"https:\\\/\\\/www.ovigilanteonline.com.br\\\/site\\\/2026\\\/04\\\/28\\\/carro-na-contramao-provoca-acidente-com-motociclista-proximo-ao-hospital-de-leopoldina\\\/\"]}]},{\"@type\":\"ImageObject\",\"inLanguage\":\"pt-BR\",\"@id\":\"https:\\\/\\\/www.ovigilanteonline.com.br\\\/site\\\/2026\\\/04\\\/28\\\/carro-na-contramao-provoca-acidente-com-motociclista-proximo-ao-hospital-de-leopoldina\\\/#primaryimage\",\"url\":\"https:\\\/\\\/www.ovigilanteonline.com.br\\\/site\\\/wp-content\\\/uploads\\\/2026\\\/04\\\/WhatsApp-Image-2026-04-28-at-08.57.07.jpeg\",\"contentUrl\":\"https:\\\/\\\/www.ovigilanteonline.com.br\\\/site\\\/wp-content\\\/uploads\\\/2026\\\/04\\\/WhatsApp-Image-2026-04-28-at-08.57.07.jpeg\",\"width\":898,\"height\":645},{\"@type\":\"BreadcrumbList\",\"@id\":\"https:\\\/\\\/www.ovigilanteonline.com.br\\\/site\\\/2026\\\/04\\\/28\\\/carro-na-contramao-provoca-acidente-com-motociclista-proximo-ao-hospital-de-leopoldina\\\/#breadcrumb\",\"itemListElement\":[{\"@type\":\"ListItem\",\"position\":1,\"name\":\"In\u00edcio\",\"item\":\"https:\\\/\\\/www.ovigilanteonline.com.br\\\/site\\\/\"},{\"@type\":\"ListItem\",\"position\":2,\"name\":\"Carro na contram\u00e3o provoca acidente com motociclista pr\u00f3ximo ao Hospital de Leopoldina\"}]},{\"@type\":\"WebSite\",\"@id\":\"https:\\\/\\\/www.ovigilanteonline.com.br\\\/site\\\/#website\",\"url\":\"https:\\\/\\\/www.ovigilanteonline.com.br\\\/site\\\/\",\"name\":\"O VIGILANTE ONLINE - Not\u00edcias de Leopoldina e regi\u00e3o\",\"description\":\"\",\"potentialAction\":[{\"@type\":\"SearchAction\",\"target\":{\"@type\":\"EntryPoint\",\"urlTemplate\":\"https:\\\/\\\/www.ovigilanteonline.com.br\\\/site\\\/?s={search_term_string}\"},\"query-input\":{\"@type\":\"PropertyValueSpecification\",\"valueRequired\":true,\"valueName\":\"search_term_string\"}}],\"inLanguage\":\"pt-BR\"},{\"@type\":\"Person\",\"@id\":\"https:\\\/\\\/www.ovigilanteonline.com.br\\\/site\\\/#\\\/schema\\\/person\\\/538fdfb33c0c411cd14a732e7cf14aa6\",\"name\":\"Jornalismo\"}]}<\/script>\n<!-- \/ Yoast SEO plugin. -->","yoast_head_json":{"title":"Carro na contram\u00e3o provoca acidente com motociclista pr\u00f3ximo ao Hospital de Leopoldina","robots":{"index":"index","follow":"follow","max-snippet":"max-snippet:-1","max-image-preview":"max-image-preview:large","max-video-preview":"max-video-preview:-1"},"canonical":"https:\/\/www.ovigilanteonline.com.br\/site\/2026\/04\/28\/carro-na-contramao-provoca-acidente-com-motociclista-proximo-ao-hospital-de-leopoldina\/","og_locale":"pt_BR","og_type":"article","og_title":"Carro na contram\u00e3o provoca acidente com motociclista pr\u00f3ximo ao Hospital de Leopoldina","og_description":"Condutor do Palio n\u00e3o possui CNH e alegou desconhecer que a Rua Padre J\u00falio \u00e9 m\u00e3o \u00fanica. Motociclista sofreu ferimentos no p\u00e9, bra\u00e7o e cabe\u00e7a. Um acidente de tr\u00e2nsito com v\u00edtima foi registrado pela Pol\u00edcia Militar na Rua Padre J\u00falio, no Centro de Leopoldina, envolvendo um carro e uma motocicleta. A ocorr\u00eancia foi registrada nesta [&hellip;]","og_url":"https:\/\/www.ovigilanteonline.com.br\/site\/2026\/04\/28\/carro-na-contramao-provoca-acidente-com-motociclista-proximo-ao-hospital-de-leopoldina\/","og_site_name":"O VIGILANTE ONLINE","article_publisher":"https:\/\/www.facebook.com\/ovigilanteonline","article_published_time":"2026-04-28T14:03:57+00:00","article_modified_time":"2026-04-29T10:46:19+00:00","og_image":[{"width":898,"height":645,"url":"https:\/\/www.ovigilanteonline.com.br\/site\/wp-content\/uploads\/2026\/04\/WhatsApp-Image-2026-04-28-at-08.57.07.jpeg","type":"image\/jpeg"}],"author":"Jornalismo","twitter_card":"summary_large_image","twitter_misc":{"Escrito por":"Jornalismo","Est. tempo de leitura":"2 minutos"},"schema":{"@context":"https:\/\/schema.org","@graph":[{"@type":"Article","@id":"https:\/\/www.ovigilanteonline.com.br\/site\/2026\/04\/28\/carro-na-contramao-provoca-acidente-com-motociclista-proximo-ao-hospital-de-leopoldina\/#article","isPartOf":{"@id":"https:\/\/www.ovigilanteonline.com.br\/site\/2026\/04\/28\/carro-na-contramao-provoca-acidente-com-motociclista-proximo-ao-hospital-de-leopoldina\/"},"author":{"name":"Jornalismo","@id":"https:\/\/www.ovigilanteonline.com.br\/site\/#\/schema\/person\/538fdfb33c0c411cd14a732e7cf14aa6"},"headline":"Carro na contram\u00e3o provoca acidente com motociclista pr\u00f3ximo ao Hospital de Leopoldina","datePublished":"2026-04-28T14:03:57+00:00","dateModified":"2026-04-29T10:46:19+00:00","mainEntityOfPage":{"@id":"https:\/\/www.ovigilanteonline.com.br\/site\/2026\/04\/28\/carro-na-contramao-provoca-acidente-com-motociclista-proximo-ao-hospital-de-leopoldina\/"},"wordCount":366,"commentCount":0,"image":{"@id":"https:\/\/www.ovigilanteonline.com.br\/site\/2026\/04\/28\/carro-na-contramao-provoca-acidente-com-motociclista-proximo-ao-hospital-de-leopoldina\/#primaryimage"},"thumbnailUrl":"https:\/\/www.ovigilanteonline.com.br\/site\/wp-content\/uploads\/2026\/04\/WhatsApp-Image-2026-04-28-at-08.57.07.jpeg","articleSection":["Leopoldina","Mais Lidas","\u00daltimas Not\u00edcias"],"inLanguage":"pt-BR","potentialAction":[{"@type":"CommentAction","name":"Comment","target":["https:\/\/www.ovigilanteonline.com.br\/site\/2026\/04\/28\/carro-na-contramao-provoca-acidente-com-motociclista-proximo-ao-hospital-de-leopoldina\/#respond"]}]},{"@type":"WebPage","@id":"https:\/\/www.ovigilanteonline.com.br\/site\/2026\/04\/28\/carro-na-contramao-provoca-acidente-com-motociclista-proximo-ao-hospital-de-leopoldina\/","url":"https:\/\/www.ovigilanteonline.com.br\/site\/2026\/04\/28\/carro-na-contramao-provoca-acidente-com-motociclista-proximo-ao-hospital-de-leopoldina\/","name":"Carro na contram\u00e3o provoca acidente com motociclista pr\u00f3ximo ao Hospital de Leopoldina","isPartOf":{"@id":"https:\/\/www.ovigilanteonline.com.br\/site\/#website"},"primaryImageOfPage":{"@id":"https:\/\/www.ovigilanteonline.com.br\/site\/2026\/04\/28\/carro-na-contramao-provoca-acidente-com-motociclista-proximo-ao-hospital-de-leopoldina\/#primaryimage"},"image":{"@id":"https:\/\/www.ovigilanteonline.com.br\/site\/2026\/04\/28\/carro-na-contramao-provoca-acidente-com-motociclista-proximo-ao-hospital-de-leopoldina\/#primaryimage"},"thumbnailUrl":"https:\/\/www.ovigilanteonline.com.br\/site\/wp-content\/uploads\/2026\/04\/WhatsApp-Image-2026-04-28-at-08.57.07.jpeg","datePublished":"2026-04-28T14:03:57+00:00","dateModified":"2026-04-29T10:46:19+00:00","author":{"@id":"https:\/\/www.ovigilanteonline.com.br\/site\/#\/schema\/person\/538fdfb33c0c411cd14a732e7cf14aa6"},"breadcrumb":{"@id":"https:\/\/www.ovigilanteonline.com.br\/site\/2026\/04\/28\/carro-na-contramao-provoca-acidente-com-motociclista-proximo-ao-hospital-de-leopoldina\/#breadcrumb"},"inLanguage":"pt-BR","potentialAction":[{"@type":"ReadAction","target":["https:\/\/www.ovigilanteonline.com.br\/site\/2026\/04\/28\/carro-na-contramao-provoca-acidente-com-motociclista-proximo-ao-hospital-de-leopoldina\/"]}]},{"@type":"ImageObject","inLanguage":"pt-BR","@id":"https:\/\/www.ovigilanteonline.com.br\/site\/2026\/04\/28\/carro-na-contramao-provoca-acidente-com-motociclista-proximo-ao-hospital-de-leopoldina\/#primaryimage","url":"https:\/\/www.ovigilanteonline.com.br\/site\/wp-content\/uploads\/2026\/04\/WhatsApp-Image-2026-04-28-at-08.57.07.jpeg","contentUrl":"https:\/\/www.ovigilanteonline.com.br\/site\/wp-content\/uploads\/2026\/04\/WhatsApp-Image-2026-04-28-at-08.57.07.jpeg","width":898,"height":645},{"@type":"BreadcrumbList","@id":"https:\/\/www.ovigilanteonline.com.br\/site\/2026\/04\/28\/carro-na-contramao-provoca-acidente-com-motociclista-proximo-ao-hospital-de-leopoldina\/#breadcrumb","itemListElement":[{"@type":"ListItem","position":1,"name":"In\u00edcio","item":"https:\/\/www.ovigilanteonline.com.br\/site\/"},{"@type":"ListItem","position":2,"name":"Carro na contram\u00e3o provoca acidente com motociclista pr\u00f3ximo ao Hospital de Leopoldina"}]},{"@type":"WebSite","@id":"https:\/\/www.ovigilanteonline.com.br\/site\/#website","url":"https:\/\/www.ovigilanteonline.com.br\/site\/","name":"O VIGILANTE ONLINE - Not\u00edcias de Leopoldina e regi\u00e3o","description":"","potentialAction":[{"@type":"SearchAction","target":{"@type":"EntryPoint","urlTemplate":"https:\/\/www.ovigilanteonline.com.br\/site\/?s={search_term_string}"},"query-input":{"@type":"PropertyValueSpecification","valueRequired":true,"valueName":"search_term_string"}}],"inLanguage":"pt-BR"},{"@type":"Person","@id":"https:\/\/www.ovigilanteonline.com.br\/site\/#\/schema\/person\/538fdfb33c0c411cd14a732e7cf14aa6","name":"Jornalismo"}]}},"cc_featured_image_caption":{"caption_text":"","source_text":"","source_url":""},"_links":{"self":[{"href":"https:\/\/www.ovigilanteonline.com.br\/site\/wp-json\/wp\/v2\/posts\/452260","targetHints":{"allow":["GET"]}}],"collection":[{"href":"https:\/\/www.ovigilanteonline.com.br\/site\/wp-json\/wp\/v2\/posts"}],"about":[{"href":"https:\/\/www.ovigilanteonline.com.br\/site\/wp-json\/wp\/v2\/types\/post"}],"author":[{"embeddable":true,"href":"https:\/\/www.ovigilanteonline.com.br\/site\/wp-json\/wp\/v2\/users\/2"}],"replies":[{"embeddable":true,"href":"https:\/\/www.ovigilanteonline.com.br\/site\/wp-json\/wp\/v2\/comments?post=452260"}],"version-history":[{"count":2,"href":"https:\/\/www.ovigilanteonline.com.br\/site\/wp-json\/wp\/v2\/posts\/452260\/revisions"}],"predecessor-version":[{"id":452264,"href":"https:\/\/www.ovigilanteonline.com.br\/site\/wp-json\/wp\/v2\/posts\/452260\/revisions\/452264"}],"wp:featuredmedia":[{"embeddable":true,"href":"https:\/\/www.ovigilanteonline.com.br\/site\/wp-json\/wp\/v2\/media\/452262"}],"wp:attachment":[{"href":"https:\/\/www.ovigilanteonline.com.br\/site\/wp-json\/wp\/v2\/media?parent=452260"}],"wp:term":[{"taxonomy":"category","embeddable":true,"href":"https:\/\/www.ovigilanteonline.com.br\/site\/wp-json\/wp\/v2\/categories?post=452260"},{"taxonomy":"post_tag","embeddable":true,"href":"https:\/\/www.ovigilanteonline.com.br\/site\/wp-json\/wp\/v2\/tags?post=452260"}],"curies":[{"name":"wp","href":"https:\/\/api.w.org\/{rel}","templated":true}]}}