{"id":452235,"date":"2026-04-27T13:16:05","date_gmt":"2026-04-27T16:16:05","guid":{"rendered":"https:\/\/www.ovigilanteonline.com.br\/site\/?p=452235"},"modified":"2026-04-27T15:09:32","modified_gmt":"2026-04-27T18:09:32","slug":"energisa-anuncia-novo-diretor-presidente","status":"publish","type":"post","link":"https:\/\/www.ovigilanteonline.com.br\/site\/2026\/04\/27\/energisa-anuncia-novo-diretor-presidente\/","title":{"rendered":"\u00a0Energisa Minas Rio anuncia novo diretor-presidente"},"content":{"rendered":"\n<p>A Energisa Minas Rio anuncia Fernando Lima Costalonga como novo diretor-presidente da companhia, refor\u00e7ando sua&nbsp;estrat\u00e9gia de proximidade com os territ\u00f3rios e&nbsp;o compromisso com&nbsp;as&nbsp;regi\u00f5es atendidas.&nbsp;<\/p>\n\n\n\n<p>Com 20 anos de experi\u00eancia no setor el\u00e9trico, Costalonga assume o cargo com o desafio de ampliar a qualidade do fornecimento de energia, fortalecer a rela\u00e7\u00e3o com clientes e lideran\u00e7as locais,&nbsp;e impulsionar investimentos que contribuam diretamente para o crescimento econ\u00f4mico e social das cidades da \u00e1rea de concess\u00e3o.&nbsp;<\/p>\n\n\n\n<p>Natural de Petr\u00f3polis (RJ),&nbsp;mas mineiro&nbsp;de cora\u00e7\u00e3o, onde viveu&nbsp;a&nbsp;maior parte da sua vida,&nbsp;sendo&nbsp;criado em&nbsp;Senador&nbsp;Cortes,&nbsp;Fernando \u00e9 engenheiro eletricista, graduado pela Universidade&nbsp;Federal&nbsp;de S\u00e3o Jo\u00e3o&nbsp;del-Rei. O&nbsp;executivo possui p\u00f3s-gradua\u00e7\u00f5es nas \u00e1reas de&nbsp;Estrat\u00e9gia, Gest\u00e3o e Projetos, com forma\u00e7\u00e3o pela Funda\u00e7\u00e3o Dom Cabral, Insper e Funda\u00e7\u00e3o Getulio Vargas.&nbsp;<\/p>\n\n\n\n<p>Sua trajet\u00f3ria no Grupo Energisa come\u00e7ou em 2006, como estagi\u00e1rio, e ao longo dos anos esteve \u00e0 frente de projetos&nbsp;estrat\u00e9gicos e \u00e1reas essenciais da distribui\u00e7\u00e3o de energia. Em 2015, assumiu a diretoria t\u00e9cnica e comercial das unidades de Minas Gerais e Nova Friburgo, com atua\u00e7\u00e3o direta em opera\u00e7\u00f5es regionais.&nbsp;&nbsp;<\/p>\n\n\n<div id=\"ovigi-1588471479\">\r\n<p class=\"has-text-align-center has-small-font-size\">continua depois da publicidade<\/p>\r\n\r\n\r\n\r\n<hr class=\"wp-block-separator has-alpha-channel-opacity is-style-wide\"\/>\r\n\r\n\r\n<center> \r\n<figure class=\"wp-block-image size-large\"><a href=\"https:\/\/www.instagram.com\/unimedleopoldina241\/\" target=\"_blank\" rel=\"noreferrer noopener\"><img decoding=\"async\" src=\"https:\/\/www.ovigilanteonline.com.br\/site\/wp-content\/uploads\/2026\/03\/UNIMED-FINAL.jpg\" alt=\"\" class=\"wp-image-395070\"\/><\/a><\/figure>\r\n<\/figure>\r\n<!-- \/wp:gallery --> <\/center>\r\n\r\n<!-- wp:separator {\"className\":\"is-style-wide\"} -->\r\n<hr class=\"wp-block-separator has-alpha-channel-opacity is-style-wide\"\/>\r\n<!-- \/wp:separator -->\r\n<\/div>\n\n\n<p>Em 2020, liderou a mesma diretoria na Energisa Tocantins e, posteriormente, a diretoria de Engenharia e Opera\u00e7\u00f5es das empresas n\u00e3o reguladas do grupo.&nbsp;Ele tamb\u00e9m passou&nbsp;pela diretoria de Grandes Clientes na (re)energisa e integrou&nbsp;inst\u00e2ncias&nbsp;estrat\u00e9gicas do grupo, como conselheiro da Funda\u00e7\u00e3o&nbsp;Ormeo&nbsp;Junqueira Botelho, vice-presidente do Comit\u00ea&nbsp;Estrat\u00e9gico de Sa\u00fade e Seguran\u00e7a e membro do Comit\u00ea de \u00c9tica.&nbsp;<\/p>\n\n\n\n<p>\u00c0 frente da Energisa Minas Rio, Costalonga destaca que a atua\u00e7\u00e3o da empresa vai al\u00e9m da distribui\u00e7\u00e3o de energia. \u201cNosso papel \u00e9 estar pr\u00f3ximo das comunidades, entender as necessidades locais e contribuir para o desenvolvimento sustent\u00e1vel das regi\u00f5es onde atuamos, com investimentos, inova\u00e7\u00e3o e qualidade de servi\u00e7o\u201d, afirma.\u00a0<\/p>\n\n\n<div class=\"wp-block-image\">\n<figure class=\"alignleft size-full is-resized\"><img loading=\"lazy\" decoding=\"async\" width=\"303\" height=\"314\" src=\"https:\/\/www.ovigilanteonline.com.br\/site\/wp-content\/uploads\/2021\/06\/eduardo-mantovani.jpg\" alt=\"\" class=\"wp-image-388513\" style=\"aspect-ratio:0.9650161731774073;width:233px;height:auto\" srcset=\"https:\/\/www.ovigilanteonline.com.br\/site\/wp-content\/uploads\/2021\/06\/eduardo-mantovani.jpg 303w, https:\/\/www.ovigilanteonline.com.br\/site\/wp-content\/uploads\/2021\/06\/eduardo-mantovani-289x300.jpg 289w\" sizes=\"auto, (max-width: 303px) 100vw, 303px\" \/><\/figure>\n<\/div>\n\n\n<p>Costalonga, com sua experi\u00eancia\u00a0em todos esses anos, assume a\u00a0presid\u00eancia antes ocupada por Eduardo Alves Mantovani (foto), que ap\u00f3s\u00a0quase 48 anos de Energisa\u00a0anunciou,\u00a0neste m\u00eas de abril,\u00a0sua aposentadoria.\u00a0A\u00a0trajet\u00f3ria de Mantovani representa um legado constru\u00eddo com profundo conhecimento do neg\u00f3cio, por meio do compromisso com as pessoas e com as comunidades de atua\u00e7\u00e3o da Energisa, sendo um entusiasta e promotor das iniciativas de fomento \u00e0 cultura na regi\u00e3o, mantidas pela Funda\u00e7\u00e3o\u00a0Ormeo\u00a0Junqueira Botelho, onde tamb\u00e9m exerceu\u00a0a fun\u00e7\u00e3o de presidente.\u00a0<\/p>\n\n\n\n<p>\u00a0<\/p>\n\n\n<div  class=\"wp-block-ultimate-post-heading ultp-block-31b9f7\"><div class=\"ultp-block-wrapper\"><div class=\"ultp-heading-wrap ultp-heading-style18 ultp-heading-left\"><h2 class=\"ultp-heading-inner\"><span>Leia tamb\u00e9m<\/span><\/h2><\/div><\/div><\/div>\n\n<div  class=\"ultp-post-grid-block wp-block-ultimate-post-post-grid-2 ultp-block-9fcd1c\"><div class=\"ultp-block-wrapper\"><div class=\"ultp-loading\"><div class=\"ultp-loading-blocks\" style=\"width:100%;height:100%;\"><div style=\"left: 0;top: 0;animation-delay:0s;\"><\/div><div style=\"left: 21px;top: 0;animation-delay:0.125s;\"><\/div><div style=\"left: 42px;top: 0;animation-delay:0.25s;\"><\/div><div style=\"left: 0;top: 21px;animation-delay:0.875s;\"><\/div><div style=\"left: 42px;top: 21px;animation-delay:0.375s;\"><\/div><div style=\"left: 0;top: 42px;animation-delay:0.75s;\"><\/div><div style=\"left: 42px;top: 42px;animation-delay:0.625s;\"><\/div><div style=\"left: 21px;top: 42px;animation-delay:0.5s;\"><\/div><\/div><\/div><div class=\"ultp-block-items-wrap ultp-block-row\"><div class=\"ultp-block-item post-id-452251\"><div class=\"ultp-block-content-wrap ultp-block-content-overlay\"><div class=\"ultp-block-image ultp-block-image-none ultp-block-image-overlay ultp-block-image-simgleGradient\"><a href=\"https:\/\/www.ovigilanteonline.com.br\/site\/2026\/04\/28\/livro-caminhos-poeticos-em-tracos-e-lancado-em-leopoldina-com-exposicao-de-arte-e-sessao-de-autografos\/\" ><img decoding=\"async\"  alt=\"Livro &#8216;Caminhos Po\u00e9ticos em Tra\u00e7os&#8217; \u00e9 lan\u00e7ado em Leopoldina com exposi\u00e7\u00e3o de arte e sess\u00e3o de aut\u00f3grafos\"  src=\"https:\/\/www.ovigilanteonline.com.br\/site\/wp-content\/uploads\/2026\/04\/WhatsApp-Image-2026-04-27-at-13.12.51-870x570.jpeg\" \/><\/a><\/div><div class=\"ultp-block-content ultp-block-content-bottomPosition\"><div class=\"ultp-block-content-inner\"><h3 class=\"ultp-block-title \"><a href=\"https:\/\/www.ovigilanteonline.com.br\/site\/2026\/04\/28\/livro-caminhos-poeticos-em-tracos-e-lancado-em-leopoldina-com-exposicao-de-arte-e-sessao-de-autografos\/\" >Livro &#8216;Caminhos Po\u00e9ticos em Tra\u00e7os&#8217; \u00e9 lan\u00e7ado em Leopoldina com exposi\u00e7\u00e3o de arte e sess\u00e3o de aut\u00f3grafos<\/a><\/h3><\/div><\/div><\/div><\/div><div class=\"ultp-block-item post-id-452235\"><div class=\"ultp-block-content-wrap ultp-block-content-overlay\"><div class=\"ultp-block-image ultp-block-image-none ultp-block-image-overlay ultp-block-image-simgleGradient\"><a href=\"https:\/\/www.ovigilanteonline.com.br\/site\/2026\/04\/27\/energisa-anuncia-novo-diretor-presidente\/\" ><img decoding=\"async\"  alt=\"\u00a0Energisa Minas Rio anuncia novo diretor-presidente\"  src=\"https:\/\/www.ovigilanteonline.com.br\/site\/wp-content\/uploads\/2026\/04\/g6f2g6.jpg\" \/><\/a><\/div><div class=\"ultp-block-content ultp-block-content-bottomPosition\"><div class=\"ultp-block-content-inner\"><h3 class=\"ultp-block-title \"><a href=\"https:\/\/www.ovigilanteonline.com.br\/site\/2026\/04\/27\/energisa-anuncia-novo-diretor-presidente\/\" >\u00a0Energisa Minas Rio anuncia novo diretor-presidente<\/a><\/h3><\/div><\/div><\/div><\/div><div class=\"ultp-block-item post-id-452225\"><div class=\"ultp-block-content-wrap ultp-block-content-overlay\"><div class=\"ultp-block-image ultp-block-image-none ultp-block-image-overlay ultp-block-image-simgleGradient\"><a href=\"https:\/\/www.ovigilanteonline.com.br\/site\/2026\/04\/27\/172-anos-de-leopoldina-tradicao-cultura-e-identidade-que-atravessam-geracoes\/\" ><img decoding=\"async\"  alt=\"172 anos de Leopoldina: tradi\u00e7\u00e3o, cultura e identidade que atravessam gera\u00e7\u00f5es\"  src=\"https:\/\/www.ovigilanteonline.com.br\/site\/wp-content\/uploads\/2026\/04\/LEOPOLDINA-768x573-1-768x570.jpg\" \/><\/a><\/div><div class=\"ultp-block-content ultp-block-content-bottomPosition\"><div class=\"ultp-block-content-inner\"><h3 class=\"ultp-block-title \"><a href=\"https:\/\/www.ovigilanteonline.com.br\/site\/2026\/04\/27\/172-anos-de-leopoldina-tradicao-cultura-e-identidade-que-atravessam-geracoes\/\" >172 anos de Leopoldina: tradi\u00e7\u00e3o, cultura e identidade que atravessam gera\u00e7\u00f5es<\/a><\/h3><\/div><\/div><\/div><\/div><div class=\"ultp-block-item post-id-452221\"><div class=\"ultp-block-content-wrap ultp-block-content-overlay\"><div class=\"ultp-block-image ultp-block-image-none ultp-block-image-overlay ultp-block-image-simgleGradient\"><a href=\"https:\/\/www.ovigilanteonline.com.br\/site\/2026\/04\/27\/jovem-de-19-anos-morre-apos-moto-atingir-poste-em-cataguases\/\" ><img decoding=\"async\"  alt=\"Jovem de 19 anos morre ap\u00f3s moto atingir poste em Cataguases\"  src=\"https:\/\/www.ovigilanteonline.com.br\/site\/wp-content\/uploads\/2026\/04\/66556.jpg\" \/><\/a><\/div><div class=\"ultp-block-content ultp-block-content-bottomPosition\"><div class=\"ultp-block-content-inner\"><h3 class=\"ultp-block-title \"><a href=\"https:\/\/www.ovigilanteonline.com.br\/site\/2026\/04\/27\/jovem-de-19-anos-morre-apos-moto-atingir-poste-em-cataguases\/\" >Jovem de 19 anos morre ap\u00f3s moto atingir poste em Cataguases<\/a><\/h3><\/div><\/div><\/div><\/div><div class=\"ultp-block-item post-id-452218\"><div class=\"ultp-block-content-wrap ultp-block-content-overlay\"><div class=\"ultp-block-image ultp-block-image-none ultp-block-image-overlay ultp-block-image-simgleGradient\"><a href=\"https:\/\/www.ovigilanteonline.com.br\/site\/2026\/04\/26\/motociclista-e-preso-por-embriaguez-ao-volante-apos-acidente-em-leopoldina\/\" ><img decoding=\"async\"  alt=\"Motociclista \u00e9 preso por embriaguez ao volante ap\u00f3s acidente em Leopoldina\"  src=\"https:\/\/www.ovigilanteonline.com.br\/site\/wp-content\/uploads\/2026\/03\/viatura-gcm-870x570.jpg\" \/><\/a><\/div><div class=\"ultp-block-content ultp-block-content-bottomPosition\"><div class=\"ultp-block-content-inner\"><h3 class=\"ultp-block-title \"><a href=\"https:\/\/www.ovigilanteonline.com.br\/site\/2026\/04\/26\/motociclista-e-preso-por-embriaguez-ao-volante-apos-acidente-em-leopoldina\/\" >Motociclista \u00e9 preso por embriaguez ao volante ap\u00f3s acidente em Leopoldina<\/a><\/h3><\/div><\/div><\/div><\/div><div class=\"ultp-block-item post-id-452210\"><div class=\"ultp-block-content-wrap ultp-block-content-overlay\"><div class=\"ultp-block-image ultp-block-image-none ultp-block-image-overlay ultp-block-image-simgleGradient\"><a href=\"https:\/\/www.ovigilanteonline.com.br\/site\/2026\/04\/26\/homem-e-preso-pela-pm-apos-furto-de-fios-e-resistencia-a-abordagem-policial-em-leopoldina\/\" ><img decoding=\"async\"  alt=\"Homem \u00e9 preso pela PM ap\u00f3s furto de fios e resist\u00eancia \u00e0 abordagem policial em Leopoldina\"  src=\"https:\/\/www.ovigilanteonline.com.br\/site\/wp-content\/uploads\/2026\/02\/pm-viatura-3.jpg\" \/><\/a><\/div><div class=\"ultp-block-content ultp-block-content-bottomPosition\"><div class=\"ultp-block-content-inner\"><h3 class=\"ultp-block-title \"><a href=\"https:\/\/www.ovigilanteonline.com.br\/site\/2026\/04\/26\/homem-e-preso-pela-pm-apos-furto-de-fios-e-resistencia-a-abordagem-policial-em-leopoldina\/\" >Homem \u00e9 preso pela PM ap\u00f3s furto de fios e resist\u00eancia \u00e0 abordagem policial em Leopoldina<\/a><\/h3><\/div><\/div><\/div><\/div><\/div><\/div><div class=\"pagination-block-html\" aria-hidden=\"true\" style=\"display: none;\"><\/div><\/div>\n\n<div id=\"ovigi-626421144\">\r\n<p class=\"has-text-align-center has-small-font-size\">continua depois da publicidade<\/p>\r\n\r\n\r\n\r\n<hr class=\"wp-block-separator has-alpha-channel-opacity is-style-wide\"\/>\r\n\r\n\r\n\r\n<figure class=\"wp-block-gallery has-nested-images columns-default is-cropped wp-block-gallery-1 is-layout-flex wp-block-gallery-is-layout-flex\">\r\n<figure class=\"wp-block-image size-full\"><a href=\"https:\/\/www.sudamerica.edu.br\/\" target=\"_blank\" rel=\"noreferrer noopener\"><img decoding=\"async\" src=\"https:\/\/www.ovigilanteonline.com.br\/site\/wp-content\/uploads\/2026\/02\/SnapInsta.to_628000938_1521401246660064_2104497882800752476_n.jpg\" alt=\"\" class=\"wp-image-428831\"\/><\/a><\/figure>\r\n\r\n\r\n\r\n<figure class=\"wp-block-image size-large\"><a href=\"https:\/\/www.instagram.com\/curtastone\/\" target=\"_blank\" rel=\"noreferrer noopener\"><img decoding=\"async\" data-id=\"395070\" src=\"https:\/\/www.ovigilanteonline.com.br\/site\/wp-content\/uploads\/2026\/04\/SaveClip.App_651062745_18342989695242544_3625357231814875842_n.jpg\" alt=\"\" class=\"wp-image-395070\"\/><\/a><\/figure>\r\n<\/figure>\r\n\r\n\r\n\r\n<hr class=\"wp-block-separator has-alpha-channel-opacity is-style-wide\"\/>\r\n\r\n<\/div>","protected":false},"excerpt":{"rendered":"<p>A Energisa Minas Rio anuncia Fernando Lima Costalonga como novo diretor-presidente da companhia, refor\u00e7ando sua&nbsp;estrat\u00e9gia de proximidade com os territ\u00f3rios e&nbsp;o compromisso com&nbsp;as&nbsp;regi\u00f5es atendidas.&nbsp; Com 20 anos de experi\u00eancia no setor el\u00e9trico, Costalonga assume o cargo com o desafio de ampliar a qualidade do fornecimento de energia, fortalecer a rela\u00e7\u00e3o com clientes e lideran\u00e7as locais,&nbsp;e [&hellip;]<\/p>\n","protected":false},"author":2,"featured_media":452236,"comment_status":"open","ping_status":"closed","sticky":false,"template":"","format":"standard","meta":{"footnotes":""},"categories":[1,26],"tags":[],"class_list":["post-452235","post","type-post","status-publish","format-standard","has-post-thumbnail","hentry","category-destaque","category-ultimas-noticias"],"yoast_head":"<!-- This site is optimized with the Yoast SEO plugin v27.4 - https:\/\/yoast.com\/product\/yoast-seo-wordpress\/ -->\n<title>\u00a0Energisa Minas Rio anuncia novo diretor-presidente<\/title>\n<meta name=\"robots\" content=\"index, follow, max-snippet:-1, max-image-preview:large, max-video-preview:-1\" \/>\n<link rel=\"canonical\" href=\"https:\/\/www.ovigilanteonline.com.br\/site\/2026\/04\/27\/energisa-anuncia-novo-diretor-presidente\/\" \/>\n<meta property=\"og:locale\" content=\"pt_BR\" \/>\n<meta property=\"og:type\" content=\"article\" \/>\n<meta property=\"og:title\" content=\"\u00a0Energisa Minas Rio anuncia novo diretor-presidente\" \/>\n<meta property=\"og:description\" content=\"A Energisa Minas Rio anuncia Fernando Lima Costalonga como novo diretor-presidente da companhia, refor\u00e7ando sua&nbsp;estrat\u00e9gia de proximidade com os territ\u00f3rios e&nbsp;o compromisso com&nbsp;as&nbsp;regi\u00f5es atendidas.&nbsp; Com 20 anos de experi\u00eancia no setor el\u00e9trico, Costalonga assume o cargo com o desafio de ampliar a qualidade do fornecimento de energia, fortalecer a rela\u00e7\u00e3o com clientes e lideran\u00e7as locais,&nbsp;e [&hellip;]\" \/>\n<meta property=\"og:url\" content=\"https:\/\/www.ovigilanteonline.com.br\/site\/2026\/04\/27\/energisa-anuncia-novo-diretor-presidente\/\" \/>\n<meta property=\"og:site_name\" content=\"O VIGILANTE ONLINE\" \/>\n<meta property=\"article:publisher\" content=\"https:\/\/www.facebook.com\/ovigilanteonline\" \/>\n<meta property=\"article:published_time\" content=\"2026-04-27T16:16:05+00:00\" \/>\n<meta property=\"article:modified_time\" content=\"2026-04-27T18:09:32+00:00\" \/>\n<meta property=\"og:image\" content=\"https:\/\/www.ovigilanteonline.com.br\/site\/wp-content\/uploads\/2026\/04\/g6f2g6.jpg\" \/>\n\t<meta property=\"og:image:width\" content=\"800\" \/>\n\t<meta property=\"og:image:height\" content=\"474\" \/>\n\t<meta property=\"og:image:type\" content=\"image\/jpeg\" \/>\n<meta name=\"author\" content=\"Jornalismo\" \/>\n<meta name=\"twitter:card\" content=\"summary_large_image\" \/>\n<meta name=\"twitter:label1\" content=\"Escrito por\" \/>\n\t<meta name=\"twitter:data1\" content=\"Jornalismo\" \/>\n\t<meta name=\"twitter:label2\" content=\"Est. tempo de leitura\" \/>\n\t<meta name=\"twitter:data2\" content=\"3 minutos\" \/>\n<script type=\"application\/ld+json\" class=\"yoast-schema-graph\">{\"@context\":\"https:\\\/\\\/schema.org\",\"@graph\":[{\"@type\":\"Article\",\"@id\":\"https:\\\/\\\/www.ovigilanteonline.com.br\\\/site\\\/2026\\\/04\\\/27\\\/energisa-anuncia-novo-diretor-presidente\\\/#article\",\"isPartOf\":{\"@id\":\"https:\\\/\\\/www.ovigilanteonline.com.br\\\/site\\\/2026\\\/04\\\/27\\\/energisa-anuncia-novo-diretor-presidente\\\/\"},\"author\":{\"name\":\"Jornalismo\",\"@id\":\"https:\\\/\\\/www.ovigilanteonline.com.br\\\/site\\\/#\\\/schema\\\/person\\\/538fdfb33c0c411cd14a732e7cf14aa6\"},\"headline\":\"\u00a0Energisa Minas Rio anuncia novo diretor-presidente\",\"datePublished\":\"2026-04-27T16:16:05+00:00\",\"dateModified\":\"2026-04-27T18:09:32+00:00\",\"mainEntityOfPage\":{\"@id\":\"https:\\\/\\\/www.ovigilanteonline.com.br\\\/site\\\/2026\\\/04\\\/27\\\/energisa-anuncia-novo-diretor-presidente\\\/\"},\"wordCount\":464,\"commentCount\":0,\"image\":{\"@id\":\"https:\\\/\\\/www.ovigilanteonline.com.br\\\/site\\\/2026\\\/04\\\/27\\\/energisa-anuncia-novo-diretor-presidente\\\/#primaryimage\"},\"thumbnailUrl\":\"https:\\\/\\\/www.ovigilanteonline.com.br\\\/site\\\/wp-content\\\/uploads\\\/2026\\\/04\\\/g6f2g6.jpg\",\"articleSection\":[\"Destaque\",\"\u00daltimas Not\u00edcias\"],\"inLanguage\":\"pt-BR\",\"potentialAction\":[{\"@type\":\"CommentAction\",\"name\":\"Comment\",\"target\":[\"https:\\\/\\\/www.ovigilanteonline.com.br\\\/site\\\/2026\\\/04\\\/27\\\/energisa-anuncia-novo-diretor-presidente\\\/#respond\"]}]},{\"@type\":\"WebPage\",\"@id\":\"https:\\\/\\\/www.ovigilanteonline.com.br\\\/site\\\/2026\\\/04\\\/27\\\/energisa-anuncia-novo-diretor-presidente\\\/\",\"url\":\"https:\\\/\\\/www.ovigilanteonline.com.br\\\/site\\\/2026\\\/04\\\/27\\\/energisa-anuncia-novo-diretor-presidente\\\/\",\"name\":\"\u00a0Energisa Minas Rio anuncia novo diretor-presidente\",\"isPartOf\":{\"@id\":\"https:\\\/\\\/www.ovigilanteonline.com.br\\\/site\\\/#website\"},\"primaryImageOfPage\":{\"@id\":\"https:\\\/\\\/www.ovigilanteonline.com.br\\\/site\\\/2026\\\/04\\\/27\\\/energisa-anuncia-novo-diretor-presidente\\\/#primaryimage\"},\"image\":{\"@id\":\"https:\\\/\\\/www.ovigilanteonline.com.br\\\/site\\\/2026\\\/04\\\/27\\\/energisa-anuncia-novo-diretor-presidente\\\/#primaryimage\"},\"thumbnailUrl\":\"https:\\\/\\\/www.ovigilanteonline.com.br\\\/site\\\/wp-content\\\/uploads\\\/2026\\\/04\\\/g6f2g6.jpg\",\"datePublished\":\"2026-04-27T16:16:05+00:00\",\"dateModified\":\"2026-04-27T18:09:32+00:00\",\"author\":{\"@id\":\"https:\\\/\\\/www.ovigilanteonline.com.br\\\/site\\\/#\\\/schema\\\/person\\\/538fdfb33c0c411cd14a732e7cf14aa6\"},\"breadcrumb\":{\"@id\":\"https:\\\/\\\/www.ovigilanteonline.com.br\\\/site\\\/2026\\\/04\\\/27\\\/energisa-anuncia-novo-diretor-presidente\\\/#breadcrumb\"},\"inLanguage\":\"pt-BR\",\"potentialAction\":[{\"@type\":\"ReadAction\",\"target\":[\"https:\\\/\\\/www.ovigilanteonline.com.br\\\/site\\\/2026\\\/04\\\/27\\\/energisa-anuncia-novo-diretor-presidente\\\/\"]}]},{\"@type\":\"ImageObject\",\"inLanguage\":\"pt-BR\",\"@id\":\"https:\\\/\\\/www.ovigilanteonline.com.br\\\/site\\\/2026\\\/04\\\/27\\\/energisa-anuncia-novo-diretor-presidente\\\/#primaryimage\",\"url\":\"https:\\\/\\\/www.ovigilanteonline.com.br\\\/site\\\/wp-content\\\/uploads\\\/2026\\\/04\\\/g6f2g6.jpg\",\"contentUrl\":\"https:\\\/\\\/www.ovigilanteonline.com.br\\\/site\\\/wp-content\\\/uploads\\\/2026\\\/04\\\/g6f2g6.jpg\",\"width\":800,\"height\":474},{\"@type\":\"BreadcrumbList\",\"@id\":\"https:\\\/\\\/www.ovigilanteonline.com.br\\\/site\\\/2026\\\/04\\\/27\\\/energisa-anuncia-novo-diretor-presidente\\\/#breadcrumb\",\"itemListElement\":[{\"@type\":\"ListItem\",\"position\":1,\"name\":\"In\u00edcio\",\"item\":\"https:\\\/\\\/www.ovigilanteonline.com.br\\\/site\\\/\"},{\"@type\":\"ListItem\",\"position\":2,\"name\":\"\u00a0Energisa Minas Rio anuncia novo diretor-presidente\"}]},{\"@type\":\"WebSite\",\"@id\":\"https:\\\/\\\/www.ovigilanteonline.com.br\\\/site\\\/#website\",\"url\":\"https:\\\/\\\/www.ovigilanteonline.com.br\\\/site\\\/\",\"name\":\"O VIGILANTE ONLINE - Not\u00edcias de Leopoldina e regi\u00e3o\",\"description\":\"\",\"potentialAction\":[{\"@type\":\"SearchAction\",\"target\":{\"@type\":\"EntryPoint\",\"urlTemplate\":\"https:\\\/\\\/www.ovigilanteonline.com.br\\\/site\\\/?s={search_term_string}\"},\"query-input\":{\"@type\":\"PropertyValueSpecification\",\"valueRequired\":true,\"valueName\":\"search_term_string\"}}],\"inLanguage\":\"pt-BR\"},{\"@type\":\"Person\",\"@id\":\"https:\\\/\\\/www.ovigilanteonline.com.br\\\/site\\\/#\\\/schema\\\/person\\\/538fdfb33c0c411cd14a732e7cf14aa6\",\"name\":\"Jornalismo\"}]}<\/script>\n<!-- \/ Yoast SEO plugin. -->","yoast_head_json":{"title":"\u00a0Energisa Minas Rio anuncia novo diretor-presidente","robots":{"index":"index","follow":"follow","max-snippet":"max-snippet:-1","max-image-preview":"max-image-preview:large","max-video-preview":"max-video-preview:-1"},"canonical":"https:\/\/www.ovigilanteonline.com.br\/site\/2026\/04\/27\/energisa-anuncia-novo-diretor-presidente\/","og_locale":"pt_BR","og_type":"article","og_title":"\u00a0Energisa Minas Rio anuncia novo diretor-presidente","og_description":"A Energisa Minas Rio anuncia Fernando Lima Costalonga como novo diretor-presidente da companhia, refor\u00e7ando sua&nbsp;estrat\u00e9gia de proximidade com os territ\u00f3rios e&nbsp;o compromisso com&nbsp;as&nbsp;regi\u00f5es atendidas.&nbsp; Com 20 anos de experi\u00eancia no setor el\u00e9trico, Costalonga assume o cargo com o desafio de ampliar a qualidade do fornecimento de energia, fortalecer a rela\u00e7\u00e3o com clientes e lideran\u00e7as locais,&nbsp;e [&hellip;]","og_url":"https:\/\/www.ovigilanteonline.com.br\/site\/2026\/04\/27\/energisa-anuncia-novo-diretor-presidente\/","og_site_name":"O VIGILANTE ONLINE","article_publisher":"https:\/\/www.facebook.com\/ovigilanteonline","article_published_time":"2026-04-27T16:16:05+00:00","article_modified_time":"2026-04-27T18:09:32+00:00","og_image":[{"width":800,"height":474,"url":"https:\/\/www.ovigilanteonline.com.br\/site\/wp-content\/uploads\/2026\/04\/g6f2g6.jpg","type":"image\/jpeg"}],"author":"Jornalismo","twitter_card":"summary_large_image","twitter_misc":{"Escrito por":"Jornalismo","Est. tempo de leitura":"3 minutos"},"schema":{"@context":"https:\/\/schema.org","@graph":[{"@type":"Article","@id":"https:\/\/www.ovigilanteonline.com.br\/site\/2026\/04\/27\/energisa-anuncia-novo-diretor-presidente\/#article","isPartOf":{"@id":"https:\/\/www.ovigilanteonline.com.br\/site\/2026\/04\/27\/energisa-anuncia-novo-diretor-presidente\/"},"author":{"name":"Jornalismo","@id":"https:\/\/www.ovigilanteonline.com.br\/site\/#\/schema\/person\/538fdfb33c0c411cd14a732e7cf14aa6"},"headline":"\u00a0Energisa Minas Rio anuncia novo diretor-presidente","datePublished":"2026-04-27T16:16:05+00:00","dateModified":"2026-04-27T18:09:32+00:00","mainEntityOfPage":{"@id":"https:\/\/www.ovigilanteonline.com.br\/site\/2026\/04\/27\/energisa-anuncia-novo-diretor-presidente\/"},"wordCount":464,"commentCount":0,"image":{"@id":"https:\/\/www.ovigilanteonline.com.br\/site\/2026\/04\/27\/energisa-anuncia-novo-diretor-presidente\/#primaryimage"},"thumbnailUrl":"https:\/\/www.ovigilanteonline.com.br\/site\/wp-content\/uploads\/2026\/04\/g6f2g6.jpg","articleSection":["Destaque","\u00daltimas Not\u00edcias"],"inLanguage":"pt-BR","potentialAction":[{"@type":"CommentAction","name":"Comment","target":["https:\/\/www.ovigilanteonline.com.br\/site\/2026\/04\/27\/energisa-anuncia-novo-diretor-presidente\/#respond"]}]},{"@type":"WebPage","@id":"https:\/\/www.ovigilanteonline.com.br\/site\/2026\/04\/27\/energisa-anuncia-novo-diretor-presidente\/","url":"https:\/\/www.ovigilanteonline.com.br\/site\/2026\/04\/27\/energisa-anuncia-novo-diretor-presidente\/","name":"\u00a0Energisa Minas Rio anuncia novo diretor-presidente","isPartOf":{"@id":"https:\/\/www.ovigilanteonline.com.br\/site\/#website"},"primaryImageOfPage":{"@id":"https:\/\/www.ovigilanteonline.com.br\/site\/2026\/04\/27\/energisa-anuncia-novo-diretor-presidente\/#primaryimage"},"image":{"@id":"https:\/\/www.ovigilanteonline.com.br\/site\/2026\/04\/27\/energisa-anuncia-novo-diretor-presidente\/#primaryimage"},"thumbnailUrl":"https:\/\/www.ovigilanteonline.com.br\/site\/wp-content\/uploads\/2026\/04\/g6f2g6.jpg","datePublished":"2026-04-27T16:16:05+00:00","dateModified":"2026-04-27T18:09:32+00:00","author":{"@id":"https:\/\/www.ovigilanteonline.com.br\/site\/#\/schema\/person\/538fdfb33c0c411cd14a732e7cf14aa6"},"breadcrumb":{"@id":"https:\/\/www.ovigilanteonline.com.br\/site\/2026\/04\/27\/energisa-anuncia-novo-diretor-presidente\/#breadcrumb"},"inLanguage":"pt-BR","potentialAction":[{"@type":"ReadAction","target":["https:\/\/www.ovigilanteonline.com.br\/site\/2026\/04\/27\/energisa-anuncia-novo-diretor-presidente\/"]}]},{"@type":"ImageObject","inLanguage":"pt-BR","@id":"https:\/\/www.ovigilanteonline.com.br\/site\/2026\/04\/27\/energisa-anuncia-novo-diretor-presidente\/#primaryimage","url":"https:\/\/www.ovigilanteonline.com.br\/site\/wp-content\/uploads\/2026\/04\/g6f2g6.jpg","contentUrl":"https:\/\/www.ovigilanteonline.com.br\/site\/wp-content\/uploads\/2026\/04\/g6f2g6.jpg","width":800,"height":474},{"@type":"BreadcrumbList","@id":"https:\/\/www.ovigilanteonline.com.br\/site\/2026\/04\/27\/energisa-anuncia-novo-diretor-presidente\/#breadcrumb","itemListElement":[{"@type":"ListItem","position":1,"name":"In\u00edcio","item":"https:\/\/www.ovigilanteonline.com.br\/site\/"},{"@type":"ListItem","position":2,"name":"\u00a0Energisa Minas Rio anuncia novo diretor-presidente"}]},{"@type":"WebSite","@id":"https:\/\/www.ovigilanteonline.com.br\/site\/#website","url":"https:\/\/www.ovigilanteonline.com.br\/site\/","name":"O VIGILANTE ONLINE - Not\u00edcias de Leopoldina e regi\u00e3o","description":"","potentialAction":[{"@type":"SearchAction","target":{"@type":"EntryPoint","urlTemplate":"https:\/\/www.ovigilanteonline.com.br\/site\/?s={search_term_string}"},"query-input":{"@type":"PropertyValueSpecification","valueRequired":true,"valueName":"search_term_string"}}],"inLanguage":"pt-BR"},{"@type":"Person","@id":"https:\/\/www.ovigilanteonline.com.br\/site\/#\/schema\/person\/538fdfb33c0c411cd14a732e7cf14aa6","name":"Jornalismo"}]}},"cc_featured_image_caption":{"caption_text":"","source_text":"","source_url":""},"_links":{"self":[{"href":"https:\/\/www.ovigilanteonline.com.br\/site\/wp-json\/wp\/v2\/posts\/452235","targetHints":{"allow":["GET"]}}],"collection":[{"href":"https:\/\/www.ovigilanteonline.com.br\/site\/wp-json\/wp\/v2\/posts"}],"about":[{"href":"https:\/\/www.ovigilanteonline.com.br\/site\/wp-json\/wp\/v2\/types\/post"}],"author":[{"embeddable":true,"href":"https:\/\/www.ovigilanteonline.com.br\/site\/wp-json\/wp\/v2\/users\/2"}],"replies":[{"embeddable":true,"href":"https:\/\/www.ovigilanteonline.com.br\/site\/wp-json\/wp\/v2\/comments?post=452235"}],"version-history":[{"count":2,"href":"https:\/\/www.ovigilanteonline.com.br\/site\/wp-json\/wp\/v2\/posts\/452235\/revisions"}],"predecessor-version":[{"id":452257,"href":"https:\/\/www.ovigilanteonline.com.br\/site\/wp-json\/wp\/v2\/posts\/452235\/revisions\/452257"}],"wp:featuredmedia":[{"embeddable":true,"href":"https:\/\/www.ovigilanteonline.com.br\/site\/wp-json\/wp\/v2\/media\/452236"}],"wp:attachment":[{"href":"https:\/\/www.ovigilanteonline.com.br\/site\/wp-json\/wp\/v2\/media?parent=452235"}],"wp:term":[{"taxonomy":"category","embeddable":true,"href":"https:\/\/www.ovigilanteonline.com.br\/site\/wp-json\/wp\/v2\/categories?post=452235"},{"taxonomy":"post_tag","embeddable":true,"href":"https:\/\/www.ovigilanteonline.com.br\/site\/wp-json\/wp\/v2\/tags?post=452235"}],"curies":[{"name":"wp","href":"https:\/\/api.w.org\/{rel}","templated":true}]}}