{"id":452225,"date":"2026-04-27T09:18:12","date_gmt":"2026-04-27T12:18:12","guid":{"rendered":"https:\/\/www.ovigilanteonline.com.br\/site\/?p=452225"},"modified":"2026-04-28T11:02:01","modified_gmt":"2026-04-28T14:02:01","slug":"172-anos-de-leopoldina-tradicao-cultura-e-identidade-que-atravessam-geracoes","status":"publish","type":"post","link":"https:\/\/www.ovigilanteonline.com.br\/site\/2026\/04\/27\/172-anos-de-leopoldina-tradicao-cultura-e-identidade-que-atravessam-geracoes\/","title":{"rendered":"172 anos de Leopoldina: tradi\u00e7\u00e3o, cultura e identidade que atravessam gera\u00e7\u00f5es"},"content":{"rendered":"\n<p>O munic\u00edpio de Leopoldina est\u00e1 em <a href=\"https:\/\/www.ovigilanteonline.com.br\/site\/2026\/04\/25\/leopoldina-celebra-172-anos-com-shows-gratuitos-no-parque-de-exposicoes\/\" target=\"_blank\" rel=\"noreferrer noopener\">festa<\/a> neste dia 27 de abril pela comemora\u00e7\u00e3o dos 172 anos de sua emancipa\u00e7\u00e3o pol\u00edtico-administrativa, gra\u00e7as \u00e0 Lei Provincial n\u00ba 666, de 27 de abril de 1854.<\/p>\n\n\n\n<p>Segundo o \u201cLivro da Lei Mineira\u201d, de 11 de maio de 1854, arquivado na Biblioteca da Assembleia Legislativa do Estado de Minas Gerais, indexa\u00e7\u00e3o feita tomando por base a publica\u00e7\u00e3o \u201cAs Denomina\u00e7\u00f5es Urbanas de Minas Gerais\u201d, a Lei 666, de 27 de abril de 1854 traz em sua Ementa:<\/p>\n\n\n\n<p>\u201cLei elevando \u00e0 categoria de Freguesia e de Vila o Distrito de S\u00e3o Sebasti\u00e3o do Feij\u00e3o-Cru com a denomina\u00e7\u00e3o de Vila Leopoldina, e cont\u00e9m outras disposi\u00e7\u00f5es a respeito.\u201d<\/p>\n\n\n\n<p>Fonte natural do saber, seu nome foi retratado como \u201cAtenas da Zona da Mata\u201d, alus\u00e3o \u00e0 cidade da Gr\u00e9cia que no per\u00edodo cl\u00e1ssico foi polo estudantil, cultural e filos\u00f3fico.<\/p>\n\n\n\n<p>Dentre as belezas naturais presenteadas por Deus \u00e0 Leopoldina, uma delas escolhemos para real\u00e7ar nesta homenagem: o imponente Morro do Cruzeiro, d\u2019onde se vislumbra um horizonte que n\u00e3o \u00e9 somente belo, \u00e9 lindo.<\/p>\n\n\n\n<figure class=\"wp-block-image size-full\"><img loading=\"lazy\" decoding=\"async\" width=\"2516\" height=\"1242\" src=\"https:\/\/www.ovigilanteonline.com.br\/site\/wp-content\/uploads\/2021\/07\/LEOPOLDINA-CRUZEIRO-UNIPAC.jpg\" alt=\"\" class=\"wp-image-390259\" srcset=\"https:\/\/www.ovigilanteonline.com.br\/site\/wp-content\/uploads\/2021\/07\/LEOPOLDINA-CRUZEIRO-UNIPAC.jpg 2516w, https:\/\/www.ovigilanteonline.com.br\/site\/wp-content\/uploads\/2021\/07\/LEOPOLDINA-CRUZEIRO-UNIPAC-600x296.jpg 600w, https:\/\/www.ovigilanteonline.com.br\/site\/wp-content\/uploads\/2021\/07\/LEOPOLDINA-CRUZEIRO-UNIPAC-300x148.jpg 300w, https:\/\/www.ovigilanteonline.com.br\/site\/wp-content\/uploads\/2021\/07\/LEOPOLDINA-CRUZEIRO-UNIPAC-1024x505.jpg 1024w, https:\/\/www.ovigilanteonline.com.br\/site\/wp-content\/uploads\/2021\/07\/LEOPOLDINA-CRUZEIRO-UNIPAC-768x379.jpg 768w, https:\/\/www.ovigilanteonline.com.br\/site\/wp-content\/uploads\/2021\/07\/LEOPOLDINA-CRUZEIRO-UNIPAC-1536x758.jpg 1536w, https:\/\/www.ovigilanteonline.com.br\/site\/wp-content\/uploads\/2021\/07\/LEOPOLDINA-CRUZEIRO-UNIPAC-2048x1011.jpg 2048w\" sizes=\"auto, (max-width: 2516px) 100vw, 2516px\" \/><\/figure>\n\n\n\n<p>Em tuas ruas e pra\u00e7as, casas e escolas, templos e escrit\u00f3rios, por toda parte seus filhos e filhas vivem intensamente o hoje, projetam o amanh\u00e3 com tranquilidade e preservam orgulhosamente o ontem.<\/p>\n\n\n\n<figure class=\"wp-block-gallery has-nested-images columns-2 is-cropped wp-block-gallery-1 is-layout-flex wp-block-gallery-is-layout-flex\">\n<figure class=\"wp-block-image size-large\"><img loading=\"lazy\" decoding=\"async\" width=\"1024\" height=\"768\" data-id=\"444767\" src=\"https:\/\/www.ovigilanteonline.com.br\/site\/wp-content\/uploads\/2025\/08\/leopoldina-tempo-cidade-6-1024x768.jpeg\" alt=\"\" class=\"wp-image-444767\" srcset=\"https:\/\/www.ovigilanteonline.com.br\/site\/wp-content\/uploads\/2025\/08\/leopoldina-tempo-cidade-6-1024x768.jpeg 1024w, https:\/\/www.ovigilanteonline.com.br\/site\/wp-content\/uploads\/2025\/08\/leopoldina-tempo-cidade-6-300x225.jpeg 300w, https:\/\/www.ovigilanteonline.com.br\/site\/wp-content\/uploads\/2025\/08\/leopoldina-tempo-cidade-6-768x576.jpeg 768w, https:\/\/www.ovigilanteonline.com.br\/site\/wp-content\/uploads\/2025\/08\/leopoldina-tempo-cidade-6-600x450.jpeg 600w, https:\/\/www.ovigilanteonline.com.br\/site\/wp-content\/uploads\/2025\/08\/leopoldina-tempo-cidade-6.jpeg 1156w\" sizes=\"auto, (max-width: 1024px) 100vw, 1024px\" \/><\/figure>\n\n\n\n<figure class=\"wp-block-image size-large\"><img loading=\"lazy\" decoding=\"async\" width=\"768\" height=\"376\" data-id=\"452226\" src=\"https:\/\/www.ovigilanteonline.com.br\/site\/wp-content\/uploads\/2026\/04\/cruzeiro-768x376-1.jpeg\" alt=\"\" class=\"wp-image-452226\" srcset=\"https:\/\/www.ovigilanteonline.com.br\/site\/wp-content\/uploads\/2026\/04\/cruzeiro-768x376-1.jpeg 768w, https:\/\/www.ovigilanteonline.com.br\/site\/wp-content\/uploads\/2026\/04\/cruzeiro-768x376-1-300x147.jpeg 300w\" sizes=\"auto, (max-width: 768px) 100vw, 768px\" \/><\/figure>\n\n\n\n<figure class=\"wp-block-image size-large\"><img loading=\"lazy\" decoding=\"async\" width=\"1024\" height=\"661\" data-id=\"451731\" src=\"https:\/\/www.ovigilanteonline.com.br\/site\/wp-content\/uploads\/2026\/04\/leopoldina-cidade-tempo-1024x661.jpeg\" alt=\"\" class=\"wp-image-451731\" srcset=\"https:\/\/www.ovigilanteonline.com.br\/site\/wp-content\/uploads\/2026\/04\/leopoldina-cidade-tempo-1024x661.jpeg 1024w, https:\/\/www.ovigilanteonline.com.br\/site\/wp-content\/uploads\/2026\/04\/leopoldina-cidade-tempo-300x194.jpeg 300w, https:\/\/www.ovigilanteonline.com.br\/site\/wp-content\/uploads\/2026\/04\/leopoldina-cidade-tempo-768x496.jpeg 768w, https:\/\/www.ovigilanteonline.com.br\/site\/wp-content\/uploads\/2026\/04\/leopoldina-cidade-tempo-1536x992.jpeg 1536w, https:\/\/www.ovigilanteonline.com.br\/site\/wp-content\/uploads\/2026\/04\/leopoldina-cidade-tempo.jpeg 1600w\" sizes=\"auto, (max-width: 1024px) 100vw, 1024px\" \/><\/figure>\n\n\n\n<figure class=\"wp-block-image size-large\"><img loading=\"lazy\" decoding=\"async\" width=\"1024\" height=\"681\" data-id=\"444765\" src=\"https:\/\/www.ovigilanteonline.com.br\/site\/wp-content\/uploads\/2025\/08\/cidade-leopoldina-1024x681.jpg\" alt=\"\" class=\"wp-image-444765\" srcset=\"https:\/\/www.ovigilanteonline.com.br\/site\/wp-content\/uploads\/2025\/08\/cidade-leopoldina-1024x681.jpg 1024w, https:\/\/www.ovigilanteonline.com.br\/site\/wp-content\/uploads\/2025\/08\/cidade-leopoldina-300x199.jpg 300w, https:\/\/www.ovigilanteonline.com.br\/site\/wp-content\/uploads\/2025\/08\/cidade-leopoldina-768x511.jpg 768w, https:\/\/www.ovigilanteonline.com.br\/site\/wp-content\/uploads\/2025\/08\/cidade-leopoldina-1536x1021.jpg 1536w, https:\/\/www.ovigilanteonline.com.br\/site\/wp-content\/uploads\/2025\/08\/cidade-leopoldina-2048x1362.jpg 2048w, https:\/\/www.ovigilanteonline.com.br\/site\/wp-content\/uploads\/2025\/08\/cidade-leopoldina-600x399.jpg 600w\" sizes=\"auto, (max-width: 1024px) 100vw, 1024px\" \/><\/figure>\n\n\n\n<figure class=\"wp-block-image size-large\"><img loading=\"lazy\" decoding=\"async\" width=\"600\" height=\"399\" data-id=\"452229\" src=\"https:\/\/www.ovigilanteonline.com.br\/site\/wp-content\/uploads\/2026\/04\/leopoldina-foto-julio-cabral-o-vigilante-online-6-600x399-1.jpg\" alt=\"\" class=\"wp-image-452229\" srcset=\"https:\/\/www.ovigilanteonline.com.br\/site\/wp-content\/uploads\/2026\/04\/leopoldina-foto-julio-cabral-o-vigilante-online-6-600x399-1.jpg 600w, https:\/\/www.ovigilanteonline.com.br\/site\/wp-content\/uploads\/2026\/04\/leopoldina-foto-julio-cabral-o-vigilante-online-6-600x399-1-300x200.jpg 300w\" sizes=\"auto, (max-width: 600px) 100vw, 600px\" \/><\/figure>\n\n\n\n<figure class=\"wp-block-image size-large\"><img loading=\"lazy\" decoding=\"async\" width=\"900\" height=\"516\" data-id=\"413269\" src=\"https:\/\/www.ovigilanteonline.com.br\/site\/wp-content\/uploads\/2022\/11\/CIDADE-LEOPOLDINA-TEMPO-FELIX-MARTINS.jpg\" alt=\"\" class=\"wp-image-413269\" srcset=\"https:\/\/www.ovigilanteonline.com.br\/site\/wp-content\/uploads\/2022\/11\/CIDADE-LEOPOLDINA-TEMPO-FELIX-MARTINS.jpg 900w, https:\/\/www.ovigilanteonline.com.br\/site\/wp-content\/uploads\/2022\/11\/CIDADE-LEOPOLDINA-TEMPO-FELIX-MARTINS-300x172.jpg 300w, https:\/\/www.ovigilanteonline.com.br\/site\/wp-content\/uploads\/2022\/11\/CIDADE-LEOPOLDINA-TEMPO-FELIX-MARTINS-768x440.jpg 768w, https:\/\/www.ovigilanteonline.com.br\/site\/wp-content\/uploads\/2022\/11\/CIDADE-LEOPOLDINA-TEMPO-FELIX-MARTINS-600x344.jpg 600w\" sizes=\"auto, (max-width: 900px) 100vw, 900px\" \/><\/figure>\n<\/figure>\n\n\n\n<p>Num arroubo po\u00e9tico, pedimos licen\u00e7a para exaltarmos nossa \u201cLeopoldinidade\u201d, caracter\u00edstica de sua gente boa, ordeira e trabalhadora, que mineiramente reverencia esta condi\u00e7\u00e3o, este \u00edntimo sentimento que se renova a cada dia, a cada ano, a cada anivers\u00e1rio seu, atrav\u00e9s de teus frutos, que vivem, nascem e crescem. Mais que uma localiza\u00e7\u00e3o geogr\u00e1fica, mais que uma origem ou um destino, importa compreender que sua ess\u00eancia \u00e9 seu povo. Parab\u00e9ns Leopoldina. Feliz anivers\u00e1rio.<\/p>\n\n\n<div id=\"ovigi-652973204\">\r\n<p class=\"has-text-align-center has-small-font-size\">continua depois da publicidade<\/p>\r\n\r\n\r\n\r\n<hr class=\"wp-block-separator has-alpha-channel-opacity is-style-wide\"\/>\r\n\r\n\r\n<center> \r\n<figure class=\"wp-block-image size-large\"><a href=\"https:\/\/www.instagram.com\/unimedleopoldina241\/\" target=\"_blank\" rel=\"noreferrer noopener\"><img decoding=\"async\" src=\"https:\/\/www.ovigilanteonline.com.br\/site\/wp-content\/uploads\/2026\/03\/UNIMED-FINAL.jpg\" alt=\"\" class=\"wp-image-395070\"\/><\/a><\/figure>\r\n<\/figure>\r\n<!-- \/wp:gallery --> <\/center>\r\n\r\n<!-- wp:separator {\"className\":\"is-style-wide\"} -->\r\n<hr class=\"wp-block-separator has-alpha-channel-opacity is-style-wide\"\/>\r\n<!-- \/wp:separator -->\r\n<\/div>\n\n\n<h2 class=\"wp-block-heading\">Evento<\/h2>\n\n\n\n<p>Na segunda-feira, dia 27 de abril, a <a href=\"https:\/\/www.ovigilanteonline.com.br\/site\/2026\/04\/25\/leopoldina-celebra-172-anos-com-shows-gratuitos-no-parque-de-exposicoes\/\" target=\"_blank\" rel=\"noreferrer noopener\">programa\u00e7\u00e3o iniciada no s\u00e1bado (25)<\/a> segue com a Noite Gospel no Parque de Exposi\u00e7\u00f5es, reunindo momentos de f\u00e9, louvor e m\u00fasica. A partir das 19h, o p\u00fablico poder\u00e1 acompanhar a apresenta\u00e7\u00e3o do grupo Black Melanin Worship. Em seguida, \u00e0s 21h, sobem ao palco Andr\u00e9 &amp; Felipe e o cantor Jonas Vilar, prometendo uma noite especial voltada \u00e0 espiritualidade e celebra\u00e7\u00e3o religiosa, com entrada gratuita.<\/p>\n\n\n<div  class=\"wp-block-ultimate-post-heading ultp-block-913341\"><div class=\"ultp-block-wrapper\"><div class=\"ultp-heading-wrap ultp-heading-style18 ultp-heading-left\"><h2 class=\"ultp-heading-inner\"><span>Leia tamb\u00e9m<\/span><\/h2><\/div><\/div><\/div>\n\n<div  class=\"ultp-post-grid-block wp-block-ultimate-post-post-grid-2 ultp-block-2d4519\"><div class=\"ultp-block-wrapper\"><div class=\"ultp-loading\"><div class=\"ultp-loading-blocks\" style=\"width:100%;height:100%;\"><div style=\"left: 0;top: 0;animation-delay:0s;\"><\/div><div style=\"left: 21px;top: 0;animation-delay:0.125s;\"><\/div><div style=\"left: 42px;top: 0;animation-delay:0.25s;\"><\/div><div style=\"left: 0;top: 21px;animation-delay:0.875s;\"><\/div><div style=\"left: 42px;top: 21px;animation-delay:0.375s;\"><\/div><div style=\"left: 0;top: 42px;animation-delay:0.75s;\"><\/div><div style=\"left: 42px;top: 42px;animation-delay:0.625s;\"><\/div><div style=\"left: 21px;top: 42px;animation-delay:0.5s;\"><\/div><\/div><\/div><div class=\"ultp-block-items-wrap ultp-block-row\"><div class=\"ultp-block-item post-id-452251\"><div class=\"ultp-block-content-wrap ultp-block-content-overlay\"><div class=\"ultp-block-image ultp-block-image-none ultp-block-image-overlay ultp-block-image-simgleGradient\"><a href=\"https:\/\/www.ovigilanteonline.com.br\/site\/2026\/04\/28\/livro-caminhos-poeticos-em-tracos-e-lancado-em-leopoldina-com-exposicao-de-arte-e-sessao-de-autografos\/\" ><img decoding=\"async\"  alt=\"Livro &#8216;Caminhos Po\u00e9ticos em Tra\u00e7os&#8217; \u00e9 lan\u00e7ado em Leopoldina com exposi\u00e7\u00e3o de arte e sess\u00e3o de aut\u00f3grafos\"  src=\"https:\/\/www.ovigilanteonline.com.br\/site\/wp-content\/uploads\/2026\/04\/WhatsApp-Image-2026-04-27-at-13.12.51-870x570.jpeg\" \/><\/a><\/div><div class=\"ultp-block-content ultp-block-content-bottomPosition\"><div class=\"ultp-block-content-inner\"><h3 class=\"ultp-block-title \"><a href=\"https:\/\/www.ovigilanteonline.com.br\/site\/2026\/04\/28\/livro-caminhos-poeticos-em-tracos-e-lancado-em-leopoldina-com-exposicao-de-arte-e-sessao-de-autografos\/\" >Livro &#8216;Caminhos Po\u00e9ticos em Tra\u00e7os&#8217; \u00e9 lan\u00e7ado em Leopoldina com exposi\u00e7\u00e3o de arte e sess\u00e3o de aut\u00f3grafos<\/a><\/h3><\/div><\/div><\/div><\/div><div class=\"ultp-block-item post-id-452235\"><div class=\"ultp-block-content-wrap ultp-block-content-overlay\"><div class=\"ultp-block-image ultp-block-image-none ultp-block-image-overlay ultp-block-image-simgleGradient\"><a href=\"https:\/\/www.ovigilanteonline.com.br\/site\/2026\/04\/27\/energisa-anuncia-novo-diretor-presidente\/\" ><img decoding=\"async\"  alt=\"\u00a0Energisa Minas Rio anuncia novo diretor-presidente\"  src=\"https:\/\/www.ovigilanteonline.com.br\/site\/wp-content\/uploads\/2026\/04\/g6f2g6.jpg\" \/><\/a><\/div><div class=\"ultp-block-content ultp-block-content-bottomPosition\"><div class=\"ultp-block-content-inner\"><h3 class=\"ultp-block-title \"><a href=\"https:\/\/www.ovigilanteonline.com.br\/site\/2026\/04\/27\/energisa-anuncia-novo-diretor-presidente\/\" >\u00a0Energisa Minas Rio anuncia novo diretor-presidente<\/a><\/h3><\/div><\/div><\/div><\/div><div class=\"ultp-block-item post-id-452225\"><div class=\"ultp-block-content-wrap ultp-block-content-overlay\"><div class=\"ultp-block-image ultp-block-image-none ultp-block-image-overlay ultp-block-image-simgleGradient\"><a href=\"https:\/\/www.ovigilanteonline.com.br\/site\/2026\/04\/27\/172-anos-de-leopoldina-tradicao-cultura-e-identidade-que-atravessam-geracoes\/\" ><img decoding=\"async\"  alt=\"172 anos de Leopoldina: tradi\u00e7\u00e3o, cultura e identidade que atravessam gera\u00e7\u00f5es\"  src=\"https:\/\/www.ovigilanteonline.com.br\/site\/wp-content\/uploads\/2026\/04\/LEOPOLDINA-768x573-1-768x570.jpg\" \/><\/a><\/div><div class=\"ultp-block-content ultp-block-content-bottomPosition\"><div class=\"ultp-block-content-inner\"><h3 class=\"ultp-block-title \"><a href=\"https:\/\/www.ovigilanteonline.com.br\/site\/2026\/04\/27\/172-anos-de-leopoldina-tradicao-cultura-e-identidade-que-atravessam-geracoes\/\" >172 anos de Leopoldina: tradi\u00e7\u00e3o, cultura e identidade que atravessam gera\u00e7\u00f5es<\/a><\/h3><\/div><\/div><\/div><\/div><div class=\"ultp-block-item post-id-452221\"><div class=\"ultp-block-content-wrap ultp-block-content-overlay\"><div class=\"ultp-block-image ultp-block-image-none ultp-block-image-overlay ultp-block-image-simgleGradient\"><a href=\"https:\/\/www.ovigilanteonline.com.br\/site\/2026\/04\/27\/jovem-de-19-anos-morre-apos-moto-atingir-poste-em-cataguases\/\" ><img decoding=\"async\"  alt=\"Jovem de 19 anos morre ap\u00f3s moto atingir poste em Cataguases\"  src=\"https:\/\/www.ovigilanteonline.com.br\/site\/wp-content\/uploads\/2026\/04\/66556.jpg\" \/><\/a><\/div><div class=\"ultp-block-content ultp-block-content-bottomPosition\"><div class=\"ultp-block-content-inner\"><h3 class=\"ultp-block-title \"><a href=\"https:\/\/www.ovigilanteonline.com.br\/site\/2026\/04\/27\/jovem-de-19-anos-morre-apos-moto-atingir-poste-em-cataguases\/\" >Jovem de 19 anos morre ap\u00f3s moto atingir poste em Cataguases<\/a><\/h3><\/div><\/div><\/div><\/div><div class=\"ultp-block-item post-id-452218\"><div class=\"ultp-block-content-wrap ultp-block-content-overlay\"><div class=\"ultp-block-image ultp-block-image-none ultp-block-image-overlay ultp-block-image-simgleGradient\"><a href=\"https:\/\/www.ovigilanteonline.com.br\/site\/2026\/04\/26\/motociclista-e-preso-por-embriaguez-ao-volante-apos-acidente-em-leopoldina\/\" ><img decoding=\"async\"  alt=\"Motociclista \u00e9 preso por embriaguez ao volante ap\u00f3s acidente em Leopoldina\"  src=\"https:\/\/www.ovigilanteonline.com.br\/site\/wp-content\/uploads\/2026\/03\/viatura-gcm-870x570.jpg\" \/><\/a><\/div><div class=\"ultp-block-content ultp-block-content-bottomPosition\"><div class=\"ultp-block-content-inner\"><h3 class=\"ultp-block-title \"><a href=\"https:\/\/www.ovigilanteonline.com.br\/site\/2026\/04\/26\/motociclista-e-preso-por-embriaguez-ao-volante-apos-acidente-em-leopoldina\/\" >Motociclista \u00e9 preso por embriaguez ao volante ap\u00f3s acidente em Leopoldina<\/a><\/h3><\/div><\/div><\/div><\/div><div class=\"ultp-block-item post-id-452210\"><div class=\"ultp-block-content-wrap ultp-block-content-overlay\"><div class=\"ultp-block-image ultp-block-image-none ultp-block-image-overlay ultp-block-image-simgleGradient\"><a href=\"https:\/\/www.ovigilanteonline.com.br\/site\/2026\/04\/26\/homem-e-preso-pela-pm-apos-furto-de-fios-e-resistencia-a-abordagem-policial-em-leopoldina\/\" ><img decoding=\"async\"  alt=\"Homem \u00e9 preso pela PM ap\u00f3s furto de fios e resist\u00eancia \u00e0 abordagem policial em Leopoldina\"  src=\"https:\/\/www.ovigilanteonline.com.br\/site\/wp-content\/uploads\/2026\/02\/pm-viatura-3.jpg\" \/><\/a><\/div><div class=\"ultp-block-content ultp-block-content-bottomPosition\"><div class=\"ultp-block-content-inner\"><h3 class=\"ultp-block-title \"><a href=\"https:\/\/www.ovigilanteonline.com.br\/site\/2026\/04\/26\/homem-e-preso-pela-pm-apos-furto-de-fios-e-resistencia-a-abordagem-policial-em-leopoldina\/\" >Homem \u00e9 preso pela PM ap\u00f3s furto de fios e resist\u00eancia \u00e0 abordagem policial em Leopoldina<\/a><\/h3><\/div><\/div><\/div><\/div><\/div><\/div><div class=\"pagination-block-html\" aria-hidden=\"true\" style=\"display: none;\"><\/div><\/div>\n\n<div id=\"ovigi-2063394098\">\r\n<p class=\"has-text-align-center has-small-font-size\">continua depois da publicidade<\/p>\r\n\r\n\r\n\r\n<hr class=\"wp-block-separator has-alpha-channel-opacity is-style-wide\"\/>\r\n\r\n\r\n\r\n<figure class=\"wp-block-gallery has-nested-images columns-default is-cropped wp-block-gallery-2 is-layout-flex wp-block-gallery-is-layout-flex\">\r\n<figure class=\"wp-block-image size-full\"><a href=\"https:\/\/www.sudamerica.edu.br\/\" target=\"_blank\" rel=\"noreferrer noopener\"><img decoding=\"async\" src=\"https:\/\/www.ovigilanteonline.com.br\/site\/wp-content\/uploads\/2026\/02\/SnapInsta.to_628000938_1521401246660064_2104497882800752476_n.jpg\" alt=\"\" class=\"wp-image-428831\"\/><\/a><\/figure>\r\n\r\n\r\n\r\n<figure class=\"wp-block-image size-large\"><a href=\"https:\/\/www.instagram.com\/curtastone\/\" target=\"_blank\" rel=\"noreferrer noopener\"><img decoding=\"async\" data-id=\"395070\" src=\"https:\/\/www.ovigilanteonline.com.br\/site\/wp-content\/uploads\/2026\/04\/SaveClip.App_651062745_18342989695242544_3625357231814875842_n.jpg\" alt=\"\" class=\"wp-image-395070\"\/><\/a><\/figure>\r\n<\/figure>\r\n\r\n\r\n\r\n<hr class=\"wp-block-separator has-alpha-channel-opacity is-style-wide\"\/>\r\n\r\n<\/div>","protected":false},"excerpt":{"rendered":"<p>O munic\u00edpio de Leopoldina est\u00e1 em festa neste dia 27 de abril pela comemora\u00e7\u00e3o dos 172 anos de sua emancipa\u00e7\u00e3o pol\u00edtico-administrativa, gra\u00e7as \u00e0 Lei Provincial n\u00ba 666, de 27 de abril de 1854. Segundo o \u201cLivro da Lei Mineira\u201d, de 11 de maio de 1854, arquivado na Biblioteca da Assembleia Legislativa do Estado de Minas [&hellip;]<\/p>\n","protected":false},"author":2,"featured_media":452227,"comment_status":"open","ping_status":"closed","sticky":false,"template":"","format":"standard","meta":{"footnotes":""},"categories":[11,26],"tags":[],"class_list":["post-452225","post","type-post","status-publish","format-standard","has-post-thumbnail","hentry","category-leopoldina","category-ultimas-noticias"],"yoast_head":"<!-- This site is optimized with the Yoast SEO plugin v27.4 - https:\/\/yoast.com\/product\/yoast-seo-wordpress\/ -->\n<title>172 anos de Leopoldina: tradi\u00e7\u00e3o, cultura e identidade que atravessam gera\u00e7\u00f5es<\/title>\n<meta name=\"robots\" content=\"index, follow, max-snippet:-1, max-image-preview:large, max-video-preview:-1\" \/>\n<link rel=\"canonical\" href=\"https:\/\/www.ovigilanteonline.com.br\/site\/2026\/04\/27\/172-anos-de-leopoldina-tradicao-cultura-e-identidade-que-atravessam-geracoes\/\" \/>\n<meta property=\"og:locale\" content=\"pt_BR\" \/>\n<meta property=\"og:type\" content=\"article\" \/>\n<meta property=\"og:title\" content=\"172 anos de Leopoldina: tradi\u00e7\u00e3o, cultura e identidade que atravessam gera\u00e7\u00f5es\" \/>\n<meta property=\"og:description\" content=\"O munic\u00edpio de Leopoldina est\u00e1 em festa neste dia 27 de abril pela comemora\u00e7\u00e3o dos 172 anos de sua emancipa\u00e7\u00e3o pol\u00edtico-administrativa, gra\u00e7as \u00e0 Lei Provincial n\u00ba 666, de 27 de abril de 1854. Segundo o \u201cLivro da Lei Mineira\u201d, de 11 de maio de 1854, arquivado na Biblioteca da Assembleia Legislativa do Estado de Minas [&hellip;]\" \/>\n<meta property=\"og:url\" content=\"https:\/\/www.ovigilanteonline.com.br\/site\/2026\/04\/27\/172-anos-de-leopoldina-tradicao-cultura-e-identidade-que-atravessam-geracoes\/\" \/>\n<meta property=\"og:site_name\" content=\"O VIGILANTE ONLINE\" \/>\n<meta property=\"article:publisher\" content=\"https:\/\/www.facebook.com\/ovigilanteonline\" \/>\n<meta property=\"article:published_time\" content=\"2026-04-27T12:18:12+00:00\" \/>\n<meta property=\"article:modified_time\" content=\"2026-04-28T14:02:01+00:00\" \/>\n<meta property=\"og:image\" content=\"https:\/\/www.ovigilanteonline.com.br\/site\/wp-content\/uploads\/2026\/04\/LEOPOLDINA-768x573-1.jpg\" \/>\n\t<meta property=\"og:image:width\" content=\"768\" \/>\n\t<meta property=\"og:image:height\" content=\"573\" \/>\n\t<meta property=\"og:image:type\" content=\"image\/jpeg\" \/>\n<meta name=\"author\" content=\"Jornalismo\" \/>\n<meta name=\"twitter:card\" content=\"summary_large_image\" \/>\n<meta name=\"twitter:label1\" content=\"Escrito por\" \/>\n\t<meta name=\"twitter:data1\" content=\"Jornalismo\" \/>\n\t<meta name=\"twitter:label2\" content=\"Est. tempo de leitura\" \/>\n\t<meta name=\"twitter:data2\" content=\"4 minutos\" \/>\n<script type=\"application\/ld+json\" class=\"yoast-schema-graph\">{\"@context\":\"https:\\\/\\\/schema.org\",\"@graph\":[{\"@type\":\"Article\",\"@id\":\"https:\\\/\\\/www.ovigilanteonline.com.br\\\/site\\\/2026\\\/04\\\/27\\\/172-anos-de-leopoldina-tradicao-cultura-e-identidade-que-atravessam-geracoes\\\/#article\",\"isPartOf\":{\"@id\":\"https:\\\/\\\/www.ovigilanteonline.com.br\\\/site\\\/2026\\\/04\\\/27\\\/172-anos-de-leopoldina-tradicao-cultura-e-identidade-que-atravessam-geracoes\\\/\"},\"author\":{\"name\":\"Jornalismo\",\"@id\":\"https:\\\/\\\/www.ovigilanteonline.com.br\\\/site\\\/#\\\/schema\\\/person\\\/538fdfb33c0c411cd14a732e7cf14aa6\"},\"headline\":\"172 anos de Leopoldina: tradi\u00e7\u00e3o, cultura e identidade que atravessam gera\u00e7\u00f5es\",\"datePublished\":\"2026-04-27T12:18:12+00:00\",\"dateModified\":\"2026-04-28T14:02:01+00:00\",\"mainEntityOfPage\":{\"@id\":\"https:\\\/\\\/www.ovigilanteonline.com.br\\\/site\\\/2026\\\/04\\\/27\\\/172-anos-de-leopoldina-tradicao-cultura-e-identidade-que-atravessam-geracoes\\\/\"},\"wordCount\":381,\"commentCount\":0,\"image\":{\"@id\":\"https:\\\/\\\/www.ovigilanteonline.com.br\\\/site\\\/2026\\\/04\\\/27\\\/172-anos-de-leopoldina-tradicao-cultura-e-identidade-que-atravessam-geracoes\\\/#primaryimage\"},\"thumbnailUrl\":\"https:\\\/\\\/www.ovigilanteonline.com.br\\\/site\\\/wp-content\\\/uploads\\\/2026\\\/04\\\/LEOPOLDINA-768x573-1.jpg\",\"articleSection\":[\"Leopoldina\",\"\u00daltimas Not\u00edcias\"],\"inLanguage\":\"pt-BR\",\"potentialAction\":[{\"@type\":\"CommentAction\",\"name\":\"Comment\",\"target\":[\"https:\\\/\\\/www.ovigilanteonline.com.br\\\/site\\\/2026\\\/04\\\/27\\\/172-anos-de-leopoldina-tradicao-cultura-e-identidade-que-atravessam-geracoes\\\/#respond\"]}]},{\"@type\":\"WebPage\",\"@id\":\"https:\\\/\\\/www.ovigilanteonline.com.br\\\/site\\\/2026\\\/04\\\/27\\\/172-anos-de-leopoldina-tradicao-cultura-e-identidade-que-atravessam-geracoes\\\/\",\"url\":\"https:\\\/\\\/www.ovigilanteonline.com.br\\\/site\\\/2026\\\/04\\\/27\\\/172-anos-de-leopoldina-tradicao-cultura-e-identidade-que-atravessam-geracoes\\\/\",\"name\":\"172 anos de Leopoldina: tradi\u00e7\u00e3o, cultura e identidade que atravessam gera\u00e7\u00f5es\",\"isPartOf\":{\"@id\":\"https:\\\/\\\/www.ovigilanteonline.com.br\\\/site\\\/#website\"},\"primaryImageOfPage\":{\"@id\":\"https:\\\/\\\/www.ovigilanteonline.com.br\\\/site\\\/2026\\\/04\\\/27\\\/172-anos-de-leopoldina-tradicao-cultura-e-identidade-que-atravessam-geracoes\\\/#primaryimage\"},\"image\":{\"@id\":\"https:\\\/\\\/www.ovigilanteonline.com.br\\\/site\\\/2026\\\/04\\\/27\\\/172-anos-de-leopoldina-tradicao-cultura-e-identidade-que-atravessam-geracoes\\\/#primaryimage\"},\"thumbnailUrl\":\"https:\\\/\\\/www.ovigilanteonline.com.br\\\/site\\\/wp-content\\\/uploads\\\/2026\\\/04\\\/LEOPOLDINA-768x573-1.jpg\",\"datePublished\":\"2026-04-27T12:18:12+00:00\",\"dateModified\":\"2026-04-28T14:02:01+00:00\",\"author\":{\"@id\":\"https:\\\/\\\/www.ovigilanteonline.com.br\\\/site\\\/#\\\/schema\\\/person\\\/538fdfb33c0c411cd14a732e7cf14aa6\"},\"breadcrumb\":{\"@id\":\"https:\\\/\\\/www.ovigilanteonline.com.br\\\/site\\\/2026\\\/04\\\/27\\\/172-anos-de-leopoldina-tradicao-cultura-e-identidade-que-atravessam-geracoes\\\/#breadcrumb\"},\"inLanguage\":\"pt-BR\",\"potentialAction\":[{\"@type\":\"ReadAction\",\"target\":[\"https:\\\/\\\/www.ovigilanteonline.com.br\\\/site\\\/2026\\\/04\\\/27\\\/172-anos-de-leopoldina-tradicao-cultura-e-identidade-que-atravessam-geracoes\\\/\"]}]},{\"@type\":\"ImageObject\",\"inLanguage\":\"pt-BR\",\"@id\":\"https:\\\/\\\/www.ovigilanteonline.com.br\\\/site\\\/2026\\\/04\\\/27\\\/172-anos-de-leopoldina-tradicao-cultura-e-identidade-que-atravessam-geracoes\\\/#primaryimage\",\"url\":\"https:\\\/\\\/www.ovigilanteonline.com.br\\\/site\\\/wp-content\\\/uploads\\\/2026\\\/04\\\/LEOPOLDINA-768x573-1.jpg\",\"contentUrl\":\"https:\\\/\\\/www.ovigilanteonline.com.br\\\/site\\\/wp-content\\\/uploads\\\/2026\\\/04\\\/LEOPOLDINA-768x573-1.jpg\",\"width\":768,\"height\":573},{\"@type\":\"BreadcrumbList\",\"@id\":\"https:\\\/\\\/www.ovigilanteonline.com.br\\\/site\\\/2026\\\/04\\\/27\\\/172-anos-de-leopoldina-tradicao-cultura-e-identidade-que-atravessam-geracoes\\\/#breadcrumb\",\"itemListElement\":[{\"@type\":\"ListItem\",\"position\":1,\"name\":\"In\u00edcio\",\"item\":\"https:\\\/\\\/www.ovigilanteonline.com.br\\\/site\\\/\"},{\"@type\":\"ListItem\",\"position\":2,\"name\":\"172 anos de Leopoldina: tradi\u00e7\u00e3o, cultura e identidade que atravessam gera\u00e7\u00f5es\"}]},{\"@type\":\"WebSite\",\"@id\":\"https:\\\/\\\/www.ovigilanteonline.com.br\\\/site\\\/#website\",\"url\":\"https:\\\/\\\/www.ovigilanteonline.com.br\\\/site\\\/\",\"name\":\"O VIGILANTE ONLINE - Not\u00edcias de Leopoldina e regi\u00e3o\",\"description\":\"\",\"potentialAction\":[{\"@type\":\"SearchAction\",\"target\":{\"@type\":\"EntryPoint\",\"urlTemplate\":\"https:\\\/\\\/www.ovigilanteonline.com.br\\\/site\\\/?s={search_term_string}\"},\"query-input\":{\"@type\":\"PropertyValueSpecification\",\"valueRequired\":true,\"valueName\":\"search_term_string\"}}],\"inLanguage\":\"pt-BR\"},{\"@type\":\"Person\",\"@id\":\"https:\\\/\\\/www.ovigilanteonline.com.br\\\/site\\\/#\\\/schema\\\/person\\\/538fdfb33c0c411cd14a732e7cf14aa6\",\"name\":\"Jornalismo\"}]}<\/script>\n<!-- \/ Yoast SEO plugin. -->","yoast_head_json":{"title":"172 anos de Leopoldina: tradi\u00e7\u00e3o, cultura e identidade que atravessam gera\u00e7\u00f5es","robots":{"index":"index","follow":"follow","max-snippet":"max-snippet:-1","max-image-preview":"max-image-preview:large","max-video-preview":"max-video-preview:-1"},"canonical":"https:\/\/www.ovigilanteonline.com.br\/site\/2026\/04\/27\/172-anos-de-leopoldina-tradicao-cultura-e-identidade-que-atravessam-geracoes\/","og_locale":"pt_BR","og_type":"article","og_title":"172 anos de Leopoldina: tradi\u00e7\u00e3o, cultura e identidade que atravessam gera\u00e7\u00f5es","og_description":"O munic\u00edpio de Leopoldina est\u00e1 em festa neste dia 27 de abril pela comemora\u00e7\u00e3o dos 172 anos de sua emancipa\u00e7\u00e3o pol\u00edtico-administrativa, gra\u00e7as \u00e0 Lei Provincial n\u00ba 666, de 27 de abril de 1854. Segundo o \u201cLivro da Lei Mineira\u201d, de 11 de maio de 1854, arquivado na Biblioteca da Assembleia Legislativa do Estado de Minas [&hellip;]","og_url":"https:\/\/www.ovigilanteonline.com.br\/site\/2026\/04\/27\/172-anos-de-leopoldina-tradicao-cultura-e-identidade-que-atravessam-geracoes\/","og_site_name":"O VIGILANTE ONLINE","article_publisher":"https:\/\/www.facebook.com\/ovigilanteonline","article_published_time":"2026-04-27T12:18:12+00:00","article_modified_time":"2026-04-28T14:02:01+00:00","og_image":[{"width":768,"height":573,"url":"https:\/\/www.ovigilanteonline.com.br\/site\/wp-content\/uploads\/2026\/04\/LEOPOLDINA-768x573-1.jpg","type":"image\/jpeg"}],"author":"Jornalismo","twitter_card":"summary_large_image","twitter_misc":{"Escrito por":"Jornalismo","Est. tempo de leitura":"4 minutos"},"schema":{"@context":"https:\/\/schema.org","@graph":[{"@type":"Article","@id":"https:\/\/www.ovigilanteonline.com.br\/site\/2026\/04\/27\/172-anos-de-leopoldina-tradicao-cultura-e-identidade-que-atravessam-geracoes\/#article","isPartOf":{"@id":"https:\/\/www.ovigilanteonline.com.br\/site\/2026\/04\/27\/172-anos-de-leopoldina-tradicao-cultura-e-identidade-que-atravessam-geracoes\/"},"author":{"name":"Jornalismo","@id":"https:\/\/www.ovigilanteonline.com.br\/site\/#\/schema\/person\/538fdfb33c0c411cd14a732e7cf14aa6"},"headline":"172 anos de Leopoldina: tradi\u00e7\u00e3o, cultura e identidade que atravessam gera\u00e7\u00f5es","datePublished":"2026-04-27T12:18:12+00:00","dateModified":"2026-04-28T14:02:01+00:00","mainEntityOfPage":{"@id":"https:\/\/www.ovigilanteonline.com.br\/site\/2026\/04\/27\/172-anos-de-leopoldina-tradicao-cultura-e-identidade-que-atravessam-geracoes\/"},"wordCount":381,"commentCount":0,"image":{"@id":"https:\/\/www.ovigilanteonline.com.br\/site\/2026\/04\/27\/172-anos-de-leopoldina-tradicao-cultura-e-identidade-que-atravessam-geracoes\/#primaryimage"},"thumbnailUrl":"https:\/\/www.ovigilanteonline.com.br\/site\/wp-content\/uploads\/2026\/04\/LEOPOLDINA-768x573-1.jpg","articleSection":["Leopoldina","\u00daltimas Not\u00edcias"],"inLanguage":"pt-BR","potentialAction":[{"@type":"CommentAction","name":"Comment","target":["https:\/\/www.ovigilanteonline.com.br\/site\/2026\/04\/27\/172-anos-de-leopoldina-tradicao-cultura-e-identidade-que-atravessam-geracoes\/#respond"]}]},{"@type":"WebPage","@id":"https:\/\/www.ovigilanteonline.com.br\/site\/2026\/04\/27\/172-anos-de-leopoldina-tradicao-cultura-e-identidade-que-atravessam-geracoes\/","url":"https:\/\/www.ovigilanteonline.com.br\/site\/2026\/04\/27\/172-anos-de-leopoldina-tradicao-cultura-e-identidade-que-atravessam-geracoes\/","name":"172 anos de Leopoldina: tradi\u00e7\u00e3o, cultura e identidade que atravessam gera\u00e7\u00f5es","isPartOf":{"@id":"https:\/\/www.ovigilanteonline.com.br\/site\/#website"},"primaryImageOfPage":{"@id":"https:\/\/www.ovigilanteonline.com.br\/site\/2026\/04\/27\/172-anos-de-leopoldina-tradicao-cultura-e-identidade-que-atravessam-geracoes\/#primaryimage"},"image":{"@id":"https:\/\/www.ovigilanteonline.com.br\/site\/2026\/04\/27\/172-anos-de-leopoldina-tradicao-cultura-e-identidade-que-atravessam-geracoes\/#primaryimage"},"thumbnailUrl":"https:\/\/www.ovigilanteonline.com.br\/site\/wp-content\/uploads\/2026\/04\/LEOPOLDINA-768x573-1.jpg","datePublished":"2026-04-27T12:18:12+00:00","dateModified":"2026-04-28T14:02:01+00:00","author":{"@id":"https:\/\/www.ovigilanteonline.com.br\/site\/#\/schema\/person\/538fdfb33c0c411cd14a732e7cf14aa6"},"breadcrumb":{"@id":"https:\/\/www.ovigilanteonline.com.br\/site\/2026\/04\/27\/172-anos-de-leopoldina-tradicao-cultura-e-identidade-que-atravessam-geracoes\/#breadcrumb"},"inLanguage":"pt-BR","potentialAction":[{"@type":"ReadAction","target":["https:\/\/www.ovigilanteonline.com.br\/site\/2026\/04\/27\/172-anos-de-leopoldina-tradicao-cultura-e-identidade-que-atravessam-geracoes\/"]}]},{"@type":"ImageObject","inLanguage":"pt-BR","@id":"https:\/\/www.ovigilanteonline.com.br\/site\/2026\/04\/27\/172-anos-de-leopoldina-tradicao-cultura-e-identidade-que-atravessam-geracoes\/#primaryimage","url":"https:\/\/www.ovigilanteonline.com.br\/site\/wp-content\/uploads\/2026\/04\/LEOPOLDINA-768x573-1.jpg","contentUrl":"https:\/\/www.ovigilanteonline.com.br\/site\/wp-content\/uploads\/2026\/04\/LEOPOLDINA-768x573-1.jpg","width":768,"height":573},{"@type":"BreadcrumbList","@id":"https:\/\/www.ovigilanteonline.com.br\/site\/2026\/04\/27\/172-anos-de-leopoldina-tradicao-cultura-e-identidade-que-atravessam-geracoes\/#breadcrumb","itemListElement":[{"@type":"ListItem","position":1,"name":"In\u00edcio","item":"https:\/\/www.ovigilanteonline.com.br\/site\/"},{"@type":"ListItem","position":2,"name":"172 anos de Leopoldina: tradi\u00e7\u00e3o, cultura e identidade que atravessam gera\u00e7\u00f5es"}]},{"@type":"WebSite","@id":"https:\/\/www.ovigilanteonline.com.br\/site\/#website","url":"https:\/\/www.ovigilanteonline.com.br\/site\/","name":"O VIGILANTE ONLINE - Not\u00edcias de Leopoldina e regi\u00e3o","description":"","potentialAction":[{"@type":"SearchAction","target":{"@type":"EntryPoint","urlTemplate":"https:\/\/www.ovigilanteonline.com.br\/site\/?s={search_term_string}"},"query-input":{"@type":"PropertyValueSpecification","valueRequired":true,"valueName":"search_term_string"}}],"inLanguage":"pt-BR"},{"@type":"Person","@id":"https:\/\/www.ovigilanteonline.com.br\/site\/#\/schema\/person\/538fdfb33c0c411cd14a732e7cf14aa6","name":"Jornalismo"}]}},"cc_featured_image_caption":{"caption_text":"","source_text":"","source_url":""},"_links":{"self":[{"href":"https:\/\/www.ovigilanteonline.com.br\/site\/wp-json\/wp\/v2\/posts\/452225","targetHints":{"allow":["GET"]}}],"collection":[{"href":"https:\/\/www.ovigilanteonline.com.br\/site\/wp-json\/wp\/v2\/posts"}],"about":[{"href":"https:\/\/www.ovigilanteonline.com.br\/site\/wp-json\/wp\/v2\/types\/post"}],"author":[{"embeddable":true,"href":"https:\/\/www.ovigilanteonline.com.br\/site\/wp-json\/wp\/v2\/users\/2"}],"replies":[{"embeddable":true,"href":"https:\/\/www.ovigilanteonline.com.br\/site\/wp-json\/wp\/v2\/comments?post=452225"}],"version-history":[{"count":2,"href":"https:\/\/www.ovigilanteonline.com.br\/site\/wp-json\/wp\/v2\/posts\/452225\/revisions"}],"predecessor-version":[{"id":452233,"href":"https:\/\/www.ovigilanteonline.com.br\/site\/wp-json\/wp\/v2\/posts\/452225\/revisions\/452233"}],"wp:featuredmedia":[{"embeddable":true,"href":"https:\/\/www.ovigilanteonline.com.br\/site\/wp-json\/wp\/v2\/media\/452227"}],"wp:attachment":[{"href":"https:\/\/www.ovigilanteonline.com.br\/site\/wp-json\/wp\/v2\/media?parent=452225"}],"wp:term":[{"taxonomy":"category","embeddable":true,"href":"https:\/\/www.ovigilanteonline.com.br\/site\/wp-json\/wp\/v2\/categories?post=452225"},{"taxonomy":"post_tag","embeddable":true,"href":"https:\/\/www.ovigilanteonline.com.br\/site\/wp-json\/wp\/v2\/tags?post=452225"}],"curies":[{"name":"wp","href":"https:\/\/api.w.org\/{rel}","templated":true}]}}