{"id":452218,"date":"2026-04-26T16:43:33","date_gmt":"2026-04-26T19:43:33","guid":{"rendered":"https:\/\/www.ovigilanteonline.com.br\/site\/?p=452218"},"modified":"2026-04-26T16:43:36","modified_gmt":"2026-04-26T19:43:36","slug":"motociclista-e-preso-por-embriaguez-ao-volante-apos-acidente-em-leopoldina","status":"publish","type":"post","link":"https:\/\/www.ovigilanteonline.com.br\/site\/2026\/04\/26\/motociclista-e-preso-por-embriaguez-ao-volante-apos-acidente-em-leopoldina\/","title":{"rendered":"Motociclista \u00e9 preso por embriaguez ao volante ap\u00f3s acidente em Leopoldina"},"content":{"rendered":"\n<p>Um homem de 29 anos foi preso na madrugada deste domingo, 26 de abril, por conduzir ve\u00edculo sob efeito de \u00e1lcool ap\u00f3s se envolver em um acidente de tr\u00e2nsito na Avenida dos Expedicion\u00e1rios, no bairro Jardim Bela Vista, em Leopoldina.<\/p>\n\n\n\n<p>De acordo com a Guarda Civil Municipal, a equipe da ROMU Alfa realizava patrulhamento preventivo com destino a um evento no Parque de Exposi\u00e7\u00f5es quando foi acionada pelo telefone 153. O solicitante relatou um sinistro envolvendo uma motocicleta e informou que a v\u00edtima poderia estar sem sinais vitais.<\/p>\n\n\n\n<p>Ao chegar ao local, os agentes encontraram o condutor ca\u00eddo ao solo. Durante a avalia\u00e7\u00e3o inicial, foi constatado que ele apresentava sinais vitais e estava consciente, por\u00e9m com fala prejudicada. Ainda segundo a GCM, o pr\u00f3prio indiv\u00edduo admitiu ter ingerido bebida alco\u00f3lica, sendo observados sinais claros de embriaguez, como olhos avermelhados, sonol\u00eancia e fala desconexa.<\/p>\n\n\n\n<p>O Servi\u00e7o de Atendimento M\u00f3vel de Urg\u00eancia (SAMU) foi acionado e encaminhou o motociclista \u00e0 Casa de Caridade Leopoldinense, onde foi diagnosticada uma fratura na esc\u00e1pula.<\/p>\n\n\n<div id=\"ovigi-905683804\">\r\n<p class=\"has-text-align-center has-small-font-size\">continua depois da publicidade<\/p>\r\n\r\n\r\n\r\n<hr class=\"wp-block-separator has-alpha-channel-opacity is-style-wide\"\/>\r\n\r\n\r\n<center> \r\n<figure class=\"wp-block-image size-large\"><a href=\"https:\/\/www.instagram.com\/unimedleopoldina241\/\" target=\"_blank\" rel=\"noreferrer noopener\"><img decoding=\"async\" src=\"https:\/\/www.ovigilanteonline.com.br\/site\/wp-content\/uploads\/2026\/03\/UNIMED-FINAL.jpg\" alt=\"\" class=\"wp-image-395070\"\/><\/a><\/figure>\r\n<\/figure>\r\n<!-- \/wp:gallery --> <\/center>\r\n\r\n<!-- wp:separator {\"className\":\"is-style-wide\"} -->\r\n<hr class=\"wp-block-separator has-alpha-channel-opacity is-style-wide\"\/>\r\n<!-- \/wp:separator -->\r\n<\/div>\n\n\n<p>Ap\u00f3s receber atendimento m\u00e9dico, o homem concordou em realizar o teste do etil\u00f4metro. Ele foi conduzido ao posto da Pol\u00edcia Rodovi\u00e1ria Federal, onde o exame apontou 0,44 mg\/L de \u00e1lcool por litro de ar alveolar \u2014 valor acima do limite permitido por lei, configurando, em tese, crime de tr\u00e2nsito.<\/p>\n\n\n\n<p>Diante dos fatos, foi dada voz de pris\u00e3o em flagrante ao autor, que foi encaminhado \u00e0 autoridade policial para as provid\u00eancias legais. Segundo a Guarda Civil Municipal, n\u00e3o houve necessidade do uso de algemas, j\u00e1 que o conduzido n\u00e3o apresentou resist\u00eancia.<\/p>\n\n\n<div  class=\"wp-block-ultimate-post-heading ultp-block-8fdb7b\"><div class=\"ultp-block-wrapper\"><div class=\"ultp-heading-wrap ultp-heading-style18 ultp-heading-left\"><h2 class=\"ultp-heading-inner\"><span>Leia tamb\u00e9m<\/span><\/h2><\/div><\/div><\/div>\n\n<div  class=\"ultp-post-grid-block wp-block-ultimate-post-post-grid-2 ultp-block-387cb0\"><div class=\"ultp-block-wrapper\"><div class=\"ultp-loading\"><div class=\"ultp-loading-blocks\" style=\"width:100%;height:100%;\"><div style=\"left: 0;top: 0;animation-delay:0s;\"><\/div><div style=\"left: 21px;top: 0;animation-delay:0.125s;\"><\/div><div style=\"left: 42px;top: 0;animation-delay:0.25s;\"><\/div><div style=\"left: 0;top: 21px;animation-delay:0.875s;\"><\/div><div style=\"left: 42px;top: 21px;animation-delay:0.375s;\"><\/div><div style=\"left: 0;top: 42px;animation-delay:0.75s;\"><\/div><div style=\"left: 42px;top: 42px;animation-delay:0.625s;\"><\/div><div style=\"left: 21px;top: 42px;animation-delay:0.5s;\"><\/div><\/div><\/div><div class=\"ultp-block-items-wrap ultp-block-row\"><div class=\"ultp-block-item post-id-452218\"><div class=\"ultp-block-content-wrap ultp-block-content-overlay\"><div class=\"ultp-block-image ultp-block-image-none ultp-block-image-overlay ultp-block-image-simgleGradient\"><a href=\"https:\/\/www.ovigilanteonline.com.br\/site\/2026\/04\/26\/motociclista-e-preso-por-embriaguez-ao-volante-apos-acidente-em-leopoldina\/\" ><img decoding=\"async\"  alt=\"Motociclista \u00e9 preso por embriaguez ao volante ap\u00f3s acidente em Leopoldina\"  src=\"https:\/\/www.ovigilanteonline.com.br\/site\/wp-content\/uploads\/2026\/03\/viatura-gcm-870x570.jpg\" \/><\/a><\/div><div class=\"ultp-block-content ultp-block-content-bottomPosition\"><div class=\"ultp-block-content-inner\"><h3 class=\"ultp-block-title \"><a href=\"https:\/\/www.ovigilanteonline.com.br\/site\/2026\/04\/26\/motociclista-e-preso-por-embriaguez-ao-volante-apos-acidente-em-leopoldina\/\" >Motociclista \u00e9 preso por embriaguez ao volante ap\u00f3s acidente em Leopoldina<\/a><\/h3><\/div><\/div><\/div><\/div><div class=\"ultp-block-item post-id-452210\"><div class=\"ultp-block-content-wrap ultp-block-content-overlay\"><div class=\"ultp-block-image ultp-block-image-none ultp-block-image-overlay ultp-block-image-simgleGradient\"><a href=\"https:\/\/www.ovigilanteonline.com.br\/site\/2026\/04\/26\/homem-e-preso-pela-pm-apos-furto-de-fios-e-resistencia-a-abordagem-policial-em-leopoldina\/\" ><img decoding=\"async\"  alt=\"Homem \u00e9 preso pela PM ap\u00f3s furto de fios e resist\u00eancia \u00e0 abordagem policial em Leopoldina\"  src=\"https:\/\/www.ovigilanteonline.com.br\/site\/wp-content\/uploads\/2026\/02\/pm-viatura-3.jpg\" \/><\/a><\/div><div class=\"ultp-block-content ultp-block-content-bottomPosition\"><div class=\"ultp-block-content-inner\"><h3 class=\"ultp-block-title \"><a href=\"https:\/\/www.ovigilanteonline.com.br\/site\/2026\/04\/26\/homem-e-preso-pela-pm-apos-furto-de-fios-e-resistencia-a-abordagem-policial-em-leopoldina\/\" >Homem \u00e9 preso pela PM ap\u00f3s furto de fios e resist\u00eancia \u00e0 abordagem policial em Leopoldina<\/a><\/h3><\/div><\/div><\/div><\/div><div class=\"ultp-block-item post-id-452179\"><div class=\"ultp-block-content-wrap ultp-block-content-overlay\"><div class=\"ultp-block-image ultp-block-image-none ultp-block-image-overlay ultp-block-image-simgleGradient\"><a href=\"https:\/\/www.ovigilanteonline.com.br\/site\/2026\/04\/25\/leopoldina-celebra-172-anos-com-shows-gratuitos-no-parque-de-exposicoes\/\" ><img decoding=\"async\"  alt=\"Leopoldina celebra 172 anos com shows gratuitos no Parque de Exposi\u00e7\u00f5es\"  src=\"https:\/\/www.ovigilanteonline.com.br\/site\/wp-content\/uploads\/2025\/08\/cidade-cruzeiro-3-870x570.jpg\" \/><\/a><\/div><div class=\"ultp-block-content ultp-block-content-bottomPosition\"><div class=\"ultp-block-content-inner\"><h3 class=\"ultp-block-title \"><a href=\"https:\/\/www.ovigilanteonline.com.br\/site\/2026\/04\/25\/leopoldina-celebra-172-anos-com-shows-gratuitos-no-parque-de-exposicoes\/\" >Leopoldina celebra 172 anos com shows gratuitos no Parque de Exposi\u00e7\u00f5es<\/a><\/h3><\/div><\/div><\/div><\/div><div class=\"ultp-block-item post-id-452186\"><div class=\"ultp-block-content-wrap ultp-block-content-overlay\"><div class=\"ultp-block-image ultp-block-image-none ultp-block-image-overlay ultp-block-image-simgleGradient\"><a href=\"https:\/\/www.ovigilanteonline.com.br\/site\/2026\/04\/25\/consagracao-a-sao-miguel-arcanjo-reune-cerca-de-15-mil-fieis-em-leopoldina\/\" ><img decoding=\"async\"  alt=\"Consagra\u00e7\u00e3o a S\u00e3o Miguel Arcanjo re\u00fane cerca de 15 mil fi\u00e9is em Leopoldina\"  src=\"https:\/\/www.ovigilanteonline.com.br\/site\/wp-content\/uploads\/2026\/04\/IMG_2291-804x570.jpg\" \/><\/a><\/div><div class=\"ultp-block-content ultp-block-content-bottomPosition\"><div class=\"ultp-block-content-inner\"><h3 class=\"ultp-block-title \"><a href=\"https:\/\/www.ovigilanteonline.com.br\/site\/2026\/04\/25\/consagracao-a-sao-miguel-arcanjo-reune-cerca-de-15-mil-fieis-em-leopoldina\/\" >Consagra\u00e7\u00e3o a S\u00e3o Miguel Arcanjo re\u00fane cerca de 15 mil fi\u00e9is em Leopoldina<\/a><\/h3><\/div><\/div><\/div><\/div><div class=\"ultp-block-item post-id-452181\"><div class=\"ultp-block-content-wrap ultp-block-content-overlay\"><div class=\"ultp-block-image ultp-block-image-none ultp-block-image-overlay ultp-block-image-simgleGradient\"><a href=\"https:\/\/www.ovigilanteonline.com.br\/site\/2026\/04\/25\/super-copa-leopoldina-de-futebol-amador-comeca-neste-fim-de-semana-com-seis-equipes\/\" ><img decoding=\"async\"  alt=\"Super Copa Leopoldina de Futebol Amador come\u00e7a neste fim de semana com seis equipes\"  src=\"https:\/\/www.ovigilanteonline.com.br\/site\/wp-content\/uploads\/2026\/04\/03121413_Estdio_Oct.jpg\" \/><\/a><\/div><div class=\"ultp-block-content ultp-block-content-bottomPosition\"><div class=\"ultp-block-content-inner\"><h3 class=\"ultp-block-title \"><a href=\"https:\/\/www.ovigilanteonline.com.br\/site\/2026\/04\/25\/super-copa-leopoldina-de-futebol-amador-comeca-neste-fim-de-semana-com-seis-equipes\/\" >Super Copa Leopoldina de Futebol Amador come\u00e7a neste fim de semana com seis equipes<\/a><\/h3><\/div><\/div><\/div><\/div><div class=\"ultp-block-item post-id-452175\"><div class=\"ultp-block-content-wrap ultp-block-content-overlay\"><div class=\"ultp-block-image ultp-block-image-none ultp-block-image-overlay ultp-block-image-simgleGradient\"><a href=\"https:\/\/www.ovigilanteonline.com.br\/site\/2026\/04\/24\/trabalhador-fica-soterrado-em-obra-as-margens-da-br-116-em-muriae\/\" ><img decoding=\"async\"  alt=\"Trabalhador fica soterrado em obra \u00e0s margens da BR-116 em Muria\u00e9\"  src=\"https:\/\/www.ovigilanteonline.com.br\/site\/wp-content\/uploads\/2026\/04\/d656fd65.jpg\" \/><\/a><\/div><div class=\"ultp-block-content ultp-block-content-bottomPosition\"><div class=\"ultp-block-content-inner\"><h3 class=\"ultp-block-title \"><a href=\"https:\/\/www.ovigilanteonline.com.br\/site\/2026\/04\/24\/trabalhador-fica-soterrado-em-obra-as-margens-da-br-116-em-muriae\/\" >Trabalhador fica soterrado em obra \u00e0s margens da BR-116 em Muria\u00e9<\/a><\/h3><\/div><\/div><\/div><\/div><\/div><\/div><div class=\"pagination-block-html\" aria-hidden=\"true\" style=\"display: none;\"><\/div><\/div>\n\n<div id=\"ovigi-855173732\">\r\n<p class=\"has-text-align-center has-small-font-size\">continua depois da publicidade<\/p>\r\n\r\n\r\n\r\n<hr class=\"wp-block-separator has-alpha-channel-opacity is-style-wide\"\/>\r\n\r\n\r\n\r\n<figure class=\"wp-block-gallery has-nested-images columns-default is-cropped wp-block-gallery-1 is-layout-flex wp-block-gallery-is-layout-flex\">\r\n<figure class=\"wp-block-image size-full\"><a href=\"https:\/\/www.sudamerica.edu.br\/\" target=\"_blank\" rel=\"noreferrer noopener\"><img decoding=\"async\" src=\"https:\/\/www.ovigilanteonline.com.br\/site\/wp-content\/uploads\/2026\/02\/SnapInsta.to_628000938_1521401246660064_2104497882800752476_n.jpg\" alt=\"\" class=\"wp-image-428831\"\/><\/a><\/figure>\r\n\r\n\r\n\r\n<figure class=\"wp-block-image size-large\"><a href=\"https:\/\/www.instagram.com\/curtastone\/\" target=\"_blank\" rel=\"noreferrer noopener\"><img decoding=\"async\" data-id=\"395070\" src=\"https:\/\/www.ovigilanteonline.com.br\/site\/wp-content\/uploads\/2026\/04\/SaveClip.App_651062745_18342989695242544_3625357231814875842_n.jpg\" alt=\"\" class=\"wp-image-395070\"\/><\/a><\/figure>\r\n<\/figure>\r\n\r\n\r\n\r\n<hr class=\"wp-block-separator has-alpha-channel-opacity is-style-wide\"\/>\r\n\r\n<\/div>","protected":false},"excerpt":{"rendered":"<p>Um homem de 29 anos foi preso na madrugada deste domingo, 26 de abril, por conduzir ve\u00edculo sob efeito de \u00e1lcool ap\u00f3s se envolver em um acidente de tr\u00e2nsito na Avenida dos Expedicion\u00e1rios, no bairro Jardim Bela Vista, em Leopoldina. De acordo com a Guarda Civil Municipal, a equipe da ROMU Alfa realizava patrulhamento preventivo [&hellip;]<\/p>\n","protected":false},"author":2,"featured_media":451491,"comment_status":"open","ping_status":"closed","sticky":false,"template":"","format":"standard","meta":{"footnotes":""},"categories":[1,26],"tags":[],"class_list":["post-452218","post","type-post","status-publish","format-standard","has-post-thumbnail","hentry","category-destaque","category-ultimas-noticias"],"yoast_head":"<!-- This site is optimized with the Yoast SEO plugin v27.4 - https:\/\/yoast.com\/product\/yoast-seo-wordpress\/ -->\n<title>Motociclista \u00e9 preso por embriaguez ao volante ap\u00f3s acidente em Leopoldina<\/title>\n<meta name=\"robots\" content=\"index, follow, max-snippet:-1, max-image-preview:large, max-video-preview:-1\" \/>\n<link rel=\"canonical\" href=\"https:\/\/www.ovigilanteonline.com.br\/site\/2026\/04\/26\/motociclista-e-preso-por-embriaguez-ao-volante-apos-acidente-em-leopoldina\/\" \/>\n<meta property=\"og:locale\" content=\"pt_BR\" \/>\n<meta property=\"og:type\" content=\"article\" \/>\n<meta property=\"og:title\" content=\"Motociclista \u00e9 preso por embriaguez ao volante ap\u00f3s acidente em Leopoldina\" \/>\n<meta property=\"og:description\" content=\"Um homem de 29 anos foi preso na madrugada deste domingo, 26 de abril, por conduzir ve\u00edculo sob efeito de \u00e1lcool ap\u00f3s se envolver em um acidente de tr\u00e2nsito na Avenida dos Expedicion\u00e1rios, no bairro Jardim Bela Vista, em Leopoldina. De acordo com a Guarda Civil Municipal, a equipe da ROMU Alfa realizava patrulhamento preventivo [&hellip;]\" \/>\n<meta property=\"og:url\" content=\"https:\/\/www.ovigilanteonline.com.br\/site\/2026\/04\/26\/motociclista-e-preso-por-embriaguez-ao-volante-apos-acidente-em-leopoldina\/\" \/>\n<meta property=\"og:site_name\" content=\"O VIGILANTE ONLINE\" \/>\n<meta property=\"article:publisher\" content=\"https:\/\/www.facebook.com\/ovigilanteonline\" \/>\n<meta property=\"article:published_time\" content=\"2026-04-26T19:43:33+00:00\" \/>\n<meta property=\"article:modified_time\" content=\"2026-04-26T19:43:36+00:00\" \/>\n<meta property=\"og:image\" content=\"https:\/\/www.ovigilanteonline.com.br\/site\/wp-content\/uploads\/2026\/03\/viatura-gcm.jpg\" \/>\n\t<meta property=\"og:image:width\" content=\"900\" \/>\n\t<meta property=\"og:image:height\" content=\"583\" \/>\n\t<meta property=\"og:image:type\" content=\"image\/jpeg\" \/>\n<meta name=\"author\" content=\"Jornalismo\" \/>\n<meta name=\"twitter:card\" content=\"summary_large_image\" \/>\n<meta name=\"twitter:label1\" content=\"Escrito por\" \/>\n\t<meta name=\"twitter:data1\" content=\"Jornalismo\" \/>\n\t<meta name=\"twitter:label2\" content=\"Est. tempo de leitura\" \/>\n\t<meta name=\"twitter:data2\" content=\"2 minutos\" \/>\n<script type=\"application\/ld+json\" class=\"yoast-schema-graph\">{\"@context\":\"https:\\\/\\\/schema.org\",\"@graph\":[{\"@type\":\"Article\",\"@id\":\"https:\\\/\\\/www.ovigilanteonline.com.br\\\/site\\\/2026\\\/04\\\/26\\\/motociclista-e-preso-por-embriaguez-ao-volante-apos-acidente-em-leopoldina\\\/#article\",\"isPartOf\":{\"@id\":\"https:\\\/\\\/www.ovigilanteonline.com.br\\\/site\\\/2026\\\/04\\\/26\\\/motociclista-e-preso-por-embriaguez-ao-volante-apos-acidente-em-leopoldina\\\/\"},\"author\":{\"name\":\"Jornalismo\",\"@id\":\"https:\\\/\\\/www.ovigilanteonline.com.br\\\/site\\\/#\\\/schema\\\/person\\\/538fdfb33c0c411cd14a732e7cf14aa6\"},\"headline\":\"Motociclista \u00e9 preso por embriaguez ao volante ap\u00f3s acidente em Leopoldina\",\"datePublished\":\"2026-04-26T19:43:33+00:00\",\"dateModified\":\"2026-04-26T19:43:36+00:00\",\"mainEntityOfPage\":{\"@id\":\"https:\\\/\\\/www.ovigilanteonline.com.br\\\/site\\\/2026\\\/04\\\/26\\\/motociclista-e-preso-por-embriaguez-ao-volante-apos-acidente-em-leopoldina\\\/\"},\"wordCount\":292,\"commentCount\":0,\"image\":{\"@id\":\"https:\\\/\\\/www.ovigilanteonline.com.br\\\/site\\\/2026\\\/04\\\/26\\\/motociclista-e-preso-por-embriaguez-ao-volante-apos-acidente-em-leopoldina\\\/#primaryimage\"},\"thumbnailUrl\":\"https:\\\/\\\/www.ovigilanteonline.com.br\\\/site\\\/wp-content\\\/uploads\\\/2026\\\/03\\\/viatura-gcm.jpg\",\"articleSection\":[\"Destaque\",\"\u00daltimas Not\u00edcias\"],\"inLanguage\":\"pt-BR\",\"potentialAction\":[{\"@type\":\"CommentAction\",\"name\":\"Comment\",\"target\":[\"https:\\\/\\\/www.ovigilanteonline.com.br\\\/site\\\/2026\\\/04\\\/26\\\/motociclista-e-preso-por-embriaguez-ao-volante-apos-acidente-em-leopoldina\\\/#respond\"]}]},{\"@type\":\"WebPage\",\"@id\":\"https:\\\/\\\/www.ovigilanteonline.com.br\\\/site\\\/2026\\\/04\\\/26\\\/motociclista-e-preso-por-embriaguez-ao-volante-apos-acidente-em-leopoldina\\\/\",\"url\":\"https:\\\/\\\/www.ovigilanteonline.com.br\\\/site\\\/2026\\\/04\\\/26\\\/motociclista-e-preso-por-embriaguez-ao-volante-apos-acidente-em-leopoldina\\\/\",\"name\":\"Motociclista \u00e9 preso por embriaguez ao volante ap\u00f3s acidente em Leopoldina\",\"isPartOf\":{\"@id\":\"https:\\\/\\\/www.ovigilanteonline.com.br\\\/site\\\/#website\"},\"primaryImageOfPage\":{\"@id\":\"https:\\\/\\\/www.ovigilanteonline.com.br\\\/site\\\/2026\\\/04\\\/26\\\/motociclista-e-preso-por-embriaguez-ao-volante-apos-acidente-em-leopoldina\\\/#primaryimage\"},\"image\":{\"@id\":\"https:\\\/\\\/www.ovigilanteonline.com.br\\\/site\\\/2026\\\/04\\\/26\\\/motociclista-e-preso-por-embriaguez-ao-volante-apos-acidente-em-leopoldina\\\/#primaryimage\"},\"thumbnailUrl\":\"https:\\\/\\\/www.ovigilanteonline.com.br\\\/site\\\/wp-content\\\/uploads\\\/2026\\\/03\\\/viatura-gcm.jpg\",\"datePublished\":\"2026-04-26T19:43:33+00:00\",\"dateModified\":\"2026-04-26T19:43:36+00:00\",\"author\":{\"@id\":\"https:\\\/\\\/www.ovigilanteonline.com.br\\\/site\\\/#\\\/schema\\\/person\\\/538fdfb33c0c411cd14a732e7cf14aa6\"},\"breadcrumb\":{\"@id\":\"https:\\\/\\\/www.ovigilanteonline.com.br\\\/site\\\/2026\\\/04\\\/26\\\/motociclista-e-preso-por-embriaguez-ao-volante-apos-acidente-em-leopoldina\\\/#breadcrumb\"},\"inLanguage\":\"pt-BR\",\"potentialAction\":[{\"@type\":\"ReadAction\",\"target\":[\"https:\\\/\\\/www.ovigilanteonline.com.br\\\/site\\\/2026\\\/04\\\/26\\\/motociclista-e-preso-por-embriaguez-ao-volante-apos-acidente-em-leopoldina\\\/\"]}]},{\"@type\":\"ImageObject\",\"inLanguage\":\"pt-BR\",\"@id\":\"https:\\\/\\\/www.ovigilanteonline.com.br\\\/site\\\/2026\\\/04\\\/26\\\/motociclista-e-preso-por-embriaguez-ao-volante-apos-acidente-em-leopoldina\\\/#primaryimage\",\"url\":\"https:\\\/\\\/www.ovigilanteonline.com.br\\\/site\\\/wp-content\\\/uploads\\\/2026\\\/03\\\/viatura-gcm.jpg\",\"contentUrl\":\"https:\\\/\\\/www.ovigilanteonline.com.br\\\/site\\\/wp-content\\\/uploads\\\/2026\\\/03\\\/viatura-gcm.jpg\",\"width\":900,\"height\":583},{\"@type\":\"BreadcrumbList\",\"@id\":\"https:\\\/\\\/www.ovigilanteonline.com.br\\\/site\\\/2026\\\/04\\\/26\\\/motociclista-e-preso-por-embriaguez-ao-volante-apos-acidente-em-leopoldina\\\/#breadcrumb\",\"itemListElement\":[{\"@type\":\"ListItem\",\"position\":1,\"name\":\"In\u00edcio\",\"item\":\"https:\\\/\\\/www.ovigilanteonline.com.br\\\/site\\\/\"},{\"@type\":\"ListItem\",\"position\":2,\"name\":\"Motociclista \u00e9 preso por embriaguez ao volante ap\u00f3s acidente em Leopoldina\"}]},{\"@type\":\"WebSite\",\"@id\":\"https:\\\/\\\/www.ovigilanteonline.com.br\\\/site\\\/#website\",\"url\":\"https:\\\/\\\/www.ovigilanteonline.com.br\\\/site\\\/\",\"name\":\"O VIGILANTE ONLINE - Not\u00edcias de Leopoldina e regi\u00e3o\",\"description\":\"\",\"potentialAction\":[{\"@type\":\"SearchAction\",\"target\":{\"@type\":\"EntryPoint\",\"urlTemplate\":\"https:\\\/\\\/www.ovigilanteonline.com.br\\\/site\\\/?s={search_term_string}\"},\"query-input\":{\"@type\":\"PropertyValueSpecification\",\"valueRequired\":true,\"valueName\":\"search_term_string\"}}],\"inLanguage\":\"pt-BR\"},{\"@type\":\"Person\",\"@id\":\"https:\\\/\\\/www.ovigilanteonline.com.br\\\/site\\\/#\\\/schema\\\/person\\\/538fdfb33c0c411cd14a732e7cf14aa6\",\"name\":\"Jornalismo\"}]}<\/script>\n<!-- \/ Yoast SEO plugin. -->","yoast_head_json":{"title":"Motociclista \u00e9 preso por embriaguez ao volante ap\u00f3s acidente em Leopoldina","robots":{"index":"index","follow":"follow","max-snippet":"max-snippet:-1","max-image-preview":"max-image-preview:large","max-video-preview":"max-video-preview:-1"},"canonical":"https:\/\/www.ovigilanteonline.com.br\/site\/2026\/04\/26\/motociclista-e-preso-por-embriaguez-ao-volante-apos-acidente-em-leopoldina\/","og_locale":"pt_BR","og_type":"article","og_title":"Motociclista \u00e9 preso por embriaguez ao volante ap\u00f3s acidente em Leopoldina","og_description":"Um homem de 29 anos foi preso na madrugada deste domingo, 26 de abril, por conduzir ve\u00edculo sob efeito de \u00e1lcool ap\u00f3s se envolver em um acidente de tr\u00e2nsito na Avenida dos Expedicion\u00e1rios, no bairro Jardim Bela Vista, em Leopoldina. De acordo com a Guarda Civil Municipal, a equipe da ROMU Alfa realizava patrulhamento preventivo [&hellip;]","og_url":"https:\/\/www.ovigilanteonline.com.br\/site\/2026\/04\/26\/motociclista-e-preso-por-embriaguez-ao-volante-apos-acidente-em-leopoldina\/","og_site_name":"O VIGILANTE ONLINE","article_publisher":"https:\/\/www.facebook.com\/ovigilanteonline","article_published_time":"2026-04-26T19:43:33+00:00","article_modified_time":"2026-04-26T19:43:36+00:00","og_image":[{"width":900,"height":583,"url":"https:\/\/www.ovigilanteonline.com.br\/site\/wp-content\/uploads\/2026\/03\/viatura-gcm.jpg","type":"image\/jpeg"}],"author":"Jornalismo","twitter_card":"summary_large_image","twitter_misc":{"Escrito por":"Jornalismo","Est. tempo de leitura":"2 minutos"},"schema":{"@context":"https:\/\/schema.org","@graph":[{"@type":"Article","@id":"https:\/\/www.ovigilanteonline.com.br\/site\/2026\/04\/26\/motociclista-e-preso-por-embriaguez-ao-volante-apos-acidente-em-leopoldina\/#article","isPartOf":{"@id":"https:\/\/www.ovigilanteonline.com.br\/site\/2026\/04\/26\/motociclista-e-preso-por-embriaguez-ao-volante-apos-acidente-em-leopoldina\/"},"author":{"name":"Jornalismo","@id":"https:\/\/www.ovigilanteonline.com.br\/site\/#\/schema\/person\/538fdfb33c0c411cd14a732e7cf14aa6"},"headline":"Motociclista \u00e9 preso por embriaguez ao volante ap\u00f3s acidente em Leopoldina","datePublished":"2026-04-26T19:43:33+00:00","dateModified":"2026-04-26T19:43:36+00:00","mainEntityOfPage":{"@id":"https:\/\/www.ovigilanteonline.com.br\/site\/2026\/04\/26\/motociclista-e-preso-por-embriaguez-ao-volante-apos-acidente-em-leopoldina\/"},"wordCount":292,"commentCount":0,"image":{"@id":"https:\/\/www.ovigilanteonline.com.br\/site\/2026\/04\/26\/motociclista-e-preso-por-embriaguez-ao-volante-apos-acidente-em-leopoldina\/#primaryimage"},"thumbnailUrl":"https:\/\/www.ovigilanteonline.com.br\/site\/wp-content\/uploads\/2026\/03\/viatura-gcm.jpg","articleSection":["Destaque","\u00daltimas Not\u00edcias"],"inLanguage":"pt-BR","potentialAction":[{"@type":"CommentAction","name":"Comment","target":["https:\/\/www.ovigilanteonline.com.br\/site\/2026\/04\/26\/motociclista-e-preso-por-embriaguez-ao-volante-apos-acidente-em-leopoldina\/#respond"]}]},{"@type":"WebPage","@id":"https:\/\/www.ovigilanteonline.com.br\/site\/2026\/04\/26\/motociclista-e-preso-por-embriaguez-ao-volante-apos-acidente-em-leopoldina\/","url":"https:\/\/www.ovigilanteonline.com.br\/site\/2026\/04\/26\/motociclista-e-preso-por-embriaguez-ao-volante-apos-acidente-em-leopoldina\/","name":"Motociclista \u00e9 preso por embriaguez ao volante ap\u00f3s acidente em Leopoldina","isPartOf":{"@id":"https:\/\/www.ovigilanteonline.com.br\/site\/#website"},"primaryImageOfPage":{"@id":"https:\/\/www.ovigilanteonline.com.br\/site\/2026\/04\/26\/motociclista-e-preso-por-embriaguez-ao-volante-apos-acidente-em-leopoldina\/#primaryimage"},"image":{"@id":"https:\/\/www.ovigilanteonline.com.br\/site\/2026\/04\/26\/motociclista-e-preso-por-embriaguez-ao-volante-apos-acidente-em-leopoldina\/#primaryimage"},"thumbnailUrl":"https:\/\/www.ovigilanteonline.com.br\/site\/wp-content\/uploads\/2026\/03\/viatura-gcm.jpg","datePublished":"2026-04-26T19:43:33+00:00","dateModified":"2026-04-26T19:43:36+00:00","author":{"@id":"https:\/\/www.ovigilanteonline.com.br\/site\/#\/schema\/person\/538fdfb33c0c411cd14a732e7cf14aa6"},"breadcrumb":{"@id":"https:\/\/www.ovigilanteonline.com.br\/site\/2026\/04\/26\/motociclista-e-preso-por-embriaguez-ao-volante-apos-acidente-em-leopoldina\/#breadcrumb"},"inLanguage":"pt-BR","potentialAction":[{"@type":"ReadAction","target":["https:\/\/www.ovigilanteonline.com.br\/site\/2026\/04\/26\/motociclista-e-preso-por-embriaguez-ao-volante-apos-acidente-em-leopoldina\/"]}]},{"@type":"ImageObject","inLanguage":"pt-BR","@id":"https:\/\/www.ovigilanteonline.com.br\/site\/2026\/04\/26\/motociclista-e-preso-por-embriaguez-ao-volante-apos-acidente-em-leopoldina\/#primaryimage","url":"https:\/\/www.ovigilanteonline.com.br\/site\/wp-content\/uploads\/2026\/03\/viatura-gcm.jpg","contentUrl":"https:\/\/www.ovigilanteonline.com.br\/site\/wp-content\/uploads\/2026\/03\/viatura-gcm.jpg","width":900,"height":583},{"@type":"BreadcrumbList","@id":"https:\/\/www.ovigilanteonline.com.br\/site\/2026\/04\/26\/motociclista-e-preso-por-embriaguez-ao-volante-apos-acidente-em-leopoldina\/#breadcrumb","itemListElement":[{"@type":"ListItem","position":1,"name":"In\u00edcio","item":"https:\/\/www.ovigilanteonline.com.br\/site\/"},{"@type":"ListItem","position":2,"name":"Motociclista \u00e9 preso por embriaguez ao volante ap\u00f3s acidente em Leopoldina"}]},{"@type":"WebSite","@id":"https:\/\/www.ovigilanteonline.com.br\/site\/#website","url":"https:\/\/www.ovigilanteonline.com.br\/site\/","name":"O VIGILANTE ONLINE - Not\u00edcias de Leopoldina e regi\u00e3o","description":"","potentialAction":[{"@type":"SearchAction","target":{"@type":"EntryPoint","urlTemplate":"https:\/\/www.ovigilanteonline.com.br\/site\/?s={search_term_string}"},"query-input":{"@type":"PropertyValueSpecification","valueRequired":true,"valueName":"search_term_string"}}],"inLanguage":"pt-BR"},{"@type":"Person","@id":"https:\/\/www.ovigilanteonline.com.br\/site\/#\/schema\/person\/538fdfb33c0c411cd14a732e7cf14aa6","name":"Jornalismo"}]}},"cc_featured_image_caption":{"caption_text":"","source_text":"","source_url":""},"_links":{"self":[{"href":"https:\/\/www.ovigilanteonline.com.br\/site\/wp-json\/wp\/v2\/posts\/452218","targetHints":{"allow":["GET"]}}],"collection":[{"href":"https:\/\/www.ovigilanteonline.com.br\/site\/wp-json\/wp\/v2\/posts"}],"about":[{"href":"https:\/\/www.ovigilanteonline.com.br\/site\/wp-json\/wp\/v2\/types\/post"}],"author":[{"embeddable":true,"href":"https:\/\/www.ovigilanteonline.com.br\/site\/wp-json\/wp\/v2\/users\/2"}],"replies":[{"embeddable":true,"href":"https:\/\/www.ovigilanteonline.com.br\/site\/wp-json\/wp\/v2\/comments?post=452218"}],"version-history":[{"count":1,"href":"https:\/\/www.ovigilanteonline.com.br\/site\/wp-json\/wp\/v2\/posts\/452218\/revisions"}],"predecessor-version":[{"id":452220,"href":"https:\/\/www.ovigilanteonline.com.br\/site\/wp-json\/wp\/v2\/posts\/452218\/revisions\/452220"}],"wp:featuredmedia":[{"embeddable":true,"href":"https:\/\/www.ovigilanteonline.com.br\/site\/wp-json\/wp\/v2\/media\/451491"}],"wp:attachment":[{"href":"https:\/\/www.ovigilanteonline.com.br\/site\/wp-json\/wp\/v2\/media?parent=452218"}],"wp:term":[{"taxonomy":"category","embeddable":true,"href":"https:\/\/www.ovigilanteonline.com.br\/site\/wp-json\/wp\/v2\/categories?post=452218"},{"taxonomy":"post_tag","embeddable":true,"href":"https:\/\/www.ovigilanteonline.com.br\/site\/wp-json\/wp\/v2\/tags?post=452218"}],"curies":[{"name":"wp","href":"https:\/\/api.w.org\/{rel}","templated":true}]}}