{"id":452213,"date":"2026-04-26T15:57:15","date_gmt":"2026-04-26T18:57:15","guid":{"rendered":"https:\/\/www.ovigilanteonline.com.br\/site\/?p=452213"},"modified":"2026-04-26T15:57:17","modified_gmt":"2026-04-26T18:57:17","slug":"o-silencio-que-preocupa-estamos-desaprendendo-a-conviver-fora-das-telas","status":"publish","type":"post","link":"https:\/\/www.ovigilanteonline.com.br\/site\/2026\/04\/26\/o-silencio-que-preocupa-estamos-desaprendendo-a-conviver-fora-das-telas\/","title":{"rendered":"O sil\u00eancio que preocupa: estamos desaprendendo a conviver fora das telas?"},"content":{"rendered":"\n<figure class=\"wp-block-image size-large\"><img loading=\"lazy\" decoding=\"async\" width=\"1024\" height=\"683\" src=\"https:\/\/www.ovigilanteonline.com.br\/site\/wp-content\/uploads\/2026\/04\/WhatsApp-Image-2026-04-26-at-10.50.26-1024x683.jpeg\" alt=\"\" class=\"wp-image-452215\" srcset=\"https:\/\/www.ovigilanteonline.com.br\/site\/wp-content\/uploads\/2026\/04\/WhatsApp-Image-2026-04-26-at-10.50.26-1024x683.jpeg 1024w, https:\/\/www.ovigilanteonline.com.br\/site\/wp-content\/uploads\/2026\/04\/WhatsApp-Image-2026-04-26-at-10.50.26-300x200.jpeg 300w, https:\/\/www.ovigilanteonline.com.br\/site\/wp-content\/uploads\/2026\/04\/WhatsApp-Image-2026-04-26-at-10.50.26-768x512.jpeg 768w, https:\/\/www.ovigilanteonline.com.br\/site\/wp-content\/uploads\/2026\/04\/WhatsApp-Image-2026-04-26-at-10.50.26-1200x800.jpeg 1200w, https:\/\/www.ovigilanteonline.com.br\/site\/wp-content\/uploads\/2026\/04\/WhatsApp-Image-2026-04-26-at-10.50.26.jpeg 1536w\" sizes=\"auto, (max-width: 1024px) 100vw, 1024px\" \/><\/figure>\n\n\n\n<p>Em meio a uma rotina cada vez mais acelerada e conectada, um fen\u00f4meno silencioso come\u00e7a a ganhar espa\u00e7o nas cidades \u2014 inclusive nas menores: a dificuldade crescente de conviv\u00eancia fora do ambiente digital.<\/p>\n\n\n\n<p>Se antes as conversas aconteciam nas cal\u00e7adas, nas pra\u00e7as ou nas visitas sem hora marcada, hoje boa parte das intera\u00e7\u00f5es humanas se concentra em aplicativos de mensagens e redes sociais. A praticidade \u00e9 ineg\u00e1vel, mas o impacto desse novo comportamento ainda est\u00e1 sendo compreendido.<\/p>\n\n\n\n<p>Especialistas alertam que o excesso de comunica\u00e7\u00e3o virtual pode reduzir habilidades importantes, como a escuta ativa, a empatia e a capacidade de lidar com diferen\u00e7as no mundo real. N\u00e3o se trata de demonizar a tecnologia, mas de refletir sobre o equil\u00edbrio.<\/p>\n\n\n\n<p>Em cidades do interior, onde o contato humano sempre foi um dos pilares da vida social, a mudan\u00e7a \u00e9 ainda mais percept\u00edvel. O cumprimento na rua se torna mais raro, encontros s\u00e3o substitu\u00eddos por mensagens r\u00e1pidas, e o tempo compartilhado presencialmente diminui.<\/p>\n\n\n\n<p>Outro ponto de aten\u00e7\u00e3o \u00e9 o aumento da sensa\u00e7\u00e3o de solid\u00e3o, mesmo em um cen\u00e1rio onde todos parecem estar constantemente conectados. A presen\u00e7a digital n\u00e3o substitui completamente o olhar, o tom de voz e a experi\u00eancia de estar junto.<\/p>\n\n\n\n<p>Por outro lado, iniciativas simples come\u00e7am a surgir como resposta a esse cen\u00e1rio: encontros comunit\u00e1rios, eventos culturais locais, incentivo ao esporte e atividades ao ar livre. Pequenas a\u00e7\u00f5es que resgatam algo essencial \u2014 o conv\u00edvio humano.<\/p>\n\n\n\n<p>O desafio n\u00e3o est\u00e1 em abandonar a tecnologia, mas em lembrar que ela deve ser uma ponte, e n\u00e3o um substituto das rela\u00e7\u00f5es reais.<\/p>\n\n\n\n<p>Talvez seja hora de retomar h\u00e1bitos simples: uma conversa sem pressa, um caf\u00e9 compartilhado, um \u201cbom dia\u201d dito pessoalmente.<\/p>\n\n\n\n<p>Porque, no fim, a vida acontece \u2014 de verdade \u2014 fora das telas.<\/p>\n\n\n\n<p>Ediene Barbosa<\/p>\n\n\n<div  class=\"wp-block-ultimate-post-heading ultp-block-ab1dfd\"><div class=\"ultp-block-wrapper\"><div class=\"ultp-heading-wrap ultp-heading-style18 ultp-heading-left\"><h2 class=\"ultp-heading-inner\"><span>Leia tamb\u00e9m<\/span><\/h2><\/div><\/div><\/div>\n\n<div  class=\"ultp-post-grid-block wp-block-ultimate-post-post-grid-2 ultp-block-d946cb\"><div class=\"ultp-block-wrapper\"><div class=\"ultp-loading\"><div class=\"ultp-loading-blocks\" style=\"width:100%;height:100%;\"><div style=\"left: 0;top: 0;animation-delay:0s;\"><\/div><div style=\"left: 21px;top: 0;animation-delay:0.125s;\"><\/div><div style=\"left: 42px;top: 0;animation-delay:0.25s;\"><\/div><div style=\"left: 0;top: 21px;animation-delay:0.875s;\"><\/div><div style=\"left: 42px;top: 21px;animation-delay:0.375s;\"><\/div><div style=\"left: 0;top: 42px;animation-delay:0.75s;\"><\/div><div style=\"left: 42px;top: 42px;animation-delay:0.625s;\"><\/div><div style=\"left: 21px;top: 42px;animation-delay:0.5s;\"><\/div><\/div><\/div><div class=\"ultp-block-items-wrap ultp-block-row\"><div class=\"ultp-block-item post-id-452218\"><div class=\"ultp-block-content-wrap ultp-block-content-overlay\"><div class=\"ultp-block-image ultp-block-image-none ultp-block-image-overlay ultp-block-image-simgleGradient\"><a href=\"https:\/\/www.ovigilanteonline.com.br\/site\/2026\/04\/26\/motociclista-e-preso-por-embriaguez-ao-volante-apos-acidente-em-leopoldina\/\" ><img decoding=\"async\"  alt=\"Motociclista \u00e9 preso por embriaguez ao volante ap\u00f3s acidente em Leopoldina\"  src=\"https:\/\/www.ovigilanteonline.com.br\/site\/wp-content\/uploads\/2026\/03\/viatura-gcm-870x570.jpg\" \/><\/a><\/div><div class=\"ultp-block-content ultp-block-content-bottomPosition\"><div class=\"ultp-block-content-inner\"><h3 class=\"ultp-block-title \"><a href=\"https:\/\/www.ovigilanteonline.com.br\/site\/2026\/04\/26\/motociclista-e-preso-por-embriaguez-ao-volante-apos-acidente-em-leopoldina\/\" >Motociclista \u00e9 preso por embriaguez ao volante ap\u00f3s acidente em Leopoldina<\/a><\/h3><\/div><\/div><\/div><\/div><div class=\"ultp-block-item post-id-452210\"><div class=\"ultp-block-content-wrap ultp-block-content-overlay\"><div class=\"ultp-block-image ultp-block-image-none ultp-block-image-overlay ultp-block-image-simgleGradient\"><a href=\"https:\/\/www.ovigilanteonline.com.br\/site\/2026\/04\/26\/homem-e-preso-pela-pm-apos-furto-de-fios-e-resistencia-a-abordagem-policial-em-leopoldina\/\" ><img decoding=\"async\"  alt=\"Homem \u00e9 preso pela PM ap\u00f3s furto de fios e resist\u00eancia \u00e0 abordagem policial em Leopoldina\"  src=\"https:\/\/www.ovigilanteonline.com.br\/site\/wp-content\/uploads\/2026\/02\/pm-viatura-3.jpg\" \/><\/a><\/div><div class=\"ultp-block-content ultp-block-content-bottomPosition\"><div class=\"ultp-block-content-inner\"><h3 class=\"ultp-block-title \"><a href=\"https:\/\/www.ovigilanteonline.com.br\/site\/2026\/04\/26\/homem-e-preso-pela-pm-apos-furto-de-fios-e-resistencia-a-abordagem-policial-em-leopoldina\/\" >Homem \u00e9 preso pela PM ap\u00f3s furto de fios e resist\u00eancia \u00e0 abordagem policial em Leopoldina<\/a><\/h3><\/div><\/div><\/div><\/div><div class=\"ultp-block-item post-id-452179\"><div class=\"ultp-block-content-wrap ultp-block-content-overlay\"><div class=\"ultp-block-image ultp-block-image-none ultp-block-image-overlay ultp-block-image-simgleGradient\"><a href=\"https:\/\/www.ovigilanteonline.com.br\/site\/2026\/04\/25\/leopoldina-celebra-172-anos-com-shows-gratuitos-no-parque-de-exposicoes\/\" ><img decoding=\"async\"  alt=\"Leopoldina celebra 172 anos com shows gratuitos no Parque de Exposi\u00e7\u00f5es\"  src=\"https:\/\/www.ovigilanteonline.com.br\/site\/wp-content\/uploads\/2025\/08\/cidade-cruzeiro-3-870x570.jpg\" \/><\/a><\/div><div class=\"ultp-block-content ultp-block-content-bottomPosition\"><div class=\"ultp-block-content-inner\"><h3 class=\"ultp-block-title \"><a href=\"https:\/\/www.ovigilanteonline.com.br\/site\/2026\/04\/25\/leopoldina-celebra-172-anos-com-shows-gratuitos-no-parque-de-exposicoes\/\" >Leopoldina celebra 172 anos com shows gratuitos no Parque de Exposi\u00e7\u00f5es<\/a><\/h3><\/div><\/div><\/div><\/div><div class=\"ultp-block-item post-id-452186\"><div class=\"ultp-block-content-wrap ultp-block-content-overlay\"><div class=\"ultp-block-image ultp-block-image-none ultp-block-image-overlay ultp-block-image-simgleGradient\"><a href=\"https:\/\/www.ovigilanteonline.com.br\/site\/2026\/04\/25\/consagracao-a-sao-miguel-arcanjo-reune-cerca-de-15-mil-fieis-em-leopoldina\/\" ><img decoding=\"async\"  alt=\"Consagra\u00e7\u00e3o a S\u00e3o Miguel Arcanjo re\u00fane cerca de 15 mil fi\u00e9is em Leopoldina\"  src=\"https:\/\/www.ovigilanteonline.com.br\/site\/wp-content\/uploads\/2026\/04\/IMG_2291-804x570.jpg\" \/><\/a><\/div><div class=\"ultp-block-content ultp-block-content-bottomPosition\"><div class=\"ultp-block-content-inner\"><h3 class=\"ultp-block-title \"><a href=\"https:\/\/www.ovigilanteonline.com.br\/site\/2026\/04\/25\/consagracao-a-sao-miguel-arcanjo-reune-cerca-de-15-mil-fieis-em-leopoldina\/\" >Consagra\u00e7\u00e3o a S\u00e3o Miguel Arcanjo re\u00fane cerca de 15 mil fi\u00e9is em Leopoldina<\/a><\/h3><\/div><\/div><\/div><\/div><div class=\"ultp-block-item post-id-452181\"><div class=\"ultp-block-content-wrap ultp-block-content-overlay\"><div class=\"ultp-block-image ultp-block-image-none ultp-block-image-overlay ultp-block-image-simgleGradient\"><a href=\"https:\/\/www.ovigilanteonline.com.br\/site\/2026\/04\/25\/super-copa-leopoldina-de-futebol-amador-comeca-neste-fim-de-semana-com-seis-equipes\/\" ><img decoding=\"async\"  alt=\"Super Copa Leopoldina de Futebol Amador come\u00e7a neste fim de semana com seis equipes\"  src=\"https:\/\/www.ovigilanteonline.com.br\/site\/wp-content\/uploads\/2026\/04\/03121413_Estdio_Oct.jpg\" \/><\/a><\/div><div class=\"ultp-block-content ultp-block-content-bottomPosition\"><div class=\"ultp-block-content-inner\"><h3 class=\"ultp-block-title \"><a href=\"https:\/\/www.ovigilanteonline.com.br\/site\/2026\/04\/25\/super-copa-leopoldina-de-futebol-amador-comeca-neste-fim-de-semana-com-seis-equipes\/\" >Super Copa Leopoldina de Futebol Amador come\u00e7a neste fim de semana com seis equipes<\/a><\/h3><\/div><\/div><\/div><\/div><div class=\"ultp-block-item post-id-452175\"><div class=\"ultp-block-content-wrap ultp-block-content-overlay\"><div class=\"ultp-block-image ultp-block-image-none ultp-block-image-overlay ultp-block-image-simgleGradient\"><a href=\"https:\/\/www.ovigilanteonline.com.br\/site\/2026\/04\/24\/trabalhador-fica-soterrado-em-obra-as-margens-da-br-116-em-muriae\/\" ><img decoding=\"async\"  alt=\"Trabalhador fica soterrado em obra \u00e0s margens da BR-116 em Muria\u00e9\"  src=\"https:\/\/www.ovigilanteonline.com.br\/site\/wp-content\/uploads\/2026\/04\/d656fd65.jpg\" \/><\/a><\/div><div class=\"ultp-block-content ultp-block-content-bottomPosition\"><div class=\"ultp-block-content-inner\"><h3 class=\"ultp-block-title \"><a href=\"https:\/\/www.ovigilanteonline.com.br\/site\/2026\/04\/24\/trabalhador-fica-soterrado-em-obra-as-margens-da-br-116-em-muriae\/\" >Trabalhador fica soterrado em obra \u00e0s margens da BR-116 em Muria\u00e9<\/a><\/h3><\/div><\/div><\/div><\/div><\/div><\/div><div class=\"pagination-block-html\" aria-hidden=\"true\" style=\"display: none;\"><\/div><\/div>","protected":false},"excerpt":{"rendered":"<p>Em meio a uma rotina cada vez mais acelerada e conectada, um fen\u00f4meno silencioso come\u00e7a a ganhar espa\u00e7o nas cidades \u2014 inclusive nas menores: a dificuldade crescente de conviv\u00eancia fora do ambiente digital. Se antes as conversas aconteciam nas cal\u00e7adas, nas pra\u00e7as ou nas visitas sem hora marcada, hoje boa parte das intera\u00e7\u00f5es humanas se [&hellip;]<\/p>\n","protected":false},"author":1,"featured_media":452015,"comment_status":"open","ping_status":"closed","sticky":false,"template":"","format":"standard","meta":{"footnotes":""},"categories":[18],"tags":[],"class_list":["post-452213","post","type-post","status-publish","format-standard","has-post-thumbnail","hentry","category-artigos"],"yoast_head":"<!-- This site is optimized with the Yoast SEO plugin v27.4 - https:\/\/yoast.com\/product\/yoast-seo-wordpress\/ -->\n<title>O sil\u00eancio que preocupa: estamos desaprendendo a conviver fora das telas?<\/title>\n<meta name=\"robots\" content=\"index, follow, max-snippet:-1, max-image-preview:large, max-video-preview:-1\" \/>\n<link rel=\"canonical\" href=\"https:\/\/www.ovigilanteonline.com.br\/site\/2026\/04\/26\/o-silencio-que-preocupa-estamos-desaprendendo-a-conviver-fora-das-telas\/\" \/>\n<meta property=\"og:locale\" content=\"pt_BR\" \/>\n<meta property=\"og:type\" content=\"article\" \/>\n<meta property=\"og:title\" content=\"O sil\u00eancio que preocupa: estamos desaprendendo a conviver fora das telas?\" \/>\n<meta property=\"og:description\" content=\"Em meio a uma rotina cada vez mais acelerada e conectada, um fen\u00f4meno silencioso come\u00e7a a ganhar espa\u00e7o nas cidades \u2014 inclusive nas menores: a dificuldade crescente de conviv\u00eancia fora do ambiente digital. Se antes as conversas aconteciam nas cal\u00e7adas, nas pra\u00e7as ou nas visitas sem hora marcada, hoje boa parte das intera\u00e7\u00f5es humanas se [&hellip;]\" \/>\n<meta property=\"og:url\" content=\"https:\/\/www.ovigilanteonline.com.br\/site\/2026\/04\/26\/o-silencio-que-preocupa-estamos-desaprendendo-a-conviver-fora-das-telas\/\" \/>\n<meta property=\"og:site_name\" content=\"O VIGILANTE ONLINE\" \/>\n<meta property=\"article:publisher\" content=\"https:\/\/www.facebook.com\/ovigilanteonline\" \/>\n<meta property=\"article:published_time\" content=\"2026-04-26T18:57:15+00:00\" \/>\n<meta property=\"article:modified_time\" content=\"2026-04-26T18:57:17+00:00\" \/>\n<meta property=\"og:image\" content=\"https:\/\/www.ovigilanteonline.com.br\/site\/wp-content\/uploads\/2026\/04\/capa-3-1.jpg\" \/>\n\t<meta property=\"og:image:width\" content=\"784\" \/>\n\t<meta property=\"og:image:height\" content=\"420\" \/>\n\t<meta property=\"og:image:type\" content=\"image\/jpeg\" \/>\n<meta name=\"author\" content=\"Colunista\" \/>\n<meta name=\"twitter:card\" content=\"summary_large_image\" \/>\n<meta name=\"twitter:label1\" content=\"Escrito por\" \/>\n\t<meta name=\"twitter:data1\" content=\"Colunista\" \/>\n\t<meta name=\"twitter:label2\" content=\"Est. tempo de leitura\" \/>\n\t<meta name=\"twitter:data2\" content=\"2 minutos\" \/>\n<script type=\"application\/ld+json\" class=\"yoast-schema-graph\">{\"@context\":\"https:\\\/\\\/schema.org\",\"@graph\":[{\"@type\":\"Article\",\"@id\":\"https:\\\/\\\/www.ovigilanteonline.com.br\\\/site\\\/2026\\\/04\\\/26\\\/o-silencio-que-preocupa-estamos-desaprendendo-a-conviver-fora-das-telas\\\/#article\",\"isPartOf\":{\"@id\":\"https:\\\/\\\/www.ovigilanteonline.com.br\\\/site\\\/2026\\\/04\\\/26\\\/o-silencio-que-preocupa-estamos-desaprendendo-a-conviver-fora-das-telas\\\/\"},\"author\":{\"name\":\"Colunista\",\"@id\":\"https:\\\/\\\/www.ovigilanteonline.com.br\\\/site\\\/#\\\/schema\\\/person\\\/8ad9b7aecc912961c07795d5389c9d7d\"},\"headline\":\"O sil\u00eancio que preocupa: estamos desaprendendo a conviver fora das telas?\",\"datePublished\":\"2026-04-26T18:57:15+00:00\",\"dateModified\":\"2026-04-26T18:57:17+00:00\",\"mainEntityOfPage\":{\"@id\":\"https:\\\/\\\/www.ovigilanteonline.com.br\\\/site\\\/2026\\\/04\\\/26\\\/o-silencio-que-preocupa-estamos-desaprendendo-a-conviver-fora-das-telas\\\/\"},\"wordCount\":331,\"commentCount\":0,\"image\":{\"@id\":\"https:\\\/\\\/www.ovigilanteonline.com.br\\\/site\\\/2026\\\/04\\\/26\\\/o-silencio-que-preocupa-estamos-desaprendendo-a-conviver-fora-das-telas\\\/#primaryimage\"},\"thumbnailUrl\":\"https:\\\/\\\/www.ovigilanteonline.com.br\\\/site\\\/wp-content\\\/uploads\\\/2026\\\/04\\\/ediene-01.jpg\",\"articleSection\":[\"Artigos\"],\"inLanguage\":\"pt-BR\",\"potentialAction\":[{\"@type\":\"CommentAction\",\"name\":\"Comment\",\"target\":[\"https:\\\/\\\/www.ovigilanteonline.com.br\\\/site\\\/2026\\\/04\\\/26\\\/o-silencio-que-preocupa-estamos-desaprendendo-a-conviver-fora-das-telas\\\/#respond\"]}]},{\"@type\":\"WebPage\",\"@id\":\"https:\\\/\\\/www.ovigilanteonline.com.br\\\/site\\\/2026\\\/04\\\/26\\\/o-silencio-que-preocupa-estamos-desaprendendo-a-conviver-fora-das-telas\\\/\",\"url\":\"https:\\\/\\\/www.ovigilanteonline.com.br\\\/site\\\/2026\\\/04\\\/26\\\/o-silencio-que-preocupa-estamos-desaprendendo-a-conviver-fora-das-telas\\\/\",\"name\":\"O sil\u00eancio que preocupa: estamos desaprendendo a conviver fora das telas?\",\"isPartOf\":{\"@id\":\"https:\\\/\\\/www.ovigilanteonline.com.br\\\/site\\\/#website\"},\"primaryImageOfPage\":{\"@id\":\"https:\\\/\\\/www.ovigilanteonline.com.br\\\/site\\\/2026\\\/04\\\/26\\\/o-silencio-que-preocupa-estamos-desaprendendo-a-conviver-fora-das-telas\\\/#primaryimage\"},\"image\":{\"@id\":\"https:\\\/\\\/www.ovigilanteonline.com.br\\\/site\\\/2026\\\/04\\\/26\\\/o-silencio-que-preocupa-estamos-desaprendendo-a-conviver-fora-das-telas\\\/#primaryimage\"},\"thumbnailUrl\":\"https:\\\/\\\/www.ovigilanteonline.com.br\\\/site\\\/wp-content\\\/uploads\\\/2026\\\/04\\\/ediene-01.jpg\",\"datePublished\":\"2026-04-26T18:57:15+00:00\",\"dateModified\":\"2026-04-26T18:57:17+00:00\",\"author\":{\"@id\":\"https:\\\/\\\/www.ovigilanteonline.com.br\\\/site\\\/#\\\/schema\\\/person\\\/8ad9b7aecc912961c07795d5389c9d7d\"},\"breadcrumb\":{\"@id\":\"https:\\\/\\\/www.ovigilanteonline.com.br\\\/site\\\/2026\\\/04\\\/26\\\/o-silencio-que-preocupa-estamos-desaprendendo-a-conviver-fora-das-telas\\\/#breadcrumb\"},\"inLanguage\":\"pt-BR\",\"potentialAction\":[{\"@type\":\"ReadAction\",\"target\":[\"https:\\\/\\\/www.ovigilanteonline.com.br\\\/site\\\/2026\\\/04\\\/26\\\/o-silencio-que-preocupa-estamos-desaprendendo-a-conviver-fora-das-telas\\\/\"]}]},{\"@type\":\"ImageObject\",\"inLanguage\":\"pt-BR\",\"@id\":\"https:\\\/\\\/www.ovigilanteonline.com.br\\\/site\\\/2026\\\/04\\\/26\\\/o-silencio-que-preocupa-estamos-desaprendendo-a-conviver-fora-das-telas\\\/#primaryimage\",\"url\":\"https:\\\/\\\/www.ovigilanteonline.com.br\\\/site\\\/wp-content\\\/uploads\\\/2026\\\/04\\\/ediene-01.jpg\",\"contentUrl\":\"https:\\\/\\\/www.ovigilanteonline.com.br\\\/site\\\/wp-content\\\/uploads\\\/2026\\\/04\\\/ediene-01.jpg\",\"width\":768,\"height\":404},{\"@type\":\"BreadcrumbList\",\"@id\":\"https:\\\/\\\/www.ovigilanteonline.com.br\\\/site\\\/2026\\\/04\\\/26\\\/o-silencio-que-preocupa-estamos-desaprendendo-a-conviver-fora-das-telas\\\/#breadcrumb\",\"itemListElement\":[{\"@type\":\"ListItem\",\"position\":1,\"name\":\"In\u00edcio\",\"item\":\"https:\\\/\\\/www.ovigilanteonline.com.br\\\/site\\\/\"},{\"@type\":\"ListItem\",\"position\":2,\"name\":\"O sil\u00eancio que preocupa: estamos desaprendendo a conviver fora das telas?\"}]},{\"@type\":\"WebSite\",\"@id\":\"https:\\\/\\\/www.ovigilanteonline.com.br\\\/site\\\/#website\",\"url\":\"https:\\\/\\\/www.ovigilanteonline.com.br\\\/site\\\/\",\"name\":\"O VIGILANTE ONLINE - Not\u00edcias de Leopoldina e regi\u00e3o\",\"description\":\"\",\"potentialAction\":[{\"@type\":\"SearchAction\",\"target\":{\"@type\":\"EntryPoint\",\"urlTemplate\":\"https:\\\/\\\/www.ovigilanteonline.com.br\\\/site\\\/?s={search_term_string}\"},\"query-input\":{\"@type\":\"PropertyValueSpecification\",\"valueRequired\":true,\"valueName\":\"search_term_string\"}}],\"inLanguage\":\"pt-BR\"},{\"@type\":\"Person\",\"@id\":\"https:\\\/\\\/www.ovigilanteonline.com.br\\\/site\\\/#\\\/schema\\\/person\\\/8ad9b7aecc912961c07795d5389c9d7d\",\"name\":\"Colunista\",\"sameAs\":[\"https:\\\/\\\/ovigilanteonline.com.br\\\/site\\\/\"]}]}<\/script>\n<!-- \/ Yoast SEO plugin. -->","yoast_head_json":{"title":"O sil\u00eancio que preocupa: estamos desaprendendo a conviver fora das telas?","robots":{"index":"index","follow":"follow","max-snippet":"max-snippet:-1","max-image-preview":"max-image-preview:large","max-video-preview":"max-video-preview:-1"},"canonical":"https:\/\/www.ovigilanteonline.com.br\/site\/2026\/04\/26\/o-silencio-que-preocupa-estamos-desaprendendo-a-conviver-fora-das-telas\/","og_locale":"pt_BR","og_type":"article","og_title":"O sil\u00eancio que preocupa: estamos desaprendendo a conviver fora das telas?","og_description":"Em meio a uma rotina cada vez mais acelerada e conectada, um fen\u00f4meno silencioso come\u00e7a a ganhar espa\u00e7o nas cidades \u2014 inclusive nas menores: a dificuldade crescente de conviv\u00eancia fora do ambiente digital. Se antes as conversas aconteciam nas cal\u00e7adas, nas pra\u00e7as ou nas visitas sem hora marcada, hoje boa parte das intera\u00e7\u00f5es humanas se [&hellip;]","og_url":"https:\/\/www.ovigilanteonline.com.br\/site\/2026\/04\/26\/o-silencio-que-preocupa-estamos-desaprendendo-a-conviver-fora-das-telas\/","og_site_name":"O VIGILANTE ONLINE","article_publisher":"https:\/\/www.facebook.com\/ovigilanteonline","article_published_time":"2026-04-26T18:57:15+00:00","article_modified_time":"2026-04-26T18:57:17+00:00","og_image":[{"width":784,"height":420,"url":"https:\/\/www.ovigilanteonline.com.br\/site\/wp-content\/uploads\/2026\/04\/capa-3-1.jpg","type":"image\/jpeg"}],"author":"Colunista","twitter_card":"summary_large_image","twitter_misc":{"Escrito por":"Colunista","Est. tempo de leitura":"2 minutos"},"schema":{"@context":"https:\/\/schema.org","@graph":[{"@type":"Article","@id":"https:\/\/www.ovigilanteonline.com.br\/site\/2026\/04\/26\/o-silencio-que-preocupa-estamos-desaprendendo-a-conviver-fora-das-telas\/#article","isPartOf":{"@id":"https:\/\/www.ovigilanteonline.com.br\/site\/2026\/04\/26\/o-silencio-que-preocupa-estamos-desaprendendo-a-conviver-fora-das-telas\/"},"author":{"name":"Colunista","@id":"https:\/\/www.ovigilanteonline.com.br\/site\/#\/schema\/person\/8ad9b7aecc912961c07795d5389c9d7d"},"headline":"O sil\u00eancio que preocupa: estamos desaprendendo a conviver fora das telas?","datePublished":"2026-04-26T18:57:15+00:00","dateModified":"2026-04-26T18:57:17+00:00","mainEntityOfPage":{"@id":"https:\/\/www.ovigilanteonline.com.br\/site\/2026\/04\/26\/o-silencio-que-preocupa-estamos-desaprendendo-a-conviver-fora-das-telas\/"},"wordCount":331,"commentCount":0,"image":{"@id":"https:\/\/www.ovigilanteonline.com.br\/site\/2026\/04\/26\/o-silencio-que-preocupa-estamos-desaprendendo-a-conviver-fora-das-telas\/#primaryimage"},"thumbnailUrl":"https:\/\/www.ovigilanteonline.com.br\/site\/wp-content\/uploads\/2026\/04\/ediene-01.jpg","articleSection":["Artigos"],"inLanguage":"pt-BR","potentialAction":[{"@type":"CommentAction","name":"Comment","target":["https:\/\/www.ovigilanteonline.com.br\/site\/2026\/04\/26\/o-silencio-que-preocupa-estamos-desaprendendo-a-conviver-fora-das-telas\/#respond"]}]},{"@type":"WebPage","@id":"https:\/\/www.ovigilanteonline.com.br\/site\/2026\/04\/26\/o-silencio-que-preocupa-estamos-desaprendendo-a-conviver-fora-das-telas\/","url":"https:\/\/www.ovigilanteonline.com.br\/site\/2026\/04\/26\/o-silencio-que-preocupa-estamos-desaprendendo-a-conviver-fora-das-telas\/","name":"O sil\u00eancio que preocupa: estamos desaprendendo a conviver fora das telas?","isPartOf":{"@id":"https:\/\/www.ovigilanteonline.com.br\/site\/#website"},"primaryImageOfPage":{"@id":"https:\/\/www.ovigilanteonline.com.br\/site\/2026\/04\/26\/o-silencio-que-preocupa-estamos-desaprendendo-a-conviver-fora-das-telas\/#primaryimage"},"image":{"@id":"https:\/\/www.ovigilanteonline.com.br\/site\/2026\/04\/26\/o-silencio-que-preocupa-estamos-desaprendendo-a-conviver-fora-das-telas\/#primaryimage"},"thumbnailUrl":"https:\/\/www.ovigilanteonline.com.br\/site\/wp-content\/uploads\/2026\/04\/ediene-01.jpg","datePublished":"2026-04-26T18:57:15+00:00","dateModified":"2026-04-26T18:57:17+00:00","author":{"@id":"https:\/\/www.ovigilanteonline.com.br\/site\/#\/schema\/person\/8ad9b7aecc912961c07795d5389c9d7d"},"breadcrumb":{"@id":"https:\/\/www.ovigilanteonline.com.br\/site\/2026\/04\/26\/o-silencio-que-preocupa-estamos-desaprendendo-a-conviver-fora-das-telas\/#breadcrumb"},"inLanguage":"pt-BR","potentialAction":[{"@type":"ReadAction","target":["https:\/\/www.ovigilanteonline.com.br\/site\/2026\/04\/26\/o-silencio-que-preocupa-estamos-desaprendendo-a-conviver-fora-das-telas\/"]}]},{"@type":"ImageObject","inLanguage":"pt-BR","@id":"https:\/\/www.ovigilanteonline.com.br\/site\/2026\/04\/26\/o-silencio-que-preocupa-estamos-desaprendendo-a-conviver-fora-das-telas\/#primaryimage","url":"https:\/\/www.ovigilanteonline.com.br\/site\/wp-content\/uploads\/2026\/04\/ediene-01.jpg","contentUrl":"https:\/\/www.ovigilanteonline.com.br\/site\/wp-content\/uploads\/2026\/04\/ediene-01.jpg","width":768,"height":404},{"@type":"BreadcrumbList","@id":"https:\/\/www.ovigilanteonline.com.br\/site\/2026\/04\/26\/o-silencio-que-preocupa-estamos-desaprendendo-a-conviver-fora-das-telas\/#breadcrumb","itemListElement":[{"@type":"ListItem","position":1,"name":"In\u00edcio","item":"https:\/\/www.ovigilanteonline.com.br\/site\/"},{"@type":"ListItem","position":2,"name":"O sil\u00eancio que preocupa: estamos desaprendendo a conviver fora das telas?"}]},{"@type":"WebSite","@id":"https:\/\/www.ovigilanteonline.com.br\/site\/#website","url":"https:\/\/www.ovigilanteonline.com.br\/site\/","name":"O VIGILANTE ONLINE - Not\u00edcias de Leopoldina e regi\u00e3o","description":"","potentialAction":[{"@type":"SearchAction","target":{"@type":"EntryPoint","urlTemplate":"https:\/\/www.ovigilanteonline.com.br\/site\/?s={search_term_string}"},"query-input":{"@type":"PropertyValueSpecification","valueRequired":true,"valueName":"search_term_string"}}],"inLanguage":"pt-BR"},{"@type":"Person","@id":"https:\/\/www.ovigilanteonline.com.br\/site\/#\/schema\/person\/8ad9b7aecc912961c07795d5389c9d7d","name":"Colunista","sameAs":["https:\/\/ovigilanteonline.com.br\/site\/"]}]}},"cc_featured_image_caption":{"caption_text":"","source_text":"","source_url":""},"_links":{"self":[{"href":"https:\/\/www.ovigilanteonline.com.br\/site\/wp-json\/wp\/v2\/posts\/452213","targetHints":{"allow":["GET"]}}],"collection":[{"href":"https:\/\/www.ovigilanteonline.com.br\/site\/wp-json\/wp\/v2\/posts"}],"about":[{"href":"https:\/\/www.ovigilanteonline.com.br\/site\/wp-json\/wp\/v2\/types\/post"}],"author":[{"embeddable":true,"href":"https:\/\/www.ovigilanteonline.com.br\/site\/wp-json\/wp\/v2\/users\/1"}],"replies":[{"embeddable":true,"href":"https:\/\/www.ovigilanteonline.com.br\/site\/wp-json\/wp\/v2\/comments?post=452213"}],"version-history":[{"count":1,"href":"https:\/\/www.ovigilanteonline.com.br\/site\/wp-json\/wp\/v2\/posts\/452213\/revisions"}],"predecessor-version":[{"id":452217,"href":"https:\/\/www.ovigilanteonline.com.br\/site\/wp-json\/wp\/v2\/posts\/452213\/revisions\/452217"}],"wp:featuredmedia":[{"embeddable":true,"href":"https:\/\/www.ovigilanteonline.com.br\/site\/wp-json\/wp\/v2\/media\/452015"}],"wp:attachment":[{"href":"https:\/\/www.ovigilanteonline.com.br\/site\/wp-json\/wp\/v2\/media?parent=452213"}],"wp:term":[{"taxonomy":"category","embeddable":true,"href":"https:\/\/www.ovigilanteonline.com.br\/site\/wp-json\/wp\/v2\/categories?post=452213"},{"taxonomy":"post_tag","embeddable":true,"href":"https:\/\/www.ovigilanteonline.com.br\/site\/wp-json\/wp\/v2\/tags?post=452213"}],"curies":[{"name":"wp","href":"https:\/\/api.w.org\/{rel}","templated":true}]}}