{"id":452210,"date":"2026-04-26T09:13:42","date_gmt":"2026-04-26T12:13:42","guid":{"rendered":"https:\/\/www.ovigilanteonline.com.br\/site\/?p=452210"},"modified":"2026-04-27T07:45:24","modified_gmt":"2026-04-27T10:45:24","slug":"homem-e-preso-pela-pm-apos-furto-de-fios-e-resistencia-a-abordagem-policial-em-leopoldina","status":"publish","type":"post","link":"https:\/\/www.ovigilanteonline.com.br\/site\/2026\/04\/26\/homem-e-preso-pela-pm-apos-furto-de-fios-e-resistencia-a-abordagem-policial-em-leopoldina\/","title":{"rendered":"Homem \u00e9 preso pela PM ap\u00f3s furto de fios e resist\u00eancia \u00e0 abordagem policial em Leopoldina"},"content":{"rendered":"\n<h3 class=\"wp-block-heading\"><strong><em>Ele teria furtado fios de uma casa e de uma rede de telecomunica\u00e7\u00f5es<\/em><\/strong><\/h3>\n\n\n\n<p>Um homem de 33 anos foi preso na tarde deste s\u00e1bado, 25 de abril, ap\u00f3s uma tentativa de furto em uma resid\u00eancia no bairro Monte Verde, pr\u00f3ximo \u00e0s Tr\u00eas Cruzes, em Leopoldina. A ocorr\u00eancia foi registrada pela Pol\u00edcia Militar ap\u00f3s acionamento do propriet\u00e1rio do local.<\/p>\n\n\n\n<p>De acordo com as informa\u00e7\u00f5es, o indiv\u00edduo teria invadido o im\u00f3vel ap\u00f3s pular o muro, sendo flagrado pelo propriet\u00e1rio por meio de c\u00e2meras de seguran\u00e7a. Ao perceber a movimenta\u00e7\u00e3o, o autor fugiu em dire\u00e7\u00e3o a uma \u00e1rea de pasto e mata nas proximidades, dando in\u00edcio a um cerco policial com apoio de testemunhas que acompanharam a a\u00e7\u00e3o.<\/p>\n\n\n\n<p>Durante as buscas, o homem foi localizado escondido em uma mata, onde teria acendido uma fogueira para queimar fios el\u00e9tricos furtados. Ainda conforme a ocorr\u00eancia, parte da fia\u00e7\u00e3o j\u00e1 havia sido danificada, incluindo cerca de tr\u00eas metros de cabos pertencentes a uma rede de telecomunica\u00e7\u00f5es.<\/p>\n\n\n\n<p>No momento da abordagem, o homem resistiu \u00e0 pris\u00e3o, sendo necess\u00e1rio o uso de for\u00e7a por parte dos militares para cont\u00ea-lo. Um dos militares envolvidos sofreu les\u00f5es leves durante a a\u00e7\u00e3o. Ap\u00f3s ser preso, o autor foi conduzido \u00e0 Delegacia de Pol\u00edcia Civil de plant\u00e3o.<\/p>\n\n\n<div id=\"ovigi-621174891\">\r\n<p class=\"has-text-align-center has-small-font-size\">continua depois da publicidade<\/p>\r\n\r\n\r\n\r\n<hr class=\"wp-block-separator has-alpha-channel-opacity is-style-wide\"\/>\r\n\r\n\r\n<center> \r\n<figure class=\"wp-block-image size-large\"><a href=\"https:\/\/www.instagram.com\/unimedleopoldina241\/\" target=\"_blank\" rel=\"noreferrer noopener\"><img decoding=\"async\" src=\"https:\/\/www.ovigilanteonline.com.br\/site\/wp-content\/uploads\/2026\/03\/UNIMED-FINAL.jpg\" alt=\"\" class=\"wp-image-395070\"\/><\/a><\/figure>\r\n<\/figure>\r\n<!-- \/wp:gallery --> <\/center>\r\n\r\n<!-- wp:separator {\"className\":\"is-style-wide\"} -->\r\n<hr class=\"wp-block-separator has-alpha-channel-opacity is-style-wide\"\/>\r\n<!-- \/wp:separator -->\r\n<\/div>\n\n\n<p>Ainda segundo as informa\u00e7\u00f5es, apesar da invas\u00e3o \u00e0 resid\u00eancia, o propriet\u00e1rio n\u00e3o constatou a falta de outros bens, al\u00e9m de danos no padr\u00e3o de energia. O homem j\u00e1 \u00e9 conhecido no meio policial por envolvimento em furtos anteriores.<\/p>\n\n\n<div  class=\"wp-block-ultimate-post-heading ultp-block-89e598\"><div class=\"ultp-block-wrapper\"><div class=\"ultp-heading-wrap ultp-heading-style18 ultp-heading-left\"><h2 class=\"ultp-heading-inner\"><span>Leia tamb\u00e9m<\/span><\/h2><\/div><\/div><\/div>\n\n<div  class=\"ultp-post-grid-block wp-block-ultimate-post-post-grid-2 ultp-block-a2b333\"><div class=\"ultp-block-wrapper\"><div class=\"ultp-loading\"><div class=\"ultp-loading-blocks\" style=\"width:100%;height:100%;\"><div style=\"left: 0;top: 0;animation-delay:0s;\"><\/div><div style=\"left: 21px;top: 0;animation-delay:0.125s;\"><\/div><div style=\"left: 42px;top: 0;animation-delay:0.25s;\"><\/div><div style=\"left: 0;top: 21px;animation-delay:0.875s;\"><\/div><div style=\"left: 42px;top: 21px;animation-delay:0.375s;\"><\/div><div style=\"left: 0;top: 42px;animation-delay:0.75s;\"><\/div><div style=\"left: 42px;top: 42px;animation-delay:0.625s;\"><\/div><div style=\"left: 21px;top: 42px;animation-delay:0.5s;\"><\/div><\/div><\/div><div class=\"ultp-block-items-wrap ultp-block-row\"><div class=\"ultp-block-item post-id-452218\"><div class=\"ultp-block-content-wrap ultp-block-content-overlay\"><div class=\"ultp-block-image ultp-block-image-none ultp-block-image-overlay ultp-block-image-simgleGradient\"><a href=\"https:\/\/www.ovigilanteonline.com.br\/site\/2026\/04\/26\/motociclista-e-preso-por-embriaguez-ao-volante-apos-acidente-em-leopoldina\/\" ><img decoding=\"async\"  alt=\"Motociclista \u00e9 preso por embriaguez ao volante ap\u00f3s acidente em Leopoldina\"  src=\"https:\/\/www.ovigilanteonline.com.br\/site\/wp-content\/uploads\/2026\/03\/viatura-gcm-870x570.jpg\" \/><\/a><\/div><div class=\"ultp-block-content ultp-block-content-bottomPosition\"><div class=\"ultp-block-content-inner\"><h3 class=\"ultp-block-title \"><a href=\"https:\/\/www.ovigilanteonline.com.br\/site\/2026\/04\/26\/motociclista-e-preso-por-embriaguez-ao-volante-apos-acidente-em-leopoldina\/\" >Motociclista \u00e9 preso por embriaguez ao volante ap\u00f3s acidente em Leopoldina<\/a><\/h3><\/div><\/div><\/div><\/div><div class=\"ultp-block-item post-id-452210\"><div class=\"ultp-block-content-wrap ultp-block-content-overlay\"><div class=\"ultp-block-image ultp-block-image-none ultp-block-image-overlay ultp-block-image-simgleGradient\"><a href=\"https:\/\/www.ovigilanteonline.com.br\/site\/2026\/04\/26\/homem-e-preso-pela-pm-apos-furto-de-fios-e-resistencia-a-abordagem-policial-em-leopoldina\/\" ><img decoding=\"async\"  alt=\"Homem \u00e9 preso pela PM ap\u00f3s furto de fios e resist\u00eancia \u00e0 abordagem policial em Leopoldina\"  src=\"https:\/\/www.ovigilanteonline.com.br\/site\/wp-content\/uploads\/2026\/02\/pm-viatura-3.jpg\" \/><\/a><\/div><div class=\"ultp-block-content ultp-block-content-bottomPosition\"><div class=\"ultp-block-content-inner\"><h3 class=\"ultp-block-title \"><a href=\"https:\/\/www.ovigilanteonline.com.br\/site\/2026\/04\/26\/homem-e-preso-pela-pm-apos-furto-de-fios-e-resistencia-a-abordagem-policial-em-leopoldina\/\" >Homem \u00e9 preso pela PM ap\u00f3s furto de fios e resist\u00eancia \u00e0 abordagem policial em Leopoldina<\/a><\/h3><\/div><\/div><\/div><\/div><div class=\"ultp-block-item post-id-452179\"><div class=\"ultp-block-content-wrap ultp-block-content-overlay\"><div class=\"ultp-block-image ultp-block-image-none ultp-block-image-overlay ultp-block-image-simgleGradient\"><a href=\"https:\/\/www.ovigilanteonline.com.br\/site\/2026\/04\/25\/leopoldina-celebra-172-anos-com-shows-gratuitos-no-parque-de-exposicoes\/\" ><img decoding=\"async\"  alt=\"Leopoldina celebra 172 anos com shows gratuitos no Parque de Exposi\u00e7\u00f5es\"  src=\"https:\/\/www.ovigilanteonline.com.br\/site\/wp-content\/uploads\/2025\/08\/cidade-cruzeiro-3-870x570.jpg\" \/><\/a><\/div><div class=\"ultp-block-content ultp-block-content-bottomPosition\"><div class=\"ultp-block-content-inner\"><h3 class=\"ultp-block-title \"><a href=\"https:\/\/www.ovigilanteonline.com.br\/site\/2026\/04\/25\/leopoldina-celebra-172-anos-com-shows-gratuitos-no-parque-de-exposicoes\/\" >Leopoldina celebra 172 anos com shows gratuitos no Parque de Exposi\u00e7\u00f5es<\/a><\/h3><\/div><\/div><\/div><\/div><div class=\"ultp-block-item post-id-452186\"><div class=\"ultp-block-content-wrap ultp-block-content-overlay\"><div class=\"ultp-block-image ultp-block-image-none ultp-block-image-overlay ultp-block-image-simgleGradient\"><a href=\"https:\/\/www.ovigilanteonline.com.br\/site\/2026\/04\/25\/consagracao-a-sao-miguel-arcanjo-reune-cerca-de-15-mil-fieis-em-leopoldina\/\" ><img decoding=\"async\"  alt=\"Consagra\u00e7\u00e3o a S\u00e3o Miguel Arcanjo re\u00fane cerca de 15 mil fi\u00e9is em Leopoldina\"  src=\"https:\/\/www.ovigilanteonline.com.br\/site\/wp-content\/uploads\/2026\/04\/IMG_2291-804x570.jpg\" \/><\/a><\/div><div class=\"ultp-block-content ultp-block-content-bottomPosition\"><div class=\"ultp-block-content-inner\"><h3 class=\"ultp-block-title \"><a href=\"https:\/\/www.ovigilanteonline.com.br\/site\/2026\/04\/25\/consagracao-a-sao-miguel-arcanjo-reune-cerca-de-15-mil-fieis-em-leopoldina\/\" >Consagra\u00e7\u00e3o a S\u00e3o Miguel Arcanjo re\u00fane cerca de 15 mil fi\u00e9is em Leopoldina<\/a><\/h3><\/div><\/div><\/div><\/div><div class=\"ultp-block-item post-id-452181\"><div class=\"ultp-block-content-wrap ultp-block-content-overlay\"><div class=\"ultp-block-image ultp-block-image-none ultp-block-image-overlay ultp-block-image-simgleGradient\"><a href=\"https:\/\/www.ovigilanteonline.com.br\/site\/2026\/04\/25\/super-copa-leopoldina-de-futebol-amador-comeca-neste-fim-de-semana-com-seis-equipes\/\" ><img decoding=\"async\"  alt=\"Super Copa Leopoldina de Futebol Amador come\u00e7a neste fim de semana com seis equipes\"  src=\"https:\/\/www.ovigilanteonline.com.br\/site\/wp-content\/uploads\/2026\/04\/03121413_Estdio_Oct.jpg\" \/><\/a><\/div><div class=\"ultp-block-content ultp-block-content-bottomPosition\"><div class=\"ultp-block-content-inner\"><h3 class=\"ultp-block-title \"><a href=\"https:\/\/www.ovigilanteonline.com.br\/site\/2026\/04\/25\/super-copa-leopoldina-de-futebol-amador-comeca-neste-fim-de-semana-com-seis-equipes\/\" >Super Copa Leopoldina de Futebol Amador come\u00e7a neste fim de semana com seis equipes<\/a><\/h3><\/div><\/div><\/div><\/div><div class=\"ultp-block-item post-id-452175\"><div class=\"ultp-block-content-wrap ultp-block-content-overlay\"><div class=\"ultp-block-image ultp-block-image-none ultp-block-image-overlay ultp-block-image-simgleGradient\"><a href=\"https:\/\/www.ovigilanteonline.com.br\/site\/2026\/04\/24\/trabalhador-fica-soterrado-em-obra-as-margens-da-br-116-em-muriae\/\" ><img decoding=\"async\"  alt=\"Trabalhador fica soterrado em obra \u00e0s margens da BR-116 em Muria\u00e9\"  src=\"https:\/\/www.ovigilanteonline.com.br\/site\/wp-content\/uploads\/2026\/04\/d656fd65.jpg\" \/><\/a><\/div><div class=\"ultp-block-content ultp-block-content-bottomPosition\"><div class=\"ultp-block-content-inner\"><h3 class=\"ultp-block-title \"><a href=\"https:\/\/www.ovigilanteonline.com.br\/site\/2026\/04\/24\/trabalhador-fica-soterrado-em-obra-as-margens-da-br-116-em-muriae\/\" >Trabalhador fica soterrado em obra \u00e0s margens da BR-116 em Muria\u00e9<\/a><\/h3><\/div><\/div><\/div><\/div><\/div><\/div><div class=\"pagination-block-html\" aria-hidden=\"true\" style=\"display: none;\"><\/div><\/div>\n\n<div id=\"ovigi-1445755355\">\r\n<p class=\"has-text-align-center has-small-font-size\">continua depois da publicidade<\/p>\r\n\r\n\r\n\r\n<hr class=\"wp-block-separator has-alpha-channel-opacity is-style-wide\"\/>\r\n\r\n\r\n\r\n<figure class=\"wp-block-gallery has-nested-images columns-default is-cropped wp-block-gallery-1 is-layout-flex wp-block-gallery-is-layout-flex\">\r\n<figure class=\"wp-block-image size-full\"><a href=\"https:\/\/www.sudamerica.edu.br\/\" target=\"_blank\" rel=\"noreferrer noopener\"><img decoding=\"async\" src=\"https:\/\/www.ovigilanteonline.com.br\/site\/wp-content\/uploads\/2026\/02\/SnapInsta.to_628000938_1521401246660064_2104497882800752476_n.jpg\" alt=\"\" class=\"wp-image-428831\"\/><\/a><\/figure>\r\n\r\n\r\n\r\n<figure class=\"wp-block-image size-large\"><a href=\"https:\/\/www.instagram.com\/curtastone\/\" target=\"_blank\" rel=\"noreferrer noopener\"><img decoding=\"async\" data-id=\"395070\" src=\"https:\/\/www.ovigilanteonline.com.br\/site\/wp-content\/uploads\/2026\/04\/SaveClip.App_651062745_18342989695242544_3625357231814875842_n.jpg\" alt=\"\" class=\"wp-image-395070\"\/><\/a><\/figure>\r\n<\/figure>\r\n\r\n\r\n\r\n<hr class=\"wp-block-separator has-alpha-channel-opacity is-style-wide\"\/>\r\n\r\n<\/div>","protected":false},"excerpt":{"rendered":"<p>Ele teria furtado fios de uma casa e de uma rede de telecomunica\u00e7\u00f5es Um homem de 33 anos foi preso na tarde deste s\u00e1bado, 25 de abril, ap\u00f3s uma tentativa de furto em uma resid\u00eancia no bairro Monte Verde, pr\u00f3ximo \u00e0s Tr\u00eas Cruzes, em Leopoldina. A ocorr\u00eancia foi registrada pela Pol\u00edcia Militar ap\u00f3s acionamento do [&hellip;]<\/p>\n","protected":false},"author":5,"featured_media":449907,"comment_status":"open","ping_status":"closed","sticky":false,"template":"","format":"standard","meta":{"footnotes":""},"categories":[11,26],"tags":[],"class_list":["post-452210","post","type-post","status-publish","format-standard","has-post-thumbnail","hentry","category-leopoldina","category-ultimas-noticias"],"yoast_head":"<!-- This site is optimized with the Yoast SEO plugin v27.4 - https:\/\/yoast.com\/product\/yoast-seo-wordpress\/ -->\n<title>Homem \u00e9 preso pela PM ap\u00f3s furto de fios e resist\u00eancia \u00e0 abordagem policial em Leopoldina<\/title>\n<meta name=\"robots\" content=\"index, follow, max-snippet:-1, max-image-preview:large, max-video-preview:-1\" \/>\n<link rel=\"canonical\" href=\"https:\/\/www.ovigilanteonline.com.br\/site\/2026\/04\/26\/homem-e-preso-pela-pm-apos-furto-de-fios-e-resistencia-a-abordagem-policial-em-leopoldina\/\" \/>\n<meta property=\"og:locale\" content=\"pt_BR\" \/>\n<meta property=\"og:type\" content=\"article\" \/>\n<meta property=\"og:title\" content=\"Homem \u00e9 preso pela PM ap\u00f3s furto de fios e resist\u00eancia \u00e0 abordagem policial em Leopoldina\" \/>\n<meta property=\"og:description\" content=\"Ele teria furtado fios de uma casa e de uma rede de telecomunica\u00e7\u00f5es Um homem de 33 anos foi preso na tarde deste s\u00e1bado, 25 de abril, ap\u00f3s uma tentativa de furto em uma resid\u00eancia no bairro Monte Verde, pr\u00f3ximo \u00e0s Tr\u00eas Cruzes, em Leopoldina. A ocorr\u00eancia foi registrada pela Pol\u00edcia Militar ap\u00f3s acionamento do [&hellip;]\" \/>\n<meta property=\"og:url\" content=\"https:\/\/www.ovigilanteonline.com.br\/site\/2026\/04\/26\/homem-e-preso-pela-pm-apos-furto-de-fios-e-resistencia-a-abordagem-policial-em-leopoldina\/\" \/>\n<meta property=\"og:site_name\" content=\"O VIGILANTE ONLINE\" \/>\n<meta property=\"article:publisher\" content=\"https:\/\/www.facebook.com\/ovigilanteonline\" \/>\n<meta property=\"article:published_time\" content=\"2026-04-26T12:13:42+00:00\" \/>\n<meta property=\"article:modified_time\" content=\"2026-04-27T10:45:24+00:00\" \/>\n<meta property=\"og:image\" content=\"https:\/\/www.ovigilanteonline.com.br\/site\/wp-content\/uploads\/2026\/02\/pm-viatura-3.jpg\" \/>\n\t<meta property=\"og:image:width\" content=\"768\" \/>\n\t<meta property=\"og:image:height\" content=\"528\" \/>\n\t<meta property=\"og:image:type\" content=\"image\/jpeg\" \/>\n<meta name=\"author\" content=\"J\u00falio Cabral\" \/>\n<meta name=\"twitter:card\" content=\"summary_large_image\" \/>\n<meta name=\"twitter:label1\" content=\"Escrito por\" \/>\n\t<meta name=\"twitter:data1\" content=\"J\u00falio Cabral\" \/>\n\t<meta name=\"twitter:label2\" content=\"Est. tempo de leitura\" \/>\n\t<meta name=\"twitter:data2\" content=\"2 minutos\" \/>\n<script type=\"application\/ld+json\" class=\"yoast-schema-graph\">{\"@context\":\"https:\\\/\\\/schema.org\",\"@graph\":[{\"@type\":\"Article\",\"@id\":\"https:\\\/\\\/www.ovigilanteonline.com.br\\\/site\\\/2026\\\/04\\\/26\\\/homem-e-preso-pela-pm-apos-furto-de-fios-e-resistencia-a-abordagem-policial-em-leopoldina\\\/#article\",\"isPartOf\":{\"@id\":\"https:\\\/\\\/www.ovigilanteonline.com.br\\\/site\\\/2026\\\/04\\\/26\\\/homem-e-preso-pela-pm-apos-furto-de-fios-e-resistencia-a-abordagem-policial-em-leopoldina\\\/\"},\"author\":{\"name\":\"J\u00falio Cabral\",\"@id\":\"https:\\\/\\\/www.ovigilanteonline.com.br\\\/site\\\/#\\\/schema\\\/person\\\/a58c0d2b43f23d108fa2b3c67db4e4df\"},\"headline\":\"Homem \u00e9 preso pela PM ap\u00f3s furto de fios e resist\u00eancia \u00e0 abordagem policial em Leopoldina\",\"datePublished\":\"2026-04-26T12:13:42+00:00\",\"dateModified\":\"2026-04-27T10:45:24+00:00\",\"mainEntityOfPage\":{\"@id\":\"https:\\\/\\\/www.ovigilanteonline.com.br\\\/site\\\/2026\\\/04\\\/26\\\/homem-e-preso-pela-pm-apos-furto-de-fios-e-resistencia-a-abordagem-policial-em-leopoldina\\\/\"},\"wordCount\":295,\"commentCount\":0,\"image\":{\"@id\":\"https:\\\/\\\/www.ovigilanteonline.com.br\\\/site\\\/2026\\\/04\\\/26\\\/homem-e-preso-pela-pm-apos-furto-de-fios-e-resistencia-a-abordagem-policial-em-leopoldina\\\/#primaryimage\"},\"thumbnailUrl\":\"https:\\\/\\\/www.ovigilanteonline.com.br\\\/site\\\/wp-content\\\/uploads\\\/2026\\\/02\\\/pm-viatura-3.jpg\",\"articleSection\":[\"Leopoldina\",\"\u00daltimas Not\u00edcias\"],\"inLanguage\":\"pt-BR\",\"potentialAction\":[{\"@type\":\"CommentAction\",\"name\":\"Comment\",\"target\":[\"https:\\\/\\\/www.ovigilanteonline.com.br\\\/site\\\/2026\\\/04\\\/26\\\/homem-e-preso-pela-pm-apos-furto-de-fios-e-resistencia-a-abordagem-policial-em-leopoldina\\\/#respond\"]}]},{\"@type\":\"WebPage\",\"@id\":\"https:\\\/\\\/www.ovigilanteonline.com.br\\\/site\\\/2026\\\/04\\\/26\\\/homem-e-preso-pela-pm-apos-furto-de-fios-e-resistencia-a-abordagem-policial-em-leopoldina\\\/\",\"url\":\"https:\\\/\\\/www.ovigilanteonline.com.br\\\/site\\\/2026\\\/04\\\/26\\\/homem-e-preso-pela-pm-apos-furto-de-fios-e-resistencia-a-abordagem-policial-em-leopoldina\\\/\",\"name\":\"Homem \u00e9 preso pela PM ap\u00f3s furto de fios e resist\u00eancia \u00e0 abordagem policial em Leopoldina\",\"isPartOf\":{\"@id\":\"https:\\\/\\\/www.ovigilanteonline.com.br\\\/site\\\/#website\"},\"primaryImageOfPage\":{\"@id\":\"https:\\\/\\\/www.ovigilanteonline.com.br\\\/site\\\/2026\\\/04\\\/26\\\/homem-e-preso-pela-pm-apos-furto-de-fios-e-resistencia-a-abordagem-policial-em-leopoldina\\\/#primaryimage\"},\"image\":{\"@id\":\"https:\\\/\\\/www.ovigilanteonline.com.br\\\/site\\\/2026\\\/04\\\/26\\\/homem-e-preso-pela-pm-apos-furto-de-fios-e-resistencia-a-abordagem-policial-em-leopoldina\\\/#primaryimage\"},\"thumbnailUrl\":\"https:\\\/\\\/www.ovigilanteonline.com.br\\\/site\\\/wp-content\\\/uploads\\\/2026\\\/02\\\/pm-viatura-3.jpg\",\"datePublished\":\"2026-04-26T12:13:42+00:00\",\"dateModified\":\"2026-04-27T10:45:24+00:00\",\"author\":{\"@id\":\"https:\\\/\\\/www.ovigilanteonline.com.br\\\/site\\\/#\\\/schema\\\/person\\\/a58c0d2b43f23d108fa2b3c67db4e4df\"},\"breadcrumb\":{\"@id\":\"https:\\\/\\\/www.ovigilanteonline.com.br\\\/site\\\/2026\\\/04\\\/26\\\/homem-e-preso-pela-pm-apos-furto-de-fios-e-resistencia-a-abordagem-policial-em-leopoldina\\\/#breadcrumb\"},\"inLanguage\":\"pt-BR\",\"potentialAction\":[{\"@type\":\"ReadAction\",\"target\":[\"https:\\\/\\\/www.ovigilanteonline.com.br\\\/site\\\/2026\\\/04\\\/26\\\/homem-e-preso-pela-pm-apos-furto-de-fios-e-resistencia-a-abordagem-policial-em-leopoldina\\\/\"]}]},{\"@type\":\"ImageObject\",\"inLanguage\":\"pt-BR\",\"@id\":\"https:\\\/\\\/www.ovigilanteonline.com.br\\\/site\\\/2026\\\/04\\\/26\\\/homem-e-preso-pela-pm-apos-furto-de-fios-e-resistencia-a-abordagem-policial-em-leopoldina\\\/#primaryimage\",\"url\":\"https:\\\/\\\/www.ovigilanteonline.com.br\\\/site\\\/wp-content\\\/uploads\\\/2026\\\/02\\\/pm-viatura-3.jpg\",\"contentUrl\":\"https:\\\/\\\/www.ovigilanteonline.com.br\\\/site\\\/wp-content\\\/uploads\\\/2026\\\/02\\\/pm-viatura-3.jpg\",\"width\":768,\"height\":528},{\"@type\":\"BreadcrumbList\",\"@id\":\"https:\\\/\\\/www.ovigilanteonline.com.br\\\/site\\\/2026\\\/04\\\/26\\\/homem-e-preso-pela-pm-apos-furto-de-fios-e-resistencia-a-abordagem-policial-em-leopoldina\\\/#breadcrumb\",\"itemListElement\":[{\"@type\":\"ListItem\",\"position\":1,\"name\":\"In\u00edcio\",\"item\":\"https:\\\/\\\/www.ovigilanteonline.com.br\\\/site\\\/\"},{\"@type\":\"ListItem\",\"position\":2,\"name\":\"Homem \u00e9 preso pela PM ap\u00f3s furto de fios e resist\u00eancia \u00e0 abordagem policial em Leopoldina\"}]},{\"@type\":\"WebSite\",\"@id\":\"https:\\\/\\\/www.ovigilanteonline.com.br\\\/site\\\/#website\",\"url\":\"https:\\\/\\\/www.ovigilanteonline.com.br\\\/site\\\/\",\"name\":\"O VIGILANTE ONLINE - Not\u00edcias de Leopoldina e regi\u00e3o\",\"description\":\"\",\"potentialAction\":[{\"@type\":\"SearchAction\",\"target\":{\"@type\":\"EntryPoint\",\"urlTemplate\":\"https:\\\/\\\/www.ovigilanteonline.com.br\\\/site\\\/?s={search_term_string}\"},\"query-input\":{\"@type\":\"PropertyValueSpecification\",\"valueRequired\":true,\"valueName\":\"search_term_string\"}}],\"inLanguage\":\"pt-BR\"},{\"@type\":\"Person\",\"@id\":\"https:\\\/\\\/www.ovigilanteonline.com.br\\\/site\\\/#\\\/schema\\\/person\\\/a58c0d2b43f23d108fa2b3c67db4e4df\",\"name\":\"J\u00falio Cabral\"}]}<\/script>\n<!-- \/ Yoast SEO plugin. -->","yoast_head_json":{"title":"Homem \u00e9 preso pela PM ap\u00f3s furto de fios e resist\u00eancia \u00e0 abordagem policial em Leopoldina","robots":{"index":"index","follow":"follow","max-snippet":"max-snippet:-1","max-image-preview":"max-image-preview:large","max-video-preview":"max-video-preview:-1"},"canonical":"https:\/\/www.ovigilanteonline.com.br\/site\/2026\/04\/26\/homem-e-preso-pela-pm-apos-furto-de-fios-e-resistencia-a-abordagem-policial-em-leopoldina\/","og_locale":"pt_BR","og_type":"article","og_title":"Homem \u00e9 preso pela PM ap\u00f3s furto de fios e resist\u00eancia \u00e0 abordagem policial em Leopoldina","og_description":"Ele teria furtado fios de uma casa e de uma rede de telecomunica\u00e7\u00f5es Um homem de 33 anos foi preso na tarde deste s\u00e1bado, 25 de abril, ap\u00f3s uma tentativa de furto em uma resid\u00eancia no bairro Monte Verde, pr\u00f3ximo \u00e0s Tr\u00eas Cruzes, em Leopoldina. A ocorr\u00eancia foi registrada pela Pol\u00edcia Militar ap\u00f3s acionamento do [&hellip;]","og_url":"https:\/\/www.ovigilanteonline.com.br\/site\/2026\/04\/26\/homem-e-preso-pela-pm-apos-furto-de-fios-e-resistencia-a-abordagem-policial-em-leopoldina\/","og_site_name":"O VIGILANTE ONLINE","article_publisher":"https:\/\/www.facebook.com\/ovigilanteonline","article_published_time":"2026-04-26T12:13:42+00:00","article_modified_time":"2026-04-27T10:45:24+00:00","og_image":[{"width":768,"height":528,"url":"https:\/\/www.ovigilanteonline.com.br\/site\/wp-content\/uploads\/2026\/02\/pm-viatura-3.jpg","type":"image\/jpeg"}],"author":"J\u00falio Cabral","twitter_card":"summary_large_image","twitter_misc":{"Escrito por":"J\u00falio Cabral","Est. tempo de leitura":"2 minutos"},"schema":{"@context":"https:\/\/schema.org","@graph":[{"@type":"Article","@id":"https:\/\/www.ovigilanteonline.com.br\/site\/2026\/04\/26\/homem-e-preso-pela-pm-apos-furto-de-fios-e-resistencia-a-abordagem-policial-em-leopoldina\/#article","isPartOf":{"@id":"https:\/\/www.ovigilanteonline.com.br\/site\/2026\/04\/26\/homem-e-preso-pela-pm-apos-furto-de-fios-e-resistencia-a-abordagem-policial-em-leopoldina\/"},"author":{"name":"J\u00falio Cabral","@id":"https:\/\/www.ovigilanteonline.com.br\/site\/#\/schema\/person\/a58c0d2b43f23d108fa2b3c67db4e4df"},"headline":"Homem \u00e9 preso pela PM ap\u00f3s furto de fios e resist\u00eancia \u00e0 abordagem policial em Leopoldina","datePublished":"2026-04-26T12:13:42+00:00","dateModified":"2026-04-27T10:45:24+00:00","mainEntityOfPage":{"@id":"https:\/\/www.ovigilanteonline.com.br\/site\/2026\/04\/26\/homem-e-preso-pela-pm-apos-furto-de-fios-e-resistencia-a-abordagem-policial-em-leopoldina\/"},"wordCount":295,"commentCount":0,"image":{"@id":"https:\/\/www.ovigilanteonline.com.br\/site\/2026\/04\/26\/homem-e-preso-pela-pm-apos-furto-de-fios-e-resistencia-a-abordagem-policial-em-leopoldina\/#primaryimage"},"thumbnailUrl":"https:\/\/www.ovigilanteonline.com.br\/site\/wp-content\/uploads\/2026\/02\/pm-viatura-3.jpg","articleSection":["Leopoldina","\u00daltimas Not\u00edcias"],"inLanguage":"pt-BR","potentialAction":[{"@type":"CommentAction","name":"Comment","target":["https:\/\/www.ovigilanteonline.com.br\/site\/2026\/04\/26\/homem-e-preso-pela-pm-apos-furto-de-fios-e-resistencia-a-abordagem-policial-em-leopoldina\/#respond"]}]},{"@type":"WebPage","@id":"https:\/\/www.ovigilanteonline.com.br\/site\/2026\/04\/26\/homem-e-preso-pela-pm-apos-furto-de-fios-e-resistencia-a-abordagem-policial-em-leopoldina\/","url":"https:\/\/www.ovigilanteonline.com.br\/site\/2026\/04\/26\/homem-e-preso-pela-pm-apos-furto-de-fios-e-resistencia-a-abordagem-policial-em-leopoldina\/","name":"Homem \u00e9 preso pela PM ap\u00f3s furto de fios e resist\u00eancia \u00e0 abordagem policial em Leopoldina","isPartOf":{"@id":"https:\/\/www.ovigilanteonline.com.br\/site\/#website"},"primaryImageOfPage":{"@id":"https:\/\/www.ovigilanteonline.com.br\/site\/2026\/04\/26\/homem-e-preso-pela-pm-apos-furto-de-fios-e-resistencia-a-abordagem-policial-em-leopoldina\/#primaryimage"},"image":{"@id":"https:\/\/www.ovigilanteonline.com.br\/site\/2026\/04\/26\/homem-e-preso-pela-pm-apos-furto-de-fios-e-resistencia-a-abordagem-policial-em-leopoldina\/#primaryimage"},"thumbnailUrl":"https:\/\/www.ovigilanteonline.com.br\/site\/wp-content\/uploads\/2026\/02\/pm-viatura-3.jpg","datePublished":"2026-04-26T12:13:42+00:00","dateModified":"2026-04-27T10:45:24+00:00","author":{"@id":"https:\/\/www.ovigilanteonline.com.br\/site\/#\/schema\/person\/a58c0d2b43f23d108fa2b3c67db4e4df"},"breadcrumb":{"@id":"https:\/\/www.ovigilanteonline.com.br\/site\/2026\/04\/26\/homem-e-preso-pela-pm-apos-furto-de-fios-e-resistencia-a-abordagem-policial-em-leopoldina\/#breadcrumb"},"inLanguage":"pt-BR","potentialAction":[{"@type":"ReadAction","target":["https:\/\/www.ovigilanteonline.com.br\/site\/2026\/04\/26\/homem-e-preso-pela-pm-apos-furto-de-fios-e-resistencia-a-abordagem-policial-em-leopoldina\/"]}]},{"@type":"ImageObject","inLanguage":"pt-BR","@id":"https:\/\/www.ovigilanteonline.com.br\/site\/2026\/04\/26\/homem-e-preso-pela-pm-apos-furto-de-fios-e-resistencia-a-abordagem-policial-em-leopoldina\/#primaryimage","url":"https:\/\/www.ovigilanteonline.com.br\/site\/wp-content\/uploads\/2026\/02\/pm-viatura-3.jpg","contentUrl":"https:\/\/www.ovigilanteonline.com.br\/site\/wp-content\/uploads\/2026\/02\/pm-viatura-3.jpg","width":768,"height":528},{"@type":"BreadcrumbList","@id":"https:\/\/www.ovigilanteonline.com.br\/site\/2026\/04\/26\/homem-e-preso-pela-pm-apos-furto-de-fios-e-resistencia-a-abordagem-policial-em-leopoldina\/#breadcrumb","itemListElement":[{"@type":"ListItem","position":1,"name":"In\u00edcio","item":"https:\/\/www.ovigilanteonline.com.br\/site\/"},{"@type":"ListItem","position":2,"name":"Homem \u00e9 preso pela PM ap\u00f3s furto de fios e resist\u00eancia \u00e0 abordagem policial em Leopoldina"}]},{"@type":"WebSite","@id":"https:\/\/www.ovigilanteonline.com.br\/site\/#website","url":"https:\/\/www.ovigilanteonline.com.br\/site\/","name":"O VIGILANTE ONLINE - Not\u00edcias de Leopoldina e regi\u00e3o","description":"","potentialAction":[{"@type":"SearchAction","target":{"@type":"EntryPoint","urlTemplate":"https:\/\/www.ovigilanteonline.com.br\/site\/?s={search_term_string}"},"query-input":{"@type":"PropertyValueSpecification","valueRequired":true,"valueName":"search_term_string"}}],"inLanguage":"pt-BR"},{"@type":"Person","@id":"https:\/\/www.ovigilanteonline.com.br\/site\/#\/schema\/person\/a58c0d2b43f23d108fa2b3c67db4e4df","name":"J\u00falio Cabral"}]}},"cc_featured_image_caption":{"caption_text":"","source_text":"","source_url":""},"_links":{"self":[{"href":"https:\/\/www.ovigilanteonline.com.br\/site\/wp-json\/wp\/v2\/posts\/452210","targetHints":{"allow":["GET"]}}],"collection":[{"href":"https:\/\/www.ovigilanteonline.com.br\/site\/wp-json\/wp\/v2\/posts"}],"about":[{"href":"https:\/\/www.ovigilanteonline.com.br\/site\/wp-json\/wp\/v2\/types\/post"}],"author":[{"embeddable":true,"href":"https:\/\/www.ovigilanteonline.com.br\/site\/wp-json\/wp\/v2\/users\/5"}],"replies":[{"embeddable":true,"href":"https:\/\/www.ovigilanteonline.com.br\/site\/wp-json\/wp\/v2\/comments?post=452210"}],"version-history":[{"count":2,"href":"https:\/\/www.ovigilanteonline.com.br\/site\/wp-json\/wp\/v2\/posts\/452210\/revisions"}],"predecessor-version":[{"id":452212,"href":"https:\/\/www.ovigilanteonline.com.br\/site\/wp-json\/wp\/v2\/posts\/452210\/revisions\/452212"}],"wp:featuredmedia":[{"embeddable":true,"href":"https:\/\/www.ovigilanteonline.com.br\/site\/wp-json\/wp\/v2\/media\/449907"}],"wp:attachment":[{"href":"https:\/\/www.ovigilanteonline.com.br\/site\/wp-json\/wp\/v2\/media?parent=452210"}],"wp:term":[{"taxonomy":"category","embeddable":true,"href":"https:\/\/www.ovigilanteonline.com.br\/site\/wp-json\/wp\/v2\/categories?post=452210"},{"taxonomy":"post_tag","embeddable":true,"href":"https:\/\/www.ovigilanteonline.com.br\/site\/wp-json\/wp\/v2\/tags?post=452210"}],"curies":[{"name":"wp","href":"https:\/\/api.w.org\/{rel}","templated":true}]}}