{"id":452140,"date":"2026-04-23T07:38:25","date_gmt":"2026-04-23T10:38:25","guid":{"rendered":"https:\/\/www.ovigilanteonline.com.br\/site\/?p=452140"},"modified":"2026-04-24T20:05:09","modified_gmt":"2026-04-24T23:05:09","slug":"solneve-run-fest-tem-inscricoes-esgotadas-e-promete-movimentar-leopoldina-no-dia-26","status":"publish","type":"post","link":"https:\/\/www.ovigilanteonline.com.br\/site\/2026\/04\/23\/solneve-run-fest-tem-inscricoes-esgotadas-e-promete-movimentar-leopoldina-no-dia-26\/","title":{"rendered":"Sol &amp; Neve Run Fest tem inscri\u00e7\u00f5es esgotadas e promete movimentar Leopoldina no dia 26"},"content":{"rendered":"\n<h3 class=\"wp-block-heading\"><strong><em>Corrida re\u00fane cerca de mil participantes e ser\u00e1 realizada na v\u00e9spera do anivers\u00e1rio da cidade<\/em><\/strong><\/h3>\n\n\n\n<figure class=\"wp-block-image size-full\"><img loading=\"lazy\" decoding=\"async\" width=\"768\" height=\"419\" src=\"https:\/\/www.ovigilanteonline.com.br\/site\/wp-content\/uploads\/2026\/04\/image-9.png\" alt=\"\" class=\"wp-image-452144\" srcset=\"https:\/\/www.ovigilanteonline.com.br\/site\/wp-content\/uploads\/2026\/04\/image-9.png 768w, https:\/\/www.ovigilanteonline.com.br\/site\/wp-content\/uploads\/2026\/04\/image-9-300x164.png 300w\" sizes=\"auto, (max-width: 768px) 100vw, 768px\" \/><figcaption class=\"wp-element-caption\">Mais de 700 pessoas participaram da 1\u00aa Run Fest Sol e Neve em 2025 &#8211; Foto: Luciano J\u00fanior\/Arquivo Pessoal<\/figcaption><\/figure>\n\n\n\n<p>A segunda edi\u00e7\u00e3o da Sol &amp; Neve Run Fest j\u00e1 \u00e9 sucesso antes mesmo da largada. Com inscri\u00e7\u00f5es esgotadas, o evento esportivo deve reunir cerca de mil corredores no pr\u00f3ximo dia 26 de abril, em Leopoldina.<\/p>\n\n\n\n<p>A corrida acontece na v\u00e9spera do anivers\u00e1rio do munic\u00edpio e promete repetir \u2014 e at\u00e9 superar \u2014 o sucesso da primeira edi\u00e7\u00e3o, que j\u00e1 havia conquistado grande participa\u00e7\u00e3o e repercuss\u00e3o positiva entre os atletas.<\/p>\n\n\n\n<p>De acordo com a organiza\u00e7\u00e3o, a procura pelas vagas foi intensa, refor\u00e7ando o crescimento do evento no calend\u00e1rio esportivo da regi\u00e3o. Inicialmente, foram disponibilizadas mil vagas, todas preenchidas antes da data da prova.<\/p>\n\n\n\n<p>A largada est\u00e1 prevista para \u00e0s 8h, com percurso pelas ruas da cidade, proporcionando aos participantes uma experi\u00eancia que une esporte, lazer e integra\u00e7\u00e3o. Confira:<\/p>\n\n\n\n<figure class=\"wp-block-video\"><video height=\"440\" style=\"aspect-ratio: 720 \/ 440;\" width=\"720\" controls src=\"https:\/\/www.ovigilanteonline.com.br\/site\/wp-content\/uploads\/2026\/04\/WhatsApp-Image-2025-08-31-at-23-online-video-cutter.com-1-1.mp4\"><\/video><\/figure>\n\n\n\n<p>A expectativa \u00e9 de grande movimenta\u00e7\u00e3o em Leopoldina, tanto de atletas quanto de p\u00fablico, consolidando a Sol &amp; Neve Run Fest como um dos principais eventos esportivos locais.<\/p>\n\n\n\n<p>Al\u00e9m da corrida, a programa\u00e7\u00e3o da Sol &amp; Neve Run Fest tamb\u00e9m contar\u00e1 com a \u201cC\u00e3ominhada\u201d, um momento especial voltado para quem deseja participar do evento ao lado do seu pet.<\/p>\n\n\n<div id=\"ovigi-32853158\">\r\n<p class=\"has-text-align-center has-small-font-size\">continua depois da publicidade<\/p>\r\n\r\n\r\n\r\n<hr class=\"wp-block-separator has-alpha-channel-opacity is-style-wide\"\/>\r\n\r\n\r\n<center> \r\n<figure class=\"wp-block-image size-large\"><a href=\"https:\/\/www.instagram.com\/unimedleopoldina241\/\" target=\"_blank\" rel=\"noreferrer noopener\"><img decoding=\"async\" src=\"https:\/\/www.ovigilanteonline.com.br\/site\/wp-content\/uploads\/2026\/03\/UNIMED-FINAL.jpg\" alt=\"\" class=\"wp-image-395070\"\/><\/a><\/figure>\r\n<\/figure>\r\n<!-- \/wp:gallery --> <\/center>\r\n\r\n<!-- wp:separator {\"className\":\"is-style-wide\"} -->\r\n<hr class=\"wp-block-separator has-alpha-channel-opacity is-style-wide\"\/>\r\n<!-- \/wp:separator -->\r\n<\/div>\n\n\n<p>A atividade tamb\u00e9m ser\u00e1 realizada no dia 26 de abril, das 16h \u00e0s 18h, com sa\u00edda em frente \u00e0 loja localizada na Pra\u00e7a F\u00e9lix Martins, em Leopoldina. A participa\u00e7\u00e3o \u00e9 gratuita e aberta ao p\u00fablico.<\/p>\n\n\n\n<p>Durante o evento, haver\u00e1 distribui\u00e7\u00e3o de bandanas para os animais, refor\u00e7ando o clima de integra\u00e7\u00e3o e descontra\u00e7\u00e3o entre os participantes. A organiza\u00e7\u00e3o orienta que os tutores levem \u00e1gua para os pets, utilizem coleira de identifica\u00e7\u00e3o e, se necess\u00e1rio, focinheira, al\u00e9m de garantir a limpeza do local.<\/p>\n\n\n\n<figure class=\"wp-block-image size-full\"><img loading=\"lazy\" decoding=\"async\" width=\"800\" height=\"1022\" src=\"https:\/\/www.ovigilanteonline.com.br\/site\/wp-content\/uploads\/2026\/04\/5454-1.jpg\" alt=\"\" class=\"wp-image-452143\" srcset=\"https:\/\/www.ovigilanteonline.com.br\/site\/wp-content\/uploads\/2026\/04\/5454-1.jpg 800w, https:\/\/www.ovigilanteonline.com.br\/site\/wp-content\/uploads\/2026\/04\/5454-1-235x300.jpg 235w, https:\/\/www.ovigilanteonline.com.br\/site\/wp-content\/uploads\/2026\/04\/5454-1-768x981.jpg 768w\" sizes=\"auto, (max-width: 800px) 100vw, 800px\" \/><\/figure>\n\n\n<div  class=\"wp-block-ultimate-post-heading ultp-block-3ba2b2\"><div class=\"ultp-block-wrapper\"><div class=\"ultp-heading-wrap ultp-heading-style18 ultp-heading-left\"><h2 class=\"ultp-heading-inner\"><span>Leia tamb\u00e9m<\/span><\/h2><\/div><\/div><\/div>\n\n<div  class=\"ultp-post-grid-block wp-block-ultimate-post-post-grid-2 ultp-block-39fc83\"><div class=\"ultp-block-wrapper\"><div class=\"ultp-loading\"><div class=\"ultp-loading-blocks\" style=\"width:100%;height:100%;\"><div style=\"left: 0;top: 0;animation-delay:0s;\"><\/div><div style=\"left: 21px;top: 0;animation-delay:0.125s;\"><\/div><div style=\"left: 42px;top: 0;animation-delay:0.25s;\"><\/div><div style=\"left: 0;top: 21px;animation-delay:0.875s;\"><\/div><div style=\"left: 42px;top: 21px;animation-delay:0.375s;\"><\/div><div style=\"left: 0;top: 42px;animation-delay:0.75s;\"><\/div><div style=\"left: 42px;top: 42px;animation-delay:0.625s;\"><\/div><div style=\"left: 21px;top: 42px;animation-delay:0.5s;\"><\/div><\/div><\/div><div class=\"ultp-block-items-wrap ultp-block-row\"><div class=\"ultp-block-item post-id-452168\"><div class=\"ultp-block-content-wrap ultp-block-content-overlay\"><div class=\"ultp-block-image ultp-block-image-none ultp-block-image-overlay ultp-block-image-simgleGradient\"><a href=\"https:\/\/www.ovigilanteonline.com.br\/site\/2026\/04\/24\/festa-do-imigrante-italiano-transforma-leopoldina-em-rota-gastronomica\/\" ><img decoding=\"async\"  alt=\"Festa do Imigrante Italiano transforma Leopoldina em rota gastron\u00f4mica\"  src=\"https:\/\/www.ovigilanteonline.com.br\/site\/wp-content\/uploads\/2024\/05\/italiano-870x570.jpg\" \/><\/a><\/div><div class=\"ultp-block-content ultp-block-content-bottomPosition\"><div class=\"ultp-block-content-inner\"><h3 class=\"ultp-block-title \"><a href=\"https:\/\/www.ovigilanteonline.com.br\/site\/2026\/04\/24\/festa-do-imigrante-italiano-transforma-leopoldina-em-rota-gastronomica\/\" >Festa do Imigrante Italiano transforma Leopoldina em rota gastron\u00f4mica<\/a><\/h3><\/div><\/div><\/div><\/div><div class=\"ultp-block-item post-id-452164\"><div class=\"ultp-block-content-wrap ultp-block-content-overlay\"><div class=\"ultp-block-image ultp-block-image-none ultp-block-image-overlay ultp-block-image-simgleGradient\"><a href=\"https:\/\/www.ovigilanteonline.com.br\/site\/2026\/04\/24\/campanha-show-de-premios-e-prorrogada-e-clientes-ainda-podem-ganhar-caminhao-de-premios-e-tres-anos-de-conta-de-luz-gratis\/\" ><img decoding=\"async\"  alt=\"Campanha\u00a0Show de pr\u00eamios \u00e9 prorrogada\u00a0e clientes ainda podem ganhar caminh\u00e3o de pr\u00eamios e tr\u00eas anos de conta de luz gr\u00e1tis\u00a0\"  src=\"https:\/\/www.ovigilanteonline.com.br\/site\/wp-content\/uploads\/2025\/08\/energisa-11.jpg\" \/><\/a><\/div><div class=\"ultp-block-content ultp-block-content-bottomPosition\"><div class=\"ultp-block-content-inner\"><h3 class=\"ultp-block-title \"><a href=\"https:\/\/www.ovigilanteonline.com.br\/site\/2026\/04\/24\/campanha-show-de-premios-e-prorrogada-e-clientes-ainda-podem-ganhar-caminhao-de-premios-e-tres-anos-de-conta-de-luz-gratis\/\" >Campanha\u00a0Show de pr\u00eamios \u00e9 prorrogada\u00a0e clientes ainda podem ganhar caminh\u00e3o de pr\u00eamios e tr\u00eas anos de conta de luz gr\u00e1tis\u00a0<\/a><\/h3><\/div><\/div><\/div><\/div><div class=\"ultp-block-item post-id-452160\"><div class=\"ultp-block-content-wrap ultp-block-content-overlay\"><div class=\"ultp-block-image ultp-block-image-none ultp-block-image-overlay ultp-block-image-simgleGradient\"><a href=\"https:\/\/www.ovigilanteonline.com.br\/site\/2026\/04\/24\/estupros-de-vulneravel-cometidos-por-adolescentes-disparam-em-minas\/\" ><img decoding=\"async\"  alt=\"Estupros de vulner\u00e1vel cometidos por adolescentes disparam em Minas\"  src=\"https:\/\/www.ovigilanteonline.com.br\/site\/wp-content\/uploads\/2026\/04\/s6ds6d26sd-870x570.jpg\" \/><\/a><\/div><div class=\"ultp-block-content ultp-block-content-bottomPosition\"><div class=\"ultp-block-content-inner\"><h3 class=\"ultp-block-title \"><a href=\"https:\/\/www.ovigilanteonline.com.br\/site\/2026\/04\/24\/estupros-de-vulneravel-cometidos-por-adolescentes-disparam-em-minas\/\" >Estupros de vulner\u00e1vel cometidos por adolescentes disparam em Minas<\/a><\/h3><\/div><\/div><\/div><\/div><div class=\"ultp-block-item post-id-452156\"><div class=\"ultp-block-content-wrap ultp-block-content-overlay\"><div class=\"ultp-block-image ultp-block-image-none ultp-block-image-overlay ultp-block-image-simgleGradient\"><a href=\"https:\/\/www.ovigilanteonline.com.br\/site\/2026\/04\/23\/alerta-de-seguranca-mais-de-320-mil-raios-neste-ano-reforcam-cuidados-durante-tempestades\/\" ><img decoding=\"async\"  alt=\"Alerta de seguran\u00e7a: mais de 320 mil raios neste ano refor\u00e7am cuidados durante tempestades\"  src=\"https:\/\/www.ovigilanteonline.com.br\/site\/wp-content\/uploads\/2021\/12\/CATEDRAL-RAIOS-O-VIGILANTE-ONLINE.jpg\" \/><\/a><\/div><div class=\"ultp-block-content ultp-block-content-bottomPosition\"><div class=\"ultp-block-content-inner\"><h3 class=\"ultp-block-title \"><a href=\"https:\/\/www.ovigilanteonline.com.br\/site\/2026\/04\/23\/alerta-de-seguranca-mais-de-320-mil-raios-neste-ano-reforcam-cuidados-durante-tempestades\/\" >Alerta de seguran\u00e7a: mais de 320 mil raios neste ano refor\u00e7am cuidados durante tempestades<\/a><\/h3><\/div><\/div><\/div><\/div><div class=\"ultp-block-item post-id-452149\"><div class=\"ultp-block-content-wrap ultp-block-content-overlay\"><div class=\"ultp-block-image ultp-block-image-none ultp-block-image-overlay ultp-block-image-simgleGradient\"><a href=\"https:\/\/www.ovigilanteonline.com.br\/site\/2026\/04\/23\/detento-que-esquartejou-comparsa-de-crime-em-muriae-e-indiciado-por-homicidio-triplamente-qualificado\/\" ><img decoding=\"async\"  alt=\"Detento que esquartejou comparsa de crime em Muria\u00e9 \u00e9 indiciado por homic\u00eddio triplamente qualificado\"  src=\"https:\/\/www.ovigilanteonline.com.br\/site\/wp-content\/uploads\/2026\/04\/penitenciaria-muriae-800x570.jpg\" \/><\/a><\/div><div class=\"ultp-block-content ultp-block-content-bottomPosition\"><div class=\"ultp-block-content-inner\"><h3 class=\"ultp-block-title \"><a href=\"https:\/\/www.ovigilanteonline.com.br\/site\/2026\/04\/23\/detento-que-esquartejou-comparsa-de-crime-em-muriae-e-indiciado-por-homicidio-triplamente-qualificado\/\" >Detento que esquartejou comparsa de crime em Muria\u00e9 \u00e9 indiciado por homic\u00eddio triplamente qualificado<\/a><\/h3><\/div><\/div><\/div><\/div><div class=\"ultp-block-item post-id-452140\"><div class=\"ultp-block-content-wrap ultp-block-content-overlay\"><div class=\"ultp-block-image ultp-block-image-none ultp-block-image-overlay ultp-block-image-simgleGradient\"><a href=\"https:\/\/www.ovigilanteonline.com.br\/site\/2026\/04\/23\/solneve-run-fest-tem-inscricoes-esgotadas-e-promete-movimentar-leopoldina-no-dia-26\/\" ><img decoding=\"async\"  alt=\"Sol &amp; Neve Run Fest tem inscri\u00e7\u00f5es esgotadas e promete movimentar Leopoldina no dia 26\"  src=\"https:\/\/www.ovigilanteonline.com.br\/site\/wp-content\/uploads\/2026\/04\/626565.jpg\" \/><\/a><\/div><div class=\"ultp-block-content ultp-block-content-bottomPosition\"><div class=\"ultp-block-content-inner\"><h3 class=\"ultp-block-title \"><a href=\"https:\/\/www.ovigilanteonline.com.br\/site\/2026\/04\/23\/solneve-run-fest-tem-inscricoes-esgotadas-e-promete-movimentar-leopoldina-no-dia-26\/\" >Sol &amp; Neve Run Fest tem inscri\u00e7\u00f5es esgotadas e promete movimentar Leopoldina no dia 26<\/a><\/h3><\/div><\/div><\/div><\/div><\/div><\/div><div class=\"pagination-block-html\" aria-hidden=\"true\" style=\"display: none;\"><\/div><\/div>\n\n<div id=\"ovigi-629891228\">\r\n<p class=\"has-text-align-center has-small-font-size\">continua depois da publicidade<\/p>\r\n\r\n\r\n\r\n<hr class=\"wp-block-separator has-alpha-channel-opacity is-style-wide\"\/>\r\n\r\n\r\n\r\n<figure class=\"wp-block-gallery has-nested-images columns-default is-cropped wp-block-gallery-1 is-layout-flex wp-block-gallery-is-layout-flex\">\r\n<figure class=\"wp-block-image size-full\"><a href=\"https:\/\/www.sudamerica.edu.br\/\" target=\"_blank\" rel=\"noreferrer noopener\"><img decoding=\"async\" src=\"https:\/\/www.ovigilanteonline.com.br\/site\/wp-content\/uploads\/2026\/02\/SnapInsta.to_628000938_1521401246660064_2104497882800752476_n.jpg\" alt=\"\" class=\"wp-image-428831\"\/><\/a><\/figure>\r\n\r\n\r\n\r\n<figure class=\"wp-block-image size-large\"><a href=\"https:\/\/www.instagram.com\/curtastone\/\" target=\"_blank\" rel=\"noreferrer noopener\"><img decoding=\"async\" data-id=\"395070\" src=\"https:\/\/www.ovigilanteonline.com.br\/site\/wp-content\/uploads\/2026\/04\/SaveClip.App_651062745_18342989695242544_3625357231814875842_n.jpg\" alt=\"\" class=\"wp-image-395070\"\/><\/a><\/figure>\r\n<\/figure>\r\n\r\n\r\n\r\n<hr class=\"wp-block-separator has-alpha-channel-opacity is-style-wide\"\/>\r\n\r\n<\/div>\n\n\n<p><\/p>\n","protected":false},"excerpt":{"rendered":"<p>Corrida re\u00fane cerca de mil participantes e ser\u00e1 realizada na v\u00e9spera do anivers\u00e1rio da cidade A segunda edi\u00e7\u00e3o da Sol &amp; Neve Run Fest j\u00e1 \u00e9 sucesso antes mesmo da largada. Com inscri\u00e7\u00f5es esgotadas, o evento esportivo deve reunir cerca de mil corredores no pr\u00f3ximo dia 26 de abril, em Leopoldina. A corrida acontece na [&hellip;]<\/p>\n","protected":false},"author":2,"featured_media":452141,"comment_status":"open","ping_status":"closed","sticky":false,"template":"","format":"standard","meta":{"footnotes":""},"categories":[13,11,26],"tags":[],"class_list":["post-452140","post","type-post","status-publish","format-standard","has-post-thumbnail","hentry","category-cidade","category-leopoldina","category-ultimas-noticias"],"yoast_head":"<!-- This site is optimized with the Yoast SEO plugin v27.4 - https:\/\/yoast.com\/product\/yoast-seo-wordpress\/ -->\n<title>Sol &amp; Neve Run Fest tem inscri\u00e7\u00f5es esgotadas e promete movimentar Leopoldina no dia 26<\/title>\n<meta name=\"robots\" content=\"index, follow, max-snippet:-1, max-image-preview:large, max-video-preview:-1\" \/>\n<link rel=\"canonical\" href=\"https:\/\/www.ovigilanteonline.com.br\/site\/2026\/04\/23\/solneve-run-fest-tem-inscricoes-esgotadas-e-promete-movimentar-leopoldina-no-dia-26\/\" \/>\n<meta property=\"og:locale\" content=\"pt_BR\" \/>\n<meta property=\"og:type\" content=\"article\" \/>\n<meta property=\"og:title\" content=\"Sol &amp; Neve Run Fest tem inscri\u00e7\u00f5es esgotadas e promete movimentar Leopoldina no dia 26\" \/>\n<meta property=\"og:description\" content=\"Corrida re\u00fane cerca de mil participantes e ser\u00e1 realizada na v\u00e9spera do anivers\u00e1rio da cidade A segunda edi\u00e7\u00e3o da Sol &amp; Neve Run Fest j\u00e1 \u00e9 sucesso antes mesmo da largada. Com inscri\u00e7\u00f5es esgotadas, o evento esportivo deve reunir cerca de mil corredores no pr\u00f3ximo dia 26 de abril, em Leopoldina. A corrida acontece na [&hellip;]\" \/>\n<meta property=\"og:url\" content=\"https:\/\/www.ovigilanteonline.com.br\/site\/2026\/04\/23\/solneve-run-fest-tem-inscricoes-esgotadas-e-promete-movimentar-leopoldina-no-dia-26\/\" \/>\n<meta property=\"og:site_name\" content=\"O VIGILANTE ONLINE\" \/>\n<meta property=\"article:publisher\" content=\"https:\/\/www.facebook.com\/ovigilanteonline\" \/>\n<meta property=\"article:published_time\" content=\"2026-04-23T10:38:25+00:00\" \/>\n<meta property=\"article:modified_time\" content=\"2026-04-24T23:05:09+00:00\" \/>\n<meta property=\"og:image\" content=\"https:\/\/www.ovigilanteonline.com.br\/site\/wp-content\/uploads\/2026\/04\/626565.jpg\" \/>\n\t<meta property=\"og:image:width\" content=\"800\" \/>\n\t<meta property=\"og:image:height\" content=\"561\" \/>\n\t<meta property=\"og:image:type\" content=\"image\/jpeg\" \/>\n<meta name=\"author\" content=\"Jornalismo\" \/>\n<meta name=\"twitter:card\" content=\"summary_large_image\" \/>\n<meta name=\"twitter:label1\" content=\"Escrito por\" \/>\n\t<meta name=\"twitter:data1\" content=\"Jornalismo\" \/>\n\t<meta name=\"twitter:label2\" content=\"Est. tempo de leitura\" \/>\n\t<meta name=\"twitter:data2\" content=\"3 minutos\" \/>\n<script type=\"application\/ld+json\" class=\"yoast-schema-graph\">{\"@context\":\"https:\\\/\\\/schema.org\",\"@graph\":[{\"@type\":\"Article\",\"@id\":\"https:\\\/\\\/www.ovigilanteonline.com.br\\\/site\\\/2026\\\/04\\\/23\\\/solneve-run-fest-tem-inscricoes-esgotadas-e-promete-movimentar-leopoldina-no-dia-26\\\/#article\",\"isPartOf\":{\"@id\":\"https:\\\/\\\/www.ovigilanteonline.com.br\\\/site\\\/2026\\\/04\\\/23\\\/solneve-run-fest-tem-inscricoes-esgotadas-e-promete-movimentar-leopoldina-no-dia-26\\\/\"},\"author\":{\"name\":\"Jornalismo\",\"@id\":\"https:\\\/\\\/www.ovigilanteonline.com.br\\\/site\\\/#\\\/schema\\\/person\\\/538fdfb33c0c411cd14a732e7cf14aa6\"},\"headline\":\"Sol &amp; Neve Run Fest tem inscri\u00e7\u00f5es esgotadas e promete movimentar Leopoldina no dia 26\",\"datePublished\":\"2026-04-23T10:38:25+00:00\",\"dateModified\":\"2026-04-24T23:05:09+00:00\",\"mainEntityOfPage\":{\"@id\":\"https:\\\/\\\/www.ovigilanteonline.com.br\\\/site\\\/2026\\\/04\\\/23\\\/solneve-run-fest-tem-inscricoes-esgotadas-e-promete-movimentar-leopoldina-no-dia-26\\\/\"},\"wordCount\":346,\"commentCount\":0,\"image\":{\"@id\":\"https:\\\/\\\/www.ovigilanteonline.com.br\\\/site\\\/2026\\\/04\\\/23\\\/solneve-run-fest-tem-inscricoes-esgotadas-e-promete-movimentar-leopoldina-no-dia-26\\\/#primaryimage\"},\"thumbnailUrl\":\"https:\\\/\\\/www.ovigilanteonline.com.br\\\/site\\\/wp-content\\\/uploads\\\/2026\\\/04\\\/626565.jpg\",\"articleSection\":[\"Cidade\",\"Leopoldina\",\"\u00daltimas Not\u00edcias\"],\"inLanguage\":\"pt-BR\",\"potentialAction\":[{\"@type\":\"CommentAction\",\"name\":\"Comment\",\"target\":[\"https:\\\/\\\/www.ovigilanteonline.com.br\\\/site\\\/2026\\\/04\\\/23\\\/solneve-run-fest-tem-inscricoes-esgotadas-e-promete-movimentar-leopoldina-no-dia-26\\\/#respond\"]}]},{\"@type\":\"WebPage\",\"@id\":\"https:\\\/\\\/www.ovigilanteonline.com.br\\\/site\\\/2026\\\/04\\\/23\\\/solneve-run-fest-tem-inscricoes-esgotadas-e-promete-movimentar-leopoldina-no-dia-26\\\/\",\"url\":\"https:\\\/\\\/www.ovigilanteonline.com.br\\\/site\\\/2026\\\/04\\\/23\\\/solneve-run-fest-tem-inscricoes-esgotadas-e-promete-movimentar-leopoldina-no-dia-26\\\/\",\"name\":\"Sol &amp; Neve Run Fest tem inscri\u00e7\u00f5es esgotadas e promete movimentar Leopoldina no dia 26\",\"isPartOf\":{\"@id\":\"https:\\\/\\\/www.ovigilanteonline.com.br\\\/site\\\/#website\"},\"primaryImageOfPage\":{\"@id\":\"https:\\\/\\\/www.ovigilanteonline.com.br\\\/site\\\/2026\\\/04\\\/23\\\/solneve-run-fest-tem-inscricoes-esgotadas-e-promete-movimentar-leopoldina-no-dia-26\\\/#primaryimage\"},\"image\":{\"@id\":\"https:\\\/\\\/www.ovigilanteonline.com.br\\\/site\\\/2026\\\/04\\\/23\\\/solneve-run-fest-tem-inscricoes-esgotadas-e-promete-movimentar-leopoldina-no-dia-26\\\/#primaryimage\"},\"thumbnailUrl\":\"https:\\\/\\\/www.ovigilanteonline.com.br\\\/site\\\/wp-content\\\/uploads\\\/2026\\\/04\\\/626565.jpg\",\"datePublished\":\"2026-04-23T10:38:25+00:00\",\"dateModified\":\"2026-04-24T23:05:09+00:00\",\"author\":{\"@id\":\"https:\\\/\\\/www.ovigilanteonline.com.br\\\/site\\\/#\\\/schema\\\/person\\\/538fdfb33c0c411cd14a732e7cf14aa6\"},\"breadcrumb\":{\"@id\":\"https:\\\/\\\/www.ovigilanteonline.com.br\\\/site\\\/2026\\\/04\\\/23\\\/solneve-run-fest-tem-inscricoes-esgotadas-e-promete-movimentar-leopoldina-no-dia-26\\\/#breadcrumb\"},\"inLanguage\":\"pt-BR\",\"potentialAction\":[{\"@type\":\"ReadAction\",\"target\":[\"https:\\\/\\\/www.ovigilanteonline.com.br\\\/site\\\/2026\\\/04\\\/23\\\/solneve-run-fest-tem-inscricoes-esgotadas-e-promete-movimentar-leopoldina-no-dia-26\\\/\"]}]},{\"@type\":\"ImageObject\",\"inLanguage\":\"pt-BR\",\"@id\":\"https:\\\/\\\/www.ovigilanteonline.com.br\\\/site\\\/2026\\\/04\\\/23\\\/solneve-run-fest-tem-inscricoes-esgotadas-e-promete-movimentar-leopoldina-no-dia-26\\\/#primaryimage\",\"url\":\"https:\\\/\\\/www.ovigilanteonline.com.br\\\/site\\\/wp-content\\\/uploads\\\/2026\\\/04\\\/626565.jpg\",\"contentUrl\":\"https:\\\/\\\/www.ovigilanteonline.com.br\\\/site\\\/wp-content\\\/uploads\\\/2026\\\/04\\\/626565.jpg\",\"width\":800,\"height\":561},{\"@type\":\"BreadcrumbList\",\"@id\":\"https:\\\/\\\/www.ovigilanteonline.com.br\\\/site\\\/2026\\\/04\\\/23\\\/solneve-run-fest-tem-inscricoes-esgotadas-e-promete-movimentar-leopoldina-no-dia-26\\\/#breadcrumb\",\"itemListElement\":[{\"@type\":\"ListItem\",\"position\":1,\"name\":\"In\u00edcio\",\"item\":\"https:\\\/\\\/www.ovigilanteonline.com.br\\\/site\\\/\"},{\"@type\":\"ListItem\",\"position\":2,\"name\":\"Sol &amp; Neve Run Fest tem inscri\u00e7\u00f5es esgotadas e promete movimentar Leopoldina no dia 26\"}]},{\"@type\":\"WebSite\",\"@id\":\"https:\\\/\\\/www.ovigilanteonline.com.br\\\/site\\\/#website\",\"url\":\"https:\\\/\\\/www.ovigilanteonline.com.br\\\/site\\\/\",\"name\":\"O VIGILANTE ONLINE - Not\u00edcias de Leopoldina e regi\u00e3o\",\"description\":\"\",\"potentialAction\":[{\"@type\":\"SearchAction\",\"target\":{\"@type\":\"EntryPoint\",\"urlTemplate\":\"https:\\\/\\\/www.ovigilanteonline.com.br\\\/site\\\/?s={search_term_string}\"},\"query-input\":{\"@type\":\"PropertyValueSpecification\",\"valueRequired\":true,\"valueName\":\"search_term_string\"}}],\"inLanguage\":\"pt-BR\"},{\"@type\":\"Person\",\"@id\":\"https:\\\/\\\/www.ovigilanteonline.com.br\\\/site\\\/#\\\/schema\\\/person\\\/538fdfb33c0c411cd14a732e7cf14aa6\",\"name\":\"Jornalismo\"}]}<\/script>\n<!-- \/ Yoast SEO plugin. -->","yoast_head_json":{"title":"Sol &amp; Neve Run Fest tem inscri\u00e7\u00f5es esgotadas e promete movimentar Leopoldina no dia 26","robots":{"index":"index","follow":"follow","max-snippet":"max-snippet:-1","max-image-preview":"max-image-preview:large","max-video-preview":"max-video-preview:-1"},"canonical":"https:\/\/www.ovigilanteonline.com.br\/site\/2026\/04\/23\/solneve-run-fest-tem-inscricoes-esgotadas-e-promete-movimentar-leopoldina-no-dia-26\/","og_locale":"pt_BR","og_type":"article","og_title":"Sol &amp; Neve Run Fest tem inscri\u00e7\u00f5es esgotadas e promete movimentar Leopoldina no dia 26","og_description":"Corrida re\u00fane cerca de mil participantes e ser\u00e1 realizada na v\u00e9spera do anivers\u00e1rio da cidade A segunda edi\u00e7\u00e3o da Sol &amp; Neve Run Fest j\u00e1 \u00e9 sucesso antes mesmo da largada. Com inscri\u00e7\u00f5es esgotadas, o evento esportivo deve reunir cerca de mil corredores no pr\u00f3ximo dia 26 de abril, em Leopoldina. A corrida acontece na [&hellip;]","og_url":"https:\/\/www.ovigilanteonline.com.br\/site\/2026\/04\/23\/solneve-run-fest-tem-inscricoes-esgotadas-e-promete-movimentar-leopoldina-no-dia-26\/","og_site_name":"O VIGILANTE ONLINE","article_publisher":"https:\/\/www.facebook.com\/ovigilanteonline","article_published_time":"2026-04-23T10:38:25+00:00","article_modified_time":"2026-04-24T23:05:09+00:00","og_image":[{"width":800,"height":561,"url":"https:\/\/www.ovigilanteonline.com.br\/site\/wp-content\/uploads\/2026\/04\/626565.jpg","type":"image\/jpeg"}],"author":"Jornalismo","twitter_card":"summary_large_image","twitter_misc":{"Escrito por":"Jornalismo","Est. tempo de leitura":"3 minutos"},"schema":{"@context":"https:\/\/schema.org","@graph":[{"@type":"Article","@id":"https:\/\/www.ovigilanteonline.com.br\/site\/2026\/04\/23\/solneve-run-fest-tem-inscricoes-esgotadas-e-promete-movimentar-leopoldina-no-dia-26\/#article","isPartOf":{"@id":"https:\/\/www.ovigilanteonline.com.br\/site\/2026\/04\/23\/solneve-run-fest-tem-inscricoes-esgotadas-e-promete-movimentar-leopoldina-no-dia-26\/"},"author":{"name":"Jornalismo","@id":"https:\/\/www.ovigilanteonline.com.br\/site\/#\/schema\/person\/538fdfb33c0c411cd14a732e7cf14aa6"},"headline":"Sol &amp; Neve Run Fest tem inscri\u00e7\u00f5es esgotadas e promete movimentar Leopoldina no dia 26","datePublished":"2026-04-23T10:38:25+00:00","dateModified":"2026-04-24T23:05:09+00:00","mainEntityOfPage":{"@id":"https:\/\/www.ovigilanteonline.com.br\/site\/2026\/04\/23\/solneve-run-fest-tem-inscricoes-esgotadas-e-promete-movimentar-leopoldina-no-dia-26\/"},"wordCount":346,"commentCount":0,"image":{"@id":"https:\/\/www.ovigilanteonline.com.br\/site\/2026\/04\/23\/solneve-run-fest-tem-inscricoes-esgotadas-e-promete-movimentar-leopoldina-no-dia-26\/#primaryimage"},"thumbnailUrl":"https:\/\/www.ovigilanteonline.com.br\/site\/wp-content\/uploads\/2026\/04\/626565.jpg","articleSection":["Cidade","Leopoldina","\u00daltimas Not\u00edcias"],"inLanguage":"pt-BR","potentialAction":[{"@type":"CommentAction","name":"Comment","target":["https:\/\/www.ovigilanteonline.com.br\/site\/2026\/04\/23\/solneve-run-fest-tem-inscricoes-esgotadas-e-promete-movimentar-leopoldina-no-dia-26\/#respond"]}]},{"@type":"WebPage","@id":"https:\/\/www.ovigilanteonline.com.br\/site\/2026\/04\/23\/solneve-run-fest-tem-inscricoes-esgotadas-e-promete-movimentar-leopoldina-no-dia-26\/","url":"https:\/\/www.ovigilanteonline.com.br\/site\/2026\/04\/23\/solneve-run-fest-tem-inscricoes-esgotadas-e-promete-movimentar-leopoldina-no-dia-26\/","name":"Sol &amp; Neve Run Fest tem inscri\u00e7\u00f5es esgotadas e promete movimentar Leopoldina no dia 26","isPartOf":{"@id":"https:\/\/www.ovigilanteonline.com.br\/site\/#website"},"primaryImageOfPage":{"@id":"https:\/\/www.ovigilanteonline.com.br\/site\/2026\/04\/23\/solneve-run-fest-tem-inscricoes-esgotadas-e-promete-movimentar-leopoldina-no-dia-26\/#primaryimage"},"image":{"@id":"https:\/\/www.ovigilanteonline.com.br\/site\/2026\/04\/23\/solneve-run-fest-tem-inscricoes-esgotadas-e-promete-movimentar-leopoldina-no-dia-26\/#primaryimage"},"thumbnailUrl":"https:\/\/www.ovigilanteonline.com.br\/site\/wp-content\/uploads\/2026\/04\/626565.jpg","datePublished":"2026-04-23T10:38:25+00:00","dateModified":"2026-04-24T23:05:09+00:00","author":{"@id":"https:\/\/www.ovigilanteonline.com.br\/site\/#\/schema\/person\/538fdfb33c0c411cd14a732e7cf14aa6"},"breadcrumb":{"@id":"https:\/\/www.ovigilanteonline.com.br\/site\/2026\/04\/23\/solneve-run-fest-tem-inscricoes-esgotadas-e-promete-movimentar-leopoldina-no-dia-26\/#breadcrumb"},"inLanguage":"pt-BR","potentialAction":[{"@type":"ReadAction","target":["https:\/\/www.ovigilanteonline.com.br\/site\/2026\/04\/23\/solneve-run-fest-tem-inscricoes-esgotadas-e-promete-movimentar-leopoldina-no-dia-26\/"]}]},{"@type":"ImageObject","inLanguage":"pt-BR","@id":"https:\/\/www.ovigilanteonline.com.br\/site\/2026\/04\/23\/solneve-run-fest-tem-inscricoes-esgotadas-e-promete-movimentar-leopoldina-no-dia-26\/#primaryimage","url":"https:\/\/www.ovigilanteonline.com.br\/site\/wp-content\/uploads\/2026\/04\/626565.jpg","contentUrl":"https:\/\/www.ovigilanteonline.com.br\/site\/wp-content\/uploads\/2026\/04\/626565.jpg","width":800,"height":561},{"@type":"BreadcrumbList","@id":"https:\/\/www.ovigilanteonline.com.br\/site\/2026\/04\/23\/solneve-run-fest-tem-inscricoes-esgotadas-e-promete-movimentar-leopoldina-no-dia-26\/#breadcrumb","itemListElement":[{"@type":"ListItem","position":1,"name":"In\u00edcio","item":"https:\/\/www.ovigilanteonline.com.br\/site\/"},{"@type":"ListItem","position":2,"name":"Sol &amp; Neve Run Fest tem inscri\u00e7\u00f5es esgotadas e promete movimentar Leopoldina no dia 26"}]},{"@type":"WebSite","@id":"https:\/\/www.ovigilanteonline.com.br\/site\/#website","url":"https:\/\/www.ovigilanteonline.com.br\/site\/","name":"O VIGILANTE ONLINE - Not\u00edcias de Leopoldina e regi\u00e3o","description":"","potentialAction":[{"@type":"SearchAction","target":{"@type":"EntryPoint","urlTemplate":"https:\/\/www.ovigilanteonline.com.br\/site\/?s={search_term_string}"},"query-input":{"@type":"PropertyValueSpecification","valueRequired":true,"valueName":"search_term_string"}}],"inLanguage":"pt-BR"},{"@type":"Person","@id":"https:\/\/www.ovigilanteonline.com.br\/site\/#\/schema\/person\/538fdfb33c0c411cd14a732e7cf14aa6","name":"Jornalismo"}]}},"cc_featured_image_caption":{"caption_text":"","source_text":"","source_url":""},"_links":{"self":[{"href":"https:\/\/www.ovigilanteonline.com.br\/site\/wp-json\/wp\/v2\/posts\/452140","targetHints":{"allow":["GET"]}}],"collection":[{"href":"https:\/\/www.ovigilanteonline.com.br\/site\/wp-json\/wp\/v2\/posts"}],"about":[{"href":"https:\/\/www.ovigilanteonline.com.br\/site\/wp-json\/wp\/v2\/types\/post"}],"author":[{"embeddable":true,"href":"https:\/\/www.ovigilanteonline.com.br\/site\/wp-json\/wp\/v2\/users\/2"}],"replies":[{"embeddable":true,"href":"https:\/\/www.ovigilanteonline.com.br\/site\/wp-json\/wp\/v2\/comments?post=452140"}],"version-history":[{"count":2,"href":"https:\/\/www.ovigilanteonline.com.br\/site\/wp-json\/wp\/v2\/posts\/452140\/revisions"}],"predecessor-version":[{"id":452148,"href":"https:\/\/www.ovigilanteonline.com.br\/site\/wp-json\/wp\/v2\/posts\/452140\/revisions\/452148"}],"wp:featuredmedia":[{"embeddable":true,"href":"https:\/\/www.ovigilanteonline.com.br\/site\/wp-json\/wp\/v2\/media\/452141"}],"wp:attachment":[{"href":"https:\/\/www.ovigilanteonline.com.br\/site\/wp-json\/wp\/v2\/media?parent=452140"}],"wp:term":[{"taxonomy":"category","embeddable":true,"href":"https:\/\/www.ovigilanteonline.com.br\/site\/wp-json\/wp\/v2\/categories?post=452140"},{"taxonomy":"post_tag","embeddable":true,"href":"https:\/\/www.ovigilanteonline.com.br\/site\/wp-json\/wp\/v2\/tags?post=452140"}],"curies":[{"name":"wp","href":"https:\/\/api.w.org\/{rel}","templated":true}]}}