{"id":451013,"date":"2026-03-12T10:32:35","date_gmt":"2026-03-12T13:32:35","guid":{"rendered":"https:\/\/www.ovigilanteonline.com.br\/site\/?p=451013"},"modified":"2026-03-19T14:50:24","modified_gmt":"2026-03-19T17:50:24","slug":"pm-resgata-caes-em-situacao-de-maus-tratos-e-prende-suspeito-em-santo-antonio-do-aventureiro","status":"publish","type":"post","link":"https:\/\/www.ovigilanteonline.com.br\/site\/2026\/03\/12\/pm-resgata-caes-em-situacao-de-maus-tratos-e-prende-suspeito-em-santo-antonio-do-aventureiro\/","title":{"rendered":"PM resgata c\u00e3es em situa\u00e7\u00e3o de maus-tratos e prende suspeito em Santo Ant\u00f4nio do Aventureiro"},"content":{"rendered":"\n<h3 class=\"wp-block-heading\"><strong><em>Den\u00fancia levou militares at\u00e9 propriedade na zona rural onde os animais estavam em condi\u00e7\u00f5es prec\u00e1rias.<\/em><\/strong><\/h3>\n\n\n\n<p>Um homem foi preso em flagrante na ter\u00e7a-feira (10) suspeito de maus-tratos contra animais no povoado Alto da Concei\u00e7\u00e3o, zona rural de Santo Ant\u00f4nio do Aventureiro.<\/p>\n\n\n\n<p>De acordo com informa\u00e7\u00f5es da Pol\u00edcia Militar, a equipe foi acionada ap\u00f3s den\u00fancia de maus-tratos envolvendo c\u00e3es no local. Ao chegarem \u00e0 propriedade, os militares constataram que tr\u00eas c\u00e3es estavam presos por correntes curtas, sem abrigo adequado e em condi\u00e7\u00f5es prec\u00e1rias, apresentando sinais de magreza. Um dos animais tamb\u00e9m apresentava ferimento aparente.<\/p>\n\n\n\n\n\n<p>Diante da situa\u00e7\u00e3o, os policiais deram voz de pris\u00e3o em flagrante ao respons\u00e1vel pelos animais, suspeito de praticar o crime de maus-tratos.<\/p>\n\n\n\n<figure class=\"wp-block-image size-full is-resized\"><img loading=\"lazy\" decoding=\"async\" width=\"738\" height=\"504\" src=\"https:\/\/www.ovigilanteonline.com.br\/site\/wp-content\/uploads\/2026\/03\/WhatsApp-Image-2026-03-12-at-09.35.07.jpeg\" alt=\"\" class=\"wp-image-451015\" style=\"width:815px;height:auto\" srcset=\"https:\/\/www.ovigilanteonline.com.br\/site\/wp-content\/uploads\/2026\/03\/WhatsApp-Image-2026-03-12-at-09.35.07.jpeg 738w, https:\/\/www.ovigilanteonline.com.br\/site\/wp-content\/uploads\/2026\/03\/WhatsApp-Image-2026-03-12-at-09.35.07-300x205.jpeg 300w\" sizes=\"auto, (max-width: 738px) 100vw, 738px\" \/><\/figure>\n\n\n\n<p>Ap\u00f3s a pris\u00e3o, o homem foi encaminhado para a Delegacia de Pol\u00edcia Civil para as demais provid\u00eancias.<\/p>\n\n\n\n<p>A Prefeitura foi acionada para avaliar a situa\u00e7\u00e3o dos c\u00e3es e providenciar os cuidados necess\u00e1rios. At\u00e9 que as medidas fossem tomadas, os animais ficaram provisoriamente sob os cuidados de um morador da regi\u00e3o, que retirou as correntes e forneceu \u00e1gua e alimenta\u00e7\u00e3o.<\/p>\n\n\n\n<p><\/p>\n\n\n<div id=\"ovigi-642008852\">\r\n<p class=\"has-text-align-center has-small-font-size\">continua depois da publicidade<\/p>\r\n\r\n\r\n\r\n<hr class=\"wp-block-separator has-alpha-channel-opacity is-style-wide\"\/>\r\n\r\n\r\n<center> \r\n<figure class=\"wp-block-image size-large\"><a href=\"https:\/\/www.instagram.com\/unimedleopoldina241\/\" target=\"_blank\" rel=\"noreferrer noopener\"><img decoding=\"async\" src=\"https:\/\/www.ovigilanteonline.com.br\/site\/wp-content\/uploads\/2026\/04\/UNIMED-NOVO.jpg\" alt=\"\" class=\"wp-image-395070\"\/><\/a><\/figure>\r\n<\/figure>\r\n<!-- \/wp:gallery --> <\/center>\r\n\r\n<!-- wp:separator {\"className\":\"is-style-wide\"} -->\r\n<hr class=\"wp-block-separator has-alpha-channel-opacity is-style-wide\"\/>\r\n<!-- \/wp:separator -->\r\n<\/div>\n\n<div  class=\"wp-block-ultimate-post-heading ultp-block-19820e\"><div class=\"ultp-block-wrapper\"><div class=\"ultp-heading-wrap ultp-heading-style18 ultp-heading-left\"><h2 class=\"ultp-heading-inner\"><span>Leia tamb\u00e9m<\/span><\/h2><\/div><\/div><\/div>\n\n<div  class=\"ultp-post-grid-block wp-block-ultimate-post-post-grid-2 ultp-block-aa3bb8\"><div class=\"ultp-block-wrapper\"><div class=\"ultp-loading\"><div class=\"ultp-loading-blocks\" style=\"width:100%;height:100%;\"><div style=\"left: 0;top: 0;animation-delay:0s;\"><\/div><div style=\"left: 21px;top: 0;animation-delay:0.125s;\"><\/div><div style=\"left: 42px;top: 0;animation-delay:0.25s;\"><\/div><div style=\"left: 0;top: 21px;animation-delay:0.875s;\"><\/div><div style=\"left: 42px;top: 21px;animation-delay:0.375s;\"><\/div><div style=\"left: 0;top: 42px;animation-delay:0.75s;\"><\/div><div style=\"left: 42px;top: 42px;animation-delay:0.625s;\"><\/div><div style=\"left: 21px;top: 42px;animation-delay:0.5s;\"><\/div><\/div><\/div><div class=\"ultp-block-items-wrap ultp-block-row\"><div class=\"ultp-block-item post-id-452351\"><div class=\"ultp-block-content-wrap ultp-block-content-overlay\"><div class=\"ultp-block-image ultp-block-image-none ultp-block-image-overlay ultp-block-image-simgleGradient\"><a href=\"https:\/\/www.ovigilanteonline.com.br\/site\/2026\/05\/01\/foragido-ha-mais-de-5-anos-e-preso-durante-operacao-da-pm-em-muriae\/\" ><img decoding=\"async\"  alt=\"Foragido h\u00e1 mais de 5 anos \u00e9 preso durante opera\u00e7\u00e3o da PM em Muria\u00e9\"  src=\"https:\/\/www.ovigilanteonline.com.br\/site\/wp-content\/uploads\/2026\/05\/daf45d5f.jpg\" \/><\/a><\/div><div class=\"ultp-block-content ultp-block-content-bottomPosition\"><div class=\"ultp-block-content-inner\"><h3 class=\"ultp-block-title \"><a href=\"https:\/\/www.ovigilanteonline.com.br\/site\/2026\/05\/01\/foragido-ha-mais-de-5-anos-e-preso-durante-operacao-da-pm-em-muriae\/\" >Foragido h\u00e1 mais de 5 anos \u00e9 preso durante opera\u00e7\u00e3o da PM em Muria\u00e9<\/a><\/h3><\/div><\/div><\/div><\/div><div class=\"ultp-block-item post-id-452335\"><div class=\"ultp-block-content-wrap ultp-block-content-overlay\"><div class=\"ultp-block-image ultp-block-image-none ultp-block-image-overlay ultp-block-image-simgleGradient\"><a href=\"https:\/\/www.ovigilanteonline.com.br\/site\/2026\/05\/01\/encontro-em-argirita-define-estrategias-para-crescimento-do-turismo-na-regiao\/\" ><img decoding=\"async\"  alt=\"Encontro em Argirita define estrat\u00e9gias para crescimento do turismo na regi\u00e3o\"  src=\"https:\/\/www.ovigilanteonline.com.br\/site\/wp-content\/uploads\/2026\/05\/DSC6525.jpg-870x570.jpeg\" \/><\/a><\/div><div class=\"ultp-block-content ultp-block-content-bottomPosition\"><div class=\"ultp-block-content-inner\"><h3 class=\"ultp-block-title \"><a href=\"https:\/\/www.ovigilanteonline.com.br\/site\/2026\/05\/01\/encontro-em-argirita-define-estrategias-para-crescimento-do-turismo-na-regiao\/\" >Encontro em Argirita define estrat\u00e9gias para crescimento do turismo na regi\u00e3o<\/a><\/h3><\/div><\/div><\/div><\/div><div class=\"ultp-block-item post-id-452329\"><div class=\"ultp-block-content-wrap ultp-block-content-overlay\"><div class=\"ultp-block-image ultp-block-image-none ultp-block-image-overlay ultp-block-image-simgleGradient\"><a href=\"https:\/\/www.ovigilanteonline.com.br\/site\/2026\/04\/30\/damata-bebidas-abre-vaga-para-auxiliar-de-informatica-em-leopoldina\/\" ><img decoding=\"async\"  alt=\"Damata Bebidas abre vaga para auxiliar de inform\u00e1tica em Leopoldina\"  src=\"https:\/\/www.ovigilanteonline.com.br\/site\/wp-content\/uploads\/2024\/05\/DAMATA-FOTO-DIVULGACAO-MATRIZ-870x478.jpg\" \/><\/a><\/div><div class=\"ultp-block-content ultp-block-content-bottomPosition\"><div class=\"ultp-block-content-inner\"><h3 class=\"ultp-block-title \"><a href=\"https:\/\/www.ovigilanteonline.com.br\/site\/2026\/04\/30\/damata-bebidas-abre-vaga-para-auxiliar-de-informatica-em-leopoldina\/\" >Damata Bebidas abre vaga para auxiliar de inform\u00e1tica em Leopoldina<\/a><\/h3><\/div><\/div><\/div><\/div><div class=\"ultp-block-item post-id-452320\"><div class=\"ultp-block-content-wrap ultp-block-content-overlay\"><div class=\"ultp-block-image ultp-block-image-none ultp-block-image-overlay ultp-block-image-simgleGradient\"><a href=\"https:\/\/www.ovigilanteonline.com.br\/site\/2026\/04\/30\/theo-garcia-conquista-medalha-no-europeu-de-jiu-jitsu-na-irlanda\/\" ><img decoding=\"async\"  alt=\"Theo Garcia conquista medalha no Europeu de Jiu-Jitsu na Irlanda\"  src=\"https:\/\/www.ovigilanteonline.com.br\/site\/wp-content\/uploads\/2026\/04\/WhatsApp-Image-2026-04-29-at-19.59.53.jpeg\" \/><\/a><\/div><div class=\"ultp-block-content ultp-block-content-bottomPosition\"><div class=\"ultp-block-content-inner\"><h3 class=\"ultp-block-title \"><a href=\"https:\/\/www.ovigilanteonline.com.br\/site\/2026\/04\/30\/theo-garcia-conquista-medalha-no-europeu-de-jiu-jitsu-na-irlanda\/\" >Theo Garcia conquista medalha no Europeu de Jiu-Jitsu na Irlanda<\/a><\/h3><\/div><\/div><\/div><\/div><div class=\"ultp-block-item post-id-452312\"><div class=\"ultp-block-content-wrap ultp-block-content-overlay\"><div class=\"ultp-block-image ultp-block-image-none ultp-block-image-overlay ultp-block-image-simgleGradient\"><a href=\"https:\/\/www.ovigilanteonline.com.br\/site\/2026\/04\/30\/iv-super-copa-leopoldina-de-futebol-amador-jaime-silva-e-destaque-no-esporte-local\/\" ><img decoding=\"async\"  alt=\"IV Super Copa Leopoldina de Futebol Amador &#8216;Jaime Silva&#8217; \u00e9 destaque no esporte local\"  src=\"https:\/\/www.ovigilanteonline.com.br\/site\/wp-content\/uploads\/2026\/04\/WhatsApp-Image-2026-04-30-at-07.31.50.jpeg\" \/><\/a><\/div><div class=\"ultp-block-content ultp-block-content-bottomPosition\"><div class=\"ultp-block-content-inner\"><h3 class=\"ultp-block-title \"><a href=\"https:\/\/www.ovigilanteonline.com.br\/site\/2026\/04\/30\/iv-super-copa-leopoldina-de-futebol-amador-jaime-silva-e-destaque-no-esporte-local\/\" >IV Super Copa Leopoldina de Futebol Amador &#8216;Jaime Silva&#8217; \u00e9 destaque no esporte local<\/a><\/h3><\/div><\/div><\/div><\/div><div class=\"ultp-block-item post-id-452304\"><div class=\"ultp-block-content-wrap ultp-block-content-overlay\"><div class=\"ultp-block-image ultp-block-image-none ultp-block-image-overlay ultp-block-image-simgleGradient\"><a href=\"https:\/\/www.ovigilanteonline.com.br\/site\/2026\/04\/30\/prf-inicia-operacao-dia-do-trabalho-2026-nas-rodovias-federais-da-regiao\/\" ><img decoding=\"async\"  alt=\"PRF inicia Opera\u00e7\u00e3o Dia do Trabalho 2026 nas rodovias federais da regi\u00e3o\"  src=\"https:\/\/www.ovigilanteonline.com.br\/site\/wp-content\/uploads\/2023\/05\/rodovias-prf-870x506.jpg\" \/><\/a><\/div><div class=\"ultp-block-content ultp-block-content-bottomPosition\"><div class=\"ultp-block-content-inner\"><h3 class=\"ultp-block-title \"><a href=\"https:\/\/www.ovigilanteonline.com.br\/site\/2026\/04\/30\/prf-inicia-operacao-dia-do-trabalho-2026-nas-rodovias-federais-da-regiao\/\" >PRF inicia Opera\u00e7\u00e3o Dia do Trabalho 2026 nas rodovias federais da regi\u00e3o<\/a><\/h3><\/div><\/div><\/div><\/div><\/div><\/div><div class=\"pagination-block-html\" aria-hidden=\"true\" style=\"display: none;\"><\/div><\/div>\n\n<div id=\"ovigi-569882643\">\r\n<p class=\"has-text-align-center has-small-font-size\">continua depois da publicidade<\/p>\r\n\r\n\r\n\r\n<hr class=\"wp-block-separator has-alpha-channel-opacity is-style-wide\"\/>\r\n\r\n\r\n\r\n<figure class=\"wp-block-gallery has-nested-images columns-default is-cropped wp-block-gallery-1 is-layout-flex wp-block-gallery-is-layout-flex\">\r\n<figure class=\"wp-block-image size-full\"><a href=\"https:\/\/www.sudamerica.edu.br\/\" target=\"_blank\" rel=\"noreferrer noopener\"><img decoding=\"async\" src=\"https:\/\/www.ovigilanteonline.com.br\/site\/wp-content\/uploads\/2026\/02\/SnapInsta.to_628000938_1521401246660064_2104497882800752476_n.jpg\" alt=\"\" class=\"wp-image-428831\"\/><\/a><\/figure>\r\n\r\n\r\n\r\n<figure class=\"wp-block-image size-large\"><a href=\"https:\/\/www.instagram.com\/curtastone\/\" target=\"_blank\" rel=\"noreferrer noopener\"><img decoding=\"async\" data-id=\"395070\" src=\"https:\/\/www.ovigilanteonline.com.br\/site\/wp-content\/uploads\/2026\/04\/SaveClip.App_651062745_18342989695242544_3625357231814875842_n.jpg\" alt=\"\" class=\"wp-image-395070\"\/><\/a><\/figure>\r\n<\/figure>\r\n\r\n\r\n\r\n<hr class=\"wp-block-separator has-alpha-channel-opacity is-style-wide\"\/>\r\n\r\n<\/div>","protected":false},"excerpt":{"rendered":"<p>Den\u00fancia levou militares at\u00e9 propriedade na zona rural onde os animais estavam em condi\u00e7\u00f5es prec\u00e1rias. Um homem foi preso em flagrante na ter\u00e7a-feira (10) suspeito de maus-tratos contra animais no povoado Alto da Concei\u00e7\u00e3o, zona rural de Santo Ant\u00f4nio do Aventureiro. De acordo com informa\u00e7\u00f5es da Pol\u00edcia Militar, a equipe foi acionada ap\u00f3s den\u00fancia de [&hellip;]<\/p>\n","protected":false},"author":2,"featured_media":451014,"comment_status":"open","ping_status":"closed","sticky":false,"template":"","format":"standard","meta":{"footnotes":""},"categories":[17,19,16,12,330,26],"tags":[],"class_list":["post-451013","post","type-post","status-publish","format-standard","has-post-thumbnail","hentry","category-geral","category-giro-vigilante","category-policia","category-regiao","category-ronda","category-ultimas-noticias"],"yoast_head":"<!-- This site is optimized with the Yoast SEO plugin v27.4 - https:\/\/yoast.com\/product\/yoast-seo-wordpress\/ -->\n<title>PM resgata c\u00e3es em situa\u00e7\u00e3o de maus-tratos e prende suspeito em Santo Ant\u00f4nio do Aventureiro<\/title>\n<meta name=\"robots\" content=\"index, follow, max-snippet:-1, max-image-preview:large, max-video-preview:-1\" \/>\n<link rel=\"canonical\" href=\"https:\/\/www.ovigilanteonline.com.br\/site\/2026\/03\/12\/pm-resgata-caes-em-situacao-de-maus-tratos-e-prende-suspeito-em-santo-antonio-do-aventureiro\/\" \/>\n<meta property=\"og:locale\" content=\"pt_BR\" \/>\n<meta property=\"og:type\" content=\"article\" \/>\n<meta property=\"og:title\" content=\"PM resgata c\u00e3es em situa\u00e7\u00e3o de maus-tratos e prende suspeito em Santo Ant\u00f4nio do Aventureiro\" \/>\n<meta property=\"og:description\" content=\"Den\u00fancia levou militares at\u00e9 propriedade na zona rural onde os animais estavam em condi\u00e7\u00f5es prec\u00e1rias. Um homem foi preso em flagrante na ter\u00e7a-feira (10) suspeito de maus-tratos contra animais no povoado Alto da Concei\u00e7\u00e3o, zona rural de Santo Ant\u00f4nio do Aventureiro. De acordo com informa\u00e7\u00f5es da Pol\u00edcia Militar, a equipe foi acionada ap\u00f3s den\u00fancia de [&hellip;]\" \/>\n<meta property=\"og:url\" content=\"https:\/\/www.ovigilanteonline.com.br\/site\/2026\/03\/12\/pm-resgata-caes-em-situacao-de-maus-tratos-e-prende-suspeito-em-santo-antonio-do-aventureiro\/\" \/>\n<meta property=\"og:site_name\" content=\"O VIGILANTE ONLINE\" \/>\n<meta property=\"article:publisher\" content=\"https:\/\/www.facebook.com\/ovigilanteonline\" \/>\n<meta property=\"article:published_time\" content=\"2026-03-12T13:32:35+00:00\" \/>\n<meta property=\"article:modified_time\" content=\"2026-03-19T17:50:24+00:00\" \/>\n<meta property=\"og:image\" content=\"https:\/\/www.ovigilanteonline.com.br\/site\/wp-content\/uploads\/2026\/03\/WhatsApp-Image-2026-03-12-at-09.35.07-1.jpeg\" \/>\n\t<meta property=\"og:image:width\" content=\"800\" \/>\n\t<meta property=\"og:image:height\" content=\"540\" \/>\n\t<meta property=\"og:image:type\" content=\"image\/jpeg\" \/>\n<meta name=\"author\" content=\"Jornalismo\" \/>\n<meta name=\"twitter:card\" content=\"summary_large_image\" \/>\n<meta name=\"twitter:label1\" content=\"Escrito por\" \/>\n\t<meta name=\"twitter:data1\" content=\"Jornalismo\" \/>\n\t<meta name=\"twitter:label2\" content=\"Est. tempo de leitura\" \/>\n\t<meta name=\"twitter:data2\" content=\"2 minutos\" \/>\n<script type=\"application\/ld+json\" class=\"yoast-schema-graph\">{\"@context\":\"https:\\\/\\\/schema.org\",\"@graph\":[{\"@type\":\"Article\",\"@id\":\"https:\\\/\\\/www.ovigilanteonline.com.br\\\/site\\\/2026\\\/03\\\/12\\\/pm-resgata-caes-em-situacao-de-maus-tratos-e-prende-suspeito-em-santo-antonio-do-aventureiro\\\/#article\",\"isPartOf\":{\"@id\":\"https:\\\/\\\/www.ovigilanteonline.com.br\\\/site\\\/2026\\\/03\\\/12\\\/pm-resgata-caes-em-situacao-de-maus-tratos-e-prende-suspeito-em-santo-antonio-do-aventureiro\\\/\"},\"author\":{\"name\":\"Jornalismo\",\"@id\":\"https:\\\/\\\/www.ovigilanteonline.com.br\\\/site\\\/#\\\/schema\\\/person\\\/538fdfb33c0c411cd14a732e7cf14aa6\"},\"headline\":\"PM resgata c\u00e3es em situa\u00e7\u00e3o de maus-tratos e prende suspeito em Santo Ant\u00f4nio do Aventureiro\",\"datePublished\":\"2026-03-12T13:32:35+00:00\",\"dateModified\":\"2026-03-19T17:50:24+00:00\",\"mainEntityOfPage\":{\"@id\":\"https:\\\/\\\/www.ovigilanteonline.com.br\\\/site\\\/2026\\\/03\\\/12\\\/pm-resgata-caes-em-situacao-de-maus-tratos-e-prende-suspeito-em-santo-antonio-do-aventureiro\\\/\"},\"wordCount\":218,\"commentCount\":0,\"image\":{\"@id\":\"https:\\\/\\\/www.ovigilanteonline.com.br\\\/site\\\/2026\\\/03\\\/12\\\/pm-resgata-caes-em-situacao-de-maus-tratos-e-prende-suspeito-em-santo-antonio-do-aventureiro\\\/#primaryimage\"},\"thumbnailUrl\":\"https:\\\/\\\/www.ovigilanteonline.com.br\\\/site\\\/wp-content\\\/uploads\\\/2026\\\/03\\\/WhatsApp-Image-2026-03-12-at-09.35.07-1.jpeg\",\"articleSection\":[\"Geral\",\"Giro Vigilante\",\"Pol\u00edcia\",\"Regi\u00e3o\",\"Ronda Vigilante\",\"\u00daltimas Not\u00edcias\"],\"inLanguage\":\"pt-BR\",\"potentialAction\":[{\"@type\":\"CommentAction\",\"name\":\"Comment\",\"target\":[\"https:\\\/\\\/www.ovigilanteonline.com.br\\\/site\\\/2026\\\/03\\\/12\\\/pm-resgata-caes-em-situacao-de-maus-tratos-e-prende-suspeito-em-santo-antonio-do-aventureiro\\\/#respond\"]}]},{\"@type\":\"WebPage\",\"@id\":\"https:\\\/\\\/www.ovigilanteonline.com.br\\\/site\\\/2026\\\/03\\\/12\\\/pm-resgata-caes-em-situacao-de-maus-tratos-e-prende-suspeito-em-santo-antonio-do-aventureiro\\\/\",\"url\":\"https:\\\/\\\/www.ovigilanteonline.com.br\\\/site\\\/2026\\\/03\\\/12\\\/pm-resgata-caes-em-situacao-de-maus-tratos-e-prende-suspeito-em-santo-antonio-do-aventureiro\\\/\",\"name\":\"PM resgata c\u00e3es em situa\u00e7\u00e3o de maus-tratos e prende suspeito em Santo Ant\u00f4nio do Aventureiro\",\"isPartOf\":{\"@id\":\"https:\\\/\\\/www.ovigilanteonline.com.br\\\/site\\\/#website\"},\"primaryImageOfPage\":{\"@id\":\"https:\\\/\\\/www.ovigilanteonline.com.br\\\/site\\\/2026\\\/03\\\/12\\\/pm-resgata-caes-em-situacao-de-maus-tratos-e-prende-suspeito-em-santo-antonio-do-aventureiro\\\/#primaryimage\"},\"image\":{\"@id\":\"https:\\\/\\\/www.ovigilanteonline.com.br\\\/site\\\/2026\\\/03\\\/12\\\/pm-resgata-caes-em-situacao-de-maus-tratos-e-prende-suspeito-em-santo-antonio-do-aventureiro\\\/#primaryimage\"},\"thumbnailUrl\":\"https:\\\/\\\/www.ovigilanteonline.com.br\\\/site\\\/wp-content\\\/uploads\\\/2026\\\/03\\\/WhatsApp-Image-2026-03-12-at-09.35.07-1.jpeg\",\"datePublished\":\"2026-03-12T13:32:35+00:00\",\"dateModified\":\"2026-03-19T17:50:24+00:00\",\"author\":{\"@id\":\"https:\\\/\\\/www.ovigilanteonline.com.br\\\/site\\\/#\\\/schema\\\/person\\\/538fdfb33c0c411cd14a732e7cf14aa6\"},\"breadcrumb\":{\"@id\":\"https:\\\/\\\/www.ovigilanteonline.com.br\\\/site\\\/2026\\\/03\\\/12\\\/pm-resgata-caes-em-situacao-de-maus-tratos-e-prende-suspeito-em-santo-antonio-do-aventureiro\\\/#breadcrumb\"},\"inLanguage\":\"pt-BR\",\"potentialAction\":[{\"@type\":\"ReadAction\",\"target\":[\"https:\\\/\\\/www.ovigilanteonline.com.br\\\/site\\\/2026\\\/03\\\/12\\\/pm-resgata-caes-em-situacao-de-maus-tratos-e-prende-suspeito-em-santo-antonio-do-aventureiro\\\/\"]}]},{\"@type\":\"ImageObject\",\"inLanguage\":\"pt-BR\",\"@id\":\"https:\\\/\\\/www.ovigilanteonline.com.br\\\/site\\\/2026\\\/03\\\/12\\\/pm-resgata-caes-em-situacao-de-maus-tratos-e-prende-suspeito-em-santo-antonio-do-aventureiro\\\/#primaryimage\",\"url\":\"https:\\\/\\\/www.ovigilanteonline.com.br\\\/site\\\/wp-content\\\/uploads\\\/2026\\\/03\\\/WhatsApp-Image-2026-03-12-at-09.35.07-1.jpeg\",\"contentUrl\":\"https:\\\/\\\/www.ovigilanteonline.com.br\\\/site\\\/wp-content\\\/uploads\\\/2026\\\/03\\\/WhatsApp-Image-2026-03-12-at-09.35.07-1.jpeg\",\"width\":800,\"height\":540},{\"@type\":\"BreadcrumbList\",\"@id\":\"https:\\\/\\\/www.ovigilanteonline.com.br\\\/site\\\/2026\\\/03\\\/12\\\/pm-resgata-caes-em-situacao-de-maus-tratos-e-prende-suspeito-em-santo-antonio-do-aventureiro\\\/#breadcrumb\",\"itemListElement\":[{\"@type\":\"ListItem\",\"position\":1,\"name\":\"In\u00edcio\",\"item\":\"https:\\\/\\\/www.ovigilanteonline.com.br\\\/site\\\/\"},{\"@type\":\"ListItem\",\"position\":2,\"name\":\"PM resgata c\u00e3es em situa\u00e7\u00e3o de maus-tratos e prende suspeito em Santo Ant\u00f4nio do Aventureiro\"}]},{\"@type\":\"WebSite\",\"@id\":\"https:\\\/\\\/www.ovigilanteonline.com.br\\\/site\\\/#website\",\"url\":\"https:\\\/\\\/www.ovigilanteonline.com.br\\\/site\\\/\",\"name\":\"O VIGILANTE ONLINE - Not\u00edcias de Leopoldina e regi\u00e3o\",\"description\":\"\",\"potentialAction\":[{\"@type\":\"SearchAction\",\"target\":{\"@type\":\"EntryPoint\",\"urlTemplate\":\"https:\\\/\\\/www.ovigilanteonline.com.br\\\/site\\\/?s={search_term_string}\"},\"query-input\":{\"@type\":\"PropertyValueSpecification\",\"valueRequired\":true,\"valueName\":\"search_term_string\"}}],\"inLanguage\":\"pt-BR\"},{\"@type\":\"Person\",\"@id\":\"https:\\\/\\\/www.ovigilanteonline.com.br\\\/site\\\/#\\\/schema\\\/person\\\/538fdfb33c0c411cd14a732e7cf14aa6\",\"name\":\"Jornalismo\"}]}<\/script>\n<!-- \/ Yoast SEO plugin. -->","yoast_head_json":{"title":"PM resgata c\u00e3es em situa\u00e7\u00e3o de maus-tratos e prende suspeito em Santo Ant\u00f4nio do Aventureiro","robots":{"index":"index","follow":"follow","max-snippet":"max-snippet:-1","max-image-preview":"max-image-preview:large","max-video-preview":"max-video-preview:-1"},"canonical":"https:\/\/www.ovigilanteonline.com.br\/site\/2026\/03\/12\/pm-resgata-caes-em-situacao-de-maus-tratos-e-prende-suspeito-em-santo-antonio-do-aventureiro\/","og_locale":"pt_BR","og_type":"article","og_title":"PM resgata c\u00e3es em situa\u00e7\u00e3o de maus-tratos e prende suspeito em Santo Ant\u00f4nio do Aventureiro","og_description":"Den\u00fancia levou militares at\u00e9 propriedade na zona rural onde os animais estavam em condi\u00e7\u00f5es prec\u00e1rias. Um homem foi preso em flagrante na ter\u00e7a-feira (10) suspeito de maus-tratos contra animais no povoado Alto da Concei\u00e7\u00e3o, zona rural de Santo Ant\u00f4nio do Aventureiro. De acordo com informa\u00e7\u00f5es da Pol\u00edcia Militar, a equipe foi acionada ap\u00f3s den\u00fancia de [&hellip;]","og_url":"https:\/\/www.ovigilanteonline.com.br\/site\/2026\/03\/12\/pm-resgata-caes-em-situacao-de-maus-tratos-e-prende-suspeito-em-santo-antonio-do-aventureiro\/","og_site_name":"O VIGILANTE ONLINE","article_publisher":"https:\/\/www.facebook.com\/ovigilanteonline","article_published_time":"2026-03-12T13:32:35+00:00","article_modified_time":"2026-03-19T17:50:24+00:00","og_image":[{"width":800,"height":540,"url":"https:\/\/www.ovigilanteonline.com.br\/site\/wp-content\/uploads\/2026\/03\/WhatsApp-Image-2026-03-12-at-09.35.07-1.jpeg","type":"image\/jpeg"}],"author":"Jornalismo","twitter_card":"summary_large_image","twitter_misc":{"Escrito por":"Jornalismo","Est. tempo de leitura":"2 minutos"},"schema":{"@context":"https:\/\/schema.org","@graph":[{"@type":"Article","@id":"https:\/\/www.ovigilanteonline.com.br\/site\/2026\/03\/12\/pm-resgata-caes-em-situacao-de-maus-tratos-e-prende-suspeito-em-santo-antonio-do-aventureiro\/#article","isPartOf":{"@id":"https:\/\/www.ovigilanteonline.com.br\/site\/2026\/03\/12\/pm-resgata-caes-em-situacao-de-maus-tratos-e-prende-suspeito-em-santo-antonio-do-aventureiro\/"},"author":{"name":"Jornalismo","@id":"https:\/\/www.ovigilanteonline.com.br\/site\/#\/schema\/person\/538fdfb33c0c411cd14a732e7cf14aa6"},"headline":"PM resgata c\u00e3es em situa\u00e7\u00e3o de maus-tratos e prende suspeito em Santo Ant\u00f4nio do Aventureiro","datePublished":"2026-03-12T13:32:35+00:00","dateModified":"2026-03-19T17:50:24+00:00","mainEntityOfPage":{"@id":"https:\/\/www.ovigilanteonline.com.br\/site\/2026\/03\/12\/pm-resgata-caes-em-situacao-de-maus-tratos-e-prende-suspeito-em-santo-antonio-do-aventureiro\/"},"wordCount":218,"commentCount":0,"image":{"@id":"https:\/\/www.ovigilanteonline.com.br\/site\/2026\/03\/12\/pm-resgata-caes-em-situacao-de-maus-tratos-e-prende-suspeito-em-santo-antonio-do-aventureiro\/#primaryimage"},"thumbnailUrl":"https:\/\/www.ovigilanteonline.com.br\/site\/wp-content\/uploads\/2026\/03\/WhatsApp-Image-2026-03-12-at-09.35.07-1.jpeg","articleSection":["Geral","Giro Vigilante","Pol\u00edcia","Regi\u00e3o","Ronda Vigilante","\u00daltimas Not\u00edcias"],"inLanguage":"pt-BR","potentialAction":[{"@type":"CommentAction","name":"Comment","target":["https:\/\/www.ovigilanteonline.com.br\/site\/2026\/03\/12\/pm-resgata-caes-em-situacao-de-maus-tratos-e-prende-suspeito-em-santo-antonio-do-aventureiro\/#respond"]}]},{"@type":"WebPage","@id":"https:\/\/www.ovigilanteonline.com.br\/site\/2026\/03\/12\/pm-resgata-caes-em-situacao-de-maus-tratos-e-prende-suspeito-em-santo-antonio-do-aventureiro\/","url":"https:\/\/www.ovigilanteonline.com.br\/site\/2026\/03\/12\/pm-resgata-caes-em-situacao-de-maus-tratos-e-prende-suspeito-em-santo-antonio-do-aventureiro\/","name":"PM resgata c\u00e3es em situa\u00e7\u00e3o de maus-tratos e prende suspeito em Santo Ant\u00f4nio do Aventureiro","isPartOf":{"@id":"https:\/\/www.ovigilanteonline.com.br\/site\/#website"},"primaryImageOfPage":{"@id":"https:\/\/www.ovigilanteonline.com.br\/site\/2026\/03\/12\/pm-resgata-caes-em-situacao-de-maus-tratos-e-prende-suspeito-em-santo-antonio-do-aventureiro\/#primaryimage"},"image":{"@id":"https:\/\/www.ovigilanteonline.com.br\/site\/2026\/03\/12\/pm-resgata-caes-em-situacao-de-maus-tratos-e-prende-suspeito-em-santo-antonio-do-aventureiro\/#primaryimage"},"thumbnailUrl":"https:\/\/www.ovigilanteonline.com.br\/site\/wp-content\/uploads\/2026\/03\/WhatsApp-Image-2026-03-12-at-09.35.07-1.jpeg","datePublished":"2026-03-12T13:32:35+00:00","dateModified":"2026-03-19T17:50:24+00:00","author":{"@id":"https:\/\/www.ovigilanteonline.com.br\/site\/#\/schema\/person\/538fdfb33c0c411cd14a732e7cf14aa6"},"breadcrumb":{"@id":"https:\/\/www.ovigilanteonline.com.br\/site\/2026\/03\/12\/pm-resgata-caes-em-situacao-de-maus-tratos-e-prende-suspeito-em-santo-antonio-do-aventureiro\/#breadcrumb"},"inLanguage":"pt-BR","potentialAction":[{"@type":"ReadAction","target":["https:\/\/www.ovigilanteonline.com.br\/site\/2026\/03\/12\/pm-resgata-caes-em-situacao-de-maus-tratos-e-prende-suspeito-em-santo-antonio-do-aventureiro\/"]}]},{"@type":"ImageObject","inLanguage":"pt-BR","@id":"https:\/\/www.ovigilanteonline.com.br\/site\/2026\/03\/12\/pm-resgata-caes-em-situacao-de-maus-tratos-e-prende-suspeito-em-santo-antonio-do-aventureiro\/#primaryimage","url":"https:\/\/www.ovigilanteonline.com.br\/site\/wp-content\/uploads\/2026\/03\/WhatsApp-Image-2026-03-12-at-09.35.07-1.jpeg","contentUrl":"https:\/\/www.ovigilanteonline.com.br\/site\/wp-content\/uploads\/2026\/03\/WhatsApp-Image-2026-03-12-at-09.35.07-1.jpeg","width":800,"height":540},{"@type":"BreadcrumbList","@id":"https:\/\/www.ovigilanteonline.com.br\/site\/2026\/03\/12\/pm-resgata-caes-em-situacao-de-maus-tratos-e-prende-suspeito-em-santo-antonio-do-aventureiro\/#breadcrumb","itemListElement":[{"@type":"ListItem","position":1,"name":"In\u00edcio","item":"https:\/\/www.ovigilanteonline.com.br\/site\/"},{"@type":"ListItem","position":2,"name":"PM resgata c\u00e3es em situa\u00e7\u00e3o de maus-tratos e prende suspeito em Santo Ant\u00f4nio do Aventureiro"}]},{"@type":"WebSite","@id":"https:\/\/www.ovigilanteonline.com.br\/site\/#website","url":"https:\/\/www.ovigilanteonline.com.br\/site\/","name":"O VIGILANTE ONLINE - Not\u00edcias de Leopoldina e regi\u00e3o","description":"","potentialAction":[{"@type":"SearchAction","target":{"@type":"EntryPoint","urlTemplate":"https:\/\/www.ovigilanteonline.com.br\/site\/?s={search_term_string}"},"query-input":{"@type":"PropertyValueSpecification","valueRequired":true,"valueName":"search_term_string"}}],"inLanguage":"pt-BR"},{"@type":"Person","@id":"https:\/\/www.ovigilanteonline.com.br\/site\/#\/schema\/person\/538fdfb33c0c411cd14a732e7cf14aa6","name":"Jornalismo"}]}},"cc_featured_image_caption":{"caption_text":"","source_text":"","source_url":""},"_links":{"self":[{"href":"https:\/\/www.ovigilanteonline.com.br\/site\/wp-json\/wp\/v2\/posts\/451013","targetHints":{"allow":["GET"]}}],"collection":[{"href":"https:\/\/www.ovigilanteonline.com.br\/site\/wp-json\/wp\/v2\/posts"}],"about":[{"href":"https:\/\/www.ovigilanteonline.com.br\/site\/wp-json\/wp\/v2\/types\/post"}],"author":[{"embeddable":true,"href":"https:\/\/www.ovigilanteonline.com.br\/site\/wp-json\/wp\/v2\/users\/2"}],"replies":[{"embeddable":true,"href":"https:\/\/www.ovigilanteonline.com.br\/site\/wp-json\/wp\/v2\/comments?post=451013"}],"version-history":[{"count":0,"href":"https:\/\/www.ovigilanteonline.com.br\/site\/wp-json\/wp\/v2\/posts\/451013\/revisions"}],"wp:featuredmedia":[{"embeddable":true,"href":"https:\/\/www.ovigilanteonline.com.br\/site\/wp-json\/wp\/v2\/media\/451014"}],"wp:attachment":[{"href":"https:\/\/www.ovigilanteonline.com.br\/site\/wp-json\/wp\/v2\/media?parent=451013"}],"wp:term":[{"taxonomy":"category","embeddable":true,"href":"https:\/\/www.ovigilanteonline.com.br\/site\/wp-json\/wp\/v2\/categories?post=451013"},{"taxonomy":"post_tag","embeddable":true,"href":"https:\/\/www.ovigilanteonline.com.br\/site\/wp-json\/wp\/v2\/tags?post=451013"}],"curies":[{"name":"wp","href":"https:\/\/api.w.org\/{rel}","templated":true}]}}