{"id":450656,"date":"2026-03-02T08:28:52","date_gmt":"2026-03-02T11:28:52","guid":{"rendered":"https:\/\/www.ovigilanteonline.com.br\/site\/?p=450656"},"modified":"2026-03-04T10:05:55","modified_gmt":"2026-03-04T13:05:55","slug":"cefet-mg-em-leopoldina-seleciona-alunos-da-rede-publica-para-curso-preparatorio-gratuito","status":"publish","type":"post","link":"https:\/\/www.ovigilanteonline.com.br\/site\/2026\/03\/02\/cefet-mg-em-leopoldina-seleciona-alunos-da-rede-publica-para-curso-preparatorio-gratuito\/","title":{"rendered":"CEFET-MG em Leopoldina seleciona alunos da rede p\u00fablica para curso preparat\u00f3rio gratuito"},"content":{"rendered":"\n<h3 class=\"wp-block-heading\"><strong><em>Curso \u00e9 voltado para estudantes do 9\u00ba ano e oferece bolsa mensal de R$ 200.<\/em><\/strong><\/h3>\n\n\n\n<p>O CEFET-MG publicou <a href=\"https:\/\/copeve.cefetmg.br\/processos\/2026_PTEC\/arquivos\/editais\/edital-55-2026\" target=\"_blank\" rel=\"noreferrer noopener\">edital<\/a> para o processo seletivo do Programa Nacional de Promo\u00e7\u00e3o de Igualdade de Oportunidades para Acesso de Estudantes da Rede P\u00fablica \u00e0 Rede Federal de Educa\u00e7\u00e3o Profissional, Cient\u00edfica e Tecnol\u00f3gica \u2013 Partiu IF\/CEFET-MG 2026.<\/p>\n\n\n\n<p>As inscri\u00e7\u00f5es para o Pr\u00f3-T\u00e9cnico est\u00e3o abertas at\u00e9 o dia 5 de mar\u00e7o e devem ser feitas exclusivamente pela <a href=\"https:\/\/www.copeve.cefetmg.br\/logingov\/2026_PTEC\" target=\"_blank\" rel=\"noreferrer noopener\">internet<\/a>. Ao todo, s\u00e3o oferecidas 360 vagas, distribu\u00eddas entre os campi de Leopoldina, Arax\u00e1, Belo Horizonte, Contagem, Curvelo, Divin\u00f3polis, Nepomuceno, Tim\u00f3teo e Varginha \u2014 sendo 40 vagas para cada unidade.<\/p>\n\n\n\n\n\n<p>O curso \u00e9 totalmente gratuito e voltado para estudantes do 9\u00ba ano do ensino fundamental que sempre estudaram em escolas p\u00fablicas. Podem participar alunos negros, quilombolas, ind\u00edgenas, pessoas com defici\u00eancia ou estudantes com renda familiar per capita de at\u00e9 um sal\u00e1rio m\u00ednimo.<\/p>\n\n\n\n<p>As aulas s\u00e3o presenciais e abrangem conte\u00fados de Portugu\u00eas, Matem\u00e1tica e Ci\u00eancias da Natureza, alinhados ao 9\u00ba ano, al\u00e9m de atividades de refor\u00e7o realizadas nos pr\u00f3prios campi da institui\u00e7\u00e3o. O objetivo \u00e9 ampliar as chances de acesso ao ensino t\u00e9cnico integrado ao ensino m\u00e9dio oferecido pelo CEFET-MG.<\/p>\n\n\n<div id=\"ovigi-1928765971\">\r\n<p class=\"has-text-align-center has-small-font-size\">continua depois da publicidade<\/p>\r\n\r\n\r\n\r\n<hr class=\"wp-block-separator has-alpha-channel-opacity is-style-wide\"\/>\r\n\r\n\r\n<center> \r\n<figure class=\"wp-block-image size-large\"><a href=\"https:\/\/www.instagram.com\/unimedleopoldina241\/\" target=\"_blank\" rel=\"noreferrer noopener\"><img decoding=\"async\" src=\"https:\/\/www.ovigilanteonline.com.br\/site\/wp-content\/uploads\/2026\/04\/UNIMED-NOVO.jpg\" alt=\"\" class=\"wp-image-395070\"\/><\/a><\/figure>\r\n<\/figure>\r\n<!-- \/wp:gallery --> <\/center>\r\n\r\n<!-- wp:separator {\"className\":\"is-style-wide\"} -->\r\n<hr class=\"wp-block-separator has-alpha-channel-opacity is-style-wide\"\/>\r\n<!-- \/wp:separator -->\r\n<\/div>\n\n\n<p>A sele\u00e7\u00e3o ocorrer\u00e1 em duas etapas: sorteio eletr\u00f4nico, marcado para o dia 9 de mar\u00e7o, e an\u00e1lise documental. O resultado ser\u00e1 divulgado no dia 11 de mar\u00e7o. Os estudantes selecionados receber\u00e3o R$ 200 mensais como ajuda de custo, condicionados \u00e0 frequ\u00eancia m\u00ednima de 75% nas atividades.<\/p>\n\n\n\n<p>O in\u00edcio das aulas est\u00e1 previsto para o dia 6 de abril.<\/p>\n\n\n<div  class=\"wp-block-ultimate-post-heading ultp-block-b2c58f\"><div class=\"ultp-block-wrapper\"><div class=\"ultp-heading-wrap ultp-heading-style18 ultp-heading-left\"><h2 class=\"ultp-heading-inner\"><span>Leia tamb\u00e9m<\/span><\/h2><\/div><\/div><\/div>\n\n<div  class=\"ultp-post-grid-block wp-block-ultimate-post-post-grid-2 ultp-block-f123e4\"><div class=\"ultp-block-wrapper\"><div class=\"ultp-loading\"><div class=\"ultp-loading-blocks\" style=\"width:100%;height:100%;\"><div style=\"left: 0;top: 0;animation-delay:0s;\"><\/div><div style=\"left: 21px;top: 0;animation-delay:0.125s;\"><\/div><div style=\"left: 42px;top: 0;animation-delay:0.25s;\"><\/div><div style=\"left: 0;top: 21px;animation-delay:0.875s;\"><\/div><div style=\"left: 42px;top: 21px;animation-delay:0.375s;\"><\/div><div style=\"left: 0;top: 42px;animation-delay:0.75s;\"><\/div><div style=\"left: 42px;top: 42px;animation-delay:0.625s;\"><\/div><div style=\"left: 21px;top: 42px;animation-delay:0.5s;\"><\/div><\/div><\/div><div class=\"ultp-block-items-wrap ultp-block-row\"><div class=\"ultp-block-item post-id-452351\"><div class=\"ultp-block-content-wrap ultp-block-content-overlay\"><div class=\"ultp-block-image ultp-block-image-none ultp-block-image-overlay ultp-block-image-simgleGradient\"><a href=\"https:\/\/www.ovigilanteonline.com.br\/site\/2026\/05\/01\/foragido-ha-mais-de-5-anos-e-preso-durante-operacao-da-pm-em-muriae\/\" ><img decoding=\"async\"  alt=\"Foragido h\u00e1 mais de 5 anos \u00e9 preso durante opera\u00e7\u00e3o da PM em Muria\u00e9\"  src=\"https:\/\/www.ovigilanteonline.com.br\/site\/wp-content\/uploads\/2026\/05\/daf45d5f.jpg\" \/><\/a><\/div><div class=\"ultp-block-content ultp-block-content-bottomPosition\"><div class=\"ultp-block-content-inner\"><h3 class=\"ultp-block-title \"><a href=\"https:\/\/www.ovigilanteonline.com.br\/site\/2026\/05\/01\/foragido-ha-mais-de-5-anos-e-preso-durante-operacao-da-pm-em-muriae\/\" >Foragido h\u00e1 mais de 5 anos \u00e9 preso durante opera\u00e7\u00e3o da PM em Muria\u00e9<\/a><\/h3><\/div><\/div><\/div><\/div><div class=\"ultp-block-item post-id-452335\"><div class=\"ultp-block-content-wrap ultp-block-content-overlay\"><div class=\"ultp-block-image ultp-block-image-none ultp-block-image-overlay ultp-block-image-simgleGradient\"><a href=\"https:\/\/www.ovigilanteonline.com.br\/site\/2026\/05\/01\/encontro-em-argirita-define-estrategias-para-crescimento-do-turismo-na-regiao\/\" ><img decoding=\"async\"  alt=\"Encontro em Argirita define estrat\u00e9gias para crescimento do turismo na regi\u00e3o\"  src=\"https:\/\/www.ovigilanteonline.com.br\/site\/wp-content\/uploads\/2026\/05\/DSC6525.jpg-870x570.jpeg\" \/><\/a><\/div><div class=\"ultp-block-content ultp-block-content-bottomPosition\"><div class=\"ultp-block-content-inner\"><h3 class=\"ultp-block-title \"><a href=\"https:\/\/www.ovigilanteonline.com.br\/site\/2026\/05\/01\/encontro-em-argirita-define-estrategias-para-crescimento-do-turismo-na-regiao\/\" >Encontro em Argirita define estrat\u00e9gias para crescimento do turismo na regi\u00e3o<\/a><\/h3><\/div><\/div><\/div><\/div><div class=\"ultp-block-item post-id-452329\"><div class=\"ultp-block-content-wrap ultp-block-content-overlay\"><div class=\"ultp-block-image ultp-block-image-none ultp-block-image-overlay ultp-block-image-simgleGradient\"><a href=\"https:\/\/www.ovigilanteonline.com.br\/site\/2026\/04\/30\/damata-bebidas-abre-vaga-para-auxiliar-de-informatica-em-leopoldina\/\" ><img decoding=\"async\"  alt=\"Damata Bebidas abre vaga para auxiliar de inform\u00e1tica em Leopoldina\"  src=\"https:\/\/www.ovigilanteonline.com.br\/site\/wp-content\/uploads\/2024\/05\/DAMATA-FOTO-DIVULGACAO-MATRIZ-870x478.jpg\" \/><\/a><\/div><div class=\"ultp-block-content ultp-block-content-bottomPosition\"><div class=\"ultp-block-content-inner\"><h3 class=\"ultp-block-title \"><a href=\"https:\/\/www.ovigilanteonline.com.br\/site\/2026\/04\/30\/damata-bebidas-abre-vaga-para-auxiliar-de-informatica-em-leopoldina\/\" >Damata Bebidas abre vaga para auxiliar de inform\u00e1tica em Leopoldina<\/a><\/h3><\/div><\/div><\/div><\/div><div class=\"ultp-block-item post-id-452320\"><div class=\"ultp-block-content-wrap ultp-block-content-overlay\"><div class=\"ultp-block-image ultp-block-image-none ultp-block-image-overlay ultp-block-image-simgleGradient\"><a href=\"https:\/\/www.ovigilanteonline.com.br\/site\/2026\/04\/30\/theo-garcia-conquista-medalha-no-europeu-de-jiu-jitsu-na-irlanda\/\" ><img decoding=\"async\"  alt=\"Theo Garcia conquista medalha no Europeu de Jiu-Jitsu na Irlanda\"  src=\"https:\/\/www.ovigilanteonline.com.br\/site\/wp-content\/uploads\/2026\/04\/WhatsApp-Image-2026-04-29-at-19.59.53.jpeg\" \/><\/a><\/div><div class=\"ultp-block-content ultp-block-content-bottomPosition\"><div class=\"ultp-block-content-inner\"><h3 class=\"ultp-block-title \"><a href=\"https:\/\/www.ovigilanteonline.com.br\/site\/2026\/04\/30\/theo-garcia-conquista-medalha-no-europeu-de-jiu-jitsu-na-irlanda\/\" >Theo Garcia conquista medalha no Europeu de Jiu-Jitsu na Irlanda<\/a><\/h3><\/div><\/div><\/div><\/div><div class=\"ultp-block-item post-id-452312\"><div class=\"ultp-block-content-wrap ultp-block-content-overlay\"><div class=\"ultp-block-image ultp-block-image-none ultp-block-image-overlay ultp-block-image-simgleGradient\"><a href=\"https:\/\/www.ovigilanteonline.com.br\/site\/2026\/04\/30\/iv-super-copa-leopoldina-de-futebol-amador-jaime-silva-e-destaque-no-esporte-local\/\" ><img decoding=\"async\"  alt=\"IV Super Copa Leopoldina de Futebol Amador &#8216;Jaime Silva&#8217; \u00e9 destaque no esporte local\"  src=\"https:\/\/www.ovigilanteonline.com.br\/site\/wp-content\/uploads\/2026\/04\/WhatsApp-Image-2026-04-30-at-07.31.50.jpeg\" \/><\/a><\/div><div class=\"ultp-block-content ultp-block-content-bottomPosition\"><div class=\"ultp-block-content-inner\"><h3 class=\"ultp-block-title \"><a href=\"https:\/\/www.ovigilanteonline.com.br\/site\/2026\/04\/30\/iv-super-copa-leopoldina-de-futebol-amador-jaime-silva-e-destaque-no-esporte-local\/\" >IV Super Copa Leopoldina de Futebol Amador &#8216;Jaime Silva&#8217; \u00e9 destaque no esporte local<\/a><\/h3><\/div><\/div><\/div><\/div><div class=\"ultp-block-item post-id-452304\"><div class=\"ultp-block-content-wrap ultp-block-content-overlay\"><div class=\"ultp-block-image ultp-block-image-none ultp-block-image-overlay ultp-block-image-simgleGradient\"><a href=\"https:\/\/www.ovigilanteonline.com.br\/site\/2026\/04\/30\/prf-inicia-operacao-dia-do-trabalho-2026-nas-rodovias-federais-da-regiao\/\" ><img decoding=\"async\"  alt=\"PRF inicia Opera\u00e7\u00e3o Dia do Trabalho 2026 nas rodovias federais da regi\u00e3o\"  src=\"https:\/\/www.ovigilanteonline.com.br\/site\/wp-content\/uploads\/2023\/05\/rodovias-prf-870x506.jpg\" \/><\/a><\/div><div class=\"ultp-block-content ultp-block-content-bottomPosition\"><div class=\"ultp-block-content-inner\"><h3 class=\"ultp-block-title \"><a href=\"https:\/\/www.ovigilanteonline.com.br\/site\/2026\/04\/30\/prf-inicia-operacao-dia-do-trabalho-2026-nas-rodovias-federais-da-regiao\/\" >PRF inicia Opera\u00e7\u00e3o Dia do Trabalho 2026 nas rodovias federais da regi\u00e3o<\/a><\/h3><\/div><\/div><\/div><\/div><\/div><\/div><div class=\"pagination-block-html\" aria-hidden=\"true\" style=\"display: none;\"><\/div><\/div>\n\n<div id=\"ovigi-1475196918\">\r\n<p class=\"has-text-align-center has-small-font-size\">continua depois da publicidade<\/p>\r\n\r\n\r\n\r\n<hr class=\"wp-block-separator has-alpha-channel-opacity is-style-wide\"\/>\r\n\r\n\r\n\r\n<figure class=\"wp-block-gallery has-nested-images columns-default is-cropped wp-block-gallery-1 is-layout-flex wp-block-gallery-is-layout-flex\">\r\n<figure class=\"wp-block-image size-full\"><a href=\"https:\/\/www.sudamerica.edu.br\/\" target=\"_blank\" rel=\"noreferrer noopener\"><img decoding=\"async\" src=\"https:\/\/www.ovigilanteonline.com.br\/site\/wp-content\/uploads\/2026\/02\/SnapInsta.to_628000938_1521401246660064_2104497882800752476_n.jpg\" alt=\"\" class=\"wp-image-428831\"\/><\/a><\/figure>\r\n\r\n\r\n\r\n<figure class=\"wp-block-image size-large\"><a href=\"https:\/\/www.instagram.com\/curtastone\/\" target=\"_blank\" rel=\"noreferrer noopener\"><img decoding=\"async\" data-id=\"395070\" src=\"https:\/\/www.ovigilanteonline.com.br\/site\/wp-content\/uploads\/2026\/04\/SaveClip.App_651062745_18342989695242544_3625357231814875842_n.jpg\" alt=\"\" class=\"wp-image-395070\"\/><\/a><\/figure>\r\n<\/figure>\r\n\r\n\r\n\r\n<hr class=\"wp-block-separator has-alpha-channel-opacity is-style-wide\"\/>\r\n\r\n<\/div>","protected":false},"excerpt":{"rendered":"<p>Curso \u00e9 voltado para estudantes do 9\u00ba ano e oferece bolsa mensal de R$ 200. O CEFET-MG publicou edital para o processo seletivo do Programa Nacional de Promo\u00e7\u00e3o de Igualdade de Oportunidades para Acesso de Estudantes da Rede P\u00fablica \u00e0 Rede Federal de Educa\u00e7\u00e3o Profissional, Cient\u00edfica e Tecnol\u00f3gica \u2013 Partiu IF\/CEFET-MG 2026. As inscri\u00e7\u00f5es para [&hellip;]<\/p>\n","protected":false},"author":2,"featured_media":444766,"comment_status":"open","ping_status":"closed","sticky":false,"template":"","format":"standard","meta":{"footnotes":""},"categories":[17,11,330,26],"tags":[],"class_list":["post-450656","post","type-post","status-publish","format-standard","has-post-thumbnail","hentry","category-geral","category-leopoldina","category-ronda","category-ultimas-noticias"],"yoast_head":"<!-- This site is optimized with the Yoast SEO plugin v27.4 - https:\/\/yoast.com\/product\/yoast-seo-wordpress\/ -->\n<title>CEFET-MG em Leopoldina seleciona alunos da rede p\u00fablica para curso preparat\u00f3rio gratuito<\/title>\n<meta name=\"robots\" content=\"index, follow, max-snippet:-1, max-image-preview:large, max-video-preview:-1\" \/>\n<link rel=\"canonical\" href=\"https:\/\/www.ovigilanteonline.com.br\/site\/2026\/03\/02\/cefet-mg-em-leopoldina-seleciona-alunos-da-rede-publica-para-curso-preparatorio-gratuito\/\" \/>\n<meta property=\"og:locale\" content=\"pt_BR\" \/>\n<meta property=\"og:type\" content=\"article\" \/>\n<meta property=\"og:title\" content=\"CEFET-MG em Leopoldina seleciona alunos da rede p\u00fablica para curso preparat\u00f3rio gratuito\" \/>\n<meta property=\"og:description\" content=\"Curso \u00e9 voltado para estudantes do 9\u00ba ano e oferece bolsa mensal de R$ 200. O CEFET-MG publicou edital para o processo seletivo do Programa Nacional de Promo\u00e7\u00e3o de Igualdade de Oportunidades para Acesso de Estudantes da Rede P\u00fablica \u00e0 Rede Federal de Educa\u00e7\u00e3o Profissional, Cient\u00edfica e Tecnol\u00f3gica \u2013 Partiu IF\/CEFET-MG 2026. As inscri\u00e7\u00f5es para [&hellip;]\" \/>\n<meta property=\"og:url\" content=\"https:\/\/www.ovigilanteonline.com.br\/site\/2026\/03\/02\/cefet-mg-em-leopoldina-seleciona-alunos-da-rede-publica-para-curso-preparatorio-gratuito\/\" \/>\n<meta property=\"og:site_name\" content=\"O VIGILANTE ONLINE\" \/>\n<meta property=\"article:publisher\" content=\"https:\/\/www.facebook.com\/ovigilanteonline\" \/>\n<meta property=\"article:published_time\" content=\"2026-03-02T11:28:52+00:00\" \/>\n<meta property=\"article:modified_time\" content=\"2026-03-04T13:05:55+00:00\" \/>\n<meta property=\"og:image\" content=\"https:\/\/www.ovigilanteonline.com.br\/site\/wp-content\/uploads\/2025\/08\/cefet-4-.jpeg\" \/>\n\t<meta property=\"og:image:width\" content=\"900\" \/>\n\t<meta property=\"og:image:height\" content=\"575\" \/>\n\t<meta property=\"og:image:type\" content=\"image\/jpeg\" \/>\n<meta name=\"author\" content=\"Jornalismo\" \/>\n<meta name=\"twitter:card\" content=\"summary_large_image\" \/>\n<meta name=\"twitter:label1\" content=\"Escrito por\" \/>\n\t<meta name=\"twitter:data1\" content=\"Jornalismo\" \/>\n\t<meta name=\"twitter:label2\" content=\"Est. tempo de leitura\" \/>\n\t<meta name=\"twitter:data2\" content=\"2 minutos\" \/>\n<script type=\"application\/ld+json\" class=\"yoast-schema-graph\">{\"@context\":\"https:\\\/\\\/schema.org\",\"@graph\":[{\"@type\":\"Article\",\"@id\":\"https:\\\/\\\/www.ovigilanteonline.com.br\\\/site\\\/2026\\\/03\\\/02\\\/cefet-mg-em-leopoldina-seleciona-alunos-da-rede-publica-para-curso-preparatorio-gratuito\\\/#article\",\"isPartOf\":{\"@id\":\"https:\\\/\\\/www.ovigilanteonline.com.br\\\/site\\\/2026\\\/03\\\/02\\\/cefet-mg-em-leopoldina-seleciona-alunos-da-rede-publica-para-curso-preparatorio-gratuito\\\/\"},\"author\":{\"name\":\"Jornalismo\",\"@id\":\"https:\\\/\\\/www.ovigilanteonline.com.br\\\/site\\\/#\\\/schema\\\/person\\\/538fdfb33c0c411cd14a732e7cf14aa6\"},\"headline\":\"CEFET-MG em Leopoldina seleciona alunos da rede p\u00fablica para curso preparat\u00f3rio gratuito\",\"datePublished\":\"2026-03-02T11:28:52+00:00\",\"dateModified\":\"2026-03-04T13:05:55+00:00\",\"mainEntityOfPage\":{\"@id\":\"https:\\\/\\\/www.ovigilanteonline.com.br\\\/site\\\/2026\\\/03\\\/02\\\/cefet-mg-em-leopoldina-seleciona-alunos-da-rede-publica-para-curso-preparatorio-gratuito\\\/\"},\"wordCount\":282,\"commentCount\":0,\"image\":{\"@id\":\"https:\\\/\\\/www.ovigilanteonline.com.br\\\/site\\\/2026\\\/03\\\/02\\\/cefet-mg-em-leopoldina-seleciona-alunos-da-rede-publica-para-curso-preparatorio-gratuito\\\/#primaryimage\"},\"thumbnailUrl\":\"https:\\\/\\\/www.ovigilanteonline.com.br\\\/site\\\/wp-content\\\/uploads\\\/2025\\\/08\\\/cefet-4-.jpeg\",\"articleSection\":[\"Geral\",\"Leopoldina\",\"Ronda Vigilante\",\"\u00daltimas Not\u00edcias\"],\"inLanguage\":\"pt-BR\",\"potentialAction\":[{\"@type\":\"CommentAction\",\"name\":\"Comment\",\"target\":[\"https:\\\/\\\/www.ovigilanteonline.com.br\\\/site\\\/2026\\\/03\\\/02\\\/cefet-mg-em-leopoldina-seleciona-alunos-da-rede-publica-para-curso-preparatorio-gratuito\\\/#respond\"]}]},{\"@type\":\"WebPage\",\"@id\":\"https:\\\/\\\/www.ovigilanteonline.com.br\\\/site\\\/2026\\\/03\\\/02\\\/cefet-mg-em-leopoldina-seleciona-alunos-da-rede-publica-para-curso-preparatorio-gratuito\\\/\",\"url\":\"https:\\\/\\\/www.ovigilanteonline.com.br\\\/site\\\/2026\\\/03\\\/02\\\/cefet-mg-em-leopoldina-seleciona-alunos-da-rede-publica-para-curso-preparatorio-gratuito\\\/\",\"name\":\"CEFET-MG em Leopoldina seleciona alunos da rede p\u00fablica para curso preparat\u00f3rio gratuito\",\"isPartOf\":{\"@id\":\"https:\\\/\\\/www.ovigilanteonline.com.br\\\/site\\\/#website\"},\"primaryImageOfPage\":{\"@id\":\"https:\\\/\\\/www.ovigilanteonline.com.br\\\/site\\\/2026\\\/03\\\/02\\\/cefet-mg-em-leopoldina-seleciona-alunos-da-rede-publica-para-curso-preparatorio-gratuito\\\/#primaryimage\"},\"image\":{\"@id\":\"https:\\\/\\\/www.ovigilanteonline.com.br\\\/site\\\/2026\\\/03\\\/02\\\/cefet-mg-em-leopoldina-seleciona-alunos-da-rede-publica-para-curso-preparatorio-gratuito\\\/#primaryimage\"},\"thumbnailUrl\":\"https:\\\/\\\/www.ovigilanteonline.com.br\\\/site\\\/wp-content\\\/uploads\\\/2025\\\/08\\\/cefet-4-.jpeg\",\"datePublished\":\"2026-03-02T11:28:52+00:00\",\"dateModified\":\"2026-03-04T13:05:55+00:00\",\"author\":{\"@id\":\"https:\\\/\\\/www.ovigilanteonline.com.br\\\/site\\\/#\\\/schema\\\/person\\\/538fdfb33c0c411cd14a732e7cf14aa6\"},\"breadcrumb\":{\"@id\":\"https:\\\/\\\/www.ovigilanteonline.com.br\\\/site\\\/2026\\\/03\\\/02\\\/cefet-mg-em-leopoldina-seleciona-alunos-da-rede-publica-para-curso-preparatorio-gratuito\\\/#breadcrumb\"},\"inLanguage\":\"pt-BR\",\"potentialAction\":[{\"@type\":\"ReadAction\",\"target\":[\"https:\\\/\\\/www.ovigilanteonline.com.br\\\/site\\\/2026\\\/03\\\/02\\\/cefet-mg-em-leopoldina-seleciona-alunos-da-rede-publica-para-curso-preparatorio-gratuito\\\/\"]}]},{\"@type\":\"ImageObject\",\"inLanguage\":\"pt-BR\",\"@id\":\"https:\\\/\\\/www.ovigilanteonline.com.br\\\/site\\\/2026\\\/03\\\/02\\\/cefet-mg-em-leopoldina-seleciona-alunos-da-rede-publica-para-curso-preparatorio-gratuito\\\/#primaryimage\",\"url\":\"https:\\\/\\\/www.ovigilanteonline.com.br\\\/site\\\/wp-content\\\/uploads\\\/2025\\\/08\\\/cefet-4-.jpeg\",\"contentUrl\":\"https:\\\/\\\/www.ovigilanteonline.com.br\\\/site\\\/wp-content\\\/uploads\\\/2025\\\/08\\\/cefet-4-.jpeg\",\"width\":900,\"height\":575},{\"@type\":\"BreadcrumbList\",\"@id\":\"https:\\\/\\\/www.ovigilanteonline.com.br\\\/site\\\/2026\\\/03\\\/02\\\/cefet-mg-em-leopoldina-seleciona-alunos-da-rede-publica-para-curso-preparatorio-gratuito\\\/#breadcrumb\",\"itemListElement\":[{\"@type\":\"ListItem\",\"position\":1,\"name\":\"In\u00edcio\",\"item\":\"https:\\\/\\\/www.ovigilanteonline.com.br\\\/site\\\/\"},{\"@type\":\"ListItem\",\"position\":2,\"name\":\"CEFET-MG em Leopoldina seleciona alunos da rede p\u00fablica para curso preparat\u00f3rio gratuito\"}]},{\"@type\":\"WebSite\",\"@id\":\"https:\\\/\\\/www.ovigilanteonline.com.br\\\/site\\\/#website\",\"url\":\"https:\\\/\\\/www.ovigilanteonline.com.br\\\/site\\\/\",\"name\":\"O VIGILANTE ONLINE - Not\u00edcias de Leopoldina e regi\u00e3o\",\"description\":\"\",\"potentialAction\":[{\"@type\":\"SearchAction\",\"target\":{\"@type\":\"EntryPoint\",\"urlTemplate\":\"https:\\\/\\\/www.ovigilanteonline.com.br\\\/site\\\/?s={search_term_string}\"},\"query-input\":{\"@type\":\"PropertyValueSpecification\",\"valueRequired\":true,\"valueName\":\"search_term_string\"}}],\"inLanguage\":\"pt-BR\"},{\"@type\":\"Person\",\"@id\":\"https:\\\/\\\/www.ovigilanteonline.com.br\\\/site\\\/#\\\/schema\\\/person\\\/538fdfb33c0c411cd14a732e7cf14aa6\",\"name\":\"Jornalismo\"}]}<\/script>\n<!-- \/ Yoast SEO plugin. -->","yoast_head_json":{"title":"CEFET-MG em Leopoldina seleciona alunos da rede p\u00fablica para curso preparat\u00f3rio gratuito","robots":{"index":"index","follow":"follow","max-snippet":"max-snippet:-1","max-image-preview":"max-image-preview:large","max-video-preview":"max-video-preview:-1"},"canonical":"https:\/\/www.ovigilanteonline.com.br\/site\/2026\/03\/02\/cefet-mg-em-leopoldina-seleciona-alunos-da-rede-publica-para-curso-preparatorio-gratuito\/","og_locale":"pt_BR","og_type":"article","og_title":"CEFET-MG em Leopoldina seleciona alunos da rede p\u00fablica para curso preparat\u00f3rio gratuito","og_description":"Curso \u00e9 voltado para estudantes do 9\u00ba ano e oferece bolsa mensal de R$ 200. O CEFET-MG publicou edital para o processo seletivo do Programa Nacional de Promo\u00e7\u00e3o de Igualdade de Oportunidades para Acesso de Estudantes da Rede P\u00fablica \u00e0 Rede Federal de Educa\u00e7\u00e3o Profissional, Cient\u00edfica e Tecnol\u00f3gica \u2013 Partiu IF\/CEFET-MG 2026. As inscri\u00e7\u00f5es para [&hellip;]","og_url":"https:\/\/www.ovigilanteonline.com.br\/site\/2026\/03\/02\/cefet-mg-em-leopoldina-seleciona-alunos-da-rede-publica-para-curso-preparatorio-gratuito\/","og_site_name":"O VIGILANTE ONLINE","article_publisher":"https:\/\/www.facebook.com\/ovigilanteonline","article_published_time":"2026-03-02T11:28:52+00:00","article_modified_time":"2026-03-04T13:05:55+00:00","og_image":[{"width":900,"height":575,"url":"https:\/\/www.ovigilanteonline.com.br\/site\/wp-content\/uploads\/2025\/08\/cefet-4-.jpeg","type":"image\/jpeg"}],"author":"Jornalismo","twitter_card":"summary_large_image","twitter_misc":{"Escrito por":"Jornalismo","Est. tempo de leitura":"2 minutos"},"schema":{"@context":"https:\/\/schema.org","@graph":[{"@type":"Article","@id":"https:\/\/www.ovigilanteonline.com.br\/site\/2026\/03\/02\/cefet-mg-em-leopoldina-seleciona-alunos-da-rede-publica-para-curso-preparatorio-gratuito\/#article","isPartOf":{"@id":"https:\/\/www.ovigilanteonline.com.br\/site\/2026\/03\/02\/cefet-mg-em-leopoldina-seleciona-alunos-da-rede-publica-para-curso-preparatorio-gratuito\/"},"author":{"name":"Jornalismo","@id":"https:\/\/www.ovigilanteonline.com.br\/site\/#\/schema\/person\/538fdfb33c0c411cd14a732e7cf14aa6"},"headline":"CEFET-MG em Leopoldina seleciona alunos da rede p\u00fablica para curso preparat\u00f3rio gratuito","datePublished":"2026-03-02T11:28:52+00:00","dateModified":"2026-03-04T13:05:55+00:00","mainEntityOfPage":{"@id":"https:\/\/www.ovigilanteonline.com.br\/site\/2026\/03\/02\/cefet-mg-em-leopoldina-seleciona-alunos-da-rede-publica-para-curso-preparatorio-gratuito\/"},"wordCount":282,"commentCount":0,"image":{"@id":"https:\/\/www.ovigilanteonline.com.br\/site\/2026\/03\/02\/cefet-mg-em-leopoldina-seleciona-alunos-da-rede-publica-para-curso-preparatorio-gratuito\/#primaryimage"},"thumbnailUrl":"https:\/\/www.ovigilanteonline.com.br\/site\/wp-content\/uploads\/2025\/08\/cefet-4-.jpeg","articleSection":["Geral","Leopoldina","Ronda Vigilante","\u00daltimas Not\u00edcias"],"inLanguage":"pt-BR","potentialAction":[{"@type":"CommentAction","name":"Comment","target":["https:\/\/www.ovigilanteonline.com.br\/site\/2026\/03\/02\/cefet-mg-em-leopoldina-seleciona-alunos-da-rede-publica-para-curso-preparatorio-gratuito\/#respond"]}]},{"@type":"WebPage","@id":"https:\/\/www.ovigilanteonline.com.br\/site\/2026\/03\/02\/cefet-mg-em-leopoldina-seleciona-alunos-da-rede-publica-para-curso-preparatorio-gratuito\/","url":"https:\/\/www.ovigilanteonline.com.br\/site\/2026\/03\/02\/cefet-mg-em-leopoldina-seleciona-alunos-da-rede-publica-para-curso-preparatorio-gratuito\/","name":"CEFET-MG em Leopoldina seleciona alunos da rede p\u00fablica para curso preparat\u00f3rio gratuito","isPartOf":{"@id":"https:\/\/www.ovigilanteonline.com.br\/site\/#website"},"primaryImageOfPage":{"@id":"https:\/\/www.ovigilanteonline.com.br\/site\/2026\/03\/02\/cefet-mg-em-leopoldina-seleciona-alunos-da-rede-publica-para-curso-preparatorio-gratuito\/#primaryimage"},"image":{"@id":"https:\/\/www.ovigilanteonline.com.br\/site\/2026\/03\/02\/cefet-mg-em-leopoldina-seleciona-alunos-da-rede-publica-para-curso-preparatorio-gratuito\/#primaryimage"},"thumbnailUrl":"https:\/\/www.ovigilanteonline.com.br\/site\/wp-content\/uploads\/2025\/08\/cefet-4-.jpeg","datePublished":"2026-03-02T11:28:52+00:00","dateModified":"2026-03-04T13:05:55+00:00","author":{"@id":"https:\/\/www.ovigilanteonline.com.br\/site\/#\/schema\/person\/538fdfb33c0c411cd14a732e7cf14aa6"},"breadcrumb":{"@id":"https:\/\/www.ovigilanteonline.com.br\/site\/2026\/03\/02\/cefet-mg-em-leopoldina-seleciona-alunos-da-rede-publica-para-curso-preparatorio-gratuito\/#breadcrumb"},"inLanguage":"pt-BR","potentialAction":[{"@type":"ReadAction","target":["https:\/\/www.ovigilanteonline.com.br\/site\/2026\/03\/02\/cefet-mg-em-leopoldina-seleciona-alunos-da-rede-publica-para-curso-preparatorio-gratuito\/"]}]},{"@type":"ImageObject","inLanguage":"pt-BR","@id":"https:\/\/www.ovigilanteonline.com.br\/site\/2026\/03\/02\/cefet-mg-em-leopoldina-seleciona-alunos-da-rede-publica-para-curso-preparatorio-gratuito\/#primaryimage","url":"https:\/\/www.ovigilanteonline.com.br\/site\/wp-content\/uploads\/2025\/08\/cefet-4-.jpeg","contentUrl":"https:\/\/www.ovigilanteonline.com.br\/site\/wp-content\/uploads\/2025\/08\/cefet-4-.jpeg","width":900,"height":575},{"@type":"BreadcrumbList","@id":"https:\/\/www.ovigilanteonline.com.br\/site\/2026\/03\/02\/cefet-mg-em-leopoldina-seleciona-alunos-da-rede-publica-para-curso-preparatorio-gratuito\/#breadcrumb","itemListElement":[{"@type":"ListItem","position":1,"name":"In\u00edcio","item":"https:\/\/www.ovigilanteonline.com.br\/site\/"},{"@type":"ListItem","position":2,"name":"CEFET-MG em Leopoldina seleciona alunos da rede p\u00fablica para curso preparat\u00f3rio gratuito"}]},{"@type":"WebSite","@id":"https:\/\/www.ovigilanteonline.com.br\/site\/#website","url":"https:\/\/www.ovigilanteonline.com.br\/site\/","name":"O VIGILANTE ONLINE - Not\u00edcias de Leopoldina e regi\u00e3o","description":"","potentialAction":[{"@type":"SearchAction","target":{"@type":"EntryPoint","urlTemplate":"https:\/\/www.ovigilanteonline.com.br\/site\/?s={search_term_string}"},"query-input":{"@type":"PropertyValueSpecification","valueRequired":true,"valueName":"search_term_string"}}],"inLanguage":"pt-BR"},{"@type":"Person","@id":"https:\/\/www.ovigilanteonline.com.br\/site\/#\/schema\/person\/538fdfb33c0c411cd14a732e7cf14aa6","name":"Jornalismo"}]}},"cc_featured_image_caption":{"caption_text":"","source_text":"","source_url":""},"_links":{"self":[{"href":"https:\/\/www.ovigilanteonline.com.br\/site\/wp-json\/wp\/v2\/posts\/450656","targetHints":{"allow":["GET"]}}],"collection":[{"href":"https:\/\/www.ovigilanteonline.com.br\/site\/wp-json\/wp\/v2\/posts"}],"about":[{"href":"https:\/\/www.ovigilanteonline.com.br\/site\/wp-json\/wp\/v2\/types\/post"}],"author":[{"embeddable":true,"href":"https:\/\/www.ovigilanteonline.com.br\/site\/wp-json\/wp\/v2\/users\/2"}],"replies":[{"embeddable":true,"href":"https:\/\/www.ovigilanteonline.com.br\/site\/wp-json\/wp\/v2\/comments?post=450656"}],"version-history":[{"count":0,"href":"https:\/\/www.ovigilanteonline.com.br\/site\/wp-json\/wp\/v2\/posts\/450656\/revisions"}],"wp:featuredmedia":[{"embeddable":true,"href":"https:\/\/www.ovigilanteonline.com.br\/site\/wp-json\/wp\/v2\/media\/444766"}],"wp:attachment":[{"href":"https:\/\/www.ovigilanteonline.com.br\/site\/wp-json\/wp\/v2\/media?parent=450656"}],"wp:term":[{"taxonomy":"category","embeddable":true,"href":"https:\/\/www.ovigilanteonline.com.br\/site\/wp-json\/wp\/v2\/categories?post=450656"},{"taxonomy":"post_tag","embeddable":true,"href":"https:\/\/www.ovigilanteonline.com.br\/site\/wp-json\/wp\/v2\/tags?post=450656"}],"curies":[{"name":"wp","href":"https:\/\/api.w.org\/{rel}","templated":true}]}}