{"id":450651,"date":"2026-03-02T07:33:36","date_gmt":"2026-03-02T10:33:36","guid":{"rendered":"https:\/\/www.ovigilanteonline.com.br\/site\/?p=450651"},"modified":"2026-03-03T19:27:34","modified_gmt":"2026-03-03T22:27:34","slug":"leopoldina-realiza-dia-d-e-reforca-combate-a-dengue","status":"publish","type":"post","link":"https:\/\/www.ovigilanteonline.com.br\/site\/2026\/03\/02\/leopoldina-realiza-dia-d-e-reforca-combate-a-dengue\/","title":{"rendered":"Leopoldina realiza &#8216;Dia D&#8217; e refor\u00e7a combate \u00e0 dengue"},"content":{"rendered":"\n<h3 class=\"wp-block-heading\"><strong><em>A\u00e7\u00e3o na Pra\u00e7a F\u00e9lix Martins uniu vacina\u00e7\u00e3o, orienta\u00e7\u00e3o e atividades educativas para a popula\u00e7\u00e3o.<\/em><\/strong><\/h3>\n\n\n\n<figure class=\"wp-block-image size-large\"><img loading=\"lazy\" decoding=\"async\" width=\"1024\" height=\"694\" src=\"https:\/\/www.ovigilanteonline.com.br\/site\/wp-content\/uploads\/2026\/03\/WhatsApp-Image-2026-02-28-at-15.40.30-1024x694.jpeg\" alt=\"\" class=\"wp-image-450652\" srcset=\"https:\/\/www.ovigilanteonline.com.br\/site\/wp-content\/uploads\/2026\/03\/WhatsApp-Image-2026-02-28-at-15.40.30-1024x694.jpeg 1024w, https:\/\/www.ovigilanteonline.com.br\/site\/wp-content\/uploads\/2026\/03\/WhatsApp-Image-2026-02-28-at-15.40.30-300x203.jpeg 300w, https:\/\/www.ovigilanteonline.com.br\/site\/wp-content\/uploads\/2026\/03\/WhatsApp-Image-2026-02-28-at-15.40.30-768x520.jpeg 768w, https:\/\/www.ovigilanteonline.com.br\/site\/wp-content\/uploads\/2026\/03\/WhatsApp-Image-2026-02-28-at-15.40.30.jpeg 1200w\" sizes=\"auto, (max-width: 1024px) 100vw, 1024px\" \/><\/figure>\n\n\n\n<figure class=\"wp-block-image size-large\"><img loading=\"lazy\" decoding=\"async\" width=\"923\" height=\"1024\" src=\"https:\/\/www.ovigilanteonline.com.br\/site\/wp-content\/uploads\/2026\/03\/WhatsApp-Image-2026-02-28-at-15.40.34-923x1024.jpeg\" alt=\"\" class=\"wp-image-450654\" srcset=\"https:\/\/www.ovigilanteonline.com.br\/site\/wp-content\/uploads\/2026\/03\/WhatsApp-Image-2026-02-28-at-15.40.34-923x1024.jpeg 923w, https:\/\/www.ovigilanteonline.com.br\/site\/wp-content\/uploads\/2026\/03\/WhatsApp-Image-2026-02-28-at-15.40.34-270x300.jpeg 270w, https:\/\/www.ovigilanteonline.com.br\/site\/wp-content\/uploads\/2026\/03\/WhatsApp-Image-2026-02-28-at-15.40.34-768x852.jpeg 768w, https:\/\/www.ovigilanteonline.com.br\/site\/wp-content\/uploads\/2026\/03\/WhatsApp-Image-2026-02-28-at-15.40.34.jpeg 1200w\" sizes=\"auto, (max-width: 923px) 100vw, 923px\" \/><\/figure>\n\n\n\n<p>A Prefeitura de Leopoldina, por meio da Secretaria de Sa\u00fade, promoveu neste s\u00e1bado, dia 28, na Pra\u00e7a F\u00e9lix Martins, uma grande mobiliza\u00e7\u00e3o de combate ao mosquito Aedes aegypti, com a\u00e7\u00f5es de preven\u00e7\u00e3o, orienta\u00e7\u00e3o e vacina\u00e7\u00e3o contra a dengue para crian\u00e7as e adolescentes de 10 a 14 anos.<\/p>\n\n\n\n<p>A iniciativa integrou o movimento estadual Dia D \u2013 Minas Unida Contra o Aedes, ampliando a mobiliza\u00e7\u00e3o popular e evidenciando a for\u00e7a da uni\u00e3o entre poder p\u00fablico e comunidade no enfrentamento \u00e0 dengue.<\/p>\n\n\n\n<p>Durante a a\u00e7\u00e3o, foram realizadas blitz educativa e atendimento em stand com orienta\u00e7\u00f5es sobre como eliminar poss\u00edveis criadouros do mosquito. <\/p>\n\n\n\n\n\n<p>A programa\u00e7\u00e3o tamb\u00e9m contou com atividades recreativas, como pula-pula, algod\u00e3o doce e pipoca, aproximando as crian\u00e7as e suas fam\u00edlias das informa\u00e7\u00f5es de forma leve e acess\u00edvel.<\/p>\n\n\n\n<p>A vacina\u00e7\u00e3o contra a dengue para o p\u00fablico de 10 a 14 anos acontece exclusivamente nas unidades de sa\u00fade que possuem sala de vacina:<\/p>\n\n\n\n<ul class=\"wp-block-list\">\n<li>PSF Quinta Resid\u00eancia<\/li>\n\n\n\n<li>PSF Bandeirantes<\/li>\n\n\n\n<li>PSF S\u00e3o Crist\u00f3v\u00e3o 1<\/li>\n\n\n\n<li>PSF Bela Vista 2<\/li>\n\n\n\n<li>PSF Ros\u00e1rio<\/li>\n\n\n\n<li>PSF Pirineus<\/li>\n\n\n\n<li>PSF Tebas<\/li>\n\n\n\n<li>PSF Ribeiro Junqueira<\/li>\n\n\n\n<li>PSF Piacatuba<\/li>\n\n\n\n<li>Polo de Sa\u00fade<\/li>\n<\/ul>\n\n\n\n<p>A Secretaria de Sa\u00fade refor\u00e7a que a imuniza\u00e7\u00e3o \u00e9 uma aliada fundamental na redu\u00e7\u00e3o de casos e formas graves da doen\u00e7a, somando-se \u00e0s medidas preventivas adotadas diariamente pelos agentes de endemias e pela pr\u00f3pria popula\u00e7\u00e3o.<\/p>\n\n\n<div id=\"ovigi-1007612497\">\r\n<p class=\"has-text-align-center has-small-font-size\">continua depois da publicidade<\/p>\r\n\r\n\r\n\r\n<hr class=\"wp-block-separator has-alpha-channel-opacity is-style-wide\"\/>\r\n\r\n\r\n<center> \r\n<figure class=\"wp-block-image size-large\"><a href=\"https:\/\/www.instagram.com\/unimedleopoldina241\/\" target=\"_blank\" rel=\"noreferrer noopener\"><img decoding=\"async\" src=\"https:\/\/www.ovigilanteonline.com.br\/site\/wp-content\/uploads\/2026\/04\/UNIMED-NOVO.jpg\" alt=\"\" class=\"wp-image-395070\"\/><\/a><\/figure>\r\n<\/figure>\r\n<!-- \/wp:gallery --> <\/center>\r\n\r\n<!-- wp:separator {\"className\":\"is-style-wide\"} -->\r\n<hr class=\"wp-block-separator has-alpha-channel-opacity is-style-wide\"\/>\r\n<!-- \/wp:separator -->\r\n<\/div>\n\n\n<p>A Prefeitura de Leopoldina informou que segue mobilizada e conta com o apoio de todos para proteger vidas e manter a cidade unida no combate \u00e0 dengue.<\/p>\n\n\n<div  class=\"wp-block-ultimate-post-heading ultp-block-a743fb\"><div class=\"ultp-block-wrapper\"><div class=\"ultp-heading-wrap ultp-heading-style18 ultp-heading-left\"><h2 class=\"ultp-heading-inner\"><span>Leia tamb\u00e9m<\/span><\/h2><\/div><\/div><\/div>\n\n<div  class=\"ultp-post-grid-block wp-block-ultimate-post-post-grid-2 ultp-block-a28617\"><div class=\"ultp-block-wrapper\"><div class=\"ultp-loading\"><div class=\"ultp-loading-blocks\" style=\"width:100%;height:100%;\"><div style=\"left: 0;top: 0;animation-delay:0s;\"><\/div><div style=\"left: 21px;top: 0;animation-delay:0.125s;\"><\/div><div style=\"left: 42px;top: 0;animation-delay:0.25s;\"><\/div><div style=\"left: 0;top: 21px;animation-delay:0.875s;\"><\/div><div style=\"left: 42px;top: 21px;animation-delay:0.375s;\"><\/div><div style=\"left: 0;top: 42px;animation-delay:0.75s;\"><\/div><div style=\"left: 42px;top: 42px;animation-delay:0.625s;\"><\/div><div style=\"left: 21px;top: 42px;animation-delay:0.5s;\"><\/div><\/div><\/div><div class=\"ultp-block-items-wrap ultp-block-row\"><div class=\"ultp-block-item post-id-452351\"><div class=\"ultp-block-content-wrap ultp-block-content-overlay\"><div class=\"ultp-block-image ultp-block-image-none ultp-block-image-overlay ultp-block-image-simgleGradient\"><a href=\"https:\/\/www.ovigilanteonline.com.br\/site\/2026\/05\/01\/foragido-ha-mais-de-5-anos-e-preso-durante-operacao-da-pm-em-muriae\/\" ><img decoding=\"async\"  alt=\"Foragido h\u00e1 mais de 5 anos \u00e9 preso durante opera\u00e7\u00e3o da PM em Muria\u00e9\"  src=\"https:\/\/www.ovigilanteonline.com.br\/site\/wp-content\/uploads\/2026\/05\/daf45d5f.jpg\" \/><\/a><\/div><div class=\"ultp-block-content ultp-block-content-bottomPosition\"><div class=\"ultp-block-content-inner\"><h3 class=\"ultp-block-title \"><a href=\"https:\/\/www.ovigilanteonline.com.br\/site\/2026\/05\/01\/foragido-ha-mais-de-5-anos-e-preso-durante-operacao-da-pm-em-muriae\/\" >Foragido h\u00e1 mais de 5 anos \u00e9 preso durante opera\u00e7\u00e3o da PM em Muria\u00e9<\/a><\/h3><\/div><\/div><\/div><\/div><div class=\"ultp-block-item post-id-452335\"><div class=\"ultp-block-content-wrap ultp-block-content-overlay\"><div class=\"ultp-block-image ultp-block-image-none ultp-block-image-overlay ultp-block-image-simgleGradient\"><a href=\"https:\/\/www.ovigilanteonline.com.br\/site\/2026\/05\/01\/encontro-em-argirita-define-estrategias-para-crescimento-do-turismo-na-regiao\/\" ><img decoding=\"async\"  alt=\"Encontro em Argirita define estrat\u00e9gias para crescimento do turismo na regi\u00e3o\"  src=\"https:\/\/www.ovigilanteonline.com.br\/site\/wp-content\/uploads\/2026\/05\/DSC6525.jpg-870x570.jpeg\" \/><\/a><\/div><div class=\"ultp-block-content ultp-block-content-bottomPosition\"><div class=\"ultp-block-content-inner\"><h3 class=\"ultp-block-title \"><a href=\"https:\/\/www.ovigilanteonline.com.br\/site\/2026\/05\/01\/encontro-em-argirita-define-estrategias-para-crescimento-do-turismo-na-regiao\/\" >Encontro em Argirita define estrat\u00e9gias para crescimento do turismo na regi\u00e3o<\/a><\/h3><\/div><\/div><\/div><\/div><div class=\"ultp-block-item post-id-452329\"><div class=\"ultp-block-content-wrap ultp-block-content-overlay\"><div class=\"ultp-block-image ultp-block-image-none ultp-block-image-overlay ultp-block-image-simgleGradient\"><a href=\"https:\/\/www.ovigilanteonline.com.br\/site\/2026\/04\/30\/damata-bebidas-abre-vaga-para-auxiliar-de-informatica-em-leopoldina\/\" ><img decoding=\"async\"  alt=\"Damata Bebidas abre vaga para auxiliar de inform\u00e1tica em Leopoldina\"  src=\"https:\/\/www.ovigilanteonline.com.br\/site\/wp-content\/uploads\/2024\/05\/DAMATA-FOTO-DIVULGACAO-MATRIZ-870x478.jpg\" \/><\/a><\/div><div class=\"ultp-block-content ultp-block-content-bottomPosition\"><div class=\"ultp-block-content-inner\"><h3 class=\"ultp-block-title \"><a href=\"https:\/\/www.ovigilanteonline.com.br\/site\/2026\/04\/30\/damata-bebidas-abre-vaga-para-auxiliar-de-informatica-em-leopoldina\/\" >Damata Bebidas abre vaga para auxiliar de inform\u00e1tica em Leopoldina<\/a><\/h3><\/div><\/div><\/div><\/div><div class=\"ultp-block-item post-id-452320\"><div class=\"ultp-block-content-wrap ultp-block-content-overlay\"><div class=\"ultp-block-image ultp-block-image-none ultp-block-image-overlay ultp-block-image-simgleGradient\"><a href=\"https:\/\/www.ovigilanteonline.com.br\/site\/2026\/04\/30\/theo-garcia-conquista-medalha-no-europeu-de-jiu-jitsu-na-irlanda\/\" ><img decoding=\"async\"  alt=\"Theo Garcia conquista medalha no Europeu de Jiu-Jitsu na Irlanda\"  src=\"https:\/\/www.ovigilanteonline.com.br\/site\/wp-content\/uploads\/2026\/04\/WhatsApp-Image-2026-04-29-at-19.59.53.jpeg\" \/><\/a><\/div><div class=\"ultp-block-content ultp-block-content-bottomPosition\"><div class=\"ultp-block-content-inner\"><h3 class=\"ultp-block-title \"><a href=\"https:\/\/www.ovigilanteonline.com.br\/site\/2026\/04\/30\/theo-garcia-conquista-medalha-no-europeu-de-jiu-jitsu-na-irlanda\/\" >Theo Garcia conquista medalha no Europeu de Jiu-Jitsu na Irlanda<\/a><\/h3><\/div><\/div><\/div><\/div><div class=\"ultp-block-item post-id-452312\"><div class=\"ultp-block-content-wrap ultp-block-content-overlay\"><div class=\"ultp-block-image ultp-block-image-none ultp-block-image-overlay ultp-block-image-simgleGradient\"><a href=\"https:\/\/www.ovigilanteonline.com.br\/site\/2026\/04\/30\/iv-super-copa-leopoldina-de-futebol-amador-jaime-silva-e-destaque-no-esporte-local\/\" ><img decoding=\"async\"  alt=\"IV Super Copa Leopoldina de Futebol Amador &#8216;Jaime Silva&#8217; \u00e9 destaque no esporte local\"  src=\"https:\/\/www.ovigilanteonline.com.br\/site\/wp-content\/uploads\/2026\/04\/WhatsApp-Image-2026-04-30-at-07.31.50.jpeg\" \/><\/a><\/div><div class=\"ultp-block-content ultp-block-content-bottomPosition\"><div class=\"ultp-block-content-inner\"><h3 class=\"ultp-block-title \"><a href=\"https:\/\/www.ovigilanteonline.com.br\/site\/2026\/04\/30\/iv-super-copa-leopoldina-de-futebol-amador-jaime-silva-e-destaque-no-esporte-local\/\" >IV Super Copa Leopoldina de Futebol Amador &#8216;Jaime Silva&#8217; \u00e9 destaque no esporte local<\/a><\/h3><\/div><\/div><\/div><\/div><div class=\"ultp-block-item post-id-452304\"><div class=\"ultp-block-content-wrap ultp-block-content-overlay\"><div class=\"ultp-block-image ultp-block-image-none ultp-block-image-overlay ultp-block-image-simgleGradient\"><a href=\"https:\/\/www.ovigilanteonline.com.br\/site\/2026\/04\/30\/prf-inicia-operacao-dia-do-trabalho-2026-nas-rodovias-federais-da-regiao\/\" ><img decoding=\"async\"  alt=\"PRF inicia Opera\u00e7\u00e3o Dia do Trabalho 2026 nas rodovias federais da regi\u00e3o\"  src=\"https:\/\/www.ovigilanteonline.com.br\/site\/wp-content\/uploads\/2023\/05\/rodovias-prf-870x506.jpg\" \/><\/a><\/div><div class=\"ultp-block-content ultp-block-content-bottomPosition\"><div class=\"ultp-block-content-inner\"><h3 class=\"ultp-block-title \"><a href=\"https:\/\/www.ovigilanteonline.com.br\/site\/2026\/04\/30\/prf-inicia-operacao-dia-do-trabalho-2026-nas-rodovias-federais-da-regiao\/\" >PRF inicia Opera\u00e7\u00e3o Dia do Trabalho 2026 nas rodovias federais da regi\u00e3o<\/a><\/h3><\/div><\/div><\/div><\/div><\/div><\/div><div class=\"pagination-block-html\" aria-hidden=\"true\" style=\"display: none;\"><\/div><\/div>\n\n<div id=\"ovigi-1768137943\">\r\n<p class=\"has-text-align-center has-small-font-size\">continua depois da publicidade<\/p>\r\n\r\n\r\n\r\n<hr class=\"wp-block-separator has-alpha-channel-opacity is-style-wide\"\/>\r\n\r\n\r\n\r\n<figure class=\"wp-block-gallery has-nested-images columns-default is-cropped wp-block-gallery-1 is-layout-flex wp-block-gallery-is-layout-flex\">\r\n<figure class=\"wp-block-image size-full\"><a href=\"https:\/\/www.sudamerica.edu.br\/\" target=\"_blank\" rel=\"noreferrer noopener\"><img decoding=\"async\" src=\"https:\/\/www.ovigilanteonline.com.br\/site\/wp-content\/uploads\/2026\/02\/SnapInsta.to_628000938_1521401246660064_2104497882800752476_n.jpg\" alt=\"\" class=\"wp-image-428831\"\/><\/a><\/figure>\r\n\r\n\r\n\r\n<figure class=\"wp-block-image size-large\"><a href=\"https:\/\/www.instagram.com\/curtastone\/\" target=\"_blank\" rel=\"noreferrer noopener\"><img decoding=\"async\" data-id=\"395070\" src=\"https:\/\/www.ovigilanteonline.com.br\/site\/wp-content\/uploads\/2026\/04\/SaveClip.App_651062745_18342989695242544_3625357231814875842_n.jpg\" alt=\"\" class=\"wp-image-395070\"\/><\/a><\/figure>\r\n<\/figure>\r\n\r\n\r\n\r\n<hr class=\"wp-block-separator has-alpha-channel-opacity is-style-wide\"\/>\r\n\r\n<\/div>","protected":false},"excerpt":{"rendered":"<p>A\u00e7\u00e3o na Pra\u00e7a F\u00e9lix Martins uniu vacina\u00e7\u00e3o, orienta\u00e7\u00e3o e atividades educativas para a popula\u00e7\u00e3o. A Prefeitura de Leopoldina, por meio da Secretaria de Sa\u00fade, promoveu neste s\u00e1bado, dia 28, na Pra\u00e7a F\u00e9lix Martins, uma grande mobiliza\u00e7\u00e3o de combate ao mosquito Aedes aegypti, com a\u00e7\u00f5es de preven\u00e7\u00e3o, orienta\u00e7\u00e3o e vacina\u00e7\u00e3o contra a dengue para crian\u00e7as e [&hellip;]<\/p>\n","protected":false},"author":2,"featured_media":450653,"comment_status":"open","ping_status":"closed","sticky":false,"template":"","format":"standard","meta":{"footnotes":""},"categories":[17,26],"tags":[],"class_list":["post-450651","post","type-post","status-publish","format-standard","has-post-thumbnail","hentry","category-geral","category-ultimas-noticias"],"yoast_head":"<!-- This site is optimized with the Yoast SEO plugin v27.4 - https:\/\/yoast.com\/product\/yoast-seo-wordpress\/ -->\n<title>Leopoldina realiza &#039;Dia D&#039; e refor\u00e7a combate \u00e0 dengue<\/title>\n<meta name=\"robots\" content=\"index, follow, max-snippet:-1, max-image-preview:large, max-video-preview:-1\" \/>\n<link rel=\"canonical\" href=\"https:\/\/www.ovigilanteonline.com.br\/site\/2026\/03\/02\/leopoldina-realiza-dia-d-e-reforca-combate-a-dengue\/\" \/>\n<meta property=\"og:locale\" content=\"pt_BR\" \/>\n<meta property=\"og:type\" content=\"article\" \/>\n<meta property=\"og:title\" content=\"Leopoldina realiza &#039;Dia D&#039; e refor\u00e7a combate \u00e0 dengue\" \/>\n<meta property=\"og:description\" content=\"A\u00e7\u00e3o na Pra\u00e7a F\u00e9lix Martins uniu vacina\u00e7\u00e3o, orienta\u00e7\u00e3o e atividades educativas para a popula\u00e7\u00e3o. A Prefeitura de Leopoldina, por meio da Secretaria de Sa\u00fade, promoveu neste s\u00e1bado, dia 28, na Pra\u00e7a F\u00e9lix Martins, uma grande mobiliza\u00e7\u00e3o de combate ao mosquito Aedes aegypti, com a\u00e7\u00f5es de preven\u00e7\u00e3o, orienta\u00e7\u00e3o e vacina\u00e7\u00e3o contra a dengue para crian\u00e7as e [&hellip;]\" \/>\n<meta property=\"og:url\" content=\"https:\/\/www.ovigilanteonline.com.br\/site\/2026\/03\/02\/leopoldina-realiza-dia-d-e-reforca-combate-a-dengue\/\" \/>\n<meta property=\"og:site_name\" content=\"O VIGILANTE ONLINE\" \/>\n<meta property=\"article:publisher\" content=\"https:\/\/www.facebook.com\/ovigilanteonline\" \/>\n<meta property=\"article:published_time\" content=\"2026-03-02T10:33:36+00:00\" \/>\n<meta property=\"article:modified_time\" content=\"2026-03-03T22:27:34+00:00\" \/>\n<meta property=\"og:image\" content=\"https:\/\/www.ovigilanteonline.com.br\/site\/wp-content\/uploads\/2026\/03\/WhatsApp-Image-2026-02-28-at-15.40.31.jpeg\" \/>\n\t<meta property=\"og:image:width\" content=\"1124\" \/>\n\t<meta property=\"og:image:height\" content=\"634\" \/>\n\t<meta property=\"og:image:type\" content=\"image\/jpeg\" \/>\n<meta name=\"author\" content=\"Jornalismo\" \/>\n<meta name=\"twitter:card\" content=\"summary_large_image\" \/>\n<meta name=\"twitter:label1\" content=\"Escrito por\" \/>\n\t<meta name=\"twitter:data1\" content=\"Jornalismo\" \/>\n\t<meta name=\"twitter:label2\" content=\"Est. tempo de leitura\" \/>\n\t<meta name=\"twitter:data2\" content=\"2 minutos\" \/>\n<script type=\"application\/ld+json\" class=\"yoast-schema-graph\">{\"@context\":\"https:\\\/\\\/schema.org\",\"@graph\":[{\"@type\":\"Article\",\"@id\":\"https:\\\/\\\/www.ovigilanteonline.com.br\\\/site\\\/2026\\\/03\\\/02\\\/leopoldina-realiza-dia-d-e-reforca-combate-a-dengue\\\/#article\",\"isPartOf\":{\"@id\":\"https:\\\/\\\/www.ovigilanteonline.com.br\\\/site\\\/2026\\\/03\\\/02\\\/leopoldina-realiza-dia-d-e-reforca-combate-a-dengue\\\/\"},\"author\":{\"name\":\"Jornalismo\",\"@id\":\"https:\\\/\\\/www.ovigilanteonline.com.br\\\/site\\\/#\\\/schema\\\/person\\\/538fdfb33c0c411cd14a732e7cf14aa6\"},\"headline\":\"Leopoldina realiza &#8216;Dia D&#8217; e refor\u00e7a combate \u00e0 dengue\",\"datePublished\":\"2026-03-02T10:33:36+00:00\",\"dateModified\":\"2026-03-03T22:27:34+00:00\",\"mainEntityOfPage\":{\"@id\":\"https:\\\/\\\/www.ovigilanteonline.com.br\\\/site\\\/2026\\\/03\\\/02\\\/leopoldina-realiza-dia-d-e-reforca-combate-a-dengue\\\/\"},\"wordCount\":297,\"commentCount\":0,\"image\":{\"@id\":\"https:\\\/\\\/www.ovigilanteonline.com.br\\\/site\\\/2026\\\/03\\\/02\\\/leopoldina-realiza-dia-d-e-reforca-combate-a-dengue\\\/#primaryimage\"},\"thumbnailUrl\":\"https:\\\/\\\/www.ovigilanteonline.com.br\\\/site\\\/wp-content\\\/uploads\\\/2026\\\/03\\\/WhatsApp-Image-2026-02-28-at-15.40.31.jpeg\",\"articleSection\":[\"Geral\",\"\u00daltimas Not\u00edcias\"],\"inLanguage\":\"pt-BR\",\"potentialAction\":[{\"@type\":\"CommentAction\",\"name\":\"Comment\",\"target\":[\"https:\\\/\\\/www.ovigilanteonline.com.br\\\/site\\\/2026\\\/03\\\/02\\\/leopoldina-realiza-dia-d-e-reforca-combate-a-dengue\\\/#respond\"]}]},{\"@type\":\"WebPage\",\"@id\":\"https:\\\/\\\/www.ovigilanteonline.com.br\\\/site\\\/2026\\\/03\\\/02\\\/leopoldina-realiza-dia-d-e-reforca-combate-a-dengue\\\/\",\"url\":\"https:\\\/\\\/www.ovigilanteonline.com.br\\\/site\\\/2026\\\/03\\\/02\\\/leopoldina-realiza-dia-d-e-reforca-combate-a-dengue\\\/\",\"name\":\"Leopoldina realiza 'Dia D' e refor\u00e7a combate \u00e0 dengue\",\"isPartOf\":{\"@id\":\"https:\\\/\\\/www.ovigilanteonline.com.br\\\/site\\\/#website\"},\"primaryImageOfPage\":{\"@id\":\"https:\\\/\\\/www.ovigilanteonline.com.br\\\/site\\\/2026\\\/03\\\/02\\\/leopoldina-realiza-dia-d-e-reforca-combate-a-dengue\\\/#primaryimage\"},\"image\":{\"@id\":\"https:\\\/\\\/www.ovigilanteonline.com.br\\\/site\\\/2026\\\/03\\\/02\\\/leopoldina-realiza-dia-d-e-reforca-combate-a-dengue\\\/#primaryimage\"},\"thumbnailUrl\":\"https:\\\/\\\/www.ovigilanteonline.com.br\\\/site\\\/wp-content\\\/uploads\\\/2026\\\/03\\\/WhatsApp-Image-2026-02-28-at-15.40.31.jpeg\",\"datePublished\":\"2026-03-02T10:33:36+00:00\",\"dateModified\":\"2026-03-03T22:27:34+00:00\",\"author\":{\"@id\":\"https:\\\/\\\/www.ovigilanteonline.com.br\\\/site\\\/#\\\/schema\\\/person\\\/538fdfb33c0c411cd14a732e7cf14aa6\"},\"breadcrumb\":{\"@id\":\"https:\\\/\\\/www.ovigilanteonline.com.br\\\/site\\\/2026\\\/03\\\/02\\\/leopoldina-realiza-dia-d-e-reforca-combate-a-dengue\\\/#breadcrumb\"},\"inLanguage\":\"pt-BR\",\"potentialAction\":[{\"@type\":\"ReadAction\",\"target\":[\"https:\\\/\\\/www.ovigilanteonline.com.br\\\/site\\\/2026\\\/03\\\/02\\\/leopoldina-realiza-dia-d-e-reforca-combate-a-dengue\\\/\"]}]},{\"@type\":\"ImageObject\",\"inLanguage\":\"pt-BR\",\"@id\":\"https:\\\/\\\/www.ovigilanteonline.com.br\\\/site\\\/2026\\\/03\\\/02\\\/leopoldina-realiza-dia-d-e-reforca-combate-a-dengue\\\/#primaryimage\",\"url\":\"https:\\\/\\\/www.ovigilanteonline.com.br\\\/site\\\/wp-content\\\/uploads\\\/2026\\\/03\\\/WhatsApp-Image-2026-02-28-at-15.40.31.jpeg\",\"contentUrl\":\"https:\\\/\\\/www.ovigilanteonline.com.br\\\/site\\\/wp-content\\\/uploads\\\/2026\\\/03\\\/WhatsApp-Image-2026-02-28-at-15.40.31.jpeg\",\"width\":1124,\"height\":634},{\"@type\":\"BreadcrumbList\",\"@id\":\"https:\\\/\\\/www.ovigilanteonline.com.br\\\/site\\\/2026\\\/03\\\/02\\\/leopoldina-realiza-dia-d-e-reforca-combate-a-dengue\\\/#breadcrumb\",\"itemListElement\":[{\"@type\":\"ListItem\",\"position\":1,\"name\":\"In\u00edcio\",\"item\":\"https:\\\/\\\/www.ovigilanteonline.com.br\\\/site\\\/\"},{\"@type\":\"ListItem\",\"position\":2,\"name\":\"Leopoldina realiza &#8216;Dia D&#8217; e refor\u00e7a combate \u00e0 dengue\"}]},{\"@type\":\"WebSite\",\"@id\":\"https:\\\/\\\/www.ovigilanteonline.com.br\\\/site\\\/#website\",\"url\":\"https:\\\/\\\/www.ovigilanteonline.com.br\\\/site\\\/\",\"name\":\"O VIGILANTE ONLINE - Not\u00edcias de Leopoldina e regi\u00e3o\",\"description\":\"\",\"potentialAction\":[{\"@type\":\"SearchAction\",\"target\":{\"@type\":\"EntryPoint\",\"urlTemplate\":\"https:\\\/\\\/www.ovigilanteonline.com.br\\\/site\\\/?s={search_term_string}\"},\"query-input\":{\"@type\":\"PropertyValueSpecification\",\"valueRequired\":true,\"valueName\":\"search_term_string\"}}],\"inLanguage\":\"pt-BR\"},{\"@type\":\"Person\",\"@id\":\"https:\\\/\\\/www.ovigilanteonline.com.br\\\/site\\\/#\\\/schema\\\/person\\\/538fdfb33c0c411cd14a732e7cf14aa6\",\"name\":\"Jornalismo\"}]}<\/script>\n<!-- \/ Yoast SEO plugin. -->","yoast_head_json":{"title":"Leopoldina realiza 'Dia D' e refor\u00e7a combate \u00e0 dengue","robots":{"index":"index","follow":"follow","max-snippet":"max-snippet:-1","max-image-preview":"max-image-preview:large","max-video-preview":"max-video-preview:-1"},"canonical":"https:\/\/www.ovigilanteonline.com.br\/site\/2026\/03\/02\/leopoldina-realiza-dia-d-e-reforca-combate-a-dengue\/","og_locale":"pt_BR","og_type":"article","og_title":"Leopoldina realiza 'Dia D' e refor\u00e7a combate \u00e0 dengue","og_description":"A\u00e7\u00e3o na Pra\u00e7a F\u00e9lix Martins uniu vacina\u00e7\u00e3o, orienta\u00e7\u00e3o e atividades educativas para a popula\u00e7\u00e3o. A Prefeitura de Leopoldina, por meio da Secretaria de Sa\u00fade, promoveu neste s\u00e1bado, dia 28, na Pra\u00e7a F\u00e9lix Martins, uma grande mobiliza\u00e7\u00e3o de combate ao mosquito Aedes aegypti, com a\u00e7\u00f5es de preven\u00e7\u00e3o, orienta\u00e7\u00e3o e vacina\u00e7\u00e3o contra a dengue para crian\u00e7as e [&hellip;]","og_url":"https:\/\/www.ovigilanteonline.com.br\/site\/2026\/03\/02\/leopoldina-realiza-dia-d-e-reforca-combate-a-dengue\/","og_site_name":"O VIGILANTE ONLINE","article_publisher":"https:\/\/www.facebook.com\/ovigilanteonline","article_published_time":"2026-03-02T10:33:36+00:00","article_modified_time":"2026-03-03T22:27:34+00:00","og_image":[{"width":1124,"height":634,"url":"https:\/\/www.ovigilanteonline.com.br\/site\/wp-content\/uploads\/2026\/03\/WhatsApp-Image-2026-02-28-at-15.40.31.jpeg","type":"image\/jpeg"}],"author":"Jornalismo","twitter_card":"summary_large_image","twitter_misc":{"Escrito por":"Jornalismo","Est. tempo de leitura":"2 minutos"},"schema":{"@context":"https:\/\/schema.org","@graph":[{"@type":"Article","@id":"https:\/\/www.ovigilanteonline.com.br\/site\/2026\/03\/02\/leopoldina-realiza-dia-d-e-reforca-combate-a-dengue\/#article","isPartOf":{"@id":"https:\/\/www.ovigilanteonline.com.br\/site\/2026\/03\/02\/leopoldina-realiza-dia-d-e-reforca-combate-a-dengue\/"},"author":{"name":"Jornalismo","@id":"https:\/\/www.ovigilanteonline.com.br\/site\/#\/schema\/person\/538fdfb33c0c411cd14a732e7cf14aa6"},"headline":"Leopoldina realiza &#8216;Dia D&#8217; e refor\u00e7a combate \u00e0 dengue","datePublished":"2026-03-02T10:33:36+00:00","dateModified":"2026-03-03T22:27:34+00:00","mainEntityOfPage":{"@id":"https:\/\/www.ovigilanteonline.com.br\/site\/2026\/03\/02\/leopoldina-realiza-dia-d-e-reforca-combate-a-dengue\/"},"wordCount":297,"commentCount":0,"image":{"@id":"https:\/\/www.ovigilanteonline.com.br\/site\/2026\/03\/02\/leopoldina-realiza-dia-d-e-reforca-combate-a-dengue\/#primaryimage"},"thumbnailUrl":"https:\/\/www.ovigilanteonline.com.br\/site\/wp-content\/uploads\/2026\/03\/WhatsApp-Image-2026-02-28-at-15.40.31.jpeg","articleSection":["Geral","\u00daltimas Not\u00edcias"],"inLanguage":"pt-BR","potentialAction":[{"@type":"CommentAction","name":"Comment","target":["https:\/\/www.ovigilanteonline.com.br\/site\/2026\/03\/02\/leopoldina-realiza-dia-d-e-reforca-combate-a-dengue\/#respond"]}]},{"@type":"WebPage","@id":"https:\/\/www.ovigilanteonline.com.br\/site\/2026\/03\/02\/leopoldina-realiza-dia-d-e-reforca-combate-a-dengue\/","url":"https:\/\/www.ovigilanteonline.com.br\/site\/2026\/03\/02\/leopoldina-realiza-dia-d-e-reforca-combate-a-dengue\/","name":"Leopoldina realiza 'Dia D' e refor\u00e7a combate \u00e0 dengue","isPartOf":{"@id":"https:\/\/www.ovigilanteonline.com.br\/site\/#website"},"primaryImageOfPage":{"@id":"https:\/\/www.ovigilanteonline.com.br\/site\/2026\/03\/02\/leopoldina-realiza-dia-d-e-reforca-combate-a-dengue\/#primaryimage"},"image":{"@id":"https:\/\/www.ovigilanteonline.com.br\/site\/2026\/03\/02\/leopoldina-realiza-dia-d-e-reforca-combate-a-dengue\/#primaryimage"},"thumbnailUrl":"https:\/\/www.ovigilanteonline.com.br\/site\/wp-content\/uploads\/2026\/03\/WhatsApp-Image-2026-02-28-at-15.40.31.jpeg","datePublished":"2026-03-02T10:33:36+00:00","dateModified":"2026-03-03T22:27:34+00:00","author":{"@id":"https:\/\/www.ovigilanteonline.com.br\/site\/#\/schema\/person\/538fdfb33c0c411cd14a732e7cf14aa6"},"breadcrumb":{"@id":"https:\/\/www.ovigilanteonline.com.br\/site\/2026\/03\/02\/leopoldina-realiza-dia-d-e-reforca-combate-a-dengue\/#breadcrumb"},"inLanguage":"pt-BR","potentialAction":[{"@type":"ReadAction","target":["https:\/\/www.ovigilanteonline.com.br\/site\/2026\/03\/02\/leopoldina-realiza-dia-d-e-reforca-combate-a-dengue\/"]}]},{"@type":"ImageObject","inLanguage":"pt-BR","@id":"https:\/\/www.ovigilanteonline.com.br\/site\/2026\/03\/02\/leopoldina-realiza-dia-d-e-reforca-combate-a-dengue\/#primaryimage","url":"https:\/\/www.ovigilanteonline.com.br\/site\/wp-content\/uploads\/2026\/03\/WhatsApp-Image-2026-02-28-at-15.40.31.jpeg","contentUrl":"https:\/\/www.ovigilanteonline.com.br\/site\/wp-content\/uploads\/2026\/03\/WhatsApp-Image-2026-02-28-at-15.40.31.jpeg","width":1124,"height":634},{"@type":"BreadcrumbList","@id":"https:\/\/www.ovigilanteonline.com.br\/site\/2026\/03\/02\/leopoldina-realiza-dia-d-e-reforca-combate-a-dengue\/#breadcrumb","itemListElement":[{"@type":"ListItem","position":1,"name":"In\u00edcio","item":"https:\/\/www.ovigilanteonline.com.br\/site\/"},{"@type":"ListItem","position":2,"name":"Leopoldina realiza &#8216;Dia D&#8217; e refor\u00e7a combate \u00e0 dengue"}]},{"@type":"WebSite","@id":"https:\/\/www.ovigilanteonline.com.br\/site\/#website","url":"https:\/\/www.ovigilanteonline.com.br\/site\/","name":"O VIGILANTE ONLINE - Not\u00edcias de Leopoldina e regi\u00e3o","description":"","potentialAction":[{"@type":"SearchAction","target":{"@type":"EntryPoint","urlTemplate":"https:\/\/www.ovigilanteonline.com.br\/site\/?s={search_term_string}"},"query-input":{"@type":"PropertyValueSpecification","valueRequired":true,"valueName":"search_term_string"}}],"inLanguage":"pt-BR"},{"@type":"Person","@id":"https:\/\/www.ovigilanteonline.com.br\/site\/#\/schema\/person\/538fdfb33c0c411cd14a732e7cf14aa6","name":"Jornalismo"}]}},"cc_featured_image_caption":{"caption_text":"","source_text":"","source_url":""},"_links":{"self":[{"href":"https:\/\/www.ovigilanteonline.com.br\/site\/wp-json\/wp\/v2\/posts\/450651","targetHints":{"allow":["GET"]}}],"collection":[{"href":"https:\/\/www.ovigilanteonline.com.br\/site\/wp-json\/wp\/v2\/posts"}],"about":[{"href":"https:\/\/www.ovigilanteonline.com.br\/site\/wp-json\/wp\/v2\/types\/post"}],"author":[{"embeddable":true,"href":"https:\/\/www.ovigilanteonline.com.br\/site\/wp-json\/wp\/v2\/users\/2"}],"replies":[{"embeddable":true,"href":"https:\/\/www.ovigilanteonline.com.br\/site\/wp-json\/wp\/v2\/comments?post=450651"}],"version-history":[{"count":0,"href":"https:\/\/www.ovigilanteonline.com.br\/site\/wp-json\/wp\/v2\/posts\/450651\/revisions"}],"wp:featuredmedia":[{"embeddable":true,"href":"https:\/\/www.ovigilanteonline.com.br\/site\/wp-json\/wp\/v2\/media\/450653"}],"wp:attachment":[{"href":"https:\/\/www.ovigilanteonline.com.br\/site\/wp-json\/wp\/v2\/media?parent=450651"}],"wp:term":[{"taxonomy":"category","embeddable":true,"href":"https:\/\/www.ovigilanteonline.com.br\/site\/wp-json\/wp\/v2\/categories?post=450651"},{"taxonomy":"post_tag","embeddable":true,"href":"https:\/\/www.ovigilanteonline.com.br\/site\/wp-json\/wp\/v2\/tags?post=450651"}],"curies":[{"name":"wp","href":"https:\/\/api.w.org\/{rel}","templated":true}]}}