{"id":450591,"date":"2026-03-01T14:11:57","date_gmt":"2026-03-01T17:11:57","guid":{"rendered":"https:\/\/www.ovigilanteonline.com.br\/site\/?p=450591"},"modified":"2026-03-03T14:42:49","modified_gmt":"2026-03-03T17:42:49","slug":"corpo-de-ultimo-desaparecido-e-recuperado-em-juiz-de-fora-buscas-sao-finalizadas-com-65-mortos-pela-chuva","status":"publish","type":"post","link":"https:\/\/www.ovigilanteonline.com.br\/site\/2026\/03\/01\/corpo-de-ultimo-desaparecido-e-recuperado-em-juiz-de-fora-buscas-sao-finalizadas-com-65-mortos-pela-chuva\/","title":{"rendered":"Corpo de \u00faltimo desaparecido \u00e9 recuperado em Juiz de Fora; buscas s\u00e3o finalizadas com 65 mortos pela chuva"},"content":{"rendered":"\n<h3 class=\"wp-block-heading\"><strong><em>Temporais tamb\u00e9m deixaram mais de 8.500 pessoas desabrigadas e desalojadas na cidade da Zona da Mata. Em Ub\u00e1, os militares seguem na busca por um homem desaparecido.<\/em><\/strong><\/h3>\n\n\n\n<p>O Corpo de Bombeiros encerrou, na noite de s\u00e1bado, a busca pelo \u00faltimo desaparecido em Juiz de Fora, depois do temporal que assolou a cidade na noite de segunda-feira (23). Os trabalhos finais aconteceram no bairro Paineiras, onde Pietro Cesar Teodoro Freitas, de 9 anos, foi encontrado nos escombros por volta das 20h.<\/p>\n\n\n\n<p>Ao todo, foram 65 mortos na cidade e cinco dias de buscas. Confira aqui a rela\u00e7\u00e3o completa divulgada pela Pol\u00edcia Civil.<\/p>\n\n\n\n\n\n<p>H\u00e1 tamb\u00e9m mortos e desaparecidos em Ub\u00e1 e Cataguases. Veja mais abaixo.<\/p>\n\n\n\n<p><strong>Mais de 8.500 pessoas sa\u00edram de casa<br><\/strong>Conforme balan\u00e7o divulgado pela Prefeitura na noite de s\u00e1bado, a cidade tem 8.584 desabrigados e desalojados e 2.666 ocorr\u00eancias registradas pela Defesa Civil.<\/p>\n\n\n\n<p>Muitas ruas da cidade permanecem interditadas e sem possibilidade de retorno dos moradores para suas casas. Neste domingo (1\u00b0), s\u00e3o v\u00e1rias frentes de limpeza de ruas, como nos bairros Vitorino Braga, Santa Terezinha, Bairro Industrial e Jardim Esperan\u00e7a.<\/p>\n\n\n\n<p><strong>Buscas em Ub\u00e1 e Cataguases<br><\/strong>Em Ub\u00e1, s\u00e3o 7 mortes e um desaparecido depois do temporal que atingiu a cidade no mesmo dia da trag\u00e9dia em Juiz de Fora. Na noite de s\u00e1bado, o corpo de um homem foi localizado a cerca de 7km do Centro da cidade, \u00e1rea mais afetada.<\/p>\n\n\n<div id=\"ovigi-631859536\">\r\n<p class=\"has-text-align-center has-small-font-size\">continua depois da publicidade<\/p>\r\n\r\n\r\n\r\n<hr class=\"wp-block-separator has-alpha-channel-opacity is-style-wide\"\/>\r\n\r\n\r\n<center> \r\n<figure class=\"wp-block-image size-large\"><a href=\"https:\/\/www.instagram.com\/unimedleopoldina241\/\" target=\"_blank\" rel=\"noreferrer noopener\"><img decoding=\"async\" src=\"https:\/\/www.ovigilanteonline.com.br\/site\/wp-content\/uploads\/2026\/04\/UNIMED-NOVO.jpg\" alt=\"\" class=\"wp-image-395070\"\/><\/a><\/figure>\r\n<\/figure>\r\n<!-- \/wp:gallery --> <\/center>\r\n\r\n<!-- wp:separator {\"className\":\"is-style-wide\"} -->\r\n<hr class=\"wp-block-separator has-alpha-channel-opacity is-style-wide\"\/>\r\n<!-- \/wp:separator -->\r\n<\/div>\n\n\n<p>Neste domingo (1\u00ba), mais militares dos bombeiros seriam enviados \u00e0 cidade para tentar encontrar a segunda v\u00edtima da trag\u00e9dia. Uma equipe especializada em mergulho era aguardada para procurar o homem de 50 anos levado pela enchente.<\/p>\n\n\n\n<figure class=\"wp-block-image size-full\"><img loading=\"lazy\" decoding=\"async\" width=\"750\" height=\"422\" src=\"https:\/\/www.ovigilanteonline.com.br\/site\/wp-content\/uploads\/2026\/03\/cq5dam.thumbnail.cropped.750.422.jpeg\" alt=\"\" class=\"wp-image-450593\" srcset=\"https:\/\/www.ovigilanteonline.com.br\/site\/wp-content\/uploads\/2026\/03\/cq5dam.thumbnail.cropped.750.422.jpeg 750w, https:\/\/www.ovigilanteonline.com.br\/site\/wp-content\/uploads\/2026\/03\/cq5dam.thumbnail.cropped.750.422-300x169.jpeg 300w\" sizes=\"auto, (max-width: 750px) 100vw, 750px\" \/><\/figure>\n\n\n\n<p>Um desaparecido chegou a ser listado em Cataguases, onde as chuvas mais intensas aconteceram entre quinta e sexta-feira (27). Conforme o Corpo de Bombeiros, o corpo do homem foi encontrado no s\u00e1bado (28), mas n\u00e3o ser\u00e1 inclu\u00eddo na lista oficial de mortos pela chuva, uma vez que ele teria pulado nas \u00e1guas do Rio Pomba para nadar e se afogado.<\/p>\n\n\n\n<p><em>*Com G1 Zona da Mata<\/em><\/p>\n\n\n<div  class=\"wp-block-ultimate-post-heading ultp-block-8d3e9e\"><div class=\"ultp-block-wrapper\"><div class=\"ultp-heading-wrap ultp-heading-style18 ultp-heading-left\"><h2 class=\"ultp-heading-inner\"><span>Leia tamb\u00e9m<\/span><\/h2><\/div><\/div><\/div>\n\n<div  class=\"ultp-post-grid-block wp-block-ultimate-post-post-grid-2 ultp-block-40c719\"><div class=\"ultp-block-wrapper\"><div class=\"ultp-loading\"><div class=\"ultp-loading-blocks\" style=\"width:100%;height:100%;\"><div style=\"left: 0;top: 0;animation-delay:0s;\"><\/div><div style=\"left: 21px;top: 0;animation-delay:0.125s;\"><\/div><div style=\"left: 42px;top: 0;animation-delay:0.25s;\"><\/div><div style=\"left: 0;top: 21px;animation-delay:0.875s;\"><\/div><div style=\"left: 42px;top: 21px;animation-delay:0.375s;\"><\/div><div style=\"left: 0;top: 42px;animation-delay:0.75s;\"><\/div><div style=\"left: 42px;top: 42px;animation-delay:0.625s;\"><\/div><div style=\"left: 21px;top: 42px;animation-delay:0.5s;\"><\/div><\/div><\/div><div class=\"ultp-block-items-wrap ultp-block-row\"><div class=\"ultp-block-item post-id-452351\"><div class=\"ultp-block-content-wrap ultp-block-content-overlay\"><div class=\"ultp-block-image ultp-block-image-none ultp-block-image-overlay ultp-block-image-simgleGradient\"><a href=\"https:\/\/www.ovigilanteonline.com.br\/site\/2026\/05\/01\/foragido-ha-mais-de-5-anos-e-preso-durante-operacao-da-pm-em-muriae\/\" ><img decoding=\"async\"  alt=\"Foragido h\u00e1 mais de 5 anos \u00e9 preso durante opera\u00e7\u00e3o da PM em Muria\u00e9\"  src=\"https:\/\/www.ovigilanteonline.com.br\/site\/wp-content\/uploads\/2026\/05\/daf45d5f.jpg\" \/><\/a><\/div><div class=\"ultp-block-content ultp-block-content-bottomPosition\"><div class=\"ultp-block-content-inner\"><h3 class=\"ultp-block-title \"><a href=\"https:\/\/www.ovigilanteonline.com.br\/site\/2026\/05\/01\/foragido-ha-mais-de-5-anos-e-preso-durante-operacao-da-pm-em-muriae\/\" >Foragido h\u00e1 mais de 5 anos \u00e9 preso durante opera\u00e7\u00e3o da PM em Muria\u00e9<\/a><\/h3><\/div><\/div><\/div><\/div><div class=\"ultp-block-item post-id-452335\"><div class=\"ultp-block-content-wrap ultp-block-content-overlay\"><div class=\"ultp-block-image ultp-block-image-none ultp-block-image-overlay ultp-block-image-simgleGradient\"><a href=\"https:\/\/www.ovigilanteonline.com.br\/site\/2026\/05\/01\/encontro-em-argirita-define-estrategias-para-crescimento-do-turismo-na-regiao\/\" ><img decoding=\"async\"  alt=\"Encontro em Argirita define estrat\u00e9gias para crescimento do turismo na regi\u00e3o\"  src=\"https:\/\/www.ovigilanteonline.com.br\/site\/wp-content\/uploads\/2026\/05\/DSC6525.jpg-870x570.jpeg\" \/><\/a><\/div><div class=\"ultp-block-content ultp-block-content-bottomPosition\"><div class=\"ultp-block-content-inner\"><h3 class=\"ultp-block-title \"><a href=\"https:\/\/www.ovigilanteonline.com.br\/site\/2026\/05\/01\/encontro-em-argirita-define-estrategias-para-crescimento-do-turismo-na-regiao\/\" >Encontro em Argirita define estrat\u00e9gias para crescimento do turismo na regi\u00e3o<\/a><\/h3><\/div><\/div><\/div><\/div><div class=\"ultp-block-item post-id-452329\"><div class=\"ultp-block-content-wrap ultp-block-content-overlay\"><div class=\"ultp-block-image ultp-block-image-none ultp-block-image-overlay ultp-block-image-simgleGradient\"><a href=\"https:\/\/www.ovigilanteonline.com.br\/site\/2026\/04\/30\/damata-bebidas-abre-vaga-para-auxiliar-de-informatica-em-leopoldina\/\" ><img decoding=\"async\"  alt=\"Damata Bebidas abre vaga para auxiliar de inform\u00e1tica em Leopoldina\"  src=\"https:\/\/www.ovigilanteonline.com.br\/site\/wp-content\/uploads\/2024\/05\/DAMATA-FOTO-DIVULGACAO-MATRIZ-870x478.jpg\" \/><\/a><\/div><div class=\"ultp-block-content ultp-block-content-bottomPosition\"><div class=\"ultp-block-content-inner\"><h3 class=\"ultp-block-title \"><a href=\"https:\/\/www.ovigilanteonline.com.br\/site\/2026\/04\/30\/damata-bebidas-abre-vaga-para-auxiliar-de-informatica-em-leopoldina\/\" >Damata Bebidas abre vaga para auxiliar de inform\u00e1tica em Leopoldina<\/a><\/h3><\/div><\/div><\/div><\/div><div class=\"ultp-block-item post-id-452320\"><div class=\"ultp-block-content-wrap ultp-block-content-overlay\"><div class=\"ultp-block-image ultp-block-image-none ultp-block-image-overlay ultp-block-image-simgleGradient\"><a href=\"https:\/\/www.ovigilanteonline.com.br\/site\/2026\/04\/30\/theo-garcia-conquista-medalha-no-europeu-de-jiu-jitsu-na-irlanda\/\" ><img decoding=\"async\"  alt=\"Theo Garcia conquista medalha no Europeu de Jiu-Jitsu na Irlanda\"  src=\"https:\/\/www.ovigilanteonline.com.br\/site\/wp-content\/uploads\/2026\/04\/WhatsApp-Image-2026-04-29-at-19.59.53.jpeg\" \/><\/a><\/div><div class=\"ultp-block-content ultp-block-content-bottomPosition\"><div class=\"ultp-block-content-inner\"><h3 class=\"ultp-block-title \"><a href=\"https:\/\/www.ovigilanteonline.com.br\/site\/2026\/04\/30\/theo-garcia-conquista-medalha-no-europeu-de-jiu-jitsu-na-irlanda\/\" >Theo Garcia conquista medalha no Europeu de Jiu-Jitsu na Irlanda<\/a><\/h3><\/div><\/div><\/div><\/div><div class=\"ultp-block-item post-id-452312\"><div class=\"ultp-block-content-wrap ultp-block-content-overlay\"><div class=\"ultp-block-image ultp-block-image-none ultp-block-image-overlay ultp-block-image-simgleGradient\"><a href=\"https:\/\/www.ovigilanteonline.com.br\/site\/2026\/04\/30\/iv-super-copa-leopoldina-de-futebol-amador-jaime-silva-e-destaque-no-esporte-local\/\" ><img decoding=\"async\"  alt=\"IV Super Copa Leopoldina de Futebol Amador &#8216;Jaime Silva&#8217; \u00e9 destaque no esporte local\"  src=\"https:\/\/www.ovigilanteonline.com.br\/site\/wp-content\/uploads\/2026\/04\/WhatsApp-Image-2026-04-30-at-07.31.50.jpeg\" \/><\/a><\/div><div class=\"ultp-block-content ultp-block-content-bottomPosition\"><div class=\"ultp-block-content-inner\"><h3 class=\"ultp-block-title \"><a href=\"https:\/\/www.ovigilanteonline.com.br\/site\/2026\/04\/30\/iv-super-copa-leopoldina-de-futebol-amador-jaime-silva-e-destaque-no-esporte-local\/\" >IV Super Copa Leopoldina de Futebol Amador &#8216;Jaime Silva&#8217; \u00e9 destaque no esporte local<\/a><\/h3><\/div><\/div><\/div><\/div><div class=\"ultp-block-item post-id-452304\"><div class=\"ultp-block-content-wrap ultp-block-content-overlay\"><div class=\"ultp-block-image ultp-block-image-none ultp-block-image-overlay ultp-block-image-simgleGradient\"><a href=\"https:\/\/www.ovigilanteonline.com.br\/site\/2026\/04\/30\/prf-inicia-operacao-dia-do-trabalho-2026-nas-rodovias-federais-da-regiao\/\" ><img decoding=\"async\"  alt=\"PRF inicia Opera\u00e7\u00e3o Dia do Trabalho 2026 nas rodovias federais da regi\u00e3o\"  src=\"https:\/\/www.ovigilanteonline.com.br\/site\/wp-content\/uploads\/2023\/05\/rodovias-prf-870x506.jpg\" \/><\/a><\/div><div class=\"ultp-block-content ultp-block-content-bottomPosition\"><div class=\"ultp-block-content-inner\"><h3 class=\"ultp-block-title \"><a href=\"https:\/\/www.ovigilanteonline.com.br\/site\/2026\/04\/30\/prf-inicia-operacao-dia-do-trabalho-2026-nas-rodovias-federais-da-regiao\/\" >PRF inicia Opera\u00e7\u00e3o Dia do Trabalho 2026 nas rodovias federais da regi\u00e3o<\/a><\/h3><\/div><\/div><\/div><\/div><\/div><\/div><div class=\"pagination-block-html\" aria-hidden=\"true\" style=\"display: none;\"><\/div><\/div>\n\n<div id=\"ovigi-1785606709\">\r\n<p class=\"has-text-align-center has-small-font-size\">continua depois da publicidade<\/p>\r\n\r\n\r\n\r\n<hr class=\"wp-block-separator has-alpha-channel-opacity is-style-wide\"\/>\r\n\r\n\r\n\r\n<figure class=\"wp-block-gallery has-nested-images columns-default is-cropped wp-block-gallery-1 is-layout-flex wp-block-gallery-is-layout-flex\">\r\n<figure class=\"wp-block-image size-full\"><a href=\"https:\/\/www.sudamerica.edu.br\/\" target=\"_blank\" rel=\"noreferrer noopener\"><img decoding=\"async\" src=\"https:\/\/www.ovigilanteonline.com.br\/site\/wp-content\/uploads\/2026\/02\/SnapInsta.to_628000938_1521401246660064_2104497882800752476_n.jpg\" alt=\"\" class=\"wp-image-428831\"\/><\/a><\/figure>\r\n\r\n\r\n\r\n<figure class=\"wp-block-image size-large\"><a href=\"https:\/\/www.instagram.com\/curtastone\/\" target=\"_blank\" rel=\"noreferrer noopener\"><img decoding=\"async\" data-id=\"395070\" src=\"https:\/\/www.ovigilanteonline.com.br\/site\/wp-content\/uploads\/2026\/04\/SaveClip.App_651062745_18342989695242544_3625357231814875842_n.jpg\" alt=\"\" class=\"wp-image-395070\"\/><\/a><\/figure>\r\n<\/figure>\r\n\r\n\r\n\r\n<hr class=\"wp-block-separator has-alpha-channel-opacity is-style-wide\"\/>\r\n\r\n<\/div>","protected":false},"excerpt":{"rendered":"<p>Temporais tamb\u00e9m deixaram mais de 8.500 pessoas desabrigadas e desalojadas na cidade da Zona da Mata. Em Ub\u00e1, os militares seguem na busca por um homem desaparecido. O Corpo de Bombeiros encerrou, na noite de s\u00e1bado, a busca pelo \u00faltimo desaparecido em Juiz de Fora, depois do temporal que assolou a cidade na noite de [&hellip;]<\/p>\n","protected":false},"author":2,"featured_media":450592,"comment_status":"open","ping_status":"closed","sticky":false,"template":"","format":"standard","meta":{"footnotes":""},"categories":[17,26],"tags":[],"class_list":["post-450591","post","type-post","status-publish","format-standard","has-post-thumbnail","hentry","category-geral","category-ultimas-noticias"],"yoast_head":"<!-- This site is optimized with the Yoast SEO plugin v27.4 - https:\/\/yoast.com\/product\/yoast-seo-wordpress\/ -->\n<title>Corpo de \u00faltimo desaparecido \u00e9 recuperado em Juiz de Fora; buscas s\u00e3o finalizadas com 65 mortos pela chuva<\/title>\n<meta name=\"robots\" content=\"index, follow, max-snippet:-1, max-image-preview:large, max-video-preview:-1\" \/>\n<link rel=\"canonical\" href=\"https:\/\/www.ovigilanteonline.com.br\/site\/2026\/03\/01\/corpo-de-ultimo-desaparecido-e-recuperado-em-juiz-de-fora-buscas-sao-finalizadas-com-65-mortos-pela-chuva\/\" \/>\n<meta property=\"og:locale\" content=\"pt_BR\" \/>\n<meta property=\"og:type\" content=\"article\" \/>\n<meta property=\"og:title\" content=\"Corpo de \u00faltimo desaparecido \u00e9 recuperado em Juiz de Fora; buscas s\u00e3o finalizadas com 65 mortos pela chuva\" \/>\n<meta property=\"og:description\" content=\"Temporais tamb\u00e9m deixaram mais de 8.500 pessoas desabrigadas e desalojadas na cidade da Zona da Mata. Em Ub\u00e1, os militares seguem na busca por um homem desaparecido. O Corpo de Bombeiros encerrou, na noite de s\u00e1bado, a busca pelo \u00faltimo desaparecido em Juiz de Fora, depois do temporal que assolou a cidade na noite de [&hellip;]\" \/>\n<meta property=\"og:url\" content=\"https:\/\/www.ovigilanteonline.com.br\/site\/2026\/03\/01\/corpo-de-ultimo-desaparecido-e-recuperado-em-juiz-de-fora-buscas-sao-finalizadas-com-65-mortos-pela-chuva\/\" \/>\n<meta property=\"og:site_name\" content=\"O VIGILANTE ONLINE\" \/>\n<meta property=\"article:publisher\" content=\"https:\/\/www.facebook.com\/ovigilanteonline\" \/>\n<meta property=\"article:published_time\" content=\"2026-03-01T17:11:57+00:00\" \/>\n<meta property=\"article:modified_time\" content=\"2026-03-03T17:42:49+00:00\" \/>\n<meta property=\"og:image\" content=\"https:\/\/www.ovigilanteonline.com.br\/site\/wp-content\/uploads\/2026\/03\/67567657.jpg\" \/>\n\t<meta property=\"og:image:width\" content=\"1000\" \/>\n\t<meta property=\"og:image:height\" content=\"599\" \/>\n\t<meta property=\"og:image:type\" content=\"image\/jpeg\" \/>\n<meta name=\"author\" content=\"Jornalismo\" \/>\n<meta name=\"twitter:card\" content=\"summary_large_image\" \/>\n<meta name=\"twitter:label1\" content=\"Escrito por\" \/>\n\t<meta name=\"twitter:data1\" content=\"Jornalismo\" \/>\n\t<meta name=\"twitter:label2\" content=\"Est. tempo de leitura\" \/>\n\t<meta name=\"twitter:data2\" content=\"3 minutos\" \/>\n<script type=\"application\/ld+json\" class=\"yoast-schema-graph\">{\"@context\":\"https:\\\/\\\/schema.org\",\"@graph\":[{\"@type\":\"Article\",\"@id\":\"https:\\\/\\\/www.ovigilanteonline.com.br\\\/site\\\/2026\\\/03\\\/01\\\/corpo-de-ultimo-desaparecido-e-recuperado-em-juiz-de-fora-buscas-sao-finalizadas-com-65-mortos-pela-chuva\\\/#article\",\"isPartOf\":{\"@id\":\"https:\\\/\\\/www.ovigilanteonline.com.br\\\/site\\\/2026\\\/03\\\/01\\\/corpo-de-ultimo-desaparecido-e-recuperado-em-juiz-de-fora-buscas-sao-finalizadas-com-65-mortos-pela-chuva\\\/\"},\"author\":{\"name\":\"Jornalismo\",\"@id\":\"https:\\\/\\\/www.ovigilanteonline.com.br\\\/site\\\/#\\\/schema\\\/person\\\/538fdfb33c0c411cd14a732e7cf14aa6\"},\"headline\":\"Corpo de \u00faltimo desaparecido \u00e9 recuperado em Juiz de Fora; buscas s\u00e3o finalizadas com 65 mortos pela chuva\",\"datePublished\":\"2026-03-01T17:11:57+00:00\",\"dateModified\":\"2026-03-03T17:42:49+00:00\",\"mainEntityOfPage\":{\"@id\":\"https:\\\/\\\/www.ovigilanteonline.com.br\\\/site\\\/2026\\\/03\\\/01\\\/corpo-de-ultimo-desaparecido-e-recuperado-em-juiz-de-fora-buscas-sao-finalizadas-com-65-mortos-pela-chuva\\\/\"},\"wordCount\":356,\"commentCount\":0,\"image\":{\"@id\":\"https:\\\/\\\/www.ovigilanteonline.com.br\\\/site\\\/2026\\\/03\\\/01\\\/corpo-de-ultimo-desaparecido-e-recuperado-em-juiz-de-fora-buscas-sao-finalizadas-com-65-mortos-pela-chuva\\\/#primaryimage\"},\"thumbnailUrl\":\"https:\\\/\\\/www.ovigilanteonline.com.br\\\/site\\\/wp-content\\\/uploads\\\/2026\\\/03\\\/67567657.jpg\",\"articleSection\":[\"Geral\",\"\u00daltimas Not\u00edcias\"],\"inLanguage\":\"pt-BR\",\"potentialAction\":[{\"@type\":\"CommentAction\",\"name\":\"Comment\",\"target\":[\"https:\\\/\\\/www.ovigilanteonline.com.br\\\/site\\\/2026\\\/03\\\/01\\\/corpo-de-ultimo-desaparecido-e-recuperado-em-juiz-de-fora-buscas-sao-finalizadas-com-65-mortos-pela-chuva\\\/#respond\"]}]},{\"@type\":\"WebPage\",\"@id\":\"https:\\\/\\\/www.ovigilanteonline.com.br\\\/site\\\/2026\\\/03\\\/01\\\/corpo-de-ultimo-desaparecido-e-recuperado-em-juiz-de-fora-buscas-sao-finalizadas-com-65-mortos-pela-chuva\\\/\",\"url\":\"https:\\\/\\\/www.ovigilanteonline.com.br\\\/site\\\/2026\\\/03\\\/01\\\/corpo-de-ultimo-desaparecido-e-recuperado-em-juiz-de-fora-buscas-sao-finalizadas-com-65-mortos-pela-chuva\\\/\",\"name\":\"Corpo de \u00faltimo desaparecido \u00e9 recuperado em Juiz de Fora; buscas s\u00e3o finalizadas com 65 mortos pela chuva\",\"isPartOf\":{\"@id\":\"https:\\\/\\\/www.ovigilanteonline.com.br\\\/site\\\/#website\"},\"primaryImageOfPage\":{\"@id\":\"https:\\\/\\\/www.ovigilanteonline.com.br\\\/site\\\/2026\\\/03\\\/01\\\/corpo-de-ultimo-desaparecido-e-recuperado-em-juiz-de-fora-buscas-sao-finalizadas-com-65-mortos-pela-chuva\\\/#primaryimage\"},\"image\":{\"@id\":\"https:\\\/\\\/www.ovigilanteonline.com.br\\\/site\\\/2026\\\/03\\\/01\\\/corpo-de-ultimo-desaparecido-e-recuperado-em-juiz-de-fora-buscas-sao-finalizadas-com-65-mortos-pela-chuva\\\/#primaryimage\"},\"thumbnailUrl\":\"https:\\\/\\\/www.ovigilanteonline.com.br\\\/site\\\/wp-content\\\/uploads\\\/2026\\\/03\\\/67567657.jpg\",\"datePublished\":\"2026-03-01T17:11:57+00:00\",\"dateModified\":\"2026-03-03T17:42:49+00:00\",\"author\":{\"@id\":\"https:\\\/\\\/www.ovigilanteonline.com.br\\\/site\\\/#\\\/schema\\\/person\\\/538fdfb33c0c411cd14a732e7cf14aa6\"},\"breadcrumb\":{\"@id\":\"https:\\\/\\\/www.ovigilanteonline.com.br\\\/site\\\/2026\\\/03\\\/01\\\/corpo-de-ultimo-desaparecido-e-recuperado-em-juiz-de-fora-buscas-sao-finalizadas-com-65-mortos-pela-chuva\\\/#breadcrumb\"},\"inLanguage\":\"pt-BR\",\"potentialAction\":[{\"@type\":\"ReadAction\",\"target\":[\"https:\\\/\\\/www.ovigilanteonline.com.br\\\/site\\\/2026\\\/03\\\/01\\\/corpo-de-ultimo-desaparecido-e-recuperado-em-juiz-de-fora-buscas-sao-finalizadas-com-65-mortos-pela-chuva\\\/\"]}]},{\"@type\":\"ImageObject\",\"inLanguage\":\"pt-BR\",\"@id\":\"https:\\\/\\\/www.ovigilanteonline.com.br\\\/site\\\/2026\\\/03\\\/01\\\/corpo-de-ultimo-desaparecido-e-recuperado-em-juiz-de-fora-buscas-sao-finalizadas-com-65-mortos-pela-chuva\\\/#primaryimage\",\"url\":\"https:\\\/\\\/www.ovigilanteonline.com.br\\\/site\\\/wp-content\\\/uploads\\\/2026\\\/03\\\/67567657.jpg\",\"contentUrl\":\"https:\\\/\\\/www.ovigilanteonline.com.br\\\/site\\\/wp-content\\\/uploads\\\/2026\\\/03\\\/67567657.jpg\",\"width\":1000,\"height\":599},{\"@type\":\"BreadcrumbList\",\"@id\":\"https:\\\/\\\/www.ovigilanteonline.com.br\\\/site\\\/2026\\\/03\\\/01\\\/corpo-de-ultimo-desaparecido-e-recuperado-em-juiz-de-fora-buscas-sao-finalizadas-com-65-mortos-pela-chuva\\\/#breadcrumb\",\"itemListElement\":[{\"@type\":\"ListItem\",\"position\":1,\"name\":\"In\u00edcio\",\"item\":\"https:\\\/\\\/www.ovigilanteonline.com.br\\\/site\\\/\"},{\"@type\":\"ListItem\",\"position\":2,\"name\":\"Corpo de \u00faltimo desaparecido \u00e9 recuperado em Juiz de Fora; buscas s\u00e3o finalizadas com 65 mortos pela chuva\"}]},{\"@type\":\"WebSite\",\"@id\":\"https:\\\/\\\/www.ovigilanteonline.com.br\\\/site\\\/#website\",\"url\":\"https:\\\/\\\/www.ovigilanteonline.com.br\\\/site\\\/\",\"name\":\"O VIGILANTE ONLINE - Not\u00edcias de Leopoldina e regi\u00e3o\",\"description\":\"\",\"potentialAction\":[{\"@type\":\"SearchAction\",\"target\":{\"@type\":\"EntryPoint\",\"urlTemplate\":\"https:\\\/\\\/www.ovigilanteonline.com.br\\\/site\\\/?s={search_term_string}\"},\"query-input\":{\"@type\":\"PropertyValueSpecification\",\"valueRequired\":true,\"valueName\":\"search_term_string\"}}],\"inLanguage\":\"pt-BR\"},{\"@type\":\"Person\",\"@id\":\"https:\\\/\\\/www.ovigilanteonline.com.br\\\/site\\\/#\\\/schema\\\/person\\\/538fdfb33c0c411cd14a732e7cf14aa6\",\"name\":\"Jornalismo\"}]}<\/script>\n<!-- \/ Yoast SEO plugin. -->","yoast_head_json":{"title":"Corpo de \u00faltimo desaparecido \u00e9 recuperado em Juiz de Fora; buscas s\u00e3o finalizadas com 65 mortos pela chuva","robots":{"index":"index","follow":"follow","max-snippet":"max-snippet:-1","max-image-preview":"max-image-preview:large","max-video-preview":"max-video-preview:-1"},"canonical":"https:\/\/www.ovigilanteonline.com.br\/site\/2026\/03\/01\/corpo-de-ultimo-desaparecido-e-recuperado-em-juiz-de-fora-buscas-sao-finalizadas-com-65-mortos-pela-chuva\/","og_locale":"pt_BR","og_type":"article","og_title":"Corpo de \u00faltimo desaparecido \u00e9 recuperado em Juiz de Fora; buscas s\u00e3o finalizadas com 65 mortos pela chuva","og_description":"Temporais tamb\u00e9m deixaram mais de 8.500 pessoas desabrigadas e desalojadas na cidade da Zona da Mata. Em Ub\u00e1, os militares seguem na busca por um homem desaparecido. O Corpo de Bombeiros encerrou, na noite de s\u00e1bado, a busca pelo \u00faltimo desaparecido em Juiz de Fora, depois do temporal que assolou a cidade na noite de [&hellip;]","og_url":"https:\/\/www.ovigilanteonline.com.br\/site\/2026\/03\/01\/corpo-de-ultimo-desaparecido-e-recuperado-em-juiz-de-fora-buscas-sao-finalizadas-com-65-mortos-pela-chuva\/","og_site_name":"O VIGILANTE ONLINE","article_publisher":"https:\/\/www.facebook.com\/ovigilanteonline","article_published_time":"2026-03-01T17:11:57+00:00","article_modified_time":"2026-03-03T17:42:49+00:00","og_image":[{"width":1000,"height":599,"url":"https:\/\/www.ovigilanteonline.com.br\/site\/wp-content\/uploads\/2026\/03\/67567657.jpg","type":"image\/jpeg"}],"author":"Jornalismo","twitter_card":"summary_large_image","twitter_misc":{"Escrito por":"Jornalismo","Est. tempo de leitura":"3 minutos"},"schema":{"@context":"https:\/\/schema.org","@graph":[{"@type":"Article","@id":"https:\/\/www.ovigilanteonline.com.br\/site\/2026\/03\/01\/corpo-de-ultimo-desaparecido-e-recuperado-em-juiz-de-fora-buscas-sao-finalizadas-com-65-mortos-pela-chuva\/#article","isPartOf":{"@id":"https:\/\/www.ovigilanteonline.com.br\/site\/2026\/03\/01\/corpo-de-ultimo-desaparecido-e-recuperado-em-juiz-de-fora-buscas-sao-finalizadas-com-65-mortos-pela-chuva\/"},"author":{"name":"Jornalismo","@id":"https:\/\/www.ovigilanteonline.com.br\/site\/#\/schema\/person\/538fdfb33c0c411cd14a732e7cf14aa6"},"headline":"Corpo de \u00faltimo desaparecido \u00e9 recuperado em Juiz de Fora; buscas s\u00e3o finalizadas com 65 mortos pela chuva","datePublished":"2026-03-01T17:11:57+00:00","dateModified":"2026-03-03T17:42:49+00:00","mainEntityOfPage":{"@id":"https:\/\/www.ovigilanteonline.com.br\/site\/2026\/03\/01\/corpo-de-ultimo-desaparecido-e-recuperado-em-juiz-de-fora-buscas-sao-finalizadas-com-65-mortos-pela-chuva\/"},"wordCount":356,"commentCount":0,"image":{"@id":"https:\/\/www.ovigilanteonline.com.br\/site\/2026\/03\/01\/corpo-de-ultimo-desaparecido-e-recuperado-em-juiz-de-fora-buscas-sao-finalizadas-com-65-mortos-pela-chuva\/#primaryimage"},"thumbnailUrl":"https:\/\/www.ovigilanteonline.com.br\/site\/wp-content\/uploads\/2026\/03\/67567657.jpg","articleSection":["Geral","\u00daltimas Not\u00edcias"],"inLanguage":"pt-BR","potentialAction":[{"@type":"CommentAction","name":"Comment","target":["https:\/\/www.ovigilanteonline.com.br\/site\/2026\/03\/01\/corpo-de-ultimo-desaparecido-e-recuperado-em-juiz-de-fora-buscas-sao-finalizadas-com-65-mortos-pela-chuva\/#respond"]}]},{"@type":"WebPage","@id":"https:\/\/www.ovigilanteonline.com.br\/site\/2026\/03\/01\/corpo-de-ultimo-desaparecido-e-recuperado-em-juiz-de-fora-buscas-sao-finalizadas-com-65-mortos-pela-chuva\/","url":"https:\/\/www.ovigilanteonline.com.br\/site\/2026\/03\/01\/corpo-de-ultimo-desaparecido-e-recuperado-em-juiz-de-fora-buscas-sao-finalizadas-com-65-mortos-pela-chuva\/","name":"Corpo de \u00faltimo desaparecido \u00e9 recuperado em Juiz de Fora; buscas s\u00e3o finalizadas com 65 mortos pela chuva","isPartOf":{"@id":"https:\/\/www.ovigilanteonline.com.br\/site\/#website"},"primaryImageOfPage":{"@id":"https:\/\/www.ovigilanteonline.com.br\/site\/2026\/03\/01\/corpo-de-ultimo-desaparecido-e-recuperado-em-juiz-de-fora-buscas-sao-finalizadas-com-65-mortos-pela-chuva\/#primaryimage"},"image":{"@id":"https:\/\/www.ovigilanteonline.com.br\/site\/2026\/03\/01\/corpo-de-ultimo-desaparecido-e-recuperado-em-juiz-de-fora-buscas-sao-finalizadas-com-65-mortos-pela-chuva\/#primaryimage"},"thumbnailUrl":"https:\/\/www.ovigilanteonline.com.br\/site\/wp-content\/uploads\/2026\/03\/67567657.jpg","datePublished":"2026-03-01T17:11:57+00:00","dateModified":"2026-03-03T17:42:49+00:00","author":{"@id":"https:\/\/www.ovigilanteonline.com.br\/site\/#\/schema\/person\/538fdfb33c0c411cd14a732e7cf14aa6"},"breadcrumb":{"@id":"https:\/\/www.ovigilanteonline.com.br\/site\/2026\/03\/01\/corpo-de-ultimo-desaparecido-e-recuperado-em-juiz-de-fora-buscas-sao-finalizadas-com-65-mortos-pela-chuva\/#breadcrumb"},"inLanguage":"pt-BR","potentialAction":[{"@type":"ReadAction","target":["https:\/\/www.ovigilanteonline.com.br\/site\/2026\/03\/01\/corpo-de-ultimo-desaparecido-e-recuperado-em-juiz-de-fora-buscas-sao-finalizadas-com-65-mortos-pela-chuva\/"]}]},{"@type":"ImageObject","inLanguage":"pt-BR","@id":"https:\/\/www.ovigilanteonline.com.br\/site\/2026\/03\/01\/corpo-de-ultimo-desaparecido-e-recuperado-em-juiz-de-fora-buscas-sao-finalizadas-com-65-mortos-pela-chuva\/#primaryimage","url":"https:\/\/www.ovigilanteonline.com.br\/site\/wp-content\/uploads\/2026\/03\/67567657.jpg","contentUrl":"https:\/\/www.ovigilanteonline.com.br\/site\/wp-content\/uploads\/2026\/03\/67567657.jpg","width":1000,"height":599},{"@type":"BreadcrumbList","@id":"https:\/\/www.ovigilanteonline.com.br\/site\/2026\/03\/01\/corpo-de-ultimo-desaparecido-e-recuperado-em-juiz-de-fora-buscas-sao-finalizadas-com-65-mortos-pela-chuva\/#breadcrumb","itemListElement":[{"@type":"ListItem","position":1,"name":"In\u00edcio","item":"https:\/\/www.ovigilanteonline.com.br\/site\/"},{"@type":"ListItem","position":2,"name":"Corpo de \u00faltimo desaparecido \u00e9 recuperado em Juiz de Fora; buscas s\u00e3o finalizadas com 65 mortos pela chuva"}]},{"@type":"WebSite","@id":"https:\/\/www.ovigilanteonline.com.br\/site\/#website","url":"https:\/\/www.ovigilanteonline.com.br\/site\/","name":"O VIGILANTE ONLINE - Not\u00edcias de Leopoldina e regi\u00e3o","description":"","potentialAction":[{"@type":"SearchAction","target":{"@type":"EntryPoint","urlTemplate":"https:\/\/www.ovigilanteonline.com.br\/site\/?s={search_term_string}"},"query-input":{"@type":"PropertyValueSpecification","valueRequired":true,"valueName":"search_term_string"}}],"inLanguage":"pt-BR"},{"@type":"Person","@id":"https:\/\/www.ovigilanteonline.com.br\/site\/#\/schema\/person\/538fdfb33c0c411cd14a732e7cf14aa6","name":"Jornalismo"}]}},"cc_featured_image_caption":{"caption_text":"","source_text":"","source_url":""},"_links":{"self":[{"href":"https:\/\/www.ovigilanteonline.com.br\/site\/wp-json\/wp\/v2\/posts\/450591","targetHints":{"allow":["GET"]}}],"collection":[{"href":"https:\/\/www.ovigilanteonline.com.br\/site\/wp-json\/wp\/v2\/posts"}],"about":[{"href":"https:\/\/www.ovigilanteonline.com.br\/site\/wp-json\/wp\/v2\/types\/post"}],"author":[{"embeddable":true,"href":"https:\/\/www.ovigilanteonline.com.br\/site\/wp-json\/wp\/v2\/users\/2"}],"replies":[{"embeddable":true,"href":"https:\/\/www.ovigilanteonline.com.br\/site\/wp-json\/wp\/v2\/comments?post=450591"}],"version-history":[{"count":0,"href":"https:\/\/www.ovigilanteonline.com.br\/site\/wp-json\/wp\/v2\/posts\/450591\/revisions"}],"wp:featuredmedia":[{"embeddable":true,"href":"https:\/\/www.ovigilanteonline.com.br\/site\/wp-json\/wp\/v2\/media\/450592"}],"wp:attachment":[{"href":"https:\/\/www.ovigilanteonline.com.br\/site\/wp-json\/wp\/v2\/media?parent=450591"}],"wp:term":[{"taxonomy":"category","embeddable":true,"href":"https:\/\/www.ovigilanteonline.com.br\/site\/wp-json\/wp\/v2\/categories?post=450591"},{"taxonomy":"post_tag","embeddable":true,"href":"https:\/\/www.ovigilanteonline.com.br\/site\/wp-json\/wp\/v2\/tags?post=450591"}],"curies":[{"name":"wp","href":"https:\/\/api.w.org\/{rel}","templated":true}]}}