{"id":449785,"date":"2026-02-04T07:54:57","date_gmt":"2026-02-04T10:54:57","guid":{"rendered":"https:\/\/www.ovigilanteonline.com.br\/site\/?p=449785"},"modified":"2026-02-06T10:09:12","modified_gmt":"2026-02-06T13:09:12","slug":"motociclista-de-25-anos-morre-apos-queda-em-via-urbana-de-cataguases","status":"publish","type":"post","link":"https:\/\/www.ovigilanteonline.com.br\/site\/2026\/02\/04\/motociclista-de-25-anos-morre-apos-queda-em-via-urbana-de-cataguases\/","title":{"rendered":"Motociclista de 25 anos morre ap\u00f3s queda em via urbana de Cataguases"},"content":{"rendered":"\n<h3 class=\"wp-block-heading\"><strong><em>Acidente aconteceu no trevo de acesso ao bairro Taquara Preta; v\u00edtima chegou a ser socorrida, mas n\u00e3o resistiu.<\/em><\/strong><\/h3>\n\n\n\n<p>Um jovem de 25 anos morreu ap\u00f3s um acidente de tr\u00e2nsito registrado no in\u00edcio da tarde desta ter\u00e7a-feira, 3 de fevereiro, na Rua Jos\u00e9 Costa Cruz, trevo de entrada do bairro Taquara Preta, em Cataguases.<\/p>\n\n\n\n<p>A v\u00edtima foi identificada como Luan de Melo Ramos, morador do bairro Santa Clara. Ele conduzia uma motocicleta Honda CB 300R, de cor preta, quando teria perdido o controle do ve\u00edculo e caiu ao ch\u00e3o chocando-se contra o meio fio, conforme apurou a Pol\u00edcia Militar junto a testemunhas. Segundo relatos, n\u00e3o houve envolvimento de outros ve\u00edculos nem de pedestres.<\/p>\n\n\n\n<p>De acordo com informa\u00e7\u00f5es da Pol\u00edcia Militar, a equipe foi acionada por volta das 12h26 pela Sala de Opera\u00e7\u00f5es da 146\u00aa Companhia. No local, os militares encontraram funcion\u00e1rias da Unidade B\u00e1sica de Sa\u00fade do bairro \u2014 uma t\u00e9cnica de enfermagem e uma m\u00e9dica \u2014 realizando manobras de ressuscita\u00e7\u00e3o no condutor da motocicleta.<\/p>\n\n\n\n\n\n<p>O Corpo de Bombeiros Militar e uma equipe do SAMU compareceram ao local, deram continuidade \u00e0s compress\u00f5es tor\u00e1cicas e encaminharam a v\u00edtima ao Pronto-Socorro do Hospital de Cataguases. Apesar do atendimento imediato, o \u00f3bito foi confirmado pelo m\u00e9dico de plant\u00e3o.<\/p>\n\n\n\n<p>A causa do acidente ainda \u00e9 desconhecida e ser\u00e1 investigada. A motocicleta estava com a documenta\u00e7\u00e3o regular e foi liberada ao propriet\u00e1rio, que havia emprestado o ve\u00edculo \u00e0 v\u00edtima.<\/p>\n\n\n\n<p><em>*Com Site do Marcelo Lopes<\/em><\/p>\n\n\n<div id=\"ovigi-1415693040\">\r\n<p class=\"has-text-align-center has-small-font-size\">continua depois da publicidade<\/p>\r\n\r\n\r\n\r\n<hr class=\"wp-block-separator has-alpha-channel-opacity is-style-wide\"\/>\r\n\r\n\r\n<center> \r\n<figure class=\"wp-block-image size-large\"><a href=\"https:\/\/www.instagram.com\/unimedleopoldina241\/\" target=\"_blank\" rel=\"noreferrer noopener\"><img decoding=\"async\" src=\"https:\/\/www.ovigilanteonline.com.br\/site\/wp-content\/uploads\/2026\/03\/UNIMED-FINAL.jpg\" alt=\"\" class=\"wp-image-395070\"\/><\/a><\/figure>\r\n<\/figure>\r\n<!-- \/wp:gallery --> <\/center>\r\n\r\n<!-- wp:separator {\"className\":\"is-style-wide\"} -->\r\n<hr class=\"wp-block-separator has-alpha-channel-opacity is-style-wide\"\/>\r\n<!-- \/wp:separator -->\r\n<\/div>\n\n<div  class=\"wp-block-ultimate-post-heading ultp-block-3f90b4\"><div class=\"ultp-block-wrapper\"><div class=\"ultp-heading-wrap ultp-heading-style18 ultp-heading-left\"><h2 class=\"ultp-heading-inner\"><span>Leia tamb\u00e9m<\/span><\/h2><\/div><\/div><\/div>\n\n<div  class=\"ultp-post-grid-block wp-block-ultimate-post-post-grid-2 ultp-block-d5261d\"><div class=\"ultp-block-wrapper\"><div class=\"ultp-loading\"><div class=\"ultp-loading-blocks\" style=\"width:100%;height:100%;\"><div style=\"left: 0;top: 0;animation-delay:0s;\"><\/div><div style=\"left: 21px;top: 0;animation-delay:0.125s;\"><\/div><div style=\"left: 42px;top: 0;animation-delay:0.25s;\"><\/div><div style=\"left: 0;top: 21px;animation-delay:0.875s;\"><\/div><div style=\"left: 42px;top: 21px;animation-delay:0.375s;\"><\/div><div style=\"left: 0;top: 42px;animation-delay:0.75s;\"><\/div><div style=\"left: 42px;top: 42px;animation-delay:0.625s;\"><\/div><div style=\"left: 21px;top: 42px;animation-delay:0.5s;\"><\/div><\/div><\/div><div class=\"ultp-block-items-wrap ultp-block-row\"><div class=\"ultp-block-item post-id-452251\"><div class=\"ultp-block-content-wrap ultp-block-content-overlay\"><div class=\"ultp-block-image ultp-block-image-none ultp-block-image-overlay ultp-block-image-simgleGradient\"><a href=\"https:\/\/www.ovigilanteonline.com.br\/site\/2026\/04\/28\/livro-caminhos-poeticos-em-tracos-e-lancado-em-leopoldina-com-exposicao-de-arte-e-sessao-de-autografos\/\" ><img decoding=\"async\"  alt=\"Livro &#8216;Caminhos Po\u00e9ticos em Tra\u00e7os&#8217; \u00e9 lan\u00e7ado em Leopoldina com exposi\u00e7\u00e3o de arte e sess\u00e3o de aut\u00f3grafos\"  src=\"https:\/\/www.ovigilanteonline.com.br\/site\/wp-content\/uploads\/2026\/04\/WhatsApp-Image-2026-04-27-at-13.12.51-870x570.jpeg\" \/><\/a><\/div><div class=\"ultp-block-content ultp-block-content-bottomPosition\"><div class=\"ultp-block-content-inner\"><h3 class=\"ultp-block-title \"><a href=\"https:\/\/www.ovigilanteonline.com.br\/site\/2026\/04\/28\/livro-caminhos-poeticos-em-tracos-e-lancado-em-leopoldina-com-exposicao-de-arte-e-sessao-de-autografos\/\" >Livro &#8216;Caminhos Po\u00e9ticos em Tra\u00e7os&#8217; \u00e9 lan\u00e7ado em Leopoldina com exposi\u00e7\u00e3o de arte e sess\u00e3o de aut\u00f3grafos<\/a><\/h3><\/div><\/div><\/div><\/div><div class=\"ultp-block-item post-id-452235\"><div class=\"ultp-block-content-wrap ultp-block-content-overlay\"><div class=\"ultp-block-image ultp-block-image-none ultp-block-image-overlay ultp-block-image-simgleGradient\"><a href=\"https:\/\/www.ovigilanteonline.com.br\/site\/2026\/04\/27\/energisa-anuncia-novo-diretor-presidente\/\" ><img decoding=\"async\"  alt=\"\u00a0Energisa Minas Rio anuncia novo diretor-presidente\"  src=\"https:\/\/www.ovigilanteonline.com.br\/site\/wp-content\/uploads\/2026\/04\/g6f2g6.jpg\" \/><\/a><\/div><div class=\"ultp-block-content ultp-block-content-bottomPosition\"><div class=\"ultp-block-content-inner\"><h3 class=\"ultp-block-title \"><a href=\"https:\/\/www.ovigilanteonline.com.br\/site\/2026\/04\/27\/energisa-anuncia-novo-diretor-presidente\/\" >\u00a0Energisa Minas Rio anuncia novo diretor-presidente<\/a><\/h3><\/div><\/div><\/div><\/div><div class=\"ultp-block-item post-id-452225\"><div class=\"ultp-block-content-wrap ultp-block-content-overlay\"><div class=\"ultp-block-image ultp-block-image-none ultp-block-image-overlay ultp-block-image-simgleGradient\"><a href=\"https:\/\/www.ovigilanteonline.com.br\/site\/2026\/04\/27\/172-anos-de-leopoldina-tradicao-cultura-e-identidade-que-atravessam-geracoes\/\" ><img decoding=\"async\"  alt=\"172 anos de Leopoldina: tradi\u00e7\u00e3o, cultura e identidade que atravessam gera\u00e7\u00f5es\"  src=\"https:\/\/www.ovigilanteonline.com.br\/site\/wp-content\/uploads\/2026\/04\/LEOPOLDINA-768x573-1-768x570.jpg\" \/><\/a><\/div><div class=\"ultp-block-content ultp-block-content-bottomPosition\"><div class=\"ultp-block-content-inner\"><h3 class=\"ultp-block-title \"><a href=\"https:\/\/www.ovigilanteonline.com.br\/site\/2026\/04\/27\/172-anos-de-leopoldina-tradicao-cultura-e-identidade-que-atravessam-geracoes\/\" >172 anos de Leopoldina: tradi\u00e7\u00e3o, cultura e identidade que atravessam gera\u00e7\u00f5es<\/a><\/h3><\/div><\/div><\/div><\/div><div class=\"ultp-block-item post-id-452221\"><div class=\"ultp-block-content-wrap ultp-block-content-overlay\"><div class=\"ultp-block-image ultp-block-image-none ultp-block-image-overlay ultp-block-image-simgleGradient\"><a href=\"https:\/\/www.ovigilanteonline.com.br\/site\/2026\/04\/27\/jovem-de-19-anos-morre-apos-moto-atingir-poste-em-cataguases\/\" ><img decoding=\"async\"  alt=\"Jovem de 19 anos morre ap\u00f3s moto atingir poste em Cataguases\"  src=\"https:\/\/www.ovigilanteonline.com.br\/site\/wp-content\/uploads\/2026\/04\/66556.jpg\" \/><\/a><\/div><div class=\"ultp-block-content ultp-block-content-bottomPosition\"><div class=\"ultp-block-content-inner\"><h3 class=\"ultp-block-title \"><a href=\"https:\/\/www.ovigilanteonline.com.br\/site\/2026\/04\/27\/jovem-de-19-anos-morre-apos-moto-atingir-poste-em-cataguases\/\" >Jovem de 19 anos morre ap\u00f3s moto atingir poste em Cataguases<\/a><\/h3><\/div><\/div><\/div><\/div><div class=\"ultp-block-item post-id-452218\"><div class=\"ultp-block-content-wrap ultp-block-content-overlay\"><div class=\"ultp-block-image ultp-block-image-none ultp-block-image-overlay ultp-block-image-simgleGradient\"><a href=\"https:\/\/www.ovigilanteonline.com.br\/site\/2026\/04\/26\/motociclista-e-preso-por-embriaguez-ao-volante-apos-acidente-em-leopoldina\/\" ><img decoding=\"async\"  alt=\"Motociclista \u00e9 preso por embriaguez ao volante ap\u00f3s acidente em Leopoldina\"  src=\"https:\/\/www.ovigilanteonline.com.br\/site\/wp-content\/uploads\/2026\/03\/viatura-gcm-870x570.jpg\" \/><\/a><\/div><div class=\"ultp-block-content ultp-block-content-bottomPosition\"><div class=\"ultp-block-content-inner\"><h3 class=\"ultp-block-title \"><a href=\"https:\/\/www.ovigilanteonline.com.br\/site\/2026\/04\/26\/motociclista-e-preso-por-embriaguez-ao-volante-apos-acidente-em-leopoldina\/\" >Motociclista \u00e9 preso por embriaguez ao volante ap\u00f3s acidente em Leopoldina<\/a><\/h3><\/div><\/div><\/div><\/div><div class=\"ultp-block-item post-id-452210\"><div class=\"ultp-block-content-wrap ultp-block-content-overlay\"><div class=\"ultp-block-image ultp-block-image-none ultp-block-image-overlay ultp-block-image-simgleGradient\"><a href=\"https:\/\/www.ovigilanteonline.com.br\/site\/2026\/04\/26\/homem-e-preso-pela-pm-apos-furto-de-fios-e-resistencia-a-abordagem-policial-em-leopoldina\/\" ><img decoding=\"async\"  alt=\"Homem \u00e9 preso pela PM ap\u00f3s furto de fios e resist\u00eancia \u00e0 abordagem policial em Leopoldina\"  src=\"https:\/\/www.ovigilanteonline.com.br\/site\/wp-content\/uploads\/2026\/02\/pm-viatura-3.jpg\" \/><\/a><\/div><div class=\"ultp-block-content ultp-block-content-bottomPosition\"><div class=\"ultp-block-content-inner\"><h3 class=\"ultp-block-title \"><a href=\"https:\/\/www.ovigilanteonline.com.br\/site\/2026\/04\/26\/homem-e-preso-pela-pm-apos-furto-de-fios-e-resistencia-a-abordagem-policial-em-leopoldina\/\" >Homem \u00e9 preso pela PM ap\u00f3s furto de fios e resist\u00eancia \u00e0 abordagem policial em Leopoldina<\/a><\/h3><\/div><\/div><\/div><\/div><\/div><\/div><div class=\"pagination-block-html\" aria-hidden=\"true\" style=\"display: none;\"><\/div><\/div>","protected":false},"excerpt":{"rendered":"<p>Acidente aconteceu no trevo de acesso ao bairro Taquara Preta; v\u00edtima chegou a ser socorrida, mas n\u00e3o resistiu. Um jovem de 25 anos morreu ap\u00f3s um acidente de tr\u00e2nsito registrado no in\u00edcio da tarde desta ter\u00e7a-feira, 3 de fevereiro, na Rua Jos\u00e9 Costa Cruz, trevo de entrada do bairro Taquara Preta, em Cataguases. A v\u00edtima [&hellip;]<\/p>\n","protected":false},"author":2,"featured_media":449786,"comment_status":"open","ping_status":"closed","sticky":false,"template":"","format":"standard","meta":{"footnotes":""},"categories":[17,19,12,26],"tags":[],"class_list":["post-449785","post","type-post","status-publish","format-standard","has-post-thumbnail","hentry","category-geral","category-giro-vigilante","category-regiao","category-ultimas-noticias"],"yoast_head":"<!-- This site is optimized with the Yoast SEO plugin v27.4 - https:\/\/yoast.com\/product\/yoast-seo-wordpress\/ -->\n<title>Motociclista de 25 anos morre ap\u00f3s queda em via urbana de Cataguases<\/title>\n<meta name=\"robots\" content=\"index, follow, max-snippet:-1, max-image-preview:large, max-video-preview:-1\" \/>\n<link rel=\"canonical\" href=\"https:\/\/www.ovigilanteonline.com.br\/site\/2026\/02\/04\/motociclista-de-25-anos-morre-apos-queda-em-via-urbana-de-cataguases\/\" \/>\n<meta property=\"og:locale\" content=\"pt_BR\" \/>\n<meta property=\"og:type\" content=\"article\" \/>\n<meta property=\"og:title\" content=\"Motociclista de 25 anos morre ap\u00f3s queda em via urbana de Cataguases\" \/>\n<meta property=\"og:description\" content=\"Acidente aconteceu no trevo de acesso ao bairro Taquara Preta; v\u00edtima chegou a ser socorrida, mas n\u00e3o resistiu. Um jovem de 25 anos morreu ap\u00f3s um acidente de tr\u00e2nsito registrado no in\u00edcio da tarde desta ter\u00e7a-feira, 3 de fevereiro, na Rua Jos\u00e9 Costa Cruz, trevo de entrada do bairro Taquara Preta, em Cataguases. A v\u00edtima [&hellip;]\" \/>\n<meta property=\"og:url\" content=\"https:\/\/www.ovigilanteonline.com.br\/site\/2026\/02\/04\/motociclista-de-25-anos-morre-apos-queda-em-via-urbana-de-cataguases\/\" \/>\n<meta property=\"og:site_name\" content=\"O VIGILANTE ONLINE\" \/>\n<meta property=\"article:publisher\" content=\"https:\/\/www.facebook.com\/ovigilanteonline\" \/>\n<meta property=\"article:published_time\" content=\"2026-02-04T10:54:57+00:00\" \/>\n<meta property=\"article:modified_time\" content=\"2026-02-06T13:09:12+00:00\" \/>\n<meta property=\"og:image\" content=\"https:\/\/www.ovigilanteonline.com.br\/site\/wp-content\/uploads\/2026\/02\/25fda2dsf.jpg\" \/>\n\t<meta property=\"og:image:width\" content=\"800\" \/>\n\t<meta property=\"og:image:height\" content=\"450\" \/>\n\t<meta property=\"og:image:type\" content=\"image\/jpeg\" \/>\n<meta name=\"author\" content=\"Jornalismo\" \/>\n<meta name=\"twitter:card\" content=\"summary_large_image\" \/>\n<meta name=\"twitter:label1\" content=\"Escrito por\" \/>\n\t<meta name=\"twitter:data1\" content=\"Jornalismo\" \/>\n\t<meta name=\"twitter:label2\" content=\"Est. tempo de leitura\" \/>\n\t<meta name=\"twitter:data2\" content=\"2 minutos\" \/>\n<script type=\"application\/ld+json\" class=\"yoast-schema-graph\">{\"@context\":\"https:\\\/\\\/schema.org\",\"@graph\":[{\"@type\":\"Article\",\"@id\":\"https:\\\/\\\/www.ovigilanteonline.com.br\\\/site\\\/2026\\\/02\\\/04\\\/motociclista-de-25-anos-morre-apos-queda-em-via-urbana-de-cataguases\\\/#article\",\"isPartOf\":{\"@id\":\"https:\\\/\\\/www.ovigilanteonline.com.br\\\/site\\\/2026\\\/02\\\/04\\\/motociclista-de-25-anos-morre-apos-queda-em-via-urbana-de-cataguases\\\/\"},\"author\":{\"name\":\"Jornalismo\",\"@id\":\"https:\\\/\\\/www.ovigilanteonline.com.br\\\/site\\\/#\\\/schema\\\/person\\\/538fdfb33c0c411cd14a732e7cf14aa6\"},\"headline\":\"Motociclista de 25 anos morre ap\u00f3s queda em via urbana de Cataguases\",\"datePublished\":\"2026-02-04T10:54:57+00:00\",\"dateModified\":\"2026-02-06T13:09:12+00:00\",\"mainEntityOfPage\":{\"@id\":\"https:\\\/\\\/www.ovigilanteonline.com.br\\\/site\\\/2026\\\/02\\\/04\\\/motociclista-de-25-anos-morre-apos-queda-em-via-urbana-de-cataguases\\\/\"},\"wordCount\":273,\"commentCount\":0,\"image\":{\"@id\":\"https:\\\/\\\/www.ovigilanteonline.com.br\\\/site\\\/2026\\\/02\\\/04\\\/motociclista-de-25-anos-morre-apos-queda-em-via-urbana-de-cataguases\\\/#primaryimage\"},\"thumbnailUrl\":\"https:\\\/\\\/www.ovigilanteonline.com.br\\\/site\\\/wp-content\\\/uploads\\\/2026\\\/02\\\/25fda2dsf.jpg\",\"articleSection\":[\"Geral\",\"Giro Vigilante\",\"Regi\u00e3o\",\"\u00daltimas Not\u00edcias\"],\"inLanguage\":\"pt-BR\",\"potentialAction\":[{\"@type\":\"CommentAction\",\"name\":\"Comment\",\"target\":[\"https:\\\/\\\/www.ovigilanteonline.com.br\\\/site\\\/2026\\\/02\\\/04\\\/motociclista-de-25-anos-morre-apos-queda-em-via-urbana-de-cataguases\\\/#respond\"]}]},{\"@type\":\"WebPage\",\"@id\":\"https:\\\/\\\/www.ovigilanteonline.com.br\\\/site\\\/2026\\\/02\\\/04\\\/motociclista-de-25-anos-morre-apos-queda-em-via-urbana-de-cataguases\\\/\",\"url\":\"https:\\\/\\\/www.ovigilanteonline.com.br\\\/site\\\/2026\\\/02\\\/04\\\/motociclista-de-25-anos-morre-apos-queda-em-via-urbana-de-cataguases\\\/\",\"name\":\"Motociclista de 25 anos morre ap\u00f3s queda em via urbana de Cataguases\",\"isPartOf\":{\"@id\":\"https:\\\/\\\/www.ovigilanteonline.com.br\\\/site\\\/#website\"},\"primaryImageOfPage\":{\"@id\":\"https:\\\/\\\/www.ovigilanteonline.com.br\\\/site\\\/2026\\\/02\\\/04\\\/motociclista-de-25-anos-morre-apos-queda-em-via-urbana-de-cataguases\\\/#primaryimage\"},\"image\":{\"@id\":\"https:\\\/\\\/www.ovigilanteonline.com.br\\\/site\\\/2026\\\/02\\\/04\\\/motociclista-de-25-anos-morre-apos-queda-em-via-urbana-de-cataguases\\\/#primaryimage\"},\"thumbnailUrl\":\"https:\\\/\\\/www.ovigilanteonline.com.br\\\/site\\\/wp-content\\\/uploads\\\/2026\\\/02\\\/25fda2dsf.jpg\",\"datePublished\":\"2026-02-04T10:54:57+00:00\",\"dateModified\":\"2026-02-06T13:09:12+00:00\",\"author\":{\"@id\":\"https:\\\/\\\/www.ovigilanteonline.com.br\\\/site\\\/#\\\/schema\\\/person\\\/538fdfb33c0c411cd14a732e7cf14aa6\"},\"breadcrumb\":{\"@id\":\"https:\\\/\\\/www.ovigilanteonline.com.br\\\/site\\\/2026\\\/02\\\/04\\\/motociclista-de-25-anos-morre-apos-queda-em-via-urbana-de-cataguases\\\/#breadcrumb\"},\"inLanguage\":\"pt-BR\",\"potentialAction\":[{\"@type\":\"ReadAction\",\"target\":[\"https:\\\/\\\/www.ovigilanteonline.com.br\\\/site\\\/2026\\\/02\\\/04\\\/motociclista-de-25-anos-morre-apos-queda-em-via-urbana-de-cataguases\\\/\"]}]},{\"@type\":\"ImageObject\",\"inLanguage\":\"pt-BR\",\"@id\":\"https:\\\/\\\/www.ovigilanteonline.com.br\\\/site\\\/2026\\\/02\\\/04\\\/motociclista-de-25-anos-morre-apos-queda-em-via-urbana-de-cataguases\\\/#primaryimage\",\"url\":\"https:\\\/\\\/www.ovigilanteonline.com.br\\\/site\\\/wp-content\\\/uploads\\\/2026\\\/02\\\/25fda2dsf.jpg\",\"contentUrl\":\"https:\\\/\\\/www.ovigilanteonline.com.br\\\/site\\\/wp-content\\\/uploads\\\/2026\\\/02\\\/25fda2dsf.jpg\",\"width\":800,\"height\":450},{\"@type\":\"BreadcrumbList\",\"@id\":\"https:\\\/\\\/www.ovigilanteonline.com.br\\\/site\\\/2026\\\/02\\\/04\\\/motociclista-de-25-anos-morre-apos-queda-em-via-urbana-de-cataguases\\\/#breadcrumb\",\"itemListElement\":[{\"@type\":\"ListItem\",\"position\":1,\"name\":\"In\u00edcio\",\"item\":\"https:\\\/\\\/www.ovigilanteonline.com.br\\\/site\\\/\"},{\"@type\":\"ListItem\",\"position\":2,\"name\":\"Motociclista de 25 anos morre ap\u00f3s queda em via urbana de Cataguases\"}]},{\"@type\":\"WebSite\",\"@id\":\"https:\\\/\\\/www.ovigilanteonline.com.br\\\/site\\\/#website\",\"url\":\"https:\\\/\\\/www.ovigilanteonline.com.br\\\/site\\\/\",\"name\":\"O VIGILANTE ONLINE - Not\u00edcias de Leopoldina e regi\u00e3o\",\"description\":\"\",\"potentialAction\":[{\"@type\":\"SearchAction\",\"target\":{\"@type\":\"EntryPoint\",\"urlTemplate\":\"https:\\\/\\\/www.ovigilanteonline.com.br\\\/site\\\/?s={search_term_string}\"},\"query-input\":{\"@type\":\"PropertyValueSpecification\",\"valueRequired\":true,\"valueName\":\"search_term_string\"}}],\"inLanguage\":\"pt-BR\"},{\"@type\":\"Person\",\"@id\":\"https:\\\/\\\/www.ovigilanteonline.com.br\\\/site\\\/#\\\/schema\\\/person\\\/538fdfb33c0c411cd14a732e7cf14aa6\",\"name\":\"Jornalismo\"}]}<\/script>\n<!-- \/ Yoast SEO plugin. -->","yoast_head_json":{"title":"Motociclista de 25 anos morre ap\u00f3s queda em via urbana de Cataguases","robots":{"index":"index","follow":"follow","max-snippet":"max-snippet:-1","max-image-preview":"max-image-preview:large","max-video-preview":"max-video-preview:-1"},"canonical":"https:\/\/www.ovigilanteonline.com.br\/site\/2026\/02\/04\/motociclista-de-25-anos-morre-apos-queda-em-via-urbana-de-cataguases\/","og_locale":"pt_BR","og_type":"article","og_title":"Motociclista de 25 anos morre ap\u00f3s queda em via urbana de Cataguases","og_description":"Acidente aconteceu no trevo de acesso ao bairro Taquara Preta; v\u00edtima chegou a ser socorrida, mas n\u00e3o resistiu. Um jovem de 25 anos morreu ap\u00f3s um acidente de tr\u00e2nsito registrado no in\u00edcio da tarde desta ter\u00e7a-feira, 3 de fevereiro, na Rua Jos\u00e9 Costa Cruz, trevo de entrada do bairro Taquara Preta, em Cataguases. A v\u00edtima [&hellip;]","og_url":"https:\/\/www.ovigilanteonline.com.br\/site\/2026\/02\/04\/motociclista-de-25-anos-morre-apos-queda-em-via-urbana-de-cataguases\/","og_site_name":"O VIGILANTE ONLINE","article_publisher":"https:\/\/www.facebook.com\/ovigilanteonline","article_published_time":"2026-02-04T10:54:57+00:00","article_modified_time":"2026-02-06T13:09:12+00:00","og_image":[{"width":800,"height":450,"url":"https:\/\/www.ovigilanteonline.com.br\/site\/wp-content\/uploads\/2026\/02\/25fda2dsf.jpg","type":"image\/jpeg"}],"author":"Jornalismo","twitter_card":"summary_large_image","twitter_misc":{"Escrito por":"Jornalismo","Est. tempo de leitura":"2 minutos"},"schema":{"@context":"https:\/\/schema.org","@graph":[{"@type":"Article","@id":"https:\/\/www.ovigilanteonline.com.br\/site\/2026\/02\/04\/motociclista-de-25-anos-morre-apos-queda-em-via-urbana-de-cataguases\/#article","isPartOf":{"@id":"https:\/\/www.ovigilanteonline.com.br\/site\/2026\/02\/04\/motociclista-de-25-anos-morre-apos-queda-em-via-urbana-de-cataguases\/"},"author":{"name":"Jornalismo","@id":"https:\/\/www.ovigilanteonline.com.br\/site\/#\/schema\/person\/538fdfb33c0c411cd14a732e7cf14aa6"},"headline":"Motociclista de 25 anos morre ap\u00f3s queda em via urbana de Cataguases","datePublished":"2026-02-04T10:54:57+00:00","dateModified":"2026-02-06T13:09:12+00:00","mainEntityOfPage":{"@id":"https:\/\/www.ovigilanteonline.com.br\/site\/2026\/02\/04\/motociclista-de-25-anos-morre-apos-queda-em-via-urbana-de-cataguases\/"},"wordCount":273,"commentCount":0,"image":{"@id":"https:\/\/www.ovigilanteonline.com.br\/site\/2026\/02\/04\/motociclista-de-25-anos-morre-apos-queda-em-via-urbana-de-cataguases\/#primaryimage"},"thumbnailUrl":"https:\/\/www.ovigilanteonline.com.br\/site\/wp-content\/uploads\/2026\/02\/25fda2dsf.jpg","articleSection":["Geral","Giro Vigilante","Regi\u00e3o","\u00daltimas Not\u00edcias"],"inLanguage":"pt-BR","potentialAction":[{"@type":"CommentAction","name":"Comment","target":["https:\/\/www.ovigilanteonline.com.br\/site\/2026\/02\/04\/motociclista-de-25-anos-morre-apos-queda-em-via-urbana-de-cataguases\/#respond"]}]},{"@type":"WebPage","@id":"https:\/\/www.ovigilanteonline.com.br\/site\/2026\/02\/04\/motociclista-de-25-anos-morre-apos-queda-em-via-urbana-de-cataguases\/","url":"https:\/\/www.ovigilanteonline.com.br\/site\/2026\/02\/04\/motociclista-de-25-anos-morre-apos-queda-em-via-urbana-de-cataguases\/","name":"Motociclista de 25 anos morre ap\u00f3s queda em via urbana de Cataguases","isPartOf":{"@id":"https:\/\/www.ovigilanteonline.com.br\/site\/#website"},"primaryImageOfPage":{"@id":"https:\/\/www.ovigilanteonline.com.br\/site\/2026\/02\/04\/motociclista-de-25-anos-morre-apos-queda-em-via-urbana-de-cataguases\/#primaryimage"},"image":{"@id":"https:\/\/www.ovigilanteonline.com.br\/site\/2026\/02\/04\/motociclista-de-25-anos-morre-apos-queda-em-via-urbana-de-cataguases\/#primaryimage"},"thumbnailUrl":"https:\/\/www.ovigilanteonline.com.br\/site\/wp-content\/uploads\/2026\/02\/25fda2dsf.jpg","datePublished":"2026-02-04T10:54:57+00:00","dateModified":"2026-02-06T13:09:12+00:00","author":{"@id":"https:\/\/www.ovigilanteonline.com.br\/site\/#\/schema\/person\/538fdfb33c0c411cd14a732e7cf14aa6"},"breadcrumb":{"@id":"https:\/\/www.ovigilanteonline.com.br\/site\/2026\/02\/04\/motociclista-de-25-anos-morre-apos-queda-em-via-urbana-de-cataguases\/#breadcrumb"},"inLanguage":"pt-BR","potentialAction":[{"@type":"ReadAction","target":["https:\/\/www.ovigilanteonline.com.br\/site\/2026\/02\/04\/motociclista-de-25-anos-morre-apos-queda-em-via-urbana-de-cataguases\/"]}]},{"@type":"ImageObject","inLanguage":"pt-BR","@id":"https:\/\/www.ovigilanteonline.com.br\/site\/2026\/02\/04\/motociclista-de-25-anos-morre-apos-queda-em-via-urbana-de-cataguases\/#primaryimage","url":"https:\/\/www.ovigilanteonline.com.br\/site\/wp-content\/uploads\/2026\/02\/25fda2dsf.jpg","contentUrl":"https:\/\/www.ovigilanteonline.com.br\/site\/wp-content\/uploads\/2026\/02\/25fda2dsf.jpg","width":800,"height":450},{"@type":"BreadcrumbList","@id":"https:\/\/www.ovigilanteonline.com.br\/site\/2026\/02\/04\/motociclista-de-25-anos-morre-apos-queda-em-via-urbana-de-cataguases\/#breadcrumb","itemListElement":[{"@type":"ListItem","position":1,"name":"In\u00edcio","item":"https:\/\/www.ovigilanteonline.com.br\/site\/"},{"@type":"ListItem","position":2,"name":"Motociclista de 25 anos morre ap\u00f3s queda em via urbana de Cataguases"}]},{"@type":"WebSite","@id":"https:\/\/www.ovigilanteonline.com.br\/site\/#website","url":"https:\/\/www.ovigilanteonline.com.br\/site\/","name":"O VIGILANTE ONLINE - Not\u00edcias de Leopoldina e regi\u00e3o","description":"","potentialAction":[{"@type":"SearchAction","target":{"@type":"EntryPoint","urlTemplate":"https:\/\/www.ovigilanteonline.com.br\/site\/?s={search_term_string}"},"query-input":{"@type":"PropertyValueSpecification","valueRequired":true,"valueName":"search_term_string"}}],"inLanguage":"pt-BR"},{"@type":"Person","@id":"https:\/\/www.ovigilanteonline.com.br\/site\/#\/schema\/person\/538fdfb33c0c411cd14a732e7cf14aa6","name":"Jornalismo"}]}},"cc_featured_image_caption":{"caption_text":"","source_text":"","source_url":""},"_links":{"self":[{"href":"https:\/\/www.ovigilanteonline.com.br\/site\/wp-json\/wp\/v2\/posts\/449785","targetHints":{"allow":["GET"]}}],"collection":[{"href":"https:\/\/www.ovigilanteonline.com.br\/site\/wp-json\/wp\/v2\/posts"}],"about":[{"href":"https:\/\/www.ovigilanteonline.com.br\/site\/wp-json\/wp\/v2\/types\/post"}],"author":[{"embeddable":true,"href":"https:\/\/www.ovigilanteonline.com.br\/site\/wp-json\/wp\/v2\/users\/2"}],"replies":[{"embeddable":true,"href":"https:\/\/www.ovigilanteonline.com.br\/site\/wp-json\/wp\/v2\/comments?post=449785"}],"version-history":[{"count":0,"href":"https:\/\/www.ovigilanteonline.com.br\/site\/wp-json\/wp\/v2\/posts\/449785\/revisions"}],"wp:featuredmedia":[{"embeddable":true,"href":"https:\/\/www.ovigilanteonline.com.br\/site\/wp-json\/wp\/v2\/media\/449786"}],"wp:attachment":[{"href":"https:\/\/www.ovigilanteonline.com.br\/site\/wp-json\/wp\/v2\/media?parent=449785"}],"wp:term":[{"taxonomy":"category","embeddable":true,"href":"https:\/\/www.ovigilanteonline.com.br\/site\/wp-json\/wp\/v2\/categories?post=449785"},{"taxonomy":"post_tag","embeddable":true,"href":"https:\/\/www.ovigilanteonline.com.br\/site\/wp-json\/wp\/v2\/tags?post=449785"}],"curies":[{"name":"wp","href":"https:\/\/api.w.org\/{rel}","templated":true}]}}