{"id":449640,"date":"2026-01-29T18:23:53","date_gmt":"2026-01-29T21:23:53","guid":{"rendered":"https:\/\/www.ovigilanteonline.com.br\/site\/?p=449640"},"modified":"2026-01-29T18:23:57","modified_gmt":"2026-01-29T21:23:57","slug":"furto-de-veiculo-em-mirai-termina-com-acidente-e-prisao-em-flagrante","status":"publish","type":"post","link":"https:\/\/www.ovigilanteonline.com.br\/site\/2026\/01\/29\/furto-de-veiculo-em-mirai-termina-com-acidente-e-prisao-em-flagrante\/","title":{"rendered":"Furto de ve\u00edculo em Mira\u00ed termina com acidente e pris\u00e3o em flagrante"},"content":{"rendered":"<div id=\"ovigi-1717931999\" class=\"ovigi-inicio-post-interno ovigi-entity-placement\" style=\"margin-left: auto;margin-right: auto;text-align: center;\"><a href=\"https:\/\/onelink.to\/tfjfd3?utm_source=ig&#038;utm_medium=social&#038;utm_content=link_in_bio&#038;fbclid=PAcGRvZgJleHRuA2FlbQIxMQBzcnRjBmFwcF9pZA85MzY2MTk3NDMzOTI0NTkAAacgW20vIuhakYBCxZduUBbwssdSFoAQ7exuq7BFVvR-PR9sdpzVWlAvY7yZog_aem__Bn7V7eJEMspatV_tVfmIA\" target=\"_blank\" aria-label=\"ARTE GIF\"><img decoding=\"async\" src=\"https:\/\/www.ovigilanteonline.com.br\/site\/wp-content\/uploads\/2026\/05\/ARTE-GIF.gif\" alt=\"\"    \/><\/a><\/div>\n<h3 class=\"wp-block-heading\"><strong><em>Autor tamb\u00e9m confessou ter furtado um Ford Fiesta em Cataguases e trocado por tr\u00eas pedras de crack.<\/em><\/strong><\/h3>\n\n\n\n<p class=\"wp-block-paragraph\">Um furto de ve\u00edculo registrado na cidade de Mira\u00ed mobilizou diversas guarni\u00e7\u00f5es da Pol\u00edcia Militar e terminou com a pris\u00e3o em flagrante do autor, ap\u00f3s um acidente de tr\u00e2nsito em Sereno, distrito de Cataguases.<\/p>\n\n\n\n<p class=\"wp-block-paragraph\">Durante patrulhamento, a PM foi informada sobre o furto de uma camionete VW\/Saveiro, subtra\u00edda enquanto estava estacionada em via p\u00fablica, com a chave na igni\u00e7\u00e3o. De imediato, os militares se deslocaram at\u00e9 a Delegacia de Pol\u00edcia Civil de Mira\u00ed, onde fizeram contato com a v\u00edtima e confirmaram as informa\u00e7\u00f5es.<\/p><div id=\"ovigi-3268645678\" class=\"ovigi-conteudo_2-3 ovigi-entity-placement\"><script async src=\"\/\/pagead2.googlesyndication.com\/pagead\/js\/adsbygoogle.js?client=ca-pub-4068173061741521\" crossorigin=\"anonymous\"><\/script><ins class=\"adsbygoogle\" style=\"display:block; text-align:center;\" data-ad-client=\"ca-pub-4068173061741521\" \ndata-ad-slot=\"6460393376\" \ndata-ad-layout=\"in-article\"\ndata-ad-format=\"fluid\"><\/ins>\n<script> \n(adsbygoogle = window.adsbygoogle || []).push({}); \n<\/script>\n<\/div><div id=\"ovigi-2907857357\" class=\"ovigi-conteudo_2-2 ovigi-entity-placement\"><script async src=\"\/\/pagead2.googlesyndication.com\/pagead\/js\/adsbygoogle.js?client=ca-pub-4068173061741521\" crossorigin=\"anonymous\"><\/script><ins class=\"adsbygoogle\" style=\"display:block; text-align:center;\" data-ad-client=\"ca-pub-4068173061741521\" \ndata-ad-slot=\"6460393376\" \ndata-ad-layout=\"in-article\"\ndata-ad-format=\"fluid\"><\/ins>\n<script> \n(adsbygoogle = window.adsbygoogle || []).push({}); \n<\/script>\n<\/div><div id=\"ovigi-4059396884\" class=\"ovigi-conteudo_2 ovigi-entity-placement\"><script async src=\"\/\/pagead2.googlesyndication.com\/pagead\/js\/adsbygoogle.js?client=ca-pub-4068173061741521\" crossorigin=\"anonymous\"><\/script><ins class=\"adsbygoogle\" style=\"display:block; text-align:center;\" data-ad-client=\"ca-pub-4068173061741521\" \ndata-ad-slot=\"6460393376\" \ndata-ad-layout=\"in-article\"\ndata-ad-format=\"fluid\"><\/ins>\n<script> \n(adsbygoogle = window.adsbygoogle || []).push({}); \n<\/script>\n<\/div><div id=\"ovigi-2821970314\" class=\"ovigi-conteudo_2-4 ovigi-entity-placement\"><script async src=\"\/\/pagead2.googlesyndication.com\/pagead\/js\/adsbygoogle.js?client=ca-pub-4068173061741521\" crossorigin=\"anonymous\"><\/script><ins class=\"adsbygoogle\" style=\"display:block; text-align:center;\" data-ad-client=\"ca-pub-4068173061741521\" \ndata-ad-slot=\"6460393376\" \ndata-ad-layout=\"in-article\"\ndata-ad-format=\"fluid\"><\/ins>\n<script> \n(adsbygoogle = window.adsbygoogle || []).push({}); \n<\/script>\n<\/div>\n\n\n\n<p class=\"wp-block-paragraph\">Com a not\u00edcia de que o ve\u00edculo havia seguido sentido Cataguases pela rodovia MG-447, foi iniciado um rastreamento com apoio das guarni\u00e7\u00f5es de Cataguases, Santana de Cataguases, T\u00e1tico M\u00f3vel e Pol\u00edcia Rodovi\u00e1ria. As equipes montaram um cerco e bloqueio em pontos estrat\u00e9gicos da regi\u00e3o.<\/p>\n\n\n\n\n\n<p class=\"wp-block-paragraph\">Em Sereno, durante o cerco, os militares receberam a informa\u00e7\u00e3o de um acidente de tr\u00e2nsito envolvendo uma camionete preta e um ve\u00edculo Fiat Toro. No local, foi constatado que a camionete envolvida no acidente era a VW\/Saveiro furtada em Mira\u00ed. O autor, de 27 anos, foi localizado pr\u00f3ximo ao autom\u00f3vel e preso em flagrante.<\/p>\n\n\n\n<p class=\"wp-block-paragraph\">Durante a pris\u00e3o, o indiv\u00edduo confessou que, na mesma data, havia praticado outros furtos na regi\u00e3o. Segundo ele, pela manh\u00e3, furtou um Ford Fiesta em Cataguases, que teria sido trocado por tr\u00eas pedras de crack em Sereno, e um aparelho celular, ocorrido em Mira\u00ed.<\/p>\n\n\n\n<p class=\"wp-block-paragraph\">No acidente, n\u00e3o houve v\u00edtimas, sendo registrados apenas danos materiais. Ap\u00f3s contato com a per\u00edcia, os ve\u00edculos foram liberados aos propriet\u00e1rios.<\/p>\n\n\n<div id=\"ovigi-2981560755\">\r\n<p class=\"has-text-align-center has-small-font-size wp-block-paragraph\">continua depois da publicidade<\/p>\r\n\r\n\r\n\r\n<hr class=\"wp-block-separator has-alpha-channel-opacity is-style-wide\"\/>\r\n\r\n\r\n\r\n<div class=\"wp-block-columns is-layout-flex wp-container-core-columns-is-layout-8f761849 wp-block-columns-is-layout-flex\">\r\n<div class=\"wp-block-column is-layout-flow wp-block-column-is-layout-flow\">\r\n<figure class=\"wp-block-image size-full is-resized\"><a href=\"https:\/\/www.instagram.com\/unimedleopoldina241\/\" target=\"_blank\" rel=\" noreferrer noopener\"><img decoding=\"async\" src=\"https:\/\/www.ovigilanteonline.com.br\/site\/wp-content\/uploads\/2026\/08\/unimed-materias.jpg\" alt=\"\" class=\"wp-image-455236\"\/><\/a><\/figure>\r\n<\/div>\r\n\r\n\r\n\r\n<div class=\"wp-block-column is-layout-flow wp-block-column-is-layout-flow\">\r\n<figure class=\"wp-block-image size-full\"><a href=\"https:\/\/vest.sudamerica.edu.br\/vest-2026-2\" target=\"_blank\" rel=\" noreferrer noopener\"><img decoding=\"async\" src=\"https:\/\/www.ovigilanteonline.com.br\/site\/wp-content\/uploads\/2026\/08\/sudamerica-materias.jpg\" alt=\"\" class=\"wp-image-453120\"\/><\/a><\/figure>\r\n<\/div>\r\n<\/div>\r\n\r\n\r\n\r\n<hr class=\"wp-block-separator has-alpha-channel-opacity is-style-wide\"\/>\r\n<\/div>\n\n\n<p class=\"wp-block-paragraph\">O autor, que apresentava les\u00f5es, foi encaminhado para atendimento m\u00e9dico e, em seguida, conduzido \u00e0 Delegacia de Plant\u00e3o, onde permaneceu \u00e0 disposi\u00e7\u00e3o da Justi\u00e7a para as provid\u00eancias cab\u00edveis.<\/p>\n\n\n\n<p class=\"wp-block-paragraph\">A PM informou que segue fazendo dilig\u00eancias para localizar e recuperar o Ford Fiesta furtado no Bairro Taquara Preta, em Cataguases.<\/p>\n\n\n\n<p class=\"wp-block-paragraph\"><em>*Com Site do Marcelo Lopes<\/em><\/p>\n\n\n<div  class=\"wp-block-ultimate-post-heading ultp-block-c66495\"><div class=\"ultp-block-wrapper\"><div class=\"ultp-heading-wrap ultp-heading-style18 ultp-heading-left\"><h2 class=\"ultp-heading-inner\"><span>Leia tamb\u00e9m<\/span><\/h2><\/div><\/div><\/div>\n\n<div  class=\"ultp-post-grid-block wp-block-ultimate-post-post-grid-2 ultp-block-b37191 \"><div class=\"ultp-block-wrapper\" ><div class=\"ultp-loading\"><div class=\"ultp-loading-blocks\" style=\"width:100%;height:100%;\"><div style=\"left: 0;top: 0;animation-delay:0s;\"><\/div><div style=\"left: 21px;top: 0;animation-delay:0.125s;\"><\/div><div style=\"left: 42px;top: 0;animation-delay:0.25s;\"><\/div><div style=\"left: 0;top: 21px;animation-delay:0.875s;\"><\/div><div style=\"left: 42px;top: 21px;animation-delay:0.375s;\"><\/div><div style=\"left: 0;top: 42px;animation-delay:0.75s;\"><\/div><div style=\"left: 42px;top: 42px;animation-delay:0.625s;\"><\/div><div style=\"left: 21px;top: 42px;animation-delay:0.5s;\"><\/div><\/div><\/div><div class=\"ultp-block-items-wrap ultp-block-row\"><div class=\"ultp-block-item post-id-456429\"><div class=\"ultp-block-content-wrap ultp-block-content-overlay\"><div class=\"ultp-block-image ultp-block-image-none ultp-block-image-overlay ultp-block-image-simgleGradient\"><a href=\"https:\/\/www.ovigilanteonline.com.br\/site\/2026\/08\/31\/licenciamento-de-veiculos-comeca-a-ser-cobrado-a-partir-desta-terca-feira-em-minas\/\" ><img decoding=\"async\"  alt=\"Licenciamento de ve\u00edculos come\u00e7a a ser cobrado a partir desta ter\u00e7a-feira em Minas\"  src=\"https:\/\/www.ovigilanteonline.com.br\/site\/wp-content\/uploads\/2022\/04\/transito-leopoldina-o-vigilante-online-4-870x505.jpg\" \/><\/a><\/div><div class=\"ultp-block-content ultp-block-content-bottomPosition\"><div class=\"ultp-block-content-inner\"><h3 class=\"ultp-block-title \"><a href=\"https:\/\/www.ovigilanteonline.com.br\/site\/2026\/08\/31\/licenciamento-de-veiculos-comeca-a-ser-cobrado-a-partir-desta-terca-feira-em-minas\/\" >Licenciamento de ve\u00edculos come\u00e7a a ser cobrado a partir desta ter\u00e7a-feira em Minas<\/a><\/h3><\/div><\/div><\/div><\/div><div class=\"ultp-block-item post-id-456419\"><div class=\"ultp-block-content-wrap ultp-block-content-overlay\"><div class=\"ultp-block-image ultp-block-image-none ultp-block-image-overlay ultp-block-image-simgleGradient\"><a href=\"https:\/\/www.ovigilanteonline.com.br\/site\/2026\/08\/31\/motorista-sai-ileso-apos-carreta-tombar-na-br-116-proximo-a-serra-da-vileta-em-leopoldina\/\" ><img decoding=\"async\"  alt=\"Motorista sai ileso ap\u00f3s carreta tombar na BR-116 pr\u00f3ximo \u00e0 Serra da Vileta em Leopoldina\"  src=\"https:\/\/www.ovigilanteonline.com.br\/site\/wp-content\/uploads\/2026\/08\/55454554-870x570.jpeg\" \/><\/a><\/div><div class=\"ultp-block-content ultp-block-content-bottomPosition\"><div class=\"ultp-block-content-inner\"><h3 class=\"ultp-block-title \"><a href=\"https:\/\/www.ovigilanteonline.com.br\/site\/2026\/08\/31\/motorista-sai-ileso-apos-carreta-tombar-na-br-116-proximo-a-serra-da-vileta-em-leopoldina\/\" >Motorista sai ileso ap\u00f3s carreta tombar na BR-116 pr\u00f3ximo \u00e0 Serra da Vileta em Leopoldina<\/a><\/h3><\/div><\/div><\/div><\/div><div class=\"ultp-block-item post-id-456411\"><div class=\"ultp-block-content-wrap ultp-block-content-overlay\"><div class=\"ultp-block-image ultp-block-image-none ultp-block-image-overlay ultp-block-image-simgleGradient\"><a href=\"https:\/\/www.ovigilanteonline.com.br\/site\/2026\/08\/30\/homem-fica-ferido-durante-salto-de-voo-livre-no-morro-do-cruzeiro-em-leopoldina\/\" ><img decoding=\"async\"  alt=\"Homem fica ferido durante salto de voo livre no Morro do Cruzeiro em Leopoldina\"  src=\"https:\/\/www.ovigilanteonline.com.br\/site\/wp-content\/uploads\/2026\/08\/capa-paraglider-870x570.jpeg\" \/><\/a><\/div><div class=\"ultp-block-content ultp-block-content-bottomPosition\"><div class=\"ultp-block-content-inner\"><h3 class=\"ultp-block-title \"><a href=\"https:\/\/www.ovigilanteonline.com.br\/site\/2026\/08\/30\/homem-fica-ferido-durante-salto-de-voo-livre-no-morro-do-cruzeiro-em-leopoldina\/\" >Homem fica ferido durante salto de voo livre no Morro do Cruzeiro em Leopoldina<\/a><\/h3><\/div><\/div><\/div><\/div><div class=\"ultp-block-item post-id-456390\"><div class=\"ultp-block-content-wrap ultp-block-content-overlay\"><div class=\"ultp-block-image ultp-block-image-none ultp-block-image-overlay ultp-block-image-simgleGradient\"><a href=\"https:\/\/www.ovigilanteonline.com.br\/site\/2026\/08\/30\/esporte-clube-ribeiro-junqueira-celebra-115-anos-com-noite-de-homenagens-e-lancamento-da-revista-times-da-mata\/\" ><img decoding=\"async\"  alt=\"Esporte Clube Ribeiro Junqueira celebra 115 anos com noite de homenagens e lan\u00e7amento da Revista Times da Mata\"  src=\"https:\/\/www.ovigilanteonline.com.br\/site\/wp-content\/uploads\/2026\/08\/capa-rrr-870x570.jpg\" \/><\/a><\/div><div class=\"ultp-block-content ultp-block-content-bottomPosition\"><div class=\"ultp-block-content-inner\"><h3 class=\"ultp-block-title \"><a href=\"https:\/\/www.ovigilanteonline.com.br\/site\/2026\/08\/30\/esporte-clube-ribeiro-junqueira-celebra-115-anos-com-noite-de-homenagens-e-lancamento-da-revista-times-da-mata\/\" >Esporte Clube Ribeiro Junqueira celebra 115 anos com noite de homenagens e lan\u00e7amento da Revista Times da Mata<\/a><\/h3><\/div><\/div><\/div><\/div><div class=\"ultp-block-item post-id-456388\"><div class=\"ultp-block-content-wrap ultp-block-content-overlay\"><div class=\"ultp-block-image ultp-block-image-none ultp-block-image-overlay ultp-block-image-simgleGradient\"><a href=\"https:\/\/www.ovigilanteonline.com.br\/site\/2026\/08\/30\/criminosos-armados-invadem-propriedade-rural-as-margens-da-br-116-e-fazem-moradores-refens-em-muriae\/\" ><img decoding=\"async\"  alt=\"Criminosos armados invadem propriedade rural \u00e0s margens da BR-116 e fazem moradores ref\u00e9ns em Muria\u00e9\"  src=\"https:\/\/www.ovigilanteonline.com.br\/site\/wp-content\/uploads\/2022\/05\/PM-LEOPOLDINA-870x487.jpg\" \/><\/a><\/div><div class=\"ultp-block-content ultp-block-content-bottomPosition\"><div class=\"ultp-block-content-inner\"><h3 class=\"ultp-block-title \"><a href=\"https:\/\/www.ovigilanteonline.com.br\/site\/2026\/08\/30\/criminosos-armados-invadem-propriedade-rural-as-margens-da-br-116-e-fazem-moradores-refens-em-muriae\/\" >Criminosos armados invadem propriedade rural \u00e0s margens da BR-116 e fazem moradores ref\u00e9ns em Muria\u00e9<\/a><\/h3><\/div><\/div><\/div><\/div><div class=\"ultp-block-item post-id-456363\"><div class=\"ultp-block-content-wrap ultp-block-content-overlay\"><div class=\"ultp-block-image ultp-block-image-none ultp-block-image-overlay ultp-block-image-simgleGradient\"><a href=\"https:\/\/www.ovigilanteonline.com.br\/site\/2026\/08\/29\/guarda-municipal-de-uba-morre-em-acidente-entre-moto-e-caminhao-na-mg-124\/\" ><img decoding=\"async\"  alt=\"Guarda Municipal de Ub\u00e1 morre em acidente entre moto e caminh\u00e3o na MG-124\"  src=\"https:\/\/www.ovigilanteonline.com.br\/site\/wp-content\/uploads\/2026\/08\/656565.jpg\" \/><\/a><\/div><div class=\"ultp-block-content ultp-block-content-bottomPosition\"><div class=\"ultp-block-content-inner\"><h3 class=\"ultp-block-title \"><a href=\"https:\/\/www.ovigilanteonline.com.br\/site\/2026\/08\/29\/guarda-municipal-de-uba-morre-em-acidente-entre-moto-e-caminhao-na-mg-124\/\" >Guarda Municipal de Ub\u00e1 morre em acidente entre moto e caminh\u00e3o na MG-124<\/a><\/h3><\/div><\/div><\/div><\/div><\/div><\/div><div class=\"pagination-block-html\" aria-hidden=\"true\" style=\"display: none;\"><\/div><\/div>","protected":false},"excerpt":{"rendered":"<p>Autor tamb\u00e9m confessou ter furtado um Ford Fiesta em Cataguases e trocado por tr\u00eas pedras de crack. Um furto de ve\u00edculo registrado na cidade de Mira\u00ed mobilizou diversas guarni\u00e7\u00f5es da Pol\u00edcia Militar e terminou com a pris\u00e3o em flagrante do autor, ap\u00f3s um acidente de tr\u00e2nsito em Sereno, distrito de Cataguases. Durante patrulhamento, a PM [&hellip;]<\/p>\n","protected":false},"author":2,"featured_media":449641,"comment_status":"open","ping_status":"closed","sticky":false,"template":"","format":"standard","meta":{"footnotes":""},"categories":[1,26],"tags":[],"class_list":["post-449640","post","type-post","status-publish","format-standard","has-post-thumbnail","hentry","category-destaque","category-ultimas-noticias"],"yoast_head":"<!-- This site is optimized with the Yoast SEO plugin v28.3 - https:\/\/yoast.com\/product\/yoast-seo-wordpress\/ -->\n<title>Furto de ve\u00edculo em Mira\u00ed termina com acidente e pris\u00e3o em flagrante<\/title>\n<meta name=\"robots\" content=\"index, follow, max-snippet:-1, max-image-preview:large, max-video-preview:-1\" \/>\n<link rel=\"canonical\" href=\"https:\/\/www.ovigilanteonline.com.br\/site\/2026\/01\/29\/furto-de-veiculo-em-mirai-termina-com-acidente-e-prisao-em-flagrante\/\" \/>\n<meta property=\"og:locale\" content=\"pt_BR\" \/>\n<meta property=\"og:type\" content=\"article\" \/>\n<meta property=\"og:title\" content=\"Furto de ve\u00edculo em Mira\u00ed termina com acidente e pris\u00e3o em flagrante\" \/>\n<meta property=\"og:description\" content=\"Autor tamb\u00e9m confessou ter furtado um Ford Fiesta em Cataguases e trocado por tr\u00eas pedras de crack. Um furto de ve\u00edculo registrado na cidade de Mira\u00ed mobilizou diversas guarni\u00e7\u00f5es da Pol\u00edcia Militar e terminou com a pris\u00e3o em flagrante do autor, ap\u00f3s um acidente de tr\u00e2nsito em Sereno, distrito de Cataguases. Durante patrulhamento, a PM [&hellip;]\" \/>\n<meta property=\"og:url\" content=\"https:\/\/www.ovigilanteonline.com.br\/site\/2026\/01\/29\/furto-de-veiculo-em-mirai-termina-com-acidente-e-prisao-em-flagrante\/\" \/>\n<meta property=\"og:site_name\" content=\"O VIGILANTE ONLINE\" \/>\n<meta property=\"article:publisher\" content=\"https:\/\/www.facebook.com\/ovigilanteonline\" \/>\n<meta property=\"article:published_time\" content=\"2026-01-29T21:23:53+00:00\" \/>\n<meta property=\"article:modified_time\" content=\"2026-01-29T21:23:57+00:00\" \/>\n<meta property=\"og:image\" content=\"https:\/\/www.ovigilanteonline.com.br\/site\/wp-content\/uploads\/2026\/01\/Carro-1-768x536-1.jpg\" \/>\n\t<meta property=\"og:image:width\" content=\"900\" \/>\n\t<meta property=\"og:image:height\" content=\"628\" \/>\n\t<meta property=\"og:image:type\" content=\"image\/jpeg\" \/>\n<meta name=\"author\" content=\"Jornalismo\" \/>\n<meta name=\"twitter:card\" content=\"summary_large_image\" \/>\n<meta name=\"twitter:label1\" content=\"Escrito por\" \/>\n\t<meta name=\"twitter:data1\" content=\"Jornalismo\" \/>\n\t<meta name=\"twitter:label2\" content=\"Est. tempo de leitura\" \/>\n\t<meta name=\"twitter:data2\" content=\"2 minutos\" \/>\n<script type=\"application\/ld+json\" class=\"yoast-schema-graph\">{\"@context\":\"https:\\\/\\\/schema.org\",\"@graph\":[{\"@type\":\"Article\",\"@id\":\"https:\\\/\\\/www.ovigilanteonline.com.br\\\/site\\\/2026\\\/01\\\/29\\\/furto-de-veiculo-em-mirai-termina-com-acidente-e-prisao-em-flagrante\\\/#article\",\"isPartOf\":{\"@id\":\"https:\\\/\\\/www.ovigilanteonline.com.br\\\/site\\\/2026\\\/01\\\/29\\\/furto-de-veiculo-em-mirai-termina-com-acidente-e-prisao-em-flagrante\\\/\"},\"author\":{\"name\":\"Jornalismo\",\"@id\":\"https:\\\/\\\/www.ovigilanteonline.com.br\\\/site\\\/#\\\/schema\\\/person\\\/538fdfb33c0c411cd14a732e7cf14aa6\"},\"headline\":\"Furto de ve\u00edculo em Mira\u00ed termina com acidente e pris\u00e3o em flagrante\",\"datePublished\":\"2026-01-29T21:23:53+00:00\",\"dateModified\":\"2026-01-29T21:23:57+00:00\",\"mainEntityOfPage\":{\"@id\":\"https:\\\/\\\/www.ovigilanteonline.com.br\\\/site\\\/2026\\\/01\\\/29\\\/furto-de-veiculo-em-mirai-termina-com-acidente-e-prisao-em-flagrante\\\/\"},\"wordCount\":376,\"commentCount\":0,\"image\":{\"@id\":\"https:\\\/\\\/www.ovigilanteonline.com.br\\\/site\\\/2026\\\/01\\\/29\\\/furto-de-veiculo-em-mirai-termina-com-acidente-e-prisao-em-flagrante\\\/#primaryimage\"},\"thumbnailUrl\":\"https:\\\/\\\/www.ovigilanteonline.com.br\\\/site\\\/wp-content\\\/uploads\\\/2026\\\/01\\\/Carro-1-768x536-1.jpg\",\"articleSection\":[\"Destaque\",\"\u00daltimas Not\u00edcias\"],\"inLanguage\":\"pt-BR\",\"potentialAction\":[{\"@type\":\"CommentAction\",\"name\":\"Comment\",\"target\":[\"https:\\\/\\\/www.ovigilanteonline.com.br\\\/site\\\/2026\\\/01\\\/29\\\/furto-de-veiculo-em-mirai-termina-com-acidente-e-prisao-em-flagrante\\\/#respond\"]}]},{\"@type\":\"WebPage\",\"@id\":\"https:\\\/\\\/www.ovigilanteonline.com.br\\\/site\\\/2026\\\/01\\\/29\\\/furto-de-veiculo-em-mirai-termina-com-acidente-e-prisao-em-flagrante\\\/\",\"url\":\"https:\\\/\\\/www.ovigilanteonline.com.br\\\/site\\\/2026\\\/01\\\/29\\\/furto-de-veiculo-em-mirai-termina-com-acidente-e-prisao-em-flagrante\\\/\",\"name\":\"Furto de ve\u00edculo em Mira\u00ed termina com acidente e pris\u00e3o em flagrante\",\"isPartOf\":{\"@id\":\"https:\\\/\\\/www.ovigilanteonline.com.br\\\/site\\\/#website\"},\"primaryImageOfPage\":{\"@id\":\"https:\\\/\\\/www.ovigilanteonline.com.br\\\/site\\\/2026\\\/01\\\/29\\\/furto-de-veiculo-em-mirai-termina-com-acidente-e-prisao-em-flagrante\\\/#primaryimage\"},\"image\":{\"@id\":\"https:\\\/\\\/www.ovigilanteonline.com.br\\\/site\\\/2026\\\/01\\\/29\\\/furto-de-veiculo-em-mirai-termina-com-acidente-e-prisao-em-flagrante\\\/#primaryimage\"},\"thumbnailUrl\":\"https:\\\/\\\/www.ovigilanteonline.com.br\\\/site\\\/wp-content\\\/uploads\\\/2026\\\/01\\\/Carro-1-768x536-1.jpg\",\"datePublished\":\"2026-01-29T21:23:53+00:00\",\"dateModified\":\"2026-01-29T21:23:57+00:00\",\"author\":{\"@id\":\"https:\\\/\\\/www.ovigilanteonline.com.br\\\/site\\\/#\\\/schema\\\/person\\\/538fdfb33c0c411cd14a732e7cf14aa6\"},\"breadcrumb\":{\"@id\":\"https:\\\/\\\/www.ovigilanteonline.com.br\\\/site\\\/2026\\\/01\\\/29\\\/furto-de-veiculo-em-mirai-termina-com-acidente-e-prisao-em-flagrante\\\/#breadcrumb\"},\"inLanguage\":\"pt-BR\",\"potentialAction\":[{\"@type\":\"ReadAction\",\"target\":[\"https:\\\/\\\/www.ovigilanteonline.com.br\\\/site\\\/2026\\\/01\\\/29\\\/furto-de-veiculo-em-mirai-termina-com-acidente-e-prisao-em-flagrante\\\/\"]}]},{\"@type\":\"ImageObject\",\"inLanguage\":\"pt-BR\",\"@id\":\"https:\\\/\\\/www.ovigilanteonline.com.br\\\/site\\\/2026\\\/01\\\/29\\\/furto-de-veiculo-em-mirai-termina-com-acidente-e-prisao-em-flagrante\\\/#primaryimage\",\"url\":\"https:\\\/\\\/www.ovigilanteonline.com.br\\\/site\\\/wp-content\\\/uploads\\\/2026\\\/01\\\/Carro-1-768x536-1.jpg\",\"contentUrl\":\"https:\\\/\\\/www.ovigilanteonline.com.br\\\/site\\\/wp-content\\\/uploads\\\/2026\\\/01\\\/Carro-1-768x536-1.jpg\",\"width\":900,\"height\":628},{\"@type\":\"BreadcrumbList\",\"@id\":\"https:\\\/\\\/www.ovigilanteonline.com.br\\\/site\\\/2026\\\/01\\\/29\\\/furto-de-veiculo-em-mirai-termina-com-acidente-e-prisao-em-flagrante\\\/#breadcrumb\",\"itemListElement\":[{\"@type\":\"ListItem\",\"position\":1,\"name\":\"In\u00edcio\",\"item\":\"https:\\\/\\\/www.ovigilanteonline.com.br\\\/site\\\/\"},{\"@type\":\"ListItem\",\"position\":2,\"name\":\"Furto de ve\u00edculo em Mira\u00ed termina com acidente e pris\u00e3o em flagrante\"}]},{\"@type\":\"WebSite\",\"@id\":\"https:\\\/\\\/www.ovigilanteonline.com.br\\\/site\\\/#website\",\"url\":\"https:\\\/\\\/www.ovigilanteonline.com.br\\\/site\\\/\",\"name\":\"O VIGILANTE ONLINE - Not\u00edcias de Leopoldina e regi\u00e3o\",\"description\":\"\",\"potentialAction\":[{\"@type\":\"SearchAction\",\"target\":{\"@type\":\"EntryPoint\",\"urlTemplate\":\"https:\\\/\\\/www.ovigilanteonline.com.br\\\/site\\\/?s={search_term_string}\"},\"query-input\":{\"@type\":\"PropertyValueSpecification\",\"valueRequired\":true,\"valueName\":\"search_term_string\"}}],\"inLanguage\":\"pt-BR\"},{\"@type\":\"Person\",\"@id\":\"https:\\\/\\\/www.ovigilanteonline.com.br\\\/site\\\/#\\\/schema\\\/person\\\/538fdfb33c0c411cd14a732e7cf14aa6\",\"name\":\"Jornalismo\"}]}<\/script>\n<!-- \/ Yoast SEO plugin. -->","yoast_head_json":{"title":"Furto de ve\u00edculo em Mira\u00ed termina com acidente e pris\u00e3o em flagrante","robots":{"index":"index","follow":"follow","max-snippet":"max-snippet:-1","max-image-preview":"max-image-preview:large","max-video-preview":"max-video-preview:-1"},"canonical":"https:\/\/www.ovigilanteonline.com.br\/site\/2026\/01\/29\/furto-de-veiculo-em-mirai-termina-com-acidente-e-prisao-em-flagrante\/","og_locale":"pt_BR","og_type":"article","og_title":"Furto de ve\u00edculo em Mira\u00ed termina com acidente e pris\u00e3o em flagrante","og_description":"Autor tamb\u00e9m confessou ter furtado um Ford Fiesta em Cataguases e trocado por tr\u00eas pedras de crack. Um furto de ve\u00edculo registrado na cidade de Mira\u00ed mobilizou diversas guarni\u00e7\u00f5es da Pol\u00edcia Militar e terminou com a pris\u00e3o em flagrante do autor, ap\u00f3s um acidente de tr\u00e2nsito em Sereno, distrito de Cataguases. Durante patrulhamento, a PM [&hellip;]","og_url":"https:\/\/www.ovigilanteonline.com.br\/site\/2026\/01\/29\/furto-de-veiculo-em-mirai-termina-com-acidente-e-prisao-em-flagrante\/","og_site_name":"O VIGILANTE ONLINE","article_publisher":"https:\/\/www.facebook.com\/ovigilanteonline","article_published_time":"2026-01-29T21:23:53+00:00","article_modified_time":"2026-01-29T21:23:57+00:00","og_image":[{"width":900,"height":628,"url":"https:\/\/www.ovigilanteonline.com.br\/site\/wp-content\/uploads\/2026\/01\/Carro-1-768x536-1.jpg","type":"image\/jpeg"}],"author":"Jornalismo","twitter_card":"summary_large_image","twitter_misc":{"Escrito por":"Jornalismo","Est. tempo de leitura":"2 minutos"},"schema":{"@context":"https:\/\/schema.org","@graph":[{"@type":"Article","@id":"https:\/\/www.ovigilanteonline.com.br\/site\/2026\/01\/29\/furto-de-veiculo-em-mirai-termina-com-acidente-e-prisao-em-flagrante\/#article","isPartOf":{"@id":"https:\/\/www.ovigilanteonline.com.br\/site\/2026\/01\/29\/furto-de-veiculo-em-mirai-termina-com-acidente-e-prisao-em-flagrante\/"},"author":{"name":"Jornalismo","@id":"https:\/\/www.ovigilanteonline.com.br\/site\/#\/schema\/person\/538fdfb33c0c411cd14a732e7cf14aa6"},"headline":"Furto de ve\u00edculo em Mira\u00ed termina com acidente e pris\u00e3o em flagrante","datePublished":"2026-01-29T21:23:53+00:00","dateModified":"2026-01-29T21:23:57+00:00","mainEntityOfPage":{"@id":"https:\/\/www.ovigilanteonline.com.br\/site\/2026\/01\/29\/furto-de-veiculo-em-mirai-termina-com-acidente-e-prisao-em-flagrante\/"},"wordCount":376,"commentCount":0,"image":{"@id":"https:\/\/www.ovigilanteonline.com.br\/site\/2026\/01\/29\/furto-de-veiculo-em-mirai-termina-com-acidente-e-prisao-em-flagrante\/#primaryimage"},"thumbnailUrl":"https:\/\/www.ovigilanteonline.com.br\/site\/wp-content\/uploads\/2026\/01\/Carro-1-768x536-1.jpg","articleSection":["Destaque","\u00daltimas Not\u00edcias"],"inLanguage":"pt-BR","potentialAction":[{"@type":"CommentAction","name":"Comment","target":["https:\/\/www.ovigilanteonline.com.br\/site\/2026\/01\/29\/furto-de-veiculo-em-mirai-termina-com-acidente-e-prisao-em-flagrante\/#respond"]}]},{"@type":"WebPage","@id":"https:\/\/www.ovigilanteonline.com.br\/site\/2026\/01\/29\/furto-de-veiculo-em-mirai-termina-com-acidente-e-prisao-em-flagrante\/","url":"https:\/\/www.ovigilanteonline.com.br\/site\/2026\/01\/29\/furto-de-veiculo-em-mirai-termina-com-acidente-e-prisao-em-flagrante\/","name":"Furto de ve\u00edculo em Mira\u00ed termina com acidente e pris\u00e3o em flagrante","isPartOf":{"@id":"https:\/\/www.ovigilanteonline.com.br\/site\/#website"},"primaryImageOfPage":{"@id":"https:\/\/www.ovigilanteonline.com.br\/site\/2026\/01\/29\/furto-de-veiculo-em-mirai-termina-com-acidente-e-prisao-em-flagrante\/#primaryimage"},"image":{"@id":"https:\/\/www.ovigilanteonline.com.br\/site\/2026\/01\/29\/furto-de-veiculo-em-mirai-termina-com-acidente-e-prisao-em-flagrante\/#primaryimage"},"thumbnailUrl":"https:\/\/www.ovigilanteonline.com.br\/site\/wp-content\/uploads\/2026\/01\/Carro-1-768x536-1.jpg","datePublished":"2026-01-29T21:23:53+00:00","dateModified":"2026-01-29T21:23:57+00:00","author":{"@id":"https:\/\/www.ovigilanteonline.com.br\/site\/#\/schema\/person\/538fdfb33c0c411cd14a732e7cf14aa6"},"breadcrumb":{"@id":"https:\/\/www.ovigilanteonline.com.br\/site\/2026\/01\/29\/furto-de-veiculo-em-mirai-termina-com-acidente-e-prisao-em-flagrante\/#breadcrumb"},"inLanguage":"pt-BR","potentialAction":[{"@type":"ReadAction","target":["https:\/\/www.ovigilanteonline.com.br\/site\/2026\/01\/29\/furto-de-veiculo-em-mirai-termina-com-acidente-e-prisao-em-flagrante\/"]}]},{"@type":"ImageObject","inLanguage":"pt-BR","@id":"https:\/\/www.ovigilanteonline.com.br\/site\/2026\/01\/29\/furto-de-veiculo-em-mirai-termina-com-acidente-e-prisao-em-flagrante\/#primaryimage","url":"https:\/\/www.ovigilanteonline.com.br\/site\/wp-content\/uploads\/2026\/01\/Carro-1-768x536-1.jpg","contentUrl":"https:\/\/www.ovigilanteonline.com.br\/site\/wp-content\/uploads\/2026\/01\/Carro-1-768x536-1.jpg","width":900,"height":628},{"@type":"BreadcrumbList","@id":"https:\/\/www.ovigilanteonline.com.br\/site\/2026\/01\/29\/furto-de-veiculo-em-mirai-termina-com-acidente-e-prisao-em-flagrante\/#breadcrumb","itemListElement":[{"@type":"ListItem","position":1,"name":"In\u00edcio","item":"https:\/\/www.ovigilanteonline.com.br\/site\/"},{"@type":"ListItem","position":2,"name":"Furto de ve\u00edculo em Mira\u00ed termina com acidente e pris\u00e3o em flagrante"}]},{"@type":"WebSite","@id":"https:\/\/www.ovigilanteonline.com.br\/site\/#website","url":"https:\/\/www.ovigilanteonline.com.br\/site\/","name":"O VIGILANTE ONLINE - Not\u00edcias de Leopoldina e regi\u00e3o","description":"","potentialAction":[{"@type":"SearchAction","target":{"@type":"EntryPoint","urlTemplate":"https:\/\/www.ovigilanteonline.com.br\/site\/?s={search_term_string}"},"query-input":{"@type":"PropertyValueSpecification","valueRequired":true,"valueName":"search_term_string"}}],"inLanguage":"pt-BR"},{"@type":"Person","@id":"https:\/\/www.ovigilanteonline.com.br\/site\/#\/schema\/person\/538fdfb33c0c411cd14a732e7cf14aa6","name":"Jornalismo"}]}},"cc_featured_image_caption":{"caption_text":"","source_text":"","source_url":""},"_links":{"self":[{"href":"https:\/\/www.ovigilanteonline.com.br\/site\/wp-json\/wp\/v2\/posts\/449640","targetHints":{"allow":["GET"]}}],"collection":[{"href":"https:\/\/www.ovigilanteonline.com.br\/site\/wp-json\/wp\/v2\/posts"}],"about":[{"href":"https:\/\/www.ovigilanteonline.com.br\/site\/wp-json\/wp\/v2\/types\/post"}],"author":[{"embeddable":true,"href":"https:\/\/www.ovigilanteonline.com.br\/site\/wp-json\/wp\/v2\/users\/2"}],"replies":[{"embeddable":true,"href":"https:\/\/www.ovigilanteonline.com.br\/site\/wp-json\/wp\/v2\/comments?post=449640"}],"version-history":[{"count":0,"href":"https:\/\/www.ovigilanteonline.com.br\/site\/wp-json\/wp\/v2\/posts\/449640\/revisions"}],"wp:featuredmedia":[{"embeddable":true,"href":"https:\/\/www.ovigilanteonline.com.br\/site\/wp-json\/wp\/v2\/media\/449641"}],"wp:attachment":[{"href":"https:\/\/www.ovigilanteonline.com.br\/site\/wp-json\/wp\/v2\/media?parent=449640"}],"wp:term":[{"taxonomy":"category","embeddable":true,"href":"https:\/\/www.ovigilanteonline.com.br\/site\/wp-json\/wp\/v2\/categories?post=449640"},{"taxonomy":"post_tag","embeddable":true,"href":"https:\/\/www.ovigilanteonline.com.br\/site\/wp-json\/wp\/v2\/tags?post=449640"}],"curies":[{"name":"wp","href":"https:\/\/api.w.org\/{rel}","templated":true}]}}