{"id":449003,"date":"2026-01-06T10:09:05","date_gmt":"2026-01-06T13:09:05","guid":{"rendered":"https:\/\/www.ovigilanteonline.com.br\/site\/?p=449003"},"modified":"2026-01-06T10:15:06","modified_gmt":"2026-01-06T13:15:06","slug":"energia-que-transforma-iniciativa-beneficia-mais-de-5-mil-familias","status":"publish","type":"post","link":"https:\/\/www.ovigilanteonline.com.br\/site\/2026\/01\/06\/energia-que-transforma-iniciativa-beneficia-mais-de-5-mil-familias\/","title":{"rendered":"Energia que Transforma:\u00a0iniciativa\u00a0beneficia mais de 5 mil\u00a0fam\u00edlias\u00a0"},"content":{"rendered":"<div id=\"ovigi-4039280793\" class=\"ovigi-inicio-post-interno ovigi-entity-placement\" style=\"margin-left: auto;margin-right: auto;text-align: center;\"><a href=\"https:\/\/onelink.to\/tfjfd3?utm_source=ig&#038;utm_medium=social&#038;utm_content=link_in_bio&#038;fbclid=PAcGRvZgJleHRuA2FlbQIxMQBzcnRjBmFwcF9pZA85MzY2MTk3NDMzOTI0NTkAAacgW20vIuhakYBCxZduUBbwssdSFoAQ7exuq7BFVvR-PR9sdpzVWlAvY7yZog_aem__Bn7V7eJEMspatV_tVfmIA\" target=\"_blank\" aria-label=\"ARTE GIF\"><img decoding=\"async\" src=\"https:\/\/www.ovigilanteonline.com.br\/site\/wp-content\/uploads\/2026\/05\/ARTE-GIF.gif\" alt=\"\"    \/><\/a><\/div>\n<h3 class=\"wp-block-heading\"><strong><em>A\u00e7\u00f5es da Energisa unem sustentabilidade, seguran\u00e7a e impacto social.<\/em><\/strong><\/h3>\n\n\n\n<p class=\"wp-block-paragraph\">Mais de&nbsp;5&nbsp;mil&nbsp;fam\u00edlias&nbsp;foram&nbsp;beneficiadas&nbsp;em&nbsp;2025&nbsp;com as&nbsp;a\u00e7\u00f5es do programa Nossa Energia, desenvolvido pela&nbsp;<a href=\"https:\/\/www.energisa.com.br\/\" target=\"_blank\" rel=\"noreferrer noopener\">Energisa Minas Rio<\/a>&nbsp;e regulado pela Ag\u00eancia Nacional de Energia El\u00e9trica (ANEEL). As iniciativas promoveram economia no consumo de energia e mais conforto para fam\u00edlias em situa\u00e7\u00e3o de vulnerabilidade social em toda a \u00e1rea de concess\u00e3o da distribuidora.&nbsp;<\/p>\n\n\n\n<figure class=\"wp-block-image size-full\"><img loading=\"lazy\" decoding=\"async\" width=\"900\" height=\"471\" src=\"https:\/\/www.ovigilanteonline.com.br\/site\/wp-content\/uploads\/2026\/01\/image001.png\" alt=\"\" class=\"wp-image-449004\" srcset=\"https:\/\/www.ovigilanteonline.com.br\/site\/wp-content\/uploads\/2026\/01\/image001.png 900w, https:\/\/www.ovigilanteonline.com.br\/site\/wp-content\/uploads\/2026\/01\/image001-300x157.png 300w, https:\/\/www.ovigilanteonline.com.br\/site\/wp-content\/uploads\/2026\/01\/image001-768x402.png 768w\" sizes=\"auto, (max-width: 900px) 100vw, 900px\" \/><figcaption class=\"wp-element-caption\"><strong><em>Palestra com alunos de\u00a0Luisburgo\u00a0dentro da Unidade M\u00f3vel do Nossa Energia<\/em>\u00a0&#8211; <em>Cr\u00e9dito: Energisa Divulga\u00e7\u00e3o<\/em>\u00a0<\/strong><\/figcaption><\/figure>\n\n\n\n<p class=\"wp-block-paragraph\">Ao longo do ano, foram distribu\u00eddas mais de 25 mil l\u00e2mpadas de LED, substituindo modelos antigos por op\u00e7\u00f5es mais eficientes e dur\u00e1veis. Tamb\u00e9m foram realizadas a troca de 342 geladeiras e 639 ventiladores, equipamentos que representam parcela significativa do consumo dom\u00e9stico de energia el\u00e9trica.&nbsp;<\/p><div id=\"ovigi-1280270543\" class=\"ovigi-conteudo_2-3 ovigi-entity-placement\"><script async src=\"\/\/pagead2.googlesyndication.com\/pagead\/js\/adsbygoogle.js?client=ca-pub-4068173061741521\" crossorigin=\"anonymous\"><\/script><ins class=\"adsbygoogle\" style=\"display:block; text-align:center;\" data-ad-client=\"ca-pub-4068173061741521\" \ndata-ad-slot=\"6460393376\" \ndata-ad-layout=\"in-article\"\ndata-ad-format=\"fluid\"><\/ins>\n<script> \n(adsbygoogle = window.adsbygoogle || []).push({}); \n<\/script>\n<\/div><div id=\"ovigi-3483186121\" class=\"ovigi-conteudo_2-2 ovigi-entity-placement\"><script async src=\"\/\/pagead2.googlesyndication.com\/pagead\/js\/adsbygoogle.js?client=ca-pub-4068173061741521\" crossorigin=\"anonymous\"><\/script><ins class=\"adsbygoogle\" style=\"display:block; text-align:center;\" data-ad-client=\"ca-pub-4068173061741521\" \ndata-ad-slot=\"6460393376\" \ndata-ad-layout=\"in-article\"\ndata-ad-format=\"fluid\"><\/ins>\n<script> \n(adsbygoogle = window.adsbygoogle || []).push({}); \n<\/script>\n<\/div><div id=\"ovigi-2967322099\" class=\"ovigi-conteudo_2 ovigi-entity-placement\"><script async src=\"\/\/pagead2.googlesyndication.com\/pagead\/js\/adsbygoogle.js?client=ca-pub-4068173061741521\" crossorigin=\"anonymous\"><\/script><ins class=\"adsbygoogle\" style=\"display:block; text-align:center;\" data-ad-client=\"ca-pub-4068173061741521\" \ndata-ad-slot=\"6460393376\" \ndata-ad-layout=\"in-article\"\ndata-ad-format=\"fluid\"><\/ins>\n<script> \n(adsbygoogle = window.adsbygoogle || []).push({}); \n<\/script>\n<\/div><div id=\"ovigi-265829870\" class=\"ovigi-conteudo_2-4 ovigi-entity-placement\"><script async src=\"\/\/pagead2.googlesyndication.com\/pagead\/js\/adsbygoogle.js?client=ca-pub-4068173061741521\" crossorigin=\"anonymous\"><\/script><ins class=\"adsbygoogle\" style=\"display:block; text-align:center;\" data-ad-client=\"ca-pub-4068173061741521\" \ndata-ad-slot=\"6460393376\" \ndata-ad-layout=\"in-article\"\ndata-ad-format=\"fluid\"><\/ins>\n<script> \n(adsbygoogle = window.adsbygoogle || []).push({}); \n<\/script>\n<\/div>\n\n\n\n<p class=\"wp-block-paragraph\">Todas as a\u00e7\u00f5es foram realizadas sem custo para os clientes que atendem aos crit\u00e9rios do projeto, como estar inscrito na Tarifa Social de Energia El\u00e9trica ou residir em \u00e1reas de vulnerabilidade social.&nbsp;<\/p>\n\n\n\n\n\n<p class=\"wp-block-paragraph\">O programa chegou a 34 munic\u00edpios:&nbsp;Merc\u00eas,&nbsp;Luisburgo, Visconde do Rio Branco, Alto Jequitib\u00e1,&nbsp;Guiricema, Manhumirim, Cana\u00e3, Martins Soares, Patroc\u00ednio do Muria\u00e9,&nbsp;Eugen\u00f3polis,&nbsp;Argirita,&nbsp;Guidoval, Rochedo de Minas, Rio Pomba, Rodeiro, Paula C\u00e2ndido, Palma, Ub\u00e1, Rio Novo, Senador Firmino, Santana do Manhua\u00e7u, Matip\u00f3, Guarani, Recreio, Nova Friburgo, S\u00e3o Jo\u00e3o do Manhua\u00e7u,&nbsp;Cajuri, Laranjal, Bar\u00e3o do Monte Alto, Cataguases, Muria\u00e9, S\u00e3o Jo\u00e3o Nepomuceno, Al\u00e9m Para\u00edba e Leopoldina.&nbsp;<\/p>\n\n\n\n<p class=\"wp-block-paragraph\">Segundo a Energisa, o objetivo do Nossa Energia \u00e9 incentivar o uso eficiente da energia el\u00e9trica, reduzir desperd\u00edcios e contribuir para a melhoria da qualidade de vida das fam\u00edlias atendidas.&nbsp;\u201cAcreditamos que o uso inteligente da energia melhora a qualidade de vida das comunidades e fortalece nosso compromisso com um futuro mais sustent\u00e1vel. Estar presente e atuar diretamente onde nossos clientes vivem \u00e9 essencial para construir uma rela\u00e7\u00e3o de confian\u00e7a e respeito\u201d,&nbsp;comenta&nbsp;Eduardo Mantovani, diretor-presidente da&nbsp;<a href=\"https:\/\/www.energisa.com.br\/\" target=\"_blank\" rel=\"noreferrer noopener\">Energisa Minas Rio<\/a>.&nbsp;<\/p>\n\n\n\n<p class=\"wp-block-paragraph\"><strong>Servi\u00e7o:<\/strong><strong>\u202f\u202f\u202f<\/strong>&nbsp;<\/p>\n\n\n\n<p class=\"wp-block-paragraph\">Precisa falar com a Energisa, entre em contato com a empresa pelos canais digitais:\u202f&nbsp;<\/p>\n\n\n\n<ul class=\"wp-block-list\">\n<li>Aplicativo\u202f<a href=\"https:\/\/www.energisa.com.br\/para-sua-casa\/canais-de-atendimento\/fale-conosco\/energisaon\" target=\"_blank\" rel=\"noreferrer noopener\">Energisa\u202fOn<\/a>\u202f(dispon\u00edvel no Google Play ou App Store do celular)\u202f\u202f\u202f\u202f\u00a0<\/li>\n\n\n\n<li>Site\u202f<a href=\"https:\/\/www.energisa.com.br\/servicos\" target=\"_blank\" rel=\"noreferrer noopener\">energisa.com.br<\/a>\u202f\u202f\u202f\u00a0<\/li>\n\n\n\n<li>Call\u202fCenter\u00a0\u2013\u00a00800 032 0196\u00a0<\/li>\n\n\n\n<li>Gisa\u00a0<a href=\"https:\/\/www.energisa.com.br\/gisa\" target=\"_blank\" rel=\"noreferrer noopener\">energisa.com.br\/gisa<\/a>\u00a0<\/li>\n\n\n\n<li>Portal de Not\u00edcias\u202f<a href=\"https:\/\/www.energisa.com.br\/juntos\" target=\"_blank\" rel=\"noreferrer noopener\">https:\/\/www.energisa.com.br\/juntos<\/a>\u00a0<\/li>\n<\/ul>\n\n\n<div id=\"ovigi-2350069271\">\r\n<p class=\"has-text-align-center has-small-font-size wp-block-paragraph\">continua depois da publicidade<\/p>\r\n\r\n\r\n\r\n<hr class=\"wp-block-separator has-alpha-channel-opacity is-style-wide\"\/>\r\n\r\n\r\n\r\n<div class=\"wp-block-columns is-layout-flex wp-container-core-columns-is-layout-8f761849 wp-block-columns-is-layout-flex\">\r\n<div class=\"wp-block-column is-layout-flow wp-block-column-is-layout-flow\">\r\n<figure class=\"wp-block-image size-full is-resized\"><a href=\"https:\/\/www.instagram.com\/unimedleopoldina241\/\" target=\"_blank\" rel=\" noreferrer noopener\"><img decoding=\"async\" src=\"https:\/\/www.ovigilanteonline.com.br\/site\/wp-content\/uploads\/2026\/08\/unimed-materias.jpg\" alt=\"\" class=\"wp-image-455236\"\/><\/a><\/figure>\r\n<\/div>\r\n\r\n\r\n\r\n<div class=\"wp-block-column is-layout-flow wp-block-column-is-layout-flow\">\r\n<figure class=\"wp-block-image size-full\"><a href=\"https:\/\/vest.sudamerica.edu.br\/vest-2026-2\" target=\"_blank\" rel=\" noreferrer noopener\"><img decoding=\"async\" src=\"https:\/\/www.ovigilanteonline.com.br\/site\/wp-content\/uploads\/2026\/08\/sudamerica-materias.jpg\" alt=\"\" class=\"wp-image-453120\"\/><\/a><\/figure>\r\n<\/div>\r\n<\/div>\r\n\r\n\r\n\r\n<hr class=\"wp-block-separator has-alpha-channel-opacity is-style-wide\"\/>\r\n<\/div>\n\n<div  class=\"wp-block-ultimate-post-heading ultp-block-644ea3\"><div class=\"ultp-block-wrapper\"><div class=\"ultp-heading-wrap ultp-heading-style18 ultp-heading-left\"><h2 class=\"ultp-heading-inner\"><span>Leia tamb\u00e9m<\/span><\/h2><\/div><\/div><\/div>\n\n<div  class=\"ultp-post-grid-block wp-block-ultimate-post-post-grid-2 ultp-block-9820ae \"><div class=\"ultp-block-wrapper\" ><div class=\"ultp-loading\"><div class=\"ultp-loading-blocks\" style=\"width:100%;height:100%;\"><div style=\"left: 0;top: 0;animation-delay:0s;\"><\/div><div style=\"left: 21px;top: 0;animation-delay:0.125s;\"><\/div><div style=\"left: 42px;top: 0;animation-delay:0.25s;\"><\/div><div style=\"left: 0;top: 21px;animation-delay:0.875s;\"><\/div><div style=\"left: 42px;top: 21px;animation-delay:0.375s;\"><\/div><div style=\"left: 0;top: 42px;animation-delay:0.75s;\"><\/div><div style=\"left: 42px;top: 42px;animation-delay:0.625s;\"><\/div><div style=\"left: 21px;top: 42px;animation-delay:0.5s;\"><\/div><\/div><\/div><div class=\"ultp-block-items-wrap ultp-block-row\"><div class=\"ultp-block-item post-id-456429\"><div class=\"ultp-block-content-wrap ultp-block-content-overlay\"><div class=\"ultp-block-image ultp-block-image-none ultp-block-image-overlay ultp-block-image-simgleGradient\"><a href=\"https:\/\/www.ovigilanteonline.com.br\/site\/2026\/08\/31\/licenciamento-de-veiculos-comeca-a-ser-cobrado-a-partir-desta-terca-feira-em-minas\/\" ><img decoding=\"async\"  alt=\"Licenciamento de ve\u00edculos come\u00e7a a ser cobrado a partir desta ter\u00e7a-feira em Minas\"  src=\"https:\/\/www.ovigilanteonline.com.br\/site\/wp-content\/uploads\/2022\/04\/transito-leopoldina-o-vigilante-online-4-870x505.jpg\" \/><\/a><\/div><div class=\"ultp-block-content ultp-block-content-bottomPosition\"><div class=\"ultp-block-content-inner\"><h3 class=\"ultp-block-title \"><a href=\"https:\/\/www.ovigilanteonline.com.br\/site\/2026\/08\/31\/licenciamento-de-veiculos-comeca-a-ser-cobrado-a-partir-desta-terca-feira-em-minas\/\" >Licenciamento de ve\u00edculos come\u00e7a a ser cobrado a partir desta ter\u00e7a-feira em Minas<\/a><\/h3><\/div><\/div><\/div><\/div><div class=\"ultp-block-item post-id-456419\"><div class=\"ultp-block-content-wrap ultp-block-content-overlay\"><div class=\"ultp-block-image ultp-block-image-none ultp-block-image-overlay ultp-block-image-simgleGradient\"><a href=\"https:\/\/www.ovigilanteonline.com.br\/site\/2026\/08\/31\/motorista-sai-ileso-apos-carreta-tombar-na-br-116-proximo-a-serra-da-vileta-em-leopoldina\/\" ><img decoding=\"async\"  alt=\"Motorista sai ileso ap\u00f3s carreta tombar na BR-116 pr\u00f3ximo \u00e0 Serra da Vileta em Leopoldina\"  src=\"https:\/\/www.ovigilanteonline.com.br\/site\/wp-content\/uploads\/2026\/08\/55454554-870x570.jpeg\" \/><\/a><\/div><div class=\"ultp-block-content ultp-block-content-bottomPosition\"><div class=\"ultp-block-content-inner\"><h3 class=\"ultp-block-title \"><a href=\"https:\/\/www.ovigilanteonline.com.br\/site\/2026\/08\/31\/motorista-sai-ileso-apos-carreta-tombar-na-br-116-proximo-a-serra-da-vileta-em-leopoldina\/\" >Motorista sai ileso ap\u00f3s carreta tombar na BR-116 pr\u00f3ximo \u00e0 Serra da Vileta em Leopoldina<\/a><\/h3><\/div><\/div><\/div><\/div><div class=\"ultp-block-item post-id-456411\"><div class=\"ultp-block-content-wrap ultp-block-content-overlay\"><div class=\"ultp-block-image ultp-block-image-none ultp-block-image-overlay ultp-block-image-simgleGradient\"><a href=\"https:\/\/www.ovigilanteonline.com.br\/site\/2026\/08\/30\/homem-fica-ferido-durante-salto-de-voo-livre-no-morro-do-cruzeiro-em-leopoldina\/\" ><img decoding=\"async\"  alt=\"Homem fica ferido durante salto de voo livre no Morro do Cruzeiro em Leopoldina\"  src=\"https:\/\/www.ovigilanteonline.com.br\/site\/wp-content\/uploads\/2026\/08\/capa-paraglider-870x570.jpeg\" \/><\/a><\/div><div class=\"ultp-block-content ultp-block-content-bottomPosition\"><div class=\"ultp-block-content-inner\"><h3 class=\"ultp-block-title \"><a href=\"https:\/\/www.ovigilanteonline.com.br\/site\/2026\/08\/30\/homem-fica-ferido-durante-salto-de-voo-livre-no-morro-do-cruzeiro-em-leopoldina\/\" >Homem fica ferido durante salto de voo livre no Morro do Cruzeiro em Leopoldina<\/a><\/h3><\/div><\/div><\/div><\/div><div class=\"ultp-block-item post-id-456390\"><div class=\"ultp-block-content-wrap ultp-block-content-overlay\"><div class=\"ultp-block-image ultp-block-image-none ultp-block-image-overlay ultp-block-image-simgleGradient\"><a href=\"https:\/\/www.ovigilanteonline.com.br\/site\/2026\/08\/30\/esporte-clube-ribeiro-junqueira-celebra-115-anos-com-noite-de-homenagens-e-lancamento-da-revista-times-da-mata\/\" ><img decoding=\"async\"  alt=\"Esporte Clube Ribeiro Junqueira celebra 115 anos com noite de homenagens e lan\u00e7amento da Revista Times da Mata\"  src=\"https:\/\/www.ovigilanteonline.com.br\/site\/wp-content\/uploads\/2026\/08\/capa-rrr-870x570.jpg\" \/><\/a><\/div><div class=\"ultp-block-content ultp-block-content-bottomPosition\"><div class=\"ultp-block-content-inner\"><h3 class=\"ultp-block-title \"><a href=\"https:\/\/www.ovigilanteonline.com.br\/site\/2026\/08\/30\/esporte-clube-ribeiro-junqueira-celebra-115-anos-com-noite-de-homenagens-e-lancamento-da-revista-times-da-mata\/\" >Esporte Clube Ribeiro Junqueira celebra 115 anos com noite de homenagens e lan\u00e7amento da Revista Times da Mata<\/a><\/h3><\/div><\/div><\/div><\/div><div class=\"ultp-block-item post-id-456388\"><div class=\"ultp-block-content-wrap ultp-block-content-overlay\"><div class=\"ultp-block-image ultp-block-image-none ultp-block-image-overlay ultp-block-image-simgleGradient\"><a href=\"https:\/\/www.ovigilanteonline.com.br\/site\/2026\/08\/30\/criminosos-armados-invadem-propriedade-rural-as-margens-da-br-116-e-fazem-moradores-refens-em-muriae\/\" ><img decoding=\"async\"  alt=\"Criminosos armados invadem propriedade rural \u00e0s margens da BR-116 e fazem moradores ref\u00e9ns em Muria\u00e9\"  src=\"https:\/\/www.ovigilanteonline.com.br\/site\/wp-content\/uploads\/2022\/05\/PM-LEOPOLDINA-870x487.jpg\" \/><\/a><\/div><div class=\"ultp-block-content ultp-block-content-bottomPosition\"><div class=\"ultp-block-content-inner\"><h3 class=\"ultp-block-title \"><a href=\"https:\/\/www.ovigilanteonline.com.br\/site\/2026\/08\/30\/criminosos-armados-invadem-propriedade-rural-as-margens-da-br-116-e-fazem-moradores-refens-em-muriae\/\" >Criminosos armados invadem propriedade rural \u00e0s margens da BR-116 e fazem moradores ref\u00e9ns em Muria\u00e9<\/a><\/h3><\/div><\/div><\/div><\/div><div class=\"ultp-block-item post-id-456363\"><div class=\"ultp-block-content-wrap ultp-block-content-overlay\"><div class=\"ultp-block-image ultp-block-image-none ultp-block-image-overlay ultp-block-image-simgleGradient\"><a href=\"https:\/\/www.ovigilanteonline.com.br\/site\/2026\/08\/29\/guarda-municipal-de-uba-morre-em-acidente-entre-moto-e-caminhao-na-mg-124\/\" ><img decoding=\"async\"  alt=\"Guarda Municipal de Ub\u00e1 morre em acidente entre moto e caminh\u00e3o na MG-124\"  src=\"https:\/\/www.ovigilanteonline.com.br\/site\/wp-content\/uploads\/2026\/08\/656565.jpg\" \/><\/a><\/div><div class=\"ultp-block-content ultp-block-content-bottomPosition\"><div class=\"ultp-block-content-inner\"><h3 class=\"ultp-block-title \"><a href=\"https:\/\/www.ovigilanteonline.com.br\/site\/2026\/08\/29\/guarda-municipal-de-uba-morre-em-acidente-entre-moto-e-caminhao-na-mg-124\/\" >Guarda Municipal de Ub\u00e1 morre em acidente entre moto e caminh\u00e3o na MG-124<\/a><\/h3><\/div><\/div><\/div><\/div><\/div><\/div><div class=\"pagination-block-html\" aria-hidden=\"true\" style=\"display: none;\"><\/div><\/div>","protected":false},"excerpt":{"rendered":"<p>A\u00e7\u00f5es da Energisa unem sustentabilidade, seguran\u00e7a e impacto social. Mais de&nbsp;5&nbsp;mil&nbsp;fam\u00edlias&nbsp;foram&nbsp;beneficiadas&nbsp;em&nbsp;2025&nbsp;com as&nbsp;a\u00e7\u00f5es do programa Nossa Energia, desenvolvido pela&nbsp;Energisa Minas Rio&nbsp;e regulado pela Ag\u00eancia Nacional de Energia El\u00e9trica (ANEEL). As iniciativas promoveram economia no consumo de energia e mais conforto para fam\u00edlias em situa\u00e7\u00e3o de vulnerabilidade social em toda a \u00e1rea de concess\u00e3o da distribuidora.&nbsp; Ao [&hellip;]<\/p>\n","protected":false},"author":2,"featured_media":449005,"comment_status":"open","ping_status":"closed","sticky":false,"template":"","format":"standard","meta":{"footnotes":""},"categories":[1,26],"tags":[],"class_list":["post-449003","post","type-post","status-publish","format-standard","has-post-thumbnail","hentry","category-destaque","category-ultimas-noticias"],"yoast_head":"<!-- This site is optimized with the Yoast SEO plugin v28.3 - https:\/\/yoast.com\/product\/yoast-seo-wordpress\/ -->\n<title>Energia que Transforma:\u00a0iniciativa\u00a0beneficia mais de 5 mil\u00a0fam\u00edlias\u00a0<\/title>\n<meta name=\"robots\" content=\"index, follow, max-snippet:-1, max-image-preview:large, max-video-preview:-1\" \/>\n<link rel=\"canonical\" href=\"https:\/\/www.ovigilanteonline.com.br\/site\/2026\/01\/06\/energia-que-transforma-iniciativa-beneficia-mais-de-5-mil-familias\/\" \/>\n<meta property=\"og:locale\" content=\"pt_BR\" \/>\n<meta property=\"og:type\" content=\"article\" \/>\n<meta property=\"og:title\" content=\"Energia que Transforma:\u00a0iniciativa\u00a0beneficia mais de 5 mil\u00a0fam\u00edlias\u00a0\" \/>\n<meta property=\"og:description\" content=\"A\u00e7\u00f5es da Energisa unem sustentabilidade, seguran\u00e7a e impacto social. Mais de&nbsp;5&nbsp;mil&nbsp;fam\u00edlias&nbsp;foram&nbsp;beneficiadas&nbsp;em&nbsp;2025&nbsp;com as&nbsp;a\u00e7\u00f5es do programa Nossa Energia, desenvolvido pela&nbsp;Energisa Minas Rio&nbsp;e regulado pela Ag\u00eancia Nacional de Energia El\u00e9trica (ANEEL). As iniciativas promoveram economia no consumo de energia e mais conforto para fam\u00edlias em situa\u00e7\u00e3o de vulnerabilidade social em toda a \u00e1rea de concess\u00e3o da distribuidora.&nbsp; Ao [&hellip;]\" \/>\n<meta property=\"og:url\" content=\"https:\/\/www.ovigilanteonline.com.br\/site\/2026\/01\/06\/energia-que-transforma-iniciativa-beneficia-mais-de-5-mil-familias\/\" \/>\n<meta property=\"og:site_name\" content=\"O VIGILANTE ONLINE\" \/>\n<meta property=\"article:publisher\" content=\"https:\/\/www.facebook.com\/ovigilanteonline\" \/>\n<meta property=\"article:published_time\" content=\"2026-01-06T13:09:05+00:00\" \/>\n<meta property=\"article:modified_time\" content=\"2026-01-06T13:15:06+00:00\" \/>\n<meta property=\"og:image\" content=\"https:\/\/www.ovigilanteonline.com.br\/site\/wp-content\/uploads\/2026\/01\/image002.png\" \/>\n\t<meta property=\"og:image:width\" content=\"900\" \/>\n\t<meta property=\"og:image:height\" content=\"466\" \/>\n\t<meta property=\"og:image:type\" content=\"image\/png\" \/>\n<meta name=\"author\" content=\"Jornalismo\" \/>\n<meta name=\"twitter:card\" content=\"summary_large_image\" \/>\n<meta name=\"twitter:label1\" content=\"Escrito por\" \/>\n\t<meta name=\"twitter:data1\" content=\"Jornalismo\" \/>\n\t<meta name=\"twitter:label2\" content=\"Est. tempo de leitura\" \/>\n\t<meta name=\"twitter:data2\" content=\"3 minutos\" \/>\n<script type=\"application\/ld+json\" class=\"yoast-schema-graph\">{\"@context\":\"https:\\\/\\\/schema.org\",\"@graph\":[{\"@type\":\"Article\",\"@id\":\"https:\\\/\\\/www.ovigilanteonline.com.br\\\/site\\\/2026\\\/01\\\/06\\\/energia-que-transforma-iniciativa-beneficia-mais-de-5-mil-familias\\\/#article\",\"isPartOf\":{\"@id\":\"https:\\\/\\\/www.ovigilanteonline.com.br\\\/site\\\/2026\\\/01\\\/06\\\/energia-que-transforma-iniciativa-beneficia-mais-de-5-mil-familias\\\/\"},\"author\":{\"name\":\"Jornalismo\",\"@id\":\"https:\\\/\\\/www.ovigilanteonline.com.br\\\/site\\\/#\\\/schema\\\/person\\\/538fdfb33c0c411cd14a732e7cf14aa6\"},\"headline\":\"Energia que Transforma:\u00a0iniciativa\u00a0beneficia mais de 5 mil\u00a0fam\u00edlias\u00a0\",\"datePublished\":\"2026-01-06T13:09:05+00:00\",\"dateModified\":\"2026-01-06T13:15:06+00:00\",\"mainEntityOfPage\":{\"@id\":\"https:\\\/\\\/www.ovigilanteonline.com.br\\\/site\\\/2026\\\/01\\\/06\\\/energia-que-transforma-iniciativa-beneficia-mais-de-5-mil-familias\\\/\"},\"wordCount\":426,\"commentCount\":0,\"image\":{\"@id\":\"https:\\\/\\\/www.ovigilanteonline.com.br\\\/site\\\/2026\\\/01\\\/06\\\/energia-que-transforma-iniciativa-beneficia-mais-de-5-mil-familias\\\/#primaryimage\"},\"thumbnailUrl\":\"https:\\\/\\\/www.ovigilanteonline.com.br\\\/site\\\/wp-content\\\/uploads\\\/2026\\\/01\\\/image002.png\",\"articleSection\":[\"Destaque\",\"\u00daltimas Not\u00edcias\"],\"inLanguage\":\"pt-BR\",\"potentialAction\":[{\"@type\":\"CommentAction\",\"name\":\"Comment\",\"target\":[\"https:\\\/\\\/www.ovigilanteonline.com.br\\\/site\\\/2026\\\/01\\\/06\\\/energia-que-transforma-iniciativa-beneficia-mais-de-5-mil-familias\\\/#respond\"]}]},{\"@type\":\"WebPage\",\"@id\":\"https:\\\/\\\/www.ovigilanteonline.com.br\\\/site\\\/2026\\\/01\\\/06\\\/energia-que-transforma-iniciativa-beneficia-mais-de-5-mil-familias\\\/\",\"url\":\"https:\\\/\\\/www.ovigilanteonline.com.br\\\/site\\\/2026\\\/01\\\/06\\\/energia-que-transforma-iniciativa-beneficia-mais-de-5-mil-familias\\\/\",\"name\":\"Energia que Transforma:\u00a0iniciativa\u00a0beneficia mais de 5 mil\u00a0fam\u00edlias\u00a0\",\"isPartOf\":{\"@id\":\"https:\\\/\\\/www.ovigilanteonline.com.br\\\/site\\\/#website\"},\"primaryImageOfPage\":{\"@id\":\"https:\\\/\\\/www.ovigilanteonline.com.br\\\/site\\\/2026\\\/01\\\/06\\\/energia-que-transforma-iniciativa-beneficia-mais-de-5-mil-familias\\\/#primaryimage\"},\"image\":{\"@id\":\"https:\\\/\\\/www.ovigilanteonline.com.br\\\/site\\\/2026\\\/01\\\/06\\\/energia-que-transforma-iniciativa-beneficia-mais-de-5-mil-familias\\\/#primaryimage\"},\"thumbnailUrl\":\"https:\\\/\\\/www.ovigilanteonline.com.br\\\/site\\\/wp-content\\\/uploads\\\/2026\\\/01\\\/image002.png\",\"datePublished\":\"2026-01-06T13:09:05+00:00\",\"dateModified\":\"2026-01-06T13:15:06+00:00\",\"author\":{\"@id\":\"https:\\\/\\\/www.ovigilanteonline.com.br\\\/site\\\/#\\\/schema\\\/person\\\/538fdfb33c0c411cd14a732e7cf14aa6\"},\"breadcrumb\":{\"@id\":\"https:\\\/\\\/www.ovigilanteonline.com.br\\\/site\\\/2026\\\/01\\\/06\\\/energia-que-transforma-iniciativa-beneficia-mais-de-5-mil-familias\\\/#breadcrumb\"},\"inLanguage\":\"pt-BR\",\"potentialAction\":[{\"@type\":\"ReadAction\",\"target\":[\"https:\\\/\\\/www.ovigilanteonline.com.br\\\/site\\\/2026\\\/01\\\/06\\\/energia-que-transforma-iniciativa-beneficia-mais-de-5-mil-familias\\\/\"]}]},{\"@type\":\"ImageObject\",\"inLanguage\":\"pt-BR\",\"@id\":\"https:\\\/\\\/www.ovigilanteonline.com.br\\\/site\\\/2026\\\/01\\\/06\\\/energia-que-transforma-iniciativa-beneficia-mais-de-5-mil-familias\\\/#primaryimage\",\"url\":\"https:\\\/\\\/www.ovigilanteonline.com.br\\\/site\\\/wp-content\\\/uploads\\\/2026\\\/01\\\/image002.png\",\"contentUrl\":\"https:\\\/\\\/www.ovigilanteonline.com.br\\\/site\\\/wp-content\\\/uploads\\\/2026\\\/01\\\/image002.png\",\"width\":900,\"height\":466},{\"@type\":\"BreadcrumbList\",\"@id\":\"https:\\\/\\\/www.ovigilanteonline.com.br\\\/site\\\/2026\\\/01\\\/06\\\/energia-que-transforma-iniciativa-beneficia-mais-de-5-mil-familias\\\/#breadcrumb\",\"itemListElement\":[{\"@type\":\"ListItem\",\"position\":1,\"name\":\"In\u00edcio\",\"item\":\"https:\\\/\\\/www.ovigilanteonline.com.br\\\/site\\\/\"},{\"@type\":\"ListItem\",\"position\":2,\"name\":\"Energia que Transforma:\u00a0iniciativa\u00a0beneficia mais de 5 mil\u00a0fam\u00edlias\u00a0\"}]},{\"@type\":\"WebSite\",\"@id\":\"https:\\\/\\\/www.ovigilanteonline.com.br\\\/site\\\/#website\",\"url\":\"https:\\\/\\\/www.ovigilanteonline.com.br\\\/site\\\/\",\"name\":\"O VIGILANTE ONLINE - Not\u00edcias de Leopoldina e regi\u00e3o\",\"description\":\"\",\"potentialAction\":[{\"@type\":\"SearchAction\",\"target\":{\"@type\":\"EntryPoint\",\"urlTemplate\":\"https:\\\/\\\/www.ovigilanteonline.com.br\\\/site\\\/?s={search_term_string}\"},\"query-input\":{\"@type\":\"PropertyValueSpecification\",\"valueRequired\":true,\"valueName\":\"search_term_string\"}}],\"inLanguage\":\"pt-BR\"},{\"@type\":\"Person\",\"@id\":\"https:\\\/\\\/www.ovigilanteonline.com.br\\\/site\\\/#\\\/schema\\\/person\\\/538fdfb33c0c411cd14a732e7cf14aa6\",\"name\":\"Jornalismo\"}]}<\/script>\n<!-- \/ Yoast SEO plugin. -->","yoast_head_json":{"title":"Energia que Transforma:\u00a0iniciativa\u00a0beneficia mais de 5 mil\u00a0fam\u00edlias\u00a0","robots":{"index":"index","follow":"follow","max-snippet":"max-snippet:-1","max-image-preview":"max-image-preview:large","max-video-preview":"max-video-preview:-1"},"canonical":"https:\/\/www.ovigilanteonline.com.br\/site\/2026\/01\/06\/energia-que-transforma-iniciativa-beneficia-mais-de-5-mil-familias\/","og_locale":"pt_BR","og_type":"article","og_title":"Energia que Transforma:\u00a0iniciativa\u00a0beneficia mais de 5 mil\u00a0fam\u00edlias\u00a0","og_description":"A\u00e7\u00f5es da Energisa unem sustentabilidade, seguran\u00e7a e impacto social. Mais de&nbsp;5&nbsp;mil&nbsp;fam\u00edlias&nbsp;foram&nbsp;beneficiadas&nbsp;em&nbsp;2025&nbsp;com as&nbsp;a\u00e7\u00f5es do programa Nossa Energia, desenvolvido pela&nbsp;Energisa Minas Rio&nbsp;e regulado pela Ag\u00eancia Nacional de Energia El\u00e9trica (ANEEL). As iniciativas promoveram economia no consumo de energia e mais conforto para fam\u00edlias em situa\u00e7\u00e3o de vulnerabilidade social em toda a \u00e1rea de concess\u00e3o da distribuidora.&nbsp; Ao [&hellip;]","og_url":"https:\/\/www.ovigilanteonline.com.br\/site\/2026\/01\/06\/energia-que-transforma-iniciativa-beneficia-mais-de-5-mil-familias\/","og_site_name":"O VIGILANTE ONLINE","article_publisher":"https:\/\/www.facebook.com\/ovigilanteonline","article_published_time":"2026-01-06T13:09:05+00:00","article_modified_time":"2026-01-06T13:15:06+00:00","og_image":[{"width":900,"height":466,"url":"https:\/\/www.ovigilanteonline.com.br\/site\/wp-content\/uploads\/2026\/01\/image002.png","type":"image\/png"}],"author":"Jornalismo","twitter_card":"summary_large_image","twitter_misc":{"Escrito por":"Jornalismo","Est. tempo de leitura":"3 minutos"},"schema":{"@context":"https:\/\/schema.org","@graph":[{"@type":"Article","@id":"https:\/\/www.ovigilanteonline.com.br\/site\/2026\/01\/06\/energia-que-transforma-iniciativa-beneficia-mais-de-5-mil-familias\/#article","isPartOf":{"@id":"https:\/\/www.ovigilanteonline.com.br\/site\/2026\/01\/06\/energia-que-transforma-iniciativa-beneficia-mais-de-5-mil-familias\/"},"author":{"name":"Jornalismo","@id":"https:\/\/www.ovigilanteonline.com.br\/site\/#\/schema\/person\/538fdfb33c0c411cd14a732e7cf14aa6"},"headline":"Energia que Transforma:\u00a0iniciativa\u00a0beneficia mais de 5 mil\u00a0fam\u00edlias\u00a0","datePublished":"2026-01-06T13:09:05+00:00","dateModified":"2026-01-06T13:15:06+00:00","mainEntityOfPage":{"@id":"https:\/\/www.ovigilanteonline.com.br\/site\/2026\/01\/06\/energia-que-transforma-iniciativa-beneficia-mais-de-5-mil-familias\/"},"wordCount":426,"commentCount":0,"image":{"@id":"https:\/\/www.ovigilanteonline.com.br\/site\/2026\/01\/06\/energia-que-transforma-iniciativa-beneficia-mais-de-5-mil-familias\/#primaryimage"},"thumbnailUrl":"https:\/\/www.ovigilanteonline.com.br\/site\/wp-content\/uploads\/2026\/01\/image002.png","articleSection":["Destaque","\u00daltimas Not\u00edcias"],"inLanguage":"pt-BR","potentialAction":[{"@type":"CommentAction","name":"Comment","target":["https:\/\/www.ovigilanteonline.com.br\/site\/2026\/01\/06\/energia-que-transforma-iniciativa-beneficia-mais-de-5-mil-familias\/#respond"]}]},{"@type":"WebPage","@id":"https:\/\/www.ovigilanteonline.com.br\/site\/2026\/01\/06\/energia-que-transforma-iniciativa-beneficia-mais-de-5-mil-familias\/","url":"https:\/\/www.ovigilanteonline.com.br\/site\/2026\/01\/06\/energia-que-transforma-iniciativa-beneficia-mais-de-5-mil-familias\/","name":"Energia que Transforma:\u00a0iniciativa\u00a0beneficia mais de 5 mil\u00a0fam\u00edlias\u00a0","isPartOf":{"@id":"https:\/\/www.ovigilanteonline.com.br\/site\/#website"},"primaryImageOfPage":{"@id":"https:\/\/www.ovigilanteonline.com.br\/site\/2026\/01\/06\/energia-que-transforma-iniciativa-beneficia-mais-de-5-mil-familias\/#primaryimage"},"image":{"@id":"https:\/\/www.ovigilanteonline.com.br\/site\/2026\/01\/06\/energia-que-transforma-iniciativa-beneficia-mais-de-5-mil-familias\/#primaryimage"},"thumbnailUrl":"https:\/\/www.ovigilanteonline.com.br\/site\/wp-content\/uploads\/2026\/01\/image002.png","datePublished":"2026-01-06T13:09:05+00:00","dateModified":"2026-01-06T13:15:06+00:00","author":{"@id":"https:\/\/www.ovigilanteonline.com.br\/site\/#\/schema\/person\/538fdfb33c0c411cd14a732e7cf14aa6"},"breadcrumb":{"@id":"https:\/\/www.ovigilanteonline.com.br\/site\/2026\/01\/06\/energia-que-transforma-iniciativa-beneficia-mais-de-5-mil-familias\/#breadcrumb"},"inLanguage":"pt-BR","potentialAction":[{"@type":"ReadAction","target":["https:\/\/www.ovigilanteonline.com.br\/site\/2026\/01\/06\/energia-que-transforma-iniciativa-beneficia-mais-de-5-mil-familias\/"]}]},{"@type":"ImageObject","inLanguage":"pt-BR","@id":"https:\/\/www.ovigilanteonline.com.br\/site\/2026\/01\/06\/energia-que-transforma-iniciativa-beneficia-mais-de-5-mil-familias\/#primaryimage","url":"https:\/\/www.ovigilanteonline.com.br\/site\/wp-content\/uploads\/2026\/01\/image002.png","contentUrl":"https:\/\/www.ovigilanteonline.com.br\/site\/wp-content\/uploads\/2026\/01\/image002.png","width":900,"height":466},{"@type":"BreadcrumbList","@id":"https:\/\/www.ovigilanteonline.com.br\/site\/2026\/01\/06\/energia-que-transforma-iniciativa-beneficia-mais-de-5-mil-familias\/#breadcrumb","itemListElement":[{"@type":"ListItem","position":1,"name":"In\u00edcio","item":"https:\/\/www.ovigilanteonline.com.br\/site\/"},{"@type":"ListItem","position":2,"name":"Energia que Transforma:\u00a0iniciativa\u00a0beneficia mais de 5 mil\u00a0fam\u00edlias\u00a0"}]},{"@type":"WebSite","@id":"https:\/\/www.ovigilanteonline.com.br\/site\/#website","url":"https:\/\/www.ovigilanteonline.com.br\/site\/","name":"O VIGILANTE ONLINE - Not\u00edcias de Leopoldina e regi\u00e3o","description":"","potentialAction":[{"@type":"SearchAction","target":{"@type":"EntryPoint","urlTemplate":"https:\/\/www.ovigilanteonline.com.br\/site\/?s={search_term_string}"},"query-input":{"@type":"PropertyValueSpecification","valueRequired":true,"valueName":"search_term_string"}}],"inLanguage":"pt-BR"},{"@type":"Person","@id":"https:\/\/www.ovigilanteonline.com.br\/site\/#\/schema\/person\/538fdfb33c0c411cd14a732e7cf14aa6","name":"Jornalismo"}]}},"cc_featured_image_caption":{"caption_text":"Evento aberto ao p\u00fablico no munic\u00edpio de Merc\u00eas - Cr\u00e9dito: Energisa Divulga\u00e7\u00e3o ","source_text":"","source_url":""},"_links":{"self":[{"href":"https:\/\/www.ovigilanteonline.com.br\/site\/wp-json\/wp\/v2\/posts\/449003","targetHints":{"allow":["GET"]}}],"collection":[{"href":"https:\/\/www.ovigilanteonline.com.br\/site\/wp-json\/wp\/v2\/posts"}],"about":[{"href":"https:\/\/www.ovigilanteonline.com.br\/site\/wp-json\/wp\/v2\/types\/post"}],"author":[{"embeddable":true,"href":"https:\/\/www.ovigilanteonline.com.br\/site\/wp-json\/wp\/v2\/users\/2"}],"replies":[{"embeddable":true,"href":"https:\/\/www.ovigilanteonline.com.br\/site\/wp-json\/wp\/v2\/comments?post=449003"}],"version-history":[{"count":0,"href":"https:\/\/www.ovigilanteonline.com.br\/site\/wp-json\/wp\/v2\/posts\/449003\/revisions"}],"wp:featuredmedia":[{"embeddable":true,"href":"https:\/\/www.ovigilanteonline.com.br\/site\/wp-json\/wp\/v2\/media\/449005"}],"wp:attachment":[{"href":"https:\/\/www.ovigilanteonline.com.br\/site\/wp-json\/wp\/v2\/media?parent=449003"}],"wp:term":[{"taxonomy":"category","embeddable":true,"href":"https:\/\/www.ovigilanteonline.com.br\/site\/wp-json\/wp\/v2\/categories?post=449003"},{"taxonomy":"post_tag","embeddable":true,"href":"https:\/\/www.ovigilanteonline.com.br\/site\/wp-json\/wp\/v2\/tags?post=449003"}],"curies":[{"name":"wp","href":"https:\/\/api.w.org\/{rel}","templated":true}]}}