{"id":448754,"date":"2025-12-28T19:05:03","date_gmt":"2025-12-28T22:05:03","guid":{"rendered":"https:\/\/www.ovigilanteonline.com.br\/site\/?p=448754"},"modified":"2025-12-29T07:54:51","modified_gmt":"2025-12-29T10:54:51","slug":"onibus-pega-fogo-na-mg-133-em-rio-pomba","status":"publish","type":"post","link":"https:\/\/www.ovigilanteonline.com.br\/site\/2025\/12\/28\/onibus-pega-fogo-na-mg-133-em-rio-pomba\/","title":{"rendered":"\u00d4nibus pega fogo na MG-133 em Rio Pomba"},"content":{"rendered":"<div id=\"ovigi-2349638804\" class=\"ovigi-inicio-post-interno ovigi-entity-placement\" style=\"margin-left: auto;margin-right: auto;text-align: center;\"><a href=\"https:\/\/onelink.to\/tfjfd3?utm_source=ig&#038;utm_medium=social&#038;utm_content=link_in_bio&#038;fbclid=PAcGRvZgJleHRuA2FlbQIxMQBzcnRjBmFwcF9pZA85MzY2MTk3NDMzOTI0NTkAAacgW20vIuhakYBCxZduUBbwssdSFoAQ7exuq7BFVvR-PR9sdpzVWlAvY7yZog_aem__Bn7V7eJEMspatV_tVfmIA\" target=\"_blank\" aria-label=\"ARTE GIF\"><img decoding=\"async\" src=\"https:\/\/www.ovigilanteonline.com.br\/site\/wp-content\/uploads\/2026\/05\/ARTE-GIF.gif\" alt=\"\"    \/><\/a><\/div>\n<h3 class=\"wp-block-heading\"><strong><em>O Corpo de Bombeiros foi acionado para controlar as chamas e fazer o trabalho de rescaldo. <\/em><\/strong><\/h3>\n\n\n\n<p class=\"wp-block-paragraph\">Um \u00f4nibus pegou fogo no in\u00edcio da tarde deste domingo (28) na MG-133, em Rio Pomba. Conforme informa\u00e7\u00f5es do Corpo de Bombeiros, o ve\u00edculo estava em dire\u00e7\u00e3o a Juiz de Fora quando as chamas come\u00e7aram. Assista o v\u00eddeo ao final desta mat\u00e9ria.<\/p>\n\n\n\n<p class=\"wp-block-paragraph\">N\u00e3o houve feridos, segundo a corpora\u00e7\u00e3o.<\/p><div id=\"ovigi-1517161454\" class=\"ovigi-conteudo_2-3 ovigi-entity-placement\"><script async src=\"\/\/pagead2.googlesyndication.com\/pagead\/js\/adsbygoogle.js?client=ca-pub-4068173061741521\" crossorigin=\"anonymous\"><\/script><ins class=\"adsbygoogle\" style=\"display:block; text-align:center;\" data-ad-client=\"ca-pub-4068173061741521\" \ndata-ad-slot=\"6460393376\" \ndata-ad-layout=\"in-article\"\ndata-ad-format=\"fluid\"><\/ins>\n<script> \n(adsbygoogle = window.adsbygoogle || []).push({}); \n<\/script>\n<\/div><div id=\"ovigi-764021723\" class=\"ovigi-conteudo_2-2 ovigi-entity-placement\"><script async src=\"\/\/pagead2.googlesyndication.com\/pagead\/js\/adsbygoogle.js?client=ca-pub-4068173061741521\" crossorigin=\"anonymous\"><\/script><ins class=\"adsbygoogle\" style=\"display:block; text-align:center;\" data-ad-client=\"ca-pub-4068173061741521\" \ndata-ad-slot=\"6460393376\" \ndata-ad-layout=\"in-article\"\ndata-ad-format=\"fluid\"><\/ins>\n<script> \n(adsbygoogle = window.adsbygoogle || []).push({}); \n<\/script>\n<\/div><div id=\"ovigi-433220192\" class=\"ovigi-conteudo_2 ovigi-entity-placement\"><script async src=\"\/\/pagead2.googlesyndication.com\/pagead\/js\/adsbygoogle.js?client=ca-pub-4068173061741521\" crossorigin=\"anonymous\"><\/script><ins class=\"adsbygoogle\" style=\"display:block; text-align:center;\" data-ad-client=\"ca-pub-4068173061741521\" \ndata-ad-slot=\"6460393376\" \ndata-ad-layout=\"in-article\"\ndata-ad-format=\"fluid\"><\/ins>\n<script> \n(adsbygoogle = window.adsbygoogle || []).push({}); \n<\/script>\n<\/div><div id=\"ovigi-3730054667\" class=\"ovigi-conteudo_2-4 ovigi-entity-placement\"><script async src=\"\/\/pagead2.googlesyndication.com\/pagead\/js\/adsbygoogle.js?client=ca-pub-4068173061741521\" crossorigin=\"anonymous\"><\/script><ins class=\"adsbygoogle\" style=\"display:block; text-align:center;\" data-ad-client=\"ca-pub-4068173061741521\" \ndata-ad-slot=\"6460393376\" \ndata-ad-layout=\"in-article\"\ndata-ad-format=\"fluid\"><\/ins>\n<script> \n(adsbygoogle = window.adsbygoogle || []).push({}); \n<\/script>\n<\/div>\n\n\n\n<p class=\"wp-block-paragraph\">Em v\u00eddeos que circulam nas redes sociais \u00e9 poss\u00edvel ver o fogo concentrado na parte traseira do coletivo e muita fuma\u00e7a preta. Alguns passageiros correram com alguns pertences para que eles n\u00e3o fossem queimados. <\/p>\n\n\n\n\n\n<p class=\"wp-block-paragraph\">Os bombeiros informaram que foram acionados e encerraram os trabalhos por volta das 17h. N\u00e3o foram repassadas informa\u00e7\u00f5es sobre o que teria provocado o inc\u00eandio.<\/p>\n\n\n\n<p class=\"wp-block-paragraph\">A reportagem n\u00e3o conseguiu contato com a Empresa Unida, dona do ve\u00edculo.<\/p>\n\n\n<div id=\"ovigi-3636103659\">\r\n<p class=\"has-text-align-center has-small-font-size wp-block-paragraph\">continua depois da publicidade<\/p>\r\n\r\n\r\n\r\n<hr class=\"wp-block-separator has-alpha-channel-opacity is-style-wide\"\/>\r\n\r\n\r\n\r\n<div class=\"wp-block-columns is-layout-flex wp-container-core-columns-is-layout-8f761849 wp-block-columns-is-layout-flex\">\r\n<div class=\"wp-block-column is-layout-flow wp-block-column-is-layout-flow\">\r\n<figure class=\"wp-block-image size-full is-resized\"><a href=\"https:\/\/www.instagram.com\/unimedleopoldina241\/\" target=\"_blank\" rel=\" noreferrer noopener\"><img decoding=\"async\" src=\"https:\/\/www.ovigilanteonline.com.br\/site\/wp-content\/uploads\/2026\/08\/unimed-materias.jpg\" alt=\"\" class=\"wp-image-455236\"\/><\/a><\/figure>\r\n<\/div>\r\n\r\n\r\n\r\n<div class=\"wp-block-column is-layout-flow wp-block-column-is-layout-flow\">\r\n<figure class=\"wp-block-image size-full\"><a href=\"https:\/\/vest.sudamerica.edu.br\/vest-2026-2\" target=\"_blank\" rel=\" noreferrer noopener\"><img decoding=\"async\" src=\"https:\/\/www.ovigilanteonline.com.br\/site\/wp-content\/uploads\/2026\/08\/sudamerica-materias.jpg\" alt=\"\" class=\"wp-image-453120\"\/><\/a><\/figure>\r\n<\/div>\r\n<\/div>\r\n\r\n\r\n\r\n<hr class=\"wp-block-separator has-alpha-channel-opacity is-style-wide\"\/>\r\n<\/div>\n\n\n<figure class=\"wp-block-video\"><video height=\"832\" style=\"aspect-ratio: 464 \/ 832;\" width=\"464\" controls src=\"https:\/\/www.ovigilanteonline.com.br\/site\/wp-content\/uploads\/2025\/12\/WhatsApp-Video-2025-12-28-at-16.52.55.mp4\"><\/video><\/figure>\n\n\n<div  class=\"wp-block-ultimate-post-heading ultp-block-801fa8\"><div class=\"ultp-block-wrapper\"><div class=\"ultp-heading-wrap ultp-heading-style18 ultp-heading-left\"><h2 class=\"ultp-heading-inner\"><span>Leia tamb\u00e9m<\/span><\/h2><\/div><\/div><\/div>\n\n<div  class=\"ultp-post-grid-block wp-block-ultimate-post-post-grid-2 ultp-block-85197f \"><div class=\"ultp-block-wrapper\" ><div class=\"ultp-loading\"><div class=\"ultp-loading-blocks\" style=\"width:100%;height:100%;\"><div style=\"left: 0;top: 0;animation-delay:0s;\"><\/div><div style=\"left: 21px;top: 0;animation-delay:0.125s;\"><\/div><div style=\"left: 42px;top: 0;animation-delay:0.25s;\"><\/div><div style=\"left: 0;top: 21px;animation-delay:0.875s;\"><\/div><div style=\"left: 42px;top: 21px;animation-delay:0.375s;\"><\/div><div style=\"left: 0;top: 42px;animation-delay:0.75s;\"><\/div><div style=\"left: 42px;top: 42px;animation-delay:0.625s;\"><\/div><div style=\"left: 21px;top: 42px;animation-delay:0.5s;\"><\/div><\/div><\/div><div class=\"ultp-block-items-wrap ultp-block-row\"><div class=\"ultp-block-item post-id-456429\"><div class=\"ultp-block-content-wrap ultp-block-content-overlay\"><div class=\"ultp-block-image ultp-block-image-none ultp-block-image-overlay ultp-block-image-simgleGradient\"><a href=\"https:\/\/www.ovigilanteonline.com.br\/site\/2026\/08\/31\/licenciamento-de-veiculos-comeca-a-ser-cobrado-a-partir-desta-terca-feira-em-minas\/\" ><img decoding=\"async\"  alt=\"Licenciamento de ve\u00edculos come\u00e7a a ser cobrado a partir desta ter\u00e7a-feira em Minas\"  src=\"https:\/\/www.ovigilanteonline.com.br\/site\/wp-content\/uploads\/2022\/04\/transito-leopoldina-o-vigilante-online-4-870x505.jpg\" \/><\/a><\/div><div class=\"ultp-block-content ultp-block-content-bottomPosition\"><div class=\"ultp-block-content-inner\"><h3 class=\"ultp-block-title \"><a href=\"https:\/\/www.ovigilanteonline.com.br\/site\/2026\/08\/31\/licenciamento-de-veiculos-comeca-a-ser-cobrado-a-partir-desta-terca-feira-em-minas\/\" >Licenciamento de ve\u00edculos come\u00e7a a ser cobrado a partir desta ter\u00e7a-feira em Minas<\/a><\/h3><\/div><\/div><\/div><\/div><div class=\"ultp-block-item post-id-456419\"><div class=\"ultp-block-content-wrap ultp-block-content-overlay\"><div class=\"ultp-block-image ultp-block-image-none ultp-block-image-overlay ultp-block-image-simgleGradient\"><a href=\"https:\/\/www.ovigilanteonline.com.br\/site\/2026\/08\/31\/motorista-sai-ileso-apos-carreta-tombar-na-br-116-proximo-a-serra-da-vileta-em-leopoldina\/\" ><img decoding=\"async\"  alt=\"Motorista sai ileso ap\u00f3s carreta tombar na BR-116 pr\u00f3ximo \u00e0 Serra da Vileta em Leopoldina\"  src=\"https:\/\/www.ovigilanteonline.com.br\/site\/wp-content\/uploads\/2026\/08\/55454554-870x570.jpeg\" \/><\/a><\/div><div class=\"ultp-block-content ultp-block-content-bottomPosition\"><div class=\"ultp-block-content-inner\"><h3 class=\"ultp-block-title \"><a href=\"https:\/\/www.ovigilanteonline.com.br\/site\/2026\/08\/31\/motorista-sai-ileso-apos-carreta-tombar-na-br-116-proximo-a-serra-da-vileta-em-leopoldina\/\" >Motorista sai ileso ap\u00f3s carreta tombar na BR-116 pr\u00f3ximo \u00e0 Serra da Vileta em Leopoldina<\/a><\/h3><\/div><\/div><\/div><\/div><div class=\"ultp-block-item post-id-456411\"><div class=\"ultp-block-content-wrap ultp-block-content-overlay\"><div class=\"ultp-block-image ultp-block-image-none ultp-block-image-overlay ultp-block-image-simgleGradient\"><a href=\"https:\/\/www.ovigilanteonline.com.br\/site\/2026\/08\/30\/homem-fica-ferido-durante-salto-de-voo-livre-no-morro-do-cruzeiro-em-leopoldina\/\" ><img decoding=\"async\"  alt=\"Homem fica ferido durante salto de voo livre no Morro do Cruzeiro em Leopoldina\"  src=\"https:\/\/www.ovigilanteonline.com.br\/site\/wp-content\/uploads\/2026\/08\/capa-paraglider-870x570.jpeg\" \/><\/a><\/div><div class=\"ultp-block-content ultp-block-content-bottomPosition\"><div class=\"ultp-block-content-inner\"><h3 class=\"ultp-block-title \"><a href=\"https:\/\/www.ovigilanteonline.com.br\/site\/2026\/08\/30\/homem-fica-ferido-durante-salto-de-voo-livre-no-morro-do-cruzeiro-em-leopoldina\/\" >Homem fica ferido durante salto de voo livre no Morro do Cruzeiro em Leopoldina<\/a><\/h3><\/div><\/div><\/div><\/div><div class=\"ultp-block-item post-id-456390\"><div class=\"ultp-block-content-wrap ultp-block-content-overlay\"><div class=\"ultp-block-image ultp-block-image-none ultp-block-image-overlay ultp-block-image-simgleGradient\"><a href=\"https:\/\/www.ovigilanteonline.com.br\/site\/2026\/08\/30\/esporte-clube-ribeiro-junqueira-celebra-115-anos-com-noite-de-homenagens-e-lancamento-da-revista-times-da-mata\/\" ><img decoding=\"async\"  alt=\"Esporte Clube Ribeiro Junqueira celebra 115 anos com noite de homenagens e lan\u00e7amento da Revista Times da Mata\"  src=\"https:\/\/www.ovigilanteonline.com.br\/site\/wp-content\/uploads\/2026\/08\/capa-rrr-870x570.jpg\" \/><\/a><\/div><div class=\"ultp-block-content ultp-block-content-bottomPosition\"><div class=\"ultp-block-content-inner\"><h3 class=\"ultp-block-title \"><a href=\"https:\/\/www.ovigilanteonline.com.br\/site\/2026\/08\/30\/esporte-clube-ribeiro-junqueira-celebra-115-anos-com-noite-de-homenagens-e-lancamento-da-revista-times-da-mata\/\" >Esporte Clube Ribeiro Junqueira celebra 115 anos com noite de homenagens e lan\u00e7amento da Revista Times da Mata<\/a><\/h3><\/div><\/div><\/div><\/div><div class=\"ultp-block-item post-id-456388\"><div class=\"ultp-block-content-wrap ultp-block-content-overlay\"><div class=\"ultp-block-image ultp-block-image-none ultp-block-image-overlay ultp-block-image-simgleGradient\"><a href=\"https:\/\/www.ovigilanteonline.com.br\/site\/2026\/08\/30\/criminosos-armados-invadem-propriedade-rural-as-margens-da-br-116-e-fazem-moradores-refens-em-muriae\/\" ><img decoding=\"async\"  alt=\"Criminosos armados invadem propriedade rural \u00e0s margens da BR-116 e fazem moradores ref\u00e9ns em Muria\u00e9\"  src=\"https:\/\/www.ovigilanteonline.com.br\/site\/wp-content\/uploads\/2022\/05\/PM-LEOPOLDINA-870x487.jpg\" \/><\/a><\/div><div class=\"ultp-block-content ultp-block-content-bottomPosition\"><div class=\"ultp-block-content-inner\"><h3 class=\"ultp-block-title \"><a href=\"https:\/\/www.ovigilanteonline.com.br\/site\/2026\/08\/30\/criminosos-armados-invadem-propriedade-rural-as-margens-da-br-116-e-fazem-moradores-refens-em-muriae\/\" >Criminosos armados invadem propriedade rural \u00e0s margens da BR-116 e fazem moradores ref\u00e9ns em Muria\u00e9<\/a><\/h3><\/div><\/div><\/div><\/div><div class=\"ultp-block-item post-id-456363\"><div class=\"ultp-block-content-wrap ultp-block-content-overlay\"><div class=\"ultp-block-image ultp-block-image-none ultp-block-image-overlay ultp-block-image-simgleGradient\"><a href=\"https:\/\/www.ovigilanteonline.com.br\/site\/2026\/08\/29\/guarda-municipal-de-uba-morre-em-acidente-entre-moto-e-caminhao-na-mg-124\/\" ><img decoding=\"async\"  alt=\"Guarda Municipal de Ub\u00e1 morre em acidente entre moto e caminh\u00e3o na MG-124\"  src=\"https:\/\/www.ovigilanteonline.com.br\/site\/wp-content\/uploads\/2026\/08\/656565.jpg\" \/><\/a><\/div><div class=\"ultp-block-content ultp-block-content-bottomPosition\"><div class=\"ultp-block-content-inner\"><h3 class=\"ultp-block-title \"><a href=\"https:\/\/www.ovigilanteonline.com.br\/site\/2026\/08\/29\/guarda-municipal-de-uba-morre-em-acidente-entre-moto-e-caminhao-na-mg-124\/\" >Guarda Municipal de Ub\u00e1 morre em acidente entre moto e caminh\u00e3o na MG-124<\/a><\/h3><\/div><\/div><\/div><\/div><\/div><\/div><div class=\"pagination-block-html\" aria-hidden=\"true\" style=\"display: none;\"><\/div><\/div>","protected":false},"excerpt":{"rendered":"<p>O Corpo de Bombeiros foi acionado para controlar as chamas e fazer o trabalho de rescaldo. Um \u00f4nibus pegou fogo no in\u00edcio da tarde deste domingo (28) na MG-133, em Rio Pomba. Conforme informa\u00e7\u00f5es do Corpo de Bombeiros, o ve\u00edculo estava em dire\u00e7\u00e3o a Juiz de Fora quando as chamas come\u00e7aram. Assista o v\u00eddeo ao [&hellip;]<\/p>\n","protected":false},"author":2,"featured_media":448755,"comment_status":"open","ping_status":"closed","sticky":false,"template":"","format":"standard","meta":{"footnotes":""},"categories":[1,26],"tags":[],"class_list":["post-448754","post","type-post","status-publish","format-standard","has-post-thumbnail","hentry","category-destaque","category-ultimas-noticias"],"yoast_head":"<!-- This site is optimized with the Yoast SEO plugin v28.3 - https:\/\/yoast.com\/product\/yoast-seo-wordpress\/ -->\n<title>\u00d4nibus pega fogo na MG-133 em Rio Pomba<\/title>\n<meta name=\"robots\" content=\"index, follow, max-snippet:-1, max-image-preview:large, max-video-preview:-1\" \/>\n<link rel=\"canonical\" href=\"https:\/\/www.ovigilanteonline.com.br\/site\/2025\/12\/28\/onibus-pega-fogo-na-mg-133-em-rio-pomba\/\" \/>\n<meta property=\"og:locale\" content=\"pt_BR\" \/>\n<meta property=\"og:type\" content=\"article\" \/>\n<meta property=\"og:title\" content=\"\u00d4nibus pega fogo na MG-133 em Rio Pomba\" \/>\n<meta property=\"og:description\" content=\"O Corpo de Bombeiros foi acionado para controlar as chamas e fazer o trabalho de rescaldo. Um \u00f4nibus pegou fogo no in\u00edcio da tarde deste domingo (28) na MG-133, em Rio Pomba. Conforme informa\u00e7\u00f5es do Corpo de Bombeiros, o ve\u00edculo estava em dire\u00e7\u00e3o a Juiz de Fora quando as chamas come\u00e7aram. Assista o v\u00eddeo ao [&hellip;]\" \/>\n<meta property=\"og:url\" content=\"https:\/\/www.ovigilanteonline.com.br\/site\/2025\/12\/28\/onibus-pega-fogo-na-mg-133-em-rio-pomba\/\" \/>\n<meta property=\"og:site_name\" content=\"O VIGILANTE ONLINE\" \/>\n<meta property=\"article:publisher\" content=\"https:\/\/www.facebook.com\/ovigilanteonline\" \/>\n<meta property=\"article:published_time\" content=\"2025-12-28T22:05:03+00:00\" \/>\n<meta property=\"article:modified_time\" content=\"2025-12-29T10:54:51+00:00\" \/>\n<meta property=\"og:image\" content=\"https:\/\/www.ovigilanteonline.com.br\/site\/wp-content\/uploads\/2025\/12\/fd6g56df56g.jpg\" \/>\n\t<meta property=\"og:image:width\" content=\"800\" \/>\n\t<meta property=\"og:image:height\" content=\"471\" \/>\n\t<meta property=\"og:image:type\" content=\"image\/jpeg\" \/>\n<meta name=\"author\" content=\"Jornalismo\" \/>\n<meta name=\"twitter:card\" content=\"summary_large_image\" \/>\n<meta name=\"twitter:label1\" content=\"Escrito por\" \/>\n\t<meta name=\"twitter:data1\" content=\"Jornalismo\" \/>\n\t<meta name=\"twitter:label2\" content=\"Est. tempo de leitura\" \/>\n\t<meta name=\"twitter:data2\" content=\"1 minuto\" \/>\n<script type=\"application\/ld+json\" class=\"yoast-schema-graph\">{\"@context\":\"https:\\\/\\\/schema.org\",\"@graph\":[{\"@type\":\"Article\",\"@id\":\"https:\\\/\\\/www.ovigilanteonline.com.br\\\/site\\\/2025\\\/12\\\/28\\\/onibus-pega-fogo-na-mg-133-em-rio-pomba\\\/#article\",\"isPartOf\":{\"@id\":\"https:\\\/\\\/www.ovigilanteonline.com.br\\\/site\\\/2025\\\/12\\\/28\\\/onibus-pega-fogo-na-mg-133-em-rio-pomba\\\/\"},\"author\":{\"name\":\"Jornalismo\",\"@id\":\"https:\\\/\\\/www.ovigilanteonline.com.br\\\/site\\\/#\\\/schema\\\/person\\\/538fdfb33c0c411cd14a732e7cf14aa6\"},\"headline\":\"\u00d4nibus pega fogo na MG-133 em Rio Pomba\",\"datePublished\":\"2025-12-28T22:05:03+00:00\",\"dateModified\":\"2025-12-29T10:54:51+00:00\",\"mainEntityOfPage\":{\"@id\":\"https:\\\/\\\/www.ovigilanteonline.com.br\\\/site\\\/2025\\\/12\\\/28\\\/onibus-pega-fogo-na-mg-133-em-rio-pomba\\\/\"},\"wordCount\":159,\"commentCount\":0,\"image\":{\"@id\":\"https:\\\/\\\/www.ovigilanteonline.com.br\\\/site\\\/2025\\\/12\\\/28\\\/onibus-pega-fogo-na-mg-133-em-rio-pomba\\\/#primaryimage\"},\"thumbnailUrl\":\"https:\\\/\\\/www.ovigilanteonline.com.br\\\/site\\\/wp-content\\\/uploads\\\/2025\\\/12\\\/fd6g56df56g.jpg\",\"articleSection\":[\"Destaque\",\"\u00daltimas Not\u00edcias\"],\"inLanguage\":\"pt-BR\",\"potentialAction\":[{\"@type\":\"CommentAction\",\"name\":\"Comment\",\"target\":[\"https:\\\/\\\/www.ovigilanteonline.com.br\\\/site\\\/2025\\\/12\\\/28\\\/onibus-pega-fogo-na-mg-133-em-rio-pomba\\\/#respond\"]}]},{\"@type\":\"WebPage\",\"@id\":\"https:\\\/\\\/www.ovigilanteonline.com.br\\\/site\\\/2025\\\/12\\\/28\\\/onibus-pega-fogo-na-mg-133-em-rio-pomba\\\/\",\"url\":\"https:\\\/\\\/www.ovigilanteonline.com.br\\\/site\\\/2025\\\/12\\\/28\\\/onibus-pega-fogo-na-mg-133-em-rio-pomba\\\/\",\"name\":\"\u00d4nibus pega fogo na MG-133 em Rio Pomba\",\"isPartOf\":{\"@id\":\"https:\\\/\\\/www.ovigilanteonline.com.br\\\/site\\\/#website\"},\"primaryImageOfPage\":{\"@id\":\"https:\\\/\\\/www.ovigilanteonline.com.br\\\/site\\\/2025\\\/12\\\/28\\\/onibus-pega-fogo-na-mg-133-em-rio-pomba\\\/#primaryimage\"},\"image\":{\"@id\":\"https:\\\/\\\/www.ovigilanteonline.com.br\\\/site\\\/2025\\\/12\\\/28\\\/onibus-pega-fogo-na-mg-133-em-rio-pomba\\\/#primaryimage\"},\"thumbnailUrl\":\"https:\\\/\\\/www.ovigilanteonline.com.br\\\/site\\\/wp-content\\\/uploads\\\/2025\\\/12\\\/fd6g56df56g.jpg\",\"datePublished\":\"2025-12-28T22:05:03+00:00\",\"dateModified\":\"2025-12-29T10:54:51+00:00\",\"author\":{\"@id\":\"https:\\\/\\\/www.ovigilanteonline.com.br\\\/site\\\/#\\\/schema\\\/person\\\/538fdfb33c0c411cd14a732e7cf14aa6\"},\"breadcrumb\":{\"@id\":\"https:\\\/\\\/www.ovigilanteonline.com.br\\\/site\\\/2025\\\/12\\\/28\\\/onibus-pega-fogo-na-mg-133-em-rio-pomba\\\/#breadcrumb\"},\"inLanguage\":\"pt-BR\",\"potentialAction\":[{\"@type\":\"ReadAction\",\"target\":[\"https:\\\/\\\/www.ovigilanteonline.com.br\\\/site\\\/2025\\\/12\\\/28\\\/onibus-pega-fogo-na-mg-133-em-rio-pomba\\\/\"]}]},{\"@type\":\"ImageObject\",\"inLanguage\":\"pt-BR\",\"@id\":\"https:\\\/\\\/www.ovigilanteonline.com.br\\\/site\\\/2025\\\/12\\\/28\\\/onibus-pega-fogo-na-mg-133-em-rio-pomba\\\/#primaryimage\",\"url\":\"https:\\\/\\\/www.ovigilanteonline.com.br\\\/site\\\/wp-content\\\/uploads\\\/2025\\\/12\\\/fd6g56df56g.jpg\",\"contentUrl\":\"https:\\\/\\\/www.ovigilanteonline.com.br\\\/site\\\/wp-content\\\/uploads\\\/2025\\\/12\\\/fd6g56df56g.jpg\",\"width\":800,\"height\":471},{\"@type\":\"BreadcrumbList\",\"@id\":\"https:\\\/\\\/www.ovigilanteonline.com.br\\\/site\\\/2025\\\/12\\\/28\\\/onibus-pega-fogo-na-mg-133-em-rio-pomba\\\/#breadcrumb\",\"itemListElement\":[{\"@type\":\"ListItem\",\"position\":1,\"name\":\"In\u00edcio\",\"item\":\"https:\\\/\\\/www.ovigilanteonline.com.br\\\/site\\\/\"},{\"@type\":\"ListItem\",\"position\":2,\"name\":\"\u00d4nibus pega fogo na MG-133 em Rio Pomba\"}]},{\"@type\":\"WebSite\",\"@id\":\"https:\\\/\\\/www.ovigilanteonline.com.br\\\/site\\\/#website\",\"url\":\"https:\\\/\\\/www.ovigilanteonline.com.br\\\/site\\\/\",\"name\":\"O VIGILANTE ONLINE - Not\u00edcias de Leopoldina e regi\u00e3o\",\"description\":\"\",\"potentialAction\":[{\"@type\":\"SearchAction\",\"target\":{\"@type\":\"EntryPoint\",\"urlTemplate\":\"https:\\\/\\\/www.ovigilanteonline.com.br\\\/site\\\/?s={search_term_string}\"},\"query-input\":{\"@type\":\"PropertyValueSpecification\",\"valueRequired\":true,\"valueName\":\"search_term_string\"}}],\"inLanguage\":\"pt-BR\"},{\"@type\":\"Person\",\"@id\":\"https:\\\/\\\/www.ovigilanteonline.com.br\\\/site\\\/#\\\/schema\\\/person\\\/538fdfb33c0c411cd14a732e7cf14aa6\",\"name\":\"Jornalismo\"}]}<\/script>\n<!-- \/ Yoast SEO plugin. -->","yoast_head_json":{"title":"\u00d4nibus pega fogo na MG-133 em Rio Pomba","robots":{"index":"index","follow":"follow","max-snippet":"max-snippet:-1","max-image-preview":"max-image-preview:large","max-video-preview":"max-video-preview:-1"},"canonical":"https:\/\/www.ovigilanteonline.com.br\/site\/2025\/12\/28\/onibus-pega-fogo-na-mg-133-em-rio-pomba\/","og_locale":"pt_BR","og_type":"article","og_title":"\u00d4nibus pega fogo na MG-133 em Rio Pomba","og_description":"O Corpo de Bombeiros foi acionado para controlar as chamas e fazer o trabalho de rescaldo. Um \u00f4nibus pegou fogo no in\u00edcio da tarde deste domingo (28) na MG-133, em Rio Pomba. Conforme informa\u00e7\u00f5es do Corpo de Bombeiros, o ve\u00edculo estava em dire\u00e7\u00e3o a Juiz de Fora quando as chamas come\u00e7aram. Assista o v\u00eddeo ao [&hellip;]","og_url":"https:\/\/www.ovigilanteonline.com.br\/site\/2025\/12\/28\/onibus-pega-fogo-na-mg-133-em-rio-pomba\/","og_site_name":"O VIGILANTE ONLINE","article_publisher":"https:\/\/www.facebook.com\/ovigilanteonline","article_published_time":"2025-12-28T22:05:03+00:00","article_modified_time":"2025-12-29T10:54:51+00:00","og_image":[{"width":800,"height":471,"url":"https:\/\/www.ovigilanteonline.com.br\/site\/wp-content\/uploads\/2025\/12\/fd6g56df56g.jpg","type":"image\/jpeg"}],"author":"Jornalismo","twitter_card":"summary_large_image","twitter_misc":{"Escrito por":"Jornalismo","Est. tempo de leitura":"1 minuto"},"schema":{"@context":"https:\/\/schema.org","@graph":[{"@type":"Article","@id":"https:\/\/www.ovigilanteonline.com.br\/site\/2025\/12\/28\/onibus-pega-fogo-na-mg-133-em-rio-pomba\/#article","isPartOf":{"@id":"https:\/\/www.ovigilanteonline.com.br\/site\/2025\/12\/28\/onibus-pega-fogo-na-mg-133-em-rio-pomba\/"},"author":{"name":"Jornalismo","@id":"https:\/\/www.ovigilanteonline.com.br\/site\/#\/schema\/person\/538fdfb33c0c411cd14a732e7cf14aa6"},"headline":"\u00d4nibus pega fogo na MG-133 em Rio Pomba","datePublished":"2025-12-28T22:05:03+00:00","dateModified":"2025-12-29T10:54:51+00:00","mainEntityOfPage":{"@id":"https:\/\/www.ovigilanteonline.com.br\/site\/2025\/12\/28\/onibus-pega-fogo-na-mg-133-em-rio-pomba\/"},"wordCount":159,"commentCount":0,"image":{"@id":"https:\/\/www.ovigilanteonline.com.br\/site\/2025\/12\/28\/onibus-pega-fogo-na-mg-133-em-rio-pomba\/#primaryimage"},"thumbnailUrl":"https:\/\/www.ovigilanteonline.com.br\/site\/wp-content\/uploads\/2025\/12\/fd6g56df56g.jpg","articleSection":["Destaque","\u00daltimas Not\u00edcias"],"inLanguage":"pt-BR","potentialAction":[{"@type":"CommentAction","name":"Comment","target":["https:\/\/www.ovigilanteonline.com.br\/site\/2025\/12\/28\/onibus-pega-fogo-na-mg-133-em-rio-pomba\/#respond"]}]},{"@type":"WebPage","@id":"https:\/\/www.ovigilanteonline.com.br\/site\/2025\/12\/28\/onibus-pega-fogo-na-mg-133-em-rio-pomba\/","url":"https:\/\/www.ovigilanteonline.com.br\/site\/2025\/12\/28\/onibus-pega-fogo-na-mg-133-em-rio-pomba\/","name":"\u00d4nibus pega fogo na MG-133 em Rio Pomba","isPartOf":{"@id":"https:\/\/www.ovigilanteonline.com.br\/site\/#website"},"primaryImageOfPage":{"@id":"https:\/\/www.ovigilanteonline.com.br\/site\/2025\/12\/28\/onibus-pega-fogo-na-mg-133-em-rio-pomba\/#primaryimage"},"image":{"@id":"https:\/\/www.ovigilanteonline.com.br\/site\/2025\/12\/28\/onibus-pega-fogo-na-mg-133-em-rio-pomba\/#primaryimage"},"thumbnailUrl":"https:\/\/www.ovigilanteonline.com.br\/site\/wp-content\/uploads\/2025\/12\/fd6g56df56g.jpg","datePublished":"2025-12-28T22:05:03+00:00","dateModified":"2025-12-29T10:54:51+00:00","author":{"@id":"https:\/\/www.ovigilanteonline.com.br\/site\/#\/schema\/person\/538fdfb33c0c411cd14a732e7cf14aa6"},"breadcrumb":{"@id":"https:\/\/www.ovigilanteonline.com.br\/site\/2025\/12\/28\/onibus-pega-fogo-na-mg-133-em-rio-pomba\/#breadcrumb"},"inLanguage":"pt-BR","potentialAction":[{"@type":"ReadAction","target":["https:\/\/www.ovigilanteonline.com.br\/site\/2025\/12\/28\/onibus-pega-fogo-na-mg-133-em-rio-pomba\/"]}]},{"@type":"ImageObject","inLanguage":"pt-BR","@id":"https:\/\/www.ovigilanteonline.com.br\/site\/2025\/12\/28\/onibus-pega-fogo-na-mg-133-em-rio-pomba\/#primaryimage","url":"https:\/\/www.ovigilanteonline.com.br\/site\/wp-content\/uploads\/2025\/12\/fd6g56df56g.jpg","contentUrl":"https:\/\/www.ovigilanteonline.com.br\/site\/wp-content\/uploads\/2025\/12\/fd6g56df56g.jpg","width":800,"height":471},{"@type":"BreadcrumbList","@id":"https:\/\/www.ovigilanteonline.com.br\/site\/2025\/12\/28\/onibus-pega-fogo-na-mg-133-em-rio-pomba\/#breadcrumb","itemListElement":[{"@type":"ListItem","position":1,"name":"In\u00edcio","item":"https:\/\/www.ovigilanteonline.com.br\/site\/"},{"@type":"ListItem","position":2,"name":"\u00d4nibus pega fogo na MG-133 em Rio Pomba"}]},{"@type":"WebSite","@id":"https:\/\/www.ovigilanteonline.com.br\/site\/#website","url":"https:\/\/www.ovigilanteonline.com.br\/site\/","name":"O VIGILANTE ONLINE - Not\u00edcias de Leopoldina e regi\u00e3o","description":"","potentialAction":[{"@type":"SearchAction","target":{"@type":"EntryPoint","urlTemplate":"https:\/\/www.ovigilanteonline.com.br\/site\/?s={search_term_string}"},"query-input":{"@type":"PropertyValueSpecification","valueRequired":true,"valueName":"search_term_string"}}],"inLanguage":"pt-BR"},{"@type":"Person","@id":"https:\/\/www.ovigilanteonline.com.br\/site\/#\/schema\/person\/538fdfb33c0c411cd14a732e7cf14aa6","name":"Jornalismo"}]}},"cc_featured_image_caption":{"caption_text":"","source_text":"","source_url":""},"_links":{"self":[{"href":"https:\/\/www.ovigilanteonline.com.br\/site\/wp-json\/wp\/v2\/posts\/448754","targetHints":{"allow":["GET"]}}],"collection":[{"href":"https:\/\/www.ovigilanteonline.com.br\/site\/wp-json\/wp\/v2\/posts"}],"about":[{"href":"https:\/\/www.ovigilanteonline.com.br\/site\/wp-json\/wp\/v2\/types\/post"}],"author":[{"embeddable":true,"href":"https:\/\/www.ovigilanteonline.com.br\/site\/wp-json\/wp\/v2\/users\/2"}],"replies":[{"embeddable":true,"href":"https:\/\/www.ovigilanteonline.com.br\/site\/wp-json\/wp\/v2\/comments?post=448754"}],"version-history":[{"count":0,"href":"https:\/\/www.ovigilanteonline.com.br\/site\/wp-json\/wp\/v2\/posts\/448754\/revisions"}],"wp:featuredmedia":[{"embeddable":true,"href":"https:\/\/www.ovigilanteonline.com.br\/site\/wp-json\/wp\/v2\/media\/448755"}],"wp:attachment":[{"href":"https:\/\/www.ovigilanteonline.com.br\/site\/wp-json\/wp\/v2\/media?parent=448754"}],"wp:term":[{"taxonomy":"category","embeddable":true,"href":"https:\/\/www.ovigilanteonline.com.br\/site\/wp-json\/wp\/v2\/categories?post=448754"},{"taxonomy":"post_tag","embeddable":true,"href":"https:\/\/www.ovigilanteonline.com.br\/site\/wp-json\/wp\/v2\/tags?post=448754"}],"curies":[{"name":"wp","href":"https:\/\/api.w.org\/{rel}","templated":true}]}}