{"id":448478,"date":"2025-12-15T15:34:54","date_gmt":"2025-12-15T18:34:54","guid":{"rendered":"https:\/\/www.ovigilanteonline.com.br\/site\/?p=448478"},"modified":"2025-12-15T15:34:57","modified_gmt":"2025-12-15T18:34:57","slug":"forum-de-leopoldina-abre-selecao-publica-para-estagiarios-de-pos-graduacao-em-direito","status":"publish","type":"post","link":"https:\/\/www.ovigilanteonline.com.br\/site\/2025\/12\/15\/forum-de-leopoldina-abre-selecao-publica-para-estagiarios-de-pos-graduacao-em-direito\/","title":{"rendered":"F\u00f3rum de Leopoldina abre sele\u00e7\u00e3o p\u00fablica para estagi\u00e1rios de p\u00f3s-gradua\u00e7\u00e3o em Direito"},"content":{"rendered":"<div id=\"ovigi-4274819462\" class=\"ovigi-inicio-post-interno ovigi-entity-placement\" style=\"margin-left: auto;margin-right: auto;text-align: center;\"><a href=\"https:\/\/onelink.to\/tfjfd3?utm_source=ig&#038;utm_medium=social&#038;utm_content=link_in_bio&#038;fbclid=PAcGRvZgJleHRuA2FlbQIxMQBzcnRjBmFwcF9pZA85MzY2MTk3NDMzOTI0NTkAAacgW20vIuhakYBCxZduUBbwssdSFoAQ7exuq7BFVvR-PR9sdpzVWlAvY7yZog_aem__Bn7V7eJEMspatV_tVfmIA\" target=\"_blank\" aria-label=\"ARTE GIF\"><img decoding=\"async\" src=\"https:\/\/www.ovigilanteonline.com.br\/site\/wp-content\/uploads\/2026\/05\/ARTE-GIF.gif\" alt=\"\"    \/><\/a><\/div>\n<h3 class=\"wp-block-heading\"><strong><em>Edital prev\u00ea cadastro de reserva, bolsa de R$ 1.818 e prova em janeiro de 2026.<\/em><\/strong><\/h3>\n\n\n\n<p class=\"wp-block-paragraph\">O Tribunal de Justi\u00e7a de Minas Gerais (TJMG) publicou o Edital n\u00ba 04\/2025, abrindo sele\u00e7\u00e3o p\u00fablica para forma\u00e7\u00e3o de cadastro de reserva de estagi\u00e1rios de p\u00f3s-gradua\u00e7\u00e3o em Direito na Comarca de Leopoldina. A sele\u00e7\u00e3o atende \u00e0 demanda das unidades jurisdicionais do F\u00f3rum local e seguir\u00e1 todas as diretrizes estabelecidas pelo TJMG.<\/p>\n\n\n\n<h3 class=\"wp-block-heading\">Inscri\u00e7\u00f5es online em dezembro e janeiro<\/h3>\n\n\n\n<p class=\"wp-block-paragraph\">As inscri\u00e7\u00f5es ser\u00e3o realizadas entre 15 de dezembro de 2025 e 16 de janeiro de 2026, exclusivamente por meio de <a href=\"https:\/\/docs.google.com\/forms\/d\/1ELHMWKUoztWXkUjtT9G0vgInOJf-P60B9oqmIWQJnZ4\" target=\"_blank\" rel=\"noreferrer noopener\">formul\u00e1rio eletr\u00f4nico<\/a> disponibilizado pelo Tribunal. A participa\u00e7\u00e3o \u00e9 aberta a estudantes regularmente matriculados em cursos de p\u00f3s-gradua\u00e7\u00e3o em Direito, conforme previsto na Lei Federal n\u00ba 11.788\/2008.<\/p><div id=\"ovigi-3080780553\" class=\"ovigi-conteudo_2-3 ovigi-entity-placement\"><script async src=\"\/\/pagead2.googlesyndication.com\/pagead\/js\/adsbygoogle.js?client=ca-pub-4068173061741521\" crossorigin=\"anonymous\"><\/script><ins class=\"adsbygoogle\" style=\"display:block; text-align:center;\" data-ad-client=\"ca-pub-4068173061741521\" \ndata-ad-slot=\"6460393376\" \ndata-ad-layout=\"in-article\"\ndata-ad-format=\"fluid\"><\/ins>\n<script> \n(adsbygoogle = window.adsbygoogle || []).push({}); \n<\/script>\n<\/div><div id=\"ovigi-484343607\" class=\"ovigi-conteudo_2-2 ovigi-entity-placement\"><script async src=\"\/\/pagead2.googlesyndication.com\/pagead\/js\/adsbygoogle.js?client=ca-pub-4068173061741521\" crossorigin=\"anonymous\"><\/script><ins class=\"adsbygoogle\" style=\"display:block; text-align:center;\" data-ad-client=\"ca-pub-4068173061741521\" \ndata-ad-slot=\"6460393376\" \ndata-ad-layout=\"in-article\"\ndata-ad-format=\"fluid\"><\/ins>\n<script> \n(adsbygoogle = window.adsbygoogle || []).push({}); \n<\/script>\n<\/div><div id=\"ovigi-1292019243\" class=\"ovigi-conteudo_2 ovigi-entity-placement\"><script async src=\"\/\/pagead2.googlesyndication.com\/pagead\/js\/adsbygoogle.js?client=ca-pub-4068173061741521\" crossorigin=\"anonymous\"><\/script><ins class=\"adsbygoogle\" style=\"display:block; text-align:center;\" data-ad-client=\"ca-pub-4068173061741521\" \ndata-ad-slot=\"6460393376\" \ndata-ad-layout=\"in-article\"\ndata-ad-format=\"fluid\"><\/ins>\n<script> \n(adsbygoogle = window.adsbygoogle || []).push({}); \n<\/script>\n<\/div><div id=\"ovigi-1982175714\" class=\"ovigi-conteudo_2-4 ovigi-entity-placement\"><script async src=\"\/\/pagead2.googlesyndication.com\/pagead\/js\/adsbygoogle.js?client=ca-pub-4068173061741521\" crossorigin=\"anonymous\"><\/script><ins class=\"adsbygoogle\" style=\"display:block; text-align:center;\" data-ad-client=\"ca-pub-4068173061741521\" \ndata-ad-slot=\"6460393376\" \ndata-ad-layout=\"in-article\"\ndata-ad-format=\"fluid\"><\/ins>\n<script> \n(adsbygoogle = window.adsbygoogle || []).push({}); \n<\/script>\n<\/div>\n\n\n\n<p class=\"wp-block-paragraph\">Os candidatos devem preencher corretamente todos os dados solicitados, sendo permitida apenas uma inscri\u00e7\u00e3o por CPF. N\u00e3o h\u00e1 cobran\u00e7a de taxa.<\/p>\n\n\n\n\n\n<h3 class=\"wp-block-heading\">Bolsa, carga hor\u00e1ria e dura\u00e7\u00e3o do est\u00e1gio<\/h3>\n\n\n\n<p class=\"wp-block-paragraph\">Os convocados receber\u00e3o bolsa mensal de R$ 1.818,00, al\u00e9m de aux\u00edlio-transporte de R$ 198,00. A jornada ser\u00e1 de 30 horas semanais, distribu\u00eddas em seis horas di\u00e1rias, de acordo com a necessidade da unidade judicial de lota\u00e7\u00e3o. O est\u00e1gio poder\u00e1 durar at\u00e9 dois anos.<\/p>\n\n\n\n<p class=\"wp-block-paragraph\">A sele\u00e7\u00e3o ser\u00e1 composta por duas fases: Prova escrita objetiva (eliminat\u00f3ria e classificat\u00f3ria), com 40 quest\u00f5es de m\u00faltipla escolha abrangendo Direito Civil, Penal, Processual, Consumidor, Estatuto da Crian\u00e7a e do Adolescente e Juizados Especiais e An\u00e1lise curricular (eliminat\u00f3ria), a ser realizada mediante entrega de documentos no dia da prova.<\/p>\n\n\n\n<p class=\"wp-block-paragraph\">A prova ser\u00e1 aplicada presencialmente em 23 de janeiro de 2026, \u00e0s 9h, na Faculdade Doctum de Leopoldina e o gabarito preliminar ser\u00e1 divulgado em 26 de janeiro, e a classifica\u00e7\u00e3o final est\u00e1 prevista para 2 de fevereiro de 2026.<\/p>\n\n\n\n<h3 class=\"wp-block-heading\">Documenta\u00e7\u00e3o obrigat\u00f3ria<\/h3>\n\n\n\n<p class=\"wp-block-paragraph\">Os candidatos aprovados dever\u00e3o apresentar documenta\u00e7\u00e3o comprobat\u00f3ria, incluindo hist\u00f3rico de gradua\u00e7\u00e3o, declara\u00e7\u00e3o de matr\u00edcula na p\u00f3s-gradua\u00e7\u00e3o, certid\u00f5es negativas e demais documentos detalhados no edital.<\/p>\n\n\n\n<p class=\"wp-block-paragraph\"><strong>Clique na imagem abaixo para acessar o edital completo:<\/strong><\/p>\n\n\n\n<figure class=\"wp-block-image size-full is-resized\"><a href=\"https:\/\/www.ovigilanteonline.com.br\/site\/wp-content\/uploads\/2025\/12\/Edital_24889554.pdf\" target=\"_blank\" rel=\" noreferrer noopener\"><img loading=\"lazy\" decoding=\"async\" width=\"400\" height=\"573\" src=\"https:\/\/www.ovigilanteonline.com.br\/site\/wp-content\/uploads\/2025\/12\/0001.jpg\" alt=\"\" class=\"wp-image-448479\" style=\"aspect-ratio:0.6980910826288519;width:215px;height:auto\" srcset=\"https:\/\/www.ovigilanteonline.com.br\/site\/wp-content\/uploads\/2025\/12\/0001.jpg 400w, https:\/\/www.ovigilanteonline.com.br\/site\/wp-content\/uploads\/2025\/12\/0001-209x300.jpg 209w\" sizes=\"auto, (max-width: 400px) 100vw, 400px\" \/><\/a><\/figure>\n\n\n<div  class=\"wp-block-ultimate-post-heading ultp-block-daaec9\"><div class=\"ultp-block-wrapper\"><div class=\"ultp-heading-wrap ultp-heading-style18 ultp-heading-left\"><h2 class=\"ultp-heading-inner\"><span>Leia tamb\u00e9m<\/span><\/h2><\/div><\/div><\/div>\n\n<div  class=\"ultp-post-grid-block wp-block-ultimate-post-post-grid-2 ultp-block-4d851b \"><div class=\"ultp-block-wrapper\" ><div class=\"ultp-loading\"><div class=\"ultp-loading-blocks\" style=\"width:100%;height:100%;\"><div style=\"left: 0;top: 0;animation-delay:0s;\"><\/div><div style=\"left: 21px;top: 0;animation-delay:0.125s;\"><\/div><div style=\"left: 42px;top: 0;animation-delay:0.25s;\"><\/div><div style=\"left: 0;top: 21px;animation-delay:0.875s;\"><\/div><div style=\"left: 42px;top: 21px;animation-delay:0.375s;\"><\/div><div style=\"left: 0;top: 42px;animation-delay:0.75s;\"><\/div><div style=\"left: 42px;top: 42px;animation-delay:0.625s;\"><\/div><div style=\"left: 21px;top: 42px;animation-delay:0.5s;\"><\/div><\/div><\/div><div class=\"ultp-block-items-wrap ultp-block-row\"><div class=\"ultp-block-item post-id-456429\"><div class=\"ultp-block-content-wrap ultp-block-content-overlay\"><div class=\"ultp-block-image ultp-block-image-none ultp-block-image-overlay ultp-block-image-simgleGradient\"><a href=\"https:\/\/www.ovigilanteonline.com.br\/site\/2026\/08\/31\/licenciamento-de-veiculos-comeca-a-ser-cobrado-a-partir-desta-terca-feira-em-minas\/\" ><img decoding=\"async\"  alt=\"Licenciamento de ve\u00edculos come\u00e7a a ser cobrado a partir desta ter\u00e7a-feira em Minas\"  src=\"https:\/\/www.ovigilanteonline.com.br\/site\/wp-content\/uploads\/2022\/04\/transito-leopoldina-o-vigilante-online-4-870x505.jpg\" \/><\/a><\/div><div class=\"ultp-block-content ultp-block-content-bottomPosition\"><div class=\"ultp-block-content-inner\"><h3 class=\"ultp-block-title \"><a href=\"https:\/\/www.ovigilanteonline.com.br\/site\/2026\/08\/31\/licenciamento-de-veiculos-comeca-a-ser-cobrado-a-partir-desta-terca-feira-em-minas\/\" >Licenciamento de ve\u00edculos come\u00e7a a ser cobrado a partir desta ter\u00e7a-feira em Minas<\/a><\/h3><\/div><\/div><\/div><\/div><div class=\"ultp-block-item post-id-456419\"><div class=\"ultp-block-content-wrap ultp-block-content-overlay\"><div class=\"ultp-block-image ultp-block-image-none ultp-block-image-overlay ultp-block-image-simgleGradient\"><a href=\"https:\/\/www.ovigilanteonline.com.br\/site\/2026\/08\/31\/motorista-sai-ileso-apos-carreta-tombar-na-br-116-proximo-a-serra-da-vileta-em-leopoldina\/\" ><img decoding=\"async\"  alt=\"Motorista sai ileso ap\u00f3s carreta tombar na BR-116 pr\u00f3ximo \u00e0 Serra da Vileta em Leopoldina\"  src=\"https:\/\/www.ovigilanteonline.com.br\/site\/wp-content\/uploads\/2026\/08\/55454554-870x570.jpeg\" \/><\/a><\/div><div class=\"ultp-block-content ultp-block-content-bottomPosition\"><div class=\"ultp-block-content-inner\"><h3 class=\"ultp-block-title \"><a href=\"https:\/\/www.ovigilanteonline.com.br\/site\/2026\/08\/31\/motorista-sai-ileso-apos-carreta-tombar-na-br-116-proximo-a-serra-da-vileta-em-leopoldina\/\" >Motorista sai ileso ap\u00f3s carreta tombar na BR-116 pr\u00f3ximo \u00e0 Serra da Vileta em Leopoldina<\/a><\/h3><\/div><\/div><\/div><\/div><div class=\"ultp-block-item post-id-456411\"><div class=\"ultp-block-content-wrap ultp-block-content-overlay\"><div class=\"ultp-block-image ultp-block-image-none ultp-block-image-overlay ultp-block-image-simgleGradient\"><a href=\"https:\/\/www.ovigilanteonline.com.br\/site\/2026\/08\/30\/homem-fica-ferido-durante-salto-de-voo-livre-no-morro-do-cruzeiro-em-leopoldina\/\" ><img decoding=\"async\"  alt=\"Homem fica ferido durante salto de voo livre no Morro do Cruzeiro em Leopoldina\"  src=\"https:\/\/www.ovigilanteonline.com.br\/site\/wp-content\/uploads\/2026\/08\/capa-paraglider-870x570.jpeg\" \/><\/a><\/div><div class=\"ultp-block-content ultp-block-content-bottomPosition\"><div class=\"ultp-block-content-inner\"><h3 class=\"ultp-block-title \"><a href=\"https:\/\/www.ovigilanteonline.com.br\/site\/2026\/08\/30\/homem-fica-ferido-durante-salto-de-voo-livre-no-morro-do-cruzeiro-em-leopoldina\/\" >Homem fica ferido durante salto de voo livre no Morro do Cruzeiro em Leopoldina<\/a><\/h3><\/div><\/div><\/div><\/div><div class=\"ultp-block-item post-id-456390\"><div class=\"ultp-block-content-wrap ultp-block-content-overlay\"><div class=\"ultp-block-image ultp-block-image-none ultp-block-image-overlay ultp-block-image-simgleGradient\"><a href=\"https:\/\/www.ovigilanteonline.com.br\/site\/2026\/08\/30\/esporte-clube-ribeiro-junqueira-celebra-115-anos-com-noite-de-homenagens-e-lancamento-da-revista-times-da-mata\/\" ><img decoding=\"async\"  alt=\"Esporte Clube Ribeiro Junqueira celebra 115 anos com noite de homenagens e lan\u00e7amento da Revista Times da Mata\"  src=\"https:\/\/www.ovigilanteonline.com.br\/site\/wp-content\/uploads\/2026\/08\/capa-rrr-870x570.jpg\" \/><\/a><\/div><div class=\"ultp-block-content ultp-block-content-bottomPosition\"><div class=\"ultp-block-content-inner\"><h3 class=\"ultp-block-title \"><a href=\"https:\/\/www.ovigilanteonline.com.br\/site\/2026\/08\/30\/esporte-clube-ribeiro-junqueira-celebra-115-anos-com-noite-de-homenagens-e-lancamento-da-revista-times-da-mata\/\" >Esporte Clube Ribeiro Junqueira celebra 115 anos com noite de homenagens e lan\u00e7amento da Revista Times da Mata<\/a><\/h3><\/div><\/div><\/div><\/div><div class=\"ultp-block-item post-id-456388\"><div class=\"ultp-block-content-wrap ultp-block-content-overlay\"><div class=\"ultp-block-image ultp-block-image-none ultp-block-image-overlay ultp-block-image-simgleGradient\"><a href=\"https:\/\/www.ovigilanteonline.com.br\/site\/2026\/08\/30\/criminosos-armados-invadem-propriedade-rural-as-margens-da-br-116-e-fazem-moradores-refens-em-muriae\/\" ><img decoding=\"async\"  alt=\"Criminosos armados invadem propriedade rural \u00e0s margens da BR-116 e fazem moradores ref\u00e9ns em Muria\u00e9\"  src=\"https:\/\/www.ovigilanteonline.com.br\/site\/wp-content\/uploads\/2022\/05\/PM-LEOPOLDINA-870x487.jpg\" \/><\/a><\/div><div class=\"ultp-block-content ultp-block-content-bottomPosition\"><div class=\"ultp-block-content-inner\"><h3 class=\"ultp-block-title \"><a href=\"https:\/\/www.ovigilanteonline.com.br\/site\/2026\/08\/30\/criminosos-armados-invadem-propriedade-rural-as-margens-da-br-116-e-fazem-moradores-refens-em-muriae\/\" >Criminosos armados invadem propriedade rural \u00e0s margens da BR-116 e fazem moradores ref\u00e9ns em Muria\u00e9<\/a><\/h3><\/div><\/div><\/div><\/div><div class=\"ultp-block-item post-id-456363\"><div class=\"ultp-block-content-wrap ultp-block-content-overlay\"><div class=\"ultp-block-image ultp-block-image-none ultp-block-image-overlay ultp-block-image-simgleGradient\"><a href=\"https:\/\/www.ovigilanteonline.com.br\/site\/2026\/08\/29\/guarda-municipal-de-uba-morre-em-acidente-entre-moto-e-caminhao-na-mg-124\/\" ><img decoding=\"async\"  alt=\"Guarda Municipal de Ub\u00e1 morre em acidente entre moto e caminh\u00e3o na MG-124\"  src=\"https:\/\/www.ovigilanteonline.com.br\/site\/wp-content\/uploads\/2026\/08\/656565.jpg\" \/><\/a><\/div><div class=\"ultp-block-content ultp-block-content-bottomPosition\"><div class=\"ultp-block-content-inner\"><h3 class=\"ultp-block-title \"><a href=\"https:\/\/www.ovigilanteonline.com.br\/site\/2026\/08\/29\/guarda-municipal-de-uba-morre-em-acidente-entre-moto-e-caminhao-na-mg-124\/\" >Guarda Municipal de Ub\u00e1 morre em acidente entre moto e caminh\u00e3o na MG-124<\/a><\/h3><\/div><\/div><\/div><\/div><\/div><\/div><div class=\"pagination-block-html\" aria-hidden=\"true\" style=\"display: none;\"><\/div><\/div>\n\n<div id=\"ovigi-115965725\">\r\n<p class=\"has-text-align-center has-small-font-size wp-block-paragraph\">continua depois da publicidade<\/p>\r\n\r\n\r\n\r\n<hr class=\"wp-block-separator has-alpha-channel-opacity is-style-wide\"\/>\r\n\r\n\r\n\r\n<div class=\"wp-block-columns is-layout-flex wp-container-core-columns-is-layout-8f761849 wp-block-columns-is-layout-flex\">\r\n<div class=\"wp-block-column is-layout-flow wp-block-column-is-layout-flow\">\r\n<figure class=\"wp-block-image size-full is-resized\"><a href=\"https:\/\/www.instagram.com\/unimedleopoldina241\/\" target=\"_blank\" rel=\" noreferrer noopener\"><img decoding=\"async\" src=\"https:\/\/www.ovigilanteonline.com.br\/site\/wp-content\/uploads\/2026\/08\/unimed-materias.jpg\" alt=\"\" class=\"wp-image-455236\"\/><\/a><\/figure>\r\n<\/div>\r\n\r\n\r\n\r\n<div class=\"wp-block-column is-layout-flow wp-block-column-is-layout-flow\">\r\n<figure class=\"wp-block-image size-full\"><a href=\"https:\/\/vest.sudamerica.edu.br\/vest-2026-2\" target=\"_blank\" rel=\" noreferrer noopener\"><img decoding=\"async\" src=\"https:\/\/www.ovigilanteonline.com.br\/site\/wp-content\/uploads\/2026\/08\/sudamerica-materias.jpg\" alt=\"\" class=\"wp-image-453120\"\/><\/a><\/figure>\r\n<\/div>\r\n<\/div>\r\n\r\n\r\n\r\n<hr class=\"wp-block-separator has-alpha-channel-opacity is-style-wide\"\/>\r\n<\/div>","protected":false},"excerpt":{"rendered":"<p>Edital prev\u00ea cadastro de reserva, bolsa de R$ 1.818 e prova em janeiro de 2026. O Tribunal de Justi\u00e7a de Minas Gerais (TJMG) publicou o Edital n\u00ba 04\/2025, abrindo sele\u00e7\u00e3o p\u00fablica para forma\u00e7\u00e3o de cadastro de reserva de estagi\u00e1rios de p\u00f3s-gradua\u00e7\u00e3o em Direito na Comarca de Leopoldina. A sele\u00e7\u00e3o atende \u00e0 demanda das unidades jurisdicionais [&hellip;]<\/p>\n","protected":false},"author":2,"featured_media":391646,"comment_status":"open","ping_status":"closed","sticky":false,"template":"","format":"standard","meta":{"footnotes":""},"categories":[1,26],"tags":[],"class_list":["post-448478","post","type-post","status-publish","format-standard","has-post-thumbnail","hentry","category-destaque","category-ultimas-noticias"],"yoast_head":"<!-- This site is optimized with the Yoast SEO plugin v28.3 - https:\/\/yoast.com\/product\/yoast-seo-wordpress\/ -->\n<title>F\u00f3rum de Leopoldina abre sele\u00e7\u00e3o p\u00fablica para estagi\u00e1rios de p\u00f3s-gradua\u00e7\u00e3o em Direito<\/title>\n<meta name=\"robots\" content=\"index, follow, max-snippet:-1, max-image-preview:large, max-video-preview:-1\" \/>\n<link rel=\"canonical\" href=\"https:\/\/www.ovigilanteonline.com.br\/site\/2025\/12\/15\/forum-de-leopoldina-abre-selecao-publica-para-estagiarios-de-pos-graduacao-em-direito\/\" \/>\n<meta property=\"og:locale\" content=\"pt_BR\" \/>\n<meta property=\"og:type\" content=\"article\" \/>\n<meta property=\"og:title\" content=\"F\u00f3rum de Leopoldina abre sele\u00e7\u00e3o p\u00fablica para estagi\u00e1rios de p\u00f3s-gradua\u00e7\u00e3o em Direito\" \/>\n<meta property=\"og:description\" content=\"Edital prev\u00ea cadastro de reserva, bolsa de R$ 1.818 e prova em janeiro de 2026. O Tribunal de Justi\u00e7a de Minas Gerais (TJMG) publicou o Edital n\u00ba 04\/2025, abrindo sele\u00e7\u00e3o p\u00fablica para forma\u00e7\u00e3o de cadastro de reserva de estagi\u00e1rios de p\u00f3s-gradua\u00e7\u00e3o em Direito na Comarca de Leopoldina. A sele\u00e7\u00e3o atende \u00e0 demanda das unidades jurisdicionais [&hellip;]\" \/>\n<meta property=\"og:url\" content=\"https:\/\/www.ovigilanteonline.com.br\/site\/2025\/12\/15\/forum-de-leopoldina-abre-selecao-publica-para-estagiarios-de-pos-graduacao-em-direito\/\" \/>\n<meta property=\"og:site_name\" content=\"O VIGILANTE ONLINE\" \/>\n<meta property=\"article:publisher\" content=\"https:\/\/www.facebook.com\/ovigilanteonline\" \/>\n<meta property=\"article:published_time\" content=\"2025-12-15T18:34:54+00:00\" \/>\n<meta property=\"article:modified_time\" content=\"2025-12-15T18:34:57+00:00\" \/>\n<meta property=\"og:image\" content=\"https:\/\/www.ovigilanteonline.com.br\/site\/wp-content\/uploads\/2021\/09\/FORUM-LEOPOLDINA-O-VIGILANTE.jpg\" \/>\n\t<meta property=\"og:image:width\" content=\"900\" \/>\n\t<meta property=\"og:image:height\" content=\"500\" \/>\n\t<meta property=\"og:image:type\" content=\"image\/jpeg\" \/>\n<meta name=\"author\" content=\"Jornalismo\" \/>\n<meta name=\"twitter:card\" content=\"summary_large_image\" \/>\n<meta name=\"twitter:label1\" content=\"Escrito por\" \/>\n\t<meta name=\"twitter:data1\" content=\"Jornalismo\" \/>\n\t<meta name=\"twitter:label2\" content=\"Est. tempo de leitura\" \/>\n\t<meta name=\"twitter:data2\" content=\"3 minutos\" \/>\n<script type=\"application\/ld+json\" class=\"yoast-schema-graph\">{\"@context\":\"https:\\\/\\\/schema.org\",\"@graph\":[{\"@type\":\"Article\",\"@id\":\"https:\\\/\\\/www.ovigilanteonline.com.br\\\/site\\\/2025\\\/12\\\/15\\\/forum-de-leopoldina-abre-selecao-publica-para-estagiarios-de-pos-graduacao-em-direito\\\/#article\",\"isPartOf\":{\"@id\":\"https:\\\/\\\/www.ovigilanteonline.com.br\\\/site\\\/2025\\\/12\\\/15\\\/forum-de-leopoldina-abre-selecao-publica-para-estagiarios-de-pos-graduacao-em-direito\\\/\"},\"author\":{\"name\":\"Jornalismo\",\"@id\":\"https:\\\/\\\/www.ovigilanteonline.com.br\\\/site\\\/#\\\/schema\\\/person\\\/538fdfb33c0c411cd14a732e7cf14aa6\"},\"headline\":\"F\u00f3rum de Leopoldina abre sele\u00e7\u00e3o p\u00fablica para estagi\u00e1rios de p\u00f3s-gradua\u00e7\u00e3o em Direito\",\"datePublished\":\"2025-12-15T18:34:54+00:00\",\"dateModified\":\"2025-12-15T18:34:57+00:00\",\"mainEntityOfPage\":{\"@id\":\"https:\\\/\\\/www.ovigilanteonline.com.br\\\/site\\\/2025\\\/12\\\/15\\\/forum-de-leopoldina-abre-selecao-publica-para-estagiarios-de-pos-graduacao-em-direito\\\/\"},\"wordCount\":363,\"commentCount\":0,\"image\":{\"@id\":\"https:\\\/\\\/www.ovigilanteonline.com.br\\\/site\\\/2025\\\/12\\\/15\\\/forum-de-leopoldina-abre-selecao-publica-para-estagiarios-de-pos-graduacao-em-direito\\\/#primaryimage\"},\"thumbnailUrl\":\"https:\\\/\\\/www.ovigilanteonline.com.br\\\/site\\\/wp-content\\\/uploads\\\/2021\\\/09\\\/FORUM-LEOPOLDINA-O-VIGILANTE.jpg\",\"articleSection\":[\"Destaque\",\"\u00daltimas Not\u00edcias\"],\"inLanguage\":\"pt-BR\",\"potentialAction\":[{\"@type\":\"CommentAction\",\"name\":\"Comment\",\"target\":[\"https:\\\/\\\/www.ovigilanteonline.com.br\\\/site\\\/2025\\\/12\\\/15\\\/forum-de-leopoldina-abre-selecao-publica-para-estagiarios-de-pos-graduacao-em-direito\\\/#respond\"]}]},{\"@type\":\"WebPage\",\"@id\":\"https:\\\/\\\/www.ovigilanteonline.com.br\\\/site\\\/2025\\\/12\\\/15\\\/forum-de-leopoldina-abre-selecao-publica-para-estagiarios-de-pos-graduacao-em-direito\\\/\",\"url\":\"https:\\\/\\\/www.ovigilanteonline.com.br\\\/site\\\/2025\\\/12\\\/15\\\/forum-de-leopoldina-abre-selecao-publica-para-estagiarios-de-pos-graduacao-em-direito\\\/\",\"name\":\"F\u00f3rum de Leopoldina abre sele\u00e7\u00e3o p\u00fablica para estagi\u00e1rios de p\u00f3s-gradua\u00e7\u00e3o em Direito\",\"isPartOf\":{\"@id\":\"https:\\\/\\\/www.ovigilanteonline.com.br\\\/site\\\/#website\"},\"primaryImageOfPage\":{\"@id\":\"https:\\\/\\\/www.ovigilanteonline.com.br\\\/site\\\/2025\\\/12\\\/15\\\/forum-de-leopoldina-abre-selecao-publica-para-estagiarios-de-pos-graduacao-em-direito\\\/#primaryimage\"},\"image\":{\"@id\":\"https:\\\/\\\/www.ovigilanteonline.com.br\\\/site\\\/2025\\\/12\\\/15\\\/forum-de-leopoldina-abre-selecao-publica-para-estagiarios-de-pos-graduacao-em-direito\\\/#primaryimage\"},\"thumbnailUrl\":\"https:\\\/\\\/www.ovigilanteonline.com.br\\\/site\\\/wp-content\\\/uploads\\\/2021\\\/09\\\/FORUM-LEOPOLDINA-O-VIGILANTE.jpg\",\"datePublished\":\"2025-12-15T18:34:54+00:00\",\"dateModified\":\"2025-12-15T18:34:57+00:00\",\"author\":{\"@id\":\"https:\\\/\\\/www.ovigilanteonline.com.br\\\/site\\\/#\\\/schema\\\/person\\\/538fdfb33c0c411cd14a732e7cf14aa6\"},\"breadcrumb\":{\"@id\":\"https:\\\/\\\/www.ovigilanteonline.com.br\\\/site\\\/2025\\\/12\\\/15\\\/forum-de-leopoldina-abre-selecao-publica-para-estagiarios-de-pos-graduacao-em-direito\\\/#breadcrumb\"},\"inLanguage\":\"pt-BR\",\"potentialAction\":[{\"@type\":\"ReadAction\",\"target\":[\"https:\\\/\\\/www.ovigilanteonline.com.br\\\/site\\\/2025\\\/12\\\/15\\\/forum-de-leopoldina-abre-selecao-publica-para-estagiarios-de-pos-graduacao-em-direito\\\/\"]}]},{\"@type\":\"ImageObject\",\"inLanguage\":\"pt-BR\",\"@id\":\"https:\\\/\\\/www.ovigilanteonline.com.br\\\/site\\\/2025\\\/12\\\/15\\\/forum-de-leopoldina-abre-selecao-publica-para-estagiarios-de-pos-graduacao-em-direito\\\/#primaryimage\",\"url\":\"https:\\\/\\\/www.ovigilanteonline.com.br\\\/site\\\/wp-content\\\/uploads\\\/2021\\\/09\\\/FORUM-LEOPOLDINA-O-VIGILANTE.jpg\",\"contentUrl\":\"https:\\\/\\\/www.ovigilanteonline.com.br\\\/site\\\/wp-content\\\/uploads\\\/2021\\\/09\\\/FORUM-LEOPOLDINA-O-VIGILANTE.jpg\",\"width\":900,\"height\":500},{\"@type\":\"BreadcrumbList\",\"@id\":\"https:\\\/\\\/www.ovigilanteonline.com.br\\\/site\\\/2025\\\/12\\\/15\\\/forum-de-leopoldina-abre-selecao-publica-para-estagiarios-de-pos-graduacao-em-direito\\\/#breadcrumb\",\"itemListElement\":[{\"@type\":\"ListItem\",\"position\":1,\"name\":\"In\u00edcio\",\"item\":\"https:\\\/\\\/www.ovigilanteonline.com.br\\\/site\\\/\"},{\"@type\":\"ListItem\",\"position\":2,\"name\":\"F\u00f3rum de Leopoldina abre sele\u00e7\u00e3o p\u00fablica para estagi\u00e1rios de p\u00f3s-gradua\u00e7\u00e3o em Direito\"}]},{\"@type\":\"WebSite\",\"@id\":\"https:\\\/\\\/www.ovigilanteonline.com.br\\\/site\\\/#website\",\"url\":\"https:\\\/\\\/www.ovigilanteonline.com.br\\\/site\\\/\",\"name\":\"O VIGILANTE ONLINE - Not\u00edcias de Leopoldina e regi\u00e3o\",\"description\":\"\",\"potentialAction\":[{\"@type\":\"SearchAction\",\"target\":{\"@type\":\"EntryPoint\",\"urlTemplate\":\"https:\\\/\\\/www.ovigilanteonline.com.br\\\/site\\\/?s={search_term_string}\"},\"query-input\":{\"@type\":\"PropertyValueSpecification\",\"valueRequired\":true,\"valueName\":\"search_term_string\"}}],\"inLanguage\":\"pt-BR\"},{\"@type\":\"Person\",\"@id\":\"https:\\\/\\\/www.ovigilanteonline.com.br\\\/site\\\/#\\\/schema\\\/person\\\/538fdfb33c0c411cd14a732e7cf14aa6\",\"name\":\"Jornalismo\"}]}<\/script>\n<!-- \/ Yoast SEO plugin. -->","yoast_head_json":{"title":"F\u00f3rum de Leopoldina abre sele\u00e7\u00e3o p\u00fablica para estagi\u00e1rios de p\u00f3s-gradua\u00e7\u00e3o em Direito","robots":{"index":"index","follow":"follow","max-snippet":"max-snippet:-1","max-image-preview":"max-image-preview:large","max-video-preview":"max-video-preview:-1"},"canonical":"https:\/\/www.ovigilanteonline.com.br\/site\/2025\/12\/15\/forum-de-leopoldina-abre-selecao-publica-para-estagiarios-de-pos-graduacao-em-direito\/","og_locale":"pt_BR","og_type":"article","og_title":"F\u00f3rum de Leopoldina abre sele\u00e7\u00e3o p\u00fablica para estagi\u00e1rios de p\u00f3s-gradua\u00e7\u00e3o em Direito","og_description":"Edital prev\u00ea cadastro de reserva, bolsa de R$ 1.818 e prova em janeiro de 2026. O Tribunal de Justi\u00e7a de Minas Gerais (TJMG) publicou o Edital n\u00ba 04\/2025, abrindo sele\u00e7\u00e3o p\u00fablica para forma\u00e7\u00e3o de cadastro de reserva de estagi\u00e1rios de p\u00f3s-gradua\u00e7\u00e3o em Direito na Comarca de Leopoldina. A sele\u00e7\u00e3o atende \u00e0 demanda das unidades jurisdicionais [&hellip;]","og_url":"https:\/\/www.ovigilanteonline.com.br\/site\/2025\/12\/15\/forum-de-leopoldina-abre-selecao-publica-para-estagiarios-de-pos-graduacao-em-direito\/","og_site_name":"O VIGILANTE ONLINE","article_publisher":"https:\/\/www.facebook.com\/ovigilanteonline","article_published_time":"2025-12-15T18:34:54+00:00","article_modified_time":"2025-12-15T18:34:57+00:00","og_image":[{"width":900,"height":500,"url":"https:\/\/www.ovigilanteonline.com.br\/site\/wp-content\/uploads\/2021\/09\/FORUM-LEOPOLDINA-O-VIGILANTE.jpg","type":"image\/jpeg"}],"author":"Jornalismo","twitter_card":"summary_large_image","twitter_misc":{"Escrito por":"Jornalismo","Est. tempo de leitura":"3 minutos"},"schema":{"@context":"https:\/\/schema.org","@graph":[{"@type":"Article","@id":"https:\/\/www.ovigilanteonline.com.br\/site\/2025\/12\/15\/forum-de-leopoldina-abre-selecao-publica-para-estagiarios-de-pos-graduacao-em-direito\/#article","isPartOf":{"@id":"https:\/\/www.ovigilanteonline.com.br\/site\/2025\/12\/15\/forum-de-leopoldina-abre-selecao-publica-para-estagiarios-de-pos-graduacao-em-direito\/"},"author":{"name":"Jornalismo","@id":"https:\/\/www.ovigilanteonline.com.br\/site\/#\/schema\/person\/538fdfb33c0c411cd14a732e7cf14aa6"},"headline":"F\u00f3rum de Leopoldina abre sele\u00e7\u00e3o p\u00fablica para estagi\u00e1rios de p\u00f3s-gradua\u00e7\u00e3o em Direito","datePublished":"2025-12-15T18:34:54+00:00","dateModified":"2025-12-15T18:34:57+00:00","mainEntityOfPage":{"@id":"https:\/\/www.ovigilanteonline.com.br\/site\/2025\/12\/15\/forum-de-leopoldina-abre-selecao-publica-para-estagiarios-de-pos-graduacao-em-direito\/"},"wordCount":363,"commentCount":0,"image":{"@id":"https:\/\/www.ovigilanteonline.com.br\/site\/2025\/12\/15\/forum-de-leopoldina-abre-selecao-publica-para-estagiarios-de-pos-graduacao-em-direito\/#primaryimage"},"thumbnailUrl":"https:\/\/www.ovigilanteonline.com.br\/site\/wp-content\/uploads\/2021\/09\/FORUM-LEOPOLDINA-O-VIGILANTE.jpg","articleSection":["Destaque","\u00daltimas Not\u00edcias"],"inLanguage":"pt-BR","potentialAction":[{"@type":"CommentAction","name":"Comment","target":["https:\/\/www.ovigilanteonline.com.br\/site\/2025\/12\/15\/forum-de-leopoldina-abre-selecao-publica-para-estagiarios-de-pos-graduacao-em-direito\/#respond"]}]},{"@type":"WebPage","@id":"https:\/\/www.ovigilanteonline.com.br\/site\/2025\/12\/15\/forum-de-leopoldina-abre-selecao-publica-para-estagiarios-de-pos-graduacao-em-direito\/","url":"https:\/\/www.ovigilanteonline.com.br\/site\/2025\/12\/15\/forum-de-leopoldina-abre-selecao-publica-para-estagiarios-de-pos-graduacao-em-direito\/","name":"F\u00f3rum de Leopoldina abre sele\u00e7\u00e3o p\u00fablica para estagi\u00e1rios de p\u00f3s-gradua\u00e7\u00e3o em Direito","isPartOf":{"@id":"https:\/\/www.ovigilanteonline.com.br\/site\/#website"},"primaryImageOfPage":{"@id":"https:\/\/www.ovigilanteonline.com.br\/site\/2025\/12\/15\/forum-de-leopoldina-abre-selecao-publica-para-estagiarios-de-pos-graduacao-em-direito\/#primaryimage"},"image":{"@id":"https:\/\/www.ovigilanteonline.com.br\/site\/2025\/12\/15\/forum-de-leopoldina-abre-selecao-publica-para-estagiarios-de-pos-graduacao-em-direito\/#primaryimage"},"thumbnailUrl":"https:\/\/www.ovigilanteonline.com.br\/site\/wp-content\/uploads\/2021\/09\/FORUM-LEOPOLDINA-O-VIGILANTE.jpg","datePublished":"2025-12-15T18:34:54+00:00","dateModified":"2025-12-15T18:34:57+00:00","author":{"@id":"https:\/\/www.ovigilanteonline.com.br\/site\/#\/schema\/person\/538fdfb33c0c411cd14a732e7cf14aa6"},"breadcrumb":{"@id":"https:\/\/www.ovigilanteonline.com.br\/site\/2025\/12\/15\/forum-de-leopoldina-abre-selecao-publica-para-estagiarios-de-pos-graduacao-em-direito\/#breadcrumb"},"inLanguage":"pt-BR","potentialAction":[{"@type":"ReadAction","target":["https:\/\/www.ovigilanteonline.com.br\/site\/2025\/12\/15\/forum-de-leopoldina-abre-selecao-publica-para-estagiarios-de-pos-graduacao-em-direito\/"]}]},{"@type":"ImageObject","inLanguage":"pt-BR","@id":"https:\/\/www.ovigilanteonline.com.br\/site\/2025\/12\/15\/forum-de-leopoldina-abre-selecao-publica-para-estagiarios-de-pos-graduacao-em-direito\/#primaryimage","url":"https:\/\/www.ovigilanteonline.com.br\/site\/wp-content\/uploads\/2021\/09\/FORUM-LEOPOLDINA-O-VIGILANTE.jpg","contentUrl":"https:\/\/www.ovigilanteonline.com.br\/site\/wp-content\/uploads\/2021\/09\/FORUM-LEOPOLDINA-O-VIGILANTE.jpg","width":900,"height":500},{"@type":"BreadcrumbList","@id":"https:\/\/www.ovigilanteonline.com.br\/site\/2025\/12\/15\/forum-de-leopoldina-abre-selecao-publica-para-estagiarios-de-pos-graduacao-em-direito\/#breadcrumb","itemListElement":[{"@type":"ListItem","position":1,"name":"In\u00edcio","item":"https:\/\/www.ovigilanteonline.com.br\/site\/"},{"@type":"ListItem","position":2,"name":"F\u00f3rum de Leopoldina abre sele\u00e7\u00e3o p\u00fablica para estagi\u00e1rios de p\u00f3s-gradua\u00e7\u00e3o em Direito"}]},{"@type":"WebSite","@id":"https:\/\/www.ovigilanteonline.com.br\/site\/#website","url":"https:\/\/www.ovigilanteonline.com.br\/site\/","name":"O VIGILANTE ONLINE - Not\u00edcias de Leopoldina e regi\u00e3o","description":"","potentialAction":[{"@type":"SearchAction","target":{"@type":"EntryPoint","urlTemplate":"https:\/\/www.ovigilanteonline.com.br\/site\/?s={search_term_string}"},"query-input":{"@type":"PropertyValueSpecification","valueRequired":true,"valueName":"search_term_string"}}],"inLanguage":"pt-BR"},{"@type":"Person","@id":"https:\/\/www.ovigilanteonline.com.br\/site\/#\/schema\/person\/538fdfb33c0c411cd14a732e7cf14aa6","name":"Jornalismo"}]}},"cc_featured_image_caption":{"caption_text":"","source_text":"","source_url":""},"_links":{"self":[{"href":"https:\/\/www.ovigilanteonline.com.br\/site\/wp-json\/wp\/v2\/posts\/448478","targetHints":{"allow":["GET"]}}],"collection":[{"href":"https:\/\/www.ovigilanteonline.com.br\/site\/wp-json\/wp\/v2\/posts"}],"about":[{"href":"https:\/\/www.ovigilanteonline.com.br\/site\/wp-json\/wp\/v2\/types\/post"}],"author":[{"embeddable":true,"href":"https:\/\/www.ovigilanteonline.com.br\/site\/wp-json\/wp\/v2\/users\/2"}],"replies":[{"embeddable":true,"href":"https:\/\/www.ovigilanteonline.com.br\/site\/wp-json\/wp\/v2\/comments?post=448478"}],"version-history":[{"count":0,"href":"https:\/\/www.ovigilanteonline.com.br\/site\/wp-json\/wp\/v2\/posts\/448478\/revisions"}],"wp:featuredmedia":[{"embeddable":true,"href":"https:\/\/www.ovigilanteonline.com.br\/site\/wp-json\/wp\/v2\/media\/391646"}],"wp:attachment":[{"href":"https:\/\/www.ovigilanteonline.com.br\/site\/wp-json\/wp\/v2\/media?parent=448478"}],"wp:term":[{"taxonomy":"category","embeddable":true,"href":"https:\/\/www.ovigilanteonline.com.br\/site\/wp-json\/wp\/v2\/categories?post=448478"},{"taxonomy":"post_tag","embeddable":true,"href":"https:\/\/www.ovigilanteonline.com.br\/site\/wp-json\/wp\/v2\/tags?post=448478"}],"curies":[{"name":"wp","href":"https:\/\/api.w.org\/{rel}","templated":true}]}}