{"id":448459,"date":"2025-12-14T13:40:48","date_gmt":"2025-12-14T16:40:48","guid":{"rendered":"https:\/\/www.ovigilanteonline.com.br\/site\/?p=448459"},"modified":"2025-12-17T07:52:53","modified_gmt":"2025-12-17T10:52:53","slug":"br-116-carreta-tomba-na-serra-de-sao-domingos-e-motorista-escapa-ileso","status":"publish","type":"post","link":"https:\/\/www.ovigilanteonline.com.br\/site\/2025\/12\/14\/br-116-carreta-tomba-na-serra-de-sao-domingos-e-motorista-escapa-ileso\/","title":{"rendered":"BR-116: carreta tomba na Serra de S\u00e3o Domingos e motorista escapa ileso"},"content":{"rendered":"\n<figure class=\"wp-block-image size-full\"><img loading=\"lazy\" decoding=\"async\" width=\"1003\" height=\"614\" src=\"https:\/\/www.ovigilanteonline.com.br\/site\/wp-content\/uploads\/2025\/12\/WhatsApp-Image-2025-12-14-at-11.50.54.jpeg\" alt=\"\" class=\"wp-image-448462\" srcset=\"https:\/\/www.ovigilanteonline.com.br\/site\/wp-content\/uploads\/2025\/12\/WhatsApp-Image-2025-12-14-at-11.50.54.jpeg 1003w, https:\/\/www.ovigilanteonline.com.br\/site\/wp-content\/uploads\/2025\/12\/WhatsApp-Image-2025-12-14-at-11.50.54-300x184.jpeg 300w, https:\/\/www.ovigilanteonline.com.br\/site\/wp-content\/uploads\/2025\/12\/WhatsApp-Image-2025-12-14-at-11.50.54-768x470.jpeg 768w\" sizes=\"auto, (max-width: 1003px) 100vw, 1003px\" \/><\/figure>\n\n\n\n<figure class=\"wp-block-image size-large\"><img loading=\"lazy\" decoding=\"async\" width=\"1024\" height=\"539\" src=\"https:\/\/www.ovigilanteonline.com.br\/site\/wp-content\/uploads\/2025\/12\/WhatsApp-Image-2025-12-14-at-11.50.55-1-1024x539.jpeg\" alt=\"\" class=\"wp-image-448463\" srcset=\"https:\/\/www.ovigilanteonline.com.br\/site\/wp-content\/uploads\/2025\/12\/WhatsApp-Image-2025-12-14-at-11.50.55-1-1024x539.jpeg 1024w, https:\/\/www.ovigilanteonline.com.br\/site\/wp-content\/uploads\/2025\/12\/WhatsApp-Image-2025-12-14-at-11.50.55-1-300x158.jpeg 300w, https:\/\/www.ovigilanteonline.com.br\/site\/wp-content\/uploads\/2025\/12\/WhatsApp-Image-2025-12-14-at-11.50.55-1-768x404.jpeg 768w, https:\/\/www.ovigilanteonline.com.br\/site\/wp-content\/uploads\/2025\/12\/WhatsApp-Image-2025-12-14-at-11.50.55-1-1140x600.jpeg 1140w, https:\/\/www.ovigilanteonline.com.br\/site\/wp-content\/uploads\/2025\/12\/WhatsApp-Image-2025-12-14-at-11.50.55-1.jpeg 1280w\" sizes=\"auto, (max-width: 1024px) 100vw, 1024px\" \/><\/figure>\n\n\n\n<figure class=\"wp-block-image size-large\"><img loading=\"lazy\" decoding=\"async\" width=\"1024\" height=\"409\" src=\"https:\/\/www.ovigilanteonline.com.br\/site\/wp-content\/uploads\/2025\/12\/WhatsApp-Image-2025-12-14-at-11.50.53-1024x409.jpeg\" alt=\"\" class=\"wp-image-448461\" srcset=\"https:\/\/www.ovigilanteonline.com.br\/site\/wp-content\/uploads\/2025\/12\/WhatsApp-Image-2025-12-14-at-11.50.53-1024x409.jpeg 1024w, https:\/\/www.ovigilanteonline.com.br\/site\/wp-content\/uploads\/2025\/12\/WhatsApp-Image-2025-12-14-at-11.50.53-300x120.jpeg 300w, https:\/\/www.ovigilanteonline.com.br\/site\/wp-content\/uploads\/2025\/12\/WhatsApp-Image-2025-12-14-at-11.50.53-768x307.jpeg 768w, https:\/\/www.ovigilanteonline.com.br\/site\/wp-content\/uploads\/2025\/12\/WhatsApp-Image-2025-12-14-at-11.50.53.jpeg 1146w\" sizes=\"auto, (max-width: 1024px) 100vw, 1024px\" \/><\/figure>\n\n\n\n<p>Uma carreta carregada com polietileno tombou na manh\u00e3 deste domingo, 14 de dezembro, na BR-116 enquanto descia a Serra de S\u00e3o Domingos, em Santo Ant\u00f4nio do Aventureiro. O ve\u00edculo seguia no km 789 sentido Al\u00e9m Para\u00edba quando o motorista perdeu o controle e acabou tombando \u00e0s margens da via.<\/p>\n\n\n\n<p>Apesar do susto, o condutor n\u00e3o sofreu ferimentos. Ele conseguiu sair do ve\u00edculo por meios pr\u00f3prios e dispensou atendimento m\u00e9dico.<\/p>\n\n\n\n\n\n<p>Equipes de apoio da Ecovias Rio Minas foram acionadas para realizar a sinaliza\u00e7\u00e3o do trecho, garantir a seguran\u00e7a dos demais motoristas e iniciar os procedimentos necess\u00e1rios para destombamento e remo\u00e7\u00e3o da carga.<\/p>\n\n\n\n<p>O tombamento exigiu aten\u00e7\u00e3o redobrada dos motoristas que passavam pelo local. As causas do acidente ser\u00e3o apuradas pela Pol\u00edcia Rodovi\u00e1ria Federal.<\/p>\n\n\n\n<p>A via permanece sob monitoramento at\u00e9 a conclus\u00e3o dos trabalhos.<\/p>\n\n\n<div  class=\"wp-block-ultimate-post-heading ultp-block-9aa32a\"><div class=\"ultp-block-wrapper\"><div class=\"ultp-heading-wrap ultp-heading-style18 ultp-heading-left\"><h2 class=\"ultp-heading-inner\"><span>Leia tamb\u00e9m<\/span><\/h2><\/div><\/div><\/div>\n\n<div  class=\"ultp-post-grid-block wp-block-ultimate-post-post-grid-2 ultp-block-4cc17f\"><div class=\"ultp-block-wrapper\"><div class=\"ultp-loading\"><div class=\"ultp-loading-blocks\" style=\"width:100%;height:100%;\"><div style=\"left: 0;top: 0;animation-delay:0s;\"><\/div><div style=\"left: 21px;top: 0;animation-delay:0.125s;\"><\/div><div style=\"left: 42px;top: 0;animation-delay:0.25s;\"><\/div><div style=\"left: 0;top: 21px;animation-delay:0.875s;\"><\/div><div style=\"left: 42px;top: 21px;animation-delay:0.375s;\"><\/div><div style=\"left: 0;top: 42px;animation-delay:0.75s;\"><\/div><div style=\"left: 42px;top: 42px;animation-delay:0.625s;\"><\/div><div style=\"left: 21px;top: 42px;animation-delay:0.5s;\"><\/div><\/div><\/div><div class=\"ultp-block-items-wrap ultp-block-row\"><div class=\"ultp-block-item post-id-452351\"><div class=\"ultp-block-content-wrap ultp-block-content-overlay\"><div class=\"ultp-block-image ultp-block-image-none ultp-block-image-overlay ultp-block-image-simgleGradient\"><a href=\"https:\/\/www.ovigilanteonline.com.br\/site\/2026\/05\/01\/foragido-ha-mais-de-5-anos-e-preso-durante-operacao-da-pm-em-muriae\/\" ><img decoding=\"async\"  alt=\"Foragido h\u00e1 mais de 5 anos \u00e9 preso durante opera\u00e7\u00e3o da PM em Muria\u00e9\"  src=\"https:\/\/www.ovigilanteonline.com.br\/site\/wp-content\/uploads\/2026\/05\/daf45d5f.jpg\" \/><\/a><\/div><div class=\"ultp-block-content ultp-block-content-bottomPosition\"><div class=\"ultp-block-content-inner\"><h3 class=\"ultp-block-title \"><a href=\"https:\/\/www.ovigilanteonline.com.br\/site\/2026\/05\/01\/foragido-ha-mais-de-5-anos-e-preso-durante-operacao-da-pm-em-muriae\/\" >Foragido h\u00e1 mais de 5 anos \u00e9 preso durante opera\u00e7\u00e3o da PM em Muria\u00e9<\/a><\/h3><\/div><\/div><\/div><\/div><div class=\"ultp-block-item post-id-452335\"><div class=\"ultp-block-content-wrap ultp-block-content-overlay\"><div class=\"ultp-block-image ultp-block-image-none ultp-block-image-overlay ultp-block-image-simgleGradient\"><a href=\"https:\/\/www.ovigilanteonline.com.br\/site\/2026\/05\/01\/encontro-em-argirita-define-estrategias-para-crescimento-do-turismo-na-regiao\/\" ><img decoding=\"async\"  alt=\"Encontro em Argirita define estrat\u00e9gias para crescimento do turismo na regi\u00e3o\"  src=\"https:\/\/www.ovigilanteonline.com.br\/site\/wp-content\/uploads\/2026\/05\/DSC6525.jpg-870x570.jpeg\" \/><\/a><\/div><div class=\"ultp-block-content ultp-block-content-bottomPosition\"><div class=\"ultp-block-content-inner\"><h3 class=\"ultp-block-title \"><a href=\"https:\/\/www.ovigilanteonline.com.br\/site\/2026\/05\/01\/encontro-em-argirita-define-estrategias-para-crescimento-do-turismo-na-regiao\/\" >Encontro em Argirita define estrat\u00e9gias para crescimento do turismo na regi\u00e3o<\/a><\/h3><\/div><\/div><\/div><\/div><div class=\"ultp-block-item post-id-452329\"><div class=\"ultp-block-content-wrap ultp-block-content-overlay\"><div class=\"ultp-block-image ultp-block-image-none ultp-block-image-overlay ultp-block-image-simgleGradient\"><a href=\"https:\/\/www.ovigilanteonline.com.br\/site\/2026\/04\/30\/damata-bebidas-abre-vaga-para-auxiliar-de-informatica-em-leopoldina\/\" ><img decoding=\"async\"  alt=\"Damata Bebidas abre vaga para auxiliar de inform\u00e1tica em Leopoldina\"  src=\"https:\/\/www.ovigilanteonline.com.br\/site\/wp-content\/uploads\/2024\/05\/DAMATA-FOTO-DIVULGACAO-MATRIZ-870x478.jpg\" \/><\/a><\/div><div class=\"ultp-block-content ultp-block-content-bottomPosition\"><div class=\"ultp-block-content-inner\"><h3 class=\"ultp-block-title \"><a href=\"https:\/\/www.ovigilanteonline.com.br\/site\/2026\/04\/30\/damata-bebidas-abre-vaga-para-auxiliar-de-informatica-em-leopoldina\/\" >Damata Bebidas abre vaga para auxiliar de inform\u00e1tica em Leopoldina<\/a><\/h3><\/div><\/div><\/div><\/div><div class=\"ultp-block-item post-id-452320\"><div class=\"ultp-block-content-wrap ultp-block-content-overlay\"><div class=\"ultp-block-image ultp-block-image-none ultp-block-image-overlay ultp-block-image-simgleGradient\"><a href=\"https:\/\/www.ovigilanteonline.com.br\/site\/2026\/04\/30\/theo-garcia-conquista-medalha-no-europeu-de-jiu-jitsu-na-irlanda\/\" ><img decoding=\"async\"  alt=\"Theo Garcia conquista medalha no Europeu de Jiu-Jitsu na Irlanda\"  src=\"https:\/\/www.ovigilanteonline.com.br\/site\/wp-content\/uploads\/2026\/04\/WhatsApp-Image-2026-04-29-at-19.59.53.jpeg\" \/><\/a><\/div><div class=\"ultp-block-content ultp-block-content-bottomPosition\"><div class=\"ultp-block-content-inner\"><h3 class=\"ultp-block-title \"><a href=\"https:\/\/www.ovigilanteonline.com.br\/site\/2026\/04\/30\/theo-garcia-conquista-medalha-no-europeu-de-jiu-jitsu-na-irlanda\/\" >Theo Garcia conquista medalha no Europeu de Jiu-Jitsu na Irlanda<\/a><\/h3><\/div><\/div><\/div><\/div><div class=\"ultp-block-item post-id-452312\"><div class=\"ultp-block-content-wrap ultp-block-content-overlay\"><div class=\"ultp-block-image ultp-block-image-none ultp-block-image-overlay ultp-block-image-simgleGradient\"><a href=\"https:\/\/www.ovigilanteonline.com.br\/site\/2026\/04\/30\/iv-super-copa-leopoldina-de-futebol-amador-jaime-silva-e-destaque-no-esporte-local\/\" ><img decoding=\"async\"  alt=\"IV Super Copa Leopoldina de Futebol Amador &#8216;Jaime Silva&#8217; \u00e9 destaque no esporte local\"  src=\"https:\/\/www.ovigilanteonline.com.br\/site\/wp-content\/uploads\/2026\/04\/WhatsApp-Image-2026-04-30-at-07.31.50.jpeg\" \/><\/a><\/div><div class=\"ultp-block-content ultp-block-content-bottomPosition\"><div class=\"ultp-block-content-inner\"><h3 class=\"ultp-block-title \"><a href=\"https:\/\/www.ovigilanteonline.com.br\/site\/2026\/04\/30\/iv-super-copa-leopoldina-de-futebol-amador-jaime-silva-e-destaque-no-esporte-local\/\" >IV Super Copa Leopoldina de Futebol Amador &#8216;Jaime Silva&#8217; \u00e9 destaque no esporte local<\/a><\/h3><\/div><\/div><\/div><\/div><div class=\"ultp-block-item post-id-452304\"><div class=\"ultp-block-content-wrap ultp-block-content-overlay\"><div class=\"ultp-block-image ultp-block-image-none ultp-block-image-overlay ultp-block-image-simgleGradient\"><a href=\"https:\/\/www.ovigilanteonline.com.br\/site\/2026\/04\/30\/prf-inicia-operacao-dia-do-trabalho-2026-nas-rodovias-federais-da-regiao\/\" ><img decoding=\"async\"  alt=\"PRF inicia Opera\u00e7\u00e3o Dia do Trabalho 2026 nas rodovias federais da regi\u00e3o\"  src=\"https:\/\/www.ovigilanteonline.com.br\/site\/wp-content\/uploads\/2023\/05\/rodovias-prf-870x506.jpg\" \/><\/a><\/div><div class=\"ultp-block-content ultp-block-content-bottomPosition\"><div class=\"ultp-block-content-inner\"><h3 class=\"ultp-block-title \"><a href=\"https:\/\/www.ovigilanteonline.com.br\/site\/2026\/04\/30\/prf-inicia-operacao-dia-do-trabalho-2026-nas-rodovias-federais-da-regiao\/\" >PRF inicia Opera\u00e7\u00e3o Dia do Trabalho 2026 nas rodovias federais da regi\u00e3o<\/a><\/h3><\/div><\/div><\/div><\/div><\/div><\/div><div class=\"pagination-block-html\" aria-hidden=\"true\" style=\"display: none;\"><\/div><\/div>\n\n<div id=\"ovigi-1863360746\">\r\n<p class=\"has-text-align-center has-small-font-size\">continua depois da publicidade<\/p>\r\n\r\n\r\n\r\n<hr class=\"wp-block-separator has-alpha-channel-opacity is-style-wide\"\/>\r\n\r\n\r\n<center> \r\n<figure class=\"wp-block-image size-large\"><a href=\"https:\/\/www.instagram.com\/unimedleopoldina241\/\" target=\"_blank\" rel=\"noreferrer noopener\"><img decoding=\"async\" src=\"https:\/\/www.ovigilanteonline.com.br\/site\/wp-content\/uploads\/2026\/04\/UNIMED-NOVO.jpg\" alt=\"\" class=\"wp-image-395070\"\/><\/a><\/figure>\r\n<\/figure>\r\n<!-- \/wp:gallery --> <\/center>\r\n\r\n<!-- wp:separator {\"className\":\"is-style-wide\"} -->\r\n<hr class=\"wp-block-separator has-alpha-channel-opacity is-style-wide\"\/>\r\n<!-- \/wp:separator -->\r\n<\/div>","protected":false},"excerpt":{"rendered":"<p>Uma carreta carregada com polietileno tombou na manh\u00e3 deste domingo, 14 de dezembro, na BR-116 enquanto descia a Serra de S\u00e3o Domingos, em Santo Ant\u00f4nio do Aventureiro. O ve\u00edculo seguia no km 789 sentido Al\u00e9m Para\u00edba quando o motorista perdeu o controle e acabou tombando \u00e0s margens da via. Apesar do susto, o condutor n\u00e3o [&hellip;]<\/p>\n","protected":false},"author":2,"featured_media":448460,"comment_status":"open","ping_status":"closed","sticky":false,"template":"","format":"standard","meta":{"footnotes":""},"categories":[13,19,22,330,26],"tags":[],"class_list":["post-448459","post","type-post","status-publish","format-standard","has-post-thumbnail","hentry","category-cidade","category-giro-vigilante","category-rodovias","category-ronda","category-ultimas-noticias"],"yoast_head":"<!-- This site is optimized with the Yoast SEO plugin v27.4 - https:\/\/yoast.com\/product\/yoast-seo-wordpress\/ -->\n<title>BR-116: carreta tomba na Serra de S\u00e3o Domingos e motorista escapa ileso<\/title>\n<meta name=\"robots\" content=\"index, follow, max-snippet:-1, max-image-preview:large, max-video-preview:-1\" \/>\n<link rel=\"canonical\" href=\"https:\/\/www.ovigilanteonline.com.br\/site\/2025\/12\/14\/br-116-carreta-tomba-na-serra-de-sao-domingos-e-motorista-escapa-ileso\/\" \/>\n<meta property=\"og:locale\" content=\"pt_BR\" \/>\n<meta property=\"og:type\" content=\"article\" \/>\n<meta property=\"og:title\" content=\"BR-116: carreta tomba na Serra de S\u00e3o Domingos e motorista escapa ileso\" \/>\n<meta property=\"og:description\" content=\"Uma carreta carregada com polietileno tombou na manh\u00e3 deste domingo, 14 de dezembro, na BR-116 enquanto descia a Serra de S\u00e3o Domingos, em Santo Ant\u00f4nio do Aventureiro. O ve\u00edculo seguia no km 789 sentido Al\u00e9m Para\u00edba quando o motorista perdeu o controle e acabou tombando \u00e0s margens da via. Apesar do susto, o condutor n\u00e3o [&hellip;]\" \/>\n<meta property=\"og:url\" content=\"https:\/\/www.ovigilanteonline.com.br\/site\/2025\/12\/14\/br-116-carreta-tomba-na-serra-de-sao-domingos-e-motorista-escapa-ileso\/\" \/>\n<meta property=\"og:site_name\" content=\"O VIGILANTE ONLINE\" \/>\n<meta property=\"article:publisher\" content=\"https:\/\/www.facebook.com\/ovigilanteonline\" \/>\n<meta property=\"article:published_time\" content=\"2025-12-14T16:40:48+00:00\" \/>\n<meta property=\"article:modified_time\" content=\"2025-12-17T10:52:53+00:00\" \/>\n<meta property=\"og:image\" content=\"https:\/\/www.ovigilanteonline.com.br\/site\/wp-content\/uploads\/2025\/12\/WhatsApp-Image-2025-12-14-at-11.50.55.jpeg\" \/>\n\t<meta property=\"og:image:width\" content=\"987\" \/>\n\t<meta property=\"og:image:height\" content=\"613\" \/>\n\t<meta property=\"og:image:type\" content=\"image\/jpeg\" \/>\n<meta name=\"author\" content=\"Jornalismo\" \/>\n<meta name=\"twitter:card\" content=\"summary_large_image\" \/>\n<meta name=\"twitter:label1\" content=\"Escrito por\" \/>\n\t<meta name=\"twitter:data1\" content=\"Jornalismo\" \/>\n\t<meta name=\"twitter:label2\" content=\"Est. tempo de leitura\" \/>\n\t<meta name=\"twitter:data2\" content=\"2 minutos\" \/>\n<script type=\"application\/ld+json\" class=\"yoast-schema-graph\">{\"@context\":\"https:\\\/\\\/schema.org\",\"@graph\":[{\"@type\":\"Article\",\"@id\":\"https:\\\/\\\/www.ovigilanteonline.com.br\\\/site\\\/2025\\\/12\\\/14\\\/br-116-carreta-tomba-na-serra-de-sao-domingos-e-motorista-escapa-ileso\\\/#article\",\"isPartOf\":{\"@id\":\"https:\\\/\\\/www.ovigilanteonline.com.br\\\/site\\\/2025\\\/12\\\/14\\\/br-116-carreta-tomba-na-serra-de-sao-domingos-e-motorista-escapa-ileso\\\/\"},\"author\":{\"name\":\"Jornalismo\",\"@id\":\"https:\\\/\\\/www.ovigilanteonline.com.br\\\/site\\\/#\\\/schema\\\/person\\\/538fdfb33c0c411cd14a732e7cf14aa6\"},\"headline\":\"BR-116: carreta tomba na Serra de S\u00e3o Domingos e motorista escapa ileso\",\"datePublished\":\"2025-12-14T16:40:48+00:00\",\"dateModified\":\"2025-12-17T10:52:53+00:00\",\"mainEntityOfPage\":{\"@id\":\"https:\\\/\\\/www.ovigilanteonline.com.br\\\/site\\\/2025\\\/12\\\/14\\\/br-116-carreta-tomba-na-serra-de-sao-domingos-e-motorista-escapa-ileso\\\/\"},\"wordCount\":161,\"commentCount\":0,\"image\":{\"@id\":\"https:\\\/\\\/www.ovigilanteonline.com.br\\\/site\\\/2025\\\/12\\\/14\\\/br-116-carreta-tomba-na-serra-de-sao-domingos-e-motorista-escapa-ileso\\\/#primaryimage\"},\"thumbnailUrl\":\"https:\\\/\\\/www.ovigilanteonline.com.br\\\/site\\\/wp-content\\\/uploads\\\/2025\\\/12\\\/WhatsApp-Image-2025-12-14-at-11.50.52-1.jpeg\",\"articleSection\":[\"Cidade\",\"Giro Vigilante\",\"Rodovias\",\"Ronda Vigilante\",\"\u00daltimas Not\u00edcias\"],\"inLanguage\":\"pt-BR\",\"potentialAction\":[{\"@type\":\"CommentAction\",\"name\":\"Comment\",\"target\":[\"https:\\\/\\\/www.ovigilanteonline.com.br\\\/site\\\/2025\\\/12\\\/14\\\/br-116-carreta-tomba-na-serra-de-sao-domingos-e-motorista-escapa-ileso\\\/#respond\"]}]},{\"@type\":\"WebPage\",\"@id\":\"https:\\\/\\\/www.ovigilanteonline.com.br\\\/site\\\/2025\\\/12\\\/14\\\/br-116-carreta-tomba-na-serra-de-sao-domingos-e-motorista-escapa-ileso\\\/\",\"url\":\"https:\\\/\\\/www.ovigilanteonline.com.br\\\/site\\\/2025\\\/12\\\/14\\\/br-116-carreta-tomba-na-serra-de-sao-domingos-e-motorista-escapa-ileso\\\/\",\"name\":\"BR-116: carreta tomba na Serra de S\u00e3o Domingos e motorista escapa ileso\",\"isPartOf\":{\"@id\":\"https:\\\/\\\/www.ovigilanteonline.com.br\\\/site\\\/#website\"},\"primaryImageOfPage\":{\"@id\":\"https:\\\/\\\/www.ovigilanteonline.com.br\\\/site\\\/2025\\\/12\\\/14\\\/br-116-carreta-tomba-na-serra-de-sao-domingos-e-motorista-escapa-ileso\\\/#primaryimage\"},\"image\":{\"@id\":\"https:\\\/\\\/www.ovigilanteonline.com.br\\\/site\\\/2025\\\/12\\\/14\\\/br-116-carreta-tomba-na-serra-de-sao-domingos-e-motorista-escapa-ileso\\\/#primaryimage\"},\"thumbnailUrl\":\"https:\\\/\\\/www.ovigilanteonline.com.br\\\/site\\\/wp-content\\\/uploads\\\/2025\\\/12\\\/WhatsApp-Image-2025-12-14-at-11.50.52-1.jpeg\",\"datePublished\":\"2025-12-14T16:40:48+00:00\",\"dateModified\":\"2025-12-17T10:52:53+00:00\",\"author\":{\"@id\":\"https:\\\/\\\/www.ovigilanteonline.com.br\\\/site\\\/#\\\/schema\\\/person\\\/538fdfb33c0c411cd14a732e7cf14aa6\"},\"breadcrumb\":{\"@id\":\"https:\\\/\\\/www.ovigilanteonline.com.br\\\/site\\\/2025\\\/12\\\/14\\\/br-116-carreta-tomba-na-serra-de-sao-domingos-e-motorista-escapa-ileso\\\/#breadcrumb\"},\"inLanguage\":\"pt-BR\",\"potentialAction\":[{\"@type\":\"ReadAction\",\"target\":[\"https:\\\/\\\/www.ovigilanteonline.com.br\\\/site\\\/2025\\\/12\\\/14\\\/br-116-carreta-tomba-na-serra-de-sao-domingos-e-motorista-escapa-ileso\\\/\"]}]},{\"@type\":\"ImageObject\",\"inLanguage\":\"pt-BR\",\"@id\":\"https:\\\/\\\/www.ovigilanteonline.com.br\\\/site\\\/2025\\\/12\\\/14\\\/br-116-carreta-tomba-na-serra-de-sao-domingos-e-motorista-escapa-ileso\\\/#primaryimage\",\"url\":\"https:\\\/\\\/www.ovigilanteonline.com.br\\\/site\\\/wp-content\\\/uploads\\\/2025\\\/12\\\/WhatsApp-Image-2025-12-14-at-11.50.52-1.jpeg\",\"contentUrl\":\"https:\\\/\\\/www.ovigilanteonline.com.br\\\/site\\\/wp-content\\\/uploads\\\/2025\\\/12\\\/WhatsApp-Image-2025-12-14-at-11.50.52-1.jpeg\",\"width\":956,\"height\":600},{\"@type\":\"BreadcrumbList\",\"@id\":\"https:\\\/\\\/www.ovigilanteonline.com.br\\\/site\\\/2025\\\/12\\\/14\\\/br-116-carreta-tomba-na-serra-de-sao-domingos-e-motorista-escapa-ileso\\\/#breadcrumb\",\"itemListElement\":[{\"@type\":\"ListItem\",\"position\":1,\"name\":\"In\u00edcio\",\"item\":\"https:\\\/\\\/www.ovigilanteonline.com.br\\\/site\\\/\"},{\"@type\":\"ListItem\",\"position\":2,\"name\":\"BR-116: carreta tomba na Serra de S\u00e3o Domingos e motorista escapa ileso\"}]},{\"@type\":\"WebSite\",\"@id\":\"https:\\\/\\\/www.ovigilanteonline.com.br\\\/site\\\/#website\",\"url\":\"https:\\\/\\\/www.ovigilanteonline.com.br\\\/site\\\/\",\"name\":\"O VIGILANTE ONLINE - Not\u00edcias de Leopoldina e regi\u00e3o\",\"description\":\"\",\"potentialAction\":[{\"@type\":\"SearchAction\",\"target\":{\"@type\":\"EntryPoint\",\"urlTemplate\":\"https:\\\/\\\/www.ovigilanteonline.com.br\\\/site\\\/?s={search_term_string}\"},\"query-input\":{\"@type\":\"PropertyValueSpecification\",\"valueRequired\":true,\"valueName\":\"search_term_string\"}}],\"inLanguage\":\"pt-BR\"},{\"@type\":\"Person\",\"@id\":\"https:\\\/\\\/www.ovigilanteonline.com.br\\\/site\\\/#\\\/schema\\\/person\\\/538fdfb33c0c411cd14a732e7cf14aa6\",\"name\":\"Jornalismo\"}]}<\/script>\n<!-- \/ Yoast SEO plugin. -->","yoast_head_json":{"title":"BR-116: carreta tomba na Serra de S\u00e3o Domingos e motorista escapa ileso","robots":{"index":"index","follow":"follow","max-snippet":"max-snippet:-1","max-image-preview":"max-image-preview:large","max-video-preview":"max-video-preview:-1"},"canonical":"https:\/\/www.ovigilanteonline.com.br\/site\/2025\/12\/14\/br-116-carreta-tomba-na-serra-de-sao-domingos-e-motorista-escapa-ileso\/","og_locale":"pt_BR","og_type":"article","og_title":"BR-116: carreta tomba na Serra de S\u00e3o Domingos e motorista escapa ileso","og_description":"Uma carreta carregada com polietileno tombou na manh\u00e3 deste domingo, 14 de dezembro, na BR-116 enquanto descia a Serra de S\u00e3o Domingos, em Santo Ant\u00f4nio do Aventureiro. O ve\u00edculo seguia no km 789 sentido Al\u00e9m Para\u00edba quando o motorista perdeu o controle e acabou tombando \u00e0s margens da via. Apesar do susto, o condutor n\u00e3o [&hellip;]","og_url":"https:\/\/www.ovigilanteonline.com.br\/site\/2025\/12\/14\/br-116-carreta-tomba-na-serra-de-sao-domingos-e-motorista-escapa-ileso\/","og_site_name":"O VIGILANTE ONLINE","article_publisher":"https:\/\/www.facebook.com\/ovigilanteonline","article_published_time":"2025-12-14T16:40:48+00:00","article_modified_time":"2025-12-17T10:52:53+00:00","og_image":[{"width":987,"height":613,"url":"https:\/\/www.ovigilanteonline.com.br\/site\/wp-content\/uploads\/2025\/12\/WhatsApp-Image-2025-12-14-at-11.50.55.jpeg","type":"image\/jpeg"}],"author":"Jornalismo","twitter_card":"summary_large_image","twitter_misc":{"Escrito por":"Jornalismo","Est. tempo de leitura":"2 minutos"},"schema":{"@context":"https:\/\/schema.org","@graph":[{"@type":"Article","@id":"https:\/\/www.ovigilanteonline.com.br\/site\/2025\/12\/14\/br-116-carreta-tomba-na-serra-de-sao-domingos-e-motorista-escapa-ileso\/#article","isPartOf":{"@id":"https:\/\/www.ovigilanteonline.com.br\/site\/2025\/12\/14\/br-116-carreta-tomba-na-serra-de-sao-domingos-e-motorista-escapa-ileso\/"},"author":{"name":"Jornalismo","@id":"https:\/\/www.ovigilanteonline.com.br\/site\/#\/schema\/person\/538fdfb33c0c411cd14a732e7cf14aa6"},"headline":"BR-116: carreta tomba na Serra de S\u00e3o Domingos e motorista escapa ileso","datePublished":"2025-12-14T16:40:48+00:00","dateModified":"2025-12-17T10:52:53+00:00","mainEntityOfPage":{"@id":"https:\/\/www.ovigilanteonline.com.br\/site\/2025\/12\/14\/br-116-carreta-tomba-na-serra-de-sao-domingos-e-motorista-escapa-ileso\/"},"wordCount":161,"commentCount":0,"image":{"@id":"https:\/\/www.ovigilanteonline.com.br\/site\/2025\/12\/14\/br-116-carreta-tomba-na-serra-de-sao-domingos-e-motorista-escapa-ileso\/#primaryimage"},"thumbnailUrl":"https:\/\/www.ovigilanteonline.com.br\/site\/wp-content\/uploads\/2025\/12\/WhatsApp-Image-2025-12-14-at-11.50.52-1.jpeg","articleSection":["Cidade","Giro Vigilante","Rodovias","Ronda Vigilante","\u00daltimas Not\u00edcias"],"inLanguage":"pt-BR","potentialAction":[{"@type":"CommentAction","name":"Comment","target":["https:\/\/www.ovigilanteonline.com.br\/site\/2025\/12\/14\/br-116-carreta-tomba-na-serra-de-sao-domingos-e-motorista-escapa-ileso\/#respond"]}]},{"@type":"WebPage","@id":"https:\/\/www.ovigilanteonline.com.br\/site\/2025\/12\/14\/br-116-carreta-tomba-na-serra-de-sao-domingos-e-motorista-escapa-ileso\/","url":"https:\/\/www.ovigilanteonline.com.br\/site\/2025\/12\/14\/br-116-carreta-tomba-na-serra-de-sao-domingos-e-motorista-escapa-ileso\/","name":"BR-116: carreta tomba na Serra de S\u00e3o Domingos e motorista escapa ileso","isPartOf":{"@id":"https:\/\/www.ovigilanteonline.com.br\/site\/#website"},"primaryImageOfPage":{"@id":"https:\/\/www.ovigilanteonline.com.br\/site\/2025\/12\/14\/br-116-carreta-tomba-na-serra-de-sao-domingos-e-motorista-escapa-ileso\/#primaryimage"},"image":{"@id":"https:\/\/www.ovigilanteonline.com.br\/site\/2025\/12\/14\/br-116-carreta-tomba-na-serra-de-sao-domingos-e-motorista-escapa-ileso\/#primaryimage"},"thumbnailUrl":"https:\/\/www.ovigilanteonline.com.br\/site\/wp-content\/uploads\/2025\/12\/WhatsApp-Image-2025-12-14-at-11.50.52-1.jpeg","datePublished":"2025-12-14T16:40:48+00:00","dateModified":"2025-12-17T10:52:53+00:00","author":{"@id":"https:\/\/www.ovigilanteonline.com.br\/site\/#\/schema\/person\/538fdfb33c0c411cd14a732e7cf14aa6"},"breadcrumb":{"@id":"https:\/\/www.ovigilanteonline.com.br\/site\/2025\/12\/14\/br-116-carreta-tomba-na-serra-de-sao-domingos-e-motorista-escapa-ileso\/#breadcrumb"},"inLanguage":"pt-BR","potentialAction":[{"@type":"ReadAction","target":["https:\/\/www.ovigilanteonline.com.br\/site\/2025\/12\/14\/br-116-carreta-tomba-na-serra-de-sao-domingos-e-motorista-escapa-ileso\/"]}]},{"@type":"ImageObject","inLanguage":"pt-BR","@id":"https:\/\/www.ovigilanteonline.com.br\/site\/2025\/12\/14\/br-116-carreta-tomba-na-serra-de-sao-domingos-e-motorista-escapa-ileso\/#primaryimage","url":"https:\/\/www.ovigilanteonline.com.br\/site\/wp-content\/uploads\/2025\/12\/WhatsApp-Image-2025-12-14-at-11.50.52-1.jpeg","contentUrl":"https:\/\/www.ovigilanteonline.com.br\/site\/wp-content\/uploads\/2025\/12\/WhatsApp-Image-2025-12-14-at-11.50.52-1.jpeg","width":956,"height":600},{"@type":"BreadcrumbList","@id":"https:\/\/www.ovigilanteonline.com.br\/site\/2025\/12\/14\/br-116-carreta-tomba-na-serra-de-sao-domingos-e-motorista-escapa-ileso\/#breadcrumb","itemListElement":[{"@type":"ListItem","position":1,"name":"In\u00edcio","item":"https:\/\/www.ovigilanteonline.com.br\/site\/"},{"@type":"ListItem","position":2,"name":"BR-116: carreta tomba na Serra de S\u00e3o Domingos e motorista escapa ileso"}]},{"@type":"WebSite","@id":"https:\/\/www.ovigilanteonline.com.br\/site\/#website","url":"https:\/\/www.ovigilanteonline.com.br\/site\/","name":"O VIGILANTE ONLINE - Not\u00edcias de Leopoldina e regi\u00e3o","description":"","potentialAction":[{"@type":"SearchAction","target":{"@type":"EntryPoint","urlTemplate":"https:\/\/www.ovigilanteonline.com.br\/site\/?s={search_term_string}"},"query-input":{"@type":"PropertyValueSpecification","valueRequired":true,"valueName":"search_term_string"}}],"inLanguage":"pt-BR"},{"@type":"Person","@id":"https:\/\/www.ovigilanteonline.com.br\/site\/#\/schema\/person\/538fdfb33c0c411cd14a732e7cf14aa6","name":"Jornalismo"}]}},"cc_featured_image_caption":{"caption_text":"","source_text":"","source_url":""},"_links":{"self":[{"href":"https:\/\/www.ovigilanteonline.com.br\/site\/wp-json\/wp\/v2\/posts\/448459","targetHints":{"allow":["GET"]}}],"collection":[{"href":"https:\/\/www.ovigilanteonline.com.br\/site\/wp-json\/wp\/v2\/posts"}],"about":[{"href":"https:\/\/www.ovigilanteonline.com.br\/site\/wp-json\/wp\/v2\/types\/post"}],"author":[{"embeddable":true,"href":"https:\/\/www.ovigilanteonline.com.br\/site\/wp-json\/wp\/v2\/users\/2"}],"replies":[{"embeddable":true,"href":"https:\/\/www.ovigilanteonline.com.br\/site\/wp-json\/wp\/v2\/comments?post=448459"}],"version-history":[{"count":0,"href":"https:\/\/www.ovigilanteonline.com.br\/site\/wp-json\/wp\/v2\/posts\/448459\/revisions"}],"wp:featuredmedia":[{"embeddable":true,"href":"https:\/\/www.ovigilanteonline.com.br\/site\/wp-json\/wp\/v2\/media\/448460"}],"wp:attachment":[{"href":"https:\/\/www.ovigilanteonline.com.br\/site\/wp-json\/wp\/v2\/media?parent=448459"}],"wp:term":[{"taxonomy":"category","embeddable":true,"href":"https:\/\/www.ovigilanteonline.com.br\/site\/wp-json\/wp\/v2\/categories?post=448459"},{"taxonomy":"post_tag","embeddable":true,"href":"https:\/\/www.ovigilanteonline.com.br\/site\/wp-json\/wp\/v2\/tags?post=448459"}],"curies":[{"name":"wp","href":"https:\/\/api.w.org\/{rel}","templated":true}]}}