{"id":446082,"date":"2025-10-07T15:28:44","date_gmt":"2025-10-07T18:28:44","guid":{"rendered":"https:\/\/www.ovigilanteonline.com.br\/site\/?p=446082"},"modified":"2025-10-07T15:28:51","modified_gmt":"2025-10-07T18:28:51","slug":"governo-define-mudancas-no-saque-aniversario-do-fgts-veja-quais-sao-as-alteracoes","status":"publish","type":"post","link":"https:\/\/www.ovigilanteonline.com.br\/site\/2025\/10\/07\/governo-define-mudancas-no-saque-aniversario-do-fgts-veja-quais-sao-as-alteracoes\/","title":{"rendered":"Governo define mudan\u00e7as no saque-anivers\u00e1rio do FGTS; veja quais s\u00e3o as altera\u00e7\u00f5es"},"content":{"rendered":"<div id=\"ovigi-1656517467\" class=\"ovigi-inicio-post-interno ovigi-entity-placement\" style=\"margin-left: auto;margin-right: auto;text-align: center;\"><a href=\"https:\/\/onelink.to\/tfjfd3?utm_source=ig&#038;utm_medium=social&#038;utm_content=link_in_bio&#038;fbclid=PAcGRvZgJleHRuA2FlbQIxMQBzcnRjBmFwcF9pZA85MzY2MTk3NDMzOTI0NTkAAacgW20vIuhakYBCxZduUBbwssdSFoAQ7exuq7BFVvR-PR9sdpzVWlAvY7yZog_aem__Bn7V7eJEMspatV_tVfmIA\" target=\"_blank\" aria-label=\"ARTE GIF\"><img decoding=\"async\" src=\"https:\/\/www.ovigilanteonline.com.br\/site\/wp-content\/uploads\/2026\/05\/ARTE-GIF.gif\" alt=\"\"    \/><\/a><\/div>\n<h3 class=\"wp-block-heading\"><strong><em>Conselho estabelece piso e teto para antecipa\u00e7\u00e3o dos valores, limita opera\u00e7\u00f5es e imp\u00f5e car\u00eancia ap\u00f3s ades\u00e3o.<\/em><\/strong><\/h3>\n\n\n\n<p class=\"wp-block-paragraph\">O Conselho Curador do Fundo de Garantia do Tempo de Servi\u00e7o (FGTS) aprovou nesta ter\u00e7a-feira (7) novas regras para as opera\u00e7\u00f5es de cr\u00e9dito vinculadas ao saque-anivers\u00e1rio. A partir de agora, a antecipa\u00e7\u00e3o dos valores passa a ter um piso de R$ 100 e um teto de R$ 500 por parcela, com limite m\u00e1ximo de R$ 2.500 por opera\u00e7\u00e3o.<\/p>\n\n\n\n<p class=\"wp-block-paragraph\">Antes, era poss\u00edvel antecipar o saldo integral da conta. A nova regulamenta\u00e7\u00e3o tamb\u00e9m restringe o n\u00famero de parcelas que podem ser adiantadas: ser\u00e3o permitidas at\u00e9 tr\u00eas parcelas a partir do segundo ano de ades\u00e3o, mantendo o limite atual de cinco saques apenas no primeiro ano.<\/p><div id=\"ovigi-23041637\" class=\"ovigi-conteudo_2-3 ovigi-entity-placement\"><script async src=\"\/\/pagead2.googlesyndication.com\/pagead\/js\/adsbygoogle.js?client=ca-pub-4068173061741521\" crossorigin=\"anonymous\"><\/script><ins class=\"adsbygoogle\" style=\"display:block; text-align:center;\" data-ad-client=\"ca-pub-4068173061741521\" \ndata-ad-slot=\"6460393376\" \ndata-ad-layout=\"in-article\"\ndata-ad-format=\"fluid\"><\/ins>\n<script> \n(adsbygoogle = window.adsbygoogle || []).push({}); \n<\/script>\n<\/div><div id=\"ovigi-1595106728\" class=\"ovigi-conteudo_2-2 ovigi-entity-placement\"><script async src=\"\/\/pagead2.googlesyndication.com\/pagead\/js\/adsbygoogle.js?client=ca-pub-4068173061741521\" crossorigin=\"anonymous\"><\/script><ins class=\"adsbygoogle\" style=\"display:block; text-align:center;\" data-ad-client=\"ca-pub-4068173061741521\" \ndata-ad-slot=\"6460393376\" \ndata-ad-layout=\"in-article\"\ndata-ad-format=\"fluid\"><\/ins>\n<script> \n(adsbygoogle = window.adsbygoogle || []).push({}); \n<\/script>\n<\/div><div id=\"ovigi-3765071177\" class=\"ovigi-conteudo_2 ovigi-entity-placement\"><script async src=\"\/\/pagead2.googlesyndication.com\/pagead\/js\/adsbygoogle.js?client=ca-pub-4068173061741521\" crossorigin=\"anonymous\"><\/script><ins class=\"adsbygoogle\" style=\"display:block; text-align:center;\" data-ad-client=\"ca-pub-4068173061741521\" \ndata-ad-slot=\"6460393376\" \ndata-ad-layout=\"in-article\"\ndata-ad-format=\"fluid\"><\/ins>\n<script> \n(adsbygoogle = window.adsbygoogle || []).push({}); \n<\/script>\n<\/div><div id=\"ovigi-2463026086\" class=\"ovigi-conteudo_2-4 ovigi-entity-placement\"><script async src=\"\/\/pagead2.googlesyndication.com\/pagead\/js\/adsbygoogle.js?client=ca-pub-4068173061741521\" crossorigin=\"anonymous\"><\/script><ins class=\"adsbygoogle\" style=\"display:block; text-align:center;\" data-ad-client=\"ca-pub-4068173061741521\" \ndata-ad-slot=\"6460393376\" \ndata-ad-layout=\"in-article\"\ndata-ad-format=\"fluid\"><\/ins>\n<script> \n(adsbygoogle = window.adsbygoogle || []).push({}); \n<\/script>\n<\/div>\n\n\n\n\n\n<p class=\"wp-block-paragraph\">O voto aprovado por unanimidade pelo colegiado determina ainda que cada trabalhador poder\u00e1 realizar apenas uma opera\u00e7\u00e3o de cr\u00e9dito por ano, encerrando a possibilidade de m\u00faltiplas antecipa\u00e7\u00f5es dentro do mesmo per\u00edodo.<\/p>\n\n\n\n<p class=\"wp-block-paragraph\">Outra mudan\u00e7a \u00e9 o prazo m\u00ednimo de 90 dias entre a ades\u00e3o ao saque-anivers\u00e1rio e a contrata\u00e7\u00e3o do cr\u00e9dito. Segundo o Minist\u00e9rio do Trabalho, 26% das opera\u00e7\u00f5es s\u00e3o feitas no mesmo dia da ades\u00e3o \u2014 comportamento que o Governo pretende desestimular com a nova regra.<\/p>\n\n\n\n\n\n<p class=\"wp-block-paragraph\">De acordo com a pasta, 51% dos trabalhadores atualmente optam pelo saque-anivers\u00e1rio, o que representa cerca de 20 milh\u00f5es de pessoas. Desses, 90% t\u00eam renda de at\u00e9 quatro sal\u00e1rios m\u00ednimos.<\/p>\n\n\n\n<p class=\"wp-block-paragraph\"><em>Jornal O Vigilante Online com Tribuna de Minas<\/em><\/p>\n\n\n<div  class=\"wp-block-ultimate-post-heading ultp-block-38beda\"><div class=\"ultp-block-wrapper\"><div class=\"ultp-heading-wrap ultp-heading-style21 ultp-heading-left\"><h2 class=\"ultp-heading-inner\"><span>Leia tamb\u00e9m<\/span><\/h2><\/div><\/div><\/div>\n\n<div  class=\"ultp-post-grid-block wp-block-ultimate-post-post-list-4 ultp-block-31636e \"><div class=\"ultp-block-wrapper\" ><div class=\"ultp-loading\"><div class=\"ultp-loading-blocks\" style=\"width:100%;height:100%;\"><div style=\"left: 0;top: 0;animation-delay:0s;\"><\/div><div style=\"left: 21px;top: 0;animation-delay:0.125s;\"><\/div><div style=\"left: 42px;top: 0;animation-delay:0.25s;\"><\/div><div style=\"left: 0;top: 21px;animation-delay:0.875s;\"><\/div><div style=\"left: 42px;top: 21px;animation-delay:0.375s;\"><\/div><div style=\"left: 0;top: 42px;animation-delay:0.75s;\"><\/div><div style=\"left: 42px;top: 42px;animation-delay:0.625s;\"><\/div><div style=\"left: 21px;top: 42px;animation-delay:0.5s;\"><\/div><\/div><\/div><div class=\"ultp-block-items-wrap ultp-block-content-middle ultp-layout1\"><div class=\"ultp-block-item ultp-block-media post-id-456429\"><div class=\"ultp-block-content-wrap ultp-first-postlist-2\"><div class=\"ultp-block-image ultp-block-image-none\"><a href=\"https:\/\/www.ovigilanteonline.com.br\/site\/2026\/08\/31\/licenciamento-de-veiculos-comeca-a-ser-cobrado-a-partir-desta-terca-feira-em-minas\/\" ><img decoding=\"async\"  alt=\"Licenciamento de ve\u00edculos come\u00e7a a ser cobrado a partir desta ter\u00e7a-feira em Minas\"  src=\"https:\/\/www.ovigilanteonline.com.br\/site\/wp-content\/uploads\/2022\/04\/transito-leopoldina-o-vigilante-online-4.jpg\" \/><\/a><\/div><div class=\"ultp-block-content\"><h3 class=\"ultp-block-title \"><a href=\"https:\/\/www.ovigilanteonline.com.br\/site\/2026\/08\/31\/licenciamento-de-veiculos-comeca-a-ser-cobrado-a-partir-desta-terca-feira-em-minas\/\" >Licenciamento de ve\u00edculos come\u00e7a a ser cobrado a partir desta ter\u00e7a-feira em Minas<\/a><\/h3><\/div><\/div><\/div><div class=\"ultp-block-item ultp-block-media post-id-456419\"><div class=\"ultp-block-content-wrap ultp-all-postlist-2\"><div class=\"ultp-block-image ultp-block-image-none\"><a href=\"https:\/\/www.ovigilanteonline.com.br\/site\/2026\/08\/31\/motorista-sai-ileso-apos-carreta-tombar-na-br-116-proximo-a-serra-da-vileta-em-leopoldina\/\" ><img decoding=\"async\"  alt=\"Motorista sai ileso ap\u00f3s carreta tombar na BR-116 pr\u00f3ximo \u00e0 Serra da Vileta em Leopoldina\"  src=\"https:\/\/www.ovigilanteonline.com.br\/site\/wp-content\/uploads\/2026\/08\/55454554-600x600.jpeg\" \/><\/a><\/div><div class=\"ultp-block-content\"><h3 class=\"ultp-block-title \"><a href=\"https:\/\/www.ovigilanteonline.com.br\/site\/2026\/08\/31\/motorista-sai-ileso-apos-carreta-tombar-na-br-116-proximo-a-serra-da-vileta-em-leopoldina\/\" >Motorista sai ileso ap\u00f3s carreta tombar na BR-116 pr\u00f3ximo \u00e0 Serra da Vileta em Leopoldina<\/a><\/h3><\/div><\/div><\/div><div class=\"ultp-block-item ultp-block-media post-id-456411\"><div class=\"ultp-block-content-wrap ultp-all-postlist-2\"><div class=\"ultp-block-image ultp-block-image-none\"><a href=\"https:\/\/www.ovigilanteonline.com.br\/site\/2026\/08\/30\/homem-fica-ferido-durante-salto-de-voo-livre-no-morro-do-cruzeiro-em-leopoldina\/\" ><img decoding=\"async\"  alt=\"Homem fica ferido durante salto de voo livre no Morro do Cruzeiro em Leopoldina\"  src=\"https:\/\/www.ovigilanteonline.com.br\/site\/wp-content\/uploads\/2026\/08\/capa-paraglider-600x600.jpeg\" \/><\/a><\/div><div class=\"ultp-block-content\"><h3 class=\"ultp-block-title \"><a href=\"https:\/\/www.ovigilanteonline.com.br\/site\/2026\/08\/30\/homem-fica-ferido-durante-salto-de-voo-livre-no-morro-do-cruzeiro-em-leopoldina\/\" >Homem fica ferido durante salto de voo livre no Morro do Cruzeiro em Leopoldina<\/a><\/h3><\/div><\/div><\/div><\/div><\/div><div class=\"pagination-block-html\" aria-hidden=\"true\" style=\"display: none;\"><\/div><\/div>\n\n<div id=\"ovigi-3884114887\">\r\n<hr class=\"wp-block-separator has-alpha-channel-opacity is-style-wide\"\/>\r\n\r\n\r\n\r\n<figure class=\"wp-block-gallery has-nested-images columns-default is-cropped wp-block-gallery-1 is-layout-flex wp-block-gallery-is-layout-flex\">\r\n<figure class=\"wp-block-image size-full\"><a href=\"https:\/\/www.sudamerica.edu.br\/\" target=\"_blank\" rel=\"noreferrer noopener\"><img decoding=\"async\" src=\"https:\/\/www.ovigilanteonline.com.br\/site\/wp-content\/uploads\/2025\/09\/sudamerica-outubro.jpeg\" alt=\"\" class=\"wp-image-428831\"\/><\/a><\/figure>\r\n\r\n\r\n\r\n<figure class=\"wp-block-image size-large\"><a href=\"https:\/\/www.sicredi.com.br\/coop\/sicredi-botucarai\/\" target=\"_blank\" rel=\"noreferrer noopener\"><img decoding=\"async\" data-id=\"395070\" src=\"https:\/\/www.ovigilanteonline.com.br\/site\/wp-content\/uploads\/2021\/11\/sicredi-1-jpg.webp\" alt=\"\" class=\"wp-image-395070\"\/><\/a><\/figure>\r\n<\/figure>\r\n\r\n\r\n\r\n<hr class=\"wp-block-separator has-alpha-channel-opacity is-style-wide\"\/>\r\n<\/div>","protected":false},"excerpt":{"rendered":"<p>Conselho estabelece piso e teto para antecipa\u00e7\u00e3o dos valores, limita opera\u00e7\u00f5es e imp\u00f5e car\u00eancia ap\u00f3s ades\u00e3o. O Conselho Curador do Fundo de Garantia do Tempo de Servi\u00e7o (FGTS) aprovou nesta ter\u00e7a-feira (7) novas regras para as opera\u00e7\u00f5es de cr\u00e9dito vinculadas ao saque-anivers\u00e1rio. A partir de agora, a antecipa\u00e7\u00e3o dos valores passa a ter um piso [&hellip;]<\/p>\n","protected":false},"author":2,"featured_media":446083,"comment_status":"open","ping_status":"closed","sticky":false,"template":"","format":"standard","meta":{"footnotes":""},"categories":[1,26],"tags":[],"class_list":["post-446082","post","type-post","status-publish","format-standard","has-post-thumbnail","hentry","category-destaque","category-ultimas-noticias"],"yoast_head":"<!-- This site is optimized with the Yoast SEO plugin v28.3 - https:\/\/yoast.com\/product\/yoast-seo-wordpress\/ -->\n<title>Governo define mudan\u00e7as no saque-anivers\u00e1rio do FGTS; veja quais s\u00e3o as altera\u00e7\u00f5es<\/title>\n<meta name=\"robots\" content=\"index, follow, max-snippet:-1, max-image-preview:large, max-video-preview:-1\" \/>\n<link rel=\"canonical\" href=\"https:\/\/www.ovigilanteonline.com.br\/site\/2025\/10\/07\/governo-define-mudancas-no-saque-aniversario-do-fgts-veja-quais-sao-as-alteracoes\/\" \/>\n<meta property=\"og:locale\" content=\"pt_BR\" \/>\n<meta property=\"og:type\" content=\"article\" \/>\n<meta property=\"og:title\" content=\"Governo define mudan\u00e7as no saque-anivers\u00e1rio do FGTS; veja quais s\u00e3o as altera\u00e7\u00f5es\" \/>\n<meta property=\"og:description\" content=\"Conselho estabelece piso e teto para antecipa\u00e7\u00e3o dos valores, limita opera\u00e7\u00f5es e imp\u00f5e car\u00eancia ap\u00f3s ades\u00e3o. O Conselho Curador do Fundo de Garantia do Tempo de Servi\u00e7o (FGTS) aprovou nesta ter\u00e7a-feira (7) novas regras para as opera\u00e7\u00f5es de cr\u00e9dito vinculadas ao saque-anivers\u00e1rio. A partir de agora, a antecipa\u00e7\u00e3o dos valores passa a ter um piso [&hellip;]\" \/>\n<meta property=\"og:url\" content=\"https:\/\/www.ovigilanteonline.com.br\/site\/2025\/10\/07\/governo-define-mudancas-no-saque-aniversario-do-fgts-veja-quais-sao-as-alteracoes\/\" \/>\n<meta property=\"og:site_name\" content=\"O VIGILANTE ONLINE\" \/>\n<meta property=\"article:publisher\" content=\"https:\/\/www.facebook.com\/ovigilanteonline\" \/>\n<meta property=\"article:published_time\" content=\"2025-10-07T18:28:44+00:00\" \/>\n<meta property=\"article:modified_time\" content=\"2025-10-07T18:28:51+00:00\" \/>\n<meta property=\"og:image\" content=\"https:\/\/www.ovigilanteonline.com.br\/site\/wp-content\/uploads\/2025\/10\/fgts.jpg\" \/>\n\t<meta property=\"og:image:width\" content=\"900\" \/>\n\t<meta property=\"og:image:height\" content=\"471\" \/>\n\t<meta property=\"og:image:type\" content=\"image\/jpeg\" \/>\n<meta name=\"author\" content=\"Jornalismo\" \/>\n<meta name=\"twitter:card\" content=\"summary_large_image\" \/>\n<meta name=\"twitter:label1\" content=\"Escrito por\" \/>\n\t<meta name=\"twitter:data1\" content=\"Jornalismo\" \/>\n\t<meta name=\"twitter:label2\" content=\"Est. tempo de leitura\" \/>\n\t<meta name=\"twitter:data2\" content=\"2 minutos\" \/>\n<script type=\"application\/ld+json\" class=\"yoast-schema-graph\">{\"@context\":\"https:\\\/\\\/schema.org\",\"@graph\":[{\"@type\":\"Article\",\"@id\":\"https:\\\/\\\/www.ovigilanteonline.com.br\\\/site\\\/2025\\\/10\\\/07\\\/governo-define-mudancas-no-saque-aniversario-do-fgts-veja-quais-sao-as-alteracoes\\\/#article\",\"isPartOf\":{\"@id\":\"https:\\\/\\\/www.ovigilanteonline.com.br\\\/site\\\/2025\\\/10\\\/07\\\/governo-define-mudancas-no-saque-aniversario-do-fgts-veja-quais-sao-as-alteracoes\\\/\"},\"author\":{\"name\":\"Jornalismo\",\"@id\":\"https:\\\/\\\/www.ovigilanteonline.com.br\\\/site\\\/#\\\/schema\\\/person\\\/538fdfb33c0c411cd14a732e7cf14aa6\"},\"headline\":\"Governo define mudan\u00e7as no saque-anivers\u00e1rio do FGTS; veja quais s\u00e3o as altera\u00e7\u00f5es\",\"datePublished\":\"2025-10-07T18:28:44+00:00\",\"dateModified\":\"2025-10-07T18:28:51+00:00\",\"mainEntityOfPage\":{\"@id\":\"https:\\\/\\\/www.ovigilanteonline.com.br\\\/site\\\/2025\\\/10\\\/07\\\/governo-define-mudancas-no-saque-aniversario-do-fgts-veja-quais-sao-as-alteracoes\\\/\"},\"wordCount\":279,\"commentCount\":0,\"image\":{\"@id\":\"https:\\\/\\\/www.ovigilanteonline.com.br\\\/site\\\/2025\\\/10\\\/07\\\/governo-define-mudancas-no-saque-aniversario-do-fgts-veja-quais-sao-as-alteracoes\\\/#primaryimage\"},\"thumbnailUrl\":\"https:\\\/\\\/www.ovigilanteonline.com.br\\\/site\\\/wp-content\\\/uploads\\\/2025\\\/10\\\/fgts.jpg\",\"articleSection\":[\"Destaque\",\"\u00daltimas Not\u00edcias\"],\"inLanguage\":\"pt-BR\",\"potentialAction\":[{\"@type\":\"CommentAction\",\"name\":\"Comment\",\"target\":[\"https:\\\/\\\/www.ovigilanteonline.com.br\\\/site\\\/2025\\\/10\\\/07\\\/governo-define-mudancas-no-saque-aniversario-do-fgts-veja-quais-sao-as-alteracoes\\\/#respond\"]}]},{\"@type\":\"WebPage\",\"@id\":\"https:\\\/\\\/www.ovigilanteonline.com.br\\\/site\\\/2025\\\/10\\\/07\\\/governo-define-mudancas-no-saque-aniversario-do-fgts-veja-quais-sao-as-alteracoes\\\/\",\"url\":\"https:\\\/\\\/www.ovigilanteonline.com.br\\\/site\\\/2025\\\/10\\\/07\\\/governo-define-mudancas-no-saque-aniversario-do-fgts-veja-quais-sao-as-alteracoes\\\/\",\"name\":\"Governo define mudan\u00e7as no saque-anivers\u00e1rio do FGTS; veja quais s\u00e3o as altera\u00e7\u00f5es\",\"isPartOf\":{\"@id\":\"https:\\\/\\\/www.ovigilanteonline.com.br\\\/site\\\/#website\"},\"primaryImageOfPage\":{\"@id\":\"https:\\\/\\\/www.ovigilanteonline.com.br\\\/site\\\/2025\\\/10\\\/07\\\/governo-define-mudancas-no-saque-aniversario-do-fgts-veja-quais-sao-as-alteracoes\\\/#primaryimage\"},\"image\":{\"@id\":\"https:\\\/\\\/www.ovigilanteonline.com.br\\\/site\\\/2025\\\/10\\\/07\\\/governo-define-mudancas-no-saque-aniversario-do-fgts-veja-quais-sao-as-alteracoes\\\/#primaryimage\"},\"thumbnailUrl\":\"https:\\\/\\\/www.ovigilanteonline.com.br\\\/site\\\/wp-content\\\/uploads\\\/2025\\\/10\\\/fgts.jpg\",\"datePublished\":\"2025-10-07T18:28:44+00:00\",\"dateModified\":\"2025-10-07T18:28:51+00:00\",\"author\":{\"@id\":\"https:\\\/\\\/www.ovigilanteonline.com.br\\\/site\\\/#\\\/schema\\\/person\\\/538fdfb33c0c411cd14a732e7cf14aa6\"},\"breadcrumb\":{\"@id\":\"https:\\\/\\\/www.ovigilanteonline.com.br\\\/site\\\/2025\\\/10\\\/07\\\/governo-define-mudancas-no-saque-aniversario-do-fgts-veja-quais-sao-as-alteracoes\\\/#breadcrumb\"},\"inLanguage\":\"pt-BR\",\"potentialAction\":[{\"@type\":\"ReadAction\",\"target\":[\"https:\\\/\\\/www.ovigilanteonline.com.br\\\/site\\\/2025\\\/10\\\/07\\\/governo-define-mudancas-no-saque-aniversario-do-fgts-veja-quais-sao-as-alteracoes\\\/\"]}]},{\"@type\":\"ImageObject\",\"inLanguage\":\"pt-BR\",\"@id\":\"https:\\\/\\\/www.ovigilanteonline.com.br\\\/site\\\/2025\\\/10\\\/07\\\/governo-define-mudancas-no-saque-aniversario-do-fgts-veja-quais-sao-as-alteracoes\\\/#primaryimage\",\"url\":\"https:\\\/\\\/www.ovigilanteonline.com.br\\\/site\\\/wp-content\\\/uploads\\\/2025\\\/10\\\/fgts.jpg\",\"contentUrl\":\"https:\\\/\\\/www.ovigilanteonline.com.br\\\/site\\\/wp-content\\\/uploads\\\/2025\\\/10\\\/fgts.jpg\",\"width\":900,\"height\":471},{\"@type\":\"BreadcrumbList\",\"@id\":\"https:\\\/\\\/www.ovigilanteonline.com.br\\\/site\\\/2025\\\/10\\\/07\\\/governo-define-mudancas-no-saque-aniversario-do-fgts-veja-quais-sao-as-alteracoes\\\/#breadcrumb\",\"itemListElement\":[{\"@type\":\"ListItem\",\"position\":1,\"name\":\"In\u00edcio\",\"item\":\"https:\\\/\\\/www.ovigilanteonline.com.br\\\/site\\\/\"},{\"@type\":\"ListItem\",\"position\":2,\"name\":\"Governo define mudan\u00e7as no saque-anivers\u00e1rio do FGTS; veja quais s\u00e3o as altera\u00e7\u00f5es\"}]},{\"@type\":\"WebSite\",\"@id\":\"https:\\\/\\\/www.ovigilanteonline.com.br\\\/site\\\/#website\",\"url\":\"https:\\\/\\\/www.ovigilanteonline.com.br\\\/site\\\/\",\"name\":\"O VIGILANTE ONLINE - Not\u00edcias de Leopoldina e regi\u00e3o\",\"description\":\"\",\"potentialAction\":[{\"@type\":\"SearchAction\",\"target\":{\"@type\":\"EntryPoint\",\"urlTemplate\":\"https:\\\/\\\/www.ovigilanteonline.com.br\\\/site\\\/?s={search_term_string}\"},\"query-input\":{\"@type\":\"PropertyValueSpecification\",\"valueRequired\":true,\"valueName\":\"search_term_string\"}}],\"inLanguage\":\"pt-BR\"},{\"@type\":\"Person\",\"@id\":\"https:\\\/\\\/www.ovigilanteonline.com.br\\\/site\\\/#\\\/schema\\\/person\\\/538fdfb33c0c411cd14a732e7cf14aa6\",\"name\":\"Jornalismo\"}]}<\/script>\n<!-- \/ Yoast SEO plugin. -->","yoast_head_json":{"title":"Governo define mudan\u00e7as no saque-anivers\u00e1rio do FGTS; veja quais s\u00e3o as altera\u00e7\u00f5es","robots":{"index":"index","follow":"follow","max-snippet":"max-snippet:-1","max-image-preview":"max-image-preview:large","max-video-preview":"max-video-preview:-1"},"canonical":"https:\/\/www.ovigilanteonline.com.br\/site\/2025\/10\/07\/governo-define-mudancas-no-saque-aniversario-do-fgts-veja-quais-sao-as-alteracoes\/","og_locale":"pt_BR","og_type":"article","og_title":"Governo define mudan\u00e7as no saque-anivers\u00e1rio do FGTS; veja quais s\u00e3o as altera\u00e7\u00f5es","og_description":"Conselho estabelece piso e teto para antecipa\u00e7\u00e3o dos valores, limita opera\u00e7\u00f5es e imp\u00f5e car\u00eancia ap\u00f3s ades\u00e3o. O Conselho Curador do Fundo de Garantia do Tempo de Servi\u00e7o (FGTS) aprovou nesta ter\u00e7a-feira (7) novas regras para as opera\u00e7\u00f5es de cr\u00e9dito vinculadas ao saque-anivers\u00e1rio. A partir de agora, a antecipa\u00e7\u00e3o dos valores passa a ter um piso [&hellip;]","og_url":"https:\/\/www.ovigilanteonline.com.br\/site\/2025\/10\/07\/governo-define-mudancas-no-saque-aniversario-do-fgts-veja-quais-sao-as-alteracoes\/","og_site_name":"O VIGILANTE ONLINE","article_publisher":"https:\/\/www.facebook.com\/ovigilanteonline","article_published_time":"2025-10-07T18:28:44+00:00","article_modified_time":"2025-10-07T18:28:51+00:00","og_image":[{"width":900,"height":471,"url":"https:\/\/www.ovigilanteonline.com.br\/site\/wp-content\/uploads\/2025\/10\/fgts.jpg","type":"image\/jpeg"}],"author":"Jornalismo","twitter_card":"summary_large_image","twitter_misc":{"Escrito por":"Jornalismo","Est. tempo de leitura":"2 minutos"},"schema":{"@context":"https:\/\/schema.org","@graph":[{"@type":"Article","@id":"https:\/\/www.ovigilanteonline.com.br\/site\/2025\/10\/07\/governo-define-mudancas-no-saque-aniversario-do-fgts-veja-quais-sao-as-alteracoes\/#article","isPartOf":{"@id":"https:\/\/www.ovigilanteonline.com.br\/site\/2025\/10\/07\/governo-define-mudancas-no-saque-aniversario-do-fgts-veja-quais-sao-as-alteracoes\/"},"author":{"name":"Jornalismo","@id":"https:\/\/www.ovigilanteonline.com.br\/site\/#\/schema\/person\/538fdfb33c0c411cd14a732e7cf14aa6"},"headline":"Governo define mudan\u00e7as no saque-anivers\u00e1rio do FGTS; veja quais s\u00e3o as altera\u00e7\u00f5es","datePublished":"2025-10-07T18:28:44+00:00","dateModified":"2025-10-07T18:28:51+00:00","mainEntityOfPage":{"@id":"https:\/\/www.ovigilanteonline.com.br\/site\/2025\/10\/07\/governo-define-mudancas-no-saque-aniversario-do-fgts-veja-quais-sao-as-alteracoes\/"},"wordCount":279,"commentCount":0,"image":{"@id":"https:\/\/www.ovigilanteonline.com.br\/site\/2025\/10\/07\/governo-define-mudancas-no-saque-aniversario-do-fgts-veja-quais-sao-as-alteracoes\/#primaryimage"},"thumbnailUrl":"https:\/\/www.ovigilanteonline.com.br\/site\/wp-content\/uploads\/2025\/10\/fgts.jpg","articleSection":["Destaque","\u00daltimas Not\u00edcias"],"inLanguage":"pt-BR","potentialAction":[{"@type":"CommentAction","name":"Comment","target":["https:\/\/www.ovigilanteonline.com.br\/site\/2025\/10\/07\/governo-define-mudancas-no-saque-aniversario-do-fgts-veja-quais-sao-as-alteracoes\/#respond"]}]},{"@type":"WebPage","@id":"https:\/\/www.ovigilanteonline.com.br\/site\/2025\/10\/07\/governo-define-mudancas-no-saque-aniversario-do-fgts-veja-quais-sao-as-alteracoes\/","url":"https:\/\/www.ovigilanteonline.com.br\/site\/2025\/10\/07\/governo-define-mudancas-no-saque-aniversario-do-fgts-veja-quais-sao-as-alteracoes\/","name":"Governo define mudan\u00e7as no saque-anivers\u00e1rio do FGTS; veja quais s\u00e3o as altera\u00e7\u00f5es","isPartOf":{"@id":"https:\/\/www.ovigilanteonline.com.br\/site\/#website"},"primaryImageOfPage":{"@id":"https:\/\/www.ovigilanteonline.com.br\/site\/2025\/10\/07\/governo-define-mudancas-no-saque-aniversario-do-fgts-veja-quais-sao-as-alteracoes\/#primaryimage"},"image":{"@id":"https:\/\/www.ovigilanteonline.com.br\/site\/2025\/10\/07\/governo-define-mudancas-no-saque-aniversario-do-fgts-veja-quais-sao-as-alteracoes\/#primaryimage"},"thumbnailUrl":"https:\/\/www.ovigilanteonline.com.br\/site\/wp-content\/uploads\/2025\/10\/fgts.jpg","datePublished":"2025-10-07T18:28:44+00:00","dateModified":"2025-10-07T18:28:51+00:00","author":{"@id":"https:\/\/www.ovigilanteonline.com.br\/site\/#\/schema\/person\/538fdfb33c0c411cd14a732e7cf14aa6"},"breadcrumb":{"@id":"https:\/\/www.ovigilanteonline.com.br\/site\/2025\/10\/07\/governo-define-mudancas-no-saque-aniversario-do-fgts-veja-quais-sao-as-alteracoes\/#breadcrumb"},"inLanguage":"pt-BR","potentialAction":[{"@type":"ReadAction","target":["https:\/\/www.ovigilanteonline.com.br\/site\/2025\/10\/07\/governo-define-mudancas-no-saque-aniversario-do-fgts-veja-quais-sao-as-alteracoes\/"]}]},{"@type":"ImageObject","inLanguage":"pt-BR","@id":"https:\/\/www.ovigilanteonline.com.br\/site\/2025\/10\/07\/governo-define-mudancas-no-saque-aniversario-do-fgts-veja-quais-sao-as-alteracoes\/#primaryimage","url":"https:\/\/www.ovigilanteonline.com.br\/site\/wp-content\/uploads\/2025\/10\/fgts.jpg","contentUrl":"https:\/\/www.ovigilanteonline.com.br\/site\/wp-content\/uploads\/2025\/10\/fgts.jpg","width":900,"height":471},{"@type":"BreadcrumbList","@id":"https:\/\/www.ovigilanteonline.com.br\/site\/2025\/10\/07\/governo-define-mudancas-no-saque-aniversario-do-fgts-veja-quais-sao-as-alteracoes\/#breadcrumb","itemListElement":[{"@type":"ListItem","position":1,"name":"In\u00edcio","item":"https:\/\/www.ovigilanteonline.com.br\/site\/"},{"@type":"ListItem","position":2,"name":"Governo define mudan\u00e7as no saque-anivers\u00e1rio do FGTS; veja quais s\u00e3o as altera\u00e7\u00f5es"}]},{"@type":"WebSite","@id":"https:\/\/www.ovigilanteonline.com.br\/site\/#website","url":"https:\/\/www.ovigilanteonline.com.br\/site\/","name":"O VIGILANTE ONLINE - Not\u00edcias de Leopoldina e regi\u00e3o","description":"","potentialAction":[{"@type":"SearchAction","target":{"@type":"EntryPoint","urlTemplate":"https:\/\/www.ovigilanteonline.com.br\/site\/?s={search_term_string}"},"query-input":{"@type":"PropertyValueSpecification","valueRequired":true,"valueName":"search_term_string"}}],"inLanguage":"pt-BR"},{"@type":"Person","@id":"https:\/\/www.ovigilanteonline.com.br\/site\/#\/schema\/person\/538fdfb33c0c411cd14a732e7cf14aa6","name":"Jornalismo"}]}},"cc_featured_image_caption":{"caption_text":"","source_text":"","source_url":""},"_links":{"self":[{"href":"https:\/\/www.ovigilanteonline.com.br\/site\/wp-json\/wp\/v2\/posts\/446082","targetHints":{"allow":["GET"]}}],"collection":[{"href":"https:\/\/www.ovigilanteonline.com.br\/site\/wp-json\/wp\/v2\/posts"}],"about":[{"href":"https:\/\/www.ovigilanteonline.com.br\/site\/wp-json\/wp\/v2\/types\/post"}],"author":[{"embeddable":true,"href":"https:\/\/www.ovigilanteonline.com.br\/site\/wp-json\/wp\/v2\/users\/2"}],"replies":[{"embeddable":true,"href":"https:\/\/www.ovigilanteonline.com.br\/site\/wp-json\/wp\/v2\/comments?post=446082"}],"version-history":[{"count":0,"href":"https:\/\/www.ovigilanteonline.com.br\/site\/wp-json\/wp\/v2\/posts\/446082\/revisions"}],"wp:featuredmedia":[{"embeddable":true,"href":"https:\/\/www.ovigilanteonline.com.br\/site\/wp-json\/wp\/v2\/media\/446083"}],"wp:attachment":[{"href":"https:\/\/www.ovigilanteonline.com.br\/site\/wp-json\/wp\/v2\/media?parent=446082"}],"wp:term":[{"taxonomy":"category","embeddable":true,"href":"https:\/\/www.ovigilanteonline.com.br\/site\/wp-json\/wp\/v2\/categories?post=446082"},{"taxonomy":"post_tag","embeddable":true,"href":"https:\/\/www.ovigilanteonline.com.br\/site\/wp-json\/wp\/v2\/tags?post=446082"}],"curies":[{"name":"wp","href":"https:\/\/api.w.org\/{rel}","templated":true}]}}