{"id":442763,"date":"2025-06-10T14:13:16","date_gmt":"2025-06-10T17:13:16","guid":{"rendered":"https:\/\/www.ovigilanteonline.com.br\/site\/?p=442763"},"modified":"2025-06-11T16:03:09","modified_gmt":"2025-06-11T19:03:09","slug":"motoqueiro-e-detido-ao-tentar-fugir-de-abordagem-da-gcm-no-centro-de-leopoldina","status":"publish","type":"post","link":"https:\/\/www.ovigilanteonline.com.br\/site\/2025\/06\/10\/motoqueiro-e-detido-ao-tentar-fugir-de-abordagem-da-gcm-no-centro-de-leopoldina\/","title":{"rendered":"Motoqueiro \u00e9 detido ao tentar fugir de abordagem da GCM no Centro de Leopoldina"},"content":{"rendered":"<div id=\"ovigi-2053915183\" class=\"ovigi-inicio-post-interno ovigi-entity-placement\" style=\"margin-left: auto;margin-right: auto;text-align: center;\"><a href=\"https:\/\/onelink.to\/tfjfd3?utm_source=ig&#038;utm_medium=social&#038;utm_content=link_in_bio&#038;fbclid=PAcGRvZgJleHRuA2FlbQIxMQBzcnRjBmFwcF9pZA85MzY2MTk3NDMzOTI0NTkAAacgW20vIuhakYBCxZduUBbwssdSFoAQ7exuq7BFVvR-PR9sdpzVWlAvY7yZog_aem__Bn7V7eJEMspatV_tVfmIA\" target=\"_blank\" aria-label=\"ARTE GIF\"><img decoding=\"async\" src=\"https:\/\/www.ovigilanteonline.com.br\/site\/wp-content\/uploads\/2026\/05\/ARTE-GIF.gif\" alt=\"\"    \/><\/a><\/div>\n<h3 class=\"wp-block-heading\"><strong><em>Motocicleta estava sem placa e sem retrovisor. Durante a fuga ele chegou a esbarrar em uma pessoa, mas foi alcan\u00e7ado pelos agentes.<\/em><\/strong><\/h3>\n\n\n\n<figure class=\"wp-block-image size-large\"><img loading=\"lazy\" decoding=\"async\" width=\"1024\" height=\"682\" src=\"https:\/\/www.ovigilanteonline.com.br\/site\/wp-content\/uploads\/2025\/06\/WhatsApp-Image-2025-06-10-at-14.44.00-1024x682.jpeg\" alt=\"\" class=\"wp-image-442766\" srcset=\"https:\/\/www.ovigilanteonline.com.br\/site\/wp-content\/uploads\/2025\/06\/WhatsApp-Image-2025-06-10-at-14.44.00-1024x682.jpeg 1024w, https:\/\/www.ovigilanteonline.com.br\/site\/wp-content\/uploads\/2025\/06\/WhatsApp-Image-2025-06-10-at-14.44.00-300x200.jpeg 300w, https:\/\/www.ovigilanteonline.com.br\/site\/wp-content\/uploads\/2025\/06\/WhatsApp-Image-2025-06-10-at-14.44.00-768x512.jpeg 768w, https:\/\/www.ovigilanteonline.com.br\/site\/wp-content\/uploads\/2025\/06\/WhatsApp-Image-2025-06-10-at-14.44.00-600x400.jpeg 600w, https:\/\/www.ovigilanteonline.com.br\/site\/wp-content\/uploads\/2025\/06\/WhatsApp-Image-2025-06-10-at-14.44.00.jpeg 1088w\" sizes=\"auto, (max-width: 1024px) 100vw, 1024px\" \/><\/figure>\n\n\n\n<p class=\"wp-block-paragraph\">Um condutor de 18 anos foi detido depois de tentar fugir de uma abordagem da Guarda Civil Municipal (GCM) na Rua Sete de Setembro, Centro de Leopoldina, na tarde desta ter\u00e7a-feira, 10 de junho.<\/p>\n\n\n\n<p class=\"wp-block-paragraph\">De acordo com a GCM, os agentes La\u00eds e C\u00e2ndido avistaram o indiv\u00edduo em uma moto sem placa e sem retrovisor trafegando pela via, ocasi\u00e3o em que deram a ordem de parada.<\/p><div id=\"ovigi-3026336022\" class=\"ovigi-conteudo_2-3 ovigi-entity-placement\"><script async src=\"\/\/pagead2.googlesyndication.com\/pagead\/js\/adsbygoogle.js?client=ca-pub-4068173061741521\" crossorigin=\"anonymous\"><\/script><ins class=\"adsbygoogle\" style=\"display:block; text-align:center;\" data-ad-client=\"ca-pub-4068173061741521\" \ndata-ad-slot=\"6460393376\" \ndata-ad-layout=\"in-article\"\ndata-ad-format=\"fluid\"><\/ins>\n<script> \n(adsbygoogle = window.adsbygoogle || []).push({}); \n<\/script>\n<\/div><div id=\"ovigi-2497119419\" class=\"ovigi-conteudo_2-2 ovigi-entity-placement\"><script async src=\"\/\/pagead2.googlesyndication.com\/pagead\/js\/adsbygoogle.js?client=ca-pub-4068173061741521\" crossorigin=\"anonymous\"><\/script><ins class=\"adsbygoogle\" style=\"display:block; text-align:center;\" data-ad-client=\"ca-pub-4068173061741521\" \ndata-ad-slot=\"6460393376\" \ndata-ad-layout=\"in-article\"\ndata-ad-format=\"fluid\"><\/ins>\n<script> \n(adsbygoogle = window.adsbygoogle || []).push({}); \n<\/script>\n<\/div><div id=\"ovigi-3290903780\" class=\"ovigi-conteudo_2 ovigi-entity-placement\"><script async src=\"\/\/pagead2.googlesyndication.com\/pagead\/js\/adsbygoogle.js?client=ca-pub-4068173061741521\" crossorigin=\"anonymous\"><\/script><ins class=\"adsbygoogle\" style=\"display:block; text-align:center;\" data-ad-client=\"ca-pub-4068173061741521\" \ndata-ad-slot=\"6460393376\" \ndata-ad-layout=\"in-article\"\ndata-ad-format=\"fluid\"><\/ins>\n<script> \n(adsbygoogle = window.adsbygoogle || []).push({}); \n<\/script>\n<\/div><div id=\"ovigi-317718596\" class=\"ovigi-conteudo_2-4 ovigi-entity-placement\"><script async src=\"\/\/pagead2.googlesyndication.com\/pagead\/js\/adsbygoogle.js?client=ca-pub-4068173061741521\" crossorigin=\"anonymous\"><\/script><ins class=\"adsbygoogle\" style=\"display:block; text-align:center;\" data-ad-client=\"ca-pub-4068173061741521\" \ndata-ad-slot=\"6460393376\" \ndata-ad-layout=\"in-article\"\ndata-ad-format=\"fluid\"><\/ins>\n<script> \n(adsbygoogle = window.adsbygoogle || []).push({}); \n<\/script>\n<\/div>\n\n\n\n\n\n<p class=\"wp-block-paragraph\">Segundo informou a agente La\u00eds ao jornal O Vigilante Online, a equipe iria orientar o condutor sobre a situa\u00e7\u00e3o irregular do ve\u00edculo, por\u00e9m, ele empreendeu fuga colocando em risco pedestres e demais ve\u00edculos.<\/p>\n\n\n\n<p class=\"wp-block-paragraph\">Durante o acompanhamento t\u00e1tico, o motoqueiro entrou em uma \u00e1rea fechada devido a uma obra da prefeitura na Rua Jos\u00e9 Lintz, momento em que esbarrou em um dos servidores e acabou tendo a moto agarrada em um buraco da obra.<\/p>\n\n\n<div id=\"ovigi-3459096247\">\r\n<p class=\"has-text-align-center has-small-font-size wp-block-paragraph\">continua depois da publicidade<\/p>\r\n\r\n\r\n\r\n<hr class=\"wp-block-separator has-alpha-channel-opacity is-style-wide\"\/>\r\n\r\n\r\n\r\n<div class=\"wp-block-columns is-layout-flex wp-container-core-columns-is-layout-8f761849 wp-block-columns-is-layout-flex\">\r\n<div class=\"wp-block-column is-layout-flow wp-block-column-is-layout-flow\">\r\n<figure class=\"wp-block-image size-full is-resized\"><a href=\"https:\/\/www.instagram.com\/unimedleopoldina241\/\" target=\"_blank\" rel=\" noreferrer noopener\"><img decoding=\"async\" src=\"https:\/\/www.ovigilanteonline.com.br\/site\/wp-content\/uploads\/2026\/08\/unimed-materias.jpg\" alt=\"\" class=\"wp-image-455236\"\/><\/a><\/figure>\r\n<\/div>\r\n\r\n\r\n\r\n<div class=\"wp-block-column is-layout-flow wp-block-column-is-layout-flow\">\r\n<figure class=\"wp-block-image size-full\"><a href=\"https:\/\/vest.sudamerica.edu.br\/vest-2026-2\" target=\"_blank\" rel=\" noreferrer noopener\"><img decoding=\"async\" src=\"https:\/\/www.ovigilanteonline.com.br\/site\/wp-content\/uploads\/2026\/08\/sudamerica-materias.jpg\" alt=\"\" class=\"wp-image-453120\"\/><\/a><\/figure>\r\n<\/div>\r\n<\/div>\r\n\r\n\r\n\r\n<hr class=\"wp-block-separator has-alpha-channel-opacity is-style-wide\"\/>\r\n<\/div>\n\n\n<p class=\"wp-block-paragraph\">Al\u00e9m disso, foi constatado que o condutor n\u00e3o possu\u00eda CNH. Ele foi detido e conduzido para a Delegacia de Pol\u00edcia Civil de Leopoldina para as demais provid\u00eancias. A moto foi apreendida e encaminhada ao p\u00e1tio credenciado junto ao Detran\/MG.<\/p>\n\n\n\n<p class=\"wp-block-paragraph\"><em>Jornal O Vigilante Online<\/em><\/p>\n\n\n<div  class=\"wp-block-ultimate-post-heading ultp-block-34537e\"><div class=\"ultp-block-wrapper\"><div class=\"ultp-heading-wrap ultp-heading-style21 ultp-heading-left\"><h2 class=\"ultp-heading-inner\"><span>Recentes mais lidas<\/span><\/h2><\/div><\/div><\/div>\n\n<div class=\"ultp-not-found-message\" role=\"alert\">No Post Found<\/div>","protected":false},"excerpt":{"rendered":"<p>Motocicleta estava sem placa e sem retrovisor. Durante a fuga ele chegou a esbarrar em uma pessoa, mas foi alcan\u00e7ado pelos agentes. Um condutor de 18 anos foi detido depois de tentar fugir de uma abordagem da Guarda Civil Municipal (GCM) na Rua Sete de Setembro, Centro de Leopoldina, na tarde desta ter\u00e7a-feira, 10 de [&hellip;]<\/p>\n","protected":false},"author":2,"featured_media":442764,"comment_status":"open","ping_status":"closed","sticky":false,"template":"","format":"standard","meta":{"footnotes":""},"categories":[1,11,24,26],"tags":[],"class_list":["post-442763","post","type-post","status-publish","format-standard","has-post-thumbnail","hentry","category-destaque","category-leopoldina","category-mais-lidas","category-ultimas-noticias"],"yoast_head":"<!-- This site is optimized with the Yoast SEO plugin v28.3 - https:\/\/yoast.com\/product\/yoast-seo-wordpress\/ -->\n<title>Motoqueiro \u00e9 detido ao tentar fugir de abordagem da GCM no Centro de Leopoldina<\/title>\n<meta name=\"robots\" content=\"index, follow, max-snippet:-1, max-image-preview:large, max-video-preview:-1\" \/>\n<link rel=\"canonical\" href=\"https:\/\/www.ovigilanteonline.com.br\/site\/2025\/06\/10\/motoqueiro-e-detido-ao-tentar-fugir-de-abordagem-da-gcm-no-centro-de-leopoldina\/\" \/>\n<meta property=\"og:locale\" content=\"pt_BR\" \/>\n<meta property=\"og:type\" content=\"article\" \/>\n<meta property=\"og:title\" content=\"Motoqueiro \u00e9 detido ao tentar fugir de abordagem da GCM no Centro de Leopoldina\" \/>\n<meta property=\"og:description\" content=\"Motocicleta estava sem placa e sem retrovisor. Durante a fuga ele chegou a esbarrar em uma pessoa, mas foi alcan\u00e7ado pelos agentes. Um condutor de 18 anos foi detido depois de tentar fugir de uma abordagem da Guarda Civil Municipal (GCM) na Rua Sete de Setembro, Centro de Leopoldina, na tarde desta ter\u00e7a-feira, 10 de [&hellip;]\" \/>\n<meta property=\"og:url\" content=\"https:\/\/www.ovigilanteonline.com.br\/site\/2025\/06\/10\/motoqueiro-e-detido-ao-tentar-fugir-de-abordagem-da-gcm-no-centro-de-leopoldina\/\" \/>\n<meta property=\"og:site_name\" content=\"O VIGILANTE ONLINE\" \/>\n<meta property=\"article:publisher\" content=\"https:\/\/www.facebook.com\/ovigilanteonline\" \/>\n<meta property=\"article:published_time\" content=\"2025-06-10T17:13:16+00:00\" \/>\n<meta property=\"article:modified_time\" content=\"2025-06-11T19:03:09+00:00\" \/>\n<meta property=\"og:image\" content=\"https:\/\/www.ovigilanteonline.com.br\/site\/wp-content\/uploads\/2025\/06\/WhatsApp-Image-2025-06-10-at-12.42.52.jpeg\" \/>\n\t<meta property=\"og:image:width\" content=\"900\" \/>\n\t<meta property=\"og:image:height\" content=\"600\" \/>\n\t<meta property=\"og:image:type\" content=\"image\/jpeg\" \/>\n<meta name=\"author\" content=\"Jornalismo\" \/>\n<meta name=\"twitter:card\" content=\"summary_large_image\" \/>\n<meta name=\"twitter:label1\" content=\"Escrito por\" \/>\n\t<meta name=\"twitter:data1\" content=\"Jornalismo\" \/>\n\t<meta name=\"twitter:label2\" content=\"Est. tempo de leitura\" \/>\n\t<meta name=\"twitter:data2\" content=\"2 minutos\" \/>\n<script type=\"application\/ld+json\" class=\"yoast-schema-graph\">{\"@context\":\"https:\\\/\\\/schema.org\",\"@graph\":[{\"@type\":\"Article\",\"@id\":\"https:\\\/\\\/www.ovigilanteonline.com.br\\\/site\\\/2025\\\/06\\\/10\\\/motoqueiro-e-detido-ao-tentar-fugir-de-abordagem-da-gcm-no-centro-de-leopoldina\\\/#article\",\"isPartOf\":{\"@id\":\"https:\\\/\\\/www.ovigilanteonline.com.br\\\/site\\\/2025\\\/06\\\/10\\\/motoqueiro-e-detido-ao-tentar-fugir-de-abordagem-da-gcm-no-centro-de-leopoldina\\\/\"},\"author\":{\"name\":\"Jornalismo\",\"@id\":\"https:\\\/\\\/www.ovigilanteonline.com.br\\\/site\\\/#\\\/schema\\\/person\\\/538fdfb33c0c411cd14a732e7cf14aa6\"},\"headline\":\"Motoqueiro \u00e9 detido ao tentar fugir de abordagem da GCM no Centro de Leopoldina\",\"datePublished\":\"2025-06-10T17:13:16+00:00\",\"dateModified\":\"2025-06-11T19:03:09+00:00\",\"mainEntityOfPage\":{\"@id\":\"https:\\\/\\\/www.ovigilanteonline.com.br\\\/site\\\/2025\\\/06\\\/10\\\/motoqueiro-e-detido-ao-tentar-fugir-de-abordagem-da-gcm-no-centro-de-leopoldina\\\/\"},\"wordCount\":234,\"commentCount\":0,\"image\":{\"@id\":\"https:\\\/\\\/www.ovigilanteonline.com.br\\\/site\\\/2025\\\/06\\\/10\\\/motoqueiro-e-detido-ao-tentar-fugir-de-abordagem-da-gcm-no-centro-de-leopoldina\\\/#primaryimage\"},\"thumbnailUrl\":\"https:\\\/\\\/www.ovigilanteonline.com.br\\\/site\\\/wp-content\\\/uploads\\\/2025\\\/06\\\/WhatsApp-Image-2025-06-10-at-12.42.52.jpeg\",\"articleSection\":[\"Destaque\",\"Leopoldina\",\"Mais Lidas\",\"\u00daltimas Not\u00edcias\"],\"inLanguage\":\"pt-BR\",\"potentialAction\":[{\"@type\":\"CommentAction\",\"name\":\"Comment\",\"target\":[\"https:\\\/\\\/www.ovigilanteonline.com.br\\\/site\\\/2025\\\/06\\\/10\\\/motoqueiro-e-detido-ao-tentar-fugir-de-abordagem-da-gcm-no-centro-de-leopoldina\\\/#respond\"]}]},{\"@type\":\"WebPage\",\"@id\":\"https:\\\/\\\/www.ovigilanteonline.com.br\\\/site\\\/2025\\\/06\\\/10\\\/motoqueiro-e-detido-ao-tentar-fugir-de-abordagem-da-gcm-no-centro-de-leopoldina\\\/\",\"url\":\"https:\\\/\\\/www.ovigilanteonline.com.br\\\/site\\\/2025\\\/06\\\/10\\\/motoqueiro-e-detido-ao-tentar-fugir-de-abordagem-da-gcm-no-centro-de-leopoldina\\\/\",\"name\":\"Motoqueiro \u00e9 detido ao tentar fugir de abordagem da GCM no Centro de Leopoldina\",\"isPartOf\":{\"@id\":\"https:\\\/\\\/www.ovigilanteonline.com.br\\\/site\\\/#website\"},\"primaryImageOfPage\":{\"@id\":\"https:\\\/\\\/www.ovigilanteonline.com.br\\\/site\\\/2025\\\/06\\\/10\\\/motoqueiro-e-detido-ao-tentar-fugir-de-abordagem-da-gcm-no-centro-de-leopoldina\\\/#primaryimage\"},\"image\":{\"@id\":\"https:\\\/\\\/www.ovigilanteonline.com.br\\\/site\\\/2025\\\/06\\\/10\\\/motoqueiro-e-detido-ao-tentar-fugir-de-abordagem-da-gcm-no-centro-de-leopoldina\\\/#primaryimage\"},\"thumbnailUrl\":\"https:\\\/\\\/www.ovigilanteonline.com.br\\\/site\\\/wp-content\\\/uploads\\\/2025\\\/06\\\/WhatsApp-Image-2025-06-10-at-12.42.52.jpeg\",\"datePublished\":\"2025-06-10T17:13:16+00:00\",\"dateModified\":\"2025-06-11T19:03:09+00:00\",\"author\":{\"@id\":\"https:\\\/\\\/www.ovigilanteonline.com.br\\\/site\\\/#\\\/schema\\\/person\\\/538fdfb33c0c411cd14a732e7cf14aa6\"},\"breadcrumb\":{\"@id\":\"https:\\\/\\\/www.ovigilanteonline.com.br\\\/site\\\/2025\\\/06\\\/10\\\/motoqueiro-e-detido-ao-tentar-fugir-de-abordagem-da-gcm-no-centro-de-leopoldina\\\/#breadcrumb\"},\"inLanguage\":\"pt-BR\",\"potentialAction\":[{\"@type\":\"ReadAction\",\"target\":[\"https:\\\/\\\/www.ovigilanteonline.com.br\\\/site\\\/2025\\\/06\\\/10\\\/motoqueiro-e-detido-ao-tentar-fugir-de-abordagem-da-gcm-no-centro-de-leopoldina\\\/\"]}]},{\"@type\":\"ImageObject\",\"inLanguage\":\"pt-BR\",\"@id\":\"https:\\\/\\\/www.ovigilanteonline.com.br\\\/site\\\/2025\\\/06\\\/10\\\/motoqueiro-e-detido-ao-tentar-fugir-de-abordagem-da-gcm-no-centro-de-leopoldina\\\/#primaryimage\",\"url\":\"https:\\\/\\\/www.ovigilanteonline.com.br\\\/site\\\/wp-content\\\/uploads\\\/2025\\\/06\\\/WhatsApp-Image-2025-06-10-at-12.42.52.jpeg\",\"contentUrl\":\"https:\\\/\\\/www.ovigilanteonline.com.br\\\/site\\\/wp-content\\\/uploads\\\/2025\\\/06\\\/WhatsApp-Image-2025-06-10-at-12.42.52.jpeg\",\"width\":900,\"height\":600},{\"@type\":\"BreadcrumbList\",\"@id\":\"https:\\\/\\\/www.ovigilanteonline.com.br\\\/site\\\/2025\\\/06\\\/10\\\/motoqueiro-e-detido-ao-tentar-fugir-de-abordagem-da-gcm-no-centro-de-leopoldina\\\/#breadcrumb\",\"itemListElement\":[{\"@type\":\"ListItem\",\"position\":1,\"name\":\"In\u00edcio\",\"item\":\"https:\\\/\\\/www.ovigilanteonline.com.br\\\/site\\\/\"},{\"@type\":\"ListItem\",\"position\":2,\"name\":\"Motoqueiro \u00e9 detido ao tentar fugir de abordagem da GCM no Centro de Leopoldina\"}]},{\"@type\":\"WebSite\",\"@id\":\"https:\\\/\\\/www.ovigilanteonline.com.br\\\/site\\\/#website\",\"url\":\"https:\\\/\\\/www.ovigilanteonline.com.br\\\/site\\\/\",\"name\":\"O VIGILANTE ONLINE - Not\u00edcias de Leopoldina e regi\u00e3o\",\"description\":\"\",\"potentialAction\":[{\"@type\":\"SearchAction\",\"target\":{\"@type\":\"EntryPoint\",\"urlTemplate\":\"https:\\\/\\\/www.ovigilanteonline.com.br\\\/site\\\/?s={search_term_string}\"},\"query-input\":{\"@type\":\"PropertyValueSpecification\",\"valueRequired\":true,\"valueName\":\"search_term_string\"}}],\"inLanguage\":\"pt-BR\"},{\"@type\":\"Person\",\"@id\":\"https:\\\/\\\/www.ovigilanteonline.com.br\\\/site\\\/#\\\/schema\\\/person\\\/538fdfb33c0c411cd14a732e7cf14aa6\",\"name\":\"Jornalismo\"}]}<\/script>\n<!-- \/ Yoast SEO plugin. -->","yoast_head_json":{"title":"Motoqueiro \u00e9 detido ao tentar fugir de abordagem da GCM no Centro de Leopoldina","robots":{"index":"index","follow":"follow","max-snippet":"max-snippet:-1","max-image-preview":"max-image-preview:large","max-video-preview":"max-video-preview:-1"},"canonical":"https:\/\/www.ovigilanteonline.com.br\/site\/2025\/06\/10\/motoqueiro-e-detido-ao-tentar-fugir-de-abordagem-da-gcm-no-centro-de-leopoldina\/","og_locale":"pt_BR","og_type":"article","og_title":"Motoqueiro \u00e9 detido ao tentar fugir de abordagem da GCM no Centro de Leopoldina","og_description":"Motocicleta estava sem placa e sem retrovisor. Durante a fuga ele chegou a esbarrar em uma pessoa, mas foi alcan\u00e7ado pelos agentes. Um condutor de 18 anos foi detido depois de tentar fugir de uma abordagem da Guarda Civil Municipal (GCM) na Rua Sete de Setembro, Centro de Leopoldina, na tarde desta ter\u00e7a-feira, 10 de [&hellip;]","og_url":"https:\/\/www.ovigilanteonline.com.br\/site\/2025\/06\/10\/motoqueiro-e-detido-ao-tentar-fugir-de-abordagem-da-gcm-no-centro-de-leopoldina\/","og_site_name":"O VIGILANTE ONLINE","article_publisher":"https:\/\/www.facebook.com\/ovigilanteonline","article_published_time":"2025-06-10T17:13:16+00:00","article_modified_time":"2025-06-11T19:03:09+00:00","og_image":[{"width":900,"height":600,"url":"https:\/\/www.ovigilanteonline.com.br\/site\/wp-content\/uploads\/2025\/06\/WhatsApp-Image-2025-06-10-at-12.42.52.jpeg","type":"image\/jpeg"}],"author":"Jornalismo","twitter_card":"summary_large_image","twitter_misc":{"Escrito por":"Jornalismo","Est. tempo de leitura":"2 minutos"},"schema":{"@context":"https:\/\/schema.org","@graph":[{"@type":"Article","@id":"https:\/\/www.ovigilanteonline.com.br\/site\/2025\/06\/10\/motoqueiro-e-detido-ao-tentar-fugir-de-abordagem-da-gcm-no-centro-de-leopoldina\/#article","isPartOf":{"@id":"https:\/\/www.ovigilanteonline.com.br\/site\/2025\/06\/10\/motoqueiro-e-detido-ao-tentar-fugir-de-abordagem-da-gcm-no-centro-de-leopoldina\/"},"author":{"name":"Jornalismo","@id":"https:\/\/www.ovigilanteonline.com.br\/site\/#\/schema\/person\/538fdfb33c0c411cd14a732e7cf14aa6"},"headline":"Motoqueiro \u00e9 detido ao tentar fugir de abordagem da GCM no Centro de Leopoldina","datePublished":"2025-06-10T17:13:16+00:00","dateModified":"2025-06-11T19:03:09+00:00","mainEntityOfPage":{"@id":"https:\/\/www.ovigilanteonline.com.br\/site\/2025\/06\/10\/motoqueiro-e-detido-ao-tentar-fugir-de-abordagem-da-gcm-no-centro-de-leopoldina\/"},"wordCount":234,"commentCount":0,"image":{"@id":"https:\/\/www.ovigilanteonline.com.br\/site\/2025\/06\/10\/motoqueiro-e-detido-ao-tentar-fugir-de-abordagem-da-gcm-no-centro-de-leopoldina\/#primaryimage"},"thumbnailUrl":"https:\/\/www.ovigilanteonline.com.br\/site\/wp-content\/uploads\/2025\/06\/WhatsApp-Image-2025-06-10-at-12.42.52.jpeg","articleSection":["Destaque","Leopoldina","Mais Lidas","\u00daltimas Not\u00edcias"],"inLanguage":"pt-BR","potentialAction":[{"@type":"CommentAction","name":"Comment","target":["https:\/\/www.ovigilanteonline.com.br\/site\/2025\/06\/10\/motoqueiro-e-detido-ao-tentar-fugir-de-abordagem-da-gcm-no-centro-de-leopoldina\/#respond"]}]},{"@type":"WebPage","@id":"https:\/\/www.ovigilanteonline.com.br\/site\/2025\/06\/10\/motoqueiro-e-detido-ao-tentar-fugir-de-abordagem-da-gcm-no-centro-de-leopoldina\/","url":"https:\/\/www.ovigilanteonline.com.br\/site\/2025\/06\/10\/motoqueiro-e-detido-ao-tentar-fugir-de-abordagem-da-gcm-no-centro-de-leopoldina\/","name":"Motoqueiro \u00e9 detido ao tentar fugir de abordagem da GCM no Centro de Leopoldina","isPartOf":{"@id":"https:\/\/www.ovigilanteonline.com.br\/site\/#website"},"primaryImageOfPage":{"@id":"https:\/\/www.ovigilanteonline.com.br\/site\/2025\/06\/10\/motoqueiro-e-detido-ao-tentar-fugir-de-abordagem-da-gcm-no-centro-de-leopoldina\/#primaryimage"},"image":{"@id":"https:\/\/www.ovigilanteonline.com.br\/site\/2025\/06\/10\/motoqueiro-e-detido-ao-tentar-fugir-de-abordagem-da-gcm-no-centro-de-leopoldina\/#primaryimage"},"thumbnailUrl":"https:\/\/www.ovigilanteonline.com.br\/site\/wp-content\/uploads\/2025\/06\/WhatsApp-Image-2025-06-10-at-12.42.52.jpeg","datePublished":"2025-06-10T17:13:16+00:00","dateModified":"2025-06-11T19:03:09+00:00","author":{"@id":"https:\/\/www.ovigilanteonline.com.br\/site\/#\/schema\/person\/538fdfb33c0c411cd14a732e7cf14aa6"},"breadcrumb":{"@id":"https:\/\/www.ovigilanteonline.com.br\/site\/2025\/06\/10\/motoqueiro-e-detido-ao-tentar-fugir-de-abordagem-da-gcm-no-centro-de-leopoldina\/#breadcrumb"},"inLanguage":"pt-BR","potentialAction":[{"@type":"ReadAction","target":["https:\/\/www.ovigilanteonline.com.br\/site\/2025\/06\/10\/motoqueiro-e-detido-ao-tentar-fugir-de-abordagem-da-gcm-no-centro-de-leopoldina\/"]}]},{"@type":"ImageObject","inLanguage":"pt-BR","@id":"https:\/\/www.ovigilanteonline.com.br\/site\/2025\/06\/10\/motoqueiro-e-detido-ao-tentar-fugir-de-abordagem-da-gcm-no-centro-de-leopoldina\/#primaryimage","url":"https:\/\/www.ovigilanteonline.com.br\/site\/wp-content\/uploads\/2025\/06\/WhatsApp-Image-2025-06-10-at-12.42.52.jpeg","contentUrl":"https:\/\/www.ovigilanteonline.com.br\/site\/wp-content\/uploads\/2025\/06\/WhatsApp-Image-2025-06-10-at-12.42.52.jpeg","width":900,"height":600},{"@type":"BreadcrumbList","@id":"https:\/\/www.ovigilanteonline.com.br\/site\/2025\/06\/10\/motoqueiro-e-detido-ao-tentar-fugir-de-abordagem-da-gcm-no-centro-de-leopoldina\/#breadcrumb","itemListElement":[{"@type":"ListItem","position":1,"name":"In\u00edcio","item":"https:\/\/www.ovigilanteonline.com.br\/site\/"},{"@type":"ListItem","position":2,"name":"Motoqueiro \u00e9 detido ao tentar fugir de abordagem da GCM no Centro de Leopoldina"}]},{"@type":"WebSite","@id":"https:\/\/www.ovigilanteonline.com.br\/site\/#website","url":"https:\/\/www.ovigilanteonline.com.br\/site\/","name":"O VIGILANTE ONLINE - Not\u00edcias de Leopoldina e regi\u00e3o","description":"","potentialAction":[{"@type":"SearchAction","target":{"@type":"EntryPoint","urlTemplate":"https:\/\/www.ovigilanteonline.com.br\/site\/?s={search_term_string}"},"query-input":{"@type":"PropertyValueSpecification","valueRequired":true,"valueName":"search_term_string"}}],"inLanguage":"pt-BR"},{"@type":"Person","@id":"https:\/\/www.ovigilanteonline.com.br\/site\/#\/schema\/person\/538fdfb33c0c411cd14a732e7cf14aa6","name":"Jornalismo"}]}},"cc_featured_image_caption":{"caption_text":"GCM\/Divulga\u00e7\u00e3o","source_text":"","source_url":""},"_links":{"self":[{"href":"https:\/\/www.ovigilanteonline.com.br\/site\/wp-json\/wp\/v2\/posts\/442763","targetHints":{"allow":["GET"]}}],"collection":[{"href":"https:\/\/www.ovigilanteonline.com.br\/site\/wp-json\/wp\/v2\/posts"}],"about":[{"href":"https:\/\/www.ovigilanteonline.com.br\/site\/wp-json\/wp\/v2\/types\/post"}],"author":[{"embeddable":true,"href":"https:\/\/www.ovigilanteonline.com.br\/site\/wp-json\/wp\/v2\/users\/2"}],"replies":[{"embeddable":true,"href":"https:\/\/www.ovigilanteonline.com.br\/site\/wp-json\/wp\/v2\/comments?post=442763"}],"version-history":[{"count":0,"href":"https:\/\/www.ovigilanteonline.com.br\/site\/wp-json\/wp\/v2\/posts\/442763\/revisions"}],"wp:featuredmedia":[{"embeddable":true,"href":"https:\/\/www.ovigilanteonline.com.br\/site\/wp-json\/wp\/v2\/media\/442764"}],"wp:attachment":[{"href":"https:\/\/www.ovigilanteonline.com.br\/site\/wp-json\/wp\/v2\/media?parent=442763"}],"wp:term":[{"taxonomy":"category","embeddable":true,"href":"https:\/\/www.ovigilanteonline.com.br\/site\/wp-json\/wp\/v2\/categories?post=442763"},{"taxonomy":"post_tag","embeddable":true,"href":"https:\/\/www.ovigilanteonline.com.br\/site\/wp-json\/wp\/v2\/tags?post=442763"}],"curies":[{"name":"wp","href":"https:\/\/api.w.org\/{rel}","templated":true}]}}