{"id":441828,"date":"2025-05-05T13:27:04","date_gmt":"2025-05-05T16:27:04","guid":{"rendered":"https:\/\/www.ovigilanteonline.com.br\/site\/?p=441828"},"modified":"2025-05-05T22:46:57","modified_gmt":"2025-05-06T01:46:57","slug":"mestre-betinho-de-leopoldina-e-convocado-para-selecao-brasileira-de-kung-fu","status":"publish","type":"post","link":"https:\/\/www.ovigilanteonline.com.br\/site\/2025\/05\/05\/mestre-betinho-de-leopoldina-e-convocado-para-selecao-brasileira-de-kung-fu\/","title":{"rendered":"Mestre Betinho, de Leopoldina, \u00e9 convocado para Sele\u00e7\u00e3o Brasileira de Kung Fu"},"content":{"rendered":"<div id=\"ovigi-668232919\" class=\"ovigi-inicio-post-interno ovigi-entity-placement\" style=\"margin-left: auto;margin-right: auto;text-align: center;\"><a href=\"https:\/\/onelink.to\/tfjfd3?utm_source=ig&#038;utm_medium=social&#038;utm_content=link_in_bio&#038;fbclid=PAcGRvZgJleHRuA2FlbQIxMQBzcnRjBmFwcF9pZA85MzY2MTk3NDMzOTI0NTkAAacgW20vIuhakYBCxZduUBbwssdSFoAQ7exuq7BFVvR-PR9sdpzVWlAvY7yZog_aem__Bn7V7eJEMspatV_tVfmIA\" target=\"_blank\" aria-label=\"ARTE GIF\"><img decoding=\"async\" src=\"https:\/\/www.ovigilanteonline.com.br\/site\/wp-content\/uploads\/2026\/05\/ARTE-GIF.gif\" alt=\"\"    \/><\/a><\/div>\n<h3 class=\"wp-block-heading\"><strong><em>Ele tamb\u00e9m vai representar o Brasil no Mundial que ser\u00e1 realizado na China, al\u00e9m do Panamericano no M\u00e9xico.<\/em><\/strong><\/h3>\n\n\n\n<p class=\"wp-block-paragraph\">Com mais de 43 anos de dedica\u00e7\u00e3o \u00e0s artes marciais, o mestre Roberto dos Santos, carinhosamente conhecido como Mestre Betinho, foi convocado para a Sele\u00e7\u00e3o Brasileira de Kung Fu e para representar o Brasil no Mundial na China e Panamericano no M\u00e9xico.<\/p>\n\n\n\n<p class=\"wp-block-paragraph\">Sempre se destacando no cen\u00e1rio marcial estadual, nacional e internacional, entre os anos de 2014 e 2016, ele e seus atletas conquistaram t\u00edtulos important\u00edssimos no cen\u00e1rio internacional, representando com orgulho a cidade de Leopoldina, o estado de Minas Gerais e o Brasil.<\/p><div id=\"ovigi-1323377109\" class=\"ovigi-conteudo_2-3 ovigi-entity-placement\"><script async src=\"\/\/pagead2.googlesyndication.com\/pagead\/js\/adsbygoogle.js?client=ca-pub-4068173061741521\" crossorigin=\"anonymous\"><\/script><ins class=\"adsbygoogle\" style=\"display:block; text-align:center;\" data-ad-client=\"ca-pub-4068173061741521\" \ndata-ad-slot=\"6460393376\" \ndata-ad-layout=\"in-article\"\ndata-ad-format=\"fluid\"><\/ins>\n<script> \n(adsbygoogle = window.adsbygoogle || []).push({}); \n<\/script>\n<\/div><div id=\"ovigi-2556192166\" class=\"ovigi-conteudo_2-2 ovigi-entity-placement\"><script async src=\"\/\/pagead2.googlesyndication.com\/pagead\/js\/adsbygoogle.js?client=ca-pub-4068173061741521\" crossorigin=\"anonymous\"><\/script><ins class=\"adsbygoogle\" style=\"display:block; text-align:center;\" data-ad-client=\"ca-pub-4068173061741521\" \ndata-ad-slot=\"6460393376\" \ndata-ad-layout=\"in-article\"\ndata-ad-format=\"fluid\"><\/ins>\n<script> \n(adsbygoogle = window.adsbygoogle || []).push({}); \n<\/script>\n<\/div><div id=\"ovigi-3763112029\" class=\"ovigi-conteudo_2 ovigi-entity-placement\"><script async src=\"\/\/pagead2.googlesyndication.com\/pagead\/js\/adsbygoogle.js?client=ca-pub-4068173061741521\" crossorigin=\"anonymous\"><\/script><ins class=\"adsbygoogle\" style=\"display:block; text-align:center;\" data-ad-client=\"ca-pub-4068173061741521\" \ndata-ad-slot=\"6460393376\" \ndata-ad-layout=\"in-article\"\ndata-ad-format=\"fluid\"><\/ins>\n<script> \n(adsbygoogle = window.adsbygoogle || []).push({}); \n<\/script>\n<\/div><div id=\"ovigi-600636323\" class=\"ovigi-conteudo_2-4 ovigi-entity-placement\"><script async src=\"\/\/pagead2.googlesyndication.com\/pagead\/js\/adsbygoogle.js?client=ca-pub-4068173061741521\" crossorigin=\"anonymous\"><\/script><ins class=\"adsbygoogle\" style=\"display:block; text-align:center;\" data-ad-client=\"ca-pub-4068173061741521\" \ndata-ad-slot=\"6460393376\" \ndata-ad-layout=\"in-article\"\ndata-ad-format=\"fluid\"><\/ins>\n<script> \n(adsbygoogle = window.adsbygoogle || []).push({}); \n<\/script>\n<\/div>\n\n\n\n<p class=\"wp-block-paragraph\"><strong>Conquistas da temporada 2014\u20132016:<br><\/strong>\u25cf Sul-Americano \/ Argentina: 3 medalhas de prata e 2 de bronze<br>\u25cf Pan-Americano \/ Brasil: 1 medalha de ouro e 1 de bronze<br>\u25cf Mundial \/ China: 2 medalhas de bronze<\/p>\n\n\n\n<p class=\"wp-block-paragraph\">Agora, em 2025, o mestre recebeu uma nova e honrosa convoca\u00e7\u00e3o: foi convidado para representar o Brasil em mais dois dos maiores eventos internacionais de Kung Fu.<\/p>\n\n\n\n\n\n<p class=\"wp-block-paragraph\">O primeiro desafio ser\u00e1 o Campeonato Mundial de Kung Fu, que acontecer\u00e1 de 14 a 22 de outubro, em Emeishan, na China, ber\u00e7o espiritual das artes marciais chinesas. Em seguida, ele competir\u00e1 no Campeonato Panamericano, entre 12 e 17 de novembro, na cidade de Riviera, no M\u00e9xico.<\/p>\n\n\n\n<p class=\"wp-block-paragraph\">Essas convoca\u00e7\u00f5es s\u00e3o fruto de uma trajet\u00f3ria marcada por disciplina, respeito e paix\u00e3o pela arte milenar do Kung Fu. Mestre Betinho \u00e9 uma refer\u00eancia em Minas e no Brasil. Ele segue uma linhagem tradicional do Estilo Louva-a-Deus, ainda pouco difundida no Ocidente, mas que tem ganhado espa\u00e7o gra\u00e7as ao seu trabalho incans\u00e1vel na forma\u00e7\u00e3o de novos praticantes e na valoriza\u00e7\u00e3o dos princ\u00edpios \u00e9ticos e culturais das artes marciais.<\/p>\n\n\n\n<p class=\"wp-block-paragraph\">Apesar do reconhecimento internacional, todos os custos das viagens; passagens, inscri\u00e7\u00f5es, hospedagens e alimenta\u00e7\u00e3o; ser\u00e3o custeados inteiramente por ele. Por isso, campanhas de apoio s\u00e3o organizadas, como rifas, aulas solid\u00e1rias e arrecada\u00e7\u00f5es online, com o objetivo de viabilizar a participa\u00e7\u00e3o nos eventos.<\/p>\n\n\n<div id=\"ovigi-2319433182\">\r\n<p class=\"has-text-align-center has-small-font-size wp-block-paragraph\">continua depois da publicidade<\/p>\r\n\r\n\r\n\r\n<hr class=\"wp-block-separator has-alpha-channel-opacity is-style-wide\"\/>\r\n\r\n\r\n\r\n<div class=\"wp-block-columns is-layout-flex wp-container-core-columns-is-layout-8f761849 wp-block-columns-is-layout-flex\">\r\n<div class=\"wp-block-column is-layout-flow wp-block-column-is-layout-flow\">\r\n<figure class=\"wp-block-image size-full is-resized\"><a href=\"https:\/\/www.instagram.com\/unimedleopoldina241\/\" target=\"_blank\" rel=\" noreferrer noopener\"><img decoding=\"async\" src=\"https:\/\/www.ovigilanteonline.com.br\/site\/wp-content\/uploads\/2026\/08\/unimed-materias.jpg\" alt=\"\" class=\"wp-image-455236\"\/><\/a><\/figure>\r\n<\/div>\r\n\r\n\r\n\r\n<div class=\"wp-block-column is-layout-flow wp-block-column-is-layout-flow\">\r\n<figure class=\"wp-block-image size-full\"><a href=\"https:\/\/vest.sudamerica.edu.br\/vest-2026-2\" target=\"_blank\" rel=\" noreferrer noopener\"><img decoding=\"async\" src=\"https:\/\/www.ovigilanteonline.com.br\/site\/wp-content\/uploads\/2026\/08\/sudamerica-materias.jpg\" alt=\"\" class=\"wp-image-453120\"\/><\/a><\/figure>\r\n<\/div>\r\n<\/div>\r\n\r\n\r\n\r\n<hr class=\"wp-block-separator has-alpha-channel-opacity is-style-wide\"\/>\r\n<\/div>\n\n\n<p class=\"wp-block-paragraph\">\u201cA conquista dessa vaga na Sele\u00e7\u00e3o Brasileira \u00e9 mais uma grande oportunidade para o nosso Sifu, Mestre Betinho, representar nosso pa\u00eds, nossa cidade e toda a hist\u00f3ria que carregamos. \u00c9 a chance de mostrar que Leopoldina tem, sim, potencial para grandes feitos&#8221;, ressaltou Carlos Nunes, professor e ex-atleta da Sele\u00e7\u00e3o Brasileira.<\/p>\n\n\n\n<p class=\"wp-block-paragraph\">\u201cSempre vi meus alunos competindo e, ao ver tudo o que conquistaram, me motivei a voltar a treinar para competir tamb\u00e9m. Minha idade n\u00e3o me limita, s\u00f3 soma experi\u00eancias. E, dessa vez, levo comigo como motiva\u00e7\u00e3o cada aluno,<br>cada campeonato, cada ensinamento e cada desafio superado&#8221;, destaca o Mestre Betinho.<\/p>\n\n\n\n<p class=\"wp-block-paragraph\">A Escola de Kung Fu Tang Lang Quan convida toda a comunidade a apoiar essa causa por meio de doa\u00e7\u00f5es ou participando das a\u00e7\u00f5es solid\u00e1rias.<\/p>\n\n\n\n<p class=\"wp-block-paragraph\"><strong>Para colaborar: <\/strong>Chave PIX e mais informa\u00e7\u00f5es: (32) 99119-5105<\/p>\n\n\n\n<p class=\"wp-block-paragraph\">A Escola de Kung Fu Tang Lang Quan est\u00e1 com turmas abertas para todas as idades! S\u00e3o oferecidos Kung Fu Tradicional, Sanda (Boxe Chin\u00eas) e Tai Chi Chuan. Aprenda uma arte marcial completa, fortale\u00e7a o corpo e a mente, desenvolva disciplina e equil\u00edbrio! Fa\u00e7a uma aula experimental gratuita.<\/p>\n\n\n\n<figure class=\"wp-block-image size-full\"><img loading=\"lazy\" decoding=\"async\" width=\"800\" height=\"464\" src=\"https:\/\/www.ovigilanteonline.com.br\/site\/wp-content\/uploads\/2025\/05\/1000039995.jpg\" alt=\"\" class=\"wp-image-441829\" srcset=\"https:\/\/www.ovigilanteonline.com.br\/site\/wp-content\/uploads\/2025\/05\/1000039995.jpg 800w, https:\/\/www.ovigilanteonline.com.br\/site\/wp-content\/uploads\/2025\/05\/1000039995-300x174.jpg 300w, https:\/\/www.ovigilanteonline.com.br\/site\/wp-content\/uploads\/2025\/05\/1000039995-768x445.jpg 768w, https:\/\/www.ovigilanteonline.com.br\/site\/wp-content\/uploads\/2025\/05\/1000039995-600x348.jpg 600w\" sizes=\"auto, (max-width: 800px) 100vw, 800px\" \/><\/figure>\n\n\n\n<p class=\"wp-block-paragraph\"><strong>Jornal O Vigilante Online com Carlos Augusto Santos Nunes<\/strong><\/p>\n\n\n<div  class=\"wp-block-ultimate-post-heading ultp-block-21e9f5\"><div class=\"ultp-block-wrapper\"><div class=\"ultp-heading-wrap ultp-heading-style21 ultp-heading-left\"><h2 class=\"ultp-heading-inner\"><span>Recentes mais lidas<\/span><\/h2><\/div><\/div><\/div>\n\n<div class=\"ultp-not-found-message\" role=\"alert\">No Post Found<\/div>","protected":false},"excerpt":{"rendered":"<p>Ele tamb\u00e9m vai representar o Brasil no Mundial que ser\u00e1 realizado na China, al\u00e9m do Panamericano no M\u00e9xico. Com mais de 43 anos de dedica\u00e7\u00e3o \u00e0s artes marciais, o mestre Roberto dos Santos, carinhosamente conhecido como Mestre Betinho, foi convocado para a Sele\u00e7\u00e3o Brasileira de Kung Fu e para representar o Brasil no Mundial na [&hellip;]<\/p>\n","protected":false},"author":2,"featured_media":441830,"comment_status":"open","ping_status":"closed","sticky":false,"template":"","format":"standard","meta":{"footnotes":""},"categories":[1,24,26],"tags":[],"class_list":["post-441828","post","type-post","status-publish","format-standard","has-post-thumbnail","hentry","category-destaque","category-mais-lidas","category-ultimas-noticias"],"yoast_head":"<!-- This site is optimized with the Yoast SEO plugin v28.3 - https:\/\/yoast.com\/product\/yoast-seo-wordpress\/ -->\n<title>Mestre Betinho, de Leopoldina, \u00e9 convocado para Sele\u00e7\u00e3o Brasileira de Kung Fu<\/title>\n<meta name=\"robots\" content=\"index, follow, max-snippet:-1, max-image-preview:large, max-video-preview:-1\" \/>\n<link rel=\"canonical\" href=\"https:\/\/www.ovigilanteonline.com.br\/site\/2025\/05\/05\/mestre-betinho-de-leopoldina-e-convocado-para-selecao-brasileira-de-kung-fu\/\" \/>\n<meta property=\"og:locale\" content=\"pt_BR\" \/>\n<meta property=\"og:type\" content=\"article\" \/>\n<meta property=\"og:title\" content=\"Mestre Betinho, de Leopoldina, \u00e9 convocado para Sele\u00e7\u00e3o Brasileira de Kung Fu\" \/>\n<meta property=\"og:description\" content=\"Ele tamb\u00e9m vai representar o Brasil no Mundial que ser\u00e1 realizado na China, al\u00e9m do Panamericano no M\u00e9xico. Com mais de 43 anos de dedica\u00e7\u00e3o \u00e0s artes marciais, o mestre Roberto dos Santos, carinhosamente conhecido como Mestre Betinho, foi convocado para a Sele\u00e7\u00e3o Brasileira de Kung Fu e para representar o Brasil no Mundial na [&hellip;]\" \/>\n<meta property=\"og:url\" content=\"https:\/\/www.ovigilanteonline.com.br\/site\/2025\/05\/05\/mestre-betinho-de-leopoldina-e-convocado-para-selecao-brasileira-de-kung-fu\/\" \/>\n<meta property=\"og:site_name\" content=\"O VIGILANTE ONLINE\" \/>\n<meta property=\"article:publisher\" content=\"https:\/\/www.facebook.com\/ovigilanteonline\" \/>\n<meta property=\"article:published_time\" content=\"2025-05-05T16:27:04+00:00\" \/>\n<meta property=\"article:modified_time\" content=\"2025-05-06T01:46:57+00:00\" \/>\n<meta property=\"og:image\" content=\"https:\/\/www.ovigilanteonline.com.br\/site\/wp-content\/uploads\/2025\/05\/1000040119.jpg\" \/>\n\t<meta property=\"og:image:width\" content=\"900\" \/>\n\t<meta property=\"og:image:height\" content=\"559\" \/>\n\t<meta property=\"og:image:type\" content=\"image\/jpeg\" \/>\n<meta name=\"author\" content=\"Jornalismo\" \/>\n<meta name=\"twitter:card\" content=\"summary_large_image\" \/>\n<meta name=\"twitter:label1\" content=\"Escrito por\" \/>\n\t<meta name=\"twitter:data1\" content=\"Jornalismo\" \/>\n\t<meta name=\"twitter:label2\" content=\"Est. tempo de leitura\" \/>\n\t<meta name=\"twitter:data2\" content=\"4 minutos\" \/>\n<script type=\"application\/ld+json\" class=\"yoast-schema-graph\">{\"@context\":\"https:\\\/\\\/schema.org\",\"@graph\":[{\"@type\":\"Article\",\"@id\":\"https:\\\/\\\/www.ovigilanteonline.com.br\\\/site\\\/2025\\\/05\\\/05\\\/mestre-betinho-de-leopoldina-e-convocado-para-selecao-brasileira-de-kung-fu\\\/#article\",\"isPartOf\":{\"@id\":\"https:\\\/\\\/www.ovigilanteonline.com.br\\\/site\\\/2025\\\/05\\\/05\\\/mestre-betinho-de-leopoldina-e-convocado-para-selecao-brasileira-de-kung-fu\\\/\"},\"author\":{\"name\":\"Jornalismo\",\"@id\":\"https:\\\/\\\/www.ovigilanteonline.com.br\\\/site\\\/#\\\/schema\\\/person\\\/538fdfb33c0c411cd14a732e7cf14aa6\"},\"headline\":\"Mestre Betinho, de Leopoldina, \u00e9 convocado para Sele\u00e7\u00e3o Brasileira de Kung Fu\",\"datePublished\":\"2025-05-05T16:27:04+00:00\",\"dateModified\":\"2025-05-06T01:46:57+00:00\",\"mainEntityOfPage\":{\"@id\":\"https:\\\/\\\/www.ovigilanteonline.com.br\\\/site\\\/2025\\\/05\\\/05\\\/mestre-betinho-de-leopoldina-e-convocado-para-selecao-brasileira-de-kung-fu\\\/\"},\"wordCount\":550,\"commentCount\":0,\"image\":{\"@id\":\"https:\\\/\\\/www.ovigilanteonline.com.br\\\/site\\\/2025\\\/05\\\/05\\\/mestre-betinho-de-leopoldina-e-convocado-para-selecao-brasileira-de-kung-fu\\\/#primaryimage\"},\"thumbnailUrl\":\"https:\\\/\\\/www.ovigilanteonline.com.br\\\/site\\\/wp-content\\\/uploads\\\/2025\\\/05\\\/1000040119.jpg\",\"articleSection\":[\"Destaque\",\"Mais Lidas\",\"\u00daltimas Not\u00edcias\"],\"inLanguage\":\"pt-BR\",\"potentialAction\":[{\"@type\":\"CommentAction\",\"name\":\"Comment\",\"target\":[\"https:\\\/\\\/www.ovigilanteonline.com.br\\\/site\\\/2025\\\/05\\\/05\\\/mestre-betinho-de-leopoldina-e-convocado-para-selecao-brasileira-de-kung-fu\\\/#respond\"]}]},{\"@type\":\"WebPage\",\"@id\":\"https:\\\/\\\/www.ovigilanteonline.com.br\\\/site\\\/2025\\\/05\\\/05\\\/mestre-betinho-de-leopoldina-e-convocado-para-selecao-brasileira-de-kung-fu\\\/\",\"url\":\"https:\\\/\\\/www.ovigilanteonline.com.br\\\/site\\\/2025\\\/05\\\/05\\\/mestre-betinho-de-leopoldina-e-convocado-para-selecao-brasileira-de-kung-fu\\\/\",\"name\":\"Mestre Betinho, de Leopoldina, \u00e9 convocado para Sele\u00e7\u00e3o Brasileira de Kung Fu\",\"isPartOf\":{\"@id\":\"https:\\\/\\\/www.ovigilanteonline.com.br\\\/site\\\/#website\"},\"primaryImageOfPage\":{\"@id\":\"https:\\\/\\\/www.ovigilanteonline.com.br\\\/site\\\/2025\\\/05\\\/05\\\/mestre-betinho-de-leopoldina-e-convocado-para-selecao-brasileira-de-kung-fu\\\/#primaryimage\"},\"image\":{\"@id\":\"https:\\\/\\\/www.ovigilanteonline.com.br\\\/site\\\/2025\\\/05\\\/05\\\/mestre-betinho-de-leopoldina-e-convocado-para-selecao-brasileira-de-kung-fu\\\/#primaryimage\"},\"thumbnailUrl\":\"https:\\\/\\\/www.ovigilanteonline.com.br\\\/site\\\/wp-content\\\/uploads\\\/2025\\\/05\\\/1000040119.jpg\",\"datePublished\":\"2025-05-05T16:27:04+00:00\",\"dateModified\":\"2025-05-06T01:46:57+00:00\",\"author\":{\"@id\":\"https:\\\/\\\/www.ovigilanteonline.com.br\\\/site\\\/#\\\/schema\\\/person\\\/538fdfb33c0c411cd14a732e7cf14aa6\"},\"breadcrumb\":{\"@id\":\"https:\\\/\\\/www.ovigilanteonline.com.br\\\/site\\\/2025\\\/05\\\/05\\\/mestre-betinho-de-leopoldina-e-convocado-para-selecao-brasileira-de-kung-fu\\\/#breadcrumb\"},\"inLanguage\":\"pt-BR\",\"potentialAction\":[{\"@type\":\"ReadAction\",\"target\":[\"https:\\\/\\\/www.ovigilanteonline.com.br\\\/site\\\/2025\\\/05\\\/05\\\/mestre-betinho-de-leopoldina-e-convocado-para-selecao-brasileira-de-kung-fu\\\/\"]}]},{\"@type\":\"ImageObject\",\"inLanguage\":\"pt-BR\",\"@id\":\"https:\\\/\\\/www.ovigilanteonline.com.br\\\/site\\\/2025\\\/05\\\/05\\\/mestre-betinho-de-leopoldina-e-convocado-para-selecao-brasileira-de-kung-fu\\\/#primaryimage\",\"url\":\"https:\\\/\\\/www.ovigilanteonline.com.br\\\/site\\\/wp-content\\\/uploads\\\/2025\\\/05\\\/1000040119.jpg\",\"contentUrl\":\"https:\\\/\\\/www.ovigilanteonline.com.br\\\/site\\\/wp-content\\\/uploads\\\/2025\\\/05\\\/1000040119.jpg\",\"width\":900,\"height\":559},{\"@type\":\"BreadcrumbList\",\"@id\":\"https:\\\/\\\/www.ovigilanteonline.com.br\\\/site\\\/2025\\\/05\\\/05\\\/mestre-betinho-de-leopoldina-e-convocado-para-selecao-brasileira-de-kung-fu\\\/#breadcrumb\",\"itemListElement\":[{\"@type\":\"ListItem\",\"position\":1,\"name\":\"In\u00edcio\",\"item\":\"https:\\\/\\\/www.ovigilanteonline.com.br\\\/site\\\/\"},{\"@type\":\"ListItem\",\"position\":2,\"name\":\"Mestre Betinho, de Leopoldina, \u00e9 convocado para Sele\u00e7\u00e3o Brasileira de Kung Fu\"}]},{\"@type\":\"WebSite\",\"@id\":\"https:\\\/\\\/www.ovigilanteonline.com.br\\\/site\\\/#website\",\"url\":\"https:\\\/\\\/www.ovigilanteonline.com.br\\\/site\\\/\",\"name\":\"O VIGILANTE ONLINE - Not\u00edcias de Leopoldina e regi\u00e3o\",\"description\":\"\",\"potentialAction\":[{\"@type\":\"SearchAction\",\"target\":{\"@type\":\"EntryPoint\",\"urlTemplate\":\"https:\\\/\\\/www.ovigilanteonline.com.br\\\/site\\\/?s={search_term_string}\"},\"query-input\":{\"@type\":\"PropertyValueSpecification\",\"valueRequired\":true,\"valueName\":\"search_term_string\"}}],\"inLanguage\":\"pt-BR\"},{\"@type\":\"Person\",\"@id\":\"https:\\\/\\\/www.ovigilanteonline.com.br\\\/site\\\/#\\\/schema\\\/person\\\/538fdfb33c0c411cd14a732e7cf14aa6\",\"name\":\"Jornalismo\"}]}<\/script>\n<!-- \/ Yoast SEO plugin. -->","yoast_head_json":{"title":"Mestre Betinho, de Leopoldina, \u00e9 convocado para Sele\u00e7\u00e3o Brasileira de Kung Fu","robots":{"index":"index","follow":"follow","max-snippet":"max-snippet:-1","max-image-preview":"max-image-preview:large","max-video-preview":"max-video-preview:-1"},"canonical":"https:\/\/www.ovigilanteonline.com.br\/site\/2025\/05\/05\/mestre-betinho-de-leopoldina-e-convocado-para-selecao-brasileira-de-kung-fu\/","og_locale":"pt_BR","og_type":"article","og_title":"Mestre Betinho, de Leopoldina, \u00e9 convocado para Sele\u00e7\u00e3o Brasileira de Kung Fu","og_description":"Ele tamb\u00e9m vai representar o Brasil no Mundial que ser\u00e1 realizado na China, al\u00e9m do Panamericano no M\u00e9xico. Com mais de 43 anos de dedica\u00e7\u00e3o \u00e0s artes marciais, o mestre Roberto dos Santos, carinhosamente conhecido como Mestre Betinho, foi convocado para a Sele\u00e7\u00e3o Brasileira de Kung Fu e para representar o Brasil no Mundial na [&hellip;]","og_url":"https:\/\/www.ovigilanteonline.com.br\/site\/2025\/05\/05\/mestre-betinho-de-leopoldina-e-convocado-para-selecao-brasileira-de-kung-fu\/","og_site_name":"O VIGILANTE ONLINE","article_publisher":"https:\/\/www.facebook.com\/ovigilanteonline","article_published_time":"2025-05-05T16:27:04+00:00","article_modified_time":"2025-05-06T01:46:57+00:00","og_image":[{"width":900,"height":559,"url":"https:\/\/www.ovigilanteonline.com.br\/site\/wp-content\/uploads\/2025\/05\/1000040119.jpg","type":"image\/jpeg"}],"author":"Jornalismo","twitter_card":"summary_large_image","twitter_misc":{"Escrito por":"Jornalismo","Est. tempo de leitura":"4 minutos"},"schema":{"@context":"https:\/\/schema.org","@graph":[{"@type":"Article","@id":"https:\/\/www.ovigilanteonline.com.br\/site\/2025\/05\/05\/mestre-betinho-de-leopoldina-e-convocado-para-selecao-brasileira-de-kung-fu\/#article","isPartOf":{"@id":"https:\/\/www.ovigilanteonline.com.br\/site\/2025\/05\/05\/mestre-betinho-de-leopoldina-e-convocado-para-selecao-brasileira-de-kung-fu\/"},"author":{"name":"Jornalismo","@id":"https:\/\/www.ovigilanteonline.com.br\/site\/#\/schema\/person\/538fdfb33c0c411cd14a732e7cf14aa6"},"headline":"Mestre Betinho, de Leopoldina, \u00e9 convocado para Sele\u00e7\u00e3o Brasileira de Kung Fu","datePublished":"2025-05-05T16:27:04+00:00","dateModified":"2025-05-06T01:46:57+00:00","mainEntityOfPage":{"@id":"https:\/\/www.ovigilanteonline.com.br\/site\/2025\/05\/05\/mestre-betinho-de-leopoldina-e-convocado-para-selecao-brasileira-de-kung-fu\/"},"wordCount":550,"commentCount":0,"image":{"@id":"https:\/\/www.ovigilanteonline.com.br\/site\/2025\/05\/05\/mestre-betinho-de-leopoldina-e-convocado-para-selecao-brasileira-de-kung-fu\/#primaryimage"},"thumbnailUrl":"https:\/\/www.ovigilanteonline.com.br\/site\/wp-content\/uploads\/2025\/05\/1000040119.jpg","articleSection":["Destaque","Mais Lidas","\u00daltimas Not\u00edcias"],"inLanguage":"pt-BR","potentialAction":[{"@type":"CommentAction","name":"Comment","target":["https:\/\/www.ovigilanteonline.com.br\/site\/2025\/05\/05\/mestre-betinho-de-leopoldina-e-convocado-para-selecao-brasileira-de-kung-fu\/#respond"]}]},{"@type":"WebPage","@id":"https:\/\/www.ovigilanteonline.com.br\/site\/2025\/05\/05\/mestre-betinho-de-leopoldina-e-convocado-para-selecao-brasileira-de-kung-fu\/","url":"https:\/\/www.ovigilanteonline.com.br\/site\/2025\/05\/05\/mestre-betinho-de-leopoldina-e-convocado-para-selecao-brasileira-de-kung-fu\/","name":"Mestre Betinho, de Leopoldina, \u00e9 convocado para Sele\u00e7\u00e3o Brasileira de Kung Fu","isPartOf":{"@id":"https:\/\/www.ovigilanteonline.com.br\/site\/#website"},"primaryImageOfPage":{"@id":"https:\/\/www.ovigilanteonline.com.br\/site\/2025\/05\/05\/mestre-betinho-de-leopoldina-e-convocado-para-selecao-brasileira-de-kung-fu\/#primaryimage"},"image":{"@id":"https:\/\/www.ovigilanteonline.com.br\/site\/2025\/05\/05\/mestre-betinho-de-leopoldina-e-convocado-para-selecao-brasileira-de-kung-fu\/#primaryimage"},"thumbnailUrl":"https:\/\/www.ovigilanteonline.com.br\/site\/wp-content\/uploads\/2025\/05\/1000040119.jpg","datePublished":"2025-05-05T16:27:04+00:00","dateModified":"2025-05-06T01:46:57+00:00","author":{"@id":"https:\/\/www.ovigilanteonline.com.br\/site\/#\/schema\/person\/538fdfb33c0c411cd14a732e7cf14aa6"},"breadcrumb":{"@id":"https:\/\/www.ovigilanteonline.com.br\/site\/2025\/05\/05\/mestre-betinho-de-leopoldina-e-convocado-para-selecao-brasileira-de-kung-fu\/#breadcrumb"},"inLanguage":"pt-BR","potentialAction":[{"@type":"ReadAction","target":["https:\/\/www.ovigilanteonline.com.br\/site\/2025\/05\/05\/mestre-betinho-de-leopoldina-e-convocado-para-selecao-brasileira-de-kung-fu\/"]}]},{"@type":"ImageObject","inLanguage":"pt-BR","@id":"https:\/\/www.ovigilanteonline.com.br\/site\/2025\/05\/05\/mestre-betinho-de-leopoldina-e-convocado-para-selecao-brasileira-de-kung-fu\/#primaryimage","url":"https:\/\/www.ovigilanteonline.com.br\/site\/wp-content\/uploads\/2025\/05\/1000040119.jpg","contentUrl":"https:\/\/www.ovigilanteonline.com.br\/site\/wp-content\/uploads\/2025\/05\/1000040119.jpg","width":900,"height":559},{"@type":"BreadcrumbList","@id":"https:\/\/www.ovigilanteonline.com.br\/site\/2025\/05\/05\/mestre-betinho-de-leopoldina-e-convocado-para-selecao-brasileira-de-kung-fu\/#breadcrumb","itemListElement":[{"@type":"ListItem","position":1,"name":"In\u00edcio","item":"https:\/\/www.ovigilanteonline.com.br\/site\/"},{"@type":"ListItem","position":2,"name":"Mestre Betinho, de Leopoldina, \u00e9 convocado para Sele\u00e7\u00e3o Brasileira de Kung Fu"}]},{"@type":"WebSite","@id":"https:\/\/www.ovigilanteonline.com.br\/site\/#website","url":"https:\/\/www.ovigilanteonline.com.br\/site\/","name":"O VIGILANTE ONLINE - Not\u00edcias de Leopoldina e regi\u00e3o","description":"","potentialAction":[{"@type":"SearchAction","target":{"@type":"EntryPoint","urlTemplate":"https:\/\/www.ovigilanteonline.com.br\/site\/?s={search_term_string}"},"query-input":{"@type":"PropertyValueSpecification","valueRequired":true,"valueName":"search_term_string"}}],"inLanguage":"pt-BR"},{"@type":"Person","@id":"https:\/\/www.ovigilanteonline.com.br\/site\/#\/schema\/person\/538fdfb33c0c411cd14a732e7cf14aa6","name":"Jornalismo"}]}},"cc_featured_image_caption":{"caption_text":"Divulga\u00e7\u00e3o","source_text":"","source_url":""},"_links":{"self":[{"href":"https:\/\/www.ovigilanteonline.com.br\/site\/wp-json\/wp\/v2\/posts\/441828","targetHints":{"allow":["GET"]}}],"collection":[{"href":"https:\/\/www.ovigilanteonline.com.br\/site\/wp-json\/wp\/v2\/posts"}],"about":[{"href":"https:\/\/www.ovigilanteonline.com.br\/site\/wp-json\/wp\/v2\/types\/post"}],"author":[{"embeddable":true,"href":"https:\/\/www.ovigilanteonline.com.br\/site\/wp-json\/wp\/v2\/users\/2"}],"replies":[{"embeddable":true,"href":"https:\/\/www.ovigilanteonline.com.br\/site\/wp-json\/wp\/v2\/comments?post=441828"}],"version-history":[{"count":0,"href":"https:\/\/www.ovigilanteonline.com.br\/site\/wp-json\/wp\/v2\/posts\/441828\/revisions"}],"wp:featuredmedia":[{"embeddable":true,"href":"https:\/\/www.ovigilanteonline.com.br\/site\/wp-json\/wp\/v2\/media\/441830"}],"wp:attachment":[{"href":"https:\/\/www.ovigilanteonline.com.br\/site\/wp-json\/wp\/v2\/media?parent=441828"}],"wp:term":[{"taxonomy":"category","embeddable":true,"href":"https:\/\/www.ovigilanteonline.com.br\/site\/wp-json\/wp\/v2\/categories?post=441828"},{"taxonomy":"post_tag","embeddable":true,"href":"https:\/\/www.ovigilanteonline.com.br\/site\/wp-json\/wp\/v2\/tags?post=441828"}],"curies":[{"name":"wp","href":"https:\/\/api.w.org\/{rel}","templated":true}]}}