{"id":438166,"date":"2024-12-12T08:19:39","date_gmt":"2024-12-12T11:19:39","guid":{"rendered":"https:\/\/www.ovigilanteonline.com.br\/site\/?p=438166"},"modified":"2024-12-12T08:19:41","modified_gmt":"2024-12-12T11:19:41","slug":"loja-de-roupas-e-arrombada-e-furtada-no-centro-de-recreio","status":"publish","type":"post","link":"https:\/\/www.ovigilanteonline.com.br\/site\/2024\/12\/12\/loja-de-roupas-e-arrombada-e-furtada-no-centro-de-recreio\/","title":{"rendered":"Loja de roupas \u00e9 arrombada e furtada no Centro de Recreio"},"content":{"rendered":"<div id=\"ovigi-4172799049\" class=\"ovigi-inicio-post-interno ovigi-entity-placement\" style=\"margin-left: auto;margin-right: auto;text-align: center;\"><a href=\"https:\/\/onelink.to\/tfjfd3?utm_source=ig&#038;utm_medium=social&#038;utm_content=link_in_bio&#038;fbclid=PAcGRvZgJleHRuA2FlbQIxMQBzcnRjBmFwcF9pZA85MzY2MTk3NDMzOTI0NTkAAacgW20vIuhakYBCxZduUBbwssdSFoAQ7exuq7BFVvR-PR9sdpzVWlAvY7yZog_aem__Bn7V7eJEMspatV_tVfmIA\" target=\"_blank\" aria-label=\"ARTE GIF\"><img decoding=\"async\" src=\"https:\/\/www.ovigilanteonline.com.br\/site\/wp-content\/uploads\/2026\/05\/ARTE-GIF.gif\" alt=\"\"    \/><\/a><\/div>\n\n\n<p class=\"wp-block-paragraph\">Uma loja de roupas localizada na Rua Teixeira da Silva, no Centro de Recreio, foi arrombada e furtada nesta quarta-feira, 11 de dezembro.<\/p>\n\n\n\n<p class=\"wp-block-paragraph\">De acordo com o registro policial, o autor da crime foi identificado atrav\u00e9s de rastreamento em filmagens de v\u00eddeo monitoramento. Ao verificarem as imagens, foi constatado que o homem utilizou uma barra de ferro e um peda\u00e7o de madeira para arrombar o estabelecimento comercial.<\/p><div id=\"ovigi-1381197704\" class=\"ovigi-conteudo_2-3 ovigi-entity-placement\"><script async src=\"\/\/pagead2.googlesyndication.com\/pagead\/js\/adsbygoogle.js?client=ca-pub-4068173061741521\" crossorigin=\"anonymous\"><\/script><ins class=\"adsbygoogle\" style=\"display:block; text-align:center;\" data-ad-client=\"ca-pub-4068173061741521\" \ndata-ad-slot=\"6460393376\" \ndata-ad-layout=\"in-article\"\ndata-ad-format=\"fluid\"><\/ins>\n<script> \n(adsbygoogle = window.adsbygoogle || []).push({}); \n<\/script>\n<\/div><div id=\"ovigi-361786960\" class=\"ovigi-conteudo_2-2 ovigi-entity-placement\"><script async src=\"\/\/pagead2.googlesyndication.com\/pagead\/js\/adsbygoogle.js?client=ca-pub-4068173061741521\" crossorigin=\"anonymous\"><\/script><ins class=\"adsbygoogle\" style=\"display:block; text-align:center;\" data-ad-client=\"ca-pub-4068173061741521\" \ndata-ad-slot=\"6460393376\" \ndata-ad-layout=\"in-article\"\ndata-ad-format=\"fluid\"><\/ins>\n<script> \n(adsbygoogle = window.adsbygoogle || []).push({}); \n<\/script>\n<\/div><div id=\"ovigi-1534748938\" class=\"ovigi-conteudo_2 ovigi-entity-placement\"><script async src=\"\/\/pagead2.googlesyndication.com\/pagead\/js\/adsbygoogle.js?client=ca-pub-4068173061741521\" crossorigin=\"anonymous\"><\/script><ins class=\"adsbygoogle\" style=\"display:block; text-align:center;\" data-ad-client=\"ca-pub-4068173061741521\" \ndata-ad-slot=\"6460393376\" \ndata-ad-layout=\"in-article\"\ndata-ad-format=\"fluid\"><\/ins>\n<script> \n(adsbygoogle = window.adsbygoogle || []).push({}); \n<\/script>\n<\/div><div id=\"ovigi-1420987269\" class=\"ovigi-conteudo_2-4 ovigi-entity-placement\"><script async src=\"\/\/pagead2.googlesyndication.com\/pagead\/js\/adsbygoogle.js?client=ca-pub-4068173061741521\" crossorigin=\"anonymous\"><\/script><ins class=\"adsbygoogle\" style=\"display:block; text-align:center;\" data-ad-client=\"ca-pub-4068173061741521\" \ndata-ad-slot=\"6460393376\" \ndata-ad-layout=\"in-article\"\ndata-ad-format=\"fluid\"><\/ins>\n<script> \n(adsbygoogle = window.adsbygoogle || []).push({}); \n<\/script>\n<\/div>\n\n\n\n\n\n<p class=\"wp-block-paragraph\">O criminoso furtou a quantia de R$ 300 que estava no caixa da loja.<\/p>\n\n\n\n<p class=\"wp-block-paragraph\">At\u00e9 o fechamento desta mat\u00e9ria, o ladr\u00e3o n\u00e3o havia sido localizado.<\/p>\n\n\n\n<p class=\"wp-block-paragraph\"><em>Jornal O Vigilante Online<\/em><\/p>\n\n\n<div class=\"ultp-not-found-message\" role=\"alert\">No Post Found<\/div>\n\n\n<hr class=\"wp-block-separator has-alpha-channel-opacity is-style-wide\"\/>\n\n\n<div id=\"ovigi-1955174670\"><p><!-- wp:paragraph {\"align\":\"center\",\"fontSize\":\"small\"} --><\/p>\n<p class=\"has-text-align-center has-small-font-size\" style=\"text-align: center;\"><strong>continua depois da publicidade<\/strong><\/p>\n<p><!-- \/wp:paragraph --><\/p>\n<p><!-- wp:separator {\"className\":\"is-style-wide\"} --><\/p>\n<hr class=\"wp-block-separator has-alpha-channel-opacity is-style-wide\" \/><!-- \/wp:separator --><\/p>\n<div class=\"wp-block-columns\">\n<div class=\"wp-block-column\">\n<figure class=\"wp-block-image size-full is-resized\"><a href=\"https:\/\/www.instagram.com\/unimedleopoldina241\/\" target=\"_blank\" rel=\" noreferrer noopener\"><img loading=\"lazy\" decoding=\"async\" class=\"wp-image-455236\" src=\"https:\/\/www.ovigilanteonline.com.br\/site\/wp-content\/uploads\/2026\/08\/unimed-materias.jpg\" alt=\"\" width=\"371\" height=\"371\" \/> \u00a0 \u00a0<\/a><a href=\"https:\/\/vest.sudamerica.edu.br\/vest-2026-2\" target=\"_blank\" rel=\" noreferrer noopener\"><img loading=\"lazy\" decoding=\"async\" class=\"wp-image-453120\" src=\"https:\/\/www.ovigilanteonline.com.br\/site\/wp-content\/uploads\/2026\/08\/sudamerica-materias.jpg\" alt=\"\" width=\"379\" height=\"370\" \/><\/a><\/p>\n<hr \/>\n<\/figure>\n<\/div>\n<p><!-- \/wp:column --><\/div>\n<p><!-- \/wp:columns --><\/p>\n<p>&nbsp;<\/p>\n<p><!-- \/wp:separator --><\/p>\n<\/div>\n\n<div class=\"ultp-not-found-message\" role=\"alert\">No Post Found<\/div>","protected":false},"excerpt":{"rendered":"<p>Uma loja de roupas localizada na Rua Teixeira da Silva, no Centro de Recreio, foi arrombada e furtada nesta quarta-feira, 11 de dezembro. De acordo com o registro policial, o autor da crime foi identificado atrav\u00e9s de rastreamento em filmagens de v\u00eddeo monitoramento. Ao verificarem as imagens, foi constatado que o homem utilizou uma barra [&hellip;]<\/p>\n","protected":false},"author":2,"featured_media":438164,"comment_status":"open","ping_status":"closed","sticky":false,"template":"","format":"standard","meta":{"footnotes":""},"categories":[1,26],"tags":[],"class_list":["post-438166","post","type-post","status-publish","format-standard","has-post-thumbnail","hentry","category-destaque","category-ultimas-noticias"],"yoast_head":"<!-- This site is optimized with the Yoast SEO plugin v28.3 - https:\/\/yoast.com\/product\/yoast-seo-wordpress\/ -->\n<title>Loja de roupas \u00e9 arrombada e furtada no Centro de Recreio<\/title>\n<meta name=\"robots\" content=\"index, follow, max-snippet:-1, max-image-preview:large, max-video-preview:-1\" \/>\n<link rel=\"canonical\" href=\"https:\/\/www.ovigilanteonline.com.br\/site\/2024\/12\/12\/loja-de-roupas-e-arrombada-e-furtada-no-centro-de-recreio\/\" \/>\n<meta property=\"og:locale\" content=\"pt_BR\" \/>\n<meta property=\"og:type\" content=\"article\" \/>\n<meta property=\"og:title\" content=\"Loja de roupas \u00e9 arrombada e furtada no Centro de Recreio\" \/>\n<meta property=\"og:description\" content=\"Uma loja de roupas localizada na Rua Teixeira da Silva, no Centro de Recreio, foi arrombada e furtada nesta quarta-feira, 11 de dezembro. De acordo com o registro policial, o autor da crime foi identificado atrav\u00e9s de rastreamento em filmagens de v\u00eddeo monitoramento. Ao verificarem as imagens, foi constatado que o homem utilizou uma barra [&hellip;]\" \/>\n<meta property=\"og:url\" content=\"https:\/\/www.ovigilanteonline.com.br\/site\/2024\/12\/12\/loja-de-roupas-e-arrombada-e-furtada-no-centro-de-recreio\/\" \/>\n<meta property=\"og:site_name\" content=\"O VIGILANTE ONLINE\" \/>\n<meta property=\"article:publisher\" content=\"https:\/\/www.facebook.com\/ovigilanteonline\" \/>\n<meta property=\"article:published_time\" content=\"2024-12-12T11:19:39+00:00\" \/>\n<meta property=\"article:modified_time\" content=\"2024-12-12T11:19:41+00:00\" \/>\n<meta property=\"og:image\" content=\"https:\/\/www.ovigilanteonline.com.br\/site\/wp-content\/uploads\/2024\/12\/WhatsApp-Image-2024-12-11-at-09.44.53-1.jpeg\" \/>\n\t<meta property=\"og:image:width\" content=\"800\" \/>\n\t<meta property=\"og:image:height\" content=\"452\" \/>\n\t<meta property=\"og:image:type\" content=\"image\/jpeg\" \/>\n<meta name=\"author\" content=\"Jornalismo\" \/>\n<meta name=\"twitter:card\" content=\"summary_large_image\" \/>\n<meta name=\"twitter:label1\" content=\"Escrito por\" \/>\n\t<meta name=\"twitter:data1\" content=\"Jornalismo\" \/>\n\t<meta name=\"twitter:label2\" content=\"Est. tempo de leitura\" \/>\n\t<meta name=\"twitter:data2\" content=\"1 minuto\" \/>\n<script type=\"application\/ld+json\" class=\"yoast-schema-graph\">{\"@context\":\"https:\\\/\\\/schema.org\",\"@graph\":[{\"@type\":\"Article\",\"@id\":\"https:\\\/\\\/www.ovigilanteonline.com.br\\\/site\\\/2024\\\/12\\\/12\\\/loja-de-roupas-e-arrombada-e-furtada-no-centro-de-recreio\\\/#article\",\"isPartOf\":{\"@id\":\"https:\\\/\\\/www.ovigilanteonline.com.br\\\/site\\\/2024\\\/12\\\/12\\\/loja-de-roupas-e-arrombada-e-furtada-no-centro-de-recreio\\\/\"},\"author\":{\"name\":\"Jornalismo\",\"@id\":\"https:\\\/\\\/www.ovigilanteonline.com.br\\\/site\\\/#\\\/schema\\\/person\\\/538fdfb33c0c411cd14a732e7cf14aa6\"},\"headline\":\"Loja de roupas \u00e9 arrombada e furtada no Centro de Recreio\",\"datePublished\":\"2024-12-12T11:19:39+00:00\",\"dateModified\":\"2024-12-12T11:19:41+00:00\",\"mainEntityOfPage\":{\"@id\":\"https:\\\/\\\/www.ovigilanteonline.com.br\\\/site\\\/2024\\\/12\\\/12\\\/loja-de-roupas-e-arrombada-e-furtada-no-centro-de-recreio\\\/\"},\"wordCount\":110,\"commentCount\":0,\"image\":{\"@id\":\"https:\\\/\\\/www.ovigilanteonline.com.br\\\/site\\\/2024\\\/12\\\/12\\\/loja-de-roupas-e-arrombada-e-furtada-no-centro-de-recreio\\\/#primaryimage\"},\"thumbnailUrl\":\"https:\\\/\\\/www.ovigilanteonline.com.br\\\/site\\\/wp-content\\\/uploads\\\/2024\\\/12\\\/WhatsApp-Image-2024-12-11-at-09.44.53-1.jpeg\",\"articleSection\":[\"Destaque\",\"\u00daltimas Not\u00edcias\"],\"inLanguage\":\"pt-BR\",\"potentialAction\":[{\"@type\":\"CommentAction\",\"name\":\"Comment\",\"target\":[\"https:\\\/\\\/www.ovigilanteonline.com.br\\\/site\\\/2024\\\/12\\\/12\\\/loja-de-roupas-e-arrombada-e-furtada-no-centro-de-recreio\\\/#respond\"]}]},{\"@type\":\"WebPage\",\"@id\":\"https:\\\/\\\/www.ovigilanteonline.com.br\\\/site\\\/2024\\\/12\\\/12\\\/loja-de-roupas-e-arrombada-e-furtada-no-centro-de-recreio\\\/\",\"url\":\"https:\\\/\\\/www.ovigilanteonline.com.br\\\/site\\\/2024\\\/12\\\/12\\\/loja-de-roupas-e-arrombada-e-furtada-no-centro-de-recreio\\\/\",\"name\":\"Loja de roupas \u00e9 arrombada e furtada no Centro de Recreio\",\"isPartOf\":{\"@id\":\"https:\\\/\\\/www.ovigilanteonline.com.br\\\/site\\\/#website\"},\"primaryImageOfPage\":{\"@id\":\"https:\\\/\\\/www.ovigilanteonline.com.br\\\/site\\\/2024\\\/12\\\/12\\\/loja-de-roupas-e-arrombada-e-furtada-no-centro-de-recreio\\\/#primaryimage\"},\"image\":{\"@id\":\"https:\\\/\\\/www.ovigilanteonline.com.br\\\/site\\\/2024\\\/12\\\/12\\\/loja-de-roupas-e-arrombada-e-furtada-no-centro-de-recreio\\\/#primaryimage\"},\"thumbnailUrl\":\"https:\\\/\\\/www.ovigilanteonline.com.br\\\/site\\\/wp-content\\\/uploads\\\/2024\\\/12\\\/WhatsApp-Image-2024-12-11-at-09.44.53-1.jpeg\",\"datePublished\":\"2024-12-12T11:19:39+00:00\",\"dateModified\":\"2024-12-12T11:19:41+00:00\",\"author\":{\"@id\":\"https:\\\/\\\/www.ovigilanteonline.com.br\\\/site\\\/#\\\/schema\\\/person\\\/538fdfb33c0c411cd14a732e7cf14aa6\"},\"breadcrumb\":{\"@id\":\"https:\\\/\\\/www.ovigilanteonline.com.br\\\/site\\\/2024\\\/12\\\/12\\\/loja-de-roupas-e-arrombada-e-furtada-no-centro-de-recreio\\\/#breadcrumb\"},\"inLanguage\":\"pt-BR\",\"potentialAction\":[{\"@type\":\"ReadAction\",\"target\":[\"https:\\\/\\\/www.ovigilanteonline.com.br\\\/site\\\/2024\\\/12\\\/12\\\/loja-de-roupas-e-arrombada-e-furtada-no-centro-de-recreio\\\/\"]}]},{\"@type\":\"ImageObject\",\"inLanguage\":\"pt-BR\",\"@id\":\"https:\\\/\\\/www.ovigilanteonline.com.br\\\/site\\\/2024\\\/12\\\/12\\\/loja-de-roupas-e-arrombada-e-furtada-no-centro-de-recreio\\\/#primaryimage\",\"url\":\"https:\\\/\\\/www.ovigilanteonline.com.br\\\/site\\\/wp-content\\\/uploads\\\/2024\\\/12\\\/WhatsApp-Image-2024-12-11-at-09.44.53-1.jpeg\",\"contentUrl\":\"https:\\\/\\\/www.ovigilanteonline.com.br\\\/site\\\/wp-content\\\/uploads\\\/2024\\\/12\\\/WhatsApp-Image-2024-12-11-at-09.44.53-1.jpeg\",\"width\":800,\"height\":452},{\"@type\":\"BreadcrumbList\",\"@id\":\"https:\\\/\\\/www.ovigilanteonline.com.br\\\/site\\\/2024\\\/12\\\/12\\\/loja-de-roupas-e-arrombada-e-furtada-no-centro-de-recreio\\\/#breadcrumb\",\"itemListElement\":[{\"@type\":\"ListItem\",\"position\":1,\"name\":\"In\u00edcio\",\"item\":\"https:\\\/\\\/www.ovigilanteonline.com.br\\\/site\\\/\"},{\"@type\":\"ListItem\",\"position\":2,\"name\":\"Loja de roupas \u00e9 arrombada e furtada no Centro de Recreio\"}]},{\"@type\":\"WebSite\",\"@id\":\"https:\\\/\\\/www.ovigilanteonline.com.br\\\/site\\\/#website\",\"url\":\"https:\\\/\\\/www.ovigilanteonline.com.br\\\/site\\\/\",\"name\":\"O VIGILANTE ONLINE - Not\u00edcias de Leopoldina e regi\u00e3o\",\"description\":\"\",\"potentialAction\":[{\"@type\":\"SearchAction\",\"target\":{\"@type\":\"EntryPoint\",\"urlTemplate\":\"https:\\\/\\\/www.ovigilanteonline.com.br\\\/site\\\/?s={search_term_string}\"},\"query-input\":{\"@type\":\"PropertyValueSpecification\",\"valueRequired\":true,\"valueName\":\"search_term_string\"}}],\"inLanguage\":\"pt-BR\"},{\"@type\":\"Person\",\"@id\":\"https:\\\/\\\/www.ovigilanteonline.com.br\\\/site\\\/#\\\/schema\\\/person\\\/538fdfb33c0c411cd14a732e7cf14aa6\",\"name\":\"Jornalismo\"}]}<\/script>\n<!-- \/ Yoast SEO plugin. -->","yoast_head_json":{"title":"Loja de roupas \u00e9 arrombada e furtada no Centro de Recreio","robots":{"index":"index","follow":"follow","max-snippet":"max-snippet:-1","max-image-preview":"max-image-preview:large","max-video-preview":"max-video-preview:-1"},"canonical":"https:\/\/www.ovigilanteonline.com.br\/site\/2024\/12\/12\/loja-de-roupas-e-arrombada-e-furtada-no-centro-de-recreio\/","og_locale":"pt_BR","og_type":"article","og_title":"Loja de roupas \u00e9 arrombada e furtada no Centro de Recreio","og_description":"Uma loja de roupas localizada na Rua Teixeira da Silva, no Centro de Recreio, foi arrombada e furtada nesta quarta-feira, 11 de dezembro. De acordo com o registro policial, o autor da crime foi identificado atrav\u00e9s de rastreamento em filmagens de v\u00eddeo monitoramento. Ao verificarem as imagens, foi constatado que o homem utilizou uma barra [&hellip;]","og_url":"https:\/\/www.ovigilanteonline.com.br\/site\/2024\/12\/12\/loja-de-roupas-e-arrombada-e-furtada-no-centro-de-recreio\/","og_site_name":"O VIGILANTE ONLINE","article_publisher":"https:\/\/www.facebook.com\/ovigilanteonline","article_published_time":"2024-12-12T11:19:39+00:00","article_modified_time":"2024-12-12T11:19:41+00:00","og_image":[{"width":800,"height":452,"url":"https:\/\/www.ovigilanteonline.com.br\/site\/wp-content\/uploads\/2024\/12\/WhatsApp-Image-2024-12-11-at-09.44.53-1.jpeg","type":"image\/jpeg"}],"author":"Jornalismo","twitter_card":"summary_large_image","twitter_misc":{"Escrito por":"Jornalismo","Est. tempo de leitura":"1 minuto"},"schema":{"@context":"https:\/\/schema.org","@graph":[{"@type":"Article","@id":"https:\/\/www.ovigilanteonline.com.br\/site\/2024\/12\/12\/loja-de-roupas-e-arrombada-e-furtada-no-centro-de-recreio\/#article","isPartOf":{"@id":"https:\/\/www.ovigilanteonline.com.br\/site\/2024\/12\/12\/loja-de-roupas-e-arrombada-e-furtada-no-centro-de-recreio\/"},"author":{"name":"Jornalismo","@id":"https:\/\/www.ovigilanteonline.com.br\/site\/#\/schema\/person\/538fdfb33c0c411cd14a732e7cf14aa6"},"headline":"Loja de roupas \u00e9 arrombada e furtada no Centro de Recreio","datePublished":"2024-12-12T11:19:39+00:00","dateModified":"2024-12-12T11:19:41+00:00","mainEntityOfPage":{"@id":"https:\/\/www.ovigilanteonline.com.br\/site\/2024\/12\/12\/loja-de-roupas-e-arrombada-e-furtada-no-centro-de-recreio\/"},"wordCount":110,"commentCount":0,"image":{"@id":"https:\/\/www.ovigilanteonline.com.br\/site\/2024\/12\/12\/loja-de-roupas-e-arrombada-e-furtada-no-centro-de-recreio\/#primaryimage"},"thumbnailUrl":"https:\/\/www.ovigilanteonline.com.br\/site\/wp-content\/uploads\/2024\/12\/WhatsApp-Image-2024-12-11-at-09.44.53-1.jpeg","articleSection":["Destaque","\u00daltimas Not\u00edcias"],"inLanguage":"pt-BR","potentialAction":[{"@type":"CommentAction","name":"Comment","target":["https:\/\/www.ovigilanteonline.com.br\/site\/2024\/12\/12\/loja-de-roupas-e-arrombada-e-furtada-no-centro-de-recreio\/#respond"]}]},{"@type":"WebPage","@id":"https:\/\/www.ovigilanteonline.com.br\/site\/2024\/12\/12\/loja-de-roupas-e-arrombada-e-furtada-no-centro-de-recreio\/","url":"https:\/\/www.ovigilanteonline.com.br\/site\/2024\/12\/12\/loja-de-roupas-e-arrombada-e-furtada-no-centro-de-recreio\/","name":"Loja de roupas \u00e9 arrombada e furtada no Centro de Recreio","isPartOf":{"@id":"https:\/\/www.ovigilanteonline.com.br\/site\/#website"},"primaryImageOfPage":{"@id":"https:\/\/www.ovigilanteonline.com.br\/site\/2024\/12\/12\/loja-de-roupas-e-arrombada-e-furtada-no-centro-de-recreio\/#primaryimage"},"image":{"@id":"https:\/\/www.ovigilanteonline.com.br\/site\/2024\/12\/12\/loja-de-roupas-e-arrombada-e-furtada-no-centro-de-recreio\/#primaryimage"},"thumbnailUrl":"https:\/\/www.ovigilanteonline.com.br\/site\/wp-content\/uploads\/2024\/12\/WhatsApp-Image-2024-12-11-at-09.44.53-1.jpeg","datePublished":"2024-12-12T11:19:39+00:00","dateModified":"2024-12-12T11:19:41+00:00","author":{"@id":"https:\/\/www.ovigilanteonline.com.br\/site\/#\/schema\/person\/538fdfb33c0c411cd14a732e7cf14aa6"},"breadcrumb":{"@id":"https:\/\/www.ovigilanteonline.com.br\/site\/2024\/12\/12\/loja-de-roupas-e-arrombada-e-furtada-no-centro-de-recreio\/#breadcrumb"},"inLanguage":"pt-BR","potentialAction":[{"@type":"ReadAction","target":["https:\/\/www.ovigilanteonline.com.br\/site\/2024\/12\/12\/loja-de-roupas-e-arrombada-e-furtada-no-centro-de-recreio\/"]}]},{"@type":"ImageObject","inLanguage":"pt-BR","@id":"https:\/\/www.ovigilanteonline.com.br\/site\/2024\/12\/12\/loja-de-roupas-e-arrombada-e-furtada-no-centro-de-recreio\/#primaryimage","url":"https:\/\/www.ovigilanteonline.com.br\/site\/wp-content\/uploads\/2024\/12\/WhatsApp-Image-2024-12-11-at-09.44.53-1.jpeg","contentUrl":"https:\/\/www.ovigilanteonline.com.br\/site\/wp-content\/uploads\/2024\/12\/WhatsApp-Image-2024-12-11-at-09.44.53-1.jpeg","width":800,"height":452},{"@type":"BreadcrumbList","@id":"https:\/\/www.ovigilanteonline.com.br\/site\/2024\/12\/12\/loja-de-roupas-e-arrombada-e-furtada-no-centro-de-recreio\/#breadcrumb","itemListElement":[{"@type":"ListItem","position":1,"name":"In\u00edcio","item":"https:\/\/www.ovigilanteonline.com.br\/site\/"},{"@type":"ListItem","position":2,"name":"Loja de roupas \u00e9 arrombada e furtada no Centro de Recreio"}]},{"@type":"WebSite","@id":"https:\/\/www.ovigilanteonline.com.br\/site\/#website","url":"https:\/\/www.ovigilanteonline.com.br\/site\/","name":"O VIGILANTE ONLINE - Not\u00edcias de Leopoldina e regi\u00e3o","description":"","potentialAction":[{"@type":"SearchAction","target":{"@type":"EntryPoint","urlTemplate":"https:\/\/www.ovigilanteonline.com.br\/site\/?s={search_term_string}"},"query-input":{"@type":"PropertyValueSpecification","valueRequired":true,"valueName":"search_term_string"}}],"inLanguage":"pt-BR"},{"@type":"Person","@id":"https:\/\/www.ovigilanteonline.com.br\/site\/#\/schema\/person\/538fdfb33c0c411cd14a732e7cf14aa6","name":"Jornalismo"}]}},"cc_featured_image_caption":{"caption_text":"","source_text":"","source_url":""},"_links":{"self":[{"href":"https:\/\/www.ovigilanteonline.com.br\/site\/wp-json\/wp\/v2\/posts\/438166","targetHints":{"allow":["GET"]}}],"collection":[{"href":"https:\/\/www.ovigilanteonline.com.br\/site\/wp-json\/wp\/v2\/posts"}],"about":[{"href":"https:\/\/www.ovigilanteonline.com.br\/site\/wp-json\/wp\/v2\/types\/post"}],"author":[{"embeddable":true,"href":"https:\/\/www.ovigilanteonline.com.br\/site\/wp-json\/wp\/v2\/users\/2"}],"replies":[{"embeddable":true,"href":"https:\/\/www.ovigilanteonline.com.br\/site\/wp-json\/wp\/v2\/comments?post=438166"}],"version-history":[{"count":0,"href":"https:\/\/www.ovigilanteonline.com.br\/site\/wp-json\/wp\/v2\/posts\/438166\/revisions"}],"wp:featuredmedia":[{"embeddable":true,"href":"https:\/\/www.ovigilanteonline.com.br\/site\/wp-json\/wp\/v2\/media\/438164"}],"wp:attachment":[{"href":"https:\/\/www.ovigilanteonline.com.br\/site\/wp-json\/wp\/v2\/media?parent=438166"}],"wp:term":[{"taxonomy":"category","embeddable":true,"href":"https:\/\/www.ovigilanteonline.com.br\/site\/wp-json\/wp\/v2\/categories?post=438166"},{"taxonomy":"post_tag","embeddable":true,"href":"https:\/\/www.ovigilanteonline.com.br\/site\/wp-json\/wp\/v2\/tags?post=438166"}],"curies":[{"name":"wp","href":"https:\/\/api.w.org\/{rel}","templated":true}]}}