{"id":438079,"date":"2024-12-09T13:08:30","date_gmt":"2024-12-09T16:08:30","guid":{"rendered":"https:\/\/www.ovigilanteonline.com.br\/site\/?p=438079"},"modified":"2024-12-10T09:23:56","modified_gmt":"2024-12-10T12:23:56","slug":"eleitos-em-leopoldina-e-argirita-sao-diplomados-pela-justica-eleitoral","status":"publish","type":"post","link":"https:\/\/www.ovigilanteonline.com.br\/site\/2024\/12\/09\/eleitos-em-leopoldina-e-argirita-sao-diplomados-pela-justica-eleitoral\/","title":{"rendered":"Eleitos em Leopoldina e Argirita s\u00e3o diplomados pela Justi\u00e7a Eleitoral"},"content":{"rendered":"<div id=\"ovigi-2928367065\" class=\"ovigi-inicio-post-interno ovigi-entity-placement\" style=\"margin-left: auto;margin-right: auto;text-align: center;\"><a href=\"https:\/\/onelink.to\/tfjfd3?utm_source=ig&#038;utm_medium=social&#038;utm_content=link_in_bio&#038;fbclid=PAcGRvZgJleHRuA2FlbQIxMQBzcnRjBmFwcF9pZA85MzY2MTk3NDMzOTI0NTkAAacgW20vIuhakYBCxZduUBbwssdSFoAQ7exuq7BFVvR-PR9sdpzVWlAvY7yZog_aem__Bn7V7eJEMspatV_tVfmIA\" target=\"_blank\" aria-label=\"ARTE GIF\"><img decoding=\"async\" src=\"https:\/\/www.ovigilanteonline.com.br\/site\/wp-content\/uploads\/2026\/05\/ARTE-GIF.gif\" alt=\"\"    \/><\/a><\/div>\n\n\n<h3 class=\"wp-block-heading\"><strong><em>Cerim\u00f4nia foi realizada na manh\u00e3 desta segunda-feira (9) na sede da 109\u00aa Subse\u00e7\u00e3o da Ordem dos Advogados do Brasil de Leopoldina.<\/em><\/strong><\/h3>\n\n\n\n<p class=\"wp-block-paragraph\">Prefeitos, vice-prefeitos e vereadores dos munic\u00edpios de Leopoldina e Argirita, eleitos nas elei\u00e7\u00f5es municipais de outubro na Comarca de Leopoldina, foram <a href=\"https:\/\/www.ovigilanteonline.com.br\/site\/2024\/11\/29\/cartorio-eleitoral-de-leopoldina-marca-diplomacao-de-candidatos-eleitos-para-9-de-dezembro\/\" target=\"_blank\" rel=\"noreferrer noopener\">diplomados pela Justi\u00e7a Eleitoral<\/a> de Minas Gerais na manh\u00e3 desta segunda-feira, 9 de dezembro.<\/p>\n\n\n\n<p class=\"wp-block-paragraph\">Presidida pelo Juiz Eleitoral da 161\u00aa Zona Eleitoral de Leopoldina, Dr. Daniel Rocha da Mota, a cerim\u00f4nia de diploma\u00e7\u00e3o foi realizada \u00e0s 10h no audit\u00f3rio da Casa do Advogado da 109\u00aa Subse\u00e7\u00e3o da Ordem dos Advogados do Brasil de Leopoldina.<\/p><div id=\"ovigi-3205926789\" class=\"ovigi-conteudo_2-3 ovigi-entity-placement\"><script async src=\"\/\/pagead2.googlesyndication.com\/pagead\/js\/adsbygoogle.js?client=ca-pub-4068173061741521\" crossorigin=\"anonymous\"><\/script><ins class=\"adsbygoogle\" style=\"display:block; text-align:center;\" data-ad-client=\"ca-pub-4068173061741521\" \ndata-ad-slot=\"6460393376\" \ndata-ad-layout=\"in-article\"\ndata-ad-format=\"fluid\"><\/ins>\n<script> \n(adsbygoogle = window.adsbygoogle || []).push({}); \n<\/script>\n<\/div><div id=\"ovigi-2107080335\" class=\"ovigi-conteudo_2-2 ovigi-entity-placement\"><script async src=\"\/\/pagead2.googlesyndication.com\/pagead\/js\/adsbygoogle.js?client=ca-pub-4068173061741521\" crossorigin=\"anonymous\"><\/script><ins class=\"adsbygoogle\" style=\"display:block; text-align:center;\" data-ad-client=\"ca-pub-4068173061741521\" \ndata-ad-slot=\"6460393376\" \ndata-ad-layout=\"in-article\"\ndata-ad-format=\"fluid\"><\/ins>\n<script> \n(adsbygoogle = window.adsbygoogle || []).push({}); \n<\/script>\n<\/div><div id=\"ovigi-3164637584\" class=\"ovigi-conteudo_2 ovigi-entity-placement\"><script async src=\"\/\/pagead2.googlesyndication.com\/pagead\/js\/adsbygoogle.js?client=ca-pub-4068173061741521\" crossorigin=\"anonymous\"><\/script><ins class=\"adsbygoogle\" style=\"display:block; text-align:center;\" data-ad-client=\"ca-pub-4068173061741521\" \ndata-ad-slot=\"6460393376\" \ndata-ad-layout=\"in-article\"\ndata-ad-format=\"fluid\"><\/ins>\n<script> \n(adsbygoogle = window.adsbygoogle || []).push({}); \n<\/script>\n<\/div><div id=\"ovigi-2759362737\" class=\"ovigi-conteudo_2-4 ovigi-entity-placement\"><script async src=\"\/\/pagead2.googlesyndication.com\/pagead\/js\/adsbygoogle.js?client=ca-pub-4068173061741521\" crossorigin=\"anonymous\"><\/script><ins class=\"adsbygoogle\" style=\"display:block; text-align:center;\" data-ad-client=\"ca-pub-4068173061741521\" \ndata-ad-slot=\"6460393376\" \ndata-ad-layout=\"in-article\"\ndata-ad-format=\"fluid\"><\/ins>\n<script> \n(adsbygoogle = window.adsbygoogle || []).push({}); \n<\/script>\n<\/div>\n\n\n\n<p class=\"wp-block-paragraph\">Compuseram a Mesa de Honra o Delegado Regional da 3\u00aa Delegacia Regional de Pol\u00edcia Civil de Leopoldina, Dr. Diego Candian Alves, o sub-comandante do 68\u00ba Batalh\u00e3o de Pol\u00edcia Militar de Minas Gerais &#8211; sediado em Leopoldina, Major Marcus Vin\u00edcius de Almeida Castro, a Defensora P\u00fablica Dra. Maria Filomena Silva Antunes, o Juiz Eleitoral Dr. Daniel Rocha da Mota, o Promotor Eleitoral Dr. S\u00e9rgio Soares da Silveira e o Dr. Marcelo Raimundi &#8211; Presidente da 109\u00aa Subse\u00e7\u00e3o da Ordem dos Advogados do Brasil.<\/p>\n\n\n\n<figure class=\"wp-block-image size-full\"><img loading=\"lazy\" decoding=\"async\" width=\"900\" height=\"433\" src=\"https:\/\/www.ovigilanteonline.com.br\/site\/wp-content\/uploads\/2024\/12\/WhatsApp-Image-2024-12-09-at-11.39.38.jpeg\" alt=\"\" class=\"wp-image-438081\" srcset=\"https:\/\/www.ovigilanteonline.com.br\/site\/wp-content\/uploads\/2024\/12\/WhatsApp-Image-2024-12-09-at-11.39.38.jpeg 900w, https:\/\/www.ovigilanteonline.com.br\/site\/wp-content\/uploads\/2024\/12\/WhatsApp-Image-2024-12-09-at-11.39.38-300x144.jpeg 300w, https:\/\/www.ovigilanteonline.com.br\/site\/wp-content\/uploads\/2024\/12\/WhatsApp-Image-2024-12-09-at-11.39.38-768x369.jpeg 768w, https:\/\/www.ovigilanteonline.com.br\/site\/wp-content\/uploads\/2024\/12\/WhatsApp-Image-2024-12-09-at-11.39.38-600x289.jpeg 600w\" sizes=\"auto, (max-width: 900px) 100vw, 900px\" \/><figcaption class=\"wp-element-caption\">J\u00falio Cesar Martins\/O Vigilante Online <\/figcaption><\/figure>\n\n\n\n<p class=\"wp-block-paragraph\">Ap\u00f3s o Hino Nacional, a cerim\u00f4nia foi aberta pelo Juiz Eleitoral, Dr. Daniel Rocha da Mota, que parabenizou todos os eleitos, destacando a import\u00e2ncia da miss\u00e3o de cada um deles pelos pr\u00f3ximos quatro anos.<\/p>\n\n\n\n\n\n<p class=\"wp-block-paragraph\">Pelo munic\u00edpio de Leopoldina foram diplomados o prefeito reeleito Pedro Augusto Junqueira Ferraz e o vice-prefeito Ant\u00f4nio Carlos Martins Pimentel, os vereadores Rooney de Paula, Elv\u00e9cio de Souza Barbosa (Elv\u00e9cio Produ\u00e7\u00f5es), Marcos Vinicius Pereira Costa Lima (Queijinho do Povo), Waldair Costa, Bernardo Guedes, Oldemar Montenari, Luan Castro, Edvaldo Franquido Donato do Vale, C\u00edcero Rodrigues da Silva, Jo\u00e3o Batista Pimentel (Jo\u00e3o Tat\u00e3o), Jos\u00e9 Augusto Cabral, Maria Regina Bernardo Vicente (Pastora Regina), Vin\u00edcius Madaleno, Gilmar Pimentel e V\u00edtor Resende.<\/p>\n\n\n\n<figure class=\"wp-block-image size-full\"><img loading=\"lazy\" decoding=\"async\" width=\"900\" height=\"415\" src=\"https:\/\/www.ovigilanteonline.com.br\/site\/wp-content\/uploads\/2024\/12\/WhatsApp-Image-2024-12-09-at-12.08.26.jpeg\" alt=\"\" class=\"wp-image-438082\" srcset=\"https:\/\/www.ovigilanteonline.com.br\/site\/wp-content\/uploads\/2024\/12\/WhatsApp-Image-2024-12-09-at-12.08.26.jpeg 900w, https:\/\/www.ovigilanteonline.com.br\/site\/wp-content\/uploads\/2024\/12\/WhatsApp-Image-2024-12-09-at-12.08.26-300x138.jpeg 300w, https:\/\/www.ovigilanteonline.com.br\/site\/wp-content\/uploads\/2024\/12\/WhatsApp-Image-2024-12-09-at-12.08.26-768x354.jpeg 768w, https:\/\/www.ovigilanteonline.com.br\/site\/wp-content\/uploads\/2024\/12\/WhatsApp-Image-2024-12-09-at-12.08.26-600x277.jpeg 600w\" sizes=\"auto, (max-width: 900px) 100vw, 900px\" \/><figcaption class=\"wp-element-caption\">Serginho Fran\u00e7a\/Arquivo Pessoal<\/figcaption><\/figure>\n\n\n\n<p class=\"wp-block-paragraph\">Por Argirita foram diplomados o prefeito eleito Victor Miranda Cortacio Simas, o vice-prefeito Leandro Senra de Oliveira e os vereadores M\u00e1rcio Muniz Alves (Marcinho do Tijucal), Gilmar Oliveira, S\u00edlvio Pedro do Carmo J\u00fanior (Junin do S\u00edlvio Pedro), Kennedy Coelho Ribeiro, Cidney Vieira, Valmir Cirino De Souza (Valmir Pica), Evandro Silva Ara\u00fajo (Evandro Delegado) e Ruimar De Almeida (Tio Rui). O vereador eleito Jos\u00e9 Alcino Vitoi J\u00fanior (Zoca Vitoi) n\u00e3o compareceu \u00e0 diploma\u00e7\u00e3o por motivos de sa\u00fade e receber\u00e1 o diploma posteriormente. <\/p>\n\n\n\n<figure class=\"wp-block-image size-full\"><img loading=\"lazy\" decoding=\"async\" width=\"900\" height=\"423\" src=\"https:\/\/www.ovigilanteonline.com.br\/site\/wp-content\/uploads\/2024\/12\/WhatsApp-Image-2024-12-09-at-12.11.49.jpeg\" alt=\"\" class=\"wp-image-438083\" srcset=\"https:\/\/www.ovigilanteonline.com.br\/site\/wp-content\/uploads\/2024\/12\/WhatsApp-Image-2024-12-09-at-12.11.49.jpeg 900w, https:\/\/www.ovigilanteonline.com.br\/site\/wp-content\/uploads\/2024\/12\/WhatsApp-Image-2024-12-09-at-12.11.49-300x141.jpeg 300w, https:\/\/www.ovigilanteonline.com.br\/site\/wp-content\/uploads\/2024\/12\/WhatsApp-Image-2024-12-09-at-12.11.49-768x361.jpeg 768w, https:\/\/www.ovigilanteonline.com.br\/site\/wp-content\/uploads\/2024\/12\/WhatsApp-Image-2024-12-09-at-12.11.49-600x282.jpeg 600w\" sizes=\"auto, (max-width: 900px) 100vw, 900px\" \/><figcaption class=\"wp-element-caption\">J\u00falio Cesar Martins\/O Vigilante Online<\/figcaption><\/figure>\n\n\n\n<p class=\"wp-block-paragraph\"><em>Jornal O Vigilante Online<\/em><\/p>\n\n\n<div class=\"ultp-not-found-message\" role=\"alert\">No Post Found<\/div>\n\n\n<hr class=\"wp-block-separator has-alpha-channel-opacity is-style-wide\"\/>\n\n\n<div id=\"ovigi-3165581045\"><p><!-- wp:paragraph {\"align\":\"center\",\"fontSize\":\"small\"} --><\/p>\n<p class=\"has-text-align-center has-small-font-size\" style=\"text-align: center;\"><strong>continua depois da publicidade<\/strong><\/p>\n<p><!-- \/wp:paragraph --><\/p>\n<p><!-- wp:separator {\"className\":\"is-style-wide\"} --><\/p>\n<hr class=\"wp-block-separator has-alpha-channel-opacity is-style-wide\" \/><!-- \/wp:separator --><\/p>\n<div class=\"wp-block-columns\">\n<div class=\"wp-block-column\">\n<figure class=\"wp-block-image size-full is-resized\"><a href=\"https:\/\/www.instagram.com\/unimedleopoldina241\/\" target=\"_blank\" rel=\" noreferrer noopener\"><img loading=\"lazy\" decoding=\"async\" class=\"wp-image-455236\" src=\"https:\/\/www.ovigilanteonline.com.br\/site\/wp-content\/uploads\/2026\/08\/unimed-materias.jpg\" alt=\"\" width=\"371\" height=\"371\" \/> \u00a0 \u00a0<\/a><a href=\"https:\/\/vest.sudamerica.edu.br\/vest-2026-2\" target=\"_blank\" rel=\" noreferrer noopener\"><img loading=\"lazy\" decoding=\"async\" class=\"wp-image-453120\" src=\"https:\/\/www.ovigilanteonline.com.br\/site\/wp-content\/uploads\/2026\/08\/sudamerica-materias.jpg\" alt=\"\" width=\"379\" height=\"370\" \/><\/a><\/p>\n<hr \/>\n<\/figure>\n<\/div>\n<p><!-- \/wp:column --><\/div>\n<p><!-- \/wp:columns --><\/p>\n<p>&nbsp;<\/p>\n<p><!-- \/wp:separator --><\/p>\n<\/div>\n\n<div class=\"ultp-not-found-message\" role=\"alert\">No Post Found<\/div>\n\n\n<p class=\"wp-block-paragraph\"><\/p>\n\n\n\n<p class=\"wp-block-paragraph\"><\/p>\n\n\n\n<p class=\"wp-block-paragraph\"><\/p>\n","protected":false},"excerpt":{"rendered":"<p>Cerim\u00f4nia foi realizada na manh\u00e3 desta segunda-feira (9) na sede da 109\u00aa Subse\u00e7\u00e3o da Ordem dos Advogados do Brasil de Leopoldina. Prefeitos, vice-prefeitos e vereadores dos munic\u00edpios de Leopoldina e Argirita, eleitos nas elei\u00e7\u00f5es municipais de outubro na Comarca de Leopoldina, foram diplomados pela Justi\u00e7a Eleitoral de Minas Gerais na manh\u00e3 desta segunda-feira, 9 de [&hellip;]<\/p>\n","protected":false},"author":2,"featured_media":438080,"comment_status":"open","ping_status":"closed","sticky":false,"template":"","format":"standard","meta":{"footnotes":""},"categories":[1,11,26],"tags":[],"class_list":["post-438079","post","type-post","status-publish","format-standard","has-post-thumbnail","hentry","category-destaque","category-leopoldina","category-ultimas-noticias"],"yoast_head":"<!-- This site is optimized with the Yoast SEO plugin v28.3 - https:\/\/yoast.com\/product\/yoast-seo-wordpress\/ -->\n<title>Eleitos em Leopoldina e Argirita s\u00e3o diplomados pela Justi\u00e7a Eleitoral<\/title>\n<meta name=\"robots\" content=\"index, follow, max-snippet:-1, max-image-preview:large, max-video-preview:-1\" \/>\n<link rel=\"canonical\" href=\"https:\/\/www.ovigilanteonline.com.br\/site\/2024\/12\/09\/eleitos-em-leopoldina-e-argirita-sao-diplomados-pela-justica-eleitoral\/\" \/>\n<meta property=\"og:locale\" content=\"pt_BR\" \/>\n<meta property=\"og:type\" content=\"article\" \/>\n<meta property=\"og:title\" content=\"Eleitos em Leopoldina e Argirita s\u00e3o diplomados pela Justi\u00e7a Eleitoral\" \/>\n<meta property=\"og:description\" content=\"Cerim\u00f4nia foi realizada na manh\u00e3 desta segunda-feira (9) na sede da 109\u00aa Subse\u00e7\u00e3o da Ordem dos Advogados do Brasil de Leopoldina. Prefeitos, vice-prefeitos e vereadores dos munic\u00edpios de Leopoldina e Argirita, eleitos nas elei\u00e7\u00f5es municipais de outubro na Comarca de Leopoldina, foram diplomados pela Justi\u00e7a Eleitoral de Minas Gerais na manh\u00e3 desta segunda-feira, 9 de [&hellip;]\" \/>\n<meta property=\"og:url\" content=\"https:\/\/www.ovigilanteonline.com.br\/site\/2024\/12\/09\/eleitos-em-leopoldina-e-argirita-sao-diplomados-pela-justica-eleitoral\/\" \/>\n<meta property=\"og:site_name\" content=\"O VIGILANTE ONLINE\" \/>\n<meta property=\"article:publisher\" content=\"https:\/\/www.facebook.com\/ovigilanteonline\" \/>\n<meta property=\"article:published_time\" content=\"2024-12-09T16:08:30+00:00\" \/>\n<meta property=\"article:modified_time\" content=\"2024-12-10T12:23:56+00:00\" \/>\n<meta property=\"og:image\" content=\"https:\/\/www.ovigilanteonline.com.br\/site\/wp-content\/uploads\/2024\/12\/WhatsApp-Image-2024-12-09-at-10.57.07.jpeg\" \/>\n\t<meta property=\"og:image:width\" content=\"900\" \/>\n\t<meta property=\"og:image:height\" content=\"514\" \/>\n\t<meta property=\"og:image:type\" content=\"image\/jpeg\" \/>\n<meta name=\"author\" content=\"Jornalismo\" \/>\n<meta name=\"twitter:card\" content=\"summary_large_image\" \/>\n<meta name=\"twitter:label1\" content=\"Escrito por\" \/>\n\t<meta name=\"twitter:data1\" content=\"Jornalismo\" \/>\n\t<meta name=\"twitter:label2\" content=\"Est. tempo de leitura\" \/>\n\t<meta name=\"twitter:data2\" content=\"3 minutos\" \/>\n<script type=\"application\/ld+json\" class=\"yoast-schema-graph\">{\"@context\":\"https:\\\/\\\/schema.org\",\"@graph\":[{\"@type\":\"Article\",\"@id\":\"https:\\\/\\\/www.ovigilanteonline.com.br\\\/site\\\/2024\\\/12\\\/09\\\/eleitos-em-leopoldina-e-argirita-sao-diplomados-pela-justica-eleitoral\\\/#article\",\"isPartOf\":{\"@id\":\"https:\\\/\\\/www.ovigilanteonline.com.br\\\/site\\\/2024\\\/12\\\/09\\\/eleitos-em-leopoldina-e-argirita-sao-diplomados-pela-justica-eleitoral\\\/\"},\"author\":{\"name\":\"Jornalismo\",\"@id\":\"https:\\\/\\\/www.ovigilanteonline.com.br\\\/site\\\/#\\\/schema\\\/person\\\/538fdfb33c0c411cd14a732e7cf14aa6\"},\"headline\":\"Eleitos em Leopoldina e Argirita s\u00e3o diplomados pela Justi\u00e7a Eleitoral\",\"datePublished\":\"2024-12-09T16:08:30+00:00\",\"dateModified\":\"2024-12-10T12:23:56+00:00\",\"mainEntityOfPage\":{\"@id\":\"https:\\\/\\\/www.ovigilanteonline.com.br\\\/site\\\/2024\\\/12\\\/09\\\/eleitos-em-leopoldina-e-argirita-sao-diplomados-pela-justica-eleitoral\\\/\"},\"wordCount\":437,\"commentCount\":0,\"image\":{\"@id\":\"https:\\\/\\\/www.ovigilanteonline.com.br\\\/site\\\/2024\\\/12\\\/09\\\/eleitos-em-leopoldina-e-argirita-sao-diplomados-pela-justica-eleitoral\\\/#primaryimage\"},\"thumbnailUrl\":\"https:\\\/\\\/www.ovigilanteonline.com.br\\\/site\\\/wp-content\\\/uploads\\\/2024\\\/12\\\/WhatsApp-Image-2024-12-09-at-10.57.07.jpeg\",\"articleSection\":[\"Destaque\",\"Leopoldina\",\"\u00daltimas Not\u00edcias\"],\"inLanguage\":\"pt-BR\",\"potentialAction\":[{\"@type\":\"CommentAction\",\"name\":\"Comment\",\"target\":[\"https:\\\/\\\/www.ovigilanteonline.com.br\\\/site\\\/2024\\\/12\\\/09\\\/eleitos-em-leopoldina-e-argirita-sao-diplomados-pela-justica-eleitoral\\\/#respond\"]}]},{\"@type\":\"WebPage\",\"@id\":\"https:\\\/\\\/www.ovigilanteonline.com.br\\\/site\\\/2024\\\/12\\\/09\\\/eleitos-em-leopoldina-e-argirita-sao-diplomados-pela-justica-eleitoral\\\/\",\"url\":\"https:\\\/\\\/www.ovigilanteonline.com.br\\\/site\\\/2024\\\/12\\\/09\\\/eleitos-em-leopoldina-e-argirita-sao-diplomados-pela-justica-eleitoral\\\/\",\"name\":\"Eleitos em Leopoldina e Argirita s\u00e3o diplomados pela Justi\u00e7a Eleitoral\",\"isPartOf\":{\"@id\":\"https:\\\/\\\/www.ovigilanteonline.com.br\\\/site\\\/#website\"},\"primaryImageOfPage\":{\"@id\":\"https:\\\/\\\/www.ovigilanteonline.com.br\\\/site\\\/2024\\\/12\\\/09\\\/eleitos-em-leopoldina-e-argirita-sao-diplomados-pela-justica-eleitoral\\\/#primaryimage\"},\"image\":{\"@id\":\"https:\\\/\\\/www.ovigilanteonline.com.br\\\/site\\\/2024\\\/12\\\/09\\\/eleitos-em-leopoldina-e-argirita-sao-diplomados-pela-justica-eleitoral\\\/#primaryimage\"},\"thumbnailUrl\":\"https:\\\/\\\/www.ovigilanteonline.com.br\\\/site\\\/wp-content\\\/uploads\\\/2024\\\/12\\\/WhatsApp-Image-2024-12-09-at-10.57.07.jpeg\",\"datePublished\":\"2024-12-09T16:08:30+00:00\",\"dateModified\":\"2024-12-10T12:23:56+00:00\",\"author\":{\"@id\":\"https:\\\/\\\/www.ovigilanteonline.com.br\\\/site\\\/#\\\/schema\\\/person\\\/538fdfb33c0c411cd14a732e7cf14aa6\"},\"breadcrumb\":{\"@id\":\"https:\\\/\\\/www.ovigilanteonline.com.br\\\/site\\\/2024\\\/12\\\/09\\\/eleitos-em-leopoldina-e-argirita-sao-diplomados-pela-justica-eleitoral\\\/#breadcrumb\"},\"inLanguage\":\"pt-BR\",\"potentialAction\":[{\"@type\":\"ReadAction\",\"target\":[\"https:\\\/\\\/www.ovigilanteonline.com.br\\\/site\\\/2024\\\/12\\\/09\\\/eleitos-em-leopoldina-e-argirita-sao-diplomados-pela-justica-eleitoral\\\/\"]}]},{\"@type\":\"ImageObject\",\"inLanguage\":\"pt-BR\",\"@id\":\"https:\\\/\\\/www.ovigilanteonline.com.br\\\/site\\\/2024\\\/12\\\/09\\\/eleitos-em-leopoldina-e-argirita-sao-diplomados-pela-justica-eleitoral\\\/#primaryimage\",\"url\":\"https:\\\/\\\/www.ovigilanteonline.com.br\\\/site\\\/wp-content\\\/uploads\\\/2024\\\/12\\\/WhatsApp-Image-2024-12-09-at-10.57.07.jpeg\",\"contentUrl\":\"https:\\\/\\\/www.ovigilanteonline.com.br\\\/site\\\/wp-content\\\/uploads\\\/2024\\\/12\\\/WhatsApp-Image-2024-12-09-at-10.57.07.jpeg\",\"width\":900,\"height\":514},{\"@type\":\"BreadcrumbList\",\"@id\":\"https:\\\/\\\/www.ovigilanteonline.com.br\\\/site\\\/2024\\\/12\\\/09\\\/eleitos-em-leopoldina-e-argirita-sao-diplomados-pela-justica-eleitoral\\\/#breadcrumb\",\"itemListElement\":[{\"@type\":\"ListItem\",\"position\":1,\"name\":\"In\u00edcio\",\"item\":\"https:\\\/\\\/www.ovigilanteonline.com.br\\\/site\\\/\"},{\"@type\":\"ListItem\",\"position\":2,\"name\":\"Eleitos em Leopoldina e Argirita s\u00e3o diplomados pela Justi\u00e7a Eleitoral\"}]},{\"@type\":\"WebSite\",\"@id\":\"https:\\\/\\\/www.ovigilanteonline.com.br\\\/site\\\/#website\",\"url\":\"https:\\\/\\\/www.ovigilanteonline.com.br\\\/site\\\/\",\"name\":\"O VIGILANTE ONLINE - Not\u00edcias de Leopoldina e regi\u00e3o\",\"description\":\"\",\"potentialAction\":[{\"@type\":\"SearchAction\",\"target\":{\"@type\":\"EntryPoint\",\"urlTemplate\":\"https:\\\/\\\/www.ovigilanteonline.com.br\\\/site\\\/?s={search_term_string}\"},\"query-input\":{\"@type\":\"PropertyValueSpecification\",\"valueRequired\":true,\"valueName\":\"search_term_string\"}}],\"inLanguage\":\"pt-BR\"},{\"@type\":\"Person\",\"@id\":\"https:\\\/\\\/www.ovigilanteonline.com.br\\\/site\\\/#\\\/schema\\\/person\\\/538fdfb33c0c411cd14a732e7cf14aa6\",\"name\":\"Jornalismo\"}]}<\/script>\n<!-- \/ Yoast SEO plugin. -->","yoast_head_json":{"title":"Eleitos em Leopoldina e Argirita s\u00e3o diplomados pela Justi\u00e7a Eleitoral","robots":{"index":"index","follow":"follow","max-snippet":"max-snippet:-1","max-image-preview":"max-image-preview:large","max-video-preview":"max-video-preview:-1"},"canonical":"https:\/\/www.ovigilanteonline.com.br\/site\/2024\/12\/09\/eleitos-em-leopoldina-e-argirita-sao-diplomados-pela-justica-eleitoral\/","og_locale":"pt_BR","og_type":"article","og_title":"Eleitos em Leopoldina e Argirita s\u00e3o diplomados pela Justi\u00e7a Eleitoral","og_description":"Cerim\u00f4nia foi realizada na manh\u00e3 desta segunda-feira (9) na sede da 109\u00aa Subse\u00e7\u00e3o da Ordem dos Advogados do Brasil de Leopoldina. Prefeitos, vice-prefeitos e vereadores dos munic\u00edpios de Leopoldina e Argirita, eleitos nas elei\u00e7\u00f5es municipais de outubro na Comarca de Leopoldina, foram diplomados pela Justi\u00e7a Eleitoral de Minas Gerais na manh\u00e3 desta segunda-feira, 9 de [&hellip;]","og_url":"https:\/\/www.ovigilanteonline.com.br\/site\/2024\/12\/09\/eleitos-em-leopoldina-e-argirita-sao-diplomados-pela-justica-eleitoral\/","og_site_name":"O VIGILANTE ONLINE","article_publisher":"https:\/\/www.facebook.com\/ovigilanteonline","article_published_time":"2024-12-09T16:08:30+00:00","article_modified_time":"2024-12-10T12:23:56+00:00","og_image":[{"width":900,"height":514,"url":"https:\/\/www.ovigilanteonline.com.br\/site\/wp-content\/uploads\/2024\/12\/WhatsApp-Image-2024-12-09-at-10.57.07.jpeg","type":"image\/jpeg"}],"author":"Jornalismo","twitter_card":"summary_large_image","twitter_misc":{"Escrito por":"Jornalismo","Est. tempo de leitura":"3 minutos"},"schema":{"@context":"https:\/\/schema.org","@graph":[{"@type":"Article","@id":"https:\/\/www.ovigilanteonline.com.br\/site\/2024\/12\/09\/eleitos-em-leopoldina-e-argirita-sao-diplomados-pela-justica-eleitoral\/#article","isPartOf":{"@id":"https:\/\/www.ovigilanteonline.com.br\/site\/2024\/12\/09\/eleitos-em-leopoldina-e-argirita-sao-diplomados-pela-justica-eleitoral\/"},"author":{"name":"Jornalismo","@id":"https:\/\/www.ovigilanteonline.com.br\/site\/#\/schema\/person\/538fdfb33c0c411cd14a732e7cf14aa6"},"headline":"Eleitos em Leopoldina e Argirita s\u00e3o diplomados pela Justi\u00e7a Eleitoral","datePublished":"2024-12-09T16:08:30+00:00","dateModified":"2024-12-10T12:23:56+00:00","mainEntityOfPage":{"@id":"https:\/\/www.ovigilanteonline.com.br\/site\/2024\/12\/09\/eleitos-em-leopoldina-e-argirita-sao-diplomados-pela-justica-eleitoral\/"},"wordCount":437,"commentCount":0,"image":{"@id":"https:\/\/www.ovigilanteonline.com.br\/site\/2024\/12\/09\/eleitos-em-leopoldina-e-argirita-sao-diplomados-pela-justica-eleitoral\/#primaryimage"},"thumbnailUrl":"https:\/\/www.ovigilanteonline.com.br\/site\/wp-content\/uploads\/2024\/12\/WhatsApp-Image-2024-12-09-at-10.57.07.jpeg","articleSection":["Destaque","Leopoldina","\u00daltimas Not\u00edcias"],"inLanguage":"pt-BR","potentialAction":[{"@type":"CommentAction","name":"Comment","target":["https:\/\/www.ovigilanteonline.com.br\/site\/2024\/12\/09\/eleitos-em-leopoldina-e-argirita-sao-diplomados-pela-justica-eleitoral\/#respond"]}]},{"@type":"WebPage","@id":"https:\/\/www.ovigilanteonline.com.br\/site\/2024\/12\/09\/eleitos-em-leopoldina-e-argirita-sao-diplomados-pela-justica-eleitoral\/","url":"https:\/\/www.ovigilanteonline.com.br\/site\/2024\/12\/09\/eleitos-em-leopoldina-e-argirita-sao-diplomados-pela-justica-eleitoral\/","name":"Eleitos em Leopoldina e Argirita s\u00e3o diplomados pela Justi\u00e7a Eleitoral","isPartOf":{"@id":"https:\/\/www.ovigilanteonline.com.br\/site\/#website"},"primaryImageOfPage":{"@id":"https:\/\/www.ovigilanteonline.com.br\/site\/2024\/12\/09\/eleitos-em-leopoldina-e-argirita-sao-diplomados-pela-justica-eleitoral\/#primaryimage"},"image":{"@id":"https:\/\/www.ovigilanteonline.com.br\/site\/2024\/12\/09\/eleitos-em-leopoldina-e-argirita-sao-diplomados-pela-justica-eleitoral\/#primaryimage"},"thumbnailUrl":"https:\/\/www.ovigilanteonline.com.br\/site\/wp-content\/uploads\/2024\/12\/WhatsApp-Image-2024-12-09-at-10.57.07.jpeg","datePublished":"2024-12-09T16:08:30+00:00","dateModified":"2024-12-10T12:23:56+00:00","author":{"@id":"https:\/\/www.ovigilanteonline.com.br\/site\/#\/schema\/person\/538fdfb33c0c411cd14a732e7cf14aa6"},"breadcrumb":{"@id":"https:\/\/www.ovigilanteonline.com.br\/site\/2024\/12\/09\/eleitos-em-leopoldina-e-argirita-sao-diplomados-pela-justica-eleitoral\/#breadcrumb"},"inLanguage":"pt-BR","potentialAction":[{"@type":"ReadAction","target":["https:\/\/www.ovigilanteonline.com.br\/site\/2024\/12\/09\/eleitos-em-leopoldina-e-argirita-sao-diplomados-pela-justica-eleitoral\/"]}]},{"@type":"ImageObject","inLanguage":"pt-BR","@id":"https:\/\/www.ovigilanteonline.com.br\/site\/2024\/12\/09\/eleitos-em-leopoldina-e-argirita-sao-diplomados-pela-justica-eleitoral\/#primaryimage","url":"https:\/\/www.ovigilanteonline.com.br\/site\/wp-content\/uploads\/2024\/12\/WhatsApp-Image-2024-12-09-at-10.57.07.jpeg","contentUrl":"https:\/\/www.ovigilanteonline.com.br\/site\/wp-content\/uploads\/2024\/12\/WhatsApp-Image-2024-12-09-at-10.57.07.jpeg","width":900,"height":514},{"@type":"BreadcrumbList","@id":"https:\/\/www.ovigilanteonline.com.br\/site\/2024\/12\/09\/eleitos-em-leopoldina-e-argirita-sao-diplomados-pela-justica-eleitoral\/#breadcrumb","itemListElement":[{"@type":"ListItem","position":1,"name":"In\u00edcio","item":"https:\/\/www.ovigilanteonline.com.br\/site\/"},{"@type":"ListItem","position":2,"name":"Eleitos em Leopoldina e Argirita s\u00e3o diplomados pela Justi\u00e7a Eleitoral"}]},{"@type":"WebSite","@id":"https:\/\/www.ovigilanteonline.com.br\/site\/#website","url":"https:\/\/www.ovigilanteonline.com.br\/site\/","name":"O VIGILANTE ONLINE - Not\u00edcias de Leopoldina e regi\u00e3o","description":"","potentialAction":[{"@type":"SearchAction","target":{"@type":"EntryPoint","urlTemplate":"https:\/\/www.ovigilanteonline.com.br\/site\/?s={search_term_string}"},"query-input":{"@type":"PropertyValueSpecification","valueRequired":true,"valueName":"search_term_string"}}],"inLanguage":"pt-BR"},{"@type":"Person","@id":"https:\/\/www.ovigilanteonline.com.br\/site\/#\/schema\/person\/538fdfb33c0c411cd14a732e7cf14aa6","name":"Jornalismo"}]}},"cc_featured_image_caption":{"caption_text":"O Vigilante Online ","source_text":"","source_url":""},"_links":{"self":[{"href":"https:\/\/www.ovigilanteonline.com.br\/site\/wp-json\/wp\/v2\/posts\/438079","targetHints":{"allow":["GET"]}}],"collection":[{"href":"https:\/\/www.ovigilanteonline.com.br\/site\/wp-json\/wp\/v2\/posts"}],"about":[{"href":"https:\/\/www.ovigilanteonline.com.br\/site\/wp-json\/wp\/v2\/types\/post"}],"author":[{"embeddable":true,"href":"https:\/\/www.ovigilanteonline.com.br\/site\/wp-json\/wp\/v2\/users\/2"}],"replies":[{"embeddable":true,"href":"https:\/\/www.ovigilanteonline.com.br\/site\/wp-json\/wp\/v2\/comments?post=438079"}],"version-history":[{"count":0,"href":"https:\/\/www.ovigilanteonline.com.br\/site\/wp-json\/wp\/v2\/posts\/438079\/revisions"}],"wp:featuredmedia":[{"embeddable":true,"href":"https:\/\/www.ovigilanteonline.com.br\/site\/wp-json\/wp\/v2\/media\/438080"}],"wp:attachment":[{"href":"https:\/\/www.ovigilanteonline.com.br\/site\/wp-json\/wp\/v2\/media?parent=438079"}],"wp:term":[{"taxonomy":"category","embeddable":true,"href":"https:\/\/www.ovigilanteonline.com.br\/site\/wp-json\/wp\/v2\/categories?post=438079"},{"taxonomy":"post_tag","embeddable":true,"href":"https:\/\/www.ovigilanteonline.com.br\/site\/wp-json\/wp\/v2\/tags?post=438079"}],"curies":[{"name":"wp","href":"https:\/\/api.w.org\/{rel}","templated":true}]}}