{"id":437774,"date":"2024-11-29T07:50:46","date_gmt":"2024-11-29T10:50:46","guid":{"rendered":"https:\/\/www.ovigilanteonline.com.br\/site\/?p=437774"},"modified":"2024-12-01T13:00:23","modified_gmt":"2024-12-01T16:00:23","slug":"cartorio-eleitoral-de-leopoldina-marca-diplomacao-de-candidatos-eleitos-para-9-de-dezembro","status":"publish","type":"post","link":"https:\/\/www.ovigilanteonline.com.br\/site\/2024\/11\/29\/cartorio-eleitoral-de-leopoldina-marca-diplomacao-de-candidatos-eleitos-para-9-de-dezembro\/","title":{"rendered":"Cart\u00f3rio Eleitoral de Leopoldina marca diploma\u00e7\u00e3o de candidatos eleitos para 9 de dezembro"},"content":{"rendered":"<div id=\"ovigi-2888578937\" class=\"ovigi-inicio-post-interno ovigi-entity-placement\" style=\"margin-left: auto;margin-right: auto;text-align: center;\"><a href=\"https:\/\/onelink.to\/tfjfd3?utm_source=ig&#038;utm_medium=social&#038;utm_content=link_in_bio&#038;fbclid=PAcGRvZgJleHRuA2FlbQIxMQBzcnRjBmFwcF9pZA85MzY2MTk3NDMzOTI0NTkAAacgW20vIuhakYBCxZduUBbwssdSFoAQ7exuq7BFVvR-PR9sdpzVWlAvY7yZog_aem__Bn7V7eJEMspatV_tVfmIA\" target=\"_blank\" aria-label=\"ARTE GIF\"><img decoding=\"async\" src=\"https:\/\/www.ovigilanteonline.com.br\/site\/wp-content\/uploads\/2026\/05\/ARTE-GIF.gif\" alt=\"\"    \/><\/a><\/div>\n<h3 class=\"wp-block-heading\"><strong><em>Pol\u00edticos receber\u00e3o diploma de eleitos nas elei\u00e7\u00f5es municipais deste ano em cerim\u00f4nia no audit\u00f3rio da Casa do Advogado.<\/em><\/strong><\/h3>\n\n\n\n\n\n<p class=\"wp-block-paragraph\">O Cart\u00f3rio Eleitoral de Leopoldina marcou para o dia 9 de dezembro a diploma\u00e7\u00e3o dos candidatos eleitos em outubro nos munic\u00edpios de Leopoldina e Argirita.<\/p>\n\n\n\n<p class=\"wp-block-paragraph\">A cerim\u00f4nia ser\u00e1 realizada \u00e0s 10h, no audit\u00f3rio da Casa do Advogado da 109\u00aa Subse\u00e7\u00e3o da Ordem dos Advogados do Brasil de Leopoldina.<\/p><div id=\"ovigi-1818796269\" class=\"ovigi-conteudo_2-3 ovigi-entity-placement\"><script async src=\"\/\/pagead2.googlesyndication.com\/pagead\/js\/adsbygoogle.js?client=ca-pub-4068173061741521\" crossorigin=\"anonymous\"><\/script><ins class=\"adsbygoogle\" style=\"display:block; text-align:center;\" data-ad-client=\"ca-pub-4068173061741521\" \ndata-ad-slot=\"6460393376\" \ndata-ad-layout=\"in-article\"\ndata-ad-format=\"fluid\"><\/ins>\n<script> \n(adsbygoogle = window.adsbygoogle || []).push({}); \n<\/script>\n<\/div><div id=\"ovigi-546255287\" class=\"ovigi-conteudo_2-2 ovigi-entity-placement\"><script async src=\"\/\/pagead2.googlesyndication.com\/pagead\/js\/adsbygoogle.js?client=ca-pub-4068173061741521\" crossorigin=\"anonymous\"><\/script><ins class=\"adsbygoogle\" style=\"display:block; text-align:center;\" data-ad-client=\"ca-pub-4068173061741521\" \ndata-ad-slot=\"6460393376\" \ndata-ad-layout=\"in-article\"\ndata-ad-format=\"fluid\"><\/ins>\n<script> \n(adsbygoogle = window.adsbygoogle || []).push({}); \n<\/script>\n<\/div><div id=\"ovigi-561503560\" class=\"ovigi-conteudo_2 ovigi-entity-placement\"><script async src=\"\/\/pagead2.googlesyndication.com\/pagead\/js\/adsbygoogle.js?client=ca-pub-4068173061741521\" crossorigin=\"anonymous\"><\/script><ins class=\"adsbygoogle\" style=\"display:block; text-align:center;\" data-ad-client=\"ca-pub-4068173061741521\" \ndata-ad-slot=\"6460393376\" \ndata-ad-layout=\"in-article\"\ndata-ad-format=\"fluid\"><\/ins>\n<script> \n(adsbygoogle = window.adsbygoogle || []).push({}); \n<\/script>\n<\/div><div id=\"ovigi-2413930065\" class=\"ovigi-conteudo_2-4 ovigi-entity-placement\"><script async src=\"\/\/pagead2.googlesyndication.com\/pagead\/js\/adsbygoogle.js?client=ca-pub-4068173061741521\" crossorigin=\"anonymous\"><\/script><ins class=\"adsbygoogle\" style=\"display:block; text-align:center;\" data-ad-client=\"ca-pub-4068173061741521\" \ndata-ad-slot=\"6460393376\" \ndata-ad-layout=\"in-article\"\ndata-ad-format=\"fluid\"><\/ins>\n<script> \n(adsbygoogle = window.adsbygoogle || []).push({}); \n<\/script>\n<\/div>\n\n\n\n\n\n<p class=\"wp-block-paragraph\">Ser\u00e3o diplomados os prefeitos, vice-prefeitos e vereadores eleitos.<\/p>\n\n\n\n<p class=\"wp-block-paragraph\">Recebem os diplomas em Leopoldina o prefeito reeleito Pedro Augusto Junqueira Ferraz, o vice-prefeito Ant\u00f4nio Carlos Martins Pimentel e os vereadores Rooney de Paula, Elv\u00e9cio Produ\u00e7\u00f5es, Queijinho do Povo, Waldair Costa, Bernardo Guedes, Oldemar Montenari, Luan Castro, Edvaldo Franquido, C\u00edcero, Jo\u00e3o Tat\u00e3o, Jos\u00e9 Augusto Cabral, Pastora Regina, Vin\u00edcius Madaleno, Gilmar Pimentel e V\u00edtor Resende.<\/p>\n\n\n\n<p class=\"wp-block-paragraph\"><em>Jornal O Vigilante Online<\/em><\/p>\n\n\n<div class=\"ultp-not-found-message\" role=\"alert\">No Post Found<\/div>\n\n<div id=\"ovigi-3322530326\"><p><!-- wp:paragraph {\"align\":\"center\",\"fontSize\":\"small\"} --><\/p>\n<p class=\"has-text-align-center has-small-font-size\" style=\"text-align: center;\"><strong>continua depois da publicidade<\/strong><\/p>\n<p><!-- \/wp:paragraph --><\/p>\n<p><!-- wp:separator {\"className\":\"is-style-wide\"} --><\/p>\n<hr class=\"wp-block-separator has-alpha-channel-opacity is-style-wide\" \/><!-- \/wp:separator --><\/p>\n<div class=\"wp-block-columns\">\n<div class=\"wp-block-column\">\n<figure class=\"wp-block-image size-full is-resized\"><a href=\"https:\/\/www.instagram.com\/unimedleopoldina241\/\" target=\"_blank\" rel=\" noreferrer noopener\"><img loading=\"lazy\" decoding=\"async\" class=\"wp-image-455236\" src=\"https:\/\/www.ovigilanteonline.com.br\/site\/wp-content\/uploads\/2026\/08\/unimed-materias.jpg\" alt=\"\" width=\"371\" height=\"371\" \/> \u00a0 \u00a0<\/a><a href=\"https:\/\/vest.sudamerica.edu.br\/vest-2026-2\" target=\"_blank\" rel=\" noreferrer noopener\"><img loading=\"lazy\" decoding=\"async\" class=\"wp-image-453120\" src=\"https:\/\/www.ovigilanteonline.com.br\/site\/wp-content\/uploads\/2026\/08\/sudamerica-materias.jpg\" alt=\"\" width=\"379\" height=\"370\" \/><\/a><\/p>\n<hr \/>\n<\/figure>\n<\/div>\n<p><!-- \/wp:column --><\/div>\n<p><!-- \/wp:columns --><\/p>\n<p>&nbsp;<\/p>\n<p><!-- \/wp:separator --><\/p>\n<\/div>\n\n\n<hr class=\"wp-block-separator has-alpha-channel-opacity is-style-wide\"\/>\n\n\n<div class=\"ultp-not-found-message\" role=\"alert\">No Post Found<\/div>","protected":false},"excerpt":{"rendered":"<p>Pol\u00edticos receber\u00e3o diploma de eleitos nas elei\u00e7\u00f5es municipais deste ano em cerim\u00f4nia no audit\u00f3rio da Casa do Advogado. O Cart\u00f3rio Eleitoral de Leopoldina marcou para o dia 9 de dezembro a diploma\u00e7\u00e3o dos candidatos eleitos em outubro nos munic\u00edpios de Leopoldina e Argirita. A cerim\u00f4nia ser\u00e1 realizada \u00e0s 10h, no audit\u00f3rio da Casa do Advogado [&hellip;]<\/p>\n","protected":false},"author":2,"featured_media":437775,"comment_status":"open","ping_status":"closed","sticky":false,"template":"","format":"standard","meta":{"footnotes":""},"categories":[13,11,330,26],"tags":[],"class_list":["post-437774","post","type-post","status-publish","format-standard","has-post-thumbnail","hentry","category-cidade","category-leopoldina","category-ronda","category-ultimas-noticias"],"yoast_head":"<!-- This site is optimized with the Yoast SEO plugin v28.3 - https:\/\/yoast.com\/product\/yoast-seo-wordpress\/ -->\n<title>Cart\u00f3rio Eleitoral de Leopoldina marca diploma\u00e7\u00e3o de candidatos eleitos para 9 de dezembro<\/title>\n<meta name=\"robots\" content=\"index, follow, max-snippet:-1, max-image-preview:large, max-video-preview:-1\" \/>\n<link rel=\"canonical\" href=\"https:\/\/www.ovigilanteonline.com.br\/site\/2024\/11\/29\/cartorio-eleitoral-de-leopoldina-marca-diplomacao-de-candidatos-eleitos-para-9-de-dezembro\/\" \/>\n<meta property=\"og:locale\" content=\"pt_BR\" \/>\n<meta property=\"og:type\" content=\"article\" \/>\n<meta property=\"og:title\" content=\"Cart\u00f3rio Eleitoral de Leopoldina marca diploma\u00e7\u00e3o de candidatos eleitos para 9 de dezembro\" \/>\n<meta property=\"og:description\" content=\"Pol\u00edticos receber\u00e3o diploma de eleitos nas elei\u00e7\u00f5es municipais deste ano em cerim\u00f4nia no audit\u00f3rio da Casa do Advogado. O Cart\u00f3rio Eleitoral de Leopoldina marcou para o dia 9 de dezembro a diploma\u00e7\u00e3o dos candidatos eleitos em outubro nos munic\u00edpios de Leopoldina e Argirita. A cerim\u00f4nia ser\u00e1 realizada \u00e0s 10h, no audit\u00f3rio da Casa do Advogado [&hellip;]\" \/>\n<meta property=\"og:url\" content=\"https:\/\/www.ovigilanteonline.com.br\/site\/2024\/11\/29\/cartorio-eleitoral-de-leopoldina-marca-diplomacao-de-candidatos-eleitos-para-9-de-dezembro\/\" \/>\n<meta property=\"og:site_name\" content=\"O VIGILANTE ONLINE\" \/>\n<meta property=\"article:publisher\" content=\"https:\/\/www.facebook.com\/ovigilanteonline\" \/>\n<meta property=\"article:published_time\" content=\"2024-11-29T10:50:46+00:00\" \/>\n<meta property=\"article:modified_time\" content=\"2024-12-01T16:00:23+00:00\" \/>\n<meta property=\"og:image\" content=\"https:\/\/www.ovigilanteonline.com.br\/site\/wp-content\/uploads\/2024\/11\/456456.jpg\" \/>\n\t<meta property=\"og:image:width\" content=\"900\" \/>\n\t<meta property=\"og:image:height\" content=\"543\" \/>\n\t<meta property=\"og:image:type\" content=\"image\/jpeg\" \/>\n<meta name=\"author\" content=\"Jornalismo\" \/>\n<meta name=\"twitter:card\" content=\"summary_large_image\" \/>\n<meta name=\"twitter:label1\" content=\"Escrito por\" \/>\n\t<meta name=\"twitter:data1\" content=\"Jornalismo\" \/>\n\t<meta name=\"twitter:label2\" content=\"Est. tempo de leitura\" \/>\n\t<meta name=\"twitter:data2\" content=\"1 minuto\" \/>\n<script type=\"application\/ld+json\" class=\"yoast-schema-graph\">{\"@context\":\"https:\\\/\\\/schema.org\",\"@graph\":[{\"@type\":\"Article\",\"@id\":\"https:\\\/\\\/www.ovigilanteonline.com.br\\\/site\\\/2024\\\/11\\\/29\\\/cartorio-eleitoral-de-leopoldina-marca-diplomacao-de-candidatos-eleitos-para-9-de-dezembro\\\/#article\",\"isPartOf\":{\"@id\":\"https:\\\/\\\/www.ovigilanteonline.com.br\\\/site\\\/2024\\\/11\\\/29\\\/cartorio-eleitoral-de-leopoldina-marca-diplomacao-de-candidatos-eleitos-para-9-de-dezembro\\\/\"},\"author\":{\"name\":\"Jornalismo\",\"@id\":\"https:\\\/\\\/www.ovigilanteonline.com.br\\\/site\\\/#\\\/schema\\\/person\\\/538fdfb33c0c411cd14a732e7cf14aa6\"},\"headline\":\"Cart\u00f3rio Eleitoral de Leopoldina marca diploma\u00e7\u00e3o de candidatos eleitos para 9 de dezembro\",\"datePublished\":\"2024-11-29T10:50:46+00:00\",\"dateModified\":\"2024-12-01T16:00:23+00:00\",\"mainEntityOfPage\":{\"@id\":\"https:\\\/\\\/www.ovigilanteonline.com.br\\\/site\\\/2024\\\/11\\\/29\\\/cartorio-eleitoral-de-leopoldina-marca-diplomacao-de-candidatos-eleitos-para-9-de-dezembro\\\/\"},\"wordCount\":164,\"commentCount\":0,\"image\":{\"@id\":\"https:\\\/\\\/www.ovigilanteonline.com.br\\\/site\\\/2024\\\/11\\\/29\\\/cartorio-eleitoral-de-leopoldina-marca-diplomacao-de-candidatos-eleitos-para-9-de-dezembro\\\/#primaryimage\"},\"thumbnailUrl\":\"https:\\\/\\\/www.ovigilanteonline.com.br\\\/site\\\/wp-content\\\/uploads\\\/2024\\\/11\\\/456456.jpg\",\"articleSection\":[\"Cidade\",\"Leopoldina\",\"Ronda Vigilante\",\"\u00daltimas Not\u00edcias\"],\"inLanguage\":\"pt-BR\",\"potentialAction\":[{\"@type\":\"CommentAction\",\"name\":\"Comment\",\"target\":[\"https:\\\/\\\/www.ovigilanteonline.com.br\\\/site\\\/2024\\\/11\\\/29\\\/cartorio-eleitoral-de-leopoldina-marca-diplomacao-de-candidatos-eleitos-para-9-de-dezembro\\\/#respond\"]}]},{\"@type\":\"WebPage\",\"@id\":\"https:\\\/\\\/www.ovigilanteonline.com.br\\\/site\\\/2024\\\/11\\\/29\\\/cartorio-eleitoral-de-leopoldina-marca-diplomacao-de-candidatos-eleitos-para-9-de-dezembro\\\/\",\"url\":\"https:\\\/\\\/www.ovigilanteonline.com.br\\\/site\\\/2024\\\/11\\\/29\\\/cartorio-eleitoral-de-leopoldina-marca-diplomacao-de-candidatos-eleitos-para-9-de-dezembro\\\/\",\"name\":\"Cart\u00f3rio Eleitoral de Leopoldina marca diploma\u00e7\u00e3o de candidatos eleitos para 9 de dezembro\",\"isPartOf\":{\"@id\":\"https:\\\/\\\/www.ovigilanteonline.com.br\\\/site\\\/#website\"},\"primaryImageOfPage\":{\"@id\":\"https:\\\/\\\/www.ovigilanteonline.com.br\\\/site\\\/2024\\\/11\\\/29\\\/cartorio-eleitoral-de-leopoldina-marca-diplomacao-de-candidatos-eleitos-para-9-de-dezembro\\\/#primaryimage\"},\"image\":{\"@id\":\"https:\\\/\\\/www.ovigilanteonline.com.br\\\/site\\\/2024\\\/11\\\/29\\\/cartorio-eleitoral-de-leopoldina-marca-diplomacao-de-candidatos-eleitos-para-9-de-dezembro\\\/#primaryimage\"},\"thumbnailUrl\":\"https:\\\/\\\/www.ovigilanteonline.com.br\\\/site\\\/wp-content\\\/uploads\\\/2024\\\/11\\\/456456.jpg\",\"datePublished\":\"2024-11-29T10:50:46+00:00\",\"dateModified\":\"2024-12-01T16:00:23+00:00\",\"author\":{\"@id\":\"https:\\\/\\\/www.ovigilanteonline.com.br\\\/site\\\/#\\\/schema\\\/person\\\/538fdfb33c0c411cd14a732e7cf14aa6\"},\"breadcrumb\":{\"@id\":\"https:\\\/\\\/www.ovigilanteonline.com.br\\\/site\\\/2024\\\/11\\\/29\\\/cartorio-eleitoral-de-leopoldina-marca-diplomacao-de-candidatos-eleitos-para-9-de-dezembro\\\/#breadcrumb\"},\"inLanguage\":\"pt-BR\",\"potentialAction\":[{\"@type\":\"ReadAction\",\"target\":[\"https:\\\/\\\/www.ovigilanteonline.com.br\\\/site\\\/2024\\\/11\\\/29\\\/cartorio-eleitoral-de-leopoldina-marca-diplomacao-de-candidatos-eleitos-para-9-de-dezembro\\\/\"]}]},{\"@type\":\"ImageObject\",\"inLanguage\":\"pt-BR\",\"@id\":\"https:\\\/\\\/www.ovigilanteonline.com.br\\\/site\\\/2024\\\/11\\\/29\\\/cartorio-eleitoral-de-leopoldina-marca-diplomacao-de-candidatos-eleitos-para-9-de-dezembro\\\/#primaryimage\",\"url\":\"https:\\\/\\\/www.ovigilanteonline.com.br\\\/site\\\/wp-content\\\/uploads\\\/2024\\\/11\\\/456456.jpg\",\"contentUrl\":\"https:\\\/\\\/www.ovigilanteonline.com.br\\\/site\\\/wp-content\\\/uploads\\\/2024\\\/11\\\/456456.jpg\",\"width\":900,\"height\":543},{\"@type\":\"BreadcrumbList\",\"@id\":\"https:\\\/\\\/www.ovigilanteonline.com.br\\\/site\\\/2024\\\/11\\\/29\\\/cartorio-eleitoral-de-leopoldina-marca-diplomacao-de-candidatos-eleitos-para-9-de-dezembro\\\/#breadcrumb\",\"itemListElement\":[{\"@type\":\"ListItem\",\"position\":1,\"name\":\"In\u00edcio\",\"item\":\"https:\\\/\\\/www.ovigilanteonline.com.br\\\/site\\\/\"},{\"@type\":\"ListItem\",\"position\":2,\"name\":\"Cart\u00f3rio Eleitoral de Leopoldina marca diploma\u00e7\u00e3o de candidatos eleitos para 9 de dezembro\"}]},{\"@type\":\"WebSite\",\"@id\":\"https:\\\/\\\/www.ovigilanteonline.com.br\\\/site\\\/#website\",\"url\":\"https:\\\/\\\/www.ovigilanteonline.com.br\\\/site\\\/\",\"name\":\"O VIGILANTE ONLINE - Not\u00edcias de Leopoldina e regi\u00e3o\",\"description\":\"\",\"potentialAction\":[{\"@type\":\"SearchAction\",\"target\":{\"@type\":\"EntryPoint\",\"urlTemplate\":\"https:\\\/\\\/www.ovigilanteonline.com.br\\\/site\\\/?s={search_term_string}\"},\"query-input\":{\"@type\":\"PropertyValueSpecification\",\"valueRequired\":true,\"valueName\":\"search_term_string\"}}],\"inLanguage\":\"pt-BR\"},{\"@type\":\"Person\",\"@id\":\"https:\\\/\\\/www.ovigilanteonline.com.br\\\/site\\\/#\\\/schema\\\/person\\\/538fdfb33c0c411cd14a732e7cf14aa6\",\"name\":\"Jornalismo\"}]}<\/script>\n<!-- \/ Yoast SEO plugin. -->","yoast_head_json":{"title":"Cart\u00f3rio Eleitoral de Leopoldina marca diploma\u00e7\u00e3o de candidatos eleitos para 9 de dezembro","robots":{"index":"index","follow":"follow","max-snippet":"max-snippet:-1","max-image-preview":"max-image-preview:large","max-video-preview":"max-video-preview:-1"},"canonical":"https:\/\/www.ovigilanteonline.com.br\/site\/2024\/11\/29\/cartorio-eleitoral-de-leopoldina-marca-diplomacao-de-candidatos-eleitos-para-9-de-dezembro\/","og_locale":"pt_BR","og_type":"article","og_title":"Cart\u00f3rio Eleitoral de Leopoldina marca diploma\u00e7\u00e3o de candidatos eleitos para 9 de dezembro","og_description":"Pol\u00edticos receber\u00e3o diploma de eleitos nas elei\u00e7\u00f5es municipais deste ano em cerim\u00f4nia no audit\u00f3rio da Casa do Advogado. O Cart\u00f3rio Eleitoral de Leopoldina marcou para o dia 9 de dezembro a diploma\u00e7\u00e3o dos candidatos eleitos em outubro nos munic\u00edpios de Leopoldina e Argirita. A cerim\u00f4nia ser\u00e1 realizada \u00e0s 10h, no audit\u00f3rio da Casa do Advogado [&hellip;]","og_url":"https:\/\/www.ovigilanteonline.com.br\/site\/2024\/11\/29\/cartorio-eleitoral-de-leopoldina-marca-diplomacao-de-candidatos-eleitos-para-9-de-dezembro\/","og_site_name":"O VIGILANTE ONLINE","article_publisher":"https:\/\/www.facebook.com\/ovigilanteonline","article_published_time":"2024-11-29T10:50:46+00:00","article_modified_time":"2024-12-01T16:00:23+00:00","og_image":[{"width":900,"height":543,"url":"https:\/\/www.ovigilanteonline.com.br\/site\/wp-content\/uploads\/2024\/11\/456456.jpg","type":"image\/jpeg"}],"author":"Jornalismo","twitter_card":"summary_large_image","twitter_misc":{"Escrito por":"Jornalismo","Est. tempo de leitura":"1 minuto"},"schema":{"@context":"https:\/\/schema.org","@graph":[{"@type":"Article","@id":"https:\/\/www.ovigilanteonline.com.br\/site\/2024\/11\/29\/cartorio-eleitoral-de-leopoldina-marca-diplomacao-de-candidatos-eleitos-para-9-de-dezembro\/#article","isPartOf":{"@id":"https:\/\/www.ovigilanteonline.com.br\/site\/2024\/11\/29\/cartorio-eleitoral-de-leopoldina-marca-diplomacao-de-candidatos-eleitos-para-9-de-dezembro\/"},"author":{"name":"Jornalismo","@id":"https:\/\/www.ovigilanteonline.com.br\/site\/#\/schema\/person\/538fdfb33c0c411cd14a732e7cf14aa6"},"headline":"Cart\u00f3rio Eleitoral de Leopoldina marca diploma\u00e7\u00e3o de candidatos eleitos para 9 de dezembro","datePublished":"2024-11-29T10:50:46+00:00","dateModified":"2024-12-01T16:00:23+00:00","mainEntityOfPage":{"@id":"https:\/\/www.ovigilanteonline.com.br\/site\/2024\/11\/29\/cartorio-eleitoral-de-leopoldina-marca-diplomacao-de-candidatos-eleitos-para-9-de-dezembro\/"},"wordCount":164,"commentCount":0,"image":{"@id":"https:\/\/www.ovigilanteonline.com.br\/site\/2024\/11\/29\/cartorio-eleitoral-de-leopoldina-marca-diplomacao-de-candidatos-eleitos-para-9-de-dezembro\/#primaryimage"},"thumbnailUrl":"https:\/\/www.ovigilanteonline.com.br\/site\/wp-content\/uploads\/2024\/11\/456456.jpg","articleSection":["Cidade","Leopoldina","Ronda Vigilante","\u00daltimas Not\u00edcias"],"inLanguage":"pt-BR","potentialAction":[{"@type":"CommentAction","name":"Comment","target":["https:\/\/www.ovigilanteonline.com.br\/site\/2024\/11\/29\/cartorio-eleitoral-de-leopoldina-marca-diplomacao-de-candidatos-eleitos-para-9-de-dezembro\/#respond"]}]},{"@type":"WebPage","@id":"https:\/\/www.ovigilanteonline.com.br\/site\/2024\/11\/29\/cartorio-eleitoral-de-leopoldina-marca-diplomacao-de-candidatos-eleitos-para-9-de-dezembro\/","url":"https:\/\/www.ovigilanteonline.com.br\/site\/2024\/11\/29\/cartorio-eleitoral-de-leopoldina-marca-diplomacao-de-candidatos-eleitos-para-9-de-dezembro\/","name":"Cart\u00f3rio Eleitoral de Leopoldina marca diploma\u00e7\u00e3o de candidatos eleitos para 9 de dezembro","isPartOf":{"@id":"https:\/\/www.ovigilanteonline.com.br\/site\/#website"},"primaryImageOfPage":{"@id":"https:\/\/www.ovigilanteonline.com.br\/site\/2024\/11\/29\/cartorio-eleitoral-de-leopoldina-marca-diplomacao-de-candidatos-eleitos-para-9-de-dezembro\/#primaryimage"},"image":{"@id":"https:\/\/www.ovigilanteonline.com.br\/site\/2024\/11\/29\/cartorio-eleitoral-de-leopoldina-marca-diplomacao-de-candidatos-eleitos-para-9-de-dezembro\/#primaryimage"},"thumbnailUrl":"https:\/\/www.ovigilanteonline.com.br\/site\/wp-content\/uploads\/2024\/11\/456456.jpg","datePublished":"2024-11-29T10:50:46+00:00","dateModified":"2024-12-01T16:00:23+00:00","author":{"@id":"https:\/\/www.ovigilanteonline.com.br\/site\/#\/schema\/person\/538fdfb33c0c411cd14a732e7cf14aa6"},"breadcrumb":{"@id":"https:\/\/www.ovigilanteonline.com.br\/site\/2024\/11\/29\/cartorio-eleitoral-de-leopoldina-marca-diplomacao-de-candidatos-eleitos-para-9-de-dezembro\/#breadcrumb"},"inLanguage":"pt-BR","potentialAction":[{"@type":"ReadAction","target":["https:\/\/www.ovigilanteonline.com.br\/site\/2024\/11\/29\/cartorio-eleitoral-de-leopoldina-marca-diplomacao-de-candidatos-eleitos-para-9-de-dezembro\/"]}]},{"@type":"ImageObject","inLanguage":"pt-BR","@id":"https:\/\/www.ovigilanteonline.com.br\/site\/2024\/11\/29\/cartorio-eleitoral-de-leopoldina-marca-diplomacao-de-candidatos-eleitos-para-9-de-dezembro\/#primaryimage","url":"https:\/\/www.ovigilanteonline.com.br\/site\/wp-content\/uploads\/2024\/11\/456456.jpg","contentUrl":"https:\/\/www.ovigilanteonline.com.br\/site\/wp-content\/uploads\/2024\/11\/456456.jpg","width":900,"height":543},{"@type":"BreadcrumbList","@id":"https:\/\/www.ovigilanteonline.com.br\/site\/2024\/11\/29\/cartorio-eleitoral-de-leopoldina-marca-diplomacao-de-candidatos-eleitos-para-9-de-dezembro\/#breadcrumb","itemListElement":[{"@type":"ListItem","position":1,"name":"In\u00edcio","item":"https:\/\/www.ovigilanteonline.com.br\/site\/"},{"@type":"ListItem","position":2,"name":"Cart\u00f3rio Eleitoral de Leopoldina marca diploma\u00e7\u00e3o de candidatos eleitos para 9 de dezembro"}]},{"@type":"WebSite","@id":"https:\/\/www.ovigilanteonline.com.br\/site\/#website","url":"https:\/\/www.ovigilanteonline.com.br\/site\/","name":"O VIGILANTE ONLINE - Not\u00edcias de Leopoldina e regi\u00e3o","description":"","potentialAction":[{"@type":"SearchAction","target":{"@type":"EntryPoint","urlTemplate":"https:\/\/www.ovigilanteonline.com.br\/site\/?s={search_term_string}"},"query-input":{"@type":"PropertyValueSpecification","valueRequired":true,"valueName":"search_term_string"}}],"inLanguage":"pt-BR"},{"@type":"Person","@id":"https:\/\/www.ovigilanteonline.com.br\/site\/#\/schema\/person\/538fdfb33c0c411cd14a732e7cf14aa6","name":"Jornalismo"}]}},"cc_featured_image_caption":{"caption_text":"","source_text":"","source_url":""},"_links":{"self":[{"href":"https:\/\/www.ovigilanteonline.com.br\/site\/wp-json\/wp\/v2\/posts\/437774","targetHints":{"allow":["GET"]}}],"collection":[{"href":"https:\/\/www.ovigilanteonline.com.br\/site\/wp-json\/wp\/v2\/posts"}],"about":[{"href":"https:\/\/www.ovigilanteonline.com.br\/site\/wp-json\/wp\/v2\/types\/post"}],"author":[{"embeddable":true,"href":"https:\/\/www.ovigilanteonline.com.br\/site\/wp-json\/wp\/v2\/users\/2"}],"replies":[{"embeddable":true,"href":"https:\/\/www.ovigilanteonline.com.br\/site\/wp-json\/wp\/v2\/comments?post=437774"}],"version-history":[{"count":0,"href":"https:\/\/www.ovigilanteonline.com.br\/site\/wp-json\/wp\/v2\/posts\/437774\/revisions"}],"wp:featuredmedia":[{"embeddable":true,"href":"https:\/\/www.ovigilanteonline.com.br\/site\/wp-json\/wp\/v2\/media\/437775"}],"wp:attachment":[{"href":"https:\/\/www.ovigilanteonline.com.br\/site\/wp-json\/wp\/v2\/media?parent=437774"}],"wp:term":[{"taxonomy":"category","embeddable":true,"href":"https:\/\/www.ovigilanteonline.com.br\/site\/wp-json\/wp\/v2\/categories?post=437774"},{"taxonomy":"post_tag","embeddable":true,"href":"https:\/\/www.ovigilanteonline.com.br\/site\/wp-json\/wp\/v2\/tags?post=437774"}],"curies":[{"name":"wp","href":"https:\/\/api.w.org\/{rel}","templated":true}]}}