{"id":437280,"date":"2024-11-11T15:39:55","date_gmt":"2024-11-11T18:39:55","guid":{"rendered":"https:\/\/www.ovigilanteonline.com.br\/site\/?p=437280"},"modified":"2024-11-11T15:43:38","modified_gmt":"2024-11-11T18:43:38","slug":"leopoldina-celebra-talentos-literarios-e-anuncia-vencedores-do-concurso-nacional-de-poesias-augusto-dos-anjos","status":"publish","type":"post","link":"https:\/\/www.ovigilanteonline.com.br\/site\/2024\/11\/11\/leopoldina-celebra-talentos-literarios-e-anuncia-vencedores-do-concurso-nacional-de-poesias-augusto-dos-anjos\/","title":{"rendered":"Leopoldina celebra talentos liter\u00e1rios e anuncia vencedores do Concurso Nacional de Poesias Augusto dos Anjos"},"content":{"rendered":"<div id=\"ovigi-1018929861\" class=\"ovigi-inicio-post-interno ovigi-entity-placement\" style=\"margin-left: auto;margin-right: auto;text-align: center;\"><a href=\"https:\/\/onelink.to\/tfjfd3?utm_source=ig&#038;utm_medium=social&#038;utm_content=link_in_bio&#038;fbclid=PAcGRvZgJleHRuA2FlbQIxMQBzcnRjBmFwcF9pZA85MzY2MTk3NDMzOTI0NTkAAacgW20vIuhakYBCxZduUBbwssdSFoAQ7exuq7BFVvR-PR9sdpzVWlAvY7yZog_aem__Bn7V7eJEMspatV_tVfmIA\" target=\"_blank\" aria-label=\"ARTE GIF\"><img decoding=\"async\" src=\"https:\/\/www.ovigilanteonline.com.br\/site\/wp-content\/uploads\/2026\/05\/ARTE-GIF.gif\" alt=\"\"    \/><\/a><\/div>\n<figure class=\"wp-block-image size-full\"><img loading=\"lazy\" decoding=\"async\" width=\"900\" height=\"486\" src=\"https:\/\/www.ovigilanteonline.com.br\/site\/wp-content\/uploads\/2024\/11\/WhatsApp-Image-2024-11-11-at-15.20.15.jpeg\" alt=\"\" class=\"wp-image-437297\" srcset=\"https:\/\/www.ovigilanteonline.com.br\/site\/wp-content\/uploads\/2024\/11\/WhatsApp-Image-2024-11-11-at-15.20.15.jpeg 900w, https:\/\/www.ovigilanteonline.com.br\/site\/wp-content\/uploads\/2024\/11\/WhatsApp-Image-2024-11-11-at-15.20.15-300x162.jpeg 300w, https:\/\/www.ovigilanteonline.com.br\/site\/wp-content\/uploads\/2024\/11\/WhatsApp-Image-2024-11-11-at-15.20.15-768x415.jpeg 768w, https:\/\/www.ovigilanteonline.com.br\/site\/wp-content\/uploads\/2024\/11\/WhatsApp-Image-2024-11-11-at-15.20.15-600x324.jpeg 600w\" sizes=\"auto, (max-width: 900px) 100vw, 900px\" \/><\/figure>\n\n\n\n<p class=\"wp-block-paragraph\">A Prefeitura de Leopoldina, por meio da Secretaria de Cultura e com apoio da Academia Leopoldinense de Letras e Artes- ALLA, realizou com grande sucesso a final do 33\u00ba Concurso Nacional de Poesias Augusto dos Anjos, integrando a programa\u00e7\u00e3o da Semana Cultural Augusto dos Anjos. A cerim\u00f4nia, que distribuiu R$ 9.800,00 em pr\u00eamios, consagrou tr\u00eas sonetos, tr\u00eas poesias e dois int\u00e9rpretes, destacando talentos vindos de diferentes estados brasileiros.<\/p>\n\n\n\n<p class=\"wp-block-paragraph\">Com mais de mil inscri\u00e7\u00f5es de todo o pa\u00eds, o concurso reafirma-se como uma das iniciativas culturais mais importantes da cidade e representa uma homenagem ao poeta Augusto dos Anjos, que completaria 140 anos em 2024. Esta edi\u00e7\u00e3o do concurso tamb\u00e9m marca os 110 anos de seu falecimento, ocorrido na casa que hoje abriga o Museu Espa\u00e7o dos Anjos, um marco cultural de Leopoldina.<\/p><div id=\"ovigi-3759726862\" class=\"ovigi-conteudo_2-3 ovigi-entity-placement\"><script async src=\"\/\/pagead2.googlesyndication.com\/pagead\/js\/adsbygoogle.js?client=ca-pub-4068173061741521\" crossorigin=\"anonymous\"><\/script><ins class=\"adsbygoogle\" style=\"display:block; text-align:center;\" data-ad-client=\"ca-pub-4068173061741521\" \ndata-ad-slot=\"6460393376\" \ndata-ad-layout=\"in-article\"\ndata-ad-format=\"fluid\"><\/ins>\n<script> \n(adsbygoogle = window.adsbygoogle || []).push({}); \n<\/script>\n<\/div><div id=\"ovigi-3522697221\" class=\"ovigi-conteudo_2-2 ovigi-entity-placement\"><script async src=\"\/\/pagead2.googlesyndication.com\/pagead\/js\/adsbygoogle.js?client=ca-pub-4068173061741521\" crossorigin=\"anonymous\"><\/script><ins class=\"adsbygoogle\" style=\"display:block; text-align:center;\" data-ad-client=\"ca-pub-4068173061741521\" \ndata-ad-slot=\"6460393376\" \ndata-ad-layout=\"in-article\"\ndata-ad-format=\"fluid\"><\/ins>\n<script> \n(adsbygoogle = window.adsbygoogle || []).push({}); \n<\/script>\n<\/div><div id=\"ovigi-3100062131\" class=\"ovigi-conteudo_2 ovigi-entity-placement\"><script async src=\"\/\/pagead2.googlesyndication.com\/pagead\/js\/adsbygoogle.js?client=ca-pub-4068173061741521\" crossorigin=\"anonymous\"><\/script><ins class=\"adsbygoogle\" style=\"display:block; text-align:center;\" data-ad-client=\"ca-pub-4068173061741521\" \ndata-ad-slot=\"6460393376\" \ndata-ad-layout=\"in-article\"\ndata-ad-format=\"fluid\"><\/ins>\n<script> \n(adsbygoogle = window.adsbygoogle || []).push({}); \n<\/script>\n<\/div><div id=\"ovigi-340216806\" class=\"ovigi-conteudo_2-4 ovigi-entity-placement\"><script async src=\"\/\/pagead2.googlesyndication.com\/pagead\/js\/adsbygoogle.js?client=ca-pub-4068173061741521\" crossorigin=\"anonymous\"><\/script><ins class=\"adsbygoogle\" style=\"display:block; text-align:center;\" data-ad-client=\"ca-pub-4068173061741521\" \ndata-ad-slot=\"6460393376\" \ndata-ad-layout=\"in-article\"\ndata-ad-format=\"fluid\"><\/ins>\n<script> \n(adsbygoogle = window.adsbygoogle || []).push({}); \n<\/script>\n<\/div>\n\n\n\n\n\n<p class=\"wp-block-paragraph\">Para o prefeito Pedro Augusto Junqueira Ferraz, o evento simboliza o compromisso do munic\u00edpio em preservar e valorizar o legado do poeta, promovendo, ao mesmo tempo, o incentivo \u00e0 cria\u00e7\u00e3o liter\u00e1ria e a descoberta de novos talentos na poesia.<\/p>\n\n\n\n<p class=\"wp-block-paragraph\">&#8220;\u00c9 uma honra para n\u00f3s manter viva a mem\u00f3ria de Augusto dos Anjos e contribuir para o cen\u00e1rio liter\u00e1rio nacional, celebrando as m\u00faltiplas express\u00f5es po\u00e9ticas de autores de todo o Brasil. A Prefeitura de Leopoldina agradece a participa\u00e7\u00e3o de todos os inscritos e parabeniza os vencedores&#8221;.<\/p>\n\n\n\n<h3 class=\"wp-block-heading\">VENCEDORES:<\/h3>\n\n\n\n<p class=\"wp-block-paragraph\"><strong>SONETOS<\/strong><br>1\u00ba Gilliard Santos da Silva- Fortaleza\/CE<br>T\u00edtulo do Sonte: Desespero<\/p>\n\n\n\n<p class=\"wp-block-paragraph\">2\u00ba Carlos Alberto de Assis<br>Cavalcanti Arcoverde- Arcoverde\/PE<br>T\u00edtulo do Soneto :Sobre um quadro de Gaspar D. Friedrich<\/p>\n\n\n\n<p class=\"wp-block-paragraph\">3\u00ba Elvira Gl\u00f3ria Drummond Miranda- Fortaleza\/CE<br>T\u00edtulo do Sonteto: A Casa<\/p>\n\n\n<div id=\"ovigi-3546656138\">\r\n<p class=\"has-text-align-center has-small-font-size wp-block-paragraph\">continua depois da publicidade<\/p>\r\n\r\n\r\n\r\n<hr class=\"wp-block-separator has-alpha-channel-opacity is-style-wide\"\/>\r\n\r\n\r\n\r\n<div class=\"wp-block-columns is-layout-flex wp-container-core-columns-is-layout-8f761849 wp-block-columns-is-layout-flex\">\r\n<div class=\"wp-block-column is-layout-flow wp-block-column-is-layout-flow\">\r\n<figure class=\"wp-block-image size-full is-resized\"><a href=\"https:\/\/www.instagram.com\/unimedleopoldina241\/\" target=\"_blank\" rel=\" noreferrer noopener\"><img decoding=\"async\" src=\"https:\/\/www.ovigilanteonline.com.br\/site\/wp-content\/uploads\/2026\/08\/unimed-materias.jpg\" alt=\"\" class=\"wp-image-455236\"\/><\/a><\/figure>\r\n<\/div>\r\n\r\n\r\n\r\n<div class=\"wp-block-column is-layout-flow wp-block-column-is-layout-flow\">\r\n<figure class=\"wp-block-image size-full\"><a href=\"https:\/\/vest.sudamerica.edu.br\/vest-2026-2\" target=\"_blank\" rel=\" noreferrer noopener\"><img decoding=\"async\" src=\"https:\/\/www.ovigilanteonline.com.br\/site\/wp-content\/uploads\/2026\/08\/sudamerica-materias.jpg\" alt=\"\" class=\"wp-image-453120\"\/><\/a><\/figure>\r\n<\/div>\r\n<\/div>\r\n\r\n\r\n\r\n<hr class=\"wp-block-separator has-alpha-channel-opacity is-style-wide\"\/>\r\n<\/div>\n\n\n<p class=\"wp-block-paragraph\"><strong>POESIAS<br><\/strong>1\u00ba Patricia de Cassia Retti Donzel- Santo Andr\u00e9\/SP<br>T\u00edtulo da Poesia: Ocaso<\/p>\n\n\n\n<p class=\"wp-block-paragraph\">2\u00ba Andre Luis Soares- Guarapari\/ES<br>T\u00edtulo da Poesia: O amargo vinho do Alzheimer<\/p>\n\n\n\n<p class=\"wp-block-paragraph\">3\u00ba Rejane Adriana Brand\u00e3o- Belo Horizonte\/MG<br>T\u00edtulo da Poesia: S\u00ea<\/p>\n\n\n\n<p class=\"wp-block-paragraph\"><strong>INT\u00c9RPRETES<\/strong><br>1\u00ba- Christiane Franco Ribeiro<br>Categoria: Poesia<br>T\u00edtulo: O amargo vinho do Alzheimer<\/p>\n\n\n\n<p class=\"wp-block-paragraph\">2\u00ba- Aline Trevas Vassalli Abreu<br>Categoria: Poesia<br>T\u00edtulo: Trauma<\/p>\n\n\n\n<p class=\"wp-block-paragraph\"><em>Prefeitura de Leopoldina<\/em><\/p>\n\n\n<div class=\"ultp-not-found-message\" role=\"alert\">No Post Found<\/div>","protected":false},"excerpt":{"rendered":"<p>A Prefeitura de Leopoldina, por meio da Secretaria de Cultura e com apoio da Academia Leopoldinense de Letras e Artes- ALLA, realizou com grande sucesso a final do 33\u00ba Concurso Nacional de Poesias Augusto dos Anjos, integrando a programa\u00e7\u00e3o da Semana Cultural Augusto dos Anjos. A cerim\u00f4nia, que distribuiu R$ 9.800,00 em pr\u00eamios, consagrou tr\u00eas [&hellip;]<\/p>\n","protected":false},"author":2,"featured_media":437298,"comment_status":"open","ping_status":"closed","sticky":false,"template":"","format":"standard","meta":{"footnotes":""},"categories":[1,26],"tags":[],"class_list":["post-437280","post","type-post","status-publish","format-standard","has-post-thumbnail","hentry","category-destaque","category-ultimas-noticias"],"yoast_head":"<!-- This site is optimized with the Yoast SEO plugin v28.3 - https:\/\/yoast.com\/product\/yoast-seo-wordpress\/ -->\n<title>Leopoldina celebra talentos liter\u00e1rios e anuncia vencedores do Concurso Nacional de Poesias Augusto dos Anjos<\/title>\n<meta name=\"robots\" content=\"index, follow, max-snippet:-1, max-image-preview:large, max-video-preview:-1\" \/>\n<link rel=\"canonical\" href=\"https:\/\/www.ovigilanteonline.com.br\/site\/2024\/11\/11\/leopoldina-celebra-talentos-literarios-e-anuncia-vencedores-do-concurso-nacional-de-poesias-augusto-dos-anjos\/\" \/>\n<meta property=\"og:locale\" content=\"pt_BR\" \/>\n<meta property=\"og:type\" content=\"article\" \/>\n<meta property=\"og:title\" content=\"Leopoldina celebra talentos liter\u00e1rios e anuncia vencedores do Concurso Nacional de Poesias Augusto dos Anjos\" \/>\n<meta property=\"og:description\" content=\"A Prefeitura de Leopoldina, por meio da Secretaria de Cultura e com apoio da Academia Leopoldinense de Letras e Artes- ALLA, realizou com grande sucesso a final do 33\u00ba Concurso Nacional de Poesias Augusto dos Anjos, integrando a programa\u00e7\u00e3o da Semana Cultural Augusto dos Anjos. A cerim\u00f4nia, que distribuiu R$ 9.800,00 em pr\u00eamios, consagrou tr\u00eas [&hellip;]\" \/>\n<meta property=\"og:url\" content=\"https:\/\/www.ovigilanteonline.com.br\/site\/2024\/11\/11\/leopoldina-celebra-talentos-literarios-e-anuncia-vencedores-do-concurso-nacional-de-poesias-augusto-dos-anjos\/\" \/>\n<meta property=\"og:site_name\" content=\"O VIGILANTE ONLINE\" \/>\n<meta property=\"article:publisher\" content=\"https:\/\/www.facebook.com\/ovigilanteonline\" \/>\n<meta property=\"article:published_time\" content=\"2024-11-11T18:39:55+00:00\" \/>\n<meta property=\"article:modified_time\" content=\"2024-11-11T18:43:38+00:00\" \/>\n<meta property=\"og:image\" content=\"https:\/\/www.ovigilanteonline.com.br\/site\/wp-content\/uploads\/2024\/11\/WhatsApp-Image-2024-11-11-at-15.20.16.jpeg\" \/>\n\t<meta property=\"og:image:width\" content=\"900\" \/>\n\t<meta property=\"og:image:height\" content=\"506\" \/>\n\t<meta property=\"og:image:type\" content=\"image\/jpeg\" \/>\n<meta name=\"author\" content=\"Jornalismo\" \/>\n<meta name=\"twitter:card\" content=\"summary_large_image\" \/>\n<meta name=\"twitter:label1\" content=\"Escrito por\" \/>\n\t<meta name=\"twitter:data1\" content=\"Jornalismo\" \/>\n\t<meta name=\"twitter:label2\" content=\"Est. tempo de leitura\" \/>\n\t<meta name=\"twitter:data2\" content=\"3 minutos\" \/>\n<script type=\"application\/ld+json\" class=\"yoast-schema-graph\">{\"@context\":\"https:\\\/\\\/schema.org\",\"@graph\":[{\"@type\":\"Article\",\"@id\":\"https:\\\/\\\/www.ovigilanteonline.com.br\\\/site\\\/2024\\\/11\\\/11\\\/leopoldina-celebra-talentos-literarios-e-anuncia-vencedores-do-concurso-nacional-de-poesias-augusto-dos-anjos\\\/#article\",\"isPartOf\":{\"@id\":\"https:\\\/\\\/www.ovigilanteonline.com.br\\\/site\\\/2024\\\/11\\\/11\\\/leopoldina-celebra-talentos-literarios-e-anuncia-vencedores-do-concurso-nacional-de-poesias-augusto-dos-anjos\\\/\"},\"author\":{\"name\":\"Jornalismo\",\"@id\":\"https:\\\/\\\/www.ovigilanteonline.com.br\\\/site\\\/#\\\/schema\\\/person\\\/538fdfb33c0c411cd14a732e7cf14aa6\"},\"headline\":\"Leopoldina celebra talentos liter\u00e1rios e anuncia vencedores do Concurso Nacional de Poesias Augusto dos Anjos\",\"datePublished\":\"2024-11-11T18:39:55+00:00\",\"dateModified\":\"2024-11-11T18:43:38+00:00\",\"mainEntityOfPage\":{\"@id\":\"https:\\\/\\\/www.ovigilanteonline.com.br\\\/site\\\/2024\\\/11\\\/11\\\/leopoldina-celebra-talentos-literarios-e-anuncia-vencedores-do-concurso-nacional-de-poesias-augusto-dos-anjos\\\/\"},\"wordCount\":350,\"commentCount\":0,\"image\":{\"@id\":\"https:\\\/\\\/www.ovigilanteonline.com.br\\\/site\\\/2024\\\/11\\\/11\\\/leopoldina-celebra-talentos-literarios-e-anuncia-vencedores-do-concurso-nacional-de-poesias-augusto-dos-anjos\\\/#primaryimage\"},\"thumbnailUrl\":\"https:\\\/\\\/www.ovigilanteonline.com.br\\\/site\\\/wp-content\\\/uploads\\\/2024\\\/11\\\/WhatsApp-Image-2024-11-11-at-15.20.16.jpeg\",\"articleSection\":[\"Destaque\",\"\u00daltimas Not\u00edcias\"],\"inLanguage\":\"pt-BR\",\"potentialAction\":[{\"@type\":\"CommentAction\",\"name\":\"Comment\",\"target\":[\"https:\\\/\\\/www.ovigilanteonline.com.br\\\/site\\\/2024\\\/11\\\/11\\\/leopoldina-celebra-talentos-literarios-e-anuncia-vencedores-do-concurso-nacional-de-poesias-augusto-dos-anjos\\\/#respond\"]}]},{\"@type\":\"WebPage\",\"@id\":\"https:\\\/\\\/www.ovigilanteonline.com.br\\\/site\\\/2024\\\/11\\\/11\\\/leopoldina-celebra-talentos-literarios-e-anuncia-vencedores-do-concurso-nacional-de-poesias-augusto-dos-anjos\\\/\",\"url\":\"https:\\\/\\\/www.ovigilanteonline.com.br\\\/site\\\/2024\\\/11\\\/11\\\/leopoldina-celebra-talentos-literarios-e-anuncia-vencedores-do-concurso-nacional-de-poesias-augusto-dos-anjos\\\/\",\"name\":\"Leopoldina celebra talentos liter\u00e1rios e anuncia vencedores do Concurso Nacional de Poesias Augusto dos Anjos\",\"isPartOf\":{\"@id\":\"https:\\\/\\\/www.ovigilanteonline.com.br\\\/site\\\/#website\"},\"primaryImageOfPage\":{\"@id\":\"https:\\\/\\\/www.ovigilanteonline.com.br\\\/site\\\/2024\\\/11\\\/11\\\/leopoldina-celebra-talentos-literarios-e-anuncia-vencedores-do-concurso-nacional-de-poesias-augusto-dos-anjos\\\/#primaryimage\"},\"image\":{\"@id\":\"https:\\\/\\\/www.ovigilanteonline.com.br\\\/site\\\/2024\\\/11\\\/11\\\/leopoldina-celebra-talentos-literarios-e-anuncia-vencedores-do-concurso-nacional-de-poesias-augusto-dos-anjos\\\/#primaryimage\"},\"thumbnailUrl\":\"https:\\\/\\\/www.ovigilanteonline.com.br\\\/site\\\/wp-content\\\/uploads\\\/2024\\\/11\\\/WhatsApp-Image-2024-11-11-at-15.20.16.jpeg\",\"datePublished\":\"2024-11-11T18:39:55+00:00\",\"dateModified\":\"2024-11-11T18:43:38+00:00\",\"author\":{\"@id\":\"https:\\\/\\\/www.ovigilanteonline.com.br\\\/site\\\/#\\\/schema\\\/person\\\/538fdfb33c0c411cd14a732e7cf14aa6\"},\"breadcrumb\":{\"@id\":\"https:\\\/\\\/www.ovigilanteonline.com.br\\\/site\\\/2024\\\/11\\\/11\\\/leopoldina-celebra-talentos-literarios-e-anuncia-vencedores-do-concurso-nacional-de-poesias-augusto-dos-anjos\\\/#breadcrumb\"},\"inLanguage\":\"pt-BR\",\"potentialAction\":[{\"@type\":\"ReadAction\",\"target\":[\"https:\\\/\\\/www.ovigilanteonline.com.br\\\/site\\\/2024\\\/11\\\/11\\\/leopoldina-celebra-talentos-literarios-e-anuncia-vencedores-do-concurso-nacional-de-poesias-augusto-dos-anjos\\\/\"]}]},{\"@type\":\"ImageObject\",\"inLanguage\":\"pt-BR\",\"@id\":\"https:\\\/\\\/www.ovigilanteonline.com.br\\\/site\\\/2024\\\/11\\\/11\\\/leopoldina-celebra-talentos-literarios-e-anuncia-vencedores-do-concurso-nacional-de-poesias-augusto-dos-anjos\\\/#primaryimage\",\"url\":\"https:\\\/\\\/www.ovigilanteonline.com.br\\\/site\\\/wp-content\\\/uploads\\\/2024\\\/11\\\/WhatsApp-Image-2024-11-11-at-15.20.16.jpeg\",\"contentUrl\":\"https:\\\/\\\/www.ovigilanteonline.com.br\\\/site\\\/wp-content\\\/uploads\\\/2024\\\/11\\\/WhatsApp-Image-2024-11-11-at-15.20.16.jpeg\",\"width\":900,\"height\":506},{\"@type\":\"BreadcrumbList\",\"@id\":\"https:\\\/\\\/www.ovigilanteonline.com.br\\\/site\\\/2024\\\/11\\\/11\\\/leopoldina-celebra-talentos-literarios-e-anuncia-vencedores-do-concurso-nacional-de-poesias-augusto-dos-anjos\\\/#breadcrumb\",\"itemListElement\":[{\"@type\":\"ListItem\",\"position\":1,\"name\":\"In\u00edcio\",\"item\":\"https:\\\/\\\/www.ovigilanteonline.com.br\\\/site\\\/\"},{\"@type\":\"ListItem\",\"position\":2,\"name\":\"Leopoldina celebra talentos liter\u00e1rios e anuncia vencedores do Concurso Nacional de Poesias Augusto dos Anjos\"}]},{\"@type\":\"WebSite\",\"@id\":\"https:\\\/\\\/www.ovigilanteonline.com.br\\\/site\\\/#website\",\"url\":\"https:\\\/\\\/www.ovigilanteonline.com.br\\\/site\\\/\",\"name\":\"O VIGILANTE ONLINE - Not\u00edcias de Leopoldina e regi\u00e3o\",\"description\":\"\",\"potentialAction\":[{\"@type\":\"SearchAction\",\"target\":{\"@type\":\"EntryPoint\",\"urlTemplate\":\"https:\\\/\\\/www.ovigilanteonline.com.br\\\/site\\\/?s={search_term_string}\"},\"query-input\":{\"@type\":\"PropertyValueSpecification\",\"valueRequired\":true,\"valueName\":\"search_term_string\"}}],\"inLanguage\":\"pt-BR\"},{\"@type\":\"Person\",\"@id\":\"https:\\\/\\\/www.ovigilanteonline.com.br\\\/site\\\/#\\\/schema\\\/person\\\/538fdfb33c0c411cd14a732e7cf14aa6\",\"name\":\"Jornalismo\"}]}<\/script>\n<!-- \/ Yoast SEO plugin. -->","yoast_head_json":{"title":"Leopoldina celebra talentos liter\u00e1rios e anuncia vencedores do Concurso Nacional de Poesias Augusto dos Anjos","robots":{"index":"index","follow":"follow","max-snippet":"max-snippet:-1","max-image-preview":"max-image-preview:large","max-video-preview":"max-video-preview:-1"},"canonical":"https:\/\/www.ovigilanteonline.com.br\/site\/2024\/11\/11\/leopoldina-celebra-talentos-literarios-e-anuncia-vencedores-do-concurso-nacional-de-poesias-augusto-dos-anjos\/","og_locale":"pt_BR","og_type":"article","og_title":"Leopoldina celebra talentos liter\u00e1rios e anuncia vencedores do Concurso Nacional de Poesias Augusto dos Anjos","og_description":"A Prefeitura de Leopoldina, por meio da Secretaria de Cultura e com apoio da Academia Leopoldinense de Letras e Artes- ALLA, realizou com grande sucesso a final do 33\u00ba Concurso Nacional de Poesias Augusto dos Anjos, integrando a programa\u00e7\u00e3o da Semana Cultural Augusto dos Anjos. A cerim\u00f4nia, que distribuiu R$ 9.800,00 em pr\u00eamios, consagrou tr\u00eas [&hellip;]","og_url":"https:\/\/www.ovigilanteonline.com.br\/site\/2024\/11\/11\/leopoldina-celebra-talentos-literarios-e-anuncia-vencedores-do-concurso-nacional-de-poesias-augusto-dos-anjos\/","og_site_name":"O VIGILANTE ONLINE","article_publisher":"https:\/\/www.facebook.com\/ovigilanteonline","article_published_time":"2024-11-11T18:39:55+00:00","article_modified_time":"2024-11-11T18:43:38+00:00","og_image":[{"width":900,"height":506,"url":"https:\/\/www.ovigilanteonline.com.br\/site\/wp-content\/uploads\/2024\/11\/WhatsApp-Image-2024-11-11-at-15.20.16.jpeg","type":"image\/jpeg"}],"author":"Jornalismo","twitter_card":"summary_large_image","twitter_misc":{"Escrito por":"Jornalismo","Est. tempo de leitura":"3 minutos"},"schema":{"@context":"https:\/\/schema.org","@graph":[{"@type":"Article","@id":"https:\/\/www.ovigilanteonline.com.br\/site\/2024\/11\/11\/leopoldina-celebra-talentos-literarios-e-anuncia-vencedores-do-concurso-nacional-de-poesias-augusto-dos-anjos\/#article","isPartOf":{"@id":"https:\/\/www.ovigilanteonline.com.br\/site\/2024\/11\/11\/leopoldina-celebra-talentos-literarios-e-anuncia-vencedores-do-concurso-nacional-de-poesias-augusto-dos-anjos\/"},"author":{"name":"Jornalismo","@id":"https:\/\/www.ovigilanteonline.com.br\/site\/#\/schema\/person\/538fdfb33c0c411cd14a732e7cf14aa6"},"headline":"Leopoldina celebra talentos liter\u00e1rios e anuncia vencedores do Concurso Nacional de Poesias Augusto dos Anjos","datePublished":"2024-11-11T18:39:55+00:00","dateModified":"2024-11-11T18:43:38+00:00","mainEntityOfPage":{"@id":"https:\/\/www.ovigilanteonline.com.br\/site\/2024\/11\/11\/leopoldina-celebra-talentos-literarios-e-anuncia-vencedores-do-concurso-nacional-de-poesias-augusto-dos-anjos\/"},"wordCount":350,"commentCount":0,"image":{"@id":"https:\/\/www.ovigilanteonline.com.br\/site\/2024\/11\/11\/leopoldina-celebra-talentos-literarios-e-anuncia-vencedores-do-concurso-nacional-de-poesias-augusto-dos-anjos\/#primaryimage"},"thumbnailUrl":"https:\/\/www.ovigilanteonline.com.br\/site\/wp-content\/uploads\/2024\/11\/WhatsApp-Image-2024-11-11-at-15.20.16.jpeg","articleSection":["Destaque","\u00daltimas Not\u00edcias"],"inLanguage":"pt-BR","potentialAction":[{"@type":"CommentAction","name":"Comment","target":["https:\/\/www.ovigilanteonline.com.br\/site\/2024\/11\/11\/leopoldina-celebra-talentos-literarios-e-anuncia-vencedores-do-concurso-nacional-de-poesias-augusto-dos-anjos\/#respond"]}]},{"@type":"WebPage","@id":"https:\/\/www.ovigilanteonline.com.br\/site\/2024\/11\/11\/leopoldina-celebra-talentos-literarios-e-anuncia-vencedores-do-concurso-nacional-de-poesias-augusto-dos-anjos\/","url":"https:\/\/www.ovigilanteonline.com.br\/site\/2024\/11\/11\/leopoldina-celebra-talentos-literarios-e-anuncia-vencedores-do-concurso-nacional-de-poesias-augusto-dos-anjos\/","name":"Leopoldina celebra talentos liter\u00e1rios e anuncia vencedores do Concurso Nacional de Poesias Augusto dos Anjos","isPartOf":{"@id":"https:\/\/www.ovigilanteonline.com.br\/site\/#website"},"primaryImageOfPage":{"@id":"https:\/\/www.ovigilanteonline.com.br\/site\/2024\/11\/11\/leopoldina-celebra-talentos-literarios-e-anuncia-vencedores-do-concurso-nacional-de-poesias-augusto-dos-anjos\/#primaryimage"},"image":{"@id":"https:\/\/www.ovigilanteonline.com.br\/site\/2024\/11\/11\/leopoldina-celebra-talentos-literarios-e-anuncia-vencedores-do-concurso-nacional-de-poesias-augusto-dos-anjos\/#primaryimage"},"thumbnailUrl":"https:\/\/www.ovigilanteonline.com.br\/site\/wp-content\/uploads\/2024\/11\/WhatsApp-Image-2024-11-11-at-15.20.16.jpeg","datePublished":"2024-11-11T18:39:55+00:00","dateModified":"2024-11-11T18:43:38+00:00","author":{"@id":"https:\/\/www.ovigilanteonline.com.br\/site\/#\/schema\/person\/538fdfb33c0c411cd14a732e7cf14aa6"},"breadcrumb":{"@id":"https:\/\/www.ovigilanteonline.com.br\/site\/2024\/11\/11\/leopoldina-celebra-talentos-literarios-e-anuncia-vencedores-do-concurso-nacional-de-poesias-augusto-dos-anjos\/#breadcrumb"},"inLanguage":"pt-BR","potentialAction":[{"@type":"ReadAction","target":["https:\/\/www.ovigilanteonline.com.br\/site\/2024\/11\/11\/leopoldina-celebra-talentos-literarios-e-anuncia-vencedores-do-concurso-nacional-de-poesias-augusto-dos-anjos\/"]}]},{"@type":"ImageObject","inLanguage":"pt-BR","@id":"https:\/\/www.ovigilanteonline.com.br\/site\/2024\/11\/11\/leopoldina-celebra-talentos-literarios-e-anuncia-vencedores-do-concurso-nacional-de-poesias-augusto-dos-anjos\/#primaryimage","url":"https:\/\/www.ovigilanteonline.com.br\/site\/wp-content\/uploads\/2024\/11\/WhatsApp-Image-2024-11-11-at-15.20.16.jpeg","contentUrl":"https:\/\/www.ovigilanteonline.com.br\/site\/wp-content\/uploads\/2024\/11\/WhatsApp-Image-2024-11-11-at-15.20.16.jpeg","width":900,"height":506},{"@type":"BreadcrumbList","@id":"https:\/\/www.ovigilanteonline.com.br\/site\/2024\/11\/11\/leopoldina-celebra-talentos-literarios-e-anuncia-vencedores-do-concurso-nacional-de-poesias-augusto-dos-anjos\/#breadcrumb","itemListElement":[{"@type":"ListItem","position":1,"name":"In\u00edcio","item":"https:\/\/www.ovigilanteonline.com.br\/site\/"},{"@type":"ListItem","position":2,"name":"Leopoldina celebra talentos liter\u00e1rios e anuncia vencedores do Concurso Nacional de Poesias Augusto dos Anjos"}]},{"@type":"WebSite","@id":"https:\/\/www.ovigilanteonline.com.br\/site\/#website","url":"https:\/\/www.ovigilanteonline.com.br\/site\/","name":"O VIGILANTE ONLINE - Not\u00edcias de Leopoldina e regi\u00e3o","description":"","potentialAction":[{"@type":"SearchAction","target":{"@type":"EntryPoint","urlTemplate":"https:\/\/www.ovigilanteonline.com.br\/site\/?s={search_term_string}"},"query-input":{"@type":"PropertyValueSpecification","valueRequired":true,"valueName":"search_term_string"}}],"inLanguage":"pt-BR"},{"@type":"Person","@id":"https:\/\/www.ovigilanteonline.com.br\/site\/#\/schema\/person\/538fdfb33c0c411cd14a732e7cf14aa6","name":"Jornalismo"}]}},"cc_featured_image_caption":{"caption_text":"","source_text":"","source_url":""},"_links":{"self":[{"href":"https:\/\/www.ovigilanteonline.com.br\/site\/wp-json\/wp\/v2\/posts\/437280","targetHints":{"allow":["GET"]}}],"collection":[{"href":"https:\/\/www.ovigilanteonline.com.br\/site\/wp-json\/wp\/v2\/posts"}],"about":[{"href":"https:\/\/www.ovigilanteonline.com.br\/site\/wp-json\/wp\/v2\/types\/post"}],"author":[{"embeddable":true,"href":"https:\/\/www.ovigilanteonline.com.br\/site\/wp-json\/wp\/v2\/users\/2"}],"replies":[{"embeddable":true,"href":"https:\/\/www.ovigilanteonline.com.br\/site\/wp-json\/wp\/v2\/comments?post=437280"}],"version-history":[{"count":0,"href":"https:\/\/www.ovigilanteonline.com.br\/site\/wp-json\/wp\/v2\/posts\/437280\/revisions"}],"wp:featuredmedia":[{"embeddable":true,"href":"https:\/\/www.ovigilanteonline.com.br\/site\/wp-json\/wp\/v2\/media\/437298"}],"wp:attachment":[{"href":"https:\/\/www.ovigilanteonline.com.br\/site\/wp-json\/wp\/v2\/media?parent=437280"}],"wp:term":[{"taxonomy":"category","embeddable":true,"href":"https:\/\/www.ovigilanteonline.com.br\/site\/wp-json\/wp\/v2\/categories?post=437280"},{"taxonomy":"post_tag","embeddable":true,"href":"https:\/\/www.ovigilanteonline.com.br\/site\/wp-json\/wp\/v2\/tags?post=437280"}],"curies":[{"name":"wp","href":"https:\/\/api.w.org\/{rel}","templated":true}]}}