{"id":436962,"date":"2024-11-01T13:49:23","date_gmt":"2024-11-01T16:49:23","guid":{"rendered":"https:\/\/www.ovigilanteonline.com.br\/site\/?p=436962"},"modified":"2024-11-03T09:08:40","modified_gmt":"2024-11-03T12:08:40","slug":"dia-de-finados-sera-celebrado-com-4-missas-no-cemiterio-municipal-de-leopoldina","status":"publish","type":"post","link":"https:\/\/www.ovigilanteonline.com.br\/site\/2024\/11\/01\/dia-de-finados-sera-celebrado-com-4-missas-no-cemiterio-municipal-de-leopoldina\/","title":{"rendered":"Dia de Finados ser\u00e1 celebrado com 4 missas no Cemit\u00e9rio Municipal de Leopoldina"},"content":{"rendered":"<div id=\"ovigi-2672927710\" class=\"ovigi-inicio-post-interno ovigi-entity-placement\" style=\"margin-left: auto;margin-right: auto;text-align: center;\"><a href=\"https:\/\/onelink.to\/tfjfd3?utm_source=ig&#038;utm_medium=social&#038;utm_content=link_in_bio&#038;fbclid=PAcGRvZgJleHRuA2FlbQIxMQBzcnRjBmFwcF9pZA85MzY2MTk3NDMzOTI0NTkAAacgW20vIuhakYBCxZduUBbwssdSFoAQ7exuq7BFVvR-PR9sdpzVWlAvY7yZog_aem__Bn7V7eJEMspatV_tVfmIA\" target=\"_blank\" aria-label=\"ARTE GIF\"><img decoding=\"async\" src=\"https:\/\/www.ovigilanteonline.com.br\/site\/wp-content\/uploads\/2026\/05\/ARTE-GIF.gif\" alt=\"\"    \/><\/a><\/div>\n<figure class=\"wp-block-image size-full\"><img loading=\"lazy\" decoding=\"async\" width=\"900\" height=\"475\" src=\"https:\/\/www.ovigilanteonline.com.br\/site\/wp-content\/uploads\/2024\/11\/WhatsApp-Image-2024-11-01-at-13.41.02.jpeg\" alt=\"\" class=\"wp-image-436964\" srcset=\"https:\/\/www.ovigilanteonline.com.br\/site\/wp-content\/uploads\/2024\/11\/WhatsApp-Image-2024-11-01-at-13.41.02.jpeg 900w, https:\/\/www.ovigilanteonline.com.br\/site\/wp-content\/uploads\/2024\/11\/WhatsApp-Image-2024-11-01-at-13.41.02-300x158.jpeg 300w, https:\/\/www.ovigilanteonline.com.br\/site\/wp-content\/uploads\/2024\/11\/WhatsApp-Image-2024-11-01-at-13.41.02-768x405.jpeg 768w, https:\/\/www.ovigilanteonline.com.br\/site\/wp-content\/uploads\/2024\/11\/WhatsApp-Image-2024-11-01-at-13.41.02-600x317.jpeg 600w\" sizes=\"auto, (max-width: 900px) 100vw, 900px\" \/><\/figure>\n\n\n\n<figure class=\"wp-block-image size-full\"><img loading=\"lazy\" decoding=\"async\" width=\"900\" height=\"631\" src=\"https:\/\/www.ovigilanteonline.com.br\/site\/wp-content\/uploads\/2024\/11\/cemiterio-leopoldina.jpeg\" alt=\"\" class=\"wp-image-436965\" srcset=\"https:\/\/www.ovigilanteonline.com.br\/site\/wp-content\/uploads\/2024\/11\/cemiterio-leopoldina.jpeg 900w, https:\/\/www.ovigilanteonline.com.br\/site\/wp-content\/uploads\/2024\/11\/cemiterio-leopoldina-300x210.jpeg 300w, https:\/\/www.ovigilanteonline.com.br\/site\/wp-content\/uploads\/2024\/11\/cemiterio-leopoldina-768x538.jpeg 768w, https:\/\/www.ovigilanteonline.com.br\/site\/wp-content\/uploads\/2024\/11\/cemiterio-leopoldina-600x421.jpeg 600w\" sizes=\"auto, (max-width: 900px) 100vw, 900px\" \/><\/figure>\n\n\n\n<p class=\"wp-block-paragraph\">O s\u00e1bado, 2 de novembro, ser\u00e1 de missas no Cemit\u00e9rio Municipal Nossa Senhora do Carmo, em Leopoldina, em celebra\u00e7\u00e3o ao Dia de Finados, que \u00e9 um feriado nacional. Na ocasi\u00e3o, milhares de pessoas devem passar pelo cemit\u00e9rio para prestar homenagens aos entes queridos.<\/p>\n\n\n\n<p class=\"wp-block-paragraph\">No local haver\u00e1 celebra\u00e7\u00f5es eucar\u00edsticas que acontecem \u00e0s 6h com o Padre Wallace Andrade Teixeira, \u00e0s 8h com Dom Edson Jos\u00e9 Oriolo dos Santos, Bispo da Diocese de Leopoldina, \u00e0s 10h com o Padre Wanderson Paulo. \u00c0 tarde, a programa\u00e7\u00e3o come\u00e7a \u00e0s 14h, com o Of\u00edcio das Almas, e \u00e0s 15h a missa com o Padre Agnaldo dos Reis Ferraz e o Santo Ter\u00e7o \u00e0s 16h30.<\/p><div id=\"ovigi-1535309648\" class=\"ovigi-conteudo_2-3 ovigi-entity-placement\"><script async src=\"\/\/pagead2.googlesyndication.com\/pagead\/js\/adsbygoogle.js?client=ca-pub-4068173061741521\" crossorigin=\"anonymous\"><\/script><ins class=\"adsbygoogle\" style=\"display:block; text-align:center;\" data-ad-client=\"ca-pub-4068173061741521\" \ndata-ad-slot=\"6460393376\" \ndata-ad-layout=\"in-article\"\ndata-ad-format=\"fluid\"><\/ins>\n<script> \n(adsbygoogle = window.adsbygoogle || []).push({}); \n<\/script>\n<\/div><div id=\"ovigi-900426494\" class=\"ovigi-conteudo_2-2 ovigi-entity-placement\"><script async src=\"\/\/pagead2.googlesyndication.com\/pagead\/js\/adsbygoogle.js?client=ca-pub-4068173061741521\" crossorigin=\"anonymous\"><\/script><ins class=\"adsbygoogle\" style=\"display:block; text-align:center;\" data-ad-client=\"ca-pub-4068173061741521\" \ndata-ad-slot=\"6460393376\" \ndata-ad-layout=\"in-article\"\ndata-ad-format=\"fluid\"><\/ins>\n<script> \n(adsbygoogle = window.adsbygoogle || []).push({}); \n<\/script>\n<\/div><div id=\"ovigi-1778625548\" class=\"ovigi-conteudo_2 ovigi-entity-placement\"><script async src=\"\/\/pagead2.googlesyndication.com\/pagead\/js\/adsbygoogle.js?client=ca-pub-4068173061741521\" crossorigin=\"anonymous\"><\/script><ins class=\"adsbygoogle\" style=\"display:block; text-align:center;\" data-ad-client=\"ca-pub-4068173061741521\" \ndata-ad-slot=\"6460393376\" \ndata-ad-layout=\"in-article\"\ndata-ad-format=\"fluid\"><\/ins>\n<script> \n(adsbygoogle = window.adsbygoogle || []).push({}); \n<\/script>\n<\/div><div id=\"ovigi-1741682491\" class=\"ovigi-conteudo_2-4 ovigi-entity-placement\"><script async src=\"\/\/pagead2.googlesyndication.com\/pagead\/js\/adsbygoogle.js?client=ca-pub-4068173061741521\" crossorigin=\"anonymous\"><\/script><ins class=\"adsbygoogle\" style=\"display:block; text-align:center;\" data-ad-client=\"ca-pub-4068173061741521\" \ndata-ad-slot=\"6460393376\" \ndata-ad-layout=\"in-article\"\ndata-ad-format=\"fluid\"><\/ins>\n<script> \n(adsbygoogle = window.adsbygoogle || []).push({}); \n<\/script>\n<\/div>\n\n\n\n\n\n<p class=\"wp-block-paragraph\">De acordo com a prefeitura de Leopoldina, atrav\u00e9s de uma a\u00e7\u00e3o coordenada pela Secretaria de Servi\u00e7os Urbanos, o Cemit\u00e9rio Municipal passou por uma completa revitaliza\u00e7\u00e3o, que inclui pintura dos muros e da capela, limpeza geral, capina e poda de \u00e1rvores.<\/p>\n\n\n\n<p class=\"wp-block-paragraph\">A celebra\u00e7\u00e3o do Dia de Finados foi institu\u00edda no s\u00e9culo X em uma comunidade cat\u00f3lica na Fran\u00e7a. A proposta era unificar as comemora\u00e7\u00f5es em mem\u00f3ria dos falecidos, j\u00e1 que a data era lembrada em dias variados, escolhidos pelos pr\u00f3prios familiares.<\/p>\n\n\n\n<p class=\"wp-block-paragraph\">Jornal O Vigilante Online com Prefeitura de Leopoldina<\/p>\n\n\n<div id=\"ovigi-2997921001\">\r\n<p class=\"has-text-align-center has-small-font-size wp-block-paragraph\">continua depois da publicidade<\/p>\r\n\r\n\r\n\r\n<hr class=\"wp-block-separator has-alpha-channel-opacity is-style-wide\"\/>\r\n\r\n\r\n\r\n<div class=\"wp-block-columns is-layout-flex wp-container-core-columns-is-layout-8f761849 wp-block-columns-is-layout-flex\">\r\n<div class=\"wp-block-column is-layout-flow wp-block-column-is-layout-flow\">\r\n<figure class=\"wp-block-image size-full is-resized\"><a href=\"https:\/\/www.instagram.com\/unimedleopoldina241\/\" target=\"_blank\" rel=\" noreferrer noopener\"><img decoding=\"async\" src=\"https:\/\/www.ovigilanteonline.com.br\/site\/wp-content\/uploads\/2026\/08\/unimed-materias.jpg\" alt=\"\" class=\"wp-image-455236\"\/><\/a><\/figure>\r\n<\/div>\r\n\r\n\r\n\r\n<div class=\"wp-block-column is-layout-flow wp-block-column-is-layout-flow\">\r\n<figure class=\"wp-block-image size-full\"><a href=\"https:\/\/vest.sudamerica.edu.br\/vest-2026-2\" target=\"_blank\" rel=\" noreferrer noopener\"><img decoding=\"async\" src=\"https:\/\/www.ovigilanteonline.com.br\/site\/wp-content\/uploads\/2026\/08\/sudamerica-materias.jpg\" alt=\"\" class=\"wp-image-453120\"\/><\/a><\/figure>\r\n<\/div>\r\n<\/div>\r\n\r\n\r\n\r\n<hr class=\"wp-block-separator has-alpha-channel-opacity is-style-wide\"\/>\r\n<\/div>\n\n<div class=\"ultp-not-found-message\" role=\"alert\">No Post Found<\/div>","protected":false},"excerpt":{"rendered":"<p>O s\u00e1bado, 2 de novembro, ser\u00e1 de missas no Cemit\u00e9rio Municipal Nossa Senhora do Carmo, em Leopoldina, em celebra\u00e7\u00e3o ao Dia de Finados, que \u00e9 um feriado nacional. Na ocasi\u00e3o, milhares de pessoas devem passar pelo cemit\u00e9rio para prestar homenagens aos entes queridos. No local haver\u00e1 celebra\u00e7\u00f5es eucar\u00edsticas que acontecem \u00e0s 6h com o Padre [&hellip;]<\/p>\n","protected":false},"author":2,"featured_media":436963,"comment_status":"open","ping_status":"closed","sticky":false,"template":"","format":"standard","meta":{"footnotes":""},"categories":[1,17,26],"tags":[],"class_list":["post-436962","post","type-post","status-publish","format-standard","has-post-thumbnail","hentry","category-destaque","category-geral","category-ultimas-noticias"],"yoast_head":"<!-- This site is optimized with the Yoast SEO plugin v28.3 - https:\/\/yoast.com\/product\/yoast-seo-wordpress\/ -->\n<title>Dia de Finados ser\u00e1 celebrado com 4 missas no Cemit\u00e9rio Municipal de Leopoldina<\/title>\n<meta name=\"robots\" content=\"index, follow, max-snippet:-1, max-image-preview:large, max-video-preview:-1\" \/>\n<link rel=\"canonical\" href=\"https:\/\/www.ovigilanteonline.com.br\/site\/2024\/11\/01\/dia-de-finados-sera-celebrado-com-4-missas-no-cemiterio-municipal-de-leopoldina\/\" \/>\n<meta property=\"og:locale\" content=\"pt_BR\" \/>\n<meta property=\"og:type\" content=\"article\" \/>\n<meta property=\"og:title\" content=\"Dia de Finados ser\u00e1 celebrado com 4 missas no Cemit\u00e9rio Municipal de Leopoldina\" \/>\n<meta property=\"og:description\" content=\"O s\u00e1bado, 2 de novembro, ser\u00e1 de missas no Cemit\u00e9rio Municipal Nossa Senhora do Carmo, em Leopoldina, em celebra\u00e7\u00e3o ao Dia de Finados, que \u00e9 um feriado nacional. Na ocasi\u00e3o, milhares de pessoas devem passar pelo cemit\u00e9rio para prestar homenagens aos entes queridos. No local haver\u00e1 celebra\u00e7\u00f5es eucar\u00edsticas que acontecem \u00e0s 6h com o Padre [&hellip;]\" \/>\n<meta property=\"og:url\" content=\"https:\/\/www.ovigilanteonline.com.br\/site\/2024\/11\/01\/dia-de-finados-sera-celebrado-com-4-missas-no-cemiterio-municipal-de-leopoldina\/\" \/>\n<meta property=\"og:site_name\" content=\"O VIGILANTE ONLINE\" \/>\n<meta property=\"article:publisher\" content=\"https:\/\/www.facebook.com\/ovigilanteonline\" \/>\n<meta property=\"article:published_time\" content=\"2024-11-01T16:49:23+00:00\" \/>\n<meta property=\"article:modified_time\" content=\"2024-11-03T12:08:40+00:00\" \/>\n<meta property=\"og:image\" content=\"https:\/\/www.ovigilanteonline.com.br\/site\/wp-content\/uploads\/2024\/11\/finados-leopoldina.jpg\" \/>\n\t<meta property=\"og:image:width\" content=\"900\" \/>\n\t<meta property=\"og:image:height\" content=\"547\" \/>\n\t<meta property=\"og:image:type\" content=\"image\/jpeg\" \/>\n<meta name=\"author\" content=\"Jornalismo\" \/>\n<meta name=\"twitter:card\" content=\"summary_large_image\" \/>\n<meta name=\"twitter:label1\" content=\"Escrito por\" \/>\n\t<meta name=\"twitter:data1\" content=\"Jornalismo\" \/>\n\t<meta name=\"twitter:label2\" content=\"Est. tempo de leitura\" \/>\n\t<meta name=\"twitter:data2\" content=\"2 minutos\" \/>\n<script type=\"application\/ld+json\" class=\"yoast-schema-graph\">{\"@context\":\"https:\\\/\\\/schema.org\",\"@graph\":[{\"@type\":\"Article\",\"@id\":\"https:\\\/\\\/www.ovigilanteonline.com.br\\\/site\\\/2024\\\/11\\\/01\\\/dia-de-finados-sera-celebrado-com-4-missas-no-cemiterio-municipal-de-leopoldina\\\/#article\",\"isPartOf\":{\"@id\":\"https:\\\/\\\/www.ovigilanteonline.com.br\\\/site\\\/2024\\\/11\\\/01\\\/dia-de-finados-sera-celebrado-com-4-missas-no-cemiterio-municipal-de-leopoldina\\\/\"},\"author\":{\"name\":\"Jornalismo\",\"@id\":\"https:\\\/\\\/www.ovigilanteonline.com.br\\\/site\\\/#\\\/schema\\\/person\\\/538fdfb33c0c411cd14a732e7cf14aa6\"},\"headline\":\"Dia de Finados ser\u00e1 celebrado com 4 missas no Cemit\u00e9rio Municipal de Leopoldina\",\"datePublished\":\"2024-11-01T16:49:23+00:00\",\"dateModified\":\"2024-11-03T12:08:40+00:00\",\"mainEntityOfPage\":{\"@id\":\"https:\\\/\\\/www.ovigilanteonline.com.br\\\/site\\\/2024\\\/11\\\/01\\\/dia-de-finados-sera-celebrado-com-4-missas-no-cemiterio-municipal-de-leopoldina\\\/\"},\"wordCount\":231,\"commentCount\":0,\"image\":{\"@id\":\"https:\\\/\\\/www.ovigilanteonline.com.br\\\/site\\\/2024\\\/11\\\/01\\\/dia-de-finados-sera-celebrado-com-4-missas-no-cemiterio-municipal-de-leopoldina\\\/#primaryimage\"},\"thumbnailUrl\":\"https:\\\/\\\/www.ovigilanteonline.com.br\\\/site\\\/wp-content\\\/uploads\\\/2024\\\/11\\\/finados-leopoldina.jpg\",\"articleSection\":[\"Destaque\",\"Geral\",\"\u00daltimas Not\u00edcias\"],\"inLanguage\":\"pt-BR\",\"potentialAction\":[{\"@type\":\"CommentAction\",\"name\":\"Comment\",\"target\":[\"https:\\\/\\\/www.ovigilanteonline.com.br\\\/site\\\/2024\\\/11\\\/01\\\/dia-de-finados-sera-celebrado-com-4-missas-no-cemiterio-municipal-de-leopoldina\\\/#respond\"]}]},{\"@type\":\"WebPage\",\"@id\":\"https:\\\/\\\/www.ovigilanteonline.com.br\\\/site\\\/2024\\\/11\\\/01\\\/dia-de-finados-sera-celebrado-com-4-missas-no-cemiterio-municipal-de-leopoldina\\\/\",\"url\":\"https:\\\/\\\/www.ovigilanteonline.com.br\\\/site\\\/2024\\\/11\\\/01\\\/dia-de-finados-sera-celebrado-com-4-missas-no-cemiterio-municipal-de-leopoldina\\\/\",\"name\":\"Dia de Finados ser\u00e1 celebrado com 4 missas no Cemit\u00e9rio Municipal de Leopoldina\",\"isPartOf\":{\"@id\":\"https:\\\/\\\/www.ovigilanteonline.com.br\\\/site\\\/#website\"},\"primaryImageOfPage\":{\"@id\":\"https:\\\/\\\/www.ovigilanteonline.com.br\\\/site\\\/2024\\\/11\\\/01\\\/dia-de-finados-sera-celebrado-com-4-missas-no-cemiterio-municipal-de-leopoldina\\\/#primaryimage\"},\"image\":{\"@id\":\"https:\\\/\\\/www.ovigilanteonline.com.br\\\/site\\\/2024\\\/11\\\/01\\\/dia-de-finados-sera-celebrado-com-4-missas-no-cemiterio-municipal-de-leopoldina\\\/#primaryimage\"},\"thumbnailUrl\":\"https:\\\/\\\/www.ovigilanteonline.com.br\\\/site\\\/wp-content\\\/uploads\\\/2024\\\/11\\\/finados-leopoldina.jpg\",\"datePublished\":\"2024-11-01T16:49:23+00:00\",\"dateModified\":\"2024-11-03T12:08:40+00:00\",\"author\":{\"@id\":\"https:\\\/\\\/www.ovigilanteonline.com.br\\\/site\\\/#\\\/schema\\\/person\\\/538fdfb33c0c411cd14a732e7cf14aa6\"},\"breadcrumb\":{\"@id\":\"https:\\\/\\\/www.ovigilanteonline.com.br\\\/site\\\/2024\\\/11\\\/01\\\/dia-de-finados-sera-celebrado-com-4-missas-no-cemiterio-municipal-de-leopoldina\\\/#breadcrumb\"},\"inLanguage\":\"pt-BR\",\"potentialAction\":[{\"@type\":\"ReadAction\",\"target\":[\"https:\\\/\\\/www.ovigilanteonline.com.br\\\/site\\\/2024\\\/11\\\/01\\\/dia-de-finados-sera-celebrado-com-4-missas-no-cemiterio-municipal-de-leopoldina\\\/\"]}]},{\"@type\":\"ImageObject\",\"inLanguage\":\"pt-BR\",\"@id\":\"https:\\\/\\\/www.ovigilanteonline.com.br\\\/site\\\/2024\\\/11\\\/01\\\/dia-de-finados-sera-celebrado-com-4-missas-no-cemiterio-municipal-de-leopoldina\\\/#primaryimage\",\"url\":\"https:\\\/\\\/www.ovigilanteonline.com.br\\\/site\\\/wp-content\\\/uploads\\\/2024\\\/11\\\/finados-leopoldina.jpg\",\"contentUrl\":\"https:\\\/\\\/www.ovigilanteonline.com.br\\\/site\\\/wp-content\\\/uploads\\\/2024\\\/11\\\/finados-leopoldina.jpg\",\"width\":900,\"height\":547},{\"@type\":\"BreadcrumbList\",\"@id\":\"https:\\\/\\\/www.ovigilanteonline.com.br\\\/site\\\/2024\\\/11\\\/01\\\/dia-de-finados-sera-celebrado-com-4-missas-no-cemiterio-municipal-de-leopoldina\\\/#breadcrumb\",\"itemListElement\":[{\"@type\":\"ListItem\",\"position\":1,\"name\":\"In\u00edcio\",\"item\":\"https:\\\/\\\/www.ovigilanteonline.com.br\\\/site\\\/\"},{\"@type\":\"ListItem\",\"position\":2,\"name\":\"Dia de Finados ser\u00e1 celebrado com 4 missas no Cemit\u00e9rio Municipal de Leopoldina\"}]},{\"@type\":\"WebSite\",\"@id\":\"https:\\\/\\\/www.ovigilanteonline.com.br\\\/site\\\/#website\",\"url\":\"https:\\\/\\\/www.ovigilanteonline.com.br\\\/site\\\/\",\"name\":\"O VIGILANTE ONLINE - Not\u00edcias de Leopoldina e regi\u00e3o\",\"description\":\"\",\"potentialAction\":[{\"@type\":\"SearchAction\",\"target\":{\"@type\":\"EntryPoint\",\"urlTemplate\":\"https:\\\/\\\/www.ovigilanteonline.com.br\\\/site\\\/?s={search_term_string}\"},\"query-input\":{\"@type\":\"PropertyValueSpecification\",\"valueRequired\":true,\"valueName\":\"search_term_string\"}}],\"inLanguage\":\"pt-BR\"},{\"@type\":\"Person\",\"@id\":\"https:\\\/\\\/www.ovigilanteonline.com.br\\\/site\\\/#\\\/schema\\\/person\\\/538fdfb33c0c411cd14a732e7cf14aa6\",\"name\":\"Jornalismo\"}]}<\/script>\n<!-- \/ Yoast SEO plugin. -->","yoast_head_json":{"title":"Dia de Finados ser\u00e1 celebrado com 4 missas no Cemit\u00e9rio Municipal de Leopoldina","robots":{"index":"index","follow":"follow","max-snippet":"max-snippet:-1","max-image-preview":"max-image-preview:large","max-video-preview":"max-video-preview:-1"},"canonical":"https:\/\/www.ovigilanteonline.com.br\/site\/2024\/11\/01\/dia-de-finados-sera-celebrado-com-4-missas-no-cemiterio-municipal-de-leopoldina\/","og_locale":"pt_BR","og_type":"article","og_title":"Dia de Finados ser\u00e1 celebrado com 4 missas no Cemit\u00e9rio Municipal de Leopoldina","og_description":"O s\u00e1bado, 2 de novembro, ser\u00e1 de missas no Cemit\u00e9rio Municipal Nossa Senhora do Carmo, em Leopoldina, em celebra\u00e7\u00e3o ao Dia de Finados, que \u00e9 um feriado nacional. Na ocasi\u00e3o, milhares de pessoas devem passar pelo cemit\u00e9rio para prestar homenagens aos entes queridos. No local haver\u00e1 celebra\u00e7\u00f5es eucar\u00edsticas que acontecem \u00e0s 6h com o Padre [&hellip;]","og_url":"https:\/\/www.ovigilanteonline.com.br\/site\/2024\/11\/01\/dia-de-finados-sera-celebrado-com-4-missas-no-cemiterio-municipal-de-leopoldina\/","og_site_name":"O VIGILANTE ONLINE","article_publisher":"https:\/\/www.facebook.com\/ovigilanteonline","article_published_time":"2024-11-01T16:49:23+00:00","article_modified_time":"2024-11-03T12:08:40+00:00","og_image":[{"width":900,"height":547,"url":"https:\/\/www.ovigilanteonline.com.br\/site\/wp-content\/uploads\/2024\/11\/finados-leopoldina.jpg","type":"image\/jpeg"}],"author":"Jornalismo","twitter_card":"summary_large_image","twitter_misc":{"Escrito por":"Jornalismo","Est. tempo de leitura":"2 minutos"},"schema":{"@context":"https:\/\/schema.org","@graph":[{"@type":"Article","@id":"https:\/\/www.ovigilanteonline.com.br\/site\/2024\/11\/01\/dia-de-finados-sera-celebrado-com-4-missas-no-cemiterio-municipal-de-leopoldina\/#article","isPartOf":{"@id":"https:\/\/www.ovigilanteonline.com.br\/site\/2024\/11\/01\/dia-de-finados-sera-celebrado-com-4-missas-no-cemiterio-municipal-de-leopoldina\/"},"author":{"name":"Jornalismo","@id":"https:\/\/www.ovigilanteonline.com.br\/site\/#\/schema\/person\/538fdfb33c0c411cd14a732e7cf14aa6"},"headline":"Dia de Finados ser\u00e1 celebrado com 4 missas no Cemit\u00e9rio Municipal de Leopoldina","datePublished":"2024-11-01T16:49:23+00:00","dateModified":"2024-11-03T12:08:40+00:00","mainEntityOfPage":{"@id":"https:\/\/www.ovigilanteonline.com.br\/site\/2024\/11\/01\/dia-de-finados-sera-celebrado-com-4-missas-no-cemiterio-municipal-de-leopoldina\/"},"wordCount":231,"commentCount":0,"image":{"@id":"https:\/\/www.ovigilanteonline.com.br\/site\/2024\/11\/01\/dia-de-finados-sera-celebrado-com-4-missas-no-cemiterio-municipal-de-leopoldina\/#primaryimage"},"thumbnailUrl":"https:\/\/www.ovigilanteonline.com.br\/site\/wp-content\/uploads\/2024\/11\/finados-leopoldina.jpg","articleSection":["Destaque","Geral","\u00daltimas Not\u00edcias"],"inLanguage":"pt-BR","potentialAction":[{"@type":"CommentAction","name":"Comment","target":["https:\/\/www.ovigilanteonline.com.br\/site\/2024\/11\/01\/dia-de-finados-sera-celebrado-com-4-missas-no-cemiterio-municipal-de-leopoldina\/#respond"]}]},{"@type":"WebPage","@id":"https:\/\/www.ovigilanteonline.com.br\/site\/2024\/11\/01\/dia-de-finados-sera-celebrado-com-4-missas-no-cemiterio-municipal-de-leopoldina\/","url":"https:\/\/www.ovigilanteonline.com.br\/site\/2024\/11\/01\/dia-de-finados-sera-celebrado-com-4-missas-no-cemiterio-municipal-de-leopoldina\/","name":"Dia de Finados ser\u00e1 celebrado com 4 missas no Cemit\u00e9rio Municipal de Leopoldina","isPartOf":{"@id":"https:\/\/www.ovigilanteonline.com.br\/site\/#website"},"primaryImageOfPage":{"@id":"https:\/\/www.ovigilanteonline.com.br\/site\/2024\/11\/01\/dia-de-finados-sera-celebrado-com-4-missas-no-cemiterio-municipal-de-leopoldina\/#primaryimage"},"image":{"@id":"https:\/\/www.ovigilanteonline.com.br\/site\/2024\/11\/01\/dia-de-finados-sera-celebrado-com-4-missas-no-cemiterio-municipal-de-leopoldina\/#primaryimage"},"thumbnailUrl":"https:\/\/www.ovigilanteonline.com.br\/site\/wp-content\/uploads\/2024\/11\/finados-leopoldina.jpg","datePublished":"2024-11-01T16:49:23+00:00","dateModified":"2024-11-03T12:08:40+00:00","author":{"@id":"https:\/\/www.ovigilanteonline.com.br\/site\/#\/schema\/person\/538fdfb33c0c411cd14a732e7cf14aa6"},"breadcrumb":{"@id":"https:\/\/www.ovigilanteonline.com.br\/site\/2024\/11\/01\/dia-de-finados-sera-celebrado-com-4-missas-no-cemiterio-municipal-de-leopoldina\/#breadcrumb"},"inLanguage":"pt-BR","potentialAction":[{"@type":"ReadAction","target":["https:\/\/www.ovigilanteonline.com.br\/site\/2024\/11\/01\/dia-de-finados-sera-celebrado-com-4-missas-no-cemiterio-municipal-de-leopoldina\/"]}]},{"@type":"ImageObject","inLanguage":"pt-BR","@id":"https:\/\/www.ovigilanteonline.com.br\/site\/2024\/11\/01\/dia-de-finados-sera-celebrado-com-4-missas-no-cemiterio-municipal-de-leopoldina\/#primaryimage","url":"https:\/\/www.ovigilanteonline.com.br\/site\/wp-content\/uploads\/2024\/11\/finados-leopoldina.jpg","contentUrl":"https:\/\/www.ovigilanteonline.com.br\/site\/wp-content\/uploads\/2024\/11\/finados-leopoldina.jpg","width":900,"height":547},{"@type":"BreadcrumbList","@id":"https:\/\/www.ovigilanteonline.com.br\/site\/2024\/11\/01\/dia-de-finados-sera-celebrado-com-4-missas-no-cemiterio-municipal-de-leopoldina\/#breadcrumb","itemListElement":[{"@type":"ListItem","position":1,"name":"In\u00edcio","item":"https:\/\/www.ovigilanteonline.com.br\/site\/"},{"@type":"ListItem","position":2,"name":"Dia de Finados ser\u00e1 celebrado com 4 missas no Cemit\u00e9rio Municipal de Leopoldina"}]},{"@type":"WebSite","@id":"https:\/\/www.ovigilanteonline.com.br\/site\/#website","url":"https:\/\/www.ovigilanteonline.com.br\/site\/","name":"O VIGILANTE ONLINE - Not\u00edcias de Leopoldina e regi\u00e3o","description":"","potentialAction":[{"@type":"SearchAction","target":{"@type":"EntryPoint","urlTemplate":"https:\/\/www.ovigilanteonline.com.br\/site\/?s={search_term_string}"},"query-input":{"@type":"PropertyValueSpecification","valueRequired":true,"valueName":"search_term_string"}}],"inLanguage":"pt-BR"},{"@type":"Person","@id":"https:\/\/www.ovigilanteonline.com.br\/site\/#\/schema\/person\/538fdfb33c0c411cd14a732e7cf14aa6","name":"Jornalismo"}]}},"cc_featured_image_caption":{"caption_text":"Arquivo","source_text":"","source_url":""},"_links":{"self":[{"href":"https:\/\/www.ovigilanteonline.com.br\/site\/wp-json\/wp\/v2\/posts\/436962","targetHints":{"allow":["GET"]}}],"collection":[{"href":"https:\/\/www.ovigilanteonline.com.br\/site\/wp-json\/wp\/v2\/posts"}],"about":[{"href":"https:\/\/www.ovigilanteonline.com.br\/site\/wp-json\/wp\/v2\/types\/post"}],"author":[{"embeddable":true,"href":"https:\/\/www.ovigilanteonline.com.br\/site\/wp-json\/wp\/v2\/users\/2"}],"replies":[{"embeddable":true,"href":"https:\/\/www.ovigilanteonline.com.br\/site\/wp-json\/wp\/v2\/comments?post=436962"}],"version-history":[{"count":0,"href":"https:\/\/www.ovigilanteonline.com.br\/site\/wp-json\/wp\/v2\/posts\/436962\/revisions"}],"wp:featuredmedia":[{"embeddable":true,"href":"https:\/\/www.ovigilanteonline.com.br\/site\/wp-json\/wp\/v2\/media\/436963"}],"wp:attachment":[{"href":"https:\/\/www.ovigilanteonline.com.br\/site\/wp-json\/wp\/v2\/media?parent=436962"}],"wp:term":[{"taxonomy":"category","embeddable":true,"href":"https:\/\/www.ovigilanteonline.com.br\/site\/wp-json\/wp\/v2\/categories?post=436962"},{"taxonomy":"post_tag","embeddable":true,"href":"https:\/\/www.ovigilanteonline.com.br\/site\/wp-json\/wp\/v2\/tags?post=436962"}],"curies":[{"name":"wp","href":"https:\/\/api.w.org\/{rel}","templated":true}]}}