{"id":435956,"date":"2024-09-17T07:09:03","date_gmt":"2024-09-17T10:09:03","guid":{"rendered":"https:\/\/www.ovigilanteonline.com.br\/site\/?p=435956"},"modified":"2024-09-17T18:35:57","modified_gmt":"2024-09-17T21:35:57","slug":"falha-de-energia-provoca-pane-em-elevador-e-mulher-fica-presa-em-leopoldina","status":"publish","type":"post","link":"https:\/\/www.ovigilanteonline.com.br\/site\/2024\/09\/17\/falha-de-energia-provoca-pane-em-elevador-e-mulher-fica-presa-em-leopoldina\/","title":{"rendered":"Falha de energia provoca pane em elevador e mulher fica presa em Leopoldina"},"content":{"rendered":"<div id=\"ovigi-1532499683\" class=\"ovigi-inicio-post-interno ovigi-entity-placement\" style=\"margin-left: auto;margin-right: auto;text-align: center;\"><a href=\"https:\/\/onelink.to\/tfjfd3?utm_source=ig&#038;utm_medium=social&#038;utm_content=link_in_bio&#038;fbclid=PAcGRvZgJleHRuA2FlbQIxMQBzcnRjBmFwcF9pZA85MzY2MTk3NDMzOTI0NTkAAacgW20vIuhakYBCxZduUBbwssdSFoAQ7exuq7BFVvR-PR9sdpzVWlAvY7yZog_aem__Bn7V7eJEMspatV_tVfmIA\" target=\"_blank\" aria-label=\"ARTE GIF\"><img decoding=\"async\" src=\"https:\/\/www.ovigilanteonline.com.br\/site\/wp-content\/uploads\/2026\/05\/ARTE-GIF.gif\" alt=\"\"    \/><\/a><\/div>\n<p class=\"wp-block-paragraph\"><strong><em>Corpo de Bombeiros fez o resgate juntamente com o apoio de um t\u00e9cnico de Belo Horizonte que auxiliou os militares atrav\u00e9s de v\u00eddeo.<\/em><\/strong><\/p>\n\n\n\n<figure class=\"wp-block-image size-full\"><img loading=\"lazy\" decoding=\"async\" width=\"900\" height=\"566\" src=\"https:\/\/www.ovigilanteonline.com.br\/site\/wp-content\/uploads\/2024\/09\/WhatsApp-Image-2024-09-16-at-22.30.22-1.jpeg\" alt=\"\" class=\"wp-image-435957\" srcset=\"https:\/\/www.ovigilanteonline.com.br\/site\/wp-content\/uploads\/2024\/09\/WhatsApp-Image-2024-09-16-at-22.30.22-1.jpeg 900w, https:\/\/www.ovigilanteonline.com.br\/site\/wp-content\/uploads\/2024\/09\/WhatsApp-Image-2024-09-16-at-22.30.22-1-300x189.jpeg 300w, https:\/\/www.ovigilanteonline.com.br\/site\/wp-content\/uploads\/2024\/09\/WhatsApp-Image-2024-09-16-at-22.30.22-1-768x483.jpeg 768w, https:\/\/www.ovigilanteonline.com.br\/site\/wp-content\/uploads\/2024\/09\/WhatsApp-Image-2024-09-16-at-22.30.22-1-600x377.jpeg 600w\" sizes=\"auto, (max-width: 900px) 100vw, 900px\" \/><\/figure>\n\n\n\n<p class=\"wp-block-paragraph\">Uma mulher de 41 anos ficou presa no elevador do pr\u00e9dio da ag\u00eancia do INSS de Leopoldina na tarde desta segunda-feira, 16 de setembro. <\/p><div id=\"ovigi-2455631731\" class=\"ovigi-conteudo_2-3 ovigi-entity-placement\"><script async src=\"\/\/pagead2.googlesyndication.com\/pagead\/js\/adsbygoogle.js?client=ca-pub-4068173061741521\" crossorigin=\"anonymous\"><\/script><ins class=\"adsbygoogle\" style=\"display:block; text-align:center;\" data-ad-client=\"ca-pub-4068173061741521\" \ndata-ad-slot=\"6460393376\" \ndata-ad-layout=\"in-article\"\ndata-ad-format=\"fluid\"><\/ins>\n<script> \n(adsbygoogle = window.adsbygoogle || []).push({}); \n<\/script>\n<\/div><div id=\"ovigi-2045070178\" class=\"ovigi-conteudo_2-2 ovigi-entity-placement\"><script async src=\"\/\/pagead2.googlesyndication.com\/pagead\/js\/adsbygoogle.js?client=ca-pub-4068173061741521\" crossorigin=\"anonymous\"><\/script><ins class=\"adsbygoogle\" style=\"display:block; text-align:center;\" data-ad-client=\"ca-pub-4068173061741521\" \ndata-ad-slot=\"6460393376\" \ndata-ad-layout=\"in-article\"\ndata-ad-format=\"fluid\"><\/ins>\n<script> \n(adsbygoogle = window.adsbygoogle || []).push({}); \n<\/script>\n<\/div><div id=\"ovigi-2407260529\" class=\"ovigi-conteudo_2 ovigi-entity-placement\"><script async src=\"\/\/pagead2.googlesyndication.com\/pagead\/js\/adsbygoogle.js?client=ca-pub-4068173061741521\" crossorigin=\"anonymous\"><\/script><ins class=\"adsbygoogle\" style=\"display:block; text-align:center;\" data-ad-client=\"ca-pub-4068173061741521\" \ndata-ad-slot=\"6460393376\" \ndata-ad-layout=\"in-article\"\ndata-ad-format=\"fluid\"><\/ins>\n<script> \n(adsbygoogle = window.adsbygoogle || []).push({}); \n<\/script>\n<\/div><div id=\"ovigi-2547372536\" class=\"ovigi-conteudo_2-4 ovigi-entity-placement\"><script async src=\"\/\/pagead2.googlesyndication.com\/pagead\/js\/adsbygoogle.js?client=ca-pub-4068173061741521\" crossorigin=\"anonymous\"><\/script><ins class=\"adsbygoogle\" style=\"display:block; text-align:center;\" data-ad-client=\"ca-pub-4068173061741521\" \ndata-ad-slot=\"6460393376\" \ndata-ad-layout=\"in-article\"\ndata-ad-format=\"fluid\"><\/ins>\n<script> \n(adsbygoogle = window.adsbygoogle || []).push({}); \n<\/script>\n<\/div>\n\n\n\n<p class=\"wp-block-paragraph\">A ocorr\u00eancia foi registrada logo ap\u00f3s o pique de energia que afetou cidades da regi\u00e3o provocar uma pane do sistema do elevador.<\/p>\n\n\n\n<p class=\"wp-block-paragraph\"><strong>Leia tamb\u00e9m:<\/strong> <a href=\"https:\/\/www.ovigilanteonline.com.br\/site\/2024\/09\/16\/linhas-de-transmissao-da-light-deixam-clientes-de-leopoldina-e-regiao-sem-energia\/\" target=\"_blank\" rel=\"noreferrer noopener\">Linhas de transmiss\u00e3o da Light deixam clientes de Leopoldina e regi\u00e3o sem energi<\/a><a href=\"https:\/\/www.ovigilanteonline.com.br\/site\/2024\/09\/16\/linhas-de-transmissao-da-light-deixam-clientes-de-leopoldina-e-regiao-sem-energia\/\">a<\/a><\/p>\n\n\n\n<p class=\"wp-block-paragraph\">O Corpo de Bombeiros foi acionado e conseguiu resgatar a mulher sem ferimentos. Foi verificado que o elevador estava desnivelado, por\u00e9m n\u00e3o havia espa\u00e7o para retirada da v\u00edtima. <\/p>\n\n\n\n\n\n<p class=\"wp-block-paragraph\">Foi feita a abertura das portas e como se tratava de um equipamento eletr\u00f4nico, o mesmo ficou desconfigurado com o pique de energia.<\/p>\n\n\n\n<p class=\"wp-block-paragraph\">Os bombeiros militares fizeram contato com a empresa respons\u00e1vel e atrav\u00e9s de aux\u00edlio remoto o t\u00e9cnico orientou a equipe para que o elevador fosse configurado.<\/p>\n\n\n\n<p class=\"wp-block-paragraph\">Atuaram na ocorr\u00eancia os bombeiros militares Sargento Alberto, Soldado Pereira e Soldado Masiero.<\/p>\n\n\n\n<figure class=\"wp-block-image size-full\"><img loading=\"lazy\" decoding=\"async\" width=\"900\" height=\"625\" src=\"https:\/\/www.ovigilanteonline.com.br\/site\/wp-content\/uploads\/2024\/09\/WhatsApp-Image-2024-09-16-at-22.30.22-2.jpeg\" alt=\"\" class=\"wp-image-435958\" srcset=\"https:\/\/www.ovigilanteonline.com.br\/site\/wp-content\/uploads\/2024\/09\/WhatsApp-Image-2024-09-16-at-22.30.22-2.jpeg 900w, https:\/\/www.ovigilanteonline.com.br\/site\/wp-content\/uploads\/2024\/09\/WhatsApp-Image-2024-09-16-at-22.30.22-2-300x208.jpeg 300w, https:\/\/www.ovigilanteonline.com.br\/site\/wp-content\/uploads\/2024\/09\/WhatsApp-Image-2024-09-16-at-22.30.22-2-768x533.jpeg 768w, https:\/\/www.ovigilanteonline.com.br\/site\/wp-content\/uploads\/2024\/09\/WhatsApp-Image-2024-09-16-at-22.30.22-2-600x417.jpeg 600w\" sizes=\"auto, (max-width: 900px) 100vw, 900px\" \/><\/figure>\n\n\n\n<p class=\"wp-block-paragraph\"><strong>Jornal O Vigilante Online<\/strong><\/p>\n\n\n<div id=\"ovigi-268268450\">\r\n<p class=\"has-text-align-center has-small-font-size wp-block-paragraph\">continua depois da publicidade<\/p>\r\n\r\n\r\n\r\n<hr class=\"wp-block-separator has-alpha-channel-opacity is-style-wide\"\/>\r\n\r\n\r\n\r\n<div class=\"wp-block-columns is-layout-flex wp-container-core-columns-is-layout-8f761849 wp-block-columns-is-layout-flex\">\r\n<div class=\"wp-block-column is-layout-flow wp-block-column-is-layout-flow\">\r\n<figure class=\"wp-block-image size-full is-resized\"><a href=\"https:\/\/www.instagram.com\/unimedleopoldina241\/\" target=\"_blank\" rel=\" noreferrer noopener\"><img decoding=\"async\" src=\"https:\/\/www.ovigilanteonline.com.br\/site\/wp-content\/uploads\/2026\/08\/unimed-materias.jpg\" alt=\"\" class=\"wp-image-455236\"\/><\/a><\/figure>\r\n<\/div>\r\n\r\n\r\n\r\n<div class=\"wp-block-column is-layout-flow wp-block-column-is-layout-flow\">\r\n<figure class=\"wp-block-image size-full\"><a href=\"https:\/\/vest.sudamerica.edu.br\/vest-2026-2\" target=\"_blank\" rel=\" noreferrer noopener\"><img decoding=\"async\" src=\"https:\/\/www.ovigilanteonline.com.br\/site\/wp-content\/uploads\/2026\/08\/sudamerica-materias.jpg\" alt=\"\" class=\"wp-image-453120\"\/><\/a><\/figure>\r\n<\/div>\r\n<\/div>\r\n\r\n\r\n\r\n<hr class=\"wp-block-separator has-alpha-channel-opacity is-style-wide\"\/>\r\n<\/div>\n\n<div class=\"ultp-not-found-message\" role=\"alert\">No Post Found<\/div>\n\n\n<hr class=\"wp-block-separator has-alpha-channel-opacity is-style-wide\"\/>\n\n\n<div class=\"ultp-not-found-message\" role=\"alert\">No Post Found<\/div>","protected":false},"excerpt":{"rendered":"<p>Corpo de Bombeiros fez o resgate juntamente com o apoio de um t\u00e9cnico de Belo Horizonte que auxiliou os militares atrav\u00e9s de v\u00eddeo. Uma mulher de 41 anos ficou presa no elevador do pr\u00e9dio da ag\u00eancia do INSS de Leopoldina na tarde desta segunda-feira, 16 de setembro. A ocorr\u00eancia foi registrada logo ap\u00f3s o pique [&hellip;]<\/p>\n","protected":false},"author":2,"featured_media":435959,"comment_status":"open","ping_status":"closed","sticky":false,"template":"","format":"standard","meta":{"footnotes":""},"categories":[1,24,26],"tags":[],"class_list":["post-435956","post","type-post","status-publish","format-standard","has-post-thumbnail","hentry","category-destaque","category-mais-lidas","category-ultimas-noticias"],"yoast_head":"<!-- This site is optimized with the Yoast SEO plugin v28.3 - https:\/\/yoast.com\/product\/yoast-seo-wordpress\/ -->\n<title>Falha de energia provoca pane em elevador e mulher fica presa em Leopoldina<\/title>\n<meta name=\"robots\" content=\"index, follow, max-snippet:-1, max-image-preview:large, max-video-preview:-1\" \/>\n<link rel=\"canonical\" href=\"https:\/\/www.ovigilanteonline.com.br\/site\/2024\/09\/17\/falha-de-energia-provoca-pane-em-elevador-e-mulher-fica-presa-em-leopoldina\/\" \/>\n<meta property=\"og:locale\" content=\"pt_BR\" \/>\n<meta property=\"og:type\" content=\"article\" \/>\n<meta property=\"og:title\" content=\"Falha de energia provoca pane em elevador e mulher fica presa em Leopoldina\" \/>\n<meta property=\"og:description\" content=\"Corpo de Bombeiros fez o resgate juntamente com o apoio de um t\u00e9cnico de Belo Horizonte que auxiliou os militares atrav\u00e9s de v\u00eddeo. Uma mulher de 41 anos ficou presa no elevador do pr\u00e9dio da ag\u00eancia do INSS de Leopoldina na tarde desta segunda-feira, 16 de setembro. A ocorr\u00eancia foi registrada logo ap\u00f3s o pique [&hellip;]\" \/>\n<meta property=\"og:url\" content=\"https:\/\/www.ovigilanteonline.com.br\/site\/2024\/09\/17\/falha-de-energia-provoca-pane-em-elevador-e-mulher-fica-presa-em-leopoldina\/\" \/>\n<meta property=\"og:site_name\" content=\"O VIGILANTE ONLINE\" \/>\n<meta property=\"article:publisher\" content=\"https:\/\/www.facebook.com\/ovigilanteonline\" \/>\n<meta property=\"article:published_time\" content=\"2024-09-17T10:09:03+00:00\" \/>\n<meta property=\"article:modified_time\" content=\"2024-09-17T21:35:57+00:00\" \/>\n<meta property=\"og:image\" content=\"https:\/\/www.ovigilanteonline.com.br\/site\/wp-content\/uploads\/2024\/09\/WhatsApp-Image-2024-09-16-at-22.30.22.jpeg\" \/>\n\t<meta property=\"og:image:width\" content=\"900\" \/>\n\t<meta property=\"og:image:height\" content=\"620\" \/>\n\t<meta property=\"og:image:type\" content=\"image\/jpeg\" \/>\n<meta name=\"author\" content=\"Jornalismo\" \/>\n<meta name=\"twitter:card\" content=\"summary_large_image\" \/>\n<meta name=\"twitter:label1\" content=\"Escrito por\" \/>\n\t<meta name=\"twitter:data1\" content=\"Jornalismo\" \/>\n\t<meta name=\"twitter:label2\" content=\"Est. tempo de leitura\" \/>\n\t<meta name=\"twitter:data2\" content=\"2 minutos\" \/>\n<script type=\"application\/ld+json\" class=\"yoast-schema-graph\">{\"@context\":\"https:\\\/\\\/schema.org\",\"@graph\":[{\"@type\":\"Article\",\"@id\":\"https:\\\/\\\/www.ovigilanteonline.com.br\\\/site\\\/2024\\\/09\\\/17\\\/falha-de-energia-provoca-pane-em-elevador-e-mulher-fica-presa-em-leopoldina\\\/#article\",\"isPartOf\":{\"@id\":\"https:\\\/\\\/www.ovigilanteonline.com.br\\\/site\\\/2024\\\/09\\\/17\\\/falha-de-energia-provoca-pane-em-elevador-e-mulher-fica-presa-em-leopoldina\\\/\"},\"author\":{\"name\":\"Jornalismo\",\"@id\":\"https:\\\/\\\/www.ovigilanteonline.com.br\\\/site\\\/#\\\/schema\\\/person\\\/538fdfb33c0c411cd14a732e7cf14aa6\"},\"headline\":\"Falha de energia provoca pane em elevador e mulher fica presa em Leopoldina\",\"datePublished\":\"2024-09-17T10:09:03+00:00\",\"dateModified\":\"2024-09-17T21:35:57+00:00\",\"mainEntityOfPage\":{\"@id\":\"https:\\\/\\\/www.ovigilanteonline.com.br\\\/site\\\/2024\\\/09\\\/17\\\/falha-de-energia-provoca-pane-em-elevador-e-mulher-fica-presa-em-leopoldina\\\/\"},\"wordCount\":210,\"commentCount\":0,\"image\":{\"@id\":\"https:\\\/\\\/www.ovigilanteonline.com.br\\\/site\\\/2024\\\/09\\\/17\\\/falha-de-energia-provoca-pane-em-elevador-e-mulher-fica-presa-em-leopoldina\\\/#primaryimage\"},\"thumbnailUrl\":\"https:\\\/\\\/www.ovigilanteonline.com.br\\\/site\\\/wp-content\\\/uploads\\\/2024\\\/09\\\/WhatsApp-Image-2024-09-16-at-22.30.22.jpeg\",\"articleSection\":[\"Destaque\",\"Mais Lidas\",\"\u00daltimas Not\u00edcias\"],\"inLanguage\":\"pt-BR\",\"potentialAction\":[{\"@type\":\"CommentAction\",\"name\":\"Comment\",\"target\":[\"https:\\\/\\\/www.ovigilanteonline.com.br\\\/site\\\/2024\\\/09\\\/17\\\/falha-de-energia-provoca-pane-em-elevador-e-mulher-fica-presa-em-leopoldina\\\/#respond\"]}]},{\"@type\":\"WebPage\",\"@id\":\"https:\\\/\\\/www.ovigilanteonline.com.br\\\/site\\\/2024\\\/09\\\/17\\\/falha-de-energia-provoca-pane-em-elevador-e-mulher-fica-presa-em-leopoldina\\\/\",\"url\":\"https:\\\/\\\/www.ovigilanteonline.com.br\\\/site\\\/2024\\\/09\\\/17\\\/falha-de-energia-provoca-pane-em-elevador-e-mulher-fica-presa-em-leopoldina\\\/\",\"name\":\"Falha de energia provoca pane em elevador e mulher fica presa em Leopoldina\",\"isPartOf\":{\"@id\":\"https:\\\/\\\/www.ovigilanteonline.com.br\\\/site\\\/#website\"},\"primaryImageOfPage\":{\"@id\":\"https:\\\/\\\/www.ovigilanteonline.com.br\\\/site\\\/2024\\\/09\\\/17\\\/falha-de-energia-provoca-pane-em-elevador-e-mulher-fica-presa-em-leopoldina\\\/#primaryimage\"},\"image\":{\"@id\":\"https:\\\/\\\/www.ovigilanteonline.com.br\\\/site\\\/2024\\\/09\\\/17\\\/falha-de-energia-provoca-pane-em-elevador-e-mulher-fica-presa-em-leopoldina\\\/#primaryimage\"},\"thumbnailUrl\":\"https:\\\/\\\/www.ovigilanteonline.com.br\\\/site\\\/wp-content\\\/uploads\\\/2024\\\/09\\\/WhatsApp-Image-2024-09-16-at-22.30.22.jpeg\",\"datePublished\":\"2024-09-17T10:09:03+00:00\",\"dateModified\":\"2024-09-17T21:35:57+00:00\",\"author\":{\"@id\":\"https:\\\/\\\/www.ovigilanteonline.com.br\\\/site\\\/#\\\/schema\\\/person\\\/538fdfb33c0c411cd14a732e7cf14aa6\"},\"breadcrumb\":{\"@id\":\"https:\\\/\\\/www.ovigilanteonline.com.br\\\/site\\\/2024\\\/09\\\/17\\\/falha-de-energia-provoca-pane-em-elevador-e-mulher-fica-presa-em-leopoldina\\\/#breadcrumb\"},\"inLanguage\":\"pt-BR\",\"potentialAction\":[{\"@type\":\"ReadAction\",\"target\":[\"https:\\\/\\\/www.ovigilanteonline.com.br\\\/site\\\/2024\\\/09\\\/17\\\/falha-de-energia-provoca-pane-em-elevador-e-mulher-fica-presa-em-leopoldina\\\/\"]}]},{\"@type\":\"ImageObject\",\"inLanguage\":\"pt-BR\",\"@id\":\"https:\\\/\\\/www.ovigilanteonline.com.br\\\/site\\\/2024\\\/09\\\/17\\\/falha-de-energia-provoca-pane-em-elevador-e-mulher-fica-presa-em-leopoldina\\\/#primaryimage\",\"url\":\"https:\\\/\\\/www.ovigilanteonline.com.br\\\/site\\\/wp-content\\\/uploads\\\/2024\\\/09\\\/WhatsApp-Image-2024-09-16-at-22.30.22.jpeg\",\"contentUrl\":\"https:\\\/\\\/www.ovigilanteonline.com.br\\\/site\\\/wp-content\\\/uploads\\\/2024\\\/09\\\/WhatsApp-Image-2024-09-16-at-22.30.22.jpeg\",\"width\":900,\"height\":620},{\"@type\":\"BreadcrumbList\",\"@id\":\"https:\\\/\\\/www.ovigilanteonline.com.br\\\/site\\\/2024\\\/09\\\/17\\\/falha-de-energia-provoca-pane-em-elevador-e-mulher-fica-presa-em-leopoldina\\\/#breadcrumb\",\"itemListElement\":[{\"@type\":\"ListItem\",\"position\":1,\"name\":\"In\u00edcio\",\"item\":\"https:\\\/\\\/www.ovigilanteonline.com.br\\\/site\\\/\"},{\"@type\":\"ListItem\",\"position\":2,\"name\":\"Falha de energia provoca pane em elevador e mulher fica presa em Leopoldina\"}]},{\"@type\":\"WebSite\",\"@id\":\"https:\\\/\\\/www.ovigilanteonline.com.br\\\/site\\\/#website\",\"url\":\"https:\\\/\\\/www.ovigilanteonline.com.br\\\/site\\\/\",\"name\":\"O VIGILANTE ONLINE - Not\u00edcias de Leopoldina e regi\u00e3o\",\"description\":\"\",\"potentialAction\":[{\"@type\":\"SearchAction\",\"target\":{\"@type\":\"EntryPoint\",\"urlTemplate\":\"https:\\\/\\\/www.ovigilanteonline.com.br\\\/site\\\/?s={search_term_string}\"},\"query-input\":{\"@type\":\"PropertyValueSpecification\",\"valueRequired\":true,\"valueName\":\"search_term_string\"}}],\"inLanguage\":\"pt-BR\"},{\"@type\":\"Person\",\"@id\":\"https:\\\/\\\/www.ovigilanteonline.com.br\\\/site\\\/#\\\/schema\\\/person\\\/538fdfb33c0c411cd14a732e7cf14aa6\",\"name\":\"Jornalismo\"}]}<\/script>\n<!-- \/ Yoast SEO plugin. -->","yoast_head_json":{"title":"Falha de energia provoca pane em elevador e mulher fica presa em Leopoldina","robots":{"index":"index","follow":"follow","max-snippet":"max-snippet:-1","max-image-preview":"max-image-preview:large","max-video-preview":"max-video-preview:-1"},"canonical":"https:\/\/www.ovigilanteonline.com.br\/site\/2024\/09\/17\/falha-de-energia-provoca-pane-em-elevador-e-mulher-fica-presa-em-leopoldina\/","og_locale":"pt_BR","og_type":"article","og_title":"Falha de energia provoca pane em elevador e mulher fica presa em Leopoldina","og_description":"Corpo de Bombeiros fez o resgate juntamente com o apoio de um t\u00e9cnico de Belo Horizonte que auxiliou os militares atrav\u00e9s de v\u00eddeo. Uma mulher de 41 anos ficou presa no elevador do pr\u00e9dio da ag\u00eancia do INSS de Leopoldina na tarde desta segunda-feira, 16 de setembro. A ocorr\u00eancia foi registrada logo ap\u00f3s o pique [&hellip;]","og_url":"https:\/\/www.ovigilanteonline.com.br\/site\/2024\/09\/17\/falha-de-energia-provoca-pane-em-elevador-e-mulher-fica-presa-em-leopoldina\/","og_site_name":"O VIGILANTE ONLINE","article_publisher":"https:\/\/www.facebook.com\/ovigilanteonline","article_published_time":"2024-09-17T10:09:03+00:00","article_modified_time":"2024-09-17T21:35:57+00:00","og_image":[{"width":900,"height":620,"url":"https:\/\/www.ovigilanteonline.com.br\/site\/wp-content\/uploads\/2024\/09\/WhatsApp-Image-2024-09-16-at-22.30.22.jpeg","type":"image\/jpeg"}],"author":"Jornalismo","twitter_card":"summary_large_image","twitter_misc":{"Escrito por":"Jornalismo","Est. tempo de leitura":"2 minutos"},"schema":{"@context":"https:\/\/schema.org","@graph":[{"@type":"Article","@id":"https:\/\/www.ovigilanteonline.com.br\/site\/2024\/09\/17\/falha-de-energia-provoca-pane-em-elevador-e-mulher-fica-presa-em-leopoldina\/#article","isPartOf":{"@id":"https:\/\/www.ovigilanteonline.com.br\/site\/2024\/09\/17\/falha-de-energia-provoca-pane-em-elevador-e-mulher-fica-presa-em-leopoldina\/"},"author":{"name":"Jornalismo","@id":"https:\/\/www.ovigilanteonline.com.br\/site\/#\/schema\/person\/538fdfb33c0c411cd14a732e7cf14aa6"},"headline":"Falha de energia provoca pane em elevador e mulher fica presa em Leopoldina","datePublished":"2024-09-17T10:09:03+00:00","dateModified":"2024-09-17T21:35:57+00:00","mainEntityOfPage":{"@id":"https:\/\/www.ovigilanteonline.com.br\/site\/2024\/09\/17\/falha-de-energia-provoca-pane-em-elevador-e-mulher-fica-presa-em-leopoldina\/"},"wordCount":210,"commentCount":0,"image":{"@id":"https:\/\/www.ovigilanteonline.com.br\/site\/2024\/09\/17\/falha-de-energia-provoca-pane-em-elevador-e-mulher-fica-presa-em-leopoldina\/#primaryimage"},"thumbnailUrl":"https:\/\/www.ovigilanteonline.com.br\/site\/wp-content\/uploads\/2024\/09\/WhatsApp-Image-2024-09-16-at-22.30.22.jpeg","articleSection":["Destaque","Mais Lidas","\u00daltimas Not\u00edcias"],"inLanguage":"pt-BR","potentialAction":[{"@type":"CommentAction","name":"Comment","target":["https:\/\/www.ovigilanteonline.com.br\/site\/2024\/09\/17\/falha-de-energia-provoca-pane-em-elevador-e-mulher-fica-presa-em-leopoldina\/#respond"]}]},{"@type":"WebPage","@id":"https:\/\/www.ovigilanteonline.com.br\/site\/2024\/09\/17\/falha-de-energia-provoca-pane-em-elevador-e-mulher-fica-presa-em-leopoldina\/","url":"https:\/\/www.ovigilanteonline.com.br\/site\/2024\/09\/17\/falha-de-energia-provoca-pane-em-elevador-e-mulher-fica-presa-em-leopoldina\/","name":"Falha de energia provoca pane em elevador e mulher fica presa em Leopoldina","isPartOf":{"@id":"https:\/\/www.ovigilanteonline.com.br\/site\/#website"},"primaryImageOfPage":{"@id":"https:\/\/www.ovigilanteonline.com.br\/site\/2024\/09\/17\/falha-de-energia-provoca-pane-em-elevador-e-mulher-fica-presa-em-leopoldina\/#primaryimage"},"image":{"@id":"https:\/\/www.ovigilanteonline.com.br\/site\/2024\/09\/17\/falha-de-energia-provoca-pane-em-elevador-e-mulher-fica-presa-em-leopoldina\/#primaryimage"},"thumbnailUrl":"https:\/\/www.ovigilanteonline.com.br\/site\/wp-content\/uploads\/2024\/09\/WhatsApp-Image-2024-09-16-at-22.30.22.jpeg","datePublished":"2024-09-17T10:09:03+00:00","dateModified":"2024-09-17T21:35:57+00:00","author":{"@id":"https:\/\/www.ovigilanteonline.com.br\/site\/#\/schema\/person\/538fdfb33c0c411cd14a732e7cf14aa6"},"breadcrumb":{"@id":"https:\/\/www.ovigilanteonline.com.br\/site\/2024\/09\/17\/falha-de-energia-provoca-pane-em-elevador-e-mulher-fica-presa-em-leopoldina\/#breadcrumb"},"inLanguage":"pt-BR","potentialAction":[{"@type":"ReadAction","target":["https:\/\/www.ovigilanteonline.com.br\/site\/2024\/09\/17\/falha-de-energia-provoca-pane-em-elevador-e-mulher-fica-presa-em-leopoldina\/"]}]},{"@type":"ImageObject","inLanguage":"pt-BR","@id":"https:\/\/www.ovigilanteonline.com.br\/site\/2024\/09\/17\/falha-de-energia-provoca-pane-em-elevador-e-mulher-fica-presa-em-leopoldina\/#primaryimage","url":"https:\/\/www.ovigilanteonline.com.br\/site\/wp-content\/uploads\/2024\/09\/WhatsApp-Image-2024-09-16-at-22.30.22.jpeg","contentUrl":"https:\/\/www.ovigilanteonline.com.br\/site\/wp-content\/uploads\/2024\/09\/WhatsApp-Image-2024-09-16-at-22.30.22.jpeg","width":900,"height":620},{"@type":"BreadcrumbList","@id":"https:\/\/www.ovigilanteonline.com.br\/site\/2024\/09\/17\/falha-de-energia-provoca-pane-em-elevador-e-mulher-fica-presa-em-leopoldina\/#breadcrumb","itemListElement":[{"@type":"ListItem","position":1,"name":"In\u00edcio","item":"https:\/\/www.ovigilanteonline.com.br\/site\/"},{"@type":"ListItem","position":2,"name":"Falha de energia provoca pane em elevador e mulher fica presa em Leopoldina"}]},{"@type":"WebSite","@id":"https:\/\/www.ovigilanteonline.com.br\/site\/#website","url":"https:\/\/www.ovigilanteonline.com.br\/site\/","name":"O VIGILANTE ONLINE - Not\u00edcias de Leopoldina e regi\u00e3o","description":"","potentialAction":[{"@type":"SearchAction","target":{"@type":"EntryPoint","urlTemplate":"https:\/\/www.ovigilanteonline.com.br\/site\/?s={search_term_string}"},"query-input":{"@type":"PropertyValueSpecification","valueRequired":true,"valueName":"search_term_string"}}],"inLanguage":"pt-BR"},{"@type":"Person","@id":"https:\/\/www.ovigilanteonline.com.br\/site\/#\/schema\/person\/538fdfb33c0c411cd14a732e7cf14aa6","name":"Jornalismo"}]}},"cc_featured_image_caption":{"caption_text":"","source_text":"","source_url":""},"_links":{"self":[{"href":"https:\/\/www.ovigilanteonline.com.br\/site\/wp-json\/wp\/v2\/posts\/435956","targetHints":{"allow":["GET"]}}],"collection":[{"href":"https:\/\/www.ovigilanteonline.com.br\/site\/wp-json\/wp\/v2\/posts"}],"about":[{"href":"https:\/\/www.ovigilanteonline.com.br\/site\/wp-json\/wp\/v2\/types\/post"}],"author":[{"embeddable":true,"href":"https:\/\/www.ovigilanteonline.com.br\/site\/wp-json\/wp\/v2\/users\/2"}],"replies":[{"embeddable":true,"href":"https:\/\/www.ovigilanteonline.com.br\/site\/wp-json\/wp\/v2\/comments?post=435956"}],"version-history":[{"count":0,"href":"https:\/\/www.ovigilanteonline.com.br\/site\/wp-json\/wp\/v2\/posts\/435956\/revisions"}],"wp:featuredmedia":[{"embeddable":true,"href":"https:\/\/www.ovigilanteonline.com.br\/site\/wp-json\/wp\/v2\/media\/435959"}],"wp:attachment":[{"href":"https:\/\/www.ovigilanteonline.com.br\/site\/wp-json\/wp\/v2\/media?parent=435956"}],"wp:term":[{"taxonomy":"category","embeddable":true,"href":"https:\/\/www.ovigilanteonline.com.br\/site\/wp-json\/wp\/v2\/categories?post=435956"},{"taxonomy":"post_tag","embeddable":true,"href":"https:\/\/www.ovigilanteonline.com.br\/site\/wp-json\/wp\/v2\/tags?post=435956"}],"curies":[{"name":"wp","href":"https:\/\/api.w.org\/{rel}","templated":true}]}}