{"id":435266,"date":"2024-08-16T09:40:01","date_gmt":"2024-08-16T12:40:01","guid":{"rendered":"https:\/\/www.ovigilanteonline.com.br\/site\/?p=435266"},"modified":"2024-08-19T09:55:27","modified_gmt":"2024-08-19T12:55:27","slug":"curta-metragem-alvorecer-comeca-a-ser-gravado-em-leopoldina","status":"publish","type":"post","link":"https:\/\/www.ovigilanteonline.com.br\/site\/2024\/08\/16\/curta-metragem-alvorecer-comeca-a-ser-gravado-em-leopoldina\/","title":{"rendered":"Curta-metragem &#8216;Alvorecer&#8217; come\u00e7a a ser gravado em Leopoldina"},"content":{"rendered":"<div id=\"ovigi-3607953830\" class=\"ovigi-inicio-post-interno ovigi-entity-placement\" style=\"margin-left: auto;margin-right: auto;text-align: center;\"><a href=\"https:\/\/onelink.to\/tfjfd3?utm_source=ig&#038;utm_medium=social&#038;utm_content=link_in_bio&#038;fbclid=PAcGRvZgJleHRuA2FlbQIxMQBzcnRjBmFwcF9pZA85MzY2MTk3NDMzOTI0NTkAAacgW20vIuhakYBCxZduUBbwssdSFoAQ7exuq7BFVvR-PR9sdpzVWlAvY7yZog_aem__Bn7V7eJEMspatV_tVfmIA\" target=\"_blank\" aria-label=\"ARTE GIF\"><img decoding=\"async\" src=\"https:\/\/www.ovigilanteonline.com.br\/site\/wp-content\/uploads\/2026\/05\/ARTE-GIF.gif\" alt=\"\"    \/><\/a><\/div>\n<p class=\"wp-block-paragraph\">O curta-metragem \u201cAlvorecer\u201d, da Companhia Biogr\u00e1fica, contemplado pela Lei Paulo Gustavo, come\u00e7ou a ser gravado esta semana em Leopoldina.<\/p>\n\n\n\n<p class=\"wp-block-paragraph\">O filme, que conta com roteiro, dire\u00e7\u00e3o geral e atua\u00e7\u00e3o de Sarom Dur\u00e3es, aborda a hist\u00f3ria de Rodrigo e Eduardo, um casal homoafetivo, v\u00edtima de um epis\u00f3dio de homofobia.<\/p><div id=\"ovigi-3061509433\" class=\"ovigi-conteudo_2-3 ovigi-entity-placement\"><script async src=\"\/\/pagead2.googlesyndication.com\/pagead\/js\/adsbygoogle.js?client=ca-pub-4068173061741521\" crossorigin=\"anonymous\"><\/script><ins class=\"adsbygoogle\" style=\"display:block; text-align:center;\" data-ad-client=\"ca-pub-4068173061741521\" \ndata-ad-slot=\"6460393376\" \ndata-ad-layout=\"in-article\"\ndata-ad-format=\"fluid\"><\/ins>\n<script> \n(adsbygoogle = window.adsbygoogle || []).push({}); \n<\/script>\n<\/div><div id=\"ovigi-937876173\" class=\"ovigi-conteudo_2-2 ovigi-entity-placement\"><script async src=\"\/\/pagead2.googlesyndication.com\/pagead\/js\/adsbygoogle.js?client=ca-pub-4068173061741521\" crossorigin=\"anonymous\"><\/script><ins class=\"adsbygoogle\" style=\"display:block; text-align:center;\" data-ad-client=\"ca-pub-4068173061741521\" \ndata-ad-slot=\"6460393376\" \ndata-ad-layout=\"in-article\"\ndata-ad-format=\"fluid\"><\/ins>\n<script> \n(adsbygoogle = window.adsbygoogle || []).push({}); \n<\/script>\n<\/div><div id=\"ovigi-1161907178\" class=\"ovigi-conteudo_2 ovigi-entity-placement\"><script async src=\"\/\/pagead2.googlesyndication.com\/pagead\/js\/adsbygoogle.js?client=ca-pub-4068173061741521\" crossorigin=\"anonymous\"><\/script><ins class=\"adsbygoogle\" style=\"display:block; text-align:center;\" data-ad-client=\"ca-pub-4068173061741521\" \ndata-ad-slot=\"6460393376\" \ndata-ad-layout=\"in-article\"\ndata-ad-format=\"fluid\"><\/ins>\n<script> \n(adsbygoogle = window.adsbygoogle || []).push({}); \n<\/script>\n<\/div><div id=\"ovigi-3812662989\" class=\"ovigi-conteudo_2-4 ovigi-entity-placement\"><script async src=\"\/\/pagead2.googlesyndication.com\/pagead\/js\/adsbygoogle.js?client=ca-pub-4068173061741521\" crossorigin=\"anonymous\"><\/script><ins class=\"adsbygoogle\" style=\"display:block; text-align:center;\" data-ad-client=\"ca-pub-4068173061741521\" \ndata-ad-slot=\"6460393376\" \ndata-ad-layout=\"in-article\"\ndata-ad-format=\"fluid\"><\/ins>\n<script> \n(adsbygoogle = window.adsbygoogle || []).push({}); \n<\/script>\n<\/div>\n\n\n\n<p class=\"wp-block-paragraph\">\u201cAp\u00f3s Eduardo (Pedro Torquilho) vir a \u00f3bito por uma agress\u00e3o de cunho homof\u00f3bico, seu companheiro Rodrigo (Sarom Dur\u00e3es) embarca para uma trilha desconhecida, onde se perde na mata e enfrenta dias turbulentos em busca de sobreviv\u00eancia e supera\u00e7\u00e3o. O objetivo que o leva a esse destino, no entanto, n\u00e3o o permite pensar em recuar.\u201d<\/p>\n\n\n\n\n\n<p class=\"wp-block-paragraph\">Para o autor Sarom Dur\u00e3es, a hist\u00f3ria n\u00e3o envolve apenas a tem\u00e1tica LGBT+ e diversidade: \u201cAcredito que, embora seja o tema central, temos tr\u00eas pontos que se cruzam e ser\u00e3o evidenciados na obra: al\u00e9m de abordarmos o contato do homem com a natureza e a correria do dia-a-dia, tamb\u00e9m apresentamos in\u00fameras belezas naturais de Leopoldina e regi\u00e3o e falamos sobre o amor genu\u00edno e a efemeridade da vida. Todo o agora que deixamos para depois, e um dia pode n\u00e3o chegar\u2026\u201d<\/p>\n\n\n\n<figure class=\"wp-block-image size-full\"><img loading=\"lazy\" decoding=\"async\" width=\"758\" height=\"465\" src=\"https:\/\/www.ovigilanteonline.com.br\/site\/wp-content\/uploads\/2024\/08\/6576756765.jpg\" alt=\"\" class=\"wp-image-435268\" srcset=\"https:\/\/www.ovigilanteonline.com.br\/site\/wp-content\/uploads\/2024\/08\/6576756765.jpg 758w, https:\/\/www.ovigilanteonline.com.br\/site\/wp-content\/uploads\/2024\/08\/6576756765-300x184.jpg 300w, https:\/\/www.ovigilanteonline.com.br\/site\/wp-content\/uploads\/2024\/08\/6576756765-600x368.jpg 600w\" sizes=\"auto, (max-width: 758px) 100vw, 758px\" \/><figcaption class=\"wp-element-caption\"><em>Sarom Dur\u00e3es e Pedro Torquilho, int\u00e9rpretes de Rodrigo e Eduardo.<\/em><\/figcaption><\/figure>\n\n\n\n<p class=\"wp-block-paragraph\">Al\u00e9m de Sarom, a equipe tamb\u00e9m conta com a assist\u00eancia de dire\u00e7\u00e3o de Aline Trevas, dire\u00e7\u00e3o de fotografia de Rodrigo Rodrigues,dire\u00e7\u00e3o de arte de Beatriz Lima, produ\u00e7\u00e3o de Victor Guilherme Fernandes, desenho de som e mixagem de Jo\u00e3o Paulo Lacerda, elenco composto por Pedro Torquilho e Sarom Dur\u00e3es e elenco de apoio: Aline Trevas, Camilla Monteiro, Carlos Nunes, Cidinha Mendon\u00e7a, Dani Siqueira, Eufr\u00e1sia Avlis, Gustavo Gomes, Matheus Barbosa, Matheus Vargas, Raphael Abreu, Sasa Junqueira, Yara Ferreira e Wanessa Aguiar.<\/p>\n\n\n<div id=\"ovigi-3314887142\">\r\n<p class=\"has-text-align-center has-small-font-size wp-block-paragraph\">continua depois da publicidade<\/p>\r\n\r\n\r\n\r\n<hr class=\"wp-block-separator has-alpha-channel-opacity is-style-wide\"\/>\r\n\r\n\r\n\r\n<div class=\"wp-block-columns is-layout-flex wp-container-core-columns-is-layout-8f761849 wp-block-columns-is-layout-flex\">\r\n<div class=\"wp-block-column is-layout-flow wp-block-column-is-layout-flow\">\r\n<figure class=\"wp-block-image size-full is-resized\"><a href=\"https:\/\/www.instagram.com\/unimedleopoldina241\/\" target=\"_blank\" rel=\" noreferrer noopener\"><img decoding=\"async\" src=\"https:\/\/www.ovigilanteonline.com.br\/site\/wp-content\/uploads\/2026\/08\/unimed-materias.jpg\" alt=\"\" class=\"wp-image-455236\"\/><\/a><\/figure>\r\n<\/div>\r\n\r\n\r\n\r\n<div class=\"wp-block-column is-layout-flow wp-block-column-is-layout-flow\">\r\n<figure class=\"wp-block-image size-full\"><a href=\"https:\/\/vest.sudamerica.edu.br\/vest-2026-2\" target=\"_blank\" rel=\" noreferrer noopener\"><img decoding=\"async\" src=\"https:\/\/www.ovigilanteonline.com.br\/site\/wp-content\/uploads\/2026\/08\/sudamerica-materias.jpg\" alt=\"\" class=\"wp-image-453120\"\/><\/a><\/figure>\r\n<\/div>\r\n<\/div>\r\n\r\n\r\n\r\n<hr class=\"wp-block-separator has-alpha-channel-opacity is-style-wide\"\/>\r\n<\/div>\n\n\n<p class=\"wp-block-paragraph\">\u201cAlvorecer\u201d, que estar\u00e1 em cartaz em Leopoldina durante um m\u00eas com ingressos livres para o p\u00fablico, tamb\u00e9m vai rodar por algumas escolas, universidades e institui\u00e7\u00f5es parceiras do projeto.<\/p>\n\n\n\n<p class=\"wp-block-paragraph\">Informa\u00e7\u00f5es sobre o filme e seu andamento podem ser encontradas no facebook e instagram da Cia. Biogr\u00e1fica, Sarom Dur\u00e3es ou Curta Alvorecer: @cia.biografica @curtaalvorecer @saromduraes<\/p>\n\n\n\n<p class=\"wp-block-paragraph\">O filme conta com patroc\u00ednio do Sicredi e apoio da ACIL, Ana Morais Barbosa (M\u00e1scaras), Casa de Caridade Leopoldinense, Clube do Moinho, GITS Grupo de Interven\u00e7\u00e3o, Grupo M.A.T.O, Hotel Minas Tower, Jos\u00e9 Carlos Cosini (Rural Willys), Luciano Meneghite &#8211; Luc (artesanato), Restaurante Cheiro Verde, Flavinho do \u00f4nibus de Aba\u00edba, Posto Solar Combust\u00edvel ALE, Prefeitura Municipal de Leopoldina e Pousada Recanto da Jura.<\/p>\n\n\n\n<p class=\"wp-block-paragraph\"><strong>Jornal O Vigilante Online com Assessoria de Imprensa<\/strong><\/p>\n\n\n<div class=\"ultp-not-found-message\" role=\"alert\">No Post Found<\/div>","protected":false},"excerpt":{"rendered":"<p>O curta-metragem \u201cAlvorecer\u201d, da Companhia Biogr\u00e1fica, contemplado pela Lei Paulo Gustavo, come\u00e7ou a ser gravado esta semana em Leopoldina. O filme, que conta com roteiro, dire\u00e7\u00e3o geral e atua\u00e7\u00e3o de Sarom Dur\u00e3es, aborda a hist\u00f3ria de Rodrigo e Eduardo, um casal homoafetivo, v\u00edtima de um epis\u00f3dio de homofobia. \u201cAp\u00f3s Eduardo (Pedro Torquilho) vir a \u00f3bito [&hellip;]<\/p>\n","protected":false},"author":2,"featured_media":435267,"comment_status":"open","ping_status":"closed","sticky":false,"template":"","format":"standard","meta":{"footnotes":""},"categories":[13,17,11,26],"tags":[],"class_list":["post-435266","post","type-post","status-publish","format-standard","has-post-thumbnail","hentry","category-cidade","category-geral","category-leopoldina","category-ultimas-noticias"],"yoast_head":"<!-- This site is optimized with the Yoast SEO plugin v28.3 - https:\/\/yoast.com\/product\/yoast-seo-wordpress\/ -->\n<title>Curta-metragem &#039;Alvorecer&#039; come\u00e7a a ser gravado em Leopoldina<\/title>\n<meta name=\"robots\" content=\"index, follow, max-snippet:-1, max-image-preview:large, max-video-preview:-1\" \/>\n<link rel=\"canonical\" href=\"https:\/\/www.ovigilanteonline.com.br\/site\/2024\/08\/16\/curta-metragem-alvorecer-comeca-a-ser-gravado-em-leopoldina\/\" \/>\n<meta property=\"og:locale\" content=\"pt_BR\" \/>\n<meta property=\"og:type\" content=\"article\" \/>\n<meta property=\"og:title\" content=\"Curta-metragem &#039;Alvorecer&#039; come\u00e7a a ser gravado em Leopoldina\" \/>\n<meta property=\"og:description\" content=\"O curta-metragem \u201cAlvorecer\u201d, da Companhia Biogr\u00e1fica, contemplado pela Lei Paulo Gustavo, come\u00e7ou a ser gravado esta semana em Leopoldina. O filme, que conta com roteiro, dire\u00e7\u00e3o geral e atua\u00e7\u00e3o de Sarom Dur\u00e3es, aborda a hist\u00f3ria de Rodrigo e Eduardo, um casal homoafetivo, v\u00edtima de um epis\u00f3dio de homofobia. \u201cAp\u00f3s Eduardo (Pedro Torquilho) vir a \u00f3bito [&hellip;]\" \/>\n<meta property=\"og:url\" content=\"https:\/\/www.ovigilanteonline.com.br\/site\/2024\/08\/16\/curta-metragem-alvorecer-comeca-a-ser-gravado-em-leopoldina\/\" \/>\n<meta property=\"og:site_name\" content=\"O VIGILANTE ONLINE\" \/>\n<meta property=\"article:publisher\" content=\"https:\/\/www.facebook.com\/ovigilanteonline\" \/>\n<meta property=\"article:published_time\" content=\"2024-08-16T12:40:01+00:00\" \/>\n<meta property=\"article:modified_time\" content=\"2024-08-19T12:55:27+00:00\" \/>\n<meta property=\"og:image\" content=\"https:\/\/www.ovigilanteonline.com.br\/site\/wp-content\/uploads\/2024\/08\/768678-1.jpg\" \/>\n\t<meta property=\"og:image:width\" content=\"800\" \/>\n\t<meta property=\"og:image:height\" content=\"520\" \/>\n\t<meta property=\"og:image:type\" content=\"image\/jpeg\" \/>\n<meta name=\"author\" content=\"Jornalismo\" \/>\n<meta name=\"twitter:card\" content=\"summary_large_image\" \/>\n<meta name=\"twitter:label1\" content=\"Escrito por\" \/>\n\t<meta name=\"twitter:data1\" content=\"Jornalismo\" \/>\n\t<meta name=\"twitter:label2\" content=\"Est. tempo de leitura\" \/>\n\t<meta name=\"twitter:data2\" content=\"3 minutos\" \/>\n<script type=\"application\/ld+json\" class=\"yoast-schema-graph\">{\"@context\":\"https:\\\/\\\/schema.org\",\"@graph\":[{\"@type\":\"Article\",\"@id\":\"https:\\\/\\\/www.ovigilanteonline.com.br\\\/site\\\/2024\\\/08\\\/16\\\/curta-metragem-alvorecer-comeca-a-ser-gravado-em-leopoldina\\\/#article\",\"isPartOf\":{\"@id\":\"https:\\\/\\\/www.ovigilanteonline.com.br\\\/site\\\/2024\\\/08\\\/16\\\/curta-metragem-alvorecer-comeca-a-ser-gravado-em-leopoldina\\\/\"},\"author\":{\"name\":\"Jornalismo\",\"@id\":\"https:\\\/\\\/www.ovigilanteonline.com.br\\\/site\\\/#\\\/schema\\\/person\\\/538fdfb33c0c411cd14a732e7cf14aa6\"},\"headline\":\"Curta-metragem &#8216;Alvorecer&#8217; come\u00e7a a ser gravado em Leopoldina\",\"datePublished\":\"2024-08-16T12:40:01+00:00\",\"dateModified\":\"2024-08-19T12:55:27+00:00\",\"mainEntityOfPage\":{\"@id\":\"https:\\\/\\\/www.ovigilanteonline.com.br\\\/site\\\/2024\\\/08\\\/16\\\/curta-metragem-alvorecer-comeca-a-ser-gravado-em-leopoldina\\\/\"},\"wordCount\":461,\"commentCount\":0,\"image\":{\"@id\":\"https:\\\/\\\/www.ovigilanteonline.com.br\\\/site\\\/2024\\\/08\\\/16\\\/curta-metragem-alvorecer-comeca-a-ser-gravado-em-leopoldina\\\/#primaryimage\"},\"thumbnailUrl\":\"https:\\\/\\\/www.ovigilanteonline.com.br\\\/site\\\/wp-content\\\/uploads\\\/2024\\\/08\\\/768678-1.jpg\",\"articleSection\":[\"Cidade\",\"Geral\",\"Leopoldina\",\"\u00daltimas Not\u00edcias\"],\"inLanguage\":\"pt-BR\",\"potentialAction\":[{\"@type\":\"CommentAction\",\"name\":\"Comment\",\"target\":[\"https:\\\/\\\/www.ovigilanteonline.com.br\\\/site\\\/2024\\\/08\\\/16\\\/curta-metragem-alvorecer-comeca-a-ser-gravado-em-leopoldina\\\/#respond\"]}]},{\"@type\":\"WebPage\",\"@id\":\"https:\\\/\\\/www.ovigilanteonline.com.br\\\/site\\\/2024\\\/08\\\/16\\\/curta-metragem-alvorecer-comeca-a-ser-gravado-em-leopoldina\\\/\",\"url\":\"https:\\\/\\\/www.ovigilanteonline.com.br\\\/site\\\/2024\\\/08\\\/16\\\/curta-metragem-alvorecer-comeca-a-ser-gravado-em-leopoldina\\\/\",\"name\":\"Curta-metragem 'Alvorecer' come\u00e7a a ser gravado em Leopoldina\",\"isPartOf\":{\"@id\":\"https:\\\/\\\/www.ovigilanteonline.com.br\\\/site\\\/#website\"},\"primaryImageOfPage\":{\"@id\":\"https:\\\/\\\/www.ovigilanteonline.com.br\\\/site\\\/2024\\\/08\\\/16\\\/curta-metragem-alvorecer-comeca-a-ser-gravado-em-leopoldina\\\/#primaryimage\"},\"image\":{\"@id\":\"https:\\\/\\\/www.ovigilanteonline.com.br\\\/site\\\/2024\\\/08\\\/16\\\/curta-metragem-alvorecer-comeca-a-ser-gravado-em-leopoldina\\\/#primaryimage\"},\"thumbnailUrl\":\"https:\\\/\\\/www.ovigilanteonline.com.br\\\/site\\\/wp-content\\\/uploads\\\/2024\\\/08\\\/768678-1.jpg\",\"datePublished\":\"2024-08-16T12:40:01+00:00\",\"dateModified\":\"2024-08-19T12:55:27+00:00\",\"author\":{\"@id\":\"https:\\\/\\\/www.ovigilanteonline.com.br\\\/site\\\/#\\\/schema\\\/person\\\/538fdfb33c0c411cd14a732e7cf14aa6\"},\"breadcrumb\":{\"@id\":\"https:\\\/\\\/www.ovigilanteonline.com.br\\\/site\\\/2024\\\/08\\\/16\\\/curta-metragem-alvorecer-comeca-a-ser-gravado-em-leopoldina\\\/#breadcrumb\"},\"inLanguage\":\"pt-BR\",\"potentialAction\":[{\"@type\":\"ReadAction\",\"target\":[\"https:\\\/\\\/www.ovigilanteonline.com.br\\\/site\\\/2024\\\/08\\\/16\\\/curta-metragem-alvorecer-comeca-a-ser-gravado-em-leopoldina\\\/\"]}]},{\"@type\":\"ImageObject\",\"inLanguage\":\"pt-BR\",\"@id\":\"https:\\\/\\\/www.ovigilanteonline.com.br\\\/site\\\/2024\\\/08\\\/16\\\/curta-metragem-alvorecer-comeca-a-ser-gravado-em-leopoldina\\\/#primaryimage\",\"url\":\"https:\\\/\\\/www.ovigilanteonline.com.br\\\/site\\\/wp-content\\\/uploads\\\/2024\\\/08\\\/768678-1.jpg\",\"contentUrl\":\"https:\\\/\\\/www.ovigilanteonline.com.br\\\/site\\\/wp-content\\\/uploads\\\/2024\\\/08\\\/768678-1.jpg\",\"width\":800,\"height\":520},{\"@type\":\"BreadcrumbList\",\"@id\":\"https:\\\/\\\/www.ovigilanteonline.com.br\\\/site\\\/2024\\\/08\\\/16\\\/curta-metragem-alvorecer-comeca-a-ser-gravado-em-leopoldina\\\/#breadcrumb\",\"itemListElement\":[{\"@type\":\"ListItem\",\"position\":1,\"name\":\"In\u00edcio\",\"item\":\"https:\\\/\\\/www.ovigilanteonline.com.br\\\/site\\\/\"},{\"@type\":\"ListItem\",\"position\":2,\"name\":\"Curta-metragem &#8216;Alvorecer&#8217; come\u00e7a a ser gravado em Leopoldina\"}]},{\"@type\":\"WebSite\",\"@id\":\"https:\\\/\\\/www.ovigilanteonline.com.br\\\/site\\\/#website\",\"url\":\"https:\\\/\\\/www.ovigilanteonline.com.br\\\/site\\\/\",\"name\":\"O VIGILANTE ONLINE - Not\u00edcias de Leopoldina e regi\u00e3o\",\"description\":\"\",\"potentialAction\":[{\"@type\":\"SearchAction\",\"target\":{\"@type\":\"EntryPoint\",\"urlTemplate\":\"https:\\\/\\\/www.ovigilanteonline.com.br\\\/site\\\/?s={search_term_string}\"},\"query-input\":{\"@type\":\"PropertyValueSpecification\",\"valueRequired\":true,\"valueName\":\"search_term_string\"}}],\"inLanguage\":\"pt-BR\"},{\"@type\":\"Person\",\"@id\":\"https:\\\/\\\/www.ovigilanteonline.com.br\\\/site\\\/#\\\/schema\\\/person\\\/538fdfb33c0c411cd14a732e7cf14aa6\",\"name\":\"Jornalismo\"}]}<\/script>\n<!-- \/ Yoast SEO plugin. -->","yoast_head_json":{"title":"Curta-metragem 'Alvorecer' come\u00e7a a ser gravado em Leopoldina","robots":{"index":"index","follow":"follow","max-snippet":"max-snippet:-1","max-image-preview":"max-image-preview:large","max-video-preview":"max-video-preview:-1"},"canonical":"https:\/\/www.ovigilanteonline.com.br\/site\/2024\/08\/16\/curta-metragem-alvorecer-comeca-a-ser-gravado-em-leopoldina\/","og_locale":"pt_BR","og_type":"article","og_title":"Curta-metragem 'Alvorecer' come\u00e7a a ser gravado em Leopoldina","og_description":"O curta-metragem \u201cAlvorecer\u201d, da Companhia Biogr\u00e1fica, contemplado pela Lei Paulo Gustavo, come\u00e7ou a ser gravado esta semana em Leopoldina. O filme, que conta com roteiro, dire\u00e7\u00e3o geral e atua\u00e7\u00e3o de Sarom Dur\u00e3es, aborda a hist\u00f3ria de Rodrigo e Eduardo, um casal homoafetivo, v\u00edtima de um epis\u00f3dio de homofobia. \u201cAp\u00f3s Eduardo (Pedro Torquilho) vir a \u00f3bito [&hellip;]","og_url":"https:\/\/www.ovigilanteonline.com.br\/site\/2024\/08\/16\/curta-metragem-alvorecer-comeca-a-ser-gravado-em-leopoldina\/","og_site_name":"O VIGILANTE ONLINE","article_publisher":"https:\/\/www.facebook.com\/ovigilanteonline","article_published_time":"2024-08-16T12:40:01+00:00","article_modified_time":"2024-08-19T12:55:27+00:00","og_image":[{"width":800,"height":520,"url":"https:\/\/www.ovigilanteonline.com.br\/site\/wp-content\/uploads\/2024\/08\/768678-1.jpg","type":"image\/jpeg"}],"author":"Jornalismo","twitter_card":"summary_large_image","twitter_misc":{"Escrito por":"Jornalismo","Est. tempo de leitura":"3 minutos"},"schema":{"@context":"https:\/\/schema.org","@graph":[{"@type":"Article","@id":"https:\/\/www.ovigilanteonline.com.br\/site\/2024\/08\/16\/curta-metragem-alvorecer-comeca-a-ser-gravado-em-leopoldina\/#article","isPartOf":{"@id":"https:\/\/www.ovigilanteonline.com.br\/site\/2024\/08\/16\/curta-metragem-alvorecer-comeca-a-ser-gravado-em-leopoldina\/"},"author":{"name":"Jornalismo","@id":"https:\/\/www.ovigilanteonline.com.br\/site\/#\/schema\/person\/538fdfb33c0c411cd14a732e7cf14aa6"},"headline":"Curta-metragem &#8216;Alvorecer&#8217; come\u00e7a a ser gravado em Leopoldina","datePublished":"2024-08-16T12:40:01+00:00","dateModified":"2024-08-19T12:55:27+00:00","mainEntityOfPage":{"@id":"https:\/\/www.ovigilanteonline.com.br\/site\/2024\/08\/16\/curta-metragem-alvorecer-comeca-a-ser-gravado-em-leopoldina\/"},"wordCount":461,"commentCount":0,"image":{"@id":"https:\/\/www.ovigilanteonline.com.br\/site\/2024\/08\/16\/curta-metragem-alvorecer-comeca-a-ser-gravado-em-leopoldina\/#primaryimage"},"thumbnailUrl":"https:\/\/www.ovigilanteonline.com.br\/site\/wp-content\/uploads\/2024\/08\/768678-1.jpg","articleSection":["Cidade","Geral","Leopoldina","\u00daltimas Not\u00edcias"],"inLanguage":"pt-BR","potentialAction":[{"@type":"CommentAction","name":"Comment","target":["https:\/\/www.ovigilanteonline.com.br\/site\/2024\/08\/16\/curta-metragem-alvorecer-comeca-a-ser-gravado-em-leopoldina\/#respond"]}]},{"@type":"WebPage","@id":"https:\/\/www.ovigilanteonline.com.br\/site\/2024\/08\/16\/curta-metragem-alvorecer-comeca-a-ser-gravado-em-leopoldina\/","url":"https:\/\/www.ovigilanteonline.com.br\/site\/2024\/08\/16\/curta-metragem-alvorecer-comeca-a-ser-gravado-em-leopoldina\/","name":"Curta-metragem 'Alvorecer' come\u00e7a a ser gravado em Leopoldina","isPartOf":{"@id":"https:\/\/www.ovigilanteonline.com.br\/site\/#website"},"primaryImageOfPage":{"@id":"https:\/\/www.ovigilanteonline.com.br\/site\/2024\/08\/16\/curta-metragem-alvorecer-comeca-a-ser-gravado-em-leopoldina\/#primaryimage"},"image":{"@id":"https:\/\/www.ovigilanteonline.com.br\/site\/2024\/08\/16\/curta-metragem-alvorecer-comeca-a-ser-gravado-em-leopoldina\/#primaryimage"},"thumbnailUrl":"https:\/\/www.ovigilanteonline.com.br\/site\/wp-content\/uploads\/2024\/08\/768678-1.jpg","datePublished":"2024-08-16T12:40:01+00:00","dateModified":"2024-08-19T12:55:27+00:00","author":{"@id":"https:\/\/www.ovigilanteonline.com.br\/site\/#\/schema\/person\/538fdfb33c0c411cd14a732e7cf14aa6"},"breadcrumb":{"@id":"https:\/\/www.ovigilanteonline.com.br\/site\/2024\/08\/16\/curta-metragem-alvorecer-comeca-a-ser-gravado-em-leopoldina\/#breadcrumb"},"inLanguage":"pt-BR","potentialAction":[{"@type":"ReadAction","target":["https:\/\/www.ovigilanteonline.com.br\/site\/2024\/08\/16\/curta-metragem-alvorecer-comeca-a-ser-gravado-em-leopoldina\/"]}]},{"@type":"ImageObject","inLanguage":"pt-BR","@id":"https:\/\/www.ovigilanteonline.com.br\/site\/2024\/08\/16\/curta-metragem-alvorecer-comeca-a-ser-gravado-em-leopoldina\/#primaryimage","url":"https:\/\/www.ovigilanteonline.com.br\/site\/wp-content\/uploads\/2024\/08\/768678-1.jpg","contentUrl":"https:\/\/www.ovigilanteonline.com.br\/site\/wp-content\/uploads\/2024\/08\/768678-1.jpg","width":800,"height":520},{"@type":"BreadcrumbList","@id":"https:\/\/www.ovigilanteonline.com.br\/site\/2024\/08\/16\/curta-metragem-alvorecer-comeca-a-ser-gravado-em-leopoldina\/#breadcrumb","itemListElement":[{"@type":"ListItem","position":1,"name":"In\u00edcio","item":"https:\/\/www.ovigilanteonline.com.br\/site\/"},{"@type":"ListItem","position":2,"name":"Curta-metragem &#8216;Alvorecer&#8217; come\u00e7a a ser gravado em Leopoldina"}]},{"@type":"WebSite","@id":"https:\/\/www.ovigilanteonline.com.br\/site\/#website","url":"https:\/\/www.ovigilanteonline.com.br\/site\/","name":"O VIGILANTE ONLINE - Not\u00edcias de Leopoldina e regi\u00e3o","description":"","potentialAction":[{"@type":"SearchAction","target":{"@type":"EntryPoint","urlTemplate":"https:\/\/www.ovigilanteonline.com.br\/site\/?s={search_term_string}"},"query-input":{"@type":"PropertyValueSpecification","valueRequired":true,"valueName":"search_term_string"}}],"inLanguage":"pt-BR"},{"@type":"Person","@id":"https:\/\/www.ovigilanteonline.com.br\/site\/#\/schema\/person\/538fdfb33c0c411cd14a732e7cf14aa6","name":"Jornalismo"}]}},"cc_featured_image_caption":{"caption_text":"Equipe criativa de \u201cAlvorecer\u201d.","source_text":"","source_url":""},"_links":{"self":[{"href":"https:\/\/www.ovigilanteonline.com.br\/site\/wp-json\/wp\/v2\/posts\/435266","targetHints":{"allow":["GET"]}}],"collection":[{"href":"https:\/\/www.ovigilanteonline.com.br\/site\/wp-json\/wp\/v2\/posts"}],"about":[{"href":"https:\/\/www.ovigilanteonline.com.br\/site\/wp-json\/wp\/v2\/types\/post"}],"author":[{"embeddable":true,"href":"https:\/\/www.ovigilanteonline.com.br\/site\/wp-json\/wp\/v2\/users\/2"}],"replies":[{"embeddable":true,"href":"https:\/\/www.ovigilanteonline.com.br\/site\/wp-json\/wp\/v2\/comments?post=435266"}],"version-history":[{"count":0,"href":"https:\/\/www.ovigilanteonline.com.br\/site\/wp-json\/wp\/v2\/posts\/435266\/revisions"}],"wp:featuredmedia":[{"embeddable":true,"href":"https:\/\/www.ovigilanteonline.com.br\/site\/wp-json\/wp\/v2\/media\/435267"}],"wp:attachment":[{"href":"https:\/\/www.ovigilanteonline.com.br\/site\/wp-json\/wp\/v2\/media?parent=435266"}],"wp:term":[{"taxonomy":"category","embeddable":true,"href":"https:\/\/www.ovigilanteonline.com.br\/site\/wp-json\/wp\/v2\/categories?post=435266"},{"taxonomy":"post_tag","embeddable":true,"href":"https:\/\/www.ovigilanteonline.com.br\/site\/wp-json\/wp\/v2\/tags?post=435266"}],"curies":[{"name":"wp","href":"https:\/\/api.w.org\/{rel}","templated":true}]}}