{"id":434440,"date":"2024-07-15T08:08:55","date_gmt":"2024-07-15T11:08:55","guid":{"rendered":"https:\/\/www.ovigilanteonline.com.br\/site\/?p=434440"},"modified":"2024-07-15T08:08:57","modified_gmt":"2024-07-15T11:08:57","slug":"veja-quais-cidades-de-minas-lideram-ranking-de-furto-roubo-e-extorsao","status":"publish","type":"post","link":"https:\/\/www.ovigilanteonline.com.br\/site\/2024\/07\/15\/veja-quais-cidades-de-minas-lideram-ranking-de-furto-roubo-e-extorsao\/","title":{"rendered":"Veja quais cidades de Minas lideram ranking de furto, roubo e extors\u00e3o"},"content":{"rendered":"<div id=\"ovigi-3687928753\" class=\"ovigi-inicio-post-interno ovigi-entity-placement\" style=\"margin-left: auto;margin-right: auto;text-align: center;\"><a href=\"https:\/\/onelink.to\/tfjfd3?utm_source=ig&#038;utm_medium=social&#038;utm_content=link_in_bio&#038;fbclid=PAcGRvZgJleHRuA2FlbQIxMQBzcnRjBmFwcF9pZA85MzY2MTk3NDMzOTI0NTkAAacgW20vIuhakYBCxZduUBbwssdSFoAQ7exuq7BFVvR-PR9sdpzVWlAvY7yZog_aem__Bn7V7eJEMspatV_tVfmIA\" target=\"_blank\" aria-label=\"ARTE GIF\"><img decoding=\"async\" src=\"https:\/\/www.ovigilanteonline.com.br\/site\/wp-content\/uploads\/2026\/05\/ARTE-GIF.gif\" alt=\"\"    \/><\/a><\/div>\n<p class=\"wp-block-paragraph\"><strong><em>Estado afirma que houve redu\u00e7\u00e3o de 5,5% nos crimes contra o patrim\u00f4nio.<\/em><\/strong><\/p>\n\n\n\n<p class=\"wp-block-paragraph\">Crimes contra o patrim\u00f4nio, os furtos, roubos e extors\u00f5es &#8211; sejam os tentados ou consumados &#8211; s\u00e3o mais recorrentes em algumas das maiores cidades de Minas. Belo Horizonte, Juiz de Fora, Uberl\u00e2ndia e Contagem lideram o ranking.<\/p><div id=\"ovigi-1973151015\" class=\"ovigi-conteudo_2-3 ovigi-entity-placement\"><script async src=\"\/\/pagead2.googlesyndication.com\/pagead\/js\/adsbygoogle.js?client=ca-pub-4068173061741521\" crossorigin=\"anonymous\"><\/script><ins class=\"adsbygoogle\" style=\"display:block; text-align:center;\" data-ad-client=\"ca-pub-4068173061741521\" \ndata-ad-slot=\"6460393376\" \ndata-ad-layout=\"in-article\"\ndata-ad-format=\"fluid\"><\/ins>\n<script> \n(adsbygoogle = window.adsbygoogle || []).push({}); \n<\/script>\n<\/div><div id=\"ovigi-1949260819\" class=\"ovigi-conteudo_2-2 ovigi-entity-placement\"><script async src=\"\/\/pagead2.googlesyndication.com\/pagead\/js\/adsbygoogle.js?client=ca-pub-4068173061741521\" crossorigin=\"anonymous\"><\/script><ins class=\"adsbygoogle\" style=\"display:block; text-align:center;\" data-ad-client=\"ca-pub-4068173061741521\" \ndata-ad-slot=\"6460393376\" \ndata-ad-layout=\"in-article\"\ndata-ad-format=\"fluid\"><\/ins>\n<script> \n(adsbygoogle = window.adsbygoogle || []).push({}); \n<\/script>\n<\/div><div id=\"ovigi-1572097773\" class=\"ovigi-conteudo_2 ovigi-entity-placement\"><script async src=\"\/\/pagead2.googlesyndication.com\/pagead\/js\/adsbygoogle.js?client=ca-pub-4068173061741521\" crossorigin=\"anonymous\"><\/script><ins class=\"adsbygoogle\" style=\"display:block; text-align:center;\" data-ad-client=\"ca-pub-4068173061741521\" \ndata-ad-slot=\"6460393376\" \ndata-ad-layout=\"in-article\"\ndata-ad-format=\"fluid\"><\/ins>\n<script> \n(adsbygoogle = window.adsbygoogle || []).push({}); \n<\/script>\n<\/div><div id=\"ovigi-2689035467\" class=\"ovigi-conteudo_2-4 ovigi-entity-placement\"><script async src=\"\/\/pagead2.googlesyndication.com\/pagead\/js\/adsbygoogle.js?client=ca-pub-4068173061741521\" crossorigin=\"anonymous\"><\/script><ins class=\"adsbygoogle\" style=\"display:block; text-align:center;\" data-ad-client=\"ca-pub-4068173061741521\" \ndata-ad-slot=\"6460393376\" \ndata-ad-layout=\"in-article\"\ndata-ad-format=\"fluid\"><\/ins>\n<script> \n(adsbygoogle = window.adsbygoogle || []).push({}); \n<\/script>\n<\/div>\n\n\n\n<p class=\"wp-block-paragraph\">O levantamento \u00e9 da Secretaria de Estado de Justi\u00e7a e Seguran\u00e7a P\u00fablica (Sejusp). O perfil econ\u00f4mico e a densidade populacional dos munic\u00edpios ajudam a explicar o cen\u00e1rio.<\/p>\n\n\n\n\n\n<p class=\"wp-block-paragraph\">Quem j\u00e1 foi v\u00edtima de bandidos nunca esquece o drama vivido, como conta a diarista Maria de Carvalho, de 45 anos. Moradora de Santa Luzia, na Grande BH, ela foi assaltada num ponto de \u00f4nibus na regi\u00e3o Norte da capital, ap\u00f3s um dia de trabalho.<\/p>\n\n\n\n<p class=\"wp-block-paragraph\">Sentada aguardando um coletivo, ela foi abordada por um homem &#8211; que disse estar armado &#8211; e teve que entregar o celular. &#8220;Ele nem pediu a bolsa, s\u00f3 o celular. Fiquei em p\u00e2nico e at\u00e9 hoje morro de medo de ser roubada novamente&#8221;, conta a mulher. Maria n\u00e3o prestou queixa, o que \u00e9 considerado um erro pelas autoridades.<\/p>\n\n\n\n<p class=\"wp-block-paragraph\"><strong>A\u00e7\u00f5es para combate aos crimes<br><\/strong>Conforme a Sejusp, as cidades citadas receberam a\u00e7\u00f5es espec\u00edficas da Integra\u00e7\u00e3o da Gest\u00e3o em Seguran\u00e7a P\u00fablica (IGesp), que em 2023 direcionou esfor\u00e7os aos munic\u00edpios com maiores \u00edndices de crimes.<\/p>\n\n\n<div id=\"ovigi-4100087547\">\r\n<p class=\"has-text-align-center has-small-font-size wp-block-paragraph\">continua depois da publicidade<\/p>\r\n\r\n\r\n\r\n<hr class=\"wp-block-separator has-alpha-channel-opacity is-style-wide\"\/>\r\n\r\n\r\n\r\n<div class=\"wp-block-columns is-layout-flex wp-container-core-columns-is-layout-8f761849 wp-block-columns-is-layout-flex\">\r\n<div class=\"wp-block-column is-layout-flow wp-block-column-is-layout-flow\">\r\n<figure class=\"wp-block-image size-full is-resized\"><a href=\"https:\/\/www.instagram.com\/unimedleopoldina241\/\" target=\"_blank\" rel=\" noreferrer noopener\"><img decoding=\"async\" src=\"https:\/\/www.ovigilanteonline.com.br\/site\/wp-content\/uploads\/2026\/08\/unimed-materias.jpg\" alt=\"\" class=\"wp-image-455236\"\/><\/a><\/figure>\r\n<\/div>\r\n\r\n\r\n\r\n<div class=\"wp-block-column is-layout-flow wp-block-column-is-layout-flow\">\r\n<figure class=\"wp-block-image size-full\"><a href=\"https:\/\/vest.sudamerica.edu.br\/vest-2026-2\" target=\"_blank\" rel=\" noreferrer noopener\"><img decoding=\"async\" src=\"https:\/\/www.ovigilanteonline.com.br\/site\/wp-content\/uploads\/2026\/08\/sudamerica-materias.jpg\" alt=\"\" class=\"wp-image-453120\"\/><\/a><\/figure>\r\n<\/div>\r\n<\/div>\r\n\r\n\r\n\r\n<hr class=\"wp-block-separator has-alpha-channel-opacity is-style-wide\"\/>\r\n<\/div>\n\n\n<p class=\"wp-block-paragraph\">As cidades receberam an\u00e1lises t\u00e9cnicas, que sugeriam a\u00e7\u00f5es espec\u00edficas para melhorar a seguran\u00e7a. O primeiro ciclo de trabalho foi encerrado em fevereiro deste ano.<\/p>\n\n\n\n<p class=\"wp-block-paragraph\">Em Belo Horizonte, cidade com o maior n\u00famero absoluto de ocorr\u00eancias, a redu\u00e7\u00e3o foi pequena, de apenas 1,3%, passando de 34.882 casos para 34.347, entre 2022 e 2023.<\/p>\n\n\n\n<p class=\"wp-block-paragraph\">Uberl\u00e2ndia apresentou diminui\u00e7\u00e3o de 2,2%, de 6.610 para 6.462 ocorr\u00eancias. Em Contagem a redu\u00e7\u00e3o foi de 6,8%, de 5.536 para 5.160 casos.<\/p>\n\n\n\n<p class=\"wp-block-paragraph\">J\u00e1 Juiz de Fora registrou queda mais acentuada, de 21,8%, diminuindo de 3.644 para 2.844 ocorr\u00eancias.<\/p>\n\n\n\n<p class=\"wp-block-paragraph\">No Estado houve uma diminui\u00e7\u00e3o geral de 5,5% nos crimes contra o patrim\u00f4nio, caindo de 117.706 para 111.234 ocorr\u00eancias.<\/p>\n\n\n\n<p class=\"wp-block-paragraph\">Segundo a Sejusp, o trabalho ser\u00e1 expandido para outras cidades. &#8220;A expectativa \u00e9 que mais munic\u00edpios se beneficiem dessa abordagem colaborativa, fortale\u00e7am a seguran\u00e7a em n\u00edvel regional e promovam uma cultura de preven\u00e7\u00e3o e resposta eficaz contra o crime&#8221;, informou o Estado.<\/p>\n\n\n\n<p class=\"has-text-align-center wp-block-paragraph\"><strong><em>Jornal O Vigilante Online com Jornal Hoje em Dia e Ag\u00eancia MInas<\/em><\/strong><\/p>\n\n\n\n<hr class=\"wp-block-separator has-alpha-channel-opacity is-style-wide\"\/>\n\n\n<div class=\"ultp-not-found-message\" role=\"alert\">No Post Found<\/div>\n\n\n<hr class=\"wp-block-separator has-alpha-channel-opacity is-style-wide\"\/>\n\n\n<div class=\"ultp-not-found-message\" role=\"alert\">No Post Found<\/div>","protected":false},"excerpt":{"rendered":"<p>Estado afirma que houve redu\u00e7\u00e3o de 5,5% nos crimes contra o patrim\u00f4nio. Crimes contra o patrim\u00f4nio, os furtos, roubos e extors\u00f5es &#8211; sejam os tentados ou consumados &#8211; s\u00e3o mais recorrentes em algumas das maiores cidades de Minas. Belo Horizonte, Juiz de Fora, Uberl\u00e2ndia e Contagem lideram o ranking. O levantamento \u00e9 da Secretaria de [&hellip;]<\/p>\n","protected":false},"author":2,"featured_media":434441,"comment_status":"open","ping_status":"closed","sticky":false,"template":"","format":"standard","meta":{"footnotes":""},"categories":[1,26],"tags":[],"class_list":["post-434440","post","type-post","status-publish","format-standard","has-post-thumbnail","hentry","category-destaque","category-ultimas-noticias"],"yoast_head":"<!-- This site is optimized with the Yoast SEO plugin v28.3 - https:\/\/yoast.com\/product\/yoast-seo-wordpress\/ -->\n<title>Veja quais cidades de Minas lideram ranking de furto, roubo e extors\u00e3o<\/title>\n<meta name=\"description\" content=\"O levantamento \u00e9 da Secretaria de Estado de Justi\u00e7a e Seguran\u00e7a P\u00fablica (Sejusp).\" \/>\n<meta name=\"robots\" content=\"index, follow, max-snippet:-1, max-image-preview:large, max-video-preview:-1\" \/>\n<link rel=\"canonical\" href=\"https:\/\/www.ovigilanteonline.com.br\/site\/2024\/07\/15\/veja-quais-cidades-de-minas-lideram-ranking-de-furto-roubo-e-extorsao\/\" \/>\n<meta property=\"og:locale\" content=\"pt_BR\" \/>\n<meta property=\"og:type\" content=\"article\" \/>\n<meta property=\"og:title\" content=\"Veja quais cidades de Minas lideram ranking de furto, roubo e extors\u00e3o\" \/>\n<meta property=\"og:description\" content=\"O levantamento \u00e9 da Secretaria de Estado de Justi\u00e7a e Seguran\u00e7a P\u00fablica (Sejusp).\" \/>\n<meta property=\"og:url\" content=\"https:\/\/www.ovigilanteonline.com.br\/site\/2024\/07\/15\/veja-quais-cidades-de-minas-lideram-ranking-de-furto-roubo-e-extorsao\/\" \/>\n<meta property=\"og:site_name\" content=\"O VIGILANTE ONLINE\" \/>\n<meta property=\"article:publisher\" content=\"https:\/\/www.facebook.com\/ovigilanteonline\" \/>\n<meta property=\"article:published_time\" content=\"2024-07-15T11:08:55+00:00\" \/>\n<meta property=\"article:modified_time\" content=\"2024-07-15T11:08:57+00:00\" \/>\n<meta property=\"og:image\" content=\"https:\/\/www.ovigilanteonline.com.br\/site\/wp-content\/uploads\/2024\/07\/pm-viatura.jpg\" \/>\n\t<meta property=\"og:image:width\" content=\"900\" \/>\n\t<meta property=\"og:image:height\" content=\"552\" \/>\n\t<meta property=\"og:image:type\" content=\"image\/jpeg\" \/>\n<meta name=\"author\" content=\"Jornalismo\" \/>\n<meta name=\"twitter:card\" content=\"summary_large_image\" \/>\n<meta name=\"twitter:label1\" content=\"Escrito por\" \/>\n\t<meta name=\"twitter:data1\" content=\"Jornalismo\" \/>\n\t<meta name=\"twitter:label2\" content=\"Est. tempo de leitura\" \/>\n\t<meta name=\"twitter:data2\" content=\"3 minutos\" \/>\n<script type=\"application\/ld+json\" class=\"yoast-schema-graph\">{\"@context\":\"https:\\\/\\\/schema.org\",\"@graph\":[{\"@type\":\"Article\",\"@id\":\"https:\\\/\\\/www.ovigilanteonline.com.br\\\/site\\\/2024\\\/07\\\/15\\\/veja-quais-cidades-de-minas-lideram-ranking-de-furto-roubo-e-extorsao\\\/#article\",\"isPartOf\":{\"@id\":\"https:\\\/\\\/www.ovigilanteonline.com.br\\\/site\\\/2024\\\/07\\\/15\\\/veja-quais-cidades-de-minas-lideram-ranking-de-furto-roubo-e-extorsao\\\/\"},\"author\":{\"name\":\"Jornalismo\",\"@id\":\"https:\\\/\\\/www.ovigilanteonline.com.br\\\/site\\\/#\\\/schema\\\/person\\\/538fdfb33c0c411cd14a732e7cf14aa6\"},\"headline\":\"Veja quais cidades de Minas lideram ranking de furto, roubo e extors\u00e3o\",\"datePublished\":\"2024-07-15T11:08:55+00:00\",\"dateModified\":\"2024-07-15T11:08:57+00:00\",\"mainEntityOfPage\":{\"@id\":\"https:\\\/\\\/www.ovigilanteonline.com.br\\\/site\\\/2024\\\/07\\\/15\\\/veja-quais-cidades-de-minas-lideram-ranking-de-furto-roubo-e-extorsao\\\/\"},\"wordCount\":414,\"commentCount\":0,\"image\":{\"@id\":\"https:\\\/\\\/www.ovigilanteonline.com.br\\\/site\\\/2024\\\/07\\\/15\\\/veja-quais-cidades-de-minas-lideram-ranking-de-furto-roubo-e-extorsao\\\/#primaryimage\"},\"thumbnailUrl\":\"https:\\\/\\\/www.ovigilanteonline.com.br\\\/site\\\/wp-content\\\/uploads\\\/2024\\\/07\\\/pm-viatura.jpg\",\"articleSection\":[\"Destaque\",\"\u00daltimas Not\u00edcias\"],\"inLanguage\":\"pt-BR\",\"potentialAction\":[{\"@type\":\"CommentAction\",\"name\":\"Comment\",\"target\":[\"https:\\\/\\\/www.ovigilanteonline.com.br\\\/site\\\/2024\\\/07\\\/15\\\/veja-quais-cidades-de-minas-lideram-ranking-de-furto-roubo-e-extorsao\\\/#respond\"]}]},{\"@type\":\"WebPage\",\"@id\":\"https:\\\/\\\/www.ovigilanteonline.com.br\\\/site\\\/2024\\\/07\\\/15\\\/veja-quais-cidades-de-minas-lideram-ranking-de-furto-roubo-e-extorsao\\\/\",\"url\":\"https:\\\/\\\/www.ovigilanteonline.com.br\\\/site\\\/2024\\\/07\\\/15\\\/veja-quais-cidades-de-minas-lideram-ranking-de-furto-roubo-e-extorsao\\\/\",\"name\":\"Veja quais cidades de Minas lideram ranking de furto, roubo e extors\u00e3o\",\"isPartOf\":{\"@id\":\"https:\\\/\\\/www.ovigilanteonline.com.br\\\/site\\\/#website\"},\"primaryImageOfPage\":{\"@id\":\"https:\\\/\\\/www.ovigilanteonline.com.br\\\/site\\\/2024\\\/07\\\/15\\\/veja-quais-cidades-de-minas-lideram-ranking-de-furto-roubo-e-extorsao\\\/#primaryimage\"},\"image\":{\"@id\":\"https:\\\/\\\/www.ovigilanteonline.com.br\\\/site\\\/2024\\\/07\\\/15\\\/veja-quais-cidades-de-minas-lideram-ranking-de-furto-roubo-e-extorsao\\\/#primaryimage\"},\"thumbnailUrl\":\"https:\\\/\\\/www.ovigilanteonline.com.br\\\/site\\\/wp-content\\\/uploads\\\/2024\\\/07\\\/pm-viatura.jpg\",\"datePublished\":\"2024-07-15T11:08:55+00:00\",\"dateModified\":\"2024-07-15T11:08:57+00:00\",\"author\":{\"@id\":\"https:\\\/\\\/www.ovigilanteonline.com.br\\\/site\\\/#\\\/schema\\\/person\\\/538fdfb33c0c411cd14a732e7cf14aa6\"},\"description\":\"O levantamento \u00e9 da Secretaria de Estado de Justi\u00e7a e Seguran\u00e7a P\u00fablica (Sejusp).\",\"breadcrumb\":{\"@id\":\"https:\\\/\\\/www.ovigilanteonline.com.br\\\/site\\\/2024\\\/07\\\/15\\\/veja-quais-cidades-de-minas-lideram-ranking-de-furto-roubo-e-extorsao\\\/#breadcrumb\"},\"inLanguage\":\"pt-BR\",\"potentialAction\":[{\"@type\":\"ReadAction\",\"target\":[\"https:\\\/\\\/www.ovigilanteonline.com.br\\\/site\\\/2024\\\/07\\\/15\\\/veja-quais-cidades-de-minas-lideram-ranking-de-furto-roubo-e-extorsao\\\/\"]}]},{\"@type\":\"ImageObject\",\"inLanguage\":\"pt-BR\",\"@id\":\"https:\\\/\\\/www.ovigilanteonline.com.br\\\/site\\\/2024\\\/07\\\/15\\\/veja-quais-cidades-de-minas-lideram-ranking-de-furto-roubo-e-extorsao\\\/#primaryimage\",\"url\":\"https:\\\/\\\/www.ovigilanteonline.com.br\\\/site\\\/wp-content\\\/uploads\\\/2024\\\/07\\\/pm-viatura.jpg\",\"contentUrl\":\"https:\\\/\\\/www.ovigilanteonline.com.br\\\/site\\\/wp-content\\\/uploads\\\/2024\\\/07\\\/pm-viatura.jpg\",\"width\":900,\"height\":552},{\"@type\":\"BreadcrumbList\",\"@id\":\"https:\\\/\\\/www.ovigilanteonline.com.br\\\/site\\\/2024\\\/07\\\/15\\\/veja-quais-cidades-de-minas-lideram-ranking-de-furto-roubo-e-extorsao\\\/#breadcrumb\",\"itemListElement\":[{\"@type\":\"ListItem\",\"position\":1,\"name\":\"In\u00edcio\",\"item\":\"https:\\\/\\\/www.ovigilanteonline.com.br\\\/site\\\/\"},{\"@type\":\"ListItem\",\"position\":2,\"name\":\"Veja quais cidades de Minas lideram ranking de furto, roubo e extors\u00e3o\"}]},{\"@type\":\"WebSite\",\"@id\":\"https:\\\/\\\/www.ovigilanteonline.com.br\\\/site\\\/#website\",\"url\":\"https:\\\/\\\/www.ovigilanteonline.com.br\\\/site\\\/\",\"name\":\"O VIGILANTE ONLINE - Not\u00edcias de Leopoldina e regi\u00e3o\",\"description\":\"\",\"potentialAction\":[{\"@type\":\"SearchAction\",\"target\":{\"@type\":\"EntryPoint\",\"urlTemplate\":\"https:\\\/\\\/www.ovigilanteonline.com.br\\\/site\\\/?s={search_term_string}\"},\"query-input\":{\"@type\":\"PropertyValueSpecification\",\"valueRequired\":true,\"valueName\":\"search_term_string\"}}],\"inLanguage\":\"pt-BR\"},{\"@type\":\"Person\",\"@id\":\"https:\\\/\\\/www.ovigilanteonline.com.br\\\/site\\\/#\\\/schema\\\/person\\\/538fdfb33c0c411cd14a732e7cf14aa6\",\"name\":\"Jornalismo\"}]}<\/script>\n<!-- \/ Yoast SEO plugin. -->","yoast_head_json":{"title":"Veja quais cidades de Minas lideram ranking de furto, roubo e extors\u00e3o","description":"O levantamento \u00e9 da Secretaria de Estado de Justi\u00e7a e Seguran\u00e7a P\u00fablica (Sejusp).","robots":{"index":"index","follow":"follow","max-snippet":"max-snippet:-1","max-image-preview":"max-image-preview:large","max-video-preview":"max-video-preview:-1"},"canonical":"https:\/\/www.ovigilanteonline.com.br\/site\/2024\/07\/15\/veja-quais-cidades-de-minas-lideram-ranking-de-furto-roubo-e-extorsao\/","og_locale":"pt_BR","og_type":"article","og_title":"Veja quais cidades de Minas lideram ranking de furto, roubo e extors\u00e3o","og_description":"O levantamento \u00e9 da Secretaria de Estado de Justi\u00e7a e Seguran\u00e7a P\u00fablica (Sejusp).","og_url":"https:\/\/www.ovigilanteonline.com.br\/site\/2024\/07\/15\/veja-quais-cidades-de-minas-lideram-ranking-de-furto-roubo-e-extorsao\/","og_site_name":"O VIGILANTE ONLINE","article_publisher":"https:\/\/www.facebook.com\/ovigilanteonline","article_published_time":"2024-07-15T11:08:55+00:00","article_modified_time":"2024-07-15T11:08:57+00:00","og_image":[{"width":900,"height":552,"url":"https:\/\/www.ovigilanteonline.com.br\/site\/wp-content\/uploads\/2024\/07\/pm-viatura.jpg","type":"image\/jpeg"}],"author":"Jornalismo","twitter_card":"summary_large_image","twitter_misc":{"Escrito por":"Jornalismo","Est. tempo de leitura":"3 minutos"},"schema":{"@context":"https:\/\/schema.org","@graph":[{"@type":"Article","@id":"https:\/\/www.ovigilanteonline.com.br\/site\/2024\/07\/15\/veja-quais-cidades-de-minas-lideram-ranking-de-furto-roubo-e-extorsao\/#article","isPartOf":{"@id":"https:\/\/www.ovigilanteonline.com.br\/site\/2024\/07\/15\/veja-quais-cidades-de-minas-lideram-ranking-de-furto-roubo-e-extorsao\/"},"author":{"name":"Jornalismo","@id":"https:\/\/www.ovigilanteonline.com.br\/site\/#\/schema\/person\/538fdfb33c0c411cd14a732e7cf14aa6"},"headline":"Veja quais cidades de Minas lideram ranking de furto, roubo e extors\u00e3o","datePublished":"2024-07-15T11:08:55+00:00","dateModified":"2024-07-15T11:08:57+00:00","mainEntityOfPage":{"@id":"https:\/\/www.ovigilanteonline.com.br\/site\/2024\/07\/15\/veja-quais-cidades-de-minas-lideram-ranking-de-furto-roubo-e-extorsao\/"},"wordCount":414,"commentCount":0,"image":{"@id":"https:\/\/www.ovigilanteonline.com.br\/site\/2024\/07\/15\/veja-quais-cidades-de-minas-lideram-ranking-de-furto-roubo-e-extorsao\/#primaryimage"},"thumbnailUrl":"https:\/\/www.ovigilanteonline.com.br\/site\/wp-content\/uploads\/2024\/07\/pm-viatura.jpg","articleSection":["Destaque","\u00daltimas Not\u00edcias"],"inLanguage":"pt-BR","potentialAction":[{"@type":"CommentAction","name":"Comment","target":["https:\/\/www.ovigilanteonline.com.br\/site\/2024\/07\/15\/veja-quais-cidades-de-minas-lideram-ranking-de-furto-roubo-e-extorsao\/#respond"]}]},{"@type":"WebPage","@id":"https:\/\/www.ovigilanteonline.com.br\/site\/2024\/07\/15\/veja-quais-cidades-de-minas-lideram-ranking-de-furto-roubo-e-extorsao\/","url":"https:\/\/www.ovigilanteonline.com.br\/site\/2024\/07\/15\/veja-quais-cidades-de-minas-lideram-ranking-de-furto-roubo-e-extorsao\/","name":"Veja quais cidades de Minas lideram ranking de furto, roubo e extors\u00e3o","isPartOf":{"@id":"https:\/\/www.ovigilanteonline.com.br\/site\/#website"},"primaryImageOfPage":{"@id":"https:\/\/www.ovigilanteonline.com.br\/site\/2024\/07\/15\/veja-quais-cidades-de-minas-lideram-ranking-de-furto-roubo-e-extorsao\/#primaryimage"},"image":{"@id":"https:\/\/www.ovigilanteonline.com.br\/site\/2024\/07\/15\/veja-quais-cidades-de-minas-lideram-ranking-de-furto-roubo-e-extorsao\/#primaryimage"},"thumbnailUrl":"https:\/\/www.ovigilanteonline.com.br\/site\/wp-content\/uploads\/2024\/07\/pm-viatura.jpg","datePublished":"2024-07-15T11:08:55+00:00","dateModified":"2024-07-15T11:08:57+00:00","author":{"@id":"https:\/\/www.ovigilanteonline.com.br\/site\/#\/schema\/person\/538fdfb33c0c411cd14a732e7cf14aa6"},"description":"O levantamento \u00e9 da Secretaria de Estado de Justi\u00e7a e Seguran\u00e7a P\u00fablica (Sejusp).","breadcrumb":{"@id":"https:\/\/www.ovigilanteonline.com.br\/site\/2024\/07\/15\/veja-quais-cidades-de-minas-lideram-ranking-de-furto-roubo-e-extorsao\/#breadcrumb"},"inLanguage":"pt-BR","potentialAction":[{"@type":"ReadAction","target":["https:\/\/www.ovigilanteonline.com.br\/site\/2024\/07\/15\/veja-quais-cidades-de-minas-lideram-ranking-de-furto-roubo-e-extorsao\/"]}]},{"@type":"ImageObject","inLanguage":"pt-BR","@id":"https:\/\/www.ovigilanteonline.com.br\/site\/2024\/07\/15\/veja-quais-cidades-de-minas-lideram-ranking-de-furto-roubo-e-extorsao\/#primaryimage","url":"https:\/\/www.ovigilanteonline.com.br\/site\/wp-content\/uploads\/2024\/07\/pm-viatura.jpg","contentUrl":"https:\/\/www.ovigilanteonline.com.br\/site\/wp-content\/uploads\/2024\/07\/pm-viatura.jpg","width":900,"height":552},{"@type":"BreadcrumbList","@id":"https:\/\/www.ovigilanteonline.com.br\/site\/2024\/07\/15\/veja-quais-cidades-de-minas-lideram-ranking-de-furto-roubo-e-extorsao\/#breadcrumb","itemListElement":[{"@type":"ListItem","position":1,"name":"In\u00edcio","item":"https:\/\/www.ovigilanteonline.com.br\/site\/"},{"@type":"ListItem","position":2,"name":"Veja quais cidades de Minas lideram ranking de furto, roubo e extors\u00e3o"}]},{"@type":"WebSite","@id":"https:\/\/www.ovigilanteonline.com.br\/site\/#website","url":"https:\/\/www.ovigilanteonline.com.br\/site\/","name":"O VIGILANTE ONLINE - Not\u00edcias de Leopoldina e regi\u00e3o","description":"","potentialAction":[{"@type":"SearchAction","target":{"@type":"EntryPoint","urlTemplate":"https:\/\/www.ovigilanteonline.com.br\/site\/?s={search_term_string}"},"query-input":{"@type":"PropertyValueSpecification","valueRequired":true,"valueName":"search_term_string"}}],"inLanguage":"pt-BR"},{"@type":"Person","@id":"https:\/\/www.ovigilanteonline.com.br\/site\/#\/schema\/person\/538fdfb33c0c411cd14a732e7cf14aa6","name":"Jornalismo"}]}},"cc_featured_image_caption":{"caption_text":"Divulga\u00e7\u00e3o","source_text":"","source_url":""},"_links":{"self":[{"href":"https:\/\/www.ovigilanteonline.com.br\/site\/wp-json\/wp\/v2\/posts\/434440","targetHints":{"allow":["GET"]}}],"collection":[{"href":"https:\/\/www.ovigilanteonline.com.br\/site\/wp-json\/wp\/v2\/posts"}],"about":[{"href":"https:\/\/www.ovigilanteonline.com.br\/site\/wp-json\/wp\/v2\/types\/post"}],"author":[{"embeddable":true,"href":"https:\/\/www.ovigilanteonline.com.br\/site\/wp-json\/wp\/v2\/users\/2"}],"replies":[{"embeddable":true,"href":"https:\/\/www.ovigilanteonline.com.br\/site\/wp-json\/wp\/v2\/comments?post=434440"}],"version-history":[{"count":0,"href":"https:\/\/www.ovigilanteonline.com.br\/site\/wp-json\/wp\/v2\/posts\/434440\/revisions"}],"wp:featuredmedia":[{"embeddable":true,"href":"https:\/\/www.ovigilanteonline.com.br\/site\/wp-json\/wp\/v2\/media\/434441"}],"wp:attachment":[{"href":"https:\/\/www.ovigilanteonline.com.br\/site\/wp-json\/wp\/v2\/media?parent=434440"}],"wp:term":[{"taxonomy":"category","embeddable":true,"href":"https:\/\/www.ovigilanteonline.com.br\/site\/wp-json\/wp\/v2\/categories?post=434440"},{"taxonomy":"post_tag","embeddable":true,"href":"https:\/\/www.ovigilanteonline.com.br\/site\/wp-json\/wp\/v2\/tags?post=434440"}],"curies":[{"name":"wp","href":"https:\/\/api.w.org\/{rel}","templated":true}]}}