{"id":432627,"date":"2024-05-16T08:27:39","date_gmt":"2024-05-16T11:27:39","guid":{"rendered":"https:\/\/www.ovigilanteonline.com.br\/site\/?p=432627"},"modified":"2024-05-22T13:25:33","modified_gmt":"2024-05-22T16:25:33","slug":"forca-integrada-cumpre-mais-de-100-mandados-de-prisao-contra-faccoes-que-agem-em-minas-e-rj","status":"publish","type":"post","link":"https:\/\/www.ovigilanteonline.com.br\/site\/2024\/05\/16\/forca-integrada-cumpre-mais-de-100-mandados-de-prisao-contra-faccoes-que-agem-em-minas-e-rj\/","title":{"rendered":"For\u00e7a integrada cumpre mais de 100 mandados de pris\u00e3o contra fac\u00e7\u00f5es que agem em Minas e RJ"},"content":{"rendered":"\n<h3 class=\"wp-block-heading\"><strong><em>Pol\u00edcia Federal, Pol\u00edcia Civil, Pol\u00edcia Militar e Pol\u00edcia Penal <\/em><\/strong>tamb\u00e9m cumprem <strong><em>96 mandados de busca e apreens\u00e3o nas cidades Al\u00e9m Para\u00edba, Volta Grande, Juiz de Fora, Contagem, Itaperuna\/RJ, Carmo\/RJ e Sapucaia\/RJ<\/em><\/strong>.<\/h3>\n\n\n\n<figure class=\"wp-block-gallery has-nested-images columns-default is-cropped wp-block-gallery-1 is-layout-flex wp-block-gallery-is-layout-flex\">\n<figure class=\"wp-block-image size-full\"><img loading=\"lazy\" decoding=\"async\" width=\"900\" height=\"509\" data-id=\"432629\" src=\"https:\/\/www.ovigilanteonline.com.br\/site\/wp-content\/uploads\/2024\/05\/dsfdsf.jpg\" alt=\"\" class=\"wp-image-432629\" srcset=\"https:\/\/www.ovigilanteonline.com.br\/site\/wp-content\/uploads\/2024\/05\/dsfdsf.jpg 900w, https:\/\/www.ovigilanteonline.com.br\/site\/wp-content\/uploads\/2024\/05\/dsfdsf-300x170.jpg 300w, https:\/\/www.ovigilanteonline.com.br\/site\/wp-content\/uploads\/2024\/05\/dsfdsf-768x434.jpg 768w, https:\/\/www.ovigilanteonline.com.br\/site\/wp-content\/uploads\/2024\/05\/dsfdsf-600x339.jpg 600w\" sizes=\"auto, (max-width: 900px) 100vw, 900px\" \/><\/figure>\n\n\n\n<figure class=\"wp-block-image size-large\"><img loading=\"lazy\" decoding=\"async\" width=\"768\" height=\"511\" data-id=\"432628\" src=\"https:\/\/www.ovigilanteonline.com.br\/site\/wp-content\/uploads\/2024\/05\/afasfaf.jpg\" alt=\"\" class=\"wp-image-432628\" srcset=\"https:\/\/www.ovigilanteonline.com.br\/site\/wp-content\/uploads\/2024\/05\/afasfaf.jpg 768w, https:\/\/www.ovigilanteonline.com.br\/site\/wp-content\/uploads\/2024\/05\/afasfaf-300x200.jpg 300w, https:\/\/www.ovigilanteonline.com.br\/site\/wp-content\/uploads\/2024\/05\/afasfaf-600x399.jpg 600w\" sizes=\"auto, (max-width: 768px) 100vw, 768px\" \/><\/figure>\n<\/figure>\n\n\n\n<p>A For\u00e7a Integrada de Combate ao Crime Organizado &#8211; FICCO\/MG deflagrou nesta quinta-feira, 16 de maio, as Opera\u00e7\u00f5es Peloponeso I e II para combater o tr\u00e1fico de drogas e o crime organizado no estado de Minas Gerais.<\/p>\n\n\n\n<p>Est\u00e3o sendo cumpridos 105 mandados de pris\u00e3o preventiva e 96 mandados de busca e apreens\u00e3o nas cidades Juiz de Fora, Al\u00e9m Para\u00edba, Volta Grande, Contagem, Itaperuna\/RJ, Carmo\/RJ e Sapucaia\/RJ, contra pessoas ligadas a fac\u00e7\u00f5es criminosas com atua\u00e7\u00e3o em v\u00e1rios estados.\u00a0<\/p>\n\n\n\n\n\n<p>O cumprimento de mandados de pris\u00e3o tamb\u00e9m ocorrem em unidades prisionais localizadas em Minas Gerais, Rio de Janeiro e Esp\u00edrito Santo.<\/p>\n\n\n\n<p>Al\u00e9m disso, houve o sequestro judicial de dois im\u00f3veis localizados no Rio de Janeiro, avaliados em R$ 1,5 milh\u00e3o, e de um ve\u00edculo blindado. Foi ainda determinado o bloqueio judicial de valores de 23 investigados. Dentre estes, h\u00e1 membros de fac\u00e7\u00f5es criminosas com atua\u00e7\u00e3o no estado do Rio de Janeiro.<\/p>\n\n\n\n<p>Entre os presos est\u00e1 um foragido das justi\u00e7as matogrossense e tocantinense, al\u00e9m de lideran\u00e7as regionais das fac\u00e7\u00f5es criminosas investigadas com diversas condena\u00e7\u00f5es judiciais pela pr\u00e1tica dos crimes de tr\u00e1fico de drogas e integra\u00e7\u00e3o em organiza\u00e7\u00e3o criminosa.<\/p>\n\n\n<div id=\"ovigi-2012638193\">\r\n<p class=\"has-text-align-center has-small-font-size\">continua depois da publicidade<\/p>\r\n\r\n\r\n\r\n<hr class=\"wp-block-separator has-alpha-channel-opacity is-style-wide\"\/>\r\n\r\n\r\n<center> \r\n<figure class=\"wp-block-image size-large\"><a href=\"https:\/\/www.instagram.com\/unimedleopoldina241\/\" target=\"_blank\" rel=\"noreferrer noopener\"><img decoding=\"async\" src=\"https:\/\/www.ovigilanteonline.com.br\/site\/wp-content\/uploads\/2026\/04\/UNIMED-NOVO.jpg\" alt=\"\" class=\"wp-image-395070\"\/><\/a><\/figure>\r\n<\/figure>\r\n<!-- \/wp:gallery --> <\/center>\r\n\r\n<!-- wp:separator {\"className\":\"is-style-wide\"} -->\r\n<hr class=\"wp-block-separator has-alpha-channel-opacity is-style-wide\"\/>\r\n<!-- \/wp:separator -->\r\n<\/div>\n\n\n<p>Um dos alvos da investiga\u00e7\u00e3o \u00e9 o l\u00edder, no estado de Minas Gerais, de uma fac\u00e7\u00e3o criminosa do Rio de Janeiro. A a\u00e7\u00e3o contou com a participa\u00e7\u00e3o de cerca de 450 policiais, integrantes das pol\u00edcias Civil, Federal, Militar e Penal.<\/p>\n\n\n\n<p>A FICCO\/MG \u00e9 integrada pela Pol\u00edcia Civil\/MG, Pol\u00edcia Militar\/MG, Pol\u00edcia Federal e Pol\u00edcia Penal\/MG.<\/p>\n\n\n\n<p><em>Jornal O Vigilante Online com Comunica\u00e7\u00e3o Social da Pol\u00edcia Federal em Juiz de Fora<\/em><\/p>\n\n\n\n<hr class=\"wp-block-separator has-alpha-channel-opacity is-style-wide\"\/>\n\n\n<div class=\"ultp-not-found-message\" role=\"alert\">No Post Found<\/div>\n\n\n<hr class=\"wp-block-separator has-alpha-channel-opacity is-style-wide\"\/>\n\n\n<div  class=\"ultp-post-grid-block wp-block-ultimate-post-post-grid-1 ultp-block-6f4672\"><div class=\"ultp-block-wrapper\"><div class=\"ultp-loading\"><div class=\"ultp-loading-blocks\" style=\"width:100%;height:100%;\"><div style=\"left: 0;top: 0;animation-delay:0s;\"><\/div><div style=\"left: 21px;top: 0;animation-delay:0.125s;\"><\/div><div style=\"left: 42px;top: 0;animation-delay:0.25s;\"><\/div><div style=\"left: 0;top: 21px;animation-delay:0.875s;\"><\/div><div style=\"left: 42px;top: 21px;animation-delay:0.375s;\"><\/div><div style=\"left: 0;top: 42px;animation-delay:0.75s;\"><\/div><div style=\"left: 42px;top: 42px;animation-delay:0.625s;\"><\/div><div style=\"left: 21px;top: 42px;animation-delay:0.5s;\"><\/div><\/div><\/div><div class=\"ultp-heading-filter\"><div class=\"ultp-heading-filter-in\"><div class=\"ultp-heading-wrap ultp-heading-style1 ultp-heading-left\"><h2 class=\"ultp-heading-inner\"><span>Recentes mais lidas<\/span><\/h2><\/div><\/div><\/div><div class=\"ultp-block-items-wrap ultp-block-row ultp-pg1a-style1 ultp-grid1-responsive ultp-block-column-2 1 ultp-xs-column-1 ultp-layout1\"><div class=\"ultp-block-item post-id-452186\"><div class=\"ultp-block-content-wrap\"><div class=\"ultp-block-image ultp-block-image-opacity\"><a href=\"https:\/\/www.ovigilanteonline.com.br\/site\/2026\/04\/25\/consagracao-a-sao-miguel-arcanjo-reune-cerca-de-15-mil-fieis-em-leopoldina\/\" ><img decoding=\"async\"  class=\"ultp-block-image-content\"  alt=\"Consagra\u00e7\u00e3o a S\u00e3o Miguel Arcanjo re\u00fane cerca de 15 mil fi\u00e9is em Leopoldina\"  src=\"https:\/\/www.ovigilanteonline.com.br\/site\/wp-content\/uploads\/2026\/04\/IMG_2291-804x570.jpg\" \/><\/a><\/div><div class=\"ultp-block-content\"><h3 class=\"ultp-block-title \"><a href=\"https:\/\/www.ovigilanteonline.com.br\/site\/2026\/04\/25\/consagracao-a-sao-miguel-arcanjo-reune-cerca-de-15-mil-fieis-em-leopoldina\/\" >Consagra\u00e7\u00e3o a S\u00e3o Miguel Arcanjo re\u00fane cerca de 15 mil fi\u00e9is em Leopoldina<\/a><\/h3><\/div><\/div><\/div><div class=\"ultp-block-item post-id-451970\"><div class=\"ultp-block-content-wrap\"><div class=\"ultp-block-image ultp-block-image-opacity\"><a href=\"https:\/\/www.ovigilanteonline.com.br\/site\/2026\/04\/16\/policia-militar-apreende-fuzil-e-prende-homem-durante-operacao-em-leopoldina\/\" ><img decoding=\"async\"  class=\"ultp-block-image-content\"  alt=\"Pol\u00edcia Militar apreende fuzil e prende homem durante opera\u00e7\u00e3o em Leopoldina\"  src=\"https:\/\/www.ovigilanteonline.com.br\/site\/wp-content\/uploads\/2026\/04\/515454-870x570.jpeg\" \/><\/a><\/div><div class=\"ultp-block-content\"><h3 class=\"ultp-block-title \"><a href=\"https:\/\/www.ovigilanteonline.com.br\/site\/2026\/04\/16\/policia-militar-apreende-fuzil-e-prende-homem-durante-operacao-em-leopoldina\/\" >Pol\u00edcia Militar apreende fuzil e prende homem durante opera\u00e7\u00e3o em Leopoldina<\/a><\/h3><\/div><\/div><\/div><\/div><\/div><div class=\"pagination-block-html\" aria-hidden=\"true\" style=\"display: none;\"><\/div><\/div>","protected":false},"excerpt":{"rendered":"<p>Pol\u00edcia Federal, Pol\u00edcia Civil, Pol\u00edcia Militar e Pol\u00edcia Penal tamb\u00e9m cumprem 96 mandados de busca e apreens\u00e3o nas cidades Al\u00e9m Para\u00edba, Volta Grande, Juiz de Fora, Contagem, Itaperuna\/RJ, Carmo\/RJ e Sapucaia\/RJ. A For\u00e7a Integrada de Combate ao Crime Organizado &#8211; FICCO\/MG deflagrou nesta quinta-feira, 16 de maio, as Opera\u00e7\u00f5es Peloponeso I e II para combater [&hellip;]<\/p>\n","protected":false},"author":2,"featured_media":432631,"comment_status":"open","ping_status":"closed","sticky":false,"template":"","format":"standard","meta":{"footnotes":""},"categories":[17,19,16,26],"tags":[],"class_list":["post-432627","post","type-post","status-publish","format-standard","has-post-thumbnail","hentry","category-geral","category-giro-vigilante","category-policia","category-ultimas-noticias"],"yoast_head":"<!-- This site is optimized with the Yoast SEO plugin v27.4 - https:\/\/yoast.com\/product\/yoast-seo-wordpress\/ -->\n<title>For\u00e7a integrada cumpre mais de 100 mandados de pris\u00e3o contra fac\u00e7\u00f5es que agem em Minas e RJ<\/title>\n<meta name=\"robots\" content=\"index, follow, max-snippet:-1, max-image-preview:large, max-video-preview:-1\" \/>\n<link rel=\"canonical\" href=\"https:\/\/www.ovigilanteonline.com.br\/site\/2024\/05\/16\/forca-integrada-cumpre-mais-de-100-mandados-de-prisao-contra-faccoes-que-agem-em-minas-e-rj\/\" \/>\n<meta property=\"og:locale\" content=\"pt_BR\" \/>\n<meta property=\"og:type\" content=\"article\" \/>\n<meta property=\"og:title\" content=\"For\u00e7a integrada cumpre mais de 100 mandados de pris\u00e3o contra fac\u00e7\u00f5es que agem em Minas e RJ\" \/>\n<meta property=\"og:description\" content=\"Pol\u00edcia Federal, Pol\u00edcia Civil, Pol\u00edcia Militar e Pol\u00edcia Penal tamb\u00e9m cumprem 96 mandados de busca e apreens\u00e3o nas cidades Al\u00e9m Para\u00edba, Volta Grande, Juiz de Fora, Contagem, Itaperuna\/RJ, Carmo\/RJ e Sapucaia\/RJ. A For\u00e7a Integrada de Combate ao Crime Organizado &#8211; FICCO\/MG deflagrou nesta quinta-feira, 16 de maio, as Opera\u00e7\u00f5es Peloponeso I e II para combater [&hellip;]\" \/>\n<meta property=\"og:url\" content=\"https:\/\/www.ovigilanteonline.com.br\/site\/2024\/05\/16\/forca-integrada-cumpre-mais-de-100-mandados-de-prisao-contra-faccoes-que-agem-em-minas-e-rj\/\" \/>\n<meta property=\"og:site_name\" content=\"O VIGILANTE ONLINE\" \/>\n<meta property=\"article:publisher\" content=\"https:\/\/www.facebook.com\/ovigilanteonline\" \/>\n<meta property=\"article:published_time\" content=\"2024-05-16T11:27:39+00:00\" \/>\n<meta property=\"article:modified_time\" content=\"2024-05-22T16:25:33+00:00\" \/>\n<meta property=\"og:image\" content=\"https:\/\/www.ovigilanteonline.com.br\/site\/wp-content\/uploads\/2024\/05\/sdfdsf.jpg\" \/>\n\t<meta property=\"og:image:width\" content=\"1021\" \/>\n\t<meta property=\"og:image:height\" content=\"683\" \/>\n\t<meta property=\"og:image:type\" content=\"image\/jpeg\" \/>\n<meta name=\"author\" content=\"Jornalismo\" \/>\n<meta name=\"twitter:card\" content=\"summary_large_image\" \/>\n<meta name=\"twitter:label1\" content=\"Escrito por\" \/>\n\t<meta name=\"twitter:data1\" content=\"Jornalismo\" \/>\n\t<meta name=\"twitter:label2\" content=\"Est. tempo de leitura\" \/>\n\t<meta name=\"twitter:data2\" content=\"3 minutos\" \/>\n<script type=\"application\/ld+json\" class=\"yoast-schema-graph\">{\"@context\":\"https:\\\/\\\/schema.org\",\"@graph\":[{\"@type\":\"Article\",\"@id\":\"https:\\\/\\\/www.ovigilanteonline.com.br\\\/site\\\/2024\\\/05\\\/16\\\/forca-integrada-cumpre-mais-de-100-mandados-de-prisao-contra-faccoes-que-agem-em-minas-e-rj\\\/#article\",\"isPartOf\":{\"@id\":\"https:\\\/\\\/www.ovigilanteonline.com.br\\\/site\\\/2024\\\/05\\\/16\\\/forca-integrada-cumpre-mais-de-100-mandados-de-prisao-contra-faccoes-que-agem-em-minas-e-rj\\\/\"},\"author\":{\"name\":\"Jornalismo\",\"@id\":\"https:\\\/\\\/www.ovigilanteonline.com.br\\\/site\\\/#\\\/schema\\\/person\\\/538fdfb33c0c411cd14a732e7cf14aa6\"},\"headline\":\"For\u00e7a integrada cumpre mais de 100 mandados de pris\u00e3o contra fac\u00e7\u00f5es que agem em Minas e RJ\",\"datePublished\":\"2024-05-16T11:27:39+00:00\",\"dateModified\":\"2024-05-22T16:25:33+00:00\",\"mainEntityOfPage\":{\"@id\":\"https:\\\/\\\/www.ovigilanteonline.com.br\\\/site\\\/2024\\\/05\\\/16\\\/forca-integrada-cumpre-mais-de-100-mandados-de-prisao-contra-faccoes-que-agem-em-minas-e-rj\\\/\"},\"wordCount\":353,\"commentCount\":0,\"image\":{\"@id\":\"https:\\\/\\\/www.ovigilanteonline.com.br\\\/site\\\/2024\\\/05\\\/16\\\/forca-integrada-cumpre-mais-de-100-mandados-de-prisao-contra-faccoes-que-agem-em-minas-e-rj\\\/#primaryimage\"},\"thumbnailUrl\":\"https:\\\/\\\/www.ovigilanteonline.com.br\\\/site\\\/wp-content\\\/uploads\\\/2024\\\/05\\\/sdfdsf.jpg\",\"articleSection\":[\"Geral\",\"Giro Vigilante\",\"Pol\u00edcia\",\"\u00daltimas Not\u00edcias\"],\"inLanguage\":\"pt-BR\",\"potentialAction\":[{\"@type\":\"CommentAction\",\"name\":\"Comment\",\"target\":[\"https:\\\/\\\/www.ovigilanteonline.com.br\\\/site\\\/2024\\\/05\\\/16\\\/forca-integrada-cumpre-mais-de-100-mandados-de-prisao-contra-faccoes-que-agem-em-minas-e-rj\\\/#respond\"]}]},{\"@type\":\"WebPage\",\"@id\":\"https:\\\/\\\/www.ovigilanteonline.com.br\\\/site\\\/2024\\\/05\\\/16\\\/forca-integrada-cumpre-mais-de-100-mandados-de-prisao-contra-faccoes-que-agem-em-minas-e-rj\\\/\",\"url\":\"https:\\\/\\\/www.ovigilanteonline.com.br\\\/site\\\/2024\\\/05\\\/16\\\/forca-integrada-cumpre-mais-de-100-mandados-de-prisao-contra-faccoes-que-agem-em-minas-e-rj\\\/\",\"name\":\"For\u00e7a integrada cumpre mais de 100 mandados de pris\u00e3o contra fac\u00e7\u00f5es que agem em Minas e RJ\",\"isPartOf\":{\"@id\":\"https:\\\/\\\/www.ovigilanteonline.com.br\\\/site\\\/#website\"},\"primaryImageOfPage\":{\"@id\":\"https:\\\/\\\/www.ovigilanteonline.com.br\\\/site\\\/2024\\\/05\\\/16\\\/forca-integrada-cumpre-mais-de-100-mandados-de-prisao-contra-faccoes-que-agem-em-minas-e-rj\\\/#primaryimage\"},\"image\":{\"@id\":\"https:\\\/\\\/www.ovigilanteonline.com.br\\\/site\\\/2024\\\/05\\\/16\\\/forca-integrada-cumpre-mais-de-100-mandados-de-prisao-contra-faccoes-que-agem-em-minas-e-rj\\\/#primaryimage\"},\"thumbnailUrl\":\"https:\\\/\\\/www.ovigilanteonline.com.br\\\/site\\\/wp-content\\\/uploads\\\/2024\\\/05\\\/sdfdsf.jpg\",\"datePublished\":\"2024-05-16T11:27:39+00:00\",\"dateModified\":\"2024-05-22T16:25:33+00:00\",\"author\":{\"@id\":\"https:\\\/\\\/www.ovigilanteonline.com.br\\\/site\\\/#\\\/schema\\\/person\\\/538fdfb33c0c411cd14a732e7cf14aa6\"},\"breadcrumb\":{\"@id\":\"https:\\\/\\\/www.ovigilanteonline.com.br\\\/site\\\/2024\\\/05\\\/16\\\/forca-integrada-cumpre-mais-de-100-mandados-de-prisao-contra-faccoes-que-agem-em-minas-e-rj\\\/#breadcrumb\"},\"inLanguage\":\"pt-BR\",\"potentialAction\":[{\"@type\":\"ReadAction\",\"target\":[\"https:\\\/\\\/www.ovigilanteonline.com.br\\\/site\\\/2024\\\/05\\\/16\\\/forca-integrada-cumpre-mais-de-100-mandados-de-prisao-contra-faccoes-que-agem-em-minas-e-rj\\\/\"]}]},{\"@type\":\"ImageObject\",\"inLanguage\":\"pt-BR\",\"@id\":\"https:\\\/\\\/www.ovigilanteonline.com.br\\\/site\\\/2024\\\/05\\\/16\\\/forca-integrada-cumpre-mais-de-100-mandados-de-prisao-contra-faccoes-que-agem-em-minas-e-rj\\\/#primaryimage\",\"url\":\"https:\\\/\\\/www.ovigilanteonline.com.br\\\/site\\\/wp-content\\\/uploads\\\/2024\\\/05\\\/sdfdsf.jpg\",\"contentUrl\":\"https:\\\/\\\/www.ovigilanteonline.com.br\\\/site\\\/wp-content\\\/uploads\\\/2024\\\/05\\\/sdfdsf.jpg\",\"width\":1021,\"height\":683},{\"@type\":\"BreadcrumbList\",\"@id\":\"https:\\\/\\\/www.ovigilanteonline.com.br\\\/site\\\/2024\\\/05\\\/16\\\/forca-integrada-cumpre-mais-de-100-mandados-de-prisao-contra-faccoes-que-agem-em-minas-e-rj\\\/#breadcrumb\",\"itemListElement\":[{\"@type\":\"ListItem\",\"position\":1,\"name\":\"In\u00edcio\",\"item\":\"https:\\\/\\\/www.ovigilanteonline.com.br\\\/site\\\/\"},{\"@type\":\"ListItem\",\"position\":2,\"name\":\"For\u00e7a integrada cumpre mais de 100 mandados de pris\u00e3o contra fac\u00e7\u00f5es que agem em Minas e RJ\"}]},{\"@type\":\"WebSite\",\"@id\":\"https:\\\/\\\/www.ovigilanteonline.com.br\\\/site\\\/#website\",\"url\":\"https:\\\/\\\/www.ovigilanteonline.com.br\\\/site\\\/\",\"name\":\"O VIGILANTE ONLINE - Not\u00edcias de Leopoldina e regi\u00e3o\",\"description\":\"\",\"potentialAction\":[{\"@type\":\"SearchAction\",\"target\":{\"@type\":\"EntryPoint\",\"urlTemplate\":\"https:\\\/\\\/www.ovigilanteonline.com.br\\\/site\\\/?s={search_term_string}\"},\"query-input\":{\"@type\":\"PropertyValueSpecification\",\"valueRequired\":true,\"valueName\":\"search_term_string\"}}],\"inLanguage\":\"pt-BR\"},{\"@type\":\"Person\",\"@id\":\"https:\\\/\\\/www.ovigilanteonline.com.br\\\/site\\\/#\\\/schema\\\/person\\\/538fdfb33c0c411cd14a732e7cf14aa6\",\"name\":\"Jornalismo\"}]}<\/script>\n<!-- \/ Yoast SEO plugin. -->","yoast_head_json":{"title":"For\u00e7a integrada cumpre mais de 100 mandados de pris\u00e3o contra fac\u00e7\u00f5es que agem em Minas e RJ","robots":{"index":"index","follow":"follow","max-snippet":"max-snippet:-1","max-image-preview":"max-image-preview:large","max-video-preview":"max-video-preview:-1"},"canonical":"https:\/\/www.ovigilanteonline.com.br\/site\/2024\/05\/16\/forca-integrada-cumpre-mais-de-100-mandados-de-prisao-contra-faccoes-que-agem-em-minas-e-rj\/","og_locale":"pt_BR","og_type":"article","og_title":"For\u00e7a integrada cumpre mais de 100 mandados de pris\u00e3o contra fac\u00e7\u00f5es que agem em Minas e RJ","og_description":"Pol\u00edcia Federal, Pol\u00edcia Civil, Pol\u00edcia Militar e Pol\u00edcia Penal tamb\u00e9m cumprem 96 mandados de busca e apreens\u00e3o nas cidades Al\u00e9m Para\u00edba, Volta Grande, Juiz de Fora, Contagem, Itaperuna\/RJ, Carmo\/RJ e Sapucaia\/RJ. A For\u00e7a Integrada de Combate ao Crime Organizado &#8211; FICCO\/MG deflagrou nesta quinta-feira, 16 de maio, as Opera\u00e7\u00f5es Peloponeso I e II para combater [&hellip;]","og_url":"https:\/\/www.ovigilanteonline.com.br\/site\/2024\/05\/16\/forca-integrada-cumpre-mais-de-100-mandados-de-prisao-contra-faccoes-que-agem-em-minas-e-rj\/","og_site_name":"O VIGILANTE ONLINE","article_publisher":"https:\/\/www.facebook.com\/ovigilanteonline","article_published_time":"2024-05-16T11:27:39+00:00","article_modified_time":"2024-05-22T16:25:33+00:00","og_image":[{"width":1021,"height":683,"url":"https:\/\/www.ovigilanteonline.com.br\/site\/wp-content\/uploads\/2024\/05\/sdfdsf.jpg","type":"image\/jpeg"}],"author":"Jornalismo","twitter_card":"summary_large_image","twitter_misc":{"Escrito por":"Jornalismo","Est. tempo de leitura":"3 minutos"},"schema":{"@context":"https:\/\/schema.org","@graph":[{"@type":"Article","@id":"https:\/\/www.ovigilanteonline.com.br\/site\/2024\/05\/16\/forca-integrada-cumpre-mais-de-100-mandados-de-prisao-contra-faccoes-que-agem-em-minas-e-rj\/#article","isPartOf":{"@id":"https:\/\/www.ovigilanteonline.com.br\/site\/2024\/05\/16\/forca-integrada-cumpre-mais-de-100-mandados-de-prisao-contra-faccoes-que-agem-em-minas-e-rj\/"},"author":{"name":"Jornalismo","@id":"https:\/\/www.ovigilanteonline.com.br\/site\/#\/schema\/person\/538fdfb33c0c411cd14a732e7cf14aa6"},"headline":"For\u00e7a integrada cumpre mais de 100 mandados de pris\u00e3o contra fac\u00e7\u00f5es que agem em Minas e RJ","datePublished":"2024-05-16T11:27:39+00:00","dateModified":"2024-05-22T16:25:33+00:00","mainEntityOfPage":{"@id":"https:\/\/www.ovigilanteonline.com.br\/site\/2024\/05\/16\/forca-integrada-cumpre-mais-de-100-mandados-de-prisao-contra-faccoes-que-agem-em-minas-e-rj\/"},"wordCount":353,"commentCount":0,"image":{"@id":"https:\/\/www.ovigilanteonline.com.br\/site\/2024\/05\/16\/forca-integrada-cumpre-mais-de-100-mandados-de-prisao-contra-faccoes-que-agem-em-minas-e-rj\/#primaryimage"},"thumbnailUrl":"https:\/\/www.ovigilanteonline.com.br\/site\/wp-content\/uploads\/2024\/05\/sdfdsf.jpg","articleSection":["Geral","Giro Vigilante","Pol\u00edcia","\u00daltimas Not\u00edcias"],"inLanguage":"pt-BR","potentialAction":[{"@type":"CommentAction","name":"Comment","target":["https:\/\/www.ovigilanteonline.com.br\/site\/2024\/05\/16\/forca-integrada-cumpre-mais-de-100-mandados-de-prisao-contra-faccoes-que-agem-em-minas-e-rj\/#respond"]}]},{"@type":"WebPage","@id":"https:\/\/www.ovigilanteonline.com.br\/site\/2024\/05\/16\/forca-integrada-cumpre-mais-de-100-mandados-de-prisao-contra-faccoes-que-agem-em-minas-e-rj\/","url":"https:\/\/www.ovigilanteonline.com.br\/site\/2024\/05\/16\/forca-integrada-cumpre-mais-de-100-mandados-de-prisao-contra-faccoes-que-agem-em-minas-e-rj\/","name":"For\u00e7a integrada cumpre mais de 100 mandados de pris\u00e3o contra fac\u00e7\u00f5es que agem em Minas e RJ","isPartOf":{"@id":"https:\/\/www.ovigilanteonline.com.br\/site\/#website"},"primaryImageOfPage":{"@id":"https:\/\/www.ovigilanteonline.com.br\/site\/2024\/05\/16\/forca-integrada-cumpre-mais-de-100-mandados-de-prisao-contra-faccoes-que-agem-em-minas-e-rj\/#primaryimage"},"image":{"@id":"https:\/\/www.ovigilanteonline.com.br\/site\/2024\/05\/16\/forca-integrada-cumpre-mais-de-100-mandados-de-prisao-contra-faccoes-que-agem-em-minas-e-rj\/#primaryimage"},"thumbnailUrl":"https:\/\/www.ovigilanteonline.com.br\/site\/wp-content\/uploads\/2024\/05\/sdfdsf.jpg","datePublished":"2024-05-16T11:27:39+00:00","dateModified":"2024-05-22T16:25:33+00:00","author":{"@id":"https:\/\/www.ovigilanteonline.com.br\/site\/#\/schema\/person\/538fdfb33c0c411cd14a732e7cf14aa6"},"breadcrumb":{"@id":"https:\/\/www.ovigilanteonline.com.br\/site\/2024\/05\/16\/forca-integrada-cumpre-mais-de-100-mandados-de-prisao-contra-faccoes-que-agem-em-minas-e-rj\/#breadcrumb"},"inLanguage":"pt-BR","potentialAction":[{"@type":"ReadAction","target":["https:\/\/www.ovigilanteonline.com.br\/site\/2024\/05\/16\/forca-integrada-cumpre-mais-de-100-mandados-de-prisao-contra-faccoes-que-agem-em-minas-e-rj\/"]}]},{"@type":"ImageObject","inLanguage":"pt-BR","@id":"https:\/\/www.ovigilanteonline.com.br\/site\/2024\/05\/16\/forca-integrada-cumpre-mais-de-100-mandados-de-prisao-contra-faccoes-que-agem-em-minas-e-rj\/#primaryimage","url":"https:\/\/www.ovigilanteonline.com.br\/site\/wp-content\/uploads\/2024\/05\/sdfdsf.jpg","contentUrl":"https:\/\/www.ovigilanteonline.com.br\/site\/wp-content\/uploads\/2024\/05\/sdfdsf.jpg","width":1021,"height":683},{"@type":"BreadcrumbList","@id":"https:\/\/www.ovigilanteonline.com.br\/site\/2024\/05\/16\/forca-integrada-cumpre-mais-de-100-mandados-de-prisao-contra-faccoes-que-agem-em-minas-e-rj\/#breadcrumb","itemListElement":[{"@type":"ListItem","position":1,"name":"In\u00edcio","item":"https:\/\/www.ovigilanteonline.com.br\/site\/"},{"@type":"ListItem","position":2,"name":"For\u00e7a integrada cumpre mais de 100 mandados de pris\u00e3o contra fac\u00e7\u00f5es que agem em Minas e RJ"}]},{"@type":"WebSite","@id":"https:\/\/www.ovigilanteonline.com.br\/site\/#website","url":"https:\/\/www.ovigilanteonline.com.br\/site\/","name":"O VIGILANTE ONLINE - Not\u00edcias de Leopoldina e regi\u00e3o","description":"","potentialAction":[{"@type":"SearchAction","target":{"@type":"EntryPoint","urlTemplate":"https:\/\/www.ovigilanteonline.com.br\/site\/?s={search_term_string}"},"query-input":{"@type":"PropertyValueSpecification","valueRequired":true,"valueName":"search_term_string"}}],"inLanguage":"pt-BR"},{"@type":"Person","@id":"https:\/\/www.ovigilanteonline.com.br\/site\/#\/schema\/person\/538fdfb33c0c411cd14a732e7cf14aa6","name":"Jornalismo"}]}},"cc_featured_image_caption":{"caption_text":"PF\/Divulga\u00e7\u00e3o","source_text":"","source_url":""},"_links":{"self":[{"href":"https:\/\/www.ovigilanteonline.com.br\/site\/wp-json\/wp\/v2\/posts\/432627","targetHints":{"allow":["GET"]}}],"collection":[{"href":"https:\/\/www.ovigilanteonline.com.br\/site\/wp-json\/wp\/v2\/posts"}],"about":[{"href":"https:\/\/www.ovigilanteonline.com.br\/site\/wp-json\/wp\/v2\/types\/post"}],"author":[{"embeddable":true,"href":"https:\/\/www.ovigilanteonline.com.br\/site\/wp-json\/wp\/v2\/users\/2"}],"replies":[{"embeddable":true,"href":"https:\/\/www.ovigilanteonline.com.br\/site\/wp-json\/wp\/v2\/comments?post=432627"}],"version-history":[{"count":0,"href":"https:\/\/www.ovigilanteonline.com.br\/site\/wp-json\/wp\/v2\/posts\/432627\/revisions"}],"wp:featuredmedia":[{"embeddable":true,"href":"https:\/\/www.ovigilanteonline.com.br\/site\/wp-json\/wp\/v2\/media\/432631"}],"wp:attachment":[{"href":"https:\/\/www.ovigilanteonline.com.br\/site\/wp-json\/wp\/v2\/media?parent=432627"}],"wp:term":[{"taxonomy":"category","embeddable":true,"href":"https:\/\/www.ovigilanteonline.com.br\/site\/wp-json\/wp\/v2\/categories?post=432627"},{"taxonomy":"post_tag","embeddable":true,"href":"https:\/\/www.ovigilanteonline.com.br\/site\/wp-json\/wp\/v2\/tags?post=432627"}],"curies":[{"name":"wp","href":"https:\/\/api.w.org\/{rel}","templated":true}]}}